{"id":20678,"date":"2025-03-24T21:07:53","date_gmt":"2025-03-24T19:07:53","guid":{"rendered":"https:\/\/haberkuzey.com\/index.php\/2025\/03\/24\/tc-cumhurbaskani-erdogan-provokasyonlarla-vatandaslarimizin-huzurunu-bozmaktan-vazgecin\/"},"modified":"2025-03-24T21:07:53","modified_gmt":"2025-03-24T19:07:53","slug":"tc-cumhurbaskani-erdogan-provokasyonlarla-vatandaslarimizin-huzurunu-bozmaktan-vazgecin","status":"publish","type":"post","link":"https:\/\/haberkuzey.com\/index.php\/2025\/03\/24\/tc-cumhurbaskani-erdogan-provokasyonlarla-vatandaslarimizin-huzurunu-bozmaktan-vazgecin\/","title":{"rendered":"TC Cumhurba\u015fkan\u0131 Erdo\u011fan: Provokasyonlarla vatanda\u015flar\u0131m\u0131z\u0131n huzurunu bozmaktan vazge\u00e7in"},"content":{"rendered":"<div>\n<div class=\"mariselle-image-container center\">\n                                            <\/div>\n<p>TC Cumhurba\u015fkan\u0131 Recep Tayyip Erdo\u011fan, \u201cProvokasyonlarla vatanda\u015flar\u0131m\u0131z\u0131n huzurunu bozmaktan vazge\u00e7in. Cesaretiniz varsa yolsuzluklar\u0131n, h\u0131rs\u0131zl\u0131klar\u0131n, al\u0131nan r\u00fc\u015fvetlerin hesab\u0131n\u0131 verin\u201d dedi.<\/p>\n<p>Erdo\u011fan, Cumhurba\u015fkanl\u0131\u011f\u0131 K\u00fclliyesi\u2019nde Kabine Toplant\u0131s\u0131\u2019n\u0131n ard\u0131ndan a\u00e7\u0131klamalarda bulundu.<\/p>\n<p>Kabine Toplant\u0131s\u0131\u2019n\u0131n ard\u0131ndan millete seslenen Erdo\u011fan, vatanda\u015flar\u0131n ramazan ay\u0131n\u0131 ve Kadir Gecesi\u2019ni tebrik etti.<\/p>\n<p>M\u00fcbarek g\u00fcnler h\u00fcrmetine Y\u00fcce Allah\u2019tan, T\u00fcrk milletini, M\u00fcsl\u00fcmanlar\u0131 ve t\u00fcm insanl\u0131\u011f\u0131 rahmeti, ma\u011ffireti, aff\u0131 ve bereketiyle ku\u015fatmas\u0131n\u0131 niyaz eden Erdo\u011fan \u201cBir tarafta Ramazan-\u0131 \u015eerif\u2019e veda edecek olman\u0131n h\u00fczn\u00fcn\u00fc, di\u011fer tarafta bayrama kavu\u015facak olman\u0131n heyecan\u0131n\u0131 ayn\u0131 anda ya\u015f\u0131yoruz. Rabbim bizleri sa\u011fl\u0131k, afiyet ve huzur i\u00e7inde Ramazan Bayram\u0131\u2019na da eri\u015ftirsin.\u201d diye konu\u015ftu.<\/p>\n<p>Erdo\u011fan, Gazze, Filistin ve Yemen ba\u015fta olmak \u00fczere g\u00f6n\u00fcl co\u011frafyas\u0131n\u0131n farkl\u0131 k\u00f6\u015felerinde ya\u015fanan \u00f6l\u00fcmlerin, ac\u0131lar\u0131n, zul\u00fcmlerin, ma\u011fduriyetlerin ve haks\u0131zl\u0131klar\u0131n bir an \u00f6nce sona ermesini temenni etti.<\/p>\n<p>Son kabine toplant\u0131s\u0131ndan bu yana iftar programlar\u0131, yabanc\u0131 kabulleri, telefon g\u00f6r\u00fc\u015fmeleri ve \u00e7e\u015fitli etkinliklerle yine yo\u011fun bir mesaileri oldu\u011funu hat\u0131rlatan Erdo\u011fan, \u015f\u00f6yle devam etti:<\/p>\n<p>\u201c\u0130srail sald\u0131r\u0131lar\u0131 ba\u015flad\u0131\u011f\u0131nda \u00fclkemize getirdi\u011fimiz Gazzeli mazlumlardan, sa\u011fl\u0131k \u00e7al\u0131\u015fanlar\u0131m\u0131za, devlet korumas\u0131 alt\u0131ndaki evlatlar\u0131m\u0131zdan Harbiyeli gen\u00e7lerimize, \u00e7ift\u00e7i karde\u015flerimizden \u00f6nceki d\u00f6nem ve 28. d\u00f6nem milletvekillerimize kadar halk\u0131m\u0131z\u0131n \u00e7ok \u00e7e\u015fitli kesimleriyle muhabbet sofras\u0131nda bir araya geldik, kucakla\u015ft\u0131k, hasbihal edip hasret giderdik. Bug\u00fcn de K\u00fclliyemizde e\u011fitim \u00f6\u011fretim ordumuzun neferlerini a\u011f\u0131rlayacak yar\u0131n ise Kredi Yurtlar Kurumu\u2019ndaki \u00f6\u011frencilerimizle bir arada olaca\u011f\u0131z. Ertesi g\u00fcn i\u015f\u00e7i, emek\u00e7i karde\u015flerimizi milletin evinde misafir edece\u011fiz. Yani son g\u00fcne kadar dayan\u0131\u015fma, payla\u015fma ve karde\u015flik ay\u0131 Ramazan-\u0131 \u015eerif\u2019in manas\u0131na uygun \u015fekilde idrak etmeye \u00e7al\u0131\u015faca\u011f\u0131z.\u201d<\/p>\n<p>Erdo\u011fan, bayram \u00f6ncesinde y\u00fczlerini T\u00fcrkiye\u2019ye d\u00f6nm\u00fc\u015f mazlum ve ma\u011fdurlara el uzatman\u0131n gayretinden olacaklar\u0131n\u0131, d\u00fcnyan\u0131n d\u00f6rt bir yan\u0131nda zulme u\u011frayan b\u00f6lgelere y\u00f6nelik yard\u0131mlar\u0131 hem g\u00f6n\u00fcll\u00fc kurulu\u015flar hem de resmi kurumlar vas\u0131tas\u0131yla art\u0131rd\u0131klar\u0131n\u0131 s\u00f6yledi.<\/p>\n<p>T\u00fcrkiye i\u00e7inde de bir taraftan belediyeler ve parti te\u015fkilatlar\u0131, di\u011fer taraftan sosyal yard\u0131mla\u015fma ve dayan\u0131\u015fma vak\u0131flar\u0131 arac\u0131l\u0131\u011f\u0131yla ihtiya\u00e7 sahiplerinin kap\u0131s\u0131n\u0131 \u00e7ald\u0131klar\u0131n\u0131, hallerini hat\u0131rlar\u0131n\u0131 sorduklar\u0131n\u0131 dile getiren Erdo\u011fan, son 23 y\u0131ld\u0131r oldu\u011fu gibi bug\u00fcn de garibin, yetimin, \u00f6ks\u00fcz\u00fcn, Allah\u2019tan ve devletten ba\u015fka kimsesi olmayanlar\u0131n imdad\u0131na ko\u015ftuklar\u0131n\u0131, onlara kol kanat germeyi azimle s\u00fcrd\u00fcrd\u00fcklerini vurgulad\u0131.<\/p>\n<p><em>\u201cAvrupa\u2019n\u0131n, \u00fclkemize olan ihtiyac\u0131 a\u00e7\u0131k\u00e7a ikrar edilmeye ba\u015fland\u0131\u201d<\/em><br \/>D\u0131\u015f politika ba\u011flam\u0131nda Polonya Ba\u015fbakan\u0131 Donald Tusk\u2019un T\u00fcrkiye\u2019yi ziyaretinin olduk\u00e7a anlaml\u0131 oldu\u011funa dikkati \u00e7eken Erdo\u011fan, Tusk ile Ukrayna-Rusya Sava\u015f\u0131\u2019ndaki son durumun yan\u0131 s\u0131ra Avrupa \u00fclkeleriyle son g\u00fcnlerde yo\u011funla\u015fan diyalo\u011fu da isti\u015fare ettiklerini aktard\u0131.<\/p>\n<p>Cumhurba\u015fkan\u0131 Erdo\u011fan, \u015funlar\u0131 s\u00f6yledi:<\/p>\n<p>\u201cGe\u00e7ti\u011fimiz haftalarda ya\u015fanan hararetli tart\u0131\u015fmalar T\u00fcrkiye\u2019siz bir Avrupa g\u00fcvenli\u011finin m\u00fcmk\u00fcn olmayaca\u011f\u0131n\u0131 g\u00f6stermi\u015ftir. Sadece g\u00fcvenlik boyutuyla de\u011fil, ekonomiden diplomasiye, ticaretten sosyal hayata bir\u00e7ok alanda Avrupa\u2019n\u0131n, \u00fclkemize olan ihtiyac\u0131 a\u00e7\u0131k\u00e7a ikrar edilmeye ba\u015fland\u0131. Avrupal\u0131 dostlar\u0131m\u0131z politikalar\u0131n\u0131 rasyonel bir zeminde belirledik\u00e7e T\u00fcrkiye\u2019yle m\u00fcnasebetlerin \u00f6nemini de idrak ediyorlar. Bunlar\u0131 T\u00fcrkiye-Avrupa Birli\u011fi ili\u015fkilerinin gelece\u011fi a\u00e7\u0131s\u0131ndan \u00fcmit verici geli\u015fmeler olarak okuyoruz. K\u00fcresel \u00f6l\u00e7ekte meydana gelen h\u0131zl\u0131 ve ani de\u011fi\u015fimler daha fazla diyalo\u011fa ve kurumsal i\u015fbirli\u011fine ihtiyac\u0131m\u0131z oldu\u011funu ortaya koyuyor. T\u00fcrkiye ortak \u00e7\u0131karlar ve kar\u015f\u0131l\u0131kl\u0131 sayg\u0131 \u00e7er\u00e7evesinde Avrupa \u00fclkeleri ve Birlikle ili\u015fkilerini ilerletmeye haz\u0131rd\u0131r. Elbette bu T\u00fcrkiye\u2019nin tek ba\u015f\u0131na sergileyece\u011fi bir irade de\u011fildir. Ayn\u0131 iradenin muhataplar\u0131m\u0131zda da mevcut olmas\u0131 esast\u0131r. T\u00fcrkiye\u2019nin y\u0131llard\u0131r istikrarl\u0131 bir \u015fekilde izledi\u011fi stratejik yakla\u015f\u0131m\u0131n Avrupal\u0131 mevkida\u015flar\u0131m\u0131z\u0131n politikalar\u0131na da y\u00f6n verece\u011fine inan\u0131yorum.\u201d<\/p>\n<p>Ukrayna\u2019daki sava\u015fla ilgili son geli\u015fmeleri de dikkatle takip ettiklerini belirten Erdo\u011fan, ilk g\u00fcnden beri T\u00fcrkiye olarak \u00e7ok do\u011fru bir yerde konumland\u0131klar\u0131n\u0131 dile getirdi.<\/p>\n<p>\u201cD\u00fcnyadaki hi\u00e7bir hadiseden haberi olmayan \u00fclkemizdeki muhalefet ba\u015fta olmak \u00fczere kimsenin dolduru\u015funa gelmedik.\u201d ifadelerini kullanan Erdo\u011fan, iki kom\u015funun aras\u0131nda dengeli, hakkaniyetli, her ikisine de g\u00fcven veren bir tutum sergilediklerinin alt\u0131n\u0131 \u00e7izdi.<\/p>\n<p>Bar\u0131\u015f\u0131n kaybedeninin olmayaca\u011f\u0131n\u0131 her platformda vurgulad\u0131klar\u0131n\u0131 hat\u0131rlatan Erdo\u011fan, \u201cBug\u00fcn de ayn\u0131 \u00e7izgimizi koruyoruz. 4. y\u0131l\u0131na giren bu sava\u015f\u0131n daha fazla kan d\u00f6k\u00fclmeden, daha fazla y\u0131k\u0131m olmadan, adil bir bar\u0131\u015fla sona ermesini arzu ediyoruz. Amerika Birle\u015fik Devletleri\u2019nin 30 g\u00fcnl\u00fck ate\u015fkes teklifine Rusya\u2019n\u0131n k\u0131smen de olsa olumlu yakla\u015f\u0131m\u0131n\u0131 bar\u0131\u015fa giden yolda m\u00fctevaz\u0131 fakat k\u0131ymetli bir ad\u0131m olarak g\u00f6r\u00fcyoruz.\u201d \u015feklinde konu\u015ftu.<\/p>\n<p>\u201cABD Ba\u015fkan\u0131 Trump ile bir\u00e7ok \u00f6nemli meseleyi ele ald\u0131k\u201d<br \/>B\u00f6lgenin bir an \u00f6nce istikrars\u0131zl\u0131k ve \u00e7at\u0131\u015fma anaforundan \u00e7\u0131kmas\u0131 i\u00e7in t\u00fcm diplomatik imkanlar\u0131 seferber ettiklerini, bu konudaki d\u00fc\u015f\u00fcncelerini ABD Ba\u015fkan\u0131 Donald Trump ile yapt\u0131klar\u0131 telefon g\u00f6r\u00fc\u015fmesinde de payla\u015ft\u0131klar\u0131n\u0131 aktaran Erdo\u011fan, \u015funlar\u0131 kaydetti:<\/p>\n<p>\u201cOlduk\u00e7a samimi ge\u00e7en g\u00f6r\u00fc\u015fmemizde Say\u0131n Trump\u2019la belirledi\u011fimiz 100 milyar dolarl\u0131k ticaret hedefimizin \u00f6n\u00fcndeki t\u00fcm engellerin kald\u0131r\u0131lmas\u0131 dahil bir\u00e7ok \u00f6nemli meseleyi ele ald\u0131k. Suriye ba\u015fta olmak \u00fczere b\u00f6lgemizdeki g\u00fcncel kritik geli\u015fmeleri detayl\u0131ca de\u011ferlendirdik. Say\u0131n Trump\u2019\u0131n ikinci d\u00f6neminde T\u00fcrk-Amerikan ili\u015fkilerinin farkl\u0131 bir ivme yakalamas\u0131 pekala m\u00fcmk\u00fcnd\u00fcr. B\u00f6lgemizdeki t\u00fcm zorluklara ra\u011fmen \u00f6zellikle iki m\u00fcttefik \u00fclkenin i\u015fbirli\u011fini zehirlemeye \u00e7al\u0131\u015fan lobilere ra\u011fmen, t\u00fcm co\u011frafyam\u0131z\u0131n selameti i\u00e7in bunu ba\u015faraca\u011f\u0131m\u0131za, ba\u015farmam\u0131z gerekti\u011fine inan\u0131yorum.\u201d<\/p>\n<p>\u201c\u00c7anakkale ruhu, bizi birbirimize ba\u011flayan y\u00fcksek bir \u015fuurdur\u201d<br \/>Cumhurba\u015fkan\u0131 Erdo\u011fan, her y\u0131l oldu\u011fu gibi bu sene de 18 Mart\u2019ta \u00c7anakkale Deniz Zaferi\u2019nin y\u0131l d\u00f6n\u00fcm\u00fcn\u00fc millet\u00e7e gururla kutlad\u0131klar\u0131n\u0131, \u00c7anakkale Zaferi\u2019nin 110. seneidevriyesinde canlar\u0131 pahas\u0131na \u201c\u00c7anakkale\u2019yi Ge\u00e7ilmez\u201d k\u0131lan \u00f6l\u00fcms\u00fcz kahramanlar\u0131 bir kez daha rahmetle, \u015f\u00fckranla, kemal-i h\u00fcrmetle yad ettiklerini s\u00f6yledi.<\/p>\n<p>Suriye\u2019den Gazze\u2019ye, Halep\u2019ten Tebriz\u2019e, Musul\u2019dan Kud\u00fcs\u2019e kadar g\u00f6n\u00fcl co\u011frafyas\u0131n\u0131n d\u00f6rt bir yan\u0131ndan \u015fehitlerin \u00c7anakkale\u2019de koyun koyuna yatt\u0131\u011f\u0131n\u0131 hat\u0131rlatan Erdo\u011fan, \u00c7anakkale ruhunun bu dayan\u0131\u015fman\u0131n, bu kader ortakl\u0131\u011f\u0131n\u0131n v\u00fccut bulmu\u015f hali oldu\u011funu dile getirdi.<\/p>\n<p>\u201c\u00c7anakkale ruhu, hem millet olarak hem de karde\u015flerimizle bizi birbirimize ba\u011flayan y\u00fcksek bir \u015fuurdur.\u201d diyen Erdo\u011fan, bu ruhu ya\u015fatmaya, y\u00fcceltmeye devam edeceklerini belirtti.<\/p>\n<p>\u201cNevruz\u2019un resmi bayram olarak kutlanmas\u0131n\u0131 arzu ediyoruz\u201d<br \/>Ge\u00e7en hafta bahar\u0131n m\u00fcjdecisi olan bolluk ve bereketin bayram\u0131 Nevruz\u2019u da b\u00fcy\u00fck bir co\u015fkuyla kutlad\u0131klar\u0131n\u0131 an\u0131msatan Erdo\u011fan, \u015fu ifadeleri kulland\u0131:<\/p>\n<p>\u201c21 Mart\u2019ta ve takip eden g\u00fcnlerde birka\u00e7 menfi foto\u011fraf d\u0131\u015f\u0131nda, milletimizi \u00fczen, tedirgin ve rencide eden naho\u015f olaylar ya\u015fanmad\u0131. Genel itibar\u0131yla \u00f6zellikle ge\u00e7mi\u015f y\u0131llara k\u0131yasla daha huzurlu Nevruz ge\u00e7irdik. Biz de \u0130stanbul\u2019da partimiz taraf\u0131ndan d\u00fczenlenen programla milletimizin, co\u011frafyam\u0131z\u0131n ve T\u00fcrk d\u00fcnyas\u0131n\u0131n Nevruz heyecan\u0131na ortak olduk. Nevruz\u2019un milletimizin karde\u015fli\u011finin simgesi olarak resmi bayram olarak kutlanmas\u0131n\u0131 arzu ediyoruz. Yine Nevruz Bayram\u0131\u2019n\u0131n T\u00fcrk d\u00fcnyas\u0131n\u0131n ortak anma ve kutlama g\u00fcn\u00fc olarak kabul\u00fcn\u00fc \u00f6n\u00fcm\u00fczdeki zirvede teklif edece\u011fiz. Burada \u015funu da s\u00f6ylemeden ge\u00e7emeyece\u011fim; Nevruz etkinliklerinden yans\u0131yan baz\u0131 g\u00f6r\u00fcnt\u00fcleri tabii ki biz de tasvip etmiyoruz ama buna ra\u011fmen bu y\u0131lki kutlamalar\u0131n olays\u0131z, gerilimsiz, \u015fiddetsiz bir \u015fekilde ger\u00e7ekle\u015ftirilmesini milletimizin birli\u011fi ve dirli\u011fi ad\u0131na \u00e7ok anlaml\u0131 buluyoruz.\u201d<\/p>\n<p>Bir polisin \u00fccretini kendi cebinden \u00f6deyerek engelli bir vatanda\u015ftan sat\u0131n ald\u0131\u011f\u0131 pamuk \u015fekeri \u00e7ocuklara vermesinin ana muhalefet akt\u00f6rleri taraf\u0131ndan ele\u015ftiri konusu yap\u0131ld\u0131\u011f\u0131n\u0131 belirten Erdo\u011fan, \u201cEmniyet g\u00fc\u00e7lerimize baltayla, havai fi\u015fekle, yan\u0131c\u0131 asitle, molotofla, ta\u015fla, sopayla sald\u0131ran sokak ter\u00f6ristlerine kucak a\u00e7anlar, polisimizin \u00e7ocuklara pamuk \u015feker ikram etmesini dillerine doluyorlar. D\u00fcne kadar \u015fehir \u015fehir oy dilenen kendileri de\u011filmi\u015f gibi \u015fimdi \u00e7\u0131k\u0131p utanmadan pamuk \u015feker \u00fczerinden hamaset yap\u0131yorlar.\u201d ifadelerini kulland\u0131.<\/p>\n<p>Cumhurba\u015fkan\u0131 Erdo\u011fan, \u015f\u00f6yle devam etti:<\/p>\n<p>\u201c\u00d6yle bir \u00e7arp\u0131k zihin d\u00fcnyas\u0131na sahipler ki polise ta\u015f at\u0131lmas\u0131yla, molotof at\u0131lmas\u0131yla, asit at\u0131lmas\u0131yla, baltayla sald\u0131r\u0131lmas\u0131yla bir sorunlar\u0131 yok. Esnaf\u0131n d\u00fckkan\u0131n\u0131n cam\u0131n\u0131n, \u00e7er\u00e7evesinin indirilmesiyle bir dertleri yok. Milletin mal\u0131n\u0131n, m\u00fclk\u00fcn\u00fcn ya\u011fmalanmas\u0131yla bir s\u0131k\u0131nt\u0131lar\u0131 yok. Tarihi camilerimizin avlusunun affedersiniz meyhaneye \u00e7evrilmesi ile de hi\u00e7bir problemleri yok. Ama Nevruz Bayram\u0131\u2019nda polisimizin \u00e7ocuklara pamuk \u015fekeri da\u011f\u0131tmas\u0131 bunlar\u0131 rahats\u0131z ediyor. Bu tutars\u0131zl\u0131\u011f\u0131n, bu b\u00fcy\u00fck \u00e7eli\u015fkinin milletimiz taraf\u0131ndan, \u00f6zellikle K\u00fcrt karde\u015flerimiz taraf\u0131ndan da not edildi\u011fi kanaatindeyim. Bu fa\u015fizan dil millet kar\u015f\u0131s\u0131nda zaman kaybetmi\u015ftir, bundan sonra da kaybetmeye mahkumdur. Ter\u00f6rs\u00fcz T\u00fcrkiye hedefine yakla\u015ft\u0131k\u00e7a istismar malzemeleri ellerinden al\u0131nanlar\u0131n bu t\u00fcr hezeyanlar\u0131na anla\u015f\u0131lan daha \u00e7ok \u015fahit olaca\u011f\u0131z. Onlar ne yaparsa yaps\u0131n, biz milletimizi 40 y\u0131ld\u0131r kan\u0131n\u0131 ve kaynaklar\u0131n\u0131 emen ter\u00f6r musibetinden kurtarmakta kararl\u0131y\u0131z.\u201d<\/p>\n<p>\u201cNevruz Bayram\u0131\u2019n\u0131n sevgi, karde\u015flik ba\u011flar\u0131n\u0131 g\u00fc\u00e7lendirmesini temenni ediyorum\u201d<br \/>Cumhurba\u015fkan\u0131 Erdo\u011fan, T\u00fcrk, K\u00fcrt, Arap, S\u00fcnni, Alevi, \u00c7erkez ve Laz olmak \u00fczere 85 milyonun emanetini ta\u015f\u0131d\u0131klar\u0131n\u0131 s\u00f6yledi.<\/p>\n<p>D\u00fcnyan\u0131n en b\u00fcy\u00fck, en g\u00fc\u00e7l\u00fc y\u0131ld\u0131z\u0131, en \u00e7ok parlayan \u00fclkelerinden T\u00fcrkiye\u2019yi y\u00f6nettiklerini, 23 y\u0131ld\u0131r oldu\u011fu gibi kutupla\u015fma yerine kucakla\u015fmay\u0131, kavga yerine dayan\u0131\u015fmay\u0131, nefret siyaseti yerine sevgi siyasetini savunduklar\u0131n\u0131 belirten Erdo\u011fan, ne pahas\u0131na olursa olsun muhabbetin, bar\u0131\u015f\u0131n ve karde\u015fli\u011fin evrensel dilini y\u00fckseltmekten geri durmayacaklar\u0131n\u0131 vurgulad\u0131.<\/p>\n<p>Erdo\u011fan, \u201cNifak ve nefret sa\u00e7anlara ald\u0131rmadan, bolluk ve bereketi ile bahar\u0131n geli\u015fini simgeleyen Nevruz\u2019u 85 milyon olarak birbirimize yeni bir umutla sar\u0131lma vesilesi haline d\u00f6n\u00fc\u015ft\u00fcrmeye gelecekte de devam edece\u011fiz. Aziz milletim ba\u015fta olmak \u00fczere, g\u00f6n\u00fcl ve k\u00fclt\u00fcr co\u011frafyam\u0131zdaki t\u00fcm karde\u015flerimizin Nevruz Bayram\u0131\u2019n\u0131 bir kez daha tebrik ediyor, aram\u0131zdaki sevgi ve karde\u015flik ba\u011flar\u0131n\u0131 g\u00fc\u00e7lendirmesini y\u00fcrekten temenni ediyorum.\u201d de\u011ferlendirmesinde bulundu.<\/p>\n<p><strong>\u201cCHP\u2019nin demokrasi anlay\u0131\u015f\u0131n\u0131n a\u00e7\u0131k oy, gizli say\u0131m komedisinin bir ad\u0131m \u00f6tesine ge\u00e7emedi\u011fi tekrar ispatlanm\u0131\u015ft\u0131r\u201d<\/strong><br \/>Cumhurba\u015fkan\u0131 Erdo\u011fan, \u0130stanbul merkezli bir yolsuzluk operasyonunun ard\u0131ndan ana muhalefet partisi genel ba\u015fkan\u0131n\u0131n yapt\u0131\u011f\u0131 sokak \u00e7a\u011fr\u0131s\u0131 sonras\u0131 ortaya \u00e7\u0131kan ve k\u0131sa s\u00fcrede \u015fiddet hareketine d\u00f6n\u00fc\u015fen olaylar\u0131 millet\u00e7e ibretle takip ettiklerini belirtti.<\/p>\n<p>Marjinal \u00f6rg\u00fctlerin ve \u015fehir e\u015fkiyalar\u0131n\u0131n sald\u0131r\u0131lar\u0131 sebebiyle 5 g\u00fcnde 123 g\u00fcvenlik g\u00f6revlisinin yaraland\u0131\u011f\u0131n\u0131 aktaran Erdo\u011fan, yaralananlara ge\u00e7mi\u015f olsun dileklerini iletti, g\u00f6revlerini sab\u0131r ve so\u011fukkanl\u0131l\u0131kla yerine getiren g\u00fcvenlik kuvvetlerine te\u015fekk\u00fcr etti.<\/p>\n<p>Cumhurba\u015fkan\u0131 Erdo\u011fan, \u201cGenel Ba\u015fkan dahil ana muhalefet partisi y\u00f6neticileri, maalesef \u00e7ok b\u00fcy\u00fck bir \u015fuursuzluk \u00f6rne\u011fi sergilemi\u015ftir. Yolsuzluk, soygun, irtikap, iltimas, r\u00fc\u015fvet iddialar\u0131na cevap vermek yerine 5 g\u00fcn boyunca siyasi tarihimizin en basiretsiz, seviyesiz, ahlak ve hukuk yoksunu a\u00e7\u0131klamalar\u0131na imza atm\u0131\u015flard\u0131r. Vandallar\u0131n sald\u0131r\u0131lar\u0131nda yaralanan polislerimizin, cam\u0131 \u00e7er\u00e7evesi k\u0131r\u0131lan esnaf\u0131m\u0131z\u0131n, zarar verilen milyarlarca liral\u0131k kamu mal\u0131n\u0131n tek sorumlusu sokak \u00e7a\u011fr\u0131s\u0131 yapan ana muhalefet partisi lideri ve \u015f\u00fcrekas\u0131d\u0131r.\u201d dedi.<\/p>\n<p>Bu olaylar\u0131n siyasi hesab\u0131n\u0131n TBMM\u2019de, hukuki hesab\u0131n\u0131n ise yarg\u0131 \u00f6n\u00fcnde sorulaca\u011f\u0131n\u0131 bildiren Erdo\u011fan, konu\u015fmas\u0131na \u015f\u00f6yle devam etti:<\/p>\n<p>\u201cSon 5 g\u00fcnd\u00fcr tan\u0131k olduklar\u0131m\u0131z bize \u015fu ger\u00e7e\u011fi bir kez daha g\u00f6stermi\u015ftir; T\u00fcrkiye gibi b\u00fcy\u00fck bir \u00fclkenin basiret, vizyon ve kalite a\u00e7\u0131s\u0131ndan \u00e7ok k\u00fc\u00e7\u00fck, \u00e7ok iptidai, \u00e7ok \u00e7aps\u0131z bir ana muhalefet partisi vard\u0131r. Bunlara b\u0131rak\u0131n devleti, b\u0131rak\u0131n yerel y\u00f6netimleri, bir belediye b\u00fcfesi bile teslim edilmeyece\u011fi tekrar ortaya \u00e7\u0131km\u0131\u015ft\u0131r. \u0130SK\u0130 skandal\u0131ndan tam 32 y\u0131l sonra, tek parti fa\u015fizminden 80 y\u0131l sonra bu millete yeniden bir dejavu ya\u015fatt\u0131lar. Tek parti d\u00f6neminde sand\u0131\u011f\u0131n neye hizmet etti\u011fini, g\u00fcya se\u00e7im denilerek y\u0131llarca nas\u0131l bir tiyatro oynand\u0131\u011f\u0131n\u0131 d\u00fcn bizzat g\u00f6rm\u00fc\u015f olduk. CHP\u2019nin demokrasi anlay\u0131\u015f\u0131n\u0131n a\u00e7\u0131k oy, say\u0131m, gizli say\u0131m komedisinin bir ad\u0131m \u00f6tesine ge\u00e7emedi\u011fi tekrar ispatlanm\u0131\u015ft\u0131r. Aradan ge\u00e7en 80 y\u0131la ra\u011fmen zerre kadar de\u011fi\u015fmediklerini 85 milyona tekrar hat\u0131rlatan CHP\u2019nin, kendi \u00e7al\u0131p kendi oynad\u0131\u011f\u0131 oyunu tebess\u00fcmle izlemeye devam edece\u011fiz. Parti i\u00e7i iktidar m\u00fccadelelerini milletin meselesi haline getirmelerine de arac\u0131l\u0131k yapmayaca\u011f\u0131z.\u201d<\/p>\n<p>\u201cMilletin sinir u\u00e7lar\u0131 ile daha fazla oynamay\u0131n\u201d<br \/>Cumhurba\u015fkan\u0131 Erdo\u011fan, daha \u00f6nce birka\u00e7 kez yapt\u0131\u011f\u0131 \u00e7a\u011fr\u0131y\u0131 bug\u00fcn tekrarlad\u0131\u011f\u0131n\u0131 belirterek, \u015funlar\u0131 kaydetti:<\/p>\n<p>\u201cProvokasyonlarla vatanda\u015flar\u0131m\u0131z\u0131n huzurunu bozmaktan art\u0131k vazge\u00e7in. Cesaretiniz varsa yolsuzluklar\u0131n, h\u0131rs\u0131zl\u0131klar\u0131n, al\u0131nan r\u00fc\u015fvetlerin, yap\u0131lan usuls\u00fczl\u00fcklerin hesab\u0131n\u0131 verin. \u015eayet y\u00fcr\u00fct\u00fclen soru\u015fturmadaki iddialara, tutuklanan ki\u015filere her \u015feyiyle kefilseniz \u00e7\u0131k\u0131p bunu adam gibi a\u00e7\u0131k\u00e7a s\u00f6yleyin. Buna niyetiniz yoksa bo\u015funa milleti germeyin. Milletin sinir u\u00e7lar\u0131 ile daha fazla oynamay\u0131n. Sadece slogan\u0131n\u0131 de\u011fil zihniyetini de ald\u0131\u011f\u0131n\u0131z, banka soyguncusu marjinal sol \u00f6rg\u00fctleri polisimizin \u00fczerine salmay\u0131n.<\/p>\n<p>Sizler de 5 g\u00fcnd\u00fcr g\u00f6r\u00fcyorsunuz. \u00d6yle y\u00fcksek sesle ba\u011f\u0131r\u0131yorlar ki asl\u0131nda yapt\u0131klar\u0131 i\u015fe, s\u00f6yledikleri s\u00f6ze, sergiledikleri tavra kendilerinin de inanmad\u0131\u011f\u0131n\u0131 hal diliyle ikrar ediyorlar. Do\u011fru veya yanl\u0131\u015f hi\u00e7 fark etmez, s\u00f6z\u00fcne ve eylemine inanan insanlar\u0131n duru\u015funun en k\u00fc\u00e7\u00fck bir emaresi bile bunlarda mevcut de\u011fil. Biz bu riyakarl\u0131\u011fa, FET\u00d6 ba\u015fta olmak \u00fczere, \u00fclkemizin ba\u015f\u0131na musallat edilen \u00f6rg\u00fctlerden, y\u0131llarca g\u00f6z\u00fcm\u00fcz\u00fcn i\u00e7ine bakarak yalan s\u00f6yleyen uluslararas\u0131 akt\u00f6rlerden a\u015finay\u0131z. \u0130nanmadan oynanan her oyun gibi bunlar\u0131n \u015fovu da perde kapan\u0131nca bitecektir. \u0130\u015fte o zaman geriye d\u00f6n\u00fcp bakt\u0131klar\u0131nda, \u015fayet zerre kadar sayg\u0131lar\u0131 kald\u0131ysa, \u00fclkeye ve millete yapt\u0131klar\u0131 k\u00f6t\u00fcl\u00fcklerden dolay\u0131 inan\u0131yorum ki utan\u00e7 duyacaklard\u0131r. Ger\u00e7i bug\u00fcne kadar b\u00f6yle onurlu bir davran\u0131\u015flar\u0131na hi\u00e7 \u015fahit olmad\u0131k. Ama \u00fclkenin gelece\u011fi ve selameti ad\u0131na \u00fcmidimizi de yitirmek istemiyoruz.\u201d<\/p>\n<p>T\u00fcrkiye\u2019nin kaybedecek tek bir dakikas\u0131n\u0131n bile olmad\u0131\u011f\u0131n\u0131 vurgulayan Erdo\u011fan, \u201cBizim bu siyaset t\u00fcccarlar\u0131n\u0131n kavgalar\u0131yla ayak oyunlar\u0131yla h\u0131rslar\u0131yla ihtiraslar\u0131yla oyalanacak vaktimiz de yok. Ana muhalefet partisi kadrolar\u0131, eski genel ba\u015fkanlar\u0131n\u0131n o veciz ifadesiyle en iyi yapt\u0131klar\u0131 i\u015f olan birbirlerini yemeye devam edebilir. Biz sadece i\u015fimize bak\u0131yoruz, milletimize hizmete odaklan\u0131yoruz. Biz ekonomisiyle, g\u00fcvenli\u011fiyle, savunmas\u0131yla, demokrasiyle, adaletiyle g\u00fc\u00e7l\u00fc bir T\u00fcrkiye in\u015fa etmeye odaklan\u0131yoruz. \u0130n\u015fallah daha \u00e7ok \u00e7al\u0131\u015facak daha \u00e7ok \u00fcretecek sadece bug\u00fcn\u00fcn meselelerini \u00e7\u00f6zmekle kalmay\u0131p, T\u00fcrkiye\u2019yi yar\u0131n\u0131n d\u00fcnyas\u0131na \u00e7ok g\u00fc\u00e7l\u00fc bi\u00e7imde haz\u0131rlayaca\u011f\u0131z.\u201d diye konu\u015ftu.<\/p>\n<p>CHP\u2019nin yolsuzluk operasyonuna verdi\u011fi hukuku hi\u00e7e sayan tepkinin, di\u011fer alanlarla birlikte ekonomide de temelsiz ve suni bir dalgalanmaya sebep oldu\u011funu bildiren Erdo\u011fan, sergilenen ill\u00fczyonun k\u0131sa bir s\u00fcre sonra ortadan kalkt\u0131\u011f\u0131nda ya\u015fananlar\u0131n anlams\u0131zl\u0131\u011f\u0131n\u0131n daha iyi anla\u015f\u0131laca\u011f\u0131n\u0131 s\u00f6yledi.<\/p>\n<p>\u201c\u0130ki y\u0131ld\u0131r uygulad\u0131\u011f\u0131m\u0131z yeni ekonomik program\u0131m\u0131z sayesinde elde etti\u011fimiz kazan\u0131mlara halel gelmesine asla izin vermeyece\u011fiz.\u201d ifadelerini kullanan Erdo\u011fan, \u015funlar\u0131 s\u00f6yledi:<\/p>\n<p>\u201cBu program ile birlikte tarihi seviyelerde d\u00fc\u015f\u00fck cari a\u00e7\u0131k ve i\u015fsizlik oranlar\u0131na ula\u015ft\u0131k. Mali disiplini g\u00fc\u00e7lendirdik ve enflasyonu kontrol alt\u0131na ald\u0131k. Merkez Bankam\u0131z\u0131n rezervlerini g\u00fc\u00e7lendirip ekonomimizin \u015foklara kar\u015f\u0131 direncini \u00f6nemli \u00f6l\u00e7\u00fcde art\u0131rd\u0131k. Ayr\u0131ca 6 \u015eubat depremlerinin yaralar\u0131n\u0131 s\u00fcratle sarmaya ba\u015flad\u0131k. Bu ba\u015far\u0131lar\u0131n hepsini de b\u00fcy\u00fck bir emek, sab\u0131r ve kararl\u0131l\u0131kla elde ettik.\u201d<\/p>\n<p><em>\u201cSon piyasa dalgalanmas\u0131n\u0131 da ba\u015far\u0131yla y\u00f6nettik\u201d<\/em><br \/>\u201cEkonomi program\u0131n\u0131 uygulamay\u0131 ayn\u0131 azim ve kararl\u0131l\u0131kla s\u00fcrd\u00fcreceklerini\u201d belirten Erdo\u011fan, \u015f\u00f6yle devam etti:<\/p>\n<p>\u201cB\u00f6yle d\u00f6nemlerde ana \u00f6nceli\u011fimiz makro finansal istikrar\u0131 korumakt\u0131r. Hazine ve Maliye Bakanl\u0131\u011f\u0131m\u0131z, Merkez Bankam\u0131z ve ilgili t\u00fcm kurumlar\u0131m\u0131z sa\u011flam bir ekip ruhuyla bizim de g\u00fc\u00e7l\u00fc deste\u011fimizle gece g\u00fcnd\u00fcz demeden tam bir koordinasyon i\u00e7inde \u00e7al\u0131\u015f\u0131yor. Bug\u00fcne kadar gereken her ad\u0131m\u0131 vakit kaybetmeden att\u0131k, at\u0131yoruz. Bundan sonra da proaktif ve esnek bir yakla\u015f\u0131mla ihtiya\u00e7 duyulan t\u00fcm tedbirler al\u0131nacakt\u0131r. Kurumlar\u0131m\u0131z piyasalar\u0131n sa\u011fl\u0131kl\u0131 i\u015fleyi\u015fini sa\u011flamak i\u00e7in hem yetkiye hem de iradeye sahiptir. Elimizdeki ara\u00e7lar\u0131 etkin bi\u00e7imde kullanarak son piyasa dalgalanmas\u0131n\u0131 da ba\u015far\u0131yla y\u00f6nettik. Etkilerini s\u0131n\u0131rl\u0131 ve ge\u00e7ici hale getirdik. \u00d6n\u00fcm\u00fczdeki d\u00f6nemde de ekonomi program\u0131m\u0131za h\u0131z kesmeden, taviz vermeden kald\u0131\u011f\u0131m\u0131z yerden devam edece\u011fiz.\u201d<\/p>\n<p>\u015eahsi menfaatleri i\u00e7in g\u00f6zlerini k\u0131rpmadan \u00fclkeyi ate\u015fe atmak isteyenlerin h\u0131rslar\u0131na teslim olmayacaklar\u0131n\u0131 vurgulayan Erdo\u011fan, \u201c\u015eunun alt\u0131n\u0131 \u00e7izerek tekrar ifade etmek isterim. T\u00fcrkiye bug\u00fcnlere s\u0131nana s\u0131nana gelmi\u015ftir. Son 23 y\u0131lda nice badireyi atlatt\u0131k, nice sald\u0131r\u0131y\u0131 p\u00fcsk\u00fcrtt\u00fck, nice ihaneti g\u00f6\u011f\u00fcsledik, nice manip\u00fclasyonu \u00f6nledik, nice pusudan yara almadan \u00e7\u0131kt\u0131k. Aziz milletimizin hakk\u0131n\u0131, hukukunu, onurunu koruma konusunda en k\u00fc\u00e7\u00fck bir geri ad\u0131m atmad\u0131k.\u201d diye konu\u015ftu.<\/p>\n<p><em>\u201c\u0130\u00e7eride ve d\u0131\u015far\u0131da herkes, T\u00fcrkiye\u2019nin hedeflerinden kopan bir \u00fclke olmad\u0131\u011f\u0131n\u0131 g\u00f6rm\u00fc\u015ft\u00fcr\u201d<\/em><br \/>Cumhurba\u015fkan\u0131 Erdo\u011fan, \u201c\u00dclkemizde \u00e7\u0131kard\u0131klar\u0131 her kaosu, ekonomimizi baltalayarak ta\u00e7land\u0131rmaya \u00e7al\u0131\u015fanlar\u0131n oyunlar\u0131 bir kez daha bozulmu\u015ftur.\u201d dedi.<\/p>\n<p>Erdo\u011fan, \u201c\u0130\u00e7eride ve d\u0131\u015far\u0131da herkes art\u0131k T\u00fcrkiye\u2019nin eskisi gibi 3-5 \u00e7\u0131\u011f\u0131rtkan\u0131n ba\u011f\u0131rmas\u0131yla, 3-5 vandal\u0131n ortal\u0131\u011f\u0131 kar\u0131\u015ft\u0131rmas\u0131yla sars\u0131lan, rotas\u0131ndan sapan, hedeflerinden kopan bir \u00fclke olmad\u0131\u011f\u0131n\u0131 bir kez daha g\u00f6rm\u00fc\u015ft\u00fcr. Milletimizin bize g\u00fcvenmeye devam etmesini bekliyorum. Unutmay\u0131n\u0131z, b\u00fct\u00fcn bunlar T\u00fcrkiye Y\u00fczy\u0131l\u0131 vizyonuyla gelece\u011fine yeni bir \u0131\u015f\u0131k tutan \u201cTer\u00f6rs\u00fcz T\u00fcrkiye\u201d hedefi ile 40 y\u0131ll\u0131k meselesini geride b\u0131rakmaya haz\u0131rlanan g\u00fc\u00e7l\u00fc altyap\u0131s\u0131yla d\u00fcnyan\u0131n \u00fcretim \u00fcslerinden biri haline gelen, sa\u011flam g\u00fcvenlik paradigmas\u0131yla b\u00f6lgesinin umudu haline d\u00f6n\u00fc\u015fen velhas\u0131l her alanda k\u00fcresel iddia ve itibar sahibi T\u00fcrkiye ger\u00e7e\u011finin sonucu ve ifadesidir.\u201d \u015feklinde konu\u015ftu.<\/p>\n<p>Art\u0131k 23\u2019\u00fcnc\u00fc y\u0131l\u0131na giren iktidarlar\u0131nda her g\u00fcn\u00fcn\u00fc eserle, hizmetle, yat\u0131r\u0131mla, m\u00fccadeleyle dolu dolu ge\u00e7irdiklerinin alt\u0131n\u0131 \u00e7izen Erdo\u011fan, konu\u015fmas\u0131n\u0131 \u015fu s\u00f6zlerle tamamlad\u0131:<\/p>\n<p>\u201cT\u00fcrkiye\u2019yi demokrasi ve altyap\u0131s\u0131yla Cumhuriyetimizin yeni asr\u0131na haz\u0131rlama \u015ferefi bize nasip oldu. Dikkat ederseniz bug\u00fcn de \u00fclkemizde milletimizin ger\u00e7ek g\u00fcndemini, milletimizin hakiki sorunlar\u0131n\u0131, insan\u0131m\u0131z\u0131n samimi beklentilerini kendine dert edinen, \u00e7\u00f6z\u00fcm\u00fc i\u00e7in program geli\u015ftiren tek kadro biziz.<\/p>\n<p>Milletimizin bunca y\u0131ld\u0131r bize verdi\u011fi destek kara ka\u015f\u0131m\u0131za, kara g\u00f6z\u00fcm\u00fcze de\u011fil. \u00dclkemize kazand\u0131rd\u0131\u011f\u0131m\u0131z eser ve hizmetleridir. Her alanda T\u00fcrkiye\u2019nin meselelerinin \u00e7\u00f6z\u00fcm\u00fc i\u00e7in tefekk\u00fcr eden, \u00e7\u00f6z\u00fcm yollar\u0131 arayan, projeler geli\u015ftiren, icraat yapan yegane iktidar ve ittifak olarak milletimizin emrinde olmay\u0131 hep s\u00fcrd\u00fcrece\u011fiz.\u201d<\/p>\n<\/p><\/div>\n<p><script async\n                    defer\n                    crossorigin=\"anonymous\"\n                    src=\"https:\/\/connect.facebook.net\/tr_TR\/sdk.js#xfbml=1&#038;version=v3.3\"\n            ><\/script><\/p>\n","protected":false},"excerpt":{"rendered":"<p>TC Cumhurba\u015fkan\u0131 Recep Tayyip Erdo\u011fan, \u201cProvokasyonlarla vatanda\u015flar\u0131m\u0131z\u0131n huzurunu bozmaktan vazge\u00e7in. Cesaretiniz varsa yolsuzluklar\u0131n, h\u0131rs\u0131zl\u0131klar\u0131n, al\u0131nan r\u00fc\u015fvetlerin hesab\u0131n\u0131 verin\u201d dedi. Erdo\u011fan, Cumhurba\u015fkanl\u0131\u011f\u0131 K\u00fclliyesi\u2019nde Kabine Toplant\u0131s\u0131\u2019n\u0131n ard\u0131ndan a\u00e7\u0131klamalarda bulundu. Kabine Toplant\u0131s\u0131\u2019n\u0131n ard\u0131ndan millete seslenen Erdo\u011fan, vatanda\u015flar\u0131n ramazan ay\u0131n\u0131 ve Kadir Gecesi\u2019ni tebrik etti. M\u00fcbarek g\u00fcnler h\u00fcrmetine Y\u00fcce Allah\u2019tan, T\u00fcrk milletini, M\u00fcsl\u00fcmanlar\u0131 ve t\u00fcm insanl\u0131\u011f\u0131 rahmeti, ma\u011ffireti, aff\u0131 [&hellip;]<\/p>\n","protected":false},"author":1,"featured_media":20679,"comment_status":"open","ping_status":"open","sticky":false,"template":"","format":"standard","meta":{"jnews-multi-image_gallery":[],"jnews_single_post":[],"jnews_primary_category":[],"footnotes":""},"categories":[2],"tags":[],"class_list":["post-20678","post","type-post","status-publish","format-standard","has-post-thumbnail","hentry","category-dunya"],"yoast_head":"<!-- This site is optimized with the Yoast SEO plugin v27.5 - https:\/\/yoast.com\/product\/yoast-seo-wordpress\/ -->\n<title>TC Cumhurba\u015fkan\u0131 Erdo\u011fan: Provokasyonlarla vatanda\u015flar\u0131m\u0131z\u0131n huzurunu bozmaktan vazge\u00e7in - Haber Kuzey<\/title>\n<meta name=\"robots\" content=\"index, follow, max-snippet:-1, max-image-preview:large, max-video-preview:-1\" \/>\n<link rel=\"canonical\" href=\"https:\/\/haberkuzey.com\/index.php\/2025\/03\/24\/tc-cumhurbaskani-erdogan-provokasyonlarla-vatandaslarimizin-huzurunu-bozmaktan-vazgecin\/\" \/>\n<meta property=\"og:locale\" content=\"tr_TR\" \/>\n<meta property=\"og:type\" content=\"article\" \/>\n<meta property=\"og:title\" content=\"TC Cumhurba\u015fkan\u0131 Erdo\u011fan: Provokasyonlarla vatanda\u015flar\u0131m\u0131z\u0131n huzurunu bozmaktan vazge\u00e7in - Haber Kuzey\" \/>\n<meta property=\"og:description\" content=\"TC Cumhurba\u015fkan\u0131 Recep Tayyip Erdo\u011fan, \u201cProvokasyonlarla vatanda\u015flar\u0131m\u0131z\u0131n huzurunu bozmaktan vazge\u00e7in. Cesaretiniz varsa yolsuzluklar\u0131n, h\u0131rs\u0131zl\u0131klar\u0131n, al\u0131nan r\u00fc\u015fvetlerin hesab\u0131n\u0131 verin\u201d dedi. Erdo\u011fan, Cumhurba\u015fkanl\u0131\u011f\u0131 K\u00fclliyesi\u2019nde Kabine Toplant\u0131s\u0131\u2019n\u0131n ard\u0131ndan a\u00e7\u0131klamalarda bulundu. Kabine Toplant\u0131s\u0131\u2019n\u0131n ard\u0131ndan millete seslenen Erdo\u011fan, vatanda\u015flar\u0131n ramazan ay\u0131n\u0131 ve Kadir Gecesi\u2019ni tebrik etti. M\u00fcbarek g\u00fcnler h\u00fcrmetine Y\u00fcce Allah\u2019tan, T\u00fcrk milletini, M\u00fcsl\u00fcmanlar\u0131 ve t\u00fcm insanl\u0131\u011f\u0131 rahmeti, ma\u011ffireti, aff\u0131 [&hellip;]\" \/>\n<meta property=\"og:url\" content=\"https:\/\/haberkuzey.com\/index.php\/2025\/03\/24\/tc-cumhurbaskani-erdogan-provokasyonlarla-vatandaslarimizin-huzurunu-bozmaktan-vazgecin\/\" \/>\n<meta property=\"og:site_name\" content=\"Haber Kuzey\" \/>\n<meta property=\"article:published_time\" content=\"2025-03-24T19:07:53+00:00\" \/>\n<meta property=\"og:image\" content=\"https:\/\/brtk.net\/wp-content\/uploads\/2025\/03\/24\/erdogan-aa-2345303.jpg?ver=703352346495a8428c835501a6e43f46\" \/>\n<meta name=\"author\" content=\"haberkuzey\" \/>\n<meta name=\"twitter:card\" content=\"summary_large_image\" \/>\n<meta name=\"twitter:label1\" content=\"Yazan:\" \/>\n\t<meta name=\"twitter:data1\" content=\"haberkuzey\" \/>\n\t<meta name=\"twitter:label2\" content=\"Tahmini okuma s\u00fcresi\" \/>\n\t<meta name=\"twitter:data2\" content=\"18 dakika\" \/>\n<script type=\"application\/ld+json\" class=\"yoast-schema-graph\">{\"@context\":\"https:\\\/\\\/schema.org\",\"@graph\":[{\"@type\":\"Article\",\"@id\":\"https:\\\/\\\/haberkuzey.com\\\/index.php\\\/2025\\\/03\\\/24\\\/tc-cumhurbaskani-erdogan-provokasyonlarla-vatandaslarimizin-huzurunu-bozmaktan-vazgecin\\\/#article\",\"isPartOf\":{\"@id\":\"https:\\\/\\\/haberkuzey.com\\\/index.php\\\/2025\\\/03\\\/24\\\/tc-cumhurbaskani-erdogan-provokasyonlarla-vatandaslarimizin-huzurunu-bozmaktan-vazgecin\\\/\"},\"author\":{\"name\":\"haberkuzey\",\"@id\":\"https:\\\/\\\/haberkuzey.com\\\/#\\\/schema\\\/person\\\/3372109ec735f9333f4fa47ebb9605ca\"},\"headline\":\"TC Cumhurba\u015fkan\u0131 Erdo\u011fan: Provokasyonlarla vatanda\u015flar\u0131m\u0131z\u0131n huzurunu bozmaktan vazge\u00e7in\",\"datePublished\":\"2025-03-24T19:07:53+00:00\",\"mainEntityOfPage\":{\"@id\":\"https:\\\/\\\/haberkuzey.com\\\/index.php\\\/2025\\\/03\\\/24\\\/tc-cumhurbaskani-erdogan-provokasyonlarla-vatandaslarimizin-huzurunu-bozmaktan-vazgecin\\\/\"},\"wordCount\":3539,\"commentCount\":0,\"image\":{\"@id\":\"https:\\\/\\\/haberkuzey.com\\\/index.php\\\/2025\\\/03\\\/24\\\/tc-cumhurbaskani-erdogan-provokasyonlarla-vatandaslarimizin-huzurunu-bozmaktan-vazgecin\\\/#primaryimage\"},\"thumbnailUrl\":\"https:\\\/\\\/haberkuzey.com\\\/wp-content\\\/uploads\\\/2025\\\/03\\\/erdogan-aa-2345303.jpg\",\"articleSection\":[\"D\u00fcnya\"],\"inLanguage\":\"tr\",\"potentialAction\":[{\"@type\":\"CommentAction\",\"name\":\"Comment\",\"target\":[\"https:\\\/\\\/haberkuzey.com\\\/index.php\\\/2025\\\/03\\\/24\\\/tc-cumhurbaskani-erdogan-provokasyonlarla-vatandaslarimizin-huzurunu-bozmaktan-vazgecin\\\/#respond\"]}]},{\"@type\":\"WebPage\",\"@id\":\"https:\\\/\\\/haberkuzey.com\\\/index.php\\\/2025\\\/03\\\/24\\\/tc-cumhurbaskani-erdogan-provokasyonlarla-vatandaslarimizin-huzurunu-bozmaktan-vazgecin\\\/\",\"url\":\"https:\\\/\\\/haberkuzey.com\\\/index.php\\\/2025\\\/03\\\/24\\\/tc-cumhurbaskani-erdogan-provokasyonlarla-vatandaslarimizin-huzurunu-bozmaktan-vazgecin\\\/\",\"name\":\"TC Cumhurba\u015fkan\u0131 Erdo\u011fan: Provokasyonlarla vatanda\u015flar\u0131m\u0131z\u0131n huzurunu bozmaktan vazge\u00e7in - Haber Kuzey\",\"isPartOf\":{\"@id\":\"https:\\\/\\\/haberkuzey.com\\\/#website\"},\"primaryImageOfPage\":{\"@id\":\"https:\\\/\\\/haberkuzey.com\\\/index.php\\\/2025\\\/03\\\/24\\\/tc-cumhurbaskani-erdogan-provokasyonlarla-vatandaslarimizin-huzurunu-bozmaktan-vazgecin\\\/#primaryimage\"},\"image\":{\"@id\":\"https:\\\/\\\/haberkuzey.com\\\/index.php\\\/2025\\\/03\\\/24\\\/tc-cumhurbaskani-erdogan-provokasyonlarla-vatandaslarimizin-huzurunu-bozmaktan-vazgecin\\\/#primaryimage\"},\"thumbnailUrl\":\"https:\\\/\\\/haberkuzey.com\\\/wp-content\\\/uploads\\\/2025\\\/03\\\/erdogan-aa-2345303.jpg\",\"datePublished\":\"2025-03-24T19:07:53+00:00\",\"author\":{\"@id\":\"https:\\\/\\\/haberkuzey.com\\\/#\\\/schema\\\/person\\\/3372109ec735f9333f4fa47ebb9605ca\"},\"breadcrumb\":{\"@id\":\"https:\\\/\\\/haberkuzey.com\\\/index.php\\\/2025\\\/03\\\/24\\\/tc-cumhurbaskani-erdogan-provokasyonlarla-vatandaslarimizin-huzurunu-bozmaktan-vazgecin\\\/#breadcrumb\"},\"inLanguage\":\"tr\",\"potentialAction\":[{\"@type\":\"ReadAction\",\"target\":[\"https:\\\/\\\/haberkuzey.com\\\/index.php\\\/2025\\\/03\\\/24\\\/tc-cumhurbaskani-erdogan-provokasyonlarla-vatandaslarimizin-huzurunu-bozmaktan-vazgecin\\\/\"]}]},{\"@type\":\"ImageObject\",\"inLanguage\":\"tr\",\"@id\":\"https:\\\/\\\/haberkuzey.com\\\/index.php\\\/2025\\\/03\\\/24\\\/tc-cumhurbaskani-erdogan-provokasyonlarla-vatandaslarimizin-huzurunu-bozmaktan-vazgecin\\\/#primaryimage\",\"url\":\"https:\\\/\\\/haberkuzey.com\\\/wp-content\\\/uploads\\\/2025\\\/03\\\/erdogan-aa-2345303.jpg\",\"contentUrl\":\"https:\\\/\\\/haberkuzey.com\\\/wp-content\\\/uploads\\\/2025\\\/03\\\/erdogan-aa-2345303.jpg\",\"width\":1280,\"height\":720},{\"@type\":\"BreadcrumbList\",\"@id\":\"https:\\\/\\\/haberkuzey.com\\\/index.php\\\/2025\\\/03\\\/24\\\/tc-cumhurbaskani-erdogan-provokasyonlarla-vatandaslarimizin-huzurunu-bozmaktan-vazgecin\\\/#breadcrumb\",\"itemListElement\":[{\"@type\":\"ListItem\",\"position\":1,\"name\":\"Anasayfa\",\"item\":\"https:\\\/\\\/haberkuzey.com\\\/\"},{\"@type\":\"ListItem\",\"position\":2,\"name\":\"TC Cumhurba\u015fkan\u0131 Erdo\u011fan: Provokasyonlarla vatanda\u015flar\u0131m\u0131z\u0131n huzurunu bozmaktan vazge\u00e7in\"}]},{\"@type\":\"WebSite\",\"@id\":\"https:\\\/\\\/haberkuzey.com\\\/#website\",\"url\":\"https:\\\/\\\/haberkuzey.com\\\/\",\"name\":\"Haber Kuzey\",\"description\":\"Do\u011fru Haberin Adresi\",\"potentialAction\":[{\"@type\":\"SearchAction\",\"target\":{\"@type\":\"EntryPoint\",\"urlTemplate\":\"https:\\\/\\\/haberkuzey.com\\\/?s={search_term_string}\"},\"query-input\":{\"@type\":\"PropertyValueSpecification\",\"valueRequired\":true,\"valueName\":\"search_term_string\"}}],\"inLanguage\":\"tr\"},{\"@type\":\"Person\",\"@id\":\"https:\\\/\\\/haberkuzey.com\\\/#\\\/schema\\\/person\\\/3372109ec735f9333f4fa47ebb9605ca\",\"name\":\"haberkuzey\",\"image\":{\"@type\":\"ImageObject\",\"inLanguage\":\"tr\",\"@id\":\"https:\\\/\\\/secure.gravatar.com\\\/avatar\\\/f5fc875574b1575324358c3b9e6a32b8227aa5b74f3fa22e3cadb63e26fcc39c?s=96&d=mm&r=g\",\"url\":\"https:\\\/\\\/secure.gravatar.com\\\/avatar\\\/f5fc875574b1575324358c3b9e6a32b8227aa5b74f3fa22e3cadb63e26fcc39c?s=96&d=mm&r=g\",\"contentUrl\":\"https:\\\/\\\/secure.gravatar.com\\\/avatar\\\/f5fc875574b1575324358c3b9e6a32b8227aa5b74f3fa22e3cadb63e26fcc39c?s=96&d=mm&r=g\",\"caption\":\"haberkuzey\"},\"sameAs\":[\"https:\\\/\\\/haberkuzey.com\"],\"url\":\"https:\\\/\\\/haberkuzey.com\\\/index.php\\\/author\\\/haberkuzey\\\/\"}]}<\/script>\n<!-- \/ Yoast SEO plugin. -->","yoast_head_json":{"title":"TC Cumhurba\u015fkan\u0131 Erdo\u011fan: Provokasyonlarla vatanda\u015flar\u0131m\u0131z\u0131n huzurunu bozmaktan vazge\u00e7in - Haber Kuzey","robots":{"index":"index","follow":"follow","max-snippet":"max-snippet:-1","max-image-preview":"max-image-preview:large","max-video-preview":"max-video-preview:-1"},"canonical":"https:\/\/haberkuzey.com\/index.php\/2025\/03\/24\/tc-cumhurbaskani-erdogan-provokasyonlarla-vatandaslarimizin-huzurunu-bozmaktan-vazgecin\/","og_locale":"tr_TR","og_type":"article","og_title":"TC Cumhurba\u015fkan\u0131 Erdo\u011fan: Provokasyonlarla vatanda\u015flar\u0131m\u0131z\u0131n huzurunu bozmaktan vazge\u00e7in - Haber Kuzey","og_description":"TC Cumhurba\u015fkan\u0131 Recep Tayyip Erdo\u011fan, \u201cProvokasyonlarla vatanda\u015flar\u0131m\u0131z\u0131n huzurunu bozmaktan vazge\u00e7in. Cesaretiniz varsa yolsuzluklar\u0131n, h\u0131rs\u0131zl\u0131klar\u0131n, al\u0131nan r\u00fc\u015fvetlerin hesab\u0131n\u0131 verin\u201d dedi. Erdo\u011fan, Cumhurba\u015fkanl\u0131\u011f\u0131 K\u00fclliyesi\u2019nde Kabine Toplant\u0131s\u0131\u2019n\u0131n ard\u0131ndan a\u00e7\u0131klamalarda bulundu. Kabine Toplant\u0131s\u0131\u2019n\u0131n ard\u0131ndan millete seslenen Erdo\u011fan, vatanda\u015flar\u0131n ramazan ay\u0131n\u0131 ve Kadir Gecesi\u2019ni tebrik etti. M\u00fcbarek g\u00fcnler h\u00fcrmetine Y\u00fcce Allah\u2019tan, T\u00fcrk milletini, M\u00fcsl\u00fcmanlar\u0131 ve t\u00fcm insanl\u0131\u011f\u0131 rahmeti, ma\u011ffireti, aff\u0131 [&hellip;]","og_url":"https:\/\/haberkuzey.com\/index.php\/2025\/03\/24\/tc-cumhurbaskani-erdogan-provokasyonlarla-vatandaslarimizin-huzurunu-bozmaktan-vazgecin\/","og_site_name":"Haber Kuzey","article_published_time":"2025-03-24T19:07:53+00:00","og_image":[{"url":"https:\/\/brtk.net\/wp-content\/uploads\/2025\/03\/24\/erdogan-aa-2345303.jpg?ver=703352346495a8428c835501a6e43f46","type":"","width":"","height":""}],"author":"haberkuzey","twitter_card":"summary_large_image","twitter_misc":{"Yazan:":"haberkuzey","Tahmini okuma s\u00fcresi":"18 dakika"},"schema":{"@context":"https:\/\/schema.org","@graph":[{"@type":"Article","@id":"https:\/\/haberkuzey.com\/index.php\/2025\/03\/24\/tc-cumhurbaskani-erdogan-provokasyonlarla-vatandaslarimizin-huzurunu-bozmaktan-vazgecin\/#article","isPartOf":{"@id":"https:\/\/haberkuzey.com\/index.php\/2025\/03\/24\/tc-cumhurbaskani-erdogan-provokasyonlarla-vatandaslarimizin-huzurunu-bozmaktan-vazgecin\/"},"author":{"name":"haberkuzey","@id":"https:\/\/haberkuzey.com\/#\/schema\/person\/3372109ec735f9333f4fa47ebb9605ca"},"headline":"TC Cumhurba\u015fkan\u0131 Erdo\u011fan: Provokasyonlarla vatanda\u015flar\u0131m\u0131z\u0131n huzurunu bozmaktan vazge\u00e7in","datePublished":"2025-03-24T19:07:53+00:00","mainEntityOfPage":{"@id":"https:\/\/haberkuzey.com\/index.php\/2025\/03\/24\/tc-cumhurbaskani-erdogan-provokasyonlarla-vatandaslarimizin-huzurunu-bozmaktan-vazgecin\/"},"wordCount":3539,"commentCount":0,"image":{"@id":"https:\/\/haberkuzey.com\/index.php\/2025\/03\/24\/tc-cumhurbaskani-erdogan-provokasyonlarla-vatandaslarimizin-huzurunu-bozmaktan-vazgecin\/#primaryimage"},"thumbnailUrl":"https:\/\/haberkuzey.com\/wp-content\/uploads\/2025\/03\/erdogan-aa-2345303.jpg","articleSection":["D\u00fcnya"],"inLanguage":"tr","potentialAction":[{"@type":"CommentAction","name":"Comment","target":["https:\/\/haberkuzey.com\/index.php\/2025\/03\/24\/tc-cumhurbaskani-erdogan-provokasyonlarla-vatandaslarimizin-huzurunu-bozmaktan-vazgecin\/#respond"]}]},{"@type":"WebPage","@id":"https:\/\/haberkuzey.com\/index.php\/2025\/03\/24\/tc-cumhurbaskani-erdogan-provokasyonlarla-vatandaslarimizin-huzurunu-bozmaktan-vazgecin\/","url":"https:\/\/haberkuzey.com\/index.php\/2025\/03\/24\/tc-cumhurbaskani-erdogan-provokasyonlarla-vatandaslarimizin-huzurunu-bozmaktan-vazgecin\/","name":"TC Cumhurba\u015fkan\u0131 Erdo\u011fan: Provokasyonlarla vatanda\u015flar\u0131m\u0131z\u0131n huzurunu bozmaktan vazge\u00e7in - Haber Kuzey","isPartOf":{"@id":"https:\/\/haberkuzey.com\/#website"},"primaryImageOfPage":{"@id":"https:\/\/haberkuzey.com\/index.php\/2025\/03\/24\/tc-cumhurbaskani-erdogan-provokasyonlarla-vatandaslarimizin-huzurunu-bozmaktan-vazgecin\/#primaryimage"},"image":{"@id":"https:\/\/haberkuzey.com\/index.php\/2025\/03\/24\/tc-cumhurbaskani-erdogan-provokasyonlarla-vatandaslarimizin-huzurunu-bozmaktan-vazgecin\/#primaryimage"},"thumbnailUrl":"https:\/\/haberkuzey.com\/wp-content\/uploads\/2025\/03\/erdogan-aa-2345303.jpg","datePublished":"2025-03-24T19:07:53+00:00","author":{"@id":"https:\/\/haberkuzey.com\/#\/schema\/person\/3372109ec735f9333f4fa47ebb9605ca"},"breadcrumb":{"@id":"https:\/\/haberkuzey.com\/index.php\/2025\/03\/24\/tc-cumhurbaskani-erdogan-provokasyonlarla-vatandaslarimizin-huzurunu-bozmaktan-vazgecin\/#breadcrumb"},"inLanguage":"tr","potentialAction":[{"@type":"ReadAction","target":["https:\/\/haberkuzey.com\/index.php\/2025\/03\/24\/tc-cumhurbaskani-erdogan-provokasyonlarla-vatandaslarimizin-huzurunu-bozmaktan-vazgecin\/"]}]},{"@type":"ImageObject","inLanguage":"tr","@id":"https:\/\/haberkuzey.com\/index.php\/2025\/03\/24\/tc-cumhurbaskani-erdogan-provokasyonlarla-vatandaslarimizin-huzurunu-bozmaktan-vazgecin\/#primaryimage","url":"https:\/\/haberkuzey.com\/wp-content\/uploads\/2025\/03\/erdogan-aa-2345303.jpg","contentUrl":"https:\/\/haberkuzey.com\/wp-content\/uploads\/2025\/03\/erdogan-aa-2345303.jpg","width":1280,"height":720},{"@type":"BreadcrumbList","@id":"https:\/\/haberkuzey.com\/index.php\/2025\/03\/24\/tc-cumhurbaskani-erdogan-provokasyonlarla-vatandaslarimizin-huzurunu-bozmaktan-vazgecin\/#breadcrumb","itemListElement":[{"@type":"ListItem","position":1,"name":"Anasayfa","item":"https:\/\/haberkuzey.com\/"},{"@type":"ListItem","position":2,"name":"TC Cumhurba\u015fkan\u0131 Erdo\u011fan: Provokasyonlarla vatanda\u015flar\u0131m\u0131z\u0131n huzurunu bozmaktan vazge\u00e7in"}]},{"@type":"WebSite","@id":"https:\/\/haberkuzey.com\/#website","url":"https:\/\/haberkuzey.com\/","name":"Haber Kuzey","description":"Do\u011fru Haberin Adresi","potentialAction":[{"@type":"SearchAction","target":{"@type":"EntryPoint","urlTemplate":"https:\/\/haberkuzey.com\/?s={search_term_string}"},"query-input":{"@type":"PropertyValueSpecification","valueRequired":true,"valueName":"search_term_string"}}],"inLanguage":"tr"},{"@type":"Person","@id":"https:\/\/haberkuzey.com\/#\/schema\/person\/3372109ec735f9333f4fa47ebb9605ca","name":"haberkuzey","image":{"@type":"ImageObject","inLanguage":"tr","@id":"https:\/\/secure.gravatar.com\/avatar\/f5fc875574b1575324358c3b9e6a32b8227aa5b74f3fa22e3cadb63e26fcc39c?s=96&d=mm&r=g","url":"https:\/\/secure.gravatar.com\/avatar\/f5fc875574b1575324358c3b9e6a32b8227aa5b74f3fa22e3cadb63e26fcc39c?s=96&d=mm&r=g","contentUrl":"https:\/\/secure.gravatar.com\/avatar\/f5fc875574b1575324358c3b9e6a32b8227aa5b74f3fa22e3cadb63e26fcc39c?s=96&d=mm&r=g","caption":"haberkuzey"},"sameAs":["https:\/\/haberkuzey.com"],"url":"https:\/\/haberkuzey.com\/index.php\/author\/haberkuzey\/"}]}},"_links":{"self":[{"href":"https:\/\/haberkuzey.com\/index.php\/wp-json\/wp\/v2\/posts\/20678","targetHints":{"allow":["GET"]}}],"collection":[{"href":"https:\/\/haberkuzey.com\/index.php\/wp-json\/wp\/v2\/posts"}],"about":[{"href":"https:\/\/haberkuzey.com\/index.php\/wp-json\/wp\/v2\/types\/post"}],"author":[{"embeddable":true,"href":"https:\/\/haberkuzey.com\/index.php\/wp-json\/wp\/v2\/users\/1"}],"replies":[{"embeddable":true,"href":"https:\/\/haberkuzey.com\/index.php\/wp-json\/wp\/v2\/comments?post=20678"}],"version-history":[{"count":0,"href":"https:\/\/haberkuzey.com\/index.php\/wp-json\/wp\/v2\/posts\/20678\/revisions"}],"wp:featuredmedia":[{"embeddable":true,"href":"https:\/\/haberkuzey.com\/index.php\/wp-json\/wp\/v2\/media\/20679"}],"wp:attachment":[{"href":"https:\/\/haberkuzey.com\/index.php\/wp-json\/wp\/v2\/media?parent=20678"}],"wp:term":[{"taxonomy":"category","embeddable":true,"href":"https:\/\/haberkuzey.com\/index.php\/wp-json\/wp\/v2\/categories?post=20678"},{"taxonomy":"post_tag","embeddable":true,"href":"https:\/\/haberkuzey.com\/index.php\/wp-json\/wp\/v2\/tags?post=20678"}],"curies":[{"name":"wp","href":"https:\/\/api.w.org\/{rel}","templated":true}]}}