{"id":20674,"date":"2025-03-24T20:31:39","date_gmt":"2025-03-24T18:31:39","guid":{"rendered":"https:\/\/haberkuzey.com\/index.php\/2025\/03\/24\/kktcde-stratcom-public-forum-daha-adil-bir-dunya-mumkun-paneli-duzenlenecek\/"},"modified":"2025-03-24T20:31:39","modified_gmt":"2025-03-24T18:31:39","slug":"kktcde-stratcom-public-forum-daha-adil-bir-dunya-mumkun-paneli-duzenlenecek","status":"publish","type":"post","link":"https:\/\/haberkuzey.com\/index.php\/2025\/03\/24\/kktcde-stratcom-public-forum-daha-adil-bir-dunya-mumkun-paneli-duzenlenecek\/","title":{"rendered":"KKTC\u2019de \u201cStratcom Public Forum: Daha Adil Bir D\u00fcnya M\u00fcmk\u00fcn\u201d paneli d\u00fczenlenecek"},"content":{"rendered":"<div>\n<div class=\"mariselle-image-container center\">\n                                            <\/div>\n<p>T\u00fcrkiye Cumhuriyeti Cumhurba\u015fkanl\u0131\u011f\u0131 \u0130leti\u015fim Ba\u015fkanl\u0131\u011f\u0131\u2019n\u0131n farkl\u0131 \u00fclkelerde d\u00fczenledi\u011fi \u201cStratcom Public Forum: Daha Adil Bir D\u00fcnya M\u00fcmk\u00fcn\u201d paneli \u00c7ar\u015famba g\u00fcn\u00fc (26 Mart 2025) Kuzey K\u0131br\u0131s T\u00fcrk Cumhuriyeti\u2019nde (KKTC) yap\u0131lacak.<\/p>\n<p>\tSaat 11.00\u2019de Lefko\u015fa Concorde Otel\u2019de ger\u00e7ekle\u015ftirilecek panel BRT\u2019den canl\u0131 yay\u0131nlanacak.<\/p>\n<p>\tPanelin a\u00e7\u0131l\u0131\u015f\u0131nda D\u0131\u015fi\u015fleri Bakan\u0131 Tahsin Ertu\u011frulo\u011flu, T\u00fcrkiye\u2019nin Lefko\u015fa B\u00fcy\u00fckel\u00e7isi Ali Murat Ba\u015f\u00e7eri ve T\u00fcrkiye Cumhuriyeti Cumhurba\u015fkanl\u0131\u011f\u0131 \u0130leti\u015fim Ba\u015fkan\u0131 Profes\u00f6r Doktor Fahrettin Altun\u2019un konu\u015fmalar\u0131 yer alacak.<\/p>\n<p> \tStratcom Public Forum panelleri daha \u00f6nce de 20 farkl\u0131 \u00fclkede ger\u00e7ekle\u015ftirilmi\u015fti.<\/p>\n<\/p><\/div>\n<p><script async\n                    defer\n                    crossorigin=\"anonymous\"\n                    src=\"https:\/\/connect.facebook.net\/tr_TR\/sdk.js#xfbml=1&#038;version=v3.3\"\n            ><\/script><\/p>\n","protected":false},"excerpt":{"rendered":"<p>T\u00fcrkiye Cumhuriyeti Cumhurba\u015fkanl\u0131\u011f\u0131 \u0130leti\u015fim Ba\u015fkanl\u0131\u011f\u0131\u2019n\u0131n farkl\u0131 \u00fclkelerde d\u00fczenledi\u011fi \u201cStratcom Public Forum: Daha Adil Bir D\u00fcnya M\u00fcmk\u00fcn\u201d paneli \u00c7ar\u015famba g\u00fcn\u00fc (26 Mart 2025) Kuzey K\u0131br\u0131s T\u00fcrk Cumhuriyeti\u2019nde (KKTC) yap\u0131lacak. Saat 11.00\u2019de Lefko\u015fa Concorde Otel\u2019de ger\u00e7ekle\u015ftirilecek panel BRT\u2019den canl\u0131 yay\u0131nlanacak. Panelin a\u00e7\u0131l\u0131\u015f\u0131nda D\u0131\u015fi\u015fleri Bakan\u0131 Tahsin Ertu\u011frulo\u011flu, T\u00fcrkiye\u2019nin Lefko\u015fa B\u00fcy\u00fckel\u00e7isi Ali Murat Ba\u015f\u00e7eri ve T\u00fcrkiye Cumhuriyeti Cumhurba\u015fkanl\u0131\u011f\u0131 \u0130leti\u015fim [&hellip;]<\/p>\n","protected":false},"author":1,"featured_media":20675,"comment_status":"open","ping_status":"open","sticky":false,"template":"","format":"standard","meta":{"jnews-multi-image_gallery":[],"jnews_single_post":[],"jnews_primary_category":[],"footnotes":""},"categories":[2],"tags":[],"class_list":["post-20674","post","type-post","status-publish","format-standard","has-post-thumbnail","hentry","category-dunya"],"yoast_head":"<!-- This site is optimized with the Yoast SEO plugin v27.5 - https:\/\/yoast.com\/product\/yoast-seo-wordpress\/ -->\n<title>KKTC\u2019de \u201cStratcom Public Forum: Daha Adil Bir D\u00fcnya M\u00fcmk\u00fcn\u201d paneli d\u00fczenlenecek - Haber Kuzey<\/title>\n<meta name=\"robots\" content=\"index, follow, max-snippet:-1, max-image-preview:large, max-video-preview:-1\" \/>\n<link rel=\"canonical\" href=\"https:\/\/haberkuzey.com\/index.php\/2025\/03\/24\/kktcde-stratcom-public-forum-daha-adil-bir-dunya-mumkun-paneli-duzenlenecek\/\" \/>\n<meta property=\"og:locale\" content=\"tr_TR\" \/>\n<meta property=\"og:type\" content=\"article\" \/>\n<meta property=\"og:title\" content=\"KKTC\u2019de \u201cStratcom Public Forum: Daha Adil Bir D\u00fcnya M\u00fcmk\u00fcn\u201d paneli d\u00fczenlenecek - Haber Kuzey\" \/>\n<meta property=\"og:description\" content=\"T\u00fcrkiye Cumhuriyeti Cumhurba\u015fkanl\u0131\u011f\u0131 \u0130leti\u015fim Ba\u015fkanl\u0131\u011f\u0131\u2019n\u0131n farkl\u0131 \u00fclkelerde d\u00fczenledi\u011fi \u201cStratcom Public Forum: Daha Adil Bir D\u00fcnya M\u00fcmk\u00fcn\u201d paneli \u00c7ar\u015famba g\u00fcn\u00fc (26 Mart 2025) Kuzey K\u0131br\u0131s T\u00fcrk Cumhuriyeti\u2019nde (KKTC) yap\u0131lacak. Saat 11.00\u2019de Lefko\u015fa Concorde Otel\u2019de ger\u00e7ekle\u015ftirilecek panel BRT\u2019den canl\u0131 yay\u0131nlanacak. Panelin a\u00e7\u0131l\u0131\u015f\u0131nda D\u0131\u015fi\u015fleri Bakan\u0131 Tahsin Ertu\u011frulo\u011flu, T\u00fcrkiye\u2019nin Lefko\u015fa B\u00fcy\u00fckel\u00e7isi Ali Murat Ba\u015f\u00e7eri ve T\u00fcrkiye Cumhuriyeti Cumhurba\u015fkanl\u0131\u011f\u0131 \u0130leti\u015fim [&hellip;]\" \/>\n<meta property=\"og:url\" content=\"https:\/\/haberkuzey.com\/index.php\/2025\/03\/24\/kktcde-stratcom-public-forum-daha-adil-bir-dunya-mumkun-paneli-duzenlenecek\/\" \/>\n<meta property=\"og:site_name\" content=\"Haber Kuzey\" \/>\n<meta property=\"article:published_time\" content=\"2025-03-24T18:31:39+00:00\" \/>\n<meta property=\"og:image\" content=\"https:\/\/brtk.net\/wp-content\/uploads\/2025\/03\/24\/13-STRACOM.jpg?ver=58a9b171de3c913e3bdb9afb4b24a150\" \/>\n<meta name=\"author\" content=\"haberkuzey\" \/>\n<meta name=\"twitter:card\" content=\"summary_large_image\" \/>\n<meta name=\"twitter:label1\" content=\"Yazan:\" \/>\n\t<meta name=\"twitter:data1\" content=\"haberkuzey\" \/>\n\t<meta name=\"twitter:label2\" content=\"Tahmini okuma s\u00fcresi\" \/>\n\t<meta name=\"twitter:data2\" content=\"1 dakika\" \/>\n<script type=\"application\/ld+json\" class=\"yoast-schema-graph\">{\"@context\":\"https:\\\/\\\/schema.org\",\"@graph\":[{\"@type\":\"Article\",\"@id\":\"https:\\\/\\\/haberkuzey.com\\\/index.php\\\/2025\\\/03\\\/24\\\/kktcde-stratcom-public-forum-daha-adil-bir-dunya-mumkun-paneli-duzenlenecek\\\/#article\",\"isPartOf\":{\"@id\":\"https:\\\/\\\/haberkuzey.com\\\/index.php\\\/2025\\\/03\\\/24\\\/kktcde-stratcom-public-forum-daha-adil-bir-dunya-mumkun-paneli-duzenlenecek\\\/\"},\"author\":{\"name\":\"haberkuzey\",\"@id\":\"https:\\\/\\\/haberkuzey.com\\\/#\\\/schema\\\/person\\\/3372109ec735f9333f4fa47ebb9605ca\"},\"headline\":\"KKTC\u2019de \u201cStratcom Public Forum: Daha Adil Bir D\u00fcnya M\u00fcmk\u00fcn\u201d paneli d\u00fczenlenecek\",\"datePublished\":\"2025-03-24T18:31:39+00:00\",\"mainEntityOfPage\":{\"@id\":\"https:\\\/\\\/haberkuzey.com\\\/index.php\\\/2025\\\/03\\\/24\\\/kktcde-stratcom-public-forum-daha-adil-bir-dunya-mumkun-paneli-duzenlenecek\\\/\"},\"wordCount\":134,\"commentCount\":0,\"image\":{\"@id\":\"https:\\\/\\\/haberkuzey.com\\\/index.php\\\/2025\\\/03\\\/24\\\/kktcde-stratcom-public-forum-daha-adil-bir-dunya-mumkun-paneli-duzenlenecek\\\/#primaryimage\"},\"thumbnailUrl\":\"https:\\\/\\\/haberkuzey.com\\\/wp-content\\\/uploads\\\/2025\\\/03\\\/13-STRACOM.jpg\",\"articleSection\":[\"D\u00fcnya\"],\"inLanguage\":\"tr\",\"potentialAction\":[{\"@type\":\"CommentAction\",\"name\":\"Comment\",\"target\":[\"https:\\\/\\\/haberkuzey.com\\\/index.php\\\/2025\\\/03\\\/24\\\/kktcde-stratcom-public-forum-daha-adil-bir-dunya-mumkun-paneli-duzenlenecek\\\/#respond\"]}]},{\"@type\":\"WebPage\",\"@id\":\"https:\\\/\\\/haberkuzey.com\\\/index.php\\\/2025\\\/03\\\/24\\\/kktcde-stratcom-public-forum-daha-adil-bir-dunya-mumkun-paneli-duzenlenecek\\\/\",\"url\":\"https:\\\/\\\/haberkuzey.com\\\/index.php\\\/2025\\\/03\\\/24\\\/kktcde-stratcom-public-forum-daha-adil-bir-dunya-mumkun-paneli-duzenlenecek\\\/\",\"name\":\"KKTC\u2019de \u201cStratcom Public Forum: Daha Adil Bir D\u00fcnya M\u00fcmk\u00fcn\u201d paneli d\u00fczenlenecek - Haber Kuzey\",\"isPartOf\":{\"@id\":\"https:\\\/\\\/haberkuzey.com\\\/#website\"},\"primaryImageOfPage\":{\"@id\":\"https:\\\/\\\/haberkuzey.com\\\/index.php\\\/2025\\\/03\\\/24\\\/kktcde-stratcom-public-forum-daha-adil-bir-dunya-mumkun-paneli-duzenlenecek\\\/#primaryimage\"},\"image\":{\"@id\":\"https:\\\/\\\/haberkuzey.com\\\/index.php\\\/2025\\\/03\\\/24\\\/kktcde-stratcom-public-forum-daha-adil-bir-dunya-mumkun-paneli-duzenlenecek\\\/#primaryimage\"},\"thumbnailUrl\":\"https:\\\/\\\/haberkuzey.com\\\/wp-content\\\/uploads\\\/2025\\\/03\\\/13-STRACOM.jpg\",\"datePublished\":\"2025-03-24T18:31:39+00:00\",\"author\":{\"@id\":\"https:\\\/\\\/haberkuzey.com\\\/#\\\/schema\\\/person\\\/3372109ec735f9333f4fa47ebb9605ca\"},\"breadcrumb\":{\"@id\":\"https:\\\/\\\/haberkuzey.com\\\/index.php\\\/2025\\\/03\\\/24\\\/kktcde-stratcom-public-forum-daha-adil-bir-dunya-mumkun-paneli-duzenlenecek\\\/#breadcrumb\"},\"inLanguage\":\"tr\",\"potentialAction\":[{\"@type\":\"ReadAction\",\"target\":[\"https:\\\/\\\/haberkuzey.com\\\/index.php\\\/2025\\\/03\\\/24\\\/kktcde-stratcom-public-forum-daha-adil-bir-dunya-mumkun-paneli-duzenlenecek\\\/\"]}]},{\"@type\":\"ImageObject\",\"inLanguage\":\"tr\",\"@id\":\"https:\\\/\\\/haberkuzey.com\\\/index.php\\\/2025\\\/03\\\/24\\\/kktcde-stratcom-public-forum-daha-adil-bir-dunya-mumkun-paneli-duzenlenecek\\\/#primaryimage\",\"url\":\"https:\\\/\\\/haberkuzey.com\\\/wp-content\\\/uploads\\\/2025\\\/03\\\/13-STRACOM.jpg\",\"contentUrl\":\"https:\\\/\\\/haberkuzey.com\\\/wp-content\\\/uploads\\\/2025\\\/03\\\/13-STRACOM.jpg\",\"width\":1920,\"height\":1080},{\"@type\":\"BreadcrumbList\",\"@id\":\"https:\\\/\\\/haberkuzey.com\\\/index.php\\\/2025\\\/03\\\/24\\\/kktcde-stratcom-public-forum-daha-adil-bir-dunya-mumkun-paneli-duzenlenecek\\\/#breadcrumb\",\"itemListElement\":[{\"@type\":\"ListItem\",\"position\":1,\"name\":\"Anasayfa\",\"item\":\"https:\\\/\\\/haberkuzey.com\\\/\"},{\"@type\":\"ListItem\",\"position\":2,\"name\":\"KKTC\u2019de \u201cStratcom Public Forum: Daha Adil Bir D\u00fcnya M\u00fcmk\u00fcn\u201d paneli d\u00fczenlenecek\"}]},{\"@type\":\"WebSite\",\"@id\":\"https:\\\/\\\/haberkuzey.com\\\/#website\",\"url\":\"https:\\\/\\\/haberkuzey.com\\\/\",\"name\":\"Haber Kuzey\",\"description\":\"Do\u011fru Haberin Adresi\",\"potentialAction\":[{\"@type\":\"SearchAction\",\"target\":{\"@type\":\"EntryPoint\",\"urlTemplate\":\"https:\\\/\\\/haberkuzey.com\\\/?s={search_term_string}\"},\"query-input\":{\"@type\":\"PropertyValueSpecification\",\"valueRequired\":true,\"valueName\":\"search_term_string\"}}],\"inLanguage\":\"tr\"},{\"@type\":\"Person\",\"@id\":\"https:\\\/\\\/haberkuzey.com\\\/#\\\/schema\\\/person\\\/3372109ec735f9333f4fa47ebb9605ca\",\"name\":\"haberkuzey\",\"image\":{\"@type\":\"ImageObject\",\"inLanguage\":\"tr\",\"@id\":\"https:\\\/\\\/secure.gravatar.com\\\/avatar\\\/f5fc875574b1575324358c3b9e6a32b8227aa5b74f3fa22e3cadb63e26fcc39c?s=96&d=mm&r=g\",\"url\":\"https:\\\/\\\/secure.gravatar.com\\\/avatar\\\/f5fc875574b1575324358c3b9e6a32b8227aa5b74f3fa22e3cadb63e26fcc39c?s=96&d=mm&r=g\",\"contentUrl\":\"https:\\\/\\\/secure.gravatar.com\\\/avatar\\\/f5fc875574b1575324358c3b9e6a32b8227aa5b74f3fa22e3cadb63e26fcc39c?s=96&d=mm&r=g\",\"caption\":\"haberkuzey\"},\"sameAs\":[\"https:\\\/\\\/haberkuzey.com\"],\"url\":\"https:\\\/\\\/haberkuzey.com\\\/index.php\\\/author\\\/haberkuzey\\\/\"}]}<\/script>\n<!-- \/ Yoast SEO plugin. -->","yoast_head_json":{"title":"KKTC\u2019de \u201cStratcom Public Forum: Daha Adil Bir D\u00fcnya M\u00fcmk\u00fcn\u201d paneli d\u00fczenlenecek - Haber Kuzey","robots":{"index":"index","follow":"follow","max-snippet":"max-snippet:-1","max-image-preview":"max-image-preview:large","max-video-preview":"max-video-preview:-1"},"canonical":"https:\/\/haberkuzey.com\/index.php\/2025\/03\/24\/kktcde-stratcom-public-forum-daha-adil-bir-dunya-mumkun-paneli-duzenlenecek\/","og_locale":"tr_TR","og_type":"article","og_title":"KKTC\u2019de \u201cStratcom Public Forum: Daha Adil Bir D\u00fcnya M\u00fcmk\u00fcn\u201d paneli d\u00fczenlenecek - Haber Kuzey","og_description":"T\u00fcrkiye Cumhuriyeti Cumhurba\u015fkanl\u0131\u011f\u0131 \u0130leti\u015fim Ba\u015fkanl\u0131\u011f\u0131\u2019n\u0131n farkl\u0131 \u00fclkelerde d\u00fczenledi\u011fi \u201cStratcom Public Forum: Daha Adil Bir D\u00fcnya M\u00fcmk\u00fcn\u201d paneli \u00c7ar\u015famba g\u00fcn\u00fc (26 Mart 2025) Kuzey K\u0131br\u0131s T\u00fcrk Cumhuriyeti\u2019nde (KKTC) yap\u0131lacak. Saat 11.00\u2019de Lefko\u015fa Concorde Otel\u2019de ger\u00e7ekle\u015ftirilecek panel BRT\u2019den canl\u0131 yay\u0131nlanacak. Panelin a\u00e7\u0131l\u0131\u015f\u0131nda D\u0131\u015fi\u015fleri Bakan\u0131 Tahsin Ertu\u011frulo\u011flu, T\u00fcrkiye\u2019nin Lefko\u015fa B\u00fcy\u00fckel\u00e7isi Ali Murat Ba\u015f\u00e7eri ve T\u00fcrkiye Cumhuriyeti Cumhurba\u015fkanl\u0131\u011f\u0131 \u0130leti\u015fim [&hellip;]","og_url":"https:\/\/haberkuzey.com\/index.php\/2025\/03\/24\/kktcde-stratcom-public-forum-daha-adil-bir-dunya-mumkun-paneli-duzenlenecek\/","og_site_name":"Haber Kuzey","article_published_time":"2025-03-24T18:31:39+00:00","og_image":[{"url":"https:\/\/brtk.net\/wp-content\/uploads\/2025\/03\/24\/13-STRACOM.jpg?ver=58a9b171de3c913e3bdb9afb4b24a150","type":"","width":"","height":""}],"author":"haberkuzey","twitter_card":"summary_large_image","twitter_misc":{"Yazan:":"haberkuzey","Tahmini okuma s\u00fcresi":"1 dakika"},"schema":{"@context":"https:\/\/schema.org","@graph":[{"@type":"Article","@id":"https:\/\/haberkuzey.com\/index.php\/2025\/03\/24\/kktcde-stratcom-public-forum-daha-adil-bir-dunya-mumkun-paneli-duzenlenecek\/#article","isPartOf":{"@id":"https:\/\/haberkuzey.com\/index.php\/2025\/03\/24\/kktcde-stratcom-public-forum-daha-adil-bir-dunya-mumkun-paneli-duzenlenecek\/"},"author":{"name":"haberkuzey","@id":"https:\/\/haberkuzey.com\/#\/schema\/person\/3372109ec735f9333f4fa47ebb9605ca"},"headline":"KKTC\u2019de \u201cStratcom Public Forum: Daha Adil Bir D\u00fcnya M\u00fcmk\u00fcn\u201d paneli d\u00fczenlenecek","datePublished":"2025-03-24T18:31:39+00:00","mainEntityOfPage":{"@id":"https:\/\/haberkuzey.com\/index.php\/2025\/03\/24\/kktcde-stratcom-public-forum-daha-adil-bir-dunya-mumkun-paneli-duzenlenecek\/"},"wordCount":134,"commentCount":0,"image":{"@id":"https:\/\/haberkuzey.com\/index.php\/2025\/03\/24\/kktcde-stratcom-public-forum-daha-adil-bir-dunya-mumkun-paneli-duzenlenecek\/#primaryimage"},"thumbnailUrl":"https:\/\/haberkuzey.com\/wp-content\/uploads\/2025\/03\/13-STRACOM.jpg","articleSection":["D\u00fcnya"],"inLanguage":"tr","potentialAction":[{"@type":"CommentAction","name":"Comment","target":["https:\/\/haberkuzey.com\/index.php\/2025\/03\/24\/kktcde-stratcom-public-forum-daha-adil-bir-dunya-mumkun-paneli-duzenlenecek\/#respond"]}]},{"@type":"WebPage","@id":"https:\/\/haberkuzey.com\/index.php\/2025\/03\/24\/kktcde-stratcom-public-forum-daha-adil-bir-dunya-mumkun-paneli-duzenlenecek\/","url":"https:\/\/haberkuzey.com\/index.php\/2025\/03\/24\/kktcde-stratcom-public-forum-daha-adil-bir-dunya-mumkun-paneli-duzenlenecek\/","name":"KKTC\u2019de \u201cStratcom Public Forum: Daha Adil Bir D\u00fcnya M\u00fcmk\u00fcn\u201d paneli d\u00fczenlenecek - Haber Kuzey","isPartOf":{"@id":"https:\/\/haberkuzey.com\/#website"},"primaryImageOfPage":{"@id":"https:\/\/haberkuzey.com\/index.php\/2025\/03\/24\/kktcde-stratcom-public-forum-daha-adil-bir-dunya-mumkun-paneli-duzenlenecek\/#primaryimage"},"image":{"@id":"https:\/\/haberkuzey.com\/index.php\/2025\/03\/24\/kktcde-stratcom-public-forum-daha-adil-bir-dunya-mumkun-paneli-duzenlenecek\/#primaryimage"},"thumbnailUrl":"https:\/\/haberkuzey.com\/wp-content\/uploads\/2025\/03\/13-STRACOM.jpg","datePublished":"2025-03-24T18:31:39+00:00","author":{"@id":"https:\/\/haberkuzey.com\/#\/schema\/person\/3372109ec735f9333f4fa47ebb9605ca"},"breadcrumb":{"@id":"https:\/\/haberkuzey.com\/index.php\/2025\/03\/24\/kktcde-stratcom-public-forum-daha-adil-bir-dunya-mumkun-paneli-duzenlenecek\/#breadcrumb"},"inLanguage":"tr","potentialAction":[{"@type":"ReadAction","target":["https:\/\/haberkuzey.com\/index.php\/2025\/03\/24\/kktcde-stratcom-public-forum-daha-adil-bir-dunya-mumkun-paneli-duzenlenecek\/"]}]},{"@type":"ImageObject","inLanguage":"tr","@id":"https:\/\/haberkuzey.com\/index.php\/2025\/03\/24\/kktcde-stratcom-public-forum-daha-adil-bir-dunya-mumkun-paneli-duzenlenecek\/#primaryimage","url":"https:\/\/haberkuzey.com\/wp-content\/uploads\/2025\/03\/13-STRACOM.jpg","contentUrl":"https:\/\/haberkuzey.com\/wp-content\/uploads\/2025\/03\/13-STRACOM.jpg","width":1920,"height":1080},{"@type":"BreadcrumbList","@id":"https:\/\/haberkuzey.com\/index.php\/2025\/03\/24\/kktcde-stratcom-public-forum-daha-adil-bir-dunya-mumkun-paneli-duzenlenecek\/#breadcrumb","itemListElement":[{"@type":"ListItem","position":1,"name":"Anasayfa","item":"https:\/\/haberkuzey.com\/"},{"@type":"ListItem","position":2,"name":"KKTC\u2019de \u201cStratcom Public Forum: Daha Adil Bir D\u00fcnya M\u00fcmk\u00fcn\u201d paneli d\u00fczenlenecek"}]},{"@type":"WebSite","@id":"https:\/\/haberkuzey.com\/#website","url":"https:\/\/haberkuzey.com\/","name":"Haber Kuzey","description":"Do\u011fru Haberin Adresi","potentialAction":[{"@type":"SearchAction","target":{"@type":"EntryPoint","urlTemplate":"https:\/\/haberkuzey.com\/?s={search_term_string}"},"query-input":{"@type":"PropertyValueSpecification","valueRequired":true,"valueName":"search_term_string"}}],"inLanguage":"tr"},{"@type":"Person","@id":"https:\/\/haberkuzey.com\/#\/schema\/person\/3372109ec735f9333f4fa47ebb9605ca","name":"haberkuzey","image":{"@type":"ImageObject","inLanguage":"tr","@id":"https:\/\/secure.gravatar.com\/avatar\/f5fc875574b1575324358c3b9e6a32b8227aa5b74f3fa22e3cadb63e26fcc39c?s=96&d=mm&r=g","url":"https:\/\/secure.gravatar.com\/avatar\/f5fc875574b1575324358c3b9e6a32b8227aa5b74f3fa22e3cadb63e26fcc39c?s=96&d=mm&r=g","contentUrl":"https:\/\/secure.gravatar.com\/avatar\/f5fc875574b1575324358c3b9e6a32b8227aa5b74f3fa22e3cadb63e26fcc39c?s=96&d=mm&r=g","caption":"haberkuzey"},"sameAs":["https:\/\/haberkuzey.com"],"url":"https:\/\/haberkuzey.com\/index.php\/author\/haberkuzey\/"}]}},"_links":{"self":[{"href":"https:\/\/haberkuzey.com\/index.php\/wp-json\/wp\/v2\/posts\/20674","targetHints":{"allow":["GET"]}}],"collection":[{"href":"https:\/\/haberkuzey.com\/index.php\/wp-json\/wp\/v2\/posts"}],"about":[{"href":"https:\/\/haberkuzey.com\/index.php\/wp-json\/wp\/v2\/types\/post"}],"author":[{"embeddable":true,"href":"https:\/\/haberkuzey.com\/index.php\/wp-json\/wp\/v2\/users\/1"}],"replies":[{"embeddable":true,"href":"https:\/\/haberkuzey.com\/index.php\/wp-json\/wp\/v2\/comments?post=20674"}],"version-history":[{"count":0,"href":"https:\/\/haberkuzey.com\/index.php\/wp-json\/wp\/v2\/posts\/20674\/revisions"}],"wp:featuredmedia":[{"embeddable":true,"href":"https:\/\/haberkuzey.com\/index.php\/wp-json\/wp\/v2\/media\/20675"}],"wp:attachment":[{"href":"https:\/\/haberkuzey.com\/index.php\/wp-json\/wp\/v2\/media?parent=20674"}],"wp:term":[{"taxonomy":"category","embeddable":true,"href":"https:\/\/haberkuzey.com\/index.php\/wp-json\/wp\/v2\/categories?post=20674"},{"taxonomy":"post_tag","embeddable":true,"href":"https:\/\/haberkuzey.com\/index.php\/wp-json\/wp\/v2\/tags?post=20674"}],"curies":[{"name":"wp","href":"https:\/\/api.w.org\/{rel}","templated":true}]}}