{"id":20668,"date":"2025-03-24T19:45:17","date_gmt":"2025-03-24T17:45:17","guid":{"rendered":"https:\/\/haberkuzey.com\/index.php\/2025\/03\/24\/tursabdan-kktc-turizmine-yeni-proje-ada-kibris\/"},"modified":"2025-03-24T19:45:17","modified_gmt":"2025-03-24T17:45:17","slug":"tursabdan-kktc-turizmine-yeni-proje-ada-kibris","status":"publish","type":"post","link":"https:\/\/haberkuzey.com\/index.php\/2025\/03\/24\/tursabdan-kktc-turizmine-yeni-proje-ada-kibris\/","title":{"rendered":"T\u00dcRSAB\u2019dan KKTC Turizmine Yeni Proje: \u201cAda K\u0131br\u0131s\u201d"},"content":{"rendered":"<div>\n<div class=\"mariselle-image-container center\">\n                                            <\/div>\n<p>\u00a0<\/p>\n<p>\u00a0T\u00fcrkiye, son y\u0131llarda turizmde ger\u00e7ekle\u015ftirdi\u011fi at\u0131l\u0131mlar, elde etti\u011fi gelir ve turist say\u0131s\u0131yla d\u00fcnyan\u0131n \u00f6nde gelen \u00fclkeleri aras\u0131nda ilk s\u0131ralarda yer al\u0131yor.<\/p>\n<p>Ekonomiye \u00f6nemli katk\u0131lar sa\u011flayan turizmde yeni rotalar tan\u0131tmay\u0131 hedefleyen turizm acenteleri ise bu y\u0131l da gelirlerin, hedeflenen rakamlara ula\u015faca\u011f\u0131n\u0131 \u00f6ng\u00f6r\u00fcyor.<\/p>\n<p>T\u00fcrkiye Seyahat Acentalar\u0131 Birli\u011fi Y\u00f6netim Kurulu Ba\u015fkan\u0131 Ba\u011fl\u0131kaya, AA muhabirine yapt\u0131\u011f\u0131 de\u011ferlendirmede, T\u00fcrkiye\u2019nin turizmde d\u00fcnyada ilk s\u0131ralar i\u00e7inde yer ald\u0131\u011f\u0131n\u0131 ve bu ba\u015far\u0131n\u0131n s\u00fcrd\u00fcr\u00fclebilir k\u0131l\u0131nmas\u0131 i\u00e7in sekt\u00f6r olarak \u00fczerlerine d\u00fc\u015fen sorumluluklar\u0131 yerine getirmeye haz\u0131r olduklar\u0131n\u0131 belirtti.<\/p>\n<p>T\u00dcRSAB\u2019\u0131n, Kuzey K\u0131br\u0131s T\u00fcrk Cumhuriyeti\u2019nde ger\u00e7ekle\u015ftirece\u011fi yeni projeden bahseden Firuz Ba\u011fl\u0131kaya, \u201cAda K\u0131br\u0131s projesi gibi yeni projelerle turizmde \u00e7e\u015fitlili\u011fi art\u0131rmay\u0131 hedefliyoruz. \u00c7ok belli \u00fcr\u00fcnlerle an\u0131lan KKTC, asl\u0131nda \u00e7ok g\u00fczel bir aile tatil destinasyonu. KKTC\u2019nin tan\u0131t\u0131m\u0131 i\u00e7in 250 seyahat acentesiyle bir program ger\u00e7ekle\u015ftirece\u011fiz\u201d \u015feklinde konu\u015ftu.<\/p>\n<\/p><\/div>\n<p><script async\n                    defer\n                    crossorigin=\"anonymous\"\n                    src=\"https:\/\/connect.facebook.net\/tr_TR\/sdk.js#xfbml=1&#038;version=v3.3\"\n            ><\/script><\/p>\n","protected":false},"excerpt":{"rendered":"<p>\u00a0 \u00a0T\u00fcrkiye, son y\u0131llarda turizmde ger\u00e7ekle\u015ftirdi\u011fi at\u0131l\u0131mlar, elde etti\u011fi gelir ve turist say\u0131s\u0131yla d\u00fcnyan\u0131n \u00f6nde gelen \u00fclkeleri aras\u0131nda ilk s\u0131ralarda yer al\u0131yor. Ekonomiye \u00f6nemli katk\u0131lar sa\u011flayan turizmde yeni rotalar tan\u0131tmay\u0131 hedefleyen turizm acenteleri ise bu y\u0131l da gelirlerin, hedeflenen rakamlara ula\u015faca\u011f\u0131n\u0131 \u00f6ng\u00f6r\u00fcyor. T\u00fcrkiye Seyahat Acentalar\u0131 Birli\u011fi Y\u00f6netim Kurulu Ba\u015fkan\u0131 Ba\u011fl\u0131kaya, AA muhabirine yapt\u0131\u011f\u0131 de\u011ferlendirmede, T\u00fcrkiye\u2019nin [&hellip;]<\/p>\n","protected":false},"author":1,"featured_media":20669,"comment_status":"open","ping_status":"open","sticky":false,"template":"","format":"standard","meta":{"jnews-multi-image_gallery":[],"jnews_single_post":[],"jnews_primary_category":[],"footnotes":""},"categories":[2],"tags":[],"class_list":["post-20668","post","type-post","status-publish","format-standard","has-post-thumbnail","hentry","category-dunya"],"yoast_head":"<!-- This site is optimized with the Yoast SEO plugin v27.5 - https:\/\/yoast.com\/product\/yoast-seo-wordpress\/ -->\n<title>T\u00dcRSAB\u2019dan KKTC Turizmine Yeni Proje: \u201cAda K\u0131br\u0131s\u201d - Haber Kuzey<\/title>\n<meta name=\"robots\" content=\"index, follow, max-snippet:-1, max-image-preview:large, max-video-preview:-1\" \/>\n<link rel=\"canonical\" href=\"https:\/\/haberkuzey.com\/index.php\/2025\/03\/24\/tursabdan-kktc-turizmine-yeni-proje-ada-kibris\/\" \/>\n<meta property=\"og:locale\" content=\"tr_TR\" \/>\n<meta property=\"og:type\" content=\"article\" \/>\n<meta property=\"og:title\" content=\"T\u00dcRSAB\u2019dan KKTC Turizmine Yeni Proje: \u201cAda K\u0131br\u0131s\u201d - Haber Kuzey\" \/>\n<meta property=\"og:description\" content=\"\u00a0 \u00a0T\u00fcrkiye, son y\u0131llarda turizmde ger\u00e7ekle\u015ftirdi\u011fi at\u0131l\u0131mlar, elde etti\u011fi gelir ve turist say\u0131s\u0131yla d\u00fcnyan\u0131n \u00f6nde gelen \u00fclkeleri aras\u0131nda ilk s\u0131ralarda yer al\u0131yor. Ekonomiye \u00f6nemli katk\u0131lar sa\u011flayan turizmde yeni rotalar tan\u0131tmay\u0131 hedefleyen turizm acenteleri ise bu y\u0131l da gelirlerin, hedeflenen rakamlara ula\u015faca\u011f\u0131n\u0131 \u00f6ng\u00f6r\u00fcyor. T\u00fcrkiye Seyahat Acentalar\u0131 Birli\u011fi Y\u00f6netim Kurulu Ba\u015fkan\u0131 Ba\u011fl\u0131kaya, AA muhabirine yapt\u0131\u011f\u0131 de\u011ferlendirmede, T\u00fcrkiye\u2019nin [&hellip;]\" \/>\n<meta property=\"og:url\" content=\"https:\/\/haberkuzey.com\/index.php\/2025\/03\/24\/tursabdan-kktc-turizmine-yeni-proje-ada-kibris\/\" \/>\n<meta property=\"og:site_name\" content=\"Haber Kuzey\" \/>\n<meta property=\"article:published_time\" content=\"2025-03-24T17:45:17+00:00\" \/>\n<meta property=\"og:image\" content=\"https:\/\/brtk.net\/wp-content\/uploads\/2025\/03\/24\/27887_tursabdan-kktc-turizmine-yeni-proje_0.jpg?ver=bbaaf00339187dd1ed7dae20763b32f0\" \/>\n<meta name=\"author\" content=\"haberkuzey\" \/>\n<meta name=\"twitter:card\" content=\"summary_large_image\" \/>\n<meta name=\"twitter:label1\" content=\"Yazan:\" \/>\n\t<meta name=\"twitter:data1\" content=\"haberkuzey\" \/>\n\t<meta name=\"twitter:label2\" content=\"Tahmini okuma s\u00fcresi\" \/>\n\t<meta name=\"twitter:data2\" content=\"1 dakika\" \/>\n<script type=\"application\/ld+json\" class=\"yoast-schema-graph\">{\"@context\":\"https:\\\/\\\/schema.org\",\"@graph\":[{\"@type\":\"Article\",\"@id\":\"https:\\\/\\\/haberkuzey.com\\\/index.php\\\/2025\\\/03\\\/24\\\/tursabdan-kktc-turizmine-yeni-proje-ada-kibris\\\/#article\",\"isPartOf\":{\"@id\":\"https:\\\/\\\/haberkuzey.com\\\/index.php\\\/2025\\\/03\\\/24\\\/tursabdan-kktc-turizmine-yeni-proje-ada-kibris\\\/\"},\"author\":{\"name\":\"haberkuzey\",\"@id\":\"https:\\\/\\\/haberkuzey.com\\\/#\\\/schema\\\/person\\\/3372109ec735f9333f4fa47ebb9605ca\"},\"headline\":\"T\u00dcRSAB\u2019dan KKTC Turizmine Yeni Proje: \u201cAda K\u0131br\u0131s\u201d\",\"datePublished\":\"2025-03-24T17:45:17+00:00\",\"mainEntityOfPage\":{\"@id\":\"https:\\\/\\\/haberkuzey.com\\\/index.php\\\/2025\\\/03\\\/24\\\/tursabdan-kktc-turizmine-yeni-proje-ada-kibris\\\/\"},\"wordCount\":208,\"commentCount\":0,\"image\":{\"@id\":\"https:\\\/\\\/haberkuzey.com\\\/index.php\\\/2025\\\/03\\\/24\\\/tursabdan-kktc-turizmine-yeni-proje-ada-kibris\\\/#primaryimage\"},\"thumbnailUrl\":\"https:\\\/\\\/haberkuzey.com\\\/wp-content\\\/uploads\\\/2025\\\/03\\\/27887_tursabdan-kktc-turizmine-yeni-proje_0.jpg\",\"articleSection\":[\"D\u00fcnya\"],\"inLanguage\":\"tr\",\"potentialAction\":[{\"@type\":\"CommentAction\",\"name\":\"Comment\",\"target\":[\"https:\\\/\\\/haberkuzey.com\\\/index.php\\\/2025\\\/03\\\/24\\\/tursabdan-kktc-turizmine-yeni-proje-ada-kibris\\\/#respond\"]}]},{\"@type\":\"WebPage\",\"@id\":\"https:\\\/\\\/haberkuzey.com\\\/index.php\\\/2025\\\/03\\\/24\\\/tursabdan-kktc-turizmine-yeni-proje-ada-kibris\\\/\",\"url\":\"https:\\\/\\\/haberkuzey.com\\\/index.php\\\/2025\\\/03\\\/24\\\/tursabdan-kktc-turizmine-yeni-proje-ada-kibris\\\/\",\"name\":\"T\u00dcRSAB\u2019dan KKTC Turizmine Yeni Proje: \u201cAda K\u0131br\u0131s\u201d - Haber Kuzey\",\"isPartOf\":{\"@id\":\"https:\\\/\\\/haberkuzey.com\\\/#website\"},\"primaryImageOfPage\":{\"@id\":\"https:\\\/\\\/haberkuzey.com\\\/index.php\\\/2025\\\/03\\\/24\\\/tursabdan-kktc-turizmine-yeni-proje-ada-kibris\\\/#primaryimage\"},\"image\":{\"@id\":\"https:\\\/\\\/haberkuzey.com\\\/index.php\\\/2025\\\/03\\\/24\\\/tursabdan-kktc-turizmine-yeni-proje-ada-kibris\\\/#primaryimage\"},\"thumbnailUrl\":\"https:\\\/\\\/haberkuzey.com\\\/wp-content\\\/uploads\\\/2025\\\/03\\\/27887_tursabdan-kktc-turizmine-yeni-proje_0.jpg\",\"datePublished\":\"2025-03-24T17:45:17+00:00\",\"author\":{\"@id\":\"https:\\\/\\\/haberkuzey.com\\\/#\\\/schema\\\/person\\\/3372109ec735f9333f4fa47ebb9605ca\"},\"breadcrumb\":{\"@id\":\"https:\\\/\\\/haberkuzey.com\\\/index.php\\\/2025\\\/03\\\/24\\\/tursabdan-kktc-turizmine-yeni-proje-ada-kibris\\\/#breadcrumb\"},\"inLanguage\":\"tr\",\"potentialAction\":[{\"@type\":\"ReadAction\",\"target\":[\"https:\\\/\\\/haberkuzey.com\\\/index.php\\\/2025\\\/03\\\/24\\\/tursabdan-kktc-turizmine-yeni-proje-ada-kibris\\\/\"]}]},{\"@type\":\"ImageObject\",\"inLanguage\":\"tr\",\"@id\":\"https:\\\/\\\/haberkuzey.com\\\/index.php\\\/2025\\\/03\\\/24\\\/tursabdan-kktc-turizmine-yeni-proje-ada-kibris\\\/#primaryimage\",\"url\":\"https:\\\/\\\/haberkuzey.com\\\/wp-content\\\/uploads\\\/2025\\\/03\\\/27887_tursabdan-kktc-turizmine-yeni-proje_0.jpg\",\"contentUrl\":\"https:\\\/\\\/haberkuzey.com\\\/wp-content\\\/uploads\\\/2025\\\/03\\\/27887_tursabdan-kktc-turizmine-yeni-proje_0.jpg\",\"width\":800,\"height\":500},{\"@type\":\"BreadcrumbList\",\"@id\":\"https:\\\/\\\/haberkuzey.com\\\/index.php\\\/2025\\\/03\\\/24\\\/tursabdan-kktc-turizmine-yeni-proje-ada-kibris\\\/#breadcrumb\",\"itemListElement\":[{\"@type\":\"ListItem\",\"position\":1,\"name\":\"Anasayfa\",\"item\":\"https:\\\/\\\/haberkuzey.com\\\/\"},{\"@type\":\"ListItem\",\"position\":2,\"name\":\"T\u00dcRSAB\u2019dan KKTC Turizmine Yeni Proje: \u201cAda K\u0131br\u0131s\u201d\"}]},{\"@type\":\"WebSite\",\"@id\":\"https:\\\/\\\/haberkuzey.com\\\/#website\",\"url\":\"https:\\\/\\\/haberkuzey.com\\\/\",\"name\":\"Haber Kuzey\",\"description\":\"Do\u011fru Haberin Adresi\",\"potentialAction\":[{\"@type\":\"SearchAction\",\"target\":{\"@type\":\"EntryPoint\",\"urlTemplate\":\"https:\\\/\\\/haberkuzey.com\\\/?s={search_term_string}\"},\"query-input\":{\"@type\":\"PropertyValueSpecification\",\"valueRequired\":true,\"valueName\":\"search_term_string\"}}],\"inLanguage\":\"tr\"},{\"@type\":\"Person\",\"@id\":\"https:\\\/\\\/haberkuzey.com\\\/#\\\/schema\\\/person\\\/3372109ec735f9333f4fa47ebb9605ca\",\"name\":\"haberkuzey\",\"image\":{\"@type\":\"ImageObject\",\"inLanguage\":\"tr\",\"@id\":\"https:\\\/\\\/secure.gravatar.com\\\/avatar\\\/f5fc875574b1575324358c3b9e6a32b8227aa5b74f3fa22e3cadb63e26fcc39c?s=96&d=mm&r=g\",\"url\":\"https:\\\/\\\/secure.gravatar.com\\\/avatar\\\/f5fc875574b1575324358c3b9e6a32b8227aa5b74f3fa22e3cadb63e26fcc39c?s=96&d=mm&r=g\",\"contentUrl\":\"https:\\\/\\\/secure.gravatar.com\\\/avatar\\\/f5fc875574b1575324358c3b9e6a32b8227aa5b74f3fa22e3cadb63e26fcc39c?s=96&d=mm&r=g\",\"caption\":\"haberkuzey\"},\"sameAs\":[\"https:\\\/\\\/haberkuzey.com\"],\"url\":\"https:\\\/\\\/haberkuzey.com\\\/index.php\\\/author\\\/haberkuzey\\\/\"}]}<\/script>\n<!-- \/ Yoast SEO plugin. -->","yoast_head_json":{"title":"T\u00dcRSAB\u2019dan KKTC Turizmine Yeni Proje: \u201cAda K\u0131br\u0131s\u201d - Haber Kuzey","robots":{"index":"index","follow":"follow","max-snippet":"max-snippet:-1","max-image-preview":"max-image-preview:large","max-video-preview":"max-video-preview:-1"},"canonical":"https:\/\/haberkuzey.com\/index.php\/2025\/03\/24\/tursabdan-kktc-turizmine-yeni-proje-ada-kibris\/","og_locale":"tr_TR","og_type":"article","og_title":"T\u00dcRSAB\u2019dan KKTC Turizmine Yeni Proje: \u201cAda K\u0131br\u0131s\u201d - Haber Kuzey","og_description":"\u00a0 \u00a0T\u00fcrkiye, son y\u0131llarda turizmde ger\u00e7ekle\u015ftirdi\u011fi at\u0131l\u0131mlar, elde etti\u011fi gelir ve turist say\u0131s\u0131yla d\u00fcnyan\u0131n \u00f6nde gelen \u00fclkeleri aras\u0131nda ilk s\u0131ralarda yer al\u0131yor. Ekonomiye \u00f6nemli katk\u0131lar sa\u011flayan turizmde yeni rotalar tan\u0131tmay\u0131 hedefleyen turizm acenteleri ise bu y\u0131l da gelirlerin, hedeflenen rakamlara ula\u015faca\u011f\u0131n\u0131 \u00f6ng\u00f6r\u00fcyor. T\u00fcrkiye Seyahat Acentalar\u0131 Birli\u011fi Y\u00f6netim Kurulu Ba\u015fkan\u0131 Ba\u011fl\u0131kaya, AA muhabirine yapt\u0131\u011f\u0131 de\u011ferlendirmede, T\u00fcrkiye\u2019nin [&hellip;]","og_url":"https:\/\/haberkuzey.com\/index.php\/2025\/03\/24\/tursabdan-kktc-turizmine-yeni-proje-ada-kibris\/","og_site_name":"Haber Kuzey","article_published_time":"2025-03-24T17:45:17+00:00","og_image":[{"url":"https:\/\/brtk.net\/wp-content\/uploads\/2025\/03\/24\/27887_tursabdan-kktc-turizmine-yeni-proje_0.jpg?ver=bbaaf00339187dd1ed7dae20763b32f0","type":"","width":"","height":""}],"author":"haberkuzey","twitter_card":"summary_large_image","twitter_misc":{"Yazan:":"haberkuzey","Tahmini okuma s\u00fcresi":"1 dakika"},"schema":{"@context":"https:\/\/schema.org","@graph":[{"@type":"Article","@id":"https:\/\/haberkuzey.com\/index.php\/2025\/03\/24\/tursabdan-kktc-turizmine-yeni-proje-ada-kibris\/#article","isPartOf":{"@id":"https:\/\/haberkuzey.com\/index.php\/2025\/03\/24\/tursabdan-kktc-turizmine-yeni-proje-ada-kibris\/"},"author":{"name":"haberkuzey","@id":"https:\/\/haberkuzey.com\/#\/schema\/person\/3372109ec735f9333f4fa47ebb9605ca"},"headline":"T\u00dcRSAB\u2019dan KKTC Turizmine Yeni Proje: \u201cAda K\u0131br\u0131s\u201d","datePublished":"2025-03-24T17:45:17+00:00","mainEntityOfPage":{"@id":"https:\/\/haberkuzey.com\/index.php\/2025\/03\/24\/tursabdan-kktc-turizmine-yeni-proje-ada-kibris\/"},"wordCount":208,"commentCount":0,"image":{"@id":"https:\/\/haberkuzey.com\/index.php\/2025\/03\/24\/tursabdan-kktc-turizmine-yeni-proje-ada-kibris\/#primaryimage"},"thumbnailUrl":"https:\/\/haberkuzey.com\/wp-content\/uploads\/2025\/03\/27887_tursabdan-kktc-turizmine-yeni-proje_0.jpg","articleSection":["D\u00fcnya"],"inLanguage":"tr","potentialAction":[{"@type":"CommentAction","name":"Comment","target":["https:\/\/haberkuzey.com\/index.php\/2025\/03\/24\/tursabdan-kktc-turizmine-yeni-proje-ada-kibris\/#respond"]}]},{"@type":"WebPage","@id":"https:\/\/haberkuzey.com\/index.php\/2025\/03\/24\/tursabdan-kktc-turizmine-yeni-proje-ada-kibris\/","url":"https:\/\/haberkuzey.com\/index.php\/2025\/03\/24\/tursabdan-kktc-turizmine-yeni-proje-ada-kibris\/","name":"T\u00dcRSAB\u2019dan KKTC Turizmine Yeni Proje: \u201cAda K\u0131br\u0131s\u201d - Haber Kuzey","isPartOf":{"@id":"https:\/\/haberkuzey.com\/#website"},"primaryImageOfPage":{"@id":"https:\/\/haberkuzey.com\/index.php\/2025\/03\/24\/tursabdan-kktc-turizmine-yeni-proje-ada-kibris\/#primaryimage"},"image":{"@id":"https:\/\/haberkuzey.com\/index.php\/2025\/03\/24\/tursabdan-kktc-turizmine-yeni-proje-ada-kibris\/#primaryimage"},"thumbnailUrl":"https:\/\/haberkuzey.com\/wp-content\/uploads\/2025\/03\/27887_tursabdan-kktc-turizmine-yeni-proje_0.jpg","datePublished":"2025-03-24T17:45:17+00:00","author":{"@id":"https:\/\/haberkuzey.com\/#\/schema\/person\/3372109ec735f9333f4fa47ebb9605ca"},"breadcrumb":{"@id":"https:\/\/haberkuzey.com\/index.php\/2025\/03\/24\/tursabdan-kktc-turizmine-yeni-proje-ada-kibris\/#breadcrumb"},"inLanguage":"tr","potentialAction":[{"@type":"ReadAction","target":["https:\/\/haberkuzey.com\/index.php\/2025\/03\/24\/tursabdan-kktc-turizmine-yeni-proje-ada-kibris\/"]}]},{"@type":"ImageObject","inLanguage":"tr","@id":"https:\/\/haberkuzey.com\/index.php\/2025\/03\/24\/tursabdan-kktc-turizmine-yeni-proje-ada-kibris\/#primaryimage","url":"https:\/\/haberkuzey.com\/wp-content\/uploads\/2025\/03\/27887_tursabdan-kktc-turizmine-yeni-proje_0.jpg","contentUrl":"https:\/\/haberkuzey.com\/wp-content\/uploads\/2025\/03\/27887_tursabdan-kktc-turizmine-yeni-proje_0.jpg","width":800,"height":500},{"@type":"BreadcrumbList","@id":"https:\/\/haberkuzey.com\/index.php\/2025\/03\/24\/tursabdan-kktc-turizmine-yeni-proje-ada-kibris\/#breadcrumb","itemListElement":[{"@type":"ListItem","position":1,"name":"Anasayfa","item":"https:\/\/haberkuzey.com\/"},{"@type":"ListItem","position":2,"name":"T\u00dcRSAB\u2019dan KKTC Turizmine Yeni Proje: \u201cAda K\u0131br\u0131s\u201d"}]},{"@type":"WebSite","@id":"https:\/\/haberkuzey.com\/#website","url":"https:\/\/haberkuzey.com\/","name":"Haber Kuzey","description":"Do\u011fru Haberin Adresi","potentialAction":[{"@type":"SearchAction","target":{"@type":"EntryPoint","urlTemplate":"https:\/\/haberkuzey.com\/?s={search_term_string}"},"query-input":{"@type":"PropertyValueSpecification","valueRequired":true,"valueName":"search_term_string"}}],"inLanguage":"tr"},{"@type":"Person","@id":"https:\/\/haberkuzey.com\/#\/schema\/person\/3372109ec735f9333f4fa47ebb9605ca","name":"haberkuzey","image":{"@type":"ImageObject","inLanguage":"tr","@id":"https:\/\/secure.gravatar.com\/avatar\/f5fc875574b1575324358c3b9e6a32b8227aa5b74f3fa22e3cadb63e26fcc39c?s=96&d=mm&r=g","url":"https:\/\/secure.gravatar.com\/avatar\/f5fc875574b1575324358c3b9e6a32b8227aa5b74f3fa22e3cadb63e26fcc39c?s=96&d=mm&r=g","contentUrl":"https:\/\/secure.gravatar.com\/avatar\/f5fc875574b1575324358c3b9e6a32b8227aa5b74f3fa22e3cadb63e26fcc39c?s=96&d=mm&r=g","caption":"haberkuzey"},"sameAs":["https:\/\/haberkuzey.com"],"url":"https:\/\/haberkuzey.com\/index.php\/author\/haberkuzey\/"}]}},"_links":{"self":[{"href":"https:\/\/haberkuzey.com\/index.php\/wp-json\/wp\/v2\/posts\/20668","targetHints":{"allow":["GET"]}}],"collection":[{"href":"https:\/\/haberkuzey.com\/index.php\/wp-json\/wp\/v2\/posts"}],"about":[{"href":"https:\/\/haberkuzey.com\/index.php\/wp-json\/wp\/v2\/types\/post"}],"author":[{"embeddable":true,"href":"https:\/\/haberkuzey.com\/index.php\/wp-json\/wp\/v2\/users\/1"}],"replies":[{"embeddable":true,"href":"https:\/\/haberkuzey.com\/index.php\/wp-json\/wp\/v2\/comments?post=20668"}],"version-history":[{"count":0,"href":"https:\/\/haberkuzey.com\/index.php\/wp-json\/wp\/v2\/posts\/20668\/revisions"}],"wp:featuredmedia":[{"embeddable":true,"href":"https:\/\/haberkuzey.com\/index.php\/wp-json\/wp\/v2\/media\/20669"}],"wp:attachment":[{"href":"https:\/\/haberkuzey.com\/index.php\/wp-json\/wp\/v2\/media?parent=20668"}],"wp:term":[{"taxonomy":"category","embeddable":true,"href":"https:\/\/haberkuzey.com\/index.php\/wp-json\/wp\/v2\/categories?post=20668"},{"taxonomy":"post_tag","embeddable":true,"href":"https:\/\/haberkuzey.com\/index.php\/wp-json\/wp\/v2\/tags?post=20668"}],"curies":[{"name":"wp","href":"https:\/\/api.w.org\/{rel}","templated":true}]}}