{"id":20592,"date":"2025-03-23T19:58:27","date_gmt":"2025-03-23T17:58:27","guid":{"rendered":"https:\/\/haberkuzey.com\/index.php\/2025\/03\/23\/ibb-medya-as-yonetim-kurulu-baskani-murat-ongun-tutuklandi\/"},"modified":"2025-03-23T19:58:27","modified_gmt":"2025-03-23T17:58:27","slug":"ibb-medya-as-yonetim-kurulu-baskani-murat-ongun-tutuklandi","status":"publish","type":"post","link":"https:\/\/haberkuzey.com\/index.php\/2025\/03\/23\/ibb-medya-as-yonetim-kurulu-baskani-murat-ongun-tutuklandi\/","title":{"rendered":"\u0130BB Medya A\u015e Y\u00f6netim Kurulu Ba\u015fkan\u0131 Murat Ongun tutukland\u0131"},"content":{"rendered":"<div>\n<div class=\"mariselle-image-container center\">\n                                            <\/div>\n<p>\n\u0130stanbul B\u00fcy\u00fck\u015fehir Belediyesi (\u0130BB) Medya A\u015e. Y\u00f6netim Kurulu Ba\u015fkan\u0131 Murat Ongun ile \u0130mamo\u011flu \u0130n\u015faat \u015eirketi Genel M\u00fcd\u00fcr\u00fc Tuncay Y\u0131lmaz, \u0130BB\u2019ye y\u00f6nelik \u201cyolsuzluk\u201d soru\u015fturmas\u0131 kapsam\u0131nda sevk edildi\u011fi n\u00f6bet\u00e7i sulh ceza hakimli\u011fince tutukland\u0131.<\/p>\n<p>\u0130stanbul Cumhuriyet Ba\u015fsavc\u0131l\u0131\u011f\u0131nca, \u0130BB Ba\u015fkan\u0131 Ekrem \u0130mamo\u011flu ve 99 \u015f\u00fcpheli hakk\u0131nda \u201csu\u00e7 \u00f6rg\u00fct\u00fc y\u00f6neticisi olmak\u201d, \u201csu\u00e7 \u00f6rg\u00fct\u00fcne \u00fcye olmak\u201d, \u201cirtikap\u201d, \u201cr\u00fc\u015fvet\u201d, \u201cnitelikli doland\u0131r\u0131c\u0131l\u0131k\u201d, \u201cki\u015fisel verileri hukuka ayk\u0131r\u0131 ele ge\u00e7irmek\u201d ve \u201cihaleye fesat kar\u0131\u015ft\u0131rmak\u201d su\u00e7lar\u0131 ile yine \u0130mamo\u011flu, \u0130BB Genel Sekreter Yard\u0131mc\u0131s\u0131 Mahir Polat, \u015ei\u015fli Belediye Ba\u015fkan\u0131 Resul Emrah \u015eahan\u2019\u0131n da aralar\u0131nda bulundu\u011fu 7 \u015f\u00fcpheli hakk\u0131nda \u201cPKK\/KCK ter\u00f6r \u00f6rg\u00fct\u00fcne yard\u0131m etmek\u201d su\u00e7undan ba\u015flat\u0131lan soru\u015fturmalar s\u00fcr\u00fcyor.<\/p>\n<p>Emniyetteki i\u015flemlerinin ard\u0131ndan \u00c7a\u011flayan\u2019daki \u0130stanbul Adliyesi\u2019ne sevk edilen baz\u0131 \u015f\u00fcphelilerin n\u00f6bet\u00e7i sulh ceza hakimli\u011findeki i\u015flemleri tamamland\u0131.<\/p>\n<p>Hakimlik, \u015f\u00fcpheli Ongun ve Y\u0131lmaz\u2019\u0131n tutuklanmas\u0131na h\u00fckmetti.<\/p>\n<p>Di\u011fer \u015f\u00fcphelilerin ise hakimlikteki sorgusu devam ediyor.<\/p>\n<\/p><\/div>\n<p><script async\n                    defer\n                    crossorigin=\"anonymous\"\n                    src=\"https:\/\/connect.facebook.net\/tr_TR\/sdk.js#xfbml=1&#038;version=v3.3\"\n            ><\/script><\/p>\n","protected":false},"excerpt":{"rendered":"<p>\u0130stanbul B\u00fcy\u00fck\u015fehir Belediyesi (\u0130BB) Medya A\u015e. Y\u00f6netim Kurulu Ba\u015fkan\u0131 Murat Ongun ile \u0130mamo\u011flu \u0130n\u015faat \u015eirketi Genel M\u00fcd\u00fcr\u00fc Tuncay Y\u0131lmaz, \u0130BB\u2019ye y\u00f6nelik \u201cyolsuzluk\u201d soru\u015fturmas\u0131 kapsam\u0131nda sevk edildi\u011fi n\u00f6bet\u00e7i sulh ceza hakimli\u011fince tutukland\u0131. \u0130stanbul Cumhuriyet Ba\u015fsavc\u0131l\u0131\u011f\u0131nca, \u0130BB Ba\u015fkan\u0131 Ekrem \u0130mamo\u011flu ve 99 \u015f\u00fcpheli hakk\u0131nda \u201csu\u00e7 \u00f6rg\u00fct\u00fc y\u00f6neticisi olmak\u201d, \u201csu\u00e7 \u00f6rg\u00fct\u00fcne \u00fcye olmak\u201d, \u201cirtikap\u201d, \u201cr\u00fc\u015fvet\u201d, \u201cnitelikli doland\u0131r\u0131c\u0131l\u0131k\u201d, \u201cki\u015fisel [&hellip;]<\/p>\n","protected":false},"author":1,"featured_media":20593,"comment_status":"open","ping_status":"open","sticky":false,"template":"","format":"standard","meta":{"jnews-multi-image_gallery":[],"jnews_single_post":[],"jnews_primary_category":[],"footnotes":""},"categories":[2],"tags":[],"class_list":["post-20592","post","type-post","status-publish","format-standard","has-post-thumbnail","hentry","category-dunya"],"yoast_head":"<!-- This site is optimized with the Yoast SEO plugin v27.5 - https:\/\/yoast.com\/product\/yoast-seo-wordpress\/ -->\n<title>\u0130BB Medya A\u015e Y\u00f6netim Kurulu Ba\u015fkan\u0131 Murat Ongun tutukland\u0131 - Haber Kuzey<\/title>\n<meta name=\"robots\" content=\"index, follow, max-snippet:-1, max-image-preview:large, max-video-preview:-1\" \/>\n<link rel=\"canonical\" href=\"https:\/\/haberkuzey.com\/index.php\/2025\/03\/23\/ibb-medya-as-yonetim-kurulu-baskani-murat-ongun-tutuklandi\/\" \/>\n<meta property=\"og:locale\" content=\"tr_TR\" \/>\n<meta property=\"og:type\" content=\"article\" \/>\n<meta property=\"og:title\" content=\"\u0130BB Medya A\u015e Y\u00f6netim Kurulu Ba\u015fkan\u0131 Murat Ongun tutukland\u0131 - Haber Kuzey\" \/>\n<meta property=\"og:description\" content=\"\u0130stanbul B\u00fcy\u00fck\u015fehir Belediyesi (\u0130BB) Medya A\u015e. Y\u00f6netim Kurulu Ba\u015fkan\u0131 Murat Ongun ile \u0130mamo\u011flu \u0130n\u015faat \u015eirketi Genel M\u00fcd\u00fcr\u00fc Tuncay Y\u0131lmaz, \u0130BB\u2019ye y\u00f6nelik \u201cyolsuzluk\u201d soru\u015fturmas\u0131 kapsam\u0131nda sevk edildi\u011fi n\u00f6bet\u00e7i sulh ceza hakimli\u011fince tutukland\u0131. \u0130stanbul Cumhuriyet Ba\u015fsavc\u0131l\u0131\u011f\u0131nca, \u0130BB Ba\u015fkan\u0131 Ekrem \u0130mamo\u011flu ve 99 \u015f\u00fcpheli hakk\u0131nda \u201csu\u00e7 \u00f6rg\u00fct\u00fc y\u00f6neticisi olmak\u201d, \u201csu\u00e7 \u00f6rg\u00fct\u00fcne \u00fcye olmak\u201d, \u201cirtikap\u201d, \u201cr\u00fc\u015fvet\u201d, \u201cnitelikli doland\u0131r\u0131c\u0131l\u0131k\u201d, \u201cki\u015fisel [&hellip;]\" \/>\n<meta property=\"og:url\" content=\"https:\/\/haberkuzey.com\/index.php\/2025\/03\/23\/ibb-medya-as-yonetim-kurulu-baskani-murat-ongun-tutuklandi\/\" \/>\n<meta property=\"og:site_name\" content=\"Haber Kuzey\" \/>\n<meta property=\"article:published_time\" content=\"2025-03-23T17:58:27+00:00\" \/>\n<meta property=\"og:image\" content=\"https:\/\/brtk.net\/wp-content\/uploads\/2025\/03\/23\/1742714555607thumbs_b_c_3a796e72e3665b44289a5519505347d5.jpg?ver=6350e84d2e9c8caa9b8626ab2b8039e5\" \/>\n<meta name=\"author\" content=\"haberkuzey\" \/>\n<meta name=\"twitter:card\" content=\"summary_large_image\" \/>\n<meta name=\"twitter:label1\" content=\"Yazan:\" \/>\n\t<meta name=\"twitter:data1\" content=\"haberkuzey\" \/>\n\t<meta name=\"twitter:label2\" content=\"Tahmini okuma s\u00fcresi\" \/>\n\t<meta name=\"twitter:data2\" content=\"1 dakika\" \/>\n<script type=\"application\/ld+json\" class=\"yoast-schema-graph\">{\"@context\":\"https:\\\/\\\/schema.org\",\"@graph\":[{\"@type\":\"Article\",\"@id\":\"https:\\\/\\\/haberkuzey.com\\\/index.php\\\/2025\\\/03\\\/23\\\/ibb-medya-as-yonetim-kurulu-baskani-murat-ongun-tutuklandi\\\/#article\",\"isPartOf\":{\"@id\":\"https:\\\/\\\/haberkuzey.com\\\/index.php\\\/2025\\\/03\\\/23\\\/ibb-medya-as-yonetim-kurulu-baskani-murat-ongun-tutuklandi\\\/\"},\"author\":{\"name\":\"haberkuzey\",\"@id\":\"https:\\\/\\\/haberkuzey.com\\\/#\\\/schema\\\/person\\\/3372109ec735f9333f4fa47ebb9605ca\"},\"headline\":\"\u0130BB Medya A\u015e Y\u00f6netim Kurulu Ba\u015fkan\u0131 Murat Ongun tutukland\u0131\",\"datePublished\":\"2025-03-23T17:58:27+00:00\",\"mainEntityOfPage\":{\"@id\":\"https:\\\/\\\/haberkuzey.com\\\/index.php\\\/2025\\\/03\\\/23\\\/ibb-medya-as-yonetim-kurulu-baskani-murat-ongun-tutuklandi\\\/\"},\"wordCount\":207,\"commentCount\":0,\"image\":{\"@id\":\"https:\\\/\\\/haberkuzey.com\\\/index.php\\\/2025\\\/03\\\/23\\\/ibb-medya-as-yonetim-kurulu-baskani-murat-ongun-tutuklandi\\\/#primaryimage\"},\"thumbnailUrl\":\"https:\\\/\\\/haberkuzey.com\\\/wp-content\\\/uploads\\\/2025\\\/03\\\/1742714555607thumbs_b_c_3a796e72e3665b44289a5519505347d5.jpg\",\"articleSection\":[\"D\u00fcnya\"],\"inLanguage\":\"tr\",\"potentialAction\":[{\"@type\":\"CommentAction\",\"name\":\"Comment\",\"target\":[\"https:\\\/\\\/haberkuzey.com\\\/index.php\\\/2025\\\/03\\\/23\\\/ibb-medya-as-yonetim-kurulu-baskani-murat-ongun-tutuklandi\\\/#respond\"]}]},{\"@type\":\"WebPage\",\"@id\":\"https:\\\/\\\/haberkuzey.com\\\/index.php\\\/2025\\\/03\\\/23\\\/ibb-medya-as-yonetim-kurulu-baskani-murat-ongun-tutuklandi\\\/\",\"url\":\"https:\\\/\\\/haberkuzey.com\\\/index.php\\\/2025\\\/03\\\/23\\\/ibb-medya-as-yonetim-kurulu-baskani-murat-ongun-tutuklandi\\\/\",\"name\":\"\u0130BB Medya A\u015e Y\u00f6netim Kurulu Ba\u015fkan\u0131 Murat Ongun tutukland\u0131 - Haber Kuzey\",\"isPartOf\":{\"@id\":\"https:\\\/\\\/haberkuzey.com\\\/#website\"},\"primaryImageOfPage\":{\"@id\":\"https:\\\/\\\/haberkuzey.com\\\/index.php\\\/2025\\\/03\\\/23\\\/ibb-medya-as-yonetim-kurulu-baskani-murat-ongun-tutuklandi\\\/#primaryimage\"},\"image\":{\"@id\":\"https:\\\/\\\/haberkuzey.com\\\/index.php\\\/2025\\\/03\\\/23\\\/ibb-medya-as-yonetim-kurulu-baskani-murat-ongun-tutuklandi\\\/#primaryimage\"},\"thumbnailUrl\":\"https:\\\/\\\/haberkuzey.com\\\/wp-content\\\/uploads\\\/2025\\\/03\\\/1742714555607thumbs_b_c_3a796e72e3665b44289a5519505347d5.jpg\",\"datePublished\":\"2025-03-23T17:58:27+00:00\",\"author\":{\"@id\":\"https:\\\/\\\/haberkuzey.com\\\/#\\\/schema\\\/person\\\/3372109ec735f9333f4fa47ebb9605ca\"},\"breadcrumb\":{\"@id\":\"https:\\\/\\\/haberkuzey.com\\\/index.php\\\/2025\\\/03\\\/23\\\/ibb-medya-as-yonetim-kurulu-baskani-murat-ongun-tutuklandi\\\/#breadcrumb\"},\"inLanguage\":\"tr\",\"potentialAction\":[{\"@type\":\"ReadAction\",\"target\":[\"https:\\\/\\\/haberkuzey.com\\\/index.php\\\/2025\\\/03\\\/23\\\/ibb-medya-as-yonetim-kurulu-baskani-murat-ongun-tutuklandi\\\/\"]}]},{\"@type\":\"ImageObject\",\"inLanguage\":\"tr\",\"@id\":\"https:\\\/\\\/haberkuzey.com\\\/index.php\\\/2025\\\/03\\\/23\\\/ibb-medya-as-yonetim-kurulu-baskani-murat-ongun-tutuklandi\\\/#primaryimage\",\"url\":\"https:\\\/\\\/haberkuzey.com\\\/wp-content\\\/uploads\\\/2025\\\/03\\\/1742714555607thumbs_b_c_3a796e72e3665b44289a5519505347d5.jpg\",\"contentUrl\":\"https:\\\/\\\/haberkuzey.com\\\/wp-content\\\/uploads\\\/2025\\\/03\\\/1742714555607thumbs_b_c_3a796e72e3665b44289a5519505347d5.jpg\",\"width\":864,\"height\":486},{\"@type\":\"BreadcrumbList\",\"@id\":\"https:\\\/\\\/haberkuzey.com\\\/index.php\\\/2025\\\/03\\\/23\\\/ibb-medya-as-yonetim-kurulu-baskani-murat-ongun-tutuklandi\\\/#breadcrumb\",\"itemListElement\":[{\"@type\":\"ListItem\",\"position\":1,\"name\":\"Anasayfa\",\"item\":\"https:\\\/\\\/haberkuzey.com\\\/\"},{\"@type\":\"ListItem\",\"position\":2,\"name\":\"\u0130BB Medya A\u015e Y\u00f6netim Kurulu Ba\u015fkan\u0131 Murat Ongun tutukland\u0131\"}]},{\"@type\":\"WebSite\",\"@id\":\"https:\\\/\\\/haberkuzey.com\\\/#website\",\"url\":\"https:\\\/\\\/haberkuzey.com\\\/\",\"name\":\"Haber Kuzey\",\"description\":\"Do\u011fru Haberin Adresi\",\"potentialAction\":[{\"@type\":\"SearchAction\",\"target\":{\"@type\":\"EntryPoint\",\"urlTemplate\":\"https:\\\/\\\/haberkuzey.com\\\/?s={search_term_string}\"},\"query-input\":{\"@type\":\"PropertyValueSpecification\",\"valueRequired\":true,\"valueName\":\"search_term_string\"}}],\"inLanguage\":\"tr\"},{\"@type\":\"Person\",\"@id\":\"https:\\\/\\\/haberkuzey.com\\\/#\\\/schema\\\/person\\\/3372109ec735f9333f4fa47ebb9605ca\",\"name\":\"haberkuzey\",\"image\":{\"@type\":\"ImageObject\",\"inLanguage\":\"tr\",\"@id\":\"https:\\\/\\\/secure.gravatar.com\\\/avatar\\\/f5fc875574b1575324358c3b9e6a32b8227aa5b74f3fa22e3cadb63e26fcc39c?s=96&d=mm&r=g\",\"url\":\"https:\\\/\\\/secure.gravatar.com\\\/avatar\\\/f5fc875574b1575324358c3b9e6a32b8227aa5b74f3fa22e3cadb63e26fcc39c?s=96&d=mm&r=g\",\"contentUrl\":\"https:\\\/\\\/secure.gravatar.com\\\/avatar\\\/f5fc875574b1575324358c3b9e6a32b8227aa5b74f3fa22e3cadb63e26fcc39c?s=96&d=mm&r=g\",\"caption\":\"haberkuzey\"},\"sameAs\":[\"https:\\\/\\\/haberkuzey.com\"],\"url\":\"https:\\\/\\\/haberkuzey.com\\\/index.php\\\/author\\\/haberkuzey\\\/\"}]}<\/script>\n<!-- \/ Yoast SEO plugin. -->","yoast_head_json":{"title":"\u0130BB Medya A\u015e Y\u00f6netim Kurulu Ba\u015fkan\u0131 Murat Ongun tutukland\u0131 - Haber Kuzey","robots":{"index":"index","follow":"follow","max-snippet":"max-snippet:-1","max-image-preview":"max-image-preview:large","max-video-preview":"max-video-preview:-1"},"canonical":"https:\/\/haberkuzey.com\/index.php\/2025\/03\/23\/ibb-medya-as-yonetim-kurulu-baskani-murat-ongun-tutuklandi\/","og_locale":"tr_TR","og_type":"article","og_title":"\u0130BB Medya A\u015e Y\u00f6netim Kurulu Ba\u015fkan\u0131 Murat Ongun tutukland\u0131 - Haber Kuzey","og_description":"\u0130stanbul B\u00fcy\u00fck\u015fehir Belediyesi (\u0130BB) Medya A\u015e. Y\u00f6netim Kurulu Ba\u015fkan\u0131 Murat Ongun ile \u0130mamo\u011flu \u0130n\u015faat \u015eirketi Genel M\u00fcd\u00fcr\u00fc Tuncay Y\u0131lmaz, \u0130BB\u2019ye y\u00f6nelik \u201cyolsuzluk\u201d soru\u015fturmas\u0131 kapsam\u0131nda sevk edildi\u011fi n\u00f6bet\u00e7i sulh ceza hakimli\u011fince tutukland\u0131. \u0130stanbul Cumhuriyet Ba\u015fsavc\u0131l\u0131\u011f\u0131nca, \u0130BB Ba\u015fkan\u0131 Ekrem \u0130mamo\u011flu ve 99 \u015f\u00fcpheli hakk\u0131nda \u201csu\u00e7 \u00f6rg\u00fct\u00fc y\u00f6neticisi olmak\u201d, \u201csu\u00e7 \u00f6rg\u00fct\u00fcne \u00fcye olmak\u201d, \u201cirtikap\u201d, \u201cr\u00fc\u015fvet\u201d, \u201cnitelikli doland\u0131r\u0131c\u0131l\u0131k\u201d, \u201cki\u015fisel [&hellip;]","og_url":"https:\/\/haberkuzey.com\/index.php\/2025\/03\/23\/ibb-medya-as-yonetim-kurulu-baskani-murat-ongun-tutuklandi\/","og_site_name":"Haber Kuzey","article_published_time":"2025-03-23T17:58:27+00:00","og_image":[{"url":"https:\/\/brtk.net\/wp-content\/uploads\/2025\/03\/23\/1742714555607thumbs_b_c_3a796e72e3665b44289a5519505347d5.jpg?ver=6350e84d2e9c8caa9b8626ab2b8039e5","type":"","width":"","height":""}],"author":"haberkuzey","twitter_card":"summary_large_image","twitter_misc":{"Yazan:":"haberkuzey","Tahmini okuma s\u00fcresi":"1 dakika"},"schema":{"@context":"https:\/\/schema.org","@graph":[{"@type":"Article","@id":"https:\/\/haberkuzey.com\/index.php\/2025\/03\/23\/ibb-medya-as-yonetim-kurulu-baskani-murat-ongun-tutuklandi\/#article","isPartOf":{"@id":"https:\/\/haberkuzey.com\/index.php\/2025\/03\/23\/ibb-medya-as-yonetim-kurulu-baskani-murat-ongun-tutuklandi\/"},"author":{"name":"haberkuzey","@id":"https:\/\/haberkuzey.com\/#\/schema\/person\/3372109ec735f9333f4fa47ebb9605ca"},"headline":"\u0130BB Medya A\u015e Y\u00f6netim Kurulu Ba\u015fkan\u0131 Murat Ongun tutukland\u0131","datePublished":"2025-03-23T17:58:27+00:00","mainEntityOfPage":{"@id":"https:\/\/haberkuzey.com\/index.php\/2025\/03\/23\/ibb-medya-as-yonetim-kurulu-baskani-murat-ongun-tutuklandi\/"},"wordCount":207,"commentCount":0,"image":{"@id":"https:\/\/haberkuzey.com\/index.php\/2025\/03\/23\/ibb-medya-as-yonetim-kurulu-baskani-murat-ongun-tutuklandi\/#primaryimage"},"thumbnailUrl":"https:\/\/haberkuzey.com\/wp-content\/uploads\/2025\/03\/1742714555607thumbs_b_c_3a796e72e3665b44289a5519505347d5.jpg","articleSection":["D\u00fcnya"],"inLanguage":"tr","potentialAction":[{"@type":"CommentAction","name":"Comment","target":["https:\/\/haberkuzey.com\/index.php\/2025\/03\/23\/ibb-medya-as-yonetim-kurulu-baskani-murat-ongun-tutuklandi\/#respond"]}]},{"@type":"WebPage","@id":"https:\/\/haberkuzey.com\/index.php\/2025\/03\/23\/ibb-medya-as-yonetim-kurulu-baskani-murat-ongun-tutuklandi\/","url":"https:\/\/haberkuzey.com\/index.php\/2025\/03\/23\/ibb-medya-as-yonetim-kurulu-baskani-murat-ongun-tutuklandi\/","name":"\u0130BB Medya A\u015e Y\u00f6netim Kurulu Ba\u015fkan\u0131 Murat Ongun tutukland\u0131 - Haber Kuzey","isPartOf":{"@id":"https:\/\/haberkuzey.com\/#website"},"primaryImageOfPage":{"@id":"https:\/\/haberkuzey.com\/index.php\/2025\/03\/23\/ibb-medya-as-yonetim-kurulu-baskani-murat-ongun-tutuklandi\/#primaryimage"},"image":{"@id":"https:\/\/haberkuzey.com\/index.php\/2025\/03\/23\/ibb-medya-as-yonetim-kurulu-baskani-murat-ongun-tutuklandi\/#primaryimage"},"thumbnailUrl":"https:\/\/haberkuzey.com\/wp-content\/uploads\/2025\/03\/1742714555607thumbs_b_c_3a796e72e3665b44289a5519505347d5.jpg","datePublished":"2025-03-23T17:58:27+00:00","author":{"@id":"https:\/\/haberkuzey.com\/#\/schema\/person\/3372109ec735f9333f4fa47ebb9605ca"},"breadcrumb":{"@id":"https:\/\/haberkuzey.com\/index.php\/2025\/03\/23\/ibb-medya-as-yonetim-kurulu-baskani-murat-ongun-tutuklandi\/#breadcrumb"},"inLanguage":"tr","potentialAction":[{"@type":"ReadAction","target":["https:\/\/haberkuzey.com\/index.php\/2025\/03\/23\/ibb-medya-as-yonetim-kurulu-baskani-murat-ongun-tutuklandi\/"]}]},{"@type":"ImageObject","inLanguage":"tr","@id":"https:\/\/haberkuzey.com\/index.php\/2025\/03\/23\/ibb-medya-as-yonetim-kurulu-baskani-murat-ongun-tutuklandi\/#primaryimage","url":"https:\/\/haberkuzey.com\/wp-content\/uploads\/2025\/03\/1742714555607thumbs_b_c_3a796e72e3665b44289a5519505347d5.jpg","contentUrl":"https:\/\/haberkuzey.com\/wp-content\/uploads\/2025\/03\/1742714555607thumbs_b_c_3a796e72e3665b44289a5519505347d5.jpg","width":864,"height":486},{"@type":"BreadcrumbList","@id":"https:\/\/haberkuzey.com\/index.php\/2025\/03\/23\/ibb-medya-as-yonetim-kurulu-baskani-murat-ongun-tutuklandi\/#breadcrumb","itemListElement":[{"@type":"ListItem","position":1,"name":"Anasayfa","item":"https:\/\/haberkuzey.com\/"},{"@type":"ListItem","position":2,"name":"\u0130BB Medya A\u015e Y\u00f6netim Kurulu Ba\u015fkan\u0131 Murat Ongun tutukland\u0131"}]},{"@type":"WebSite","@id":"https:\/\/haberkuzey.com\/#website","url":"https:\/\/haberkuzey.com\/","name":"Haber Kuzey","description":"Do\u011fru Haberin Adresi","potentialAction":[{"@type":"SearchAction","target":{"@type":"EntryPoint","urlTemplate":"https:\/\/haberkuzey.com\/?s={search_term_string}"},"query-input":{"@type":"PropertyValueSpecification","valueRequired":true,"valueName":"search_term_string"}}],"inLanguage":"tr"},{"@type":"Person","@id":"https:\/\/haberkuzey.com\/#\/schema\/person\/3372109ec735f9333f4fa47ebb9605ca","name":"haberkuzey","image":{"@type":"ImageObject","inLanguage":"tr","@id":"https:\/\/secure.gravatar.com\/avatar\/f5fc875574b1575324358c3b9e6a32b8227aa5b74f3fa22e3cadb63e26fcc39c?s=96&d=mm&r=g","url":"https:\/\/secure.gravatar.com\/avatar\/f5fc875574b1575324358c3b9e6a32b8227aa5b74f3fa22e3cadb63e26fcc39c?s=96&d=mm&r=g","contentUrl":"https:\/\/secure.gravatar.com\/avatar\/f5fc875574b1575324358c3b9e6a32b8227aa5b74f3fa22e3cadb63e26fcc39c?s=96&d=mm&r=g","caption":"haberkuzey"},"sameAs":["https:\/\/haberkuzey.com"],"url":"https:\/\/haberkuzey.com\/index.php\/author\/haberkuzey\/"}]}},"_links":{"self":[{"href":"https:\/\/haberkuzey.com\/index.php\/wp-json\/wp\/v2\/posts\/20592","targetHints":{"allow":["GET"]}}],"collection":[{"href":"https:\/\/haberkuzey.com\/index.php\/wp-json\/wp\/v2\/posts"}],"about":[{"href":"https:\/\/haberkuzey.com\/index.php\/wp-json\/wp\/v2\/types\/post"}],"author":[{"embeddable":true,"href":"https:\/\/haberkuzey.com\/index.php\/wp-json\/wp\/v2\/users\/1"}],"replies":[{"embeddable":true,"href":"https:\/\/haberkuzey.com\/index.php\/wp-json\/wp\/v2\/comments?post=20592"}],"version-history":[{"count":0,"href":"https:\/\/haberkuzey.com\/index.php\/wp-json\/wp\/v2\/posts\/20592\/revisions"}],"wp:featuredmedia":[{"embeddable":true,"href":"https:\/\/haberkuzey.com\/index.php\/wp-json\/wp\/v2\/media\/20593"}],"wp:attachment":[{"href":"https:\/\/haberkuzey.com\/index.php\/wp-json\/wp\/v2\/media?parent=20592"}],"wp:term":[{"taxonomy":"category","embeddable":true,"href":"https:\/\/haberkuzey.com\/index.php\/wp-json\/wp\/v2\/categories?post=20592"},{"taxonomy":"post_tag","embeddable":true,"href":"https:\/\/haberkuzey.com\/index.php\/wp-json\/wp\/v2\/tags?post=20592"}],"curies":[{"name":"wp","href":"https:\/\/api.w.org\/{rel}","templated":true}]}}