{"id":20583,"date":"2025-03-23T19:25:16","date_gmt":"2025-03-23T17:25:16","guid":{"rendered":"https:\/\/haberkuzey.com\/index.php\/2025\/03\/23\/ibbye-yonelik-yolsuzluk-sorusturmasi-kapsaminda-48-zanli-tutuklandi\/"},"modified":"2025-03-23T19:25:16","modified_gmt":"2025-03-23T17:25:16","slug":"ibbye-yonelik-yolsuzluk-sorusturmasi-kapsaminda-48-zanli-tutuklandi","status":"publish","type":"post","link":"https:\/\/haberkuzey.com\/index.php\/2025\/03\/23\/ibbye-yonelik-yolsuzluk-sorusturmasi-kapsaminda-48-zanli-tutuklandi\/","title":{"rendered":"\u0130BB\u2019ye y\u00f6nelik \u201cyolsuzluk\u201d soru\u015fturmas\u0131 kapsam\u0131nda 48 zanl\u0131 tutukland\u0131"},"content":{"rendered":"<div>\n<div class=\"mariselle-image-container center\">\n                                            <\/div>\n<p>\u0130stanbul B\u00fcy\u00fck\u015fehir Belediyesine (\u0130BB) y\u00f6nelik \u201cyolsuzluk\u201d soru\u015fturmas\u0131 kapsam\u0131nda 89 \u015f\u00fcpheliden 48\u2019i tutuklan\u0131rken, 41\u2019i hakk\u0131nda adli kontrol tedbiri uygulanmas\u0131na karar verildi.<\/p>\n<p>Yolsuzluk soru\u015fturmas\u0131 kapsam\u0131nda \u201csu\u00e7 \u00f6rg\u00fct\u00fc kurmak ve y\u00f6netmek\u201d, \u201cihaleye fesat kar\u0131\u015ft\u0131rma\u201d, \u201cr\u00fc\u015fvet almak\u201d, \u201cirtikap\u201d ve \u201cki\u015fisel verileri ele ge\u00e7irmek\u201d su\u00e7lar\u0131ndan 5 \u015f\u00fcpheli, \u201csu\u00e7 \u00f6rg\u00fct\u00fcne \u00fcye olmak\u201d, \u201cr\u00fc\u015fvet almak\u201d ve \u201cr\u00fc\u015fvet vermek\u201d su\u00e7lar\u0131ndan ise 84 zanl\u0131n\u0131n tutuklama talebiyle sevk edildi\u011fi hakimlikteki i\u015flemleri sona erdi.<\/p>\n<p>Hakimlik, \u0130BB Ba\u015fkan\u0131 Ekrem \u0130mamo\u011flu ve Beylikd\u00fcz\u00fc Belediye Ba\u015fkan\u0131 Murat \u00c7al\u0131k\u2019\u0131n da aralar\u0131nda bulundu\u011fu 48 \u015f\u00fcphelinin tutuklanmas\u0131na h\u00fckmederken, 41 zanl\u0131 hakk\u0131nda adli kontrol tedbiri uygulanmas\u0131n\u0131 kararla\u015ft\u0131rd\u0131.<\/p>\n<p>Ba\u015fsavc\u0131l\u0131\u011f\u0131n baz\u0131 serbest b\u0131rakma kararlar\u0131na itiraz edece\u011fi \u00f6\u011frenildi.<\/p>\n<\/p><\/div>\n<p><script async\n                    defer\n                    crossorigin=\"anonymous\"\n                    src=\"https:\/\/connect.facebook.net\/tr_TR\/sdk.js#xfbml=1&#038;version=v3.3\"\n            ><\/script><\/p>\n","protected":false},"excerpt":{"rendered":"<p>\u0130stanbul B\u00fcy\u00fck\u015fehir Belediyesine (\u0130BB) y\u00f6nelik \u201cyolsuzluk\u201d soru\u015fturmas\u0131 kapsam\u0131nda 89 \u015f\u00fcpheliden 48\u2019i tutuklan\u0131rken, 41\u2019i hakk\u0131nda adli kontrol tedbiri uygulanmas\u0131na karar verildi. Yolsuzluk soru\u015fturmas\u0131 kapsam\u0131nda \u201csu\u00e7 \u00f6rg\u00fct\u00fc kurmak ve y\u00f6netmek\u201d, \u201cihaleye fesat kar\u0131\u015ft\u0131rma\u201d, \u201cr\u00fc\u015fvet almak\u201d, \u201cirtikap\u201d ve \u201cki\u015fisel verileri ele ge\u00e7irmek\u201d su\u00e7lar\u0131ndan 5 \u015f\u00fcpheli, \u201csu\u00e7 \u00f6rg\u00fct\u00fcne \u00fcye olmak\u201d, \u201cr\u00fc\u015fvet almak\u201d ve \u201cr\u00fc\u015fvet vermek\u201d su\u00e7lar\u0131ndan ise 84 zanl\u0131n\u0131n [&hellip;]<\/p>\n","protected":false},"author":1,"featured_media":20584,"comment_status":"open","ping_status":"open","sticky":false,"template":"","format":"standard","meta":{"jnews-multi-image_gallery":[],"jnews_single_post":[],"jnews_primary_category":[],"footnotes":""},"categories":[2],"tags":[],"class_list":["post-20583","post","type-post","status-publish","format-standard","has-post-thumbnail","hentry","category-dunya"],"yoast_head":"<!-- This site is optimized with the Yoast SEO plugin v27.5 - https:\/\/yoast.com\/product\/yoast-seo-wordpress\/ -->\n<title>\u0130BB\u2019ye y\u00f6nelik \u201cyolsuzluk\u201d soru\u015fturmas\u0131 kapsam\u0131nda 48 zanl\u0131 tutukland\u0131 - Haber Kuzey<\/title>\n<meta name=\"robots\" content=\"index, follow, max-snippet:-1, max-image-preview:large, max-video-preview:-1\" \/>\n<link rel=\"canonical\" href=\"https:\/\/haberkuzey.com\/index.php\/2025\/03\/23\/ibbye-yonelik-yolsuzluk-sorusturmasi-kapsaminda-48-zanli-tutuklandi\/\" \/>\n<meta property=\"og:locale\" content=\"tr_TR\" \/>\n<meta property=\"og:type\" content=\"article\" \/>\n<meta property=\"og:title\" content=\"\u0130BB\u2019ye y\u00f6nelik \u201cyolsuzluk\u201d soru\u015fturmas\u0131 kapsam\u0131nda 48 zanl\u0131 tutukland\u0131 - Haber Kuzey\" \/>\n<meta property=\"og:description\" content=\"\u0130stanbul B\u00fcy\u00fck\u015fehir Belediyesine (\u0130BB) y\u00f6nelik \u201cyolsuzluk\u201d soru\u015fturmas\u0131 kapsam\u0131nda 89 \u015f\u00fcpheliden 48\u2019i tutuklan\u0131rken, 41\u2019i hakk\u0131nda adli kontrol tedbiri uygulanmas\u0131na karar verildi. Yolsuzluk soru\u015fturmas\u0131 kapsam\u0131nda \u201csu\u00e7 \u00f6rg\u00fct\u00fc kurmak ve y\u00f6netmek\u201d, \u201cihaleye fesat kar\u0131\u015ft\u0131rma\u201d, \u201cr\u00fc\u015fvet almak\u201d, \u201cirtikap\u201d ve \u201cki\u015fisel verileri ele ge\u00e7irmek\u201d su\u00e7lar\u0131ndan 5 \u015f\u00fcpheli, \u201csu\u00e7 \u00f6rg\u00fct\u00fcne \u00fcye olmak\u201d, \u201cr\u00fc\u015fvet almak\u201d ve \u201cr\u00fc\u015fvet vermek\u201d su\u00e7lar\u0131ndan ise 84 zanl\u0131n\u0131n [&hellip;]\" \/>\n<meta property=\"og:url\" content=\"https:\/\/haberkuzey.com\/index.php\/2025\/03\/23\/ibbye-yonelik-yolsuzluk-sorusturmasi-kapsaminda-48-zanli-tutuklandi\/\" \/>\n<meta property=\"og:site_name\" content=\"Haber Kuzey\" \/>\n<meta property=\"article:published_time\" content=\"2025-03-23T17:25:16+00:00\" \/>\n<meta property=\"og:image\" content=\"https:\/\/brtk.net\/wp-content\/uploads\/2025\/03\/23\/174272963064320220702_163654.jpg?ver=0b50adeecc5c8299070628a904e7fbd6\" \/>\n<meta name=\"author\" content=\"haberkuzey\" \/>\n<meta name=\"twitter:card\" content=\"summary_large_image\" \/>\n<meta name=\"twitter:label1\" content=\"Yazan:\" \/>\n\t<meta name=\"twitter:data1\" content=\"haberkuzey\" \/>\n\t<meta name=\"twitter:label2\" content=\"Tahmini okuma s\u00fcresi\" \/>\n\t<meta name=\"twitter:data2\" content=\"1 dakika\" \/>\n<script type=\"application\/ld+json\" class=\"yoast-schema-graph\">{\"@context\":\"https:\\\/\\\/schema.org\",\"@graph\":[{\"@type\":\"Article\",\"@id\":\"https:\\\/\\\/haberkuzey.com\\\/index.php\\\/2025\\\/03\\\/23\\\/ibbye-yonelik-yolsuzluk-sorusturmasi-kapsaminda-48-zanli-tutuklandi\\\/#article\",\"isPartOf\":{\"@id\":\"https:\\\/\\\/haberkuzey.com\\\/index.php\\\/2025\\\/03\\\/23\\\/ibbye-yonelik-yolsuzluk-sorusturmasi-kapsaminda-48-zanli-tutuklandi\\\/\"},\"author\":{\"name\":\"haberkuzey\",\"@id\":\"https:\\\/\\\/haberkuzey.com\\\/#\\\/schema\\\/person\\\/3372109ec735f9333f4fa47ebb9605ca\"},\"headline\":\"\u0130BB\u2019ye y\u00f6nelik \u201cyolsuzluk\u201d soru\u015fturmas\u0131 kapsam\u0131nda 48 zanl\u0131 tutukland\u0131\",\"datePublished\":\"2025-03-23T17:25:16+00:00\",\"mainEntityOfPage\":{\"@id\":\"https:\\\/\\\/haberkuzey.com\\\/index.php\\\/2025\\\/03\\\/23\\\/ibbye-yonelik-yolsuzluk-sorusturmasi-kapsaminda-48-zanli-tutuklandi\\\/\"},\"wordCount\":153,\"commentCount\":0,\"image\":{\"@id\":\"https:\\\/\\\/haberkuzey.com\\\/index.php\\\/2025\\\/03\\\/23\\\/ibbye-yonelik-yolsuzluk-sorusturmasi-kapsaminda-48-zanli-tutuklandi\\\/#primaryimage\"},\"thumbnailUrl\":\"https:\\\/\\\/haberkuzey.com\\\/wp-content\\\/uploads\\\/2025\\\/03\\\/174272963064320220702_163654.jpg\",\"articleSection\":[\"D\u00fcnya\"],\"inLanguage\":\"tr\",\"potentialAction\":[{\"@type\":\"CommentAction\",\"name\":\"Comment\",\"target\":[\"https:\\\/\\\/haberkuzey.com\\\/index.php\\\/2025\\\/03\\\/23\\\/ibbye-yonelik-yolsuzluk-sorusturmasi-kapsaminda-48-zanli-tutuklandi\\\/#respond\"]}]},{\"@type\":\"WebPage\",\"@id\":\"https:\\\/\\\/haberkuzey.com\\\/index.php\\\/2025\\\/03\\\/23\\\/ibbye-yonelik-yolsuzluk-sorusturmasi-kapsaminda-48-zanli-tutuklandi\\\/\",\"url\":\"https:\\\/\\\/haberkuzey.com\\\/index.php\\\/2025\\\/03\\\/23\\\/ibbye-yonelik-yolsuzluk-sorusturmasi-kapsaminda-48-zanli-tutuklandi\\\/\",\"name\":\"\u0130BB\u2019ye y\u00f6nelik \u201cyolsuzluk\u201d soru\u015fturmas\u0131 kapsam\u0131nda 48 zanl\u0131 tutukland\u0131 - Haber Kuzey\",\"isPartOf\":{\"@id\":\"https:\\\/\\\/haberkuzey.com\\\/#website\"},\"primaryImageOfPage\":{\"@id\":\"https:\\\/\\\/haberkuzey.com\\\/index.php\\\/2025\\\/03\\\/23\\\/ibbye-yonelik-yolsuzluk-sorusturmasi-kapsaminda-48-zanli-tutuklandi\\\/#primaryimage\"},\"image\":{\"@id\":\"https:\\\/\\\/haberkuzey.com\\\/index.php\\\/2025\\\/03\\\/23\\\/ibbye-yonelik-yolsuzluk-sorusturmasi-kapsaminda-48-zanli-tutuklandi\\\/#primaryimage\"},\"thumbnailUrl\":\"https:\\\/\\\/haberkuzey.com\\\/wp-content\\\/uploads\\\/2025\\\/03\\\/174272963064320220702_163654.jpg\",\"datePublished\":\"2025-03-23T17:25:16+00:00\",\"author\":{\"@id\":\"https:\\\/\\\/haberkuzey.com\\\/#\\\/schema\\\/person\\\/3372109ec735f9333f4fa47ebb9605ca\"},\"breadcrumb\":{\"@id\":\"https:\\\/\\\/haberkuzey.com\\\/index.php\\\/2025\\\/03\\\/23\\\/ibbye-yonelik-yolsuzluk-sorusturmasi-kapsaminda-48-zanli-tutuklandi\\\/#breadcrumb\"},\"inLanguage\":\"tr\",\"potentialAction\":[{\"@type\":\"ReadAction\",\"target\":[\"https:\\\/\\\/haberkuzey.com\\\/index.php\\\/2025\\\/03\\\/23\\\/ibbye-yonelik-yolsuzluk-sorusturmasi-kapsaminda-48-zanli-tutuklandi\\\/\"]}]},{\"@type\":\"ImageObject\",\"inLanguage\":\"tr\",\"@id\":\"https:\\\/\\\/haberkuzey.com\\\/index.php\\\/2025\\\/03\\\/23\\\/ibbye-yonelik-yolsuzluk-sorusturmasi-kapsaminda-48-zanli-tutuklandi\\\/#primaryimage\",\"url\":\"https:\\\/\\\/haberkuzey.com\\\/wp-content\\\/uploads\\\/2025\\\/03\\\/174272963064320220702_163654.jpg\",\"contentUrl\":\"https:\\\/\\\/haberkuzey.com\\\/wp-content\\\/uploads\\\/2025\\\/03\\\/174272963064320220702_163654.jpg\",\"width\":653,\"height\":390},{\"@type\":\"BreadcrumbList\",\"@id\":\"https:\\\/\\\/haberkuzey.com\\\/index.php\\\/2025\\\/03\\\/23\\\/ibbye-yonelik-yolsuzluk-sorusturmasi-kapsaminda-48-zanli-tutuklandi\\\/#breadcrumb\",\"itemListElement\":[{\"@type\":\"ListItem\",\"position\":1,\"name\":\"Anasayfa\",\"item\":\"https:\\\/\\\/haberkuzey.com\\\/\"},{\"@type\":\"ListItem\",\"position\":2,\"name\":\"\u0130BB\u2019ye y\u00f6nelik \u201cyolsuzluk\u201d soru\u015fturmas\u0131 kapsam\u0131nda 48 zanl\u0131 tutukland\u0131\"}]},{\"@type\":\"WebSite\",\"@id\":\"https:\\\/\\\/haberkuzey.com\\\/#website\",\"url\":\"https:\\\/\\\/haberkuzey.com\\\/\",\"name\":\"Haber Kuzey\",\"description\":\"Do\u011fru Haberin Adresi\",\"potentialAction\":[{\"@type\":\"SearchAction\",\"target\":{\"@type\":\"EntryPoint\",\"urlTemplate\":\"https:\\\/\\\/haberkuzey.com\\\/?s={search_term_string}\"},\"query-input\":{\"@type\":\"PropertyValueSpecification\",\"valueRequired\":true,\"valueName\":\"search_term_string\"}}],\"inLanguage\":\"tr\"},{\"@type\":\"Person\",\"@id\":\"https:\\\/\\\/haberkuzey.com\\\/#\\\/schema\\\/person\\\/3372109ec735f9333f4fa47ebb9605ca\",\"name\":\"haberkuzey\",\"image\":{\"@type\":\"ImageObject\",\"inLanguage\":\"tr\",\"@id\":\"https:\\\/\\\/secure.gravatar.com\\\/avatar\\\/f5fc875574b1575324358c3b9e6a32b8227aa5b74f3fa22e3cadb63e26fcc39c?s=96&d=mm&r=g\",\"url\":\"https:\\\/\\\/secure.gravatar.com\\\/avatar\\\/f5fc875574b1575324358c3b9e6a32b8227aa5b74f3fa22e3cadb63e26fcc39c?s=96&d=mm&r=g\",\"contentUrl\":\"https:\\\/\\\/secure.gravatar.com\\\/avatar\\\/f5fc875574b1575324358c3b9e6a32b8227aa5b74f3fa22e3cadb63e26fcc39c?s=96&d=mm&r=g\",\"caption\":\"haberkuzey\"},\"sameAs\":[\"https:\\\/\\\/haberkuzey.com\"],\"url\":\"https:\\\/\\\/haberkuzey.com\\\/index.php\\\/author\\\/haberkuzey\\\/\"}]}<\/script>\n<!-- \/ Yoast SEO plugin. -->","yoast_head_json":{"title":"\u0130BB\u2019ye y\u00f6nelik \u201cyolsuzluk\u201d soru\u015fturmas\u0131 kapsam\u0131nda 48 zanl\u0131 tutukland\u0131 - Haber Kuzey","robots":{"index":"index","follow":"follow","max-snippet":"max-snippet:-1","max-image-preview":"max-image-preview:large","max-video-preview":"max-video-preview:-1"},"canonical":"https:\/\/haberkuzey.com\/index.php\/2025\/03\/23\/ibbye-yonelik-yolsuzluk-sorusturmasi-kapsaminda-48-zanli-tutuklandi\/","og_locale":"tr_TR","og_type":"article","og_title":"\u0130BB\u2019ye y\u00f6nelik \u201cyolsuzluk\u201d soru\u015fturmas\u0131 kapsam\u0131nda 48 zanl\u0131 tutukland\u0131 - Haber Kuzey","og_description":"\u0130stanbul B\u00fcy\u00fck\u015fehir Belediyesine (\u0130BB) y\u00f6nelik \u201cyolsuzluk\u201d soru\u015fturmas\u0131 kapsam\u0131nda 89 \u015f\u00fcpheliden 48\u2019i tutuklan\u0131rken, 41\u2019i hakk\u0131nda adli kontrol tedbiri uygulanmas\u0131na karar verildi. Yolsuzluk soru\u015fturmas\u0131 kapsam\u0131nda \u201csu\u00e7 \u00f6rg\u00fct\u00fc kurmak ve y\u00f6netmek\u201d, \u201cihaleye fesat kar\u0131\u015ft\u0131rma\u201d, \u201cr\u00fc\u015fvet almak\u201d, \u201cirtikap\u201d ve \u201cki\u015fisel verileri ele ge\u00e7irmek\u201d su\u00e7lar\u0131ndan 5 \u015f\u00fcpheli, \u201csu\u00e7 \u00f6rg\u00fct\u00fcne \u00fcye olmak\u201d, \u201cr\u00fc\u015fvet almak\u201d ve \u201cr\u00fc\u015fvet vermek\u201d su\u00e7lar\u0131ndan ise 84 zanl\u0131n\u0131n [&hellip;]","og_url":"https:\/\/haberkuzey.com\/index.php\/2025\/03\/23\/ibbye-yonelik-yolsuzluk-sorusturmasi-kapsaminda-48-zanli-tutuklandi\/","og_site_name":"Haber Kuzey","article_published_time":"2025-03-23T17:25:16+00:00","og_image":[{"url":"https:\/\/brtk.net\/wp-content\/uploads\/2025\/03\/23\/174272963064320220702_163654.jpg?ver=0b50adeecc5c8299070628a904e7fbd6","type":"","width":"","height":""}],"author":"haberkuzey","twitter_card":"summary_large_image","twitter_misc":{"Yazan:":"haberkuzey","Tahmini okuma s\u00fcresi":"1 dakika"},"schema":{"@context":"https:\/\/schema.org","@graph":[{"@type":"Article","@id":"https:\/\/haberkuzey.com\/index.php\/2025\/03\/23\/ibbye-yonelik-yolsuzluk-sorusturmasi-kapsaminda-48-zanli-tutuklandi\/#article","isPartOf":{"@id":"https:\/\/haberkuzey.com\/index.php\/2025\/03\/23\/ibbye-yonelik-yolsuzluk-sorusturmasi-kapsaminda-48-zanli-tutuklandi\/"},"author":{"name":"haberkuzey","@id":"https:\/\/haberkuzey.com\/#\/schema\/person\/3372109ec735f9333f4fa47ebb9605ca"},"headline":"\u0130BB\u2019ye y\u00f6nelik \u201cyolsuzluk\u201d soru\u015fturmas\u0131 kapsam\u0131nda 48 zanl\u0131 tutukland\u0131","datePublished":"2025-03-23T17:25:16+00:00","mainEntityOfPage":{"@id":"https:\/\/haberkuzey.com\/index.php\/2025\/03\/23\/ibbye-yonelik-yolsuzluk-sorusturmasi-kapsaminda-48-zanli-tutuklandi\/"},"wordCount":153,"commentCount":0,"image":{"@id":"https:\/\/haberkuzey.com\/index.php\/2025\/03\/23\/ibbye-yonelik-yolsuzluk-sorusturmasi-kapsaminda-48-zanli-tutuklandi\/#primaryimage"},"thumbnailUrl":"https:\/\/haberkuzey.com\/wp-content\/uploads\/2025\/03\/174272963064320220702_163654.jpg","articleSection":["D\u00fcnya"],"inLanguage":"tr","potentialAction":[{"@type":"CommentAction","name":"Comment","target":["https:\/\/haberkuzey.com\/index.php\/2025\/03\/23\/ibbye-yonelik-yolsuzluk-sorusturmasi-kapsaminda-48-zanli-tutuklandi\/#respond"]}]},{"@type":"WebPage","@id":"https:\/\/haberkuzey.com\/index.php\/2025\/03\/23\/ibbye-yonelik-yolsuzluk-sorusturmasi-kapsaminda-48-zanli-tutuklandi\/","url":"https:\/\/haberkuzey.com\/index.php\/2025\/03\/23\/ibbye-yonelik-yolsuzluk-sorusturmasi-kapsaminda-48-zanli-tutuklandi\/","name":"\u0130BB\u2019ye y\u00f6nelik \u201cyolsuzluk\u201d soru\u015fturmas\u0131 kapsam\u0131nda 48 zanl\u0131 tutukland\u0131 - Haber Kuzey","isPartOf":{"@id":"https:\/\/haberkuzey.com\/#website"},"primaryImageOfPage":{"@id":"https:\/\/haberkuzey.com\/index.php\/2025\/03\/23\/ibbye-yonelik-yolsuzluk-sorusturmasi-kapsaminda-48-zanli-tutuklandi\/#primaryimage"},"image":{"@id":"https:\/\/haberkuzey.com\/index.php\/2025\/03\/23\/ibbye-yonelik-yolsuzluk-sorusturmasi-kapsaminda-48-zanli-tutuklandi\/#primaryimage"},"thumbnailUrl":"https:\/\/haberkuzey.com\/wp-content\/uploads\/2025\/03\/174272963064320220702_163654.jpg","datePublished":"2025-03-23T17:25:16+00:00","author":{"@id":"https:\/\/haberkuzey.com\/#\/schema\/person\/3372109ec735f9333f4fa47ebb9605ca"},"breadcrumb":{"@id":"https:\/\/haberkuzey.com\/index.php\/2025\/03\/23\/ibbye-yonelik-yolsuzluk-sorusturmasi-kapsaminda-48-zanli-tutuklandi\/#breadcrumb"},"inLanguage":"tr","potentialAction":[{"@type":"ReadAction","target":["https:\/\/haberkuzey.com\/index.php\/2025\/03\/23\/ibbye-yonelik-yolsuzluk-sorusturmasi-kapsaminda-48-zanli-tutuklandi\/"]}]},{"@type":"ImageObject","inLanguage":"tr","@id":"https:\/\/haberkuzey.com\/index.php\/2025\/03\/23\/ibbye-yonelik-yolsuzluk-sorusturmasi-kapsaminda-48-zanli-tutuklandi\/#primaryimage","url":"https:\/\/haberkuzey.com\/wp-content\/uploads\/2025\/03\/174272963064320220702_163654.jpg","contentUrl":"https:\/\/haberkuzey.com\/wp-content\/uploads\/2025\/03\/174272963064320220702_163654.jpg","width":653,"height":390},{"@type":"BreadcrumbList","@id":"https:\/\/haberkuzey.com\/index.php\/2025\/03\/23\/ibbye-yonelik-yolsuzluk-sorusturmasi-kapsaminda-48-zanli-tutuklandi\/#breadcrumb","itemListElement":[{"@type":"ListItem","position":1,"name":"Anasayfa","item":"https:\/\/haberkuzey.com\/"},{"@type":"ListItem","position":2,"name":"\u0130BB\u2019ye y\u00f6nelik \u201cyolsuzluk\u201d soru\u015fturmas\u0131 kapsam\u0131nda 48 zanl\u0131 tutukland\u0131"}]},{"@type":"WebSite","@id":"https:\/\/haberkuzey.com\/#website","url":"https:\/\/haberkuzey.com\/","name":"Haber Kuzey","description":"Do\u011fru Haberin Adresi","potentialAction":[{"@type":"SearchAction","target":{"@type":"EntryPoint","urlTemplate":"https:\/\/haberkuzey.com\/?s={search_term_string}"},"query-input":{"@type":"PropertyValueSpecification","valueRequired":true,"valueName":"search_term_string"}}],"inLanguage":"tr"},{"@type":"Person","@id":"https:\/\/haberkuzey.com\/#\/schema\/person\/3372109ec735f9333f4fa47ebb9605ca","name":"haberkuzey","image":{"@type":"ImageObject","inLanguage":"tr","@id":"https:\/\/secure.gravatar.com\/avatar\/f5fc875574b1575324358c3b9e6a32b8227aa5b74f3fa22e3cadb63e26fcc39c?s=96&d=mm&r=g","url":"https:\/\/secure.gravatar.com\/avatar\/f5fc875574b1575324358c3b9e6a32b8227aa5b74f3fa22e3cadb63e26fcc39c?s=96&d=mm&r=g","contentUrl":"https:\/\/secure.gravatar.com\/avatar\/f5fc875574b1575324358c3b9e6a32b8227aa5b74f3fa22e3cadb63e26fcc39c?s=96&d=mm&r=g","caption":"haberkuzey"},"sameAs":["https:\/\/haberkuzey.com"],"url":"https:\/\/haberkuzey.com\/index.php\/author\/haberkuzey\/"}]}},"_links":{"self":[{"href":"https:\/\/haberkuzey.com\/index.php\/wp-json\/wp\/v2\/posts\/20583","targetHints":{"allow":["GET"]}}],"collection":[{"href":"https:\/\/haberkuzey.com\/index.php\/wp-json\/wp\/v2\/posts"}],"about":[{"href":"https:\/\/haberkuzey.com\/index.php\/wp-json\/wp\/v2\/types\/post"}],"author":[{"embeddable":true,"href":"https:\/\/haberkuzey.com\/index.php\/wp-json\/wp\/v2\/users\/1"}],"replies":[{"embeddable":true,"href":"https:\/\/haberkuzey.com\/index.php\/wp-json\/wp\/v2\/comments?post=20583"}],"version-history":[{"count":0,"href":"https:\/\/haberkuzey.com\/index.php\/wp-json\/wp\/v2\/posts\/20583\/revisions"}],"wp:featuredmedia":[{"embeddable":true,"href":"https:\/\/haberkuzey.com\/index.php\/wp-json\/wp\/v2\/media\/20584"}],"wp:attachment":[{"href":"https:\/\/haberkuzey.com\/index.php\/wp-json\/wp\/v2\/media?parent=20583"}],"wp:term":[{"taxonomy":"category","embeddable":true,"href":"https:\/\/haberkuzey.com\/index.php\/wp-json\/wp\/v2\/categories?post=20583"},{"taxonomy":"post_tag","embeddable":true,"href":"https:\/\/haberkuzey.com\/index.php\/wp-json\/wp\/v2\/tags?post=20583"}],"curies":[{"name":"wp","href":"https:\/\/api.w.org\/{rel}","templated":true}]}}