{"id":20577,"date":"2025-03-23T19:14:00","date_gmt":"2025-03-23T17:14:00","guid":{"rendered":"https:\/\/haberkuzey.com\/index.php\/2025\/03\/23\/ibb-baskani-imamoglunun-gecici-tedbir-olarak-gorevinden-uzaklastirildigi-bildirildi\/"},"modified":"2025-03-23T19:14:00","modified_gmt":"2025-03-23T17:14:00","slug":"ibb-baskani-imamoglunun-gecici-tedbir-olarak-gorevinden-uzaklastirildigi-bildirildi","status":"publish","type":"post","link":"https:\/\/haberkuzey.com\/index.php\/2025\/03\/23\/ibb-baskani-imamoglunun-gecici-tedbir-olarak-gorevinden-uzaklastirildigi-bildirildi\/","title":{"rendered":"\u0130BB Ba\u015fkan\u0131 \u0130mamo\u011flu\u2019nun ge\u00e7ici tedbir olarak g\u00f6revinden uzakla\u015ft\u0131r\u0131ld\u0131\u011f\u0131 bildirildi"},"content":{"rendered":"<div>\n<div class=\"mariselle-image-container center\">\n                                            <\/div>\n<p>T\u00fcrkiye \u0130\u00e7i\u015fleri Bakanl\u0131\u011f\u0131, \u201cyolsuzluk\u201d soru\u015fturmas\u0131 kapsam\u0131nda tutuklanan \u0130stanbul B\u00fcy\u00fck\u015fehir Belediyesi (\u0130BB)Ba\u015fkan\u0131 Ekrem \u0130mamo\u011flu\u2019nun ge\u00e7ici tedbir olarak g\u00f6revinden uzakla\u015ft\u0131r\u0131ld\u0131\u011f\u0131n\u0131 bildirdi.<\/p>\n<p>\u0130\u00e7i\u015fleri Bakanl\u0131\u011f\u0131nca Beylikd\u00fcz\u00fc Belediye Ba\u015fkan\u0131 Mehmet Murat \u00c7al\u0131k ile \u015ei\u015fli Belediye Ba\u015fkan\u0131 Resul Emrah \u015eahan da ge\u00e7ici tedbir olarak g\u00f6revinden uzakla\u015ft\u0131r\u0131ld\u0131.<\/p>\n<p>\u0130stanbul Cumhuriyet Ba\u015fsavc\u0131l\u0131\u011f\u0131nca y\u00fcr\u00fct\u00fclen soru\u015fturmalar kapsam\u0131nda, ifadeleri al\u0131nd\u0131ktan sonra sulh ceza hakimli\u011fince tutuklanmalar\u0131na karar verilen, \u0130mamo\u011flu\u2019nun da aralar\u0131nda bulundu\u011fu 51 \u015f\u00fcphelinin \u0130stanbul Adliyesi\u2019ndeki i\u015flemleri tamamland\u0131.<\/p>\n<p>\u0130BB\u2019ye y\u00f6nelik soru\u015fturmalarda tutuklanan \u0130mamo\u011flu ile 50 \u015f\u00fcpheli Marmara Kapal\u0131 Ceza \u0130nfaz Kurumu\u2019na g\u00f6t\u00fcr\u00fcld\u00fc.<\/p>\n<\/p><\/div>\n<p><script async\n                    defer\n                    crossorigin=\"anonymous\"\n                    src=\"https:\/\/connect.facebook.net\/tr_TR\/sdk.js#xfbml=1&#038;version=v3.3\"\n            ><\/script><\/p>\n","protected":false},"excerpt":{"rendered":"<p>T\u00fcrkiye \u0130\u00e7i\u015fleri Bakanl\u0131\u011f\u0131, \u201cyolsuzluk\u201d soru\u015fturmas\u0131 kapsam\u0131nda tutuklanan \u0130stanbul B\u00fcy\u00fck\u015fehir Belediyesi (\u0130BB)Ba\u015fkan\u0131 Ekrem \u0130mamo\u011flu\u2019nun ge\u00e7ici tedbir olarak g\u00f6revinden uzakla\u015ft\u0131r\u0131ld\u0131\u011f\u0131n\u0131 bildirdi. \u0130\u00e7i\u015fleri Bakanl\u0131\u011f\u0131nca Beylikd\u00fcz\u00fc Belediye Ba\u015fkan\u0131 Mehmet Murat \u00c7al\u0131k ile \u015ei\u015fli Belediye Ba\u015fkan\u0131 Resul Emrah \u015eahan da ge\u00e7ici tedbir olarak g\u00f6revinden uzakla\u015ft\u0131r\u0131ld\u0131. \u0130stanbul Cumhuriyet Ba\u015fsavc\u0131l\u0131\u011f\u0131nca y\u00fcr\u00fct\u00fclen soru\u015fturmalar kapsam\u0131nda, ifadeleri al\u0131nd\u0131ktan sonra sulh ceza hakimli\u011fince tutuklanmalar\u0131na karar verilen, [&hellip;]<\/p>\n","protected":false},"author":1,"featured_media":20578,"comment_status":"open","ping_status":"open","sticky":false,"template":"","format":"standard","meta":{"jnews-multi-image_gallery":[],"jnews_single_post":[],"jnews_primary_category":[],"footnotes":""},"categories":[2],"tags":[],"class_list":["post-20577","post","type-post","status-publish","format-standard","has-post-thumbnail","hentry","category-dunya"],"yoast_head":"<!-- This site is optimized with the Yoast SEO plugin v27.5 - https:\/\/yoast.com\/product\/yoast-seo-wordpress\/ -->\n<title>\u0130BB Ba\u015fkan\u0131 \u0130mamo\u011flu\u2019nun ge\u00e7ici tedbir olarak g\u00f6revinden uzakla\u015ft\u0131r\u0131ld\u0131\u011f\u0131 bildirildi - Haber Kuzey<\/title>\n<meta name=\"robots\" content=\"index, follow, max-snippet:-1, max-image-preview:large, max-video-preview:-1\" \/>\n<link rel=\"canonical\" href=\"https:\/\/haberkuzey.com\/index.php\/2025\/03\/23\/ibb-baskani-imamoglunun-gecici-tedbir-olarak-gorevinden-uzaklastirildigi-bildirildi\/\" \/>\n<meta property=\"og:locale\" content=\"tr_TR\" \/>\n<meta property=\"og:type\" content=\"article\" \/>\n<meta property=\"og:title\" content=\"\u0130BB Ba\u015fkan\u0131 \u0130mamo\u011flu\u2019nun ge\u00e7ici tedbir olarak g\u00f6revinden uzakla\u015ft\u0131r\u0131ld\u0131\u011f\u0131 bildirildi - Haber Kuzey\" \/>\n<meta property=\"og:description\" content=\"T\u00fcrkiye \u0130\u00e7i\u015fleri Bakanl\u0131\u011f\u0131, \u201cyolsuzluk\u201d soru\u015fturmas\u0131 kapsam\u0131nda tutuklanan \u0130stanbul B\u00fcy\u00fck\u015fehir Belediyesi (\u0130BB)Ba\u015fkan\u0131 Ekrem \u0130mamo\u011flu\u2019nun ge\u00e7ici tedbir olarak g\u00f6revinden uzakla\u015ft\u0131r\u0131ld\u0131\u011f\u0131n\u0131 bildirdi. \u0130\u00e7i\u015fleri Bakanl\u0131\u011f\u0131nca Beylikd\u00fcz\u00fc Belediye Ba\u015fkan\u0131 Mehmet Murat \u00c7al\u0131k ile \u015ei\u015fli Belediye Ba\u015fkan\u0131 Resul Emrah \u015eahan da ge\u00e7ici tedbir olarak g\u00f6revinden uzakla\u015ft\u0131r\u0131ld\u0131. \u0130stanbul Cumhuriyet Ba\u015fsavc\u0131l\u0131\u011f\u0131nca y\u00fcr\u00fct\u00fclen soru\u015fturmalar kapsam\u0131nda, ifadeleri al\u0131nd\u0131ktan sonra sulh ceza hakimli\u011fince tutuklanmalar\u0131na karar verilen, [&hellip;]\" \/>\n<meta property=\"og:url\" content=\"https:\/\/haberkuzey.com\/index.php\/2025\/03\/23\/ibb-baskani-imamoglunun-gecici-tedbir-olarak-gorevinden-uzaklastirildigi-bildirildi\/\" \/>\n<meta property=\"og:site_name\" content=\"Haber Kuzey\" \/>\n<meta property=\"article:published_time\" content=\"2025-03-23T17:14:00+00:00\" \/>\n<meta property=\"og:image\" content=\"https:\/\/brtk.net\/wp-content\/uploads\/2025\/03\/23\/1742739366322thumbs_b_c_5e7a576cb3735a25d993ffe8b8c16d40.jpg?ver=5f29ef7a4d091cbf0648f763fcd0fbc4\" \/>\n<meta name=\"author\" content=\"haberkuzey\" \/>\n<meta name=\"twitter:card\" content=\"summary_large_image\" \/>\n<meta name=\"twitter:label1\" content=\"Yazan:\" \/>\n\t<meta name=\"twitter:data1\" content=\"haberkuzey\" \/>\n\t<meta name=\"twitter:label2\" content=\"Tahmini okuma s\u00fcresi\" \/>\n\t<meta name=\"twitter:data2\" content=\"1 dakika\" \/>\n<script type=\"application\/ld+json\" class=\"yoast-schema-graph\">{\"@context\":\"https:\\\/\\\/schema.org\",\"@graph\":[{\"@type\":\"Article\",\"@id\":\"https:\\\/\\\/haberkuzey.com\\\/index.php\\\/2025\\\/03\\\/23\\\/ibb-baskani-imamoglunun-gecici-tedbir-olarak-gorevinden-uzaklastirildigi-bildirildi\\\/#article\",\"isPartOf\":{\"@id\":\"https:\\\/\\\/haberkuzey.com\\\/index.php\\\/2025\\\/03\\\/23\\\/ibb-baskani-imamoglunun-gecici-tedbir-olarak-gorevinden-uzaklastirildigi-bildirildi\\\/\"},\"author\":{\"name\":\"haberkuzey\",\"@id\":\"https:\\\/\\\/haberkuzey.com\\\/#\\\/schema\\\/person\\\/3372109ec735f9333f4fa47ebb9605ca\"},\"headline\":\"\u0130BB Ba\u015fkan\u0131 \u0130mamo\u011flu\u2019nun ge\u00e7ici tedbir olarak g\u00f6revinden uzakla\u015ft\u0131r\u0131ld\u0131\u011f\u0131 bildirildi\",\"datePublished\":\"2025-03-23T17:14:00+00:00\",\"mainEntityOfPage\":{\"@id\":\"https:\\\/\\\/haberkuzey.com\\\/index.php\\\/2025\\\/03\\\/23\\\/ibb-baskani-imamoglunun-gecici-tedbir-olarak-gorevinden-uzaklastirildigi-bildirildi\\\/\"},\"wordCount\":149,\"commentCount\":0,\"image\":{\"@id\":\"https:\\\/\\\/haberkuzey.com\\\/index.php\\\/2025\\\/03\\\/23\\\/ibb-baskani-imamoglunun-gecici-tedbir-olarak-gorevinden-uzaklastirildigi-bildirildi\\\/#primaryimage\"},\"thumbnailUrl\":\"https:\\\/\\\/haberkuzey.com\\\/wp-content\\\/uploads\\\/2025\\\/03\\\/1742739366322thumbs_b_c_5e7a576cb3735a25d993ffe8b8c16d40.jpg\",\"articleSection\":[\"D\u00fcnya\"],\"inLanguage\":\"tr\",\"potentialAction\":[{\"@type\":\"CommentAction\",\"name\":\"Comment\",\"target\":[\"https:\\\/\\\/haberkuzey.com\\\/index.php\\\/2025\\\/03\\\/23\\\/ibb-baskani-imamoglunun-gecici-tedbir-olarak-gorevinden-uzaklastirildigi-bildirildi\\\/#respond\"]}]},{\"@type\":\"WebPage\",\"@id\":\"https:\\\/\\\/haberkuzey.com\\\/index.php\\\/2025\\\/03\\\/23\\\/ibb-baskani-imamoglunun-gecici-tedbir-olarak-gorevinden-uzaklastirildigi-bildirildi\\\/\",\"url\":\"https:\\\/\\\/haberkuzey.com\\\/index.php\\\/2025\\\/03\\\/23\\\/ibb-baskani-imamoglunun-gecici-tedbir-olarak-gorevinden-uzaklastirildigi-bildirildi\\\/\",\"name\":\"\u0130BB Ba\u015fkan\u0131 \u0130mamo\u011flu\u2019nun ge\u00e7ici tedbir olarak g\u00f6revinden uzakla\u015ft\u0131r\u0131ld\u0131\u011f\u0131 bildirildi - Haber Kuzey\",\"isPartOf\":{\"@id\":\"https:\\\/\\\/haberkuzey.com\\\/#website\"},\"primaryImageOfPage\":{\"@id\":\"https:\\\/\\\/haberkuzey.com\\\/index.php\\\/2025\\\/03\\\/23\\\/ibb-baskani-imamoglunun-gecici-tedbir-olarak-gorevinden-uzaklastirildigi-bildirildi\\\/#primaryimage\"},\"image\":{\"@id\":\"https:\\\/\\\/haberkuzey.com\\\/index.php\\\/2025\\\/03\\\/23\\\/ibb-baskani-imamoglunun-gecici-tedbir-olarak-gorevinden-uzaklastirildigi-bildirildi\\\/#primaryimage\"},\"thumbnailUrl\":\"https:\\\/\\\/haberkuzey.com\\\/wp-content\\\/uploads\\\/2025\\\/03\\\/1742739366322thumbs_b_c_5e7a576cb3735a25d993ffe8b8c16d40.jpg\",\"datePublished\":\"2025-03-23T17:14:00+00:00\",\"author\":{\"@id\":\"https:\\\/\\\/haberkuzey.com\\\/#\\\/schema\\\/person\\\/3372109ec735f9333f4fa47ebb9605ca\"},\"breadcrumb\":{\"@id\":\"https:\\\/\\\/haberkuzey.com\\\/index.php\\\/2025\\\/03\\\/23\\\/ibb-baskani-imamoglunun-gecici-tedbir-olarak-gorevinden-uzaklastirildigi-bildirildi\\\/#breadcrumb\"},\"inLanguage\":\"tr\",\"potentialAction\":[{\"@type\":\"ReadAction\",\"target\":[\"https:\\\/\\\/haberkuzey.com\\\/index.php\\\/2025\\\/03\\\/23\\\/ibb-baskani-imamoglunun-gecici-tedbir-olarak-gorevinden-uzaklastirildigi-bildirildi\\\/\"]}]},{\"@type\":\"ImageObject\",\"inLanguage\":\"tr\",\"@id\":\"https:\\\/\\\/haberkuzey.com\\\/index.php\\\/2025\\\/03\\\/23\\\/ibb-baskani-imamoglunun-gecici-tedbir-olarak-gorevinden-uzaklastirildigi-bildirildi\\\/#primaryimage\",\"url\":\"https:\\\/\\\/haberkuzey.com\\\/wp-content\\\/uploads\\\/2025\\\/03\\\/1742739366322thumbs_b_c_5e7a576cb3735a25d993ffe8b8c16d40.jpg\",\"contentUrl\":\"https:\\\/\\\/haberkuzey.com\\\/wp-content\\\/uploads\\\/2025\\\/03\\\/1742739366322thumbs_b_c_5e7a576cb3735a25d993ffe8b8c16d40.jpg\",\"width\":864,\"height\":486},{\"@type\":\"BreadcrumbList\",\"@id\":\"https:\\\/\\\/haberkuzey.com\\\/index.php\\\/2025\\\/03\\\/23\\\/ibb-baskani-imamoglunun-gecici-tedbir-olarak-gorevinden-uzaklastirildigi-bildirildi\\\/#breadcrumb\",\"itemListElement\":[{\"@type\":\"ListItem\",\"position\":1,\"name\":\"Anasayfa\",\"item\":\"https:\\\/\\\/haberkuzey.com\\\/\"},{\"@type\":\"ListItem\",\"position\":2,\"name\":\"\u0130BB Ba\u015fkan\u0131 \u0130mamo\u011flu\u2019nun ge\u00e7ici tedbir olarak g\u00f6revinden uzakla\u015ft\u0131r\u0131ld\u0131\u011f\u0131 bildirildi\"}]},{\"@type\":\"WebSite\",\"@id\":\"https:\\\/\\\/haberkuzey.com\\\/#website\",\"url\":\"https:\\\/\\\/haberkuzey.com\\\/\",\"name\":\"Haber Kuzey\",\"description\":\"Do\u011fru Haberin Adresi\",\"potentialAction\":[{\"@type\":\"SearchAction\",\"target\":{\"@type\":\"EntryPoint\",\"urlTemplate\":\"https:\\\/\\\/haberkuzey.com\\\/?s={search_term_string}\"},\"query-input\":{\"@type\":\"PropertyValueSpecification\",\"valueRequired\":true,\"valueName\":\"search_term_string\"}}],\"inLanguage\":\"tr\"},{\"@type\":\"Person\",\"@id\":\"https:\\\/\\\/haberkuzey.com\\\/#\\\/schema\\\/person\\\/3372109ec735f9333f4fa47ebb9605ca\",\"name\":\"haberkuzey\",\"image\":{\"@type\":\"ImageObject\",\"inLanguage\":\"tr\",\"@id\":\"https:\\\/\\\/secure.gravatar.com\\\/avatar\\\/f5fc875574b1575324358c3b9e6a32b8227aa5b74f3fa22e3cadb63e26fcc39c?s=96&d=mm&r=g\",\"url\":\"https:\\\/\\\/secure.gravatar.com\\\/avatar\\\/f5fc875574b1575324358c3b9e6a32b8227aa5b74f3fa22e3cadb63e26fcc39c?s=96&d=mm&r=g\",\"contentUrl\":\"https:\\\/\\\/secure.gravatar.com\\\/avatar\\\/f5fc875574b1575324358c3b9e6a32b8227aa5b74f3fa22e3cadb63e26fcc39c?s=96&d=mm&r=g\",\"caption\":\"haberkuzey\"},\"sameAs\":[\"https:\\\/\\\/haberkuzey.com\"],\"url\":\"https:\\\/\\\/haberkuzey.com\\\/index.php\\\/author\\\/haberkuzey\\\/\"}]}<\/script>\n<!-- \/ Yoast SEO plugin. -->","yoast_head_json":{"title":"\u0130BB Ba\u015fkan\u0131 \u0130mamo\u011flu\u2019nun ge\u00e7ici tedbir olarak g\u00f6revinden uzakla\u015ft\u0131r\u0131ld\u0131\u011f\u0131 bildirildi - Haber Kuzey","robots":{"index":"index","follow":"follow","max-snippet":"max-snippet:-1","max-image-preview":"max-image-preview:large","max-video-preview":"max-video-preview:-1"},"canonical":"https:\/\/haberkuzey.com\/index.php\/2025\/03\/23\/ibb-baskani-imamoglunun-gecici-tedbir-olarak-gorevinden-uzaklastirildigi-bildirildi\/","og_locale":"tr_TR","og_type":"article","og_title":"\u0130BB Ba\u015fkan\u0131 \u0130mamo\u011flu\u2019nun ge\u00e7ici tedbir olarak g\u00f6revinden uzakla\u015ft\u0131r\u0131ld\u0131\u011f\u0131 bildirildi - Haber Kuzey","og_description":"T\u00fcrkiye \u0130\u00e7i\u015fleri Bakanl\u0131\u011f\u0131, \u201cyolsuzluk\u201d soru\u015fturmas\u0131 kapsam\u0131nda tutuklanan \u0130stanbul B\u00fcy\u00fck\u015fehir Belediyesi (\u0130BB)Ba\u015fkan\u0131 Ekrem \u0130mamo\u011flu\u2019nun ge\u00e7ici tedbir olarak g\u00f6revinden uzakla\u015ft\u0131r\u0131ld\u0131\u011f\u0131n\u0131 bildirdi. \u0130\u00e7i\u015fleri Bakanl\u0131\u011f\u0131nca Beylikd\u00fcz\u00fc Belediye Ba\u015fkan\u0131 Mehmet Murat \u00c7al\u0131k ile \u015ei\u015fli Belediye Ba\u015fkan\u0131 Resul Emrah \u015eahan da ge\u00e7ici tedbir olarak g\u00f6revinden uzakla\u015ft\u0131r\u0131ld\u0131. \u0130stanbul Cumhuriyet Ba\u015fsavc\u0131l\u0131\u011f\u0131nca y\u00fcr\u00fct\u00fclen soru\u015fturmalar kapsam\u0131nda, ifadeleri al\u0131nd\u0131ktan sonra sulh ceza hakimli\u011fince tutuklanmalar\u0131na karar verilen, [&hellip;]","og_url":"https:\/\/haberkuzey.com\/index.php\/2025\/03\/23\/ibb-baskani-imamoglunun-gecici-tedbir-olarak-gorevinden-uzaklastirildigi-bildirildi\/","og_site_name":"Haber Kuzey","article_published_time":"2025-03-23T17:14:00+00:00","og_image":[{"url":"https:\/\/brtk.net\/wp-content\/uploads\/2025\/03\/23\/1742739366322thumbs_b_c_5e7a576cb3735a25d993ffe8b8c16d40.jpg?ver=5f29ef7a4d091cbf0648f763fcd0fbc4","type":"","width":"","height":""}],"author":"haberkuzey","twitter_card":"summary_large_image","twitter_misc":{"Yazan:":"haberkuzey","Tahmini okuma s\u00fcresi":"1 dakika"},"schema":{"@context":"https:\/\/schema.org","@graph":[{"@type":"Article","@id":"https:\/\/haberkuzey.com\/index.php\/2025\/03\/23\/ibb-baskani-imamoglunun-gecici-tedbir-olarak-gorevinden-uzaklastirildigi-bildirildi\/#article","isPartOf":{"@id":"https:\/\/haberkuzey.com\/index.php\/2025\/03\/23\/ibb-baskani-imamoglunun-gecici-tedbir-olarak-gorevinden-uzaklastirildigi-bildirildi\/"},"author":{"name":"haberkuzey","@id":"https:\/\/haberkuzey.com\/#\/schema\/person\/3372109ec735f9333f4fa47ebb9605ca"},"headline":"\u0130BB Ba\u015fkan\u0131 \u0130mamo\u011flu\u2019nun ge\u00e7ici tedbir olarak g\u00f6revinden uzakla\u015ft\u0131r\u0131ld\u0131\u011f\u0131 bildirildi","datePublished":"2025-03-23T17:14:00+00:00","mainEntityOfPage":{"@id":"https:\/\/haberkuzey.com\/index.php\/2025\/03\/23\/ibb-baskani-imamoglunun-gecici-tedbir-olarak-gorevinden-uzaklastirildigi-bildirildi\/"},"wordCount":149,"commentCount":0,"image":{"@id":"https:\/\/haberkuzey.com\/index.php\/2025\/03\/23\/ibb-baskani-imamoglunun-gecici-tedbir-olarak-gorevinden-uzaklastirildigi-bildirildi\/#primaryimage"},"thumbnailUrl":"https:\/\/haberkuzey.com\/wp-content\/uploads\/2025\/03\/1742739366322thumbs_b_c_5e7a576cb3735a25d993ffe8b8c16d40.jpg","articleSection":["D\u00fcnya"],"inLanguage":"tr","potentialAction":[{"@type":"CommentAction","name":"Comment","target":["https:\/\/haberkuzey.com\/index.php\/2025\/03\/23\/ibb-baskani-imamoglunun-gecici-tedbir-olarak-gorevinden-uzaklastirildigi-bildirildi\/#respond"]}]},{"@type":"WebPage","@id":"https:\/\/haberkuzey.com\/index.php\/2025\/03\/23\/ibb-baskani-imamoglunun-gecici-tedbir-olarak-gorevinden-uzaklastirildigi-bildirildi\/","url":"https:\/\/haberkuzey.com\/index.php\/2025\/03\/23\/ibb-baskani-imamoglunun-gecici-tedbir-olarak-gorevinden-uzaklastirildigi-bildirildi\/","name":"\u0130BB Ba\u015fkan\u0131 \u0130mamo\u011flu\u2019nun ge\u00e7ici tedbir olarak g\u00f6revinden uzakla\u015ft\u0131r\u0131ld\u0131\u011f\u0131 bildirildi - Haber Kuzey","isPartOf":{"@id":"https:\/\/haberkuzey.com\/#website"},"primaryImageOfPage":{"@id":"https:\/\/haberkuzey.com\/index.php\/2025\/03\/23\/ibb-baskani-imamoglunun-gecici-tedbir-olarak-gorevinden-uzaklastirildigi-bildirildi\/#primaryimage"},"image":{"@id":"https:\/\/haberkuzey.com\/index.php\/2025\/03\/23\/ibb-baskani-imamoglunun-gecici-tedbir-olarak-gorevinden-uzaklastirildigi-bildirildi\/#primaryimage"},"thumbnailUrl":"https:\/\/haberkuzey.com\/wp-content\/uploads\/2025\/03\/1742739366322thumbs_b_c_5e7a576cb3735a25d993ffe8b8c16d40.jpg","datePublished":"2025-03-23T17:14:00+00:00","author":{"@id":"https:\/\/haberkuzey.com\/#\/schema\/person\/3372109ec735f9333f4fa47ebb9605ca"},"breadcrumb":{"@id":"https:\/\/haberkuzey.com\/index.php\/2025\/03\/23\/ibb-baskani-imamoglunun-gecici-tedbir-olarak-gorevinden-uzaklastirildigi-bildirildi\/#breadcrumb"},"inLanguage":"tr","potentialAction":[{"@type":"ReadAction","target":["https:\/\/haberkuzey.com\/index.php\/2025\/03\/23\/ibb-baskani-imamoglunun-gecici-tedbir-olarak-gorevinden-uzaklastirildigi-bildirildi\/"]}]},{"@type":"ImageObject","inLanguage":"tr","@id":"https:\/\/haberkuzey.com\/index.php\/2025\/03\/23\/ibb-baskani-imamoglunun-gecici-tedbir-olarak-gorevinden-uzaklastirildigi-bildirildi\/#primaryimage","url":"https:\/\/haberkuzey.com\/wp-content\/uploads\/2025\/03\/1742739366322thumbs_b_c_5e7a576cb3735a25d993ffe8b8c16d40.jpg","contentUrl":"https:\/\/haberkuzey.com\/wp-content\/uploads\/2025\/03\/1742739366322thumbs_b_c_5e7a576cb3735a25d993ffe8b8c16d40.jpg","width":864,"height":486},{"@type":"BreadcrumbList","@id":"https:\/\/haberkuzey.com\/index.php\/2025\/03\/23\/ibb-baskani-imamoglunun-gecici-tedbir-olarak-gorevinden-uzaklastirildigi-bildirildi\/#breadcrumb","itemListElement":[{"@type":"ListItem","position":1,"name":"Anasayfa","item":"https:\/\/haberkuzey.com\/"},{"@type":"ListItem","position":2,"name":"\u0130BB Ba\u015fkan\u0131 \u0130mamo\u011flu\u2019nun ge\u00e7ici tedbir olarak g\u00f6revinden uzakla\u015ft\u0131r\u0131ld\u0131\u011f\u0131 bildirildi"}]},{"@type":"WebSite","@id":"https:\/\/haberkuzey.com\/#website","url":"https:\/\/haberkuzey.com\/","name":"Haber Kuzey","description":"Do\u011fru Haberin Adresi","potentialAction":[{"@type":"SearchAction","target":{"@type":"EntryPoint","urlTemplate":"https:\/\/haberkuzey.com\/?s={search_term_string}"},"query-input":{"@type":"PropertyValueSpecification","valueRequired":true,"valueName":"search_term_string"}}],"inLanguage":"tr"},{"@type":"Person","@id":"https:\/\/haberkuzey.com\/#\/schema\/person\/3372109ec735f9333f4fa47ebb9605ca","name":"haberkuzey","image":{"@type":"ImageObject","inLanguage":"tr","@id":"https:\/\/secure.gravatar.com\/avatar\/f5fc875574b1575324358c3b9e6a32b8227aa5b74f3fa22e3cadb63e26fcc39c?s=96&d=mm&r=g","url":"https:\/\/secure.gravatar.com\/avatar\/f5fc875574b1575324358c3b9e6a32b8227aa5b74f3fa22e3cadb63e26fcc39c?s=96&d=mm&r=g","contentUrl":"https:\/\/secure.gravatar.com\/avatar\/f5fc875574b1575324358c3b9e6a32b8227aa5b74f3fa22e3cadb63e26fcc39c?s=96&d=mm&r=g","caption":"haberkuzey"},"sameAs":["https:\/\/haberkuzey.com"],"url":"https:\/\/haberkuzey.com\/index.php\/author\/haberkuzey\/"}]}},"_links":{"self":[{"href":"https:\/\/haberkuzey.com\/index.php\/wp-json\/wp\/v2\/posts\/20577","targetHints":{"allow":["GET"]}}],"collection":[{"href":"https:\/\/haberkuzey.com\/index.php\/wp-json\/wp\/v2\/posts"}],"about":[{"href":"https:\/\/haberkuzey.com\/index.php\/wp-json\/wp\/v2\/types\/post"}],"author":[{"embeddable":true,"href":"https:\/\/haberkuzey.com\/index.php\/wp-json\/wp\/v2\/users\/1"}],"replies":[{"embeddable":true,"href":"https:\/\/haberkuzey.com\/index.php\/wp-json\/wp\/v2\/comments?post=20577"}],"version-history":[{"count":0,"href":"https:\/\/haberkuzey.com\/index.php\/wp-json\/wp\/v2\/posts\/20577\/revisions"}],"wp:featuredmedia":[{"embeddable":true,"href":"https:\/\/haberkuzey.com\/index.php\/wp-json\/wp\/v2\/media\/20578"}],"wp:attachment":[{"href":"https:\/\/haberkuzey.com\/index.php\/wp-json\/wp\/v2\/media?parent=20577"}],"wp:term":[{"taxonomy":"category","embeddable":true,"href":"https:\/\/haberkuzey.com\/index.php\/wp-json\/wp\/v2\/categories?post=20577"},{"taxonomy":"post_tag","embeddable":true,"href":"https:\/\/haberkuzey.com\/index.php\/wp-json\/wp\/v2\/tags?post=20577"}],"curies":[{"name":"wp","href":"https:\/\/api.w.org\/{rel}","templated":true}]}}