{"id":2057,"date":"2024-05-11T09:00:55","date_gmt":"2024-05-11T06:00:55","guid":{"rendered":"https:\/\/haberkuzey.com\/index.php\/2024\/05\/11\/tc-cumhurbaskani-yardimcisi-yilmazdan-bm-genel-kurulunun-filistin-kararina-iliskin-aciklama\/"},"modified":"2024-05-11T09:00:55","modified_gmt":"2024-05-11T06:00:55","slug":"tc-cumhurbaskani-yardimcisi-yilmazdan-bm-genel-kurulunun-filistin-kararina-iliskin-aciklama","status":"publish","type":"post","link":"https:\/\/haberkuzey.com\/index.php\/2024\/05\/11\/tc-cumhurbaskani-yardimcisi-yilmazdan-bm-genel-kurulunun-filistin-kararina-iliskin-aciklama\/","title":{"rendered":"TC Cumhurba\u015fkan\u0131 Yard\u0131mc\u0131s\u0131 Y\u0131lmaz\u2019dan, BM Genel Kurulu\u2019nun Filistin karar\u0131na ili\u015fkin a\u00e7\u0131klama"},"content":{"rendered":"<div>\n<div class=\"mariselle-image-container center\">\n                                            <\/div>\n<p>TC Cumhurba\u015fkan\u0131 Yard\u0131mc\u0131s\u0131 Cevdet Y\u0131lmaz, \u201cKal\u0131c\u0131 bar\u0131\u015f i\u00e7in tek \u00e7\u00f6z\u00fcm\u00fcn, ba\u015fkenti Kud\u00fcs olan ya\u015fanabilir, ba\u011f\u0131ms\u0131z ve egemen bir Filistin devletinin kabul edilmesi oldu\u011funu tekrar ederek, t\u00fcm \u00fclkeleri Filistin Devleti\u2019ni tan\u0131maya \u00e7a\u011f\u0131r\u0131yoruz.\u201d dedi.<\/p>\n<p>Y\u0131lmaz, Birle\u015fmi\u015f Milletler Genel Kurulu\u2019nda, Filistin\u2019e BM \u00fcyeli\u011fi ve ilave haklar talep edilen karar tasar\u0131s\u0131n\u0131n kabul\u00fcne ili\u015fkin, \u201c\u0130srail\u2019in 7 Ekim\u2019den bu yana Filistin topraklar\u0131nda i\u015fledi\u011fi su\u00e7lara kar\u015f\u0131 b\u00fcy\u00fck bir tepki olarak nitelendiriyor, uluslararas\u0131 toplumun b\u00fcy\u00fck bir \u00e7o\u011funlu\u011funun Filistin halk\u0131n\u0131n \u00f6zg\u00fcrl\u00fc\u011f\u00fcnden yana olmas\u0131n\u0131 memnuniyetle kar\u015f\u0131l\u0131yoruz.\u201d ifadesini kulland\u0131.<\/p>\n<p>Y\u0131lmaz, sosyal medya hesab\u0131ndan yapt\u0131\u011f\u0131 a\u00e7\u0131klamada, bug\u00fcn BM Genel Kurulu\u2019nda, Filistin\u2019in BM \u00fcyeli\u011finin BMGK\u2019de tekrar g\u00f6r\u00fc\u015f\u00fclmesi ve g\u00f6zlemci stat\u00fcs\u00fcnde olan Filistin\u2019e baz\u0131 ilave haklar tan\u0131nmas\u0131na ili\u015fkin karar tasar\u0131s\u0131n\u0131n kabul edilmesini olduk\u00e7a anlaml\u0131 bir destek mesaj\u0131 olarak g\u00f6rd\u00fcklerini vurgulad\u0131.<\/p>\n<p>Cumhurba\u015fkan\u0131 Yard\u0131mc\u0131s\u0131 Y\u0131lmaz, \u015funlar\u0131 kaydetti:<\/p>\n<p>\u201c\u00dclkemizin yan\u0131 s\u0131ra 80\u2019e yak\u0131n \u00fclkenin ortak sunucusu oldu\u011fu karar tasar\u0131s\u0131n\u0131n, 193 \u00fcyeli BM Genel Kurulu\u2019nda 143 \u2018evet\u2019 oyu ile kabul edilmesini, \u0130srail\u2019in 7 Ekim\u2019den bu yana Filistin topraklar\u0131nda i\u015fledi\u011fi su\u00e7lara kar\u015f\u0131 b\u00fcy\u00fck bir tepki olarak nitelendiriyor, uluslararas\u0131 toplumun b\u00fcy\u00fck bir \u00e7o\u011funlu\u011funun Filistin halk\u0131n\u0131n \u00f6zg\u00fcrl\u00fc\u011f\u00fcnden yana olmas\u0131n\u0131 memnuniyetle kar\u015f\u0131l\u0131yoruz.<\/p>\n<p>\u00dclkemiz her zaman oldu\u011fu gibi Say\u0131n Cumhurba\u015fkan\u0131m\u0131z Recep Tayyip Erdo\u011fan liderli\u011finde Filistin davas\u0131n\u0131n ve Filistinli karde\u015flerimizin yan\u0131nda olmaya devam edecektir. Kal\u0131c\u0131 bar\u0131\u015f i\u00e7in tek \u00e7\u00f6z\u00fcm\u00fcn, ba\u015fkenti Kud\u00fcs olan ya\u015fanabilir, ba\u011f\u0131ms\u0131z ve egemen bir Filistin devletinin kabul edilmesi oldu\u011funu tekrar ederek, t\u00fcm \u00fclkeleri Filistin Devleti\u2019ni tan\u0131maya \u00e7a\u011f\u0131r\u0131yoruz. T\u00fcrkiye olarak tarihte oldu\u011fu gibi bug\u00fcn de adil bar\u0131\u015f\u0131n yan\u0131nda ve mazlumlar\u0131n sesi olmaya devam edece\u011fiz.\u201d<\/p>\n<\/p><\/div>\n<p><script async\n                    defer\n                    crossorigin=\"anonymous\"\n                    src=\"https:\/\/connect.facebook.net\/tr_TR\/sdk.js#xfbml=1&#038;version=v3.3\"\n            ><\/script><\/p>\n","protected":false},"excerpt":{"rendered":"<p>TC Cumhurba\u015fkan\u0131 Yard\u0131mc\u0131s\u0131 Cevdet Y\u0131lmaz, \u201cKal\u0131c\u0131 bar\u0131\u015f i\u00e7in tek \u00e7\u00f6z\u00fcm\u00fcn, ba\u015fkenti Kud\u00fcs olan ya\u015fanabilir, ba\u011f\u0131ms\u0131z ve egemen bir Filistin devletinin kabul edilmesi oldu\u011funu tekrar ederek, t\u00fcm \u00fclkeleri Filistin Devleti\u2019ni tan\u0131maya \u00e7a\u011f\u0131r\u0131yoruz.\u201d dedi. Y\u0131lmaz, Birle\u015fmi\u015f Milletler Genel Kurulu\u2019nda, Filistin\u2019e BM \u00fcyeli\u011fi ve ilave haklar talep edilen karar tasar\u0131s\u0131n\u0131n kabul\u00fcne ili\u015fkin, \u201c\u0130srail\u2019in 7 Ekim\u2019den bu yana Filistin [&hellip;]<\/p>\n","protected":false},"author":1,"featured_media":2058,"comment_status":"open","ping_status":"open","sticky":false,"template":"","format":"standard","meta":{"jnews-multi-image_gallery":[],"jnews_single_post":[],"jnews_primary_category":[],"footnotes":""},"categories":[2],"tags":[],"class_list":["post-2057","post","type-post","status-publish","format-standard","has-post-thumbnail","hentry","category-dunya"],"yoast_head":"<!-- This site is optimized with the Yoast SEO plugin v27.5 - https:\/\/yoast.com\/product\/yoast-seo-wordpress\/ -->\n<title>TC Cumhurba\u015fkan\u0131 Yard\u0131mc\u0131s\u0131 Y\u0131lmaz\u2019dan, BM Genel Kurulu\u2019nun Filistin karar\u0131na ili\u015fkin a\u00e7\u0131klama - Haber Kuzey<\/title>\n<meta name=\"robots\" content=\"index, follow, max-snippet:-1, max-image-preview:large, max-video-preview:-1\" \/>\n<link rel=\"canonical\" href=\"https:\/\/haberkuzey.com\/index.php\/2024\/05\/11\/tc-cumhurbaskani-yardimcisi-yilmazdan-bm-genel-kurulunun-filistin-kararina-iliskin-aciklama\/\" \/>\n<meta property=\"og:locale\" content=\"tr_TR\" \/>\n<meta property=\"og:type\" content=\"article\" \/>\n<meta property=\"og:title\" content=\"TC Cumhurba\u015fkan\u0131 Yard\u0131mc\u0131s\u0131 Y\u0131lmaz\u2019dan, BM Genel Kurulu\u2019nun Filistin karar\u0131na ili\u015fkin a\u00e7\u0131klama - Haber Kuzey\" \/>\n<meta property=\"og:description\" content=\"TC Cumhurba\u015fkan\u0131 Yard\u0131mc\u0131s\u0131 Cevdet Y\u0131lmaz, \u201cKal\u0131c\u0131 bar\u0131\u015f i\u00e7in tek \u00e7\u00f6z\u00fcm\u00fcn, ba\u015fkenti Kud\u00fcs olan ya\u015fanabilir, ba\u011f\u0131ms\u0131z ve egemen bir Filistin devletinin kabul edilmesi oldu\u011funu tekrar ederek, t\u00fcm \u00fclkeleri Filistin Devleti\u2019ni tan\u0131maya \u00e7a\u011f\u0131r\u0131yoruz.\u201d dedi. Y\u0131lmaz, Birle\u015fmi\u015f Milletler Genel Kurulu\u2019nda, Filistin\u2019e BM \u00fcyeli\u011fi ve ilave haklar talep edilen karar tasar\u0131s\u0131n\u0131n kabul\u00fcne ili\u015fkin, \u201c\u0130srail\u2019in 7 Ekim\u2019den bu yana Filistin [&hellip;]\" \/>\n<meta property=\"og:url\" content=\"https:\/\/haberkuzey.com\/index.php\/2024\/05\/11\/tc-cumhurbaskani-yardimcisi-yilmazdan-bm-genel-kurulunun-filistin-kararina-iliskin-aciklama\/\" \/>\n<meta property=\"og:site_name\" content=\"Haber Kuzey\" \/>\n<meta property=\"article:published_time\" content=\"2024-05-11T06:00:55+00:00\" \/>\n<meta property=\"og:image\" content=\"https:\/\/brtk.net\/wp-content\/uploads\/2024\/05\/11\/thumbs_b_c_0a286c25f00437933e1981c85bbeb3ff.jpg?ver=3c72b434e2a282a6494fe703a260bb97\" \/>\n<meta name=\"author\" content=\"haberkuzey\" \/>\n<meta name=\"twitter:card\" content=\"summary_large_image\" \/>\n<meta name=\"twitter:label1\" content=\"Yazan:\" \/>\n\t<meta name=\"twitter:data1\" content=\"haberkuzey\" \/>\n\t<meta name=\"twitter:label2\" content=\"Tahmini okuma s\u00fcresi\" \/>\n\t<meta name=\"twitter:data2\" content=\"2 dakika\" \/>\n<script type=\"application\/ld+json\" class=\"yoast-schema-graph\">{\"@context\":\"https:\\\/\\\/schema.org\",\"@graph\":[{\"@type\":\"Article\",\"@id\":\"https:\\\/\\\/haberkuzey.com\\\/index.php\\\/2024\\\/05\\\/11\\\/tc-cumhurbaskani-yardimcisi-yilmazdan-bm-genel-kurulunun-filistin-kararina-iliskin-aciklama\\\/#article\",\"isPartOf\":{\"@id\":\"https:\\\/\\\/haberkuzey.com\\\/index.php\\\/2024\\\/05\\\/11\\\/tc-cumhurbaskani-yardimcisi-yilmazdan-bm-genel-kurulunun-filistin-kararina-iliskin-aciklama\\\/\"},\"author\":{\"name\":\"haberkuzey\",\"@id\":\"https:\\\/\\\/haberkuzey.com\\\/#\\\/schema\\\/person\\\/3372109ec735f9333f4fa47ebb9605ca\"},\"headline\":\"TC Cumhurba\u015fkan\u0131 Yard\u0131mc\u0131s\u0131 Y\u0131lmaz\u2019dan, BM Genel Kurulu\u2019nun Filistin karar\u0131na ili\u015fkin a\u00e7\u0131klama\",\"datePublished\":\"2024-05-11T06:00:55+00:00\",\"mainEntityOfPage\":{\"@id\":\"https:\\\/\\\/haberkuzey.com\\\/index.php\\\/2024\\\/05\\\/11\\\/tc-cumhurbaskani-yardimcisi-yilmazdan-bm-genel-kurulunun-filistin-kararina-iliskin-aciklama\\\/\"},\"wordCount\":382,\"commentCount\":0,\"image\":{\"@id\":\"https:\\\/\\\/haberkuzey.com\\\/index.php\\\/2024\\\/05\\\/11\\\/tc-cumhurbaskani-yardimcisi-yilmazdan-bm-genel-kurulunun-filistin-kararina-iliskin-aciklama\\\/#primaryimage\"},\"thumbnailUrl\":\"https:\\\/\\\/haberkuzey.com\\\/wp-content\\\/uploads\\\/2024\\\/05\\\/thumbs_b_c_0a286c25f00437933e1981c85bbeb3ff.jpg\",\"articleSection\":[\"D\u00fcnya\"],\"inLanguage\":\"tr\",\"potentialAction\":[{\"@type\":\"CommentAction\",\"name\":\"Comment\",\"target\":[\"https:\\\/\\\/haberkuzey.com\\\/index.php\\\/2024\\\/05\\\/11\\\/tc-cumhurbaskani-yardimcisi-yilmazdan-bm-genel-kurulunun-filistin-kararina-iliskin-aciklama\\\/#respond\"]}]},{\"@type\":\"WebPage\",\"@id\":\"https:\\\/\\\/haberkuzey.com\\\/index.php\\\/2024\\\/05\\\/11\\\/tc-cumhurbaskani-yardimcisi-yilmazdan-bm-genel-kurulunun-filistin-kararina-iliskin-aciklama\\\/\",\"url\":\"https:\\\/\\\/haberkuzey.com\\\/index.php\\\/2024\\\/05\\\/11\\\/tc-cumhurbaskani-yardimcisi-yilmazdan-bm-genel-kurulunun-filistin-kararina-iliskin-aciklama\\\/\",\"name\":\"TC Cumhurba\u015fkan\u0131 Yard\u0131mc\u0131s\u0131 Y\u0131lmaz\u2019dan, BM Genel Kurulu\u2019nun Filistin karar\u0131na ili\u015fkin a\u00e7\u0131klama - Haber Kuzey\",\"isPartOf\":{\"@id\":\"https:\\\/\\\/haberkuzey.com\\\/#website\"},\"primaryImageOfPage\":{\"@id\":\"https:\\\/\\\/haberkuzey.com\\\/index.php\\\/2024\\\/05\\\/11\\\/tc-cumhurbaskani-yardimcisi-yilmazdan-bm-genel-kurulunun-filistin-kararina-iliskin-aciklama\\\/#primaryimage\"},\"image\":{\"@id\":\"https:\\\/\\\/haberkuzey.com\\\/index.php\\\/2024\\\/05\\\/11\\\/tc-cumhurbaskani-yardimcisi-yilmazdan-bm-genel-kurulunun-filistin-kararina-iliskin-aciklama\\\/#primaryimage\"},\"thumbnailUrl\":\"https:\\\/\\\/haberkuzey.com\\\/wp-content\\\/uploads\\\/2024\\\/05\\\/thumbs_b_c_0a286c25f00437933e1981c85bbeb3ff.jpg\",\"datePublished\":\"2024-05-11T06:00:55+00:00\",\"author\":{\"@id\":\"https:\\\/\\\/haberkuzey.com\\\/#\\\/schema\\\/person\\\/3372109ec735f9333f4fa47ebb9605ca\"},\"breadcrumb\":{\"@id\":\"https:\\\/\\\/haberkuzey.com\\\/index.php\\\/2024\\\/05\\\/11\\\/tc-cumhurbaskani-yardimcisi-yilmazdan-bm-genel-kurulunun-filistin-kararina-iliskin-aciklama\\\/#breadcrumb\"},\"inLanguage\":\"tr\",\"potentialAction\":[{\"@type\":\"ReadAction\",\"target\":[\"https:\\\/\\\/haberkuzey.com\\\/index.php\\\/2024\\\/05\\\/11\\\/tc-cumhurbaskani-yardimcisi-yilmazdan-bm-genel-kurulunun-filistin-kararina-iliskin-aciklama\\\/\"]}]},{\"@type\":\"ImageObject\",\"inLanguage\":\"tr\",\"@id\":\"https:\\\/\\\/haberkuzey.com\\\/index.php\\\/2024\\\/05\\\/11\\\/tc-cumhurbaskani-yardimcisi-yilmazdan-bm-genel-kurulunun-filistin-kararina-iliskin-aciklama\\\/#primaryimage\",\"url\":\"https:\\\/\\\/haberkuzey.com\\\/wp-content\\\/uploads\\\/2024\\\/05\\\/thumbs_b_c_0a286c25f00437933e1981c85bbeb3ff.jpg\",\"contentUrl\":\"https:\\\/\\\/haberkuzey.com\\\/wp-content\\\/uploads\\\/2024\\\/05\\\/thumbs_b_c_0a286c25f00437933e1981c85bbeb3ff.jpg\",\"width\":864,\"height\":486},{\"@type\":\"BreadcrumbList\",\"@id\":\"https:\\\/\\\/haberkuzey.com\\\/index.php\\\/2024\\\/05\\\/11\\\/tc-cumhurbaskani-yardimcisi-yilmazdan-bm-genel-kurulunun-filistin-kararina-iliskin-aciklama\\\/#breadcrumb\",\"itemListElement\":[{\"@type\":\"ListItem\",\"position\":1,\"name\":\"Anasayfa\",\"item\":\"https:\\\/\\\/haberkuzey.com\\\/\"},{\"@type\":\"ListItem\",\"position\":2,\"name\":\"TC Cumhurba\u015fkan\u0131 Yard\u0131mc\u0131s\u0131 Y\u0131lmaz\u2019dan, BM Genel Kurulu\u2019nun Filistin karar\u0131na ili\u015fkin a\u00e7\u0131klama\"}]},{\"@type\":\"WebSite\",\"@id\":\"https:\\\/\\\/haberkuzey.com\\\/#website\",\"url\":\"https:\\\/\\\/haberkuzey.com\\\/\",\"name\":\"Haber Kuzey\",\"description\":\"Do\u011fru Haberin Adresi\",\"potentialAction\":[{\"@type\":\"SearchAction\",\"target\":{\"@type\":\"EntryPoint\",\"urlTemplate\":\"https:\\\/\\\/haberkuzey.com\\\/?s={search_term_string}\"},\"query-input\":{\"@type\":\"PropertyValueSpecification\",\"valueRequired\":true,\"valueName\":\"search_term_string\"}}],\"inLanguage\":\"tr\"},{\"@type\":\"Person\",\"@id\":\"https:\\\/\\\/haberkuzey.com\\\/#\\\/schema\\\/person\\\/3372109ec735f9333f4fa47ebb9605ca\",\"name\":\"haberkuzey\",\"image\":{\"@type\":\"ImageObject\",\"inLanguage\":\"tr\",\"@id\":\"https:\\\/\\\/secure.gravatar.com\\\/avatar\\\/f5fc875574b1575324358c3b9e6a32b8227aa5b74f3fa22e3cadb63e26fcc39c?s=96&d=mm&r=g\",\"url\":\"https:\\\/\\\/secure.gravatar.com\\\/avatar\\\/f5fc875574b1575324358c3b9e6a32b8227aa5b74f3fa22e3cadb63e26fcc39c?s=96&d=mm&r=g\",\"contentUrl\":\"https:\\\/\\\/secure.gravatar.com\\\/avatar\\\/f5fc875574b1575324358c3b9e6a32b8227aa5b74f3fa22e3cadb63e26fcc39c?s=96&d=mm&r=g\",\"caption\":\"haberkuzey\"},\"sameAs\":[\"https:\\\/\\\/haberkuzey.com\"],\"url\":\"https:\\\/\\\/haberkuzey.com\\\/index.php\\\/author\\\/haberkuzey\\\/\"}]}<\/script>\n<!-- \/ Yoast SEO plugin. -->","yoast_head_json":{"title":"TC Cumhurba\u015fkan\u0131 Yard\u0131mc\u0131s\u0131 Y\u0131lmaz\u2019dan, BM Genel Kurulu\u2019nun Filistin karar\u0131na ili\u015fkin a\u00e7\u0131klama - Haber Kuzey","robots":{"index":"index","follow":"follow","max-snippet":"max-snippet:-1","max-image-preview":"max-image-preview:large","max-video-preview":"max-video-preview:-1"},"canonical":"https:\/\/haberkuzey.com\/index.php\/2024\/05\/11\/tc-cumhurbaskani-yardimcisi-yilmazdan-bm-genel-kurulunun-filistin-kararina-iliskin-aciklama\/","og_locale":"tr_TR","og_type":"article","og_title":"TC Cumhurba\u015fkan\u0131 Yard\u0131mc\u0131s\u0131 Y\u0131lmaz\u2019dan, BM Genel Kurulu\u2019nun Filistin karar\u0131na ili\u015fkin a\u00e7\u0131klama - Haber Kuzey","og_description":"TC Cumhurba\u015fkan\u0131 Yard\u0131mc\u0131s\u0131 Cevdet Y\u0131lmaz, \u201cKal\u0131c\u0131 bar\u0131\u015f i\u00e7in tek \u00e7\u00f6z\u00fcm\u00fcn, ba\u015fkenti Kud\u00fcs olan ya\u015fanabilir, ba\u011f\u0131ms\u0131z ve egemen bir Filistin devletinin kabul edilmesi oldu\u011funu tekrar ederek, t\u00fcm \u00fclkeleri Filistin Devleti\u2019ni tan\u0131maya \u00e7a\u011f\u0131r\u0131yoruz.\u201d dedi. Y\u0131lmaz, Birle\u015fmi\u015f Milletler Genel Kurulu\u2019nda, Filistin\u2019e BM \u00fcyeli\u011fi ve ilave haklar talep edilen karar tasar\u0131s\u0131n\u0131n kabul\u00fcne ili\u015fkin, \u201c\u0130srail\u2019in 7 Ekim\u2019den bu yana Filistin [&hellip;]","og_url":"https:\/\/haberkuzey.com\/index.php\/2024\/05\/11\/tc-cumhurbaskani-yardimcisi-yilmazdan-bm-genel-kurulunun-filistin-kararina-iliskin-aciklama\/","og_site_name":"Haber Kuzey","article_published_time":"2024-05-11T06:00:55+00:00","og_image":[{"url":"https:\/\/brtk.net\/wp-content\/uploads\/2024\/05\/11\/thumbs_b_c_0a286c25f00437933e1981c85bbeb3ff.jpg?ver=3c72b434e2a282a6494fe703a260bb97","type":"","width":"","height":""}],"author":"haberkuzey","twitter_card":"summary_large_image","twitter_misc":{"Yazan:":"haberkuzey","Tahmini okuma s\u00fcresi":"2 dakika"},"schema":{"@context":"https:\/\/schema.org","@graph":[{"@type":"Article","@id":"https:\/\/haberkuzey.com\/index.php\/2024\/05\/11\/tc-cumhurbaskani-yardimcisi-yilmazdan-bm-genel-kurulunun-filistin-kararina-iliskin-aciklama\/#article","isPartOf":{"@id":"https:\/\/haberkuzey.com\/index.php\/2024\/05\/11\/tc-cumhurbaskani-yardimcisi-yilmazdan-bm-genel-kurulunun-filistin-kararina-iliskin-aciklama\/"},"author":{"name":"haberkuzey","@id":"https:\/\/haberkuzey.com\/#\/schema\/person\/3372109ec735f9333f4fa47ebb9605ca"},"headline":"TC Cumhurba\u015fkan\u0131 Yard\u0131mc\u0131s\u0131 Y\u0131lmaz\u2019dan, BM Genel Kurulu\u2019nun Filistin karar\u0131na ili\u015fkin a\u00e7\u0131klama","datePublished":"2024-05-11T06:00:55+00:00","mainEntityOfPage":{"@id":"https:\/\/haberkuzey.com\/index.php\/2024\/05\/11\/tc-cumhurbaskani-yardimcisi-yilmazdan-bm-genel-kurulunun-filistin-kararina-iliskin-aciklama\/"},"wordCount":382,"commentCount":0,"image":{"@id":"https:\/\/haberkuzey.com\/index.php\/2024\/05\/11\/tc-cumhurbaskani-yardimcisi-yilmazdan-bm-genel-kurulunun-filistin-kararina-iliskin-aciklama\/#primaryimage"},"thumbnailUrl":"https:\/\/haberkuzey.com\/wp-content\/uploads\/2024\/05\/thumbs_b_c_0a286c25f00437933e1981c85bbeb3ff.jpg","articleSection":["D\u00fcnya"],"inLanguage":"tr","potentialAction":[{"@type":"CommentAction","name":"Comment","target":["https:\/\/haberkuzey.com\/index.php\/2024\/05\/11\/tc-cumhurbaskani-yardimcisi-yilmazdan-bm-genel-kurulunun-filistin-kararina-iliskin-aciklama\/#respond"]}]},{"@type":"WebPage","@id":"https:\/\/haberkuzey.com\/index.php\/2024\/05\/11\/tc-cumhurbaskani-yardimcisi-yilmazdan-bm-genel-kurulunun-filistin-kararina-iliskin-aciklama\/","url":"https:\/\/haberkuzey.com\/index.php\/2024\/05\/11\/tc-cumhurbaskani-yardimcisi-yilmazdan-bm-genel-kurulunun-filistin-kararina-iliskin-aciklama\/","name":"TC Cumhurba\u015fkan\u0131 Yard\u0131mc\u0131s\u0131 Y\u0131lmaz\u2019dan, BM Genel Kurulu\u2019nun Filistin karar\u0131na ili\u015fkin a\u00e7\u0131klama - Haber Kuzey","isPartOf":{"@id":"https:\/\/haberkuzey.com\/#website"},"primaryImageOfPage":{"@id":"https:\/\/haberkuzey.com\/index.php\/2024\/05\/11\/tc-cumhurbaskani-yardimcisi-yilmazdan-bm-genel-kurulunun-filistin-kararina-iliskin-aciklama\/#primaryimage"},"image":{"@id":"https:\/\/haberkuzey.com\/index.php\/2024\/05\/11\/tc-cumhurbaskani-yardimcisi-yilmazdan-bm-genel-kurulunun-filistin-kararina-iliskin-aciklama\/#primaryimage"},"thumbnailUrl":"https:\/\/haberkuzey.com\/wp-content\/uploads\/2024\/05\/thumbs_b_c_0a286c25f00437933e1981c85bbeb3ff.jpg","datePublished":"2024-05-11T06:00:55+00:00","author":{"@id":"https:\/\/haberkuzey.com\/#\/schema\/person\/3372109ec735f9333f4fa47ebb9605ca"},"breadcrumb":{"@id":"https:\/\/haberkuzey.com\/index.php\/2024\/05\/11\/tc-cumhurbaskani-yardimcisi-yilmazdan-bm-genel-kurulunun-filistin-kararina-iliskin-aciklama\/#breadcrumb"},"inLanguage":"tr","potentialAction":[{"@type":"ReadAction","target":["https:\/\/haberkuzey.com\/index.php\/2024\/05\/11\/tc-cumhurbaskani-yardimcisi-yilmazdan-bm-genel-kurulunun-filistin-kararina-iliskin-aciklama\/"]}]},{"@type":"ImageObject","inLanguage":"tr","@id":"https:\/\/haberkuzey.com\/index.php\/2024\/05\/11\/tc-cumhurbaskani-yardimcisi-yilmazdan-bm-genel-kurulunun-filistin-kararina-iliskin-aciklama\/#primaryimage","url":"https:\/\/haberkuzey.com\/wp-content\/uploads\/2024\/05\/thumbs_b_c_0a286c25f00437933e1981c85bbeb3ff.jpg","contentUrl":"https:\/\/haberkuzey.com\/wp-content\/uploads\/2024\/05\/thumbs_b_c_0a286c25f00437933e1981c85bbeb3ff.jpg","width":864,"height":486},{"@type":"BreadcrumbList","@id":"https:\/\/haberkuzey.com\/index.php\/2024\/05\/11\/tc-cumhurbaskani-yardimcisi-yilmazdan-bm-genel-kurulunun-filistin-kararina-iliskin-aciklama\/#breadcrumb","itemListElement":[{"@type":"ListItem","position":1,"name":"Anasayfa","item":"https:\/\/haberkuzey.com\/"},{"@type":"ListItem","position":2,"name":"TC Cumhurba\u015fkan\u0131 Yard\u0131mc\u0131s\u0131 Y\u0131lmaz\u2019dan, BM Genel Kurulu\u2019nun Filistin karar\u0131na ili\u015fkin a\u00e7\u0131klama"}]},{"@type":"WebSite","@id":"https:\/\/haberkuzey.com\/#website","url":"https:\/\/haberkuzey.com\/","name":"Haber Kuzey","description":"Do\u011fru Haberin Adresi","potentialAction":[{"@type":"SearchAction","target":{"@type":"EntryPoint","urlTemplate":"https:\/\/haberkuzey.com\/?s={search_term_string}"},"query-input":{"@type":"PropertyValueSpecification","valueRequired":true,"valueName":"search_term_string"}}],"inLanguage":"tr"},{"@type":"Person","@id":"https:\/\/haberkuzey.com\/#\/schema\/person\/3372109ec735f9333f4fa47ebb9605ca","name":"haberkuzey","image":{"@type":"ImageObject","inLanguage":"tr","@id":"https:\/\/secure.gravatar.com\/avatar\/f5fc875574b1575324358c3b9e6a32b8227aa5b74f3fa22e3cadb63e26fcc39c?s=96&d=mm&r=g","url":"https:\/\/secure.gravatar.com\/avatar\/f5fc875574b1575324358c3b9e6a32b8227aa5b74f3fa22e3cadb63e26fcc39c?s=96&d=mm&r=g","contentUrl":"https:\/\/secure.gravatar.com\/avatar\/f5fc875574b1575324358c3b9e6a32b8227aa5b74f3fa22e3cadb63e26fcc39c?s=96&d=mm&r=g","caption":"haberkuzey"},"sameAs":["https:\/\/haberkuzey.com"],"url":"https:\/\/haberkuzey.com\/index.php\/author\/haberkuzey\/"}]}},"_links":{"self":[{"href":"https:\/\/haberkuzey.com\/index.php\/wp-json\/wp\/v2\/posts\/2057","targetHints":{"allow":["GET"]}}],"collection":[{"href":"https:\/\/haberkuzey.com\/index.php\/wp-json\/wp\/v2\/posts"}],"about":[{"href":"https:\/\/haberkuzey.com\/index.php\/wp-json\/wp\/v2\/types\/post"}],"author":[{"embeddable":true,"href":"https:\/\/haberkuzey.com\/index.php\/wp-json\/wp\/v2\/users\/1"}],"replies":[{"embeddable":true,"href":"https:\/\/haberkuzey.com\/index.php\/wp-json\/wp\/v2\/comments?post=2057"}],"version-history":[{"count":0,"href":"https:\/\/haberkuzey.com\/index.php\/wp-json\/wp\/v2\/posts\/2057\/revisions"}],"wp:featuredmedia":[{"embeddable":true,"href":"https:\/\/haberkuzey.com\/index.php\/wp-json\/wp\/v2\/media\/2058"}],"wp:attachment":[{"href":"https:\/\/haberkuzey.com\/index.php\/wp-json\/wp\/v2\/media?parent=2057"}],"wp:term":[{"taxonomy":"category","embeddable":true,"href":"https:\/\/haberkuzey.com\/index.php\/wp-json\/wp\/v2\/categories?post=2057"},{"taxonomy":"post_tag","embeddable":true,"href":"https:\/\/haberkuzey.com\/index.php\/wp-json\/wp\/v2\/tags?post=2057"}],"curies":[{"name":"wp","href":"https:\/\/api.w.org\/{rel}","templated":true}]}}