{"id":20565,"date":"2025-03-23T18:51:29","date_gmt":"2025-03-23T16:51:29","guid":{"rendered":"https:\/\/haberkuzey.com\/index.php\/2025\/03\/23\/ibbye-yonelik-teror-sorusturmasinda-hakimlik-kararina-ulasildi\/"},"modified":"2025-03-23T18:51:29","modified_gmt":"2025-03-23T16:51:29","slug":"ibbye-yonelik-teror-sorusturmasinda-hakimlik-kararina-ulasildi","status":"publish","type":"post","link":"https:\/\/haberkuzey.com\/index.php\/2025\/03\/23\/ibbye-yonelik-teror-sorusturmasinda-hakimlik-kararina-ulasildi\/","title":{"rendered":"\u0130BB\u2019ye y\u00f6nelik \u201cter\u00f6r\u201d soru\u015fturmas\u0131nda hakimlik karar\u0131na ula\u015f\u0131ld\u0131"},"content":{"rendered":"<div>\n<div class=\"mariselle-image-container center\">\n                                            <\/div>\n<p>\u0130stanbul B\u00fcy\u00fck\u015fehir Belediyesine (\u0130BB) y\u00f6nelik \u201cter\u00f6r\u201d soru\u015fturmas\u0131 kapsam\u0131nda \u0130BB Ba\u015fkan\u0131 Ekrem \u0130mamo\u011flu\u2019nun serbest b\u0131rak\u0131ld\u0131\u011f\u0131, 3 ki\u015finin de tutukland\u0131\u011f\u0131 4 \u015f\u00fcpheli hakk\u0131ndaki hakimlik karar\u0131na ula\u015f\u0131ld\u0131.<\/p>\n<p>\u0130stanbul Cumhuriyet Ba\u015fsavc\u0131l\u0131\u011f\u0131nca, \u201cPKK\/KCK ter\u00f6r \u00f6rg\u00fct\u00fcne yard\u0131m etmek\u201d su\u00e7undan y\u00fcr\u00fct\u00fclen soru\u015fturma kapsam\u0131nda g\u00f6zalt\u0131na al\u0131nmalar\u0131n\u0131n ard\u0131ndan \u00c7a\u011flayan\u2019daki \u0130stanbul Adliyesi\u2019ne getirilen \u0130BB Ba\u015fkan\u0131 Ekrem \u0130mamo\u011flu, \u0130BB Genel Sekreter Yard\u0131mc\u0131s\u0131 Mahir Polat, \u015ei\u015fli Belediye Ba\u015fkan\u0131 Resul Emrah \u015eahan ve Reform Enstit\u00fcs\u00fc Direkt\u00f6r\u00fc Mehmet Ali \u00c7al\u0131\u015fkan\u2019\u0131n \u0130stanbul N\u00f6bet\u00e7i 10. Sulh Ceza Hakimli\u011findeki i\u015flemleri tamamland\u0131.<\/p>\n<p>Ekrem \u0130mamo\u011flu, hakimlik ifadesinde, emniyette ve savc\u0131l\u0131kta verdi\u011fi beyanlar\u0131 tekrar etti\u011fini belirterek, \u201cSayfalarca PKK ter\u00f6r \u00f6rg\u00fct\u00fc, hi\u00e7 ilgilenmedi\u011fim KCK, HDK vesaire k\u0131saltmalarla ge\u00e7en farkl\u0131 dergilerde farkl\u0131 ter\u00f6r \u00f6rg\u00fctlerinin s\u00f6ylemlerinin dizildi\u011fi, tam bir kumpas ve pusu d\u00fczenini kuran 2 savc\u0131n\u0131n su\u00e7 isnad\u0131n\u0131 g\u00f6rmekteyim. Hepsi benim i\u00e7in \u00e7\u00f6p niteli\u011findedir. Yapt\u0131klar\u0131 bu i\u015f ve i\u015flemler \u00fclkemizin adalet sistemine at\u0131lm\u0131\u015f bir bombad\u0131r. Tahribat\u0131 b\u00fcy\u00fck olacakt\u0131r.\u201d beyan\u0131nda bulundu.<\/p>\n<p>T\u00fcrk yarg\u0131s\u0131na ve on binlerce namuslu yarg\u0131\u00e7, savc\u0131lara seslendi\u011fini belirten \u0130mamo\u011flu, \u015f\u00f6yle devam etti:<\/p>\n<p>\u201cBu t\u00fcr meslek namusunu ve ahlak\u0131n\u0131 yitirmi\u015f insanlara meydan vermeyin. Su\u00e7 isnad\u0131n\u0131n bende zerre kadar k\u0131ymeti yoktur. Yazd\u0131klar\u0131 her sayfa \u00e7\u00f6p niteli\u011findedir. Benim milletime, vatan\u0131ma, bayra\u011f\u0131ma olan sevgimi, ba\u011fl\u0131l\u0131\u011f\u0131m\u0131 \u00f6l\u00e7ecek, a\u015fa\u011f\u0131layacak ya da ter\u00f6rle iltisakl\u0131 olacak diyecek ki\u015fi anas\u0131n\u0131n karn\u0131ndan do\u011fmad\u0131. Ben Cumhuriyet de\u011ferlerine ba\u011fl\u0131, Atat\u00fcrk\u2019\u00fcn kurdu\u011fu bu Cumhuriyetin ikinci y\u00fczy\u0131l\u0131nda gen\u00e7leriyle tarih yazaca\u011f\u0131 bir d\u00f6neme imza atmaya kararl\u0131 bir siyaset\u00e7iyim, bu hedefimi bu milletin 86 milyon insan\u0131m\u0131z\u0131n evlatlar\u0131 ile birlikte ba\u015faraca\u011f\u0131m\u0131z\u0131 milletimiz g\u00f6recek ve ya\u015fayacakt\u0131r.\u201d<\/p>\n<p>\u2013 \u201cBu kimlik ve kariyer \u00fczerine b\u00f6yle bir su\u00e7lamayla muhatap olma rencide edicidir\u201d<\/p>\n<p>Tutuklanan \u015f\u00fcpheli Mahir Polat ifadesinde, Azat Bar\u0131\u015f\u2019la 4-5 y\u0131l \u00f6nce kar\u015f\u0131la\u015ft\u0131\u011f\u0131n\u0131, ancak kendisiyle herhangi bir samimiyeti ve ba\u011flant\u0131s\u0131 olmad\u0131\u011f\u0131n\u0131 s\u00f6yledi.<\/p>\n<p>Din tarihi \u00e7al\u0131\u015ft\u0131\u011f\u0131n\u0131 belirten Polat, \u201cAzat Bar\u0131\u015f\u2019\u0131n Yezidiler \u00fczerine uzman oldu\u011funu s\u00f6ylemi\u015fti. Bu maksatla g\u00f6r\u00fc\u015fm\u00fc\u015f olabilirim. A\u011f\u0131r sa\u011fl\u0131k sorunlar\u0131m var. Doktor takibine devam etmekteyim. En son 2 hafta \u00f6nce anjiyo oldum. Tarih ve k\u00fclt\u00fcr ara\u015ft\u0131rmalar\u0131, milli de\u011ferlerimizin ortaya \u00e7\u0131kmas\u0131 i\u00e7in \u00e7al\u0131\u015fmalar yapt\u0131m. Bu kimlik ve kariyer \u00fczerine b\u00f6yle bir su\u00e7lamayla muhatap olma rencide edicidir.\u201d dedi.<\/p>\n<p>\u015e\u00fcpheli Resul Emrah \u015eahan ise ifadesinde, ter\u00f6rle herhangi bir irtibat\u0131 olmad\u0131\u011f\u0131n\u0131, olmayaca\u011f\u0131n\u0131 ve ter\u00f6re destek vermeyece\u011fini s\u00f6yledi.<\/p>\n<p>Belediye Ba\u015fkan\u0131 olarak sorumluluklar\u0131 \u00e7er\u00e7evesinde g\u00f6revini yapt\u0131\u011f\u0131n\u0131 ve partisinin g\u00fcndeminde \u201cKent Uzla\u015f\u0131s\u0131\u201dn\u0131n olmad\u0131\u011f\u0131n\u0131 anlatan \u015eahan,\u201d Azat Bar\u0131\u015f\u2019la 2019 y\u0131l\u0131nda DEM\u2019in Genel Ba\u015fkan Yard\u0131mc\u0131s\u0131 oldu\u011fu zamanlarda \u0130BB\u2019yle yapm\u0131\u015f oldu\u011fu kurumsal g\u00f6r\u00fc\u015fmeler s\u0131ras\u0131nda tan\u0131\u015ft\u0131m. D\u0130AYDER Derne\u011fi ile herhangi bir ba\u011flant\u0131m ya da ilgim yoktur.\u201d ifadelerini kulland\u0131.<\/p>\n<p>\u2013 Hakimlik karar\u0131<\/p>\n<p>Hakimlik karar\u0131nda, \u201csilahl\u0131 ter\u00f6r \u00f6rg\u00fct\u00fcne yard\u0131m etme su\u00e7undan\u201d tutuklanmas\u0131 talep edilen Ekrem \u0130mamo\u011flu\u2019nun, dosyada yer alan MASAK raporlar\u0131, tan\u0131k beyanlar\u0131, HTS raporlar\u0131, kolluk tutanaklar\u0131 ve t\u00fcm dosya kapsam\u0131 uyar\u0131nca kuvvetli su\u00e7 \u015f\u00fcphesi bulundu\u011fu aktar\u0131ld\u0131.<\/p>\n<p>\u0130mamo\u011flu\u2019nun, \u201csu\u00e7 i\u015flemek amac\u0131yla \u00f6rg\u00fct kurmak\u201d, \u201chukuka ayk\u0131r\u0131 olarak ki\u015fisel verileri kaydetmek\u201d, \u201cr\u00fc\u015fvet almak\u201d ve \u201ckamu kurum veya kurulu\u015flar\u0131n\u0131n ihalesine fesat kar\u0131\u015ft\u0131rmak\u201d su\u00e7lar\u0131ndan tutuklanmas\u0131na karar verildi\u011fi hat\u0131rlat\u0131lan hakimlik karar\u0131nda, bu a\u015famada tutuklama tedbirinin gerek bulunmad\u0131\u011f\u0131 anla\u015f\u0131larak savc\u0131l\u0131\u011f\u0131n bu y\u00f6ndeki talebinin reddedildi\u011fi kaydedildi.<\/p>\n<p>Kararda, \u201cKent Uzla\u015f\u0131s\u0131\u201d \u00f6rg\u00fctsel faaliyetlerine ili\u015fkin \u015f\u00fcpheliler Mahir Polat, Mehmet Ali \u00c7al\u0131\u015fkan ve Resul Emrah \u015eahan\u2019\u0131n ortak \u00f6rg\u00fctsel irtibat\u0131 olarak PKK\/KCK ter\u00f6r \u00f6rg\u00fct\u00fc siyasal alan yap\u0131lanmas\u0131 sorumlusu firari Azat Bar\u0131\u015f ile HTS kay\u0131tlar\u0131n\u0131n bulundu\u011fu vurguland\u0131.<\/p>\n<p>\u015e\u00fcphelilerin \u00f6rg\u00fct\u00fcn hareketlerini kolayla\u015ft\u0131ran ve ya\u015fant\u0131s\u0131n\u0131 s\u00fcrd\u00fcrmeye y\u00f6nelik eylemlere i\u015ftirak ederek \u00fczerlerine at\u0131l\u0131 \u201cPKK\/KCK ter\u00f6r \u00f6rg\u00fct\u00fcne yard\u0131m etme su\u00e7unu i\u015fledikleri\u201d belirtilen kararda, MASAK raporlar\u0131, tan\u0131k beyanlar\u0131, HTS raporlar\u0131, kolluk tutanaklar\u0131 ve t\u00fcm dosya kapsam\u0131 birlikte de\u011ferlendirildi\u011finde, \u015f\u00fcphelilerin \u00fczerine at\u0131l\u0131 su\u00e7u i\u015fledikleri hususunda kuvvetli su\u00e7 \u015f\u00fcphesinin oldu\u011fu aktar\u0131ld\u0131.<\/p>\n<p>Kararda, at\u0131l\u0131 su\u00e7un vas\u0131f ve mahiyeti ile kanunda \u00f6ng\u00f6r\u00fclen cezas\u0131n\u0131n alt ve \u00fcst s\u0131n\u0131r\u0131 nedeniyle \u015f\u00fcphelilerin ka\u00e7ma ve saklanma ihtimalinin y\u00fcksek oldu\u011fu, bu nedenle bu a\u015famada adli kontrol h\u00fck\u00fcmlerinin uygulanmas\u0131n\u0131n yetersiz kalaca\u011f\u0131 belirtilerek, bu do\u011frultuda tutuklaman\u0131n \u00f6l\u00e7\u00fcl\u00fc oldu\u011fu kanaatine var\u0131larak, tutuklama karar\u0131 verildi\u011fi anlat\u0131ld\u0131.<\/p>\n<\/p><\/div>\n<p><script async\n                    defer\n                    crossorigin=\"anonymous\"\n                    src=\"https:\/\/connect.facebook.net\/tr_TR\/sdk.js#xfbml=1&#038;version=v3.3\"\n            ><\/script><\/p>\n","protected":false},"excerpt":{"rendered":"<p>\u0130stanbul B\u00fcy\u00fck\u015fehir Belediyesine (\u0130BB) y\u00f6nelik \u201cter\u00f6r\u201d soru\u015fturmas\u0131 kapsam\u0131nda \u0130BB Ba\u015fkan\u0131 Ekrem \u0130mamo\u011flu\u2019nun serbest b\u0131rak\u0131ld\u0131\u011f\u0131, 3 ki\u015finin de tutukland\u0131\u011f\u0131 4 \u015f\u00fcpheli hakk\u0131ndaki hakimlik karar\u0131na ula\u015f\u0131ld\u0131. \u0130stanbul Cumhuriyet Ba\u015fsavc\u0131l\u0131\u011f\u0131nca, \u201cPKK\/KCK ter\u00f6r \u00f6rg\u00fct\u00fcne yard\u0131m etmek\u201d su\u00e7undan y\u00fcr\u00fct\u00fclen soru\u015fturma kapsam\u0131nda g\u00f6zalt\u0131na al\u0131nmalar\u0131n\u0131n ard\u0131ndan \u00c7a\u011flayan\u2019daki \u0130stanbul Adliyesi\u2019ne getirilen \u0130BB Ba\u015fkan\u0131 Ekrem \u0130mamo\u011flu, \u0130BB Genel Sekreter Yard\u0131mc\u0131s\u0131 Mahir Polat, \u015ei\u015fli Belediye [&hellip;]<\/p>\n","protected":false},"author":1,"featured_media":20566,"comment_status":"open","ping_status":"open","sticky":false,"template":"","format":"standard","meta":{"jnews-multi-image_gallery":[],"jnews_single_post":[],"jnews_primary_category":[],"footnotes":""},"categories":[2],"tags":[],"class_list":["post-20565","post","type-post","status-publish","format-standard","has-post-thumbnail","hentry","category-dunya"],"yoast_head":"<!-- This site is optimized with the Yoast SEO plugin v27.5 - https:\/\/yoast.com\/product\/yoast-seo-wordpress\/ -->\n<title>\u0130BB\u2019ye y\u00f6nelik \u201cter\u00f6r\u201d soru\u015fturmas\u0131nda hakimlik karar\u0131na ula\u015f\u0131ld\u0131 - Haber Kuzey<\/title>\n<meta name=\"robots\" content=\"index, follow, max-snippet:-1, max-image-preview:large, max-video-preview:-1\" \/>\n<link rel=\"canonical\" href=\"https:\/\/haberkuzey.com\/index.php\/2025\/03\/23\/ibbye-yonelik-teror-sorusturmasinda-hakimlik-kararina-ulasildi\/\" \/>\n<meta property=\"og:locale\" content=\"tr_TR\" \/>\n<meta property=\"og:type\" content=\"article\" \/>\n<meta property=\"og:title\" content=\"\u0130BB\u2019ye y\u00f6nelik \u201cter\u00f6r\u201d soru\u015fturmas\u0131nda hakimlik karar\u0131na ula\u015f\u0131ld\u0131 - Haber Kuzey\" \/>\n<meta property=\"og:description\" content=\"\u0130stanbul B\u00fcy\u00fck\u015fehir Belediyesine (\u0130BB) y\u00f6nelik \u201cter\u00f6r\u201d soru\u015fturmas\u0131 kapsam\u0131nda \u0130BB Ba\u015fkan\u0131 Ekrem \u0130mamo\u011flu\u2019nun serbest b\u0131rak\u0131ld\u0131\u011f\u0131, 3 ki\u015finin de tutukland\u0131\u011f\u0131 4 \u015f\u00fcpheli hakk\u0131ndaki hakimlik karar\u0131na ula\u015f\u0131ld\u0131. \u0130stanbul Cumhuriyet Ba\u015fsavc\u0131l\u0131\u011f\u0131nca, \u201cPKK\/KCK ter\u00f6r \u00f6rg\u00fct\u00fcne yard\u0131m etmek\u201d su\u00e7undan y\u00fcr\u00fct\u00fclen soru\u015fturma kapsam\u0131nda g\u00f6zalt\u0131na al\u0131nmalar\u0131n\u0131n ard\u0131ndan \u00c7a\u011flayan\u2019daki \u0130stanbul Adliyesi\u2019ne getirilen \u0130BB Ba\u015fkan\u0131 Ekrem \u0130mamo\u011flu, \u0130BB Genel Sekreter Yard\u0131mc\u0131s\u0131 Mahir Polat, \u015ei\u015fli Belediye [&hellip;]\" \/>\n<meta property=\"og:url\" content=\"https:\/\/haberkuzey.com\/index.php\/2025\/03\/23\/ibbye-yonelik-teror-sorusturmasinda-hakimlik-kararina-ulasildi\/\" \/>\n<meta property=\"og:site_name\" content=\"Haber Kuzey\" \/>\n<meta property=\"article:published_time\" content=\"2025-03-23T16:51:29+00:00\" \/>\n<meta property=\"og:image\" content=\"https:\/\/brtk.net\/wp-content\/uploads\/2025\/03\/23\/1742734267736ibb-ye-yonelik-kent-uzlasisi-sorusturmasinda-hakimlik-kararina-ulasildi.jpg?ver=6fc9203acd5b4e5f0c516eb5dd3eadc1\" \/>\n<meta name=\"author\" content=\"haberkuzey\" \/>\n<meta name=\"twitter:card\" content=\"summary_large_image\" \/>\n<meta name=\"twitter:label1\" content=\"Yazan:\" \/>\n\t<meta name=\"twitter:data1\" content=\"haberkuzey\" \/>\n\t<meta name=\"twitter:label2\" content=\"Tahmini okuma s\u00fcresi\" \/>\n\t<meta name=\"twitter:data2\" content=\"4 dakika\" \/>\n<script type=\"application\/ld+json\" class=\"yoast-schema-graph\">{\"@context\":\"https:\\\/\\\/schema.org\",\"@graph\":[{\"@type\":\"Article\",\"@id\":\"https:\\\/\\\/haberkuzey.com\\\/index.php\\\/2025\\\/03\\\/23\\\/ibbye-yonelik-teror-sorusturmasinda-hakimlik-kararina-ulasildi\\\/#article\",\"isPartOf\":{\"@id\":\"https:\\\/\\\/haberkuzey.com\\\/index.php\\\/2025\\\/03\\\/23\\\/ibbye-yonelik-teror-sorusturmasinda-hakimlik-kararina-ulasildi\\\/\"},\"author\":{\"name\":\"haberkuzey\",\"@id\":\"https:\\\/\\\/haberkuzey.com\\\/#\\\/schema\\\/person\\\/3372109ec735f9333f4fa47ebb9605ca\"},\"headline\":\"\u0130BB\u2019ye y\u00f6nelik \u201cter\u00f6r\u201d soru\u015fturmas\u0131nda hakimlik karar\u0131na ula\u015f\u0131ld\u0131\",\"datePublished\":\"2025-03-23T16:51:29+00:00\",\"mainEntityOfPage\":{\"@id\":\"https:\\\/\\\/haberkuzey.com\\\/index.php\\\/2025\\\/03\\\/23\\\/ibbye-yonelik-teror-sorusturmasinda-hakimlik-kararina-ulasildi\\\/\"},\"wordCount\":888,\"commentCount\":0,\"image\":{\"@id\":\"https:\\\/\\\/haberkuzey.com\\\/index.php\\\/2025\\\/03\\\/23\\\/ibbye-yonelik-teror-sorusturmasinda-hakimlik-kararina-ulasildi\\\/#primaryimage\"},\"thumbnailUrl\":\"https:\\\/\\\/haberkuzey.com\\\/wp-content\\\/uploads\\\/2025\\\/03\\\/1742734267736ibb-ye-yonelik-kent-uzlasisi-sorusturmasinda-hakimlik-kararina-ulasildi.jpg\",\"articleSection\":[\"D\u00fcnya\"],\"inLanguage\":\"tr\",\"potentialAction\":[{\"@type\":\"CommentAction\",\"name\":\"Comment\",\"target\":[\"https:\\\/\\\/haberkuzey.com\\\/index.php\\\/2025\\\/03\\\/23\\\/ibbye-yonelik-teror-sorusturmasinda-hakimlik-kararina-ulasildi\\\/#respond\"]}]},{\"@type\":\"WebPage\",\"@id\":\"https:\\\/\\\/haberkuzey.com\\\/index.php\\\/2025\\\/03\\\/23\\\/ibbye-yonelik-teror-sorusturmasinda-hakimlik-kararina-ulasildi\\\/\",\"url\":\"https:\\\/\\\/haberkuzey.com\\\/index.php\\\/2025\\\/03\\\/23\\\/ibbye-yonelik-teror-sorusturmasinda-hakimlik-kararina-ulasildi\\\/\",\"name\":\"\u0130BB\u2019ye y\u00f6nelik \u201cter\u00f6r\u201d soru\u015fturmas\u0131nda hakimlik karar\u0131na ula\u015f\u0131ld\u0131 - Haber Kuzey\",\"isPartOf\":{\"@id\":\"https:\\\/\\\/haberkuzey.com\\\/#website\"},\"primaryImageOfPage\":{\"@id\":\"https:\\\/\\\/haberkuzey.com\\\/index.php\\\/2025\\\/03\\\/23\\\/ibbye-yonelik-teror-sorusturmasinda-hakimlik-kararina-ulasildi\\\/#primaryimage\"},\"image\":{\"@id\":\"https:\\\/\\\/haberkuzey.com\\\/index.php\\\/2025\\\/03\\\/23\\\/ibbye-yonelik-teror-sorusturmasinda-hakimlik-kararina-ulasildi\\\/#primaryimage\"},\"thumbnailUrl\":\"https:\\\/\\\/haberkuzey.com\\\/wp-content\\\/uploads\\\/2025\\\/03\\\/1742734267736ibb-ye-yonelik-kent-uzlasisi-sorusturmasinda-hakimlik-kararina-ulasildi.jpg\",\"datePublished\":\"2025-03-23T16:51:29+00:00\",\"author\":{\"@id\":\"https:\\\/\\\/haberkuzey.com\\\/#\\\/schema\\\/person\\\/3372109ec735f9333f4fa47ebb9605ca\"},\"breadcrumb\":{\"@id\":\"https:\\\/\\\/haberkuzey.com\\\/index.php\\\/2025\\\/03\\\/23\\\/ibbye-yonelik-teror-sorusturmasinda-hakimlik-kararina-ulasildi\\\/#breadcrumb\"},\"inLanguage\":\"tr\",\"potentialAction\":[{\"@type\":\"ReadAction\",\"target\":[\"https:\\\/\\\/haberkuzey.com\\\/index.php\\\/2025\\\/03\\\/23\\\/ibbye-yonelik-teror-sorusturmasinda-hakimlik-kararina-ulasildi\\\/\"]}]},{\"@type\":\"ImageObject\",\"inLanguage\":\"tr\",\"@id\":\"https:\\\/\\\/haberkuzey.com\\\/index.php\\\/2025\\\/03\\\/23\\\/ibbye-yonelik-teror-sorusturmasinda-hakimlik-kararina-ulasildi\\\/#primaryimage\",\"url\":\"https:\\\/\\\/haberkuzey.com\\\/wp-content\\\/uploads\\\/2025\\\/03\\\/1742734267736ibb-ye-yonelik-kent-uzlasisi-sorusturmasinda-hakimlik-kararina-ulasildi.jpg\",\"contentUrl\":\"https:\\\/\\\/haberkuzey.com\\\/wp-content\\\/uploads\\\/2025\\\/03\\\/1742734267736ibb-ye-yonelik-kent-uzlasisi-sorusturmasinda-hakimlik-kararina-ulasildi.jpg\",\"width\":1280,\"height\":720},{\"@type\":\"BreadcrumbList\",\"@id\":\"https:\\\/\\\/haberkuzey.com\\\/index.php\\\/2025\\\/03\\\/23\\\/ibbye-yonelik-teror-sorusturmasinda-hakimlik-kararina-ulasildi\\\/#breadcrumb\",\"itemListElement\":[{\"@type\":\"ListItem\",\"position\":1,\"name\":\"Anasayfa\",\"item\":\"https:\\\/\\\/haberkuzey.com\\\/\"},{\"@type\":\"ListItem\",\"position\":2,\"name\":\"\u0130BB\u2019ye y\u00f6nelik \u201cter\u00f6r\u201d soru\u015fturmas\u0131nda hakimlik karar\u0131na ula\u015f\u0131ld\u0131\"}]},{\"@type\":\"WebSite\",\"@id\":\"https:\\\/\\\/haberkuzey.com\\\/#website\",\"url\":\"https:\\\/\\\/haberkuzey.com\\\/\",\"name\":\"Haber Kuzey\",\"description\":\"Do\u011fru Haberin Adresi\",\"potentialAction\":[{\"@type\":\"SearchAction\",\"target\":{\"@type\":\"EntryPoint\",\"urlTemplate\":\"https:\\\/\\\/haberkuzey.com\\\/?s={search_term_string}\"},\"query-input\":{\"@type\":\"PropertyValueSpecification\",\"valueRequired\":true,\"valueName\":\"search_term_string\"}}],\"inLanguage\":\"tr\"},{\"@type\":\"Person\",\"@id\":\"https:\\\/\\\/haberkuzey.com\\\/#\\\/schema\\\/person\\\/3372109ec735f9333f4fa47ebb9605ca\",\"name\":\"haberkuzey\",\"image\":{\"@type\":\"ImageObject\",\"inLanguage\":\"tr\",\"@id\":\"https:\\\/\\\/secure.gravatar.com\\\/avatar\\\/f5fc875574b1575324358c3b9e6a32b8227aa5b74f3fa22e3cadb63e26fcc39c?s=96&d=mm&r=g\",\"url\":\"https:\\\/\\\/secure.gravatar.com\\\/avatar\\\/f5fc875574b1575324358c3b9e6a32b8227aa5b74f3fa22e3cadb63e26fcc39c?s=96&d=mm&r=g\",\"contentUrl\":\"https:\\\/\\\/secure.gravatar.com\\\/avatar\\\/f5fc875574b1575324358c3b9e6a32b8227aa5b74f3fa22e3cadb63e26fcc39c?s=96&d=mm&r=g\",\"caption\":\"haberkuzey\"},\"sameAs\":[\"https:\\\/\\\/haberkuzey.com\"],\"url\":\"https:\\\/\\\/haberkuzey.com\\\/index.php\\\/author\\\/haberkuzey\\\/\"}]}<\/script>\n<!-- \/ Yoast SEO plugin. -->","yoast_head_json":{"title":"\u0130BB\u2019ye y\u00f6nelik \u201cter\u00f6r\u201d soru\u015fturmas\u0131nda hakimlik karar\u0131na ula\u015f\u0131ld\u0131 - Haber Kuzey","robots":{"index":"index","follow":"follow","max-snippet":"max-snippet:-1","max-image-preview":"max-image-preview:large","max-video-preview":"max-video-preview:-1"},"canonical":"https:\/\/haberkuzey.com\/index.php\/2025\/03\/23\/ibbye-yonelik-teror-sorusturmasinda-hakimlik-kararina-ulasildi\/","og_locale":"tr_TR","og_type":"article","og_title":"\u0130BB\u2019ye y\u00f6nelik \u201cter\u00f6r\u201d soru\u015fturmas\u0131nda hakimlik karar\u0131na ula\u015f\u0131ld\u0131 - Haber Kuzey","og_description":"\u0130stanbul B\u00fcy\u00fck\u015fehir Belediyesine (\u0130BB) y\u00f6nelik \u201cter\u00f6r\u201d soru\u015fturmas\u0131 kapsam\u0131nda \u0130BB Ba\u015fkan\u0131 Ekrem \u0130mamo\u011flu\u2019nun serbest b\u0131rak\u0131ld\u0131\u011f\u0131, 3 ki\u015finin de tutukland\u0131\u011f\u0131 4 \u015f\u00fcpheli hakk\u0131ndaki hakimlik karar\u0131na ula\u015f\u0131ld\u0131. \u0130stanbul Cumhuriyet Ba\u015fsavc\u0131l\u0131\u011f\u0131nca, \u201cPKK\/KCK ter\u00f6r \u00f6rg\u00fct\u00fcne yard\u0131m etmek\u201d su\u00e7undan y\u00fcr\u00fct\u00fclen soru\u015fturma kapsam\u0131nda g\u00f6zalt\u0131na al\u0131nmalar\u0131n\u0131n ard\u0131ndan \u00c7a\u011flayan\u2019daki \u0130stanbul Adliyesi\u2019ne getirilen \u0130BB Ba\u015fkan\u0131 Ekrem \u0130mamo\u011flu, \u0130BB Genel Sekreter Yard\u0131mc\u0131s\u0131 Mahir Polat, \u015ei\u015fli Belediye [&hellip;]","og_url":"https:\/\/haberkuzey.com\/index.php\/2025\/03\/23\/ibbye-yonelik-teror-sorusturmasinda-hakimlik-kararina-ulasildi\/","og_site_name":"Haber Kuzey","article_published_time":"2025-03-23T16:51:29+00:00","og_image":[{"url":"https:\/\/brtk.net\/wp-content\/uploads\/2025\/03\/23\/1742734267736ibb-ye-yonelik-kent-uzlasisi-sorusturmasinda-hakimlik-kararina-ulasildi.jpg?ver=6fc9203acd5b4e5f0c516eb5dd3eadc1","type":"","width":"","height":""}],"author":"haberkuzey","twitter_card":"summary_large_image","twitter_misc":{"Yazan:":"haberkuzey","Tahmini okuma s\u00fcresi":"4 dakika"},"schema":{"@context":"https:\/\/schema.org","@graph":[{"@type":"Article","@id":"https:\/\/haberkuzey.com\/index.php\/2025\/03\/23\/ibbye-yonelik-teror-sorusturmasinda-hakimlik-kararina-ulasildi\/#article","isPartOf":{"@id":"https:\/\/haberkuzey.com\/index.php\/2025\/03\/23\/ibbye-yonelik-teror-sorusturmasinda-hakimlik-kararina-ulasildi\/"},"author":{"name":"haberkuzey","@id":"https:\/\/haberkuzey.com\/#\/schema\/person\/3372109ec735f9333f4fa47ebb9605ca"},"headline":"\u0130BB\u2019ye y\u00f6nelik \u201cter\u00f6r\u201d soru\u015fturmas\u0131nda hakimlik karar\u0131na ula\u015f\u0131ld\u0131","datePublished":"2025-03-23T16:51:29+00:00","mainEntityOfPage":{"@id":"https:\/\/haberkuzey.com\/index.php\/2025\/03\/23\/ibbye-yonelik-teror-sorusturmasinda-hakimlik-kararina-ulasildi\/"},"wordCount":888,"commentCount":0,"image":{"@id":"https:\/\/haberkuzey.com\/index.php\/2025\/03\/23\/ibbye-yonelik-teror-sorusturmasinda-hakimlik-kararina-ulasildi\/#primaryimage"},"thumbnailUrl":"https:\/\/haberkuzey.com\/wp-content\/uploads\/2025\/03\/1742734267736ibb-ye-yonelik-kent-uzlasisi-sorusturmasinda-hakimlik-kararina-ulasildi.jpg","articleSection":["D\u00fcnya"],"inLanguage":"tr","potentialAction":[{"@type":"CommentAction","name":"Comment","target":["https:\/\/haberkuzey.com\/index.php\/2025\/03\/23\/ibbye-yonelik-teror-sorusturmasinda-hakimlik-kararina-ulasildi\/#respond"]}]},{"@type":"WebPage","@id":"https:\/\/haberkuzey.com\/index.php\/2025\/03\/23\/ibbye-yonelik-teror-sorusturmasinda-hakimlik-kararina-ulasildi\/","url":"https:\/\/haberkuzey.com\/index.php\/2025\/03\/23\/ibbye-yonelik-teror-sorusturmasinda-hakimlik-kararina-ulasildi\/","name":"\u0130BB\u2019ye y\u00f6nelik \u201cter\u00f6r\u201d soru\u015fturmas\u0131nda hakimlik karar\u0131na ula\u015f\u0131ld\u0131 - Haber Kuzey","isPartOf":{"@id":"https:\/\/haberkuzey.com\/#website"},"primaryImageOfPage":{"@id":"https:\/\/haberkuzey.com\/index.php\/2025\/03\/23\/ibbye-yonelik-teror-sorusturmasinda-hakimlik-kararina-ulasildi\/#primaryimage"},"image":{"@id":"https:\/\/haberkuzey.com\/index.php\/2025\/03\/23\/ibbye-yonelik-teror-sorusturmasinda-hakimlik-kararina-ulasildi\/#primaryimage"},"thumbnailUrl":"https:\/\/haberkuzey.com\/wp-content\/uploads\/2025\/03\/1742734267736ibb-ye-yonelik-kent-uzlasisi-sorusturmasinda-hakimlik-kararina-ulasildi.jpg","datePublished":"2025-03-23T16:51:29+00:00","author":{"@id":"https:\/\/haberkuzey.com\/#\/schema\/person\/3372109ec735f9333f4fa47ebb9605ca"},"breadcrumb":{"@id":"https:\/\/haberkuzey.com\/index.php\/2025\/03\/23\/ibbye-yonelik-teror-sorusturmasinda-hakimlik-kararina-ulasildi\/#breadcrumb"},"inLanguage":"tr","potentialAction":[{"@type":"ReadAction","target":["https:\/\/haberkuzey.com\/index.php\/2025\/03\/23\/ibbye-yonelik-teror-sorusturmasinda-hakimlik-kararina-ulasildi\/"]}]},{"@type":"ImageObject","inLanguage":"tr","@id":"https:\/\/haberkuzey.com\/index.php\/2025\/03\/23\/ibbye-yonelik-teror-sorusturmasinda-hakimlik-kararina-ulasildi\/#primaryimage","url":"https:\/\/haberkuzey.com\/wp-content\/uploads\/2025\/03\/1742734267736ibb-ye-yonelik-kent-uzlasisi-sorusturmasinda-hakimlik-kararina-ulasildi.jpg","contentUrl":"https:\/\/haberkuzey.com\/wp-content\/uploads\/2025\/03\/1742734267736ibb-ye-yonelik-kent-uzlasisi-sorusturmasinda-hakimlik-kararina-ulasildi.jpg","width":1280,"height":720},{"@type":"BreadcrumbList","@id":"https:\/\/haberkuzey.com\/index.php\/2025\/03\/23\/ibbye-yonelik-teror-sorusturmasinda-hakimlik-kararina-ulasildi\/#breadcrumb","itemListElement":[{"@type":"ListItem","position":1,"name":"Anasayfa","item":"https:\/\/haberkuzey.com\/"},{"@type":"ListItem","position":2,"name":"\u0130BB\u2019ye y\u00f6nelik \u201cter\u00f6r\u201d soru\u015fturmas\u0131nda hakimlik karar\u0131na ula\u015f\u0131ld\u0131"}]},{"@type":"WebSite","@id":"https:\/\/haberkuzey.com\/#website","url":"https:\/\/haberkuzey.com\/","name":"Haber Kuzey","description":"Do\u011fru Haberin Adresi","potentialAction":[{"@type":"SearchAction","target":{"@type":"EntryPoint","urlTemplate":"https:\/\/haberkuzey.com\/?s={search_term_string}"},"query-input":{"@type":"PropertyValueSpecification","valueRequired":true,"valueName":"search_term_string"}}],"inLanguage":"tr"},{"@type":"Person","@id":"https:\/\/haberkuzey.com\/#\/schema\/person\/3372109ec735f9333f4fa47ebb9605ca","name":"haberkuzey","image":{"@type":"ImageObject","inLanguage":"tr","@id":"https:\/\/secure.gravatar.com\/avatar\/f5fc875574b1575324358c3b9e6a32b8227aa5b74f3fa22e3cadb63e26fcc39c?s=96&d=mm&r=g","url":"https:\/\/secure.gravatar.com\/avatar\/f5fc875574b1575324358c3b9e6a32b8227aa5b74f3fa22e3cadb63e26fcc39c?s=96&d=mm&r=g","contentUrl":"https:\/\/secure.gravatar.com\/avatar\/f5fc875574b1575324358c3b9e6a32b8227aa5b74f3fa22e3cadb63e26fcc39c?s=96&d=mm&r=g","caption":"haberkuzey"},"sameAs":["https:\/\/haberkuzey.com"],"url":"https:\/\/haberkuzey.com\/index.php\/author\/haberkuzey\/"}]}},"_links":{"self":[{"href":"https:\/\/haberkuzey.com\/index.php\/wp-json\/wp\/v2\/posts\/20565","targetHints":{"allow":["GET"]}}],"collection":[{"href":"https:\/\/haberkuzey.com\/index.php\/wp-json\/wp\/v2\/posts"}],"about":[{"href":"https:\/\/haberkuzey.com\/index.php\/wp-json\/wp\/v2\/types\/post"}],"author":[{"embeddable":true,"href":"https:\/\/haberkuzey.com\/index.php\/wp-json\/wp\/v2\/users\/1"}],"replies":[{"embeddable":true,"href":"https:\/\/haberkuzey.com\/index.php\/wp-json\/wp\/v2\/comments?post=20565"}],"version-history":[{"count":0,"href":"https:\/\/haberkuzey.com\/index.php\/wp-json\/wp\/v2\/posts\/20565\/revisions"}],"wp:featuredmedia":[{"embeddable":true,"href":"https:\/\/haberkuzey.com\/index.php\/wp-json\/wp\/v2\/media\/20566"}],"wp:attachment":[{"href":"https:\/\/haberkuzey.com\/index.php\/wp-json\/wp\/v2\/media?parent=20565"}],"wp:term":[{"taxonomy":"category","embeddable":true,"href":"https:\/\/haberkuzey.com\/index.php\/wp-json\/wp\/v2\/categories?post=20565"},{"taxonomy":"post_tag","embeddable":true,"href":"https:\/\/haberkuzey.com\/index.php\/wp-json\/wp\/v2\/tags?post=20565"}],"curies":[{"name":"wp","href":"https:\/\/api.w.org\/{rel}","templated":true}]}}