{"id":20521,"date":"2025-03-23T08:38:44","date_gmt":"2025-03-23T06:38:44","guid":{"rendered":"https:\/\/haberkuzey.com\/index.php\/2025\/03\/23\/erdogan-sokak-teroru-uzerinden-siyasete-ve-adalete-istikamet-cizildigi-gunler-mazide-kalmistir\/"},"modified":"2025-03-23T08:38:44","modified_gmt":"2025-03-23T06:38:44","slug":"erdogan-sokak-teroru-uzerinden-siyasete-ve-adalete-istikamet-cizildigi-gunler-mazide-kalmistir","status":"publish","type":"post","link":"https:\/\/haberkuzey.com\/index.php\/2025\/03\/23\/erdogan-sokak-teroru-uzerinden-siyasete-ve-adalete-istikamet-cizildigi-gunler-mazide-kalmistir\/","title":{"rendered":"Erdo\u011fan: Sokak ter\u00f6r\u00fc \u00fczerinden siyasete ve adalete istikamet \u00e7izildi\u011fi g\u00fcnler mazide kalm\u0131\u015ft\u0131r"},"content":{"rendered":"<div>\n<div class=\"mariselle-image-container center\">\n                                            <\/div>\n<p> T\u00fcrkiye Cumhurba\u015fkan\u0131 Erdo\u011fan, \u201cSokak ter\u00f6r\u00fc \u00fczerinden siyasete ve adalete istikamet \u00e7izildi\u011fi g\u00fcnler eski T\u00fcrkiye\u2019yle birlikte tamamen mazide kalm\u0131\u015ft\u0131r.\u201d dedi.<\/p>\n<p>Erdo\u011fan, Bak\u0131rk\u00f6y\u2019deki otelde d\u00fczenlenen AK Parti \u0130stanbul Te\u015fkilat\u0131 iftar program\u0131nda yapt\u0131\u011f\u0131 konu\u015fmada, \u201cMuhalefet ne yaparsa yaps\u0131n biz sa\u011fduyuyu, sabr\u0131 ve s\u00fckuneti hi\u00e7bir zaman terk etmeyece\u011fiz. Bizim belediyelerimiz yolsuzluktan yana olmayacak, bizim belediyelerimiz haks\u0131zl\u0131ktan yana olmayacak. Bizim belediyelerimiz hak, hakikat, helal, haram nedir bunu bilerek halk\u0131na hizmet edecek.\u201d ifadelerini kulland\u0131.<\/p>\n<p>Bu m\u00fcbarek g\u00fcnleri milletin i\u00e7 cephesini takviye i\u00e7in f\u0131rsata \u00e7evirmeye \u00e7al\u0131\u015f\u0131rken, ana muhalefetin tam tersi bir g\u00fcndemle hareket etti\u011fini kaydeden Erdo\u011fan, \u201c\u00d6nce Suriye\u2019de eski rejim art\u0131klar\u0131n\u0131n \u00e7\u0131kard\u0131\u011f\u0131 olaylar\u0131 bahane ederek \u00fclkemizde mezhep\u00e7ilik fitnesini alevlendirmek istediler. Alevi canlar\u0131m\u0131z\u0131 k\u0131\u015fk\u0131rtarak karde\u015fli\u011fimize adeta pusu kurmaya kalkt\u0131lar. Birbirimize daha s\u0131k\u0131 kenetlenerek hamdolsun bu oyunu bo\u015fa \u00e7\u0131kard\u0131k. Milletimiz CHP\u2019nin Suriye\u2019deki ate\u015fi \u00fclkemize ta\u015f\u0131ma tezgah\u0131na t\u0131pk\u0131 14 y\u0131l boyunca oldu\u011fu gibi yine d\u00fc\u015fmedi, provokasyonlara gelmedi.\u201d diye konu\u015ftu.<\/p>\n<p>Erdo\u011fan, muhalefetin bunda muvaffak olamay\u0131nca bu sefer yolsuzluk operasyonu \u00fczerinden milleti provoke etmeye kalk\u0131\u015ft\u0131\u011f\u0131na dikkati \u00e7ekerek, \u015f\u00f6yle devam etti:<\/p>\n<p>\u201c4 g\u00fcnd\u00fcr milletin huzurunu ka\u00e7\u0131rma, insanlar\u0131m\u0131z\u0131 kutupla\u015ft\u0131rma ad\u0131na ne varsa hepsini yap\u0131yorlar. \u00d6nlerine gelene hakaret etmekten sadece g\u00f6revini yapan polislerimize sald\u0131rmaya, yolsuzluk ihbarlar\u0131n\u0131 ara\u015ft\u0131ran yarg\u0131 mensuplar\u0131m\u0131za g\u00f6zda\u011f\u0131 vermekten sokak ter\u00f6r\u00fcyle milli iradeyi bask\u0131 alt\u0131na almaya kadar ne ararsan bunlarda her \u015fey var. Son olarak bug\u00fcn bas\u0131n yay\u0131n kurulu\u015flar\u0131n\u0131 da alenen tehdit ederek nas\u0131l bir ruh halinde olduklar\u0131n\u0131 if\u015fa ettiler. Televizyonlar\u0131n, medya gruplar\u0131n\u0131n ad\u0131n\u0131 bile vererek, \u2018Hepinizin hesab\u0131n\u0131 tutuyorum.\u2019 diyerek medyay\u0131 tehdit ettiler. Ya b\u00f6yle siyaset olur mu? B\u00f6yle bir politika olur mu? \u0130stanbul ba\u015fta olmak \u00fczere \u015fehirlerimizde bir gerilim ve karga\u015fa atmosferi olu\u015fturmak i\u00e7in her yolu deniyorlar.\u201d<\/p>\n<p>\u201cY\u00fczlerce milyar liral\u0131k korkun\u00e7 bir vurgundan bahsediliyor\u201d<\/p>\n<p>Cumhurba\u015fkan\u0131 Erdo\u011fan, \u201cGelinen noktada \u015funu \u00e7ok net g\u00f6rebiliyoruz, mevcut y\u00f6netim alt\u0131nda CHP, se\u00e7menlerinin taleplerini Meclis\u2019e ta\u015f\u0131yan bir parti de\u011fil, g\u00f6z\u00fcn\u00fc para b\u00fcr\u00fcm\u00fc\u015f bir avu\u00e7 belediye soyguncusunu aklayan bir aparata d\u00f6n\u00fc\u015fm\u00fc\u015ft\u00fcr. Belediyelerden nemalanan \u00e7\u0131kar \u015febekeleri CHP\u2019yi bo\u011faz\u0131na kadar kire, pasa, \u00e7amura, yolsuzlu\u011fa, hukuksuzlu\u011fa ula\u015ft\u0131rm\u0131\u015f durumdad\u0131r.\u201d de\u011ferlendirmesinde bulundu.<\/p>\n<p>CHP\u2019yi \u00fc\u00e7 kelimeyle tan\u0131mlad\u0131klar\u0131n\u0131 an\u0131msatan Erdo\u011fan, \u201c\u00c7\u00f6p, \u00e7ukur, \u00e7amur. \u0130\u015fte ayn\u0131s\u0131n\u0131 yap\u0131yorlar ama bir \u00f6zellikleri var, lafa her ba\u015flad\u0131klar\u0131nda Atat\u00fcrk\u2019\u00fcn kurdu\u011fu parti olmakla \u00f6v\u00fcnenler, s\u0131rf a\u011fa babalar\u0131na diyet bor\u00e7lar\u0131n\u0131 \u00f6demek ad\u0131na Gazi\u2019nin partisini h\u0131rs\u0131zlar\u0131n emrine vermi\u015flerdir. CHP sadece deveyi hamuduyla g\u00f6t\u00fcren haramilerin de\u011fil, marjinal sol \u00f6rg\u00fctlerin de oyunca\u011f\u0131 haline gelmi\u015ftir.\u201d diye konu\u015ftu.<\/p>\n<p>Cumhurba\u015fkan\u0131 Erdo\u011fan, konu\u015fmas\u0131n\u0131 \u015f\u00f6yle s\u00fcrd\u00fcrd\u00fc:<\/p>\n<p>\u201cY\u00fcz binlerce gencin hakk\u0131n\u0131n yendi\u011fi, diploma sahtekarl\u0131\u011f\u0131 dahil ortaya ak\u0131l, vicdan ve ahlak s\u0131n\u0131rlar\u0131n\u0131 a\u015fan bir s\u00fcr\u00fc pislik sa\u00e7\u0131l\u0131yor. Sa\u011fdan, soldan balya balya paralar, dolarlar, avrolar f\u0131\u015fk\u0131r\u0131yor. Y\u00fczlerce milyar liral\u0131k korkun\u00e7 bir vurgundan bahsediliyor. Ama CHP Genel Ba\u015fkan\u0131 ve \u015f\u00fcrekas\u0131 bunlar\u0131n hi\u00e7birine cevap veremiyor. Milletin huzuruna \u00e7\u0131k\u0131p \u2018Sahtekarl\u0131k yoktur, h\u0131rs\u0131zl\u0131k yoktur, yolsuzluk, usuls\u00fczl\u00fck, r\u00fc\u015fvet, irtikap, iltimas yoktur.\u2019 diyemiyorlar. \u2018Ne biz, ne de arkada\u015flar\u0131m\u0131z harama el uzatmad\u0131.\u2019 diyemiyorlar. Kendi belediye ba\u015fkanlar\u0131na, kendi belediye y\u00f6neticilerine, beraber i\u015f yapt\u0131klar\u0131, y\u0131llarca birlikte yol y\u00fcr\u00fcd\u00fckleri arkada\u015flar\u0131na kefil olam\u0131yorlar. \u00c7\u0131k\u0131p aslanlar gibi iddialara cevap vermek yerine, bize sald\u0131rarak Cumhur \u0130ttifak\u0131 orta\u011f\u0131m\u0131za ve onun muhterem genel ba\u015fkan\u0131na edepsizlik ederek, sokaklar\u0131 kar\u0131\u015ft\u0131rarak, gen\u00e7lerin arkas\u0131na saklanarak, marjinal sol \u00f6rg\u00fctleri \u00f6ne s\u00fcrerek, yavuz h\u0131rs\u0131z misali su\u00e7 bast\u0131rmaya \u00e7al\u0131\u015f\u0131yorlar.\u201d<\/p>\n<p>\u201cAlengirli yollarla \u015fimdi kimin aya\u011f\u0131n\u0131 kayd\u0131racaks\u0131n\u0131z?\u201d<\/p>\n<p>Erdo\u011fan, CHP Genel Ba\u015fkan\u0131 \u00d6zg\u00fcr \u00d6zel\u2019e sorular y\u00f6neltti.<\/p>\n<p>Cumhurba\u015fkan\u0131 Erdo\u011fan, \u201cSay\u0131n \u00d6zel, neden korkuyorsunuz? Neden \u00e7ekiniyorsunuz? Bu tela\u015f, bu panik havas\u0131, bu sald\u0131rganl\u0131k niye? Daha d\u00fcne kadar \u2018\u015eaibe yok.\u2019 diyordunuz. Daha d\u00fcne kadar \u015feffafl\u0131ktan, d\u00fcr\u00fcstl\u00fckten dem vuruyordunuz. Ne oldu da birden etekleriniz tutu\u015ftu? Ne oldu da dizleriniz titremeye ba\u015flad\u0131. \u015eimdi kimi tasfiye edecek, kimi s\u0131rt\u0131ndan han\u00e7erleyeceksiniz? Alengirli yollarla \u015fimdi kimin aya\u011f\u0131n\u0131 kayd\u0131racaks\u0131n\u0131z?\u201d ifadesini kulland\u0131.<\/p>\n<p>Bir hakikati \u00e7ok net ifade etmek istedi\u011fini belirten Erdo\u011fan, \u201cOrtaya d\u00f6k\u00fclen b\u00fct\u00fcn bu pislikler sadece bizi ve milletimizi de\u011fil, CHP i\u00e7indeki vicdan sahiplerini de rahats\u0131z etmektedir. CHP\u2019ye \u00e7\u00f6km\u00fc\u015f bir avu\u00e7 parag\u00f6z\u00fcn as\u0131rl\u0131k partiyi parma\u011f\u0131nda oynatmas\u0131, \u2018Gazi\u2019nin emaneti\u2019 diyerek CHP\u2019ye oy veren insanlar\u0131m\u0131z\u0131 da \u00fcz\u00fcyor, mahcup ediyor, \u00f6fkelendiriyor. Emin olun, samimi CHP\u2019li vatanda\u015flar\u0131m\u0131z da \u0130SK\u0130 skandal\u0131ndan 32 y\u0131l sonra ayn\u0131 rezilliklere tekrar \u015fahit olmay\u0131 i\u00e7lerine sindiremiyor. Bunun i\u015faretlerine sadece yarg\u0131ya yap\u0131lan ihbarlarda de\u011fil, medyadan sosyal medya mecralar\u0131na bir\u00e7ok yerde rastl\u0131yoruz.\u201d diye konu\u015ftu.<\/p>\n<p>\u201cCHP yanda\u015flar\u0131n\u0131n tahriklerle kamu d\u00fczenini bozmalar\u0131na kesinlikle izin vermeyece\u011fiz\u201d<\/p>\n<p>Cumhurba\u015fkan\u0131 Erdo\u011fan, bir kez daha hat\u0131rlatmakta fayda g\u00f6rd\u00fc\u011f\u00fcn\u00fc vurgulayarak, \u201cSokaklara \u00e7\u0131karak, yan\u0131na sol \u00f6rg\u00fctleri, marjinalleri, vandallar\u0131 alarak milli iradeye parmak sallama d\u00f6nemleri art\u0131k geride kalm\u0131\u015ft\u0131r. Sokak ter\u00f6r\u00fc \u00fczerinden siyasete ve adalete istikamet \u00e7izildi\u011fi g\u00fcnler, eski T\u00fcrkiye ile birlikte tamamen mazide kalm\u0131\u015ft\u0131r.\u201d dedi.<\/p>\n<p>T\u00fcrkiye\u2019nin demokratik bir hukuk devleti, \u00fcst\u00fcnlerin hukukunun de\u011fil, hukukun \u00fcst\u00fcnl\u00fc\u011f\u00fcn\u00fcn egemen oldu\u011fu ba\u011f\u0131ms\u0131z bir \u00fclke oldu\u011funu belirten Erdo\u011fan, konu\u015fmas\u0131n\u0131 \u015f\u00f6yle s\u00fcrd\u00fcrd\u00fc:<\/p>\n<p>\u201cCesaretiniz varsa b\u0131rak\u0131n demokrasiyi i\u015flesin, b\u0131rak\u0131n hukuk i\u015flesin. Y\u00fcre\u011finiz yetiyorsa b\u0131rak\u0131n mahkemeler hi\u00e7bir bask\u0131 alt\u0131nda kalmadan T\u00fcrk milleti ad\u0131na karar\u0131n\u0131 versin. B\u0131rak\u0131n akla kara, masumla m\u00fccrim hukuk taraf\u0131ndan ortaya \u00e7\u0131kar\u0131ls\u0131n. Siz ister kabul edin ister etmeyin T\u00fcrkiye\u2019de hi\u00e7 kimse hukukun kapsama alan\u0131 d\u0131\u015f\u0131nda de\u011fildir. T\u00fcrkiye\u2019de su\u00e7 i\u015fleme \u00f6zg\u00fcrl\u00fc\u011f\u00fc olan imtiyazl\u0131 bir az\u0131nl\u0131k yoktur ve olmayacakt\u0131r. Demokrasinin, hukukun, me\u015fru zeminin d\u0131\u015f\u0131nda \u00e7\u00f6z\u00fcm arayanlar bug\u00fcne kadar daima avu\u00e7lar\u0131n\u0131 yalam\u0131\u015flard\u0131r. \u0130n\u015fallah bundan sonra da emellerine ula\u015famayacaklard\u0131r. CHP yanda\u015flar\u0131n\u0131n tahriklerle kamu d\u00fczenini bozmalar\u0131na, milletimizin huzurunu ka\u00e7\u0131rmalar\u0131na kesinlikle izin vermeyece\u011fiz. T\u00fcrkiye \u00fczerinde operasyon yap\u0131lmas\u0131na, ameliyat yap\u0131lmas\u0131na, toplum m\u00fchendislikleriyle 85 milyonun aras\u0131na yeni nifak duvarlar\u0131 \u00f6r\u00fclmesine m\u00fcsamaha g\u00f6stermeyece\u011fiz. Bin y\u0131ld\u0131r oldu\u011fu gibi Alevi\u2019si, S\u00fcnni\u2019siyle, K\u00fcrt\u2019\u00fc, T\u00fcrk\u2019\u00fcyle, Laz\u2019\u0131, \u00c7erkez\u2019iyle bu topraklar \u00fczerinde bir ve beraber ya\u015famaya, karde\u015f\u00e7e ya\u015famaya in\u015fallah devam edece\u011fiz. Bir olaca\u011f\u0131z, beraber olaca\u011f\u0131z, birlik olaca\u011f\u0131z, diri olaca\u011f\u0131z. Kendi menfaatlerini korumak i\u00e7in 85 milyonun karde\u015fli\u011fine pusu kuranlar\u0131 hep birlikte bozguna u\u011frataca\u011f\u0131z.\u201d<\/p>\n<\/p><\/div>\n<p><script async\n                    defer\n                    crossorigin=\"anonymous\"\n                    src=\"https:\/\/connect.facebook.net\/tr_TR\/sdk.js#xfbml=1&#038;version=v3.3\"\n            ><\/script><\/p>\n","protected":false},"excerpt":{"rendered":"<p>T\u00fcrkiye Cumhurba\u015fkan\u0131 Erdo\u011fan, \u201cSokak ter\u00f6r\u00fc \u00fczerinden siyasete ve adalete istikamet \u00e7izildi\u011fi g\u00fcnler eski T\u00fcrkiye\u2019yle birlikte tamamen mazide kalm\u0131\u015ft\u0131r.\u201d dedi. Erdo\u011fan, Bak\u0131rk\u00f6y\u2019deki otelde d\u00fczenlenen AK Parti \u0130stanbul Te\u015fkilat\u0131 iftar program\u0131nda yapt\u0131\u011f\u0131 konu\u015fmada, \u201cMuhalefet ne yaparsa yaps\u0131n biz sa\u011fduyuyu, sabr\u0131 ve s\u00fckuneti hi\u00e7bir zaman terk etmeyece\u011fiz. Bizim belediyelerimiz yolsuzluktan yana olmayacak, bizim belediyelerimiz haks\u0131zl\u0131ktan yana olmayacak. Bizim [&hellip;]<\/p>\n","protected":false},"author":1,"featured_media":20522,"comment_status":"open","ping_status":"open","sticky":false,"template":"","format":"standard","meta":{"jnews-multi-image_gallery":[],"jnews_single_post":[],"jnews_primary_category":[],"footnotes":""},"categories":[2],"tags":[],"class_list":["post-20521","post","type-post","status-publish","format-standard","has-post-thumbnail","hentry","category-dunya"],"yoast_head":"<!-- This site is optimized with the Yoast SEO plugin v27.5 - https:\/\/yoast.com\/product\/yoast-seo-wordpress\/ -->\n<title>Erdo\u011fan: Sokak ter\u00f6r\u00fc \u00fczerinden siyasete ve adalete istikamet \u00e7izildi\u011fi g\u00fcnler mazide kalm\u0131\u015ft\u0131r - Haber Kuzey<\/title>\n<meta name=\"robots\" content=\"index, follow, max-snippet:-1, max-image-preview:large, max-video-preview:-1\" \/>\n<link rel=\"canonical\" href=\"https:\/\/haberkuzey.com\/index.php\/2025\/03\/23\/erdogan-sokak-teroru-uzerinden-siyasete-ve-adalete-istikamet-cizildigi-gunler-mazide-kalmistir\/\" \/>\n<meta property=\"og:locale\" content=\"tr_TR\" \/>\n<meta property=\"og:type\" content=\"article\" \/>\n<meta property=\"og:title\" content=\"Erdo\u011fan: Sokak ter\u00f6r\u00fc \u00fczerinden siyasete ve adalete istikamet \u00e7izildi\u011fi g\u00fcnler mazide kalm\u0131\u015ft\u0131r - Haber Kuzey\" \/>\n<meta property=\"og:description\" content=\"T\u00fcrkiye Cumhurba\u015fkan\u0131 Erdo\u011fan, \u201cSokak ter\u00f6r\u00fc \u00fczerinden siyasete ve adalete istikamet \u00e7izildi\u011fi g\u00fcnler eski T\u00fcrkiye\u2019yle birlikte tamamen mazide kalm\u0131\u015ft\u0131r.\u201d dedi. Erdo\u011fan, Bak\u0131rk\u00f6y\u2019deki otelde d\u00fczenlenen AK Parti \u0130stanbul Te\u015fkilat\u0131 iftar program\u0131nda yapt\u0131\u011f\u0131 konu\u015fmada, \u201cMuhalefet ne yaparsa yaps\u0131n biz sa\u011fduyuyu, sabr\u0131 ve s\u00fckuneti hi\u00e7bir zaman terk etmeyece\u011fiz. Bizim belediyelerimiz yolsuzluktan yana olmayacak, bizim belediyelerimiz haks\u0131zl\u0131ktan yana olmayacak. Bizim [&hellip;]\" \/>\n<meta property=\"og:url\" content=\"https:\/\/haberkuzey.com\/index.php\/2025\/03\/23\/erdogan-sokak-teroru-uzerinden-siyasete-ve-adalete-istikamet-cizildigi-gunler-mazide-kalmistir\/\" \/>\n<meta property=\"og:site_name\" content=\"Haber Kuzey\" \/>\n<meta property=\"article:published_time\" content=\"2025-03-23T06:38:44+00:00\" \/>\n<meta property=\"og:image\" content=\"https:\/\/brtk.net\/wp-content\/uploads\/2025\/03\/23\/84019840918-scaled.jpg?ver=3093adb98785a49b5095d169ef1e03c8\" \/>\n<meta name=\"author\" content=\"haberkuzey\" \/>\n<meta name=\"twitter:card\" content=\"summary_large_image\" \/>\n<meta name=\"twitter:label1\" content=\"Yazan:\" \/>\n\t<meta name=\"twitter:data1\" content=\"haberkuzey\" \/>\n\t<meta name=\"twitter:label2\" content=\"Tahmini okuma s\u00fcresi\" \/>\n\t<meta name=\"twitter:data2\" content=\"6 dakika\" \/>\n<script type=\"application\/ld+json\" class=\"yoast-schema-graph\">{\"@context\":\"https:\\\/\\\/schema.org\",\"@graph\":[{\"@type\":\"Article\",\"@id\":\"https:\\\/\\\/haberkuzey.com\\\/index.php\\\/2025\\\/03\\\/23\\\/erdogan-sokak-teroru-uzerinden-siyasete-ve-adalete-istikamet-cizildigi-gunler-mazide-kalmistir\\\/#article\",\"isPartOf\":{\"@id\":\"https:\\\/\\\/haberkuzey.com\\\/index.php\\\/2025\\\/03\\\/23\\\/erdogan-sokak-teroru-uzerinden-siyasete-ve-adalete-istikamet-cizildigi-gunler-mazide-kalmistir\\\/\"},\"author\":{\"name\":\"haberkuzey\",\"@id\":\"https:\\\/\\\/haberkuzey.com\\\/#\\\/schema\\\/person\\\/3372109ec735f9333f4fa47ebb9605ca\"},\"headline\":\"Erdo\u011fan: Sokak ter\u00f6r\u00fc \u00fczerinden siyasete ve adalete istikamet \u00e7izildi\u011fi g\u00fcnler mazide kalm\u0131\u015ft\u0131r\",\"datePublished\":\"2025-03-23T06:38:44+00:00\",\"mainEntityOfPage\":{\"@id\":\"https:\\\/\\\/haberkuzey.com\\\/index.php\\\/2025\\\/03\\\/23\\\/erdogan-sokak-teroru-uzerinden-siyasete-ve-adalete-istikamet-cizildigi-gunler-mazide-kalmistir\\\/\"},\"wordCount\":1280,\"commentCount\":0,\"image\":{\"@id\":\"https:\\\/\\\/haberkuzey.com\\\/index.php\\\/2025\\\/03\\\/23\\\/erdogan-sokak-teroru-uzerinden-siyasete-ve-adalete-istikamet-cizildigi-gunler-mazide-kalmistir\\\/#primaryimage\"},\"thumbnailUrl\":\"https:\\\/\\\/haberkuzey.com\\\/wp-content\\\/uploads\\\/2025\\\/03\\\/84019840918-scaled.jpg\",\"articleSection\":[\"D\u00fcnya\"],\"inLanguage\":\"tr\",\"potentialAction\":[{\"@type\":\"CommentAction\",\"name\":\"Comment\",\"target\":[\"https:\\\/\\\/haberkuzey.com\\\/index.php\\\/2025\\\/03\\\/23\\\/erdogan-sokak-teroru-uzerinden-siyasete-ve-adalete-istikamet-cizildigi-gunler-mazide-kalmistir\\\/#respond\"]}]},{\"@type\":\"WebPage\",\"@id\":\"https:\\\/\\\/haberkuzey.com\\\/index.php\\\/2025\\\/03\\\/23\\\/erdogan-sokak-teroru-uzerinden-siyasete-ve-adalete-istikamet-cizildigi-gunler-mazide-kalmistir\\\/\",\"url\":\"https:\\\/\\\/haberkuzey.com\\\/index.php\\\/2025\\\/03\\\/23\\\/erdogan-sokak-teroru-uzerinden-siyasete-ve-adalete-istikamet-cizildigi-gunler-mazide-kalmistir\\\/\",\"name\":\"Erdo\u011fan: Sokak ter\u00f6r\u00fc \u00fczerinden siyasete ve adalete istikamet \u00e7izildi\u011fi g\u00fcnler mazide kalm\u0131\u015ft\u0131r - Haber Kuzey\",\"isPartOf\":{\"@id\":\"https:\\\/\\\/haberkuzey.com\\\/#website\"},\"primaryImageOfPage\":{\"@id\":\"https:\\\/\\\/haberkuzey.com\\\/index.php\\\/2025\\\/03\\\/23\\\/erdogan-sokak-teroru-uzerinden-siyasete-ve-adalete-istikamet-cizildigi-gunler-mazide-kalmistir\\\/#primaryimage\"},\"image\":{\"@id\":\"https:\\\/\\\/haberkuzey.com\\\/index.php\\\/2025\\\/03\\\/23\\\/erdogan-sokak-teroru-uzerinden-siyasete-ve-adalete-istikamet-cizildigi-gunler-mazide-kalmistir\\\/#primaryimage\"},\"thumbnailUrl\":\"https:\\\/\\\/haberkuzey.com\\\/wp-content\\\/uploads\\\/2025\\\/03\\\/84019840918-scaled.jpg\",\"datePublished\":\"2025-03-23T06:38:44+00:00\",\"author\":{\"@id\":\"https:\\\/\\\/haberkuzey.com\\\/#\\\/schema\\\/person\\\/3372109ec735f9333f4fa47ebb9605ca\"},\"breadcrumb\":{\"@id\":\"https:\\\/\\\/haberkuzey.com\\\/index.php\\\/2025\\\/03\\\/23\\\/erdogan-sokak-teroru-uzerinden-siyasete-ve-adalete-istikamet-cizildigi-gunler-mazide-kalmistir\\\/#breadcrumb\"},\"inLanguage\":\"tr\",\"potentialAction\":[{\"@type\":\"ReadAction\",\"target\":[\"https:\\\/\\\/haberkuzey.com\\\/index.php\\\/2025\\\/03\\\/23\\\/erdogan-sokak-teroru-uzerinden-siyasete-ve-adalete-istikamet-cizildigi-gunler-mazide-kalmistir\\\/\"]}]},{\"@type\":\"ImageObject\",\"inLanguage\":\"tr\",\"@id\":\"https:\\\/\\\/haberkuzey.com\\\/index.php\\\/2025\\\/03\\\/23\\\/erdogan-sokak-teroru-uzerinden-siyasete-ve-adalete-istikamet-cizildigi-gunler-mazide-kalmistir\\\/#primaryimage\",\"url\":\"https:\\\/\\\/haberkuzey.com\\\/wp-content\\\/uploads\\\/2025\\\/03\\\/84019840918-scaled.jpg\",\"contentUrl\":\"https:\\\/\\\/haberkuzey.com\\\/wp-content\\\/uploads\\\/2025\\\/03\\\/84019840918-scaled.jpg\",\"width\":2560,\"height\":1669},{\"@type\":\"BreadcrumbList\",\"@id\":\"https:\\\/\\\/haberkuzey.com\\\/index.php\\\/2025\\\/03\\\/23\\\/erdogan-sokak-teroru-uzerinden-siyasete-ve-adalete-istikamet-cizildigi-gunler-mazide-kalmistir\\\/#breadcrumb\",\"itemListElement\":[{\"@type\":\"ListItem\",\"position\":1,\"name\":\"Anasayfa\",\"item\":\"https:\\\/\\\/haberkuzey.com\\\/\"},{\"@type\":\"ListItem\",\"position\":2,\"name\":\"Erdo\u011fan: Sokak ter\u00f6r\u00fc \u00fczerinden siyasete ve adalete istikamet \u00e7izildi\u011fi g\u00fcnler mazide kalm\u0131\u015ft\u0131r\"}]},{\"@type\":\"WebSite\",\"@id\":\"https:\\\/\\\/haberkuzey.com\\\/#website\",\"url\":\"https:\\\/\\\/haberkuzey.com\\\/\",\"name\":\"Haber Kuzey\",\"description\":\"Do\u011fru Haberin Adresi\",\"potentialAction\":[{\"@type\":\"SearchAction\",\"target\":{\"@type\":\"EntryPoint\",\"urlTemplate\":\"https:\\\/\\\/haberkuzey.com\\\/?s={search_term_string}\"},\"query-input\":{\"@type\":\"PropertyValueSpecification\",\"valueRequired\":true,\"valueName\":\"search_term_string\"}}],\"inLanguage\":\"tr\"},{\"@type\":\"Person\",\"@id\":\"https:\\\/\\\/haberkuzey.com\\\/#\\\/schema\\\/person\\\/3372109ec735f9333f4fa47ebb9605ca\",\"name\":\"haberkuzey\",\"image\":{\"@type\":\"ImageObject\",\"inLanguage\":\"tr\",\"@id\":\"https:\\\/\\\/secure.gravatar.com\\\/avatar\\\/f5fc875574b1575324358c3b9e6a32b8227aa5b74f3fa22e3cadb63e26fcc39c?s=96&d=mm&r=g\",\"url\":\"https:\\\/\\\/secure.gravatar.com\\\/avatar\\\/f5fc875574b1575324358c3b9e6a32b8227aa5b74f3fa22e3cadb63e26fcc39c?s=96&d=mm&r=g\",\"contentUrl\":\"https:\\\/\\\/secure.gravatar.com\\\/avatar\\\/f5fc875574b1575324358c3b9e6a32b8227aa5b74f3fa22e3cadb63e26fcc39c?s=96&d=mm&r=g\",\"caption\":\"haberkuzey\"},\"sameAs\":[\"https:\\\/\\\/haberkuzey.com\"],\"url\":\"https:\\\/\\\/haberkuzey.com\\\/index.php\\\/author\\\/haberkuzey\\\/\"}]}<\/script>\n<!-- \/ Yoast SEO plugin. -->","yoast_head_json":{"title":"Erdo\u011fan: Sokak ter\u00f6r\u00fc \u00fczerinden siyasete ve adalete istikamet \u00e7izildi\u011fi g\u00fcnler mazide kalm\u0131\u015ft\u0131r - Haber Kuzey","robots":{"index":"index","follow":"follow","max-snippet":"max-snippet:-1","max-image-preview":"max-image-preview:large","max-video-preview":"max-video-preview:-1"},"canonical":"https:\/\/haberkuzey.com\/index.php\/2025\/03\/23\/erdogan-sokak-teroru-uzerinden-siyasete-ve-adalete-istikamet-cizildigi-gunler-mazide-kalmistir\/","og_locale":"tr_TR","og_type":"article","og_title":"Erdo\u011fan: Sokak ter\u00f6r\u00fc \u00fczerinden siyasete ve adalete istikamet \u00e7izildi\u011fi g\u00fcnler mazide kalm\u0131\u015ft\u0131r - Haber Kuzey","og_description":"T\u00fcrkiye Cumhurba\u015fkan\u0131 Erdo\u011fan, \u201cSokak ter\u00f6r\u00fc \u00fczerinden siyasete ve adalete istikamet \u00e7izildi\u011fi g\u00fcnler eski T\u00fcrkiye\u2019yle birlikte tamamen mazide kalm\u0131\u015ft\u0131r.\u201d dedi. Erdo\u011fan, Bak\u0131rk\u00f6y\u2019deki otelde d\u00fczenlenen AK Parti \u0130stanbul Te\u015fkilat\u0131 iftar program\u0131nda yapt\u0131\u011f\u0131 konu\u015fmada, \u201cMuhalefet ne yaparsa yaps\u0131n biz sa\u011fduyuyu, sabr\u0131 ve s\u00fckuneti hi\u00e7bir zaman terk etmeyece\u011fiz. Bizim belediyelerimiz yolsuzluktan yana olmayacak, bizim belediyelerimiz haks\u0131zl\u0131ktan yana olmayacak. Bizim [&hellip;]","og_url":"https:\/\/haberkuzey.com\/index.php\/2025\/03\/23\/erdogan-sokak-teroru-uzerinden-siyasete-ve-adalete-istikamet-cizildigi-gunler-mazide-kalmistir\/","og_site_name":"Haber Kuzey","article_published_time":"2025-03-23T06:38:44+00:00","og_image":[{"url":"https:\/\/brtk.net\/wp-content\/uploads\/2025\/03\/23\/84019840918-scaled.jpg?ver=3093adb98785a49b5095d169ef1e03c8","type":"","width":"","height":""}],"author":"haberkuzey","twitter_card":"summary_large_image","twitter_misc":{"Yazan:":"haberkuzey","Tahmini okuma s\u00fcresi":"6 dakika"},"schema":{"@context":"https:\/\/schema.org","@graph":[{"@type":"Article","@id":"https:\/\/haberkuzey.com\/index.php\/2025\/03\/23\/erdogan-sokak-teroru-uzerinden-siyasete-ve-adalete-istikamet-cizildigi-gunler-mazide-kalmistir\/#article","isPartOf":{"@id":"https:\/\/haberkuzey.com\/index.php\/2025\/03\/23\/erdogan-sokak-teroru-uzerinden-siyasete-ve-adalete-istikamet-cizildigi-gunler-mazide-kalmistir\/"},"author":{"name":"haberkuzey","@id":"https:\/\/haberkuzey.com\/#\/schema\/person\/3372109ec735f9333f4fa47ebb9605ca"},"headline":"Erdo\u011fan: Sokak ter\u00f6r\u00fc \u00fczerinden siyasete ve adalete istikamet \u00e7izildi\u011fi g\u00fcnler mazide kalm\u0131\u015ft\u0131r","datePublished":"2025-03-23T06:38:44+00:00","mainEntityOfPage":{"@id":"https:\/\/haberkuzey.com\/index.php\/2025\/03\/23\/erdogan-sokak-teroru-uzerinden-siyasete-ve-adalete-istikamet-cizildigi-gunler-mazide-kalmistir\/"},"wordCount":1280,"commentCount":0,"image":{"@id":"https:\/\/haberkuzey.com\/index.php\/2025\/03\/23\/erdogan-sokak-teroru-uzerinden-siyasete-ve-adalete-istikamet-cizildigi-gunler-mazide-kalmistir\/#primaryimage"},"thumbnailUrl":"https:\/\/haberkuzey.com\/wp-content\/uploads\/2025\/03\/84019840918-scaled.jpg","articleSection":["D\u00fcnya"],"inLanguage":"tr","potentialAction":[{"@type":"CommentAction","name":"Comment","target":["https:\/\/haberkuzey.com\/index.php\/2025\/03\/23\/erdogan-sokak-teroru-uzerinden-siyasete-ve-adalete-istikamet-cizildigi-gunler-mazide-kalmistir\/#respond"]}]},{"@type":"WebPage","@id":"https:\/\/haberkuzey.com\/index.php\/2025\/03\/23\/erdogan-sokak-teroru-uzerinden-siyasete-ve-adalete-istikamet-cizildigi-gunler-mazide-kalmistir\/","url":"https:\/\/haberkuzey.com\/index.php\/2025\/03\/23\/erdogan-sokak-teroru-uzerinden-siyasete-ve-adalete-istikamet-cizildigi-gunler-mazide-kalmistir\/","name":"Erdo\u011fan: Sokak ter\u00f6r\u00fc \u00fczerinden siyasete ve adalete istikamet \u00e7izildi\u011fi g\u00fcnler mazide kalm\u0131\u015ft\u0131r - Haber Kuzey","isPartOf":{"@id":"https:\/\/haberkuzey.com\/#website"},"primaryImageOfPage":{"@id":"https:\/\/haberkuzey.com\/index.php\/2025\/03\/23\/erdogan-sokak-teroru-uzerinden-siyasete-ve-adalete-istikamet-cizildigi-gunler-mazide-kalmistir\/#primaryimage"},"image":{"@id":"https:\/\/haberkuzey.com\/index.php\/2025\/03\/23\/erdogan-sokak-teroru-uzerinden-siyasete-ve-adalete-istikamet-cizildigi-gunler-mazide-kalmistir\/#primaryimage"},"thumbnailUrl":"https:\/\/haberkuzey.com\/wp-content\/uploads\/2025\/03\/84019840918-scaled.jpg","datePublished":"2025-03-23T06:38:44+00:00","author":{"@id":"https:\/\/haberkuzey.com\/#\/schema\/person\/3372109ec735f9333f4fa47ebb9605ca"},"breadcrumb":{"@id":"https:\/\/haberkuzey.com\/index.php\/2025\/03\/23\/erdogan-sokak-teroru-uzerinden-siyasete-ve-adalete-istikamet-cizildigi-gunler-mazide-kalmistir\/#breadcrumb"},"inLanguage":"tr","potentialAction":[{"@type":"ReadAction","target":["https:\/\/haberkuzey.com\/index.php\/2025\/03\/23\/erdogan-sokak-teroru-uzerinden-siyasete-ve-adalete-istikamet-cizildigi-gunler-mazide-kalmistir\/"]}]},{"@type":"ImageObject","inLanguage":"tr","@id":"https:\/\/haberkuzey.com\/index.php\/2025\/03\/23\/erdogan-sokak-teroru-uzerinden-siyasete-ve-adalete-istikamet-cizildigi-gunler-mazide-kalmistir\/#primaryimage","url":"https:\/\/haberkuzey.com\/wp-content\/uploads\/2025\/03\/84019840918-scaled.jpg","contentUrl":"https:\/\/haberkuzey.com\/wp-content\/uploads\/2025\/03\/84019840918-scaled.jpg","width":2560,"height":1669},{"@type":"BreadcrumbList","@id":"https:\/\/haberkuzey.com\/index.php\/2025\/03\/23\/erdogan-sokak-teroru-uzerinden-siyasete-ve-adalete-istikamet-cizildigi-gunler-mazide-kalmistir\/#breadcrumb","itemListElement":[{"@type":"ListItem","position":1,"name":"Anasayfa","item":"https:\/\/haberkuzey.com\/"},{"@type":"ListItem","position":2,"name":"Erdo\u011fan: Sokak ter\u00f6r\u00fc \u00fczerinden siyasete ve adalete istikamet \u00e7izildi\u011fi g\u00fcnler mazide kalm\u0131\u015ft\u0131r"}]},{"@type":"WebSite","@id":"https:\/\/haberkuzey.com\/#website","url":"https:\/\/haberkuzey.com\/","name":"Haber Kuzey","description":"Do\u011fru Haberin Adresi","potentialAction":[{"@type":"SearchAction","target":{"@type":"EntryPoint","urlTemplate":"https:\/\/haberkuzey.com\/?s={search_term_string}"},"query-input":{"@type":"PropertyValueSpecification","valueRequired":true,"valueName":"search_term_string"}}],"inLanguage":"tr"},{"@type":"Person","@id":"https:\/\/haberkuzey.com\/#\/schema\/person\/3372109ec735f9333f4fa47ebb9605ca","name":"haberkuzey","image":{"@type":"ImageObject","inLanguage":"tr","@id":"https:\/\/secure.gravatar.com\/avatar\/f5fc875574b1575324358c3b9e6a32b8227aa5b74f3fa22e3cadb63e26fcc39c?s=96&d=mm&r=g","url":"https:\/\/secure.gravatar.com\/avatar\/f5fc875574b1575324358c3b9e6a32b8227aa5b74f3fa22e3cadb63e26fcc39c?s=96&d=mm&r=g","contentUrl":"https:\/\/secure.gravatar.com\/avatar\/f5fc875574b1575324358c3b9e6a32b8227aa5b74f3fa22e3cadb63e26fcc39c?s=96&d=mm&r=g","caption":"haberkuzey"},"sameAs":["https:\/\/haberkuzey.com"],"url":"https:\/\/haberkuzey.com\/index.php\/author\/haberkuzey\/"}]}},"_links":{"self":[{"href":"https:\/\/haberkuzey.com\/index.php\/wp-json\/wp\/v2\/posts\/20521","targetHints":{"allow":["GET"]}}],"collection":[{"href":"https:\/\/haberkuzey.com\/index.php\/wp-json\/wp\/v2\/posts"}],"about":[{"href":"https:\/\/haberkuzey.com\/index.php\/wp-json\/wp\/v2\/types\/post"}],"author":[{"embeddable":true,"href":"https:\/\/haberkuzey.com\/index.php\/wp-json\/wp\/v2\/users\/1"}],"replies":[{"embeddable":true,"href":"https:\/\/haberkuzey.com\/index.php\/wp-json\/wp\/v2\/comments?post=20521"}],"version-history":[{"count":0,"href":"https:\/\/haberkuzey.com\/index.php\/wp-json\/wp\/v2\/posts\/20521\/revisions"}],"wp:featuredmedia":[{"embeddable":true,"href":"https:\/\/haberkuzey.com\/index.php\/wp-json\/wp\/v2\/media\/20522"}],"wp:attachment":[{"href":"https:\/\/haberkuzey.com\/index.php\/wp-json\/wp\/v2\/media?parent=20521"}],"wp:term":[{"taxonomy":"category","embeddable":true,"href":"https:\/\/haberkuzey.com\/index.php\/wp-json\/wp\/v2\/categories?post=20521"},{"taxonomy":"post_tag","embeddable":true,"href":"https:\/\/haberkuzey.com\/index.php\/wp-json\/wp\/v2\/tags?post=20521"}],"curies":[{"name":"wp","href":"https:\/\/api.w.org\/{rel}","templated":true}]}}