{"id":20483,"date":"2025-03-22T15:33:32","date_gmt":"2025-03-22T13:33:32","guid":{"rendered":"https:\/\/haberkuzey.com\/index.php\/2025\/03\/22\/yesilcamin-usta-oyuncusu-filiz-akin-82-yasinda-hayatini-kaybetti\/"},"modified":"2025-03-22T15:33:32","modified_gmt":"2025-03-22T13:33:32","slug":"yesilcamin-usta-oyuncusu-filiz-akin-82-yasinda-hayatini-kaybetti","status":"publish","type":"post","link":"https:\/\/haberkuzey.com\/index.php\/2025\/03\/22\/yesilcamin-usta-oyuncusu-filiz-akin-82-yasinda-hayatini-kaybetti\/","title":{"rendered":"Ye\u015fil\u00e7am\u2019\u0131n usta oyuncusu Filiz Ak\u0131n 82 ya\u015f\u0131nda hayat\u0131n\u0131 kaybetti"},"content":{"rendered":"<div>\n<div class=\"mariselle-image-container center\">\n                                            <\/div>\n<p>T\u00fcrk sinemas\u0131n\u0131n usta oyuncular\u0131ndan Filiz Ak\u0131n, 82 ya\u015f\u0131nda hayat\u0131n\u0131 kaybetti.<\/p>\n<p>T\u00fcrkan \u015eoray, H\u00fclya Ko\u00e7yi\u011fit ve Fatma Girik ile birlikte Ye\u015fil\u00e7am\u2019\u0131n D\u00f6rt Yaprakl\u0131 Yoncas\u0131 olarak kabul edilen Filiz Ak\u0131n, uzun s\u00fcredir sa\u011fl\u0131k sorunlar\u0131yla m\u00fccadele ediyordu.<\/p>\n<p>Ak\u0131n, \u0130stanbul\u2019da tedavi g\u00f6rd\u00fc\u011f\u00fc hastanede hayata g\u00f6zlerini yumdu. <\/p>\n<p>Ak\u0131n\u2019\u0131n \u00f6nemli filmleri aras\u0131nda \u201cGurbet Ku\u015flar\u0131\u201d, \u201cKader\u201d, \u201cAnkara Ekspresi\u201d, \u201cUmutsuzlar\u201d, \u201cUtan\u00e7\u201d, \u201cAc\u0131 Hayat\u201d ve \u201cMemleketim\u201d yer ald\u0131.<\/p>\n<\/p><\/div>\n<p><script async\n                    defer\n                    crossorigin=\"anonymous\"\n                    src=\"https:\/\/connect.facebook.net\/tr_TR\/sdk.js#xfbml=1&#038;version=v3.3\"\n            ><\/script><\/p>\n","protected":false},"excerpt":{"rendered":"<p>T\u00fcrk sinemas\u0131n\u0131n usta oyuncular\u0131ndan Filiz Ak\u0131n, 82 ya\u015f\u0131nda hayat\u0131n\u0131 kaybetti. T\u00fcrkan \u015eoray, H\u00fclya Ko\u00e7yi\u011fit ve Fatma Girik ile birlikte Ye\u015fil\u00e7am\u2019\u0131n D\u00f6rt Yaprakl\u0131 Yoncas\u0131 olarak kabul edilen Filiz Ak\u0131n, uzun s\u00fcredir sa\u011fl\u0131k sorunlar\u0131yla m\u00fccadele ediyordu. Ak\u0131n, \u0130stanbul\u2019da tedavi g\u00f6rd\u00fc\u011f\u00fc hastanede hayata g\u00f6zlerini yumdu. Ak\u0131n\u2019\u0131n \u00f6nemli filmleri aras\u0131nda \u201cGurbet Ku\u015flar\u0131\u201d, \u201cKader\u201d, \u201cAnkara Ekspresi\u201d, \u201cUmutsuzlar\u201d, \u201cUtan\u00e7\u201d, \u201cAc\u0131 Hayat\u201d [&hellip;]<\/p>\n","protected":false},"author":1,"featured_media":20484,"comment_status":"open","ping_status":"open","sticky":false,"template":"","format":"standard","meta":{"jnews-multi-image_gallery":[],"jnews_single_post":[],"jnews_primary_category":[],"footnotes":""},"categories":[2],"tags":[],"class_list":["post-20483","post","type-post","status-publish","format-standard","has-post-thumbnail","hentry","category-dunya"],"yoast_head":"<!-- This site is optimized with the Yoast SEO plugin v27.5 - https:\/\/yoast.com\/product\/yoast-seo-wordpress\/ -->\n<title>Ye\u015fil\u00e7am\u2019\u0131n usta oyuncusu Filiz Ak\u0131n 82 ya\u015f\u0131nda hayat\u0131n\u0131 kaybetti - Haber Kuzey<\/title>\n<meta name=\"robots\" content=\"index, follow, max-snippet:-1, max-image-preview:large, max-video-preview:-1\" \/>\n<link rel=\"canonical\" href=\"https:\/\/haberkuzey.com\/index.php\/2025\/03\/22\/yesilcamin-usta-oyuncusu-filiz-akin-82-yasinda-hayatini-kaybetti\/\" \/>\n<meta property=\"og:locale\" content=\"tr_TR\" \/>\n<meta property=\"og:type\" content=\"article\" \/>\n<meta property=\"og:title\" content=\"Ye\u015fil\u00e7am\u2019\u0131n usta oyuncusu Filiz Ak\u0131n 82 ya\u015f\u0131nda hayat\u0131n\u0131 kaybetti - Haber Kuzey\" \/>\n<meta property=\"og:description\" content=\"T\u00fcrk sinemas\u0131n\u0131n usta oyuncular\u0131ndan Filiz Ak\u0131n, 82 ya\u015f\u0131nda hayat\u0131n\u0131 kaybetti. T\u00fcrkan \u015eoray, H\u00fclya Ko\u00e7yi\u011fit ve Fatma Girik ile birlikte Ye\u015fil\u00e7am\u2019\u0131n D\u00f6rt Yaprakl\u0131 Yoncas\u0131 olarak kabul edilen Filiz Ak\u0131n, uzun s\u00fcredir sa\u011fl\u0131k sorunlar\u0131yla m\u00fccadele ediyordu. Ak\u0131n, \u0130stanbul\u2019da tedavi g\u00f6rd\u00fc\u011f\u00fc hastanede hayata g\u00f6zlerini yumdu. Ak\u0131n\u2019\u0131n \u00f6nemli filmleri aras\u0131nda \u201cGurbet Ku\u015flar\u0131\u201d, \u201cKader\u201d, \u201cAnkara Ekspresi\u201d, \u201cUmutsuzlar\u201d, \u201cUtan\u00e7\u201d, \u201cAc\u0131 Hayat\u201d [&hellip;]\" \/>\n<meta property=\"og:url\" content=\"https:\/\/haberkuzey.com\/index.php\/2025\/03\/22\/yesilcamin-usta-oyuncusu-filiz-akin-82-yasinda-hayatini-kaybetti\/\" \/>\n<meta property=\"og:site_name\" content=\"Haber Kuzey\" \/>\n<meta property=\"article:published_time\" content=\"2025-03-22T13:33:32+00:00\" \/>\n<meta property=\"og:image\" content=\"https:\/\/brtk.net\/wp-content\/uploads\/2025\/03\/22\/1742647665592thumbs_b_c_3f7e83e38fa669de26e477dc534d862d.jpg?ver=2c21361ac317fc604ef16d5a5cb2b68e\" \/>\n<meta name=\"author\" content=\"haberkuzey\" \/>\n<meta name=\"twitter:card\" content=\"summary_large_image\" \/>\n<meta name=\"twitter:label1\" content=\"Yazan:\" \/>\n\t<meta name=\"twitter:data1\" content=\"haberkuzey\" \/>\n<script type=\"application\/ld+json\" class=\"yoast-schema-graph\">{\"@context\":\"https:\\\/\\\/schema.org\",\"@graph\":[{\"@type\":\"Article\",\"@id\":\"https:\\\/\\\/haberkuzey.com\\\/index.php\\\/2025\\\/03\\\/22\\\/yesilcamin-usta-oyuncusu-filiz-akin-82-yasinda-hayatini-kaybetti\\\/#article\",\"isPartOf\":{\"@id\":\"https:\\\/\\\/haberkuzey.com\\\/index.php\\\/2025\\\/03\\\/22\\\/yesilcamin-usta-oyuncusu-filiz-akin-82-yasinda-hayatini-kaybetti\\\/\"},\"author\":{\"name\":\"haberkuzey\",\"@id\":\"https:\\\/\\\/haberkuzey.com\\\/#\\\/schema\\\/person\\\/3372109ec735f9333f4fa47ebb9605ca\"},\"headline\":\"Ye\u015fil\u00e7am\u2019\u0131n usta oyuncusu Filiz Ak\u0131n 82 ya\u015f\u0131nda hayat\u0131n\u0131 kaybetti\",\"datePublished\":\"2025-03-22T13:33:32+00:00\",\"mainEntityOfPage\":{\"@id\":\"https:\\\/\\\/haberkuzey.com\\\/index.php\\\/2025\\\/03\\\/22\\\/yesilcamin-usta-oyuncusu-filiz-akin-82-yasinda-hayatini-kaybetti\\\/\"},\"wordCount\":101,\"commentCount\":0,\"image\":{\"@id\":\"https:\\\/\\\/haberkuzey.com\\\/index.php\\\/2025\\\/03\\\/22\\\/yesilcamin-usta-oyuncusu-filiz-akin-82-yasinda-hayatini-kaybetti\\\/#primaryimage\"},\"thumbnailUrl\":\"https:\\\/\\\/haberkuzey.com\\\/wp-content\\\/uploads\\\/2025\\\/03\\\/1742647665592thumbs_b_c_3f7e83e38fa669de26e477dc534d862d.jpg\",\"articleSection\":[\"D\u00fcnya\"],\"inLanguage\":\"tr\",\"potentialAction\":[{\"@type\":\"CommentAction\",\"name\":\"Comment\",\"target\":[\"https:\\\/\\\/haberkuzey.com\\\/index.php\\\/2025\\\/03\\\/22\\\/yesilcamin-usta-oyuncusu-filiz-akin-82-yasinda-hayatini-kaybetti\\\/#respond\"]}]},{\"@type\":\"WebPage\",\"@id\":\"https:\\\/\\\/haberkuzey.com\\\/index.php\\\/2025\\\/03\\\/22\\\/yesilcamin-usta-oyuncusu-filiz-akin-82-yasinda-hayatini-kaybetti\\\/\",\"url\":\"https:\\\/\\\/haberkuzey.com\\\/index.php\\\/2025\\\/03\\\/22\\\/yesilcamin-usta-oyuncusu-filiz-akin-82-yasinda-hayatini-kaybetti\\\/\",\"name\":\"Ye\u015fil\u00e7am\u2019\u0131n usta oyuncusu Filiz Ak\u0131n 82 ya\u015f\u0131nda hayat\u0131n\u0131 kaybetti - Haber Kuzey\",\"isPartOf\":{\"@id\":\"https:\\\/\\\/haberkuzey.com\\\/#website\"},\"primaryImageOfPage\":{\"@id\":\"https:\\\/\\\/haberkuzey.com\\\/index.php\\\/2025\\\/03\\\/22\\\/yesilcamin-usta-oyuncusu-filiz-akin-82-yasinda-hayatini-kaybetti\\\/#primaryimage\"},\"image\":{\"@id\":\"https:\\\/\\\/haberkuzey.com\\\/index.php\\\/2025\\\/03\\\/22\\\/yesilcamin-usta-oyuncusu-filiz-akin-82-yasinda-hayatini-kaybetti\\\/#primaryimage\"},\"thumbnailUrl\":\"https:\\\/\\\/haberkuzey.com\\\/wp-content\\\/uploads\\\/2025\\\/03\\\/1742647665592thumbs_b_c_3f7e83e38fa669de26e477dc534d862d.jpg\",\"datePublished\":\"2025-03-22T13:33:32+00:00\",\"author\":{\"@id\":\"https:\\\/\\\/haberkuzey.com\\\/#\\\/schema\\\/person\\\/3372109ec735f9333f4fa47ebb9605ca\"},\"breadcrumb\":{\"@id\":\"https:\\\/\\\/haberkuzey.com\\\/index.php\\\/2025\\\/03\\\/22\\\/yesilcamin-usta-oyuncusu-filiz-akin-82-yasinda-hayatini-kaybetti\\\/#breadcrumb\"},\"inLanguage\":\"tr\",\"potentialAction\":[{\"@type\":\"ReadAction\",\"target\":[\"https:\\\/\\\/haberkuzey.com\\\/index.php\\\/2025\\\/03\\\/22\\\/yesilcamin-usta-oyuncusu-filiz-akin-82-yasinda-hayatini-kaybetti\\\/\"]}]},{\"@type\":\"ImageObject\",\"inLanguage\":\"tr\",\"@id\":\"https:\\\/\\\/haberkuzey.com\\\/index.php\\\/2025\\\/03\\\/22\\\/yesilcamin-usta-oyuncusu-filiz-akin-82-yasinda-hayatini-kaybetti\\\/#primaryimage\",\"url\":\"https:\\\/\\\/haberkuzey.com\\\/wp-content\\\/uploads\\\/2025\\\/03\\\/1742647665592thumbs_b_c_3f7e83e38fa669de26e477dc534d862d.jpg\",\"contentUrl\":\"https:\\\/\\\/haberkuzey.com\\\/wp-content\\\/uploads\\\/2025\\\/03\\\/1742647665592thumbs_b_c_3f7e83e38fa669de26e477dc534d862d.jpg\",\"width\":864,\"height\":486},{\"@type\":\"BreadcrumbList\",\"@id\":\"https:\\\/\\\/haberkuzey.com\\\/index.php\\\/2025\\\/03\\\/22\\\/yesilcamin-usta-oyuncusu-filiz-akin-82-yasinda-hayatini-kaybetti\\\/#breadcrumb\",\"itemListElement\":[{\"@type\":\"ListItem\",\"position\":1,\"name\":\"Anasayfa\",\"item\":\"https:\\\/\\\/haberkuzey.com\\\/\"},{\"@type\":\"ListItem\",\"position\":2,\"name\":\"Ye\u015fil\u00e7am\u2019\u0131n usta oyuncusu Filiz Ak\u0131n 82 ya\u015f\u0131nda hayat\u0131n\u0131 kaybetti\"}]},{\"@type\":\"WebSite\",\"@id\":\"https:\\\/\\\/haberkuzey.com\\\/#website\",\"url\":\"https:\\\/\\\/haberkuzey.com\\\/\",\"name\":\"Haber Kuzey\",\"description\":\"Do\u011fru Haberin Adresi\",\"potentialAction\":[{\"@type\":\"SearchAction\",\"target\":{\"@type\":\"EntryPoint\",\"urlTemplate\":\"https:\\\/\\\/haberkuzey.com\\\/?s={search_term_string}\"},\"query-input\":{\"@type\":\"PropertyValueSpecification\",\"valueRequired\":true,\"valueName\":\"search_term_string\"}}],\"inLanguage\":\"tr\"},{\"@type\":\"Person\",\"@id\":\"https:\\\/\\\/haberkuzey.com\\\/#\\\/schema\\\/person\\\/3372109ec735f9333f4fa47ebb9605ca\",\"name\":\"haberkuzey\",\"image\":{\"@type\":\"ImageObject\",\"inLanguage\":\"tr\",\"@id\":\"https:\\\/\\\/secure.gravatar.com\\\/avatar\\\/f5fc875574b1575324358c3b9e6a32b8227aa5b74f3fa22e3cadb63e26fcc39c?s=96&d=mm&r=g\",\"url\":\"https:\\\/\\\/secure.gravatar.com\\\/avatar\\\/f5fc875574b1575324358c3b9e6a32b8227aa5b74f3fa22e3cadb63e26fcc39c?s=96&d=mm&r=g\",\"contentUrl\":\"https:\\\/\\\/secure.gravatar.com\\\/avatar\\\/f5fc875574b1575324358c3b9e6a32b8227aa5b74f3fa22e3cadb63e26fcc39c?s=96&d=mm&r=g\",\"caption\":\"haberkuzey\"},\"sameAs\":[\"https:\\\/\\\/haberkuzey.com\"],\"url\":\"https:\\\/\\\/haberkuzey.com\\\/index.php\\\/author\\\/haberkuzey\\\/\"}]}<\/script>\n<!-- \/ Yoast SEO plugin. -->","yoast_head_json":{"title":"Ye\u015fil\u00e7am\u2019\u0131n usta oyuncusu Filiz Ak\u0131n 82 ya\u015f\u0131nda hayat\u0131n\u0131 kaybetti - Haber Kuzey","robots":{"index":"index","follow":"follow","max-snippet":"max-snippet:-1","max-image-preview":"max-image-preview:large","max-video-preview":"max-video-preview:-1"},"canonical":"https:\/\/haberkuzey.com\/index.php\/2025\/03\/22\/yesilcamin-usta-oyuncusu-filiz-akin-82-yasinda-hayatini-kaybetti\/","og_locale":"tr_TR","og_type":"article","og_title":"Ye\u015fil\u00e7am\u2019\u0131n usta oyuncusu Filiz Ak\u0131n 82 ya\u015f\u0131nda hayat\u0131n\u0131 kaybetti - Haber Kuzey","og_description":"T\u00fcrk sinemas\u0131n\u0131n usta oyuncular\u0131ndan Filiz Ak\u0131n, 82 ya\u015f\u0131nda hayat\u0131n\u0131 kaybetti. T\u00fcrkan \u015eoray, H\u00fclya Ko\u00e7yi\u011fit ve Fatma Girik ile birlikte Ye\u015fil\u00e7am\u2019\u0131n D\u00f6rt Yaprakl\u0131 Yoncas\u0131 olarak kabul edilen Filiz Ak\u0131n, uzun s\u00fcredir sa\u011fl\u0131k sorunlar\u0131yla m\u00fccadele ediyordu. Ak\u0131n, \u0130stanbul\u2019da tedavi g\u00f6rd\u00fc\u011f\u00fc hastanede hayata g\u00f6zlerini yumdu. Ak\u0131n\u2019\u0131n \u00f6nemli filmleri aras\u0131nda \u201cGurbet Ku\u015flar\u0131\u201d, \u201cKader\u201d, \u201cAnkara Ekspresi\u201d, \u201cUmutsuzlar\u201d, \u201cUtan\u00e7\u201d, \u201cAc\u0131 Hayat\u201d [&hellip;]","og_url":"https:\/\/haberkuzey.com\/index.php\/2025\/03\/22\/yesilcamin-usta-oyuncusu-filiz-akin-82-yasinda-hayatini-kaybetti\/","og_site_name":"Haber Kuzey","article_published_time":"2025-03-22T13:33:32+00:00","og_image":[{"url":"https:\/\/brtk.net\/wp-content\/uploads\/2025\/03\/22\/1742647665592thumbs_b_c_3f7e83e38fa669de26e477dc534d862d.jpg?ver=2c21361ac317fc604ef16d5a5cb2b68e","type":"","width":"","height":""}],"author":"haberkuzey","twitter_card":"summary_large_image","twitter_misc":{"Yazan:":"haberkuzey"},"schema":{"@context":"https:\/\/schema.org","@graph":[{"@type":"Article","@id":"https:\/\/haberkuzey.com\/index.php\/2025\/03\/22\/yesilcamin-usta-oyuncusu-filiz-akin-82-yasinda-hayatini-kaybetti\/#article","isPartOf":{"@id":"https:\/\/haberkuzey.com\/index.php\/2025\/03\/22\/yesilcamin-usta-oyuncusu-filiz-akin-82-yasinda-hayatini-kaybetti\/"},"author":{"name":"haberkuzey","@id":"https:\/\/haberkuzey.com\/#\/schema\/person\/3372109ec735f9333f4fa47ebb9605ca"},"headline":"Ye\u015fil\u00e7am\u2019\u0131n usta oyuncusu Filiz Ak\u0131n 82 ya\u015f\u0131nda hayat\u0131n\u0131 kaybetti","datePublished":"2025-03-22T13:33:32+00:00","mainEntityOfPage":{"@id":"https:\/\/haberkuzey.com\/index.php\/2025\/03\/22\/yesilcamin-usta-oyuncusu-filiz-akin-82-yasinda-hayatini-kaybetti\/"},"wordCount":101,"commentCount":0,"image":{"@id":"https:\/\/haberkuzey.com\/index.php\/2025\/03\/22\/yesilcamin-usta-oyuncusu-filiz-akin-82-yasinda-hayatini-kaybetti\/#primaryimage"},"thumbnailUrl":"https:\/\/haberkuzey.com\/wp-content\/uploads\/2025\/03\/1742647665592thumbs_b_c_3f7e83e38fa669de26e477dc534d862d.jpg","articleSection":["D\u00fcnya"],"inLanguage":"tr","potentialAction":[{"@type":"CommentAction","name":"Comment","target":["https:\/\/haberkuzey.com\/index.php\/2025\/03\/22\/yesilcamin-usta-oyuncusu-filiz-akin-82-yasinda-hayatini-kaybetti\/#respond"]}]},{"@type":"WebPage","@id":"https:\/\/haberkuzey.com\/index.php\/2025\/03\/22\/yesilcamin-usta-oyuncusu-filiz-akin-82-yasinda-hayatini-kaybetti\/","url":"https:\/\/haberkuzey.com\/index.php\/2025\/03\/22\/yesilcamin-usta-oyuncusu-filiz-akin-82-yasinda-hayatini-kaybetti\/","name":"Ye\u015fil\u00e7am\u2019\u0131n usta oyuncusu Filiz Ak\u0131n 82 ya\u015f\u0131nda hayat\u0131n\u0131 kaybetti - Haber Kuzey","isPartOf":{"@id":"https:\/\/haberkuzey.com\/#website"},"primaryImageOfPage":{"@id":"https:\/\/haberkuzey.com\/index.php\/2025\/03\/22\/yesilcamin-usta-oyuncusu-filiz-akin-82-yasinda-hayatini-kaybetti\/#primaryimage"},"image":{"@id":"https:\/\/haberkuzey.com\/index.php\/2025\/03\/22\/yesilcamin-usta-oyuncusu-filiz-akin-82-yasinda-hayatini-kaybetti\/#primaryimage"},"thumbnailUrl":"https:\/\/haberkuzey.com\/wp-content\/uploads\/2025\/03\/1742647665592thumbs_b_c_3f7e83e38fa669de26e477dc534d862d.jpg","datePublished":"2025-03-22T13:33:32+00:00","author":{"@id":"https:\/\/haberkuzey.com\/#\/schema\/person\/3372109ec735f9333f4fa47ebb9605ca"},"breadcrumb":{"@id":"https:\/\/haberkuzey.com\/index.php\/2025\/03\/22\/yesilcamin-usta-oyuncusu-filiz-akin-82-yasinda-hayatini-kaybetti\/#breadcrumb"},"inLanguage":"tr","potentialAction":[{"@type":"ReadAction","target":["https:\/\/haberkuzey.com\/index.php\/2025\/03\/22\/yesilcamin-usta-oyuncusu-filiz-akin-82-yasinda-hayatini-kaybetti\/"]}]},{"@type":"ImageObject","inLanguage":"tr","@id":"https:\/\/haberkuzey.com\/index.php\/2025\/03\/22\/yesilcamin-usta-oyuncusu-filiz-akin-82-yasinda-hayatini-kaybetti\/#primaryimage","url":"https:\/\/haberkuzey.com\/wp-content\/uploads\/2025\/03\/1742647665592thumbs_b_c_3f7e83e38fa669de26e477dc534d862d.jpg","contentUrl":"https:\/\/haberkuzey.com\/wp-content\/uploads\/2025\/03\/1742647665592thumbs_b_c_3f7e83e38fa669de26e477dc534d862d.jpg","width":864,"height":486},{"@type":"BreadcrumbList","@id":"https:\/\/haberkuzey.com\/index.php\/2025\/03\/22\/yesilcamin-usta-oyuncusu-filiz-akin-82-yasinda-hayatini-kaybetti\/#breadcrumb","itemListElement":[{"@type":"ListItem","position":1,"name":"Anasayfa","item":"https:\/\/haberkuzey.com\/"},{"@type":"ListItem","position":2,"name":"Ye\u015fil\u00e7am\u2019\u0131n usta oyuncusu Filiz Ak\u0131n 82 ya\u015f\u0131nda hayat\u0131n\u0131 kaybetti"}]},{"@type":"WebSite","@id":"https:\/\/haberkuzey.com\/#website","url":"https:\/\/haberkuzey.com\/","name":"Haber Kuzey","description":"Do\u011fru Haberin Adresi","potentialAction":[{"@type":"SearchAction","target":{"@type":"EntryPoint","urlTemplate":"https:\/\/haberkuzey.com\/?s={search_term_string}"},"query-input":{"@type":"PropertyValueSpecification","valueRequired":true,"valueName":"search_term_string"}}],"inLanguage":"tr"},{"@type":"Person","@id":"https:\/\/haberkuzey.com\/#\/schema\/person\/3372109ec735f9333f4fa47ebb9605ca","name":"haberkuzey","image":{"@type":"ImageObject","inLanguage":"tr","@id":"https:\/\/secure.gravatar.com\/avatar\/f5fc875574b1575324358c3b9e6a32b8227aa5b74f3fa22e3cadb63e26fcc39c?s=96&d=mm&r=g","url":"https:\/\/secure.gravatar.com\/avatar\/f5fc875574b1575324358c3b9e6a32b8227aa5b74f3fa22e3cadb63e26fcc39c?s=96&d=mm&r=g","contentUrl":"https:\/\/secure.gravatar.com\/avatar\/f5fc875574b1575324358c3b9e6a32b8227aa5b74f3fa22e3cadb63e26fcc39c?s=96&d=mm&r=g","caption":"haberkuzey"},"sameAs":["https:\/\/haberkuzey.com"],"url":"https:\/\/haberkuzey.com\/index.php\/author\/haberkuzey\/"}]}},"_links":{"self":[{"href":"https:\/\/haberkuzey.com\/index.php\/wp-json\/wp\/v2\/posts\/20483","targetHints":{"allow":["GET"]}}],"collection":[{"href":"https:\/\/haberkuzey.com\/index.php\/wp-json\/wp\/v2\/posts"}],"about":[{"href":"https:\/\/haberkuzey.com\/index.php\/wp-json\/wp\/v2\/types\/post"}],"author":[{"embeddable":true,"href":"https:\/\/haberkuzey.com\/index.php\/wp-json\/wp\/v2\/users\/1"}],"replies":[{"embeddable":true,"href":"https:\/\/haberkuzey.com\/index.php\/wp-json\/wp\/v2\/comments?post=20483"}],"version-history":[{"count":0,"href":"https:\/\/haberkuzey.com\/index.php\/wp-json\/wp\/v2\/posts\/20483\/revisions"}],"wp:featuredmedia":[{"embeddable":true,"href":"https:\/\/haberkuzey.com\/index.php\/wp-json\/wp\/v2\/media\/20484"}],"wp:attachment":[{"href":"https:\/\/haberkuzey.com\/index.php\/wp-json\/wp\/v2\/media?parent=20483"}],"wp:term":[{"taxonomy":"category","embeddable":true,"href":"https:\/\/haberkuzey.com\/index.php\/wp-json\/wp\/v2\/categories?post=20483"},{"taxonomy":"post_tag","embeddable":true,"href":"https:\/\/haberkuzey.com\/index.php\/wp-json\/wp\/v2\/tags?post=20483"}],"curies":[{"name":"wp","href":"https:\/\/api.w.org\/{rel}","templated":true}]}}