{"id":20454,"date":"2025-03-22T09:48:24","date_gmt":"2025-03-22T07:48:24","guid":{"rendered":"https:\/\/haberkuzey.com\/index.php\/2025\/03\/22\/irak-cumhuriyetinin-istanbul-baskonsolosluguna-silahli-saldiri\/"},"modified":"2025-03-22T09:48:24","modified_gmt":"2025-03-22T07:48:24","slug":"irak-cumhuriyetinin-istanbul-baskonsolosluguna-silahli-saldiri","status":"publish","type":"post","link":"https:\/\/haberkuzey.com\/index.php\/2025\/03\/22\/irak-cumhuriyetinin-istanbul-baskonsolosluguna-silahli-saldiri\/","title":{"rendered":"Irak Cumhuriyeti\u2019nin \u0130stanbul Ba\u015fkonsoloslu\u011funa silahl\u0131 sald\u0131r\u0131"},"content":{"rendered":"<div>\n<div class=\"mariselle-image-container center\">\n                                            <\/div>\n<p>\u015ei\u015fli\u2019deki Irak Cumhuriyeti\u2019nin \u0130stanbul Ba\u015fkonsoloslu\u011funa silahl\u0131 sald\u0131r\u0131 d\u00fczenlendi.<\/p>\n<p>Esentepe Mahallesi\u2019ndeki ba\u015fkonsolosluk binas\u0131na, motosikletle gelen 2 \u015f\u00fcpheli taraf\u0131ndan uzun namlulu silahlarla ate\u015f a\u00e7\u0131ld\u0131.<\/p>\n<p>\u015e\u00fcpheliler, sald\u0131r\u0131n\u0131n ard\u0131ndan motosikletle olay yerinden ka\u00e7arken olayda yaralanan olmad\u0131.<\/p>\n<p>\u0130hbar \u00fczerine b\u00f6lgeye polis ekipleri sevk edildi.<\/p>\n<p>Polis ekipleri ba\u015fkonsolosluk binas\u0131n\u0131n bulundu\u011fu soka\u011fa g\u00fcvenlik \u015feridi \u00e7ekerek \u00f6nlem ald\u0131.<\/p>\n<p>Ka\u00e7an \u015f\u00fcphelilerin yakalanmas\u0131 i\u00e7in \u00e7al\u0131\u015fma ba\u015flatan polis ekiplerinin olay yerindeki incelemeleri s\u00fcr\u00fcyor.<\/p>\n<p>\u00d6te yandan, \u015ei\u015fli Kaymakam\u0131 Cevdet Ert\u00fcrkmen, sald\u0131r\u0131n\u0131n ya\u015fand\u0131\u011f\u0131 konsolosluk binas\u0131na gelerek, yetkililerden bilgi ald\u0131.<\/p>\n<p>Ert\u00fcrkmen, gazetecilere yapt\u0131\u011f\u0131 a\u00e7\u0131klamada, \u201cGe\u00e7mi\u015f olsun\u201d dileklerini bildirdiklerini ifade ederek, Irak Devleti\u2019nin yan\u0131nda olduklar\u0131n\u0131 dile getirdi.<\/p>\n<\/p><\/div>\n<p><script async\n                    defer\n                    crossorigin=\"anonymous\"\n                    src=\"https:\/\/connect.facebook.net\/tr_TR\/sdk.js#xfbml=1&#038;version=v3.3\"\n            ><\/script><\/p>\n","protected":false},"excerpt":{"rendered":"<p>\u015ei\u015fli\u2019deki Irak Cumhuriyeti\u2019nin \u0130stanbul Ba\u015fkonsoloslu\u011funa silahl\u0131 sald\u0131r\u0131 d\u00fczenlendi. Esentepe Mahallesi\u2019ndeki ba\u015fkonsolosluk binas\u0131na, motosikletle gelen 2 \u015f\u00fcpheli taraf\u0131ndan uzun namlulu silahlarla ate\u015f a\u00e7\u0131ld\u0131. \u015e\u00fcpheliler, sald\u0131r\u0131n\u0131n ard\u0131ndan motosikletle olay yerinden ka\u00e7arken olayda yaralanan olmad\u0131. \u0130hbar \u00fczerine b\u00f6lgeye polis ekipleri sevk edildi. Polis ekipleri ba\u015fkonsolosluk binas\u0131n\u0131n bulundu\u011fu soka\u011fa g\u00fcvenlik \u015feridi \u00e7ekerek \u00f6nlem ald\u0131. Ka\u00e7an \u015f\u00fcphelilerin yakalanmas\u0131 i\u00e7in \u00e7al\u0131\u015fma [&hellip;]<\/p>\n","protected":false},"author":1,"featured_media":20455,"comment_status":"open","ping_status":"open","sticky":false,"template":"","format":"standard","meta":{"jnews-multi-image_gallery":[],"jnews_single_post":[],"jnews_primary_category":[],"footnotes":""},"categories":[2],"tags":[],"class_list":["post-20454","post","type-post","status-publish","format-standard","has-post-thumbnail","hentry","category-dunya"],"yoast_head":"<!-- This site is optimized with the Yoast SEO plugin v27.5 - https:\/\/yoast.com\/product\/yoast-seo-wordpress\/ -->\n<title>Irak Cumhuriyeti\u2019nin \u0130stanbul Ba\u015fkonsoloslu\u011funa silahl\u0131 sald\u0131r\u0131 - Haber Kuzey<\/title>\n<meta name=\"robots\" content=\"index, follow, max-snippet:-1, max-image-preview:large, max-video-preview:-1\" \/>\n<link rel=\"canonical\" href=\"https:\/\/haberkuzey.com\/index.php\/2025\/03\/22\/irak-cumhuriyetinin-istanbul-baskonsolosluguna-silahli-saldiri\/\" \/>\n<meta property=\"og:locale\" content=\"tr_TR\" \/>\n<meta property=\"og:type\" content=\"article\" \/>\n<meta property=\"og:title\" content=\"Irak Cumhuriyeti\u2019nin \u0130stanbul Ba\u015fkonsoloslu\u011funa silahl\u0131 sald\u0131r\u0131 - Haber Kuzey\" \/>\n<meta property=\"og:description\" content=\"\u015ei\u015fli\u2019deki Irak Cumhuriyeti\u2019nin \u0130stanbul Ba\u015fkonsoloslu\u011funa silahl\u0131 sald\u0131r\u0131 d\u00fczenlendi. Esentepe Mahallesi\u2019ndeki ba\u015fkonsolosluk binas\u0131na, motosikletle gelen 2 \u015f\u00fcpheli taraf\u0131ndan uzun namlulu silahlarla ate\u015f a\u00e7\u0131ld\u0131. \u015e\u00fcpheliler, sald\u0131r\u0131n\u0131n ard\u0131ndan motosikletle olay yerinden ka\u00e7arken olayda yaralanan olmad\u0131. \u0130hbar \u00fczerine b\u00f6lgeye polis ekipleri sevk edildi. Polis ekipleri ba\u015fkonsolosluk binas\u0131n\u0131n bulundu\u011fu soka\u011fa g\u00fcvenlik \u015feridi \u00e7ekerek \u00f6nlem ald\u0131. Ka\u00e7an \u015f\u00fcphelilerin yakalanmas\u0131 i\u00e7in \u00e7al\u0131\u015fma [&hellip;]\" \/>\n<meta property=\"og:url\" content=\"https:\/\/haberkuzey.com\/index.php\/2025\/03\/22\/irak-cumhuriyetinin-istanbul-baskonsolosluguna-silahli-saldiri\/\" \/>\n<meta property=\"og:site_name\" content=\"Haber Kuzey\" \/>\n<meta property=\"article:published_time\" content=\"2025-03-22T07:48:24+00:00\" \/>\n<meta property=\"og:image\" content=\"https:\/\/brtk.net\/wp-content\/uploads\/2025\/03\/22\/1742628851971ISTANBUL-KONSOLOSLUK.jpg?ver=108f438ff0dcca0b408d78d7e3a4d486\" \/>\n<meta name=\"author\" content=\"haberkuzey\" \/>\n<meta name=\"twitter:card\" content=\"summary_large_image\" \/>\n<meta name=\"twitter:label1\" content=\"Yazan:\" \/>\n\t<meta name=\"twitter:data1\" content=\"haberkuzey\" \/>\n\t<meta name=\"twitter:label2\" content=\"Tahmini okuma s\u00fcresi\" \/>\n\t<meta name=\"twitter:data2\" content=\"1 dakika\" \/>\n<script type=\"application\/ld+json\" class=\"yoast-schema-graph\">{\"@context\":\"https:\\\/\\\/schema.org\",\"@graph\":[{\"@type\":\"Article\",\"@id\":\"https:\\\/\\\/haberkuzey.com\\\/index.php\\\/2025\\\/03\\\/22\\\/irak-cumhuriyetinin-istanbul-baskonsolosluguna-silahli-saldiri\\\/#article\",\"isPartOf\":{\"@id\":\"https:\\\/\\\/haberkuzey.com\\\/index.php\\\/2025\\\/03\\\/22\\\/irak-cumhuriyetinin-istanbul-baskonsolosluguna-silahli-saldiri\\\/\"},\"author\":{\"name\":\"haberkuzey\",\"@id\":\"https:\\\/\\\/haberkuzey.com\\\/#\\\/schema\\\/person\\\/3372109ec735f9333f4fa47ebb9605ca\"},\"headline\":\"Irak Cumhuriyeti\u2019nin \u0130stanbul Ba\u015fkonsoloslu\u011funa silahl\u0131 sald\u0131r\u0131\",\"datePublished\":\"2025-03-22T07:48:24+00:00\",\"mainEntityOfPage\":{\"@id\":\"https:\\\/\\\/haberkuzey.com\\\/index.php\\\/2025\\\/03\\\/22\\\/irak-cumhuriyetinin-istanbul-baskonsolosluguna-silahli-saldiri\\\/\"},\"wordCount\":144,\"commentCount\":0,\"image\":{\"@id\":\"https:\\\/\\\/haberkuzey.com\\\/index.php\\\/2025\\\/03\\\/22\\\/irak-cumhuriyetinin-istanbul-baskonsolosluguna-silahli-saldiri\\\/#primaryimage\"},\"thumbnailUrl\":\"https:\\\/\\\/haberkuzey.com\\\/wp-content\\\/uploads\\\/2025\\\/03\\\/1742628851971ISTANBUL-KONSOLOSLUK.jpg\",\"articleSection\":[\"D\u00fcnya\"],\"inLanguage\":\"tr\",\"potentialAction\":[{\"@type\":\"CommentAction\",\"name\":\"Comment\",\"target\":[\"https:\\\/\\\/haberkuzey.com\\\/index.php\\\/2025\\\/03\\\/22\\\/irak-cumhuriyetinin-istanbul-baskonsolosluguna-silahli-saldiri\\\/#respond\"]}]},{\"@type\":\"WebPage\",\"@id\":\"https:\\\/\\\/haberkuzey.com\\\/index.php\\\/2025\\\/03\\\/22\\\/irak-cumhuriyetinin-istanbul-baskonsolosluguna-silahli-saldiri\\\/\",\"url\":\"https:\\\/\\\/haberkuzey.com\\\/index.php\\\/2025\\\/03\\\/22\\\/irak-cumhuriyetinin-istanbul-baskonsolosluguna-silahli-saldiri\\\/\",\"name\":\"Irak Cumhuriyeti\u2019nin \u0130stanbul Ba\u015fkonsoloslu\u011funa silahl\u0131 sald\u0131r\u0131 - Haber Kuzey\",\"isPartOf\":{\"@id\":\"https:\\\/\\\/haberkuzey.com\\\/#website\"},\"primaryImageOfPage\":{\"@id\":\"https:\\\/\\\/haberkuzey.com\\\/index.php\\\/2025\\\/03\\\/22\\\/irak-cumhuriyetinin-istanbul-baskonsolosluguna-silahli-saldiri\\\/#primaryimage\"},\"image\":{\"@id\":\"https:\\\/\\\/haberkuzey.com\\\/index.php\\\/2025\\\/03\\\/22\\\/irak-cumhuriyetinin-istanbul-baskonsolosluguna-silahli-saldiri\\\/#primaryimage\"},\"thumbnailUrl\":\"https:\\\/\\\/haberkuzey.com\\\/wp-content\\\/uploads\\\/2025\\\/03\\\/1742628851971ISTANBUL-KONSOLOSLUK.jpg\",\"datePublished\":\"2025-03-22T07:48:24+00:00\",\"author\":{\"@id\":\"https:\\\/\\\/haberkuzey.com\\\/#\\\/schema\\\/person\\\/3372109ec735f9333f4fa47ebb9605ca\"},\"breadcrumb\":{\"@id\":\"https:\\\/\\\/haberkuzey.com\\\/index.php\\\/2025\\\/03\\\/22\\\/irak-cumhuriyetinin-istanbul-baskonsolosluguna-silahli-saldiri\\\/#breadcrumb\"},\"inLanguage\":\"tr\",\"potentialAction\":[{\"@type\":\"ReadAction\",\"target\":[\"https:\\\/\\\/haberkuzey.com\\\/index.php\\\/2025\\\/03\\\/22\\\/irak-cumhuriyetinin-istanbul-baskonsolosluguna-silahli-saldiri\\\/\"]}]},{\"@type\":\"ImageObject\",\"inLanguage\":\"tr\",\"@id\":\"https:\\\/\\\/haberkuzey.com\\\/index.php\\\/2025\\\/03\\\/22\\\/irak-cumhuriyetinin-istanbul-baskonsolosluguna-silahli-saldiri\\\/#primaryimage\",\"url\":\"https:\\\/\\\/haberkuzey.com\\\/wp-content\\\/uploads\\\/2025\\\/03\\\/1742628851971ISTANBUL-KONSOLOSLUK.jpg\",\"contentUrl\":\"https:\\\/\\\/haberkuzey.com\\\/wp-content\\\/uploads\\\/2025\\\/03\\\/1742628851971ISTANBUL-KONSOLOSLUK.jpg\",\"width\":864,\"height\":486},{\"@type\":\"BreadcrumbList\",\"@id\":\"https:\\\/\\\/haberkuzey.com\\\/index.php\\\/2025\\\/03\\\/22\\\/irak-cumhuriyetinin-istanbul-baskonsolosluguna-silahli-saldiri\\\/#breadcrumb\",\"itemListElement\":[{\"@type\":\"ListItem\",\"position\":1,\"name\":\"Anasayfa\",\"item\":\"https:\\\/\\\/haberkuzey.com\\\/\"},{\"@type\":\"ListItem\",\"position\":2,\"name\":\"Irak Cumhuriyeti\u2019nin \u0130stanbul Ba\u015fkonsoloslu\u011funa silahl\u0131 sald\u0131r\u0131\"}]},{\"@type\":\"WebSite\",\"@id\":\"https:\\\/\\\/haberkuzey.com\\\/#website\",\"url\":\"https:\\\/\\\/haberkuzey.com\\\/\",\"name\":\"Haber Kuzey\",\"description\":\"Do\u011fru Haberin Adresi\",\"potentialAction\":[{\"@type\":\"SearchAction\",\"target\":{\"@type\":\"EntryPoint\",\"urlTemplate\":\"https:\\\/\\\/haberkuzey.com\\\/?s={search_term_string}\"},\"query-input\":{\"@type\":\"PropertyValueSpecification\",\"valueRequired\":true,\"valueName\":\"search_term_string\"}}],\"inLanguage\":\"tr\"},{\"@type\":\"Person\",\"@id\":\"https:\\\/\\\/haberkuzey.com\\\/#\\\/schema\\\/person\\\/3372109ec735f9333f4fa47ebb9605ca\",\"name\":\"haberkuzey\",\"image\":{\"@type\":\"ImageObject\",\"inLanguage\":\"tr\",\"@id\":\"https:\\\/\\\/secure.gravatar.com\\\/avatar\\\/f5fc875574b1575324358c3b9e6a32b8227aa5b74f3fa22e3cadb63e26fcc39c?s=96&d=mm&r=g\",\"url\":\"https:\\\/\\\/secure.gravatar.com\\\/avatar\\\/f5fc875574b1575324358c3b9e6a32b8227aa5b74f3fa22e3cadb63e26fcc39c?s=96&d=mm&r=g\",\"contentUrl\":\"https:\\\/\\\/secure.gravatar.com\\\/avatar\\\/f5fc875574b1575324358c3b9e6a32b8227aa5b74f3fa22e3cadb63e26fcc39c?s=96&d=mm&r=g\",\"caption\":\"haberkuzey\"},\"sameAs\":[\"https:\\\/\\\/haberkuzey.com\"],\"url\":\"https:\\\/\\\/haberkuzey.com\\\/index.php\\\/author\\\/haberkuzey\\\/\"}]}<\/script>\n<!-- \/ Yoast SEO plugin. -->","yoast_head_json":{"title":"Irak Cumhuriyeti\u2019nin \u0130stanbul Ba\u015fkonsoloslu\u011funa silahl\u0131 sald\u0131r\u0131 - Haber Kuzey","robots":{"index":"index","follow":"follow","max-snippet":"max-snippet:-1","max-image-preview":"max-image-preview:large","max-video-preview":"max-video-preview:-1"},"canonical":"https:\/\/haberkuzey.com\/index.php\/2025\/03\/22\/irak-cumhuriyetinin-istanbul-baskonsolosluguna-silahli-saldiri\/","og_locale":"tr_TR","og_type":"article","og_title":"Irak Cumhuriyeti\u2019nin \u0130stanbul Ba\u015fkonsoloslu\u011funa silahl\u0131 sald\u0131r\u0131 - Haber Kuzey","og_description":"\u015ei\u015fli\u2019deki Irak Cumhuriyeti\u2019nin \u0130stanbul Ba\u015fkonsoloslu\u011funa silahl\u0131 sald\u0131r\u0131 d\u00fczenlendi. Esentepe Mahallesi\u2019ndeki ba\u015fkonsolosluk binas\u0131na, motosikletle gelen 2 \u015f\u00fcpheli taraf\u0131ndan uzun namlulu silahlarla ate\u015f a\u00e7\u0131ld\u0131. \u015e\u00fcpheliler, sald\u0131r\u0131n\u0131n ard\u0131ndan motosikletle olay yerinden ka\u00e7arken olayda yaralanan olmad\u0131. \u0130hbar \u00fczerine b\u00f6lgeye polis ekipleri sevk edildi. Polis ekipleri ba\u015fkonsolosluk binas\u0131n\u0131n bulundu\u011fu soka\u011fa g\u00fcvenlik \u015feridi \u00e7ekerek \u00f6nlem ald\u0131. Ka\u00e7an \u015f\u00fcphelilerin yakalanmas\u0131 i\u00e7in \u00e7al\u0131\u015fma [&hellip;]","og_url":"https:\/\/haberkuzey.com\/index.php\/2025\/03\/22\/irak-cumhuriyetinin-istanbul-baskonsolosluguna-silahli-saldiri\/","og_site_name":"Haber Kuzey","article_published_time":"2025-03-22T07:48:24+00:00","og_image":[{"url":"https:\/\/brtk.net\/wp-content\/uploads\/2025\/03\/22\/1742628851971ISTANBUL-KONSOLOSLUK.jpg?ver=108f438ff0dcca0b408d78d7e3a4d486","type":"","width":"","height":""}],"author":"haberkuzey","twitter_card":"summary_large_image","twitter_misc":{"Yazan:":"haberkuzey","Tahmini okuma s\u00fcresi":"1 dakika"},"schema":{"@context":"https:\/\/schema.org","@graph":[{"@type":"Article","@id":"https:\/\/haberkuzey.com\/index.php\/2025\/03\/22\/irak-cumhuriyetinin-istanbul-baskonsolosluguna-silahli-saldiri\/#article","isPartOf":{"@id":"https:\/\/haberkuzey.com\/index.php\/2025\/03\/22\/irak-cumhuriyetinin-istanbul-baskonsolosluguna-silahli-saldiri\/"},"author":{"name":"haberkuzey","@id":"https:\/\/haberkuzey.com\/#\/schema\/person\/3372109ec735f9333f4fa47ebb9605ca"},"headline":"Irak Cumhuriyeti\u2019nin \u0130stanbul Ba\u015fkonsoloslu\u011funa silahl\u0131 sald\u0131r\u0131","datePublished":"2025-03-22T07:48:24+00:00","mainEntityOfPage":{"@id":"https:\/\/haberkuzey.com\/index.php\/2025\/03\/22\/irak-cumhuriyetinin-istanbul-baskonsolosluguna-silahli-saldiri\/"},"wordCount":144,"commentCount":0,"image":{"@id":"https:\/\/haberkuzey.com\/index.php\/2025\/03\/22\/irak-cumhuriyetinin-istanbul-baskonsolosluguna-silahli-saldiri\/#primaryimage"},"thumbnailUrl":"https:\/\/haberkuzey.com\/wp-content\/uploads\/2025\/03\/1742628851971ISTANBUL-KONSOLOSLUK.jpg","articleSection":["D\u00fcnya"],"inLanguage":"tr","potentialAction":[{"@type":"CommentAction","name":"Comment","target":["https:\/\/haberkuzey.com\/index.php\/2025\/03\/22\/irak-cumhuriyetinin-istanbul-baskonsolosluguna-silahli-saldiri\/#respond"]}]},{"@type":"WebPage","@id":"https:\/\/haberkuzey.com\/index.php\/2025\/03\/22\/irak-cumhuriyetinin-istanbul-baskonsolosluguna-silahli-saldiri\/","url":"https:\/\/haberkuzey.com\/index.php\/2025\/03\/22\/irak-cumhuriyetinin-istanbul-baskonsolosluguna-silahli-saldiri\/","name":"Irak Cumhuriyeti\u2019nin \u0130stanbul Ba\u015fkonsoloslu\u011funa silahl\u0131 sald\u0131r\u0131 - Haber Kuzey","isPartOf":{"@id":"https:\/\/haberkuzey.com\/#website"},"primaryImageOfPage":{"@id":"https:\/\/haberkuzey.com\/index.php\/2025\/03\/22\/irak-cumhuriyetinin-istanbul-baskonsolosluguna-silahli-saldiri\/#primaryimage"},"image":{"@id":"https:\/\/haberkuzey.com\/index.php\/2025\/03\/22\/irak-cumhuriyetinin-istanbul-baskonsolosluguna-silahli-saldiri\/#primaryimage"},"thumbnailUrl":"https:\/\/haberkuzey.com\/wp-content\/uploads\/2025\/03\/1742628851971ISTANBUL-KONSOLOSLUK.jpg","datePublished":"2025-03-22T07:48:24+00:00","author":{"@id":"https:\/\/haberkuzey.com\/#\/schema\/person\/3372109ec735f9333f4fa47ebb9605ca"},"breadcrumb":{"@id":"https:\/\/haberkuzey.com\/index.php\/2025\/03\/22\/irak-cumhuriyetinin-istanbul-baskonsolosluguna-silahli-saldiri\/#breadcrumb"},"inLanguage":"tr","potentialAction":[{"@type":"ReadAction","target":["https:\/\/haberkuzey.com\/index.php\/2025\/03\/22\/irak-cumhuriyetinin-istanbul-baskonsolosluguna-silahli-saldiri\/"]}]},{"@type":"ImageObject","inLanguage":"tr","@id":"https:\/\/haberkuzey.com\/index.php\/2025\/03\/22\/irak-cumhuriyetinin-istanbul-baskonsolosluguna-silahli-saldiri\/#primaryimage","url":"https:\/\/haberkuzey.com\/wp-content\/uploads\/2025\/03\/1742628851971ISTANBUL-KONSOLOSLUK.jpg","contentUrl":"https:\/\/haberkuzey.com\/wp-content\/uploads\/2025\/03\/1742628851971ISTANBUL-KONSOLOSLUK.jpg","width":864,"height":486},{"@type":"BreadcrumbList","@id":"https:\/\/haberkuzey.com\/index.php\/2025\/03\/22\/irak-cumhuriyetinin-istanbul-baskonsolosluguna-silahli-saldiri\/#breadcrumb","itemListElement":[{"@type":"ListItem","position":1,"name":"Anasayfa","item":"https:\/\/haberkuzey.com\/"},{"@type":"ListItem","position":2,"name":"Irak Cumhuriyeti\u2019nin \u0130stanbul Ba\u015fkonsoloslu\u011funa silahl\u0131 sald\u0131r\u0131"}]},{"@type":"WebSite","@id":"https:\/\/haberkuzey.com\/#website","url":"https:\/\/haberkuzey.com\/","name":"Haber Kuzey","description":"Do\u011fru Haberin Adresi","potentialAction":[{"@type":"SearchAction","target":{"@type":"EntryPoint","urlTemplate":"https:\/\/haberkuzey.com\/?s={search_term_string}"},"query-input":{"@type":"PropertyValueSpecification","valueRequired":true,"valueName":"search_term_string"}}],"inLanguage":"tr"},{"@type":"Person","@id":"https:\/\/haberkuzey.com\/#\/schema\/person\/3372109ec735f9333f4fa47ebb9605ca","name":"haberkuzey","image":{"@type":"ImageObject","inLanguage":"tr","@id":"https:\/\/secure.gravatar.com\/avatar\/f5fc875574b1575324358c3b9e6a32b8227aa5b74f3fa22e3cadb63e26fcc39c?s=96&d=mm&r=g","url":"https:\/\/secure.gravatar.com\/avatar\/f5fc875574b1575324358c3b9e6a32b8227aa5b74f3fa22e3cadb63e26fcc39c?s=96&d=mm&r=g","contentUrl":"https:\/\/secure.gravatar.com\/avatar\/f5fc875574b1575324358c3b9e6a32b8227aa5b74f3fa22e3cadb63e26fcc39c?s=96&d=mm&r=g","caption":"haberkuzey"},"sameAs":["https:\/\/haberkuzey.com"],"url":"https:\/\/haberkuzey.com\/index.php\/author\/haberkuzey\/"}]}},"_links":{"self":[{"href":"https:\/\/haberkuzey.com\/index.php\/wp-json\/wp\/v2\/posts\/20454","targetHints":{"allow":["GET"]}}],"collection":[{"href":"https:\/\/haberkuzey.com\/index.php\/wp-json\/wp\/v2\/posts"}],"about":[{"href":"https:\/\/haberkuzey.com\/index.php\/wp-json\/wp\/v2\/types\/post"}],"author":[{"embeddable":true,"href":"https:\/\/haberkuzey.com\/index.php\/wp-json\/wp\/v2\/users\/1"}],"replies":[{"embeddable":true,"href":"https:\/\/haberkuzey.com\/index.php\/wp-json\/wp\/v2\/comments?post=20454"}],"version-history":[{"count":0,"href":"https:\/\/haberkuzey.com\/index.php\/wp-json\/wp\/v2\/posts\/20454\/revisions"}],"wp:featuredmedia":[{"embeddable":true,"href":"https:\/\/haberkuzey.com\/index.php\/wp-json\/wp\/v2\/media\/20455"}],"wp:attachment":[{"href":"https:\/\/haberkuzey.com\/index.php\/wp-json\/wp\/v2\/media?parent=20454"}],"wp:term":[{"taxonomy":"category","embeddable":true,"href":"https:\/\/haberkuzey.com\/index.php\/wp-json\/wp\/v2\/categories?post=20454"},{"taxonomy":"post_tag","embeddable":true,"href":"https:\/\/haberkuzey.com\/index.php\/wp-json\/wp\/v2\/tags?post=20454"}],"curies":[{"name":"wp","href":"https:\/\/api.w.org\/{rel}","templated":true}]}}