{"id":2045,"date":"2024-05-11T02:30:53","date_gmt":"2024-05-10T23:30:53","guid":{"rendered":"https:\/\/haberkuzey.com\/index.php\/2024\/05\/11\/bmde-alinan-karar-gozlemci-statusundeki-filistinin-haklarini-genisletiyor\/"},"modified":"2024-05-11T02:30:53","modified_gmt":"2024-05-10T23:30:53","slug":"bmde-alinan-karar-gozlemci-statusundeki-filistinin-haklarini-genisletiyor","status":"publish","type":"post","link":"https:\/\/haberkuzey.com\/index.php\/2024\/05\/11\/bmde-alinan-karar-gozlemci-statusundeki-filistinin-haklarini-genisletiyor\/","title":{"rendered":"BM&#039;de al\u0131nan karar &#039;g\u00f6zlemci&#039; stat\u00fcs\u00fcndeki Filistin&#039;in haklar\u0131n\u0131 geni\u015fletiyor"},"content":{"rendered":"<p><\/p>\n<div>\n<p>&#13;<br \/>\n\tFilistin&#8217;in <a href=\"https:\/\/www.trthaber.com\/etiket\/birlesmis-milletler\/\" target=\"_blank\" rel=\"noopener\">Birle\u015fmi\u015f Milletler<\/a> (BM) \u00fcyeli\u011finin Birle\u015fmi\u015f Milletler G\u00fcvenlik Konseyi&#8217;nde (BMGK) tekrar g\u00f6r\u00fc\u015f\u00fclmesi ve Filistin&#8217;e baz\u0131 ilave haklar tan\u0131nmas\u0131n\u0131 talep eden, yap\u0131lan oylama neticesinde kabul edilen karar tasar\u0131s\u0131, g\u00f6zlemci stat\u00fcs\u00fcndeki Filistin&#8217;e ilave haklar tan\u0131nmas\u0131n\u0131 sa\u011fl\u0131yor.<\/p>\n<p>&#13;<br \/>\n\tKarar ekinde Filistin i\u00e7in talep edilen d\u00fczenlemelerin baz\u0131lar\u0131, &#8220;alfabetik s\u0131raya g\u00f6re \u00fcye \u00fclkeler aras\u0131nda oturma, Filistin ve Orta Do\u011fu konular\u0131 d\u0131\u015f\u0131nda d\u00fczenlenen oturumlarda konu\u015fmac\u0131 olma, grup ad\u0131na a\u00e7\u0131klama yapma, teklif ve de\u011fi\u015fiklik sunma, teklifleri oylamaya a\u00e7ma, BM Genel Kurulu&#8217;nun komitelerine Filistin heyetinden \u00fcyelerin se\u00e7ilmesi, BM konferanslar\u0131 ve uluslararas\u0131 toplant\u0131lara etkin kat\u0131lma hakk\u0131&#8221; olarak s\u0131ralan\u0131yor.<\/p>\n<p>&#13;<br \/>\n\t\u00d6te yandan Filistin devleti, g\u00f6zlemci \u00fcye olarak Genel Kurul oylamalar\u0131na kat\u0131lamayacak ve BM organlar\u0131nda aday g\u00f6steremeyecek.<\/p>\n<p>&#13;<br \/>\n\tFilistin&#8217;in BM&#8217;ye tam \u00fcyelik ve daha fazla devlet taraf\u0131ndan tan\u0131nmaya y\u00f6nelik \u00e7abalar\u0131 da devam ediyor.<\/p>\n<p>&#13;<br \/>\n\tBir \u00fclkenin BM&#8217;ye tam \u00fcye olmas\u0131yla di\u011fer devletler taraf\u0131ndan tan\u0131nmas\u0131 ise farkl\u0131 anlamlara geliyor. BM&#8217;ye \u00fcye olan bir devleti di\u011ferlerinin tan\u0131ma zorunlulu\u011fu olmamas\u0131 gibi, di\u011fer devletler taraf\u0131ndan tan\u0131nan bir devletin BM \u00fcyesi olmamas\u0131 da s\u00f6z konusu olabiliyor.<\/p>\n<p>&#13;<br \/>\n\tBu duruma <a href=\"https:\/\/www.trthaber.com\/etiket\/isvicre\/\" target=\"_blank\" rel=\"noopener\">\u0130svi\u00e7re<\/a> \u00f6rnek g\u00f6steriliyor. \u0130svi\u00e7re, bir\u00e7ok devlet taraf\u0131ndan daha \u00f6nceden tan\u0131nmas\u0131na ra\u011fmen BM&#8217;ye 2002&#8217;de \u00fcye olmu\u015ftu.<\/p>\n<p>&#13;<br \/>\n\tHalihaz\u0131rda BM \u00fcyesi 193 \u00fclkeden 139&#8217;u Filistin&#8217;i devlet olarak tan\u0131yor.<\/p>\n<h2>&#13;<br \/>\n\tBM Genel Kurulu&#8217;nda yap\u0131lan son oylama<\/h2>\n<p>&#13;<br \/>\n\tT\u00fcrkiye&#8217;nin yan\u0131 s\u0131ra 80&#8217;e yak\u0131n \u00fclkenin ortak sunucusu oldu\u011fu, Filistin&#8217;in BM \u00fcyeli\u011finin BM G\u00fcvenlik Konseyi&#8217;nde (BMGK) tekrar g\u00f6r\u00fc\u015f\u00fclmesi ve g\u00f6zlemci stat\u00fcs\u00fcnde olan Filistin&#8217;e baz\u0131 ilave haklar tan\u0131nmas\u0131n\u0131 talep eden karar tasar\u0131s\u0131, BM Genel Kurulu&#8217;nda d\u00fczenlenen acil oturumda yap\u0131lan oylamayla kabul edilmi\u015fti.<\/p>\n<p>&#13;<br \/>\n\t193 \u00fcyeli BM Genel Kurulu&#8217;nda 143 \u00fcye &#8220;evet&#8221; oyu kullanm\u0131\u015ft\u0131. Tasar\u0131 25 &#8220;\u00e7ekimser&#8221; oy alm\u0131\u015ft\u0131. Aralar\u0131nda ABD, Arjantin, Papua Yeni Gine, <a href=\"https:\/\/www.trthaber.com\/etiket\/cekya\/\" target=\"_blank\" rel=\"noopener\">\u00c7ekya<\/a> ve Macaristan&#8217;\u0131n bulundu\u011fu 9 \u00fclke &#8220;hay\u0131r&#8221; oyu vermi\u015fti.<\/p>\n<\/p><\/div>\n","protected":false},"excerpt":{"rendered":"<p>&#13; Filistin&#8217;in Birle\u015fmi\u015f Milletler (BM) \u00fcyeli\u011finin Birle\u015fmi\u015f Milletler G\u00fcvenlik Konseyi&#8217;nde (BMGK) tekrar g\u00f6r\u00fc\u015f\u00fclmesi ve Filistin&#8217;e baz\u0131 ilave haklar tan\u0131nmas\u0131n\u0131 talep eden, yap\u0131lan oylama neticesinde kabul edilen karar tasar\u0131s\u0131, g\u00f6zlemci stat\u00fcs\u00fcndeki Filistin&#8217;e ilave haklar tan\u0131nmas\u0131n\u0131 sa\u011fl\u0131yor. &#13; Karar ekinde Filistin i\u00e7in talep edilen d\u00fczenlemelerin baz\u0131lar\u0131, &#8220;alfabetik s\u0131raya g\u00f6re \u00fcye \u00fclkeler aras\u0131nda oturma, Filistin ve Orta Do\u011fu [&hellip;]<\/p>\n","protected":false},"author":1,"featured_media":2046,"comment_status":"open","ping_status":"open","sticky":false,"template":"","format":"standard","meta":{"jnews-multi-image_gallery":[],"jnews_single_post":[],"jnews_primary_category":[],"footnotes":""},"categories":[],"tags":[],"class_list":["post-2045","post","type-post","status-publish","format-standard","has-post-thumbnail","hentry"],"yoast_head":"<!-- This site is optimized with the Yoast SEO plugin v27.5 - https:\/\/yoast.com\/product\/yoast-seo-wordpress\/ -->\n<title>BM&#039;de al\u0131nan karar &#039;g\u00f6zlemci&#039; stat\u00fcs\u00fcndeki Filistin&#039;in haklar\u0131n\u0131 geni\u015fletiyor - Haber Kuzey<\/title>\n<meta name=\"robots\" content=\"index, follow, max-snippet:-1, max-image-preview:large, max-video-preview:-1\" \/>\n<link rel=\"canonical\" href=\"https:\/\/haberkuzey.com\/index.php\/2024\/05\/11\/bmde-alinan-karar-gozlemci-statusundeki-filistinin-haklarini-genisletiyor\/\" \/>\n<meta property=\"og:locale\" content=\"tr_TR\" \/>\n<meta property=\"og:type\" content=\"article\" \/>\n<meta property=\"og:title\" content=\"BM&#039;de al\u0131nan karar &#039;g\u00f6zlemci&#039; stat\u00fcs\u00fcndeki Filistin&#039;in haklar\u0131n\u0131 geni\u015fletiyor - Haber Kuzey\" \/>\n<meta property=\"og:description\" content=\"&#013; Filistin&#8217;in Birle\u015fmi\u015f Milletler (BM) \u00fcyeli\u011finin Birle\u015fmi\u015f Milletler G\u00fcvenlik Konseyi&#8217;nde (BMGK) tekrar g\u00f6r\u00fc\u015f\u00fclmesi ve Filistin&#8217;e baz\u0131 ilave haklar tan\u0131nmas\u0131n\u0131 talep eden, yap\u0131lan oylama neticesinde kabul edilen karar tasar\u0131s\u0131, g\u00f6zlemci stat\u00fcs\u00fcndeki Filistin&#8217;e ilave haklar tan\u0131nmas\u0131n\u0131 sa\u011fl\u0131yor. &#013; Karar ekinde Filistin i\u00e7in talep edilen d\u00fczenlemelerin baz\u0131lar\u0131, &#8220;alfabetik s\u0131raya g\u00f6re \u00fcye \u00fclkeler aras\u0131nda oturma, Filistin ve Orta Do\u011fu [&hellip;]\" \/>\n<meta property=\"og:url\" content=\"https:\/\/haberkuzey.com\/index.php\/2024\/05\/11\/bmde-alinan-karar-gozlemci-statusundeki-filistinin-haklarini-genisletiyor\/\" \/>\n<meta property=\"og:site_name\" content=\"Haber Kuzey\" \/>\n<meta property=\"article:published_time\" content=\"2024-05-10T23:30:53+00:00\" \/>\n<meta property=\"og:image\" content=\"https:\/\/trthaberstatic.cdn.wp.trt.com.tr\/resimler\/1936000\/birlesmis-milletler-reu-1937830.jpg\" \/>\n<meta name=\"author\" content=\"haberkuzey\" \/>\n<meta name=\"twitter:card\" content=\"summary_large_image\" \/>\n<meta name=\"twitter:label1\" content=\"Yazan:\" \/>\n\t<meta name=\"twitter:data1\" content=\"haberkuzey\" \/>\n\t<meta name=\"twitter:label2\" content=\"Tahmini okuma s\u00fcresi\" \/>\n\t<meta name=\"twitter:data2\" content=\"2 dakika\" \/>\n<script type=\"application\/ld+json\" class=\"yoast-schema-graph\">{\"@context\":\"https:\\\/\\\/schema.org\",\"@graph\":[{\"@type\":\"Article\",\"@id\":\"https:\\\/\\\/haberkuzey.com\\\/index.php\\\/2024\\\/05\\\/11\\\/bmde-alinan-karar-gozlemci-statusundeki-filistinin-haklarini-genisletiyor\\\/#article\",\"isPartOf\":{\"@id\":\"https:\\\/\\\/haberkuzey.com\\\/index.php\\\/2024\\\/05\\\/11\\\/bmde-alinan-karar-gozlemci-statusundeki-filistinin-haklarini-genisletiyor\\\/\"},\"author\":{\"name\":\"haberkuzey\",\"@id\":\"https:\\\/\\\/haberkuzey.com\\\/#\\\/schema\\\/person\\\/3372109ec735f9333f4fa47ebb9605ca\"},\"headline\":\"BM&#039;de al\u0131nan karar &#039;g\u00f6zlemci&#039; stat\u00fcs\u00fcndeki Filistin&#039;in haklar\u0131n\u0131 geni\u015fletiyor\",\"datePublished\":\"2024-05-10T23:30:53+00:00\",\"mainEntityOfPage\":{\"@id\":\"https:\\\/\\\/haberkuzey.com\\\/index.php\\\/2024\\\/05\\\/11\\\/bmde-alinan-karar-gozlemci-statusundeki-filistinin-haklarini-genisletiyor\\\/\"},\"wordCount\":381,\"commentCount\":0,\"image\":{\"@id\":\"https:\\\/\\\/haberkuzey.com\\\/index.php\\\/2024\\\/05\\\/11\\\/bmde-alinan-karar-gozlemci-statusundeki-filistinin-haklarini-genisletiyor\\\/#primaryimage\"},\"thumbnailUrl\":\"https:\\\/\\\/haberkuzey.com\\\/wp-content\\\/uploads\\\/2024\\\/05\\\/birlesmis-milletler-reu-1937830.jpg\",\"inLanguage\":\"tr\",\"potentialAction\":[{\"@type\":\"CommentAction\",\"name\":\"Comment\",\"target\":[\"https:\\\/\\\/haberkuzey.com\\\/index.php\\\/2024\\\/05\\\/11\\\/bmde-alinan-karar-gozlemci-statusundeki-filistinin-haklarini-genisletiyor\\\/#respond\"]}]},{\"@type\":\"WebPage\",\"@id\":\"https:\\\/\\\/haberkuzey.com\\\/index.php\\\/2024\\\/05\\\/11\\\/bmde-alinan-karar-gozlemci-statusundeki-filistinin-haklarini-genisletiyor\\\/\",\"url\":\"https:\\\/\\\/haberkuzey.com\\\/index.php\\\/2024\\\/05\\\/11\\\/bmde-alinan-karar-gozlemci-statusundeki-filistinin-haklarini-genisletiyor\\\/\",\"name\":\"BM&#039;de al\u0131nan karar &#039;g\u00f6zlemci&#039; stat\u00fcs\u00fcndeki Filistin&#039;in haklar\u0131n\u0131 geni\u015fletiyor - Haber Kuzey\",\"isPartOf\":{\"@id\":\"https:\\\/\\\/haberkuzey.com\\\/#website\"},\"primaryImageOfPage\":{\"@id\":\"https:\\\/\\\/haberkuzey.com\\\/index.php\\\/2024\\\/05\\\/11\\\/bmde-alinan-karar-gozlemci-statusundeki-filistinin-haklarini-genisletiyor\\\/#primaryimage\"},\"image\":{\"@id\":\"https:\\\/\\\/haberkuzey.com\\\/index.php\\\/2024\\\/05\\\/11\\\/bmde-alinan-karar-gozlemci-statusundeki-filistinin-haklarini-genisletiyor\\\/#primaryimage\"},\"thumbnailUrl\":\"https:\\\/\\\/haberkuzey.com\\\/wp-content\\\/uploads\\\/2024\\\/05\\\/birlesmis-milletler-reu-1937830.jpg\",\"datePublished\":\"2024-05-10T23:30:53+00:00\",\"author\":{\"@id\":\"https:\\\/\\\/haberkuzey.com\\\/#\\\/schema\\\/person\\\/3372109ec735f9333f4fa47ebb9605ca\"},\"breadcrumb\":{\"@id\":\"https:\\\/\\\/haberkuzey.com\\\/index.php\\\/2024\\\/05\\\/11\\\/bmde-alinan-karar-gozlemci-statusundeki-filistinin-haklarini-genisletiyor\\\/#breadcrumb\"},\"inLanguage\":\"tr\",\"potentialAction\":[{\"@type\":\"ReadAction\",\"target\":[\"https:\\\/\\\/haberkuzey.com\\\/index.php\\\/2024\\\/05\\\/11\\\/bmde-alinan-karar-gozlemci-statusundeki-filistinin-haklarini-genisletiyor\\\/\"]}]},{\"@type\":\"ImageObject\",\"inLanguage\":\"tr\",\"@id\":\"https:\\\/\\\/haberkuzey.com\\\/index.php\\\/2024\\\/05\\\/11\\\/bmde-alinan-karar-gozlemci-statusundeki-filistinin-haklarini-genisletiyor\\\/#primaryimage\",\"url\":\"https:\\\/\\\/haberkuzey.com\\\/wp-content\\\/uploads\\\/2024\\\/05\\\/birlesmis-milletler-reu-1937830.jpg\",\"contentUrl\":\"https:\\\/\\\/haberkuzey.com\\\/wp-content\\\/uploads\\\/2024\\\/05\\\/birlesmis-milletler-reu-1937830.jpg\",\"width\":1280,\"height\":720},{\"@type\":\"BreadcrumbList\",\"@id\":\"https:\\\/\\\/haberkuzey.com\\\/index.php\\\/2024\\\/05\\\/11\\\/bmde-alinan-karar-gozlemci-statusundeki-filistinin-haklarini-genisletiyor\\\/#breadcrumb\",\"itemListElement\":[{\"@type\":\"ListItem\",\"position\":1,\"name\":\"Anasayfa\",\"item\":\"https:\\\/\\\/haberkuzey.com\\\/\"},{\"@type\":\"ListItem\",\"position\":2,\"name\":\"BM&#039;de al\u0131nan karar &#039;g\u00f6zlemci&#039; stat\u00fcs\u00fcndeki Filistin&#039;in haklar\u0131n\u0131 geni\u015fletiyor\"}]},{\"@type\":\"WebSite\",\"@id\":\"https:\\\/\\\/haberkuzey.com\\\/#website\",\"url\":\"https:\\\/\\\/haberkuzey.com\\\/\",\"name\":\"Haber Kuzey\",\"description\":\"Do\u011fru Haberin Adresi\",\"potentialAction\":[{\"@type\":\"SearchAction\",\"target\":{\"@type\":\"EntryPoint\",\"urlTemplate\":\"https:\\\/\\\/haberkuzey.com\\\/?s={search_term_string}\"},\"query-input\":{\"@type\":\"PropertyValueSpecification\",\"valueRequired\":true,\"valueName\":\"search_term_string\"}}],\"inLanguage\":\"tr\"},{\"@type\":\"Person\",\"@id\":\"https:\\\/\\\/haberkuzey.com\\\/#\\\/schema\\\/person\\\/3372109ec735f9333f4fa47ebb9605ca\",\"name\":\"haberkuzey\",\"image\":{\"@type\":\"ImageObject\",\"inLanguage\":\"tr\",\"@id\":\"https:\\\/\\\/secure.gravatar.com\\\/avatar\\\/f5fc875574b1575324358c3b9e6a32b8227aa5b74f3fa22e3cadb63e26fcc39c?s=96&d=mm&r=g\",\"url\":\"https:\\\/\\\/secure.gravatar.com\\\/avatar\\\/f5fc875574b1575324358c3b9e6a32b8227aa5b74f3fa22e3cadb63e26fcc39c?s=96&d=mm&r=g\",\"contentUrl\":\"https:\\\/\\\/secure.gravatar.com\\\/avatar\\\/f5fc875574b1575324358c3b9e6a32b8227aa5b74f3fa22e3cadb63e26fcc39c?s=96&d=mm&r=g\",\"caption\":\"haberkuzey\"},\"sameAs\":[\"https:\\\/\\\/haberkuzey.com\"],\"url\":\"https:\\\/\\\/haberkuzey.com\\\/index.php\\\/author\\\/haberkuzey\\\/\"}]}<\/script>\n<!-- \/ Yoast SEO plugin. -->","yoast_head_json":{"title":"BM&#039;de al\u0131nan karar &#039;g\u00f6zlemci&#039; stat\u00fcs\u00fcndeki Filistin&#039;in haklar\u0131n\u0131 geni\u015fletiyor - Haber Kuzey","robots":{"index":"index","follow":"follow","max-snippet":"max-snippet:-1","max-image-preview":"max-image-preview:large","max-video-preview":"max-video-preview:-1"},"canonical":"https:\/\/haberkuzey.com\/index.php\/2024\/05\/11\/bmde-alinan-karar-gozlemci-statusundeki-filistinin-haklarini-genisletiyor\/","og_locale":"tr_TR","og_type":"article","og_title":"BM&#039;de al\u0131nan karar &#039;g\u00f6zlemci&#039; stat\u00fcs\u00fcndeki Filistin&#039;in haklar\u0131n\u0131 geni\u015fletiyor - Haber Kuzey","og_description":"&#13; Filistin&#8217;in Birle\u015fmi\u015f Milletler (BM) \u00fcyeli\u011finin Birle\u015fmi\u015f Milletler G\u00fcvenlik Konseyi&#8217;nde (BMGK) tekrar g\u00f6r\u00fc\u015f\u00fclmesi ve Filistin&#8217;e baz\u0131 ilave haklar tan\u0131nmas\u0131n\u0131 talep eden, yap\u0131lan oylama neticesinde kabul edilen karar tasar\u0131s\u0131, g\u00f6zlemci stat\u00fcs\u00fcndeki Filistin&#8217;e ilave haklar tan\u0131nmas\u0131n\u0131 sa\u011fl\u0131yor. &#13; Karar ekinde Filistin i\u00e7in talep edilen d\u00fczenlemelerin baz\u0131lar\u0131, &#8220;alfabetik s\u0131raya g\u00f6re \u00fcye \u00fclkeler aras\u0131nda oturma, Filistin ve Orta Do\u011fu [&hellip;]","og_url":"https:\/\/haberkuzey.com\/index.php\/2024\/05\/11\/bmde-alinan-karar-gozlemci-statusundeki-filistinin-haklarini-genisletiyor\/","og_site_name":"Haber Kuzey","article_published_time":"2024-05-10T23:30:53+00:00","og_image":[{"url":"https:\/\/trthaberstatic.cdn.wp.trt.com.tr\/resimler\/1936000\/birlesmis-milletler-reu-1937830.jpg","type":"","width":"","height":""}],"author":"haberkuzey","twitter_card":"summary_large_image","twitter_misc":{"Yazan:":"haberkuzey","Tahmini okuma s\u00fcresi":"2 dakika"},"schema":{"@context":"https:\/\/schema.org","@graph":[{"@type":"Article","@id":"https:\/\/haberkuzey.com\/index.php\/2024\/05\/11\/bmde-alinan-karar-gozlemci-statusundeki-filistinin-haklarini-genisletiyor\/#article","isPartOf":{"@id":"https:\/\/haberkuzey.com\/index.php\/2024\/05\/11\/bmde-alinan-karar-gozlemci-statusundeki-filistinin-haklarini-genisletiyor\/"},"author":{"name":"haberkuzey","@id":"https:\/\/haberkuzey.com\/#\/schema\/person\/3372109ec735f9333f4fa47ebb9605ca"},"headline":"BM&#039;de al\u0131nan karar &#039;g\u00f6zlemci&#039; stat\u00fcs\u00fcndeki Filistin&#039;in haklar\u0131n\u0131 geni\u015fletiyor","datePublished":"2024-05-10T23:30:53+00:00","mainEntityOfPage":{"@id":"https:\/\/haberkuzey.com\/index.php\/2024\/05\/11\/bmde-alinan-karar-gozlemci-statusundeki-filistinin-haklarini-genisletiyor\/"},"wordCount":381,"commentCount":0,"image":{"@id":"https:\/\/haberkuzey.com\/index.php\/2024\/05\/11\/bmde-alinan-karar-gozlemci-statusundeki-filistinin-haklarini-genisletiyor\/#primaryimage"},"thumbnailUrl":"https:\/\/haberkuzey.com\/wp-content\/uploads\/2024\/05\/birlesmis-milletler-reu-1937830.jpg","inLanguage":"tr","potentialAction":[{"@type":"CommentAction","name":"Comment","target":["https:\/\/haberkuzey.com\/index.php\/2024\/05\/11\/bmde-alinan-karar-gozlemci-statusundeki-filistinin-haklarini-genisletiyor\/#respond"]}]},{"@type":"WebPage","@id":"https:\/\/haberkuzey.com\/index.php\/2024\/05\/11\/bmde-alinan-karar-gozlemci-statusundeki-filistinin-haklarini-genisletiyor\/","url":"https:\/\/haberkuzey.com\/index.php\/2024\/05\/11\/bmde-alinan-karar-gozlemci-statusundeki-filistinin-haklarini-genisletiyor\/","name":"BM&#039;de al\u0131nan karar &#039;g\u00f6zlemci&#039; stat\u00fcs\u00fcndeki Filistin&#039;in haklar\u0131n\u0131 geni\u015fletiyor - Haber Kuzey","isPartOf":{"@id":"https:\/\/haberkuzey.com\/#website"},"primaryImageOfPage":{"@id":"https:\/\/haberkuzey.com\/index.php\/2024\/05\/11\/bmde-alinan-karar-gozlemci-statusundeki-filistinin-haklarini-genisletiyor\/#primaryimage"},"image":{"@id":"https:\/\/haberkuzey.com\/index.php\/2024\/05\/11\/bmde-alinan-karar-gozlemci-statusundeki-filistinin-haklarini-genisletiyor\/#primaryimage"},"thumbnailUrl":"https:\/\/haberkuzey.com\/wp-content\/uploads\/2024\/05\/birlesmis-milletler-reu-1937830.jpg","datePublished":"2024-05-10T23:30:53+00:00","author":{"@id":"https:\/\/haberkuzey.com\/#\/schema\/person\/3372109ec735f9333f4fa47ebb9605ca"},"breadcrumb":{"@id":"https:\/\/haberkuzey.com\/index.php\/2024\/05\/11\/bmde-alinan-karar-gozlemci-statusundeki-filistinin-haklarini-genisletiyor\/#breadcrumb"},"inLanguage":"tr","potentialAction":[{"@type":"ReadAction","target":["https:\/\/haberkuzey.com\/index.php\/2024\/05\/11\/bmde-alinan-karar-gozlemci-statusundeki-filistinin-haklarini-genisletiyor\/"]}]},{"@type":"ImageObject","inLanguage":"tr","@id":"https:\/\/haberkuzey.com\/index.php\/2024\/05\/11\/bmde-alinan-karar-gozlemci-statusundeki-filistinin-haklarini-genisletiyor\/#primaryimage","url":"https:\/\/haberkuzey.com\/wp-content\/uploads\/2024\/05\/birlesmis-milletler-reu-1937830.jpg","contentUrl":"https:\/\/haberkuzey.com\/wp-content\/uploads\/2024\/05\/birlesmis-milletler-reu-1937830.jpg","width":1280,"height":720},{"@type":"BreadcrumbList","@id":"https:\/\/haberkuzey.com\/index.php\/2024\/05\/11\/bmde-alinan-karar-gozlemci-statusundeki-filistinin-haklarini-genisletiyor\/#breadcrumb","itemListElement":[{"@type":"ListItem","position":1,"name":"Anasayfa","item":"https:\/\/haberkuzey.com\/"},{"@type":"ListItem","position":2,"name":"BM&#039;de al\u0131nan karar &#039;g\u00f6zlemci&#039; stat\u00fcs\u00fcndeki Filistin&#039;in haklar\u0131n\u0131 geni\u015fletiyor"}]},{"@type":"WebSite","@id":"https:\/\/haberkuzey.com\/#website","url":"https:\/\/haberkuzey.com\/","name":"Haber Kuzey","description":"Do\u011fru Haberin Adresi","potentialAction":[{"@type":"SearchAction","target":{"@type":"EntryPoint","urlTemplate":"https:\/\/haberkuzey.com\/?s={search_term_string}"},"query-input":{"@type":"PropertyValueSpecification","valueRequired":true,"valueName":"search_term_string"}}],"inLanguage":"tr"},{"@type":"Person","@id":"https:\/\/haberkuzey.com\/#\/schema\/person\/3372109ec735f9333f4fa47ebb9605ca","name":"haberkuzey","image":{"@type":"ImageObject","inLanguage":"tr","@id":"https:\/\/secure.gravatar.com\/avatar\/f5fc875574b1575324358c3b9e6a32b8227aa5b74f3fa22e3cadb63e26fcc39c?s=96&d=mm&r=g","url":"https:\/\/secure.gravatar.com\/avatar\/f5fc875574b1575324358c3b9e6a32b8227aa5b74f3fa22e3cadb63e26fcc39c?s=96&d=mm&r=g","contentUrl":"https:\/\/secure.gravatar.com\/avatar\/f5fc875574b1575324358c3b9e6a32b8227aa5b74f3fa22e3cadb63e26fcc39c?s=96&d=mm&r=g","caption":"haberkuzey"},"sameAs":["https:\/\/haberkuzey.com"],"url":"https:\/\/haberkuzey.com\/index.php\/author\/haberkuzey\/"}]}},"_links":{"self":[{"href":"https:\/\/haberkuzey.com\/index.php\/wp-json\/wp\/v2\/posts\/2045","targetHints":{"allow":["GET"]}}],"collection":[{"href":"https:\/\/haberkuzey.com\/index.php\/wp-json\/wp\/v2\/posts"}],"about":[{"href":"https:\/\/haberkuzey.com\/index.php\/wp-json\/wp\/v2\/types\/post"}],"author":[{"embeddable":true,"href":"https:\/\/haberkuzey.com\/index.php\/wp-json\/wp\/v2\/users\/1"}],"replies":[{"embeddable":true,"href":"https:\/\/haberkuzey.com\/index.php\/wp-json\/wp\/v2\/comments?post=2045"}],"version-history":[{"count":0,"href":"https:\/\/haberkuzey.com\/index.php\/wp-json\/wp\/v2\/posts\/2045\/revisions"}],"wp:featuredmedia":[{"embeddable":true,"href":"https:\/\/haberkuzey.com\/index.php\/wp-json\/wp\/v2\/media\/2046"}],"wp:attachment":[{"href":"https:\/\/haberkuzey.com\/index.php\/wp-json\/wp\/v2\/media?parent=2045"}],"wp:term":[{"taxonomy":"category","embeddable":true,"href":"https:\/\/haberkuzey.com\/index.php\/wp-json\/wp\/v2\/categories?post=2045"},{"taxonomy":"post_tag","embeddable":true,"href":"https:\/\/haberkuzey.com\/index.php\/wp-json\/wp\/v2\/tags?post=2045"}],"curies":[{"name":"wp","href":"https:\/\/api.w.org\/{rel}","templated":true}]}}