{"id":20440,"date":"2025-03-21T21:35:44","date_gmt":"2025-03-21T19:35:44","guid":{"rendered":"https:\/\/haberkuzey.com\/index.php\/2025\/03\/21\/cumhuriyet-halk-partisi-olaganustu-kurultaya-gidiyor\/"},"modified":"2025-03-21T21:35:44","modified_gmt":"2025-03-21T19:35:44","slug":"cumhuriyet-halk-partisi-olaganustu-kurultaya-gidiyor","status":"publish","type":"post","link":"https:\/\/haberkuzey.com\/index.php\/2025\/03\/21\/cumhuriyet-halk-partisi-olaganustu-kurultaya-gidiyor\/","title":{"rendered":"Cumhuriyet Halk Partisi ola\u011fan\u00fcst\u00fc kurultaya gidiyor"},"content":{"rendered":"<div>\n<div class=\"mariselle-image-container center\">\n                                            <\/div>\n<p>\nCumhuriyet Halk Partisi Genel Ba\u015fkan\u0131 \u00d6zg\u00fcr \u00d6zel, parti t\u00fcz\u00fc\u011f\u00fcndeki yetkiyi kullanarak ola\u011fan\u00fcst\u00fc kurultay\u0131 toplama karar\u0131 ald\u0131.<\/p>\n<p> \tBuna g\u00f6re CHP Kurultay\u0131 6 Nisan\u2019da toplanacak.<\/p>\n<p> \tCHP lideri \u00d6zel, bu karar\u0131 olas\u0131 bir kayyum atamas\u0131na \u00f6nlem olarak ald\u0131klar\u0131n\u0131 anlatt\u0131.<\/p>\n<p> \t\u00d6zel, \u201cT\u00fcz\u00fc\u011f\u00fcm\u00fcz\u00fcn 48\u2019nci maddesinin alt\u0131nc\u0131 fikresi gere\u011fince, 15 g\u00fcn sonras\u0131na ola\u011fan\u00fcst\u00fc kurultay karar\u0131 ald\u0131\u011f\u0131m\u0131z\u0131, partiyi ola\u011fan\u00fcst\u00fc kurultaya g\u00f6t\u00fcrmek suretiyle kayy\u0131m giri\u015fimlerinin \u00f6n\u00fcn\u00fc kesti\u011fimizi t\u00fcm T\u00fcrkiye\u2019ye ilan ederiz\u201d dedi.<\/p>\n<p> \tKurultay\u0131n 6 Nisan g\u00fcn\u00fc yap\u0131laca\u011f\u0131n\u0131 s\u00f6yleyen \u00d6zel, \u201cHer birinin ki\u015fisel namuslar\u0131na ayr\u0131 ayr\u0131 kefil oldu\u011fum CHP\u2019nin delegeleri kurultay sand\u0131\u011f\u0131n\u0131n ba\u015f\u0131na ge\u00e7ip, bir ki\u015fiyi cumhurba\u015fkan\u0131 yapmamak i\u00e7in, Atat\u00fcrk\u2019\u00fcn kurdu\u011fu partiye kayy\u0131m atamaya bile kalk\u0131\u015fanlara inat o sand\u0131\u011f\u0131n ba\u015f\u0131nda iradelerini tazeleyeceklerdir\u201d dedi.<\/p>\n<\/p><\/div>\n<p><script async\n                    defer\n                    crossorigin=\"anonymous\"\n                    src=\"https:\/\/connect.facebook.net\/tr_TR\/sdk.js#xfbml=1&#038;version=v3.3\"\n            ><\/script><\/p>\n","protected":false},"excerpt":{"rendered":"<p>Cumhuriyet Halk Partisi Genel Ba\u015fkan\u0131 \u00d6zg\u00fcr \u00d6zel, parti t\u00fcz\u00fc\u011f\u00fcndeki yetkiyi kullanarak ola\u011fan\u00fcst\u00fc kurultay\u0131 toplama karar\u0131 ald\u0131. Buna g\u00f6re CHP Kurultay\u0131 6 Nisan\u2019da toplanacak. CHP lideri \u00d6zel, bu karar\u0131 olas\u0131 bir kayyum atamas\u0131na \u00f6nlem olarak ald\u0131klar\u0131n\u0131 anlatt\u0131. \u00d6zel, \u201cT\u00fcz\u00fc\u011f\u00fcm\u00fcz\u00fcn 48\u2019nci maddesinin alt\u0131nc\u0131 fikresi gere\u011fince, 15 g\u00fcn sonras\u0131na ola\u011fan\u00fcst\u00fc kurultay karar\u0131 ald\u0131\u011f\u0131m\u0131z\u0131, partiyi ola\u011fan\u00fcst\u00fc kurultaya g\u00f6t\u00fcrmek suretiyle [&hellip;]<\/p>\n","protected":false},"author":1,"featured_media":20441,"comment_status":"open","ping_status":"open","sticky":false,"template":"","format":"standard","meta":{"jnews-multi-image_gallery":[],"jnews_single_post":[],"jnews_primary_category":[],"footnotes":""},"categories":[2],"tags":[],"class_list":["post-20440","post","type-post","status-publish","format-standard","has-post-thumbnail","hentry","category-dunya"],"yoast_head":"<!-- This site is optimized with the Yoast SEO plugin v27.5 - https:\/\/yoast.com\/product\/yoast-seo-wordpress\/ -->\n<title>Cumhuriyet Halk Partisi ola\u011fan\u00fcst\u00fc kurultaya gidiyor - Haber Kuzey<\/title>\n<meta name=\"robots\" content=\"index, follow, max-snippet:-1, max-image-preview:large, max-video-preview:-1\" \/>\n<link rel=\"canonical\" href=\"https:\/\/haberkuzey.com\/index.php\/2025\/03\/21\/cumhuriyet-halk-partisi-olaganustu-kurultaya-gidiyor\/\" \/>\n<meta property=\"og:locale\" content=\"tr_TR\" \/>\n<meta property=\"og:type\" content=\"article\" \/>\n<meta property=\"og:title\" content=\"Cumhuriyet Halk Partisi ola\u011fan\u00fcst\u00fc kurultaya gidiyor - Haber Kuzey\" \/>\n<meta property=\"og:description\" content=\"Cumhuriyet Halk Partisi Genel Ba\u015fkan\u0131 \u00d6zg\u00fcr \u00d6zel, parti t\u00fcz\u00fc\u011f\u00fcndeki yetkiyi kullanarak ola\u011fan\u00fcst\u00fc kurultay\u0131 toplama karar\u0131 ald\u0131. Buna g\u00f6re CHP Kurultay\u0131 6 Nisan\u2019da toplanacak. CHP lideri \u00d6zel, bu karar\u0131 olas\u0131 bir kayyum atamas\u0131na \u00f6nlem olarak ald\u0131klar\u0131n\u0131 anlatt\u0131. \u00d6zel, \u201cT\u00fcz\u00fc\u011f\u00fcm\u00fcz\u00fcn 48\u2019nci maddesinin alt\u0131nc\u0131 fikresi gere\u011fince, 15 g\u00fcn sonras\u0131na ola\u011fan\u00fcst\u00fc kurultay karar\u0131 ald\u0131\u011f\u0131m\u0131z\u0131, partiyi ola\u011fan\u00fcst\u00fc kurultaya g\u00f6t\u00fcrmek suretiyle [&hellip;]\" \/>\n<meta property=\"og:url\" content=\"https:\/\/haberkuzey.com\/index.php\/2025\/03\/21\/cumhuriyet-halk-partisi-olaganustu-kurultaya-gidiyor\/\" \/>\n<meta property=\"og:site_name\" content=\"Haber Kuzey\" \/>\n<meta property=\"article:published_time\" content=\"2025-03-21T19:35:44+00:00\" \/>\n<meta property=\"og:image\" content=\"https:\/\/brtk.net\/wp-content\/uploads\/2025\/03\/21\/chp.webp?ver=e5ee6cba51488376692ad217b78e2f46\" \/>\n<meta name=\"author\" content=\"haberkuzey\" \/>\n<meta name=\"twitter:card\" content=\"summary_large_image\" \/>\n<meta name=\"twitter:label1\" content=\"Yazan:\" \/>\n\t<meta name=\"twitter:data1\" content=\"haberkuzey\" \/>\n\t<meta name=\"twitter:label2\" content=\"Tahmini okuma s\u00fcresi\" \/>\n\t<meta name=\"twitter:data2\" content=\"1 dakika\" \/>\n<script type=\"application\/ld+json\" class=\"yoast-schema-graph\">{\"@context\":\"https:\\\/\\\/schema.org\",\"@graph\":[{\"@type\":\"Article\",\"@id\":\"https:\\\/\\\/haberkuzey.com\\\/index.php\\\/2025\\\/03\\\/21\\\/cumhuriyet-halk-partisi-olaganustu-kurultaya-gidiyor\\\/#article\",\"isPartOf\":{\"@id\":\"https:\\\/\\\/haberkuzey.com\\\/index.php\\\/2025\\\/03\\\/21\\\/cumhuriyet-halk-partisi-olaganustu-kurultaya-gidiyor\\\/\"},\"author\":{\"name\":\"haberkuzey\",\"@id\":\"https:\\\/\\\/haberkuzey.com\\\/#\\\/schema\\\/person\\\/3372109ec735f9333f4fa47ebb9605ca\"},\"headline\":\"Cumhuriyet Halk Partisi ola\u011fan\u00fcst\u00fc kurultaya gidiyor\",\"datePublished\":\"2025-03-21T19:35:44+00:00\",\"mainEntityOfPage\":{\"@id\":\"https:\\\/\\\/haberkuzey.com\\\/index.php\\\/2025\\\/03\\\/21\\\/cumhuriyet-halk-partisi-olaganustu-kurultaya-gidiyor\\\/\"},\"wordCount\":166,\"commentCount\":0,\"image\":{\"@id\":\"https:\\\/\\\/haberkuzey.com\\\/index.php\\\/2025\\\/03\\\/21\\\/cumhuriyet-halk-partisi-olaganustu-kurultaya-gidiyor\\\/#primaryimage\"},\"thumbnailUrl\":\"https:\\\/\\\/haberkuzey.com\\\/wp-content\\\/uploads\\\/2025\\\/03\\\/chp.webp.webp\",\"articleSection\":[\"D\u00fcnya\"],\"inLanguage\":\"tr\",\"potentialAction\":[{\"@type\":\"CommentAction\",\"name\":\"Comment\",\"target\":[\"https:\\\/\\\/haberkuzey.com\\\/index.php\\\/2025\\\/03\\\/21\\\/cumhuriyet-halk-partisi-olaganustu-kurultaya-gidiyor\\\/#respond\"]}]},{\"@type\":\"WebPage\",\"@id\":\"https:\\\/\\\/haberkuzey.com\\\/index.php\\\/2025\\\/03\\\/21\\\/cumhuriyet-halk-partisi-olaganustu-kurultaya-gidiyor\\\/\",\"url\":\"https:\\\/\\\/haberkuzey.com\\\/index.php\\\/2025\\\/03\\\/21\\\/cumhuriyet-halk-partisi-olaganustu-kurultaya-gidiyor\\\/\",\"name\":\"Cumhuriyet Halk Partisi ola\u011fan\u00fcst\u00fc kurultaya gidiyor - Haber Kuzey\",\"isPartOf\":{\"@id\":\"https:\\\/\\\/haberkuzey.com\\\/#website\"},\"primaryImageOfPage\":{\"@id\":\"https:\\\/\\\/haberkuzey.com\\\/index.php\\\/2025\\\/03\\\/21\\\/cumhuriyet-halk-partisi-olaganustu-kurultaya-gidiyor\\\/#primaryimage\"},\"image\":{\"@id\":\"https:\\\/\\\/haberkuzey.com\\\/index.php\\\/2025\\\/03\\\/21\\\/cumhuriyet-halk-partisi-olaganustu-kurultaya-gidiyor\\\/#primaryimage\"},\"thumbnailUrl\":\"https:\\\/\\\/haberkuzey.com\\\/wp-content\\\/uploads\\\/2025\\\/03\\\/chp.webp.webp\",\"datePublished\":\"2025-03-21T19:35:44+00:00\",\"author\":{\"@id\":\"https:\\\/\\\/haberkuzey.com\\\/#\\\/schema\\\/person\\\/3372109ec735f9333f4fa47ebb9605ca\"},\"breadcrumb\":{\"@id\":\"https:\\\/\\\/haberkuzey.com\\\/index.php\\\/2025\\\/03\\\/21\\\/cumhuriyet-halk-partisi-olaganustu-kurultaya-gidiyor\\\/#breadcrumb\"},\"inLanguage\":\"tr\",\"potentialAction\":[{\"@type\":\"ReadAction\",\"target\":[\"https:\\\/\\\/haberkuzey.com\\\/index.php\\\/2025\\\/03\\\/21\\\/cumhuriyet-halk-partisi-olaganustu-kurultaya-gidiyor\\\/\"]}]},{\"@type\":\"ImageObject\",\"inLanguage\":\"tr\",\"@id\":\"https:\\\/\\\/haberkuzey.com\\\/index.php\\\/2025\\\/03\\\/21\\\/cumhuriyet-halk-partisi-olaganustu-kurultaya-gidiyor\\\/#primaryimage\",\"url\":\"https:\\\/\\\/haberkuzey.com\\\/wp-content\\\/uploads\\\/2025\\\/03\\\/chp.webp.webp\",\"contentUrl\":\"https:\\\/\\\/haberkuzey.com\\\/wp-content\\\/uploads\\\/2025\\\/03\\\/chp.webp.webp\",\"width\":1280,\"height\":720},{\"@type\":\"BreadcrumbList\",\"@id\":\"https:\\\/\\\/haberkuzey.com\\\/index.php\\\/2025\\\/03\\\/21\\\/cumhuriyet-halk-partisi-olaganustu-kurultaya-gidiyor\\\/#breadcrumb\",\"itemListElement\":[{\"@type\":\"ListItem\",\"position\":1,\"name\":\"Anasayfa\",\"item\":\"https:\\\/\\\/haberkuzey.com\\\/\"},{\"@type\":\"ListItem\",\"position\":2,\"name\":\"Cumhuriyet Halk Partisi ola\u011fan\u00fcst\u00fc kurultaya gidiyor\"}]},{\"@type\":\"WebSite\",\"@id\":\"https:\\\/\\\/haberkuzey.com\\\/#website\",\"url\":\"https:\\\/\\\/haberkuzey.com\\\/\",\"name\":\"Haber Kuzey\",\"description\":\"Do\u011fru Haberin Adresi\",\"potentialAction\":[{\"@type\":\"SearchAction\",\"target\":{\"@type\":\"EntryPoint\",\"urlTemplate\":\"https:\\\/\\\/haberkuzey.com\\\/?s={search_term_string}\"},\"query-input\":{\"@type\":\"PropertyValueSpecification\",\"valueRequired\":true,\"valueName\":\"search_term_string\"}}],\"inLanguage\":\"tr\"},{\"@type\":\"Person\",\"@id\":\"https:\\\/\\\/haberkuzey.com\\\/#\\\/schema\\\/person\\\/3372109ec735f9333f4fa47ebb9605ca\",\"name\":\"haberkuzey\",\"image\":{\"@type\":\"ImageObject\",\"inLanguage\":\"tr\",\"@id\":\"https:\\\/\\\/secure.gravatar.com\\\/avatar\\\/f5fc875574b1575324358c3b9e6a32b8227aa5b74f3fa22e3cadb63e26fcc39c?s=96&d=mm&r=g\",\"url\":\"https:\\\/\\\/secure.gravatar.com\\\/avatar\\\/f5fc875574b1575324358c3b9e6a32b8227aa5b74f3fa22e3cadb63e26fcc39c?s=96&d=mm&r=g\",\"contentUrl\":\"https:\\\/\\\/secure.gravatar.com\\\/avatar\\\/f5fc875574b1575324358c3b9e6a32b8227aa5b74f3fa22e3cadb63e26fcc39c?s=96&d=mm&r=g\",\"caption\":\"haberkuzey\"},\"sameAs\":[\"https:\\\/\\\/haberkuzey.com\"],\"url\":\"https:\\\/\\\/haberkuzey.com\\\/index.php\\\/author\\\/haberkuzey\\\/\"}]}<\/script>\n<!-- \/ Yoast SEO plugin. -->","yoast_head_json":{"title":"Cumhuriyet Halk Partisi ola\u011fan\u00fcst\u00fc kurultaya gidiyor - Haber Kuzey","robots":{"index":"index","follow":"follow","max-snippet":"max-snippet:-1","max-image-preview":"max-image-preview:large","max-video-preview":"max-video-preview:-1"},"canonical":"https:\/\/haberkuzey.com\/index.php\/2025\/03\/21\/cumhuriyet-halk-partisi-olaganustu-kurultaya-gidiyor\/","og_locale":"tr_TR","og_type":"article","og_title":"Cumhuriyet Halk Partisi ola\u011fan\u00fcst\u00fc kurultaya gidiyor - Haber Kuzey","og_description":"Cumhuriyet Halk Partisi Genel Ba\u015fkan\u0131 \u00d6zg\u00fcr \u00d6zel, parti t\u00fcz\u00fc\u011f\u00fcndeki yetkiyi kullanarak ola\u011fan\u00fcst\u00fc kurultay\u0131 toplama karar\u0131 ald\u0131. Buna g\u00f6re CHP Kurultay\u0131 6 Nisan\u2019da toplanacak. CHP lideri \u00d6zel, bu karar\u0131 olas\u0131 bir kayyum atamas\u0131na \u00f6nlem olarak ald\u0131klar\u0131n\u0131 anlatt\u0131. \u00d6zel, \u201cT\u00fcz\u00fc\u011f\u00fcm\u00fcz\u00fcn 48\u2019nci maddesinin alt\u0131nc\u0131 fikresi gere\u011fince, 15 g\u00fcn sonras\u0131na ola\u011fan\u00fcst\u00fc kurultay karar\u0131 ald\u0131\u011f\u0131m\u0131z\u0131, partiyi ola\u011fan\u00fcst\u00fc kurultaya g\u00f6t\u00fcrmek suretiyle [&hellip;]","og_url":"https:\/\/haberkuzey.com\/index.php\/2025\/03\/21\/cumhuriyet-halk-partisi-olaganustu-kurultaya-gidiyor\/","og_site_name":"Haber Kuzey","article_published_time":"2025-03-21T19:35:44+00:00","og_image":[{"url":"https:\/\/brtk.net\/wp-content\/uploads\/2025\/03\/21\/chp.webp?ver=e5ee6cba51488376692ad217b78e2f46","type":"","width":"","height":""}],"author":"haberkuzey","twitter_card":"summary_large_image","twitter_misc":{"Yazan:":"haberkuzey","Tahmini okuma s\u00fcresi":"1 dakika"},"schema":{"@context":"https:\/\/schema.org","@graph":[{"@type":"Article","@id":"https:\/\/haberkuzey.com\/index.php\/2025\/03\/21\/cumhuriyet-halk-partisi-olaganustu-kurultaya-gidiyor\/#article","isPartOf":{"@id":"https:\/\/haberkuzey.com\/index.php\/2025\/03\/21\/cumhuriyet-halk-partisi-olaganustu-kurultaya-gidiyor\/"},"author":{"name":"haberkuzey","@id":"https:\/\/haberkuzey.com\/#\/schema\/person\/3372109ec735f9333f4fa47ebb9605ca"},"headline":"Cumhuriyet Halk Partisi ola\u011fan\u00fcst\u00fc kurultaya gidiyor","datePublished":"2025-03-21T19:35:44+00:00","mainEntityOfPage":{"@id":"https:\/\/haberkuzey.com\/index.php\/2025\/03\/21\/cumhuriyet-halk-partisi-olaganustu-kurultaya-gidiyor\/"},"wordCount":166,"commentCount":0,"image":{"@id":"https:\/\/haberkuzey.com\/index.php\/2025\/03\/21\/cumhuriyet-halk-partisi-olaganustu-kurultaya-gidiyor\/#primaryimage"},"thumbnailUrl":"https:\/\/haberkuzey.com\/wp-content\/uploads\/2025\/03\/chp.webp.webp","articleSection":["D\u00fcnya"],"inLanguage":"tr","potentialAction":[{"@type":"CommentAction","name":"Comment","target":["https:\/\/haberkuzey.com\/index.php\/2025\/03\/21\/cumhuriyet-halk-partisi-olaganustu-kurultaya-gidiyor\/#respond"]}]},{"@type":"WebPage","@id":"https:\/\/haberkuzey.com\/index.php\/2025\/03\/21\/cumhuriyet-halk-partisi-olaganustu-kurultaya-gidiyor\/","url":"https:\/\/haberkuzey.com\/index.php\/2025\/03\/21\/cumhuriyet-halk-partisi-olaganustu-kurultaya-gidiyor\/","name":"Cumhuriyet Halk Partisi ola\u011fan\u00fcst\u00fc kurultaya gidiyor - Haber Kuzey","isPartOf":{"@id":"https:\/\/haberkuzey.com\/#website"},"primaryImageOfPage":{"@id":"https:\/\/haberkuzey.com\/index.php\/2025\/03\/21\/cumhuriyet-halk-partisi-olaganustu-kurultaya-gidiyor\/#primaryimage"},"image":{"@id":"https:\/\/haberkuzey.com\/index.php\/2025\/03\/21\/cumhuriyet-halk-partisi-olaganustu-kurultaya-gidiyor\/#primaryimage"},"thumbnailUrl":"https:\/\/haberkuzey.com\/wp-content\/uploads\/2025\/03\/chp.webp.webp","datePublished":"2025-03-21T19:35:44+00:00","author":{"@id":"https:\/\/haberkuzey.com\/#\/schema\/person\/3372109ec735f9333f4fa47ebb9605ca"},"breadcrumb":{"@id":"https:\/\/haberkuzey.com\/index.php\/2025\/03\/21\/cumhuriyet-halk-partisi-olaganustu-kurultaya-gidiyor\/#breadcrumb"},"inLanguage":"tr","potentialAction":[{"@type":"ReadAction","target":["https:\/\/haberkuzey.com\/index.php\/2025\/03\/21\/cumhuriyet-halk-partisi-olaganustu-kurultaya-gidiyor\/"]}]},{"@type":"ImageObject","inLanguage":"tr","@id":"https:\/\/haberkuzey.com\/index.php\/2025\/03\/21\/cumhuriyet-halk-partisi-olaganustu-kurultaya-gidiyor\/#primaryimage","url":"https:\/\/haberkuzey.com\/wp-content\/uploads\/2025\/03\/chp.webp.webp","contentUrl":"https:\/\/haberkuzey.com\/wp-content\/uploads\/2025\/03\/chp.webp.webp","width":1280,"height":720},{"@type":"BreadcrumbList","@id":"https:\/\/haberkuzey.com\/index.php\/2025\/03\/21\/cumhuriyet-halk-partisi-olaganustu-kurultaya-gidiyor\/#breadcrumb","itemListElement":[{"@type":"ListItem","position":1,"name":"Anasayfa","item":"https:\/\/haberkuzey.com\/"},{"@type":"ListItem","position":2,"name":"Cumhuriyet Halk Partisi ola\u011fan\u00fcst\u00fc kurultaya gidiyor"}]},{"@type":"WebSite","@id":"https:\/\/haberkuzey.com\/#website","url":"https:\/\/haberkuzey.com\/","name":"Haber Kuzey","description":"Do\u011fru Haberin Adresi","potentialAction":[{"@type":"SearchAction","target":{"@type":"EntryPoint","urlTemplate":"https:\/\/haberkuzey.com\/?s={search_term_string}"},"query-input":{"@type":"PropertyValueSpecification","valueRequired":true,"valueName":"search_term_string"}}],"inLanguage":"tr"},{"@type":"Person","@id":"https:\/\/haberkuzey.com\/#\/schema\/person\/3372109ec735f9333f4fa47ebb9605ca","name":"haberkuzey","image":{"@type":"ImageObject","inLanguage":"tr","@id":"https:\/\/secure.gravatar.com\/avatar\/f5fc875574b1575324358c3b9e6a32b8227aa5b74f3fa22e3cadb63e26fcc39c?s=96&d=mm&r=g","url":"https:\/\/secure.gravatar.com\/avatar\/f5fc875574b1575324358c3b9e6a32b8227aa5b74f3fa22e3cadb63e26fcc39c?s=96&d=mm&r=g","contentUrl":"https:\/\/secure.gravatar.com\/avatar\/f5fc875574b1575324358c3b9e6a32b8227aa5b74f3fa22e3cadb63e26fcc39c?s=96&d=mm&r=g","caption":"haberkuzey"},"sameAs":["https:\/\/haberkuzey.com"],"url":"https:\/\/haberkuzey.com\/index.php\/author\/haberkuzey\/"}]}},"_links":{"self":[{"href":"https:\/\/haberkuzey.com\/index.php\/wp-json\/wp\/v2\/posts\/20440","targetHints":{"allow":["GET"]}}],"collection":[{"href":"https:\/\/haberkuzey.com\/index.php\/wp-json\/wp\/v2\/posts"}],"about":[{"href":"https:\/\/haberkuzey.com\/index.php\/wp-json\/wp\/v2\/types\/post"}],"author":[{"embeddable":true,"href":"https:\/\/haberkuzey.com\/index.php\/wp-json\/wp\/v2\/users\/1"}],"replies":[{"embeddable":true,"href":"https:\/\/haberkuzey.com\/index.php\/wp-json\/wp\/v2\/comments?post=20440"}],"version-history":[{"count":0,"href":"https:\/\/haberkuzey.com\/index.php\/wp-json\/wp\/v2\/posts\/20440\/revisions"}],"wp:featuredmedia":[{"embeddable":true,"href":"https:\/\/haberkuzey.com\/index.php\/wp-json\/wp\/v2\/media\/20441"}],"wp:attachment":[{"href":"https:\/\/haberkuzey.com\/index.php\/wp-json\/wp\/v2\/media?parent=20440"}],"wp:term":[{"taxonomy":"category","embeddable":true,"href":"https:\/\/haberkuzey.com\/index.php\/wp-json\/wp\/v2\/categories?post=20440"},{"taxonomy":"post_tag","embeddable":true,"href":"https:\/\/haberkuzey.com\/index.php\/wp-json\/wp\/v2\/tags?post=20440"}],"curies":[{"name":"wp","href":"https:\/\/api.w.org\/{rel}","templated":true}]}}