{"id":20412,"date":"2025-03-21T16:53:36","date_gmt":"2025-03-21T14:53:36","guid":{"rendered":"https:\/\/haberkuzey.com\/index.php\/2025\/03\/21\/2025-yili-iktisadi-ve-mali-isbirligi-anlasmasi-ankarada-yilmaz-ve-ustelin-katilimi-ile-imzalandi\/"},"modified":"2025-03-21T16:53:36","modified_gmt":"2025-03-21T14:53:36","slug":"2025-yili-iktisadi-ve-mali-isbirligi-anlasmasi-ankarada-yilmaz-ve-ustelin-katilimi-ile-imzalandi","status":"publish","type":"post","link":"https:\/\/haberkuzey.com\/index.php\/2025\/03\/21\/2025-yili-iktisadi-ve-mali-isbirligi-anlasmasi-ankarada-yilmaz-ve-ustelin-katilimi-ile-imzalandi\/","title":{"rendered":"2025 Y\u0131l\u0131 \u0130ktisadi Ve Mali \u0130\u015fbirli\u011fi Anla\u015fmas\u0131 Ankara\u2019da Y\u0131lmaz ve \u00dcstel\u2019in kat\u0131l\u0131m\u0131 ile imzaland\u0131"},"content":{"rendered":"<div>\n<div class=\"mariselle-image-container center\">\n                                            <\/div>\n<p>2025 Y\u0131l\u0131 \u0130ktisadi Ve Mali \u0130\u015fbirli\u011fi Anla\u015fmas\u0131 Ankara\u2019da imzaland\u0131. <\/p>\n<p>\tAnla\u015fmayaT\u00fcrkiye Cumhurba\u015fkan\u0131 Yard\u0131mc\u0131s\u0131 Cevdet Y\u0131lmaz ile Ba\u015fbakan \u00dcnal \u00dcstel imza koydu.<\/p>\n<p>\tT\u00fcrkiye Cumhurba\u015fkan\u0131 Yard\u0131mc\u0131s\u0131 Cevdet Y\u0131lmaz, bu anla\u015fma ile KKTC\u2019nin refah\u0131 ve i\u015fbirli\u011finin artaca\u011f\u0131n\u0131 ifade ederek,\u201cKKTC\u2019de g\u00fc\u00e7l\u00fc ekonomi, modern altyap\u0131 ve geli\u015fim i\u00e7in \u00e7al\u0131\u015faca\u011f\u0131z\u201d dedi.<\/p>\n<p>\tY\u0131lmaz, 10 Nisan\u2019da KKTC\u2019ye ziyaret ger\u00e7ekle\u015ftirece\u011fini de a\u00e7\u0131klad\u0131.<\/p>\n<p>\tY\u0131lmaz ayr\u0131ca, iki devletli \u00e7\u00f6z\u00fcme desteklerinin tam oldu\u011funu vurgulad\u0131.<\/p>\n<p>\tAnla\u015fmaya imza koyan Ba\u015fbakan \u00dcstel de, Cenevre\u2019deki gayr\u0131resmi toplant\u0131da e\u015fit egemenli\u011fin tescili \u00e7a\u011fr\u0131 yapt\u0131klar\u0131n\u0131 s\u00f6yleyerek, \u201cOrada yeni bir sayfa a\u00e7\u0131ld\u0131, Bunu da TC\u2019nin dirayeti ve g\u00fcc\u00fc a\u00e7t\u0131\u201d dedi.<\/p>\n<p>\t\u00dcstel, ili\u015fkilerin her alanda daha da g\u00fc\u00e7lenmesi bilinci ile \u00e7al\u0131\u015ft\u0131klar\u0131n\u0131 da ifade ederek, imzalanan bu anla\u015fma ile 21 milyar TL\u2019lik kaynak yarat\u0131ld\u0131\u011f\u0131n\u0131 belirtti.<\/p>\n<div class=\"jeg_video_container jeg_video_content\"><iframe loading=\"lazy\" title=\"2025 Y\u0131l\u0131 \u0130ktisadi Ve Mali \u0130\u015fbirli\u011fi Anla\u015fmas\u0131\" width=\"500\" height=\"281\" src=\"https:\/\/www.youtube.com\/embed\/agKLBURJgzI?feature=oembed\" frameborder=\"0\" allow=\"accelerometer; autoplay; clipboard-write; encrypted-media; gyroscope; picture-in-picture; web-share\" referrerpolicy=\"strict-origin-when-cross-origin\" allowfullscreen><\/iframe><\/div><\/div>\n<p><script async\n                    defer\n                    crossorigin=\"anonymous\"\n                    src=\"https:\/\/connect.facebook.net\/tr_TR\/sdk.js#xfbml=1&#038;version=v3.3\"\n            ><\/script><\/p>\n","protected":false},"excerpt":{"rendered":"<p>2025 Y\u0131l\u0131 \u0130ktisadi Ve Mali \u0130\u015fbirli\u011fi Anla\u015fmas\u0131 Ankara\u2019da imzaland\u0131. Anla\u015fmayaT\u00fcrkiye Cumhurba\u015fkan\u0131 Yard\u0131mc\u0131s\u0131 Cevdet Y\u0131lmaz ile Ba\u015fbakan \u00dcnal \u00dcstel imza koydu. T\u00fcrkiye Cumhurba\u015fkan\u0131 Yard\u0131mc\u0131s\u0131 Cevdet Y\u0131lmaz, bu anla\u015fma ile KKTC\u2019nin refah\u0131 ve i\u015fbirli\u011finin artaca\u011f\u0131n\u0131 ifade ederek,\u201cKKTC\u2019de g\u00fc\u00e7l\u00fc ekonomi, modern altyap\u0131 ve geli\u015fim i\u00e7in \u00e7al\u0131\u015faca\u011f\u0131z\u201d dedi. Y\u0131lmaz, 10 Nisan\u2019da KKTC\u2019ye ziyaret ger\u00e7ekle\u015ftirece\u011fini de a\u00e7\u0131klad\u0131. Y\u0131lmaz ayr\u0131ca, iki [&hellip;]<\/p>\n","protected":false},"author":1,"featured_media":20414,"comment_status":"open","ping_status":"open","sticky":false,"template":"","format":"standard","meta":{"jnews-multi-image_gallery":[],"jnews_single_post":[],"jnews_primary_category":[],"footnotes":""},"categories":[2],"tags":[],"class_list":["post-20412","post","type-post","status-publish","format-standard","has-post-thumbnail","hentry","category-dunya"],"yoast_head":"<!-- This site is optimized with the Yoast SEO plugin v27.5 - https:\/\/yoast.com\/product\/yoast-seo-wordpress\/ -->\n<title>2025 Y\u0131l\u0131 \u0130ktisadi Ve Mali \u0130\u015fbirli\u011fi Anla\u015fmas\u0131 Ankara\u2019da Y\u0131lmaz ve \u00dcstel\u2019in kat\u0131l\u0131m\u0131 ile imzaland\u0131 - Haber Kuzey<\/title>\n<meta name=\"robots\" content=\"index, follow, max-snippet:-1, max-image-preview:large, max-video-preview:-1\" \/>\n<link rel=\"canonical\" href=\"https:\/\/haberkuzey.com\/index.php\/2025\/03\/21\/2025-yili-iktisadi-ve-mali-isbirligi-anlasmasi-ankarada-yilmaz-ve-ustelin-katilimi-ile-imzalandi\/\" \/>\n<meta property=\"og:locale\" content=\"tr_TR\" \/>\n<meta property=\"og:type\" content=\"article\" \/>\n<meta property=\"og:title\" content=\"2025 Y\u0131l\u0131 \u0130ktisadi Ve Mali \u0130\u015fbirli\u011fi Anla\u015fmas\u0131 Ankara\u2019da Y\u0131lmaz ve \u00dcstel\u2019in kat\u0131l\u0131m\u0131 ile imzaland\u0131 - Haber Kuzey\" \/>\n<meta property=\"og:description\" content=\"2025 Y\u0131l\u0131 \u0130ktisadi Ve Mali \u0130\u015fbirli\u011fi Anla\u015fmas\u0131 Ankara\u2019da imzaland\u0131. Anla\u015fmayaT\u00fcrkiye Cumhurba\u015fkan\u0131 Yard\u0131mc\u0131s\u0131 Cevdet Y\u0131lmaz ile Ba\u015fbakan \u00dcnal \u00dcstel imza koydu. T\u00fcrkiye Cumhurba\u015fkan\u0131 Yard\u0131mc\u0131s\u0131 Cevdet Y\u0131lmaz, bu anla\u015fma ile KKTC\u2019nin refah\u0131 ve i\u015fbirli\u011finin artaca\u011f\u0131n\u0131 ifade ederek,\u201cKKTC\u2019de g\u00fc\u00e7l\u00fc ekonomi, modern altyap\u0131 ve geli\u015fim i\u00e7in \u00e7al\u0131\u015faca\u011f\u0131z\u201d dedi. Y\u0131lmaz, 10 Nisan\u2019da KKTC\u2019ye ziyaret ger\u00e7ekle\u015ftirece\u011fini de a\u00e7\u0131klad\u0131. Y\u0131lmaz ayr\u0131ca, iki [&hellip;]\" \/>\n<meta property=\"og:url\" content=\"https:\/\/haberkuzey.com\/index.php\/2025\/03\/21\/2025-yili-iktisadi-ve-mali-isbirligi-anlasmasi-ankarada-yilmaz-ve-ustelin-katilimi-ile-imzalandi\/\" \/>\n<meta property=\"og:site_name\" content=\"Haber Kuzey\" \/>\n<meta property=\"article:published_time\" content=\"2025-03-21T14:53:36+00:00\" \/>\n<meta property=\"og:image\" content=\"https:\/\/brtk.net\/wp-content\/uploads\/2025\/03\/21\/973bb340-b510-4f93-bfbb-1413814b8ca8.jpg?ver=55b6ee3d03973e28236e4816722590c2\" \/>\n<meta name=\"author\" content=\"haberkuzey\" \/>\n<meta name=\"twitter:card\" content=\"summary_large_image\" \/>\n<meta name=\"twitter:label1\" content=\"Yazan:\" \/>\n\t<meta name=\"twitter:data1\" content=\"haberkuzey\" \/>\n\t<meta name=\"twitter:label2\" content=\"Tahmini okuma s\u00fcresi\" \/>\n\t<meta name=\"twitter:data2\" content=\"1 dakika\" \/>\n<script type=\"application\/ld+json\" class=\"yoast-schema-graph\">{\"@context\":\"https:\\\/\\\/schema.org\",\"@graph\":[{\"@type\":\"Article\",\"@id\":\"https:\\\/\\\/haberkuzey.com\\\/index.php\\\/2025\\\/03\\\/21\\\/2025-yili-iktisadi-ve-mali-isbirligi-anlasmasi-ankarada-yilmaz-ve-ustelin-katilimi-ile-imzalandi\\\/#article\",\"isPartOf\":{\"@id\":\"https:\\\/\\\/haberkuzey.com\\\/index.php\\\/2025\\\/03\\\/21\\\/2025-yili-iktisadi-ve-mali-isbirligi-anlasmasi-ankarada-yilmaz-ve-ustelin-katilimi-ile-imzalandi\\\/\"},\"author\":{\"name\":\"haberkuzey\",\"@id\":\"https:\\\/\\\/haberkuzey.com\\\/#\\\/schema\\\/person\\\/3372109ec735f9333f4fa47ebb9605ca\"},\"headline\":\"2025 Y\u0131l\u0131 \u0130ktisadi Ve Mali \u0130\u015fbirli\u011fi Anla\u015fmas\u0131 Ankara\u2019da Y\u0131lmaz ve \u00dcstel\u2019in kat\u0131l\u0131m\u0131 ile imzaland\u0131\",\"datePublished\":\"2025-03-21T14:53:36+00:00\",\"mainEntityOfPage\":{\"@id\":\"https:\\\/\\\/haberkuzey.com\\\/index.php\\\/2025\\\/03\\\/21\\\/2025-yili-iktisadi-ve-mali-isbirligi-anlasmasi-ankarada-yilmaz-ve-ustelin-katilimi-ile-imzalandi\\\/\"},\"wordCount\":202,\"commentCount\":0,\"image\":{\"@id\":\"https:\\\/\\\/haberkuzey.com\\\/index.php\\\/2025\\\/03\\\/21\\\/2025-yili-iktisadi-ve-mali-isbirligi-anlasmasi-ankarada-yilmaz-ve-ustelin-katilimi-ile-imzalandi\\\/#primaryimage\"},\"thumbnailUrl\":\"https:\\\/\\\/haberkuzey.com\\\/wp-content\\\/uploads\\\/2025\\\/03\\\/973bb340-b510-4f93-bfbb-1413814b8ca8.jpg\",\"articleSection\":[\"D\u00fcnya\"],\"inLanguage\":\"tr\",\"potentialAction\":[{\"@type\":\"CommentAction\",\"name\":\"Comment\",\"target\":[\"https:\\\/\\\/haberkuzey.com\\\/index.php\\\/2025\\\/03\\\/21\\\/2025-yili-iktisadi-ve-mali-isbirligi-anlasmasi-ankarada-yilmaz-ve-ustelin-katilimi-ile-imzalandi\\\/#respond\"]}]},{\"@type\":\"WebPage\",\"@id\":\"https:\\\/\\\/haberkuzey.com\\\/index.php\\\/2025\\\/03\\\/21\\\/2025-yili-iktisadi-ve-mali-isbirligi-anlasmasi-ankarada-yilmaz-ve-ustelin-katilimi-ile-imzalandi\\\/\",\"url\":\"https:\\\/\\\/haberkuzey.com\\\/index.php\\\/2025\\\/03\\\/21\\\/2025-yili-iktisadi-ve-mali-isbirligi-anlasmasi-ankarada-yilmaz-ve-ustelin-katilimi-ile-imzalandi\\\/\",\"name\":\"2025 Y\u0131l\u0131 \u0130ktisadi Ve Mali \u0130\u015fbirli\u011fi Anla\u015fmas\u0131 Ankara\u2019da Y\u0131lmaz ve \u00dcstel\u2019in kat\u0131l\u0131m\u0131 ile imzaland\u0131 - Haber Kuzey\",\"isPartOf\":{\"@id\":\"https:\\\/\\\/haberkuzey.com\\\/#website\"},\"primaryImageOfPage\":{\"@id\":\"https:\\\/\\\/haberkuzey.com\\\/index.php\\\/2025\\\/03\\\/21\\\/2025-yili-iktisadi-ve-mali-isbirligi-anlasmasi-ankarada-yilmaz-ve-ustelin-katilimi-ile-imzalandi\\\/#primaryimage\"},\"image\":{\"@id\":\"https:\\\/\\\/haberkuzey.com\\\/index.php\\\/2025\\\/03\\\/21\\\/2025-yili-iktisadi-ve-mali-isbirligi-anlasmasi-ankarada-yilmaz-ve-ustelin-katilimi-ile-imzalandi\\\/#primaryimage\"},\"thumbnailUrl\":\"https:\\\/\\\/haberkuzey.com\\\/wp-content\\\/uploads\\\/2025\\\/03\\\/973bb340-b510-4f93-bfbb-1413814b8ca8.jpg\",\"datePublished\":\"2025-03-21T14:53:36+00:00\",\"author\":{\"@id\":\"https:\\\/\\\/haberkuzey.com\\\/#\\\/schema\\\/person\\\/3372109ec735f9333f4fa47ebb9605ca\"},\"breadcrumb\":{\"@id\":\"https:\\\/\\\/haberkuzey.com\\\/index.php\\\/2025\\\/03\\\/21\\\/2025-yili-iktisadi-ve-mali-isbirligi-anlasmasi-ankarada-yilmaz-ve-ustelin-katilimi-ile-imzalandi\\\/#breadcrumb\"},\"inLanguage\":\"tr\",\"potentialAction\":[{\"@type\":\"ReadAction\",\"target\":[\"https:\\\/\\\/haberkuzey.com\\\/index.php\\\/2025\\\/03\\\/21\\\/2025-yili-iktisadi-ve-mali-isbirligi-anlasmasi-ankarada-yilmaz-ve-ustelin-katilimi-ile-imzalandi\\\/\"]}]},{\"@type\":\"ImageObject\",\"inLanguage\":\"tr\",\"@id\":\"https:\\\/\\\/haberkuzey.com\\\/index.php\\\/2025\\\/03\\\/21\\\/2025-yili-iktisadi-ve-mali-isbirligi-anlasmasi-ankarada-yilmaz-ve-ustelin-katilimi-ile-imzalandi\\\/#primaryimage\",\"url\":\"https:\\\/\\\/haberkuzey.com\\\/wp-content\\\/uploads\\\/2025\\\/03\\\/973bb340-b510-4f93-bfbb-1413814b8ca8.jpg\",\"contentUrl\":\"https:\\\/\\\/haberkuzey.com\\\/wp-content\\\/uploads\\\/2025\\\/03\\\/973bb340-b510-4f93-bfbb-1413814b8ca8.jpg\",\"width\":2000,\"height\":1500},{\"@type\":\"BreadcrumbList\",\"@id\":\"https:\\\/\\\/haberkuzey.com\\\/index.php\\\/2025\\\/03\\\/21\\\/2025-yili-iktisadi-ve-mali-isbirligi-anlasmasi-ankarada-yilmaz-ve-ustelin-katilimi-ile-imzalandi\\\/#breadcrumb\",\"itemListElement\":[{\"@type\":\"ListItem\",\"position\":1,\"name\":\"Anasayfa\",\"item\":\"https:\\\/\\\/haberkuzey.com\\\/\"},{\"@type\":\"ListItem\",\"position\":2,\"name\":\"2025 Y\u0131l\u0131 \u0130ktisadi Ve Mali \u0130\u015fbirli\u011fi Anla\u015fmas\u0131 Ankara\u2019da Y\u0131lmaz ve \u00dcstel\u2019in kat\u0131l\u0131m\u0131 ile imzaland\u0131\"}]},{\"@type\":\"WebSite\",\"@id\":\"https:\\\/\\\/haberkuzey.com\\\/#website\",\"url\":\"https:\\\/\\\/haberkuzey.com\\\/\",\"name\":\"Haber Kuzey\",\"description\":\"Do\u011fru Haberin Adresi\",\"potentialAction\":[{\"@type\":\"SearchAction\",\"target\":{\"@type\":\"EntryPoint\",\"urlTemplate\":\"https:\\\/\\\/haberkuzey.com\\\/?s={search_term_string}\"},\"query-input\":{\"@type\":\"PropertyValueSpecification\",\"valueRequired\":true,\"valueName\":\"search_term_string\"}}],\"inLanguage\":\"tr\"},{\"@type\":\"Person\",\"@id\":\"https:\\\/\\\/haberkuzey.com\\\/#\\\/schema\\\/person\\\/3372109ec735f9333f4fa47ebb9605ca\",\"name\":\"haberkuzey\",\"image\":{\"@type\":\"ImageObject\",\"inLanguage\":\"tr\",\"@id\":\"https:\\\/\\\/secure.gravatar.com\\\/avatar\\\/f5fc875574b1575324358c3b9e6a32b8227aa5b74f3fa22e3cadb63e26fcc39c?s=96&d=mm&r=g\",\"url\":\"https:\\\/\\\/secure.gravatar.com\\\/avatar\\\/f5fc875574b1575324358c3b9e6a32b8227aa5b74f3fa22e3cadb63e26fcc39c?s=96&d=mm&r=g\",\"contentUrl\":\"https:\\\/\\\/secure.gravatar.com\\\/avatar\\\/f5fc875574b1575324358c3b9e6a32b8227aa5b74f3fa22e3cadb63e26fcc39c?s=96&d=mm&r=g\",\"caption\":\"haberkuzey\"},\"sameAs\":[\"https:\\\/\\\/haberkuzey.com\"],\"url\":\"https:\\\/\\\/haberkuzey.com\\\/index.php\\\/author\\\/haberkuzey\\\/\"}]}<\/script>\n<!-- \/ Yoast SEO plugin. -->","yoast_head_json":{"title":"2025 Y\u0131l\u0131 \u0130ktisadi Ve Mali \u0130\u015fbirli\u011fi Anla\u015fmas\u0131 Ankara\u2019da Y\u0131lmaz ve \u00dcstel\u2019in kat\u0131l\u0131m\u0131 ile imzaland\u0131 - Haber Kuzey","robots":{"index":"index","follow":"follow","max-snippet":"max-snippet:-1","max-image-preview":"max-image-preview:large","max-video-preview":"max-video-preview:-1"},"canonical":"https:\/\/haberkuzey.com\/index.php\/2025\/03\/21\/2025-yili-iktisadi-ve-mali-isbirligi-anlasmasi-ankarada-yilmaz-ve-ustelin-katilimi-ile-imzalandi\/","og_locale":"tr_TR","og_type":"article","og_title":"2025 Y\u0131l\u0131 \u0130ktisadi Ve Mali \u0130\u015fbirli\u011fi Anla\u015fmas\u0131 Ankara\u2019da Y\u0131lmaz ve \u00dcstel\u2019in kat\u0131l\u0131m\u0131 ile imzaland\u0131 - Haber Kuzey","og_description":"2025 Y\u0131l\u0131 \u0130ktisadi Ve Mali \u0130\u015fbirli\u011fi Anla\u015fmas\u0131 Ankara\u2019da imzaland\u0131. Anla\u015fmayaT\u00fcrkiye Cumhurba\u015fkan\u0131 Yard\u0131mc\u0131s\u0131 Cevdet Y\u0131lmaz ile Ba\u015fbakan \u00dcnal \u00dcstel imza koydu. T\u00fcrkiye Cumhurba\u015fkan\u0131 Yard\u0131mc\u0131s\u0131 Cevdet Y\u0131lmaz, bu anla\u015fma ile KKTC\u2019nin refah\u0131 ve i\u015fbirli\u011finin artaca\u011f\u0131n\u0131 ifade ederek,\u201cKKTC\u2019de g\u00fc\u00e7l\u00fc ekonomi, modern altyap\u0131 ve geli\u015fim i\u00e7in \u00e7al\u0131\u015faca\u011f\u0131z\u201d dedi. Y\u0131lmaz, 10 Nisan\u2019da KKTC\u2019ye ziyaret ger\u00e7ekle\u015ftirece\u011fini de a\u00e7\u0131klad\u0131. Y\u0131lmaz ayr\u0131ca, iki [&hellip;]","og_url":"https:\/\/haberkuzey.com\/index.php\/2025\/03\/21\/2025-yili-iktisadi-ve-mali-isbirligi-anlasmasi-ankarada-yilmaz-ve-ustelin-katilimi-ile-imzalandi\/","og_site_name":"Haber Kuzey","article_published_time":"2025-03-21T14:53:36+00:00","og_image":[{"url":"https:\/\/brtk.net\/wp-content\/uploads\/2025\/03\/21\/973bb340-b510-4f93-bfbb-1413814b8ca8.jpg?ver=55b6ee3d03973e28236e4816722590c2","type":"","width":"","height":""}],"author":"haberkuzey","twitter_card":"summary_large_image","twitter_misc":{"Yazan:":"haberkuzey","Tahmini okuma s\u00fcresi":"1 dakika"},"schema":{"@context":"https:\/\/schema.org","@graph":[{"@type":"Article","@id":"https:\/\/haberkuzey.com\/index.php\/2025\/03\/21\/2025-yili-iktisadi-ve-mali-isbirligi-anlasmasi-ankarada-yilmaz-ve-ustelin-katilimi-ile-imzalandi\/#article","isPartOf":{"@id":"https:\/\/haberkuzey.com\/index.php\/2025\/03\/21\/2025-yili-iktisadi-ve-mali-isbirligi-anlasmasi-ankarada-yilmaz-ve-ustelin-katilimi-ile-imzalandi\/"},"author":{"name":"haberkuzey","@id":"https:\/\/haberkuzey.com\/#\/schema\/person\/3372109ec735f9333f4fa47ebb9605ca"},"headline":"2025 Y\u0131l\u0131 \u0130ktisadi Ve Mali \u0130\u015fbirli\u011fi Anla\u015fmas\u0131 Ankara\u2019da Y\u0131lmaz ve \u00dcstel\u2019in kat\u0131l\u0131m\u0131 ile imzaland\u0131","datePublished":"2025-03-21T14:53:36+00:00","mainEntityOfPage":{"@id":"https:\/\/haberkuzey.com\/index.php\/2025\/03\/21\/2025-yili-iktisadi-ve-mali-isbirligi-anlasmasi-ankarada-yilmaz-ve-ustelin-katilimi-ile-imzalandi\/"},"wordCount":202,"commentCount":0,"image":{"@id":"https:\/\/haberkuzey.com\/index.php\/2025\/03\/21\/2025-yili-iktisadi-ve-mali-isbirligi-anlasmasi-ankarada-yilmaz-ve-ustelin-katilimi-ile-imzalandi\/#primaryimage"},"thumbnailUrl":"https:\/\/haberkuzey.com\/wp-content\/uploads\/2025\/03\/973bb340-b510-4f93-bfbb-1413814b8ca8.jpg","articleSection":["D\u00fcnya"],"inLanguage":"tr","potentialAction":[{"@type":"CommentAction","name":"Comment","target":["https:\/\/haberkuzey.com\/index.php\/2025\/03\/21\/2025-yili-iktisadi-ve-mali-isbirligi-anlasmasi-ankarada-yilmaz-ve-ustelin-katilimi-ile-imzalandi\/#respond"]}]},{"@type":"WebPage","@id":"https:\/\/haberkuzey.com\/index.php\/2025\/03\/21\/2025-yili-iktisadi-ve-mali-isbirligi-anlasmasi-ankarada-yilmaz-ve-ustelin-katilimi-ile-imzalandi\/","url":"https:\/\/haberkuzey.com\/index.php\/2025\/03\/21\/2025-yili-iktisadi-ve-mali-isbirligi-anlasmasi-ankarada-yilmaz-ve-ustelin-katilimi-ile-imzalandi\/","name":"2025 Y\u0131l\u0131 \u0130ktisadi Ve Mali \u0130\u015fbirli\u011fi Anla\u015fmas\u0131 Ankara\u2019da Y\u0131lmaz ve \u00dcstel\u2019in kat\u0131l\u0131m\u0131 ile imzaland\u0131 - Haber Kuzey","isPartOf":{"@id":"https:\/\/haberkuzey.com\/#website"},"primaryImageOfPage":{"@id":"https:\/\/haberkuzey.com\/index.php\/2025\/03\/21\/2025-yili-iktisadi-ve-mali-isbirligi-anlasmasi-ankarada-yilmaz-ve-ustelin-katilimi-ile-imzalandi\/#primaryimage"},"image":{"@id":"https:\/\/haberkuzey.com\/index.php\/2025\/03\/21\/2025-yili-iktisadi-ve-mali-isbirligi-anlasmasi-ankarada-yilmaz-ve-ustelin-katilimi-ile-imzalandi\/#primaryimage"},"thumbnailUrl":"https:\/\/haberkuzey.com\/wp-content\/uploads\/2025\/03\/973bb340-b510-4f93-bfbb-1413814b8ca8.jpg","datePublished":"2025-03-21T14:53:36+00:00","author":{"@id":"https:\/\/haberkuzey.com\/#\/schema\/person\/3372109ec735f9333f4fa47ebb9605ca"},"breadcrumb":{"@id":"https:\/\/haberkuzey.com\/index.php\/2025\/03\/21\/2025-yili-iktisadi-ve-mali-isbirligi-anlasmasi-ankarada-yilmaz-ve-ustelin-katilimi-ile-imzalandi\/#breadcrumb"},"inLanguage":"tr","potentialAction":[{"@type":"ReadAction","target":["https:\/\/haberkuzey.com\/index.php\/2025\/03\/21\/2025-yili-iktisadi-ve-mali-isbirligi-anlasmasi-ankarada-yilmaz-ve-ustelin-katilimi-ile-imzalandi\/"]}]},{"@type":"ImageObject","inLanguage":"tr","@id":"https:\/\/haberkuzey.com\/index.php\/2025\/03\/21\/2025-yili-iktisadi-ve-mali-isbirligi-anlasmasi-ankarada-yilmaz-ve-ustelin-katilimi-ile-imzalandi\/#primaryimage","url":"https:\/\/haberkuzey.com\/wp-content\/uploads\/2025\/03\/973bb340-b510-4f93-bfbb-1413814b8ca8.jpg","contentUrl":"https:\/\/haberkuzey.com\/wp-content\/uploads\/2025\/03\/973bb340-b510-4f93-bfbb-1413814b8ca8.jpg","width":2000,"height":1500},{"@type":"BreadcrumbList","@id":"https:\/\/haberkuzey.com\/index.php\/2025\/03\/21\/2025-yili-iktisadi-ve-mali-isbirligi-anlasmasi-ankarada-yilmaz-ve-ustelin-katilimi-ile-imzalandi\/#breadcrumb","itemListElement":[{"@type":"ListItem","position":1,"name":"Anasayfa","item":"https:\/\/haberkuzey.com\/"},{"@type":"ListItem","position":2,"name":"2025 Y\u0131l\u0131 \u0130ktisadi Ve Mali \u0130\u015fbirli\u011fi Anla\u015fmas\u0131 Ankara\u2019da Y\u0131lmaz ve \u00dcstel\u2019in kat\u0131l\u0131m\u0131 ile imzaland\u0131"}]},{"@type":"WebSite","@id":"https:\/\/haberkuzey.com\/#website","url":"https:\/\/haberkuzey.com\/","name":"Haber Kuzey","description":"Do\u011fru Haberin Adresi","potentialAction":[{"@type":"SearchAction","target":{"@type":"EntryPoint","urlTemplate":"https:\/\/haberkuzey.com\/?s={search_term_string}"},"query-input":{"@type":"PropertyValueSpecification","valueRequired":true,"valueName":"search_term_string"}}],"inLanguage":"tr"},{"@type":"Person","@id":"https:\/\/haberkuzey.com\/#\/schema\/person\/3372109ec735f9333f4fa47ebb9605ca","name":"haberkuzey","image":{"@type":"ImageObject","inLanguage":"tr","@id":"https:\/\/secure.gravatar.com\/avatar\/f5fc875574b1575324358c3b9e6a32b8227aa5b74f3fa22e3cadb63e26fcc39c?s=96&d=mm&r=g","url":"https:\/\/secure.gravatar.com\/avatar\/f5fc875574b1575324358c3b9e6a32b8227aa5b74f3fa22e3cadb63e26fcc39c?s=96&d=mm&r=g","contentUrl":"https:\/\/secure.gravatar.com\/avatar\/f5fc875574b1575324358c3b9e6a32b8227aa5b74f3fa22e3cadb63e26fcc39c?s=96&d=mm&r=g","caption":"haberkuzey"},"sameAs":["https:\/\/haberkuzey.com"],"url":"https:\/\/haberkuzey.com\/index.php\/author\/haberkuzey\/"}]}},"_links":{"self":[{"href":"https:\/\/haberkuzey.com\/index.php\/wp-json\/wp\/v2\/posts\/20412","targetHints":{"allow":["GET"]}}],"collection":[{"href":"https:\/\/haberkuzey.com\/index.php\/wp-json\/wp\/v2\/posts"}],"about":[{"href":"https:\/\/haberkuzey.com\/index.php\/wp-json\/wp\/v2\/types\/post"}],"author":[{"embeddable":true,"href":"https:\/\/haberkuzey.com\/index.php\/wp-json\/wp\/v2\/users\/1"}],"replies":[{"embeddable":true,"href":"https:\/\/haberkuzey.com\/index.php\/wp-json\/wp\/v2\/comments?post=20412"}],"version-history":[{"count":0,"href":"https:\/\/haberkuzey.com\/index.php\/wp-json\/wp\/v2\/posts\/20412\/revisions"}],"wp:featuredmedia":[{"embeddable":true,"href":"https:\/\/haberkuzey.com\/index.php\/wp-json\/wp\/v2\/media\/20414"}],"wp:attachment":[{"href":"https:\/\/haberkuzey.com\/index.php\/wp-json\/wp\/v2\/media?parent=20412"}],"wp:term":[{"taxonomy":"category","embeddable":true,"href":"https:\/\/haberkuzey.com\/index.php\/wp-json\/wp\/v2\/categories?post=20412"},{"taxonomy":"post_tag","embeddable":true,"href":"https:\/\/haberkuzey.com\/index.php\/wp-json\/wp\/v2\/tags?post=20412"}],"curies":[{"name":"wp","href":"https:\/\/api.w.org\/{rel}","templated":true}]}}