{"id":2041,"date":"2024-05-11T00:28:53","date_gmt":"2024-05-10T21:28:53","guid":{"rendered":"https:\/\/haberkuzey.com\/index.php\/2024\/05\/11\/arjantinde-iki-tren-carpisti-60-yarali\/"},"modified":"2024-05-11T00:28:53","modified_gmt":"2024-05-10T21:28:53","slug":"arjantinde-iki-tren-carpisti-60-yarali","status":"publish","type":"post","link":"https:\/\/haberkuzey.com\/index.php\/2024\/05\/11\/arjantinde-iki-tren-carpisti-60-yarali\/","title":{"rendered":"Arjantin&#039;de iki tren \u00e7arp\u0131\u015ft\u0131: 60 yaral\u0131"},"content":{"rendered":"<p><\/p>\n<div>\n<p>&#13;<br \/>\n\tArjantin&#8217;de Acil T\u0131bbi Bak\u0131m Sistemi&#8217;nden (SAME) yap\u0131lan a\u00e7\u0131klamada, ba\u015fkent Buenos Aires&#8217;e ba\u011fl\u0131 Palermo semtindeki k\u00f6pr\u00fcde ilerleyen trenin park halindeki ba\u015fka trene \u00e7arpt\u0131\u011f\u0131 belirtildi.<\/p>\n<p>&#13;<br \/>\n\t\u00c7ok say\u0131da arama kurtarma ekibinin sevk edildi\u011fi kaza b\u00f6lgesinde 30&#8217;u a\u011f\u0131r 60 ki\u015fi yaraland\u0131.<\/p>\n<p>&#13;<br \/>\n\tDurumu a\u011f\u0131r olan baz\u0131 yolcular helikopterle ba\u015fka hastanelere g\u00f6t\u00fcr\u00fcld\u00fc.<\/p>\n<p><\/p>\n<p>&#13;<br \/>\n\tYerel bas\u0131nda \u00e7\u0131kan habere g\u00f6re, banliy\u00f6 treni, bak\u0131m\u0131 devam eden park halindeki trenin vagonlar\u0131na \u00e7arpt\u0131.<\/p>\n<p>&#13;<br \/>\n\tKazaya ili\u015fkin geni\u015f \u00e7apl\u0131 soru\u015fturma ba\u015flat\u0131ld\u0131.<\/p>\n<\/p><\/div>\n","protected":false},"excerpt":{"rendered":"<p>&#13; Arjantin&#8217;de Acil T\u0131bbi Bak\u0131m Sistemi&#8217;nden (SAME) yap\u0131lan a\u00e7\u0131klamada, ba\u015fkent Buenos Aires&#8217;e ba\u011fl\u0131 Palermo semtindeki k\u00f6pr\u00fcde ilerleyen trenin park halindeki ba\u015fka trene \u00e7arpt\u0131\u011f\u0131 belirtildi. &#13; \u00c7ok say\u0131da arama kurtarma ekibinin sevk edildi\u011fi kaza b\u00f6lgesinde 30&#8217;u a\u011f\u0131r 60 ki\u015fi yaraland\u0131. &#13; Durumu a\u011f\u0131r olan baz\u0131 yolcular helikopterle ba\u015fka hastanelere g\u00f6t\u00fcr\u00fcld\u00fc. &#13; Yerel bas\u0131nda \u00e7\u0131kan habere g\u00f6re, [&hellip;]<\/p>\n","protected":false},"author":1,"featured_media":2042,"comment_status":"open","ping_status":"open","sticky":false,"template":"","format":"standard","meta":{"jnews-multi-image_gallery":[],"jnews_single_post":[],"jnews_primary_category":[],"footnotes":""},"categories":[],"tags":[],"class_list":["post-2041","post","type-post","status-publish","format-standard","has-post-thumbnail","hentry"],"yoast_head":"<!-- This site is optimized with the Yoast SEO plugin v27.5 - https:\/\/yoast.com\/product\/yoast-seo-wordpress\/ -->\n<title>Arjantin&#039;de iki tren \u00e7arp\u0131\u015ft\u0131: 60 yaral\u0131 - Haber Kuzey<\/title>\n<meta name=\"robots\" content=\"index, follow, max-snippet:-1, max-image-preview:large, max-video-preview:-1\" \/>\n<link rel=\"canonical\" href=\"https:\/\/haberkuzey.com\/index.php\/2024\/05\/11\/arjantinde-iki-tren-carpisti-60-yarali\/\" \/>\n<meta property=\"og:locale\" content=\"tr_TR\" \/>\n<meta property=\"og:type\" content=\"article\" \/>\n<meta property=\"og:title\" content=\"Arjantin&#039;de iki tren \u00e7arp\u0131\u015ft\u0131: 60 yaral\u0131 - Haber Kuzey\" \/>\n<meta property=\"og:description\" content=\"&#013; Arjantin&#8217;de Acil T\u0131bbi Bak\u0131m Sistemi&#8217;nden (SAME) yap\u0131lan a\u00e7\u0131klamada, ba\u015fkent Buenos Aires&#8217;e ba\u011fl\u0131 Palermo semtindeki k\u00f6pr\u00fcde ilerleyen trenin park halindeki ba\u015fka trene \u00e7arpt\u0131\u011f\u0131 belirtildi. &#013; \u00c7ok say\u0131da arama kurtarma ekibinin sevk edildi\u011fi kaza b\u00f6lgesinde 30&#8217;u a\u011f\u0131r 60 ki\u015fi yaraland\u0131. &#013; Durumu a\u011f\u0131r olan baz\u0131 yolcular helikopterle ba\u015fka hastanelere g\u00f6t\u00fcr\u00fcld\u00fc. &#013; Yerel bas\u0131nda \u00e7\u0131kan habere g\u00f6re, [&hellip;]\" \/>\n<meta property=\"og:url\" content=\"https:\/\/haberkuzey.com\/index.php\/2024\/05\/11\/arjantinde-iki-tren-carpisti-60-yarali\/\" \/>\n<meta property=\"og:site_name\" content=\"Haber Kuzey\" \/>\n<meta property=\"article:published_time\" content=\"2024-05-10T21:28:53+00:00\" \/>\n<meta property=\"og:image\" content=\"https:\/\/www.trthaber.com\/dosyalar\/images\/000_34RC9G7.jpg\" \/>\n<meta name=\"author\" content=\"haberkuzey\" \/>\n<meta name=\"twitter:card\" content=\"summary_large_image\" \/>\n<meta name=\"twitter:label1\" content=\"Yazan:\" \/>\n\t<meta name=\"twitter:data1\" content=\"haberkuzey\" \/>\n<script type=\"application\/ld+json\" class=\"yoast-schema-graph\">{\"@context\":\"https:\\\/\\\/schema.org\",\"@graph\":[{\"@type\":\"Article\",\"@id\":\"https:\\\/\\\/haberkuzey.com\\\/index.php\\\/2024\\\/05\\\/11\\\/arjantinde-iki-tren-carpisti-60-yarali\\\/#article\",\"isPartOf\":{\"@id\":\"https:\\\/\\\/haberkuzey.com\\\/index.php\\\/2024\\\/05\\\/11\\\/arjantinde-iki-tren-carpisti-60-yarali\\\/\"},\"author\":{\"name\":\"haberkuzey\",\"@id\":\"https:\\\/\\\/haberkuzey.com\\\/#\\\/schema\\\/person\\\/3372109ec735f9333f4fa47ebb9605ca\"},\"headline\":\"Arjantin&#039;de iki tren \u00e7arp\u0131\u015ft\u0131: 60 yaral\u0131\",\"datePublished\":\"2024-05-10T21:28:53+00:00\",\"mainEntityOfPage\":{\"@id\":\"https:\\\/\\\/haberkuzey.com\\\/index.php\\\/2024\\\/05\\\/11\\\/arjantinde-iki-tren-carpisti-60-yarali\\\/\"},\"wordCount\":103,\"commentCount\":0,\"image\":{\"@id\":\"https:\\\/\\\/haberkuzey.com\\\/index.php\\\/2024\\\/05\\\/11\\\/arjantinde-iki-tren-carpisti-60-yarali\\\/#primaryimage\"},\"thumbnailUrl\":\"https:\\\/\\\/haberkuzey.com\\\/wp-content\\\/uploads\\\/2024\\\/05\\\/arjantin-tren-reuters-2227540.jpg\",\"inLanguage\":\"tr\",\"potentialAction\":[{\"@type\":\"CommentAction\",\"name\":\"Comment\",\"target\":[\"https:\\\/\\\/haberkuzey.com\\\/index.php\\\/2024\\\/05\\\/11\\\/arjantinde-iki-tren-carpisti-60-yarali\\\/#respond\"]}]},{\"@type\":\"WebPage\",\"@id\":\"https:\\\/\\\/haberkuzey.com\\\/index.php\\\/2024\\\/05\\\/11\\\/arjantinde-iki-tren-carpisti-60-yarali\\\/\",\"url\":\"https:\\\/\\\/haberkuzey.com\\\/index.php\\\/2024\\\/05\\\/11\\\/arjantinde-iki-tren-carpisti-60-yarali\\\/\",\"name\":\"Arjantin&#039;de iki tren \u00e7arp\u0131\u015ft\u0131: 60 yaral\u0131 - Haber Kuzey\",\"isPartOf\":{\"@id\":\"https:\\\/\\\/haberkuzey.com\\\/#website\"},\"primaryImageOfPage\":{\"@id\":\"https:\\\/\\\/haberkuzey.com\\\/index.php\\\/2024\\\/05\\\/11\\\/arjantinde-iki-tren-carpisti-60-yarali\\\/#primaryimage\"},\"image\":{\"@id\":\"https:\\\/\\\/haberkuzey.com\\\/index.php\\\/2024\\\/05\\\/11\\\/arjantinde-iki-tren-carpisti-60-yarali\\\/#primaryimage\"},\"thumbnailUrl\":\"https:\\\/\\\/haberkuzey.com\\\/wp-content\\\/uploads\\\/2024\\\/05\\\/arjantin-tren-reuters-2227540.jpg\",\"datePublished\":\"2024-05-10T21:28:53+00:00\",\"author\":{\"@id\":\"https:\\\/\\\/haberkuzey.com\\\/#\\\/schema\\\/person\\\/3372109ec735f9333f4fa47ebb9605ca\"},\"breadcrumb\":{\"@id\":\"https:\\\/\\\/haberkuzey.com\\\/index.php\\\/2024\\\/05\\\/11\\\/arjantinde-iki-tren-carpisti-60-yarali\\\/#breadcrumb\"},\"inLanguage\":\"tr\",\"potentialAction\":[{\"@type\":\"ReadAction\",\"target\":[\"https:\\\/\\\/haberkuzey.com\\\/index.php\\\/2024\\\/05\\\/11\\\/arjantinde-iki-tren-carpisti-60-yarali\\\/\"]}]},{\"@type\":\"ImageObject\",\"inLanguage\":\"tr\",\"@id\":\"https:\\\/\\\/haberkuzey.com\\\/index.php\\\/2024\\\/05\\\/11\\\/arjantinde-iki-tren-carpisti-60-yarali\\\/#primaryimage\",\"url\":\"https:\\\/\\\/haberkuzey.com\\\/wp-content\\\/uploads\\\/2024\\\/05\\\/arjantin-tren-reuters-2227540.jpg\",\"contentUrl\":\"https:\\\/\\\/haberkuzey.com\\\/wp-content\\\/uploads\\\/2024\\\/05\\\/arjantin-tren-reuters-2227540.jpg\",\"width\":1280,\"height\":720},{\"@type\":\"BreadcrumbList\",\"@id\":\"https:\\\/\\\/haberkuzey.com\\\/index.php\\\/2024\\\/05\\\/11\\\/arjantinde-iki-tren-carpisti-60-yarali\\\/#breadcrumb\",\"itemListElement\":[{\"@type\":\"ListItem\",\"position\":1,\"name\":\"Anasayfa\",\"item\":\"https:\\\/\\\/haberkuzey.com\\\/\"},{\"@type\":\"ListItem\",\"position\":2,\"name\":\"Arjantin&#039;de iki tren \u00e7arp\u0131\u015ft\u0131: 60 yaral\u0131\"}]},{\"@type\":\"WebSite\",\"@id\":\"https:\\\/\\\/haberkuzey.com\\\/#website\",\"url\":\"https:\\\/\\\/haberkuzey.com\\\/\",\"name\":\"Haber Kuzey\",\"description\":\"Do\u011fru Haberin Adresi\",\"potentialAction\":[{\"@type\":\"SearchAction\",\"target\":{\"@type\":\"EntryPoint\",\"urlTemplate\":\"https:\\\/\\\/haberkuzey.com\\\/?s={search_term_string}\"},\"query-input\":{\"@type\":\"PropertyValueSpecification\",\"valueRequired\":true,\"valueName\":\"search_term_string\"}}],\"inLanguage\":\"tr\"},{\"@type\":\"Person\",\"@id\":\"https:\\\/\\\/haberkuzey.com\\\/#\\\/schema\\\/person\\\/3372109ec735f9333f4fa47ebb9605ca\",\"name\":\"haberkuzey\",\"image\":{\"@type\":\"ImageObject\",\"inLanguage\":\"tr\",\"@id\":\"https:\\\/\\\/secure.gravatar.com\\\/avatar\\\/f5fc875574b1575324358c3b9e6a32b8227aa5b74f3fa22e3cadb63e26fcc39c?s=96&d=mm&r=g\",\"url\":\"https:\\\/\\\/secure.gravatar.com\\\/avatar\\\/f5fc875574b1575324358c3b9e6a32b8227aa5b74f3fa22e3cadb63e26fcc39c?s=96&d=mm&r=g\",\"contentUrl\":\"https:\\\/\\\/secure.gravatar.com\\\/avatar\\\/f5fc875574b1575324358c3b9e6a32b8227aa5b74f3fa22e3cadb63e26fcc39c?s=96&d=mm&r=g\",\"caption\":\"haberkuzey\"},\"sameAs\":[\"https:\\\/\\\/haberkuzey.com\"],\"url\":\"https:\\\/\\\/haberkuzey.com\\\/index.php\\\/author\\\/haberkuzey\\\/\"}]}<\/script>\n<!-- \/ Yoast SEO plugin. -->","yoast_head_json":{"title":"Arjantin&#039;de iki tren \u00e7arp\u0131\u015ft\u0131: 60 yaral\u0131 - Haber Kuzey","robots":{"index":"index","follow":"follow","max-snippet":"max-snippet:-1","max-image-preview":"max-image-preview:large","max-video-preview":"max-video-preview:-1"},"canonical":"https:\/\/haberkuzey.com\/index.php\/2024\/05\/11\/arjantinde-iki-tren-carpisti-60-yarali\/","og_locale":"tr_TR","og_type":"article","og_title":"Arjantin&#039;de iki tren \u00e7arp\u0131\u015ft\u0131: 60 yaral\u0131 - Haber Kuzey","og_description":"&#13; Arjantin&#8217;de Acil T\u0131bbi Bak\u0131m Sistemi&#8217;nden (SAME) yap\u0131lan a\u00e7\u0131klamada, ba\u015fkent Buenos Aires&#8217;e ba\u011fl\u0131 Palermo semtindeki k\u00f6pr\u00fcde ilerleyen trenin park halindeki ba\u015fka trene \u00e7arpt\u0131\u011f\u0131 belirtildi. &#13; \u00c7ok say\u0131da arama kurtarma ekibinin sevk edildi\u011fi kaza b\u00f6lgesinde 30&#8217;u a\u011f\u0131r 60 ki\u015fi yaraland\u0131. &#13; Durumu a\u011f\u0131r olan baz\u0131 yolcular helikopterle ba\u015fka hastanelere g\u00f6t\u00fcr\u00fcld\u00fc. &#13; Yerel bas\u0131nda \u00e7\u0131kan habere g\u00f6re, [&hellip;]","og_url":"https:\/\/haberkuzey.com\/index.php\/2024\/05\/11\/arjantinde-iki-tren-carpisti-60-yarali\/","og_site_name":"Haber Kuzey","article_published_time":"2024-05-10T21:28:53+00:00","og_image":[{"url":"https:\/\/www.trthaber.com\/dosyalar\/images\/000_34RC9G7.jpg","type":"","width":"","height":""}],"author":"haberkuzey","twitter_card":"summary_large_image","twitter_misc":{"Yazan:":"haberkuzey"},"schema":{"@context":"https:\/\/schema.org","@graph":[{"@type":"Article","@id":"https:\/\/haberkuzey.com\/index.php\/2024\/05\/11\/arjantinde-iki-tren-carpisti-60-yarali\/#article","isPartOf":{"@id":"https:\/\/haberkuzey.com\/index.php\/2024\/05\/11\/arjantinde-iki-tren-carpisti-60-yarali\/"},"author":{"name":"haberkuzey","@id":"https:\/\/haberkuzey.com\/#\/schema\/person\/3372109ec735f9333f4fa47ebb9605ca"},"headline":"Arjantin&#039;de iki tren \u00e7arp\u0131\u015ft\u0131: 60 yaral\u0131","datePublished":"2024-05-10T21:28:53+00:00","mainEntityOfPage":{"@id":"https:\/\/haberkuzey.com\/index.php\/2024\/05\/11\/arjantinde-iki-tren-carpisti-60-yarali\/"},"wordCount":103,"commentCount":0,"image":{"@id":"https:\/\/haberkuzey.com\/index.php\/2024\/05\/11\/arjantinde-iki-tren-carpisti-60-yarali\/#primaryimage"},"thumbnailUrl":"https:\/\/haberkuzey.com\/wp-content\/uploads\/2024\/05\/arjantin-tren-reuters-2227540.jpg","inLanguage":"tr","potentialAction":[{"@type":"CommentAction","name":"Comment","target":["https:\/\/haberkuzey.com\/index.php\/2024\/05\/11\/arjantinde-iki-tren-carpisti-60-yarali\/#respond"]}]},{"@type":"WebPage","@id":"https:\/\/haberkuzey.com\/index.php\/2024\/05\/11\/arjantinde-iki-tren-carpisti-60-yarali\/","url":"https:\/\/haberkuzey.com\/index.php\/2024\/05\/11\/arjantinde-iki-tren-carpisti-60-yarali\/","name":"Arjantin&#039;de iki tren \u00e7arp\u0131\u015ft\u0131: 60 yaral\u0131 - Haber Kuzey","isPartOf":{"@id":"https:\/\/haberkuzey.com\/#website"},"primaryImageOfPage":{"@id":"https:\/\/haberkuzey.com\/index.php\/2024\/05\/11\/arjantinde-iki-tren-carpisti-60-yarali\/#primaryimage"},"image":{"@id":"https:\/\/haberkuzey.com\/index.php\/2024\/05\/11\/arjantinde-iki-tren-carpisti-60-yarali\/#primaryimage"},"thumbnailUrl":"https:\/\/haberkuzey.com\/wp-content\/uploads\/2024\/05\/arjantin-tren-reuters-2227540.jpg","datePublished":"2024-05-10T21:28:53+00:00","author":{"@id":"https:\/\/haberkuzey.com\/#\/schema\/person\/3372109ec735f9333f4fa47ebb9605ca"},"breadcrumb":{"@id":"https:\/\/haberkuzey.com\/index.php\/2024\/05\/11\/arjantinde-iki-tren-carpisti-60-yarali\/#breadcrumb"},"inLanguage":"tr","potentialAction":[{"@type":"ReadAction","target":["https:\/\/haberkuzey.com\/index.php\/2024\/05\/11\/arjantinde-iki-tren-carpisti-60-yarali\/"]}]},{"@type":"ImageObject","inLanguage":"tr","@id":"https:\/\/haberkuzey.com\/index.php\/2024\/05\/11\/arjantinde-iki-tren-carpisti-60-yarali\/#primaryimage","url":"https:\/\/haberkuzey.com\/wp-content\/uploads\/2024\/05\/arjantin-tren-reuters-2227540.jpg","contentUrl":"https:\/\/haberkuzey.com\/wp-content\/uploads\/2024\/05\/arjantin-tren-reuters-2227540.jpg","width":1280,"height":720},{"@type":"BreadcrumbList","@id":"https:\/\/haberkuzey.com\/index.php\/2024\/05\/11\/arjantinde-iki-tren-carpisti-60-yarali\/#breadcrumb","itemListElement":[{"@type":"ListItem","position":1,"name":"Anasayfa","item":"https:\/\/haberkuzey.com\/"},{"@type":"ListItem","position":2,"name":"Arjantin&#039;de iki tren \u00e7arp\u0131\u015ft\u0131: 60 yaral\u0131"}]},{"@type":"WebSite","@id":"https:\/\/haberkuzey.com\/#website","url":"https:\/\/haberkuzey.com\/","name":"Haber Kuzey","description":"Do\u011fru Haberin Adresi","potentialAction":[{"@type":"SearchAction","target":{"@type":"EntryPoint","urlTemplate":"https:\/\/haberkuzey.com\/?s={search_term_string}"},"query-input":{"@type":"PropertyValueSpecification","valueRequired":true,"valueName":"search_term_string"}}],"inLanguage":"tr"},{"@type":"Person","@id":"https:\/\/haberkuzey.com\/#\/schema\/person\/3372109ec735f9333f4fa47ebb9605ca","name":"haberkuzey","image":{"@type":"ImageObject","inLanguage":"tr","@id":"https:\/\/secure.gravatar.com\/avatar\/f5fc875574b1575324358c3b9e6a32b8227aa5b74f3fa22e3cadb63e26fcc39c?s=96&d=mm&r=g","url":"https:\/\/secure.gravatar.com\/avatar\/f5fc875574b1575324358c3b9e6a32b8227aa5b74f3fa22e3cadb63e26fcc39c?s=96&d=mm&r=g","contentUrl":"https:\/\/secure.gravatar.com\/avatar\/f5fc875574b1575324358c3b9e6a32b8227aa5b74f3fa22e3cadb63e26fcc39c?s=96&d=mm&r=g","caption":"haberkuzey"},"sameAs":["https:\/\/haberkuzey.com"],"url":"https:\/\/haberkuzey.com\/index.php\/author\/haberkuzey\/"}]}},"_links":{"self":[{"href":"https:\/\/haberkuzey.com\/index.php\/wp-json\/wp\/v2\/posts\/2041","targetHints":{"allow":["GET"]}}],"collection":[{"href":"https:\/\/haberkuzey.com\/index.php\/wp-json\/wp\/v2\/posts"}],"about":[{"href":"https:\/\/haberkuzey.com\/index.php\/wp-json\/wp\/v2\/types\/post"}],"author":[{"embeddable":true,"href":"https:\/\/haberkuzey.com\/index.php\/wp-json\/wp\/v2\/users\/1"}],"replies":[{"embeddable":true,"href":"https:\/\/haberkuzey.com\/index.php\/wp-json\/wp\/v2\/comments?post=2041"}],"version-history":[{"count":0,"href":"https:\/\/haberkuzey.com\/index.php\/wp-json\/wp\/v2\/posts\/2041\/revisions"}],"wp:featuredmedia":[{"embeddable":true,"href":"https:\/\/haberkuzey.com\/index.php\/wp-json\/wp\/v2\/media\/2042"}],"wp:attachment":[{"href":"https:\/\/haberkuzey.com\/index.php\/wp-json\/wp\/v2\/media?parent=2041"}],"wp:term":[{"taxonomy":"category","embeddable":true,"href":"https:\/\/haberkuzey.com\/index.php\/wp-json\/wp\/v2\/categories?post=2041"},{"taxonomy":"post_tag","embeddable":true,"href":"https:\/\/haberkuzey.com\/index.php\/wp-json\/wp\/v2\/tags?post=2041"}],"curies":[{"name":"wp","href":"https:\/\/api.w.org\/{rel}","templated":true}]}}