{"id":20357,"date":"2025-03-21T11:42:03","date_gmt":"2025-03-21T09:42:03","guid":{"rendered":"https:\/\/haberkuzey.com\/index.php\/2025\/03\/21\/basbakan-unal-ustel-ankarada-icisleri-bakani-ali-yerlikaya-ile-gorustu-goc-merkezi-calismalari-hizlandiriliyorpolis-ve-itfaiye-araclari-guclendiriliyor\/"},"modified":"2025-03-21T11:42:03","modified_gmt":"2025-03-21T09:42:03","slug":"basbakan-unal-ustel-ankarada-icisleri-bakani-ali-yerlikaya-ile-gorustu-goc-merkezi-calismalari-hizlandiriliyorpolis-ve-itfaiye-araclari-guclendiriliyor","status":"publish","type":"post","link":"https:\/\/haberkuzey.com\/index.php\/2025\/03\/21\/basbakan-unal-ustel-ankarada-icisleri-bakani-ali-yerlikaya-ile-gorustu-goc-merkezi-calismalari-hizlandiriliyorpolis-ve-itfaiye-araclari-guclendiriliyor\/","title":{"rendered":"Ba\u015fbakan \u00dcnal \u00dcstel, Ankara\u2019da \u0130\u00e7i\u015fleri Bakan\u0131 Ali Yerlikaya ile g\u00f6r\u00fc\u015ft\u00fc: \u2018G\u00f6\u00e7 Merkezi \u00e7al\u0131\u015fmalar\u0131 h\u0131zland\u0131r\u0131l\u0131yor,polis ve itfaiye ara\u00e7lar\u0131 g\u00fc\u00e7lendiriliyor\u2019"},"content":{"rendered":"<div>\n<div class=\"mariselle-image-container center\">\n                                            <\/div>\n<p>Ba\u015fbakan \u00dcnal \u00dcstel, Ankara\u2019daki resmi temaslar\u0131 kapsam\u0131nda T\u00fcrkiye Cumhuriyeti \u0130\u00e7i\u015fleri Bakan\u0131 Ali Yerlikaya ile bir araya geldi. \u0130\u00e7i\u015fleri Bakanl\u0131\u011f\u0131\u2019nda resmi t\u00f6renle kar\u015f\u0131lanan \u00dcstel, t\u00f6ren k\u0131tas\u0131n\u0131 selamlad\u0131. G\u00f6r\u00fc\u015fmede, Ba\u015fbakan Yard\u0131mc\u0131s\u0131 Fikri Atao\u011flu da haz\u0131r bulundu.<\/p>\n<p>G\u00f6r\u00fc\u015fmede, Kuzey K\u0131br\u0131s T\u00fcrk Cumhuriyeti  ile T\u00fcrkiye aras\u0131ndaki i\u015f birli\u011fi projeleri ele al\u0131n\u0131rken, \u00f6zellikle d\u00fczensiz g\u00f6\u00e7le m\u00fccadele ve g\u00fcvenlik alan\u0131ndaki i\u015f birli\u011fi konular\u0131na odaklan\u0131ld\u0131.<\/p>\n<p>G\u00f6\u00e7 Merkezi \u00c7al\u0131\u015fmalar\u0131 H\u0131zland\u0131r\u0131l\u0131yor<\/p>\n<p>KKTC\u2019de d\u00fczensiz g\u00f6\u00e7\u00fc \u00f6nlemek amac\u0131yla kurulan g\u00f6\u00e7 merkezinin prosed\u00fcrlerinin h\u0131zla tamamlanmas\u0131, toplant\u0131n\u0131n \u00f6ncelikli g\u00fcndem maddelerinden biri oldu. Merkezin tam kapasiteyle ve etkin bi\u00e7imde faaliyete ge\u00e7mesi i\u00e7in gerekli ad\u0131mlar\u0131n ivedilikle at\u0131lmas\u0131 konusunda mutabakata var\u0131ld\u0131.<\/p>\n<p><strong>G\u00f6\u00e7 Kontrol Ara\u00e7lar\u0131 Da\u011f\u0131t\u0131lacak<\/strong><\/p>\n<p>G\u00f6\u00e7 merkezinin daha etkin \u00e7al\u0131\u015fabilmesi i\u00e7in her il\u00e7eye g\u00f6\u00e7 kontrol ara\u00e7lar\u0131n\u0131n g\u00f6nderilece\u011fi bildirildi. Bu ad\u0131mla, sahadaki denetim kapasitesinin art\u0131r\u0131larak sistemin daha verimli i\u015flemesi hedefleniyor.<\/p>\n<p><strong>Polis ve \u0130tfaiye Ara\u00e7lar\u0131 G\u00fc\u00e7lendirilecek<\/strong><\/p>\n<p>Toplant\u0131da, KKTC polisinin ve itfaiyesinin hizmet ara\u00e7lar\u0131n\u0131n yenilenmesi ve teknik olarak g\u00fc\u00e7lendirilmesi konusu da ele al\u0131nd\u0131. \u0130lgili birimlerle ara\u00e7 tedariki ve modernizasyonu \u00fczerine g\u00f6r\u00fc\u015fmeler ger\u00e7ekle\u015ftirildi.<\/p>\n<\/p><\/div>\n<p><script async\n                    defer\n                    crossorigin=\"anonymous\"\n                    src=\"https:\/\/connect.facebook.net\/tr_TR\/sdk.js#xfbml=1&#038;version=v3.3\"\n            ><\/script><\/p>\n","protected":false},"excerpt":{"rendered":"<p>Ba\u015fbakan \u00dcnal \u00dcstel, Ankara\u2019daki resmi temaslar\u0131 kapsam\u0131nda T\u00fcrkiye Cumhuriyeti \u0130\u00e7i\u015fleri Bakan\u0131 Ali Yerlikaya ile bir araya geldi. \u0130\u00e7i\u015fleri Bakanl\u0131\u011f\u0131\u2019nda resmi t\u00f6renle kar\u015f\u0131lanan \u00dcstel, t\u00f6ren k\u0131tas\u0131n\u0131 selamlad\u0131. G\u00f6r\u00fc\u015fmede, Ba\u015fbakan Yard\u0131mc\u0131s\u0131 Fikri Atao\u011flu da haz\u0131r bulundu. G\u00f6r\u00fc\u015fmede, Kuzey K\u0131br\u0131s T\u00fcrk Cumhuriyeti ile T\u00fcrkiye aras\u0131ndaki i\u015f birli\u011fi projeleri ele al\u0131n\u0131rken, \u00f6zellikle d\u00fczensiz g\u00f6\u00e7le m\u00fccadele ve g\u00fcvenlik alan\u0131ndaki i\u015f [&hellip;]<\/p>\n","protected":false},"author":1,"featured_media":20358,"comment_status":"open","ping_status":"open","sticky":false,"template":"","format":"standard","meta":{"jnews-multi-image_gallery":[],"jnews_single_post":[],"jnews_primary_category":[],"footnotes":""},"categories":[2],"tags":[],"class_list":["post-20357","post","type-post","status-publish","format-standard","has-post-thumbnail","hentry","category-dunya"],"yoast_head":"<!-- This site is optimized with the Yoast SEO plugin v27.5 - https:\/\/yoast.com\/product\/yoast-seo-wordpress\/ -->\n<title>Ba\u015fbakan \u00dcnal \u00dcstel, Ankara\u2019da \u0130\u00e7i\u015fleri Bakan\u0131 Ali Yerlikaya ile g\u00f6r\u00fc\u015ft\u00fc: \u2018G\u00f6\u00e7 Merkezi \u00e7al\u0131\u015fmalar\u0131 h\u0131zland\u0131r\u0131l\u0131yor,polis ve itfaiye ara\u00e7lar\u0131 g\u00fc\u00e7lendiriliyor\u2019 - Haber Kuzey<\/title>\n<meta name=\"robots\" content=\"index, follow, max-snippet:-1, max-image-preview:large, max-video-preview:-1\" \/>\n<link rel=\"canonical\" href=\"https:\/\/haberkuzey.com\/index.php\/2025\/03\/21\/basbakan-unal-ustel-ankarada-icisleri-bakani-ali-yerlikaya-ile-gorustu-goc-merkezi-calismalari-hizlandiriliyorpolis-ve-itfaiye-araclari-guclendiriliyor\/\" \/>\n<meta property=\"og:locale\" content=\"tr_TR\" \/>\n<meta property=\"og:type\" content=\"article\" \/>\n<meta property=\"og:title\" content=\"Ba\u015fbakan \u00dcnal \u00dcstel, Ankara\u2019da \u0130\u00e7i\u015fleri Bakan\u0131 Ali Yerlikaya ile g\u00f6r\u00fc\u015ft\u00fc: \u2018G\u00f6\u00e7 Merkezi \u00e7al\u0131\u015fmalar\u0131 h\u0131zland\u0131r\u0131l\u0131yor,polis ve itfaiye ara\u00e7lar\u0131 g\u00fc\u00e7lendiriliyor\u2019 - Haber Kuzey\" \/>\n<meta property=\"og:description\" content=\"Ba\u015fbakan \u00dcnal \u00dcstel, Ankara\u2019daki resmi temaslar\u0131 kapsam\u0131nda T\u00fcrkiye Cumhuriyeti \u0130\u00e7i\u015fleri Bakan\u0131 Ali Yerlikaya ile bir araya geldi. \u0130\u00e7i\u015fleri Bakanl\u0131\u011f\u0131\u2019nda resmi t\u00f6renle kar\u015f\u0131lanan \u00dcstel, t\u00f6ren k\u0131tas\u0131n\u0131 selamlad\u0131. G\u00f6r\u00fc\u015fmede, Ba\u015fbakan Yard\u0131mc\u0131s\u0131 Fikri Atao\u011flu da haz\u0131r bulundu. G\u00f6r\u00fc\u015fmede, Kuzey K\u0131br\u0131s T\u00fcrk Cumhuriyeti ile T\u00fcrkiye aras\u0131ndaki i\u015f birli\u011fi projeleri ele al\u0131n\u0131rken, \u00f6zellikle d\u00fczensiz g\u00f6\u00e7le m\u00fccadele ve g\u00fcvenlik alan\u0131ndaki i\u015f [&hellip;]\" \/>\n<meta property=\"og:url\" content=\"https:\/\/haberkuzey.com\/index.php\/2025\/03\/21\/basbakan-unal-ustel-ankarada-icisleri-bakani-ali-yerlikaya-ile-gorustu-goc-merkezi-calismalari-hizlandiriliyorpolis-ve-itfaiye-araclari-guclendiriliyor\/\" \/>\n<meta property=\"og:site_name\" content=\"Haber Kuzey\" \/>\n<meta property=\"article:published_time\" content=\"2025-03-21T09:42:03+00:00\" \/>\n<meta property=\"og:image\" content=\"https:\/\/brtk.net\/wp-content\/uploads\/2025\/03\/21\/WhatsApp-Image-2025-03-21-at-12.37-tile-scaled.jpg?ver=df3e9bad2e7a724aafa30855683dec26\" \/>\n<meta name=\"author\" content=\"haberkuzey\" \/>\n<meta name=\"twitter:card\" content=\"summary_large_image\" \/>\n<meta name=\"twitter:label1\" content=\"Yazan:\" \/>\n\t<meta name=\"twitter:data1\" content=\"haberkuzey\" \/>\n\t<meta name=\"twitter:label2\" content=\"Tahmini okuma s\u00fcresi\" \/>\n\t<meta name=\"twitter:data2\" content=\"1 dakika\" \/>\n<script type=\"application\/ld+json\" class=\"yoast-schema-graph\">{\"@context\":\"https:\\\/\\\/schema.org\",\"@graph\":[{\"@type\":\"Article\",\"@id\":\"https:\\\/\\\/haberkuzey.com\\\/index.php\\\/2025\\\/03\\\/21\\\/basbakan-unal-ustel-ankarada-icisleri-bakani-ali-yerlikaya-ile-gorustu-goc-merkezi-calismalari-hizlandiriliyorpolis-ve-itfaiye-araclari-guclendiriliyor\\\/#article\",\"isPartOf\":{\"@id\":\"https:\\\/\\\/haberkuzey.com\\\/index.php\\\/2025\\\/03\\\/21\\\/basbakan-unal-ustel-ankarada-icisleri-bakani-ali-yerlikaya-ile-gorustu-goc-merkezi-calismalari-hizlandiriliyorpolis-ve-itfaiye-araclari-guclendiriliyor\\\/\"},\"author\":{\"name\":\"haberkuzey\",\"@id\":\"https:\\\/\\\/haberkuzey.com\\\/#\\\/schema\\\/person\\\/3372109ec735f9333f4fa47ebb9605ca\"},\"headline\":\"Ba\u015fbakan \u00dcnal \u00dcstel, Ankara\u2019da \u0130\u00e7i\u015fleri Bakan\u0131 Ali Yerlikaya ile g\u00f6r\u00fc\u015ft\u00fc: \u2018G\u00f6\u00e7 Merkezi \u00e7al\u0131\u015fmalar\u0131 h\u0131zland\u0131r\u0131l\u0131yor,polis ve itfaiye ara\u00e7lar\u0131 g\u00fc\u00e7lendiriliyor\u2019\",\"datePublished\":\"2025-03-21T09:42:03+00:00\",\"mainEntityOfPage\":{\"@id\":\"https:\\\/\\\/haberkuzey.com\\\/index.php\\\/2025\\\/03\\\/21\\\/basbakan-unal-ustel-ankarada-icisleri-bakani-ali-yerlikaya-ile-gorustu-goc-merkezi-calismalari-hizlandiriliyorpolis-ve-itfaiye-araclari-guclendiriliyor\\\/\"},\"wordCount\":268,\"commentCount\":0,\"image\":{\"@id\":\"https:\\\/\\\/haberkuzey.com\\\/index.php\\\/2025\\\/03\\\/21\\\/basbakan-unal-ustel-ankarada-icisleri-bakani-ali-yerlikaya-ile-gorustu-goc-merkezi-calismalari-hizlandiriliyorpolis-ve-itfaiye-araclari-guclendiriliyor\\\/#primaryimage\"},\"thumbnailUrl\":\"https:\\\/\\\/haberkuzey.com\\\/wp-content\\\/uploads\\\/2025\\\/03\\\/WhatsApp-Image-2025-03-21-at-12.37-tile-scaled.jpg\",\"articleSection\":[\"D\u00fcnya\"],\"inLanguage\":\"tr\",\"potentialAction\":[{\"@type\":\"CommentAction\",\"name\":\"Comment\",\"target\":[\"https:\\\/\\\/haberkuzey.com\\\/index.php\\\/2025\\\/03\\\/21\\\/basbakan-unal-ustel-ankarada-icisleri-bakani-ali-yerlikaya-ile-gorustu-goc-merkezi-calismalari-hizlandiriliyorpolis-ve-itfaiye-araclari-guclendiriliyor\\\/#respond\"]}]},{\"@type\":\"WebPage\",\"@id\":\"https:\\\/\\\/haberkuzey.com\\\/index.php\\\/2025\\\/03\\\/21\\\/basbakan-unal-ustel-ankarada-icisleri-bakani-ali-yerlikaya-ile-gorustu-goc-merkezi-calismalari-hizlandiriliyorpolis-ve-itfaiye-araclari-guclendiriliyor\\\/\",\"url\":\"https:\\\/\\\/haberkuzey.com\\\/index.php\\\/2025\\\/03\\\/21\\\/basbakan-unal-ustel-ankarada-icisleri-bakani-ali-yerlikaya-ile-gorustu-goc-merkezi-calismalari-hizlandiriliyorpolis-ve-itfaiye-araclari-guclendiriliyor\\\/\",\"name\":\"Ba\u015fbakan \u00dcnal \u00dcstel, Ankara\u2019da \u0130\u00e7i\u015fleri Bakan\u0131 Ali Yerlikaya ile g\u00f6r\u00fc\u015ft\u00fc: \u2018G\u00f6\u00e7 Merkezi \u00e7al\u0131\u015fmalar\u0131 h\u0131zland\u0131r\u0131l\u0131yor,polis ve itfaiye ara\u00e7lar\u0131 g\u00fc\u00e7lendiriliyor\u2019 - Haber Kuzey\",\"isPartOf\":{\"@id\":\"https:\\\/\\\/haberkuzey.com\\\/#website\"},\"primaryImageOfPage\":{\"@id\":\"https:\\\/\\\/haberkuzey.com\\\/index.php\\\/2025\\\/03\\\/21\\\/basbakan-unal-ustel-ankarada-icisleri-bakani-ali-yerlikaya-ile-gorustu-goc-merkezi-calismalari-hizlandiriliyorpolis-ve-itfaiye-araclari-guclendiriliyor\\\/#primaryimage\"},\"image\":{\"@id\":\"https:\\\/\\\/haberkuzey.com\\\/index.php\\\/2025\\\/03\\\/21\\\/basbakan-unal-ustel-ankarada-icisleri-bakani-ali-yerlikaya-ile-gorustu-goc-merkezi-calismalari-hizlandiriliyorpolis-ve-itfaiye-araclari-guclendiriliyor\\\/#primaryimage\"},\"thumbnailUrl\":\"https:\\\/\\\/haberkuzey.com\\\/wp-content\\\/uploads\\\/2025\\\/03\\\/WhatsApp-Image-2025-03-21-at-12.37-tile-scaled.jpg\",\"datePublished\":\"2025-03-21T09:42:03+00:00\",\"author\":{\"@id\":\"https:\\\/\\\/haberkuzey.com\\\/#\\\/schema\\\/person\\\/3372109ec735f9333f4fa47ebb9605ca\"},\"breadcrumb\":{\"@id\":\"https:\\\/\\\/haberkuzey.com\\\/index.php\\\/2025\\\/03\\\/21\\\/basbakan-unal-ustel-ankarada-icisleri-bakani-ali-yerlikaya-ile-gorustu-goc-merkezi-calismalari-hizlandiriliyorpolis-ve-itfaiye-araclari-guclendiriliyor\\\/#breadcrumb\"},\"inLanguage\":\"tr\",\"potentialAction\":[{\"@type\":\"ReadAction\",\"target\":[\"https:\\\/\\\/haberkuzey.com\\\/index.php\\\/2025\\\/03\\\/21\\\/basbakan-unal-ustel-ankarada-icisleri-bakani-ali-yerlikaya-ile-gorustu-goc-merkezi-calismalari-hizlandiriliyorpolis-ve-itfaiye-araclari-guclendiriliyor\\\/\"]}]},{\"@type\":\"ImageObject\",\"inLanguage\":\"tr\",\"@id\":\"https:\\\/\\\/haberkuzey.com\\\/index.php\\\/2025\\\/03\\\/21\\\/basbakan-unal-ustel-ankarada-icisleri-bakani-ali-yerlikaya-ile-gorustu-goc-merkezi-calismalari-hizlandiriliyorpolis-ve-itfaiye-araclari-guclendiriliyor\\\/#primaryimage\",\"url\":\"https:\\\/\\\/haberkuzey.com\\\/wp-content\\\/uploads\\\/2025\\\/03\\\/WhatsApp-Image-2025-03-21-at-12.37-tile-scaled.jpg\",\"contentUrl\":\"https:\\\/\\\/haberkuzey.com\\\/wp-content\\\/uploads\\\/2025\\\/03\\\/WhatsApp-Image-2025-03-21-at-12.37-tile-scaled.jpg\",\"width\":2560,\"height\":1709},{\"@type\":\"BreadcrumbList\",\"@id\":\"https:\\\/\\\/haberkuzey.com\\\/index.php\\\/2025\\\/03\\\/21\\\/basbakan-unal-ustel-ankarada-icisleri-bakani-ali-yerlikaya-ile-gorustu-goc-merkezi-calismalari-hizlandiriliyorpolis-ve-itfaiye-araclari-guclendiriliyor\\\/#breadcrumb\",\"itemListElement\":[{\"@type\":\"ListItem\",\"position\":1,\"name\":\"Anasayfa\",\"item\":\"https:\\\/\\\/haberkuzey.com\\\/\"},{\"@type\":\"ListItem\",\"position\":2,\"name\":\"Ba\u015fbakan \u00dcnal \u00dcstel, Ankara\u2019da \u0130\u00e7i\u015fleri Bakan\u0131 Ali Yerlikaya ile g\u00f6r\u00fc\u015ft\u00fc: \u2018G\u00f6\u00e7 Merkezi \u00e7al\u0131\u015fmalar\u0131 h\u0131zland\u0131r\u0131l\u0131yor,polis ve itfaiye ara\u00e7lar\u0131 g\u00fc\u00e7lendiriliyor\u2019\"}]},{\"@type\":\"WebSite\",\"@id\":\"https:\\\/\\\/haberkuzey.com\\\/#website\",\"url\":\"https:\\\/\\\/haberkuzey.com\\\/\",\"name\":\"Haber Kuzey\",\"description\":\"Do\u011fru Haberin Adresi\",\"potentialAction\":[{\"@type\":\"SearchAction\",\"target\":{\"@type\":\"EntryPoint\",\"urlTemplate\":\"https:\\\/\\\/haberkuzey.com\\\/?s={search_term_string}\"},\"query-input\":{\"@type\":\"PropertyValueSpecification\",\"valueRequired\":true,\"valueName\":\"search_term_string\"}}],\"inLanguage\":\"tr\"},{\"@type\":\"Person\",\"@id\":\"https:\\\/\\\/haberkuzey.com\\\/#\\\/schema\\\/person\\\/3372109ec735f9333f4fa47ebb9605ca\",\"name\":\"haberkuzey\",\"image\":{\"@type\":\"ImageObject\",\"inLanguage\":\"tr\",\"@id\":\"https:\\\/\\\/secure.gravatar.com\\\/avatar\\\/f5fc875574b1575324358c3b9e6a32b8227aa5b74f3fa22e3cadb63e26fcc39c?s=96&d=mm&r=g\",\"url\":\"https:\\\/\\\/secure.gravatar.com\\\/avatar\\\/f5fc875574b1575324358c3b9e6a32b8227aa5b74f3fa22e3cadb63e26fcc39c?s=96&d=mm&r=g\",\"contentUrl\":\"https:\\\/\\\/secure.gravatar.com\\\/avatar\\\/f5fc875574b1575324358c3b9e6a32b8227aa5b74f3fa22e3cadb63e26fcc39c?s=96&d=mm&r=g\",\"caption\":\"haberkuzey\"},\"sameAs\":[\"https:\\\/\\\/haberkuzey.com\"],\"url\":\"https:\\\/\\\/haberkuzey.com\\\/index.php\\\/author\\\/haberkuzey\\\/\"}]}<\/script>\n<!-- \/ Yoast SEO plugin. -->","yoast_head_json":{"title":"Ba\u015fbakan \u00dcnal \u00dcstel, Ankara\u2019da \u0130\u00e7i\u015fleri Bakan\u0131 Ali Yerlikaya ile g\u00f6r\u00fc\u015ft\u00fc: \u2018G\u00f6\u00e7 Merkezi \u00e7al\u0131\u015fmalar\u0131 h\u0131zland\u0131r\u0131l\u0131yor,polis ve itfaiye ara\u00e7lar\u0131 g\u00fc\u00e7lendiriliyor\u2019 - Haber Kuzey","robots":{"index":"index","follow":"follow","max-snippet":"max-snippet:-1","max-image-preview":"max-image-preview:large","max-video-preview":"max-video-preview:-1"},"canonical":"https:\/\/haberkuzey.com\/index.php\/2025\/03\/21\/basbakan-unal-ustel-ankarada-icisleri-bakani-ali-yerlikaya-ile-gorustu-goc-merkezi-calismalari-hizlandiriliyorpolis-ve-itfaiye-araclari-guclendiriliyor\/","og_locale":"tr_TR","og_type":"article","og_title":"Ba\u015fbakan \u00dcnal \u00dcstel, Ankara\u2019da \u0130\u00e7i\u015fleri Bakan\u0131 Ali Yerlikaya ile g\u00f6r\u00fc\u015ft\u00fc: \u2018G\u00f6\u00e7 Merkezi \u00e7al\u0131\u015fmalar\u0131 h\u0131zland\u0131r\u0131l\u0131yor,polis ve itfaiye ara\u00e7lar\u0131 g\u00fc\u00e7lendiriliyor\u2019 - Haber Kuzey","og_description":"Ba\u015fbakan \u00dcnal \u00dcstel, Ankara\u2019daki resmi temaslar\u0131 kapsam\u0131nda T\u00fcrkiye Cumhuriyeti \u0130\u00e7i\u015fleri Bakan\u0131 Ali Yerlikaya ile bir araya geldi. \u0130\u00e7i\u015fleri Bakanl\u0131\u011f\u0131\u2019nda resmi t\u00f6renle kar\u015f\u0131lanan \u00dcstel, t\u00f6ren k\u0131tas\u0131n\u0131 selamlad\u0131. G\u00f6r\u00fc\u015fmede, Ba\u015fbakan Yard\u0131mc\u0131s\u0131 Fikri Atao\u011flu da haz\u0131r bulundu. G\u00f6r\u00fc\u015fmede, Kuzey K\u0131br\u0131s T\u00fcrk Cumhuriyeti ile T\u00fcrkiye aras\u0131ndaki i\u015f birli\u011fi projeleri ele al\u0131n\u0131rken, \u00f6zellikle d\u00fczensiz g\u00f6\u00e7le m\u00fccadele ve g\u00fcvenlik alan\u0131ndaki i\u015f [&hellip;]","og_url":"https:\/\/haberkuzey.com\/index.php\/2025\/03\/21\/basbakan-unal-ustel-ankarada-icisleri-bakani-ali-yerlikaya-ile-gorustu-goc-merkezi-calismalari-hizlandiriliyorpolis-ve-itfaiye-araclari-guclendiriliyor\/","og_site_name":"Haber Kuzey","article_published_time":"2025-03-21T09:42:03+00:00","og_image":[{"url":"https:\/\/brtk.net\/wp-content\/uploads\/2025\/03\/21\/WhatsApp-Image-2025-03-21-at-12.37-tile-scaled.jpg?ver=df3e9bad2e7a724aafa30855683dec26","type":"","width":"","height":""}],"author":"haberkuzey","twitter_card":"summary_large_image","twitter_misc":{"Yazan:":"haberkuzey","Tahmini okuma s\u00fcresi":"1 dakika"},"schema":{"@context":"https:\/\/schema.org","@graph":[{"@type":"Article","@id":"https:\/\/haberkuzey.com\/index.php\/2025\/03\/21\/basbakan-unal-ustel-ankarada-icisleri-bakani-ali-yerlikaya-ile-gorustu-goc-merkezi-calismalari-hizlandiriliyorpolis-ve-itfaiye-araclari-guclendiriliyor\/#article","isPartOf":{"@id":"https:\/\/haberkuzey.com\/index.php\/2025\/03\/21\/basbakan-unal-ustel-ankarada-icisleri-bakani-ali-yerlikaya-ile-gorustu-goc-merkezi-calismalari-hizlandiriliyorpolis-ve-itfaiye-araclari-guclendiriliyor\/"},"author":{"name":"haberkuzey","@id":"https:\/\/haberkuzey.com\/#\/schema\/person\/3372109ec735f9333f4fa47ebb9605ca"},"headline":"Ba\u015fbakan \u00dcnal \u00dcstel, Ankara\u2019da \u0130\u00e7i\u015fleri Bakan\u0131 Ali Yerlikaya ile g\u00f6r\u00fc\u015ft\u00fc: \u2018G\u00f6\u00e7 Merkezi \u00e7al\u0131\u015fmalar\u0131 h\u0131zland\u0131r\u0131l\u0131yor,polis ve itfaiye ara\u00e7lar\u0131 g\u00fc\u00e7lendiriliyor\u2019","datePublished":"2025-03-21T09:42:03+00:00","mainEntityOfPage":{"@id":"https:\/\/haberkuzey.com\/index.php\/2025\/03\/21\/basbakan-unal-ustel-ankarada-icisleri-bakani-ali-yerlikaya-ile-gorustu-goc-merkezi-calismalari-hizlandiriliyorpolis-ve-itfaiye-araclari-guclendiriliyor\/"},"wordCount":268,"commentCount":0,"image":{"@id":"https:\/\/haberkuzey.com\/index.php\/2025\/03\/21\/basbakan-unal-ustel-ankarada-icisleri-bakani-ali-yerlikaya-ile-gorustu-goc-merkezi-calismalari-hizlandiriliyorpolis-ve-itfaiye-araclari-guclendiriliyor\/#primaryimage"},"thumbnailUrl":"https:\/\/haberkuzey.com\/wp-content\/uploads\/2025\/03\/WhatsApp-Image-2025-03-21-at-12.37-tile-scaled.jpg","articleSection":["D\u00fcnya"],"inLanguage":"tr","potentialAction":[{"@type":"CommentAction","name":"Comment","target":["https:\/\/haberkuzey.com\/index.php\/2025\/03\/21\/basbakan-unal-ustel-ankarada-icisleri-bakani-ali-yerlikaya-ile-gorustu-goc-merkezi-calismalari-hizlandiriliyorpolis-ve-itfaiye-araclari-guclendiriliyor\/#respond"]}]},{"@type":"WebPage","@id":"https:\/\/haberkuzey.com\/index.php\/2025\/03\/21\/basbakan-unal-ustel-ankarada-icisleri-bakani-ali-yerlikaya-ile-gorustu-goc-merkezi-calismalari-hizlandiriliyorpolis-ve-itfaiye-araclari-guclendiriliyor\/","url":"https:\/\/haberkuzey.com\/index.php\/2025\/03\/21\/basbakan-unal-ustel-ankarada-icisleri-bakani-ali-yerlikaya-ile-gorustu-goc-merkezi-calismalari-hizlandiriliyorpolis-ve-itfaiye-araclari-guclendiriliyor\/","name":"Ba\u015fbakan \u00dcnal \u00dcstel, Ankara\u2019da \u0130\u00e7i\u015fleri Bakan\u0131 Ali Yerlikaya ile g\u00f6r\u00fc\u015ft\u00fc: \u2018G\u00f6\u00e7 Merkezi \u00e7al\u0131\u015fmalar\u0131 h\u0131zland\u0131r\u0131l\u0131yor,polis ve itfaiye ara\u00e7lar\u0131 g\u00fc\u00e7lendiriliyor\u2019 - Haber Kuzey","isPartOf":{"@id":"https:\/\/haberkuzey.com\/#website"},"primaryImageOfPage":{"@id":"https:\/\/haberkuzey.com\/index.php\/2025\/03\/21\/basbakan-unal-ustel-ankarada-icisleri-bakani-ali-yerlikaya-ile-gorustu-goc-merkezi-calismalari-hizlandiriliyorpolis-ve-itfaiye-araclari-guclendiriliyor\/#primaryimage"},"image":{"@id":"https:\/\/haberkuzey.com\/index.php\/2025\/03\/21\/basbakan-unal-ustel-ankarada-icisleri-bakani-ali-yerlikaya-ile-gorustu-goc-merkezi-calismalari-hizlandiriliyorpolis-ve-itfaiye-araclari-guclendiriliyor\/#primaryimage"},"thumbnailUrl":"https:\/\/haberkuzey.com\/wp-content\/uploads\/2025\/03\/WhatsApp-Image-2025-03-21-at-12.37-tile-scaled.jpg","datePublished":"2025-03-21T09:42:03+00:00","author":{"@id":"https:\/\/haberkuzey.com\/#\/schema\/person\/3372109ec735f9333f4fa47ebb9605ca"},"breadcrumb":{"@id":"https:\/\/haberkuzey.com\/index.php\/2025\/03\/21\/basbakan-unal-ustel-ankarada-icisleri-bakani-ali-yerlikaya-ile-gorustu-goc-merkezi-calismalari-hizlandiriliyorpolis-ve-itfaiye-araclari-guclendiriliyor\/#breadcrumb"},"inLanguage":"tr","potentialAction":[{"@type":"ReadAction","target":["https:\/\/haberkuzey.com\/index.php\/2025\/03\/21\/basbakan-unal-ustel-ankarada-icisleri-bakani-ali-yerlikaya-ile-gorustu-goc-merkezi-calismalari-hizlandiriliyorpolis-ve-itfaiye-araclari-guclendiriliyor\/"]}]},{"@type":"ImageObject","inLanguage":"tr","@id":"https:\/\/haberkuzey.com\/index.php\/2025\/03\/21\/basbakan-unal-ustel-ankarada-icisleri-bakani-ali-yerlikaya-ile-gorustu-goc-merkezi-calismalari-hizlandiriliyorpolis-ve-itfaiye-araclari-guclendiriliyor\/#primaryimage","url":"https:\/\/haberkuzey.com\/wp-content\/uploads\/2025\/03\/WhatsApp-Image-2025-03-21-at-12.37-tile-scaled.jpg","contentUrl":"https:\/\/haberkuzey.com\/wp-content\/uploads\/2025\/03\/WhatsApp-Image-2025-03-21-at-12.37-tile-scaled.jpg","width":2560,"height":1709},{"@type":"BreadcrumbList","@id":"https:\/\/haberkuzey.com\/index.php\/2025\/03\/21\/basbakan-unal-ustel-ankarada-icisleri-bakani-ali-yerlikaya-ile-gorustu-goc-merkezi-calismalari-hizlandiriliyorpolis-ve-itfaiye-araclari-guclendiriliyor\/#breadcrumb","itemListElement":[{"@type":"ListItem","position":1,"name":"Anasayfa","item":"https:\/\/haberkuzey.com\/"},{"@type":"ListItem","position":2,"name":"Ba\u015fbakan \u00dcnal \u00dcstel, Ankara\u2019da \u0130\u00e7i\u015fleri Bakan\u0131 Ali Yerlikaya ile g\u00f6r\u00fc\u015ft\u00fc: \u2018G\u00f6\u00e7 Merkezi \u00e7al\u0131\u015fmalar\u0131 h\u0131zland\u0131r\u0131l\u0131yor,polis ve itfaiye ara\u00e7lar\u0131 g\u00fc\u00e7lendiriliyor\u2019"}]},{"@type":"WebSite","@id":"https:\/\/haberkuzey.com\/#website","url":"https:\/\/haberkuzey.com\/","name":"Haber Kuzey","description":"Do\u011fru Haberin Adresi","potentialAction":[{"@type":"SearchAction","target":{"@type":"EntryPoint","urlTemplate":"https:\/\/haberkuzey.com\/?s={search_term_string}"},"query-input":{"@type":"PropertyValueSpecification","valueRequired":true,"valueName":"search_term_string"}}],"inLanguage":"tr"},{"@type":"Person","@id":"https:\/\/haberkuzey.com\/#\/schema\/person\/3372109ec735f9333f4fa47ebb9605ca","name":"haberkuzey","image":{"@type":"ImageObject","inLanguage":"tr","@id":"https:\/\/secure.gravatar.com\/avatar\/f5fc875574b1575324358c3b9e6a32b8227aa5b74f3fa22e3cadb63e26fcc39c?s=96&d=mm&r=g","url":"https:\/\/secure.gravatar.com\/avatar\/f5fc875574b1575324358c3b9e6a32b8227aa5b74f3fa22e3cadb63e26fcc39c?s=96&d=mm&r=g","contentUrl":"https:\/\/secure.gravatar.com\/avatar\/f5fc875574b1575324358c3b9e6a32b8227aa5b74f3fa22e3cadb63e26fcc39c?s=96&d=mm&r=g","caption":"haberkuzey"},"sameAs":["https:\/\/haberkuzey.com"],"url":"https:\/\/haberkuzey.com\/index.php\/author\/haberkuzey\/"}]}},"_links":{"self":[{"href":"https:\/\/haberkuzey.com\/index.php\/wp-json\/wp\/v2\/posts\/20357","targetHints":{"allow":["GET"]}}],"collection":[{"href":"https:\/\/haberkuzey.com\/index.php\/wp-json\/wp\/v2\/posts"}],"about":[{"href":"https:\/\/haberkuzey.com\/index.php\/wp-json\/wp\/v2\/types\/post"}],"author":[{"embeddable":true,"href":"https:\/\/haberkuzey.com\/index.php\/wp-json\/wp\/v2\/users\/1"}],"replies":[{"embeddable":true,"href":"https:\/\/haberkuzey.com\/index.php\/wp-json\/wp\/v2\/comments?post=20357"}],"version-history":[{"count":0,"href":"https:\/\/haberkuzey.com\/index.php\/wp-json\/wp\/v2\/posts\/20357\/revisions"}],"wp:featuredmedia":[{"embeddable":true,"href":"https:\/\/haberkuzey.com\/index.php\/wp-json\/wp\/v2\/media\/20358"}],"wp:attachment":[{"href":"https:\/\/haberkuzey.com\/index.php\/wp-json\/wp\/v2\/media?parent=20357"}],"wp:term":[{"taxonomy":"category","embeddable":true,"href":"https:\/\/haberkuzey.com\/index.php\/wp-json\/wp\/v2\/categories?post=20357"},{"taxonomy":"post_tag","embeddable":true,"href":"https:\/\/haberkuzey.com\/index.php\/wp-json\/wp\/v2\/tags?post=20357"}],"curies":[{"name":"wp","href":"https:\/\/api.w.org\/{rel}","templated":true}]}}