{"id":20353,"date":"2025-03-21T11:30:29","date_gmt":"2025-03-21T09:30:29","guid":{"rendered":"https:\/\/haberkuzey.com\/index.php\/2025\/03\/21\/istanbul-buyuksehir-belediye-baskani-imamoglunun-yolsuzluk-ve-teror-suclamalariyla-gozaltina-alindigi-sorusturma-suruyor\/"},"modified":"2025-03-21T11:30:29","modified_gmt":"2025-03-21T09:30:29","slug":"istanbul-buyuksehir-belediye-baskani-imamoglunun-yolsuzluk-ve-teror-suclamalariyla-gozaltina-alindigi-sorusturma-suruyor","status":"publish","type":"post","link":"https:\/\/haberkuzey.com\/index.php\/2025\/03\/21\/istanbul-buyuksehir-belediye-baskani-imamoglunun-yolsuzluk-ve-teror-suclamalariyla-gozaltina-alindigi-sorusturma-suruyor\/","title":{"rendered":"\u0130stanbul B\u00fcy\u00fck\u015fehir Belediye Ba\u015fkan\u0131 \u0130mamo\u011flu\u2019nun yolsuzluk ve ter\u00f6r su\u00e7lamalar\u0131yla g\u00f6zalt\u0131na al\u0131nd\u0131\u011f\u0131 soru\u015fturma s\u00fcr\u00fcyor"},"content":{"rendered":"<div>\n<div class=\"mariselle-image-container center\">\n                                            <\/div>\n<p>\u0130stanbul B\u00fcy\u00fck\u015fehir Belediye Ba\u015fkan\u0131 Ekrem \u0130mamo\u011flu\u2019nun yolsuzluk ve ter\u00f6r su\u00e7lamalar\u0131yla g\u00f6zalt\u0131na al\u0131nd\u0131\u011f\u0131 soru\u015fturma s\u00fcr\u00fcyor.<\/p>\n<p>\u0130BB Meclisi \u0130\u015ftirakler ve Ba\u011fl\u0131 Kurulu\u015flar Komisyonu Ba\u015fkan\u0131 Ertan Y\u0131ld\u0131z\u2019\u0131n da g\u00f6zalt\u0131na al\u0131nmas\u0131yla g\u00f6zalt\u0131 say\u0131s\u0131 88\u2019e y\u00fckseldi. <\/p>\n<p>Soru\u015fturma kapsam\u0131nda \u0130mamo\u011flu\u2019nun orta\u011f\u0131 oldu\u011fu \u015firketle Murat Ongun\u2019un malvarl\u0131\u011f\u0131na el konuldu. G\u00f6zalt\u0131ndaki \u015f\u00fcphelilerin ifade i\u015flemleri s\u00fcrerken, \u0130mamo\u011flu\u2019nun ifadesinin en son al\u0131naca\u011f\u0131 bildirildi.<\/p>\n<p>\u00d6te yandan T\u00fcrkiye \u0130\u00e7i\u015fleri Bakan\u0131 Ali Yerlikaya CHP Genel Ba\u015fkan\u0131 \u00d6zg\u00fcr \u00d6zel\u2019in sokak \u00e7a\u011fr\u0131s\u0131n\u0131n ard\u0131ndan ba\u015flayan olaylarda 16 polisin yaraland\u0131\u011f\u0131n\u0131 g\u00f6sterilerde 53 \u015fahsa i\u015flem yap\u0131ld\u0131\u011f\u0131n\u0131 a\u00e7\u0131klad\u0131.<\/p>\n<p>Yerlikaya, baz\u0131 sosyal medya hesaplar\u0131 \u00fczerinden \u201cHalk\u0131 Kin ve D\u00fc\u015fmanl\u0131\u011fa Tahrik\u201d ve \u201cSu\u00e7 \u0130\u015flemeye Tahrik\u201d su\u00e7lar\u0131 kapsam\u0131nda 72\u2019si yurt d\u0131\u015f\u0131nda olmak \u00fczere toplam 326 \u015f\u00fcpheli hesap y\u00f6neticisinin tespit edildi\u011fini de belirtti.<\/p>\n<\/p><\/div>\n<p><script async\n                    defer\n                    crossorigin=\"anonymous\"\n                    src=\"https:\/\/connect.facebook.net\/tr_TR\/sdk.js#xfbml=1&#038;version=v3.3\"\n            ><\/script><\/p>\n","protected":false},"excerpt":{"rendered":"<p>\u0130stanbul B\u00fcy\u00fck\u015fehir Belediye Ba\u015fkan\u0131 Ekrem \u0130mamo\u011flu\u2019nun yolsuzluk ve ter\u00f6r su\u00e7lamalar\u0131yla g\u00f6zalt\u0131na al\u0131nd\u0131\u011f\u0131 soru\u015fturma s\u00fcr\u00fcyor. \u0130BB Meclisi \u0130\u015ftirakler ve Ba\u011fl\u0131 Kurulu\u015flar Komisyonu Ba\u015fkan\u0131 Ertan Y\u0131ld\u0131z\u2019\u0131n da g\u00f6zalt\u0131na al\u0131nmas\u0131yla g\u00f6zalt\u0131 say\u0131s\u0131 88\u2019e y\u00fckseldi. Soru\u015fturma kapsam\u0131nda \u0130mamo\u011flu\u2019nun orta\u011f\u0131 oldu\u011fu \u015firketle Murat Ongun\u2019un malvarl\u0131\u011f\u0131na el konuldu. G\u00f6zalt\u0131ndaki \u015f\u00fcphelilerin ifade i\u015flemleri s\u00fcrerken, \u0130mamo\u011flu\u2019nun ifadesinin en son al\u0131naca\u011f\u0131 bildirildi. \u00d6te yandan [&hellip;]<\/p>\n","protected":false},"author":1,"featured_media":20354,"comment_status":"open","ping_status":"open","sticky":false,"template":"","format":"standard","meta":{"jnews-multi-image_gallery":[],"jnews_single_post":[],"jnews_primary_category":[],"footnotes":""},"categories":[2],"tags":[],"class_list":["post-20353","post","type-post","status-publish","format-standard","has-post-thumbnail","hentry","category-dunya"],"yoast_head":"<!-- This site is optimized with the Yoast SEO plugin v27.5 - https:\/\/yoast.com\/product\/yoast-seo-wordpress\/ -->\n<title>\u0130stanbul B\u00fcy\u00fck\u015fehir Belediye Ba\u015fkan\u0131 \u0130mamo\u011flu\u2019nun yolsuzluk ve ter\u00f6r su\u00e7lamalar\u0131yla g\u00f6zalt\u0131na al\u0131nd\u0131\u011f\u0131 soru\u015fturma s\u00fcr\u00fcyor - Haber Kuzey<\/title>\n<meta name=\"robots\" content=\"index, follow, max-snippet:-1, max-image-preview:large, max-video-preview:-1\" \/>\n<link rel=\"canonical\" href=\"https:\/\/haberkuzey.com\/index.php\/2025\/03\/21\/istanbul-buyuksehir-belediye-baskani-imamoglunun-yolsuzluk-ve-teror-suclamalariyla-gozaltina-alindigi-sorusturma-suruyor\/\" \/>\n<meta property=\"og:locale\" content=\"tr_TR\" \/>\n<meta property=\"og:type\" content=\"article\" \/>\n<meta property=\"og:title\" content=\"\u0130stanbul B\u00fcy\u00fck\u015fehir Belediye Ba\u015fkan\u0131 \u0130mamo\u011flu\u2019nun yolsuzluk ve ter\u00f6r su\u00e7lamalar\u0131yla g\u00f6zalt\u0131na al\u0131nd\u0131\u011f\u0131 soru\u015fturma s\u00fcr\u00fcyor - Haber Kuzey\" \/>\n<meta property=\"og:description\" content=\"\u0130stanbul B\u00fcy\u00fck\u015fehir Belediye Ba\u015fkan\u0131 Ekrem \u0130mamo\u011flu\u2019nun yolsuzluk ve ter\u00f6r su\u00e7lamalar\u0131yla g\u00f6zalt\u0131na al\u0131nd\u0131\u011f\u0131 soru\u015fturma s\u00fcr\u00fcyor. \u0130BB Meclisi \u0130\u015ftirakler ve Ba\u011fl\u0131 Kurulu\u015flar Komisyonu Ba\u015fkan\u0131 Ertan Y\u0131ld\u0131z\u2019\u0131n da g\u00f6zalt\u0131na al\u0131nmas\u0131yla g\u00f6zalt\u0131 say\u0131s\u0131 88\u2019e y\u00fckseldi. Soru\u015fturma kapsam\u0131nda \u0130mamo\u011flu\u2019nun orta\u011f\u0131 oldu\u011fu \u015firketle Murat Ongun\u2019un malvarl\u0131\u011f\u0131na el konuldu. G\u00f6zalt\u0131ndaki \u015f\u00fcphelilerin ifade i\u015flemleri s\u00fcrerken, \u0130mamo\u011flu\u2019nun ifadesinin en son al\u0131naca\u011f\u0131 bildirildi. \u00d6te yandan [&hellip;]\" \/>\n<meta property=\"og:url\" content=\"https:\/\/haberkuzey.com\/index.php\/2025\/03\/21\/istanbul-buyuksehir-belediye-baskani-imamoglunun-yolsuzluk-ve-teror-suclamalariyla-gozaltina-alindigi-sorusturma-suruyor\/\" \/>\n<meta property=\"og:site_name\" content=\"Haber Kuzey\" \/>\n<meta property=\"article:published_time\" content=\"2025-03-21T09:30:29+00:00\" \/>\n<meta property=\"og:image\" content=\"https:\/\/brtk.net\/wp-content\/uploads\/2025\/03\/21\/imamogluuu.jpg?ver=b3087865d0ff0a39c06c4f8bf7f3e6e9\" \/>\n<meta name=\"author\" content=\"haberkuzey\" \/>\n<meta name=\"twitter:card\" content=\"summary_large_image\" \/>\n<meta name=\"twitter:label1\" content=\"Yazan:\" \/>\n\t<meta name=\"twitter:data1\" content=\"haberkuzey\" \/>\n\t<meta name=\"twitter:label2\" content=\"Tahmini okuma s\u00fcresi\" \/>\n\t<meta name=\"twitter:data2\" content=\"1 dakika\" \/>\n<script type=\"application\/ld+json\" class=\"yoast-schema-graph\">{\"@context\":\"https:\\\/\\\/schema.org\",\"@graph\":[{\"@type\":\"Article\",\"@id\":\"https:\\\/\\\/haberkuzey.com\\\/index.php\\\/2025\\\/03\\\/21\\\/istanbul-buyuksehir-belediye-baskani-imamoglunun-yolsuzluk-ve-teror-suclamalariyla-gozaltina-alindigi-sorusturma-suruyor\\\/#article\",\"isPartOf\":{\"@id\":\"https:\\\/\\\/haberkuzey.com\\\/index.php\\\/2025\\\/03\\\/21\\\/istanbul-buyuksehir-belediye-baskani-imamoglunun-yolsuzluk-ve-teror-suclamalariyla-gozaltina-alindigi-sorusturma-suruyor\\\/\"},\"author\":{\"name\":\"haberkuzey\",\"@id\":\"https:\\\/\\\/haberkuzey.com\\\/#\\\/schema\\\/person\\\/3372109ec735f9333f4fa47ebb9605ca\"},\"headline\":\"\u0130stanbul B\u00fcy\u00fck\u015fehir Belediye Ba\u015fkan\u0131 \u0130mamo\u011flu\u2019nun yolsuzluk ve ter\u00f6r su\u00e7lamalar\u0131yla g\u00f6zalt\u0131na al\u0131nd\u0131\u011f\u0131 soru\u015fturma s\u00fcr\u00fcyor\",\"datePublished\":\"2025-03-21T09:30:29+00:00\",\"mainEntityOfPage\":{\"@id\":\"https:\\\/\\\/haberkuzey.com\\\/index.php\\\/2025\\\/03\\\/21\\\/istanbul-buyuksehir-belediye-baskani-imamoglunun-yolsuzluk-ve-teror-suclamalariyla-gozaltina-alindigi-sorusturma-suruyor\\\/\"},\"wordCount\":201,\"commentCount\":0,\"image\":{\"@id\":\"https:\\\/\\\/haberkuzey.com\\\/index.php\\\/2025\\\/03\\\/21\\\/istanbul-buyuksehir-belediye-baskani-imamoglunun-yolsuzluk-ve-teror-suclamalariyla-gozaltina-alindigi-sorusturma-suruyor\\\/#primaryimage\"},\"thumbnailUrl\":\"https:\\\/\\\/haberkuzey.com\\\/wp-content\\\/uploads\\\/2025\\\/03\\\/imamogluuu.jpg\",\"articleSection\":[\"D\u00fcnya\"],\"inLanguage\":\"tr\",\"potentialAction\":[{\"@type\":\"CommentAction\",\"name\":\"Comment\",\"target\":[\"https:\\\/\\\/haberkuzey.com\\\/index.php\\\/2025\\\/03\\\/21\\\/istanbul-buyuksehir-belediye-baskani-imamoglunun-yolsuzluk-ve-teror-suclamalariyla-gozaltina-alindigi-sorusturma-suruyor\\\/#respond\"]}]},{\"@type\":\"WebPage\",\"@id\":\"https:\\\/\\\/haberkuzey.com\\\/index.php\\\/2025\\\/03\\\/21\\\/istanbul-buyuksehir-belediye-baskani-imamoglunun-yolsuzluk-ve-teror-suclamalariyla-gozaltina-alindigi-sorusturma-suruyor\\\/\",\"url\":\"https:\\\/\\\/haberkuzey.com\\\/index.php\\\/2025\\\/03\\\/21\\\/istanbul-buyuksehir-belediye-baskani-imamoglunun-yolsuzluk-ve-teror-suclamalariyla-gozaltina-alindigi-sorusturma-suruyor\\\/\",\"name\":\"\u0130stanbul B\u00fcy\u00fck\u015fehir Belediye Ba\u015fkan\u0131 \u0130mamo\u011flu\u2019nun yolsuzluk ve ter\u00f6r su\u00e7lamalar\u0131yla g\u00f6zalt\u0131na al\u0131nd\u0131\u011f\u0131 soru\u015fturma s\u00fcr\u00fcyor - Haber Kuzey\",\"isPartOf\":{\"@id\":\"https:\\\/\\\/haberkuzey.com\\\/#website\"},\"primaryImageOfPage\":{\"@id\":\"https:\\\/\\\/haberkuzey.com\\\/index.php\\\/2025\\\/03\\\/21\\\/istanbul-buyuksehir-belediye-baskani-imamoglunun-yolsuzluk-ve-teror-suclamalariyla-gozaltina-alindigi-sorusturma-suruyor\\\/#primaryimage\"},\"image\":{\"@id\":\"https:\\\/\\\/haberkuzey.com\\\/index.php\\\/2025\\\/03\\\/21\\\/istanbul-buyuksehir-belediye-baskani-imamoglunun-yolsuzluk-ve-teror-suclamalariyla-gozaltina-alindigi-sorusturma-suruyor\\\/#primaryimage\"},\"thumbnailUrl\":\"https:\\\/\\\/haberkuzey.com\\\/wp-content\\\/uploads\\\/2025\\\/03\\\/imamogluuu.jpg\",\"datePublished\":\"2025-03-21T09:30:29+00:00\",\"author\":{\"@id\":\"https:\\\/\\\/haberkuzey.com\\\/#\\\/schema\\\/person\\\/3372109ec735f9333f4fa47ebb9605ca\"},\"breadcrumb\":{\"@id\":\"https:\\\/\\\/haberkuzey.com\\\/index.php\\\/2025\\\/03\\\/21\\\/istanbul-buyuksehir-belediye-baskani-imamoglunun-yolsuzluk-ve-teror-suclamalariyla-gozaltina-alindigi-sorusturma-suruyor\\\/#breadcrumb\"},\"inLanguage\":\"tr\",\"potentialAction\":[{\"@type\":\"ReadAction\",\"target\":[\"https:\\\/\\\/haberkuzey.com\\\/index.php\\\/2025\\\/03\\\/21\\\/istanbul-buyuksehir-belediye-baskani-imamoglunun-yolsuzluk-ve-teror-suclamalariyla-gozaltina-alindigi-sorusturma-suruyor\\\/\"]}]},{\"@type\":\"ImageObject\",\"inLanguage\":\"tr\",\"@id\":\"https:\\\/\\\/haberkuzey.com\\\/index.php\\\/2025\\\/03\\\/21\\\/istanbul-buyuksehir-belediye-baskani-imamoglunun-yolsuzluk-ve-teror-suclamalariyla-gozaltina-alindigi-sorusturma-suruyor\\\/#primaryimage\",\"url\":\"https:\\\/\\\/haberkuzey.com\\\/wp-content\\\/uploads\\\/2025\\\/03\\\/imamogluuu.jpg\",\"contentUrl\":\"https:\\\/\\\/haberkuzey.com\\\/wp-content\\\/uploads\\\/2025\\\/03\\\/imamogluuu.jpg\",\"width\":1280,\"height\":720},{\"@type\":\"BreadcrumbList\",\"@id\":\"https:\\\/\\\/haberkuzey.com\\\/index.php\\\/2025\\\/03\\\/21\\\/istanbul-buyuksehir-belediye-baskani-imamoglunun-yolsuzluk-ve-teror-suclamalariyla-gozaltina-alindigi-sorusturma-suruyor\\\/#breadcrumb\",\"itemListElement\":[{\"@type\":\"ListItem\",\"position\":1,\"name\":\"Anasayfa\",\"item\":\"https:\\\/\\\/haberkuzey.com\\\/\"},{\"@type\":\"ListItem\",\"position\":2,\"name\":\"\u0130stanbul B\u00fcy\u00fck\u015fehir Belediye Ba\u015fkan\u0131 \u0130mamo\u011flu\u2019nun yolsuzluk ve ter\u00f6r su\u00e7lamalar\u0131yla g\u00f6zalt\u0131na al\u0131nd\u0131\u011f\u0131 soru\u015fturma s\u00fcr\u00fcyor\"}]},{\"@type\":\"WebSite\",\"@id\":\"https:\\\/\\\/haberkuzey.com\\\/#website\",\"url\":\"https:\\\/\\\/haberkuzey.com\\\/\",\"name\":\"Haber Kuzey\",\"description\":\"Do\u011fru Haberin Adresi\",\"potentialAction\":[{\"@type\":\"SearchAction\",\"target\":{\"@type\":\"EntryPoint\",\"urlTemplate\":\"https:\\\/\\\/haberkuzey.com\\\/?s={search_term_string}\"},\"query-input\":{\"@type\":\"PropertyValueSpecification\",\"valueRequired\":true,\"valueName\":\"search_term_string\"}}],\"inLanguage\":\"tr\"},{\"@type\":\"Person\",\"@id\":\"https:\\\/\\\/haberkuzey.com\\\/#\\\/schema\\\/person\\\/3372109ec735f9333f4fa47ebb9605ca\",\"name\":\"haberkuzey\",\"image\":{\"@type\":\"ImageObject\",\"inLanguage\":\"tr\",\"@id\":\"https:\\\/\\\/secure.gravatar.com\\\/avatar\\\/f5fc875574b1575324358c3b9e6a32b8227aa5b74f3fa22e3cadb63e26fcc39c?s=96&d=mm&r=g\",\"url\":\"https:\\\/\\\/secure.gravatar.com\\\/avatar\\\/f5fc875574b1575324358c3b9e6a32b8227aa5b74f3fa22e3cadb63e26fcc39c?s=96&d=mm&r=g\",\"contentUrl\":\"https:\\\/\\\/secure.gravatar.com\\\/avatar\\\/f5fc875574b1575324358c3b9e6a32b8227aa5b74f3fa22e3cadb63e26fcc39c?s=96&d=mm&r=g\",\"caption\":\"haberkuzey\"},\"sameAs\":[\"https:\\\/\\\/haberkuzey.com\"],\"url\":\"https:\\\/\\\/haberkuzey.com\\\/index.php\\\/author\\\/haberkuzey\\\/\"}]}<\/script>\n<!-- \/ Yoast SEO plugin. -->","yoast_head_json":{"title":"\u0130stanbul B\u00fcy\u00fck\u015fehir Belediye Ba\u015fkan\u0131 \u0130mamo\u011flu\u2019nun yolsuzluk ve ter\u00f6r su\u00e7lamalar\u0131yla g\u00f6zalt\u0131na al\u0131nd\u0131\u011f\u0131 soru\u015fturma s\u00fcr\u00fcyor - Haber Kuzey","robots":{"index":"index","follow":"follow","max-snippet":"max-snippet:-1","max-image-preview":"max-image-preview:large","max-video-preview":"max-video-preview:-1"},"canonical":"https:\/\/haberkuzey.com\/index.php\/2025\/03\/21\/istanbul-buyuksehir-belediye-baskani-imamoglunun-yolsuzluk-ve-teror-suclamalariyla-gozaltina-alindigi-sorusturma-suruyor\/","og_locale":"tr_TR","og_type":"article","og_title":"\u0130stanbul B\u00fcy\u00fck\u015fehir Belediye Ba\u015fkan\u0131 \u0130mamo\u011flu\u2019nun yolsuzluk ve ter\u00f6r su\u00e7lamalar\u0131yla g\u00f6zalt\u0131na al\u0131nd\u0131\u011f\u0131 soru\u015fturma s\u00fcr\u00fcyor - Haber Kuzey","og_description":"\u0130stanbul B\u00fcy\u00fck\u015fehir Belediye Ba\u015fkan\u0131 Ekrem \u0130mamo\u011flu\u2019nun yolsuzluk ve ter\u00f6r su\u00e7lamalar\u0131yla g\u00f6zalt\u0131na al\u0131nd\u0131\u011f\u0131 soru\u015fturma s\u00fcr\u00fcyor. \u0130BB Meclisi \u0130\u015ftirakler ve Ba\u011fl\u0131 Kurulu\u015flar Komisyonu Ba\u015fkan\u0131 Ertan Y\u0131ld\u0131z\u2019\u0131n da g\u00f6zalt\u0131na al\u0131nmas\u0131yla g\u00f6zalt\u0131 say\u0131s\u0131 88\u2019e y\u00fckseldi. Soru\u015fturma kapsam\u0131nda \u0130mamo\u011flu\u2019nun orta\u011f\u0131 oldu\u011fu \u015firketle Murat Ongun\u2019un malvarl\u0131\u011f\u0131na el konuldu. G\u00f6zalt\u0131ndaki \u015f\u00fcphelilerin ifade i\u015flemleri s\u00fcrerken, \u0130mamo\u011flu\u2019nun ifadesinin en son al\u0131naca\u011f\u0131 bildirildi. \u00d6te yandan [&hellip;]","og_url":"https:\/\/haberkuzey.com\/index.php\/2025\/03\/21\/istanbul-buyuksehir-belediye-baskani-imamoglunun-yolsuzluk-ve-teror-suclamalariyla-gozaltina-alindigi-sorusturma-suruyor\/","og_site_name":"Haber Kuzey","article_published_time":"2025-03-21T09:30:29+00:00","og_image":[{"url":"https:\/\/brtk.net\/wp-content\/uploads\/2025\/03\/21\/imamogluuu.jpg?ver=b3087865d0ff0a39c06c4f8bf7f3e6e9","type":"","width":"","height":""}],"author":"haberkuzey","twitter_card":"summary_large_image","twitter_misc":{"Yazan:":"haberkuzey","Tahmini okuma s\u00fcresi":"1 dakika"},"schema":{"@context":"https:\/\/schema.org","@graph":[{"@type":"Article","@id":"https:\/\/haberkuzey.com\/index.php\/2025\/03\/21\/istanbul-buyuksehir-belediye-baskani-imamoglunun-yolsuzluk-ve-teror-suclamalariyla-gozaltina-alindigi-sorusturma-suruyor\/#article","isPartOf":{"@id":"https:\/\/haberkuzey.com\/index.php\/2025\/03\/21\/istanbul-buyuksehir-belediye-baskani-imamoglunun-yolsuzluk-ve-teror-suclamalariyla-gozaltina-alindigi-sorusturma-suruyor\/"},"author":{"name":"haberkuzey","@id":"https:\/\/haberkuzey.com\/#\/schema\/person\/3372109ec735f9333f4fa47ebb9605ca"},"headline":"\u0130stanbul B\u00fcy\u00fck\u015fehir Belediye Ba\u015fkan\u0131 \u0130mamo\u011flu\u2019nun yolsuzluk ve ter\u00f6r su\u00e7lamalar\u0131yla g\u00f6zalt\u0131na al\u0131nd\u0131\u011f\u0131 soru\u015fturma s\u00fcr\u00fcyor","datePublished":"2025-03-21T09:30:29+00:00","mainEntityOfPage":{"@id":"https:\/\/haberkuzey.com\/index.php\/2025\/03\/21\/istanbul-buyuksehir-belediye-baskani-imamoglunun-yolsuzluk-ve-teror-suclamalariyla-gozaltina-alindigi-sorusturma-suruyor\/"},"wordCount":201,"commentCount":0,"image":{"@id":"https:\/\/haberkuzey.com\/index.php\/2025\/03\/21\/istanbul-buyuksehir-belediye-baskani-imamoglunun-yolsuzluk-ve-teror-suclamalariyla-gozaltina-alindigi-sorusturma-suruyor\/#primaryimage"},"thumbnailUrl":"https:\/\/haberkuzey.com\/wp-content\/uploads\/2025\/03\/imamogluuu.jpg","articleSection":["D\u00fcnya"],"inLanguage":"tr","potentialAction":[{"@type":"CommentAction","name":"Comment","target":["https:\/\/haberkuzey.com\/index.php\/2025\/03\/21\/istanbul-buyuksehir-belediye-baskani-imamoglunun-yolsuzluk-ve-teror-suclamalariyla-gozaltina-alindigi-sorusturma-suruyor\/#respond"]}]},{"@type":"WebPage","@id":"https:\/\/haberkuzey.com\/index.php\/2025\/03\/21\/istanbul-buyuksehir-belediye-baskani-imamoglunun-yolsuzluk-ve-teror-suclamalariyla-gozaltina-alindigi-sorusturma-suruyor\/","url":"https:\/\/haberkuzey.com\/index.php\/2025\/03\/21\/istanbul-buyuksehir-belediye-baskani-imamoglunun-yolsuzluk-ve-teror-suclamalariyla-gozaltina-alindigi-sorusturma-suruyor\/","name":"\u0130stanbul B\u00fcy\u00fck\u015fehir Belediye Ba\u015fkan\u0131 \u0130mamo\u011flu\u2019nun yolsuzluk ve ter\u00f6r su\u00e7lamalar\u0131yla g\u00f6zalt\u0131na al\u0131nd\u0131\u011f\u0131 soru\u015fturma s\u00fcr\u00fcyor - Haber Kuzey","isPartOf":{"@id":"https:\/\/haberkuzey.com\/#website"},"primaryImageOfPage":{"@id":"https:\/\/haberkuzey.com\/index.php\/2025\/03\/21\/istanbul-buyuksehir-belediye-baskani-imamoglunun-yolsuzluk-ve-teror-suclamalariyla-gozaltina-alindigi-sorusturma-suruyor\/#primaryimage"},"image":{"@id":"https:\/\/haberkuzey.com\/index.php\/2025\/03\/21\/istanbul-buyuksehir-belediye-baskani-imamoglunun-yolsuzluk-ve-teror-suclamalariyla-gozaltina-alindigi-sorusturma-suruyor\/#primaryimage"},"thumbnailUrl":"https:\/\/haberkuzey.com\/wp-content\/uploads\/2025\/03\/imamogluuu.jpg","datePublished":"2025-03-21T09:30:29+00:00","author":{"@id":"https:\/\/haberkuzey.com\/#\/schema\/person\/3372109ec735f9333f4fa47ebb9605ca"},"breadcrumb":{"@id":"https:\/\/haberkuzey.com\/index.php\/2025\/03\/21\/istanbul-buyuksehir-belediye-baskani-imamoglunun-yolsuzluk-ve-teror-suclamalariyla-gozaltina-alindigi-sorusturma-suruyor\/#breadcrumb"},"inLanguage":"tr","potentialAction":[{"@type":"ReadAction","target":["https:\/\/haberkuzey.com\/index.php\/2025\/03\/21\/istanbul-buyuksehir-belediye-baskani-imamoglunun-yolsuzluk-ve-teror-suclamalariyla-gozaltina-alindigi-sorusturma-suruyor\/"]}]},{"@type":"ImageObject","inLanguage":"tr","@id":"https:\/\/haberkuzey.com\/index.php\/2025\/03\/21\/istanbul-buyuksehir-belediye-baskani-imamoglunun-yolsuzluk-ve-teror-suclamalariyla-gozaltina-alindigi-sorusturma-suruyor\/#primaryimage","url":"https:\/\/haberkuzey.com\/wp-content\/uploads\/2025\/03\/imamogluuu.jpg","contentUrl":"https:\/\/haberkuzey.com\/wp-content\/uploads\/2025\/03\/imamogluuu.jpg","width":1280,"height":720},{"@type":"BreadcrumbList","@id":"https:\/\/haberkuzey.com\/index.php\/2025\/03\/21\/istanbul-buyuksehir-belediye-baskani-imamoglunun-yolsuzluk-ve-teror-suclamalariyla-gozaltina-alindigi-sorusturma-suruyor\/#breadcrumb","itemListElement":[{"@type":"ListItem","position":1,"name":"Anasayfa","item":"https:\/\/haberkuzey.com\/"},{"@type":"ListItem","position":2,"name":"\u0130stanbul B\u00fcy\u00fck\u015fehir Belediye Ba\u015fkan\u0131 \u0130mamo\u011flu\u2019nun yolsuzluk ve ter\u00f6r su\u00e7lamalar\u0131yla g\u00f6zalt\u0131na al\u0131nd\u0131\u011f\u0131 soru\u015fturma s\u00fcr\u00fcyor"}]},{"@type":"WebSite","@id":"https:\/\/haberkuzey.com\/#website","url":"https:\/\/haberkuzey.com\/","name":"Haber Kuzey","description":"Do\u011fru Haberin Adresi","potentialAction":[{"@type":"SearchAction","target":{"@type":"EntryPoint","urlTemplate":"https:\/\/haberkuzey.com\/?s={search_term_string}"},"query-input":{"@type":"PropertyValueSpecification","valueRequired":true,"valueName":"search_term_string"}}],"inLanguage":"tr"},{"@type":"Person","@id":"https:\/\/haberkuzey.com\/#\/schema\/person\/3372109ec735f9333f4fa47ebb9605ca","name":"haberkuzey","image":{"@type":"ImageObject","inLanguage":"tr","@id":"https:\/\/secure.gravatar.com\/avatar\/f5fc875574b1575324358c3b9e6a32b8227aa5b74f3fa22e3cadb63e26fcc39c?s=96&d=mm&r=g","url":"https:\/\/secure.gravatar.com\/avatar\/f5fc875574b1575324358c3b9e6a32b8227aa5b74f3fa22e3cadb63e26fcc39c?s=96&d=mm&r=g","contentUrl":"https:\/\/secure.gravatar.com\/avatar\/f5fc875574b1575324358c3b9e6a32b8227aa5b74f3fa22e3cadb63e26fcc39c?s=96&d=mm&r=g","caption":"haberkuzey"},"sameAs":["https:\/\/haberkuzey.com"],"url":"https:\/\/haberkuzey.com\/index.php\/author\/haberkuzey\/"}]}},"_links":{"self":[{"href":"https:\/\/haberkuzey.com\/index.php\/wp-json\/wp\/v2\/posts\/20353","targetHints":{"allow":["GET"]}}],"collection":[{"href":"https:\/\/haberkuzey.com\/index.php\/wp-json\/wp\/v2\/posts"}],"about":[{"href":"https:\/\/haberkuzey.com\/index.php\/wp-json\/wp\/v2\/types\/post"}],"author":[{"embeddable":true,"href":"https:\/\/haberkuzey.com\/index.php\/wp-json\/wp\/v2\/users\/1"}],"replies":[{"embeddable":true,"href":"https:\/\/haberkuzey.com\/index.php\/wp-json\/wp\/v2\/comments?post=20353"}],"version-history":[{"count":0,"href":"https:\/\/haberkuzey.com\/index.php\/wp-json\/wp\/v2\/posts\/20353\/revisions"}],"wp:featuredmedia":[{"embeddable":true,"href":"https:\/\/haberkuzey.com\/index.php\/wp-json\/wp\/v2\/media\/20354"}],"wp:attachment":[{"href":"https:\/\/haberkuzey.com\/index.php\/wp-json\/wp\/v2\/media?parent=20353"}],"wp:term":[{"taxonomy":"category","embeddable":true,"href":"https:\/\/haberkuzey.com\/index.php\/wp-json\/wp\/v2\/categories?post=20353"},{"taxonomy":"post_tag","embeddable":true,"href":"https:\/\/haberkuzey.com\/index.php\/wp-json\/wp\/v2\/tags?post=20353"}],"curies":[{"name":"wp","href":"https:\/\/api.w.org\/{rel}","templated":true}]}}