{"id":20339,"date":"2025-03-21T10:34:31","date_gmt":"2025-03-21T08:34:31","guid":{"rendered":"https:\/\/haberkuzey.com\/index.php\/2025\/03\/21\/tc-kktc-iktisadi-ve-mali-isbirligi-anlasmasi-bugun-ankarada-imzalaniyor\/"},"modified":"2025-03-21T10:34:31","modified_gmt":"2025-03-21T08:34:31","slug":"tc-kktc-iktisadi-ve-mali-isbirligi-anlasmasi-bugun-ankarada-imzalaniyor","status":"publish","type":"post","link":"https:\/\/haberkuzey.com\/index.php\/2025\/03\/21\/tc-kktc-iktisadi-ve-mali-isbirligi-anlasmasi-bugun-ankarada-imzalaniyor\/","title":{"rendered":"TC-KKTC \u0130ktisadi ve Mali \u0130\u015fbirli\u011fi Anla\u015fmas\u0131 bug\u00fcn Ankara\u2019da imzalan\u0131yor"},"content":{"rendered":"<div>\n<div class=\"mariselle-image-container center\">\n                                            <\/div>\n<p>\u201c2025 Y\u0131l\u0131 T\u00fcrkiye Cumhuriyeti H\u00fck\u00fcmeti ile KKTC H\u00fck\u00fcmeti Aras\u0131nda \u0130ktisadi ve Mali \u0130\u015fbirli\u011fi Anla\u015fmas\u0131\u201d bug\u00fcn imzalan\u0131yor.<\/p>\n<p>TC Cumhurba\u015fkan\u0131 Yard\u0131mc\u0131s\u0131 Cevdet Y\u0131lmaz ile Ba\u015fbakan \u00dcnal \u00dcstel\u2019in imza koyaca\u011f\u0131 Anla\u015fma, Ankara\u2019da Cumhurba\u015fkanl\u0131\u011f\u0131 K\u00fclliyesi\u2019nde bug\u00fcn 14.30\u2019da d\u00fczenlenecek t\u00f6renle yap\u0131lacak.<\/p>\n<p>Cenevre\u2019deki K\u0131br\u0131s zirvesinin ard\u0131ndan Ankara\u2019ya ge\u00e7en Ba\u015fbakan \u00dcnal \u00dcstel, Ankara\u2019da temaslar\u0131n\u0131 s\u00fcrd\u00fcr\u00fcyor.<\/p>\n<p>Ba\u015fbakan \u00dcnal \u00dcstel\u2019e Ba\u015fbakan Yard\u0131mc\u0131s\u0131 Turizm, K\u00fclt\u00fcr, Gen\u00e7lik ve \u00c7evre Bakan\u0131 Fikri Atao\u011flu, Bay\u0131nd\u0131rl\u0131k ve Ula\u015ft\u0131rma Bakan\u0131 Erhan Ar\u0131kl\u0131, Maliye Bakan\u0131 \u00d6zdemir Berova ile \u00fcst d\u00fczey b\u00fcrokratlar da e\u015flik ediyor.<\/p>\n<\/p><\/div>\n<p><script async\n                    defer\n                    crossorigin=\"anonymous\"\n                    src=\"https:\/\/connect.facebook.net\/tr_TR\/sdk.js#xfbml=1&#038;version=v3.3\"\n            ><\/script><\/p>\n","protected":false},"excerpt":{"rendered":"<p>\u201c2025 Y\u0131l\u0131 T\u00fcrkiye Cumhuriyeti H\u00fck\u00fcmeti ile KKTC H\u00fck\u00fcmeti Aras\u0131nda \u0130ktisadi ve Mali \u0130\u015fbirli\u011fi Anla\u015fmas\u0131\u201d bug\u00fcn imzalan\u0131yor. TC Cumhurba\u015fkan\u0131 Yard\u0131mc\u0131s\u0131 Cevdet Y\u0131lmaz ile Ba\u015fbakan \u00dcnal \u00dcstel\u2019in imza koyaca\u011f\u0131 Anla\u015fma, Ankara\u2019da Cumhurba\u015fkanl\u0131\u011f\u0131 K\u00fclliyesi\u2019nde bug\u00fcn 14.30\u2019da d\u00fczenlenecek t\u00f6renle yap\u0131lacak. Cenevre\u2019deki K\u0131br\u0131s zirvesinin ard\u0131ndan Ankara\u2019ya ge\u00e7en Ba\u015fbakan \u00dcnal \u00dcstel, Ankara\u2019da temaslar\u0131n\u0131 s\u00fcrd\u00fcr\u00fcyor. Ba\u015fbakan \u00dcnal \u00dcstel\u2019e Ba\u015fbakan Yard\u0131mc\u0131s\u0131 Turizm, K\u00fclt\u00fcr, [&hellip;]<\/p>\n","protected":false},"author":1,"featured_media":20340,"comment_status":"open","ping_status":"open","sticky":false,"template":"","format":"standard","meta":{"jnews-multi-image_gallery":[],"jnews_single_post":[],"jnews_primary_category":[],"footnotes":""},"categories":[2],"tags":[],"class_list":["post-20339","post","type-post","status-publish","format-standard","has-post-thumbnail","hentry","category-dunya"],"yoast_head":"<!-- This site is optimized with the Yoast SEO plugin v27.5 - https:\/\/yoast.com\/product\/yoast-seo-wordpress\/ -->\n<title>TC-KKTC \u0130ktisadi ve Mali \u0130\u015fbirli\u011fi Anla\u015fmas\u0131 bug\u00fcn Ankara\u2019da imzalan\u0131yor - Haber Kuzey<\/title>\n<meta name=\"robots\" content=\"index, follow, max-snippet:-1, max-image-preview:large, max-video-preview:-1\" \/>\n<link rel=\"canonical\" href=\"https:\/\/haberkuzey.com\/index.php\/2025\/03\/21\/tc-kktc-iktisadi-ve-mali-isbirligi-anlasmasi-bugun-ankarada-imzalaniyor\/\" \/>\n<meta property=\"og:locale\" content=\"tr_TR\" \/>\n<meta property=\"og:type\" content=\"article\" \/>\n<meta property=\"og:title\" content=\"TC-KKTC \u0130ktisadi ve Mali \u0130\u015fbirli\u011fi Anla\u015fmas\u0131 bug\u00fcn Ankara\u2019da imzalan\u0131yor - Haber Kuzey\" \/>\n<meta property=\"og:description\" content=\"\u201c2025 Y\u0131l\u0131 T\u00fcrkiye Cumhuriyeti H\u00fck\u00fcmeti ile KKTC H\u00fck\u00fcmeti Aras\u0131nda \u0130ktisadi ve Mali \u0130\u015fbirli\u011fi Anla\u015fmas\u0131\u201d bug\u00fcn imzalan\u0131yor. TC Cumhurba\u015fkan\u0131 Yard\u0131mc\u0131s\u0131 Cevdet Y\u0131lmaz ile Ba\u015fbakan \u00dcnal \u00dcstel\u2019in imza koyaca\u011f\u0131 Anla\u015fma, Ankara\u2019da Cumhurba\u015fkanl\u0131\u011f\u0131 K\u00fclliyesi\u2019nde bug\u00fcn 14.30\u2019da d\u00fczenlenecek t\u00f6renle yap\u0131lacak. Cenevre\u2019deki K\u0131br\u0131s zirvesinin ard\u0131ndan Ankara\u2019ya ge\u00e7en Ba\u015fbakan \u00dcnal \u00dcstel, Ankara\u2019da temaslar\u0131n\u0131 s\u00fcrd\u00fcr\u00fcyor. Ba\u015fbakan \u00dcnal \u00dcstel\u2019e Ba\u015fbakan Yard\u0131mc\u0131s\u0131 Turizm, K\u00fclt\u00fcr, [&hellip;]\" \/>\n<meta property=\"og:url\" content=\"https:\/\/haberkuzey.com\/index.php\/2025\/03\/21\/tc-kktc-iktisadi-ve-mali-isbirligi-anlasmasi-bugun-ankarada-imzalaniyor\/\" \/>\n<meta property=\"og:site_name\" content=\"Haber Kuzey\" \/>\n<meta property=\"article:published_time\" content=\"2025-03-21T08:34:31+00:00\" \/>\n<meta property=\"og:image\" content=\"https:\/\/brtk.net\/wp-content\/uploads\/2025\/03\/21\/1742540155102ustel-yilmaz-1.jpg?ver=40466d7e3e7dc2aa3120178320aca81f\" \/>\n<meta name=\"author\" content=\"haberkuzey\" \/>\n<meta name=\"twitter:card\" content=\"summary_large_image\" \/>\n<meta name=\"twitter:label1\" content=\"Yazan:\" \/>\n\t<meta name=\"twitter:data1\" content=\"haberkuzey\" \/>\n\t<meta name=\"twitter:label2\" content=\"Tahmini okuma s\u00fcresi\" \/>\n\t<meta name=\"twitter:data2\" content=\"1 dakika\" \/>\n<script type=\"application\/ld+json\" class=\"yoast-schema-graph\">{\"@context\":\"https:\\\/\\\/schema.org\",\"@graph\":[{\"@type\":\"Article\",\"@id\":\"https:\\\/\\\/haberkuzey.com\\\/index.php\\\/2025\\\/03\\\/21\\\/tc-kktc-iktisadi-ve-mali-isbirligi-anlasmasi-bugun-ankarada-imzalaniyor\\\/#article\",\"isPartOf\":{\"@id\":\"https:\\\/\\\/haberkuzey.com\\\/index.php\\\/2025\\\/03\\\/21\\\/tc-kktc-iktisadi-ve-mali-isbirligi-anlasmasi-bugun-ankarada-imzalaniyor\\\/\"},\"author\":{\"name\":\"haberkuzey\",\"@id\":\"https:\\\/\\\/haberkuzey.com\\\/#\\\/schema\\\/person\\\/3372109ec735f9333f4fa47ebb9605ca\"},\"headline\":\"TC-KKTC \u0130ktisadi ve Mali \u0130\u015fbirli\u011fi Anla\u015fmas\u0131 bug\u00fcn Ankara\u2019da imzalan\u0131yor\",\"datePublished\":\"2025-03-21T08:34:31+00:00\",\"mainEntityOfPage\":{\"@id\":\"https:\\\/\\\/haberkuzey.com\\\/index.php\\\/2025\\\/03\\\/21\\\/tc-kktc-iktisadi-ve-mali-isbirligi-anlasmasi-bugun-ankarada-imzalaniyor\\\/\"},\"wordCount\":147,\"commentCount\":0,\"image\":{\"@id\":\"https:\\\/\\\/haberkuzey.com\\\/index.php\\\/2025\\\/03\\\/21\\\/tc-kktc-iktisadi-ve-mali-isbirligi-anlasmasi-bugun-ankarada-imzalaniyor\\\/#primaryimage\"},\"thumbnailUrl\":\"https:\\\/\\\/haberkuzey.com\\\/wp-content\\\/uploads\\\/2025\\\/03\\\/1742540155102ustel-yilmaz-1.jpg\",\"articleSection\":[\"D\u00fcnya\"],\"inLanguage\":\"tr\",\"potentialAction\":[{\"@type\":\"CommentAction\",\"name\":\"Comment\",\"target\":[\"https:\\\/\\\/haberkuzey.com\\\/index.php\\\/2025\\\/03\\\/21\\\/tc-kktc-iktisadi-ve-mali-isbirligi-anlasmasi-bugun-ankarada-imzalaniyor\\\/#respond\"]}]},{\"@type\":\"WebPage\",\"@id\":\"https:\\\/\\\/haberkuzey.com\\\/index.php\\\/2025\\\/03\\\/21\\\/tc-kktc-iktisadi-ve-mali-isbirligi-anlasmasi-bugun-ankarada-imzalaniyor\\\/\",\"url\":\"https:\\\/\\\/haberkuzey.com\\\/index.php\\\/2025\\\/03\\\/21\\\/tc-kktc-iktisadi-ve-mali-isbirligi-anlasmasi-bugun-ankarada-imzalaniyor\\\/\",\"name\":\"TC-KKTC \u0130ktisadi ve Mali \u0130\u015fbirli\u011fi Anla\u015fmas\u0131 bug\u00fcn Ankara\u2019da imzalan\u0131yor - Haber Kuzey\",\"isPartOf\":{\"@id\":\"https:\\\/\\\/haberkuzey.com\\\/#website\"},\"primaryImageOfPage\":{\"@id\":\"https:\\\/\\\/haberkuzey.com\\\/index.php\\\/2025\\\/03\\\/21\\\/tc-kktc-iktisadi-ve-mali-isbirligi-anlasmasi-bugun-ankarada-imzalaniyor\\\/#primaryimage\"},\"image\":{\"@id\":\"https:\\\/\\\/haberkuzey.com\\\/index.php\\\/2025\\\/03\\\/21\\\/tc-kktc-iktisadi-ve-mali-isbirligi-anlasmasi-bugun-ankarada-imzalaniyor\\\/#primaryimage\"},\"thumbnailUrl\":\"https:\\\/\\\/haberkuzey.com\\\/wp-content\\\/uploads\\\/2025\\\/03\\\/1742540155102ustel-yilmaz-1.jpg\",\"datePublished\":\"2025-03-21T08:34:31+00:00\",\"author\":{\"@id\":\"https:\\\/\\\/haberkuzey.com\\\/#\\\/schema\\\/person\\\/3372109ec735f9333f4fa47ebb9605ca\"},\"breadcrumb\":{\"@id\":\"https:\\\/\\\/haberkuzey.com\\\/index.php\\\/2025\\\/03\\\/21\\\/tc-kktc-iktisadi-ve-mali-isbirligi-anlasmasi-bugun-ankarada-imzalaniyor\\\/#breadcrumb\"},\"inLanguage\":\"tr\",\"potentialAction\":[{\"@type\":\"ReadAction\",\"target\":[\"https:\\\/\\\/haberkuzey.com\\\/index.php\\\/2025\\\/03\\\/21\\\/tc-kktc-iktisadi-ve-mali-isbirligi-anlasmasi-bugun-ankarada-imzalaniyor\\\/\"]}]},{\"@type\":\"ImageObject\",\"inLanguage\":\"tr\",\"@id\":\"https:\\\/\\\/haberkuzey.com\\\/index.php\\\/2025\\\/03\\\/21\\\/tc-kktc-iktisadi-ve-mali-isbirligi-anlasmasi-bugun-ankarada-imzalaniyor\\\/#primaryimage\",\"url\":\"https:\\\/\\\/haberkuzey.com\\\/wp-content\\\/uploads\\\/2025\\\/03\\\/1742540155102ustel-yilmaz-1.jpg\",\"contentUrl\":\"https:\\\/\\\/haberkuzey.com\\\/wp-content\\\/uploads\\\/2025\\\/03\\\/1742540155102ustel-yilmaz-1.jpg\",\"width\":864,\"height\":486},{\"@type\":\"BreadcrumbList\",\"@id\":\"https:\\\/\\\/haberkuzey.com\\\/index.php\\\/2025\\\/03\\\/21\\\/tc-kktc-iktisadi-ve-mali-isbirligi-anlasmasi-bugun-ankarada-imzalaniyor\\\/#breadcrumb\",\"itemListElement\":[{\"@type\":\"ListItem\",\"position\":1,\"name\":\"Anasayfa\",\"item\":\"https:\\\/\\\/haberkuzey.com\\\/\"},{\"@type\":\"ListItem\",\"position\":2,\"name\":\"TC-KKTC \u0130ktisadi ve Mali \u0130\u015fbirli\u011fi Anla\u015fmas\u0131 bug\u00fcn Ankara\u2019da imzalan\u0131yor\"}]},{\"@type\":\"WebSite\",\"@id\":\"https:\\\/\\\/haberkuzey.com\\\/#website\",\"url\":\"https:\\\/\\\/haberkuzey.com\\\/\",\"name\":\"Haber Kuzey\",\"description\":\"Do\u011fru Haberin Adresi\",\"potentialAction\":[{\"@type\":\"SearchAction\",\"target\":{\"@type\":\"EntryPoint\",\"urlTemplate\":\"https:\\\/\\\/haberkuzey.com\\\/?s={search_term_string}\"},\"query-input\":{\"@type\":\"PropertyValueSpecification\",\"valueRequired\":true,\"valueName\":\"search_term_string\"}}],\"inLanguage\":\"tr\"},{\"@type\":\"Person\",\"@id\":\"https:\\\/\\\/haberkuzey.com\\\/#\\\/schema\\\/person\\\/3372109ec735f9333f4fa47ebb9605ca\",\"name\":\"haberkuzey\",\"image\":{\"@type\":\"ImageObject\",\"inLanguage\":\"tr\",\"@id\":\"https:\\\/\\\/secure.gravatar.com\\\/avatar\\\/f5fc875574b1575324358c3b9e6a32b8227aa5b74f3fa22e3cadb63e26fcc39c?s=96&d=mm&r=g\",\"url\":\"https:\\\/\\\/secure.gravatar.com\\\/avatar\\\/f5fc875574b1575324358c3b9e6a32b8227aa5b74f3fa22e3cadb63e26fcc39c?s=96&d=mm&r=g\",\"contentUrl\":\"https:\\\/\\\/secure.gravatar.com\\\/avatar\\\/f5fc875574b1575324358c3b9e6a32b8227aa5b74f3fa22e3cadb63e26fcc39c?s=96&d=mm&r=g\",\"caption\":\"haberkuzey\"},\"sameAs\":[\"https:\\\/\\\/haberkuzey.com\"],\"url\":\"https:\\\/\\\/haberkuzey.com\\\/index.php\\\/author\\\/haberkuzey\\\/\"}]}<\/script>\n<!-- \/ Yoast SEO plugin. -->","yoast_head_json":{"title":"TC-KKTC \u0130ktisadi ve Mali \u0130\u015fbirli\u011fi Anla\u015fmas\u0131 bug\u00fcn Ankara\u2019da imzalan\u0131yor - Haber Kuzey","robots":{"index":"index","follow":"follow","max-snippet":"max-snippet:-1","max-image-preview":"max-image-preview:large","max-video-preview":"max-video-preview:-1"},"canonical":"https:\/\/haberkuzey.com\/index.php\/2025\/03\/21\/tc-kktc-iktisadi-ve-mali-isbirligi-anlasmasi-bugun-ankarada-imzalaniyor\/","og_locale":"tr_TR","og_type":"article","og_title":"TC-KKTC \u0130ktisadi ve Mali \u0130\u015fbirli\u011fi Anla\u015fmas\u0131 bug\u00fcn Ankara\u2019da imzalan\u0131yor - Haber Kuzey","og_description":"\u201c2025 Y\u0131l\u0131 T\u00fcrkiye Cumhuriyeti H\u00fck\u00fcmeti ile KKTC H\u00fck\u00fcmeti Aras\u0131nda \u0130ktisadi ve Mali \u0130\u015fbirli\u011fi Anla\u015fmas\u0131\u201d bug\u00fcn imzalan\u0131yor. TC Cumhurba\u015fkan\u0131 Yard\u0131mc\u0131s\u0131 Cevdet Y\u0131lmaz ile Ba\u015fbakan \u00dcnal \u00dcstel\u2019in imza koyaca\u011f\u0131 Anla\u015fma, Ankara\u2019da Cumhurba\u015fkanl\u0131\u011f\u0131 K\u00fclliyesi\u2019nde bug\u00fcn 14.30\u2019da d\u00fczenlenecek t\u00f6renle yap\u0131lacak. Cenevre\u2019deki K\u0131br\u0131s zirvesinin ard\u0131ndan Ankara\u2019ya ge\u00e7en Ba\u015fbakan \u00dcnal \u00dcstel, Ankara\u2019da temaslar\u0131n\u0131 s\u00fcrd\u00fcr\u00fcyor. Ba\u015fbakan \u00dcnal \u00dcstel\u2019e Ba\u015fbakan Yard\u0131mc\u0131s\u0131 Turizm, K\u00fclt\u00fcr, [&hellip;]","og_url":"https:\/\/haberkuzey.com\/index.php\/2025\/03\/21\/tc-kktc-iktisadi-ve-mali-isbirligi-anlasmasi-bugun-ankarada-imzalaniyor\/","og_site_name":"Haber Kuzey","article_published_time":"2025-03-21T08:34:31+00:00","og_image":[{"url":"https:\/\/brtk.net\/wp-content\/uploads\/2025\/03\/21\/1742540155102ustel-yilmaz-1.jpg?ver=40466d7e3e7dc2aa3120178320aca81f","type":"","width":"","height":""}],"author":"haberkuzey","twitter_card":"summary_large_image","twitter_misc":{"Yazan:":"haberkuzey","Tahmini okuma s\u00fcresi":"1 dakika"},"schema":{"@context":"https:\/\/schema.org","@graph":[{"@type":"Article","@id":"https:\/\/haberkuzey.com\/index.php\/2025\/03\/21\/tc-kktc-iktisadi-ve-mali-isbirligi-anlasmasi-bugun-ankarada-imzalaniyor\/#article","isPartOf":{"@id":"https:\/\/haberkuzey.com\/index.php\/2025\/03\/21\/tc-kktc-iktisadi-ve-mali-isbirligi-anlasmasi-bugun-ankarada-imzalaniyor\/"},"author":{"name":"haberkuzey","@id":"https:\/\/haberkuzey.com\/#\/schema\/person\/3372109ec735f9333f4fa47ebb9605ca"},"headline":"TC-KKTC \u0130ktisadi ve Mali \u0130\u015fbirli\u011fi Anla\u015fmas\u0131 bug\u00fcn Ankara\u2019da imzalan\u0131yor","datePublished":"2025-03-21T08:34:31+00:00","mainEntityOfPage":{"@id":"https:\/\/haberkuzey.com\/index.php\/2025\/03\/21\/tc-kktc-iktisadi-ve-mali-isbirligi-anlasmasi-bugun-ankarada-imzalaniyor\/"},"wordCount":147,"commentCount":0,"image":{"@id":"https:\/\/haberkuzey.com\/index.php\/2025\/03\/21\/tc-kktc-iktisadi-ve-mali-isbirligi-anlasmasi-bugun-ankarada-imzalaniyor\/#primaryimage"},"thumbnailUrl":"https:\/\/haberkuzey.com\/wp-content\/uploads\/2025\/03\/1742540155102ustel-yilmaz-1.jpg","articleSection":["D\u00fcnya"],"inLanguage":"tr","potentialAction":[{"@type":"CommentAction","name":"Comment","target":["https:\/\/haberkuzey.com\/index.php\/2025\/03\/21\/tc-kktc-iktisadi-ve-mali-isbirligi-anlasmasi-bugun-ankarada-imzalaniyor\/#respond"]}]},{"@type":"WebPage","@id":"https:\/\/haberkuzey.com\/index.php\/2025\/03\/21\/tc-kktc-iktisadi-ve-mali-isbirligi-anlasmasi-bugun-ankarada-imzalaniyor\/","url":"https:\/\/haberkuzey.com\/index.php\/2025\/03\/21\/tc-kktc-iktisadi-ve-mali-isbirligi-anlasmasi-bugun-ankarada-imzalaniyor\/","name":"TC-KKTC \u0130ktisadi ve Mali \u0130\u015fbirli\u011fi Anla\u015fmas\u0131 bug\u00fcn Ankara\u2019da imzalan\u0131yor - Haber Kuzey","isPartOf":{"@id":"https:\/\/haberkuzey.com\/#website"},"primaryImageOfPage":{"@id":"https:\/\/haberkuzey.com\/index.php\/2025\/03\/21\/tc-kktc-iktisadi-ve-mali-isbirligi-anlasmasi-bugun-ankarada-imzalaniyor\/#primaryimage"},"image":{"@id":"https:\/\/haberkuzey.com\/index.php\/2025\/03\/21\/tc-kktc-iktisadi-ve-mali-isbirligi-anlasmasi-bugun-ankarada-imzalaniyor\/#primaryimage"},"thumbnailUrl":"https:\/\/haberkuzey.com\/wp-content\/uploads\/2025\/03\/1742540155102ustel-yilmaz-1.jpg","datePublished":"2025-03-21T08:34:31+00:00","author":{"@id":"https:\/\/haberkuzey.com\/#\/schema\/person\/3372109ec735f9333f4fa47ebb9605ca"},"breadcrumb":{"@id":"https:\/\/haberkuzey.com\/index.php\/2025\/03\/21\/tc-kktc-iktisadi-ve-mali-isbirligi-anlasmasi-bugun-ankarada-imzalaniyor\/#breadcrumb"},"inLanguage":"tr","potentialAction":[{"@type":"ReadAction","target":["https:\/\/haberkuzey.com\/index.php\/2025\/03\/21\/tc-kktc-iktisadi-ve-mali-isbirligi-anlasmasi-bugun-ankarada-imzalaniyor\/"]}]},{"@type":"ImageObject","inLanguage":"tr","@id":"https:\/\/haberkuzey.com\/index.php\/2025\/03\/21\/tc-kktc-iktisadi-ve-mali-isbirligi-anlasmasi-bugun-ankarada-imzalaniyor\/#primaryimage","url":"https:\/\/haberkuzey.com\/wp-content\/uploads\/2025\/03\/1742540155102ustel-yilmaz-1.jpg","contentUrl":"https:\/\/haberkuzey.com\/wp-content\/uploads\/2025\/03\/1742540155102ustel-yilmaz-1.jpg","width":864,"height":486},{"@type":"BreadcrumbList","@id":"https:\/\/haberkuzey.com\/index.php\/2025\/03\/21\/tc-kktc-iktisadi-ve-mali-isbirligi-anlasmasi-bugun-ankarada-imzalaniyor\/#breadcrumb","itemListElement":[{"@type":"ListItem","position":1,"name":"Anasayfa","item":"https:\/\/haberkuzey.com\/"},{"@type":"ListItem","position":2,"name":"TC-KKTC \u0130ktisadi ve Mali \u0130\u015fbirli\u011fi Anla\u015fmas\u0131 bug\u00fcn Ankara\u2019da imzalan\u0131yor"}]},{"@type":"WebSite","@id":"https:\/\/haberkuzey.com\/#website","url":"https:\/\/haberkuzey.com\/","name":"Haber Kuzey","description":"Do\u011fru Haberin Adresi","potentialAction":[{"@type":"SearchAction","target":{"@type":"EntryPoint","urlTemplate":"https:\/\/haberkuzey.com\/?s={search_term_string}"},"query-input":{"@type":"PropertyValueSpecification","valueRequired":true,"valueName":"search_term_string"}}],"inLanguage":"tr"},{"@type":"Person","@id":"https:\/\/haberkuzey.com\/#\/schema\/person\/3372109ec735f9333f4fa47ebb9605ca","name":"haberkuzey","image":{"@type":"ImageObject","inLanguage":"tr","@id":"https:\/\/secure.gravatar.com\/avatar\/f5fc875574b1575324358c3b9e6a32b8227aa5b74f3fa22e3cadb63e26fcc39c?s=96&d=mm&r=g","url":"https:\/\/secure.gravatar.com\/avatar\/f5fc875574b1575324358c3b9e6a32b8227aa5b74f3fa22e3cadb63e26fcc39c?s=96&d=mm&r=g","contentUrl":"https:\/\/secure.gravatar.com\/avatar\/f5fc875574b1575324358c3b9e6a32b8227aa5b74f3fa22e3cadb63e26fcc39c?s=96&d=mm&r=g","caption":"haberkuzey"},"sameAs":["https:\/\/haberkuzey.com"],"url":"https:\/\/haberkuzey.com\/index.php\/author\/haberkuzey\/"}]}},"_links":{"self":[{"href":"https:\/\/haberkuzey.com\/index.php\/wp-json\/wp\/v2\/posts\/20339","targetHints":{"allow":["GET"]}}],"collection":[{"href":"https:\/\/haberkuzey.com\/index.php\/wp-json\/wp\/v2\/posts"}],"about":[{"href":"https:\/\/haberkuzey.com\/index.php\/wp-json\/wp\/v2\/types\/post"}],"author":[{"embeddable":true,"href":"https:\/\/haberkuzey.com\/index.php\/wp-json\/wp\/v2\/users\/1"}],"replies":[{"embeddable":true,"href":"https:\/\/haberkuzey.com\/index.php\/wp-json\/wp\/v2\/comments?post=20339"}],"version-history":[{"count":0,"href":"https:\/\/haberkuzey.com\/index.php\/wp-json\/wp\/v2\/posts\/20339\/revisions"}],"wp:featuredmedia":[{"embeddable":true,"href":"https:\/\/haberkuzey.com\/index.php\/wp-json\/wp\/v2\/media\/20340"}],"wp:attachment":[{"href":"https:\/\/haberkuzey.com\/index.php\/wp-json\/wp\/v2\/media?parent=20339"}],"wp:term":[{"taxonomy":"category","embeddable":true,"href":"https:\/\/haberkuzey.com\/index.php\/wp-json\/wp\/v2\/categories?post=20339"},{"taxonomy":"post_tag","embeddable":true,"href":"https:\/\/haberkuzey.com\/index.php\/wp-json\/wp\/v2\/tags?post=20339"}],"curies":[{"name":"wp","href":"https:\/\/api.w.org\/{rel}","templated":true}]}}