{"id":2033,"date":"2024-05-10T20:24:53","date_gmt":"2024-05-10T17:24:53","guid":{"rendered":"https:\/\/haberkuzey.com\/index.php\/2024\/05\/10\/azerbaycan-ve-ermenistan-bakanlari-baris-anlasmasi-icin-kazakistanda-gorustu\/"},"modified":"2024-05-10T20:24:53","modified_gmt":"2024-05-10T17:24:53","slug":"azerbaycan-ve-ermenistan-bakanlari-baris-anlasmasi-icin-kazakistanda-gorustu","status":"publish","type":"post","link":"https:\/\/haberkuzey.com\/index.php\/2024\/05\/10\/azerbaycan-ve-ermenistan-bakanlari-baris-anlasmasi-icin-kazakistanda-gorustu\/","title":{"rendered":"Azerbaycan ve Ermenistan bakanlar\u0131 bar\u0131\u015f anla\u015fmas\u0131 i\u00e7in Kazakistanda g\u00f6r\u00fc\u015ft\u00fc"},"content":{"rendered":"<p><\/p>\n<div>\n<p>&#13;<br \/>\n\t<a href=\"https:\/\/www.trthaber.com\/etiket\/kazakistan\/\" target=\"_blank\" rel=\"noopener\">Kazakistan<\/a> D\u0131\u015fi\u015fleri Bakanl\u0131\u011f\u0131ndan yap\u0131lan a\u00e7\u0131klamaya g\u00f6re, <a href=\"https:\/\/www.trthaber.com\/etiket\/azerbaycan\/\" target=\"_blank\" rel=\"noopener\">Azerbaycan<\/a> D\u0131\u015fi\u015fleri Bakan\u0131 Ceyhun Bayramov ile <a href=\"https:\/\/www.trthaber.com\/etiket\/ermenistan\/\" target=\"_blank\" rel=\"noopener\">Ermenistan<\/a> D\u0131\u015fi\u015fleri Bakan\u0131 Ararat Mirzoyan aras\u0131ndaki g\u00f6r\u00fc\u015fme, Almat\u0131\u2019da 1991 y\u0131l\u0131nda eski Sovyetler Birli\u011fi \u00fclkelerinden olu\u015fan Ba\u011f\u0131ms\u0131z Devletler Toplulu\u011funa (BDT) \u00fcye \u00fclkeler aras\u0131ndaki s\u0131n\u0131rlar\u0131n belirlenmesine ili\u015fkin ilkelerin onayland\u0131\u011f\u0131 Alma-Ata Deklarasyonu\u2019nun imzaland\u0131\u011f\u0131 Dostluk Evi binas\u0131nda ger\u00e7ekle\u015fti.<\/p>\n<p>&#13;<br \/>\n\tG\u00f6r\u00fc\u015fmeye ev sahipli\u011fi yapan Kazakistan Ba\u015fbakan Yard\u0131mc\u0131s\u0131 ve D\u0131\u015fi\u015fleri Bakan\u0131 Murat Nurtleu, a\u00e7\u0131l\u0131\u015fta yapt\u0131\u011f\u0131 konu\u015fmada, \u00fclkesinin eski ba\u015fkenti Almat\u0131\u2019da yak\u0131n ge\u00e7mi\u015fte BDT \u00fclkelerinin gelece\u011fi i\u00e7in \u00f6nemli kararlar al\u0131nd\u0131\u011f\u0131n\u0131 an\u0131msatt\u0131.<\/p>\n<p>&#13;<br \/>\n\tNurtleu, bunun bir \u00f6rne\u011finin de eski Sovyet cumhuriyetlerinin liderleri taraf\u0131ndan Almat\u0131\u2019da imzalanan Alma-Ata Deklarasyonu oldu\u011funa dikkati \u00e7ekerek, \u201cBu ba\u011flamda Kazakistan Cumhurba\u015fkan\u0131 Kas\u0131m C\u00f6mert Tokayev\u2019in, Azerbaycan ile Ermenistan aras\u0131ndaki bug\u00fcnk\u00fc m\u00fczakerelerin Almat\u0131\u2019da yap\u0131lmas\u0131 y\u00f6n\u00fcnde teklifte bulunmas\u0131 son derece semboliktir.\u201d dedi.<\/p>\n<h2>&#13;<br \/>\n\t&#8220;Almat\u0131\u2019daki m\u00fczakerelerin \u00e7ok faydal\u0131 olaca\u011f\u0131na inan\u0131yorum&#8221;<\/h2>\n<p>&#13;<br \/>\n\tAzerbaycan D\u0131\u015fi\u015fleri Bakan\u0131 Bayramov, \u00fclkesiyle Ermenistan aras\u0131ndaki ili\u015fkilerin normalle\u015ftirilmesi s\u00fcrecine ili\u015fkin d\u00fczenli toplant\u0131lar\u0131n, bar\u0131\u015f anla\u015fmas\u0131n\u0131n haz\u0131rlanma s\u00fcrecinin \u00f6nemli bir unsuru oldu\u011funu kaydetti.<\/p>\n<p>&#13;<br \/>\n\tEn son iki ay \u00f6nce Almanya\u2019n\u0131n ba\u015fkenti Berlin\u2019de bir araya geldiklerini hat\u0131rlatan Bayramov, \u201cSon g\u00f6r\u00fc\u015fmeden bu yana taraflar bar\u0131\u015f anla\u015fmas\u0131 tasla\u011f\u0131 \u00fczerinde g\u00f6r\u00fc\u015f al\u0131\u015fveri\u015finde bulundu ve taraflar\u0131n m\u00fczakere s\u00fcrecinin belirli y\u00f6nlerine ili\u015fkin tutumlar\u0131n\u0131 yans\u0131tan baz\u0131 belgeler de teati edildi.\u201d diye konu\u015ftu.<\/p>\n<p><\/p>\n<p>&#13;<br \/>\n\tBayramov, 19 Nisan 2024&#8217;te Azerbaycan-Ermenistan s\u0131n\u0131r\u0131n\u0131n belirli bir k\u0131sm\u0131n\u0131n s\u0131n\u0131rland\u0131r\u0131lmas\u0131 s\u00fcrecinin ba\u015flang\u0131c\u0131n\u0131 \u00f6ng\u00f6ren bir protokol imzaland\u0131\u011f\u0131n\u0131 belirterek, \u201cUzman gruplar bu protokol h\u00fck\u00fcmlerine uygun olarak belirlenen zaman dilimleri ve \u00e7er\u00e7eveler dahilinde \u00e7al\u0131\u015fmalar\u0131n\u0131 y\u00fcr\u00fct\u00fcyorlar. Bu alandaki s\u0131n\u0131r direklerinin yerle\u015ftirilmesi ise neredeyse tamamland\u0131.\u201d dedi.<\/p>\n<p>&#13;<br \/>\n\tBu g\u00f6r\u00fc\u015fmelere b\u00fcy\u00fck \u00f6nem verdiklerini vurgulayan Bayramov, \u201cAlmat\u0131\u2019daki m\u00fczakerelerin \u00e7ok faydal\u0131 olaca\u011f\u0131na inan\u0131yorum ve \u00f6n\u00fcm\u00fczdeki iki g\u00fcn boyunca halen var olan konulara \u00e7\u00f6z\u00fcm bulmak amac\u0131yla olumlu bir \u015fekilde \u00e7al\u0131\u015fabilece\u011fimizi umuyorum.\u201d ifadesini kulland\u0131.<\/p>\n<h2>&#13;<br \/>\n\t\u201cErmenistan\u2019\u0131n bar\u0131\u015f\u0131 hedefledi\u011finin alt\u0131n\u0131 \u00e7izmek istiyorum\u201d<\/h2>\n<p>&#13;<br \/>\n\tErmenistan D\u0131\u015fi\u015fleri Bakan\u0131 Mirzoyan da taraflar\u0131n Alma-Ata Deklarasyonu temelinde birbirlerinin toprak b\u00fct\u00fcnl\u00fc\u011f\u00fcn\u00fcn kar\u015f\u0131l\u0131kl\u0131 olarak tan\u0131nmas\u0131n\u0131 yeniden teyit etti\u011fini kaydederek, \u201cAyr\u0131ca iki devlet aras\u0131ndaki s\u0131n\u0131r belirleme s\u00fcrecinin bu siyasi belge temelinde ger\u00e7ekle\u015fmesi gerekti\u011fini de do\u011frulad\u0131lar. Bu, iki \u00fclke aras\u0131ndaki s\u0131n\u0131r belirleme s\u00fcrecinin Sovyetler Birli\u011fi\u2019nin \u00e7\u00f6k\u00fc\u015f\u00fc s\u0131ras\u0131nda var olan s\u0131n\u0131rlar \u00e7er\u00e7evesinde belirlenmesi anlam\u0131na geliyor.\u201d dedi.<\/p>\n<p>&#13;<br \/>\n\tG\u00f6r\u00fc\u015fmelere son derece yap\u0131c\u0131 bir \u015fekilde kat\u0131ld\u0131klar\u0131n\u0131 belirten Mirzoyan, \u201cErmenistan\u2019\u0131n bar\u0131\u015f\u0131 ve bar\u0131\u015f anla\u015fmas\u0131n\u0131n imzalanmas\u0131n\u0131 hedefledi\u011finin alt\u0131n\u0131 \u00e7izmek istiyorum.\u201d diye konu\u015ftu.<\/p>\n<p>&#13;<br \/>\n\tBakan Mirzoyan, sadece bar\u0131\u015f anla\u015fmas\u0131 imzalamakla s\u0131n\u0131rl\u0131 kalmay\u0131p, b\u00f6lgedeki t\u00fcm <a href=\"https:\/\/www.trthaber.com\/etiket\/ulasim\/\" target=\"_blank\" rel=\"noopener\">ula\u015f\u0131m<\/a> engellerini ortakla\u015fa kald\u0131rabileceklerini s\u00f6zlerine ekledi.<\/p>\n<p>&#13;<br \/>\n\tBayramov ve Mirzoyan, daha sonra ikili g\u00f6r\u00fc\u015fme yapt\u0131. Azerbaycan ile Ermenistan aras\u0131nda \u201cbar\u0131\u015f anla\u015fmas\u0131\u201d tasla\u011f\u0131n\u0131n m\u00fczakere edildi\u011fi g\u00f6r\u00fc\u015fme 4 saatten fazla s\u00fcrd\u00fc.<\/p>\n<p>&#13;<br \/>\n\tTaraflar\u0131n, Almat\u0131\u2019daki m\u00fczakereleri yar\u0131n devam edecek.<\/p>\n<\/p><\/div>\n","protected":false},"excerpt":{"rendered":"<p>&#13; Kazakistan D\u0131\u015fi\u015fleri Bakanl\u0131\u011f\u0131ndan yap\u0131lan a\u00e7\u0131klamaya g\u00f6re, Azerbaycan D\u0131\u015fi\u015fleri Bakan\u0131 Ceyhun Bayramov ile Ermenistan D\u0131\u015fi\u015fleri Bakan\u0131 Ararat Mirzoyan aras\u0131ndaki g\u00f6r\u00fc\u015fme, Almat\u0131\u2019da 1991 y\u0131l\u0131nda eski Sovyetler Birli\u011fi \u00fclkelerinden olu\u015fan Ba\u011f\u0131ms\u0131z Devletler Toplulu\u011funa (BDT) \u00fcye \u00fclkeler aras\u0131ndaki s\u0131n\u0131rlar\u0131n belirlenmesine ili\u015fkin ilkelerin onayland\u0131\u011f\u0131 Alma-Ata Deklarasyonu\u2019nun imzaland\u0131\u011f\u0131 Dostluk Evi binas\u0131nda ger\u00e7ekle\u015fti. &#13; G\u00f6r\u00fc\u015fmeye ev sahipli\u011fi yapan Kazakistan Ba\u015fbakan Yard\u0131mc\u0131s\u0131 [&hellip;]<\/p>\n","protected":false},"author":1,"featured_media":2034,"comment_status":"open","ping_status":"open","sticky":false,"template":"","format":"standard","meta":{"jnews-multi-image_gallery":[],"jnews_single_post":[],"jnews_primary_category":[],"footnotes":""},"categories":[],"tags":[],"class_list":["post-2033","post","type-post","status-publish","format-standard","has-post-thumbnail","hentry"],"yoast_head":"<!-- This site is optimized with the Yoast SEO plugin v27.5 - https:\/\/yoast.com\/product\/yoast-seo-wordpress\/ -->\n<title>Azerbaycan ve Ermenistan bakanlar\u0131 bar\u0131\u015f anla\u015fmas\u0131 i\u00e7in Kazakistanda g\u00f6r\u00fc\u015ft\u00fc - Haber Kuzey<\/title>\n<meta name=\"robots\" content=\"index, follow, max-snippet:-1, max-image-preview:large, max-video-preview:-1\" \/>\n<link rel=\"canonical\" href=\"https:\/\/haberkuzey.com\/index.php\/2024\/05\/10\/azerbaycan-ve-ermenistan-bakanlari-baris-anlasmasi-icin-kazakistanda-gorustu\/\" \/>\n<meta property=\"og:locale\" content=\"tr_TR\" \/>\n<meta property=\"og:type\" content=\"article\" \/>\n<meta property=\"og:title\" content=\"Azerbaycan ve Ermenistan bakanlar\u0131 bar\u0131\u015f anla\u015fmas\u0131 i\u00e7in Kazakistanda g\u00f6r\u00fc\u015ft\u00fc - Haber Kuzey\" \/>\n<meta property=\"og:description\" content=\"&#013; Kazakistan D\u0131\u015fi\u015fleri Bakanl\u0131\u011f\u0131ndan yap\u0131lan a\u00e7\u0131klamaya g\u00f6re, Azerbaycan D\u0131\u015fi\u015fleri Bakan\u0131 Ceyhun Bayramov ile Ermenistan D\u0131\u015fi\u015fleri Bakan\u0131 Ararat Mirzoyan aras\u0131ndaki g\u00f6r\u00fc\u015fme, Almat\u0131\u2019da 1991 y\u0131l\u0131nda eski Sovyetler Birli\u011fi \u00fclkelerinden olu\u015fan Ba\u011f\u0131ms\u0131z Devletler Toplulu\u011funa (BDT) \u00fcye \u00fclkeler aras\u0131ndaki s\u0131n\u0131rlar\u0131n belirlenmesine ili\u015fkin ilkelerin onayland\u0131\u011f\u0131 Alma-Ata Deklarasyonu\u2019nun imzaland\u0131\u011f\u0131 Dostluk Evi binas\u0131nda ger\u00e7ekle\u015fti. &#013; G\u00f6r\u00fc\u015fmeye ev sahipli\u011fi yapan Kazakistan Ba\u015fbakan Yard\u0131mc\u0131s\u0131 [&hellip;]\" \/>\n<meta property=\"og:url\" content=\"https:\/\/haberkuzey.com\/index.php\/2024\/05\/10\/azerbaycan-ve-ermenistan-bakanlari-baris-anlasmasi-icin-kazakistanda-gorustu\/\" \/>\n<meta property=\"og:site_name\" content=\"Haber Kuzey\" \/>\n<meta property=\"article:published_time\" content=\"2024-05-10T17:24:53+00:00\" \/>\n<meta property=\"og:image\" content=\"https:\/\/www.trthaber.com\/dosyalar\/images\/aa_picture_20240510_34525960.jpg\" \/>\n<meta name=\"author\" content=\"haberkuzey\" \/>\n<meta name=\"twitter:card\" content=\"summary_large_image\" \/>\n<meta name=\"twitter:label1\" content=\"Yazan:\" \/>\n\t<meta name=\"twitter:data1\" content=\"haberkuzey\" \/>\n\t<meta name=\"twitter:label2\" content=\"Tahmini okuma s\u00fcresi\" \/>\n\t<meta name=\"twitter:data2\" content=\"3 dakika\" \/>\n<script type=\"application\/ld+json\" class=\"yoast-schema-graph\">{\"@context\":\"https:\\\/\\\/schema.org\",\"@graph\":[{\"@type\":\"Article\",\"@id\":\"https:\\\/\\\/haberkuzey.com\\\/index.php\\\/2024\\\/05\\\/10\\\/azerbaycan-ve-ermenistan-bakanlari-baris-anlasmasi-icin-kazakistanda-gorustu\\\/#article\",\"isPartOf\":{\"@id\":\"https:\\\/\\\/haberkuzey.com\\\/index.php\\\/2024\\\/05\\\/10\\\/azerbaycan-ve-ermenistan-bakanlari-baris-anlasmasi-icin-kazakistanda-gorustu\\\/\"},\"author\":{\"name\":\"haberkuzey\",\"@id\":\"https:\\\/\\\/haberkuzey.com\\\/#\\\/schema\\\/person\\\/3372109ec735f9333f4fa47ebb9605ca\"},\"headline\":\"Azerbaycan ve Ermenistan bakanlar\u0131 bar\u0131\u015f anla\u015fmas\u0131 i\u00e7in Kazakistanda g\u00f6r\u00fc\u015ft\u00fc\",\"datePublished\":\"2024-05-10T17:24:53+00:00\",\"mainEntityOfPage\":{\"@id\":\"https:\\\/\\\/haberkuzey.com\\\/index.php\\\/2024\\\/05\\\/10\\\/azerbaycan-ve-ermenistan-bakanlari-baris-anlasmasi-icin-kazakistanda-gorustu\\\/\"},\"wordCount\":615,\"commentCount\":0,\"image\":{\"@id\":\"https:\\\/\\\/haberkuzey.com\\\/index.php\\\/2024\\\/05\\\/10\\\/azerbaycan-ve-ermenistan-bakanlari-baris-anlasmasi-icin-kazakistanda-gorustu\\\/#primaryimage\"},\"thumbnailUrl\":\"https:\\\/\\\/haberkuzey.com\\\/wp-content\\\/uploads\\\/2024\\\/05\\\/azerbaycan-ermenistan-kazakistan-aa-2227528.jpg\",\"inLanguage\":\"tr\",\"potentialAction\":[{\"@type\":\"CommentAction\",\"name\":\"Comment\",\"target\":[\"https:\\\/\\\/haberkuzey.com\\\/index.php\\\/2024\\\/05\\\/10\\\/azerbaycan-ve-ermenistan-bakanlari-baris-anlasmasi-icin-kazakistanda-gorustu\\\/#respond\"]}]},{\"@type\":\"WebPage\",\"@id\":\"https:\\\/\\\/haberkuzey.com\\\/index.php\\\/2024\\\/05\\\/10\\\/azerbaycan-ve-ermenistan-bakanlari-baris-anlasmasi-icin-kazakistanda-gorustu\\\/\",\"url\":\"https:\\\/\\\/haberkuzey.com\\\/index.php\\\/2024\\\/05\\\/10\\\/azerbaycan-ve-ermenistan-bakanlari-baris-anlasmasi-icin-kazakistanda-gorustu\\\/\",\"name\":\"Azerbaycan ve Ermenistan bakanlar\u0131 bar\u0131\u015f anla\u015fmas\u0131 i\u00e7in Kazakistanda g\u00f6r\u00fc\u015ft\u00fc - Haber Kuzey\",\"isPartOf\":{\"@id\":\"https:\\\/\\\/haberkuzey.com\\\/#website\"},\"primaryImageOfPage\":{\"@id\":\"https:\\\/\\\/haberkuzey.com\\\/index.php\\\/2024\\\/05\\\/10\\\/azerbaycan-ve-ermenistan-bakanlari-baris-anlasmasi-icin-kazakistanda-gorustu\\\/#primaryimage\"},\"image\":{\"@id\":\"https:\\\/\\\/haberkuzey.com\\\/index.php\\\/2024\\\/05\\\/10\\\/azerbaycan-ve-ermenistan-bakanlari-baris-anlasmasi-icin-kazakistanda-gorustu\\\/#primaryimage\"},\"thumbnailUrl\":\"https:\\\/\\\/haberkuzey.com\\\/wp-content\\\/uploads\\\/2024\\\/05\\\/azerbaycan-ermenistan-kazakistan-aa-2227528.jpg\",\"datePublished\":\"2024-05-10T17:24:53+00:00\",\"author\":{\"@id\":\"https:\\\/\\\/haberkuzey.com\\\/#\\\/schema\\\/person\\\/3372109ec735f9333f4fa47ebb9605ca\"},\"breadcrumb\":{\"@id\":\"https:\\\/\\\/haberkuzey.com\\\/index.php\\\/2024\\\/05\\\/10\\\/azerbaycan-ve-ermenistan-bakanlari-baris-anlasmasi-icin-kazakistanda-gorustu\\\/#breadcrumb\"},\"inLanguage\":\"tr\",\"potentialAction\":[{\"@type\":\"ReadAction\",\"target\":[\"https:\\\/\\\/haberkuzey.com\\\/index.php\\\/2024\\\/05\\\/10\\\/azerbaycan-ve-ermenistan-bakanlari-baris-anlasmasi-icin-kazakistanda-gorustu\\\/\"]}]},{\"@type\":\"ImageObject\",\"inLanguage\":\"tr\",\"@id\":\"https:\\\/\\\/haberkuzey.com\\\/index.php\\\/2024\\\/05\\\/10\\\/azerbaycan-ve-ermenistan-bakanlari-baris-anlasmasi-icin-kazakistanda-gorustu\\\/#primaryimage\",\"url\":\"https:\\\/\\\/haberkuzey.com\\\/wp-content\\\/uploads\\\/2024\\\/05\\\/azerbaycan-ermenistan-kazakistan-aa-2227528.jpg\",\"contentUrl\":\"https:\\\/\\\/haberkuzey.com\\\/wp-content\\\/uploads\\\/2024\\\/05\\\/azerbaycan-ermenistan-kazakistan-aa-2227528.jpg\",\"width\":1280,\"height\":720},{\"@type\":\"BreadcrumbList\",\"@id\":\"https:\\\/\\\/haberkuzey.com\\\/index.php\\\/2024\\\/05\\\/10\\\/azerbaycan-ve-ermenistan-bakanlari-baris-anlasmasi-icin-kazakistanda-gorustu\\\/#breadcrumb\",\"itemListElement\":[{\"@type\":\"ListItem\",\"position\":1,\"name\":\"Anasayfa\",\"item\":\"https:\\\/\\\/haberkuzey.com\\\/\"},{\"@type\":\"ListItem\",\"position\":2,\"name\":\"Azerbaycan ve Ermenistan bakanlar\u0131 bar\u0131\u015f anla\u015fmas\u0131 i\u00e7in Kazakistanda g\u00f6r\u00fc\u015ft\u00fc\"}]},{\"@type\":\"WebSite\",\"@id\":\"https:\\\/\\\/haberkuzey.com\\\/#website\",\"url\":\"https:\\\/\\\/haberkuzey.com\\\/\",\"name\":\"Haber Kuzey\",\"description\":\"Do\u011fru Haberin Adresi\",\"potentialAction\":[{\"@type\":\"SearchAction\",\"target\":{\"@type\":\"EntryPoint\",\"urlTemplate\":\"https:\\\/\\\/haberkuzey.com\\\/?s={search_term_string}\"},\"query-input\":{\"@type\":\"PropertyValueSpecification\",\"valueRequired\":true,\"valueName\":\"search_term_string\"}}],\"inLanguage\":\"tr\"},{\"@type\":\"Person\",\"@id\":\"https:\\\/\\\/haberkuzey.com\\\/#\\\/schema\\\/person\\\/3372109ec735f9333f4fa47ebb9605ca\",\"name\":\"haberkuzey\",\"image\":{\"@type\":\"ImageObject\",\"inLanguage\":\"tr\",\"@id\":\"https:\\\/\\\/secure.gravatar.com\\\/avatar\\\/f5fc875574b1575324358c3b9e6a32b8227aa5b74f3fa22e3cadb63e26fcc39c?s=96&d=mm&r=g\",\"url\":\"https:\\\/\\\/secure.gravatar.com\\\/avatar\\\/f5fc875574b1575324358c3b9e6a32b8227aa5b74f3fa22e3cadb63e26fcc39c?s=96&d=mm&r=g\",\"contentUrl\":\"https:\\\/\\\/secure.gravatar.com\\\/avatar\\\/f5fc875574b1575324358c3b9e6a32b8227aa5b74f3fa22e3cadb63e26fcc39c?s=96&d=mm&r=g\",\"caption\":\"haberkuzey\"},\"sameAs\":[\"https:\\\/\\\/haberkuzey.com\"],\"url\":\"https:\\\/\\\/haberkuzey.com\\\/index.php\\\/author\\\/haberkuzey\\\/\"}]}<\/script>\n<!-- \/ Yoast SEO plugin. -->","yoast_head_json":{"title":"Azerbaycan ve Ermenistan bakanlar\u0131 bar\u0131\u015f anla\u015fmas\u0131 i\u00e7in Kazakistanda g\u00f6r\u00fc\u015ft\u00fc - Haber Kuzey","robots":{"index":"index","follow":"follow","max-snippet":"max-snippet:-1","max-image-preview":"max-image-preview:large","max-video-preview":"max-video-preview:-1"},"canonical":"https:\/\/haberkuzey.com\/index.php\/2024\/05\/10\/azerbaycan-ve-ermenistan-bakanlari-baris-anlasmasi-icin-kazakistanda-gorustu\/","og_locale":"tr_TR","og_type":"article","og_title":"Azerbaycan ve Ermenistan bakanlar\u0131 bar\u0131\u015f anla\u015fmas\u0131 i\u00e7in Kazakistanda g\u00f6r\u00fc\u015ft\u00fc - Haber Kuzey","og_description":"&#13; Kazakistan D\u0131\u015fi\u015fleri Bakanl\u0131\u011f\u0131ndan yap\u0131lan a\u00e7\u0131klamaya g\u00f6re, Azerbaycan D\u0131\u015fi\u015fleri Bakan\u0131 Ceyhun Bayramov ile Ermenistan D\u0131\u015fi\u015fleri Bakan\u0131 Ararat Mirzoyan aras\u0131ndaki g\u00f6r\u00fc\u015fme, Almat\u0131\u2019da 1991 y\u0131l\u0131nda eski Sovyetler Birli\u011fi \u00fclkelerinden olu\u015fan Ba\u011f\u0131ms\u0131z Devletler Toplulu\u011funa (BDT) \u00fcye \u00fclkeler aras\u0131ndaki s\u0131n\u0131rlar\u0131n belirlenmesine ili\u015fkin ilkelerin onayland\u0131\u011f\u0131 Alma-Ata Deklarasyonu\u2019nun imzaland\u0131\u011f\u0131 Dostluk Evi binas\u0131nda ger\u00e7ekle\u015fti. &#13; G\u00f6r\u00fc\u015fmeye ev sahipli\u011fi yapan Kazakistan Ba\u015fbakan Yard\u0131mc\u0131s\u0131 [&hellip;]","og_url":"https:\/\/haberkuzey.com\/index.php\/2024\/05\/10\/azerbaycan-ve-ermenistan-bakanlari-baris-anlasmasi-icin-kazakistanda-gorustu\/","og_site_name":"Haber Kuzey","article_published_time":"2024-05-10T17:24:53+00:00","og_image":[{"url":"https:\/\/www.trthaber.com\/dosyalar\/images\/aa_picture_20240510_34525960.jpg","type":"","width":"","height":""}],"author":"haberkuzey","twitter_card":"summary_large_image","twitter_misc":{"Yazan:":"haberkuzey","Tahmini okuma s\u00fcresi":"3 dakika"},"schema":{"@context":"https:\/\/schema.org","@graph":[{"@type":"Article","@id":"https:\/\/haberkuzey.com\/index.php\/2024\/05\/10\/azerbaycan-ve-ermenistan-bakanlari-baris-anlasmasi-icin-kazakistanda-gorustu\/#article","isPartOf":{"@id":"https:\/\/haberkuzey.com\/index.php\/2024\/05\/10\/azerbaycan-ve-ermenistan-bakanlari-baris-anlasmasi-icin-kazakistanda-gorustu\/"},"author":{"name":"haberkuzey","@id":"https:\/\/haberkuzey.com\/#\/schema\/person\/3372109ec735f9333f4fa47ebb9605ca"},"headline":"Azerbaycan ve Ermenistan bakanlar\u0131 bar\u0131\u015f anla\u015fmas\u0131 i\u00e7in Kazakistanda g\u00f6r\u00fc\u015ft\u00fc","datePublished":"2024-05-10T17:24:53+00:00","mainEntityOfPage":{"@id":"https:\/\/haberkuzey.com\/index.php\/2024\/05\/10\/azerbaycan-ve-ermenistan-bakanlari-baris-anlasmasi-icin-kazakistanda-gorustu\/"},"wordCount":615,"commentCount":0,"image":{"@id":"https:\/\/haberkuzey.com\/index.php\/2024\/05\/10\/azerbaycan-ve-ermenistan-bakanlari-baris-anlasmasi-icin-kazakistanda-gorustu\/#primaryimage"},"thumbnailUrl":"https:\/\/haberkuzey.com\/wp-content\/uploads\/2024\/05\/azerbaycan-ermenistan-kazakistan-aa-2227528.jpg","inLanguage":"tr","potentialAction":[{"@type":"CommentAction","name":"Comment","target":["https:\/\/haberkuzey.com\/index.php\/2024\/05\/10\/azerbaycan-ve-ermenistan-bakanlari-baris-anlasmasi-icin-kazakistanda-gorustu\/#respond"]}]},{"@type":"WebPage","@id":"https:\/\/haberkuzey.com\/index.php\/2024\/05\/10\/azerbaycan-ve-ermenistan-bakanlari-baris-anlasmasi-icin-kazakistanda-gorustu\/","url":"https:\/\/haberkuzey.com\/index.php\/2024\/05\/10\/azerbaycan-ve-ermenistan-bakanlari-baris-anlasmasi-icin-kazakistanda-gorustu\/","name":"Azerbaycan ve Ermenistan bakanlar\u0131 bar\u0131\u015f anla\u015fmas\u0131 i\u00e7in Kazakistanda g\u00f6r\u00fc\u015ft\u00fc - Haber Kuzey","isPartOf":{"@id":"https:\/\/haberkuzey.com\/#website"},"primaryImageOfPage":{"@id":"https:\/\/haberkuzey.com\/index.php\/2024\/05\/10\/azerbaycan-ve-ermenistan-bakanlari-baris-anlasmasi-icin-kazakistanda-gorustu\/#primaryimage"},"image":{"@id":"https:\/\/haberkuzey.com\/index.php\/2024\/05\/10\/azerbaycan-ve-ermenistan-bakanlari-baris-anlasmasi-icin-kazakistanda-gorustu\/#primaryimage"},"thumbnailUrl":"https:\/\/haberkuzey.com\/wp-content\/uploads\/2024\/05\/azerbaycan-ermenistan-kazakistan-aa-2227528.jpg","datePublished":"2024-05-10T17:24:53+00:00","author":{"@id":"https:\/\/haberkuzey.com\/#\/schema\/person\/3372109ec735f9333f4fa47ebb9605ca"},"breadcrumb":{"@id":"https:\/\/haberkuzey.com\/index.php\/2024\/05\/10\/azerbaycan-ve-ermenistan-bakanlari-baris-anlasmasi-icin-kazakistanda-gorustu\/#breadcrumb"},"inLanguage":"tr","potentialAction":[{"@type":"ReadAction","target":["https:\/\/haberkuzey.com\/index.php\/2024\/05\/10\/azerbaycan-ve-ermenistan-bakanlari-baris-anlasmasi-icin-kazakistanda-gorustu\/"]}]},{"@type":"ImageObject","inLanguage":"tr","@id":"https:\/\/haberkuzey.com\/index.php\/2024\/05\/10\/azerbaycan-ve-ermenistan-bakanlari-baris-anlasmasi-icin-kazakistanda-gorustu\/#primaryimage","url":"https:\/\/haberkuzey.com\/wp-content\/uploads\/2024\/05\/azerbaycan-ermenistan-kazakistan-aa-2227528.jpg","contentUrl":"https:\/\/haberkuzey.com\/wp-content\/uploads\/2024\/05\/azerbaycan-ermenistan-kazakistan-aa-2227528.jpg","width":1280,"height":720},{"@type":"BreadcrumbList","@id":"https:\/\/haberkuzey.com\/index.php\/2024\/05\/10\/azerbaycan-ve-ermenistan-bakanlari-baris-anlasmasi-icin-kazakistanda-gorustu\/#breadcrumb","itemListElement":[{"@type":"ListItem","position":1,"name":"Anasayfa","item":"https:\/\/haberkuzey.com\/"},{"@type":"ListItem","position":2,"name":"Azerbaycan ve Ermenistan bakanlar\u0131 bar\u0131\u015f anla\u015fmas\u0131 i\u00e7in Kazakistanda g\u00f6r\u00fc\u015ft\u00fc"}]},{"@type":"WebSite","@id":"https:\/\/haberkuzey.com\/#website","url":"https:\/\/haberkuzey.com\/","name":"Haber Kuzey","description":"Do\u011fru Haberin Adresi","potentialAction":[{"@type":"SearchAction","target":{"@type":"EntryPoint","urlTemplate":"https:\/\/haberkuzey.com\/?s={search_term_string}"},"query-input":{"@type":"PropertyValueSpecification","valueRequired":true,"valueName":"search_term_string"}}],"inLanguage":"tr"},{"@type":"Person","@id":"https:\/\/haberkuzey.com\/#\/schema\/person\/3372109ec735f9333f4fa47ebb9605ca","name":"haberkuzey","image":{"@type":"ImageObject","inLanguage":"tr","@id":"https:\/\/secure.gravatar.com\/avatar\/f5fc875574b1575324358c3b9e6a32b8227aa5b74f3fa22e3cadb63e26fcc39c?s=96&d=mm&r=g","url":"https:\/\/secure.gravatar.com\/avatar\/f5fc875574b1575324358c3b9e6a32b8227aa5b74f3fa22e3cadb63e26fcc39c?s=96&d=mm&r=g","contentUrl":"https:\/\/secure.gravatar.com\/avatar\/f5fc875574b1575324358c3b9e6a32b8227aa5b74f3fa22e3cadb63e26fcc39c?s=96&d=mm&r=g","caption":"haberkuzey"},"sameAs":["https:\/\/haberkuzey.com"],"url":"https:\/\/haberkuzey.com\/index.php\/author\/haberkuzey\/"}]}},"_links":{"self":[{"href":"https:\/\/haberkuzey.com\/index.php\/wp-json\/wp\/v2\/posts\/2033","targetHints":{"allow":["GET"]}}],"collection":[{"href":"https:\/\/haberkuzey.com\/index.php\/wp-json\/wp\/v2\/posts"}],"about":[{"href":"https:\/\/haberkuzey.com\/index.php\/wp-json\/wp\/v2\/types\/post"}],"author":[{"embeddable":true,"href":"https:\/\/haberkuzey.com\/index.php\/wp-json\/wp\/v2\/users\/1"}],"replies":[{"embeddable":true,"href":"https:\/\/haberkuzey.com\/index.php\/wp-json\/wp\/v2\/comments?post=2033"}],"version-history":[{"count":0,"href":"https:\/\/haberkuzey.com\/index.php\/wp-json\/wp\/v2\/posts\/2033\/revisions"}],"wp:featuredmedia":[{"embeddable":true,"href":"https:\/\/haberkuzey.com\/index.php\/wp-json\/wp\/v2\/media\/2034"}],"wp:attachment":[{"href":"https:\/\/haberkuzey.com\/index.php\/wp-json\/wp\/v2\/media?parent=2033"}],"wp:term":[{"taxonomy":"category","embeddable":true,"href":"https:\/\/haberkuzey.com\/index.php\/wp-json\/wp\/v2\/categories?post=2033"},{"taxonomy":"post_tag","embeddable":true,"href":"https:\/\/haberkuzey.com\/index.php\/wp-json\/wp\/v2\/tags?post=2033"}],"curies":[{"name":"wp","href":"https:\/\/api.w.org\/{rel}","templated":true}]}}