{"id":20327,"date":"2025-03-20T21:27:37","date_gmt":"2025-03-20T19:27:37","guid":{"rendered":"https:\/\/haberkuzey.com\/index.php\/2025\/03\/20\/erdogan-bizim-muhalefetin-musamerelerine-ayiracak-vaktimiz-yok\/"},"modified":"2025-03-20T21:27:37","modified_gmt":"2025-03-20T19:27:37","slug":"erdogan-bizim-muhalefetin-musamerelerine-ayiracak-vaktimiz-yok","status":"publish","type":"post","link":"https:\/\/haberkuzey.com\/index.php\/2025\/03\/20\/erdogan-bizim-muhalefetin-musamerelerine-ayiracak-vaktimiz-yok\/","title":{"rendered":"Erdo\u011fan: Bizim muhalefetin m\u00fcsamerelerine ay\u0131racak vaktimiz yok"},"content":{"rendered":"<div>\n<div class=\"mariselle-image-container center\">\n                                            <\/div>\n<p>TC Cumhurba\u015fkan\u0131 Recep Tayyip Erdo\u011fan, AK Parti Konferans Salonu\u2019nda, partisinin \u00f6nceki d\u00f6nem milletvekilleriyle iftarda bir araya geldi.<\/p>\n<p>Buradaki konu\u015fmas\u0131nda Erdo\u011fan, \u00e7e\u015fitli d\u00f6nemlerde milletin temsilcisi olarak T\u00fcrkiye B\u00fcy\u00fck Millet Meclisi AK Parti grubunda icra ettikleri \u00e7al\u0131\u015fmalar i\u00e7in milletvekillerine \u015f\u00fckranlar\u0131n\u0131 sundu.<\/p>\n<p>Erdo\u011fan, ge\u00e7en g\u00fcnlerde hayat\u0131n\u0131 kaybeden AK Parti\u2019nin kurucular\u0131ndan, \u00fc\u00e7 d\u00f6nem Karaman Milletvekili olarak parlamentoda g\u00f6rev yapan Zeki \u00dcnal ba\u015fta olmak \u00fczere ebedi aleme g\u00f6\u00e7 eden b\u00fcy\u00fcklere, yol ve m\u00fccadele arkada\u015flar\u0131na rahmet diledi.<\/p>\n<p>\u0130slam d\u00fcnyas\u0131 olarak ramazan\u0131n manevi ikliminin teneff\u00fcs edildi\u011fi m\u00fcbarek g\u00fcnlerde siyonist \u0130srail y\u00f6netiminin ate\u015fkesi bozarak Gazze\u2019deki katliam ve soyk\u0131r\u0131m politikas\u0131na t\u00fcm hoyratl\u0131\u011f\u0131yla devam etti\u011fini belirten Erdo\u011fan, g\u00f6z\u00fcn\u00fc kan ve nefret b\u00fcr\u00fcm\u00fc\u015f bu barbar s\u00fcr\u00fcs\u00fcn\u00fcn ba\u015flatt\u0131\u011f\u0131 yeni sald\u0131r\u0131larda \u00e7o\u011fu \u00e7ocuk ve kad\u0131n 500\u2019den fazla Filistinlinin daha \u015fehit oldu\u011funu s\u00f6yledi.<\/p>\n<p>Ramazan ay\u0131nda ve sahur vaktinde Gazze\u2019de sivillerin \u00fczerine ya\u011fd\u0131r\u0131lan bombalar\u0131n nice anne babay\u0131 evlats\u0131z, nice yavruyu yetim ve \u00f6ks\u00fcz b\u0131rakt\u0131\u011f\u0131n\u0131 dile getiren Erdo\u011fan, bu mukaddes g\u00fcnlerin yery\u00fcz\u00fcn\u00fcn d\u00f6rt bir yan\u0131nda zulme ve zalime cesaretle, sab\u0131rla, metanetle direnen hayat, izzet ve haysiyet m\u00fccadelesi veren t\u00fcm mazlumlar\u0131n kurtulu\u015funa vesile olmas\u0131n\u0131 diledi.<\/p>\n<p>Erdo\u011fan, \u201cPervas\u0131zca y\u00fcr\u00fct\u00fclen katliamlara sessiz kalanlar, \u0130srail\u2019in i\u015fledi\u011fi sava\u015f, soyk\u0131r\u0131m ve insanl\u0131k su\u00e7lar\u0131na engel olmayanlar, hem tarih \u00f6n\u00fcnde hem de insanl\u0131k vicdan\u0131nda er ya da ge\u00e7 hesap vereceklerdir. S\u0131rt\u0131n\u0131 dayad\u0131klar\u0131 g\u00fc\u00e7lerden cesaret alarak \u00e7ocuklar\u0131 katledenler, Allah\u2019\u0131n izniyle d\u00f6kt\u00fckleri masum kanlar\u0131nda bo\u011fulacaklard\u0131r. T\u00fcrkiye olarak Filistinli karde\u015flerimizin yan\u0131nda olmaya, tarihin do\u011fru taraf\u0131nda yer almaya, t\u00fcm imkanlar\u0131m\u0131zla, t\u00fcm g\u00fcc\u00fcm\u00fczle Gazzeli mazlumlar\u0131 desteklemeye in\u015fallah devam edece\u011fiz.\u201d diye konu\u015ftu.<\/p>\n<p>\u201cKendini s\u00fcrekli yenileyen bir parti olarak kimseyi d\u0131\u015flam\u0131yoruz\u201d<br \/>AK Parti\u2019nin 23 y\u0131l\u0131 bulan iktidar\u0131n\u0131n her an\u0131n\u0131, takip\u00e7isi oldu\u011fu halka ve hakka hizmet davas\u0131na lay\u0131k olabilmek i\u00e7in \u00e7al\u0131\u015farak ge\u00e7irdi\u011fini belirten Erdo\u011fan, T\u00fcrkiye\u2019yi son iki as\u0131rd\u0131r s\u0131k\u0131\u015ft\u0131r\u0131ld\u0131\u011f\u0131 siyasi, ekonomik ve sosyal cendereden \u00e7\u0131kartan demokrasi ve altyap\u0131 at\u0131l\u0131mlar\u0131n\u0131 ger\u00e7ekle\u015ftirmenin AK Parti\u2019li kadrolara nasip oldu\u011funu ifade etti.<\/p>\n<p>Erdo\u011fan, eser ve hizmet siyaseti sayesinde AK Parti\u2019ye oy versin vermesin bu \u00fclkede ya\u015fayan herkesin hayat\u0131na dokunmay\u0131 ba\u015fard\u0131klar\u0131n\u0131 s\u00f6yledi.<\/p>\n<p>\u00dclkenin \u00e7\u0131karlar\u0131n\u0131 savunman\u0131n \u00f6tesinde k\u00fcresel d\u00fczeyde adalet, hakkaniyet ve merhamet m\u00fcdafaas\u0131 \u00fczerine kurulu d\u0131\u015f siyasette d\u00fcnyada milyarlarca insana umut a\u015f\u0131lad\u0131klar\u0131n\u0131 vurgulayan Erdo\u011fan, \u015f\u00f6yle devam etti:<\/p>\n<p>\u201cBu g\u00fczel tabloda sizler ba\u015fta olmak \u00fczere partimizin her mensubunun, partimize oy vererek bize g\u00fc\u00e7 sa\u011flayan her bir vatanda\u015f\u0131m\u0131z\u0131n eme\u011fi, katk\u0131s\u0131, rol\u00fc bulunuyor. Sizlerin \u015fahs\u0131nda m\u00fccadelemize omuz veren herkese te\u015fekk\u00fcr ediyoruz. Hazreti Mevlana \u015f\u00f6yle diyor; \u2018Nice insanlar g\u00f6rd\u00fcm, \u00fczerinde elbise yok. Nice elbiseler g\u00f6rd\u00fcm, i\u00e7inde insan yok.\u2019 \u00dclkeye, millete ve insana hizmet yolunda \u00fcstlenilen sorumluluklar ile ortaya konulan \u00e7abalar\u0131 sahip olunan \u00fcnvanlardan ba\u011f\u0131ms\u0131z \u015fekilde de\u011ferlendirmek gerekir.<\/p>\n<p>Sizleri milletvekilli\u011finin \u00f6tesinde memleketimizin sevdal\u0131s\u0131, hizmet erleri olarak b\u00f6yle bir mertebede g\u00f6r\u00fcyorum. \u0130\u015fte hep birlikte kazand\u0131\u011f\u0131m\u0131z bu m\u00fcktesebat in\u015fallah hem bu d\u00fcnyada hem \u00f6teki d\u00fcnyada hak kat\u0131nda en \u00f6nemli ibra vesilemiz olacakt\u0131r. Bunun i\u00e7in her \u015feyin eskisi olabilir ama \u00fclkeye ve millete hizmet davas\u0131nda eski s\u0131fat\u0131na yer yoktur.<\/p>\n<p>Hele hele AK Parti\u2019de, yolunu ay\u0131ranlar veya yolunu \u015fa\u015f\u0131ranlar d\u0131\u015f\u0131nda, eski diye bir kavram asla s\u00f6z konusu de\u011fildir. Kendini s\u00fcrekli yenileyen bir parti olarak bunu yaparken kimseyi d\u0131\u015flam\u0131yoruz. Tam tersine geni\u015f ailemizi s\u00fcrekli b\u00fcy\u00fcterek \u00dcstat Necip Faz\u0131l\u2019\u0131n ifadesiyle yolumuza \u2018pekle\u015fe pekle\u015fe\u2019 devam ediyoruz.\u201d<\/p>\n<p>\u201cK\u0131rg\u0131nl\u0131k olmu\u015fsa giderilir, sorun varsa \u00e7\u00f6z\u00fcl\u00fcr\u201d<br \/>Bayrak yar\u0131\u015f\u0131nda geride kalanlar\u0131n oyunun d\u0131\u015f\u0131na \u00e7\u0131kmad\u0131\u011f\u0131n\u0131 ifade eden Erdo\u011fan, \u201cSadece zaferin sevincini tak\u0131m arkada\u015flar\u0131yla payla\u015fmak, bunun i\u00e7in nefesleniyor. Ayr\u0131ca parti olarak hi\u00e7bir arkada\u015f\u0131m\u0131z\u0131n birikimini, gayretini ve tecr\u00fcbesini heba edecek l\u00fckse sahip de\u011filiz. Nitekim \u00f6nceki d\u00f6nem milletvekillerimizin bir k\u0131sm\u0131 gerek genel merkezimizde gerek il te\u015fkilatlar\u0131m\u0131zda gerekse b\u00fcrokraside \u00e7e\u015fitli mevkilerde hizmetlerine devam ediyor. Sa\u011fl\u0131\u011f\u0131 ve motivasyonu yerinde olan her bir arkada\u015f\u0131m\u0131z i\u00e7in yeni g\u00f6revler \u00fcstlenme yolu a\u00e7\u0131kt\u0131r. Her \u015fey gibi bu da vakit ve nasip meselesidir. Ama \u015funu asla unutmamal\u0131y\u0131z ki AK Parti\u2019ye aidiyet, son nefese kadar sahip \u00e7\u0131k\u0131lacak, nesilden nesile gururla aktar\u0131lacak onurlu bir mirast\u0131r.\u201d diye konu\u015ftu.<\/p>\n<p>Erdo\u011fan, bu \u00e7at\u0131 alt\u0131nda kimsenin kendisine kurumsal bir g\u00f6rev verilmesini beklemedi\u011fine ve beklememesi gerekti\u011fine i\u015faret ederek, bu harekette k\u00fcsme, dar\u0131lma, uzakla\u015fman\u0131n s\u00f6z konusu olamayaca\u011f\u0131n\u0131 belirtti.<\/p>\n<p>Cumhurba\u015fkan\u0131 Erdo\u011fan, \u201cK\u0131rg\u0131nl\u0131k olmu\u015fsa giderilir, sorun varsa \u00e7\u00f6z\u00fcl\u00fcr. Yanl\u0131\u015f anla\u015f\u0131lma varsa bir yol bulunup mutlaka d\u00fczeltilir. \u015eu an alt\u0131nda tek y\u00fcrek, tek bilek oldu\u011fumuz \u00e7at\u0131 bizim ortak yuvam\u0131z, evimiz, s\u0131\u011f\u0131na\u011f\u0131m\u0131zd\u0131r. Biz g\u00f6n\u00fcll\u00fcs\u00fcyle, te\u015fkilat mensubuyla, y\u00f6neticisiyle hep beraber say\u0131s\u0131 milyonlar\u0131 a\u015fan muhte\u015fem ve muazzam bir aileyiz. Bunun i\u00e7in her birimiz hanemizden ba\u015flayarak yak\u0131n \u00e7evremize, e\u015fimize, dostumuza, sevenlerimize, hem\u015fehrilerimize hep hakk\u0131 ve hakikati anlatmakla, insanlar\u0131 ikna etmekle, g\u00f6n\u00fcller kazanmakla m\u00fckellefiz.\u201d dedi.<\/p>\n<p><em>\u201cMuhalefet iddialara cevap veremiyor\u201d<\/em><br \/>AK Parti\u2019nin \u00fclkenin ve milletin hanesine yazd\u0131rd\u0131\u011f\u0131 tarihi kazan\u0131mlar\u0131 s\u0131rf ki\u015fisel \u00e7\u0131karlar\u0131 veya h\u0131rslar\u0131 y\u00fcz\u00fcnden ters y\u00fcz etmek i\u00e7in yalana ve iftiraya ba\u015fvuranlar\u0131n oyunlar\u0131n\u0131 bo\u015fa \u00e7\u0131karman\u0131n boyunlar\u0131n\u0131n borcu oldu\u011funu belirten Erdo\u011fan, \u201cEskiler, \u2018Do\u011fru yerinden kalkana kadar yalan d\u00fcnyay\u0131 dola\u015f\u0131rm\u0131\u015f\u2019 derler. Yalan\u0131n, iftiran\u0131n, inkar\u0131n bu tahrikkar g\u00fcc\u00fcn\u00fc do\u011frunun, hak tesliminin, insaf\u0131n ve vicdan\u0131n \u00fcst\u00fcnl\u00fc\u011f\u00fcyle, Allah\u2019\u0131n izniyle yenece\u011fiz.\u201d diye konu\u015ftu.<\/p>\n<p>T\u00fcrkiye\u2019nin her g\u00fcn yeni ve bir di\u011ferini geride b\u0131rakan g\u00fcndemlere uyanan, belki de d\u00fcnyan\u0131n en hareketli \u00fclkesi oldu\u011funu s\u00f6yleyen Erdo\u011fan, bu g\u00fcndemlerin bir k\u0131sm\u0131n\u0131n \u00fclkenin ger\u00e7ekten ihtiyac\u0131 olan hususlar\u0131 ihtiva ederken, bir k\u0131sm\u0131n\u0131n da suni olarak k\u00f6p\u00fcrt\u00fclm\u00fc\u015f konulardan olu\u015ftu\u011funu belirtti.<\/p>\n<p>\u201cMuhalefetin kendi i\u00e7 kavgalar\u0131n\u0131 veya hukukla olan s\u0131k\u0131nt\u0131lar\u0131n\u0131, \u00fclkenin en \u00f6nemli meselesi gibi g\u00f6sterme gayreti, riyakarl\u0131\u011f\u0131n dik alas\u0131d\u0131r.\u201d ifadesini kullanan Erdo\u011fan, \u201c\u2018Hata, hata ile savunulamaz\u2019 diye bir s\u00f6z var. \u00dclkemiz muhalefeti de merhum Ziya Pa\u015fa\u2019n\u0131n dedi\u011fi gibi \u2018herkesi k\u00f6r, alemi sersem sand\u0131\u011f\u0131\u2019 i\u00e7in yapt\u0131\u011f\u0131 hatalar\u0131 daha b\u00fcy\u00fck hatalarla savunmay\u0131, \u015fecaat arz ederken sirkatin s\u00f6ylemeyi siyaset zannediyor. Halbuki b\u00f6yle yaparak kendilerini b\u0131rak\u0131n\u0131z halk\u0131, en yak\u0131nlar\u0131n\u0131n dahi y\u00fczlerine bakamayacak hale d\u00fc\u015f\u00fcrd\u00fcklerinin fark\u0131nda bile de\u011filler.\u201d dedi.<\/p>\n<p>Muhalefetin h\u0131rs ve ihtiras\u0131n\u0131n adeta ak\u0131llar\u0131n\u0131 esir ald\u0131\u011f\u0131n\u0131 s\u00f6yleyen Erdo\u011fan, \u015f\u00f6yle devam etti:<\/p>\n<p>\u201cPolisimize sald\u0131racak, hakime, savc\u0131ya, mahkemelere tehditler savuracak kadar muvazeneyi yitirmi\u015f vaziyetteler. Dikkat ederseniz CHP\u2019siyle, medyas\u0131yla ve di\u011fer yap\u0131lar\u0131yla muhalefet taraf\u0131 gerek diploma meselesinde gerekse yolsuzluk, h\u0131rs\u0131zl\u0131k meselesinde yarg\u0131n\u0131n ortaya koydu\u011fu iddialara asla cevap vermiyorlar, veremiyorlar.<\/p>\n<p>Bunun yerine konuyu siyasi sloganlara hapsederek, kendi tabanlar\u0131n\u0131 tahrik etme, milleti aldatma kolayc\u0131l\u0131\u011f\u0131na ka\u00e7\u0131yorlar. Deseler ki \u2018Karde\u015fim, bu diploma al\u0131n teriyle, usul\u00fcne uygun \u015fekilde al\u0131nm\u0131\u015f bir belgedir.\u2019 Bunu, ilgili arkada\u015flar\u0131m\u0131z vas\u0131tas\u0131yla ve hukuki arg\u00fcmanlarla konu\u015fup tart\u0131\u015fmak m\u00fcmk\u00fcnd\u00fcr.<\/p>\n<p>Ayn\u0131 \u015fekilde, deseler ki \u2018Karde\u015fim, belediyede hi\u00e7bir h\u0131rs\u0131zl\u0131k, yolsuzluk, usuls\u00fczl\u00fck, haks\u0131zl\u0131k, karanl\u0131k ve karma\u015f\u0131k ili\u015fki yok.\u2019 Bunu da yine i\u015fin erbab\u0131 vas\u0131tas\u0131yla ve hukuki deliller \u0131\u015f\u0131\u011f\u0131nda konu\u015fup tart\u0131\u015fmak m\u00fcmk\u00fcn ama bunlar\u0131 yapm\u0131yorlar, yapam\u0131yorlar. \u00c7\u00fcnk\u00fc hepsinin ve \u00e7ok daha fazlas\u0131n\u0131n do\u011fru oldu\u011funu, ger\u00e7ek oldu\u011funu en iyi kendileri biliyor.<\/p>\n<p>Hatta bu bilgi ve belgelerin \u00e7o\u011funun bizzat kendi partilileri taraf\u0131ndan yarg\u0131ya aktar\u0131ld\u0131\u011f\u0131n\u0131n da fark\u0131ndalar. Kamuoyu \u00f6n\u00fcnde timsah g\u00f6zya\u015flar\u0131 d\u00f6ken CHP y\u00f6neticilerinin \u00e7o\u011funun parti i\u00e7i \u00e7eki\u015fmede rakip eledikleri i\u00e7in kapal\u0131 kap\u0131lar ard\u0131nda sevin\u00e7ten yerlerinde duramad\u0131klar\u0131 da ortadad\u0131r.\u201d<\/p>\n<p><em>\u201cMuhalefetin m\u00fcsamerelerine ay\u0131racak vaktimiz yok\u201d<\/em><br \/>\u201cCHP\u2019nin meseleleri, \u00fclkenin ve milletin de\u011fil, kendi genel merkezlerindeki bir avu\u00e7 muhterisin konusudur.\u201d de\u011ferlendirmesinde bulunan Erdo\u011fan, \u201cBizim ne \u015fahsen ne parti ne de \u0130ttifak olarak muhalefetin m\u00fcsamerelerine ay\u0131racak vaktimiz yok. Bizim havanda su d\u00f6verek bo\u015fa harcayacak zaman\u0131m\u0131z, pervas\u0131zca etrafa sa\u00e7acak kirli ve karanl\u0131k para kulelerimiz de yok. Her kafadan ayr\u0131 bir sesin \u00e7\u0131kt\u0131\u011f\u0131, yalan\u0131n, dolan\u0131n, hilenin, y\u00fcze g\u00fcl\u00fcp s\u0131rt\u0131ndan han\u00e7erlemenin hi\u00e7 eksik olmad\u0131\u011f\u0131 muhalefet zaten bunlar\u0131 ziyadesiyle yap\u0131yor.\u201d dedi.<\/p>\n<p>AK Parti olarak, \u00fclkenin ger\u00e7ek g\u00fcndemiyle me\u015fgul olduklar\u0131n\u0131, i\u015flerine bakt\u0131klar\u0131n\u0131 ve hedeflerine odakland\u0131klar\u0131n\u0131 dile getiren Erdo\u011fan, \u201c\u00c7\u00fcnk\u00fc milletimiz bizden, kendisi ve evlatlar\u0131n\u0131n gelece\u011fi i\u00e7in somut ad\u0131mlar, kayda de\u011fer icraatlar, sadra \u015fifa hizmetler, kal\u0131c\u0131 eserler bekliyor. Hamdolsun, 23 y\u0131l\u0131m\u0131z\u0131n her g\u00fcn\u00fc, her an\u0131, bu \u015fekilde \u00fclkemize say\u0131s\u0131z eser ve hizmet kazand\u0131rarak ge\u00e7ti, 81 vilayetimizin her kar\u0131\u015f\u0131na yat\u0131r\u0131mlar\u0131m\u0131zla m\u00fchr\u00fcm\u00fcz\u00fc vurduk. T\u00fcrkiye Y\u00fczy\u0131l\u0131\u2019n\u0131n in\u015fas\u0131na giden yoldaki engelleri sab\u0131rla ve kararl\u0131l\u0131kla tek tek ortadan kald\u0131rd\u0131k. Bu \u015fekilde de yola devam ediyoruz.\u201d \u015feklinde konu\u015ftu.<\/p>\n<p>Son d\u00f6nemde bu do\u011frultuda att\u0131klar\u0131 ad\u0131mlardan birinin de \u2018Ter\u00f6rs\u00fcz T\u00fcrkiye\u2019 vizyonu oldu\u011funu vurgulayan Erdo\u011fan, \u201cMalumunuz iktidara geldi\u011fimizde \u00fclkenin ge\u00e7mi\u015f d\u00f6nemdeki pek \u00e7ok sorunu gibi ter\u00f6rle m\u00fccadeleyi de devralm\u0131\u015ft\u0131k. Sessiz devrimlerimizle bir yandan ter\u00f6r\u00fcn istismar zeminini ortadan kald\u0131r\u0131rken, di\u011fer yandan da kararl\u0131 ve etkili operasyonlarla topraklar\u0131m\u0131z\u0131 ter\u00f6ristlerden temizledik. Sadece ter\u00f6ristlerden mi? Yolsuzluklardan da temizledik. FET\u00d6\u2019s\u00fcnden, DEA\u015e ve DHKP-C\u2019sine pek \u00e7ok hain yap\u0131yla da m\u00fccadele ettik.\u201d diye konu\u015ftu.<\/p>\n<p><em>\u201cB\u00f6lgemizin tamam\u0131nda rahatlamaya vesile olacak\u201d<\/em><br \/>Ter\u00f6r\u00fcn bitirilmesi i\u00e7in hi\u00e7bir fedakarl\u0131ktan ka\u00e7\u0131nmad\u0131klar\u0131 bu uzun d\u00f6nemde \u00e7ok k\u0131ymetli tecr\u00fcbeler kazand\u0131klar\u0131n\u0131 aktaran Erdo\u011fan, \u015funlar\u0131 kaydetti:<\/p>\n<p>\u201cBir taraftan savunma sanayimizi geli\u015ftirirken di\u011fer taraftan evlatlar\u0131m\u0131z\u0131 ter\u00f6r \u00f6rg\u00fctlerinin pen\u00e7esinden kurtaracak s\u00fcre\u00e7ler y\u00fcr\u00fctt\u00fck. Ter\u00f6rle m\u00fccadele konseptimizi de\u011fi\u015ftirip, m\u00fccadeleyi \u00fclkemiz s\u0131n\u0131rlar\u0131n\u0131n \u00f6tesine ta\u015f\u0131yarak, tehditleri kayna\u011f\u0131nda bertaraf etme safhas\u0131na ge\u00e7tik. Bunun i\u00e7in d\u00fcnyada ter\u00f6r \u00f6rg\u00fctlerinin en \u00e7ok nefret etti\u011fi ve hedef ald\u0131\u011f\u0131 ki\u015fi durumuna geldik.<\/p>\n<p>\u015eimdi de bizi \u2018Ter\u00f6rs\u00fcz T\u00fcrkiye\u2019 hedefimize biraz daha yakla\u015ft\u0131racak ve 40 y\u0131ll\u0131k meseleye son noktay\u0131 koyacak yeni bir s\u00fcrecin i\u00e7inde bulunuyoruz. Son ad\u0131m\u0131 K\u00fcrt karde\u015flerimizle birlikte vatanda\u015flar\u0131m\u0131z\u0131n tamam\u0131n\u0131n can\u0131na, huzuruna, refah\u0131na ket vuran b\u00f6l\u00fcc\u00fc \u00f6rg\u00fct\u00fcn feshi ve silahlar\u0131n\u0131n teslimi olarak \u00f6zetleyebiliriz.<\/p>\n<p>Biz, devlet ve y\u00f6netim olarak bu konuda \u00fczerimize d\u00fc\u015feni yerine getirerek gerekli g\u00f6r\u00fc\u015fmeleri sa\u011flay\u0131p, \u00e7a\u011fr\u0131n\u0131n yap\u0131lmas\u0131n\u0131 temin ettik. \u015eimdi s\u0131ra \u00f6rg\u00fct\u00fcn kurucusunun \u00e7a\u011fr\u0131s\u0131na harfiyen uyarak feshini ilan edip, silahlar\u0131n\u0131 teslim etmeye gelmi\u015ftir. \u015eayet bu ger\u00e7ekle\u015firse T\u00fcrkiye, 40 y\u0131ll\u0131k bir musibetten suhuletle kurtulma imkan\u0131na kavu\u015facakt\u0131r.<\/p>\n<p>Aksi olursa biz zaten \u00f6nemli mesafe kat etti\u011fimiz, ter\u00f6r\u00fc kayna\u011f\u0131nda yok etme stratejimizi k\u0131sa s\u00fcrede nihayete erdirmeye bakar\u0131z. Temennimiz, hem \u00f6rg\u00fct\u00fcn hem de ona m\u00fczahir kesimlerin ge\u00e7mi\u015fte oldu\u011fu gibi ak\u0131l ve izan d\u0131\u015f\u0131 tav\u0131rlara y\u00f6nelik bu tarihi f\u0131rsat\u0131 heba etmeyerek, yeni bir d\u00f6nemin kap\u0131lar\u0131n\u0131 aralamalar\u0131 y\u00f6n\u00fcndedir. Bu geli\u015fme, \u00fclkemizle birlikte Irak ve Suriye ba\u015fta olmak \u00fczere b\u00f6lgemizin tamam\u0131nda bir rahatlamaya, istikrar\u0131n g\u00fc\u00e7lenmesine vesile olacakt\u0131r.<\/p>\n<p><em>\u201cKar\u015f\u0131m\u0131zdakilerden de harbi ve yap\u0131c\u0131 yakla\u015f\u0131m bekliyoruz\u201d<\/em><br \/>Ter\u00f6r\u00fcn karanl\u0131k g\u00f6lgesinin siyasetin \u00fczerinden \u00e7ekildik\u00e7e, s\u00f6z\u00fcn g\u00fcc\u00fcn\u00fcn artaca\u011f\u0131n\u0131, siyasetin demokratik alan\u0131n\u0131n daha da geni\u015fleyece\u011fini s\u00f6yleyen Cumhurba\u015fkan\u0131 Erdo\u011fan, \u201cBu da demokrasimizin sorun \u00e7\u00f6zme kapasitesini y\u00fckseltecektir. Burada \u015funu da s\u00f6ylemek isterim, biz iktidar ve \u0130ttifak olarak T\u00fcrkiye\u2019yi 40 y\u0131ll\u0131k kamburundan kurtarma noktas\u0131nda hem kararl\u0131y\u0131z hem de samimiyiz. S\u00f6yledi\u011fimiz her s\u00f6zde, ortaya koydu\u011fumuz her tav\u0131rda da daima h\u00fcsn\u00fcniyetle hareket ediyoruz. Kar\u015f\u0131m\u0131zdakilerden de ayn\u0131 hasbi, harbi ve yap\u0131c\u0131 yakla\u015f\u0131m\u0131 bekliyoruz.\u201d dedi.<\/p>\n<\/p><\/div>\n<p><script async\n                    defer\n                    crossorigin=\"anonymous\"\n                    src=\"https:\/\/connect.facebook.net\/tr_TR\/sdk.js#xfbml=1&#038;version=v3.3\"\n            ><\/script><\/p>\n","protected":false},"excerpt":{"rendered":"<p>TC Cumhurba\u015fkan\u0131 Recep Tayyip Erdo\u011fan, AK Parti Konferans Salonu\u2019nda, partisinin \u00f6nceki d\u00f6nem milletvekilleriyle iftarda bir araya geldi. Buradaki konu\u015fmas\u0131nda Erdo\u011fan, \u00e7e\u015fitli d\u00f6nemlerde milletin temsilcisi olarak T\u00fcrkiye B\u00fcy\u00fck Millet Meclisi AK Parti grubunda icra ettikleri \u00e7al\u0131\u015fmalar i\u00e7in milletvekillerine \u015f\u00fckranlar\u0131n\u0131 sundu. Erdo\u011fan, ge\u00e7en g\u00fcnlerde hayat\u0131n\u0131 kaybeden AK Parti\u2019nin kurucular\u0131ndan, \u00fc\u00e7 d\u00f6nem Karaman Milletvekili olarak parlamentoda g\u00f6rev yapan [&hellip;]<\/p>\n","protected":false},"author":1,"featured_media":20328,"comment_status":"open","ping_status":"open","sticky":false,"template":"","format":"standard","meta":{"jnews-multi-image_gallery":[],"jnews_single_post":[],"jnews_primary_category":[],"footnotes":""},"categories":[2],"tags":[],"class_list":["post-20327","post","type-post","status-publish","format-standard","has-post-thumbnail","hentry","category-dunya"],"yoast_head":"<!-- This site is optimized with the Yoast SEO plugin v27.5 - https:\/\/yoast.com\/product\/yoast-seo-wordpress\/ -->\n<title>Erdo\u011fan: Bizim muhalefetin m\u00fcsamerelerine ay\u0131racak vaktimiz yok - Haber Kuzey<\/title>\n<meta name=\"robots\" content=\"index, follow, max-snippet:-1, max-image-preview:large, max-video-preview:-1\" \/>\n<link rel=\"canonical\" href=\"https:\/\/haberkuzey.com\/index.php\/2025\/03\/20\/erdogan-bizim-muhalefetin-musamerelerine-ayiracak-vaktimiz-yok\/\" \/>\n<meta property=\"og:locale\" content=\"tr_TR\" \/>\n<meta property=\"og:type\" content=\"article\" \/>\n<meta property=\"og:title\" content=\"Erdo\u011fan: Bizim muhalefetin m\u00fcsamerelerine ay\u0131racak vaktimiz yok - Haber Kuzey\" \/>\n<meta property=\"og:description\" content=\"TC Cumhurba\u015fkan\u0131 Recep Tayyip Erdo\u011fan, AK Parti Konferans Salonu\u2019nda, partisinin \u00f6nceki d\u00f6nem milletvekilleriyle iftarda bir araya geldi. Buradaki konu\u015fmas\u0131nda Erdo\u011fan, \u00e7e\u015fitli d\u00f6nemlerde milletin temsilcisi olarak T\u00fcrkiye B\u00fcy\u00fck Millet Meclisi AK Parti grubunda icra ettikleri \u00e7al\u0131\u015fmalar i\u00e7in milletvekillerine \u015f\u00fckranlar\u0131n\u0131 sundu. Erdo\u011fan, ge\u00e7en g\u00fcnlerde hayat\u0131n\u0131 kaybeden AK Parti\u2019nin kurucular\u0131ndan, \u00fc\u00e7 d\u00f6nem Karaman Milletvekili olarak parlamentoda g\u00f6rev yapan [&hellip;]\" \/>\n<meta property=\"og:url\" content=\"https:\/\/haberkuzey.com\/index.php\/2025\/03\/20\/erdogan-bizim-muhalefetin-musamerelerine-ayiracak-vaktimiz-yok\/\" \/>\n<meta property=\"og:site_name\" content=\"Haber Kuzey\" \/>\n<meta property=\"article:published_time\" content=\"2025-03-20T19:27:37+00:00\" \/>\n<meta property=\"og:image\" content=\"https:\/\/brtk.net\/wp-content\/uploads\/2025\/03\/20\/8080.jpg?ver=d75d03b2c7c6aa0abc0c7ec681ea981a\" \/>\n<meta name=\"author\" content=\"haberkuzey\" \/>\n<meta name=\"twitter:card\" content=\"summary_large_image\" \/>\n<meta name=\"twitter:label1\" content=\"Yazan:\" \/>\n\t<meta name=\"twitter:data1\" content=\"haberkuzey\" \/>\n\t<meta name=\"twitter:label2\" content=\"Tahmini okuma s\u00fcresi\" \/>\n\t<meta name=\"twitter:data2\" content=\"11 dakika\" \/>\n<script type=\"application\/ld+json\" class=\"yoast-schema-graph\">{\"@context\":\"https:\\\/\\\/schema.org\",\"@graph\":[{\"@type\":\"Article\",\"@id\":\"https:\\\/\\\/haberkuzey.com\\\/index.php\\\/2025\\\/03\\\/20\\\/erdogan-bizim-muhalefetin-musamerelerine-ayiracak-vaktimiz-yok\\\/#article\",\"isPartOf\":{\"@id\":\"https:\\\/\\\/haberkuzey.com\\\/index.php\\\/2025\\\/03\\\/20\\\/erdogan-bizim-muhalefetin-musamerelerine-ayiracak-vaktimiz-yok\\\/\"},\"author\":{\"name\":\"haberkuzey\",\"@id\":\"https:\\\/\\\/haberkuzey.com\\\/#\\\/schema\\\/person\\\/3372109ec735f9333f4fa47ebb9605ca\"},\"headline\":\"Erdo\u011fan: Bizim muhalefetin m\u00fcsamerelerine ay\u0131racak vaktimiz yok\",\"datePublished\":\"2025-03-20T19:27:37+00:00\",\"mainEntityOfPage\":{\"@id\":\"https:\\\/\\\/haberkuzey.com\\\/index.php\\\/2025\\\/03\\\/20\\\/erdogan-bizim-muhalefetin-musamerelerine-ayiracak-vaktimiz-yok\\\/\"},\"wordCount\":2307,\"commentCount\":0,\"image\":{\"@id\":\"https:\\\/\\\/haberkuzey.com\\\/index.php\\\/2025\\\/03\\\/20\\\/erdogan-bizim-muhalefetin-musamerelerine-ayiracak-vaktimiz-yok\\\/#primaryimage\"},\"thumbnailUrl\":\"https:\\\/\\\/haberkuzey.com\\\/wp-content\\\/uploads\\\/2025\\\/03\\\/8080.jpg\",\"articleSection\":[\"D\u00fcnya\"],\"inLanguage\":\"tr\",\"potentialAction\":[{\"@type\":\"CommentAction\",\"name\":\"Comment\",\"target\":[\"https:\\\/\\\/haberkuzey.com\\\/index.php\\\/2025\\\/03\\\/20\\\/erdogan-bizim-muhalefetin-musamerelerine-ayiracak-vaktimiz-yok\\\/#respond\"]}]},{\"@type\":\"WebPage\",\"@id\":\"https:\\\/\\\/haberkuzey.com\\\/index.php\\\/2025\\\/03\\\/20\\\/erdogan-bizim-muhalefetin-musamerelerine-ayiracak-vaktimiz-yok\\\/\",\"url\":\"https:\\\/\\\/haberkuzey.com\\\/index.php\\\/2025\\\/03\\\/20\\\/erdogan-bizim-muhalefetin-musamerelerine-ayiracak-vaktimiz-yok\\\/\",\"name\":\"Erdo\u011fan: Bizim muhalefetin m\u00fcsamerelerine ay\u0131racak vaktimiz yok - Haber Kuzey\",\"isPartOf\":{\"@id\":\"https:\\\/\\\/haberkuzey.com\\\/#website\"},\"primaryImageOfPage\":{\"@id\":\"https:\\\/\\\/haberkuzey.com\\\/index.php\\\/2025\\\/03\\\/20\\\/erdogan-bizim-muhalefetin-musamerelerine-ayiracak-vaktimiz-yok\\\/#primaryimage\"},\"image\":{\"@id\":\"https:\\\/\\\/haberkuzey.com\\\/index.php\\\/2025\\\/03\\\/20\\\/erdogan-bizim-muhalefetin-musamerelerine-ayiracak-vaktimiz-yok\\\/#primaryimage\"},\"thumbnailUrl\":\"https:\\\/\\\/haberkuzey.com\\\/wp-content\\\/uploads\\\/2025\\\/03\\\/8080.jpg\",\"datePublished\":\"2025-03-20T19:27:37+00:00\",\"author\":{\"@id\":\"https:\\\/\\\/haberkuzey.com\\\/#\\\/schema\\\/person\\\/3372109ec735f9333f4fa47ebb9605ca\"},\"breadcrumb\":{\"@id\":\"https:\\\/\\\/haberkuzey.com\\\/index.php\\\/2025\\\/03\\\/20\\\/erdogan-bizim-muhalefetin-musamerelerine-ayiracak-vaktimiz-yok\\\/#breadcrumb\"},\"inLanguage\":\"tr\",\"potentialAction\":[{\"@type\":\"ReadAction\",\"target\":[\"https:\\\/\\\/haberkuzey.com\\\/index.php\\\/2025\\\/03\\\/20\\\/erdogan-bizim-muhalefetin-musamerelerine-ayiracak-vaktimiz-yok\\\/\"]}]},{\"@type\":\"ImageObject\",\"inLanguage\":\"tr\",\"@id\":\"https:\\\/\\\/haberkuzey.com\\\/index.php\\\/2025\\\/03\\\/20\\\/erdogan-bizim-muhalefetin-musamerelerine-ayiracak-vaktimiz-yok\\\/#primaryimage\",\"url\":\"https:\\\/\\\/haberkuzey.com\\\/wp-content\\\/uploads\\\/2025\\\/03\\\/8080.jpg\",\"contentUrl\":\"https:\\\/\\\/haberkuzey.com\\\/wp-content\\\/uploads\\\/2025\\\/03\\\/8080.jpg\",\"width\":753,\"height\":508},{\"@type\":\"BreadcrumbList\",\"@id\":\"https:\\\/\\\/haberkuzey.com\\\/index.php\\\/2025\\\/03\\\/20\\\/erdogan-bizim-muhalefetin-musamerelerine-ayiracak-vaktimiz-yok\\\/#breadcrumb\",\"itemListElement\":[{\"@type\":\"ListItem\",\"position\":1,\"name\":\"Anasayfa\",\"item\":\"https:\\\/\\\/haberkuzey.com\\\/\"},{\"@type\":\"ListItem\",\"position\":2,\"name\":\"Erdo\u011fan: Bizim muhalefetin m\u00fcsamerelerine ay\u0131racak vaktimiz yok\"}]},{\"@type\":\"WebSite\",\"@id\":\"https:\\\/\\\/haberkuzey.com\\\/#website\",\"url\":\"https:\\\/\\\/haberkuzey.com\\\/\",\"name\":\"Haber Kuzey\",\"description\":\"Do\u011fru Haberin Adresi\",\"potentialAction\":[{\"@type\":\"SearchAction\",\"target\":{\"@type\":\"EntryPoint\",\"urlTemplate\":\"https:\\\/\\\/haberkuzey.com\\\/?s={search_term_string}\"},\"query-input\":{\"@type\":\"PropertyValueSpecification\",\"valueRequired\":true,\"valueName\":\"search_term_string\"}}],\"inLanguage\":\"tr\"},{\"@type\":\"Person\",\"@id\":\"https:\\\/\\\/haberkuzey.com\\\/#\\\/schema\\\/person\\\/3372109ec735f9333f4fa47ebb9605ca\",\"name\":\"haberkuzey\",\"image\":{\"@type\":\"ImageObject\",\"inLanguage\":\"tr\",\"@id\":\"https:\\\/\\\/secure.gravatar.com\\\/avatar\\\/f5fc875574b1575324358c3b9e6a32b8227aa5b74f3fa22e3cadb63e26fcc39c?s=96&d=mm&r=g\",\"url\":\"https:\\\/\\\/secure.gravatar.com\\\/avatar\\\/f5fc875574b1575324358c3b9e6a32b8227aa5b74f3fa22e3cadb63e26fcc39c?s=96&d=mm&r=g\",\"contentUrl\":\"https:\\\/\\\/secure.gravatar.com\\\/avatar\\\/f5fc875574b1575324358c3b9e6a32b8227aa5b74f3fa22e3cadb63e26fcc39c?s=96&d=mm&r=g\",\"caption\":\"haberkuzey\"},\"sameAs\":[\"https:\\\/\\\/haberkuzey.com\"],\"url\":\"https:\\\/\\\/haberkuzey.com\\\/index.php\\\/author\\\/haberkuzey\\\/\"}]}<\/script>\n<!-- \/ Yoast SEO plugin. -->","yoast_head_json":{"title":"Erdo\u011fan: Bizim muhalefetin m\u00fcsamerelerine ay\u0131racak vaktimiz yok - Haber Kuzey","robots":{"index":"index","follow":"follow","max-snippet":"max-snippet:-1","max-image-preview":"max-image-preview:large","max-video-preview":"max-video-preview:-1"},"canonical":"https:\/\/haberkuzey.com\/index.php\/2025\/03\/20\/erdogan-bizim-muhalefetin-musamerelerine-ayiracak-vaktimiz-yok\/","og_locale":"tr_TR","og_type":"article","og_title":"Erdo\u011fan: Bizim muhalefetin m\u00fcsamerelerine ay\u0131racak vaktimiz yok - Haber Kuzey","og_description":"TC Cumhurba\u015fkan\u0131 Recep Tayyip Erdo\u011fan, AK Parti Konferans Salonu\u2019nda, partisinin \u00f6nceki d\u00f6nem milletvekilleriyle iftarda bir araya geldi. Buradaki konu\u015fmas\u0131nda Erdo\u011fan, \u00e7e\u015fitli d\u00f6nemlerde milletin temsilcisi olarak T\u00fcrkiye B\u00fcy\u00fck Millet Meclisi AK Parti grubunda icra ettikleri \u00e7al\u0131\u015fmalar i\u00e7in milletvekillerine \u015f\u00fckranlar\u0131n\u0131 sundu. Erdo\u011fan, ge\u00e7en g\u00fcnlerde hayat\u0131n\u0131 kaybeden AK Parti\u2019nin kurucular\u0131ndan, \u00fc\u00e7 d\u00f6nem Karaman Milletvekili olarak parlamentoda g\u00f6rev yapan [&hellip;]","og_url":"https:\/\/haberkuzey.com\/index.php\/2025\/03\/20\/erdogan-bizim-muhalefetin-musamerelerine-ayiracak-vaktimiz-yok\/","og_site_name":"Haber Kuzey","article_published_time":"2025-03-20T19:27:37+00:00","og_image":[{"url":"https:\/\/brtk.net\/wp-content\/uploads\/2025\/03\/20\/8080.jpg?ver=d75d03b2c7c6aa0abc0c7ec681ea981a","type":"","width":"","height":""}],"author":"haberkuzey","twitter_card":"summary_large_image","twitter_misc":{"Yazan:":"haberkuzey","Tahmini okuma s\u00fcresi":"11 dakika"},"schema":{"@context":"https:\/\/schema.org","@graph":[{"@type":"Article","@id":"https:\/\/haberkuzey.com\/index.php\/2025\/03\/20\/erdogan-bizim-muhalefetin-musamerelerine-ayiracak-vaktimiz-yok\/#article","isPartOf":{"@id":"https:\/\/haberkuzey.com\/index.php\/2025\/03\/20\/erdogan-bizim-muhalefetin-musamerelerine-ayiracak-vaktimiz-yok\/"},"author":{"name":"haberkuzey","@id":"https:\/\/haberkuzey.com\/#\/schema\/person\/3372109ec735f9333f4fa47ebb9605ca"},"headline":"Erdo\u011fan: Bizim muhalefetin m\u00fcsamerelerine ay\u0131racak vaktimiz yok","datePublished":"2025-03-20T19:27:37+00:00","mainEntityOfPage":{"@id":"https:\/\/haberkuzey.com\/index.php\/2025\/03\/20\/erdogan-bizim-muhalefetin-musamerelerine-ayiracak-vaktimiz-yok\/"},"wordCount":2307,"commentCount":0,"image":{"@id":"https:\/\/haberkuzey.com\/index.php\/2025\/03\/20\/erdogan-bizim-muhalefetin-musamerelerine-ayiracak-vaktimiz-yok\/#primaryimage"},"thumbnailUrl":"https:\/\/haberkuzey.com\/wp-content\/uploads\/2025\/03\/8080.jpg","articleSection":["D\u00fcnya"],"inLanguage":"tr","potentialAction":[{"@type":"CommentAction","name":"Comment","target":["https:\/\/haberkuzey.com\/index.php\/2025\/03\/20\/erdogan-bizim-muhalefetin-musamerelerine-ayiracak-vaktimiz-yok\/#respond"]}]},{"@type":"WebPage","@id":"https:\/\/haberkuzey.com\/index.php\/2025\/03\/20\/erdogan-bizim-muhalefetin-musamerelerine-ayiracak-vaktimiz-yok\/","url":"https:\/\/haberkuzey.com\/index.php\/2025\/03\/20\/erdogan-bizim-muhalefetin-musamerelerine-ayiracak-vaktimiz-yok\/","name":"Erdo\u011fan: Bizim muhalefetin m\u00fcsamerelerine ay\u0131racak vaktimiz yok - Haber Kuzey","isPartOf":{"@id":"https:\/\/haberkuzey.com\/#website"},"primaryImageOfPage":{"@id":"https:\/\/haberkuzey.com\/index.php\/2025\/03\/20\/erdogan-bizim-muhalefetin-musamerelerine-ayiracak-vaktimiz-yok\/#primaryimage"},"image":{"@id":"https:\/\/haberkuzey.com\/index.php\/2025\/03\/20\/erdogan-bizim-muhalefetin-musamerelerine-ayiracak-vaktimiz-yok\/#primaryimage"},"thumbnailUrl":"https:\/\/haberkuzey.com\/wp-content\/uploads\/2025\/03\/8080.jpg","datePublished":"2025-03-20T19:27:37+00:00","author":{"@id":"https:\/\/haberkuzey.com\/#\/schema\/person\/3372109ec735f9333f4fa47ebb9605ca"},"breadcrumb":{"@id":"https:\/\/haberkuzey.com\/index.php\/2025\/03\/20\/erdogan-bizim-muhalefetin-musamerelerine-ayiracak-vaktimiz-yok\/#breadcrumb"},"inLanguage":"tr","potentialAction":[{"@type":"ReadAction","target":["https:\/\/haberkuzey.com\/index.php\/2025\/03\/20\/erdogan-bizim-muhalefetin-musamerelerine-ayiracak-vaktimiz-yok\/"]}]},{"@type":"ImageObject","inLanguage":"tr","@id":"https:\/\/haberkuzey.com\/index.php\/2025\/03\/20\/erdogan-bizim-muhalefetin-musamerelerine-ayiracak-vaktimiz-yok\/#primaryimage","url":"https:\/\/haberkuzey.com\/wp-content\/uploads\/2025\/03\/8080.jpg","contentUrl":"https:\/\/haberkuzey.com\/wp-content\/uploads\/2025\/03\/8080.jpg","width":753,"height":508},{"@type":"BreadcrumbList","@id":"https:\/\/haberkuzey.com\/index.php\/2025\/03\/20\/erdogan-bizim-muhalefetin-musamerelerine-ayiracak-vaktimiz-yok\/#breadcrumb","itemListElement":[{"@type":"ListItem","position":1,"name":"Anasayfa","item":"https:\/\/haberkuzey.com\/"},{"@type":"ListItem","position":2,"name":"Erdo\u011fan: Bizim muhalefetin m\u00fcsamerelerine ay\u0131racak vaktimiz yok"}]},{"@type":"WebSite","@id":"https:\/\/haberkuzey.com\/#website","url":"https:\/\/haberkuzey.com\/","name":"Haber Kuzey","description":"Do\u011fru Haberin Adresi","potentialAction":[{"@type":"SearchAction","target":{"@type":"EntryPoint","urlTemplate":"https:\/\/haberkuzey.com\/?s={search_term_string}"},"query-input":{"@type":"PropertyValueSpecification","valueRequired":true,"valueName":"search_term_string"}}],"inLanguage":"tr"},{"@type":"Person","@id":"https:\/\/haberkuzey.com\/#\/schema\/person\/3372109ec735f9333f4fa47ebb9605ca","name":"haberkuzey","image":{"@type":"ImageObject","inLanguage":"tr","@id":"https:\/\/secure.gravatar.com\/avatar\/f5fc875574b1575324358c3b9e6a32b8227aa5b74f3fa22e3cadb63e26fcc39c?s=96&d=mm&r=g","url":"https:\/\/secure.gravatar.com\/avatar\/f5fc875574b1575324358c3b9e6a32b8227aa5b74f3fa22e3cadb63e26fcc39c?s=96&d=mm&r=g","contentUrl":"https:\/\/secure.gravatar.com\/avatar\/f5fc875574b1575324358c3b9e6a32b8227aa5b74f3fa22e3cadb63e26fcc39c?s=96&d=mm&r=g","caption":"haberkuzey"},"sameAs":["https:\/\/haberkuzey.com"],"url":"https:\/\/haberkuzey.com\/index.php\/author\/haberkuzey\/"}]}},"_links":{"self":[{"href":"https:\/\/haberkuzey.com\/index.php\/wp-json\/wp\/v2\/posts\/20327","targetHints":{"allow":["GET"]}}],"collection":[{"href":"https:\/\/haberkuzey.com\/index.php\/wp-json\/wp\/v2\/posts"}],"about":[{"href":"https:\/\/haberkuzey.com\/index.php\/wp-json\/wp\/v2\/types\/post"}],"author":[{"embeddable":true,"href":"https:\/\/haberkuzey.com\/index.php\/wp-json\/wp\/v2\/users\/1"}],"replies":[{"embeddable":true,"href":"https:\/\/haberkuzey.com\/index.php\/wp-json\/wp\/v2\/comments?post=20327"}],"version-history":[{"count":0,"href":"https:\/\/haberkuzey.com\/index.php\/wp-json\/wp\/v2\/posts\/20327\/revisions"}],"wp:featuredmedia":[{"embeddable":true,"href":"https:\/\/haberkuzey.com\/index.php\/wp-json\/wp\/v2\/media\/20328"}],"wp:attachment":[{"href":"https:\/\/haberkuzey.com\/index.php\/wp-json\/wp\/v2\/media?parent=20327"}],"wp:term":[{"taxonomy":"category","embeddable":true,"href":"https:\/\/haberkuzey.com\/index.php\/wp-json\/wp\/v2\/categories?post=20327"},{"taxonomy":"post_tag","embeddable":true,"href":"https:\/\/haberkuzey.com\/index.php\/wp-json\/wp\/v2\/tags?post=20327"}],"curies":[{"name":"wp","href":"https:\/\/api.w.org\/{rel}","templated":true}]}}