{"id":20318,"date":"2025-03-20T20:41:47","date_gmt":"2025-03-20T18:41:47","guid":{"rendered":"https:\/\/haberkuzey.com\/index.php\/2025\/03\/20\/turkiye-mgk-toplantisina-iliskin-bildiri-yayimlandi\/"},"modified":"2025-03-20T20:41:47","modified_gmt":"2025-03-20T18:41:47","slug":"turkiye-mgk-toplantisina-iliskin-bildiri-yayimlandi","status":"publish","type":"post","link":"https:\/\/haberkuzey.com\/index.php\/2025\/03\/20\/turkiye-mgk-toplantisina-iliskin-bildiri-yayimlandi\/","title":{"rendered":"T\u00fcrkiye MGK toplant\u0131s\u0131na ili\u015fkin bildiri yay\u0131mland\u0131"},"content":{"rendered":"<div>\n<div class=\"mariselle-image-container center\">\n                                            <\/div>\n<p>T\u00fcrkiye Cumhuriyeti Milli G\u00fcvenlik Kurulu (MGK) bildirisinde, Ter\u00f6rs\u00fcz T\u00fcrkiye hedefine ula\u015f\u0131lmas\u0131yla milli birlik ve beraberli\u011fin daha da peki\u015fece\u011fi, t\u00fcm vatanda\u015flar\u0131n huzur ve refah\u0131n\u0131n artaca\u011f\u0131, \u00fclkenin sosyoekonomik geli\u015fimi ve kalk\u0131nma s\u00fcrecinin h\u0131zlanaca\u011f\u0131, demokrasinin g\u00fc\u00e7lenece\u011fi ifade edildi.<\/p>\n<p>TC Cumhurba\u015fkan\u0131 Recep Tayyip Erdo\u011fan\u2019\u0131n ba\u015fkanl\u0131\u011f\u0131nda, TC Cumhurba\u015fkanl\u0131\u011f\u0131 K\u00fclliyesi\u2019nde yap\u0131lan MGK toplant\u0131s\u0131n\u0131n ard\u0131ndan bildiri yay\u0131mland\u0131.<\/p>\n<p>TC Cumhurba\u015fkanl\u0131\u011f\u0131 \u0130leti\u015fim Ba\u015fkanl\u0131\u011f\u0131n\u0131n sosyal medya hesab\u0131ndan payla\u015f\u0131lan bildiriye g\u00f6re, toplant\u0131da, PKK\/KCK-PYD\/YPG, FET\u00d6 ve DEA\u015e ter\u00f6r \u00f6rg\u00fctleri ba\u015fta olmak \u00fczere milli birlik ve beraberlik ile bekaya y\u00f6nelik her t\u00fcrl\u00fc tehdit ve tehlikeye kar\u015f\u0131 yurt i\u00e7inde ve yurt d\u0131\u015f\u0131nda azim, kararl\u0131l\u0131k ve ba\u015far\u0131yla s\u00fcrd\u00fcr\u00fclen operasyonlar ile son d\u00f6nemdeki uluslararas\u0131 geli\u015fmeler hakk\u0131nda kurula bilgi sunuldu.<\/p>\n<p>Aziz \u015fehitlerin ve gazilerin fedakarl\u0131\u011f\u0131, milletin feraseti ve azmi ile devletin dirayeti neticesinde ter\u00f6rs\u00fcz T\u00fcrkiye hedefine ula\u015f\u0131lmas\u0131yla milli birlik ve beraberli\u011fin daha da peki\u015fece\u011fi, t\u00fcm vatanda\u015flar\u0131n huzur ve refah\u0131n\u0131n artaca\u011f\u0131, \u00fclkenin sosyoekonomik geli\u015fiminin ve kalk\u0131nma s\u00fcrecinin h\u0131zlanaca\u011f\u0131, demokrasinin g\u00fc\u00e7lenece\u011fi ifade edildi.<\/p>\n<p>Bu kapsamda; b\u00f6l\u00fcc\u00fc ter\u00f6r \u00f6rg\u00fct\u00fcn\u00fcn kendisini feshi, silah b\u0131rakmas\u0131 ve silahs\u0131zlanmas\u0131 ile t\u00fcm uzant\u0131lar\u0131n\u0131n tasfiyesi s\u00fcrecinin yak\u0131ndan ve titizlikle takibine devam edilece\u011finin alt\u0131 \u00e7izildi.<\/p>\n<p>\u2013 \u201c\u0130srail\u2019in bir an evvel ate\u015fkes rejimine geri d\u00f6nmesi gerekti\u011fine dikkat \u00e7ekildi\u201d<\/p>\n<p>T\u00fcrkiye\u2019nin, Suriye\u2019de yeni y\u00f6netimin, kal\u0131c\u0131 huzur ve istikrar\u0131n sa\u011flanmas\u0131 ile \u00fclkenin t\u00fcm ter\u00f6r \u00f6rg\u00fctlerinden ar\u0131nd\u0131r\u0131lmas\u0131 y\u00f6n\u00fcndeki gayretlerine destek vermeye devam edece\u011fi belirtilerek, \u201c\u0130stikrar\u0131 bozmak maksad\u0131yla kurgulanan k\u0131\u015fk\u0131rtmalar\u0131n dikkatle izlendi\u011fi ve Suriye\u2019nin toprak b\u00fct\u00fcnl\u00fc\u011f\u00fc, t\u00fcm dini, mezhebi ve etnik kimlikleri ile \u00fcniter yap\u0131s\u0131n\u0131n muhafazas\u0131na matuf yakla\u015f\u0131m\u0131n korunaca\u011f\u0131 vurgulanm\u0131\u015ft\u0131r.\u201d ifadeleri kullan\u0131ld\u0131.<\/p>\n<p>Filistin meselesine ili\u015fkin son durumun da ele al\u0131nd\u0131\u011f\u0131 vurgulanarak, \u015fu bilgilere yer verildi:<\/p>\n<p>\u201c\u0130srail\u2019in \u0131srarla tatbik etti\u011fi soyk\u0131r\u0131m, istila ve i\u015fgal politikalar\u0131na son vererek bir an evvel ate\u015fkes rejimine geri d\u00f6nmesi ile insani yard\u0131mlar\u0131n engelsiz ve yeterli \u015fekilde b\u00f6lgeye ula\u015ft\u0131r\u0131lmas\u0131 gerekti\u011fine dikkat \u00e7ekilmi\u015f; Gazze halk\u0131n\u0131n \u00f6z vatanlar\u0131nda g\u00fcven, huzur ve refah i\u00e7erisinde \u00f6zg\u00fcrce ya\u015fayabilmesi i\u00e7in at\u0131lacak me\u015fru ad\u0131mlar\u0131n ve harap edilen Gazze\u2019nin yeniden aya\u011fa kald\u0131r\u0131lmas\u0131 gayretlerinin s\u00fcrd\u00fcr\u00fclece\u011fi belirtilmi\u015ftir.\u201d<\/p>\n<p>\u2013 \u201cAvrupa\u2019n\u0131n g\u00fcvenli\u011fi planlamalar\u0131nda T\u00fcrkiye\u2019nin rol\u00fcne i\u015faret edildi\u201d<\/p>\n<p>Rusya-Ukrayna Sava\u015f\u0131\u2019nda m\u00fczakerelere ve diplomatik \u00e7abalara \u00f6ncelik veren bir s\u00fcrece girilmesinden memnuniyet duyuldu\u011fu vurgulanarak, T\u00fcrkiye\u2019nin m\u00fcteakip d\u00f6nemde de s\u00fcrecin adil ve onurlu bir anla\u015fma ile neticelenmesi ve kal\u0131c\u0131 bar\u0131\u015f\u0131n tesisi i\u00e7in inisiyatif \u00fcstlenmeye devam edece\u011fi bildirildi.<\/p>\n<p>Bosna-Hersek\u2019in egemenli\u011fine ve toprak b\u00fct\u00fcnl\u00fc\u011f\u00fcne y\u00f6nelik sars\u0131lmaz destek bir kez daha teyit edilirken, \u015fu ifadelere yer verildi:<\/p>\n<p>\u201cT\u00fcrkiye\u2019nin, Balkanlar\u2019daki huzur ortam\u0131na menfi tesir edebilecek t\u00fcm geli\u015fmeleri yak\u0131ndan izleyerek b\u00f6lgedeki bar\u0131\u015f ve istikrar\u0131n muhafazas\u0131 i\u00e7in ku\u015fat\u0131c\u0131 ve kucaklay\u0131c\u0131 bir anlay\u0131\u015fla gayret sarf etmeyi s\u00fcrd\u00fcrece\u011fi kaydedilmi\u015ftir. T\u00fcrkiye\u2019nin, jeopolitik konumunun sundu\u011fu imkanlar ile \u00fcst\u00fcn askeri g\u00fcc\u00fc ve yeteneklerine ilaveten geli\u015fmi\u015f ve \u00fcretken savunma sanayisinden istifadeyle i\u00e7inde bulundu\u011fu ittifaklara yapt\u0131\u011f\u0131 katk\u0131lar\u0131n yan\u0131 s\u0131ra g\u00fcvenlik ve istikrar alan\u0131nda i\u015f birli\u011fi imkan\u0131 bulunan di\u011fer ortaklar\u0131na da benzer katk\u0131lar sunarak t\u00fcm b\u00f6lgemizin refah, bar\u0131\u015f ve huzuruna hizmet edece\u011fi belirtilmi\u015ftir. Bu s\u00fcre\u00e7te, bilhassa T\u00fcrkiye-Avrupa Birli\u011fi ili\u015fkilerinin genelindeki canlanmaya ve Avrupa\u2019n\u0131n g\u00fcvenli\u011fine y\u00f6nelik planlamalarda T\u00fcrkiye\u2019nin vazge\u00e7ilmez rol\u00fcne i\u015faret edilmi\u015ftir.\u201d<\/p>\n<\/p><\/div>\n<p><script async\n                    defer\n                    crossorigin=\"anonymous\"\n                    src=\"https:\/\/connect.facebook.net\/tr_TR\/sdk.js#xfbml=1&#038;version=v3.3\"\n            ><\/script><\/p>\n","protected":false},"excerpt":{"rendered":"<p>T\u00fcrkiye Cumhuriyeti Milli G\u00fcvenlik Kurulu (MGK) bildirisinde, Ter\u00f6rs\u00fcz T\u00fcrkiye hedefine ula\u015f\u0131lmas\u0131yla milli birlik ve beraberli\u011fin daha da peki\u015fece\u011fi, t\u00fcm vatanda\u015flar\u0131n huzur ve refah\u0131n\u0131n artaca\u011f\u0131, \u00fclkenin sosyoekonomik geli\u015fimi ve kalk\u0131nma s\u00fcrecinin h\u0131zlanaca\u011f\u0131, demokrasinin g\u00fc\u00e7lenece\u011fi ifade edildi. TC Cumhurba\u015fkan\u0131 Recep Tayyip Erdo\u011fan\u2019\u0131n ba\u015fkanl\u0131\u011f\u0131nda, TC Cumhurba\u015fkanl\u0131\u011f\u0131 K\u00fclliyesi\u2019nde yap\u0131lan MGK toplant\u0131s\u0131n\u0131n ard\u0131ndan bildiri yay\u0131mland\u0131. TC Cumhurba\u015fkanl\u0131\u011f\u0131 \u0130leti\u015fim Ba\u015fkanl\u0131\u011f\u0131n\u0131n sosyal [&hellip;]<\/p>\n","protected":false},"author":1,"featured_media":20319,"comment_status":"open","ping_status":"open","sticky":false,"template":"","format":"standard","meta":{"jnews-multi-image_gallery":[],"jnews_single_post":[],"jnews_primary_category":[],"footnotes":""},"categories":[2],"tags":[],"class_list":["post-20318","post","type-post","status-publish","format-standard","has-post-thumbnail","hentry","category-dunya"],"yoast_head":"<!-- This site is optimized with the Yoast SEO plugin v27.5 - https:\/\/yoast.com\/product\/yoast-seo-wordpress\/ -->\n<title>T\u00fcrkiye MGK toplant\u0131s\u0131na ili\u015fkin bildiri yay\u0131mland\u0131 - Haber Kuzey<\/title>\n<meta name=\"robots\" content=\"index, follow, max-snippet:-1, max-image-preview:large, max-video-preview:-1\" \/>\n<link rel=\"canonical\" href=\"https:\/\/haberkuzey.com\/index.php\/2025\/03\/20\/turkiye-mgk-toplantisina-iliskin-bildiri-yayimlandi\/\" \/>\n<meta property=\"og:locale\" content=\"tr_TR\" \/>\n<meta property=\"og:type\" content=\"article\" \/>\n<meta property=\"og:title\" content=\"T\u00fcrkiye MGK toplant\u0131s\u0131na ili\u015fkin bildiri yay\u0131mland\u0131 - Haber Kuzey\" \/>\n<meta property=\"og:description\" content=\"T\u00fcrkiye Cumhuriyeti Milli G\u00fcvenlik Kurulu (MGK) bildirisinde, Ter\u00f6rs\u00fcz T\u00fcrkiye hedefine ula\u015f\u0131lmas\u0131yla milli birlik ve beraberli\u011fin daha da peki\u015fece\u011fi, t\u00fcm vatanda\u015flar\u0131n huzur ve refah\u0131n\u0131n artaca\u011f\u0131, \u00fclkenin sosyoekonomik geli\u015fimi ve kalk\u0131nma s\u00fcrecinin h\u0131zlanaca\u011f\u0131, demokrasinin g\u00fc\u00e7lenece\u011fi ifade edildi. TC Cumhurba\u015fkan\u0131 Recep Tayyip Erdo\u011fan\u2019\u0131n ba\u015fkanl\u0131\u011f\u0131nda, TC Cumhurba\u015fkanl\u0131\u011f\u0131 K\u00fclliyesi\u2019nde yap\u0131lan MGK toplant\u0131s\u0131n\u0131n ard\u0131ndan bildiri yay\u0131mland\u0131. TC Cumhurba\u015fkanl\u0131\u011f\u0131 \u0130leti\u015fim Ba\u015fkanl\u0131\u011f\u0131n\u0131n sosyal [&hellip;]\" \/>\n<meta property=\"og:url\" content=\"https:\/\/haberkuzey.com\/index.php\/2025\/03\/20\/turkiye-mgk-toplantisina-iliskin-bildiri-yayimlandi\/\" \/>\n<meta property=\"og:site_name\" content=\"Haber Kuzey\" \/>\n<meta property=\"article:published_time\" content=\"2025-03-20T18:41:47+00:00\" \/>\n<meta property=\"og:image\" content=\"https:\/\/brtk.net\/wp-content\/uploads\/2025\/03\/20\/1742487860805thumbs_b_c_8083f4ec80603b6b540d6ae9e6b9890e.jpg?ver=474ced2d31d52887e0d28a9f71a7cccd\" \/>\n<meta name=\"author\" content=\"haberkuzey\" \/>\n<meta name=\"twitter:card\" content=\"summary_large_image\" \/>\n<meta name=\"twitter:label1\" content=\"Yazan:\" \/>\n\t<meta name=\"twitter:data1\" content=\"haberkuzey\" \/>\n\t<meta name=\"twitter:label2\" content=\"Tahmini okuma s\u00fcresi\" \/>\n\t<meta name=\"twitter:data2\" content=\"4 dakika\" \/>\n<script type=\"application\/ld+json\" class=\"yoast-schema-graph\">{\"@context\":\"https:\\\/\\\/schema.org\",\"@graph\":[{\"@type\":\"Article\",\"@id\":\"https:\\\/\\\/haberkuzey.com\\\/index.php\\\/2025\\\/03\\\/20\\\/turkiye-mgk-toplantisina-iliskin-bildiri-yayimlandi\\\/#article\",\"isPartOf\":{\"@id\":\"https:\\\/\\\/haberkuzey.com\\\/index.php\\\/2025\\\/03\\\/20\\\/turkiye-mgk-toplantisina-iliskin-bildiri-yayimlandi\\\/\"},\"author\":{\"name\":\"haberkuzey\",\"@id\":\"https:\\\/\\\/haberkuzey.com\\\/#\\\/schema\\\/person\\\/3372109ec735f9333f4fa47ebb9605ca\"},\"headline\":\"T\u00fcrkiye MGK toplant\u0131s\u0131na ili\u015fkin bildiri yay\u0131mland\u0131\",\"datePublished\":\"2025-03-20T18:41:47+00:00\",\"mainEntityOfPage\":{\"@id\":\"https:\\\/\\\/haberkuzey.com\\\/index.php\\\/2025\\\/03\\\/20\\\/turkiye-mgk-toplantisina-iliskin-bildiri-yayimlandi\\\/\"},\"wordCount\":718,\"commentCount\":0,\"image\":{\"@id\":\"https:\\\/\\\/haberkuzey.com\\\/index.php\\\/2025\\\/03\\\/20\\\/turkiye-mgk-toplantisina-iliskin-bildiri-yayimlandi\\\/#primaryimage\"},\"thumbnailUrl\":\"https:\\\/\\\/haberkuzey.com\\\/wp-content\\\/uploads\\\/2025\\\/03\\\/1742487860805thumbs_b_c_8083f4ec80603b6b540d6ae9e6b9890e.jpg\",\"articleSection\":[\"D\u00fcnya\"],\"inLanguage\":\"tr\",\"potentialAction\":[{\"@type\":\"CommentAction\",\"name\":\"Comment\",\"target\":[\"https:\\\/\\\/haberkuzey.com\\\/index.php\\\/2025\\\/03\\\/20\\\/turkiye-mgk-toplantisina-iliskin-bildiri-yayimlandi\\\/#respond\"]}]},{\"@type\":\"WebPage\",\"@id\":\"https:\\\/\\\/haberkuzey.com\\\/index.php\\\/2025\\\/03\\\/20\\\/turkiye-mgk-toplantisina-iliskin-bildiri-yayimlandi\\\/\",\"url\":\"https:\\\/\\\/haberkuzey.com\\\/index.php\\\/2025\\\/03\\\/20\\\/turkiye-mgk-toplantisina-iliskin-bildiri-yayimlandi\\\/\",\"name\":\"T\u00fcrkiye MGK toplant\u0131s\u0131na ili\u015fkin bildiri yay\u0131mland\u0131 - Haber Kuzey\",\"isPartOf\":{\"@id\":\"https:\\\/\\\/haberkuzey.com\\\/#website\"},\"primaryImageOfPage\":{\"@id\":\"https:\\\/\\\/haberkuzey.com\\\/index.php\\\/2025\\\/03\\\/20\\\/turkiye-mgk-toplantisina-iliskin-bildiri-yayimlandi\\\/#primaryimage\"},\"image\":{\"@id\":\"https:\\\/\\\/haberkuzey.com\\\/index.php\\\/2025\\\/03\\\/20\\\/turkiye-mgk-toplantisina-iliskin-bildiri-yayimlandi\\\/#primaryimage\"},\"thumbnailUrl\":\"https:\\\/\\\/haberkuzey.com\\\/wp-content\\\/uploads\\\/2025\\\/03\\\/1742487860805thumbs_b_c_8083f4ec80603b6b540d6ae9e6b9890e.jpg\",\"datePublished\":\"2025-03-20T18:41:47+00:00\",\"author\":{\"@id\":\"https:\\\/\\\/haberkuzey.com\\\/#\\\/schema\\\/person\\\/3372109ec735f9333f4fa47ebb9605ca\"},\"breadcrumb\":{\"@id\":\"https:\\\/\\\/haberkuzey.com\\\/index.php\\\/2025\\\/03\\\/20\\\/turkiye-mgk-toplantisina-iliskin-bildiri-yayimlandi\\\/#breadcrumb\"},\"inLanguage\":\"tr\",\"potentialAction\":[{\"@type\":\"ReadAction\",\"target\":[\"https:\\\/\\\/haberkuzey.com\\\/index.php\\\/2025\\\/03\\\/20\\\/turkiye-mgk-toplantisina-iliskin-bildiri-yayimlandi\\\/\"]}]},{\"@type\":\"ImageObject\",\"inLanguage\":\"tr\",\"@id\":\"https:\\\/\\\/haberkuzey.com\\\/index.php\\\/2025\\\/03\\\/20\\\/turkiye-mgk-toplantisina-iliskin-bildiri-yayimlandi\\\/#primaryimage\",\"url\":\"https:\\\/\\\/haberkuzey.com\\\/wp-content\\\/uploads\\\/2025\\\/03\\\/1742487860805thumbs_b_c_8083f4ec80603b6b540d6ae9e6b9890e.jpg\",\"contentUrl\":\"https:\\\/\\\/haberkuzey.com\\\/wp-content\\\/uploads\\\/2025\\\/03\\\/1742487860805thumbs_b_c_8083f4ec80603b6b540d6ae9e6b9890e.jpg\",\"width\":864,\"height\":486},{\"@type\":\"BreadcrumbList\",\"@id\":\"https:\\\/\\\/haberkuzey.com\\\/index.php\\\/2025\\\/03\\\/20\\\/turkiye-mgk-toplantisina-iliskin-bildiri-yayimlandi\\\/#breadcrumb\",\"itemListElement\":[{\"@type\":\"ListItem\",\"position\":1,\"name\":\"Anasayfa\",\"item\":\"https:\\\/\\\/haberkuzey.com\\\/\"},{\"@type\":\"ListItem\",\"position\":2,\"name\":\"T\u00fcrkiye MGK toplant\u0131s\u0131na ili\u015fkin bildiri yay\u0131mland\u0131\"}]},{\"@type\":\"WebSite\",\"@id\":\"https:\\\/\\\/haberkuzey.com\\\/#website\",\"url\":\"https:\\\/\\\/haberkuzey.com\\\/\",\"name\":\"Haber Kuzey\",\"description\":\"Do\u011fru Haberin Adresi\",\"potentialAction\":[{\"@type\":\"SearchAction\",\"target\":{\"@type\":\"EntryPoint\",\"urlTemplate\":\"https:\\\/\\\/haberkuzey.com\\\/?s={search_term_string}\"},\"query-input\":{\"@type\":\"PropertyValueSpecification\",\"valueRequired\":true,\"valueName\":\"search_term_string\"}}],\"inLanguage\":\"tr\"},{\"@type\":\"Person\",\"@id\":\"https:\\\/\\\/haberkuzey.com\\\/#\\\/schema\\\/person\\\/3372109ec735f9333f4fa47ebb9605ca\",\"name\":\"haberkuzey\",\"image\":{\"@type\":\"ImageObject\",\"inLanguage\":\"tr\",\"@id\":\"https:\\\/\\\/secure.gravatar.com\\\/avatar\\\/f5fc875574b1575324358c3b9e6a32b8227aa5b74f3fa22e3cadb63e26fcc39c?s=96&d=mm&r=g\",\"url\":\"https:\\\/\\\/secure.gravatar.com\\\/avatar\\\/f5fc875574b1575324358c3b9e6a32b8227aa5b74f3fa22e3cadb63e26fcc39c?s=96&d=mm&r=g\",\"contentUrl\":\"https:\\\/\\\/secure.gravatar.com\\\/avatar\\\/f5fc875574b1575324358c3b9e6a32b8227aa5b74f3fa22e3cadb63e26fcc39c?s=96&d=mm&r=g\",\"caption\":\"haberkuzey\"},\"sameAs\":[\"https:\\\/\\\/haberkuzey.com\"],\"url\":\"https:\\\/\\\/haberkuzey.com\\\/index.php\\\/author\\\/haberkuzey\\\/\"}]}<\/script>\n<!-- \/ Yoast SEO plugin. -->","yoast_head_json":{"title":"T\u00fcrkiye MGK toplant\u0131s\u0131na ili\u015fkin bildiri yay\u0131mland\u0131 - Haber Kuzey","robots":{"index":"index","follow":"follow","max-snippet":"max-snippet:-1","max-image-preview":"max-image-preview:large","max-video-preview":"max-video-preview:-1"},"canonical":"https:\/\/haberkuzey.com\/index.php\/2025\/03\/20\/turkiye-mgk-toplantisina-iliskin-bildiri-yayimlandi\/","og_locale":"tr_TR","og_type":"article","og_title":"T\u00fcrkiye MGK toplant\u0131s\u0131na ili\u015fkin bildiri yay\u0131mland\u0131 - Haber Kuzey","og_description":"T\u00fcrkiye Cumhuriyeti Milli G\u00fcvenlik Kurulu (MGK) bildirisinde, Ter\u00f6rs\u00fcz T\u00fcrkiye hedefine ula\u015f\u0131lmas\u0131yla milli birlik ve beraberli\u011fin daha da peki\u015fece\u011fi, t\u00fcm vatanda\u015flar\u0131n huzur ve refah\u0131n\u0131n artaca\u011f\u0131, \u00fclkenin sosyoekonomik geli\u015fimi ve kalk\u0131nma s\u00fcrecinin h\u0131zlanaca\u011f\u0131, demokrasinin g\u00fc\u00e7lenece\u011fi ifade edildi. TC Cumhurba\u015fkan\u0131 Recep Tayyip Erdo\u011fan\u2019\u0131n ba\u015fkanl\u0131\u011f\u0131nda, TC Cumhurba\u015fkanl\u0131\u011f\u0131 K\u00fclliyesi\u2019nde yap\u0131lan MGK toplant\u0131s\u0131n\u0131n ard\u0131ndan bildiri yay\u0131mland\u0131. TC Cumhurba\u015fkanl\u0131\u011f\u0131 \u0130leti\u015fim Ba\u015fkanl\u0131\u011f\u0131n\u0131n sosyal [&hellip;]","og_url":"https:\/\/haberkuzey.com\/index.php\/2025\/03\/20\/turkiye-mgk-toplantisina-iliskin-bildiri-yayimlandi\/","og_site_name":"Haber Kuzey","article_published_time":"2025-03-20T18:41:47+00:00","og_image":[{"url":"https:\/\/brtk.net\/wp-content\/uploads\/2025\/03\/20\/1742487860805thumbs_b_c_8083f4ec80603b6b540d6ae9e6b9890e.jpg?ver=474ced2d31d52887e0d28a9f71a7cccd","type":"","width":"","height":""}],"author":"haberkuzey","twitter_card":"summary_large_image","twitter_misc":{"Yazan:":"haberkuzey","Tahmini okuma s\u00fcresi":"4 dakika"},"schema":{"@context":"https:\/\/schema.org","@graph":[{"@type":"Article","@id":"https:\/\/haberkuzey.com\/index.php\/2025\/03\/20\/turkiye-mgk-toplantisina-iliskin-bildiri-yayimlandi\/#article","isPartOf":{"@id":"https:\/\/haberkuzey.com\/index.php\/2025\/03\/20\/turkiye-mgk-toplantisina-iliskin-bildiri-yayimlandi\/"},"author":{"name":"haberkuzey","@id":"https:\/\/haberkuzey.com\/#\/schema\/person\/3372109ec735f9333f4fa47ebb9605ca"},"headline":"T\u00fcrkiye MGK toplant\u0131s\u0131na ili\u015fkin bildiri yay\u0131mland\u0131","datePublished":"2025-03-20T18:41:47+00:00","mainEntityOfPage":{"@id":"https:\/\/haberkuzey.com\/index.php\/2025\/03\/20\/turkiye-mgk-toplantisina-iliskin-bildiri-yayimlandi\/"},"wordCount":718,"commentCount":0,"image":{"@id":"https:\/\/haberkuzey.com\/index.php\/2025\/03\/20\/turkiye-mgk-toplantisina-iliskin-bildiri-yayimlandi\/#primaryimage"},"thumbnailUrl":"https:\/\/haberkuzey.com\/wp-content\/uploads\/2025\/03\/1742487860805thumbs_b_c_8083f4ec80603b6b540d6ae9e6b9890e.jpg","articleSection":["D\u00fcnya"],"inLanguage":"tr","potentialAction":[{"@type":"CommentAction","name":"Comment","target":["https:\/\/haberkuzey.com\/index.php\/2025\/03\/20\/turkiye-mgk-toplantisina-iliskin-bildiri-yayimlandi\/#respond"]}]},{"@type":"WebPage","@id":"https:\/\/haberkuzey.com\/index.php\/2025\/03\/20\/turkiye-mgk-toplantisina-iliskin-bildiri-yayimlandi\/","url":"https:\/\/haberkuzey.com\/index.php\/2025\/03\/20\/turkiye-mgk-toplantisina-iliskin-bildiri-yayimlandi\/","name":"T\u00fcrkiye MGK toplant\u0131s\u0131na ili\u015fkin bildiri yay\u0131mland\u0131 - Haber Kuzey","isPartOf":{"@id":"https:\/\/haberkuzey.com\/#website"},"primaryImageOfPage":{"@id":"https:\/\/haberkuzey.com\/index.php\/2025\/03\/20\/turkiye-mgk-toplantisina-iliskin-bildiri-yayimlandi\/#primaryimage"},"image":{"@id":"https:\/\/haberkuzey.com\/index.php\/2025\/03\/20\/turkiye-mgk-toplantisina-iliskin-bildiri-yayimlandi\/#primaryimage"},"thumbnailUrl":"https:\/\/haberkuzey.com\/wp-content\/uploads\/2025\/03\/1742487860805thumbs_b_c_8083f4ec80603b6b540d6ae9e6b9890e.jpg","datePublished":"2025-03-20T18:41:47+00:00","author":{"@id":"https:\/\/haberkuzey.com\/#\/schema\/person\/3372109ec735f9333f4fa47ebb9605ca"},"breadcrumb":{"@id":"https:\/\/haberkuzey.com\/index.php\/2025\/03\/20\/turkiye-mgk-toplantisina-iliskin-bildiri-yayimlandi\/#breadcrumb"},"inLanguage":"tr","potentialAction":[{"@type":"ReadAction","target":["https:\/\/haberkuzey.com\/index.php\/2025\/03\/20\/turkiye-mgk-toplantisina-iliskin-bildiri-yayimlandi\/"]}]},{"@type":"ImageObject","inLanguage":"tr","@id":"https:\/\/haberkuzey.com\/index.php\/2025\/03\/20\/turkiye-mgk-toplantisina-iliskin-bildiri-yayimlandi\/#primaryimage","url":"https:\/\/haberkuzey.com\/wp-content\/uploads\/2025\/03\/1742487860805thumbs_b_c_8083f4ec80603b6b540d6ae9e6b9890e.jpg","contentUrl":"https:\/\/haberkuzey.com\/wp-content\/uploads\/2025\/03\/1742487860805thumbs_b_c_8083f4ec80603b6b540d6ae9e6b9890e.jpg","width":864,"height":486},{"@type":"BreadcrumbList","@id":"https:\/\/haberkuzey.com\/index.php\/2025\/03\/20\/turkiye-mgk-toplantisina-iliskin-bildiri-yayimlandi\/#breadcrumb","itemListElement":[{"@type":"ListItem","position":1,"name":"Anasayfa","item":"https:\/\/haberkuzey.com\/"},{"@type":"ListItem","position":2,"name":"T\u00fcrkiye MGK toplant\u0131s\u0131na ili\u015fkin bildiri yay\u0131mland\u0131"}]},{"@type":"WebSite","@id":"https:\/\/haberkuzey.com\/#website","url":"https:\/\/haberkuzey.com\/","name":"Haber Kuzey","description":"Do\u011fru Haberin Adresi","potentialAction":[{"@type":"SearchAction","target":{"@type":"EntryPoint","urlTemplate":"https:\/\/haberkuzey.com\/?s={search_term_string}"},"query-input":{"@type":"PropertyValueSpecification","valueRequired":true,"valueName":"search_term_string"}}],"inLanguage":"tr"},{"@type":"Person","@id":"https:\/\/haberkuzey.com\/#\/schema\/person\/3372109ec735f9333f4fa47ebb9605ca","name":"haberkuzey","image":{"@type":"ImageObject","inLanguage":"tr","@id":"https:\/\/secure.gravatar.com\/avatar\/f5fc875574b1575324358c3b9e6a32b8227aa5b74f3fa22e3cadb63e26fcc39c?s=96&d=mm&r=g","url":"https:\/\/secure.gravatar.com\/avatar\/f5fc875574b1575324358c3b9e6a32b8227aa5b74f3fa22e3cadb63e26fcc39c?s=96&d=mm&r=g","contentUrl":"https:\/\/secure.gravatar.com\/avatar\/f5fc875574b1575324358c3b9e6a32b8227aa5b74f3fa22e3cadb63e26fcc39c?s=96&d=mm&r=g","caption":"haberkuzey"},"sameAs":["https:\/\/haberkuzey.com"],"url":"https:\/\/haberkuzey.com\/index.php\/author\/haberkuzey\/"}]}},"_links":{"self":[{"href":"https:\/\/haberkuzey.com\/index.php\/wp-json\/wp\/v2\/posts\/20318","targetHints":{"allow":["GET"]}}],"collection":[{"href":"https:\/\/haberkuzey.com\/index.php\/wp-json\/wp\/v2\/posts"}],"about":[{"href":"https:\/\/haberkuzey.com\/index.php\/wp-json\/wp\/v2\/types\/post"}],"author":[{"embeddable":true,"href":"https:\/\/haberkuzey.com\/index.php\/wp-json\/wp\/v2\/users\/1"}],"replies":[{"embeddable":true,"href":"https:\/\/haberkuzey.com\/index.php\/wp-json\/wp\/v2\/comments?post=20318"}],"version-history":[{"count":0,"href":"https:\/\/haberkuzey.com\/index.php\/wp-json\/wp\/v2\/posts\/20318\/revisions"}],"wp:featuredmedia":[{"embeddable":true,"href":"https:\/\/haberkuzey.com\/index.php\/wp-json\/wp\/v2\/media\/20319"}],"wp:attachment":[{"href":"https:\/\/haberkuzey.com\/index.php\/wp-json\/wp\/v2\/media?parent=20318"}],"wp:term":[{"taxonomy":"category","embeddable":true,"href":"https:\/\/haberkuzey.com\/index.php\/wp-json\/wp\/v2\/categories?post=20318"},{"taxonomy":"post_tag","embeddable":true,"href":"https:\/\/haberkuzey.com\/index.php\/wp-json\/wp\/v2\/tags?post=20318"}],"curies":[{"name":"wp","href":"https:\/\/api.w.org\/{rel}","templated":true}]}}