{"id":20273,"date":"2025-03-20T13:26:41","date_gmt":"2025-03-20T11:26:41","guid":{"rendered":"https:\/\/haberkuzey.com\/index.php\/2025\/03\/20\/ersoydan-ustel-ile-gorusmesine-iliskin-aciklama-turizm-alaninda-isbirligimizi-gelistirmek-icin-verimli-bir-toplanti-yaptik\/"},"modified":"2025-03-20T13:26:41","modified_gmt":"2025-03-20T11:26:41","slug":"ersoydan-ustel-ile-gorusmesine-iliskin-aciklama-turizm-alaninda-isbirligimizi-gelistirmek-icin-verimli-bir-toplanti-yaptik","status":"publish","type":"post","link":"https:\/\/haberkuzey.com\/index.php\/2025\/03\/20\/ersoydan-ustel-ile-gorusmesine-iliskin-aciklama-turizm-alaninda-isbirligimizi-gelistirmek-icin-verimli-bir-toplanti-yaptik\/","title":{"rendered":"Ersoy\u2019dan \u00dcstel ile g\u00f6r\u00fc\u015fmesine ili\u015fkin a\u00e7\u0131klama: \u201cTurizm alan\u0131nda i\u015fbirli\u011fimizi geli\u015ftirmek i\u00e7in verimli bir toplant\u0131 yapt\u0131k\u201d"},"content":{"rendered":"<div>\n<div class=\"mariselle-image-container center\">\n                                            <\/div>\n<p>T\u00fcrkiye K\u00fclt\u00fcr ve Turizm Bakan\u0131 Mehmet Nuri Ersoy, Ba\u015fbakan\u0131 \u00dcnal \u00dcstel ile g\u00f6r\u00fc\u015fmesi sonras\u0131nda a\u00e7\u0131klama yaparak \u201cT\u00fcrkiye ve KKTC aras\u0131ndaki karde\u015flik ba\u011flar\u0131n\u0131 daha da g\u00fc\u00e7lendirmek ve turizm alan\u0131nda i\u015fbirli\u011fimizi geli\u015ftirmek i\u00e7in verimli bir toplant\u0131 ger\u00e7ekle\u015ftirdik.\u201d dedi.<\/p>\n<p>T\u00fcrkiye K\u00fclt\u00fcr ve Turizm Bakan\u0131 Mehmet Nuri Ersoy, Ba\u015fbakan \u00dcnal \u00dcstel ve beraberindeki heyeti a\u011f\u0131rlad\u0131.<\/p>\n<p>Ersoy, sosyal medya hesab\u0131ndan yapt\u0131\u011f\u0131 a\u00e7\u0131klamada, \u00dcstel ile Ba\u015fbakan Yard\u0131mc\u0131s\u0131, Turizm, K\u00fclt\u00fcr, Gen\u00e7lik ve \u00c7evre Bakan\u0131 Fikri Atao\u011flu, Turizm, K\u00fclt\u00fcr, Gen\u00e7lik ve \u00c7evre Bakanl\u0131\u011f\u0131 M\u00fcste\u015far\u0131 Serhan Aktun\u00e7 ve KKTC Ankara B\u00fcy\u00fckel\u00e7isi \u0130smet Koruko\u011flu ile bir araya geldi\u011fini bildirdi.<\/p>\n<p>Ersoy, K\u00fclt\u00fcr ve Turizm Bakanl\u0131\u011f\u0131\u2019nda ger\u00e7ekle\u015fen ziyarete ili\u015fkin \u015funlar\u0131 kaydetti:<\/p>\n<p>\u201cT\u00fcrkiye ve KKTC aras\u0131ndaki karde\u015flik ba\u011flar\u0131n\u0131 daha da g\u00fc\u00e7lendirmek ve turizm alan\u0131nda i\u015fbirli\u011fimizi geli\u015ftirmek i\u00e7in verimli bir toplant\u0131 ger\u00e7ekle\u015ftirdik. Ortak turizm hedeflerimiz do\u011frultusunda i\u015fbirli\u011fimizi daha ileriye ta\u015f\u0131mak i\u00e7in birlikte \u00e7al\u0131\u015fmaya devam edece\u011fiz. Nazik ziyaretleri i\u00e7in kendilerine te\u015fekk\u00fcr ediyorum.\u201d<\/p>\n<\/p><\/div>\n<p><script async\n                    defer\n                    crossorigin=\"anonymous\"\n                    src=\"https:\/\/connect.facebook.net\/tr_TR\/sdk.js#xfbml=1&#038;version=v3.3\"\n            ><\/script><\/p>\n","protected":false},"excerpt":{"rendered":"<p>T\u00fcrkiye K\u00fclt\u00fcr ve Turizm Bakan\u0131 Mehmet Nuri Ersoy, Ba\u015fbakan\u0131 \u00dcnal \u00dcstel ile g\u00f6r\u00fc\u015fmesi sonras\u0131nda a\u00e7\u0131klama yaparak \u201cT\u00fcrkiye ve KKTC aras\u0131ndaki karde\u015flik ba\u011flar\u0131n\u0131 daha da g\u00fc\u00e7lendirmek ve turizm alan\u0131nda i\u015fbirli\u011fimizi geli\u015ftirmek i\u00e7in verimli bir toplant\u0131 ger\u00e7ekle\u015ftirdik.\u201d dedi. T\u00fcrkiye K\u00fclt\u00fcr ve Turizm Bakan\u0131 Mehmet Nuri Ersoy, Ba\u015fbakan \u00dcnal \u00dcstel ve beraberindeki heyeti a\u011f\u0131rlad\u0131. Ersoy, sosyal medya hesab\u0131ndan [&hellip;]<\/p>\n","protected":false},"author":1,"featured_media":20274,"comment_status":"open","ping_status":"open","sticky":false,"template":"","format":"standard","meta":{"jnews-multi-image_gallery":[],"jnews_single_post":[],"jnews_primary_category":[],"footnotes":""},"categories":[2],"tags":[],"class_list":["post-20273","post","type-post","status-publish","format-standard","has-post-thumbnail","hentry","category-dunya"],"yoast_head":"<!-- This site is optimized with the Yoast SEO plugin v27.5 - https:\/\/yoast.com\/product\/yoast-seo-wordpress\/ -->\n<title>Ersoy\u2019dan \u00dcstel ile g\u00f6r\u00fc\u015fmesine ili\u015fkin a\u00e7\u0131klama: \u201cTurizm alan\u0131nda i\u015fbirli\u011fimizi geli\u015ftirmek i\u00e7in verimli bir toplant\u0131 yapt\u0131k\u201d - Haber Kuzey<\/title>\n<meta name=\"robots\" content=\"index, follow, max-snippet:-1, max-image-preview:large, max-video-preview:-1\" \/>\n<link rel=\"canonical\" href=\"https:\/\/haberkuzey.com\/index.php\/2025\/03\/20\/ersoydan-ustel-ile-gorusmesine-iliskin-aciklama-turizm-alaninda-isbirligimizi-gelistirmek-icin-verimli-bir-toplanti-yaptik\/\" \/>\n<meta property=\"og:locale\" content=\"tr_TR\" \/>\n<meta property=\"og:type\" content=\"article\" \/>\n<meta property=\"og:title\" content=\"Ersoy\u2019dan \u00dcstel ile g\u00f6r\u00fc\u015fmesine ili\u015fkin a\u00e7\u0131klama: \u201cTurizm alan\u0131nda i\u015fbirli\u011fimizi geli\u015ftirmek i\u00e7in verimli bir toplant\u0131 yapt\u0131k\u201d - Haber Kuzey\" \/>\n<meta property=\"og:description\" content=\"T\u00fcrkiye K\u00fclt\u00fcr ve Turizm Bakan\u0131 Mehmet Nuri Ersoy, Ba\u015fbakan\u0131 \u00dcnal \u00dcstel ile g\u00f6r\u00fc\u015fmesi sonras\u0131nda a\u00e7\u0131klama yaparak \u201cT\u00fcrkiye ve KKTC aras\u0131ndaki karde\u015flik ba\u011flar\u0131n\u0131 daha da g\u00fc\u00e7lendirmek ve turizm alan\u0131nda i\u015fbirli\u011fimizi geli\u015ftirmek i\u00e7in verimli bir toplant\u0131 ger\u00e7ekle\u015ftirdik.\u201d dedi. T\u00fcrkiye K\u00fclt\u00fcr ve Turizm Bakan\u0131 Mehmet Nuri Ersoy, Ba\u015fbakan \u00dcnal \u00dcstel ve beraberindeki heyeti a\u011f\u0131rlad\u0131. Ersoy, sosyal medya hesab\u0131ndan [&hellip;]\" \/>\n<meta property=\"og:url\" content=\"https:\/\/haberkuzey.com\/index.php\/2025\/03\/20\/ersoydan-ustel-ile-gorusmesine-iliskin-aciklama-turizm-alaninda-isbirligimizi-gelistirmek-icin-verimli-bir-toplanti-yaptik\/\" \/>\n<meta property=\"og:site_name\" content=\"Haber Kuzey\" \/>\n<meta property=\"article:published_time\" content=\"2025-03-20T11:26:41+00:00\" \/>\n<meta property=\"og:image\" content=\"https:\/\/brtk.net\/wp-content\/uploads\/2025\/03\/20\/840230482.jpg?ver=951874c1e0270c09817959faa4b172ec\" \/>\n<meta name=\"author\" content=\"haberkuzey\" \/>\n<meta name=\"twitter:card\" content=\"summary_large_image\" \/>\n<meta name=\"twitter:label1\" content=\"Yazan:\" \/>\n\t<meta name=\"twitter:data1\" content=\"haberkuzey\" \/>\n\t<meta name=\"twitter:label2\" content=\"Tahmini okuma s\u00fcresi\" \/>\n\t<meta name=\"twitter:data2\" content=\"1 dakika\" \/>\n<script type=\"application\/ld+json\" class=\"yoast-schema-graph\">{\"@context\":\"https:\\\/\\\/schema.org\",\"@graph\":[{\"@type\":\"Article\",\"@id\":\"https:\\\/\\\/haberkuzey.com\\\/index.php\\\/2025\\\/03\\\/20\\\/ersoydan-ustel-ile-gorusmesine-iliskin-aciklama-turizm-alaninda-isbirligimizi-gelistirmek-icin-verimli-bir-toplanti-yaptik\\\/#article\",\"isPartOf\":{\"@id\":\"https:\\\/\\\/haberkuzey.com\\\/index.php\\\/2025\\\/03\\\/20\\\/ersoydan-ustel-ile-gorusmesine-iliskin-aciklama-turizm-alaninda-isbirligimizi-gelistirmek-icin-verimli-bir-toplanti-yaptik\\\/\"},\"author\":{\"name\":\"haberkuzey\",\"@id\":\"https:\\\/\\\/haberkuzey.com\\\/#\\\/schema\\\/person\\\/3372109ec735f9333f4fa47ebb9605ca\"},\"headline\":\"Ersoy\u2019dan \u00dcstel ile g\u00f6r\u00fc\u015fmesine ili\u015fkin a\u00e7\u0131klama: \u201cTurizm alan\u0131nda i\u015fbirli\u011fimizi geli\u015ftirmek i\u00e7in verimli bir toplant\u0131 yapt\u0131k\u201d\",\"datePublished\":\"2025-03-20T11:26:41+00:00\",\"mainEntityOfPage\":{\"@id\":\"https:\\\/\\\/haberkuzey.com\\\/index.php\\\/2025\\\/03\\\/20\\\/ersoydan-ustel-ile-gorusmesine-iliskin-aciklama-turizm-alaninda-isbirligimizi-gelistirmek-icin-verimli-bir-toplanti-yaptik\\\/\"},\"wordCount\":237,\"commentCount\":0,\"image\":{\"@id\":\"https:\\\/\\\/haberkuzey.com\\\/index.php\\\/2025\\\/03\\\/20\\\/ersoydan-ustel-ile-gorusmesine-iliskin-aciklama-turizm-alaninda-isbirligimizi-gelistirmek-icin-verimli-bir-toplanti-yaptik\\\/#primaryimage\"},\"thumbnailUrl\":\"https:\\\/\\\/haberkuzey.com\\\/wp-content\\\/uploads\\\/2025\\\/03\\\/840230482.jpg\",\"articleSection\":[\"D\u00fcnya\"],\"inLanguage\":\"tr\",\"potentialAction\":[{\"@type\":\"CommentAction\",\"name\":\"Comment\",\"target\":[\"https:\\\/\\\/haberkuzey.com\\\/index.php\\\/2025\\\/03\\\/20\\\/ersoydan-ustel-ile-gorusmesine-iliskin-aciklama-turizm-alaninda-isbirligimizi-gelistirmek-icin-verimli-bir-toplanti-yaptik\\\/#respond\"]}]},{\"@type\":\"WebPage\",\"@id\":\"https:\\\/\\\/haberkuzey.com\\\/index.php\\\/2025\\\/03\\\/20\\\/ersoydan-ustel-ile-gorusmesine-iliskin-aciklama-turizm-alaninda-isbirligimizi-gelistirmek-icin-verimli-bir-toplanti-yaptik\\\/\",\"url\":\"https:\\\/\\\/haberkuzey.com\\\/index.php\\\/2025\\\/03\\\/20\\\/ersoydan-ustel-ile-gorusmesine-iliskin-aciklama-turizm-alaninda-isbirligimizi-gelistirmek-icin-verimli-bir-toplanti-yaptik\\\/\",\"name\":\"Ersoy\u2019dan \u00dcstel ile g\u00f6r\u00fc\u015fmesine ili\u015fkin a\u00e7\u0131klama: \u201cTurizm alan\u0131nda i\u015fbirli\u011fimizi geli\u015ftirmek i\u00e7in verimli bir toplant\u0131 yapt\u0131k\u201d - Haber Kuzey\",\"isPartOf\":{\"@id\":\"https:\\\/\\\/haberkuzey.com\\\/#website\"},\"primaryImageOfPage\":{\"@id\":\"https:\\\/\\\/haberkuzey.com\\\/index.php\\\/2025\\\/03\\\/20\\\/ersoydan-ustel-ile-gorusmesine-iliskin-aciklama-turizm-alaninda-isbirligimizi-gelistirmek-icin-verimli-bir-toplanti-yaptik\\\/#primaryimage\"},\"image\":{\"@id\":\"https:\\\/\\\/haberkuzey.com\\\/index.php\\\/2025\\\/03\\\/20\\\/ersoydan-ustel-ile-gorusmesine-iliskin-aciklama-turizm-alaninda-isbirligimizi-gelistirmek-icin-verimli-bir-toplanti-yaptik\\\/#primaryimage\"},\"thumbnailUrl\":\"https:\\\/\\\/haberkuzey.com\\\/wp-content\\\/uploads\\\/2025\\\/03\\\/840230482.jpg\",\"datePublished\":\"2025-03-20T11:26:41+00:00\",\"author\":{\"@id\":\"https:\\\/\\\/haberkuzey.com\\\/#\\\/schema\\\/person\\\/3372109ec735f9333f4fa47ebb9605ca\"},\"breadcrumb\":{\"@id\":\"https:\\\/\\\/haberkuzey.com\\\/index.php\\\/2025\\\/03\\\/20\\\/ersoydan-ustel-ile-gorusmesine-iliskin-aciklama-turizm-alaninda-isbirligimizi-gelistirmek-icin-verimli-bir-toplanti-yaptik\\\/#breadcrumb\"},\"inLanguage\":\"tr\",\"potentialAction\":[{\"@type\":\"ReadAction\",\"target\":[\"https:\\\/\\\/haberkuzey.com\\\/index.php\\\/2025\\\/03\\\/20\\\/ersoydan-ustel-ile-gorusmesine-iliskin-aciklama-turizm-alaninda-isbirligimizi-gelistirmek-icin-verimli-bir-toplanti-yaptik\\\/\"]}]},{\"@type\":\"ImageObject\",\"inLanguage\":\"tr\",\"@id\":\"https:\\\/\\\/haberkuzey.com\\\/index.php\\\/2025\\\/03\\\/20\\\/ersoydan-ustel-ile-gorusmesine-iliskin-aciklama-turizm-alaninda-isbirligimizi-gelistirmek-icin-verimli-bir-toplanti-yaptik\\\/#primaryimage\",\"url\":\"https:\\\/\\\/haberkuzey.com\\\/wp-content\\\/uploads\\\/2025\\\/03\\\/840230482.jpg\",\"contentUrl\":\"https:\\\/\\\/haberkuzey.com\\\/wp-content\\\/uploads\\\/2025\\\/03\\\/840230482.jpg\",\"width\":1573,\"height\":654},{\"@type\":\"BreadcrumbList\",\"@id\":\"https:\\\/\\\/haberkuzey.com\\\/index.php\\\/2025\\\/03\\\/20\\\/ersoydan-ustel-ile-gorusmesine-iliskin-aciklama-turizm-alaninda-isbirligimizi-gelistirmek-icin-verimli-bir-toplanti-yaptik\\\/#breadcrumb\",\"itemListElement\":[{\"@type\":\"ListItem\",\"position\":1,\"name\":\"Anasayfa\",\"item\":\"https:\\\/\\\/haberkuzey.com\\\/\"},{\"@type\":\"ListItem\",\"position\":2,\"name\":\"Ersoy\u2019dan \u00dcstel ile g\u00f6r\u00fc\u015fmesine ili\u015fkin a\u00e7\u0131klama: \u201cTurizm alan\u0131nda i\u015fbirli\u011fimizi geli\u015ftirmek i\u00e7in verimli bir toplant\u0131 yapt\u0131k\u201d\"}]},{\"@type\":\"WebSite\",\"@id\":\"https:\\\/\\\/haberkuzey.com\\\/#website\",\"url\":\"https:\\\/\\\/haberkuzey.com\\\/\",\"name\":\"Haber Kuzey\",\"description\":\"Do\u011fru Haberin Adresi\",\"potentialAction\":[{\"@type\":\"SearchAction\",\"target\":{\"@type\":\"EntryPoint\",\"urlTemplate\":\"https:\\\/\\\/haberkuzey.com\\\/?s={search_term_string}\"},\"query-input\":{\"@type\":\"PropertyValueSpecification\",\"valueRequired\":true,\"valueName\":\"search_term_string\"}}],\"inLanguage\":\"tr\"},{\"@type\":\"Person\",\"@id\":\"https:\\\/\\\/haberkuzey.com\\\/#\\\/schema\\\/person\\\/3372109ec735f9333f4fa47ebb9605ca\",\"name\":\"haberkuzey\",\"image\":{\"@type\":\"ImageObject\",\"inLanguage\":\"tr\",\"@id\":\"https:\\\/\\\/secure.gravatar.com\\\/avatar\\\/f5fc875574b1575324358c3b9e6a32b8227aa5b74f3fa22e3cadb63e26fcc39c?s=96&d=mm&r=g\",\"url\":\"https:\\\/\\\/secure.gravatar.com\\\/avatar\\\/f5fc875574b1575324358c3b9e6a32b8227aa5b74f3fa22e3cadb63e26fcc39c?s=96&d=mm&r=g\",\"contentUrl\":\"https:\\\/\\\/secure.gravatar.com\\\/avatar\\\/f5fc875574b1575324358c3b9e6a32b8227aa5b74f3fa22e3cadb63e26fcc39c?s=96&d=mm&r=g\",\"caption\":\"haberkuzey\"},\"sameAs\":[\"https:\\\/\\\/haberkuzey.com\"],\"url\":\"https:\\\/\\\/haberkuzey.com\\\/index.php\\\/author\\\/haberkuzey\\\/\"}]}<\/script>\n<!-- \/ Yoast SEO plugin. -->","yoast_head_json":{"title":"Ersoy\u2019dan \u00dcstel ile g\u00f6r\u00fc\u015fmesine ili\u015fkin a\u00e7\u0131klama: \u201cTurizm alan\u0131nda i\u015fbirli\u011fimizi geli\u015ftirmek i\u00e7in verimli bir toplant\u0131 yapt\u0131k\u201d - Haber Kuzey","robots":{"index":"index","follow":"follow","max-snippet":"max-snippet:-1","max-image-preview":"max-image-preview:large","max-video-preview":"max-video-preview:-1"},"canonical":"https:\/\/haberkuzey.com\/index.php\/2025\/03\/20\/ersoydan-ustel-ile-gorusmesine-iliskin-aciklama-turizm-alaninda-isbirligimizi-gelistirmek-icin-verimli-bir-toplanti-yaptik\/","og_locale":"tr_TR","og_type":"article","og_title":"Ersoy\u2019dan \u00dcstel ile g\u00f6r\u00fc\u015fmesine ili\u015fkin a\u00e7\u0131klama: \u201cTurizm alan\u0131nda i\u015fbirli\u011fimizi geli\u015ftirmek i\u00e7in verimli bir toplant\u0131 yapt\u0131k\u201d - Haber Kuzey","og_description":"T\u00fcrkiye K\u00fclt\u00fcr ve Turizm Bakan\u0131 Mehmet Nuri Ersoy, Ba\u015fbakan\u0131 \u00dcnal \u00dcstel ile g\u00f6r\u00fc\u015fmesi sonras\u0131nda a\u00e7\u0131klama yaparak \u201cT\u00fcrkiye ve KKTC aras\u0131ndaki karde\u015flik ba\u011flar\u0131n\u0131 daha da g\u00fc\u00e7lendirmek ve turizm alan\u0131nda i\u015fbirli\u011fimizi geli\u015ftirmek i\u00e7in verimli bir toplant\u0131 ger\u00e7ekle\u015ftirdik.\u201d dedi. T\u00fcrkiye K\u00fclt\u00fcr ve Turizm Bakan\u0131 Mehmet Nuri Ersoy, Ba\u015fbakan \u00dcnal \u00dcstel ve beraberindeki heyeti a\u011f\u0131rlad\u0131. Ersoy, sosyal medya hesab\u0131ndan [&hellip;]","og_url":"https:\/\/haberkuzey.com\/index.php\/2025\/03\/20\/ersoydan-ustel-ile-gorusmesine-iliskin-aciklama-turizm-alaninda-isbirligimizi-gelistirmek-icin-verimli-bir-toplanti-yaptik\/","og_site_name":"Haber Kuzey","article_published_time":"2025-03-20T11:26:41+00:00","og_image":[{"url":"https:\/\/brtk.net\/wp-content\/uploads\/2025\/03\/20\/840230482.jpg?ver=951874c1e0270c09817959faa4b172ec","type":"","width":"","height":""}],"author":"haberkuzey","twitter_card":"summary_large_image","twitter_misc":{"Yazan:":"haberkuzey","Tahmini okuma s\u00fcresi":"1 dakika"},"schema":{"@context":"https:\/\/schema.org","@graph":[{"@type":"Article","@id":"https:\/\/haberkuzey.com\/index.php\/2025\/03\/20\/ersoydan-ustel-ile-gorusmesine-iliskin-aciklama-turizm-alaninda-isbirligimizi-gelistirmek-icin-verimli-bir-toplanti-yaptik\/#article","isPartOf":{"@id":"https:\/\/haberkuzey.com\/index.php\/2025\/03\/20\/ersoydan-ustel-ile-gorusmesine-iliskin-aciklama-turizm-alaninda-isbirligimizi-gelistirmek-icin-verimli-bir-toplanti-yaptik\/"},"author":{"name":"haberkuzey","@id":"https:\/\/haberkuzey.com\/#\/schema\/person\/3372109ec735f9333f4fa47ebb9605ca"},"headline":"Ersoy\u2019dan \u00dcstel ile g\u00f6r\u00fc\u015fmesine ili\u015fkin a\u00e7\u0131klama: \u201cTurizm alan\u0131nda i\u015fbirli\u011fimizi geli\u015ftirmek i\u00e7in verimli bir toplant\u0131 yapt\u0131k\u201d","datePublished":"2025-03-20T11:26:41+00:00","mainEntityOfPage":{"@id":"https:\/\/haberkuzey.com\/index.php\/2025\/03\/20\/ersoydan-ustel-ile-gorusmesine-iliskin-aciklama-turizm-alaninda-isbirligimizi-gelistirmek-icin-verimli-bir-toplanti-yaptik\/"},"wordCount":237,"commentCount":0,"image":{"@id":"https:\/\/haberkuzey.com\/index.php\/2025\/03\/20\/ersoydan-ustel-ile-gorusmesine-iliskin-aciklama-turizm-alaninda-isbirligimizi-gelistirmek-icin-verimli-bir-toplanti-yaptik\/#primaryimage"},"thumbnailUrl":"https:\/\/haberkuzey.com\/wp-content\/uploads\/2025\/03\/840230482.jpg","articleSection":["D\u00fcnya"],"inLanguage":"tr","potentialAction":[{"@type":"CommentAction","name":"Comment","target":["https:\/\/haberkuzey.com\/index.php\/2025\/03\/20\/ersoydan-ustel-ile-gorusmesine-iliskin-aciklama-turizm-alaninda-isbirligimizi-gelistirmek-icin-verimli-bir-toplanti-yaptik\/#respond"]}]},{"@type":"WebPage","@id":"https:\/\/haberkuzey.com\/index.php\/2025\/03\/20\/ersoydan-ustel-ile-gorusmesine-iliskin-aciklama-turizm-alaninda-isbirligimizi-gelistirmek-icin-verimli-bir-toplanti-yaptik\/","url":"https:\/\/haberkuzey.com\/index.php\/2025\/03\/20\/ersoydan-ustel-ile-gorusmesine-iliskin-aciklama-turizm-alaninda-isbirligimizi-gelistirmek-icin-verimli-bir-toplanti-yaptik\/","name":"Ersoy\u2019dan \u00dcstel ile g\u00f6r\u00fc\u015fmesine ili\u015fkin a\u00e7\u0131klama: \u201cTurizm alan\u0131nda i\u015fbirli\u011fimizi geli\u015ftirmek i\u00e7in verimli bir toplant\u0131 yapt\u0131k\u201d - Haber Kuzey","isPartOf":{"@id":"https:\/\/haberkuzey.com\/#website"},"primaryImageOfPage":{"@id":"https:\/\/haberkuzey.com\/index.php\/2025\/03\/20\/ersoydan-ustel-ile-gorusmesine-iliskin-aciklama-turizm-alaninda-isbirligimizi-gelistirmek-icin-verimli-bir-toplanti-yaptik\/#primaryimage"},"image":{"@id":"https:\/\/haberkuzey.com\/index.php\/2025\/03\/20\/ersoydan-ustel-ile-gorusmesine-iliskin-aciklama-turizm-alaninda-isbirligimizi-gelistirmek-icin-verimli-bir-toplanti-yaptik\/#primaryimage"},"thumbnailUrl":"https:\/\/haberkuzey.com\/wp-content\/uploads\/2025\/03\/840230482.jpg","datePublished":"2025-03-20T11:26:41+00:00","author":{"@id":"https:\/\/haberkuzey.com\/#\/schema\/person\/3372109ec735f9333f4fa47ebb9605ca"},"breadcrumb":{"@id":"https:\/\/haberkuzey.com\/index.php\/2025\/03\/20\/ersoydan-ustel-ile-gorusmesine-iliskin-aciklama-turizm-alaninda-isbirligimizi-gelistirmek-icin-verimli-bir-toplanti-yaptik\/#breadcrumb"},"inLanguage":"tr","potentialAction":[{"@type":"ReadAction","target":["https:\/\/haberkuzey.com\/index.php\/2025\/03\/20\/ersoydan-ustel-ile-gorusmesine-iliskin-aciklama-turizm-alaninda-isbirligimizi-gelistirmek-icin-verimli-bir-toplanti-yaptik\/"]}]},{"@type":"ImageObject","inLanguage":"tr","@id":"https:\/\/haberkuzey.com\/index.php\/2025\/03\/20\/ersoydan-ustel-ile-gorusmesine-iliskin-aciklama-turizm-alaninda-isbirligimizi-gelistirmek-icin-verimli-bir-toplanti-yaptik\/#primaryimage","url":"https:\/\/haberkuzey.com\/wp-content\/uploads\/2025\/03\/840230482.jpg","contentUrl":"https:\/\/haberkuzey.com\/wp-content\/uploads\/2025\/03\/840230482.jpg","width":1573,"height":654},{"@type":"BreadcrumbList","@id":"https:\/\/haberkuzey.com\/index.php\/2025\/03\/20\/ersoydan-ustel-ile-gorusmesine-iliskin-aciklama-turizm-alaninda-isbirligimizi-gelistirmek-icin-verimli-bir-toplanti-yaptik\/#breadcrumb","itemListElement":[{"@type":"ListItem","position":1,"name":"Anasayfa","item":"https:\/\/haberkuzey.com\/"},{"@type":"ListItem","position":2,"name":"Ersoy\u2019dan \u00dcstel ile g\u00f6r\u00fc\u015fmesine ili\u015fkin a\u00e7\u0131klama: \u201cTurizm alan\u0131nda i\u015fbirli\u011fimizi geli\u015ftirmek i\u00e7in verimli bir toplant\u0131 yapt\u0131k\u201d"}]},{"@type":"WebSite","@id":"https:\/\/haberkuzey.com\/#website","url":"https:\/\/haberkuzey.com\/","name":"Haber Kuzey","description":"Do\u011fru Haberin Adresi","potentialAction":[{"@type":"SearchAction","target":{"@type":"EntryPoint","urlTemplate":"https:\/\/haberkuzey.com\/?s={search_term_string}"},"query-input":{"@type":"PropertyValueSpecification","valueRequired":true,"valueName":"search_term_string"}}],"inLanguage":"tr"},{"@type":"Person","@id":"https:\/\/haberkuzey.com\/#\/schema\/person\/3372109ec735f9333f4fa47ebb9605ca","name":"haberkuzey","image":{"@type":"ImageObject","inLanguage":"tr","@id":"https:\/\/secure.gravatar.com\/avatar\/f5fc875574b1575324358c3b9e6a32b8227aa5b74f3fa22e3cadb63e26fcc39c?s=96&d=mm&r=g","url":"https:\/\/secure.gravatar.com\/avatar\/f5fc875574b1575324358c3b9e6a32b8227aa5b74f3fa22e3cadb63e26fcc39c?s=96&d=mm&r=g","contentUrl":"https:\/\/secure.gravatar.com\/avatar\/f5fc875574b1575324358c3b9e6a32b8227aa5b74f3fa22e3cadb63e26fcc39c?s=96&d=mm&r=g","caption":"haberkuzey"},"sameAs":["https:\/\/haberkuzey.com"],"url":"https:\/\/haberkuzey.com\/index.php\/author\/haberkuzey\/"}]}},"_links":{"self":[{"href":"https:\/\/haberkuzey.com\/index.php\/wp-json\/wp\/v2\/posts\/20273","targetHints":{"allow":["GET"]}}],"collection":[{"href":"https:\/\/haberkuzey.com\/index.php\/wp-json\/wp\/v2\/posts"}],"about":[{"href":"https:\/\/haberkuzey.com\/index.php\/wp-json\/wp\/v2\/types\/post"}],"author":[{"embeddable":true,"href":"https:\/\/haberkuzey.com\/index.php\/wp-json\/wp\/v2\/users\/1"}],"replies":[{"embeddable":true,"href":"https:\/\/haberkuzey.com\/index.php\/wp-json\/wp\/v2\/comments?post=20273"}],"version-history":[{"count":0,"href":"https:\/\/haberkuzey.com\/index.php\/wp-json\/wp\/v2\/posts\/20273\/revisions"}],"wp:featuredmedia":[{"embeddable":true,"href":"https:\/\/haberkuzey.com\/index.php\/wp-json\/wp\/v2\/media\/20274"}],"wp:attachment":[{"href":"https:\/\/haberkuzey.com\/index.php\/wp-json\/wp\/v2\/media?parent=20273"}],"wp:term":[{"taxonomy":"category","embeddable":true,"href":"https:\/\/haberkuzey.com\/index.php\/wp-json\/wp\/v2\/categories?post=20273"},{"taxonomy":"post_tag","embeddable":true,"href":"https:\/\/haberkuzey.com\/index.php\/wp-json\/wp\/v2\/tags?post=20273"}],"curies":[{"name":"wp","href":"https:\/\/api.w.org\/{rel}","templated":true}]}}