{"id":2027,"date":"2024-05-10T18:42:56","date_gmt":"2024-05-10T15:42:56","guid":{"rendered":"https:\/\/haberkuzey.com\/index.php\/2024\/05\/10\/bakan-cavusoglu-kibris-turk-engelliler-federasyonu-yetkililerini-kabul-etti\/"},"modified":"2024-05-10T18:42:56","modified_gmt":"2024-05-10T15:42:56","slug":"bakan-cavusoglu-kibris-turk-engelliler-federasyonu-yetkililerini-kabul-etti","status":"publish","type":"post","link":"https:\/\/haberkuzey.com\/index.php\/2024\/05\/10\/bakan-cavusoglu-kibris-turk-engelliler-federasyonu-yetkililerini-kabul-etti\/","title":{"rendered":"Bakan \u00c7avu\u015fo\u011flu, K\u0131br\u0131s T\u00fcrk Engelliler Federasyonu yetkililerini kabul etti"},"content":{"rendered":"<div>\n<div class=\"mariselle-image-container center\">\n                                            <\/div>\n<p>K\u0131br\u0131s T\u00fcrk Engelliler Federasyonu Ba\u015fkan\u0131 Dervi\u015f Y\u00fccet\u00fcrk, federasyona ba\u011fl\u0131 dernek temsilcileri ile birlikte Milli E\u011fitim Bakan\u0131 Naz\u0131m \u00c7avu\u015fo\u011flu\u2019na ziyaret ger\u00e7ekle\u015ftirdi.<\/p>\n<p>K\u0131br\u0131s T\u00fcrk Engelliler Federasyonu Ba\u015fkan\u0131 Y\u00fccet\u00fcrk ziyarette, Milli E\u011fitim Bakan\u0131 \u00c7avu\u015fo\u011flu\u2019na taleplerini i\u00e7eren 14 maddelik dosyay\u0131 takdim etti. <\/p>\n<p>Y\u00fccet\u00fcrk, \u201cEngelsiz Ya\u015fam Evi ve istihdam g\u00fcncel olarak ya\u015fad\u0131\u011f\u0131m\u0131z en b\u00fcy\u00fck sorunlard\u0131r. Ula\u015f\u0131m da bizim i\u00e7in problem\u201d diye konu\u015ftu.<\/p>\n<p>Milli E\u011fitim Bakan\u0131 Naz\u0131m \u00c7avu\u015fo\u011flu da, \u00f6zel gereksinimli bireylere destek olma ve sorunlar\u0131 \u00e7\u00f6zme noktas\u0131nda her zaman iyi niyetli ve u\u011fra\u015f\u0131c\u0131 olduklar\u0131n\u0131 s\u00f6yledi. <\/p>\n<p>Engelli bireylerin istihdam konusunda ya\u015fad\u0131klar\u0131n\u0131 s\u0131k\u0131nt\u0131ya da de\u011finen \u00c7avu\u015fo\u011flu, \u00f6\u011fretmen say\u0131s\u0131n\u0131n hen\u00fcz tamamlanamad\u0131\u011f\u0131n\u0131 ancak bu konuda ba\u015flang\u0131\u00e7 yap\u0131ld\u0131\u011f\u0131n\u0131 kaydetti. <\/p>\n<p>\u00c7avu\u015fo\u011flu, \u201c\u00d6zel gereksinimli vatanda\u015flar\u0131m\u0131z\u0131n sorunlar\u0131n\u0131n \u00e7\u00f6z\u00fclmesiyle ilgili h\u00fck\u00fcmet \u00fczerine d\u00fc\u015fen g\u00f6revi yapma iste\u011fi \u00e7ok y\u00fcksektir. Engelsiz Ya\u015fam Evi de 3-5 ay i\u00e7erisinde tekrar kullan\u0131ma haz\u0131r hale getirilecek.\u201d dedi.<\/p>\n<\/p><\/div>\n<p><script async\n                    defer\n                    crossorigin=\"anonymous\"\n                    src=\"https:\/\/connect.facebook.net\/tr_TR\/sdk.js#xfbml=1&#038;version=v3.3\"\n            ><\/script><\/p>\n","protected":false},"excerpt":{"rendered":"<p>K\u0131br\u0131s T\u00fcrk Engelliler Federasyonu Ba\u015fkan\u0131 Dervi\u015f Y\u00fccet\u00fcrk, federasyona ba\u011fl\u0131 dernek temsilcileri ile birlikte Milli E\u011fitim Bakan\u0131 Naz\u0131m \u00c7avu\u015fo\u011flu\u2019na ziyaret ger\u00e7ekle\u015ftirdi. K\u0131br\u0131s T\u00fcrk Engelliler Federasyonu Ba\u015fkan\u0131 Y\u00fccet\u00fcrk ziyarette, Milli E\u011fitim Bakan\u0131 \u00c7avu\u015fo\u011flu\u2019na taleplerini i\u00e7eren 14 maddelik dosyay\u0131 takdim etti. Y\u00fccet\u00fcrk, \u201cEngelsiz Ya\u015fam Evi ve istihdam g\u00fcncel olarak ya\u015fad\u0131\u011f\u0131m\u0131z en b\u00fcy\u00fck sorunlard\u0131r. Ula\u015f\u0131m da bizim i\u00e7in problem\u201d [&hellip;]<\/p>\n","protected":false},"author":1,"featured_media":2028,"comment_status":"open","ping_status":"open","sticky":false,"template":"","format":"standard","meta":{"jnews-multi-image_gallery":[],"jnews_single_post":[],"jnews_primary_category":[],"footnotes":""},"categories":[1],"tags":[],"class_list":["post-2027","post","type-post","status-publish","format-standard","has-post-thumbnail","hentry","category-kibris"],"yoast_head":"<!-- This site is optimized with the Yoast SEO plugin v27.5 - https:\/\/yoast.com\/product\/yoast-seo-wordpress\/ -->\n<title>Bakan \u00c7avu\u015fo\u011flu, K\u0131br\u0131s T\u00fcrk Engelliler Federasyonu yetkililerini kabul etti - Haber Kuzey<\/title>\n<meta name=\"robots\" content=\"index, follow, max-snippet:-1, max-image-preview:large, max-video-preview:-1\" \/>\n<link rel=\"canonical\" href=\"https:\/\/haberkuzey.com\/index.php\/2024\/05\/10\/bakan-cavusoglu-kibris-turk-engelliler-federasyonu-yetkililerini-kabul-etti\/\" \/>\n<meta property=\"og:locale\" content=\"tr_TR\" \/>\n<meta property=\"og:type\" content=\"article\" \/>\n<meta property=\"og:title\" content=\"Bakan \u00c7avu\u015fo\u011flu, K\u0131br\u0131s T\u00fcrk Engelliler Federasyonu yetkililerini kabul etti - Haber Kuzey\" \/>\n<meta property=\"og:description\" content=\"K\u0131br\u0131s T\u00fcrk Engelliler Federasyonu Ba\u015fkan\u0131 Dervi\u015f Y\u00fccet\u00fcrk, federasyona ba\u011fl\u0131 dernek temsilcileri ile birlikte Milli E\u011fitim Bakan\u0131 Naz\u0131m \u00c7avu\u015fo\u011flu\u2019na ziyaret ger\u00e7ekle\u015ftirdi. K\u0131br\u0131s T\u00fcrk Engelliler Federasyonu Ba\u015fkan\u0131 Y\u00fccet\u00fcrk ziyarette, Milli E\u011fitim Bakan\u0131 \u00c7avu\u015fo\u011flu\u2019na taleplerini i\u00e7eren 14 maddelik dosyay\u0131 takdim etti. Y\u00fccet\u00fcrk, \u201cEngelsiz Ya\u015fam Evi ve istihdam g\u00fcncel olarak ya\u015fad\u0131\u011f\u0131m\u0131z en b\u00fcy\u00fck sorunlard\u0131r. Ula\u015f\u0131m da bizim i\u00e7in problem\u201d [&hellip;]\" \/>\n<meta property=\"og:url\" content=\"https:\/\/haberkuzey.com\/index.php\/2024\/05\/10\/bakan-cavusoglu-kibris-turk-engelliler-federasyonu-yetkililerini-kabul-etti\/\" \/>\n<meta property=\"og:site_name\" content=\"Haber Kuzey\" \/>\n<meta property=\"article:published_time\" content=\"2024-05-10T15:42:56+00:00\" \/>\n<meta property=\"og:image\" content=\"https:\/\/brtk.net\/wp-content\/uploads\/2024\/05\/10\/08-CAVUSOGLU-ENGELLILER-LED.jpg?ver=4ad8c2d0ff88f0013da6faf2c87c3225\" \/>\n<meta name=\"author\" content=\"haberkuzey\" \/>\n<meta name=\"twitter:card\" content=\"summary_large_image\" \/>\n<meta name=\"twitter:label1\" content=\"Yazan:\" \/>\n\t<meta name=\"twitter:data1\" content=\"haberkuzey\" \/>\n\t<meta name=\"twitter:label2\" content=\"Tahmini okuma s\u00fcresi\" \/>\n\t<meta name=\"twitter:data2\" content=\"1 dakika\" \/>\n<script type=\"application\/ld+json\" class=\"yoast-schema-graph\">{\"@context\":\"https:\\\/\\\/schema.org\",\"@graph\":[{\"@type\":\"Article\",\"@id\":\"https:\\\/\\\/haberkuzey.com\\\/index.php\\\/2024\\\/05\\\/10\\\/bakan-cavusoglu-kibris-turk-engelliler-federasyonu-yetkililerini-kabul-etti\\\/#article\",\"isPartOf\":{\"@id\":\"https:\\\/\\\/haberkuzey.com\\\/index.php\\\/2024\\\/05\\\/10\\\/bakan-cavusoglu-kibris-turk-engelliler-federasyonu-yetkililerini-kabul-etti\\\/\"},\"author\":{\"name\":\"haberkuzey\",\"@id\":\"https:\\\/\\\/haberkuzey.com\\\/#\\\/schema\\\/person\\\/3372109ec735f9333f4fa47ebb9605ca\"},\"headline\":\"Bakan \u00c7avu\u015fo\u011flu, K\u0131br\u0131s T\u00fcrk Engelliler Federasyonu yetkililerini kabul etti\",\"datePublished\":\"2024-05-10T15:42:56+00:00\",\"mainEntityOfPage\":{\"@id\":\"https:\\\/\\\/haberkuzey.com\\\/index.php\\\/2024\\\/05\\\/10\\\/bakan-cavusoglu-kibris-turk-engelliler-federasyonu-yetkililerini-kabul-etti\\\/\"},\"wordCount\":223,\"commentCount\":0,\"image\":{\"@id\":\"https:\\\/\\\/haberkuzey.com\\\/index.php\\\/2024\\\/05\\\/10\\\/bakan-cavusoglu-kibris-turk-engelliler-federasyonu-yetkililerini-kabul-etti\\\/#primaryimage\"},\"thumbnailUrl\":\"https:\\\/\\\/haberkuzey.com\\\/wp-content\\\/uploads\\\/2024\\\/05\\\/08-CAVUSOGLU-ENGELLILER-LED.jpg\",\"articleSection\":[\"K\u0131br\u0131s\"],\"inLanguage\":\"tr\",\"potentialAction\":[{\"@type\":\"CommentAction\",\"name\":\"Comment\",\"target\":[\"https:\\\/\\\/haberkuzey.com\\\/index.php\\\/2024\\\/05\\\/10\\\/bakan-cavusoglu-kibris-turk-engelliler-federasyonu-yetkililerini-kabul-etti\\\/#respond\"]}]},{\"@type\":\"WebPage\",\"@id\":\"https:\\\/\\\/haberkuzey.com\\\/index.php\\\/2024\\\/05\\\/10\\\/bakan-cavusoglu-kibris-turk-engelliler-federasyonu-yetkililerini-kabul-etti\\\/\",\"url\":\"https:\\\/\\\/haberkuzey.com\\\/index.php\\\/2024\\\/05\\\/10\\\/bakan-cavusoglu-kibris-turk-engelliler-federasyonu-yetkililerini-kabul-etti\\\/\",\"name\":\"Bakan \u00c7avu\u015fo\u011flu, K\u0131br\u0131s T\u00fcrk Engelliler Federasyonu yetkililerini kabul etti - Haber Kuzey\",\"isPartOf\":{\"@id\":\"https:\\\/\\\/haberkuzey.com\\\/#website\"},\"primaryImageOfPage\":{\"@id\":\"https:\\\/\\\/haberkuzey.com\\\/index.php\\\/2024\\\/05\\\/10\\\/bakan-cavusoglu-kibris-turk-engelliler-federasyonu-yetkililerini-kabul-etti\\\/#primaryimage\"},\"image\":{\"@id\":\"https:\\\/\\\/haberkuzey.com\\\/index.php\\\/2024\\\/05\\\/10\\\/bakan-cavusoglu-kibris-turk-engelliler-federasyonu-yetkililerini-kabul-etti\\\/#primaryimage\"},\"thumbnailUrl\":\"https:\\\/\\\/haberkuzey.com\\\/wp-content\\\/uploads\\\/2024\\\/05\\\/08-CAVUSOGLU-ENGELLILER-LED.jpg\",\"datePublished\":\"2024-05-10T15:42:56+00:00\",\"author\":{\"@id\":\"https:\\\/\\\/haberkuzey.com\\\/#\\\/schema\\\/person\\\/3372109ec735f9333f4fa47ebb9605ca\"},\"breadcrumb\":{\"@id\":\"https:\\\/\\\/haberkuzey.com\\\/index.php\\\/2024\\\/05\\\/10\\\/bakan-cavusoglu-kibris-turk-engelliler-federasyonu-yetkililerini-kabul-etti\\\/#breadcrumb\"},\"inLanguage\":\"tr\",\"potentialAction\":[{\"@type\":\"ReadAction\",\"target\":[\"https:\\\/\\\/haberkuzey.com\\\/index.php\\\/2024\\\/05\\\/10\\\/bakan-cavusoglu-kibris-turk-engelliler-federasyonu-yetkililerini-kabul-etti\\\/\"]}]},{\"@type\":\"ImageObject\",\"inLanguage\":\"tr\",\"@id\":\"https:\\\/\\\/haberkuzey.com\\\/index.php\\\/2024\\\/05\\\/10\\\/bakan-cavusoglu-kibris-turk-engelliler-federasyonu-yetkililerini-kabul-etti\\\/#primaryimage\",\"url\":\"https:\\\/\\\/haberkuzey.com\\\/wp-content\\\/uploads\\\/2024\\\/05\\\/08-CAVUSOGLU-ENGELLILER-LED.jpg\",\"contentUrl\":\"https:\\\/\\\/haberkuzey.com\\\/wp-content\\\/uploads\\\/2024\\\/05\\\/08-CAVUSOGLU-ENGELLILER-LED.jpg\",\"width\":1267,\"height\":705},{\"@type\":\"BreadcrumbList\",\"@id\":\"https:\\\/\\\/haberkuzey.com\\\/index.php\\\/2024\\\/05\\\/10\\\/bakan-cavusoglu-kibris-turk-engelliler-federasyonu-yetkililerini-kabul-etti\\\/#breadcrumb\",\"itemListElement\":[{\"@type\":\"ListItem\",\"position\":1,\"name\":\"Anasayfa\",\"item\":\"https:\\\/\\\/haberkuzey.com\\\/\"},{\"@type\":\"ListItem\",\"position\":2,\"name\":\"Bakan \u00c7avu\u015fo\u011flu, K\u0131br\u0131s T\u00fcrk Engelliler Federasyonu yetkililerini kabul etti\"}]},{\"@type\":\"WebSite\",\"@id\":\"https:\\\/\\\/haberkuzey.com\\\/#website\",\"url\":\"https:\\\/\\\/haberkuzey.com\\\/\",\"name\":\"Haber Kuzey\",\"description\":\"Do\u011fru Haberin Adresi\",\"potentialAction\":[{\"@type\":\"SearchAction\",\"target\":{\"@type\":\"EntryPoint\",\"urlTemplate\":\"https:\\\/\\\/haberkuzey.com\\\/?s={search_term_string}\"},\"query-input\":{\"@type\":\"PropertyValueSpecification\",\"valueRequired\":true,\"valueName\":\"search_term_string\"}}],\"inLanguage\":\"tr\"},{\"@type\":\"Person\",\"@id\":\"https:\\\/\\\/haberkuzey.com\\\/#\\\/schema\\\/person\\\/3372109ec735f9333f4fa47ebb9605ca\",\"name\":\"haberkuzey\",\"image\":{\"@type\":\"ImageObject\",\"inLanguage\":\"tr\",\"@id\":\"https:\\\/\\\/secure.gravatar.com\\\/avatar\\\/f5fc875574b1575324358c3b9e6a32b8227aa5b74f3fa22e3cadb63e26fcc39c?s=96&d=mm&r=g\",\"url\":\"https:\\\/\\\/secure.gravatar.com\\\/avatar\\\/f5fc875574b1575324358c3b9e6a32b8227aa5b74f3fa22e3cadb63e26fcc39c?s=96&d=mm&r=g\",\"contentUrl\":\"https:\\\/\\\/secure.gravatar.com\\\/avatar\\\/f5fc875574b1575324358c3b9e6a32b8227aa5b74f3fa22e3cadb63e26fcc39c?s=96&d=mm&r=g\",\"caption\":\"haberkuzey\"},\"sameAs\":[\"https:\\\/\\\/haberkuzey.com\"],\"url\":\"https:\\\/\\\/haberkuzey.com\\\/index.php\\\/author\\\/haberkuzey\\\/\"}]}<\/script>\n<!-- \/ Yoast SEO plugin. -->","yoast_head_json":{"title":"Bakan \u00c7avu\u015fo\u011flu, K\u0131br\u0131s T\u00fcrk Engelliler Federasyonu yetkililerini kabul etti - Haber Kuzey","robots":{"index":"index","follow":"follow","max-snippet":"max-snippet:-1","max-image-preview":"max-image-preview:large","max-video-preview":"max-video-preview:-1"},"canonical":"https:\/\/haberkuzey.com\/index.php\/2024\/05\/10\/bakan-cavusoglu-kibris-turk-engelliler-federasyonu-yetkililerini-kabul-etti\/","og_locale":"tr_TR","og_type":"article","og_title":"Bakan \u00c7avu\u015fo\u011flu, K\u0131br\u0131s T\u00fcrk Engelliler Federasyonu yetkililerini kabul etti - Haber Kuzey","og_description":"K\u0131br\u0131s T\u00fcrk Engelliler Federasyonu Ba\u015fkan\u0131 Dervi\u015f Y\u00fccet\u00fcrk, federasyona ba\u011fl\u0131 dernek temsilcileri ile birlikte Milli E\u011fitim Bakan\u0131 Naz\u0131m \u00c7avu\u015fo\u011flu\u2019na ziyaret ger\u00e7ekle\u015ftirdi. K\u0131br\u0131s T\u00fcrk Engelliler Federasyonu Ba\u015fkan\u0131 Y\u00fccet\u00fcrk ziyarette, Milli E\u011fitim Bakan\u0131 \u00c7avu\u015fo\u011flu\u2019na taleplerini i\u00e7eren 14 maddelik dosyay\u0131 takdim etti. Y\u00fccet\u00fcrk, \u201cEngelsiz Ya\u015fam Evi ve istihdam g\u00fcncel olarak ya\u015fad\u0131\u011f\u0131m\u0131z en b\u00fcy\u00fck sorunlard\u0131r. Ula\u015f\u0131m da bizim i\u00e7in problem\u201d [&hellip;]","og_url":"https:\/\/haberkuzey.com\/index.php\/2024\/05\/10\/bakan-cavusoglu-kibris-turk-engelliler-federasyonu-yetkililerini-kabul-etti\/","og_site_name":"Haber Kuzey","article_published_time":"2024-05-10T15:42:56+00:00","og_image":[{"url":"https:\/\/brtk.net\/wp-content\/uploads\/2024\/05\/10\/08-CAVUSOGLU-ENGELLILER-LED.jpg?ver=4ad8c2d0ff88f0013da6faf2c87c3225","type":"","width":"","height":""}],"author":"haberkuzey","twitter_card":"summary_large_image","twitter_misc":{"Yazan:":"haberkuzey","Tahmini okuma s\u00fcresi":"1 dakika"},"schema":{"@context":"https:\/\/schema.org","@graph":[{"@type":"Article","@id":"https:\/\/haberkuzey.com\/index.php\/2024\/05\/10\/bakan-cavusoglu-kibris-turk-engelliler-federasyonu-yetkililerini-kabul-etti\/#article","isPartOf":{"@id":"https:\/\/haberkuzey.com\/index.php\/2024\/05\/10\/bakan-cavusoglu-kibris-turk-engelliler-federasyonu-yetkililerini-kabul-etti\/"},"author":{"name":"haberkuzey","@id":"https:\/\/haberkuzey.com\/#\/schema\/person\/3372109ec735f9333f4fa47ebb9605ca"},"headline":"Bakan \u00c7avu\u015fo\u011flu, K\u0131br\u0131s T\u00fcrk Engelliler Federasyonu yetkililerini kabul etti","datePublished":"2024-05-10T15:42:56+00:00","mainEntityOfPage":{"@id":"https:\/\/haberkuzey.com\/index.php\/2024\/05\/10\/bakan-cavusoglu-kibris-turk-engelliler-federasyonu-yetkililerini-kabul-etti\/"},"wordCount":223,"commentCount":0,"image":{"@id":"https:\/\/haberkuzey.com\/index.php\/2024\/05\/10\/bakan-cavusoglu-kibris-turk-engelliler-federasyonu-yetkililerini-kabul-etti\/#primaryimage"},"thumbnailUrl":"https:\/\/haberkuzey.com\/wp-content\/uploads\/2024\/05\/08-CAVUSOGLU-ENGELLILER-LED.jpg","articleSection":["K\u0131br\u0131s"],"inLanguage":"tr","potentialAction":[{"@type":"CommentAction","name":"Comment","target":["https:\/\/haberkuzey.com\/index.php\/2024\/05\/10\/bakan-cavusoglu-kibris-turk-engelliler-federasyonu-yetkililerini-kabul-etti\/#respond"]}]},{"@type":"WebPage","@id":"https:\/\/haberkuzey.com\/index.php\/2024\/05\/10\/bakan-cavusoglu-kibris-turk-engelliler-federasyonu-yetkililerini-kabul-etti\/","url":"https:\/\/haberkuzey.com\/index.php\/2024\/05\/10\/bakan-cavusoglu-kibris-turk-engelliler-federasyonu-yetkililerini-kabul-etti\/","name":"Bakan \u00c7avu\u015fo\u011flu, K\u0131br\u0131s T\u00fcrk Engelliler Federasyonu yetkililerini kabul etti - Haber Kuzey","isPartOf":{"@id":"https:\/\/haberkuzey.com\/#website"},"primaryImageOfPage":{"@id":"https:\/\/haberkuzey.com\/index.php\/2024\/05\/10\/bakan-cavusoglu-kibris-turk-engelliler-federasyonu-yetkililerini-kabul-etti\/#primaryimage"},"image":{"@id":"https:\/\/haberkuzey.com\/index.php\/2024\/05\/10\/bakan-cavusoglu-kibris-turk-engelliler-federasyonu-yetkililerini-kabul-etti\/#primaryimage"},"thumbnailUrl":"https:\/\/haberkuzey.com\/wp-content\/uploads\/2024\/05\/08-CAVUSOGLU-ENGELLILER-LED.jpg","datePublished":"2024-05-10T15:42:56+00:00","author":{"@id":"https:\/\/haberkuzey.com\/#\/schema\/person\/3372109ec735f9333f4fa47ebb9605ca"},"breadcrumb":{"@id":"https:\/\/haberkuzey.com\/index.php\/2024\/05\/10\/bakan-cavusoglu-kibris-turk-engelliler-federasyonu-yetkililerini-kabul-etti\/#breadcrumb"},"inLanguage":"tr","potentialAction":[{"@type":"ReadAction","target":["https:\/\/haberkuzey.com\/index.php\/2024\/05\/10\/bakan-cavusoglu-kibris-turk-engelliler-federasyonu-yetkililerini-kabul-etti\/"]}]},{"@type":"ImageObject","inLanguage":"tr","@id":"https:\/\/haberkuzey.com\/index.php\/2024\/05\/10\/bakan-cavusoglu-kibris-turk-engelliler-federasyonu-yetkililerini-kabul-etti\/#primaryimage","url":"https:\/\/haberkuzey.com\/wp-content\/uploads\/2024\/05\/08-CAVUSOGLU-ENGELLILER-LED.jpg","contentUrl":"https:\/\/haberkuzey.com\/wp-content\/uploads\/2024\/05\/08-CAVUSOGLU-ENGELLILER-LED.jpg","width":1267,"height":705},{"@type":"BreadcrumbList","@id":"https:\/\/haberkuzey.com\/index.php\/2024\/05\/10\/bakan-cavusoglu-kibris-turk-engelliler-federasyonu-yetkililerini-kabul-etti\/#breadcrumb","itemListElement":[{"@type":"ListItem","position":1,"name":"Anasayfa","item":"https:\/\/haberkuzey.com\/"},{"@type":"ListItem","position":2,"name":"Bakan \u00c7avu\u015fo\u011flu, K\u0131br\u0131s T\u00fcrk Engelliler Federasyonu yetkililerini kabul etti"}]},{"@type":"WebSite","@id":"https:\/\/haberkuzey.com\/#website","url":"https:\/\/haberkuzey.com\/","name":"Haber Kuzey","description":"Do\u011fru Haberin Adresi","potentialAction":[{"@type":"SearchAction","target":{"@type":"EntryPoint","urlTemplate":"https:\/\/haberkuzey.com\/?s={search_term_string}"},"query-input":{"@type":"PropertyValueSpecification","valueRequired":true,"valueName":"search_term_string"}}],"inLanguage":"tr"},{"@type":"Person","@id":"https:\/\/haberkuzey.com\/#\/schema\/person\/3372109ec735f9333f4fa47ebb9605ca","name":"haberkuzey","image":{"@type":"ImageObject","inLanguage":"tr","@id":"https:\/\/secure.gravatar.com\/avatar\/f5fc875574b1575324358c3b9e6a32b8227aa5b74f3fa22e3cadb63e26fcc39c?s=96&d=mm&r=g","url":"https:\/\/secure.gravatar.com\/avatar\/f5fc875574b1575324358c3b9e6a32b8227aa5b74f3fa22e3cadb63e26fcc39c?s=96&d=mm&r=g","contentUrl":"https:\/\/secure.gravatar.com\/avatar\/f5fc875574b1575324358c3b9e6a32b8227aa5b74f3fa22e3cadb63e26fcc39c?s=96&d=mm&r=g","caption":"haberkuzey"},"sameAs":["https:\/\/haberkuzey.com"],"url":"https:\/\/haberkuzey.com\/index.php\/author\/haberkuzey\/"}]}},"_links":{"self":[{"href":"https:\/\/haberkuzey.com\/index.php\/wp-json\/wp\/v2\/posts\/2027","targetHints":{"allow":["GET"]}}],"collection":[{"href":"https:\/\/haberkuzey.com\/index.php\/wp-json\/wp\/v2\/posts"}],"about":[{"href":"https:\/\/haberkuzey.com\/index.php\/wp-json\/wp\/v2\/types\/post"}],"author":[{"embeddable":true,"href":"https:\/\/haberkuzey.com\/index.php\/wp-json\/wp\/v2\/users\/1"}],"replies":[{"embeddable":true,"href":"https:\/\/haberkuzey.com\/index.php\/wp-json\/wp\/v2\/comments?post=2027"}],"version-history":[{"count":0,"href":"https:\/\/haberkuzey.com\/index.php\/wp-json\/wp\/v2\/posts\/2027\/revisions"}],"wp:featuredmedia":[{"embeddable":true,"href":"https:\/\/haberkuzey.com\/index.php\/wp-json\/wp\/v2\/media\/2028"}],"wp:attachment":[{"href":"https:\/\/haberkuzey.com\/index.php\/wp-json\/wp\/v2\/media?parent=2027"}],"wp:term":[{"taxonomy":"category","embeddable":true,"href":"https:\/\/haberkuzey.com\/index.php\/wp-json\/wp\/v2\/categories?post=2027"},{"taxonomy":"post_tag","embeddable":true,"href":"https:\/\/haberkuzey.com\/index.php\/wp-json\/wp\/v2\/tags?post=2027"}],"curies":[{"name":"wp","href":"https:\/\/api.w.org\/{rel}","templated":true}]}}