{"id":20262,"date":"2025-03-20T11:33:37","date_gmt":"2025-03-20T09:33:37","guid":{"rendered":"https:\/\/haberkuzey.com\/index.php\/2025\/03\/20\/turkiye-genclik-ve-spor-bakani-osman-askin-bak-kktcden-ayrildi\/"},"modified":"2025-03-20T11:33:37","modified_gmt":"2025-03-20T09:33:37","slug":"turkiye-genclik-ve-spor-bakani-osman-askin-bak-kktcden-ayrildi","status":"publish","type":"post","link":"https:\/\/haberkuzey.com\/index.php\/2025\/03\/20\/turkiye-genclik-ve-spor-bakani-osman-askin-bak-kktcden-ayrildi\/","title":{"rendered":"T\u00fcrkiye Gen\u00e7lik ve Spor Bakan\u0131 Osman A\u015fk\u0131n Bak, KKTC\u2019den ayr\u0131ld\u0131"},"content":{"rendered":"<div>\n<div class=\"mariselle-image-container center\">\n                                            <\/div>\n<p>T\u00fcrkiye Cumhuriyeti Gen\u00e7lik ve Spor Bakan\u0131 Osman A\u015fk\u0131n Bak, temaslar\u0131n\u0131 tamamlayarak Kuzey K\u0131br\u0131s T\u00fcrk Cumhuriyeti\u2019nden ayr\u0131ld\u0131.<\/p>\n<p>Bakan Osman A\u015fk\u0131n Bak, d\u00fcn Cumhurba\u015fkan\u0131 Ersin Tatar ve Cumhuriyet Meclisi Ba\u015fkan\u0131 Ziya \u00d6zt\u00fcrkler\u2019i ziyaret etmi\u015fti.<\/p>\n<p>G\u00fcvercinlik Spor Tesisi a\u00e7\u0131l\u0131\u015f\u0131na kat\u0131lan, ard\u0131ndan Do\u011fu Akdeniz \u00dcniversitesi\u2019nde gen\u00e7ler ile iftar program\u0131nda bir araya gelen Bak, \u00c7etinkaya Taksim Sahas\u0131\u2019n\u0131 ziyaret ederek, incelemelerde bulunmu\u015ftu.<\/p>\n<\/p><\/div>\n<p><script async\n                    defer\n                    crossorigin=\"anonymous\"\n                    src=\"https:\/\/connect.facebook.net\/tr_TR\/sdk.js#xfbml=1&#038;version=v3.3\"\n            ><\/script><\/p>\n","protected":false},"excerpt":{"rendered":"<p>T\u00fcrkiye Cumhuriyeti Gen\u00e7lik ve Spor Bakan\u0131 Osman A\u015fk\u0131n Bak, temaslar\u0131n\u0131 tamamlayarak Kuzey K\u0131br\u0131s T\u00fcrk Cumhuriyeti\u2019nden ayr\u0131ld\u0131. Bakan Osman A\u015fk\u0131n Bak, d\u00fcn Cumhurba\u015fkan\u0131 Ersin Tatar ve Cumhuriyet Meclisi Ba\u015fkan\u0131 Ziya \u00d6zt\u00fcrkler\u2019i ziyaret etmi\u015fti. G\u00fcvercinlik Spor Tesisi a\u00e7\u0131l\u0131\u015f\u0131na kat\u0131lan, ard\u0131ndan Do\u011fu Akdeniz \u00dcniversitesi\u2019nde gen\u00e7ler ile iftar program\u0131nda bir araya gelen Bak, \u00c7etinkaya Taksim Sahas\u0131\u2019n\u0131 ziyaret ederek, incelemelerde [&hellip;]<\/p>\n","protected":false},"author":1,"featured_media":20263,"comment_status":"open","ping_status":"open","sticky":false,"template":"","format":"standard","meta":{"jnews-multi-image_gallery":[],"jnews_single_post":[],"jnews_primary_category":[],"footnotes":""},"categories":[2],"tags":[],"class_list":["post-20262","post","type-post","status-publish","format-standard","has-post-thumbnail","hentry","category-dunya"],"yoast_head":"<!-- This site is optimized with the Yoast SEO plugin v27.5 - https:\/\/yoast.com\/product\/yoast-seo-wordpress\/ -->\n<title>T\u00fcrkiye Gen\u00e7lik ve Spor Bakan\u0131 Osman A\u015fk\u0131n Bak, KKTC\u2019den ayr\u0131ld\u0131 - Haber Kuzey<\/title>\n<meta name=\"robots\" content=\"index, follow, max-snippet:-1, max-image-preview:large, max-video-preview:-1\" \/>\n<link rel=\"canonical\" href=\"https:\/\/haberkuzey.com\/index.php\/2025\/03\/20\/turkiye-genclik-ve-spor-bakani-osman-askin-bak-kktcden-ayrildi\/\" \/>\n<meta property=\"og:locale\" content=\"tr_TR\" \/>\n<meta property=\"og:type\" content=\"article\" \/>\n<meta property=\"og:title\" content=\"T\u00fcrkiye Gen\u00e7lik ve Spor Bakan\u0131 Osman A\u015fk\u0131n Bak, KKTC\u2019den ayr\u0131ld\u0131 - Haber Kuzey\" \/>\n<meta property=\"og:description\" content=\"T\u00fcrkiye Cumhuriyeti Gen\u00e7lik ve Spor Bakan\u0131 Osman A\u015fk\u0131n Bak, temaslar\u0131n\u0131 tamamlayarak Kuzey K\u0131br\u0131s T\u00fcrk Cumhuriyeti\u2019nden ayr\u0131ld\u0131. Bakan Osman A\u015fk\u0131n Bak, d\u00fcn Cumhurba\u015fkan\u0131 Ersin Tatar ve Cumhuriyet Meclisi Ba\u015fkan\u0131 Ziya \u00d6zt\u00fcrkler\u2019i ziyaret etmi\u015fti. G\u00fcvercinlik Spor Tesisi a\u00e7\u0131l\u0131\u015f\u0131na kat\u0131lan, ard\u0131ndan Do\u011fu Akdeniz \u00dcniversitesi\u2019nde gen\u00e7ler ile iftar program\u0131nda bir araya gelen Bak, \u00c7etinkaya Taksim Sahas\u0131\u2019n\u0131 ziyaret ederek, incelemelerde [&hellip;]\" \/>\n<meta property=\"og:url\" content=\"https:\/\/haberkuzey.com\/index.php\/2025\/03\/20\/turkiye-genclik-ve-spor-bakani-osman-askin-bak-kktcden-ayrildi\/\" \/>\n<meta property=\"og:site_name\" content=\"Haber Kuzey\" \/>\n<meta property=\"article:published_time\" content=\"2025-03-20T09:33:37+00:00\" \/>\n<meta property=\"og:image\" content=\"https:\/\/brtk.net\/wp-content\/uploads\/2025\/03\/20\/Osman-Askin-Bak.png?ver=78d56bddb2b4dfc43e13e4fd3f282250\" \/>\n<meta name=\"author\" content=\"haberkuzey\" \/>\n<meta name=\"twitter:card\" content=\"summary_large_image\" \/>\n<meta name=\"twitter:label1\" content=\"Yazan:\" \/>\n\t<meta name=\"twitter:data1\" content=\"haberkuzey\" \/>\n<script type=\"application\/ld+json\" class=\"yoast-schema-graph\">{\"@context\":\"https:\\\/\\\/schema.org\",\"@graph\":[{\"@type\":\"Article\",\"@id\":\"https:\\\/\\\/haberkuzey.com\\\/index.php\\\/2025\\\/03\\\/20\\\/turkiye-genclik-ve-spor-bakani-osman-askin-bak-kktcden-ayrildi\\\/#article\",\"isPartOf\":{\"@id\":\"https:\\\/\\\/haberkuzey.com\\\/index.php\\\/2025\\\/03\\\/20\\\/turkiye-genclik-ve-spor-bakani-osman-askin-bak-kktcden-ayrildi\\\/\"},\"author\":{\"name\":\"haberkuzey\",\"@id\":\"https:\\\/\\\/haberkuzey.com\\\/#\\\/schema\\\/person\\\/3372109ec735f9333f4fa47ebb9605ca\"},\"headline\":\"T\u00fcrkiye Gen\u00e7lik ve Spor Bakan\u0131 Osman A\u015fk\u0131n Bak, KKTC\u2019den ayr\u0131ld\u0131\",\"datePublished\":\"2025-03-20T09:33:37+00:00\",\"mainEntityOfPage\":{\"@id\":\"https:\\\/\\\/haberkuzey.com\\\/index.php\\\/2025\\\/03\\\/20\\\/turkiye-genclik-ve-spor-bakani-osman-askin-bak-kktcden-ayrildi\\\/\"},\"wordCount\":101,\"commentCount\":0,\"image\":{\"@id\":\"https:\\\/\\\/haberkuzey.com\\\/index.php\\\/2025\\\/03\\\/20\\\/turkiye-genclik-ve-spor-bakani-osman-askin-bak-kktcden-ayrildi\\\/#primaryimage\"},\"thumbnailUrl\":\"https:\\\/\\\/haberkuzey.com\\\/wp-content\\\/uploads\\\/2025\\\/03\\\/Osman-Askin-Bak.png\",\"articleSection\":[\"D\u00fcnya\"],\"inLanguage\":\"tr\",\"potentialAction\":[{\"@type\":\"CommentAction\",\"name\":\"Comment\",\"target\":[\"https:\\\/\\\/haberkuzey.com\\\/index.php\\\/2025\\\/03\\\/20\\\/turkiye-genclik-ve-spor-bakani-osman-askin-bak-kktcden-ayrildi\\\/#respond\"]}]},{\"@type\":\"WebPage\",\"@id\":\"https:\\\/\\\/haberkuzey.com\\\/index.php\\\/2025\\\/03\\\/20\\\/turkiye-genclik-ve-spor-bakani-osman-askin-bak-kktcden-ayrildi\\\/\",\"url\":\"https:\\\/\\\/haberkuzey.com\\\/index.php\\\/2025\\\/03\\\/20\\\/turkiye-genclik-ve-spor-bakani-osman-askin-bak-kktcden-ayrildi\\\/\",\"name\":\"T\u00fcrkiye Gen\u00e7lik ve Spor Bakan\u0131 Osman A\u015fk\u0131n Bak, KKTC\u2019den ayr\u0131ld\u0131 - Haber Kuzey\",\"isPartOf\":{\"@id\":\"https:\\\/\\\/haberkuzey.com\\\/#website\"},\"primaryImageOfPage\":{\"@id\":\"https:\\\/\\\/haberkuzey.com\\\/index.php\\\/2025\\\/03\\\/20\\\/turkiye-genclik-ve-spor-bakani-osman-askin-bak-kktcden-ayrildi\\\/#primaryimage\"},\"image\":{\"@id\":\"https:\\\/\\\/haberkuzey.com\\\/index.php\\\/2025\\\/03\\\/20\\\/turkiye-genclik-ve-spor-bakani-osman-askin-bak-kktcden-ayrildi\\\/#primaryimage\"},\"thumbnailUrl\":\"https:\\\/\\\/haberkuzey.com\\\/wp-content\\\/uploads\\\/2025\\\/03\\\/Osman-Askin-Bak.png\",\"datePublished\":\"2025-03-20T09:33:37+00:00\",\"author\":{\"@id\":\"https:\\\/\\\/haberkuzey.com\\\/#\\\/schema\\\/person\\\/3372109ec735f9333f4fa47ebb9605ca\"},\"breadcrumb\":{\"@id\":\"https:\\\/\\\/haberkuzey.com\\\/index.php\\\/2025\\\/03\\\/20\\\/turkiye-genclik-ve-spor-bakani-osman-askin-bak-kktcden-ayrildi\\\/#breadcrumb\"},\"inLanguage\":\"tr\",\"potentialAction\":[{\"@type\":\"ReadAction\",\"target\":[\"https:\\\/\\\/haberkuzey.com\\\/index.php\\\/2025\\\/03\\\/20\\\/turkiye-genclik-ve-spor-bakani-osman-askin-bak-kktcden-ayrildi\\\/\"]}]},{\"@type\":\"ImageObject\",\"inLanguage\":\"tr\",\"@id\":\"https:\\\/\\\/haberkuzey.com\\\/index.php\\\/2025\\\/03\\\/20\\\/turkiye-genclik-ve-spor-bakani-osman-askin-bak-kktcden-ayrildi\\\/#primaryimage\",\"url\":\"https:\\\/\\\/haberkuzey.com\\\/wp-content\\\/uploads\\\/2025\\\/03\\\/Osman-Askin-Bak.png\",\"contentUrl\":\"https:\\\/\\\/haberkuzey.com\\\/wp-content\\\/uploads\\\/2025\\\/03\\\/Osman-Askin-Bak.png\",\"width\":1024,\"height\":576},{\"@type\":\"BreadcrumbList\",\"@id\":\"https:\\\/\\\/haberkuzey.com\\\/index.php\\\/2025\\\/03\\\/20\\\/turkiye-genclik-ve-spor-bakani-osman-askin-bak-kktcden-ayrildi\\\/#breadcrumb\",\"itemListElement\":[{\"@type\":\"ListItem\",\"position\":1,\"name\":\"Anasayfa\",\"item\":\"https:\\\/\\\/haberkuzey.com\\\/\"},{\"@type\":\"ListItem\",\"position\":2,\"name\":\"T\u00fcrkiye Gen\u00e7lik ve Spor Bakan\u0131 Osman A\u015fk\u0131n Bak, KKTC\u2019den ayr\u0131ld\u0131\"}]},{\"@type\":\"WebSite\",\"@id\":\"https:\\\/\\\/haberkuzey.com\\\/#website\",\"url\":\"https:\\\/\\\/haberkuzey.com\\\/\",\"name\":\"Haber Kuzey\",\"description\":\"Do\u011fru Haberin Adresi\",\"potentialAction\":[{\"@type\":\"SearchAction\",\"target\":{\"@type\":\"EntryPoint\",\"urlTemplate\":\"https:\\\/\\\/haberkuzey.com\\\/?s={search_term_string}\"},\"query-input\":{\"@type\":\"PropertyValueSpecification\",\"valueRequired\":true,\"valueName\":\"search_term_string\"}}],\"inLanguage\":\"tr\"},{\"@type\":\"Person\",\"@id\":\"https:\\\/\\\/haberkuzey.com\\\/#\\\/schema\\\/person\\\/3372109ec735f9333f4fa47ebb9605ca\",\"name\":\"haberkuzey\",\"image\":{\"@type\":\"ImageObject\",\"inLanguage\":\"tr\",\"@id\":\"https:\\\/\\\/secure.gravatar.com\\\/avatar\\\/f5fc875574b1575324358c3b9e6a32b8227aa5b74f3fa22e3cadb63e26fcc39c?s=96&d=mm&r=g\",\"url\":\"https:\\\/\\\/secure.gravatar.com\\\/avatar\\\/f5fc875574b1575324358c3b9e6a32b8227aa5b74f3fa22e3cadb63e26fcc39c?s=96&d=mm&r=g\",\"contentUrl\":\"https:\\\/\\\/secure.gravatar.com\\\/avatar\\\/f5fc875574b1575324358c3b9e6a32b8227aa5b74f3fa22e3cadb63e26fcc39c?s=96&d=mm&r=g\",\"caption\":\"haberkuzey\"},\"sameAs\":[\"https:\\\/\\\/haberkuzey.com\"],\"url\":\"https:\\\/\\\/haberkuzey.com\\\/index.php\\\/author\\\/haberkuzey\\\/\"}]}<\/script>\n<!-- \/ Yoast SEO plugin. -->","yoast_head_json":{"title":"T\u00fcrkiye Gen\u00e7lik ve Spor Bakan\u0131 Osman A\u015fk\u0131n Bak, KKTC\u2019den ayr\u0131ld\u0131 - Haber Kuzey","robots":{"index":"index","follow":"follow","max-snippet":"max-snippet:-1","max-image-preview":"max-image-preview:large","max-video-preview":"max-video-preview:-1"},"canonical":"https:\/\/haberkuzey.com\/index.php\/2025\/03\/20\/turkiye-genclik-ve-spor-bakani-osman-askin-bak-kktcden-ayrildi\/","og_locale":"tr_TR","og_type":"article","og_title":"T\u00fcrkiye Gen\u00e7lik ve Spor Bakan\u0131 Osman A\u015fk\u0131n Bak, KKTC\u2019den ayr\u0131ld\u0131 - Haber Kuzey","og_description":"T\u00fcrkiye Cumhuriyeti Gen\u00e7lik ve Spor Bakan\u0131 Osman A\u015fk\u0131n Bak, temaslar\u0131n\u0131 tamamlayarak Kuzey K\u0131br\u0131s T\u00fcrk Cumhuriyeti\u2019nden ayr\u0131ld\u0131. Bakan Osman A\u015fk\u0131n Bak, d\u00fcn Cumhurba\u015fkan\u0131 Ersin Tatar ve Cumhuriyet Meclisi Ba\u015fkan\u0131 Ziya \u00d6zt\u00fcrkler\u2019i ziyaret etmi\u015fti. G\u00fcvercinlik Spor Tesisi a\u00e7\u0131l\u0131\u015f\u0131na kat\u0131lan, ard\u0131ndan Do\u011fu Akdeniz \u00dcniversitesi\u2019nde gen\u00e7ler ile iftar program\u0131nda bir araya gelen Bak, \u00c7etinkaya Taksim Sahas\u0131\u2019n\u0131 ziyaret ederek, incelemelerde [&hellip;]","og_url":"https:\/\/haberkuzey.com\/index.php\/2025\/03\/20\/turkiye-genclik-ve-spor-bakani-osman-askin-bak-kktcden-ayrildi\/","og_site_name":"Haber Kuzey","article_published_time":"2025-03-20T09:33:37+00:00","og_image":[{"url":"https:\/\/brtk.net\/wp-content\/uploads\/2025\/03\/20\/Osman-Askin-Bak.png?ver=78d56bddb2b4dfc43e13e4fd3f282250","type":"","width":"","height":""}],"author":"haberkuzey","twitter_card":"summary_large_image","twitter_misc":{"Yazan:":"haberkuzey"},"schema":{"@context":"https:\/\/schema.org","@graph":[{"@type":"Article","@id":"https:\/\/haberkuzey.com\/index.php\/2025\/03\/20\/turkiye-genclik-ve-spor-bakani-osman-askin-bak-kktcden-ayrildi\/#article","isPartOf":{"@id":"https:\/\/haberkuzey.com\/index.php\/2025\/03\/20\/turkiye-genclik-ve-spor-bakani-osman-askin-bak-kktcden-ayrildi\/"},"author":{"name":"haberkuzey","@id":"https:\/\/haberkuzey.com\/#\/schema\/person\/3372109ec735f9333f4fa47ebb9605ca"},"headline":"T\u00fcrkiye Gen\u00e7lik ve Spor Bakan\u0131 Osman A\u015fk\u0131n Bak, KKTC\u2019den ayr\u0131ld\u0131","datePublished":"2025-03-20T09:33:37+00:00","mainEntityOfPage":{"@id":"https:\/\/haberkuzey.com\/index.php\/2025\/03\/20\/turkiye-genclik-ve-spor-bakani-osman-askin-bak-kktcden-ayrildi\/"},"wordCount":101,"commentCount":0,"image":{"@id":"https:\/\/haberkuzey.com\/index.php\/2025\/03\/20\/turkiye-genclik-ve-spor-bakani-osman-askin-bak-kktcden-ayrildi\/#primaryimage"},"thumbnailUrl":"https:\/\/haberkuzey.com\/wp-content\/uploads\/2025\/03\/Osman-Askin-Bak.png","articleSection":["D\u00fcnya"],"inLanguage":"tr","potentialAction":[{"@type":"CommentAction","name":"Comment","target":["https:\/\/haberkuzey.com\/index.php\/2025\/03\/20\/turkiye-genclik-ve-spor-bakani-osman-askin-bak-kktcden-ayrildi\/#respond"]}]},{"@type":"WebPage","@id":"https:\/\/haberkuzey.com\/index.php\/2025\/03\/20\/turkiye-genclik-ve-spor-bakani-osman-askin-bak-kktcden-ayrildi\/","url":"https:\/\/haberkuzey.com\/index.php\/2025\/03\/20\/turkiye-genclik-ve-spor-bakani-osman-askin-bak-kktcden-ayrildi\/","name":"T\u00fcrkiye Gen\u00e7lik ve Spor Bakan\u0131 Osman A\u015fk\u0131n Bak, KKTC\u2019den ayr\u0131ld\u0131 - Haber Kuzey","isPartOf":{"@id":"https:\/\/haberkuzey.com\/#website"},"primaryImageOfPage":{"@id":"https:\/\/haberkuzey.com\/index.php\/2025\/03\/20\/turkiye-genclik-ve-spor-bakani-osman-askin-bak-kktcden-ayrildi\/#primaryimage"},"image":{"@id":"https:\/\/haberkuzey.com\/index.php\/2025\/03\/20\/turkiye-genclik-ve-spor-bakani-osman-askin-bak-kktcden-ayrildi\/#primaryimage"},"thumbnailUrl":"https:\/\/haberkuzey.com\/wp-content\/uploads\/2025\/03\/Osman-Askin-Bak.png","datePublished":"2025-03-20T09:33:37+00:00","author":{"@id":"https:\/\/haberkuzey.com\/#\/schema\/person\/3372109ec735f9333f4fa47ebb9605ca"},"breadcrumb":{"@id":"https:\/\/haberkuzey.com\/index.php\/2025\/03\/20\/turkiye-genclik-ve-spor-bakani-osman-askin-bak-kktcden-ayrildi\/#breadcrumb"},"inLanguage":"tr","potentialAction":[{"@type":"ReadAction","target":["https:\/\/haberkuzey.com\/index.php\/2025\/03\/20\/turkiye-genclik-ve-spor-bakani-osman-askin-bak-kktcden-ayrildi\/"]}]},{"@type":"ImageObject","inLanguage":"tr","@id":"https:\/\/haberkuzey.com\/index.php\/2025\/03\/20\/turkiye-genclik-ve-spor-bakani-osman-askin-bak-kktcden-ayrildi\/#primaryimage","url":"https:\/\/haberkuzey.com\/wp-content\/uploads\/2025\/03\/Osman-Askin-Bak.png","contentUrl":"https:\/\/haberkuzey.com\/wp-content\/uploads\/2025\/03\/Osman-Askin-Bak.png","width":1024,"height":576},{"@type":"BreadcrumbList","@id":"https:\/\/haberkuzey.com\/index.php\/2025\/03\/20\/turkiye-genclik-ve-spor-bakani-osman-askin-bak-kktcden-ayrildi\/#breadcrumb","itemListElement":[{"@type":"ListItem","position":1,"name":"Anasayfa","item":"https:\/\/haberkuzey.com\/"},{"@type":"ListItem","position":2,"name":"T\u00fcrkiye Gen\u00e7lik ve Spor Bakan\u0131 Osman A\u015fk\u0131n Bak, KKTC\u2019den ayr\u0131ld\u0131"}]},{"@type":"WebSite","@id":"https:\/\/haberkuzey.com\/#website","url":"https:\/\/haberkuzey.com\/","name":"Haber Kuzey","description":"Do\u011fru Haberin Adresi","potentialAction":[{"@type":"SearchAction","target":{"@type":"EntryPoint","urlTemplate":"https:\/\/haberkuzey.com\/?s={search_term_string}"},"query-input":{"@type":"PropertyValueSpecification","valueRequired":true,"valueName":"search_term_string"}}],"inLanguage":"tr"},{"@type":"Person","@id":"https:\/\/haberkuzey.com\/#\/schema\/person\/3372109ec735f9333f4fa47ebb9605ca","name":"haberkuzey","image":{"@type":"ImageObject","inLanguage":"tr","@id":"https:\/\/secure.gravatar.com\/avatar\/f5fc875574b1575324358c3b9e6a32b8227aa5b74f3fa22e3cadb63e26fcc39c?s=96&d=mm&r=g","url":"https:\/\/secure.gravatar.com\/avatar\/f5fc875574b1575324358c3b9e6a32b8227aa5b74f3fa22e3cadb63e26fcc39c?s=96&d=mm&r=g","contentUrl":"https:\/\/secure.gravatar.com\/avatar\/f5fc875574b1575324358c3b9e6a32b8227aa5b74f3fa22e3cadb63e26fcc39c?s=96&d=mm&r=g","caption":"haberkuzey"},"sameAs":["https:\/\/haberkuzey.com"],"url":"https:\/\/haberkuzey.com\/index.php\/author\/haberkuzey\/"}]}},"_links":{"self":[{"href":"https:\/\/haberkuzey.com\/index.php\/wp-json\/wp\/v2\/posts\/20262","targetHints":{"allow":["GET"]}}],"collection":[{"href":"https:\/\/haberkuzey.com\/index.php\/wp-json\/wp\/v2\/posts"}],"about":[{"href":"https:\/\/haberkuzey.com\/index.php\/wp-json\/wp\/v2\/types\/post"}],"author":[{"embeddable":true,"href":"https:\/\/haberkuzey.com\/index.php\/wp-json\/wp\/v2\/users\/1"}],"replies":[{"embeddable":true,"href":"https:\/\/haberkuzey.com\/index.php\/wp-json\/wp\/v2\/comments?post=20262"}],"version-history":[{"count":0,"href":"https:\/\/haberkuzey.com\/index.php\/wp-json\/wp\/v2\/posts\/20262\/revisions"}],"wp:featuredmedia":[{"embeddable":true,"href":"https:\/\/haberkuzey.com\/index.php\/wp-json\/wp\/v2\/media\/20263"}],"wp:attachment":[{"href":"https:\/\/haberkuzey.com\/index.php\/wp-json\/wp\/v2\/media?parent=20262"}],"wp:term":[{"taxonomy":"category","embeddable":true,"href":"https:\/\/haberkuzey.com\/index.php\/wp-json\/wp\/v2\/categories?post=20262"},{"taxonomy":"post_tag","embeddable":true,"href":"https:\/\/haberkuzey.com\/index.php\/wp-json\/wp\/v2\/tags?post=20262"}],"curies":[{"name":"wp","href":"https:\/\/api.w.org\/{rel}","templated":true}]}}