{"id":20233,"date":"2025-03-19T19:54:08","date_gmt":"2025-03-19T17:54:08","guid":{"rendered":"https:\/\/haberkuzey.com\/index.php\/2025\/03\/19\/avrupa-konseyi-ve-ap-imamoglunun-gozaltina-alinmasini-kinadi\/"},"modified":"2025-03-19T19:54:08","modified_gmt":"2025-03-19T17:54:08","slug":"avrupa-konseyi-ve-ap-imamoglunun-gozaltina-alinmasini-kinadi","status":"publish","type":"post","link":"https:\/\/haberkuzey.com\/index.php\/2025\/03\/19\/avrupa-konseyi-ve-ap-imamoglunun-gozaltina-alinmasini-kinadi\/","title":{"rendered":"Avrupa Konseyi ve AP, \u0130mamo\u011flu\u2019nun g\u00f6zalt\u0131na al\u0131nmas\u0131n\u0131 k\u0131nad\u0131"},"content":{"rendered":"<div>\n<div class=\"mariselle-image-container center\">\n                                            <\/div>\n<p>\nAvrupa Yerel ve B\u00f6lgesel Y\u00f6netimler Kongresi (AYBYK) \u0130stanbul B\u00fcy\u00fck\u015fehir Belediye (\u0130BB) Ba\u015fkan\u0131Ekrem \u0130mamo\u011flu\u2019nun g\u00f6zalt\u0131na al\u0131nmas\u0131n\u0131 k\u0131nad\u0131.<\/p>\n<p>Avrupa Konseyi b\u00fcnyesindeki Avrupa Yerel ve B\u00f6lgesel Y\u00f6netimler Kongresi ve Avrupa Parlamentosu T\u00fcrkiye Raport\u00f6r\u00fc Nacho Sanchez Amor, \u0130BB Ba\u015fkan\u0131 Ekrem \u0130mamo\u011flu\u2019nun g\u00f6zalt\u0131na al\u0131nmas\u0131na ele\u015ftirdi.<\/p>\n<p>Aralar\u0131nda T\u00fcrkiye\u2019nin de bulundu\u011fu Avrupa Konseyi \u00fcyesi \u00fclkelerin yerel y\u00f6neticilerinden olu\u015fan bu meclisten yap\u0131lan a\u00e7\u0131klamada, \u201c\u0130stanbul\u2019un demokratik yollarla se\u00e7ilmi\u015f Belediye Ba\u015fkan\u0131\u2019n\u0131n g\u00f6zalt\u0131na al\u0131nmas\u0131n\u0131 \u015fiddetle k\u0131n\u0131yoruz\u201d denildi.<\/p>\n<p>T\u00fcrkiye\u2019nin \u015fu an 18 yerel y\u00f6neticiyle temsil edildi\u011fi Strasbourg merkezli AYBYK, bu uygulaman\u0131n \u201cbir sonraki cumhurba\u015fkanl\u0131\u011f\u0131 se\u00e7imlerinin ba\u015fl\u0131ca adaylar\u0131ndan biri olarak g\u00f6r\u00fclen bir siyasi fig\u00fcre y\u00f6nelik bask\u0131n\u0131n t\u00fcm \u00f6zelliklerini ta\u015f\u0131d\u0131\u011f\u0131n\u0131\u201d belirtti.<\/p>\n<p>S\u00f6z konusu g\u00f6zalt\u0131n\u0131n, CHP\u2019nin cumhurba\u015fkan\u0131 aday\u0131n\u0131 belirlemesine birka\u00e7 g\u00fcn kala ger\u00e7ekle\u015fti\u011fine dikkat \u00e7ekilen a\u00e7\u0131klamada, bu ad\u0131m\u0131n \u0130mamo\u011flu\u2019nun cumhurba\u015fkanl\u0131\u011f\u0131 adayl\u0131\u011f\u0131 i\u00e7in \u015fart olan \u00fcniversite diplomas\u0131n\u0131n \u0130stanbul \u00dcniversitesi taraf\u0131ndan iptal edilmesinin ard\u0131ndan geldi\u011fi hat\u0131rlat\u0131ld\u0131.<\/p>\n<p>A\u00e7\u0131klamada, \u201c\u0130stanbul\u2019daki vatanda\u015flar \u00fc\u00e7 ayr\u0131 se\u00e7imde tart\u0131\u015fmas\u0131z \u015fekilde Ba\u015fkan \u0130mamo\u011flu\u2019na itimat etti. Bu bask\u0131lar sadece halk\u0131n iradesine kar\u015f\u0131 uygulamalar olarak g\u00f6r\u00fclebilir\u201d ifadeleri yer ald\u0131.<\/p>\n<p>AYBYK, T\u00fcrkiye\u2019deki \u201cdurumu yak\u0131ndan izlemeye devam edeceklerini\u201d ve konuyu 24 Mart\u2019taki toplant\u0131lar\u0131nda ele alacaklar\u0131n\u0131 duyurdu.<\/p>\n<\/p><\/div>\n<p><script async\n                    defer\n                    crossorigin=\"anonymous\"\n                    src=\"https:\/\/connect.facebook.net\/tr_TR\/sdk.js#xfbml=1&#038;version=v3.3\"\n            ><\/script><\/p>\n","protected":false},"excerpt":{"rendered":"<p>Avrupa Yerel ve B\u00f6lgesel Y\u00f6netimler Kongresi (AYBYK) \u0130stanbul B\u00fcy\u00fck\u015fehir Belediye (\u0130BB) Ba\u015fkan\u0131Ekrem \u0130mamo\u011flu\u2019nun g\u00f6zalt\u0131na al\u0131nmas\u0131n\u0131 k\u0131nad\u0131. Avrupa Konseyi b\u00fcnyesindeki Avrupa Yerel ve B\u00f6lgesel Y\u00f6netimler Kongresi ve Avrupa Parlamentosu T\u00fcrkiye Raport\u00f6r\u00fc Nacho Sanchez Amor, \u0130BB Ba\u015fkan\u0131 Ekrem \u0130mamo\u011flu\u2019nun g\u00f6zalt\u0131na al\u0131nmas\u0131na ele\u015ftirdi. Aralar\u0131nda T\u00fcrkiye\u2019nin de bulundu\u011fu Avrupa Konseyi \u00fcyesi \u00fclkelerin yerel y\u00f6neticilerinden olu\u015fan bu meclisten yap\u0131lan a\u00e7\u0131klamada, [&hellip;]<\/p>\n","protected":false},"author":1,"featured_media":20234,"comment_status":"open","ping_status":"open","sticky":false,"template":"","format":"standard","meta":{"jnews-multi-image_gallery":[],"jnews_single_post":[],"jnews_primary_category":[],"footnotes":""},"categories":[2],"tags":[],"class_list":["post-20233","post","type-post","status-publish","format-standard","has-post-thumbnail","hentry","category-dunya"],"yoast_head":"<!-- This site is optimized with the Yoast SEO plugin v27.5 - https:\/\/yoast.com\/product\/yoast-seo-wordpress\/ -->\n<title>Avrupa Konseyi ve AP, \u0130mamo\u011flu\u2019nun g\u00f6zalt\u0131na al\u0131nmas\u0131n\u0131 k\u0131nad\u0131 - Haber Kuzey<\/title>\n<meta name=\"robots\" content=\"index, follow, max-snippet:-1, max-image-preview:large, max-video-preview:-1\" \/>\n<link rel=\"canonical\" href=\"https:\/\/haberkuzey.com\/index.php\/2025\/03\/19\/avrupa-konseyi-ve-ap-imamoglunun-gozaltina-alinmasini-kinadi\/\" \/>\n<meta property=\"og:locale\" content=\"tr_TR\" \/>\n<meta property=\"og:type\" content=\"article\" \/>\n<meta property=\"og:title\" content=\"Avrupa Konseyi ve AP, \u0130mamo\u011flu\u2019nun g\u00f6zalt\u0131na al\u0131nmas\u0131n\u0131 k\u0131nad\u0131 - Haber Kuzey\" \/>\n<meta property=\"og:description\" content=\"Avrupa Yerel ve B\u00f6lgesel Y\u00f6netimler Kongresi (AYBYK) \u0130stanbul B\u00fcy\u00fck\u015fehir Belediye (\u0130BB) Ba\u015fkan\u0131Ekrem \u0130mamo\u011flu\u2019nun g\u00f6zalt\u0131na al\u0131nmas\u0131n\u0131 k\u0131nad\u0131. Avrupa Konseyi b\u00fcnyesindeki Avrupa Yerel ve B\u00f6lgesel Y\u00f6netimler Kongresi ve Avrupa Parlamentosu T\u00fcrkiye Raport\u00f6r\u00fc Nacho Sanchez Amor, \u0130BB Ba\u015fkan\u0131 Ekrem \u0130mamo\u011flu\u2019nun g\u00f6zalt\u0131na al\u0131nmas\u0131na ele\u015ftirdi. Aralar\u0131nda T\u00fcrkiye\u2019nin de bulundu\u011fu Avrupa Konseyi \u00fcyesi \u00fclkelerin yerel y\u00f6neticilerinden olu\u015fan bu meclisten yap\u0131lan a\u00e7\u0131klamada, [&hellip;]\" \/>\n<meta property=\"og:url\" content=\"https:\/\/haberkuzey.com\/index.php\/2025\/03\/19\/avrupa-konseyi-ve-ap-imamoglunun-gozaltina-alinmasini-kinadi\/\" \/>\n<meta property=\"og:site_name\" content=\"Haber Kuzey\" \/>\n<meta property=\"article:published_time\" content=\"2025-03-19T17:54:08+00:00\" \/>\n<meta property=\"og:image\" content=\"https:\/\/brtk.net\/wp-content\/uploads\/2025\/03\/19\/1742391947198Flag_of_the_Council_of_Europe.svg.png?ver=865840625d51201d30e7c32234d72753\" \/>\n<meta name=\"author\" content=\"haberkuzey\" \/>\n<meta name=\"twitter:card\" content=\"summary_large_image\" \/>\n<meta name=\"twitter:label1\" content=\"Yazan:\" \/>\n\t<meta name=\"twitter:data1\" content=\"haberkuzey\" \/>\n\t<meta name=\"twitter:label2\" content=\"Tahmini okuma s\u00fcresi\" \/>\n\t<meta name=\"twitter:data2\" content=\"1 dakika\" \/>\n<script type=\"application\/ld+json\" class=\"yoast-schema-graph\">{\"@context\":\"https:\\\/\\\/schema.org\",\"@graph\":[{\"@type\":\"Article\",\"@id\":\"https:\\\/\\\/haberkuzey.com\\\/index.php\\\/2025\\\/03\\\/19\\\/avrupa-konseyi-ve-ap-imamoglunun-gozaltina-alinmasini-kinadi\\\/#article\",\"isPartOf\":{\"@id\":\"https:\\\/\\\/haberkuzey.com\\\/index.php\\\/2025\\\/03\\\/19\\\/avrupa-konseyi-ve-ap-imamoglunun-gozaltina-alinmasini-kinadi\\\/\"},\"author\":{\"name\":\"haberkuzey\",\"@id\":\"https:\\\/\\\/haberkuzey.com\\\/#\\\/schema\\\/person\\\/3372109ec735f9333f4fa47ebb9605ca\"},\"headline\":\"Avrupa Konseyi ve AP, \u0130mamo\u011flu\u2019nun g\u00f6zalt\u0131na al\u0131nmas\u0131n\u0131 k\u0131nad\u0131\",\"datePublished\":\"2025-03-19T17:54:08+00:00\",\"mainEntityOfPage\":{\"@id\":\"https:\\\/\\\/haberkuzey.com\\\/index.php\\\/2025\\\/03\\\/19\\\/avrupa-konseyi-ve-ap-imamoglunun-gozaltina-alinmasini-kinadi\\\/\"},\"wordCount\":290,\"commentCount\":0,\"image\":{\"@id\":\"https:\\\/\\\/haberkuzey.com\\\/index.php\\\/2025\\\/03\\\/19\\\/avrupa-konseyi-ve-ap-imamoglunun-gozaltina-alinmasini-kinadi\\\/#primaryimage\"},\"thumbnailUrl\":\"https:\\\/\\\/haberkuzey.com\\\/wp-content\\\/uploads\\\/2025\\\/03\\\/1742391947198Flag_of_the_Council_of_Europe.svg.png\",\"articleSection\":[\"D\u00fcnya\"],\"inLanguage\":\"tr\",\"potentialAction\":[{\"@type\":\"CommentAction\",\"name\":\"Comment\",\"target\":[\"https:\\\/\\\/haberkuzey.com\\\/index.php\\\/2025\\\/03\\\/19\\\/avrupa-konseyi-ve-ap-imamoglunun-gozaltina-alinmasini-kinadi\\\/#respond\"]}]},{\"@type\":\"WebPage\",\"@id\":\"https:\\\/\\\/haberkuzey.com\\\/index.php\\\/2025\\\/03\\\/19\\\/avrupa-konseyi-ve-ap-imamoglunun-gozaltina-alinmasini-kinadi\\\/\",\"url\":\"https:\\\/\\\/haberkuzey.com\\\/index.php\\\/2025\\\/03\\\/19\\\/avrupa-konseyi-ve-ap-imamoglunun-gozaltina-alinmasini-kinadi\\\/\",\"name\":\"Avrupa Konseyi ve AP, \u0130mamo\u011flu\u2019nun g\u00f6zalt\u0131na al\u0131nmas\u0131n\u0131 k\u0131nad\u0131 - Haber Kuzey\",\"isPartOf\":{\"@id\":\"https:\\\/\\\/haberkuzey.com\\\/#website\"},\"primaryImageOfPage\":{\"@id\":\"https:\\\/\\\/haberkuzey.com\\\/index.php\\\/2025\\\/03\\\/19\\\/avrupa-konseyi-ve-ap-imamoglunun-gozaltina-alinmasini-kinadi\\\/#primaryimage\"},\"image\":{\"@id\":\"https:\\\/\\\/haberkuzey.com\\\/index.php\\\/2025\\\/03\\\/19\\\/avrupa-konseyi-ve-ap-imamoglunun-gozaltina-alinmasini-kinadi\\\/#primaryimage\"},\"thumbnailUrl\":\"https:\\\/\\\/haberkuzey.com\\\/wp-content\\\/uploads\\\/2025\\\/03\\\/1742391947198Flag_of_the_Council_of_Europe.svg.png\",\"datePublished\":\"2025-03-19T17:54:08+00:00\",\"author\":{\"@id\":\"https:\\\/\\\/haberkuzey.com\\\/#\\\/schema\\\/person\\\/3372109ec735f9333f4fa47ebb9605ca\"},\"breadcrumb\":{\"@id\":\"https:\\\/\\\/haberkuzey.com\\\/index.php\\\/2025\\\/03\\\/19\\\/avrupa-konseyi-ve-ap-imamoglunun-gozaltina-alinmasini-kinadi\\\/#breadcrumb\"},\"inLanguage\":\"tr\",\"potentialAction\":[{\"@type\":\"ReadAction\",\"target\":[\"https:\\\/\\\/haberkuzey.com\\\/index.php\\\/2025\\\/03\\\/19\\\/avrupa-konseyi-ve-ap-imamoglunun-gozaltina-alinmasini-kinadi\\\/\"]}]},{\"@type\":\"ImageObject\",\"inLanguage\":\"tr\",\"@id\":\"https:\\\/\\\/haberkuzey.com\\\/index.php\\\/2025\\\/03\\\/19\\\/avrupa-konseyi-ve-ap-imamoglunun-gozaltina-alinmasini-kinadi\\\/#primaryimage\",\"url\":\"https:\\\/\\\/haberkuzey.com\\\/wp-content\\\/uploads\\\/2025\\\/03\\\/1742391947198Flag_of_the_Council_of_Europe.svg.png\",\"contentUrl\":\"https:\\\/\\\/haberkuzey.com\\\/wp-content\\\/uploads\\\/2025\\\/03\\\/1742391947198Flag_of_the_Council_of_Europe.svg.png\",\"width\":1200,\"height\":703},{\"@type\":\"BreadcrumbList\",\"@id\":\"https:\\\/\\\/haberkuzey.com\\\/index.php\\\/2025\\\/03\\\/19\\\/avrupa-konseyi-ve-ap-imamoglunun-gozaltina-alinmasini-kinadi\\\/#breadcrumb\",\"itemListElement\":[{\"@type\":\"ListItem\",\"position\":1,\"name\":\"Anasayfa\",\"item\":\"https:\\\/\\\/haberkuzey.com\\\/\"},{\"@type\":\"ListItem\",\"position\":2,\"name\":\"Avrupa Konseyi ve AP, \u0130mamo\u011flu\u2019nun g\u00f6zalt\u0131na al\u0131nmas\u0131n\u0131 k\u0131nad\u0131\"}]},{\"@type\":\"WebSite\",\"@id\":\"https:\\\/\\\/haberkuzey.com\\\/#website\",\"url\":\"https:\\\/\\\/haberkuzey.com\\\/\",\"name\":\"Haber Kuzey\",\"description\":\"Do\u011fru Haberin Adresi\",\"potentialAction\":[{\"@type\":\"SearchAction\",\"target\":{\"@type\":\"EntryPoint\",\"urlTemplate\":\"https:\\\/\\\/haberkuzey.com\\\/?s={search_term_string}\"},\"query-input\":{\"@type\":\"PropertyValueSpecification\",\"valueRequired\":true,\"valueName\":\"search_term_string\"}}],\"inLanguage\":\"tr\"},{\"@type\":\"Person\",\"@id\":\"https:\\\/\\\/haberkuzey.com\\\/#\\\/schema\\\/person\\\/3372109ec735f9333f4fa47ebb9605ca\",\"name\":\"haberkuzey\",\"image\":{\"@type\":\"ImageObject\",\"inLanguage\":\"tr\",\"@id\":\"https:\\\/\\\/secure.gravatar.com\\\/avatar\\\/f5fc875574b1575324358c3b9e6a32b8227aa5b74f3fa22e3cadb63e26fcc39c?s=96&d=mm&r=g\",\"url\":\"https:\\\/\\\/secure.gravatar.com\\\/avatar\\\/f5fc875574b1575324358c3b9e6a32b8227aa5b74f3fa22e3cadb63e26fcc39c?s=96&d=mm&r=g\",\"contentUrl\":\"https:\\\/\\\/secure.gravatar.com\\\/avatar\\\/f5fc875574b1575324358c3b9e6a32b8227aa5b74f3fa22e3cadb63e26fcc39c?s=96&d=mm&r=g\",\"caption\":\"haberkuzey\"},\"sameAs\":[\"https:\\\/\\\/haberkuzey.com\"],\"url\":\"https:\\\/\\\/haberkuzey.com\\\/index.php\\\/author\\\/haberkuzey\\\/\"}]}<\/script>\n<!-- \/ Yoast SEO plugin. -->","yoast_head_json":{"title":"Avrupa Konseyi ve AP, \u0130mamo\u011flu\u2019nun g\u00f6zalt\u0131na al\u0131nmas\u0131n\u0131 k\u0131nad\u0131 - Haber Kuzey","robots":{"index":"index","follow":"follow","max-snippet":"max-snippet:-1","max-image-preview":"max-image-preview:large","max-video-preview":"max-video-preview:-1"},"canonical":"https:\/\/haberkuzey.com\/index.php\/2025\/03\/19\/avrupa-konseyi-ve-ap-imamoglunun-gozaltina-alinmasini-kinadi\/","og_locale":"tr_TR","og_type":"article","og_title":"Avrupa Konseyi ve AP, \u0130mamo\u011flu\u2019nun g\u00f6zalt\u0131na al\u0131nmas\u0131n\u0131 k\u0131nad\u0131 - Haber Kuzey","og_description":"Avrupa Yerel ve B\u00f6lgesel Y\u00f6netimler Kongresi (AYBYK) \u0130stanbul B\u00fcy\u00fck\u015fehir Belediye (\u0130BB) Ba\u015fkan\u0131Ekrem \u0130mamo\u011flu\u2019nun g\u00f6zalt\u0131na al\u0131nmas\u0131n\u0131 k\u0131nad\u0131. Avrupa Konseyi b\u00fcnyesindeki Avrupa Yerel ve B\u00f6lgesel Y\u00f6netimler Kongresi ve Avrupa Parlamentosu T\u00fcrkiye Raport\u00f6r\u00fc Nacho Sanchez Amor, \u0130BB Ba\u015fkan\u0131 Ekrem \u0130mamo\u011flu\u2019nun g\u00f6zalt\u0131na al\u0131nmas\u0131na ele\u015ftirdi. Aralar\u0131nda T\u00fcrkiye\u2019nin de bulundu\u011fu Avrupa Konseyi \u00fcyesi \u00fclkelerin yerel y\u00f6neticilerinden olu\u015fan bu meclisten yap\u0131lan a\u00e7\u0131klamada, [&hellip;]","og_url":"https:\/\/haberkuzey.com\/index.php\/2025\/03\/19\/avrupa-konseyi-ve-ap-imamoglunun-gozaltina-alinmasini-kinadi\/","og_site_name":"Haber Kuzey","article_published_time":"2025-03-19T17:54:08+00:00","og_image":[{"url":"https:\/\/brtk.net\/wp-content\/uploads\/2025\/03\/19\/1742391947198Flag_of_the_Council_of_Europe.svg.png?ver=865840625d51201d30e7c32234d72753","type":"","width":"","height":""}],"author":"haberkuzey","twitter_card":"summary_large_image","twitter_misc":{"Yazan:":"haberkuzey","Tahmini okuma s\u00fcresi":"1 dakika"},"schema":{"@context":"https:\/\/schema.org","@graph":[{"@type":"Article","@id":"https:\/\/haberkuzey.com\/index.php\/2025\/03\/19\/avrupa-konseyi-ve-ap-imamoglunun-gozaltina-alinmasini-kinadi\/#article","isPartOf":{"@id":"https:\/\/haberkuzey.com\/index.php\/2025\/03\/19\/avrupa-konseyi-ve-ap-imamoglunun-gozaltina-alinmasini-kinadi\/"},"author":{"name":"haberkuzey","@id":"https:\/\/haberkuzey.com\/#\/schema\/person\/3372109ec735f9333f4fa47ebb9605ca"},"headline":"Avrupa Konseyi ve AP, \u0130mamo\u011flu\u2019nun g\u00f6zalt\u0131na al\u0131nmas\u0131n\u0131 k\u0131nad\u0131","datePublished":"2025-03-19T17:54:08+00:00","mainEntityOfPage":{"@id":"https:\/\/haberkuzey.com\/index.php\/2025\/03\/19\/avrupa-konseyi-ve-ap-imamoglunun-gozaltina-alinmasini-kinadi\/"},"wordCount":290,"commentCount":0,"image":{"@id":"https:\/\/haberkuzey.com\/index.php\/2025\/03\/19\/avrupa-konseyi-ve-ap-imamoglunun-gozaltina-alinmasini-kinadi\/#primaryimage"},"thumbnailUrl":"https:\/\/haberkuzey.com\/wp-content\/uploads\/2025\/03\/1742391947198Flag_of_the_Council_of_Europe.svg.png","articleSection":["D\u00fcnya"],"inLanguage":"tr","potentialAction":[{"@type":"CommentAction","name":"Comment","target":["https:\/\/haberkuzey.com\/index.php\/2025\/03\/19\/avrupa-konseyi-ve-ap-imamoglunun-gozaltina-alinmasini-kinadi\/#respond"]}]},{"@type":"WebPage","@id":"https:\/\/haberkuzey.com\/index.php\/2025\/03\/19\/avrupa-konseyi-ve-ap-imamoglunun-gozaltina-alinmasini-kinadi\/","url":"https:\/\/haberkuzey.com\/index.php\/2025\/03\/19\/avrupa-konseyi-ve-ap-imamoglunun-gozaltina-alinmasini-kinadi\/","name":"Avrupa Konseyi ve AP, \u0130mamo\u011flu\u2019nun g\u00f6zalt\u0131na al\u0131nmas\u0131n\u0131 k\u0131nad\u0131 - Haber Kuzey","isPartOf":{"@id":"https:\/\/haberkuzey.com\/#website"},"primaryImageOfPage":{"@id":"https:\/\/haberkuzey.com\/index.php\/2025\/03\/19\/avrupa-konseyi-ve-ap-imamoglunun-gozaltina-alinmasini-kinadi\/#primaryimage"},"image":{"@id":"https:\/\/haberkuzey.com\/index.php\/2025\/03\/19\/avrupa-konseyi-ve-ap-imamoglunun-gozaltina-alinmasini-kinadi\/#primaryimage"},"thumbnailUrl":"https:\/\/haberkuzey.com\/wp-content\/uploads\/2025\/03\/1742391947198Flag_of_the_Council_of_Europe.svg.png","datePublished":"2025-03-19T17:54:08+00:00","author":{"@id":"https:\/\/haberkuzey.com\/#\/schema\/person\/3372109ec735f9333f4fa47ebb9605ca"},"breadcrumb":{"@id":"https:\/\/haberkuzey.com\/index.php\/2025\/03\/19\/avrupa-konseyi-ve-ap-imamoglunun-gozaltina-alinmasini-kinadi\/#breadcrumb"},"inLanguage":"tr","potentialAction":[{"@type":"ReadAction","target":["https:\/\/haberkuzey.com\/index.php\/2025\/03\/19\/avrupa-konseyi-ve-ap-imamoglunun-gozaltina-alinmasini-kinadi\/"]}]},{"@type":"ImageObject","inLanguage":"tr","@id":"https:\/\/haberkuzey.com\/index.php\/2025\/03\/19\/avrupa-konseyi-ve-ap-imamoglunun-gozaltina-alinmasini-kinadi\/#primaryimage","url":"https:\/\/haberkuzey.com\/wp-content\/uploads\/2025\/03\/1742391947198Flag_of_the_Council_of_Europe.svg.png","contentUrl":"https:\/\/haberkuzey.com\/wp-content\/uploads\/2025\/03\/1742391947198Flag_of_the_Council_of_Europe.svg.png","width":1200,"height":703},{"@type":"BreadcrumbList","@id":"https:\/\/haberkuzey.com\/index.php\/2025\/03\/19\/avrupa-konseyi-ve-ap-imamoglunun-gozaltina-alinmasini-kinadi\/#breadcrumb","itemListElement":[{"@type":"ListItem","position":1,"name":"Anasayfa","item":"https:\/\/haberkuzey.com\/"},{"@type":"ListItem","position":2,"name":"Avrupa Konseyi ve AP, \u0130mamo\u011flu\u2019nun g\u00f6zalt\u0131na al\u0131nmas\u0131n\u0131 k\u0131nad\u0131"}]},{"@type":"WebSite","@id":"https:\/\/haberkuzey.com\/#website","url":"https:\/\/haberkuzey.com\/","name":"Haber Kuzey","description":"Do\u011fru Haberin Adresi","potentialAction":[{"@type":"SearchAction","target":{"@type":"EntryPoint","urlTemplate":"https:\/\/haberkuzey.com\/?s={search_term_string}"},"query-input":{"@type":"PropertyValueSpecification","valueRequired":true,"valueName":"search_term_string"}}],"inLanguage":"tr"},{"@type":"Person","@id":"https:\/\/haberkuzey.com\/#\/schema\/person\/3372109ec735f9333f4fa47ebb9605ca","name":"haberkuzey","image":{"@type":"ImageObject","inLanguage":"tr","@id":"https:\/\/secure.gravatar.com\/avatar\/f5fc875574b1575324358c3b9e6a32b8227aa5b74f3fa22e3cadb63e26fcc39c?s=96&d=mm&r=g","url":"https:\/\/secure.gravatar.com\/avatar\/f5fc875574b1575324358c3b9e6a32b8227aa5b74f3fa22e3cadb63e26fcc39c?s=96&d=mm&r=g","contentUrl":"https:\/\/secure.gravatar.com\/avatar\/f5fc875574b1575324358c3b9e6a32b8227aa5b74f3fa22e3cadb63e26fcc39c?s=96&d=mm&r=g","caption":"haberkuzey"},"sameAs":["https:\/\/haberkuzey.com"],"url":"https:\/\/haberkuzey.com\/index.php\/author\/haberkuzey\/"}]}},"_links":{"self":[{"href":"https:\/\/haberkuzey.com\/index.php\/wp-json\/wp\/v2\/posts\/20233","targetHints":{"allow":["GET"]}}],"collection":[{"href":"https:\/\/haberkuzey.com\/index.php\/wp-json\/wp\/v2\/posts"}],"about":[{"href":"https:\/\/haberkuzey.com\/index.php\/wp-json\/wp\/v2\/types\/post"}],"author":[{"embeddable":true,"href":"https:\/\/haberkuzey.com\/index.php\/wp-json\/wp\/v2\/users\/1"}],"replies":[{"embeddable":true,"href":"https:\/\/haberkuzey.com\/index.php\/wp-json\/wp\/v2\/comments?post=20233"}],"version-history":[{"count":0,"href":"https:\/\/haberkuzey.com\/index.php\/wp-json\/wp\/v2\/posts\/20233\/revisions"}],"wp:featuredmedia":[{"embeddable":true,"href":"https:\/\/haberkuzey.com\/index.php\/wp-json\/wp\/v2\/media\/20234"}],"wp:attachment":[{"href":"https:\/\/haberkuzey.com\/index.php\/wp-json\/wp\/v2\/media?parent=20233"}],"wp:term":[{"taxonomy":"category","embeddable":true,"href":"https:\/\/haberkuzey.com\/index.php\/wp-json\/wp\/v2\/categories?post=20233"},{"taxonomy":"post_tag","embeddable":true,"href":"https:\/\/haberkuzey.com\/index.php\/wp-json\/wp\/v2\/tags?post=20233"}],"curies":[{"name":"wp","href":"https:\/\/api.w.org\/{rel}","templated":true}]}}