{"id":20228,"date":"2025-03-19T19:42:55","date_gmt":"2025-03-19T17:42:55","guid":{"rendered":"https:\/\/haberkuzey.com\/index.php\/2025\/03\/19\/tc-adalet-bakani-tunctan-istanbul-cumhuriyet-bassavciliginca-yurutulen-sorusturmalara-iliskin-aciklama\/"},"modified":"2025-03-19T19:42:55","modified_gmt":"2025-03-19T17:42:55","slug":"tc-adalet-bakani-tunctan-istanbul-cumhuriyet-bassavciliginca-yurutulen-sorusturmalara-iliskin-aciklama","status":"publish","type":"post","link":"https:\/\/haberkuzey.com\/index.php\/2025\/03\/19\/tc-adalet-bakani-tunctan-istanbul-cumhuriyet-bassavciliginca-yurutulen-sorusturmalara-iliskin-aciklama\/","title":{"rendered":"TC Adalet Bakan\u0131 Tun\u00e7\u2019tan \u0130stanbul Cumhuriyet Ba\u015fsavc\u0131l\u0131\u011f\u0131nca y\u00fcr\u00fct\u00fclen soru\u015fturmalara ili\u015fkin a\u00e7\u0131klama\u2026"},"content":{"rendered":"<div>\n<div class=\"mariselle-image-container center\">\n                                            <\/div>\n<p>TC Adalet Bakan\u0131 Y\u0131lmaz Tun\u00e7, \u201cTarafs\u0131z ve ba\u011f\u0131ms\u0131z yarg\u0131n\u0131n ger\u00e7ekle\u015ftirmekte oldu\u011fu soru\u015fturmalar\u0131 farkl\u0131 taraflara \u00e7ekmek, darbe gibi ifadelerle nitelendirmek son derece tehlikeli ve yanl\u0131\u015ft\u0131r.\u201d dedi.<\/p>\n<p>Tun\u00e7, Adalet Bakanl\u0131\u011f\u0131nda g\u00fcndeme dair a\u00e7\u0131klamalarda bulundu.<\/p>\n<p>\u0130stanbul Cumhuriyet Ba\u015fsavc\u0131l\u0131\u011f\u0131 taraf\u0131ndan y\u00fcr\u00fct\u00fclen soru\u015fturmalar kapsam\u0131nda aralar\u0131nda \u0130stanbul B\u00fcy\u00fck\u015fehir Belediye Ba\u015fkan\u0131 Ekrem \u0130mamo\u011flu\u2019nun da bulundu\u011fu 106 \u015f\u00fcpheli hakk\u0131nda bu sabah itibar\u0131yla g\u00f6zalt\u0131 kararlar\u0131 verildi\u011fini hat\u0131rlatan Tun\u00e7, bu kapsamda \u0130stanbul Cumhuriyet Ba\u015fsavc\u0131l\u0131\u011f\u0131 taraf\u0131ndan y\u00fcr\u00fct\u00fclen 2 soru\u015fturma bulundu\u011funu s\u00f6yledi.<\/p>\n<p>Tun\u00e7, Ter\u00f6r Su\u00e7lar\u0131 Soru\u015fturma B\u00fcrosu taraf\u0131ndan y\u00fcr\u00fct\u00fclen soru\u015fturma kapsam\u0131nda, \u0130mamo\u011flu\u2019nun da aralar\u0131nda bulundu\u011fu 7 ki\u015fi hakk\u0131nda g\u00f6zalt\u0131 karar\u0131 oldu\u011funu, bu soru\u015fturmada \u015f\u00fcphelilerin, \u201cter\u00f6r \u00f6rg\u00fct\u00fcne i\u015ftirak halinde yard\u0131m etme\u201d su\u00e7unu i\u015fledikleri iddias\u0131n\u0131n yer ald\u0131\u011f\u0131n\u0131 ifade etti.<\/p>\n<p>Ba\u015flat\u0131lan di\u011fer soru\u015fturman\u0131n ise \u00d6rg\u00fctl\u00fc Su\u00e7lar Soru\u015fturma B\u00fcrosunca y\u00fcr\u00fct\u00fcld\u00fc\u011f\u00fcn\u00fc belirten Tun\u00e7, bu soru\u015fturma kapsam\u0131nda ise aralar\u0131nda yine \u0130mamo\u011flu\u2019nun da bulundu\u011fu 100 \u015f\u00fcpheli hakk\u0131nda g\u00f6zalt\u0131 karar\u0131 verildi\u011fini aktard\u0131.<\/p>\n<p>Y\u0131lmaz Tun\u00e7, \u015funlar\u0131 kaydetti:<\/p>\n<p>\u201cBu soru\u015fturmada \u015f\u00fcphelilerin, \u2018\u00e7\u0131kar ama\u00e7l\u0131 su\u00e7 \u00f6rg\u00fct\u00fc kapsam\u0131nda r\u00fc\u015fvet, irtikap, ihaleye fesat kar\u0131\u015ft\u0131rma, nitelikli doland\u0131r\u0131c\u0131l\u0131k, ki\u015fisel verileri hukuka ayk\u0131r\u0131 ele ge\u00e7irme\u2019 su\u00e7lar\u0131n\u0131 i\u015fledikleri iddias\u0131 bulunmaktad\u0131r. Her iki soru\u015fturma kapsam\u0131nda toplam 106 \u015f\u00fcpheli hakk\u0131nda g\u00f6zalt\u0131 karar\u0131 bulunmaktad\u0131r. \u0130stanbul Cumhuriyet Ba\u015fsavc\u0131l\u0131\u011f\u0131n\u0131n yapt\u0131\u011f\u0131 a\u00e7\u0131klamadan da anla\u015f\u0131laca\u011f\u0131 \u00fczere, soru\u015fturma dosyalar\u0131 i\u00e7erisinde MASAK raporlar\u0131, vergi uzman\u0131 incelemeleri, tan\u0131k beyanlar\u0131 ve di\u011fer delillerin mevcut oldu\u011fu belirtilmektedir. Soru\u015fturma t\u00fcm y\u00f6nleriyle b\u00fcy\u00fck bir hassasiyet ve titizlikle y\u00fcr\u00fct\u00fclmektedir. \u201d<\/p>\n<p>T\u00fcrkiye Cumhuriyeti\u2019nin, bir hukuk devleti oldu\u011funa vurgu yapan Tun\u00e7, \u015f\u00f6yle devam etti:<\/p>\n<p>\u201cAnayasam\u0131z\u0131n 9. maddesi a\u00e7\u0131kt\u0131r. Yarg\u0131 yetkisi, T\u00fcrk milleti ad\u0131na ba\u011f\u0131ms\u0131z ve tarafs\u0131z mahkemelerce kullan\u0131l\u0131r. Hukukun \u00fcst\u00fcnl\u00fc\u011f\u00fc esast\u0131r. Kanunlar kar\u015f\u0131s\u0131nda herkes e\u015fittir; hi\u00e7 kimseye ve z\u00fcmreye ayr\u0131cal\u0131k tan\u0131namaz. Anayasam\u0131z\u0131n 138. maddesine g\u00f6re mahkemeler ba\u011f\u0131ms\u0131zd\u0131r. Hi\u00e7bir organ, makam, merci veya ki\u015fi, yarg\u0131 yetkisinin kullan\u0131lmas\u0131nda mahkemelere ve hakimlere emir ve talimat veremez, genelge g\u00f6nderemez, tavsiye ve telkinde bulunamaz. Ceza Muhakemesi Kanunu\u2019nun 157. maddesi gere\u011fince soru\u015fturma evresi gizlidir. Bu gizlilik, hem adaletin sa\u011fl\u0131kl\u0131 i\u015flemesi hem de hak ihlallerinin \u00f6nlenmesi, masumiyet karinesi ve lekelenmeme hakk\u0131 bak\u0131m\u0131ndan son derece \u00f6nemlidir.\u201d<\/p>\n<p>\u2013 \u201cKamuoyunu yan\u0131ltmaya y\u00f6nelik s\u00f6ylemler kabul edilemez\u201d<\/p>\n<p>Bakan Tun\u00e7, ba\u015flat\u0131lan soru\u015fturmalarla ilgili olarak dosya i\u00e7eri\u011fine, iddia ve delillere vak\u0131f olmadan de\u011ferlendirmelerde bulunman\u0131n do\u011fru olmad\u0131\u011f\u0131n\u0131 belirterek, \u015funlar\u0131 s\u00f6yledi:<\/p>\n<p>\u201cTarafs\u0131z ve ba\u011f\u0131ms\u0131z yarg\u0131n\u0131n ger\u00e7ekle\u015ftirmekte oldu\u011fu soru\u015fturmalar\u0131 farkl\u0131 taraflara \u00e7ekmek, \u2018darbe\u2019 gibi ifadelerle nitelendirmek son derece tehlikeli ve yanl\u0131\u015ft\u0131r. Di\u011fer yandan sokak \u00e7a\u011fr\u0131lar\u0131 yaparak soru\u015fturmalar \u00fczerinden dezenformasyon yapmak, kamuoyunu yan\u0131ltmaya y\u00f6nelik s\u00f6ylemlerde bulunmak asla kabul edilemez. Herkes bilmelidir ki hukuk devletinde, su\u00e7 i\u015flendi\u011fine dair bir iddia varsa savunman\u0131n yap\u0131laca\u011f\u0131 yer sokaklar de\u011fil yarg\u0131 makamlar\u0131d\u0131r. Su\u00e7 i\u015flendi\u011fine dair bir delil varsa bununla ilgili gerekli soru\u015fturma yetkili yarg\u0131 makamlar\u0131nca yap\u0131l\u0131r.\u201d<\/p>\n<p>Yarg\u0131 huzurunda hesap vermenin ve savunma yapman\u0131n herkes i\u00e7in bir hak, ayn\u0131 zamanda bir zorunluluk oldu\u011funa dikkati \u00e7eken Tun\u00e7, \u201cYarg\u0131n\u0131n ba\u015flatt\u0131\u011f\u0131 soru\u015fturma ve davalar\u0131 Say\u0131n Cumhurba\u015fkan\u0131m\u0131zla ili\u015fkilendirmek en hafif tabiriyle hadsizliktir, haddini bilmemektir. Yasamas\u0131, y\u00fcr\u00fctmesi, yarg\u0131s\u0131yla \u00fclkemizde kuvvetler ayr\u0131l\u0131\u011f\u0131 esast\u0131r. Yarg\u0131 kimseden emir ve talimat almaz. Yarg\u0131ya sald\u0131rmak, yarg\u0131 mensuplar\u0131n\u0131 tehdit etmek, onlara hakaret etmek, demokratik hukuk devletinde asla kabul edilemez.\u201d ifadelerini kulland\u0131.<\/p>\n<p>\u2013 \u201cPe\u015fin h\u00fckme varmak do\u011fru de\u011fildir\u201d<\/p>\n<p>Tun\u00e7, adaletin tecellisi i\u00e7in y\u00fcr\u00fcyen soru\u015fturmalar\u0131 etkilemeye y\u00f6nelik tav\u0131r ve davran\u0131\u015flarda bulunmak yerine, sa\u011fduyu ile hareket etmek gerekti\u011fini belirterek, \u201cTarafs\u0131z ve ba\u011f\u0131ms\u0131z yarg\u0131n\u0131n verece\u011fi karar, herkes i\u00e7in ba\u011flay\u0131c\u0131d\u0131r ve sayg\u0131yla kar\u015f\u0131lanmal\u0131d\u0131r. Soru\u015fturma a\u015famas\u0131nda iddialar, savunma ve deliller de\u011ferlendirilecek ve soru\u015fturman\u0131n gizlili\u011fi ortadan kalkt\u0131\u011f\u0131nda maddi ger\u00e7e\u011fi t\u00fcm a\u00e7\u0131kl\u0131\u011f\u0131 ve \u015feffafl\u0131\u011f\u0131yla kamuoyu g\u00f6recektir. O nedenle bug\u00fcnden, soru\u015fturma i\u00e7eri\u011fiyle ilgili hi\u00e7bir bilgisi olmadan, lehte ya da aleyhte pe\u015fin h\u00fckme varmak do\u011fru de\u011fildir.\u201d diye konu\u015ftu.<\/p>\n<p>Hukuk devletinde masumiyet karinesi ve lekelenmeme hakk\u0131n\u0131n esas oldu\u011funa i\u015faret eden Tun\u00e7, s\u00f6zlerini \u015f\u00f6yle s\u00fcrd\u00fcrd\u00fc:<\/p>\n<p>\u201cT\u00fcrk yarg\u0131s\u0131na g\u00fcvenmemiz gerekmektedir. Yarg\u0131n\u0131n kendi i\u00e7erisinde hak arama yollar\u0131 sonuna kadar a\u00e7\u0131kt\u0131r. Adaletin tam ve eksiksiz tecellisi i\u00e7in, s\u00fcreci s\u00fckunetle takip etmek, verilecek karar\u0131 sayg\u0131yla kar\u015f\u0131lamak hepimizin ortak sorumlulu\u011fudur. Hi\u00e7 kimsenin \u015f\u00fcphesi olmas\u0131n. Yarg\u0131n\u0131n ger\u00e7ekle\u015ftirmekte oldu\u011fu i\u015flemler kendi i\u00e7inde denetime tabidir. Kimlerin hangi iddialara muhatap oldu\u011fu, savunmalar\u0131n\u0131n neler oldu\u011fu, iddialara ili\u015fkin delilerin neler oldu\u011fu, yap\u0131lan soru\u015fturma sonucu ortaya \u00e7\u0131kacak hususlard\u0131r. Hep birlikte soru\u015fturman\u0131n sonucunu s\u00fckunetle beklememiz gerekir.\u201d<\/p>\n<\/p><\/div>\n<p><script async\n                    defer\n                    crossorigin=\"anonymous\"\n                    src=\"https:\/\/connect.facebook.net\/tr_TR\/sdk.js#xfbml=1&#038;version=v3.3\"\n            ><\/script><\/p>\n","protected":false},"excerpt":{"rendered":"<p>TC Adalet Bakan\u0131 Y\u0131lmaz Tun\u00e7, \u201cTarafs\u0131z ve ba\u011f\u0131ms\u0131z yarg\u0131n\u0131n ger\u00e7ekle\u015ftirmekte oldu\u011fu soru\u015fturmalar\u0131 farkl\u0131 taraflara \u00e7ekmek, darbe gibi ifadelerle nitelendirmek son derece tehlikeli ve yanl\u0131\u015ft\u0131r.\u201d dedi. Tun\u00e7, Adalet Bakanl\u0131\u011f\u0131nda g\u00fcndeme dair a\u00e7\u0131klamalarda bulundu. \u0130stanbul Cumhuriyet Ba\u015fsavc\u0131l\u0131\u011f\u0131 taraf\u0131ndan y\u00fcr\u00fct\u00fclen soru\u015fturmalar kapsam\u0131nda aralar\u0131nda \u0130stanbul B\u00fcy\u00fck\u015fehir Belediye Ba\u015fkan\u0131 Ekrem \u0130mamo\u011flu\u2019nun da bulundu\u011fu 106 \u015f\u00fcpheli hakk\u0131nda bu sabah itibar\u0131yla g\u00f6zalt\u0131 [&hellip;]<\/p>\n","protected":false},"author":1,"featured_media":20229,"comment_status":"open","ping_status":"open","sticky":false,"template":"","format":"standard","meta":{"jnews-multi-image_gallery":[],"jnews_single_post":[],"jnews_primary_category":[],"footnotes":""},"categories":[2],"tags":[],"class_list":["post-20228","post","type-post","status-publish","format-standard","has-post-thumbnail","hentry","category-dunya"],"yoast_head":"<!-- This site is optimized with the Yoast SEO plugin v27.5 - https:\/\/yoast.com\/product\/yoast-seo-wordpress\/ -->\n<title>TC Adalet Bakan\u0131 Tun\u00e7\u2019tan \u0130stanbul Cumhuriyet Ba\u015fsavc\u0131l\u0131\u011f\u0131nca y\u00fcr\u00fct\u00fclen soru\u015fturmalara ili\u015fkin a\u00e7\u0131klama\u2026 - Haber Kuzey<\/title>\n<meta name=\"robots\" content=\"index, follow, max-snippet:-1, max-image-preview:large, max-video-preview:-1\" \/>\n<link rel=\"canonical\" href=\"https:\/\/haberkuzey.com\/index.php\/2025\/03\/19\/tc-adalet-bakani-tunctan-istanbul-cumhuriyet-bassavciliginca-yurutulen-sorusturmalara-iliskin-aciklama\/\" \/>\n<meta property=\"og:locale\" content=\"tr_TR\" \/>\n<meta property=\"og:type\" content=\"article\" \/>\n<meta property=\"og:title\" content=\"TC Adalet Bakan\u0131 Tun\u00e7\u2019tan \u0130stanbul Cumhuriyet Ba\u015fsavc\u0131l\u0131\u011f\u0131nca y\u00fcr\u00fct\u00fclen soru\u015fturmalara ili\u015fkin a\u00e7\u0131klama\u2026 - Haber Kuzey\" \/>\n<meta property=\"og:description\" content=\"TC Adalet Bakan\u0131 Y\u0131lmaz Tun\u00e7, \u201cTarafs\u0131z ve ba\u011f\u0131ms\u0131z yarg\u0131n\u0131n ger\u00e7ekle\u015ftirmekte oldu\u011fu soru\u015fturmalar\u0131 farkl\u0131 taraflara \u00e7ekmek, darbe gibi ifadelerle nitelendirmek son derece tehlikeli ve yanl\u0131\u015ft\u0131r.\u201d dedi. Tun\u00e7, Adalet Bakanl\u0131\u011f\u0131nda g\u00fcndeme dair a\u00e7\u0131klamalarda bulundu. \u0130stanbul Cumhuriyet Ba\u015fsavc\u0131l\u0131\u011f\u0131 taraf\u0131ndan y\u00fcr\u00fct\u00fclen soru\u015fturmalar kapsam\u0131nda aralar\u0131nda \u0130stanbul B\u00fcy\u00fck\u015fehir Belediye Ba\u015fkan\u0131 Ekrem \u0130mamo\u011flu\u2019nun da bulundu\u011fu 106 \u015f\u00fcpheli hakk\u0131nda bu sabah itibar\u0131yla g\u00f6zalt\u0131 [&hellip;]\" \/>\n<meta property=\"og:url\" content=\"https:\/\/haberkuzey.com\/index.php\/2025\/03\/19\/tc-adalet-bakani-tunctan-istanbul-cumhuriyet-bassavciliginca-yurutulen-sorusturmalara-iliskin-aciklama\/\" \/>\n<meta property=\"og:site_name\" content=\"Haber Kuzey\" \/>\n<meta property=\"article:published_time\" content=\"2025-03-19T17:42:55+00:00\" \/>\n<meta property=\"og:image\" content=\"https:\/\/brtk.net\/wp-content\/uploads\/2025\/03\/19\/adaetbakani.jpg?ver=f6eae3eaf76f1a1c3a4db809592577e8\" \/>\n<meta name=\"author\" content=\"haberkuzey\" \/>\n<meta name=\"twitter:card\" content=\"summary_large_image\" \/>\n<meta name=\"twitter:label1\" content=\"Yazan:\" \/>\n\t<meta name=\"twitter:data1\" content=\"haberkuzey\" \/>\n\t<meta name=\"twitter:label2\" content=\"Tahmini okuma s\u00fcresi\" \/>\n\t<meta name=\"twitter:data2\" content=\"5 dakika\" \/>\n<script type=\"application\/ld+json\" class=\"yoast-schema-graph\">{\"@context\":\"https:\\\/\\\/schema.org\",\"@graph\":[{\"@type\":\"Article\",\"@id\":\"https:\\\/\\\/haberkuzey.com\\\/index.php\\\/2025\\\/03\\\/19\\\/tc-adalet-bakani-tunctan-istanbul-cumhuriyet-bassavciliginca-yurutulen-sorusturmalara-iliskin-aciklama\\\/#article\",\"isPartOf\":{\"@id\":\"https:\\\/\\\/haberkuzey.com\\\/index.php\\\/2025\\\/03\\\/19\\\/tc-adalet-bakani-tunctan-istanbul-cumhuriyet-bassavciliginca-yurutulen-sorusturmalara-iliskin-aciklama\\\/\"},\"author\":{\"name\":\"haberkuzey\",\"@id\":\"https:\\\/\\\/haberkuzey.com\\\/#\\\/schema\\\/person\\\/3372109ec735f9333f4fa47ebb9605ca\"},\"headline\":\"TC Adalet Bakan\u0131 Tun\u00e7\u2019tan \u0130stanbul Cumhuriyet Ba\u015fsavc\u0131l\u0131\u011f\u0131nca y\u00fcr\u00fct\u00fclen soru\u015fturmalara ili\u015fkin a\u00e7\u0131klama\u2026\",\"datePublished\":\"2025-03-19T17:42:55+00:00\",\"mainEntityOfPage\":{\"@id\":\"https:\\\/\\\/haberkuzey.com\\\/index.php\\\/2025\\\/03\\\/19\\\/tc-adalet-bakani-tunctan-istanbul-cumhuriyet-bassavciliginca-yurutulen-sorusturmalara-iliskin-aciklama\\\/\"},\"wordCount\":971,\"commentCount\":0,\"image\":{\"@id\":\"https:\\\/\\\/haberkuzey.com\\\/index.php\\\/2025\\\/03\\\/19\\\/tc-adalet-bakani-tunctan-istanbul-cumhuriyet-bassavciliginca-yurutulen-sorusturmalara-iliskin-aciklama\\\/#primaryimage\"},\"thumbnailUrl\":\"https:\\\/\\\/haberkuzey.com\\\/wp-content\\\/uploads\\\/2025\\\/03\\\/adaetbakani.jpg\",\"articleSection\":[\"D\u00fcnya\"],\"inLanguage\":\"tr\",\"potentialAction\":[{\"@type\":\"CommentAction\",\"name\":\"Comment\",\"target\":[\"https:\\\/\\\/haberkuzey.com\\\/index.php\\\/2025\\\/03\\\/19\\\/tc-adalet-bakani-tunctan-istanbul-cumhuriyet-bassavciliginca-yurutulen-sorusturmalara-iliskin-aciklama\\\/#respond\"]}]},{\"@type\":\"WebPage\",\"@id\":\"https:\\\/\\\/haberkuzey.com\\\/index.php\\\/2025\\\/03\\\/19\\\/tc-adalet-bakani-tunctan-istanbul-cumhuriyet-bassavciliginca-yurutulen-sorusturmalara-iliskin-aciklama\\\/\",\"url\":\"https:\\\/\\\/haberkuzey.com\\\/index.php\\\/2025\\\/03\\\/19\\\/tc-adalet-bakani-tunctan-istanbul-cumhuriyet-bassavciliginca-yurutulen-sorusturmalara-iliskin-aciklama\\\/\",\"name\":\"TC Adalet Bakan\u0131 Tun\u00e7\u2019tan \u0130stanbul Cumhuriyet Ba\u015fsavc\u0131l\u0131\u011f\u0131nca y\u00fcr\u00fct\u00fclen soru\u015fturmalara ili\u015fkin a\u00e7\u0131klama\u2026 - Haber Kuzey\",\"isPartOf\":{\"@id\":\"https:\\\/\\\/haberkuzey.com\\\/#website\"},\"primaryImageOfPage\":{\"@id\":\"https:\\\/\\\/haberkuzey.com\\\/index.php\\\/2025\\\/03\\\/19\\\/tc-adalet-bakani-tunctan-istanbul-cumhuriyet-bassavciliginca-yurutulen-sorusturmalara-iliskin-aciklama\\\/#primaryimage\"},\"image\":{\"@id\":\"https:\\\/\\\/haberkuzey.com\\\/index.php\\\/2025\\\/03\\\/19\\\/tc-adalet-bakani-tunctan-istanbul-cumhuriyet-bassavciliginca-yurutulen-sorusturmalara-iliskin-aciklama\\\/#primaryimage\"},\"thumbnailUrl\":\"https:\\\/\\\/haberkuzey.com\\\/wp-content\\\/uploads\\\/2025\\\/03\\\/adaetbakani.jpg\",\"datePublished\":\"2025-03-19T17:42:55+00:00\",\"author\":{\"@id\":\"https:\\\/\\\/haberkuzey.com\\\/#\\\/schema\\\/person\\\/3372109ec735f9333f4fa47ebb9605ca\"},\"breadcrumb\":{\"@id\":\"https:\\\/\\\/haberkuzey.com\\\/index.php\\\/2025\\\/03\\\/19\\\/tc-adalet-bakani-tunctan-istanbul-cumhuriyet-bassavciliginca-yurutulen-sorusturmalara-iliskin-aciklama\\\/#breadcrumb\"},\"inLanguage\":\"tr\",\"potentialAction\":[{\"@type\":\"ReadAction\",\"target\":[\"https:\\\/\\\/haberkuzey.com\\\/index.php\\\/2025\\\/03\\\/19\\\/tc-adalet-bakani-tunctan-istanbul-cumhuriyet-bassavciliginca-yurutulen-sorusturmalara-iliskin-aciklama\\\/\"]}]},{\"@type\":\"ImageObject\",\"inLanguage\":\"tr\",\"@id\":\"https:\\\/\\\/haberkuzey.com\\\/index.php\\\/2025\\\/03\\\/19\\\/tc-adalet-bakani-tunctan-istanbul-cumhuriyet-bassavciliginca-yurutulen-sorusturmalara-iliskin-aciklama\\\/#primaryimage\",\"url\":\"https:\\\/\\\/haberkuzey.com\\\/wp-content\\\/uploads\\\/2025\\\/03\\\/adaetbakani.jpg\",\"contentUrl\":\"https:\\\/\\\/haberkuzey.com\\\/wp-content\\\/uploads\\\/2025\\\/03\\\/adaetbakani.jpg\",\"width\":910,\"height\":430},{\"@type\":\"BreadcrumbList\",\"@id\":\"https:\\\/\\\/haberkuzey.com\\\/index.php\\\/2025\\\/03\\\/19\\\/tc-adalet-bakani-tunctan-istanbul-cumhuriyet-bassavciliginca-yurutulen-sorusturmalara-iliskin-aciklama\\\/#breadcrumb\",\"itemListElement\":[{\"@type\":\"ListItem\",\"position\":1,\"name\":\"Anasayfa\",\"item\":\"https:\\\/\\\/haberkuzey.com\\\/\"},{\"@type\":\"ListItem\",\"position\":2,\"name\":\"TC Adalet Bakan\u0131 Tun\u00e7\u2019tan \u0130stanbul Cumhuriyet Ba\u015fsavc\u0131l\u0131\u011f\u0131nca y\u00fcr\u00fct\u00fclen soru\u015fturmalara ili\u015fkin a\u00e7\u0131klama\u2026\"}]},{\"@type\":\"WebSite\",\"@id\":\"https:\\\/\\\/haberkuzey.com\\\/#website\",\"url\":\"https:\\\/\\\/haberkuzey.com\\\/\",\"name\":\"Haber Kuzey\",\"description\":\"Do\u011fru Haberin Adresi\",\"potentialAction\":[{\"@type\":\"SearchAction\",\"target\":{\"@type\":\"EntryPoint\",\"urlTemplate\":\"https:\\\/\\\/haberkuzey.com\\\/?s={search_term_string}\"},\"query-input\":{\"@type\":\"PropertyValueSpecification\",\"valueRequired\":true,\"valueName\":\"search_term_string\"}}],\"inLanguage\":\"tr\"},{\"@type\":\"Person\",\"@id\":\"https:\\\/\\\/haberkuzey.com\\\/#\\\/schema\\\/person\\\/3372109ec735f9333f4fa47ebb9605ca\",\"name\":\"haberkuzey\",\"image\":{\"@type\":\"ImageObject\",\"inLanguage\":\"tr\",\"@id\":\"https:\\\/\\\/secure.gravatar.com\\\/avatar\\\/f5fc875574b1575324358c3b9e6a32b8227aa5b74f3fa22e3cadb63e26fcc39c?s=96&d=mm&r=g\",\"url\":\"https:\\\/\\\/secure.gravatar.com\\\/avatar\\\/f5fc875574b1575324358c3b9e6a32b8227aa5b74f3fa22e3cadb63e26fcc39c?s=96&d=mm&r=g\",\"contentUrl\":\"https:\\\/\\\/secure.gravatar.com\\\/avatar\\\/f5fc875574b1575324358c3b9e6a32b8227aa5b74f3fa22e3cadb63e26fcc39c?s=96&d=mm&r=g\",\"caption\":\"haberkuzey\"},\"sameAs\":[\"https:\\\/\\\/haberkuzey.com\"],\"url\":\"https:\\\/\\\/haberkuzey.com\\\/index.php\\\/author\\\/haberkuzey\\\/\"}]}<\/script>\n<!-- \/ Yoast SEO plugin. -->","yoast_head_json":{"title":"TC Adalet Bakan\u0131 Tun\u00e7\u2019tan \u0130stanbul Cumhuriyet Ba\u015fsavc\u0131l\u0131\u011f\u0131nca y\u00fcr\u00fct\u00fclen soru\u015fturmalara ili\u015fkin a\u00e7\u0131klama\u2026 - Haber Kuzey","robots":{"index":"index","follow":"follow","max-snippet":"max-snippet:-1","max-image-preview":"max-image-preview:large","max-video-preview":"max-video-preview:-1"},"canonical":"https:\/\/haberkuzey.com\/index.php\/2025\/03\/19\/tc-adalet-bakani-tunctan-istanbul-cumhuriyet-bassavciliginca-yurutulen-sorusturmalara-iliskin-aciklama\/","og_locale":"tr_TR","og_type":"article","og_title":"TC Adalet Bakan\u0131 Tun\u00e7\u2019tan \u0130stanbul Cumhuriyet Ba\u015fsavc\u0131l\u0131\u011f\u0131nca y\u00fcr\u00fct\u00fclen soru\u015fturmalara ili\u015fkin a\u00e7\u0131klama\u2026 - Haber Kuzey","og_description":"TC Adalet Bakan\u0131 Y\u0131lmaz Tun\u00e7, \u201cTarafs\u0131z ve ba\u011f\u0131ms\u0131z yarg\u0131n\u0131n ger\u00e7ekle\u015ftirmekte oldu\u011fu soru\u015fturmalar\u0131 farkl\u0131 taraflara \u00e7ekmek, darbe gibi ifadelerle nitelendirmek son derece tehlikeli ve yanl\u0131\u015ft\u0131r.\u201d dedi. Tun\u00e7, Adalet Bakanl\u0131\u011f\u0131nda g\u00fcndeme dair a\u00e7\u0131klamalarda bulundu. \u0130stanbul Cumhuriyet Ba\u015fsavc\u0131l\u0131\u011f\u0131 taraf\u0131ndan y\u00fcr\u00fct\u00fclen soru\u015fturmalar kapsam\u0131nda aralar\u0131nda \u0130stanbul B\u00fcy\u00fck\u015fehir Belediye Ba\u015fkan\u0131 Ekrem \u0130mamo\u011flu\u2019nun da bulundu\u011fu 106 \u015f\u00fcpheli hakk\u0131nda bu sabah itibar\u0131yla g\u00f6zalt\u0131 [&hellip;]","og_url":"https:\/\/haberkuzey.com\/index.php\/2025\/03\/19\/tc-adalet-bakani-tunctan-istanbul-cumhuriyet-bassavciliginca-yurutulen-sorusturmalara-iliskin-aciklama\/","og_site_name":"Haber Kuzey","article_published_time":"2025-03-19T17:42:55+00:00","og_image":[{"url":"https:\/\/brtk.net\/wp-content\/uploads\/2025\/03\/19\/adaetbakani.jpg?ver=f6eae3eaf76f1a1c3a4db809592577e8","type":"","width":"","height":""}],"author":"haberkuzey","twitter_card":"summary_large_image","twitter_misc":{"Yazan:":"haberkuzey","Tahmini okuma s\u00fcresi":"5 dakika"},"schema":{"@context":"https:\/\/schema.org","@graph":[{"@type":"Article","@id":"https:\/\/haberkuzey.com\/index.php\/2025\/03\/19\/tc-adalet-bakani-tunctan-istanbul-cumhuriyet-bassavciliginca-yurutulen-sorusturmalara-iliskin-aciklama\/#article","isPartOf":{"@id":"https:\/\/haberkuzey.com\/index.php\/2025\/03\/19\/tc-adalet-bakani-tunctan-istanbul-cumhuriyet-bassavciliginca-yurutulen-sorusturmalara-iliskin-aciklama\/"},"author":{"name":"haberkuzey","@id":"https:\/\/haberkuzey.com\/#\/schema\/person\/3372109ec735f9333f4fa47ebb9605ca"},"headline":"TC Adalet Bakan\u0131 Tun\u00e7\u2019tan \u0130stanbul Cumhuriyet Ba\u015fsavc\u0131l\u0131\u011f\u0131nca y\u00fcr\u00fct\u00fclen soru\u015fturmalara ili\u015fkin a\u00e7\u0131klama\u2026","datePublished":"2025-03-19T17:42:55+00:00","mainEntityOfPage":{"@id":"https:\/\/haberkuzey.com\/index.php\/2025\/03\/19\/tc-adalet-bakani-tunctan-istanbul-cumhuriyet-bassavciliginca-yurutulen-sorusturmalara-iliskin-aciklama\/"},"wordCount":971,"commentCount":0,"image":{"@id":"https:\/\/haberkuzey.com\/index.php\/2025\/03\/19\/tc-adalet-bakani-tunctan-istanbul-cumhuriyet-bassavciliginca-yurutulen-sorusturmalara-iliskin-aciklama\/#primaryimage"},"thumbnailUrl":"https:\/\/haberkuzey.com\/wp-content\/uploads\/2025\/03\/adaetbakani.jpg","articleSection":["D\u00fcnya"],"inLanguage":"tr","potentialAction":[{"@type":"CommentAction","name":"Comment","target":["https:\/\/haberkuzey.com\/index.php\/2025\/03\/19\/tc-adalet-bakani-tunctan-istanbul-cumhuriyet-bassavciliginca-yurutulen-sorusturmalara-iliskin-aciklama\/#respond"]}]},{"@type":"WebPage","@id":"https:\/\/haberkuzey.com\/index.php\/2025\/03\/19\/tc-adalet-bakani-tunctan-istanbul-cumhuriyet-bassavciliginca-yurutulen-sorusturmalara-iliskin-aciklama\/","url":"https:\/\/haberkuzey.com\/index.php\/2025\/03\/19\/tc-adalet-bakani-tunctan-istanbul-cumhuriyet-bassavciliginca-yurutulen-sorusturmalara-iliskin-aciklama\/","name":"TC Adalet Bakan\u0131 Tun\u00e7\u2019tan \u0130stanbul Cumhuriyet Ba\u015fsavc\u0131l\u0131\u011f\u0131nca y\u00fcr\u00fct\u00fclen soru\u015fturmalara ili\u015fkin a\u00e7\u0131klama\u2026 - Haber Kuzey","isPartOf":{"@id":"https:\/\/haberkuzey.com\/#website"},"primaryImageOfPage":{"@id":"https:\/\/haberkuzey.com\/index.php\/2025\/03\/19\/tc-adalet-bakani-tunctan-istanbul-cumhuriyet-bassavciliginca-yurutulen-sorusturmalara-iliskin-aciklama\/#primaryimage"},"image":{"@id":"https:\/\/haberkuzey.com\/index.php\/2025\/03\/19\/tc-adalet-bakani-tunctan-istanbul-cumhuriyet-bassavciliginca-yurutulen-sorusturmalara-iliskin-aciklama\/#primaryimage"},"thumbnailUrl":"https:\/\/haberkuzey.com\/wp-content\/uploads\/2025\/03\/adaetbakani.jpg","datePublished":"2025-03-19T17:42:55+00:00","author":{"@id":"https:\/\/haberkuzey.com\/#\/schema\/person\/3372109ec735f9333f4fa47ebb9605ca"},"breadcrumb":{"@id":"https:\/\/haberkuzey.com\/index.php\/2025\/03\/19\/tc-adalet-bakani-tunctan-istanbul-cumhuriyet-bassavciliginca-yurutulen-sorusturmalara-iliskin-aciklama\/#breadcrumb"},"inLanguage":"tr","potentialAction":[{"@type":"ReadAction","target":["https:\/\/haberkuzey.com\/index.php\/2025\/03\/19\/tc-adalet-bakani-tunctan-istanbul-cumhuriyet-bassavciliginca-yurutulen-sorusturmalara-iliskin-aciklama\/"]}]},{"@type":"ImageObject","inLanguage":"tr","@id":"https:\/\/haberkuzey.com\/index.php\/2025\/03\/19\/tc-adalet-bakani-tunctan-istanbul-cumhuriyet-bassavciliginca-yurutulen-sorusturmalara-iliskin-aciklama\/#primaryimage","url":"https:\/\/haberkuzey.com\/wp-content\/uploads\/2025\/03\/adaetbakani.jpg","contentUrl":"https:\/\/haberkuzey.com\/wp-content\/uploads\/2025\/03\/adaetbakani.jpg","width":910,"height":430},{"@type":"BreadcrumbList","@id":"https:\/\/haberkuzey.com\/index.php\/2025\/03\/19\/tc-adalet-bakani-tunctan-istanbul-cumhuriyet-bassavciliginca-yurutulen-sorusturmalara-iliskin-aciklama\/#breadcrumb","itemListElement":[{"@type":"ListItem","position":1,"name":"Anasayfa","item":"https:\/\/haberkuzey.com\/"},{"@type":"ListItem","position":2,"name":"TC Adalet Bakan\u0131 Tun\u00e7\u2019tan \u0130stanbul Cumhuriyet Ba\u015fsavc\u0131l\u0131\u011f\u0131nca y\u00fcr\u00fct\u00fclen soru\u015fturmalara ili\u015fkin a\u00e7\u0131klama\u2026"}]},{"@type":"WebSite","@id":"https:\/\/haberkuzey.com\/#website","url":"https:\/\/haberkuzey.com\/","name":"Haber Kuzey","description":"Do\u011fru Haberin Adresi","potentialAction":[{"@type":"SearchAction","target":{"@type":"EntryPoint","urlTemplate":"https:\/\/haberkuzey.com\/?s={search_term_string}"},"query-input":{"@type":"PropertyValueSpecification","valueRequired":true,"valueName":"search_term_string"}}],"inLanguage":"tr"},{"@type":"Person","@id":"https:\/\/haberkuzey.com\/#\/schema\/person\/3372109ec735f9333f4fa47ebb9605ca","name":"haberkuzey","image":{"@type":"ImageObject","inLanguage":"tr","@id":"https:\/\/secure.gravatar.com\/avatar\/f5fc875574b1575324358c3b9e6a32b8227aa5b74f3fa22e3cadb63e26fcc39c?s=96&d=mm&r=g","url":"https:\/\/secure.gravatar.com\/avatar\/f5fc875574b1575324358c3b9e6a32b8227aa5b74f3fa22e3cadb63e26fcc39c?s=96&d=mm&r=g","contentUrl":"https:\/\/secure.gravatar.com\/avatar\/f5fc875574b1575324358c3b9e6a32b8227aa5b74f3fa22e3cadb63e26fcc39c?s=96&d=mm&r=g","caption":"haberkuzey"},"sameAs":["https:\/\/haberkuzey.com"],"url":"https:\/\/haberkuzey.com\/index.php\/author\/haberkuzey\/"}]}},"_links":{"self":[{"href":"https:\/\/haberkuzey.com\/index.php\/wp-json\/wp\/v2\/posts\/20228","targetHints":{"allow":["GET"]}}],"collection":[{"href":"https:\/\/haberkuzey.com\/index.php\/wp-json\/wp\/v2\/posts"}],"about":[{"href":"https:\/\/haberkuzey.com\/index.php\/wp-json\/wp\/v2\/types\/post"}],"author":[{"embeddable":true,"href":"https:\/\/haberkuzey.com\/index.php\/wp-json\/wp\/v2\/users\/1"}],"replies":[{"embeddable":true,"href":"https:\/\/haberkuzey.com\/index.php\/wp-json\/wp\/v2\/comments?post=20228"}],"version-history":[{"count":0,"href":"https:\/\/haberkuzey.com\/index.php\/wp-json\/wp\/v2\/posts\/20228\/revisions"}],"wp:featuredmedia":[{"embeddable":true,"href":"https:\/\/haberkuzey.com\/index.php\/wp-json\/wp\/v2\/media\/20229"}],"wp:attachment":[{"href":"https:\/\/haberkuzey.com\/index.php\/wp-json\/wp\/v2\/media?parent=20228"}],"wp:term":[{"taxonomy":"category","embeddable":true,"href":"https:\/\/haberkuzey.com\/index.php\/wp-json\/wp\/v2\/categories?post=20228"},{"taxonomy":"post_tag","embeddable":true,"href":"https:\/\/haberkuzey.com\/index.php\/wp-json\/wp\/v2\/tags?post=20228"}],"curies":[{"name":"wp","href":"https:\/\/api.w.org\/{rel}","templated":true}]}}