{"id":20200,"date":"2025-03-19T16:10:42","date_gmt":"2025-03-19T14:10:42","guid":{"rendered":"https:\/\/haberkuzey.com\/index.php\/2025\/03\/19\/cumhurbaskani-tatar-turkiye-cumhuriyeti-genclik-ve-spor-bakani-baki-kabul-ettitatar-gencligimize-hak-ettikleri-imkanlari-vermek-bizlerin-gorevi-ve-sorumlulugudur\/"},"modified":"2025-03-19T16:10:42","modified_gmt":"2025-03-19T14:10:42","slug":"cumhurbaskani-tatar-turkiye-cumhuriyeti-genclik-ve-spor-bakani-baki-kabul-ettitatar-gencligimize-hak-ettikleri-imkanlari-vermek-bizlerin-gorevi-ve-sorumlulugudur","status":"publish","type":"post","link":"https:\/\/haberkuzey.com\/index.php\/2025\/03\/19\/cumhurbaskani-tatar-turkiye-cumhuriyeti-genclik-ve-spor-bakani-baki-kabul-ettitatar-gencligimize-hak-ettikleri-imkanlari-vermek-bizlerin-gorevi-ve-sorumlulugudur\/","title":{"rendered":"Cumhurba\u015fkan\u0131 Tatar, T\u00fcrkiye Cumhuriyeti Gen\u00e7lik ve Spor Bakan\u0131 Bak\u2019\u0131 kabul etti\u2026Tatar: \u201cGen\u00e7li\u011fimize hak ettikleri imkanlar\u0131 vermek bizlerin g\u00f6revi ve sorumlulu\u011fudur\u201d"},"content":{"rendered":"<div>\n<div class=\"mariselle-image-container center\">\n                                            <\/div>\n<p>Cumhurba\u015fkan\u0131 Ersin Tatar, resmi temaslarda bulunmak \u00fczere bug\u00fcn \u00f6\u011fle saatlerinde \u00fclkeye gelen T\u00fcrkiye Cumhuriyeti Gen\u00e7lik ve Spor Bakan\u0131 Osman A\u015fk\u0131n Bak ve heyetini kabul etti.<\/p>\n<p>Cumhurba\u015fkanl\u0131\u011f\u0131\u2019nda saat 14.00\u2019te yer alan kabulde, T\u00fcrkiye Cumhuriyeti Lefko\u015fa B\u00fcy\u00fckel\u00e7isi Ali Murat Ba\u015f\u00e7eri ve Milli E\u011fitim Bakan\u0131 Naz\u0131m \u00c7avu\u015fo\u011flu da haz\u0131r bulundu.<\/p>\n<p><strong>-Tatar: \u201cGen\u00e7li\u011fimize hak ettikleri imkanlar\u0131 vermek bizlerin g\u00f6revi ve sorumlulu\u011fudur\u201d<\/strong><\/p>\n<p>Kabulde konu\u015fan Cumhurba\u015fkan\u0131 Ersin Tatar, spor dal\u0131nda T\u00fcrkiye Cumhuriyeti\u2019nin deste\u011fini \u00e7ok \u00f6nemsedi\u011fini s\u00f6yledi.<\/p>\n<p>Sporda Kuzey K\u0131br\u0131s T\u00fcrk Cumhuriyeti\u2019nin sorunlar\u0131 oldu\u011funu ancak \u00fclkede \u00e7ok iyi sporcular bulundu\u011funu belirten Tatar, Paris Olimpiyatlar\u0131\u2019nda Buse Sava\u015fkan\u2019\u0131n T\u00fcrkiye Cumhuriyeti\u2019nin milli tak\u0131m\u0131nda yar\u0131\u015farak dereceye girdi\u011fini hat\u0131rlatt\u0131.<\/p>\n<p>\u0130zolasyonlar\u0131n b\u00fcy\u00fck bir haks\u0131zl\u0131k oldu\u011funu kaydeden Tatar, baz\u0131 K\u0131br\u0131sl\u0131 sporcular\u0131n T\u00fcrkiye tak\u0131mlar\u0131nda yer buldu\u011funu s\u00f6yledi.<\/p>\n<p>\u201cT\u00fcrkiye\u2019nin bize olan deste\u011fini her zaman \u00f6nemsiyoruz.\u201d diyen Tatar, altyap\u0131 imkanlar\u0131n\u0131n artmas\u0131n\u0131n ve gen\u00e7lerin spor yapma olana\u011f\u0131 bulmas\u0131n\u0131n \u00e7ok \u00f6nemli oldu\u011funu ifade etti.<\/p>\n<p><strong>-Lefko\u015fa\u2019ya y\u00fczme havuzu i\u00e7in destek talep etti<\/strong><\/p>\n<p>\u00dclkede y\u00fczme sporunun \u00f6nemine de de\u011finen Tatar, bir y\u00fczme havuzuna ihtiya\u00e7 oldu\u011funu belirterek, Lefko\u015fa\u2019ya bir y\u00fczme havuzu kazand\u0131r\u0131lmas\u0131 i\u00e7in Bakan Bak\u2019tan destek istedi.<\/p>\n<p>T\u00fcrkiye Cumhuriyeti\u2019nin spor dallar\u0131ndaki ba\u015far\u0131lar\u0131n\u0131 yak\u0131ndan izledi\u011fini s\u00f6yleyen Tatar, KKTC\u2019de de ki\u015fisel sporlarda \u00e7ok ba\u015far\u0131l\u0131 \u00e7ocuklar oldu\u011funu ve bunlar\u0131 erken ya\u015flarda yeti\u015ftirmek gerekti\u011fini kaydetti.<\/p>\n<p>Cumhurba\u015fkan\u0131 Tatar, \u00e7ocuklara ve gen\u00e7lere gerekli f\u0131rsatlar\u0131 vermenin herkesin g\u00f6revi oldu\u011funu vurgulayarak, \u201cBu bak\u0131mdan T\u00fcrkiye Cumhuriyeti\u2019nin deste\u011fi her alanda oldu\u011fu gibi burada da fevkalade \u00f6nemlidir.\u201d dedi.<\/p>\n<p>KKTC futbolunun Asya Ligi gibi liglerde f\u0131rsat yakalayabilece\u011fini aktaran Tatar, \u201cGen\u00e7li\u011fimize sizlerin de deste\u011fi ile hak ettikleri imkanlar\u0131 vermek bizlerin g\u00f6revi ve sorumlulu\u011fudur.\u201d diye konu\u015ftu.<\/p>\n<p><strong>-Bak: \u201cBizler i\u00e7in K\u0131br\u0131s\u2019\u0131n ba\u015far\u0131s\u0131, g\u00fc\u00e7l\u00fc olmas\u0131 \u00e7ok \u00e7ok k\u0131ymetli\u201d<\/strong><\/p>\n<p>T\u00fcrkiye Cumhuriyeti Gen\u00e7lik ve Spor Bakan\u0131 Osman A\u015fk\u0131n Bak ise s\u00f6zlerine, T\u00fcrkiye Cumhurba\u015fkan\u0131 Recep Tayyip Erdo\u011fan\u2019\u0131n selam\u0131n\u0131 ileterek ba\u015flad\u0131.<\/p>\n<p>K\u0131br\u0131s ziyaretinde yurtlar\u0131 ziyaret edece\u011fini ve \u00f6\u011frencilerle iftar yapaca\u011f\u0131n\u0131 aktaran Bak, ada i\u00e7in \u00fcniversite \u00f6\u011frencilerinin \u00f6neminin \u00e7ok b\u00fcy\u00fck oldu\u011funu kaydetti; T\u00fcrkiye\u2019den KKTC\u2019ye e\u011fitime gelen \u00f6\u011frencilerin bar\u0131nma kapasitesini art\u0131rmak istediklerini s\u00f6yledi.<\/p>\n<p>KKTC\u2019nin spor platformlar\u0131nda yer almas\u0131 i\u00e7in \u00e7aba g\u00f6sterdiklerini anlatan Bak, KKTC\u2019de spor tesisleri yapmaya devam ettiklerini kaydetti.<\/p>\n<p>Osman A\u015fk\u0131n Bak, sporun gen\u00e7ler i\u00e7in \u00f6neminden bahsederek, KKTC\u2019li ba\u015far\u0131l\u0131 sporcular\u0131n T\u00fcrkiye formas\u0131 alt\u0131nda \u00f6nemli i\u015fler yapt\u0131\u011f\u0131n\u0131 belirtti.<\/p>\n<p><strong>-Cevdet Y\u0131lmaz 10 Nisan\u2019da gelecek<\/strong><\/p>\n<p>\u201cBizler i\u00e7in K\u0131br\u0131s\u2019\u0131n ba\u015far\u0131s\u0131, g\u00fc\u00e7l\u00fc olmas\u0131 \u00e7ok \u00e7ok k\u0131ymetli. Her platformda bunlar\u0131 savunuyoruz.\u201d diyen Bak, 10 Nisan\u2019da TC Cumhurba\u015fkan\u0131 Yard\u0131mc\u0131s\u0131 Cevdet Y\u0131lmaz\u2019\u0131n KKTC\u2019yi ziyaret edece\u011fini s\u00f6yledi.<\/p>\n<p>Havuz talebini h\u0131zl\u0131 \u015fekilde de\u011ferlendireceklerini ve bu talebi yerine getireceklerini ifade eden Bak, KKTC\u2019nin turnuvalarda yer almas\u0131 i\u00e7in \u00e7al\u0131\u015ft\u0131klar\u0131n\u0131 da kaydetti.<\/p>\n<p>Sporda KKTC\u2019nin g\u00fc\u00e7l\u00fc bir alt yap\u0131ya sahip olmas\u0131n\u0131n ayn\u0131 zamanda kendi altyap\u0131lar\u0131 oldu\u011funu belirten Bak, KKTC\u2019li sporcular\u0131n TC milli formas\u0131 alt\u0131nda yer almas\u0131n\u0131n \u00e7ok gurur verici oldu\u011funu s\u00f6yledi.<\/p>\n<p>Bu y\u0131l TEKNOFEST\u2019in de KKTC\u2019de yap\u0131laca\u011f\u0131n\u0131 an\u0131msatan Bakan Bak, \u00e7ok g\u00fczel bir festival olaca\u011f\u0131n\u0131 s\u00f6yledi.<\/p>\n<\/p><\/div>\n<p><script async\n                    defer\n                    crossorigin=\"anonymous\"\n                    src=\"https:\/\/connect.facebook.net\/tr_TR\/sdk.js#xfbml=1&#038;version=v3.3\"\n            ><\/script><\/p>\n","protected":false},"excerpt":{"rendered":"<p>Cumhurba\u015fkan\u0131 Ersin Tatar, resmi temaslarda bulunmak \u00fczere bug\u00fcn \u00f6\u011fle saatlerinde \u00fclkeye gelen T\u00fcrkiye Cumhuriyeti Gen\u00e7lik ve Spor Bakan\u0131 Osman A\u015fk\u0131n Bak ve heyetini kabul etti. Cumhurba\u015fkanl\u0131\u011f\u0131\u2019nda saat 14.00\u2019te yer alan kabulde, T\u00fcrkiye Cumhuriyeti Lefko\u015fa B\u00fcy\u00fckel\u00e7isi Ali Murat Ba\u015f\u00e7eri ve Milli E\u011fitim Bakan\u0131 Naz\u0131m \u00c7avu\u015fo\u011flu da haz\u0131r bulundu. -Tatar: \u201cGen\u00e7li\u011fimize hak ettikleri imkanlar\u0131 vermek bizlerin g\u00f6revi [&hellip;]<\/p>\n","protected":false},"author":1,"featured_media":20201,"comment_status":"open","ping_status":"open","sticky":false,"template":"","format":"standard","meta":{"jnews-multi-image_gallery":[],"jnews_single_post":[],"jnews_primary_category":[],"footnotes":""},"categories":[2],"tags":[],"class_list":["post-20200","post","type-post","status-publish","format-standard","has-post-thumbnail","hentry","category-dunya"],"yoast_head":"<!-- This site is optimized with the Yoast SEO plugin v27.5 - https:\/\/yoast.com\/product\/yoast-seo-wordpress\/ -->\n<title>Cumhurba\u015fkan\u0131 Tatar, T\u00fcrkiye Cumhuriyeti Gen\u00e7lik ve Spor Bakan\u0131 Bak\u2019\u0131 kabul etti\u2026Tatar: \u201cGen\u00e7li\u011fimize hak ettikleri imkanlar\u0131 vermek bizlerin g\u00f6revi ve sorumlulu\u011fudur\u201d - Haber Kuzey<\/title>\n<meta name=\"robots\" content=\"index, follow, max-snippet:-1, max-image-preview:large, max-video-preview:-1\" \/>\n<link rel=\"canonical\" href=\"https:\/\/haberkuzey.com\/index.php\/2025\/03\/19\/cumhurbaskani-tatar-turkiye-cumhuriyeti-genclik-ve-spor-bakani-baki-kabul-ettitatar-gencligimize-hak-ettikleri-imkanlari-vermek-bizlerin-gorevi-ve-sorumlulugudur\/\" \/>\n<meta property=\"og:locale\" content=\"tr_TR\" \/>\n<meta property=\"og:type\" content=\"article\" \/>\n<meta property=\"og:title\" content=\"Cumhurba\u015fkan\u0131 Tatar, T\u00fcrkiye Cumhuriyeti Gen\u00e7lik ve Spor Bakan\u0131 Bak\u2019\u0131 kabul etti\u2026Tatar: \u201cGen\u00e7li\u011fimize hak ettikleri imkanlar\u0131 vermek bizlerin g\u00f6revi ve sorumlulu\u011fudur\u201d - Haber Kuzey\" \/>\n<meta property=\"og:description\" content=\"Cumhurba\u015fkan\u0131 Ersin Tatar, resmi temaslarda bulunmak \u00fczere bug\u00fcn \u00f6\u011fle saatlerinde \u00fclkeye gelen T\u00fcrkiye Cumhuriyeti Gen\u00e7lik ve Spor Bakan\u0131 Osman A\u015fk\u0131n Bak ve heyetini kabul etti. Cumhurba\u015fkanl\u0131\u011f\u0131\u2019nda saat 14.00\u2019te yer alan kabulde, T\u00fcrkiye Cumhuriyeti Lefko\u015fa B\u00fcy\u00fckel\u00e7isi Ali Murat Ba\u015f\u00e7eri ve Milli E\u011fitim Bakan\u0131 Naz\u0131m \u00c7avu\u015fo\u011flu da haz\u0131r bulundu. -Tatar: \u201cGen\u00e7li\u011fimize hak ettikleri imkanlar\u0131 vermek bizlerin g\u00f6revi [&hellip;]\" \/>\n<meta property=\"og:url\" content=\"https:\/\/haberkuzey.com\/index.php\/2025\/03\/19\/cumhurbaskani-tatar-turkiye-cumhuriyeti-genclik-ve-spor-bakani-baki-kabul-ettitatar-gencligimize-hak-ettikleri-imkanlari-vermek-bizlerin-gorevi-ve-sorumlulugudur\/\" \/>\n<meta property=\"og:site_name\" content=\"Haber Kuzey\" \/>\n<meta property=\"article:published_time\" content=\"2025-03-19T14:10:42+00:00\" \/>\n<meta property=\"og:image\" content=\"https:\/\/brtk.net\/wp-content\/uploads\/2025\/03\/19\/1742390739024TATAR-BAK-SO-1.jpeg?ver=23216fb01e461dd3dd652d3603c8c2f2\" \/>\n<meta name=\"author\" content=\"haberkuzey\" \/>\n<meta name=\"twitter:card\" content=\"summary_large_image\" \/>\n<meta name=\"twitter:label1\" content=\"Yazan:\" \/>\n\t<meta name=\"twitter:data1\" content=\"haberkuzey\" \/>\n\t<meta name=\"twitter:label2\" content=\"Tahmini okuma s\u00fcresi\" \/>\n\t<meta name=\"twitter:data2\" content=\"3 dakika\" \/>\n<script type=\"application\/ld+json\" class=\"yoast-schema-graph\">{\"@context\":\"https:\\\/\\\/schema.org\",\"@graph\":[{\"@type\":\"Article\",\"@id\":\"https:\\\/\\\/haberkuzey.com\\\/index.php\\\/2025\\\/03\\\/19\\\/cumhurbaskani-tatar-turkiye-cumhuriyeti-genclik-ve-spor-bakani-baki-kabul-ettitatar-gencligimize-hak-ettikleri-imkanlari-vermek-bizlerin-gorevi-ve-sorumlulugudur\\\/#article\",\"isPartOf\":{\"@id\":\"https:\\\/\\\/haberkuzey.com\\\/index.php\\\/2025\\\/03\\\/19\\\/cumhurbaskani-tatar-turkiye-cumhuriyeti-genclik-ve-spor-bakani-baki-kabul-ettitatar-gencligimize-hak-ettikleri-imkanlari-vermek-bizlerin-gorevi-ve-sorumlulugudur\\\/\"},\"author\":{\"name\":\"haberkuzey\",\"@id\":\"https:\\\/\\\/haberkuzey.com\\\/#\\\/schema\\\/person\\\/3372109ec735f9333f4fa47ebb9605ca\"},\"headline\":\"Cumhurba\u015fkan\u0131 Tatar, T\u00fcrkiye Cumhuriyeti Gen\u00e7lik ve Spor Bakan\u0131 Bak\u2019\u0131 kabul etti\u2026Tatar: \u201cGen\u00e7li\u011fimize hak ettikleri imkanlar\u0131 vermek bizlerin g\u00f6revi ve sorumlulu\u011fudur\u201d\",\"datePublished\":\"2025-03-19T14:10:42+00:00\",\"mainEntityOfPage\":{\"@id\":\"https:\\\/\\\/haberkuzey.com\\\/index.php\\\/2025\\\/03\\\/19\\\/cumhurbaskani-tatar-turkiye-cumhuriyeti-genclik-ve-spor-bakani-baki-kabul-ettitatar-gencligimize-hak-ettikleri-imkanlari-vermek-bizlerin-gorevi-ve-sorumlulugudur\\\/\"},\"wordCount\":677,\"commentCount\":0,\"image\":{\"@id\":\"https:\\\/\\\/haberkuzey.com\\\/index.php\\\/2025\\\/03\\\/19\\\/cumhurbaskani-tatar-turkiye-cumhuriyeti-genclik-ve-spor-bakani-baki-kabul-ettitatar-gencligimize-hak-ettikleri-imkanlari-vermek-bizlerin-gorevi-ve-sorumlulugudur\\\/#primaryimage\"},\"thumbnailUrl\":\"https:\\\/\\\/haberkuzey.com\\\/wp-content\\\/uploads\\\/2025\\\/03\\\/1742390739024TATAR-BAK-SO-1.jpeg\",\"articleSection\":[\"D\u00fcnya\"],\"inLanguage\":\"tr\",\"potentialAction\":[{\"@type\":\"CommentAction\",\"name\":\"Comment\",\"target\":[\"https:\\\/\\\/haberkuzey.com\\\/index.php\\\/2025\\\/03\\\/19\\\/cumhurbaskani-tatar-turkiye-cumhuriyeti-genclik-ve-spor-bakani-baki-kabul-ettitatar-gencligimize-hak-ettikleri-imkanlari-vermek-bizlerin-gorevi-ve-sorumlulugudur\\\/#respond\"]}]},{\"@type\":\"WebPage\",\"@id\":\"https:\\\/\\\/haberkuzey.com\\\/index.php\\\/2025\\\/03\\\/19\\\/cumhurbaskani-tatar-turkiye-cumhuriyeti-genclik-ve-spor-bakani-baki-kabul-ettitatar-gencligimize-hak-ettikleri-imkanlari-vermek-bizlerin-gorevi-ve-sorumlulugudur\\\/\",\"url\":\"https:\\\/\\\/haberkuzey.com\\\/index.php\\\/2025\\\/03\\\/19\\\/cumhurbaskani-tatar-turkiye-cumhuriyeti-genclik-ve-spor-bakani-baki-kabul-ettitatar-gencligimize-hak-ettikleri-imkanlari-vermek-bizlerin-gorevi-ve-sorumlulugudur\\\/\",\"name\":\"Cumhurba\u015fkan\u0131 Tatar, T\u00fcrkiye Cumhuriyeti Gen\u00e7lik ve Spor Bakan\u0131 Bak\u2019\u0131 kabul etti\u2026Tatar: \u201cGen\u00e7li\u011fimize hak ettikleri imkanlar\u0131 vermek bizlerin g\u00f6revi ve sorumlulu\u011fudur\u201d - Haber Kuzey\",\"isPartOf\":{\"@id\":\"https:\\\/\\\/haberkuzey.com\\\/#website\"},\"primaryImageOfPage\":{\"@id\":\"https:\\\/\\\/haberkuzey.com\\\/index.php\\\/2025\\\/03\\\/19\\\/cumhurbaskani-tatar-turkiye-cumhuriyeti-genclik-ve-spor-bakani-baki-kabul-ettitatar-gencligimize-hak-ettikleri-imkanlari-vermek-bizlerin-gorevi-ve-sorumlulugudur\\\/#primaryimage\"},\"image\":{\"@id\":\"https:\\\/\\\/haberkuzey.com\\\/index.php\\\/2025\\\/03\\\/19\\\/cumhurbaskani-tatar-turkiye-cumhuriyeti-genclik-ve-spor-bakani-baki-kabul-ettitatar-gencligimize-hak-ettikleri-imkanlari-vermek-bizlerin-gorevi-ve-sorumlulugudur\\\/#primaryimage\"},\"thumbnailUrl\":\"https:\\\/\\\/haberkuzey.com\\\/wp-content\\\/uploads\\\/2025\\\/03\\\/1742390739024TATAR-BAK-SO-1.jpeg\",\"datePublished\":\"2025-03-19T14:10:42+00:00\",\"author\":{\"@id\":\"https:\\\/\\\/haberkuzey.com\\\/#\\\/schema\\\/person\\\/3372109ec735f9333f4fa47ebb9605ca\"},\"breadcrumb\":{\"@id\":\"https:\\\/\\\/haberkuzey.com\\\/index.php\\\/2025\\\/03\\\/19\\\/cumhurbaskani-tatar-turkiye-cumhuriyeti-genclik-ve-spor-bakani-baki-kabul-ettitatar-gencligimize-hak-ettikleri-imkanlari-vermek-bizlerin-gorevi-ve-sorumlulugudur\\\/#breadcrumb\"},\"inLanguage\":\"tr\",\"potentialAction\":[{\"@type\":\"ReadAction\",\"target\":[\"https:\\\/\\\/haberkuzey.com\\\/index.php\\\/2025\\\/03\\\/19\\\/cumhurbaskani-tatar-turkiye-cumhuriyeti-genclik-ve-spor-bakani-baki-kabul-ettitatar-gencligimize-hak-ettikleri-imkanlari-vermek-bizlerin-gorevi-ve-sorumlulugudur\\\/\"]}]},{\"@type\":\"ImageObject\",\"inLanguage\":\"tr\",\"@id\":\"https:\\\/\\\/haberkuzey.com\\\/index.php\\\/2025\\\/03\\\/19\\\/cumhurbaskani-tatar-turkiye-cumhuriyeti-genclik-ve-spor-bakani-baki-kabul-ettitatar-gencligimize-hak-ettikleri-imkanlari-vermek-bizlerin-gorevi-ve-sorumlulugudur\\\/#primaryimage\",\"url\":\"https:\\\/\\\/haberkuzey.com\\\/wp-content\\\/uploads\\\/2025\\\/03\\\/1742390739024TATAR-BAK-SO-1.jpeg\",\"contentUrl\":\"https:\\\/\\\/haberkuzey.com\\\/wp-content\\\/uploads\\\/2025\\\/03\\\/1742390739024TATAR-BAK-SO-1.jpeg\",\"width\":1600,\"height\":1068},{\"@type\":\"BreadcrumbList\",\"@id\":\"https:\\\/\\\/haberkuzey.com\\\/index.php\\\/2025\\\/03\\\/19\\\/cumhurbaskani-tatar-turkiye-cumhuriyeti-genclik-ve-spor-bakani-baki-kabul-ettitatar-gencligimize-hak-ettikleri-imkanlari-vermek-bizlerin-gorevi-ve-sorumlulugudur\\\/#breadcrumb\",\"itemListElement\":[{\"@type\":\"ListItem\",\"position\":1,\"name\":\"Anasayfa\",\"item\":\"https:\\\/\\\/haberkuzey.com\\\/\"},{\"@type\":\"ListItem\",\"position\":2,\"name\":\"Cumhurba\u015fkan\u0131 Tatar, T\u00fcrkiye Cumhuriyeti Gen\u00e7lik ve Spor Bakan\u0131 Bak\u2019\u0131 kabul etti\u2026Tatar: \u201cGen\u00e7li\u011fimize hak ettikleri imkanlar\u0131 vermek bizlerin g\u00f6revi ve sorumlulu\u011fudur\u201d\"}]},{\"@type\":\"WebSite\",\"@id\":\"https:\\\/\\\/haberkuzey.com\\\/#website\",\"url\":\"https:\\\/\\\/haberkuzey.com\\\/\",\"name\":\"Haber Kuzey\",\"description\":\"Do\u011fru Haberin Adresi\",\"potentialAction\":[{\"@type\":\"SearchAction\",\"target\":{\"@type\":\"EntryPoint\",\"urlTemplate\":\"https:\\\/\\\/haberkuzey.com\\\/?s={search_term_string}\"},\"query-input\":{\"@type\":\"PropertyValueSpecification\",\"valueRequired\":true,\"valueName\":\"search_term_string\"}}],\"inLanguage\":\"tr\"},{\"@type\":\"Person\",\"@id\":\"https:\\\/\\\/haberkuzey.com\\\/#\\\/schema\\\/person\\\/3372109ec735f9333f4fa47ebb9605ca\",\"name\":\"haberkuzey\",\"image\":{\"@type\":\"ImageObject\",\"inLanguage\":\"tr\",\"@id\":\"https:\\\/\\\/secure.gravatar.com\\\/avatar\\\/f5fc875574b1575324358c3b9e6a32b8227aa5b74f3fa22e3cadb63e26fcc39c?s=96&d=mm&r=g\",\"url\":\"https:\\\/\\\/secure.gravatar.com\\\/avatar\\\/f5fc875574b1575324358c3b9e6a32b8227aa5b74f3fa22e3cadb63e26fcc39c?s=96&d=mm&r=g\",\"contentUrl\":\"https:\\\/\\\/secure.gravatar.com\\\/avatar\\\/f5fc875574b1575324358c3b9e6a32b8227aa5b74f3fa22e3cadb63e26fcc39c?s=96&d=mm&r=g\",\"caption\":\"haberkuzey\"},\"sameAs\":[\"https:\\\/\\\/haberkuzey.com\"],\"url\":\"https:\\\/\\\/haberkuzey.com\\\/index.php\\\/author\\\/haberkuzey\\\/\"}]}<\/script>\n<!-- \/ Yoast SEO plugin. -->","yoast_head_json":{"title":"Cumhurba\u015fkan\u0131 Tatar, T\u00fcrkiye Cumhuriyeti Gen\u00e7lik ve Spor Bakan\u0131 Bak\u2019\u0131 kabul etti\u2026Tatar: \u201cGen\u00e7li\u011fimize hak ettikleri imkanlar\u0131 vermek bizlerin g\u00f6revi ve sorumlulu\u011fudur\u201d - Haber Kuzey","robots":{"index":"index","follow":"follow","max-snippet":"max-snippet:-1","max-image-preview":"max-image-preview:large","max-video-preview":"max-video-preview:-1"},"canonical":"https:\/\/haberkuzey.com\/index.php\/2025\/03\/19\/cumhurbaskani-tatar-turkiye-cumhuriyeti-genclik-ve-spor-bakani-baki-kabul-ettitatar-gencligimize-hak-ettikleri-imkanlari-vermek-bizlerin-gorevi-ve-sorumlulugudur\/","og_locale":"tr_TR","og_type":"article","og_title":"Cumhurba\u015fkan\u0131 Tatar, T\u00fcrkiye Cumhuriyeti Gen\u00e7lik ve Spor Bakan\u0131 Bak\u2019\u0131 kabul etti\u2026Tatar: \u201cGen\u00e7li\u011fimize hak ettikleri imkanlar\u0131 vermek bizlerin g\u00f6revi ve sorumlulu\u011fudur\u201d - Haber Kuzey","og_description":"Cumhurba\u015fkan\u0131 Ersin Tatar, resmi temaslarda bulunmak \u00fczere bug\u00fcn \u00f6\u011fle saatlerinde \u00fclkeye gelen T\u00fcrkiye Cumhuriyeti Gen\u00e7lik ve Spor Bakan\u0131 Osman A\u015fk\u0131n Bak ve heyetini kabul etti. Cumhurba\u015fkanl\u0131\u011f\u0131\u2019nda saat 14.00\u2019te yer alan kabulde, T\u00fcrkiye Cumhuriyeti Lefko\u015fa B\u00fcy\u00fckel\u00e7isi Ali Murat Ba\u015f\u00e7eri ve Milli E\u011fitim Bakan\u0131 Naz\u0131m \u00c7avu\u015fo\u011flu da haz\u0131r bulundu. -Tatar: \u201cGen\u00e7li\u011fimize hak ettikleri imkanlar\u0131 vermek bizlerin g\u00f6revi [&hellip;]","og_url":"https:\/\/haberkuzey.com\/index.php\/2025\/03\/19\/cumhurbaskani-tatar-turkiye-cumhuriyeti-genclik-ve-spor-bakani-baki-kabul-ettitatar-gencligimize-hak-ettikleri-imkanlari-vermek-bizlerin-gorevi-ve-sorumlulugudur\/","og_site_name":"Haber Kuzey","article_published_time":"2025-03-19T14:10:42+00:00","og_image":[{"url":"https:\/\/brtk.net\/wp-content\/uploads\/2025\/03\/19\/1742390739024TATAR-BAK-SO-1.jpeg?ver=23216fb01e461dd3dd652d3603c8c2f2","type":"","width":"","height":""}],"author":"haberkuzey","twitter_card":"summary_large_image","twitter_misc":{"Yazan:":"haberkuzey","Tahmini okuma s\u00fcresi":"3 dakika"},"schema":{"@context":"https:\/\/schema.org","@graph":[{"@type":"Article","@id":"https:\/\/haberkuzey.com\/index.php\/2025\/03\/19\/cumhurbaskani-tatar-turkiye-cumhuriyeti-genclik-ve-spor-bakani-baki-kabul-ettitatar-gencligimize-hak-ettikleri-imkanlari-vermek-bizlerin-gorevi-ve-sorumlulugudur\/#article","isPartOf":{"@id":"https:\/\/haberkuzey.com\/index.php\/2025\/03\/19\/cumhurbaskani-tatar-turkiye-cumhuriyeti-genclik-ve-spor-bakani-baki-kabul-ettitatar-gencligimize-hak-ettikleri-imkanlari-vermek-bizlerin-gorevi-ve-sorumlulugudur\/"},"author":{"name":"haberkuzey","@id":"https:\/\/haberkuzey.com\/#\/schema\/person\/3372109ec735f9333f4fa47ebb9605ca"},"headline":"Cumhurba\u015fkan\u0131 Tatar, T\u00fcrkiye Cumhuriyeti Gen\u00e7lik ve Spor Bakan\u0131 Bak\u2019\u0131 kabul etti\u2026Tatar: \u201cGen\u00e7li\u011fimize hak ettikleri imkanlar\u0131 vermek bizlerin g\u00f6revi ve sorumlulu\u011fudur\u201d","datePublished":"2025-03-19T14:10:42+00:00","mainEntityOfPage":{"@id":"https:\/\/haberkuzey.com\/index.php\/2025\/03\/19\/cumhurbaskani-tatar-turkiye-cumhuriyeti-genclik-ve-spor-bakani-baki-kabul-ettitatar-gencligimize-hak-ettikleri-imkanlari-vermek-bizlerin-gorevi-ve-sorumlulugudur\/"},"wordCount":677,"commentCount":0,"image":{"@id":"https:\/\/haberkuzey.com\/index.php\/2025\/03\/19\/cumhurbaskani-tatar-turkiye-cumhuriyeti-genclik-ve-spor-bakani-baki-kabul-ettitatar-gencligimize-hak-ettikleri-imkanlari-vermek-bizlerin-gorevi-ve-sorumlulugudur\/#primaryimage"},"thumbnailUrl":"https:\/\/haberkuzey.com\/wp-content\/uploads\/2025\/03\/1742390739024TATAR-BAK-SO-1.jpeg","articleSection":["D\u00fcnya"],"inLanguage":"tr","potentialAction":[{"@type":"CommentAction","name":"Comment","target":["https:\/\/haberkuzey.com\/index.php\/2025\/03\/19\/cumhurbaskani-tatar-turkiye-cumhuriyeti-genclik-ve-spor-bakani-baki-kabul-ettitatar-gencligimize-hak-ettikleri-imkanlari-vermek-bizlerin-gorevi-ve-sorumlulugudur\/#respond"]}]},{"@type":"WebPage","@id":"https:\/\/haberkuzey.com\/index.php\/2025\/03\/19\/cumhurbaskani-tatar-turkiye-cumhuriyeti-genclik-ve-spor-bakani-baki-kabul-ettitatar-gencligimize-hak-ettikleri-imkanlari-vermek-bizlerin-gorevi-ve-sorumlulugudur\/","url":"https:\/\/haberkuzey.com\/index.php\/2025\/03\/19\/cumhurbaskani-tatar-turkiye-cumhuriyeti-genclik-ve-spor-bakani-baki-kabul-ettitatar-gencligimize-hak-ettikleri-imkanlari-vermek-bizlerin-gorevi-ve-sorumlulugudur\/","name":"Cumhurba\u015fkan\u0131 Tatar, T\u00fcrkiye Cumhuriyeti Gen\u00e7lik ve Spor Bakan\u0131 Bak\u2019\u0131 kabul etti\u2026Tatar: \u201cGen\u00e7li\u011fimize hak ettikleri imkanlar\u0131 vermek bizlerin g\u00f6revi ve sorumlulu\u011fudur\u201d - Haber Kuzey","isPartOf":{"@id":"https:\/\/haberkuzey.com\/#website"},"primaryImageOfPage":{"@id":"https:\/\/haberkuzey.com\/index.php\/2025\/03\/19\/cumhurbaskani-tatar-turkiye-cumhuriyeti-genclik-ve-spor-bakani-baki-kabul-ettitatar-gencligimize-hak-ettikleri-imkanlari-vermek-bizlerin-gorevi-ve-sorumlulugudur\/#primaryimage"},"image":{"@id":"https:\/\/haberkuzey.com\/index.php\/2025\/03\/19\/cumhurbaskani-tatar-turkiye-cumhuriyeti-genclik-ve-spor-bakani-baki-kabul-ettitatar-gencligimize-hak-ettikleri-imkanlari-vermek-bizlerin-gorevi-ve-sorumlulugudur\/#primaryimage"},"thumbnailUrl":"https:\/\/haberkuzey.com\/wp-content\/uploads\/2025\/03\/1742390739024TATAR-BAK-SO-1.jpeg","datePublished":"2025-03-19T14:10:42+00:00","author":{"@id":"https:\/\/haberkuzey.com\/#\/schema\/person\/3372109ec735f9333f4fa47ebb9605ca"},"breadcrumb":{"@id":"https:\/\/haberkuzey.com\/index.php\/2025\/03\/19\/cumhurbaskani-tatar-turkiye-cumhuriyeti-genclik-ve-spor-bakani-baki-kabul-ettitatar-gencligimize-hak-ettikleri-imkanlari-vermek-bizlerin-gorevi-ve-sorumlulugudur\/#breadcrumb"},"inLanguage":"tr","potentialAction":[{"@type":"ReadAction","target":["https:\/\/haberkuzey.com\/index.php\/2025\/03\/19\/cumhurbaskani-tatar-turkiye-cumhuriyeti-genclik-ve-spor-bakani-baki-kabul-ettitatar-gencligimize-hak-ettikleri-imkanlari-vermek-bizlerin-gorevi-ve-sorumlulugudur\/"]}]},{"@type":"ImageObject","inLanguage":"tr","@id":"https:\/\/haberkuzey.com\/index.php\/2025\/03\/19\/cumhurbaskani-tatar-turkiye-cumhuriyeti-genclik-ve-spor-bakani-baki-kabul-ettitatar-gencligimize-hak-ettikleri-imkanlari-vermek-bizlerin-gorevi-ve-sorumlulugudur\/#primaryimage","url":"https:\/\/haberkuzey.com\/wp-content\/uploads\/2025\/03\/1742390739024TATAR-BAK-SO-1.jpeg","contentUrl":"https:\/\/haberkuzey.com\/wp-content\/uploads\/2025\/03\/1742390739024TATAR-BAK-SO-1.jpeg","width":1600,"height":1068},{"@type":"BreadcrumbList","@id":"https:\/\/haberkuzey.com\/index.php\/2025\/03\/19\/cumhurbaskani-tatar-turkiye-cumhuriyeti-genclik-ve-spor-bakani-baki-kabul-ettitatar-gencligimize-hak-ettikleri-imkanlari-vermek-bizlerin-gorevi-ve-sorumlulugudur\/#breadcrumb","itemListElement":[{"@type":"ListItem","position":1,"name":"Anasayfa","item":"https:\/\/haberkuzey.com\/"},{"@type":"ListItem","position":2,"name":"Cumhurba\u015fkan\u0131 Tatar, T\u00fcrkiye Cumhuriyeti Gen\u00e7lik ve Spor Bakan\u0131 Bak\u2019\u0131 kabul etti\u2026Tatar: \u201cGen\u00e7li\u011fimize hak ettikleri imkanlar\u0131 vermek bizlerin g\u00f6revi ve sorumlulu\u011fudur\u201d"}]},{"@type":"WebSite","@id":"https:\/\/haberkuzey.com\/#website","url":"https:\/\/haberkuzey.com\/","name":"Haber Kuzey","description":"Do\u011fru Haberin Adresi","potentialAction":[{"@type":"SearchAction","target":{"@type":"EntryPoint","urlTemplate":"https:\/\/haberkuzey.com\/?s={search_term_string}"},"query-input":{"@type":"PropertyValueSpecification","valueRequired":true,"valueName":"search_term_string"}}],"inLanguage":"tr"},{"@type":"Person","@id":"https:\/\/haberkuzey.com\/#\/schema\/person\/3372109ec735f9333f4fa47ebb9605ca","name":"haberkuzey","image":{"@type":"ImageObject","inLanguage":"tr","@id":"https:\/\/secure.gravatar.com\/avatar\/f5fc875574b1575324358c3b9e6a32b8227aa5b74f3fa22e3cadb63e26fcc39c?s=96&d=mm&r=g","url":"https:\/\/secure.gravatar.com\/avatar\/f5fc875574b1575324358c3b9e6a32b8227aa5b74f3fa22e3cadb63e26fcc39c?s=96&d=mm&r=g","contentUrl":"https:\/\/secure.gravatar.com\/avatar\/f5fc875574b1575324358c3b9e6a32b8227aa5b74f3fa22e3cadb63e26fcc39c?s=96&d=mm&r=g","caption":"haberkuzey"},"sameAs":["https:\/\/haberkuzey.com"],"url":"https:\/\/haberkuzey.com\/index.php\/author\/haberkuzey\/"}]}},"_links":{"self":[{"href":"https:\/\/haberkuzey.com\/index.php\/wp-json\/wp\/v2\/posts\/20200","targetHints":{"allow":["GET"]}}],"collection":[{"href":"https:\/\/haberkuzey.com\/index.php\/wp-json\/wp\/v2\/posts"}],"about":[{"href":"https:\/\/haberkuzey.com\/index.php\/wp-json\/wp\/v2\/types\/post"}],"author":[{"embeddable":true,"href":"https:\/\/haberkuzey.com\/index.php\/wp-json\/wp\/v2\/users\/1"}],"replies":[{"embeddable":true,"href":"https:\/\/haberkuzey.com\/index.php\/wp-json\/wp\/v2\/comments?post=20200"}],"version-history":[{"count":0,"href":"https:\/\/haberkuzey.com\/index.php\/wp-json\/wp\/v2\/posts\/20200\/revisions"}],"wp:featuredmedia":[{"embeddable":true,"href":"https:\/\/haberkuzey.com\/index.php\/wp-json\/wp\/v2\/media\/20201"}],"wp:attachment":[{"href":"https:\/\/haberkuzey.com\/index.php\/wp-json\/wp\/v2\/media?parent=20200"}],"wp:term":[{"taxonomy":"category","embeddable":true,"href":"https:\/\/haberkuzey.com\/index.php\/wp-json\/wp\/v2\/categories?post=20200"},{"taxonomy":"post_tag","embeddable":true,"href":"https:\/\/haberkuzey.com\/index.php\/wp-json\/wp\/v2\/tags?post=20200"}],"curies":[{"name":"wp","href":"https:\/\/api.w.org\/{rel}","templated":true}]}}