{"id":2017,"date":"2024-05-10T18:17:58","date_gmt":"2024-05-10T15:17:58","guid":{"rendered":"https:\/\/haberkuzey.com\/index.php\/2024\/05\/10\/cumhurbaskanligi-1-engelli-haklari-calistayi-gelecek-hafta-yapilacak-sibel-tatar-calismalari-yerinde-izledi\/"},"modified":"2024-05-10T18:17:58","modified_gmt":"2024-05-10T15:17:58","slug":"cumhurbaskanligi-1-engelli-haklari-calistayi-gelecek-hafta-yapilacak-sibel-tatar-calismalari-yerinde-izledi","status":"publish","type":"post","link":"https:\/\/haberkuzey.com\/index.php\/2024\/05\/10\/cumhurbaskanligi-1-engelli-haklari-calistayi-gelecek-hafta-yapilacak-sibel-tatar-calismalari-yerinde-izledi\/","title":{"rendered":"Cumhurba\u015fkanl\u0131\u011f\u0131 1. Engelli Haklar\u0131 \u00c7al\u0131\u015ftay\u0131 gelecek hafta yap\u0131lacak. Sibel Tatar \u00e7al\u0131\u015fmalar\u0131 yerinde izledi"},"content":{"rendered":"<div>\n<div class=\"mariselle-image-container none\">\n                                            <\/div>\n<p>Cumhurba\u015fkan\u0131 Ersin Tatar\u2019\u0131n e\u015fi Sibel Tatar, gelecek hafta yap\u0131lacak Cumhurba\u015fkanl\u0131\u011f\u0131 1. Engelli Haklar\u0131 \u00c7al\u0131\u015ftay\u0131\u2019nda g\u00f6sterilmek \u00fczere haz\u0131rlanan kamu spotu \u00e7al\u0131\u015fmalar\u0131n\u0131 yerinde izledi.<\/p>\n<p>Cumhurba\u015fkanl\u0131\u011f\u0131ndan yap\u0131lan a\u00e7\u0131klamaya g\u00f6re, Cumhurba\u015fkanl\u0131\u011f\u0131 himayelerinde ve Sibel Tatar \u00f6nc\u00fcl\u00fc\u011f\u00fcnde 10-16 May\u0131s Engelliler Haftas\u0131 dolay\u0131s\u0131yla d\u00fczenlenecek 1. Engelli Haklar\u0131 \u00c7al\u0131\u015ftay\u0131\u2019nda g\u00f6sterilmek \u00fczere engelli \u00e7ocuklarla ilgili bir kamu spotu haz\u0131rlan\u0131yor.<\/p>\n<p>Sibel Tatar, konuya ili\u015fkin yapt\u0131\u011f\u0131 a\u00e7\u0131klamada, 8 Mart D\u00fcnya Kad\u0131nlar G\u00fcn\u00fc\u2019nde Cumhurba\u015fkanl\u0131\u011f\u0131nda engelli anneler ve engelli kad\u0131nlar i\u00e7in d\u00fczenlenen yemekte engelli bireylerin ve annelerinin kar\u015f\u0131la\u015ft\u0131klar\u0131 sorunlar\u0131n ele al\u0131nd\u0131\u011f\u0131n\u0131 hat\u0131rlatarak, duyarl\u0131l\u0131\u011f\u0131 art\u0131rmak ve fark\u0131ndal\u0131k yaratmak i\u00e7in haz\u0131rlanan kamu spotunun televizyon, sosyal medya ve web TV\u2019lerde de g\u00f6sterilece\u011fini s\u00f6yledi.<\/p>\n<p>Cumhurba\u015fkanl\u0131\u011f\u0131 himayelerinde 4\u2019nc\u00fc \u00e7al\u0131\u015ftay\u0131n yap\u0131laca\u011f\u0131na i\u015faret eden Sibel Tatar, 1. Engelli Haklar\u0131 \u00c7al\u0131\u015ftay\u0131\u2019nda g\u00f6sterilmek \u00fczere bir\u00e7ok g\u00f6rsel ve video haz\u0131rland\u0131\u011f\u0131n\u0131 dile getirdi.<\/p>\n<p>1. Engelli Haklar\u0131 \u00c7al\u0131\u015ftay\u0131\u2019nda engellilerin ya\u015fad\u0131\u011f\u0131 sorunlar ve \u00e7\u00f6z\u00fcm \u00f6nerilerinin konu\u015fulaca\u011f\u0131n\u0131 aktaran Sibel Tatar, \u00e7al\u0131\u015ftay\u0131n sonu\u00e7 bildirgesinde ise sorumluluklar ve y\u00fck\u00fcml\u00fcl\u00fcklerin yer alaca\u011f\u0131n\u0131 vurgulad\u0131.<\/p>\n<p>\u00dclkede ger\u00e7ekle\u015ftirilen \u00e7al\u0131\u015ftaylar\u0131n tamamlan\u0131p sonu\u00e7 bildirgelerinin haz\u0131rland\u0131\u011f\u0131n\u0131 ancak kitap\u00e7\u0131klar\u0131n rafa kald\u0131r\u0131ld\u0131\u011f\u0131n\u0131 ve gerekli \u00e7al\u0131\u015fmalar\u0131n yap\u0131lmad\u0131\u011f\u0131n\u0131 anlatan Sibel Tatar, Cumhurba\u015fkanl\u0131\u011f\u0131 himayelerinde ger\u00e7ekle\u015ftirilen 3 \u00e7al\u0131\u015ftayla ilgili gelecek g\u00fcnlerde sonu\u00e7 bildirgelerinin tekrar hat\u0131rlat\u0131laca\u011f\u0131n\u0131, k\u0131sa ve orta vadede hangi a\u015famada olundu\u011funun kamuoyu ile payla\u015f\u0131laca\u011f\u0131n\u0131 kaydetti.<\/p>\n<p>Sorumluluk al\u0131nmas\u0131 ve hat\u0131rlatma yap\u0131lmas\u0131n\u0131n \u00f6nemine dikkat \u00e7eken Sibel Tatar, yap\u0131lan \u00e7al\u0131\u015fmalar\u0131 sivil toplum \u00f6rg\u00fctleri ve ilgili makamlar\u0131n kat\u0131l\u0131m\u0131yla, kamu spotu ve haz\u0131rlanan video ile destekleyeceklerini ifade etti.<\/p>\n<\/p><\/div>\n<p><script async\n                    defer\n                    crossorigin=\"anonymous\"\n                    src=\"https:\/\/connect.facebook.net\/tr_TR\/sdk.js#xfbml=1&#038;version=v3.3\"\n            ><\/script><\/p>\n","protected":false},"excerpt":{"rendered":"<p>Cumhurba\u015fkan\u0131 Ersin Tatar\u2019\u0131n e\u015fi Sibel Tatar, gelecek hafta yap\u0131lacak Cumhurba\u015fkanl\u0131\u011f\u0131 1. Engelli Haklar\u0131 \u00c7al\u0131\u015ftay\u0131\u2019nda g\u00f6sterilmek \u00fczere haz\u0131rlanan kamu spotu \u00e7al\u0131\u015fmalar\u0131n\u0131 yerinde izledi. Cumhurba\u015fkanl\u0131\u011f\u0131ndan yap\u0131lan a\u00e7\u0131klamaya g\u00f6re, Cumhurba\u015fkanl\u0131\u011f\u0131 himayelerinde ve Sibel Tatar \u00f6nc\u00fcl\u00fc\u011f\u00fcnde 10-16 May\u0131s Engelliler Haftas\u0131 dolay\u0131s\u0131yla d\u00fczenlenecek 1. Engelli Haklar\u0131 \u00c7al\u0131\u015ftay\u0131\u2019nda g\u00f6sterilmek \u00fczere engelli \u00e7ocuklarla ilgili bir kamu spotu haz\u0131rlan\u0131yor. Sibel Tatar, konuya ili\u015fkin [&hellip;]<\/p>\n","protected":false},"author":1,"featured_media":2018,"comment_status":"open","ping_status":"open","sticky":false,"template":"","format":"standard","meta":{"jnews-multi-image_gallery":[],"jnews_single_post":[],"jnews_primary_category":[],"footnotes":""},"categories":[1],"tags":[],"class_list":["post-2017","post","type-post","status-publish","format-standard","has-post-thumbnail","hentry","category-kibris"],"yoast_head":"<!-- This site is optimized with the Yoast SEO plugin v27.4 - https:\/\/yoast.com\/product\/yoast-seo-wordpress\/ -->\n<title>Cumhurba\u015fkanl\u0131\u011f\u0131 1. Engelli Haklar\u0131 \u00c7al\u0131\u015ftay\u0131 gelecek hafta yap\u0131lacak. Sibel Tatar \u00e7al\u0131\u015fmalar\u0131 yerinde izledi - Haber Kuzey<\/title>\n<meta name=\"robots\" content=\"index, follow, max-snippet:-1, max-image-preview:large, max-video-preview:-1\" \/>\n<link rel=\"canonical\" href=\"https:\/\/haberkuzey.com\/index.php\/2024\/05\/10\/cumhurbaskanligi-1-engelli-haklari-calistayi-gelecek-hafta-yapilacak-sibel-tatar-calismalari-yerinde-izledi\/\" \/>\n<meta property=\"og:locale\" content=\"tr_TR\" \/>\n<meta property=\"og:type\" content=\"article\" \/>\n<meta property=\"og:title\" content=\"Cumhurba\u015fkanl\u0131\u011f\u0131 1. Engelli Haklar\u0131 \u00c7al\u0131\u015ftay\u0131 gelecek hafta yap\u0131lacak. Sibel Tatar \u00e7al\u0131\u015fmalar\u0131 yerinde izledi - Haber Kuzey\" \/>\n<meta property=\"og:description\" content=\"Cumhurba\u015fkan\u0131 Ersin Tatar\u2019\u0131n e\u015fi Sibel Tatar, gelecek hafta yap\u0131lacak Cumhurba\u015fkanl\u0131\u011f\u0131 1. Engelli Haklar\u0131 \u00c7al\u0131\u015ftay\u0131\u2019nda g\u00f6sterilmek \u00fczere haz\u0131rlanan kamu spotu \u00e7al\u0131\u015fmalar\u0131n\u0131 yerinde izledi. Cumhurba\u015fkanl\u0131\u011f\u0131ndan yap\u0131lan a\u00e7\u0131klamaya g\u00f6re, Cumhurba\u015fkanl\u0131\u011f\u0131 himayelerinde ve Sibel Tatar \u00f6nc\u00fcl\u00fc\u011f\u00fcnde 10-16 May\u0131s Engelliler Haftas\u0131 dolay\u0131s\u0131yla d\u00fczenlenecek 1. Engelli Haklar\u0131 \u00c7al\u0131\u015ftay\u0131\u2019nda g\u00f6sterilmek \u00fczere engelli \u00e7ocuklarla ilgili bir kamu spotu haz\u0131rlan\u0131yor. Sibel Tatar, konuya ili\u015fkin [&hellip;]\" \/>\n<meta property=\"og:url\" content=\"https:\/\/haberkuzey.com\/index.php\/2024\/05\/10\/cumhurbaskanligi-1-engelli-haklari-calistayi-gelecek-hafta-yapilacak-sibel-tatar-calismalari-yerinde-izledi\/\" \/>\n<meta property=\"og:site_name\" content=\"Haber Kuzey\" \/>\n<meta property=\"article:published_time\" content=\"2024-05-10T15:17:58+00:00\" \/>\n<meta property=\"og:image\" content=\"https:\/\/brtk.net\/wp-content\/uploads\/2024\/05\/10\/sibel-tatar4.jpg?ver=5c5b5229410e74c16ec57d648a5a5db8\" \/>\n<meta name=\"author\" content=\"haberkuzey\" \/>\n<meta name=\"twitter:card\" content=\"summary_large_image\" \/>\n<meta name=\"twitter:label1\" content=\"Yazan:\" \/>\n\t<meta name=\"twitter:data1\" content=\"haberkuzey\" \/>\n\t<meta name=\"twitter:label2\" content=\"Tahmini okuma s\u00fcresi\" \/>\n\t<meta name=\"twitter:data2\" content=\"2 dakika\" \/>\n<script type=\"application\/ld+json\" class=\"yoast-schema-graph\">{\"@context\":\"https:\\\/\\\/schema.org\",\"@graph\":[{\"@type\":\"Article\",\"@id\":\"https:\\\/\\\/haberkuzey.com\\\/index.php\\\/2024\\\/05\\\/10\\\/cumhurbaskanligi-1-engelli-haklari-calistayi-gelecek-hafta-yapilacak-sibel-tatar-calismalari-yerinde-izledi\\\/#article\",\"isPartOf\":{\"@id\":\"https:\\\/\\\/haberkuzey.com\\\/index.php\\\/2024\\\/05\\\/10\\\/cumhurbaskanligi-1-engelli-haklari-calistayi-gelecek-hafta-yapilacak-sibel-tatar-calismalari-yerinde-izledi\\\/\"},\"author\":{\"name\":\"haberkuzey\",\"@id\":\"https:\\\/\\\/haberkuzey.com\\\/#\\\/schema\\\/person\\\/3372109ec735f9333f4fa47ebb9605ca\"},\"headline\":\"Cumhurba\u015fkanl\u0131\u011f\u0131 1. Engelli Haklar\u0131 \u00c7al\u0131\u015ftay\u0131 gelecek hafta yap\u0131lacak. Sibel Tatar \u00e7al\u0131\u015fmalar\u0131 yerinde izledi\",\"datePublished\":\"2024-05-10T15:17:58+00:00\",\"mainEntityOfPage\":{\"@id\":\"https:\\\/\\\/haberkuzey.com\\\/index.php\\\/2024\\\/05\\\/10\\\/cumhurbaskanligi-1-engelli-haklari-calistayi-gelecek-hafta-yapilacak-sibel-tatar-calismalari-yerinde-izledi\\\/\"},\"wordCount\":347,\"commentCount\":0,\"image\":{\"@id\":\"https:\\\/\\\/haberkuzey.com\\\/index.php\\\/2024\\\/05\\\/10\\\/cumhurbaskanligi-1-engelli-haklari-calistayi-gelecek-hafta-yapilacak-sibel-tatar-calismalari-yerinde-izledi\\\/#primaryimage\"},\"thumbnailUrl\":\"https:\\\/\\\/haberkuzey.com\\\/wp-content\\\/uploads\\\/2024\\\/05\\\/sibel-tatar4.jpg\",\"articleSection\":[\"K\u0131br\u0131s\"],\"inLanguage\":\"tr\",\"potentialAction\":[{\"@type\":\"CommentAction\",\"name\":\"Comment\",\"target\":[\"https:\\\/\\\/haberkuzey.com\\\/index.php\\\/2024\\\/05\\\/10\\\/cumhurbaskanligi-1-engelli-haklari-calistayi-gelecek-hafta-yapilacak-sibel-tatar-calismalari-yerinde-izledi\\\/#respond\"]}]},{\"@type\":\"WebPage\",\"@id\":\"https:\\\/\\\/haberkuzey.com\\\/index.php\\\/2024\\\/05\\\/10\\\/cumhurbaskanligi-1-engelli-haklari-calistayi-gelecek-hafta-yapilacak-sibel-tatar-calismalari-yerinde-izledi\\\/\",\"url\":\"https:\\\/\\\/haberkuzey.com\\\/index.php\\\/2024\\\/05\\\/10\\\/cumhurbaskanligi-1-engelli-haklari-calistayi-gelecek-hafta-yapilacak-sibel-tatar-calismalari-yerinde-izledi\\\/\",\"name\":\"Cumhurba\u015fkanl\u0131\u011f\u0131 1. Engelli Haklar\u0131 \u00c7al\u0131\u015ftay\u0131 gelecek hafta yap\u0131lacak. Sibel Tatar \u00e7al\u0131\u015fmalar\u0131 yerinde izledi - Haber Kuzey\",\"isPartOf\":{\"@id\":\"https:\\\/\\\/haberkuzey.com\\\/#website\"},\"primaryImageOfPage\":{\"@id\":\"https:\\\/\\\/haberkuzey.com\\\/index.php\\\/2024\\\/05\\\/10\\\/cumhurbaskanligi-1-engelli-haklari-calistayi-gelecek-hafta-yapilacak-sibel-tatar-calismalari-yerinde-izledi\\\/#primaryimage\"},\"image\":{\"@id\":\"https:\\\/\\\/haberkuzey.com\\\/index.php\\\/2024\\\/05\\\/10\\\/cumhurbaskanligi-1-engelli-haklari-calistayi-gelecek-hafta-yapilacak-sibel-tatar-calismalari-yerinde-izledi\\\/#primaryimage\"},\"thumbnailUrl\":\"https:\\\/\\\/haberkuzey.com\\\/wp-content\\\/uploads\\\/2024\\\/05\\\/sibel-tatar4.jpg\",\"datePublished\":\"2024-05-10T15:17:58+00:00\",\"author\":{\"@id\":\"https:\\\/\\\/haberkuzey.com\\\/#\\\/schema\\\/person\\\/3372109ec735f9333f4fa47ebb9605ca\"},\"breadcrumb\":{\"@id\":\"https:\\\/\\\/haberkuzey.com\\\/index.php\\\/2024\\\/05\\\/10\\\/cumhurbaskanligi-1-engelli-haklari-calistayi-gelecek-hafta-yapilacak-sibel-tatar-calismalari-yerinde-izledi\\\/#breadcrumb\"},\"inLanguage\":\"tr\",\"potentialAction\":[{\"@type\":\"ReadAction\",\"target\":[\"https:\\\/\\\/haberkuzey.com\\\/index.php\\\/2024\\\/05\\\/10\\\/cumhurbaskanligi-1-engelli-haklari-calistayi-gelecek-hafta-yapilacak-sibel-tatar-calismalari-yerinde-izledi\\\/\"]}]},{\"@type\":\"ImageObject\",\"inLanguage\":\"tr\",\"@id\":\"https:\\\/\\\/haberkuzey.com\\\/index.php\\\/2024\\\/05\\\/10\\\/cumhurbaskanligi-1-engelli-haklari-calistayi-gelecek-hafta-yapilacak-sibel-tatar-calismalari-yerinde-izledi\\\/#primaryimage\",\"url\":\"https:\\\/\\\/haberkuzey.com\\\/wp-content\\\/uploads\\\/2024\\\/05\\\/sibel-tatar4.jpg\",\"contentUrl\":\"https:\\\/\\\/haberkuzey.com\\\/wp-content\\\/uploads\\\/2024\\\/05\\\/sibel-tatar4.jpg\",\"width\":1600,\"height\":1066},{\"@type\":\"BreadcrumbList\",\"@id\":\"https:\\\/\\\/haberkuzey.com\\\/index.php\\\/2024\\\/05\\\/10\\\/cumhurbaskanligi-1-engelli-haklari-calistayi-gelecek-hafta-yapilacak-sibel-tatar-calismalari-yerinde-izledi\\\/#breadcrumb\",\"itemListElement\":[{\"@type\":\"ListItem\",\"position\":1,\"name\":\"Anasayfa\",\"item\":\"https:\\\/\\\/haberkuzey.com\\\/\"},{\"@type\":\"ListItem\",\"position\":2,\"name\":\"Cumhurba\u015fkanl\u0131\u011f\u0131 1. Engelli Haklar\u0131 \u00c7al\u0131\u015ftay\u0131 gelecek hafta yap\u0131lacak. Sibel Tatar \u00e7al\u0131\u015fmalar\u0131 yerinde izledi\"}]},{\"@type\":\"WebSite\",\"@id\":\"https:\\\/\\\/haberkuzey.com\\\/#website\",\"url\":\"https:\\\/\\\/haberkuzey.com\\\/\",\"name\":\"Haber Kuzey\",\"description\":\"Do\u011fru Haberin Adresi\",\"potentialAction\":[{\"@type\":\"SearchAction\",\"target\":{\"@type\":\"EntryPoint\",\"urlTemplate\":\"https:\\\/\\\/haberkuzey.com\\\/?s={search_term_string}\"},\"query-input\":{\"@type\":\"PropertyValueSpecification\",\"valueRequired\":true,\"valueName\":\"search_term_string\"}}],\"inLanguage\":\"tr\"},{\"@type\":\"Person\",\"@id\":\"https:\\\/\\\/haberkuzey.com\\\/#\\\/schema\\\/person\\\/3372109ec735f9333f4fa47ebb9605ca\",\"name\":\"haberkuzey\",\"image\":{\"@type\":\"ImageObject\",\"inLanguage\":\"tr\",\"@id\":\"https:\\\/\\\/secure.gravatar.com\\\/avatar\\\/f5fc875574b1575324358c3b9e6a32b8227aa5b74f3fa22e3cadb63e26fcc39c?s=96&d=mm&r=g\",\"url\":\"https:\\\/\\\/secure.gravatar.com\\\/avatar\\\/f5fc875574b1575324358c3b9e6a32b8227aa5b74f3fa22e3cadb63e26fcc39c?s=96&d=mm&r=g\",\"contentUrl\":\"https:\\\/\\\/secure.gravatar.com\\\/avatar\\\/f5fc875574b1575324358c3b9e6a32b8227aa5b74f3fa22e3cadb63e26fcc39c?s=96&d=mm&r=g\",\"caption\":\"haberkuzey\"},\"sameAs\":[\"https:\\\/\\\/haberkuzey.com\"],\"url\":\"https:\\\/\\\/haberkuzey.com\\\/index.php\\\/author\\\/haberkuzey\\\/\"}]}<\/script>\n<!-- \/ Yoast SEO plugin. -->","yoast_head_json":{"title":"Cumhurba\u015fkanl\u0131\u011f\u0131 1. Engelli Haklar\u0131 \u00c7al\u0131\u015ftay\u0131 gelecek hafta yap\u0131lacak. Sibel Tatar \u00e7al\u0131\u015fmalar\u0131 yerinde izledi - Haber Kuzey","robots":{"index":"index","follow":"follow","max-snippet":"max-snippet:-1","max-image-preview":"max-image-preview:large","max-video-preview":"max-video-preview:-1"},"canonical":"https:\/\/haberkuzey.com\/index.php\/2024\/05\/10\/cumhurbaskanligi-1-engelli-haklari-calistayi-gelecek-hafta-yapilacak-sibel-tatar-calismalari-yerinde-izledi\/","og_locale":"tr_TR","og_type":"article","og_title":"Cumhurba\u015fkanl\u0131\u011f\u0131 1. Engelli Haklar\u0131 \u00c7al\u0131\u015ftay\u0131 gelecek hafta yap\u0131lacak. Sibel Tatar \u00e7al\u0131\u015fmalar\u0131 yerinde izledi - Haber Kuzey","og_description":"Cumhurba\u015fkan\u0131 Ersin Tatar\u2019\u0131n e\u015fi Sibel Tatar, gelecek hafta yap\u0131lacak Cumhurba\u015fkanl\u0131\u011f\u0131 1. Engelli Haklar\u0131 \u00c7al\u0131\u015ftay\u0131\u2019nda g\u00f6sterilmek \u00fczere haz\u0131rlanan kamu spotu \u00e7al\u0131\u015fmalar\u0131n\u0131 yerinde izledi. Cumhurba\u015fkanl\u0131\u011f\u0131ndan yap\u0131lan a\u00e7\u0131klamaya g\u00f6re, Cumhurba\u015fkanl\u0131\u011f\u0131 himayelerinde ve Sibel Tatar \u00f6nc\u00fcl\u00fc\u011f\u00fcnde 10-16 May\u0131s Engelliler Haftas\u0131 dolay\u0131s\u0131yla d\u00fczenlenecek 1. Engelli Haklar\u0131 \u00c7al\u0131\u015ftay\u0131\u2019nda g\u00f6sterilmek \u00fczere engelli \u00e7ocuklarla ilgili bir kamu spotu haz\u0131rlan\u0131yor. Sibel Tatar, konuya ili\u015fkin [&hellip;]","og_url":"https:\/\/haberkuzey.com\/index.php\/2024\/05\/10\/cumhurbaskanligi-1-engelli-haklari-calistayi-gelecek-hafta-yapilacak-sibel-tatar-calismalari-yerinde-izledi\/","og_site_name":"Haber Kuzey","article_published_time":"2024-05-10T15:17:58+00:00","og_image":[{"url":"https:\/\/brtk.net\/wp-content\/uploads\/2024\/05\/10\/sibel-tatar4.jpg?ver=5c5b5229410e74c16ec57d648a5a5db8","type":"","width":"","height":""}],"author":"haberkuzey","twitter_card":"summary_large_image","twitter_misc":{"Yazan:":"haberkuzey","Tahmini okuma s\u00fcresi":"2 dakika"},"schema":{"@context":"https:\/\/schema.org","@graph":[{"@type":"Article","@id":"https:\/\/haberkuzey.com\/index.php\/2024\/05\/10\/cumhurbaskanligi-1-engelli-haklari-calistayi-gelecek-hafta-yapilacak-sibel-tatar-calismalari-yerinde-izledi\/#article","isPartOf":{"@id":"https:\/\/haberkuzey.com\/index.php\/2024\/05\/10\/cumhurbaskanligi-1-engelli-haklari-calistayi-gelecek-hafta-yapilacak-sibel-tatar-calismalari-yerinde-izledi\/"},"author":{"name":"haberkuzey","@id":"https:\/\/haberkuzey.com\/#\/schema\/person\/3372109ec735f9333f4fa47ebb9605ca"},"headline":"Cumhurba\u015fkanl\u0131\u011f\u0131 1. Engelli Haklar\u0131 \u00c7al\u0131\u015ftay\u0131 gelecek hafta yap\u0131lacak. Sibel Tatar \u00e7al\u0131\u015fmalar\u0131 yerinde izledi","datePublished":"2024-05-10T15:17:58+00:00","mainEntityOfPage":{"@id":"https:\/\/haberkuzey.com\/index.php\/2024\/05\/10\/cumhurbaskanligi-1-engelli-haklari-calistayi-gelecek-hafta-yapilacak-sibel-tatar-calismalari-yerinde-izledi\/"},"wordCount":347,"commentCount":0,"image":{"@id":"https:\/\/haberkuzey.com\/index.php\/2024\/05\/10\/cumhurbaskanligi-1-engelli-haklari-calistayi-gelecek-hafta-yapilacak-sibel-tatar-calismalari-yerinde-izledi\/#primaryimage"},"thumbnailUrl":"https:\/\/haberkuzey.com\/wp-content\/uploads\/2024\/05\/sibel-tatar4.jpg","articleSection":["K\u0131br\u0131s"],"inLanguage":"tr","potentialAction":[{"@type":"CommentAction","name":"Comment","target":["https:\/\/haberkuzey.com\/index.php\/2024\/05\/10\/cumhurbaskanligi-1-engelli-haklari-calistayi-gelecek-hafta-yapilacak-sibel-tatar-calismalari-yerinde-izledi\/#respond"]}]},{"@type":"WebPage","@id":"https:\/\/haberkuzey.com\/index.php\/2024\/05\/10\/cumhurbaskanligi-1-engelli-haklari-calistayi-gelecek-hafta-yapilacak-sibel-tatar-calismalari-yerinde-izledi\/","url":"https:\/\/haberkuzey.com\/index.php\/2024\/05\/10\/cumhurbaskanligi-1-engelli-haklari-calistayi-gelecek-hafta-yapilacak-sibel-tatar-calismalari-yerinde-izledi\/","name":"Cumhurba\u015fkanl\u0131\u011f\u0131 1. Engelli Haklar\u0131 \u00c7al\u0131\u015ftay\u0131 gelecek hafta yap\u0131lacak. Sibel Tatar \u00e7al\u0131\u015fmalar\u0131 yerinde izledi - Haber Kuzey","isPartOf":{"@id":"https:\/\/haberkuzey.com\/#website"},"primaryImageOfPage":{"@id":"https:\/\/haberkuzey.com\/index.php\/2024\/05\/10\/cumhurbaskanligi-1-engelli-haklari-calistayi-gelecek-hafta-yapilacak-sibel-tatar-calismalari-yerinde-izledi\/#primaryimage"},"image":{"@id":"https:\/\/haberkuzey.com\/index.php\/2024\/05\/10\/cumhurbaskanligi-1-engelli-haklari-calistayi-gelecek-hafta-yapilacak-sibel-tatar-calismalari-yerinde-izledi\/#primaryimage"},"thumbnailUrl":"https:\/\/haberkuzey.com\/wp-content\/uploads\/2024\/05\/sibel-tatar4.jpg","datePublished":"2024-05-10T15:17:58+00:00","author":{"@id":"https:\/\/haberkuzey.com\/#\/schema\/person\/3372109ec735f9333f4fa47ebb9605ca"},"breadcrumb":{"@id":"https:\/\/haberkuzey.com\/index.php\/2024\/05\/10\/cumhurbaskanligi-1-engelli-haklari-calistayi-gelecek-hafta-yapilacak-sibel-tatar-calismalari-yerinde-izledi\/#breadcrumb"},"inLanguage":"tr","potentialAction":[{"@type":"ReadAction","target":["https:\/\/haberkuzey.com\/index.php\/2024\/05\/10\/cumhurbaskanligi-1-engelli-haklari-calistayi-gelecek-hafta-yapilacak-sibel-tatar-calismalari-yerinde-izledi\/"]}]},{"@type":"ImageObject","inLanguage":"tr","@id":"https:\/\/haberkuzey.com\/index.php\/2024\/05\/10\/cumhurbaskanligi-1-engelli-haklari-calistayi-gelecek-hafta-yapilacak-sibel-tatar-calismalari-yerinde-izledi\/#primaryimage","url":"https:\/\/haberkuzey.com\/wp-content\/uploads\/2024\/05\/sibel-tatar4.jpg","contentUrl":"https:\/\/haberkuzey.com\/wp-content\/uploads\/2024\/05\/sibel-tatar4.jpg","width":1600,"height":1066},{"@type":"BreadcrumbList","@id":"https:\/\/haberkuzey.com\/index.php\/2024\/05\/10\/cumhurbaskanligi-1-engelli-haklari-calistayi-gelecek-hafta-yapilacak-sibel-tatar-calismalari-yerinde-izledi\/#breadcrumb","itemListElement":[{"@type":"ListItem","position":1,"name":"Anasayfa","item":"https:\/\/haberkuzey.com\/"},{"@type":"ListItem","position":2,"name":"Cumhurba\u015fkanl\u0131\u011f\u0131 1. Engelli Haklar\u0131 \u00c7al\u0131\u015ftay\u0131 gelecek hafta yap\u0131lacak. Sibel Tatar \u00e7al\u0131\u015fmalar\u0131 yerinde izledi"}]},{"@type":"WebSite","@id":"https:\/\/haberkuzey.com\/#website","url":"https:\/\/haberkuzey.com\/","name":"Haber Kuzey","description":"Do\u011fru Haberin Adresi","potentialAction":[{"@type":"SearchAction","target":{"@type":"EntryPoint","urlTemplate":"https:\/\/haberkuzey.com\/?s={search_term_string}"},"query-input":{"@type":"PropertyValueSpecification","valueRequired":true,"valueName":"search_term_string"}}],"inLanguage":"tr"},{"@type":"Person","@id":"https:\/\/haberkuzey.com\/#\/schema\/person\/3372109ec735f9333f4fa47ebb9605ca","name":"haberkuzey","image":{"@type":"ImageObject","inLanguage":"tr","@id":"https:\/\/secure.gravatar.com\/avatar\/f5fc875574b1575324358c3b9e6a32b8227aa5b74f3fa22e3cadb63e26fcc39c?s=96&d=mm&r=g","url":"https:\/\/secure.gravatar.com\/avatar\/f5fc875574b1575324358c3b9e6a32b8227aa5b74f3fa22e3cadb63e26fcc39c?s=96&d=mm&r=g","contentUrl":"https:\/\/secure.gravatar.com\/avatar\/f5fc875574b1575324358c3b9e6a32b8227aa5b74f3fa22e3cadb63e26fcc39c?s=96&d=mm&r=g","caption":"haberkuzey"},"sameAs":["https:\/\/haberkuzey.com"],"url":"https:\/\/haberkuzey.com\/index.php\/author\/haberkuzey\/"}]}},"_links":{"self":[{"href":"https:\/\/haberkuzey.com\/index.php\/wp-json\/wp\/v2\/posts\/2017","targetHints":{"allow":["GET"]}}],"collection":[{"href":"https:\/\/haberkuzey.com\/index.php\/wp-json\/wp\/v2\/posts"}],"about":[{"href":"https:\/\/haberkuzey.com\/index.php\/wp-json\/wp\/v2\/types\/post"}],"author":[{"embeddable":true,"href":"https:\/\/haberkuzey.com\/index.php\/wp-json\/wp\/v2\/users\/1"}],"replies":[{"embeddable":true,"href":"https:\/\/haberkuzey.com\/index.php\/wp-json\/wp\/v2\/comments?post=2017"}],"version-history":[{"count":0,"href":"https:\/\/haberkuzey.com\/index.php\/wp-json\/wp\/v2\/posts\/2017\/revisions"}],"wp:featuredmedia":[{"embeddable":true,"href":"https:\/\/haberkuzey.com\/index.php\/wp-json\/wp\/v2\/media\/2018"}],"wp:attachment":[{"href":"https:\/\/haberkuzey.com\/index.php\/wp-json\/wp\/v2\/media?parent=2017"}],"wp:term":[{"taxonomy":"category","embeddable":true,"href":"https:\/\/haberkuzey.com\/index.php\/wp-json\/wp\/v2\/categories?post=2017"},{"taxonomy":"post_tag","embeddable":true,"href":"https:\/\/haberkuzey.com\/index.php\/wp-json\/wp\/v2\/tags?post=2017"}],"curies":[{"name":"wp","href":"https:\/\/api.w.org\/{rel}","templated":true}]}}