{"id":20151,"date":"2025-03-18T20:09:23","date_gmt":"2025-03-18T18:09:23","guid":{"rendered":"https:\/\/haberkuzey.com\/index.php\/2025\/03\/18\/istanbul-universitesi-imamoglu-ile-27-kisinin-diplomasinin-iptaline-karar-verdi\/"},"modified":"2025-03-18T20:09:23","modified_gmt":"2025-03-18T18:09:23","slug":"istanbul-universitesi-imamoglu-ile-27-kisinin-diplomasinin-iptaline-karar-verdi","status":"publish","type":"post","link":"https:\/\/haberkuzey.com\/index.php\/2025\/03\/18\/istanbul-universitesi-imamoglu-ile-27-kisinin-diplomasinin-iptaline-karar-verdi\/","title":{"rendered":"\u0130stanbul \u00dcniversitesi, \u0130mamo\u011flu ile 27 ki\u015finin diplomas\u0131n\u0131n iptaline karar verdi"},"content":{"rendered":"<div>\n<div class=\"mariselle-image-container none\">\n                                            <\/div>\n<p>\u0130stanbul \u00dcniversitesi, \u0130stanbul B\u00fcy\u00fck\u015fehir Belediye (\u0130BB) Ba\u015fkan\u0131 Ekrem \u0130mamo\u011flu\u2019nun da aralar\u0131nda bulundu\u011fu 28 ki\u015finin diplomalar\u0131n\u0131n \u201cyokluk\u201d ve \u201ca\u00e7\u0131k hata\u201d gerek\u00e7eleriyle geri al\u0131nmak suretiyle iptaline karar verildi\u011fini bildirdi.<\/p>\n<p>\u00dcniversiteden yap\u0131lan a\u00e7\u0131klamada, \u015funlar kaydedildi:<br \/>\u201c\u00dcniversitemiz Y\u00f6netim Kurulu\u2019nun 18 Mart 2025 tarih ve 61. toplant\u0131s\u0131nda al\u0131nan 3 say\u0131l\u0131 karar ile \u0130stanbul Cumhuriyet Ba\u015fsavc\u0131l\u0131\u011f\u0131n\u0131n 24.02.2025 tarih ve 2025\/44681 soru\u015fturma say\u0131l\u0131 ve ekinde yer alan Y\u00fcksek\u00f6\u011fretim Denetleme Kurulu Ba\u015fkanl\u0131\u011f\u0131n\u0131n 17.02.2025 tarih ve E-68918934-663.08[2024\/519-04-R]-12 say\u0131l\u0131 \u2018Ara\u015ft\u0131rma Raporu\u2019nda yer alan tespitler \u00e7er\u00e7evesinde \u00dcniversitemizde g\u00f6revlendirilen \u0130nceleme Komisyonu taraf\u0131ndan haz\u0131rlanan rapor uyar\u0131nca, Y\u00fcksek\u00f6\u011fretim Kurulu kararlar\u0131na ve mevzuat\u0131n arad\u0131\u011f\u0131 \u015fartlara ayk\u0131r\u0131 olarak 1990 y\u0131l\u0131nda \u00dcniversitemiz \u0130\u015fletme Fak\u00fcltesi \u0130ngilizce program\u0131na usuls\u00fcz yatay ge\u00e7i\u015f yapan 38 ki\u015fiden kayd\u0131 silinen 10 ki\u015finin yatay ge\u00e7i\u015f kararlar\u0131n\u0131n; geri kalan ve Y\u00fcksek\u00f6\u011fretim Denetleme Kurulu Ba\u015fkanl\u0131\u011f\u0131\u2019n\u0131n \u2018Ara\u015ft\u0131rma Raporu\u2019nda ad\u0131 ge\u00e7en ki\u015fi dahil mezun olan 28 ki\u015finin yatay ge\u00e7i\u015f kararlar\u0131n\u0131n ve bu kararlara dayal\u0131 olarak bu ki\u015filerin elde ettikleri mezuniyetlerin ve diplomalar\u0131n \u2018yokluk\u2019 ve \u2018a\u00e7\u0131k hata\u2019 gerek\u00e7eleriyle geri al\u0131nmak suretiyle iptal edilmesine; \u00dcniversitemizin t\u00fcm fak\u00fcltelerinde yap\u0131lm\u0131\u015f olan yatay ge\u00e7i\u015flerle ilgili inceleme ve ara\u015ft\u0131rmalara devam edilmesine ve akabinde gerekli i\u015f ve i\u015flemlerin tesis edilmesine karar verilmi\u015ftir. Al\u0131nan karar ve bu karara dayanak te\u015fkil eden b\u00fct\u00fcn bilgi ve belgeler \u0130stanbul Cumhuriyet Ba\u015fsavc\u0131l\u0131\u011f\u0131na ve Y\u00fcksek\u00f6\u011fretim<br \/>Kurulu Ba\u015fkanl\u0131\u011f\u0131na ivedilikle g\u00f6nderilecektir.\u201d<\/p>\n<p>\u2013 Soru\u015fturma<br \/>\u0130stanbul Cumhuriyet Ba\u015fsavc\u0131l\u0131\u011f\u0131, \u0130BB Ba\u015fkan\u0131 Ekrem \u0130mamo\u011flu\u2019nun lisans diplomas\u0131n\u0131n sahte oldu\u011funa ili\u015fkin ihbarlar ve Y\u00fcksek\u00f6\u011fretim Kurulunca haz\u0131rlanan raporda diplomas\u0131n\u0131n sahteli\u011fine ili\u015fkin tespitler \u00fczerine, \u201cresmi belgede sahtecilik\u201d su\u00e7undan soru\u015fturma ba\u015flatm\u0131\u015ft\u0131.<br \/>\u0130mamo\u011flu, soru\u015fturma kapsam\u0131nda savc\u0131l\u0131\u011fa ifade vermi\u015fti.<br \/>Ba\u015fsavc\u0131l\u0131k, \u0130mamo\u011flu hakk\u0131nda, \u00fcniversite diplomas\u0131n\u0131n sahte oldu\u011fu iddias\u0131yla \u201cresmi belgede sahtecilik\u201d su\u00e7undan a\u00e7\u0131lan soru\u015fturma kapsam\u0131nda \u0130stanbul \u00dcniversitesine g\u00f6nderdi\u011fi yaz\u0131da, \u0130mamo\u011flu\u2019nun diplomas\u0131 dayanak g\u00f6sterilerek kurulacak i\u015f ve i\u015flemlerin hukuka ayk\u0131r\u0131 olmamas\u0131 ad\u0131na gerekli i\u015flemlerin bir an \u00f6nce yap\u0131lmas\u0131n\u0131 istemi\u015fti.<\/p>\n<\/p><\/div>\n<p><script async\n                    defer\n                    crossorigin=\"anonymous\"\n                    src=\"https:\/\/connect.facebook.net\/tr_TR\/sdk.js#xfbml=1&#038;version=v3.3\"\n            ><\/script><\/p>\n","protected":false},"excerpt":{"rendered":"<p>\u0130stanbul \u00dcniversitesi, \u0130stanbul B\u00fcy\u00fck\u015fehir Belediye (\u0130BB) Ba\u015fkan\u0131 Ekrem \u0130mamo\u011flu\u2019nun da aralar\u0131nda bulundu\u011fu 28 ki\u015finin diplomalar\u0131n\u0131n \u201cyokluk\u201d ve \u201ca\u00e7\u0131k hata\u201d gerek\u00e7eleriyle geri al\u0131nmak suretiyle iptaline karar verildi\u011fini bildirdi. \u00dcniversiteden yap\u0131lan a\u00e7\u0131klamada, \u015funlar kaydedildi:\u201c\u00dcniversitemiz Y\u00f6netim Kurulu\u2019nun 18 Mart 2025 tarih ve 61. toplant\u0131s\u0131nda al\u0131nan 3 say\u0131l\u0131 karar ile \u0130stanbul Cumhuriyet Ba\u015fsavc\u0131l\u0131\u011f\u0131n\u0131n 24.02.2025 tarih ve 2025\/44681 soru\u015fturma say\u0131l\u0131 [&hellip;]<\/p>\n","protected":false},"author":1,"featured_media":20152,"comment_status":"open","ping_status":"open","sticky":false,"template":"","format":"standard","meta":{"jnews-multi-image_gallery":[],"jnews_single_post":[],"jnews_primary_category":[],"footnotes":""},"categories":[2],"tags":[],"class_list":["post-20151","post","type-post","status-publish","format-standard","has-post-thumbnail","hentry","category-dunya"],"yoast_head":"<!-- This site is optimized with the Yoast SEO plugin v27.5 - https:\/\/yoast.com\/product\/yoast-seo-wordpress\/ -->\n<title>\u0130stanbul \u00dcniversitesi, \u0130mamo\u011flu ile 27 ki\u015finin diplomas\u0131n\u0131n iptaline karar verdi - Haber Kuzey<\/title>\n<meta name=\"robots\" content=\"index, follow, max-snippet:-1, max-image-preview:large, max-video-preview:-1\" \/>\n<link rel=\"canonical\" href=\"https:\/\/haberkuzey.com\/index.php\/2025\/03\/18\/istanbul-universitesi-imamoglu-ile-27-kisinin-diplomasinin-iptaline-karar-verdi\/\" \/>\n<meta property=\"og:locale\" content=\"tr_TR\" \/>\n<meta property=\"og:type\" content=\"article\" \/>\n<meta property=\"og:title\" content=\"\u0130stanbul \u00dcniversitesi, \u0130mamo\u011flu ile 27 ki\u015finin diplomas\u0131n\u0131n iptaline karar verdi - Haber Kuzey\" \/>\n<meta property=\"og:description\" content=\"\u0130stanbul \u00dcniversitesi, \u0130stanbul B\u00fcy\u00fck\u015fehir Belediye (\u0130BB) Ba\u015fkan\u0131 Ekrem \u0130mamo\u011flu\u2019nun da aralar\u0131nda bulundu\u011fu 28 ki\u015finin diplomalar\u0131n\u0131n \u201cyokluk\u201d ve \u201ca\u00e7\u0131k hata\u201d gerek\u00e7eleriyle geri al\u0131nmak suretiyle iptaline karar verildi\u011fini bildirdi. \u00dcniversiteden yap\u0131lan a\u00e7\u0131klamada, \u015funlar kaydedildi:\u201c\u00dcniversitemiz Y\u00f6netim Kurulu\u2019nun 18 Mart 2025 tarih ve 61. toplant\u0131s\u0131nda al\u0131nan 3 say\u0131l\u0131 karar ile \u0130stanbul Cumhuriyet Ba\u015fsavc\u0131l\u0131\u011f\u0131n\u0131n 24.02.2025 tarih ve 2025\/44681 soru\u015fturma say\u0131l\u0131 [&hellip;]\" \/>\n<meta property=\"og:url\" content=\"https:\/\/haberkuzey.com\/index.php\/2025\/03\/18\/istanbul-universitesi-imamoglu-ile-27-kisinin-diplomasinin-iptaline-karar-verdi\/\" \/>\n<meta property=\"og:site_name\" content=\"Haber Kuzey\" \/>\n<meta property=\"article:published_time\" content=\"2025-03-18T18:09:23+00:00\" \/>\n<meta property=\"og:image\" content=\"https:\/\/brtk.net\/wp-content\/uploads\/2025\/03\/18\/ISTANBULUNIVERSITESI.jpg?ver=5bbbb2cb20bcc1669afda11067ca4387\" \/>\n<meta name=\"author\" content=\"haberkuzey\" \/>\n<meta name=\"twitter:card\" content=\"summary_large_image\" \/>\n<meta name=\"twitter:label1\" content=\"Yazan:\" \/>\n\t<meta name=\"twitter:data1\" content=\"haberkuzey\" \/>\n\t<meta name=\"twitter:label2\" content=\"Tahmini okuma s\u00fcresi\" \/>\n\t<meta name=\"twitter:data2\" content=\"2 dakika\" \/>\n<script type=\"application\/ld+json\" class=\"yoast-schema-graph\">{\"@context\":\"https:\\\/\\\/schema.org\",\"@graph\":[{\"@type\":\"Article\",\"@id\":\"https:\\\/\\\/haberkuzey.com\\\/index.php\\\/2025\\\/03\\\/18\\\/istanbul-universitesi-imamoglu-ile-27-kisinin-diplomasinin-iptaline-karar-verdi\\\/#article\",\"isPartOf\":{\"@id\":\"https:\\\/\\\/haberkuzey.com\\\/index.php\\\/2025\\\/03\\\/18\\\/istanbul-universitesi-imamoglu-ile-27-kisinin-diplomasinin-iptaline-karar-verdi\\\/\"},\"author\":{\"name\":\"haberkuzey\",\"@id\":\"https:\\\/\\\/haberkuzey.com\\\/#\\\/schema\\\/person\\\/3372109ec735f9333f4fa47ebb9605ca\"},\"headline\":\"\u0130stanbul \u00dcniversitesi, \u0130mamo\u011flu ile 27 ki\u015finin diplomas\u0131n\u0131n iptaline karar verdi\",\"datePublished\":\"2025-03-18T18:09:23+00:00\",\"mainEntityOfPage\":{\"@id\":\"https:\\\/\\\/haberkuzey.com\\\/index.php\\\/2025\\\/03\\\/18\\\/istanbul-universitesi-imamoglu-ile-27-kisinin-diplomasinin-iptaline-karar-verdi\\\/\"},\"wordCount\":428,\"commentCount\":0,\"image\":{\"@id\":\"https:\\\/\\\/haberkuzey.com\\\/index.php\\\/2025\\\/03\\\/18\\\/istanbul-universitesi-imamoglu-ile-27-kisinin-diplomasinin-iptaline-karar-verdi\\\/#primaryimage\"},\"thumbnailUrl\":\"https:\\\/\\\/haberkuzey.com\\\/wp-content\\\/uploads\\\/2025\\\/03\\\/ISTANBULUNIVERSITESI.jpg\",\"articleSection\":[\"D\u00fcnya\"],\"inLanguage\":\"tr\",\"potentialAction\":[{\"@type\":\"CommentAction\",\"name\":\"Comment\",\"target\":[\"https:\\\/\\\/haberkuzey.com\\\/index.php\\\/2025\\\/03\\\/18\\\/istanbul-universitesi-imamoglu-ile-27-kisinin-diplomasinin-iptaline-karar-verdi\\\/#respond\"]}]},{\"@type\":\"WebPage\",\"@id\":\"https:\\\/\\\/haberkuzey.com\\\/index.php\\\/2025\\\/03\\\/18\\\/istanbul-universitesi-imamoglu-ile-27-kisinin-diplomasinin-iptaline-karar-verdi\\\/\",\"url\":\"https:\\\/\\\/haberkuzey.com\\\/index.php\\\/2025\\\/03\\\/18\\\/istanbul-universitesi-imamoglu-ile-27-kisinin-diplomasinin-iptaline-karar-verdi\\\/\",\"name\":\"\u0130stanbul \u00dcniversitesi, \u0130mamo\u011flu ile 27 ki\u015finin diplomas\u0131n\u0131n iptaline karar verdi - Haber Kuzey\",\"isPartOf\":{\"@id\":\"https:\\\/\\\/haberkuzey.com\\\/#website\"},\"primaryImageOfPage\":{\"@id\":\"https:\\\/\\\/haberkuzey.com\\\/index.php\\\/2025\\\/03\\\/18\\\/istanbul-universitesi-imamoglu-ile-27-kisinin-diplomasinin-iptaline-karar-verdi\\\/#primaryimage\"},\"image\":{\"@id\":\"https:\\\/\\\/haberkuzey.com\\\/index.php\\\/2025\\\/03\\\/18\\\/istanbul-universitesi-imamoglu-ile-27-kisinin-diplomasinin-iptaline-karar-verdi\\\/#primaryimage\"},\"thumbnailUrl\":\"https:\\\/\\\/haberkuzey.com\\\/wp-content\\\/uploads\\\/2025\\\/03\\\/ISTANBULUNIVERSITESI.jpg\",\"datePublished\":\"2025-03-18T18:09:23+00:00\",\"author\":{\"@id\":\"https:\\\/\\\/haberkuzey.com\\\/#\\\/schema\\\/person\\\/3372109ec735f9333f4fa47ebb9605ca\"},\"breadcrumb\":{\"@id\":\"https:\\\/\\\/haberkuzey.com\\\/index.php\\\/2025\\\/03\\\/18\\\/istanbul-universitesi-imamoglu-ile-27-kisinin-diplomasinin-iptaline-karar-verdi\\\/#breadcrumb\"},\"inLanguage\":\"tr\",\"potentialAction\":[{\"@type\":\"ReadAction\",\"target\":[\"https:\\\/\\\/haberkuzey.com\\\/index.php\\\/2025\\\/03\\\/18\\\/istanbul-universitesi-imamoglu-ile-27-kisinin-diplomasinin-iptaline-karar-verdi\\\/\"]}]},{\"@type\":\"ImageObject\",\"inLanguage\":\"tr\",\"@id\":\"https:\\\/\\\/haberkuzey.com\\\/index.php\\\/2025\\\/03\\\/18\\\/istanbul-universitesi-imamoglu-ile-27-kisinin-diplomasinin-iptaline-karar-verdi\\\/#primaryimage\",\"url\":\"https:\\\/\\\/haberkuzey.com\\\/wp-content\\\/uploads\\\/2025\\\/03\\\/ISTANBULUNIVERSITESI.jpg\",\"contentUrl\":\"https:\\\/\\\/haberkuzey.com\\\/wp-content\\\/uploads\\\/2025\\\/03\\\/ISTANBULUNIVERSITESI.jpg\",\"width\":864,\"height\":486},{\"@type\":\"BreadcrumbList\",\"@id\":\"https:\\\/\\\/haberkuzey.com\\\/index.php\\\/2025\\\/03\\\/18\\\/istanbul-universitesi-imamoglu-ile-27-kisinin-diplomasinin-iptaline-karar-verdi\\\/#breadcrumb\",\"itemListElement\":[{\"@type\":\"ListItem\",\"position\":1,\"name\":\"Anasayfa\",\"item\":\"https:\\\/\\\/haberkuzey.com\\\/\"},{\"@type\":\"ListItem\",\"position\":2,\"name\":\"\u0130stanbul \u00dcniversitesi, \u0130mamo\u011flu ile 27 ki\u015finin diplomas\u0131n\u0131n iptaline karar verdi\"}]},{\"@type\":\"WebSite\",\"@id\":\"https:\\\/\\\/haberkuzey.com\\\/#website\",\"url\":\"https:\\\/\\\/haberkuzey.com\\\/\",\"name\":\"Haber Kuzey\",\"description\":\"Do\u011fru Haberin Adresi\",\"potentialAction\":[{\"@type\":\"SearchAction\",\"target\":{\"@type\":\"EntryPoint\",\"urlTemplate\":\"https:\\\/\\\/haberkuzey.com\\\/?s={search_term_string}\"},\"query-input\":{\"@type\":\"PropertyValueSpecification\",\"valueRequired\":true,\"valueName\":\"search_term_string\"}}],\"inLanguage\":\"tr\"},{\"@type\":\"Person\",\"@id\":\"https:\\\/\\\/haberkuzey.com\\\/#\\\/schema\\\/person\\\/3372109ec735f9333f4fa47ebb9605ca\",\"name\":\"haberkuzey\",\"image\":{\"@type\":\"ImageObject\",\"inLanguage\":\"tr\",\"@id\":\"https:\\\/\\\/secure.gravatar.com\\\/avatar\\\/f5fc875574b1575324358c3b9e6a32b8227aa5b74f3fa22e3cadb63e26fcc39c?s=96&d=mm&r=g\",\"url\":\"https:\\\/\\\/secure.gravatar.com\\\/avatar\\\/f5fc875574b1575324358c3b9e6a32b8227aa5b74f3fa22e3cadb63e26fcc39c?s=96&d=mm&r=g\",\"contentUrl\":\"https:\\\/\\\/secure.gravatar.com\\\/avatar\\\/f5fc875574b1575324358c3b9e6a32b8227aa5b74f3fa22e3cadb63e26fcc39c?s=96&d=mm&r=g\",\"caption\":\"haberkuzey\"},\"sameAs\":[\"https:\\\/\\\/haberkuzey.com\"],\"url\":\"https:\\\/\\\/haberkuzey.com\\\/index.php\\\/author\\\/haberkuzey\\\/\"}]}<\/script>\n<!-- \/ Yoast SEO plugin. -->","yoast_head_json":{"title":"\u0130stanbul \u00dcniversitesi, \u0130mamo\u011flu ile 27 ki\u015finin diplomas\u0131n\u0131n iptaline karar verdi - Haber Kuzey","robots":{"index":"index","follow":"follow","max-snippet":"max-snippet:-1","max-image-preview":"max-image-preview:large","max-video-preview":"max-video-preview:-1"},"canonical":"https:\/\/haberkuzey.com\/index.php\/2025\/03\/18\/istanbul-universitesi-imamoglu-ile-27-kisinin-diplomasinin-iptaline-karar-verdi\/","og_locale":"tr_TR","og_type":"article","og_title":"\u0130stanbul \u00dcniversitesi, \u0130mamo\u011flu ile 27 ki\u015finin diplomas\u0131n\u0131n iptaline karar verdi - Haber Kuzey","og_description":"\u0130stanbul \u00dcniversitesi, \u0130stanbul B\u00fcy\u00fck\u015fehir Belediye (\u0130BB) Ba\u015fkan\u0131 Ekrem \u0130mamo\u011flu\u2019nun da aralar\u0131nda bulundu\u011fu 28 ki\u015finin diplomalar\u0131n\u0131n \u201cyokluk\u201d ve \u201ca\u00e7\u0131k hata\u201d gerek\u00e7eleriyle geri al\u0131nmak suretiyle iptaline karar verildi\u011fini bildirdi. \u00dcniversiteden yap\u0131lan a\u00e7\u0131klamada, \u015funlar kaydedildi:\u201c\u00dcniversitemiz Y\u00f6netim Kurulu\u2019nun 18 Mart 2025 tarih ve 61. toplant\u0131s\u0131nda al\u0131nan 3 say\u0131l\u0131 karar ile \u0130stanbul Cumhuriyet Ba\u015fsavc\u0131l\u0131\u011f\u0131n\u0131n 24.02.2025 tarih ve 2025\/44681 soru\u015fturma say\u0131l\u0131 [&hellip;]","og_url":"https:\/\/haberkuzey.com\/index.php\/2025\/03\/18\/istanbul-universitesi-imamoglu-ile-27-kisinin-diplomasinin-iptaline-karar-verdi\/","og_site_name":"Haber Kuzey","article_published_time":"2025-03-18T18:09:23+00:00","og_image":[{"url":"https:\/\/brtk.net\/wp-content\/uploads\/2025\/03\/18\/ISTANBULUNIVERSITESI.jpg?ver=5bbbb2cb20bcc1669afda11067ca4387","type":"","width":"","height":""}],"author":"haberkuzey","twitter_card":"summary_large_image","twitter_misc":{"Yazan:":"haberkuzey","Tahmini okuma s\u00fcresi":"2 dakika"},"schema":{"@context":"https:\/\/schema.org","@graph":[{"@type":"Article","@id":"https:\/\/haberkuzey.com\/index.php\/2025\/03\/18\/istanbul-universitesi-imamoglu-ile-27-kisinin-diplomasinin-iptaline-karar-verdi\/#article","isPartOf":{"@id":"https:\/\/haberkuzey.com\/index.php\/2025\/03\/18\/istanbul-universitesi-imamoglu-ile-27-kisinin-diplomasinin-iptaline-karar-verdi\/"},"author":{"name":"haberkuzey","@id":"https:\/\/haberkuzey.com\/#\/schema\/person\/3372109ec735f9333f4fa47ebb9605ca"},"headline":"\u0130stanbul \u00dcniversitesi, \u0130mamo\u011flu ile 27 ki\u015finin diplomas\u0131n\u0131n iptaline karar verdi","datePublished":"2025-03-18T18:09:23+00:00","mainEntityOfPage":{"@id":"https:\/\/haberkuzey.com\/index.php\/2025\/03\/18\/istanbul-universitesi-imamoglu-ile-27-kisinin-diplomasinin-iptaline-karar-verdi\/"},"wordCount":428,"commentCount":0,"image":{"@id":"https:\/\/haberkuzey.com\/index.php\/2025\/03\/18\/istanbul-universitesi-imamoglu-ile-27-kisinin-diplomasinin-iptaline-karar-verdi\/#primaryimage"},"thumbnailUrl":"https:\/\/haberkuzey.com\/wp-content\/uploads\/2025\/03\/ISTANBULUNIVERSITESI.jpg","articleSection":["D\u00fcnya"],"inLanguage":"tr","potentialAction":[{"@type":"CommentAction","name":"Comment","target":["https:\/\/haberkuzey.com\/index.php\/2025\/03\/18\/istanbul-universitesi-imamoglu-ile-27-kisinin-diplomasinin-iptaline-karar-verdi\/#respond"]}]},{"@type":"WebPage","@id":"https:\/\/haberkuzey.com\/index.php\/2025\/03\/18\/istanbul-universitesi-imamoglu-ile-27-kisinin-diplomasinin-iptaline-karar-verdi\/","url":"https:\/\/haberkuzey.com\/index.php\/2025\/03\/18\/istanbul-universitesi-imamoglu-ile-27-kisinin-diplomasinin-iptaline-karar-verdi\/","name":"\u0130stanbul \u00dcniversitesi, \u0130mamo\u011flu ile 27 ki\u015finin diplomas\u0131n\u0131n iptaline karar verdi - Haber Kuzey","isPartOf":{"@id":"https:\/\/haberkuzey.com\/#website"},"primaryImageOfPage":{"@id":"https:\/\/haberkuzey.com\/index.php\/2025\/03\/18\/istanbul-universitesi-imamoglu-ile-27-kisinin-diplomasinin-iptaline-karar-verdi\/#primaryimage"},"image":{"@id":"https:\/\/haberkuzey.com\/index.php\/2025\/03\/18\/istanbul-universitesi-imamoglu-ile-27-kisinin-diplomasinin-iptaline-karar-verdi\/#primaryimage"},"thumbnailUrl":"https:\/\/haberkuzey.com\/wp-content\/uploads\/2025\/03\/ISTANBULUNIVERSITESI.jpg","datePublished":"2025-03-18T18:09:23+00:00","author":{"@id":"https:\/\/haberkuzey.com\/#\/schema\/person\/3372109ec735f9333f4fa47ebb9605ca"},"breadcrumb":{"@id":"https:\/\/haberkuzey.com\/index.php\/2025\/03\/18\/istanbul-universitesi-imamoglu-ile-27-kisinin-diplomasinin-iptaline-karar-verdi\/#breadcrumb"},"inLanguage":"tr","potentialAction":[{"@type":"ReadAction","target":["https:\/\/haberkuzey.com\/index.php\/2025\/03\/18\/istanbul-universitesi-imamoglu-ile-27-kisinin-diplomasinin-iptaline-karar-verdi\/"]}]},{"@type":"ImageObject","inLanguage":"tr","@id":"https:\/\/haberkuzey.com\/index.php\/2025\/03\/18\/istanbul-universitesi-imamoglu-ile-27-kisinin-diplomasinin-iptaline-karar-verdi\/#primaryimage","url":"https:\/\/haberkuzey.com\/wp-content\/uploads\/2025\/03\/ISTANBULUNIVERSITESI.jpg","contentUrl":"https:\/\/haberkuzey.com\/wp-content\/uploads\/2025\/03\/ISTANBULUNIVERSITESI.jpg","width":864,"height":486},{"@type":"BreadcrumbList","@id":"https:\/\/haberkuzey.com\/index.php\/2025\/03\/18\/istanbul-universitesi-imamoglu-ile-27-kisinin-diplomasinin-iptaline-karar-verdi\/#breadcrumb","itemListElement":[{"@type":"ListItem","position":1,"name":"Anasayfa","item":"https:\/\/haberkuzey.com\/"},{"@type":"ListItem","position":2,"name":"\u0130stanbul \u00dcniversitesi, \u0130mamo\u011flu ile 27 ki\u015finin diplomas\u0131n\u0131n iptaline karar verdi"}]},{"@type":"WebSite","@id":"https:\/\/haberkuzey.com\/#website","url":"https:\/\/haberkuzey.com\/","name":"Haber Kuzey","description":"Do\u011fru Haberin Adresi","potentialAction":[{"@type":"SearchAction","target":{"@type":"EntryPoint","urlTemplate":"https:\/\/haberkuzey.com\/?s={search_term_string}"},"query-input":{"@type":"PropertyValueSpecification","valueRequired":true,"valueName":"search_term_string"}}],"inLanguage":"tr"},{"@type":"Person","@id":"https:\/\/haberkuzey.com\/#\/schema\/person\/3372109ec735f9333f4fa47ebb9605ca","name":"haberkuzey","image":{"@type":"ImageObject","inLanguage":"tr","@id":"https:\/\/secure.gravatar.com\/avatar\/f5fc875574b1575324358c3b9e6a32b8227aa5b74f3fa22e3cadb63e26fcc39c?s=96&d=mm&r=g","url":"https:\/\/secure.gravatar.com\/avatar\/f5fc875574b1575324358c3b9e6a32b8227aa5b74f3fa22e3cadb63e26fcc39c?s=96&d=mm&r=g","contentUrl":"https:\/\/secure.gravatar.com\/avatar\/f5fc875574b1575324358c3b9e6a32b8227aa5b74f3fa22e3cadb63e26fcc39c?s=96&d=mm&r=g","caption":"haberkuzey"},"sameAs":["https:\/\/haberkuzey.com"],"url":"https:\/\/haberkuzey.com\/index.php\/author\/haberkuzey\/"}]}},"_links":{"self":[{"href":"https:\/\/haberkuzey.com\/index.php\/wp-json\/wp\/v2\/posts\/20151","targetHints":{"allow":["GET"]}}],"collection":[{"href":"https:\/\/haberkuzey.com\/index.php\/wp-json\/wp\/v2\/posts"}],"about":[{"href":"https:\/\/haberkuzey.com\/index.php\/wp-json\/wp\/v2\/types\/post"}],"author":[{"embeddable":true,"href":"https:\/\/haberkuzey.com\/index.php\/wp-json\/wp\/v2\/users\/1"}],"replies":[{"embeddable":true,"href":"https:\/\/haberkuzey.com\/index.php\/wp-json\/wp\/v2\/comments?post=20151"}],"version-history":[{"count":0,"href":"https:\/\/haberkuzey.com\/index.php\/wp-json\/wp\/v2\/posts\/20151\/revisions"}],"wp:featuredmedia":[{"embeddable":true,"href":"https:\/\/haberkuzey.com\/index.php\/wp-json\/wp\/v2\/media\/20152"}],"wp:attachment":[{"href":"https:\/\/haberkuzey.com\/index.php\/wp-json\/wp\/v2\/media?parent=20151"}],"wp:term":[{"taxonomy":"category","embeddable":true,"href":"https:\/\/haberkuzey.com\/index.php\/wp-json\/wp\/v2\/categories?post=20151"},{"taxonomy":"post_tag","embeddable":true,"href":"https:\/\/haberkuzey.com\/index.php\/wp-json\/wp\/v2\/tags?post=20151"}],"curies":[{"name":"wp","href":"https:\/\/api.w.org\/{rel}","templated":true}]}}