{"id":20121,"date":"2025-03-18T16:04:47","date_gmt":"2025-03-18T14:04:47","guid":{"rendered":"https:\/\/haberkuzey.com\/index.php\/2025\/03\/18\/tc-genclik-ve-spor-bakani-bak-yarin-kktcye-geliyor\/"},"modified":"2025-03-18T16:04:47","modified_gmt":"2025-03-18T14:04:47","slug":"tc-genclik-ve-spor-bakani-bak-yarin-kktcye-geliyor","status":"publish","type":"post","link":"https:\/\/haberkuzey.com\/index.php\/2025\/03\/18\/tc-genclik-ve-spor-bakani-bak-yarin-kktcye-geliyor\/","title":{"rendered":"TC Gen\u00e7lik ve Spor Bakan\u0131 Bak yar\u0131n KKTC\u2019ye geliyor"},"content":{"rendered":"<div>\n<div class=\"mariselle-image-container none\">\n                                            <\/div>\n<p style=\"font-weight: 300;\"><span style=\"font-weight: 300 !important;\">T\u00fcrkiye Cumhuriyeti Gen\u00e7lik ve Spor Bakan\u0131 Osman A\u015fk\u0131n Bak resmi temaslarda bulunmak \u00fczere yar\u0131n KKTC\u2019ye gelecek.<\/span><\/p>\n<p style=\"font-weight: 300;\"><span style=\"font-weight: 300 !important;\">Bakan Bak, Cumhurba\u015fkan\u0131 Ersin Tatar ve Cumhuriyet Meclisi Ba\u015fkan\u0131 Ziya \u00d6zt\u00fcrkler taraf\u0131ndan kabul edilecek.\u00a0 Bakan Bak, yar\u0131n saat 15.45\u2019te G\u00fcvercinlik Spor Tesisi a\u00e7\u0131l\u0131\u015f\u0131na da kat\u0131lacak.\u00a0<\/span><\/p>\n<p style=\"font-weight: 300;\"><span style=\"font-weight: 300 !important;\">Bak, temas ve incelemelerinin ard\u0131ndan Per\u015fembe g\u00fcn\u00fc adadan ayr\u0131lacak.<\/span><\/p>\n<p>\u00a0<\/p>\n<p>\u00a0<\/p>\n<\/p><\/div>\n<p><script async\n                    defer\n                    crossorigin=\"anonymous\"\n                    src=\"https:\/\/connect.facebook.net\/tr_TR\/sdk.js#xfbml=1&#038;version=v3.3\"\n            ><\/script><\/p>\n","protected":false},"excerpt":{"rendered":"<p>T\u00fcrkiye Cumhuriyeti Gen\u00e7lik ve Spor Bakan\u0131 Osman A\u015fk\u0131n Bak resmi temaslarda bulunmak \u00fczere yar\u0131n KKTC\u2019ye gelecek. Bakan Bak, Cumhurba\u015fkan\u0131 Ersin Tatar ve Cumhuriyet Meclisi Ba\u015fkan\u0131 Ziya \u00d6zt\u00fcrkler taraf\u0131ndan kabul edilecek.\u00a0 Bakan Bak, yar\u0131n saat 15.45\u2019te G\u00fcvercinlik Spor Tesisi a\u00e7\u0131l\u0131\u015f\u0131na da kat\u0131lacak.\u00a0 Bak, temas ve incelemelerinin ard\u0131ndan Per\u015fembe g\u00fcn\u00fc adadan ayr\u0131lacak. \u00a0 \u00a0<\/p>\n","protected":false},"author":1,"featured_media":20122,"comment_status":"open","ping_status":"open","sticky":false,"template":"","format":"standard","meta":{"jnews-multi-image_gallery":[],"jnews_single_post":[],"jnews_primary_category":[],"footnotes":""},"categories":[2],"tags":[],"class_list":["post-20121","post","type-post","status-publish","format-standard","has-post-thumbnail","hentry","category-dunya"],"yoast_head":"<!-- This site is optimized with the Yoast SEO plugin v27.5 - https:\/\/yoast.com\/product\/yoast-seo-wordpress\/ -->\n<title>TC Gen\u00e7lik ve Spor Bakan\u0131 Bak yar\u0131n KKTC\u2019ye geliyor - Haber Kuzey<\/title>\n<meta name=\"robots\" content=\"index, follow, max-snippet:-1, max-image-preview:large, max-video-preview:-1\" \/>\n<link rel=\"canonical\" href=\"https:\/\/haberkuzey.com\/index.php\/2025\/03\/18\/tc-genclik-ve-spor-bakani-bak-yarin-kktcye-geliyor\/\" \/>\n<meta property=\"og:locale\" content=\"tr_TR\" \/>\n<meta property=\"og:type\" content=\"article\" \/>\n<meta property=\"og:title\" content=\"TC Gen\u00e7lik ve Spor Bakan\u0131 Bak yar\u0131n KKTC\u2019ye geliyor - Haber Kuzey\" \/>\n<meta property=\"og:description\" content=\"T\u00fcrkiye Cumhuriyeti Gen\u00e7lik ve Spor Bakan\u0131 Osman A\u015fk\u0131n Bak resmi temaslarda bulunmak \u00fczere yar\u0131n KKTC\u2019ye gelecek. Bakan Bak, Cumhurba\u015fkan\u0131 Ersin Tatar ve Cumhuriyet Meclisi Ba\u015fkan\u0131 Ziya \u00d6zt\u00fcrkler taraf\u0131ndan kabul edilecek.\u00a0 Bakan Bak, yar\u0131n saat 15.45\u2019te G\u00fcvercinlik Spor Tesisi a\u00e7\u0131l\u0131\u015f\u0131na da kat\u0131lacak.\u00a0 Bak, temas ve incelemelerinin ard\u0131ndan Per\u015fembe g\u00fcn\u00fc adadan ayr\u0131lacak. \u00a0 \u00a0\" \/>\n<meta property=\"og:url\" content=\"https:\/\/haberkuzey.com\/index.php\/2025\/03\/18\/tc-genclik-ve-spor-bakani-bak-yarin-kktcye-geliyor\/\" \/>\n<meta property=\"og:site_name\" content=\"Haber Kuzey\" \/>\n<meta property=\"article:published_time\" content=\"2025-03-18T14:04:47+00:00\" \/>\n<meta property=\"og:image\" content=\"https:\/\/brtk.net\/wp-content\/uploads\/2025\/03\/18\/osmanaskinbak.png?ver=eeecb5045694c62d91bd43627e5e6c72\" \/>\n<meta name=\"author\" content=\"haberkuzey\" \/>\n<meta name=\"twitter:card\" content=\"summary_large_image\" \/>\n<meta name=\"twitter:label1\" content=\"Yazan:\" \/>\n\t<meta name=\"twitter:data1\" content=\"haberkuzey\" \/>\n<script type=\"application\/ld+json\" class=\"yoast-schema-graph\">{\"@context\":\"https:\\\/\\\/schema.org\",\"@graph\":[{\"@type\":\"Article\",\"@id\":\"https:\\\/\\\/haberkuzey.com\\\/index.php\\\/2025\\\/03\\\/18\\\/tc-genclik-ve-spor-bakani-bak-yarin-kktcye-geliyor\\\/#article\",\"isPartOf\":{\"@id\":\"https:\\\/\\\/haberkuzey.com\\\/index.php\\\/2025\\\/03\\\/18\\\/tc-genclik-ve-spor-bakani-bak-yarin-kktcye-geliyor\\\/\"},\"author\":{\"name\":\"haberkuzey\",\"@id\":\"https:\\\/\\\/haberkuzey.com\\\/#\\\/schema\\\/person\\\/3372109ec735f9333f4fa47ebb9605ca\"},\"headline\":\"TC Gen\u00e7lik ve Spor Bakan\u0131 Bak yar\u0131n KKTC\u2019ye geliyor\",\"datePublished\":\"2025-03-18T14:04:47+00:00\",\"mainEntityOfPage\":{\"@id\":\"https:\\\/\\\/haberkuzey.com\\\/index.php\\\/2025\\\/03\\\/18\\\/tc-genclik-ve-spor-bakani-bak-yarin-kktcye-geliyor\\\/\"},\"wordCount\":81,\"commentCount\":0,\"image\":{\"@id\":\"https:\\\/\\\/haberkuzey.com\\\/index.php\\\/2025\\\/03\\\/18\\\/tc-genclik-ve-spor-bakani-bak-yarin-kktcye-geliyor\\\/#primaryimage\"},\"thumbnailUrl\":\"https:\\\/\\\/haberkuzey.com\\\/wp-content\\\/uploads\\\/2025\\\/03\\\/osmanaskinbak.png\",\"articleSection\":[\"D\u00fcnya\"],\"inLanguage\":\"tr\",\"potentialAction\":[{\"@type\":\"CommentAction\",\"name\":\"Comment\",\"target\":[\"https:\\\/\\\/haberkuzey.com\\\/index.php\\\/2025\\\/03\\\/18\\\/tc-genclik-ve-spor-bakani-bak-yarin-kktcye-geliyor\\\/#respond\"]}]},{\"@type\":\"WebPage\",\"@id\":\"https:\\\/\\\/haberkuzey.com\\\/index.php\\\/2025\\\/03\\\/18\\\/tc-genclik-ve-spor-bakani-bak-yarin-kktcye-geliyor\\\/\",\"url\":\"https:\\\/\\\/haberkuzey.com\\\/index.php\\\/2025\\\/03\\\/18\\\/tc-genclik-ve-spor-bakani-bak-yarin-kktcye-geliyor\\\/\",\"name\":\"TC Gen\u00e7lik ve Spor Bakan\u0131 Bak yar\u0131n KKTC\u2019ye geliyor - Haber Kuzey\",\"isPartOf\":{\"@id\":\"https:\\\/\\\/haberkuzey.com\\\/#website\"},\"primaryImageOfPage\":{\"@id\":\"https:\\\/\\\/haberkuzey.com\\\/index.php\\\/2025\\\/03\\\/18\\\/tc-genclik-ve-spor-bakani-bak-yarin-kktcye-geliyor\\\/#primaryimage\"},\"image\":{\"@id\":\"https:\\\/\\\/haberkuzey.com\\\/index.php\\\/2025\\\/03\\\/18\\\/tc-genclik-ve-spor-bakani-bak-yarin-kktcye-geliyor\\\/#primaryimage\"},\"thumbnailUrl\":\"https:\\\/\\\/haberkuzey.com\\\/wp-content\\\/uploads\\\/2025\\\/03\\\/osmanaskinbak.png\",\"datePublished\":\"2025-03-18T14:04:47+00:00\",\"author\":{\"@id\":\"https:\\\/\\\/haberkuzey.com\\\/#\\\/schema\\\/person\\\/3372109ec735f9333f4fa47ebb9605ca\"},\"breadcrumb\":{\"@id\":\"https:\\\/\\\/haberkuzey.com\\\/index.php\\\/2025\\\/03\\\/18\\\/tc-genclik-ve-spor-bakani-bak-yarin-kktcye-geliyor\\\/#breadcrumb\"},\"inLanguage\":\"tr\",\"potentialAction\":[{\"@type\":\"ReadAction\",\"target\":[\"https:\\\/\\\/haberkuzey.com\\\/index.php\\\/2025\\\/03\\\/18\\\/tc-genclik-ve-spor-bakani-bak-yarin-kktcye-geliyor\\\/\"]}]},{\"@type\":\"ImageObject\",\"inLanguage\":\"tr\",\"@id\":\"https:\\\/\\\/haberkuzey.com\\\/index.php\\\/2025\\\/03\\\/18\\\/tc-genclik-ve-spor-bakani-bak-yarin-kktcye-geliyor\\\/#primaryimage\",\"url\":\"https:\\\/\\\/haberkuzey.com\\\/wp-content\\\/uploads\\\/2025\\\/03\\\/osmanaskinbak.png\",\"contentUrl\":\"https:\\\/\\\/haberkuzey.com\\\/wp-content\\\/uploads\\\/2025\\\/03\\\/osmanaskinbak.png\",\"width\":1024,\"height\":576},{\"@type\":\"BreadcrumbList\",\"@id\":\"https:\\\/\\\/haberkuzey.com\\\/index.php\\\/2025\\\/03\\\/18\\\/tc-genclik-ve-spor-bakani-bak-yarin-kktcye-geliyor\\\/#breadcrumb\",\"itemListElement\":[{\"@type\":\"ListItem\",\"position\":1,\"name\":\"Anasayfa\",\"item\":\"https:\\\/\\\/haberkuzey.com\\\/\"},{\"@type\":\"ListItem\",\"position\":2,\"name\":\"TC Gen\u00e7lik ve Spor Bakan\u0131 Bak yar\u0131n KKTC\u2019ye geliyor\"}]},{\"@type\":\"WebSite\",\"@id\":\"https:\\\/\\\/haberkuzey.com\\\/#website\",\"url\":\"https:\\\/\\\/haberkuzey.com\\\/\",\"name\":\"Haber Kuzey\",\"description\":\"Do\u011fru Haberin Adresi\",\"potentialAction\":[{\"@type\":\"SearchAction\",\"target\":{\"@type\":\"EntryPoint\",\"urlTemplate\":\"https:\\\/\\\/haberkuzey.com\\\/?s={search_term_string}\"},\"query-input\":{\"@type\":\"PropertyValueSpecification\",\"valueRequired\":true,\"valueName\":\"search_term_string\"}}],\"inLanguage\":\"tr\"},{\"@type\":\"Person\",\"@id\":\"https:\\\/\\\/haberkuzey.com\\\/#\\\/schema\\\/person\\\/3372109ec735f9333f4fa47ebb9605ca\",\"name\":\"haberkuzey\",\"image\":{\"@type\":\"ImageObject\",\"inLanguage\":\"tr\",\"@id\":\"https:\\\/\\\/secure.gravatar.com\\\/avatar\\\/f5fc875574b1575324358c3b9e6a32b8227aa5b74f3fa22e3cadb63e26fcc39c?s=96&d=mm&r=g\",\"url\":\"https:\\\/\\\/secure.gravatar.com\\\/avatar\\\/f5fc875574b1575324358c3b9e6a32b8227aa5b74f3fa22e3cadb63e26fcc39c?s=96&d=mm&r=g\",\"contentUrl\":\"https:\\\/\\\/secure.gravatar.com\\\/avatar\\\/f5fc875574b1575324358c3b9e6a32b8227aa5b74f3fa22e3cadb63e26fcc39c?s=96&d=mm&r=g\",\"caption\":\"haberkuzey\"},\"sameAs\":[\"https:\\\/\\\/haberkuzey.com\"],\"url\":\"https:\\\/\\\/haberkuzey.com\\\/index.php\\\/author\\\/haberkuzey\\\/\"}]}<\/script>\n<!-- \/ Yoast SEO plugin. -->","yoast_head_json":{"title":"TC Gen\u00e7lik ve Spor Bakan\u0131 Bak yar\u0131n KKTC\u2019ye geliyor - Haber Kuzey","robots":{"index":"index","follow":"follow","max-snippet":"max-snippet:-1","max-image-preview":"max-image-preview:large","max-video-preview":"max-video-preview:-1"},"canonical":"https:\/\/haberkuzey.com\/index.php\/2025\/03\/18\/tc-genclik-ve-spor-bakani-bak-yarin-kktcye-geliyor\/","og_locale":"tr_TR","og_type":"article","og_title":"TC Gen\u00e7lik ve Spor Bakan\u0131 Bak yar\u0131n KKTC\u2019ye geliyor - Haber Kuzey","og_description":"T\u00fcrkiye Cumhuriyeti Gen\u00e7lik ve Spor Bakan\u0131 Osman A\u015fk\u0131n Bak resmi temaslarda bulunmak \u00fczere yar\u0131n KKTC\u2019ye gelecek. Bakan Bak, Cumhurba\u015fkan\u0131 Ersin Tatar ve Cumhuriyet Meclisi Ba\u015fkan\u0131 Ziya \u00d6zt\u00fcrkler taraf\u0131ndan kabul edilecek.\u00a0 Bakan Bak, yar\u0131n saat 15.45\u2019te G\u00fcvercinlik Spor Tesisi a\u00e7\u0131l\u0131\u015f\u0131na da kat\u0131lacak.\u00a0 Bak, temas ve incelemelerinin ard\u0131ndan Per\u015fembe g\u00fcn\u00fc adadan ayr\u0131lacak. \u00a0 \u00a0","og_url":"https:\/\/haberkuzey.com\/index.php\/2025\/03\/18\/tc-genclik-ve-spor-bakani-bak-yarin-kktcye-geliyor\/","og_site_name":"Haber Kuzey","article_published_time":"2025-03-18T14:04:47+00:00","og_image":[{"url":"https:\/\/brtk.net\/wp-content\/uploads\/2025\/03\/18\/osmanaskinbak.png?ver=eeecb5045694c62d91bd43627e5e6c72","type":"","width":"","height":""}],"author":"haberkuzey","twitter_card":"summary_large_image","twitter_misc":{"Yazan:":"haberkuzey"},"schema":{"@context":"https:\/\/schema.org","@graph":[{"@type":"Article","@id":"https:\/\/haberkuzey.com\/index.php\/2025\/03\/18\/tc-genclik-ve-spor-bakani-bak-yarin-kktcye-geliyor\/#article","isPartOf":{"@id":"https:\/\/haberkuzey.com\/index.php\/2025\/03\/18\/tc-genclik-ve-spor-bakani-bak-yarin-kktcye-geliyor\/"},"author":{"name":"haberkuzey","@id":"https:\/\/haberkuzey.com\/#\/schema\/person\/3372109ec735f9333f4fa47ebb9605ca"},"headline":"TC Gen\u00e7lik ve Spor Bakan\u0131 Bak yar\u0131n KKTC\u2019ye geliyor","datePublished":"2025-03-18T14:04:47+00:00","mainEntityOfPage":{"@id":"https:\/\/haberkuzey.com\/index.php\/2025\/03\/18\/tc-genclik-ve-spor-bakani-bak-yarin-kktcye-geliyor\/"},"wordCount":81,"commentCount":0,"image":{"@id":"https:\/\/haberkuzey.com\/index.php\/2025\/03\/18\/tc-genclik-ve-spor-bakani-bak-yarin-kktcye-geliyor\/#primaryimage"},"thumbnailUrl":"https:\/\/haberkuzey.com\/wp-content\/uploads\/2025\/03\/osmanaskinbak.png","articleSection":["D\u00fcnya"],"inLanguage":"tr","potentialAction":[{"@type":"CommentAction","name":"Comment","target":["https:\/\/haberkuzey.com\/index.php\/2025\/03\/18\/tc-genclik-ve-spor-bakani-bak-yarin-kktcye-geliyor\/#respond"]}]},{"@type":"WebPage","@id":"https:\/\/haberkuzey.com\/index.php\/2025\/03\/18\/tc-genclik-ve-spor-bakani-bak-yarin-kktcye-geliyor\/","url":"https:\/\/haberkuzey.com\/index.php\/2025\/03\/18\/tc-genclik-ve-spor-bakani-bak-yarin-kktcye-geliyor\/","name":"TC Gen\u00e7lik ve Spor Bakan\u0131 Bak yar\u0131n KKTC\u2019ye geliyor - Haber Kuzey","isPartOf":{"@id":"https:\/\/haberkuzey.com\/#website"},"primaryImageOfPage":{"@id":"https:\/\/haberkuzey.com\/index.php\/2025\/03\/18\/tc-genclik-ve-spor-bakani-bak-yarin-kktcye-geliyor\/#primaryimage"},"image":{"@id":"https:\/\/haberkuzey.com\/index.php\/2025\/03\/18\/tc-genclik-ve-spor-bakani-bak-yarin-kktcye-geliyor\/#primaryimage"},"thumbnailUrl":"https:\/\/haberkuzey.com\/wp-content\/uploads\/2025\/03\/osmanaskinbak.png","datePublished":"2025-03-18T14:04:47+00:00","author":{"@id":"https:\/\/haberkuzey.com\/#\/schema\/person\/3372109ec735f9333f4fa47ebb9605ca"},"breadcrumb":{"@id":"https:\/\/haberkuzey.com\/index.php\/2025\/03\/18\/tc-genclik-ve-spor-bakani-bak-yarin-kktcye-geliyor\/#breadcrumb"},"inLanguage":"tr","potentialAction":[{"@type":"ReadAction","target":["https:\/\/haberkuzey.com\/index.php\/2025\/03\/18\/tc-genclik-ve-spor-bakani-bak-yarin-kktcye-geliyor\/"]}]},{"@type":"ImageObject","inLanguage":"tr","@id":"https:\/\/haberkuzey.com\/index.php\/2025\/03\/18\/tc-genclik-ve-spor-bakani-bak-yarin-kktcye-geliyor\/#primaryimage","url":"https:\/\/haberkuzey.com\/wp-content\/uploads\/2025\/03\/osmanaskinbak.png","contentUrl":"https:\/\/haberkuzey.com\/wp-content\/uploads\/2025\/03\/osmanaskinbak.png","width":1024,"height":576},{"@type":"BreadcrumbList","@id":"https:\/\/haberkuzey.com\/index.php\/2025\/03\/18\/tc-genclik-ve-spor-bakani-bak-yarin-kktcye-geliyor\/#breadcrumb","itemListElement":[{"@type":"ListItem","position":1,"name":"Anasayfa","item":"https:\/\/haberkuzey.com\/"},{"@type":"ListItem","position":2,"name":"TC Gen\u00e7lik ve Spor Bakan\u0131 Bak yar\u0131n KKTC\u2019ye geliyor"}]},{"@type":"WebSite","@id":"https:\/\/haberkuzey.com\/#website","url":"https:\/\/haberkuzey.com\/","name":"Haber Kuzey","description":"Do\u011fru Haberin Adresi","potentialAction":[{"@type":"SearchAction","target":{"@type":"EntryPoint","urlTemplate":"https:\/\/haberkuzey.com\/?s={search_term_string}"},"query-input":{"@type":"PropertyValueSpecification","valueRequired":true,"valueName":"search_term_string"}}],"inLanguage":"tr"},{"@type":"Person","@id":"https:\/\/haberkuzey.com\/#\/schema\/person\/3372109ec735f9333f4fa47ebb9605ca","name":"haberkuzey","image":{"@type":"ImageObject","inLanguage":"tr","@id":"https:\/\/secure.gravatar.com\/avatar\/f5fc875574b1575324358c3b9e6a32b8227aa5b74f3fa22e3cadb63e26fcc39c?s=96&d=mm&r=g","url":"https:\/\/secure.gravatar.com\/avatar\/f5fc875574b1575324358c3b9e6a32b8227aa5b74f3fa22e3cadb63e26fcc39c?s=96&d=mm&r=g","contentUrl":"https:\/\/secure.gravatar.com\/avatar\/f5fc875574b1575324358c3b9e6a32b8227aa5b74f3fa22e3cadb63e26fcc39c?s=96&d=mm&r=g","caption":"haberkuzey"},"sameAs":["https:\/\/haberkuzey.com"],"url":"https:\/\/haberkuzey.com\/index.php\/author\/haberkuzey\/"}]}},"_links":{"self":[{"href":"https:\/\/haberkuzey.com\/index.php\/wp-json\/wp\/v2\/posts\/20121","targetHints":{"allow":["GET"]}}],"collection":[{"href":"https:\/\/haberkuzey.com\/index.php\/wp-json\/wp\/v2\/posts"}],"about":[{"href":"https:\/\/haberkuzey.com\/index.php\/wp-json\/wp\/v2\/types\/post"}],"author":[{"embeddable":true,"href":"https:\/\/haberkuzey.com\/index.php\/wp-json\/wp\/v2\/users\/1"}],"replies":[{"embeddable":true,"href":"https:\/\/haberkuzey.com\/index.php\/wp-json\/wp\/v2\/comments?post=20121"}],"version-history":[{"count":0,"href":"https:\/\/haberkuzey.com\/index.php\/wp-json\/wp\/v2\/posts\/20121\/revisions"}],"wp:featuredmedia":[{"embeddable":true,"href":"https:\/\/haberkuzey.com\/index.php\/wp-json\/wp\/v2\/media\/20122"}],"wp:attachment":[{"href":"https:\/\/haberkuzey.com\/index.php\/wp-json\/wp\/v2\/media?parent=20121"}],"wp:term":[{"taxonomy":"category","embeddable":true,"href":"https:\/\/haberkuzey.com\/index.php\/wp-json\/wp\/v2\/categories?post=20121"},{"taxonomy":"post_tag","embeddable":true,"href":"https:\/\/haberkuzey.com\/index.php\/wp-json\/wp\/v2\/tags?post=20121"}],"curies":[{"name":"wp","href":"https:\/\/api.w.org\/{rel}","templated":true}]}}