{"id":20119,"date":"2025-03-18T15:09:46","date_gmt":"2025-03-18T13:09:46","guid":{"rendered":"https:\/\/haberkuzey.com\/index.php\/2025\/03\/18\/erdogandan-18-mart-sehitleri-anma-gunu-ve-canakkale-deniz-zaferi-mesaji\/"},"modified":"2025-03-18T15:09:46","modified_gmt":"2025-03-18T13:09:46","slug":"erdogandan-18-mart-sehitleri-anma-gunu-ve-canakkale-deniz-zaferi-mesaji","status":"publish","type":"post","link":"https:\/\/haberkuzey.com\/index.php\/2025\/03\/18\/erdogandan-18-mart-sehitleri-anma-gunu-ve-canakkale-deniz-zaferi-mesaji\/","title":{"rendered":"Erdo\u011fan\u2019dan 18 Mart \u015eehitleri Anma G\u00fcn\u00fc ve \u00c7anakkale Deniz Zaferi mesaj\u0131"},"content":{"rendered":"<div>\n<div class=\"mariselle-image-container none\">\n                                            <\/div>\n<p style=\"font-weight: 300;\"><span style=\"font-weight: 300 !important;\">T\u00fcrkiye Cumhurba\u015fkan\u0131 Recep Tayyip Erdo\u011fan, \u201cTarihimizin en parlak sayfalar\u0131ndan olan \u00c7anakkale Zaferimizin 110. y\u0131l d\u00f6n\u00fcm\u00fcn\u00fcn \u00fclkemize, milletimize, t\u00fcm karde\u015f co\u011frafyalara m\u00fcbarek olmas\u0131n\u0131 temenni ediyorum. Soluk al\u0131p verdi\u011fimiz m\u00fcddet\u00e7e aziz hat\u0131ralar\u0131n\u0131 h\u00fcrmetle yad edece\u011fimiz \u015fehitlerimize Allah\u2019tan rahmet diliyorum.\u201d ifadesini kulland\u0131.<\/span><\/p>\n<p style=\"font-weight: 300;\"><span style=\"font-weight: 300 !important;\">Erdo\u011fan, sosyal medya hesab\u0131ndan, 18 Mart \u015eehitleri Anma G\u00fcn\u00fc ve \u00c7anakkale Deniz Zaferi dolay\u0131s\u0131yla payla\u015f\u0131mda bulundu.<\/span><\/p>\n<p style=\"font-weight: 300;\"><span style=\"font-weight: 300 !important;\">Mehmet Akif Ersoy\u2019un \u201c\u00c7anakkale \u015eehitlerine\u201d \u015fiirinden \u201cEy, bu topraklar i\u00e7in topra\u011fa d\u00fc\u015fm\u00fc\u015f asker. G\u00f6kten ecdat inerek \u00f6pse o pak aln\u0131 de\u011fer\u201d dizelerine yer veren Erdo\u011fan, \u015funlar\u0131 kaydetti:<\/span><\/p>\n<p style=\"font-weight: 300;\"><span style=\"font-weight: 300 !important;\">\u201cTarihimizin en parlak sayfalar\u0131ndan olan \u00c7anakkale Zaferimizin 110. y\u0131l d\u00f6n\u00fcm\u00fcn\u00fcn \u00fclkemize, milletimize, t\u00fcm karde\u015f co\u011frafyalara m\u00fcbarek olmas\u0131n\u0131 temenni ediyorum. Soluk al\u0131p verdi\u011fimiz m\u00fcddet\u00e7e aziz hat\u0131ralar\u0131n\u0131 h\u00fcrmetle yad edece\u011fimiz \u015fehitlerimize Allah\u2019tan rahmet diliyorum.\u201d<\/span><\/p>\n<p>\u00a0<\/p>\n<\/p><\/div>\n<p><script async\n                    defer\n                    crossorigin=\"anonymous\"\n                    src=\"https:\/\/connect.facebook.net\/tr_TR\/sdk.js#xfbml=1&#038;version=v3.3\"\n            ><\/script><\/p>\n","protected":false},"excerpt":{"rendered":"<p>T\u00fcrkiye Cumhurba\u015fkan\u0131 Recep Tayyip Erdo\u011fan, \u201cTarihimizin en parlak sayfalar\u0131ndan olan \u00c7anakkale Zaferimizin 110. y\u0131l d\u00f6n\u00fcm\u00fcn\u00fcn \u00fclkemize, milletimize, t\u00fcm karde\u015f co\u011frafyalara m\u00fcbarek olmas\u0131n\u0131 temenni ediyorum. Soluk al\u0131p verdi\u011fimiz m\u00fcddet\u00e7e aziz hat\u0131ralar\u0131n\u0131 h\u00fcrmetle yad edece\u011fimiz \u015fehitlerimize Allah\u2019tan rahmet diliyorum.\u201d ifadesini kulland\u0131. Erdo\u011fan, sosyal medya hesab\u0131ndan, 18 Mart \u015eehitleri Anma G\u00fcn\u00fc ve \u00c7anakkale Deniz Zaferi dolay\u0131s\u0131yla payla\u015f\u0131mda bulundu. [&hellip;]<\/p>\n","protected":false},"author":1,"featured_media":20120,"comment_status":"open","ping_status":"open","sticky":false,"template":"","format":"standard","meta":{"jnews-multi-image_gallery":[],"jnews_single_post":[],"jnews_primary_category":[],"footnotes":""},"categories":[2],"tags":[],"class_list":["post-20119","post","type-post","status-publish","format-standard","has-post-thumbnail","hentry","category-dunya"],"yoast_head":"<!-- This site is optimized with the Yoast SEO plugin v27.5 - https:\/\/yoast.com\/product\/yoast-seo-wordpress\/ -->\n<title>Erdo\u011fan\u2019dan 18 Mart \u015eehitleri Anma G\u00fcn\u00fc ve \u00c7anakkale Deniz Zaferi mesaj\u0131 - Haber Kuzey<\/title>\n<meta name=\"robots\" content=\"index, follow, max-snippet:-1, max-image-preview:large, max-video-preview:-1\" \/>\n<link rel=\"canonical\" href=\"https:\/\/haberkuzey.com\/index.php\/2025\/03\/18\/erdogandan-18-mart-sehitleri-anma-gunu-ve-canakkale-deniz-zaferi-mesaji\/\" \/>\n<meta property=\"og:locale\" content=\"tr_TR\" \/>\n<meta property=\"og:type\" content=\"article\" \/>\n<meta property=\"og:title\" content=\"Erdo\u011fan\u2019dan 18 Mart \u015eehitleri Anma G\u00fcn\u00fc ve \u00c7anakkale Deniz Zaferi mesaj\u0131 - Haber Kuzey\" \/>\n<meta property=\"og:description\" content=\"T\u00fcrkiye Cumhurba\u015fkan\u0131 Recep Tayyip Erdo\u011fan, \u201cTarihimizin en parlak sayfalar\u0131ndan olan \u00c7anakkale Zaferimizin 110. y\u0131l d\u00f6n\u00fcm\u00fcn\u00fcn \u00fclkemize, milletimize, t\u00fcm karde\u015f co\u011frafyalara m\u00fcbarek olmas\u0131n\u0131 temenni ediyorum. Soluk al\u0131p verdi\u011fimiz m\u00fcddet\u00e7e aziz hat\u0131ralar\u0131n\u0131 h\u00fcrmetle yad edece\u011fimiz \u015fehitlerimize Allah\u2019tan rahmet diliyorum.\u201d ifadesini kulland\u0131. Erdo\u011fan, sosyal medya hesab\u0131ndan, 18 Mart \u015eehitleri Anma G\u00fcn\u00fc ve \u00c7anakkale Deniz Zaferi dolay\u0131s\u0131yla payla\u015f\u0131mda bulundu. [&hellip;]\" \/>\n<meta property=\"og:url\" content=\"https:\/\/haberkuzey.com\/index.php\/2025\/03\/18\/erdogandan-18-mart-sehitleri-anma-gunu-ve-canakkale-deniz-zaferi-mesaji\/\" \/>\n<meta property=\"og:site_name\" content=\"Haber Kuzey\" \/>\n<meta property=\"article:published_time\" content=\"2025-03-18T13:09:46+00:00\" \/>\n<meta property=\"og:image\" content=\"https:\/\/brtk.net\/wp-content\/uploads\/2025\/03\/18\/erdogan.jpg?ver=b8d164cf1497b1092fea23428916be2f\" \/>\n<meta name=\"author\" content=\"haberkuzey\" \/>\n<meta name=\"twitter:card\" content=\"summary_large_image\" \/>\n<meta name=\"twitter:label1\" content=\"Yazan:\" \/>\n\t<meta name=\"twitter:data1\" content=\"haberkuzey\" \/>\n\t<meta name=\"twitter:label2\" content=\"Tahmini okuma s\u00fcresi\" \/>\n\t<meta name=\"twitter:data2\" content=\"1 dakika\" \/>\n<script type=\"application\/ld+json\" class=\"yoast-schema-graph\">{\"@context\":\"https:\\\/\\\/schema.org\",\"@graph\":[{\"@type\":\"Article\",\"@id\":\"https:\\\/\\\/haberkuzey.com\\\/index.php\\\/2025\\\/03\\\/18\\\/erdogandan-18-mart-sehitleri-anma-gunu-ve-canakkale-deniz-zaferi-mesaji\\\/#article\",\"isPartOf\":{\"@id\":\"https:\\\/\\\/haberkuzey.com\\\/index.php\\\/2025\\\/03\\\/18\\\/erdogandan-18-mart-sehitleri-anma-gunu-ve-canakkale-deniz-zaferi-mesaji\\\/\"},\"author\":{\"name\":\"haberkuzey\",\"@id\":\"https:\\\/\\\/haberkuzey.com\\\/#\\\/schema\\\/person\\\/3372109ec735f9333f4fa47ebb9605ca\"},\"headline\":\"Erdo\u011fan\u2019dan 18 Mart \u015eehitleri Anma G\u00fcn\u00fc ve \u00c7anakkale Deniz Zaferi mesaj\u0131\",\"datePublished\":\"2025-03-18T13:09:46+00:00\",\"mainEntityOfPage\":{\"@id\":\"https:\\\/\\\/haberkuzey.com\\\/index.php\\\/2025\\\/03\\\/18\\\/erdogandan-18-mart-sehitleri-anma-gunu-ve-canakkale-deniz-zaferi-mesaji\\\/\"},\"wordCount\":178,\"commentCount\":0,\"image\":{\"@id\":\"https:\\\/\\\/haberkuzey.com\\\/index.php\\\/2025\\\/03\\\/18\\\/erdogandan-18-mart-sehitleri-anma-gunu-ve-canakkale-deniz-zaferi-mesaji\\\/#primaryimage\"},\"thumbnailUrl\":\"https:\\\/\\\/haberkuzey.com\\\/wp-content\\\/uploads\\\/2025\\\/03\\\/erdogan.jpg\",\"articleSection\":[\"D\u00fcnya\"],\"inLanguage\":\"tr\",\"potentialAction\":[{\"@type\":\"CommentAction\",\"name\":\"Comment\",\"target\":[\"https:\\\/\\\/haberkuzey.com\\\/index.php\\\/2025\\\/03\\\/18\\\/erdogandan-18-mart-sehitleri-anma-gunu-ve-canakkale-deniz-zaferi-mesaji\\\/#respond\"]}]},{\"@type\":\"WebPage\",\"@id\":\"https:\\\/\\\/haberkuzey.com\\\/index.php\\\/2025\\\/03\\\/18\\\/erdogandan-18-mart-sehitleri-anma-gunu-ve-canakkale-deniz-zaferi-mesaji\\\/\",\"url\":\"https:\\\/\\\/haberkuzey.com\\\/index.php\\\/2025\\\/03\\\/18\\\/erdogandan-18-mart-sehitleri-anma-gunu-ve-canakkale-deniz-zaferi-mesaji\\\/\",\"name\":\"Erdo\u011fan\u2019dan 18 Mart \u015eehitleri Anma G\u00fcn\u00fc ve \u00c7anakkale Deniz Zaferi mesaj\u0131 - Haber Kuzey\",\"isPartOf\":{\"@id\":\"https:\\\/\\\/haberkuzey.com\\\/#website\"},\"primaryImageOfPage\":{\"@id\":\"https:\\\/\\\/haberkuzey.com\\\/index.php\\\/2025\\\/03\\\/18\\\/erdogandan-18-mart-sehitleri-anma-gunu-ve-canakkale-deniz-zaferi-mesaji\\\/#primaryimage\"},\"image\":{\"@id\":\"https:\\\/\\\/haberkuzey.com\\\/index.php\\\/2025\\\/03\\\/18\\\/erdogandan-18-mart-sehitleri-anma-gunu-ve-canakkale-deniz-zaferi-mesaji\\\/#primaryimage\"},\"thumbnailUrl\":\"https:\\\/\\\/haberkuzey.com\\\/wp-content\\\/uploads\\\/2025\\\/03\\\/erdogan.jpg\",\"datePublished\":\"2025-03-18T13:09:46+00:00\",\"author\":{\"@id\":\"https:\\\/\\\/haberkuzey.com\\\/#\\\/schema\\\/person\\\/3372109ec735f9333f4fa47ebb9605ca\"},\"breadcrumb\":{\"@id\":\"https:\\\/\\\/haberkuzey.com\\\/index.php\\\/2025\\\/03\\\/18\\\/erdogandan-18-mart-sehitleri-anma-gunu-ve-canakkale-deniz-zaferi-mesaji\\\/#breadcrumb\"},\"inLanguage\":\"tr\",\"potentialAction\":[{\"@type\":\"ReadAction\",\"target\":[\"https:\\\/\\\/haberkuzey.com\\\/index.php\\\/2025\\\/03\\\/18\\\/erdogandan-18-mart-sehitleri-anma-gunu-ve-canakkale-deniz-zaferi-mesaji\\\/\"]}]},{\"@type\":\"ImageObject\",\"inLanguage\":\"tr\",\"@id\":\"https:\\\/\\\/haberkuzey.com\\\/index.php\\\/2025\\\/03\\\/18\\\/erdogandan-18-mart-sehitleri-anma-gunu-ve-canakkale-deniz-zaferi-mesaji\\\/#primaryimage\",\"url\":\"https:\\\/\\\/haberkuzey.com\\\/wp-content\\\/uploads\\\/2025\\\/03\\\/erdogan.jpg\",\"contentUrl\":\"https:\\\/\\\/haberkuzey.com\\\/wp-content\\\/uploads\\\/2025\\\/03\\\/erdogan.jpg\",\"width\":864,\"height\":486},{\"@type\":\"BreadcrumbList\",\"@id\":\"https:\\\/\\\/haberkuzey.com\\\/index.php\\\/2025\\\/03\\\/18\\\/erdogandan-18-mart-sehitleri-anma-gunu-ve-canakkale-deniz-zaferi-mesaji\\\/#breadcrumb\",\"itemListElement\":[{\"@type\":\"ListItem\",\"position\":1,\"name\":\"Anasayfa\",\"item\":\"https:\\\/\\\/haberkuzey.com\\\/\"},{\"@type\":\"ListItem\",\"position\":2,\"name\":\"Erdo\u011fan\u2019dan 18 Mart \u015eehitleri Anma G\u00fcn\u00fc ve \u00c7anakkale Deniz Zaferi mesaj\u0131\"}]},{\"@type\":\"WebSite\",\"@id\":\"https:\\\/\\\/haberkuzey.com\\\/#website\",\"url\":\"https:\\\/\\\/haberkuzey.com\\\/\",\"name\":\"Haber Kuzey\",\"description\":\"Do\u011fru Haberin Adresi\",\"potentialAction\":[{\"@type\":\"SearchAction\",\"target\":{\"@type\":\"EntryPoint\",\"urlTemplate\":\"https:\\\/\\\/haberkuzey.com\\\/?s={search_term_string}\"},\"query-input\":{\"@type\":\"PropertyValueSpecification\",\"valueRequired\":true,\"valueName\":\"search_term_string\"}}],\"inLanguage\":\"tr\"},{\"@type\":\"Person\",\"@id\":\"https:\\\/\\\/haberkuzey.com\\\/#\\\/schema\\\/person\\\/3372109ec735f9333f4fa47ebb9605ca\",\"name\":\"haberkuzey\",\"image\":{\"@type\":\"ImageObject\",\"inLanguage\":\"tr\",\"@id\":\"https:\\\/\\\/secure.gravatar.com\\\/avatar\\\/f5fc875574b1575324358c3b9e6a32b8227aa5b74f3fa22e3cadb63e26fcc39c?s=96&d=mm&r=g\",\"url\":\"https:\\\/\\\/secure.gravatar.com\\\/avatar\\\/f5fc875574b1575324358c3b9e6a32b8227aa5b74f3fa22e3cadb63e26fcc39c?s=96&d=mm&r=g\",\"contentUrl\":\"https:\\\/\\\/secure.gravatar.com\\\/avatar\\\/f5fc875574b1575324358c3b9e6a32b8227aa5b74f3fa22e3cadb63e26fcc39c?s=96&d=mm&r=g\",\"caption\":\"haberkuzey\"},\"sameAs\":[\"https:\\\/\\\/haberkuzey.com\"],\"url\":\"https:\\\/\\\/haberkuzey.com\\\/index.php\\\/author\\\/haberkuzey\\\/\"}]}<\/script>\n<!-- \/ Yoast SEO plugin. -->","yoast_head_json":{"title":"Erdo\u011fan\u2019dan 18 Mart \u015eehitleri Anma G\u00fcn\u00fc ve \u00c7anakkale Deniz Zaferi mesaj\u0131 - Haber Kuzey","robots":{"index":"index","follow":"follow","max-snippet":"max-snippet:-1","max-image-preview":"max-image-preview:large","max-video-preview":"max-video-preview:-1"},"canonical":"https:\/\/haberkuzey.com\/index.php\/2025\/03\/18\/erdogandan-18-mart-sehitleri-anma-gunu-ve-canakkale-deniz-zaferi-mesaji\/","og_locale":"tr_TR","og_type":"article","og_title":"Erdo\u011fan\u2019dan 18 Mart \u015eehitleri Anma G\u00fcn\u00fc ve \u00c7anakkale Deniz Zaferi mesaj\u0131 - Haber Kuzey","og_description":"T\u00fcrkiye Cumhurba\u015fkan\u0131 Recep Tayyip Erdo\u011fan, \u201cTarihimizin en parlak sayfalar\u0131ndan olan \u00c7anakkale Zaferimizin 110. y\u0131l d\u00f6n\u00fcm\u00fcn\u00fcn \u00fclkemize, milletimize, t\u00fcm karde\u015f co\u011frafyalara m\u00fcbarek olmas\u0131n\u0131 temenni ediyorum. Soluk al\u0131p verdi\u011fimiz m\u00fcddet\u00e7e aziz hat\u0131ralar\u0131n\u0131 h\u00fcrmetle yad edece\u011fimiz \u015fehitlerimize Allah\u2019tan rahmet diliyorum.\u201d ifadesini kulland\u0131. Erdo\u011fan, sosyal medya hesab\u0131ndan, 18 Mart \u015eehitleri Anma G\u00fcn\u00fc ve \u00c7anakkale Deniz Zaferi dolay\u0131s\u0131yla payla\u015f\u0131mda bulundu. [&hellip;]","og_url":"https:\/\/haberkuzey.com\/index.php\/2025\/03\/18\/erdogandan-18-mart-sehitleri-anma-gunu-ve-canakkale-deniz-zaferi-mesaji\/","og_site_name":"Haber Kuzey","article_published_time":"2025-03-18T13:09:46+00:00","og_image":[{"url":"https:\/\/brtk.net\/wp-content\/uploads\/2025\/03\/18\/erdogan.jpg?ver=b8d164cf1497b1092fea23428916be2f","type":"","width":"","height":""}],"author":"haberkuzey","twitter_card":"summary_large_image","twitter_misc":{"Yazan:":"haberkuzey","Tahmini okuma s\u00fcresi":"1 dakika"},"schema":{"@context":"https:\/\/schema.org","@graph":[{"@type":"Article","@id":"https:\/\/haberkuzey.com\/index.php\/2025\/03\/18\/erdogandan-18-mart-sehitleri-anma-gunu-ve-canakkale-deniz-zaferi-mesaji\/#article","isPartOf":{"@id":"https:\/\/haberkuzey.com\/index.php\/2025\/03\/18\/erdogandan-18-mart-sehitleri-anma-gunu-ve-canakkale-deniz-zaferi-mesaji\/"},"author":{"name":"haberkuzey","@id":"https:\/\/haberkuzey.com\/#\/schema\/person\/3372109ec735f9333f4fa47ebb9605ca"},"headline":"Erdo\u011fan\u2019dan 18 Mart \u015eehitleri Anma G\u00fcn\u00fc ve \u00c7anakkale Deniz Zaferi mesaj\u0131","datePublished":"2025-03-18T13:09:46+00:00","mainEntityOfPage":{"@id":"https:\/\/haberkuzey.com\/index.php\/2025\/03\/18\/erdogandan-18-mart-sehitleri-anma-gunu-ve-canakkale-deniz-zaferi-mesaji\/"},"wordCount":178,"commentCount":0,"image":{"@id":"https:\/\/haberkuzey.com\/index.php\/2025\/03\/18\/erdogandan-18-mart-sehitleri-anma-gunu-ve-canakkale-deniz-zaferi-mesaji\/#primaryimage"},"thumbnailUrl":"https:\/\/haberkuzey.com\/wp-content\/uploads\/2025\/03\/erdogan.jpg","articleSection":["D\u00fcnya"],"inLanguage":"tr","potentialAction":[{"@type":"CommentAction","name":"Comment","target":["https:\/\/haberkuzey.com\/index.php\/2025\/03\/18\/erdogandan-18-mart-sehitleri-anma-gunu-ve-canakkale-deniz-zaferi-mesaji\/#respond"]}]},{"@type":"WebPage","@id":"https:\/\/haberkuzey.com\/index.php\/2025\/03\/18\/erdogandan-18-mart-sehitleri-anma-gunu-ve-canakkale-deniz-zaferi-mesaji\/","url":"https:\/\/haberkuzey.com\/index.php\/2025\/03\/18\/erdogandan-18-mart-sehitleri-anma-gunu-ve-canakkale-deniz-zaferi-mesaji\/","name":"Erdo\u011fan\u2019dan 18 Mart \u015eehitleri Anma G\u00fcn\u00fc ve \u00c7anakkale Deniz Zaferi mesaj\u0131 - Haber Kuzey","isPartOf":{"@id":"https:\/\/haberkuzey.com\/#website"},"primaryImageOfPage":{"@id":"https:\/\/haberkuzey.com\/index.php\/2025\/03\/18\/erdogandan-18-mart-sehitleri-anma-gunu-ve-canakkale-deniz-zaferi-mesaji\/#primaryimage"},"image":{"@id":"https:\/\/haberkuzey.com\/index.php\/2025\/03\/18\/erdogandan-18-mart-sehitleri-anma-gunu-ve-canakkale-deniz-zaferi-mesaji\/#primaryimage"},"thumbnailUrl":"https:\/\/haberkuzey.com\/wp-content\/uploads\/2025\/03\/erdogan.jpg","datePublished":"2025-03-18T13:09:46+00:00","author":{"@id":"https:\/\/haberkuzey.com\/#\/schema\/person\/3372109ec735f9333f4fa47ebb9605ca"},"breadcrumb":{"@id":"https:\/\/haberkuzey.com\/index.php\/2025\/03\/18\/erdogandan-18-mart-sehitleri-anma-gunu-ve-canakkale-deniz-zaferi-mesaji\/#breadcrumb"},"inLanguage":"tr","potentialAction":[{"@type":"ReadAction","target":["https:\/\/haberkuzey.com\/index.php\/2025\/03\/18\/erdogandan-18-mart-sehitleri-anma-gunu-ve-canakkale-deniz-zaferi-mesaji\/"]}]},{"@type":"ImageObject","inLanguage":"tr","@id":"https:\/\/haberkuzey.com\/index.php\/2025\/03\/18\/erdogandan-18-mart-sehitleri-anma-gunu-ve-canakkale-deniz-zaferi-mesaji\/#primaryimage","url":"https:\/\/haberkuzey.com\/wp-content\/uploads\/2025\/03\/erdogan.jpg","contentUrl":"https:\/\/haberkuzey.com\/wp-content\/uploads\/2025\/03\/erdogan.jpg","width":864,"height":486},{"@type":"BreadcrumbList","@id":"https:\/\/haberkuzey.com\/index.php\/2025\/03\/18\/erdogandan-18-mart-sehitleri-anma-gunu-ve-canakkale-deniz-zaferi-mesaji\/#breadcrumb","itemListElement":[{"@type":"ListItem","position":1,"name":"Anasayfa","item":"https:\/\/haberkuzey.com\/"},{"@type":"ListItem","position":2,"name":"Erdo\u011fan\u2019dan 18 Mart \u015eehitleri Anma G\u00fcn\u00fc ve \u00c7anakkale Deniz Zaferi mesaj\u0131"}]},{"@type":"WebSite","@id":"https:\/\/haberkuzey.com\/#website","url":"https:\/\/haberkuzey.com\/","name":"Haber Kuzey","description":"Do\u011fru Haberin Adresi","potentialAction":[{"@type":"SearchAction","target":{"@type":"EntryPoint","urlTemplate":"https:\/\/haberkuzey.com\/?s={search_term_string}"},"query-input":{"@type":"PropertyValueSpecification","valueRequired":true,"valueName":"search_term_string"}}],"inLanguage":"tr"},{"@type":"Person","@id":"https:\/\/haberkuzey.com\/#\/schema\/person\/3372109ec735f9333f4fa47ebb9605ca","name":"haberkuzey","image":{"@type":"ImageObject","inLanguage":"tr","@id":"https:\/\/secure.gravatar.com\/avatar\/f5fc875574b1575324358c3b9e6a32b8227aa5b74f3fa22e3cadb63e26fcc39c?s=96&d=mm&r=g","url":"https:\/\/secure.gravatar.com\/avatar\/f5fc875574b1575324358c3b9e6a32b8227aa5b74f3fa22e3cadb63e26fcc39c?s=96&d=mm&r=g","contentUrl":"https:\/\/secure.gravatar.com\/avatar\/f5fc875574b1575324358c3b9e6a32b8227aa5b74f3fa22e3cadb63e26fcc39c?s=96&d=mm&r=g","caption":"haberkuzey"},"sameAs":["https:\/\/haberkuzey.com"],"url":"https:\/\/haberkuzey.com\/index.php\/author\/haberkuzey\/"}]}},"_links":{"self":[{"href":"https:\/\/haberkuzey.com\/index.php\/wp-json\/wp\/v2\/posts\/20119","targetHints":{"allow":["GET"]}}],"collection":[{"href":"https:\/\/haberkuzey.com\/index.php\/wp-json\/wp\/v2\/posts"}],"about":[{"href":"https:\/\/haberkuzey.com\/index.php\/wp-json\/wp\/v2\/types\/post"}],"author":[{"embeddable":true,"href":"https:\/\/haberkuzey.com\/index.php\/wp-json\/wp\/v2\/users\/1"}],"replies":[{"embeddable":true,"href":"https:\/\/haberkuzey.com\/index.php\/wp-json\/wp\/v2\/comments?post=20119"}],"version-history":[{"count":0,"href":"https:\/\/haberkuzey.com\/index.php\/wp-json\/wp\/v2\/posts\/20119\/revisions"}],"wp:featuredmedia":[{"embeddable":true,"href":"https:\/\/haberkuzey.com\/index.php\/wp-json\/wp\/v2\/media\/20120"}],"wp:attachment":[{"href":"https:\/\/haberkuzey.com\/index.php\/wp-json\/wp\/v2\/media?parent=20119"}],"wp:term":[{"taxonomy":"category","embeddable":true,"href":"https:\/\/haberkuzey.com\/index.php\/wp-json\/wp\/v2\/categories?post=20119"},{"taxonomy":"post_tag","embeddable":true,"href":"https:\/\/haberkuzey.com\/index.php\/wp-json\/wp\/v2\/tags?post=20119"}],"curies":[{"name":"wp","href":"https:\/\/api.w.org\/{rel}","templated":true}]}}