{"id":2004,"date":"2024-05-10T17:10:56","date_gmt":"2024-05-10T14:10:56","guid":{"rendered":"https:\/\/haberkuzey.com\/index.php\/2024\/05\/10\/hava-carsamba-gunune-kadar-yagmurlu-olacak-sicaklik-26-29-derece\/"},"modified":"2024-05-10T17:10:56","modified_gmt":"2024-05-10T14:10:56","slug":"hava-carsamba-gunune-kadar-yagmurlu-olacak-sicaklik-26-29-derece","status":"publish","type":"post","link":"https:\/\/haberkuzey.com\/index.php\/2024\/05\/10\/hava-carsamba-gunune-kadar-yagmurlu-olacak-sicaklik-26-29-derece\/","title":{"rendered":"Hava, \u00e7ar\u015famba g\u00fcn\u00fcne kadar ya\u011fmurlu olacak. S\u0131cakl\u0131k 26-29 derece"},"content":{"rendered":"<div>\n<div class=\"mariselle-image-container none\">\n                                            <\/div>\n<p>Meteoroloji Dairesi, \u00e7ar\u015famba g\u00fcn\u00fcne kadar havan\u0131n ya\u011fmurlu olaca\u011f\u0131n\u0131 duyurdu. Yar\u0131n kuvvetli r\u00fczgar bekleniyor.<\/p>\n<p>Meteoroloji Dairesi\u2019nin tahmini hava raporuna g\u00f6re, 11-17 May\u0131s tarihleri aras\u0131nda b\u00f6lgenin al\u00e7ak bas\u0131n\u00e7 sistemi ile \u00fcst atmosferdeki serin ve nemli hava k\u00fctlesinin etkisi alt\u0131nda kalmas\u0131 bekleniyor.<\/p>\n<p>Yar\u0131n havan\u0131n yer yer hafif sa\u011fanak ya\u011fmurlu olmas\u0131 beklendi\u011fi kaydedilen a\u00e7\u0131klamada, pazar ve pazartesi g\u00fcnlerinde ise havan\u0131n yer yer sa\u011fanak veya g\u00f6k g\u00fcr\u00fclt\u00fcl\u00fc sa\u011fanak ya\u011fmurlu olaca\u011f\u0131 belirtildi.<\/p>\n<p>\u00c7ar\u015famba g\u00fcn\u00fcne kadar b\u00f6lgenin hafif ya\u011fmurlu olaca\u011f\u0131 kaydedilen a\u00e7\u0131klamada, per\u015fembe ve cuma g\u00fcnleri ise havan\u0131n a\u00e7\u0131k ve az bulutlu olaca\u011f\u0131 belirtildi.<\/p>\n<p>A\u00e7\u0131klamada, en y\u00fcksek hava s\u0131cakl\u0131\u011f\u0131n\u0131n genellikle i\u00e7 kesimlerde 26-29 derece ve sahillerde 21-24 derece dolaylar\u0131nda seyretmesinin beklendi\u011fi, r\u00fczgar\u0131n genellikle G\u00fcney ve Bat\u0131 y\u00f6nlerden orta kuvvette zaman zaman kuvvetli, yar\u0131n ise kuvvetli, yer yer f\u0131rt\u0131nams\u0131 olarak esmesinin beklendi\u011fi kaydedildi.<\/p>\n<\/p><\/div>\n<p><script async\n                    defer\n                    crossorigin=\"anonymous\"\n                    src=\"https:\/\/connect.facebook.net\/tr_TR\/sdk.js#xfbml=1&#038;version=v3.3\"\n            ><\/script><\/p>\n","protected":false},"excerpt":{"rendered":"<p>Meteoroloji Dairesi, \u00e7ar\u015famba g\u00fcn\u00fcne kadar havan\u0131n ya\u011fmurlu olaca\u011f\u0131n\u0131 duyurdu. Yar\u0131n kuvvetli r\u00fczgar bekleniyor. Meteoroloji Dairesi\u2019nin tahmini hava raporuna g\u00f6re, 11-17 May\u0131s tarihleri aras\u0131nda b\u00f6lgenin al\u00e7ak bas\u0131n\u00e7 sistemi ile \u00fcst atmosferdeki serin ve nemli hava k\u00fctlesinin etkisi alt\u0131nda kalmas\u0131 bekleniyor. Yar\u0131n havan\u0131n yer yer hafif sa\u011fanak ya\u011fmurlu olmas\u0131 beklendi\u011fi kaydedilen a\u00e7\u0131klamada, pazar ve pazartesi g\u00fcnlerinde ise [&hellip;]<\/p>\n","protected":false},"author":1,"featured_media":2005,"comment_status":"open","ping_status":"open","sticky":false,"template":"","format":"standard","meta":{"jnews-multi-image_gallery":[],"jnews_single_post":[],"jnews_primary_category":[],"footnotes":""},"categories":[1],"tags":[],"class_list":["post-2004","post","type-post","status-publish","format-standard","has-post-thumbnail","hentry","category-kibris"],"yoast_head":"<!-- This site is optimized with the Yoast SEO plugin v27.5 - https:\/\/yoast.com\/product\/yoast-seo-wordpress\/ -->\n<title>Hava, \u00e7ar\u015famba g\u00fcn\u00fcne kadar ya\u011fmurlu olacak. S\u0131cakl\u0131k 26-29 derece - Haber Kuzey<\/title>\n<meta name=\"robots\" content=\"index, follow, max-snippet:-1, max-image-preview:large, max-video-preview:-1\" \/>\n<link rel=\"canonical\" href=\"https:\/\/haberkuzey.com\/index.php\/2024\/05\/10\/hava-carsamba-gunune-kadar-yagmurlu-olacak-sicaklik-26-29-derece\/\" \/>\n<meta property=\"og:locale\" content=\"tr_TR\" \/>\n<meta property=\"og:type\" content=\"article\" \/>\n<meta property=\"og:title\" content=\"Hava, \u00e7ar\u015famba g\u00fcn\u00fcne kadar ya\u011fmurlu olacak. S\u0131cakl\u0131k 26-29 derece - Haber Kuzey\" \/>\n<meta property=\"og:description\" content=\"Meteoroloji Dairesi, \u00e7ar\u015famba g\u00fcn\u00fcne kadar havan\u0131n ya\u011fmurlu olaca\u011f\u0131n\u0131 duyurdu. Yar\u0131n kuvvetli r\u00fczgar bekleniyor. Meteoroloji Dairesi\u2019nin tahmini hava raporuna g\u00f6re, 11-17 May\u0131s tarihleri aras\u0131nda b\u00f6lgenin al\u00e7ak bas\u0131n\u00e7 sistemi ile \u00fcst atmosferdeki serin ve nemli hava k\u00fctlesinin etkisi alt\u0131nda kalmas\u0131 bekleniyor. Yar\u0131n havan\u0131n yer yer hafif sa\u011fanak ya\u011fmurlu olmas\u0131 beklendi\u011fi kaydedilen a\u00e7\u0131klamada, pazar ve pazartesi g\u00fcnlerinde ise [&hellip;]\" \/>\n<meta property=\"og:url\" content=\"https:\/\/haberkuzey.com\/index.php\/2024\/05\/10\/hava-carsamba-gunune-kadar-yagmurlu-olacak-sicaklik-26-29-derece\/\" \/>\n<meta property=\"og:site_name\" content=\"Haber Kuzey\" \/>\n<meta property=\"article:published_time\" content=\"2024-05-10T14:10:56+00:00\" \/>\n<meta property=\"og:image\" content=\"https:\/\/brtk.net\/wp-content\/uploads\/2024\/05\/01\/yagis-miktari26.jpg?ver=485912036449c3cc19e927428e1a5c7e\" \/>\n<meta name=\"author\" content=\"haberkuzey\" \/>\n<meta name=\"twitter:card\" content=\"summary_large_image\" \/>\n<meta name=\"twitter:label1\" content=\"Yazan:\" \/>\n\t<meta name=\"twitter:data1\" content=\"haberkuzey\" \/>\n\t<meta name=\"twitter:label2\" content=\"Tahmini okuma s\u00fcresi\" \/>\n\t<meta name=\"twitter:data2\" content=\"1 dakika\" \/>\n<script type=\"application\/ld+json\" class=\"yoast-schema-graph\">{\"@context\":\"https:\\\/\\\/schema.org\",\"@graph\":[{\"@type\":\"Article\",\"@id\":\"https:\\\/\\\/haberkuzey.com\\\/index.php\\\/2024\\\/05\\\/10\\\/hava-carsamba-gunune-kadar-yagmurlu-olacak-sicaklik-26-29-derece\\\/#article\",\"isPartOf\":{\"@id\":\"https:\\\/\\\/haberkuzey.com\\\/index.php\\\/2024\\\/05\\\/10\\\/hava-carsamba-gunune-kadar-yagmurlu-olacak-sicaklik-26-29-derece\\\/\"},\"author\":{\"name\":\"haberkuzey\",\"@id\":\"https:\\\/\\\/haberkuzey.com\\\/#\\\/schema\\\/person\\\/3372109ec735f9333f4fa47ebb9605ca\"},\"headline\":\"Hava, \u00e7ar\u015famba g\u00fcn\u00fcne kadar ya\u011fmurlu olacak. S\u0131cakl\u0131k 26-29 derece\",\"datePublished\":\"2024-05-10T14:10:56+00:00\",\"mainEntityOfPage\":{\"@id\":\"https:\\\/\\\/haberkuzey.com\\\/index.php\\\/2024\\\/05\\\/10\\\/hava-carsamba-gunune-kadar-yagmurlu-olacak-sicaklik-26-29-derece\\\/\"},\"wordCount\":197,\"commentCount\":0,\"image\":{\"@id\":\"https:\\\/\\\/haberkuzey.com\\\/index.php\\\/2024\\\/05\\\/10\\\/hava-carsamba-gunune-kadar-yagmurlu-olacak-sicaklik-26-29-derece\\\/#primaryimage\"},\"thumbnailUrl\":\"https:\\\/\\\/haberkuzey.com\\\/wp-content\\\/uploads\\\/2024\\\/05\\\/yagis-miktari26.jpg\",\"articleSection\":[\"K\u0131br\u0131s\"],\"inLanguage\":\"tr\",\"potentialAction\":[{\"@type\":\"CommentAction\",\"name\":\"Comment\",\"target\":[\"https:\\\/\\\/haberkuzey.com\\\/index.php\\\/2024\\\/05\\\/10\\\/hava-carsamba-gunune-kadar-yagmurlu-olacak-sicaklik-26-29-derece\\\/#respond\"]}]},{\"@type\":\"WebPage\",\"@id\":\"https:\\\/\\\/haberkuzey.com\\\/index.php\\\/2024\\\/05\\\/10\\\/hava-carsamba-gunune-kadar-yagmurlu-olacak-sicaklik-26-29-derece\\\/\",\"url\":\"https:\\\/\\\/haberkuzey.com\\\/index.php\\\/2024\\\/05\\\/10\\\/hava-carsamba-gunune-kadar-yagmurlu-olacak-sicaklik-26-29-derece\\\/\",\"name\":\"Hava, \u00e7ar\u015famba g\u00fcn\u00fcne kadar ya\u011fmurlu olacak. S\u0131cakl\u0131k 26-29 derece - Haber Kuzey\",\"isPartOf\":{\"@id\":\"https:\\\/\\\/haberkuzey.com\\\/#website\"},\"primaryImageOfPage\":{\"@id\":\"https:\\\/\\\/haberkuzey.com\\\/index.php\\\/2024\\\/05\\\/10\\\/hava-carsamba-gunune-kadar-yagmurlu-olacak-sicaklik-26-29-derece\\\/#primaryimage\"},\"image\":{\"@id\":\"https:\\\/\\\/haberkuzey.com\\\/index.php\\\/2024\\\/05\\\/10\\\/hava-carsamba-gunune-kadar-yagmurlu-olacak-sicaklik-26-29-derece\\\/#primaryimage\"},\"thumbnailUrl\":\"https:\\\/\\\/haberkuzey.com\\\/wp-content\\\/uploads\\\/2024\\\/05\\\/yagis-miktari26.jpg\",\"datePublished\":\"2024-05-10T14:10:56+00:00\",\"author\":{\"@id\":\"https:\\\/\\\/haberkuzey.com\\\/#\\\/schema\\\/person\\\/3372109ec735f9333f4fa47ebb9605ca\"},\"breadcrumb\":{\"@id\":\"https:\\\/\\\/haberkuzey.com\\\/index.php\\\/2024\\\/05\\\/10\\\/hava-carsamba-gunune-kadar-yagmurlu-olacak-sicaklik-26-29-derece\\\/#breadcrumb\"},\"inLanguage\":\"tr\",\"potentialAction\":[{\"@type\":\"ReadAction\",\"target\":[\"https:\\\/\\\/haberkuzey.com\\\/index.php\\\/2024\\\/05\\\/10\\\/hava-carsamba-gunune-kadar-yagmurlu-olacak-sicaklik-26-29-derece\\\/\"]}]},{\"@type\":\"ImageObject\",\"inLanguage\":\"tr\",\"@id\":\"https:\\\/\\\/haberkuzey.com\\\/index.php\\\/2024\\\/05\\\/10\\\/hava-carsamba-gunune-kadar-yagmurlu-olacak-sicaklik-26-29-derece\\\/#primaryimage\",\"url\":\"https:\\\/\\\/haberkuzey.com\\\/wp-content\\\/uploads\\\/2024\\\/05\\\/yagis-miktari26.jpg\",\"contentUrl\":\"https:\\\/\\\/haberkuzey.com\\\/wp-content\\\/uploads\\\/2024\\\/05\\\/yagis-miktari26.jpg\",\"width\":707,\"height\":431},{\"@type\":\"BreadcrumbList\",\"@id\":\"https:\\\/\\\/haberkuzey.com\\\/index.php\\\/2024\\\/05\\\/10\\\/hava-carsamba-gunune-kadar-yagmurlu-olacak-sicaklik-26-29-derece\\\/#breadcrumb\",\"itemListElement\":[{\"@type\":\"ListItem\",\"position\":1,\"name\":\"Anasayfa\",\"item\":\"https:\\\/\\\/haberkuzey.com\\\/\"},{\"@type\":\"ListItem\",\"position\":2,\"name\":\"Hava, \u00e7ar\u015famba g\u00fcn\u00fcne kadar ya\u011fmurlu olacak. S\u0131cakl\u0131k 26-29 derece\"}]},{\"@type\":\"WebSite\",\"@id\":\"https:\\\/\\\/haberkuzey.com\\\/#website\",\"url\":\"https:\\\/\\\/haberkuzey.com\\\/\",\"name\":\"Haber Kuzey\",\"description\":\"Do\u011fru Haberin Adresi\",\"potentialAction\":[{\"@type\":\"SearchAction\",\"target\":{\"@type\":\"EntryPoint\",\"urlTemplate\":\"https:\\\/\\\/haberkuzey.com\\\/?s={search_term_string}\"},\"query-input\":{\"@type\":\"PropertyValueSpecification\",\"valueRequired\":true,\"valueName\":\"search_term_string\"}}],\"inLanguage\":\"tr\"},{\"@type\":\"Person\",\"@id\":\"https:\\\/\\\/haberkuzey.com\\\/#\\\/schema\\\/person\\\/3372109ec735f9333f4fa47ebb9605ca\",\"name\":\"haberkuzey\",\"image\":{\"@type\":\"ImageObject\",\"inLanguage\":\"tr\",\"@id\":\"https:\\\/\\\/secure.gravatar.com\\\/avatar\\\/f5fc875574b1575324358c3b9e6a32b8227aa5b74f3fa22e3cadb63e26fcc39c?s=96&d=mm&r=g\",\"url\":\"https:\\\/\\\/secure.gravatar.com\\\/avatar\\\/f5fc875574b1575324358c3b9e6a32b8227aa5b74f3fa22e3cadb63e26fcc39c?s=96&d=mm&r=g\",\"contentUrl\":\"https:\\\/\\\/secure.gravatar.com\\\/avatar\\\/f5fc875574b1575324358c3b9e6a32b8227aa5b74f3fa22e3cadb63e26fcc39c?s=96&d=mm&r=g\",\"caption\":\"haberkuzey\"},\"sameAs\":[\"https:\\\/\\\/haberkuzey.com\"],\"url\":\"https:\\\/\\\/haberkuzey.com\\\/index.php\\\/author\\\/haberkuzey\\\/\"}]}<\/script>\n<!-- \/ Yoast SEO plugin. -->","yoast_head_json":{"title":"Hava, \u00e7ar\u015famba g\u00fcn\u00fcne kadar ya\u011fmurlu olacak. S\u0131cakl\u0131k 26-29 derece - Haber Kuzey","robots":{"index":"index","follow":"follow","max-snippet":"max-snippet:-1","max-image-preview":"max-image-preview:large","max-video-preview":"max-video-preview:-1"},"canonical":"https:\/\/haberkuzey.com\/index.php\/2024\/05\/10\/hava-carsamba-gunune-kadar-yagmurlu-olacak-sicaklik-26-29-derece\/","og_locale":"tr_TR","og_type":"article","og_title":"Hava, \u00e7ar\u015famba g\u00fcn\u00fcne kadar ya\u011fmurlu olacak. S\u0131cakl\u0131k 26-29 derece - Haber Kuzey","og_description":"Meteoroloji Dairesi, \u00e7ar\u015famba g\u00fcn\u00fcne kadar havan\u0131n ya\u011fmurlu olaca\u011f\u0131n\u0131 duyurdu. Yar\u0131n kuvvetli r\u00fczgar bekleniyor. Meteoroloji Dairesi\u2019nin tahmini hava raporuna g\u00f6re, 11-17 May\u0131s tarihleri aras\u0131nda b\u00f6lgenin al\u00e7ak bas\u0131n\u00e7 sistemi ile \u00fcst atmosferdeki serin ve nemli hava k\u00fctlesinin etkisi alt\u0131nda kalmas\u0131 bekleniyor. Yar\u0131n havan\u0131n yer yer hafif sa\u011fanak ya\u011fmurlu olmas\u0131 beklendi\u011fi kaydedilen a\u00e7\u0131klamada, pazar ve pazartesi g\u00fcnlerinde ise [&hellip;]","og_url":"https:\/\/haberkuzey.com\/index.php\/2024\/05\/10\/hava-carsamba-gunune-kadar-yagmurlu-olacak-sicaklik-26-29-derece\/","og_site_name":"Haber Kuzey","article_published_time":"2024-05-10T14:10:56+00:00","og_image":[{"url":"https:\/\/brtk.net\/wp-content\/uploads\/2024\/05\/01\/yagis-miktari26.jpg?ver=485912036449c3cc19e927428e1a5c7e","type":"","width":"","height":""}],"author":"haberkuzey","twitter_card":"summary_large_image","twitter_misc":{"Yazan:":"haberkuzey","Tahmini okuma s\u00fcresi":"1 dakika"},"schema":{"@context":"https:\/\/schema.org","@graph":[{"@type":"Article","@id":"https:\/\/haberkuzey.com\/index.php\/2024\/05\/10\/hava-carsamba-gunune-kadar-yagmurlu-olacak-sicaklik-26-29-derece\/#article","isPartOf":{"@id":"https:\/\/haberkuzey.com\/index.php\/2024\/05\/10\/hava-carsamba-gunune-kadar-yagmurlu-olacak-sicaklik-26-29-derece\/"},"author":{"name":"haberkuzey","@id":"https:\/\/haberkuzey.com\/#\/schema\/person\/3372109ec735f9333f4fa47ebb9605ca"},"headline":"Hava, \u00e7ar\u015famba g\u00fcn\u00fcne kadar ya\u011fmurlu olacak. S\u0131cakl\u0131k 26-29 derece","datePublished":"2024-05-10T14:10:56+00:00","mainEntityOfPage":{"@id":"https:\/\/haberkuzey.com\/index.php\/2024\/05\/10\/hava-carsamba-gunune-kadar-yagmurlu-olacak-sicaklik-26-29-derece\/"},"wordCount":197,"commentCount":0,"image":{"@id":"https:\/\/haberkuzey.com\/index.php\/2024\/05\/10\/hava-carsamba-gunune-kadar-yagmurlu-olacak-sicaklik-26-29-derece\/#primaryimage"},"thumbnailUrl":"https:\/\/haberkuzey.com\/wp-content\/uploads\/2024\/05\/yagis-miktari26.jpg","articleSection":["K\u0131br\u0131s"],"inLanguage":"tr","potentialAction":[{"@type":"CommentAction","name":"Comment","target":["https:\/\/haberkuzey.com\/index.php\/2024\/05\/10\/hava-carsamba-gunune-kadar-yagmurlu-olacak-sicaklik-26-29-derece\/#respond"]}]},{"@type":"WebPage","@id":"https:\/\/haberkuzey.com\/index.php\/2024\/05\/10\/hava-carsamba-gunune-kadar-yagmurlu-olacak-sicaklik-26-29-derece\/","url":"https:\/\/haberkuzey.com\/index.php\/2024\/05\/10\/hava-carsamba-gunune-kadar-yagmurlu-olacak-sicaklik-26-29-derece\/","name":"Hava, \u00e7ar\u015famba g\u00fcn\u00fcne kadar ya\u011fmurlu olacak. S\u0131cakl\u0131k 26-29 derece - Haber Kuzey","isPartOf":{"@id":"https:\/\/haberkuzey.com\/#website"},"primaryImageOfPage":{"@id":"https:\/\/haberkuzey.com\/index.php\/2024\/05\/10\/hava-carsamba-gunune-kadar-yagmurlu-olacak-sicaklik-26-29-derece\/#primaryimage"},"image":{"@id":"https:\/\/haberkuzey.com\/index.php\/2024\/05\/10\/hava-carsamba-gunune-kadar-yagmurlu-olacak-sicaklik-26-29-derece\/#primaryimage"},"thumbnailUrl":"https:\/\/haberkuzey.com\/wp-content\/uploads\/2024\/05\/yagis-miktari26.jpg","datePublished":"2024-05-10T14:10:56+00:00","author":{"@id":"https:\/\/haberkuzey.com\/#\/schema\/person\/3372109ec735f9333f4fa47ebb9605ca"},"breadcrumb":{"@id":"https:\/\/haberkuzey.com\/index.php\/2024\/05\/10\/hava-carsamba-gunune-kadar-yagmurlu-olacak-sicaklik-26-29-derece\/#breadcrumb"},"inLanguage":"tr","potentialAction":[{"@type":"ReadAction","target":["https:\/\/haberkuzey.com\/index.php\/2024\/05\/10\/hava-carsamba-gunune-kadar-yagmurlu-olacak-sicaklik-26-29-derece\/"]}]},{"@type":"ImageObject","inLanguage":"tr","@id":"https:\/\/haberkuzey.com\/index.php\/2024\/05\/10\/hava-carsamba-gunune-kadar-yagmurlu-olacak-sicaklik-26-29-derece\/#primaryimage","url":"https:\/\/haberkuzey.com\/wp-content\/uploads\/2024\/05\/yagis-miktari26.jpg","contentUrl":"https:\/\/haberkuzey.com\/wp-content\/uploads\/2024\/05\/yagis-miktari26.jpg","width":707,"height":431},{"@type":"BreadcrumbList","@id":"https:\/\/haberkuzey.com\/index.php\/2024\/05\/10\/hava-carsamba-gunune-kadar-yagmurlu-olacak-sicaklik-26-29-derece\/#breadcrumb","itemListElement":[{"@type":"ListItem","position":1,"name":"Anasayfa","item":"https:\/\/haberkuzey.com\/"},{"@type":"ListItem","position":2,"name":"Hava, \u00e7ar\u015famba g\u00fcn\u00fcne kadar ya\u011fmurlu olacak. S\u0131cakl\u0131k 26-29 derece"}]},{"@type":"WebSite","@id":"https:\/\/haberkuzey.com\/#website","url":"https:\/\/haberkuzey.com\/","name":"Haber Kuzey","description":"Do\u011fru Haberin Adresi","potentialAction":[{"@type":"SearchAction","target":{"@type":"EntryPoint","urlTemplate":"https:\/\/haberkuzey.com\/?s={search_term_string}"},"query-input":{"@type":"PropertyValueSpecification","valueRequired":true,"valueName":"search_term_string"}}],"inLanguage":"tr"},{"@type":"Person","@id":"https:\/\/haberkuzey.com\/#\/schema\/person\/3372109ec735f9333f4fa47ebb9605ca","name":"haberkuzey","image":{"@type":"ImageObject","inLanguage":"tr","@id":"https:\/\/secure.gravatar.com\/avatar\/f5fc875574b1575324358c3b9e6a32b8227aa5b74f3fa22e3cadb63e26fcc39c?s=96&d=mm&r=g","url":"https:\/\/secure.gravatar.com\/avatar\/f5fc875574b1575324358c3b9e6a32b8227aa5b74f3fa22e3cadb63e26fcc39c?s=96&d=mm&r=g","contentUrl":"https:\/\/secure.gravatar.com\/avatar\/f5fc875574b1575324358c3b9e6a32b8227aa5b74f3fa22e3cadb63e26fcc39c?s=96&d=mm&r=g","caption":"haberkuzey"},"sameAs":["https:\/\/haberkuzey.com"],"url":"https:\/\/haberkuzey.com\/index.php\/author\/haberkuzey\/"}]}},"_links":{"self":[{"href":"https:\/\/haberkuzey.com\/index.php\/wp-json\/wp\/v2\/posts\/2004","targetHints":{"allow":["GET"]}}],"collection":[{"href":"https:\/\/haberkuzey.com\/index.php\/wp-json\/wp\/v2\/posts"}],"about":[{"href":"https:\/\/haberkuzey.com\/index.php\/wp-json\/wp\/v2\/types\/post"}],"author":[{"embeddable":true,"href":"https:\/\/haberkuzey.com\/index.php\/wp-json\/wp\/v2\/users\/1"}],"replies":[{"embeddable":true,"href":"https:\/\/haberkuzey.com\/index.php\/wp-json\/wp\/v2\/comments?post=2004"}],"version-history":[{"count":0,"href":"https:\/\/haberkuzey.com\/index.php\/wp-json\/wp\/v2\/posts\/2004\/revisions"}],"wp:featuredmedia":[{"embeddable":true,"href":"https:\/\/haberkuzey.com\/index.php\/wp-json\/wp\/v2\/media\/2005"}],"wp:attachment":[{"href":"https:\/\/haberkuzey.com\/index.php\/wp-json\/wp\/v2\/media?parent=2004"}],"wp:term":[{"taxonomy":"category","embeddable":true,"href":"https:\/\/haberkuzey.com\/index.php\/wp-json\/wp\/v2\/categories?post=2004"},{"taxonomy":"post_tag","embeddable":true,"href":"https:\/\/haberkuzey.com\/index.php\/wp-json\/wp\/v2\/tags?post=2004"}],"curies":[{"name":"wp","href":"https:\/\/api.w.org\/{rel}","templated":true}]}}