{"id":2000,"date":"2024-05-10T16:16:59","date_gmt":"2024-05-10T13:16:59","guid":{"rendered":"https:\/\/haberkuzey.com\/index.php\/2024\/05\/10\/12-uluslararasi-kibris-isci-filmleri-festivali-yarin-tamamlaniyor\/"},"modified":"2024-05-10T16:16:59","modified_gmt":"2024-05-10T13:16:59","slug":"12-uluslararasi-kibris-isci-filmleri-festivali-yarin-tamamlaniyor","status":"publish","type":"post","link":"https:\/\/haberkuzey.com\/index.php\/2024\/05\/10\/12-uluslararasi-kibris-isci-filmleri-festivali-yarin-tamamlaniyor\/","title":{"rendered":"12. Uluslararas\u0131 K\u0131br\u0131s \u0130\u015f\u00e7i Filmleri Festivali yar\u0131n tamamlan\u0131yor"},"content":{"rendered":"<div>\n<div class=\"mariselle-image-container none\">\n                                            <\/div>\n<p>Polis Genel M\u00fcd\u00fcrl\u00fc\u011f\u00fc\u2019nce, trafik bilincinin art\u0131r\u0131lmas\u0131 ve kazalar\u0131n \u00f6nlenmesine y\u00f6nelik her y\u0131l d\u00fczenlenen\u00a0Trafik Haftas\u0131\u00a0etkinlikleri, 13-19\u00a0May\u0131s aras\u0131nda \u201cTrafik kurallar\u0131 hayat kurtar\u0131r\u201d slogan\u0131yla\u00a0yap\u0131l\u0131yor.<\/p>\n<p>Polisten yap\u0131lan a\u00e7\u0131klamaya g\u00f6re, etkinliklerle\u00a0trafikte fark\u0131ndal\u0131k yaratmak, trafik kurallar\u0131n\u0131 hat\u0131rlat\u0131p uyarmak ve trafikte al\u0131nabilecek tedbirlere dikkat \u00e7ekilerek trafik bilincini art\u0131rmak ama\u00e7lan\u0131yor.<\/p>\n<p>Bu \u00e7er\u00e7evede Trafik M\u00fcd\u00fcrl\u00fc\u011f\u00fc\u2019nde g\u00f6revli yetkililer, televizyon ve radyo programlar\u0131na kat\u0131larak halk\u0131 ayd\u0131nlat\u0131c\u0131 bilgiler verecek,\u00a0trafik kurallar\u0131yla ilgili uyar\u0131c\u0131 afi\u015fler as\u0131lacak, reklam panolar\u0131nda hafta boyunca trafikle ilgili uyar\u0131c\u0131 g\u00f6rseller sergilenecek.<\/p>\n<p>Lise d\u00fczeyindeki okullarda \u00f6\u011frenim g\u00f6ren \u00f6\u011frencilere trafik konusunda fark\u0131ndal\u0131k e\u011fitimleri verilecek, trafik denetimeri s\u0131ras\u0131nda ara\u00e7 s\u00fcr\u00fcc\u00fclerine trafik kurallar\u0131n\u0131 hat\u0131rlatan ara\u00e7 parf\u00fcmleri da\u011f\u0131t\u0131lacak.<\/p>\n<p>GSM operat\u00f6rleri Telsim ve Turkcell taraf\u0131ndan, t\u00fcm abonelere hafta i\u00e7inde \u00fc\u00e7er kez olmak \u00fczere, trafik slogan\u0131 i\u00e7erikli SMS\u2019ler g\u00f6nderilecek.<\/p>\n<p>A\u00e7\u0131klamada, \u201cUnutmay\u0131n, trafik kurallar\u0131 hayat kurtar\u0131r. Kazas\u0131z g\u00fcnler ve g\u00fcvenli s\u00fcr\u00fc\u015fler dileriz.\u201d ifadeleri kullan\u0131ld\u0131.<\/p>\n<\/p><\/div>\n<p><script async\n                    defer\n                    crossorigin=\"anonymous\"\n                    src=\"https:\/\/connect.facebook.net\/tr_TR\/sdk.js#xfbml=1&#038;version=v3.3\"\n            ><\/script><\/p>\n","protected":false},"excerpt":{"rendered":"<p>Polis Genel M\u00fcd\u00fcrl\u00fc\u011f\u00fc\u2019nce, trafik bilincinin art\u0131r\u0131lmas\u0131 ve kazalar\u0131n \u00f6nlenmesine y\u00f6nelik her y\u0131l d\u00fczenlenen\u00a0Trafik Haftas\u0131\u00a0etkinlikleri, 13-19\u00a0May\u0131s aras\u0131nda \u201cTrafik kurallar\u0131 hayat kurtar\u0131r\u201d slogan\u0131yla\u00a0yap\u0131l\u0131yor. Polisten yap\u0131lan a\u00e7\u0131klamaya g\u00f6re, etkinliklerle\u00a0trafikte fark\u0131ndal\u0131k yaratmak, trafik kurallar\u0131n\u0131 hat\u0131rlat\u0131p uyarmak ve trafikte al\u0131nabilecek tedbirlere dikkat \u00e7ekilerek trafik bilincini art\u0131rmak ama\u00e7lan\u0131yor. Bu \u00e7er\u00e7evede Trafik M\u00fcd\u00fcrl\u00fc\u011f\u00fc\u2019nde g\u00f6revli yetkililer, televizyon ve radyo programlar\u0131na kat\u0131larak halk\u0131 ayd\u0131nlat\u0131c\u0131 [&hellip;]<\/p>\n","protected":false},"author":1,"featured_media":2001,"comment_status":"open","ping_status":"open","sticky":false,"template":"","format":"standard","meta":{"jnews-multi-image_gallery":[],"jnews_single_post":[],"jnews_primary_category":[],"footnotes":""},"categories":[5],"tags":[],"class_list":["post-2000","post","type-post","status-publish","format-standard","has-post-thumbnail","hentry","category-turkiye"],"yoast_head":"<!-- This site is optimized with the Yoast SEO plugin v27.5 - https:\/\/yoast.com\/product\/yoast-seo-wordpress\/ -->\n<title>12. Uluslararas\u0131 K\u0131br\u0131s \u0130\u015f\u00e7i Filmleri Festivali yar\u0131n tamamlan\u0131yor - Haber Kuzey<\/title>\n<meta name=\"robots\" content=\"index, follow, max-snippet:-1, max-image-preview:large, max-video-preview:-1\" \/>\n<link rel=\"canonical\" href=\"https:\/\/haberkuzey.com\/index.php\/2024\/05\/10\/12-uluslararasi-kibris-isci-filmleri-festivali-yarin-tamamlaniyor\/\" \/>\n<meta property=\"og:locale\" content=\"tr_TR\" \/>\n<meta property=\"og:type\" content=\"article\" \/>\n<meta property=\"og:title\" content=\"12. Uluslararas\u0131 K\u0131br\u0131s \u0130\u015f\u00e7i Filmleri Festivali yar\u0131n tamamlan\u0131yor - Haber Kuzey\" \/>\n<meta property=\"og:description\" content=\"Polis Genel M\u00fcd\u00fcrl\u00fc\u011f\u00fc\u2019nce, trafik bilincinin art\u0131r\u0131lmas\u0131 ve kazalar\u0131n \u00f6nlenmesine y\u00f6nelik her y\u0131l d\u00fczenlenen\u00a0Trafik Haftas\u0131\u00a0etkinlikleri, 13-19\u00a0May\u0131s aras\u0131nda \u201cTrafik kurallar\u0131 hayat kurtar\u0131r\u201d slogan\u0131yla\u00a0yap\u0131l\u0131yor. Polisten yap\u0131lan a\u00e7\u0131klamaya g\u00f6re, etkinliklerle\u00a0trafikte fark\u0131ndal\u0131k yaratmak, trafik kurallar\u0131n\u0131 hat\u0131rlat\u0131p uyarmak ve trafikte al\u0131nabilecek tedbirlere dikkat \u00e7ekilerek trafik bilincini art\u0131rmak ama\u00e7lan\u0131yor. Bu \u00e7er\u00e7evede Trafik M\u00fcd\u00fcrl\u00fc\u011f\u00fc\u2019nde g\u00f6revli yetkililer, televizyon ve radyo programlar\u0131na kat\u0131larak halk\u0131 ayd\u0131nlat\u0131c\u0131 [&hellip;]\" \/>\n<meta property=\"og:url\" content=\"https:\/\/haberkuzey.com\/index.php\/2024\/05\/10\/12-uluslararasi-kibris-isci-filmleri-festivali-yarin-tamamlaniyor\/\" \/>\n<meta property=\"og:site_name\" content=\"Haber Kuzey\" \/>\n<meta property=\"article:published_time\" content=\"2024-05-10T13:16:59+00:00\" \/>\n<meta property=\"og:image\" content=\"https:\/\/brtk.net\/wp-content\/uploads\/2024\/05\/10\/trafik-haftasi-2024.jpg?ver=1be5bd876c96f2b112aab2d9cad7f8f3\" \/>\n<meta name=\"author\" content=\"haberkuzey\" \/>\n<meta name=\"twitter:card\" content=\"summary_large_image\" \/>\n<meta name=\"twitter:label1\" content=\"Yazan:\" \/>\n\t<meta name=\"twitter:data1\" content=\"haberkuzey\" \/>\n\t<meta name=\"twitter:label2\" content=\"Tahmini okuma s\u00fcresi\" \/>\n\t<meta name=\"twitter:data2\" content=\"1 dakika\" \/>\n<script type=\"application\/ld+json\" class=\"yoast-schema-graph\">{\"@context\":\"https:\\\/\\\/schema.org\",\"@graph\":[{\"@type\":\"Article\",\"@id\":\"https:\\\/\\\/haberkuzey.com\\\/index.php\\\/2024\\\/05\\\/10\\\/12-uluslararasi-kibris-isci-filmleri-festivali-yarin-tamamlaniyor\\\/#article\",\"isPartOf\":{\"@id\":\"https:\\\/\\\/haberkuzey.com\\\/index.php\\\/2024\\\/05\\\/10\\\/12-uluslararasi-kibris-isci-filmleri-festivali-yarin-tamamlaniyor\\\/\"},\"author\":{\"name\":\"haberkuzey\",\"@id\":\"https:\\\/\\\/haberkuzey.com\\\/#\\\/schema\\\/person\\\/3372109ec735f9333f4fa47ebb9605ca\"},\"headline\":\"12. Uluslararas\u0131 K\u0131br\u0131s \u0130\u015f\u00e7i Filmleri Festivali yar\u0131n tamamlan\u0131yor\",\"datePublished\":\"2024-05-10T13:16:59+00:00\",\"mainEntityOfPage\":{\"@id\":\"https:\\\/\\\/haberkuzey.com\\\/index.php\\\/2024\\\/05\\\/10\\\/12-uluslararasi-kibris-isci-filmleri-festivali-yarin-tamamlaniyor\\\/\"},\"wordCount\":217,\"commentCount\":0,\"image\":{\"@id\":\"https:\\\/\\\/haberkuzey.com\\\/index.php\\\/2024\\\/05\\\/10\\\/12-uluslararasi-kibris-isci-filmleri-festivali-yarin-tamamlaniyor\\\/#primaryimage\"},\"thumbnailUrl\":\"https:\\\/\\\/haberkuzey.com\\\/wp-content\\\/uploads\\\/2024\\\/05\\\/isci-filmleri-festivali-1-.jpeg\",\"articleSection\":[\"T\u00fcrkiye\"],\"inLanguage\":\"tr\",\"potentialAction\":[{\"@type\":\"CommentAction\",\"name\":\"Comment\",\"target\":[\"https:\\\/\\\/haberkuzey.com\\\/index.php\\\/2024\\\/05\\\/10\\\/12-uluslararasi-kibris-isci-filmleri-festivali-yarin-tamamlaniyor\\\/#respond\"]}]},{\"@type\":\"WebPage\",\"@id\":\"https:\\\/\\\/haberkuzey.com\\\/index.php\\\/2024\\\/05\\\/10\\\/12-uluslararasi-kibris-isci-filmleri-festivali-yarin-tamamlaniyor\\\/\",\"url\":\"https:\\\/\\\/haberkuzey.com\\\/index.php\\\/2024\\\/05\\\/10\\\/12-uluslararasi-kibris-isci-filmleri-festivali-yarin-tamamlaniyor\\\/\",\"name\":\"12. Uluslararas\u0131 K\u0131br\u0131s \u0130\u015f\u00e7i Filmleri Festivali yar\u0131n tamamlan\u0131yor - Haber Kuzey\",\"isPartOf\":{\"@id\":\"https:\\\/\\\/haberkuzey.com\\\/#website\"},\"primaryImageOfPage\":{\"@id\":\"https:\\\/\\\/haberkuzey.com\\\/index.php\\\/2024\\\/05\\\/10\\\/12-uluslararasi-kibris-isci-filmleri-festivali-yarin-tamamlaniyor\\\/#primaryimage\"},\"image\":{\"@id\":\"https:\\\/\\\/haberkuzey.com\\\/index.php\\\/2024\\\/05\\\/10\\\/12-uluslararasi-kibris-isci-filmleri-festivali-yarin-tamamlaniyor\\\/#primaryimage\"},\"thumbnailUrl\":\"https:\\\/\\\/haberkuzey.com\\\/wp-content\\\/uploads\\\/2024\\\/05\\\/isci-filmleri-festivali-1-.jpeg\",\"datePublished\":\"2024-05-10T13:16:59+00:00\",\"author\":{\"@id\":\"https:\\\/\\\/haberkuzey.com\\\/#\\\/schema\\\/person\\\/3372109ec735f9333f4fa47ebb9605ca\"},\"breadcrumb\":{\"@id\":\"https:\\\/\\\/haberkuzey.com\\\/index.php\\\/2024\\\/05\\\/10\\\/12-uluslararasi-kibris-isci-filmleri-festivali-yarin-tamamlaniyor\\\/#breadcrumb\"},\"inLanguage\":\"tr\",\"potentialAction\":[{\"@type\":\"ReadAction\",\"target\":[\"https:\\\/\\\/haberkuzey.com\\\/index.php\\\/2024\\\/05\\\/10\\\/12-uluslararasi-kibris-isci-filmleri-festivali-yarin-tamamlaniyor\\\/\"]}]},{\"@type\":\"ImageObject\",\"inLanguage\":\"tr\",\"@id\":\"https:\\\/\\\/haberkuzey.com\\\/index.php\\\/2024\\\/05\\\/10\\\/12-uluslararasi-kibris-isci-filmleri-festivali-yarin-tamamlaniyor\\\/#primaryimage\",\"url\":\"https:\\\/\\\/haberkuzey.com\\\/wp-content\\\/uploads\\\/2024\\\/05\\\/isci-filmleri-festivali-1-.jpeg\",\"contentUrl\":\"https:\\\/\\\/haberkuzey.com\\\/wp-content\\\/uploads\\\/2024\\\/05\\\/isci-filmleri-festivali-1-.jpeg\",\"width\":1600,\"height\":1341},{\"@type\":\"BreadcrumbList\",\"@id\":\"https:\\\/\\\/haberkuzey.com\\\/index.php\\\/2024\\\/05\\\/10\\\/12-uluslararasi-kibris-isci-filmleri-festivali-yarin-tamamlaniyor\\\/#breadcrumb\",\"itemListElement\":[{\"@type\":\"ListItem\",\"position\":1,\"name\":\"Anasayfa\",\"item\":\"https:\\\/\\\/haberkuzey.com\\\/\"},{\"@type\":\"ListItem\",\"position\":2,\"name\":\"12. Uluslararas\u0131 K\u0131br\u0131s \u0130\u015f\u00e7i Filmleri Festivali yar\u0131n tamamlan\u0131yor\"}]},{\"@type\":\"WebSite\",\"@id\":\"https:\\\/\\\/haberkuzey.com\\\/#website\",\"url\":\"https:\\\/\\\/haberkuzey.com\\\/\",\"name\":\"Haber Kuzey\",\"description\":\"Do\u011fru Haberin Adresi\",\"potentialAction\":[{\"@type\":\"SearchAction\",\"target\":{\"@type\":\"EntryPoint\",\"urlTemplate\":\"https:\\\/\\\/haberkuzey.com\\\/?s={search_term_string}\"},\"query-input\":{\"@type\":\"PropertyValueSpecification\",\"valueRequired\":true,\"valueName\":\"search_term_string\"}}],\"inLanguage\":\"tr\"},{\"@type\":\"Person\",\"@id\":\"https:\\\/\\\/haberkuzey.com\\\/#\\\/schema\\\/person\\\/3372109ec735f9333f4fa47ebb9605ca\",\"name\":\"haberkuzey\",\"image\":{\"@type\":\"ImageObject\",\"inLanguage\":\"tr\",\"@id\":\"https:\\\/\\\/secure.gravatar.com\\\/avatar\\\/f5fc875574b1575324358c3b9e6a32b8227aa5b74f3fa22e3cadb63e26fcc39c?s=96&d=mm&r=g\",\"url\":\"https:\\\/\\\/secure.gravatar.com\\\/avatar\\\/f5fc875574b1575324358c3b9e6a32b8227aa5b74f3fa22e3cadb63e26fcc39c?s=96&d=mm&r=g\",\"contentUrl\":\"https:\\\/\\\/secure.gravatar.com\\\/avatar\\\/f5fc875574b1575324358c3b9e6a32b8227aa5b74f3fa22e3cadb63e26fcc39c?s=96&d=mm&r=g\",\"caption\":\"haberkuzey\"},\"sameAs\":[\"https:\\\/\\\/haberkuzey.com\"],\"url\":\"https:\\\/\\\/haberkuzey.com\\\/index.php\\\/author\\\/haberkuzey\\\/\"}]}<\/script>\n<!-- \/ Yoast SEO plugin. -->","yoast_head_json":{"title":"12. Uluslararas\u0131 K\u0131br\u0131s \u0130\u015f\u00e7i Filmleri Festivali yar\u0131n tamamlan\u0131yor - Haber Kuzey","robots":{"index":"index","follow":"follow","max-snippet":"max-snippet:-1","max-image-preview":"max-image-preview:large","max-video-preview":"max-video-preview:-1"},"canonical":"https:\/\/haberkuzey.com\/index.php\/2024\/05\/10\/12-uluslararasi-kibris-isci-filmleri-festivali-yarin-tamamlaniyor\/","og_locale":"tr_TR","og_type":"article","og_title":"12. Uluslararas\u0131 K\u0131br\u0131s \u0130\u015f\u00e7i Filmleri Festivali yar\u0131n tamamlan\u0131yor - Haber Kuzey","og_description":"Polis Genel M\u00fcd\u00fcrl\u00fc\u011f\u00fc\u2019nce, trafik bilincinin art\u0131r\u0131lmas\u0131 ve kazalar\u0131n \u00f6nlenmesine y\u00f6nelik her y\u0131l d\u00fczenlenen\u00a0Trafik Haftas\u0131\u00a0etkinlikleri, 13-19\u00a0May\u0131s aras\u0131nda \u201cTrafik kurallar\u0131 hayat kurtar\u0131r\u201d slogan\u0131yla\u00a0yap\u0131l\u0131yor. Polisten yap\u0131lan a\u00e7\u0131klamaya g\u00f6re, etkinliklerle\u00a0trafikte fark\u0131ndal\u0131k yaratmak, trafik kurallar\u0131n\u0131 hat\u0131rlat\u0131p uyarmak ve trafikte al\u0131nabilecek tedbirlere dikkat \u00e7ekilerek trafik bilincini art\u0131rmak ama\u00e7lan\u0131yor. Bu \u00e7er\u00e7evede Trafik M\u00fcd\u00fcrl\u00fc\u011f\u00fc\u2019nde g\u00f6revli yetkililer, televizyon ve radyo programlar\u0131na kat\u0131larak halk\u0131 ayd\u0131nlat\u0131c\u0131 [&hellip;]","og_url":"https:\/\/haberkuzey.com\/index.php\/2024\/05\/10\/12-uluslararasi-kibris-isci-filmleri-festivali-yarin-tamamlaniyor\/","og_site_name":"Haber Kuzey","article_published_time":"2024-05-10T13:16:59+00:00","og_image":[{"url":"https:\/\/brtk.net\/wp-content\/uploads\/2024\/05\/10\/trafik-haftasi-2024.jpg?ver=1be5bd876c96f2b112aab2d9cad7f8f3","type":"","width":"","height":""}],"author":"haberkuzey","twitter_card":"summary_large_image","twitter_misc":{"Yazan:":"haberkuzey","Tahmini okuma s\u00fcresi":"1 dakika"},"schema":{"@context":"https:\/\/schema.org","@graph":[{"@type":"Article","@id":"https:\/\/haberkuzey.com\/index.php\/2024\/05\/10\/12-uluslararasi-kibris-isci-filmleri-festivali-yarin-tamamlaniyor\/#article","isPartOf":{"@id":"https:\/\/haberkuzey.com\/index.php\/2024\/05\/10\/12-uluslararasi-kibris-isci-filmleri-festivali-yarin-tamamlaniyor\/"},"author":{"name":"haberkuzey","@id":"https:\/\/haberkuzey.com\/#\/schema\/person\/3372109ec735f9333f4fa47ebb9605ca"},"headline":"12. Uluslararas\u0131 K\u0131br\u0131s \u0130\u015f\u00e7i Filmleri Festivali yar\u0131n tamamlan\u0131yor","datePublished":"2024-05-10T13:16:59+00:00","mainEntityOfPage":{"@id":"https:\/\/haberkuzey.com\/index.php\/2024\/05\/10\/12-uluslararasi-kibris-isci-filmleri-festivali-yarin-tamamlaniyor\/"},"wordCount":217,"commentCount":0,"image":{"@id":"https:\/\/haberkuzey.com\/index.php\/2024\/05\/10\/12-uluslararasi-kibris-isci-filmleri-festivali-yarin-tamamlaniyor\/#primaryimage"},"thumbnailUrl":"https:\/\/haberkuzey.com\/wp-content\/uploads\/2024\/05\/isci-filmleri-festivali-1-.jpeg","articleSection":["T\u00fcrkiye"],"inLanguage":"tr","potentialAction":[{"@type":"CommentAction","name":"Comment","target":["https:\/\/haberkuzey.com\/index.php\/2024\/05\/10\/12-uluslararasi-kibris-isci-filmleri-festivali-yarin-tamamlaniyor\/#respond"]}]},{"@type":"WebPage","@id":"https:\/\/haberkuzey.com\/index.php\/2024\/05\/10\/12-uluslararasi-kibris-isci-filmleri-festivali-yarin-tamamlaniyor\/","url":"https:\/\/haberkuzey.com\/index.php\/2024\/05\/10\/12-uluslararasi-kibris-isci-filmleri-festivali-yarin-tamamlaniyor\/","name":"12. Uluslararas\u0131 K\u0131br\u0131s \u0130\u015f\u00e7i Filmleri Festivali yar\u0131n tamamlan\u0131yor - Haber Kuzey","isPartOf":{"@id":"https:\/\/haberkuzey.com\/#website"},"primaryImageOfPage":{"@id":"https:\/\/haberkuzey.com\/index.php\/2024\/05\/10\/12-uluslararasi-kibris-isci-filmleri-festivali-yarin-tamamlaniyor\/#primaryimage"},"image":{"@id":"https:\/\/haberkuzey.com\/index.php\/2024\/05\/10\/12-uluslararasi-kibris-isci-filmleri-festivali-yarin-tamamlaniyor\/#primaryimage"},"thumbnailUrl":"https:\/\/haberkuzey.com\/wp-content\/uploads\/2024\/05\/isci-filmleri-festivali-1-.jpeg","datePublished":"2024-05-10T13:16:59+00:00","author":{"@id":"https:\/\/haberkuzey.com\/#\/schema\/person\/3372109ec735f9333f4fa47ebb9605ca"},"breadcrumb":{"@id":"https:\/\/haberkuzey.com\/index.php\/2024\/05\/10\/12-uluslararasi-kibris-isci-filmleri-festivali-yarin-tamamlaniyor\/#breadcrumb"},"inLanguage":"tr","potentialAction":[{"@type":"ReadAction","target":["https:\/\/haberkuzey.com\/index.php\/2024\/05\/10\/12-uluslararasi-kibris-isci-filmleri-festivali-yarin-tamamlaniyor\/"]}]},{"@type":"ImageObject","inLanguage":"tr","@id":"https:\/\/haberkuzey.com\/index.php\/2024\/05\/10\/12-uluslararasi-kibris-isci-filmleri-festivali-yarin-tamamlaniyor\/#primaryimage","url":"https:\/\/haberkuzey.com\/wp-content\/uploads\/2024\/05\/isci-filmleri-festivali-1-.jpeg","contentUrl":"https:\/\/haberkuzey.com\/wp-content\/uploads\/2024\/05\/isci-filmleri-festivali-1-.jpeg","width":1600,"height":1341},{"@type":"BreadcrumbList","@id":"https:\/\/haberkuzey.com\/index.php\/2024\/05\/10\/12-uluslararasi-kibris-isci-filmleri-festivali-yarin-tamamlaniyor\/#breadcrumb","itemListElement":[{"@type":"ListItem","position":1,"name":"Anasayfa","item":"https:\/\/haberkuzey.com\/"},{"@type":"ListItem","position":2,"name":"12. Uluslararas\u0131 K\u0131br\u0131s \u0130\u015f\u00e7i Filmleri Festivali yar\u0131n tamamlan\u0131yor"}]},{"@type":"WebSite","@id":"https:\/\/haberkuzey.com\/#website","url":"https:\/\/haberkuzey.com\/","name":"Haber Kuzey","description":"Do\u011fru Haberin Adresi","potentialAction":[{"@type":"SearchAction","target":{"@type":"EntryPoint","urlTemplate":"https:\/\/haberkuzey.com\/?s={search_term_string}"},"query-input":{"@type":"PropertyValueSpecification","valueRequired":true,"valueName":"search_term_string"}}],"inLanguage":"tr"},{"@type":"Person","@id":"https:\/\/haberkuzey.com\/#\/schema\/person\/3372109ec735f9333f4fa47ebb9605ca","name":"haberkuzey","image":{"@type":"ImageObject","inLanguage":"tr","@id":"https:\/\/secure.gravatar.com\/avatar\/f5fc875574b1575324358c3b9e6a32b8227aa5b74f3fa22e3cadb63e26fcc39c?s=96&d=mm&r=g","url":"https:\/\/secure.gravatar.com\/avatar\/f5fc875574b1575324358c3b9e6a32b8227aa5b74f3fa22e3cadb63e26fcc39c?s=96&d=mm&r=g","contentUrl":"https:\/\/secure.gravatar.com\/avatar\/f5fc875574b1575324358c3b9e6a32b8227aa5b74f3fa22e3cadb63e26fcc39c?s=96&d=mm&r=g","caption":"haberkuzey"},"sameAs":["https:\/\/haberkuzey.com"],"url":"https:\/\/haberkuzey.com\/index.php\/author\/haberkuzey\/"}]}},"_links":{"self":[{"href":"https:\/\/haberkuzey.com\/index.php\/wp-json\/wp\/v2\/posts\/2000","targetHints":{"allow":["GET"]}}],"collection":[{"href":"https:\/\/haberkuzey.com\/index.php\/wp-json\/wp\/v2\/posts"}],"about":[{"href":"https:\/\/haberkuzey.com\/index.php\/wp-json\/wp\/v2\/types\/post"}],"author":[{"embeddable":true,"href":"https:\/\/haberkuzey.com\/index.php\/wp-json\/wp\/v2\/users\/1"}],"replies":[{"embeddable":true,"href":"https:\/\/haberkuzey.com\/index.php\/wp-json\/wp\/v2\/comments?post=2000"}],"version-history":[{"count":0,"href":"https:\/\/haberkuzey.com\/index.php\/wp-json\/wp\/v2\/posts\/2000\/revisions"}],"wp:featuredmedia":[{"embeddable":true,"href":"https:\/\/haberkuzey.com\/index.php\/wp-json\/wp\/v2\/media\/2001"}],"wp:attachment":[{"href":"https:\/\/haberkuzey.com\/index.php\/wp-json\/wp\/v2\/media?parent=2000"}],"wp:term":[{"taxonomy":"category","embeddable":true,"href":"https:\/\/haberkuzey.com\/index.php\/wp-json\/wp\/v2\/categories?post=2000"},{"taxonomy":"post_tag","embeddable":true,"href":"https:\/\/haberkuzey.com\/index.php\/wp-json\/wp\/v2\/tags?post=2000"}],"curies":[{"name":"wp","href":"https:\/\/api.w.org\/{rel}","templated":true}]}}