{"id":19892,"date":"2025-03-14T15:46:46","date_gmt":"2025-03-14T13:46:46","guid":{"rendered":"https:\/\/haberkuzey.com\/index.php\/2025\/03\/14\/ziya-ozturkler-turkiye-cumhuriyetinin-lefkosa-buyukelcisi-ali-murat-basceriyi-kabul-etti\/"},"modified":"2025-03-14T15:46:46","modified_gmt":"2025-03-14T13:46:46","slug":"ziya-ozturkler-turkiye-cumhuriyetinin-lefkosa-buyukelcisi-ali-murat-basceriyi-kabul-etti","status":"publish","type":"post","link":"https:\/\/haberkuzey.com\/index.php\/2025\/03\/14\/ziya-ozturkler-turkiye-cumhuriyetinin-lefkosa-buyukelcisi-ali-murat-basceriyi-kabul-etti\/","title":{"rendered":"Ziya \u00d6zt\u00fcrkler, T\u00fcrkiye Cumhuriyeti\u2019nin Lefko\u015fa B\u00fcy\u00fckel\u00e7isi Ali Murat Ba\u015f\u00e7eri\u2019yi kabul etti"},"content":{"rendered":"<div>\n<div class=\"mariselle-image-container center\">\n                                            <\/div>\n<p>Cumhuriyet Meclisi Ba\u015fkan\u0131 Ziya \u00d6zt\u00fcrkler, T\u00fcrkiye Cumhuriyeti\u2019nin Lefko\u015fa B\u00fcy\u00fckel\u00e7ili\u011fine atanan Ali Murat Ba\u015f\u00e7eri\u2019yi kabul etti. <\/p>\n<p>Kabulde Cumhuriyet Meclisi Ba\u015fkan Yard\u0131mc\u0131s\u0131 Fazilet \u00d6zdenefe ile Ba\u015fkanl\u0131k Divan\u0131 \u00dcyesi Milletvekilleri de haz\u0131r bulundu.<br \/>Ba\u015fkan \u00d6zt\u00fcrkler, B\u00fcy\u00fckel\u00e7i Ba\u015f\u00e7eri\u2019ye yeni g\u00f6revinin hay\u0131rl\u0131 olmas\u0131n\u0131 dileyerek, Kuzey K\u0131br\u0131s T\u00fcrk Cumhuriyeti\u2019nin Anavatan T\u00fcrkiye Cumhuriyeti ile olan sars\u0131lmaz ba\u011flar\u0131n\u0131n \u00f6nemine dikkat \u00e7ekti. <\/p>\n<p>\u00d6zt\u00fcrkler, B\u00fcy\u00fckel\u00e7i\u2019nin g\u00f6rev s\u00fcresi boyunca ba\u015far\u0131l\u0131 \u00e7al\u0131\u015fmalar yapaca\u011f\u0131na olan inanc\u0131n\u0131 dile getirirken, Cumhuriyet Meclisi\u2019nin yasama ve denetim gibi temel g\u00f6revlerinin yan\u0131 s\u0131ra, K\u0131br\u0131s T\u00fcrk halk\u0131n\u0131n \u00f6zden gelen haklar\u0131n\u0131n savunulmas\u0131nda ve milletin iradesinin yans\u0131mas\u0131nda \u00f6nemli bir sorumluluk \u00fcstlendi\u011fini ifade etti. <\/p>\n<p>\u00d6zt\u00fcrkler, B\u00fcy\u00fckel\u00e7i Ba\u015f\u00e7eri\u2019nin Pazartesi g\u00fcn\u00fc ba\u015flayacak olan Cenevre g\u00f6r\u00fc\u015fmeleri \u00f6ncesinde adaya gelmesinin anlaml\u0131 oldu\u011funu belirtti. <\/p>\n<p>\u00d6zt\u00fcrkler, egemen e\u015fitlik, e\u015fit uluslararas\u0131 stat\u00fc, T\u00fcrk askerinin adadaki varl\u0131\u011f\u0131 ve T\u00fcrkiye\u2019nin garant\u00f6rl\u00fc\u011f\u00fc gibi k\u0131rm\u0131z\u0131 \u00e7izgilerin korunmas\u0131ndaki kararl\u0131l\u0131klar\u0131n\u0131 vurgulad\u0131.<\/p>\n<p>T\u00fcrkiye Cumhuriyeti\u2019nin Lefko\u015fa B\u00fcy\u00fckel\u00e7isi Ali Murat Ba\u015f\u00e7eri ise Kuzey K\u0131br\u0131s T\u00fcrk Cumhuriyeti\u2019nde b\u00fcy\u00fckel\u00e7i olarak g\u00f6rev yapmaktan duydu\u011fu memnuniyeti dile getirdi. <\/p>\n<p>Daha \u00f6nceki g\u00f6revlerinde edindi\u011fi tecr\u00fcbelerin, T\u00fcrkiye ile Kuzey K\u0131br\u0131s T\u00fcrk Cumhuriyeti aras\u0131ndaki ili\u015fkileri daha da peki\u015ftirme y\u00f6n\u00fcnde kendisine rehberlik edece\u011fini ifade eden Ba\u015f\u00e7eri, iki \u00fclke aras\u0131ndaki g\u00fc\u00e7l\u00fc ba\u011flar\u0131 daha da sa\u011flamla\u015ft\u0131rmak i\u00e7in \u00e7al\u0131\u015facaklar\u0131n\u0131 belirtti. <\/p>\n<p>\u00d6zt\u00fcrkler, Cumhuriyet Meclisi\u2019nin yasama ve denetim konular\u0131ndaki \u00e7al\u0131\u015fmalar\u0131n\u0131n son derece k\u0131ymetli oldu\u011funu vurgulayarak, bu s\u00fcre\u00e7teki katk\u0131lar\u0131ndan dolay\u0131 te\u015fekk\u00fcr etti. <\/p>\n<p>Cumhuriyet Meclisi\u2019nim yeni binas\u0131na ta\u015f\u0131nma s\u00fcreci hakk\u0131nda da g\u00f6r\u00fc\u015f bildiren Ba\u015f\u00e7eri, Lefko\u015fa B\u00fcy\u00fckel\u00e7ili\u011fi olarak i\u015f birli\u011finin ayn\u0131 \u015fekilde devam edece\u011fine olan inanc\u0131n\u0131 ifade etti.<\/p>\n<p>Konu\u015fmalar\u0131n ard\u0131ndan hediye takdimi ger\u00e7ekle\u015ftirildi.<\/p>\n<\/p><\/div>\n<p><script async\n                    defer\n                    crossorigin=\"anonymous\"\n                    src=\"https:\/\/connect.facebook.net\/tr_TR\/sdk.js#xfbml=1&#038;version=v3.3\"\n            ><\/script><\/p>\n","protected":false},"excerpt":{"rendered":"<p>Cumhuriyet Meclisi Ba\u015fkan\u0131 Ziya \u00d6zt\u00fcrkler, T\u00fcrkiye Cumhuriyeti\u2019nin Lefko\u015fa B\u00fcy\u00fckel\u00e7ili\u011fine atanan Ali Murat Ba\u015f\u00e7eri\u2019yi kabul etti. Kabulde Cumhuriyet Meclisi Ba\u015fkan Yard\u0131mc\u0131s\u0131 Fazilet \u00d6zdenefe ile Ba\u015fkanl\u0131k Divan\u0131 \u00dcyesi Milletvekilleri de haz\u0131r bulundu.Ba\u015fkan \u00d6zt\u00fcrkler, B\u00fcy\u00fckel\u00e7i Ba\u015f\u00e7eri\u2019ye yeni g\u00f6revinin hay\u0131rl\u0131 olmas\u0131n\u0131 dileyerek, Kuzey K\u0131br\u0131s T\u00fcrk Cumhuriyeti\u2019nin Anavatan T\u00fcrkiye Cumhuriyeti ile olan sars\u0131lmaz ba\u011flar\u0131n\u0131n \u00f6nemine dikkat \u00e7ekti. \u00d6zt\u00fcrkler, B\u00fcy\u00fckel\u00e7i\u2019nin g\u00f6rev [&hellip;]<\/p>\n","protected":false},"author":1,"featured_media":19893,"comment_status":"open","ping_status":"open","sticky":false,"template":"","format":"standard","meta":{"jnews-multi-image_gallery":[],"jnews_single_post":[],"jnews_primary_category":[],"footnotes":""},"categories":[2],"tags":[],"class_list":["post-19892","post","type-post","status-publish","format-standard","has-post-thumbnail","hentry","category-dunya"],"yoast_head":"<!-- This site is optimized with the Yoast SEO plugin v27.5 - https:\/\/yoast.com\/product\/yoast-seo-wordpress\/ -->\n<title>Ziya \u00d6zt\u00fcrkler, T\u00fcrkiye Cumhuriyeti\u2019nin Lefko\u015fa B\u00fcy\u00fckel\u00e7isi Ali Murat Ba\u015f\u00e7eri\u2019yi kabul etti - Haber Kuzey<\/title>\n<meta name=\"robots\" content=\"index, follow, max-snippet:-1, max-image-preview:large, max-video-preview:-1\" \/>\n<link rel=\"canonical\" href=\"https:\/\/haberkuzey.com\/index.php\/2025\/03\/14\/ziya-ozturkler-turkiye-cumhuriyetinin-lefkosa-buyukelcisi-ali-murat-basceriyi-kabul-etti\/\" \/>\n<meta property=\"og:locale\" content=\"tr_TR\" \/>\n<meta property=\"og:type\" content=\"article\" \/>\n<meta property=\"og:title\" content=\"Ziya \u00d6zt\u00fcrkler, T\u00fcrkiye Cumhuriyeti\u2019nin Lefko\u015fa B\u00fcy\u00fckel\u00e7isi Ali Murat Ba\u015f\u00e7eri\u2019yi kabul etti - Haber Kuzey\" \/>\n<meta property=\"og:description\" content=\"Cumhuriyet Meclisi Ba\u015fkan\u0131 Ziya \u00d6zt\u00fcrkler, T\u00fcrkiye Cumhuriyeti\u2019nin Lefko\u015fa B\u00fcy\u00fckel\u00e7ili\u011fine atanan Ali Murat Ba\u015f\u00e7eri\u2019yi kabul etti. Kabulde Cumhuriyet Meclisi Ba\u015fkan Yard\u0131mc\u0131s\u0131 Fazilet \u00d6zdenefe ile Ba\u015fkanl\u0131k Divan\u0131 \u00dcyesi Milletvekilleri de haz\u0131r bulundu.Ba\u015fkan \u00d6zt\u00fcrkler, B\u00fcy\u00fckel\u00e7i Ba\u015f\u00e7eri\u2019ye yeni g\u00f6revinin hay\u0131rl\u0131 olmas\u0131n\u0131 dileyerek, Kuzey K\u0131br\u0131s T\u00fcrk Cumhuriyeti\u2019nin Anavatan T\u00fcrkiye Cumhuriyeti ile olan sars\u0131lmaz ba\u011flar\u0131n\u0131n \u00f6nemine dikkat \u00e7ekti. \u00d6zt\u00fcrkler, B\u00fcy\u00fckel\u00e7i\u2019nin g\u00f6rev [&hellip;]\" \/>\n<meta property=\"og:url\" content=\"https:\/\/haberkuzey.com\/index.php\/2025\/03\/14\/ziya-ozturkler-turkiye-cumhuriyetinin-lefkosa-buyukelcisi-ali-murat-basceriyi-kabul-etti\/\" \/>\n<meta property=\"og:site_name\" content=\"Haber Kuzey\" \/>\n<meta property=\"article:published_time\" content=\"2025-03-14T13:46:46+00:00\" \/>\n<meta property=\"og:image\" content=\"https:\/\/brtk.net\/wp-content\/uploads\/2025\/03\/14\/1e60f41d-85be-4a9c-a6bd-ad6baa74ab5f.jpg?ver=aa407774c54c75de7ec030c6ef76547e\" \/>\n<meta name=\"author\" content=\"haberkuzey\" \/>\n<meta name=\"twitter:card\" content=\"summary_large_image\" \/>\n<meta name=\"twitter:label1\" content=\"Yazan:\" \/>\n\t<meta name=\"twitter:data1\" content=\"haberkuzey\" \/>\n\t<meta name=\"twitter:label2\" content=\"Tahmini okuma s\u00fcresi\" \/>\n\t<meta name=\"twitter:data2\" content=\"2 dakika\" \/>\n<script type=\"application\/ld+json\" class=\"yoast-schema-graph\">{\"@context\":\"https:\\\/\\\/schema.org\",\"@graph\":[{\"@type\":\"Article\",\"@id\":\"https:\\\/\\\/haberkuzey.com\\\/index.php\\\/2025\\\/03\\\/14\\\/ziya-ozturkler-turkiye-cumhuriyetinin-lefkosa-buyukelcisi-ali-murat-basceriyi-kabul-etti\\\/#article\",\"isPartOf\":{\"@id\":\"https:\\\/\\\/haberkuzey.com\\\/index.php\\\/2025\\\/03\\\/14\\\/ziya-ozturkler-turkiye-cumhuriyetinin-lefkosa-buyukelcisi-ali-murat-basceriyi-kabul-etti\\\/\"},\"author\":{\"name\":\"haberkuzey\",\"@id\":\"https:\\\/\\\/haberkuzey.com\\\/#\\\/schema\\\/person\\\/3372109ec735f9333f4fa47ebb9605ca\"},\"headline\":\"Ziya \u00d6zt\u00fcrkler, T\u00fcrkiye Cumhuriyeti\u2019nin Lefko\u015fa B\u00fcy\u00fckel\u00e7isi Ali Murat Ba\u015f\u00e7eri\u2019yi kabul etti\",\"datePublished\":\"2025-03-14T13:46:46+00:00\",\"mainEntityOfPage\":{\"@id\":\"https:\\\/\\\/haberkuzey.com\\\/index.php\\\/2025\\\/03\\\/14\\\/ziya-ozturkler-turkiye-cumhuriyetinin-lefkosa-buyukelcisi-ali-murat-basceriyi-kabul-etti\\\/\"},\"wordCount\":407,\"commentCount\":0,\"image\":{\"@id\":\"https:\\\/\\\/haberkuzey.com\\\/index.php\\\/2025\\\/03\\\/14\\\/ziya-ozturkler-turkiye-cumhuriyetinin-lefkosa-buyukelcisi-ali-murat-basceriyi-kabul-etti\\\/#primaryimage\"},\"thumbnailUrl\":\"https:\\\/\\\/haberkuzey.com\\\/wp-content\\\/uploads\\\/2025\\\/03\\\/1e60f41d-85be-4a9c-a6bd-ad6baa74ab5f.jpg\",\"articleSection\":[\"D\u00fcnya\"],\"inLanguage\":\"tr\",\"potentialAction\":[{\"@type\":\"CommentAction\",\"name\":\"Comment\",\"target\":[\"https:\\\/\\\/haberkuzey.com\\\/index.php\\\/2025\\\/03\\\/14\\\/ziya-ozturkler-turkiye-cumhuriyetinin-lefkosa-buyukelcisi-ali-murat-basceriyi-kabul-etti\\\/#respond\"]}]},{\"@type\":\"WebPage\",\"@id\":\"https:\\\/\\\/haberkuzey.com\\\/index.php\\\/2025\\\/03\\\/14\\\/ziya-ozturkler-turkiye-cumhuriyetinin-lefkosa-buyukelcisi-ali-murat-basceriyi-kabul-etti\\\/\",\"url\":\"https:\\\/\\\/haberkuzey.com\\\/index.php\\\/2025\\\/03\\\/14\\\/ziya-ozturkler-turkiye-cumhuriyetinin-lefkosa-buyukelcisi-ali-murat-basceriyi-kabul-etti\\\/\",\"name\":\"Ziya \u00d6zt\u00fcrkler, T\u00fcrkiye Cumhuriyeti\u2019nin Lefko\u015fa B\u00fcy\u00fckel\u00e7isi Ali Murat Ba\u015f\u00e7eri\u2019yi kabul etti - Haber Kuzey\",\"isPartOf\":{\"@id\":\"https:\\\/\\\/haberkuzey.com\\\/#website\"},\"primaryImageOfPage\":{\"@id\":\"https:\\\/\\\/haberkuzey.com\\\/index.php\\\/2025\\\/03\\\/14\\\/ziya-ozturkler-turkiye-cumhuriyetinin-lefkosa-buyukelcisi-ali-murat-basceriyi-kabul-etti\\\/#primaryimage\"},\"image\":{\"@id\":\"https:\\\/\\\/haberkuzey.com\\\/index.php\\\/2025\\\/03\\\/14\\\/ziya-ozturkler-turkiye-cumhuriyetinin-lefkosa-buyukelcisi-ali-murat-basceriyi-kabul-etti\\\/#primaryimage\"},\"thumbnailUrl\":\"https:\\\/\\\/haberkuzey.com\\\/wp-content\\\/uploads\\\/2025\\\/03\\\/1e60f41d-85be-4a9c-a6bd-ad6baa74ab5f.jpg\",\"datePublished\":\"2025-03-14T13:46:46+00:00\",\"author\":{\"@id\":\"https:\\\/\\\/haberkuzey.com\\\/#\\\/schema\\\/person\\\/3372109ec735f9333f4fa47ebb9605ca\"},\"breadcrumb\":{\"@id\":\"https:\\\/\\\/haberkuzey.com\\\/index.php\\\/2025\\\/03\\\/14\\\/ziya-ozturkler-turkiye-cumhuriyetinin-lefkosa-buyukelcisi-ali-murat-basceriyi-kabul-etti\\\/#breadcrumb\"},\"inLanguage\":\"tr\",\"potentialAction\":[{\"@type\":\"ReadAction\",\"target\":[\"https:\\\/\\\/haberkuzey.com\\\/index.php\\\/2025\\\/03\\\/14\\\/ziya-ozturkler-turkiye-cumhuriyetinin-lefkosa-buyukelcisi-ali-murat-basceriyi-kabul-etti\\\/\"]}]},{\"@type\":\"ImageObject\",\"inLanguage\":\"tr\",\"@id\":\"https:\\\/\\\/haberkuzey.com\\\/index.php\\\/2025\\\/03\\\/14\\\/ziya-ozturkler-turkiye-cumhuriyetinin-lefkosa-buyukelcisi-ali-murat-basceriyi-kabul-etti\\\/#primaryimage\",\"url\":\"https:\\\/\\\/haberkuzey.com\\\/wp-content\\\/uploads\\\/2025\\\/03\\\/1e60f41d-85be-4a9c-a6bd-ad6baa74ab5f.jpg\",\"contentUrl\":\"https:\\\/\\\/haberkuzey.com\\\/wp-content\\\/uploads\\\/2025\\\/03\\\/1e60f41d-85be-4a9c-a6bd-ad6baa74ab5f.jpg\",\"width\":1600,\"height\":1031},{\"@type\":\"BreadcrumbList\",\"@id\":\"https:\\\/\\\/haberkuzey.com\\\/index.php\\\/2025\\\/03\\\/14\\\/ziya-ozturkler-turkiye-cumhuriyetinin-lefkosa-buyukelcisi-ali-murat-basceriyi-kabul-etti\\\/#breadcrumb\",\"itemListElement\":[{\"@type\":\"ListItem\",\"position\":1,\"name\":\"Anasayfa\",\"item\":\"https:\\\/\\\/haberkuzey.com\\\/\"},{\"@type\":\"ListItem\",\"position\":2,\"name\":\"Ziya \u00d6zt\u00fcrkler, T\u00fcrkiye Cumhuriyeti\u2019nin Lefko\u015fa B\u00fcy\u00fckel\u00e7isi Ali Murat Ba\u015f\u00e7eri\u2019yi kabul etti\"}]},{\"@type\":\"WebSite\",\"@id\":\"https:\\\/\\\/haberkuzey.com\\\/#website\",\"url\":\"https:\\\/\\\/haberkuzey.com\\\/\",\"name\":\"Haber Kuzey\",\"description\":\"Do\u011fru Haberin Adresi\",\"potentialAction\":[{\"@type\":\"SearchAction\",\"target\":{\"@type\":\"EntryPoint\",\"urlTemplate\":\"https:\\\/\\\/haberkuzey.com\\\/?s={search_term_string}\"},\"query-input\":{\"@type\":\"PropertyValueSpecification\",\"valueRequired\":true,\"valueName\":\"search_term_string\"}}],\"inLanguage\":\"tr\"},{\"@type\":\"Person\",\"@id\":\"https:\\\/\\\/haberkuzey.com\\\/#\\\/schema\\\/person\\\/3372109ec735f9333f4fa47ebb9605ca\",\"name\":\"haberkuzey\",\"image\":{\"@type\":\"ImageObject\",\"inLanguage\":\"tr\",\"@id\":\"https:\\\/\\\/secure.gravatar.com\\\/avatar\\\/f5fc875574b1575324358c3b9e6a32b8227aa5b74f3fa22e3cadb63e26fcc39c?s=96&d=mm&r=g\",\"url\":\"https:\\\/\\\/secure.gravatar.com\\\/avatar\\\/f5fc875574b1575324358c3b9e6a32b8227aa5b74f3fa22e3cadb63e26fcc39c?s=96&d=mm&r=g\",\"contentUrl\":\"https:\\\/\\\/secure.gravatar.com\\\/avatar\\\/f5fc875574b1575324358c3b9e6a32b8227aa5b74f3fa22e3cadb63e26fcc39c?s=96&d=mm&r=g\",\"caption\":\"haberkuzey\"},\"sameAs\":[\"https:\\\/\\\/haberkuzey.com\"],\"url\":\"https:\\\/\\\/haberkuzey.com\\\/index.php\\\/author\\\/haberkuzey\\\/\"}]}<\/script>\n<!-- \/ Yoast SEO plugin. -->","yoast_head_json":{"title":"Ziya \u00d6zt\u00fcrkler, T\u00fcrkiye Cumhuriyeti\u2019nin Lefko\u015fa B\u00fcy\u00fckel\u00e7isi Ali Murat Ba\u015f\u00e7eri\u2019yi kabul etti - Haber Kuzey","robots":{"index":"index","follow":"follow","max-snippet":"max-snippet:-1","max-image-preview":"max-image-preview:large","max-video-preview":"max-video-preview:-1"},"canonical":"https:\/\/haberkuzey.com\/index.php\/2025\/03\/14\/ziya-ozturkler-turkiye-cumhuriyetinin-lefkosa-buyukelcisi-ali-murat-basceriyi-kabul-etti\/","og_locale":"tr_TR","og_type":"article","og_title":"Ziya \u00d6zt\u00fcrkler, T\u00fcrkiye Cumhuriyeti\u2019nin Lefko\u015fa B\u00fcy\u00fckel\u00e7isi Ali Murat Ba\u015f\u00e7eri\u2019yi kabul etti - Haber Kuzey","og_description":"Cumhuriyet Meclisi Ba\u015fkan\u0131 Ziya \u00d6zt\u00fcrkler, T\u00fcrkiye Cumhuriyeti\u2019nin Lefko\u015fa B\u00fcy\u00fckel\u00e7ili\u011fine atanan Ali Murat Ba\u015f\u00e7eri\u2019yi kabul etti. Kabulde Cumhuriyet Meclisi Ba\u015fkan Yard\u0131mc\u0131s\u0131 Fazilet \u00d6zdenefe ile Ba\u015fkanl\u0131k Divan\u0131 \u00dcyesi Milletvekilleri de haz\u0131r bulundu.Ba\u015fkan \u00d6zt\u00fcrkler, B\u00fcy\u00fckel\u00e7i Ba\u015f\u00e7eri\u2019ye yeni g\u00f6revinin hay\u0131rl\u0131 olmas\u0131n\u0131 dileyerek, Kuzey K\u0131br\u0131s T\u00fcrk Cumhuriyeti\u2019nin Anavatan T\u00fcrkiye Cumhuriyeti ile olan sars\u0131lmaz ba\u011flar\u0131n\u0131n \u00f6nemine dikkat \u00e7ekti. \u00d6zt\u00fcrkler, B\u00fcy\u00fckel\u00e7i\u2019nin g\u00f6rev [&hellip;]","og_url":"https:\/\/haberkuzey.com\/index.php\/2025\/03\/14\/ziya-ozturkler-turkiye-cumhuriyetinin-lefkosa-buyukelcisi-ali-murat-basceriyi-kabul-etti\/","og_site_name":"Haber Kuzey","article_published_time":"2025-03-14T13:46:46+00:00","og_image":[{"url":"https:\/\/brtk.net\/wp-content\/uploads\/2025\/03\/14\/1e60f41d-85be-4a9c-a6bd-ad6baa74ab5f.jpg?ver=aa407774c54c75de7ec030c6ef76547e","type":"","width":"","height":""}],"author":"haberkuzey","twitter_card":"summary_large_image","twitter_misc":{"Yazan:":"haberkuzey","Tahmini okuma s\u00fcresi":"2 dakika"},"schema":{"@context":"https:\/\/schema.org","@graph":[{"@type":"Article","@id":"https:\/\/haberkuzey.com\/index.php\/2025\/03\/14\/ziya-ozturkler-turkiye-cumhuriyetinin-lefkosa-buyukelcisi-ali-murat-basceriyi-kabul-etti\/#article","isPartOf":{"@id":"https:\/\/haberkuzey.com\/index.php\/2025\/03\/14\/ziya-ozturkler-turkiye-cumhuriyetinin-lefkosa-buyukelcisi-ali-murat-basceriyi-kabul-etti\/"},"author":{"name":"haberkuzey","@id":"https:\/\/haberkuzey.com\/#\/schema\/person\/3372109ec735f9333f4fa47ebb9605ca"},"headline":"Ziya \u00d6zt\u00fcrkler, T\u00fcrkiye Cumhuriyeti\u2019nin Lefko\u015fa B\u00fcy\u00fckel\u00e7isi Ali Murat Ba\u015f\u00e7eri\u2019yi kabul etti","datePublished":"2025-03-14T13:46:46+00:00","mainEntityOfPage":{"@id":"https:\/\/haberkuzey.com\/index.php\/2025\/03\/14\/ziya-ozturkler-turkiye-cumhuriyetinin-lefkosa-buyukelcisi-ali-murat-basceriyi-kabul-etti\/"},"wordCount":407,"commentCount":0,"image":{"@id":"https:\/\/haberkuzey.com\/index.php\/2025\/03\/14\/ziya-ozturkler-turkiye-cumhuriyetinin-lefkosa-buyukelcisi-ali-murat-basceriyi-kabul-etti\/#primaryimage"},"thumbnailUrl":"https:\/\/haberkuzey.com\/wp-content\/uploads\/2025\/03\/1e60f41d-85be-4a9c-a6bd-ad6baa74ab5f.jpg","articleSection":["D\u00fcnya"],"inLanguage":"tr","potentialAction":[{"@type":"CommentAction","name":"Comment","target":["https:\/\/haberkuzey.com\/index.php\/2025\/03\/14\/ziya-ozturkler-turkiye-cumhuriyetinin-lefkosa-buyukelcisi-ali-murat-basceriyi-kabul-etti\/#respond"]}]},{"@type":"WebPage","@id":"https:\/\/haberkuzey.com\/index.php\/2025\/03\/14\/ziya-ozturkler-turkiye-cumhuriyetinin-lefkosa-buyukelcisi-ali-murat-basceriyi-kabul-etti\/","url":"https:\/\/haberkuzey.com\/index.php\/2025\/03\/14\/ziya-ozturkler-turkiye-cumhuriyetinin-lefkosa-buyukelcisi-ali-murat-basceriyi-kabul-etti\/","name":"Ziya \u00d6zt\u00fcrkler, T\u00fcrkiye Cumhuriyeti\u2019nin Lefko\u015fa B\u00fcy\u00fckel\u00e7isi Ali Murat Ba\u015f\u00e7eri\u2019yi kabul etti - Haber Kuzey","isPartOf":{"@id":"https:\/\/haberkuzey.com\/#website"},"primaryImageOfPage":{"@id":"https:\/\/haberkuzey.com\/index.php\/2025\/03\/14\/ziya-ozturkler-turkiye-cumhuriyetinin-lefkosa-buyukelcisi-ali-murat-basceriyi-kabul-etti\/#primaryimage"},"image":{"@id":"https:\/\/haberkuzey.com\/index.php\/2025\/03\/14\/ziya-ozturkler-turkiye-cumhuriyetinin-lefkosa-buyukelcisi-ali-murat-basceriyi-kabul-etti\/#primaryimage"},"thumbnailUrl":"https:\/\/haberkuzey.com\/wp-content\/uploads\/2025\/03\/1e60f41d-85be-4a9c-a6bd-ad6baa74ab5f.jpg","datePublished":"2025-03-14T13:46:46+00:00","author":{"@id":"https:\/\/haberkuzey.com\/#\/schema\/person\/3372109ec735f9333f4fa47ebb9605ca"},"breadcrumb":{"@id":"https:\/\/haberkuzey.com\/index.php\/2025\/03\/14\/ziya-ozturkler-turkiye-cumhuriyetinin-lefkosa-buyukelcisi-ali-murat-basceriyi-kabul-etti\/#breadcrumb"},"inLanguage":"tr","potentialAction":[{"@type":"ReadAction","target":["https:\/\/haberkuzey.com\/index.php\/2025\/03\/14\/ziya-ozturkler-turkiye-cumhuriyetinin-lefkosa-buyukelcisi-ali-murat-basceriyi-kabul-etti\/"]}]},{"@type":"ImageObject","inLanguage":"tr","@id":"https:\/\/haberkuzey.com\/index.php\/2025\/03\/14\/ziya-ozturkler-turkiye-cumhuriyetinin-lefkosa-buyukelcisi-ali-murat-basceriyi-kabul-etti\/#primaryimage","url":"https:\/\/haberkuzey.com\/wp-content\/uploads\/2025\/03\/1e60f41d-85be-4a9c-a6bd-ad6baa74ab5f.jpg","contentUrl":"https:\/\/haberkuzey.com\/wp-content\/uploads\/2025\/03\/1e60f41d-85be-4a9c-a6bd-ad6baa74ab5f.jpg","width":1600,"height":1031},{"@type":"BreadcrumbList","@id":"https:\/\/haberkuzey.com\/index.php\/2025\/03\/14\/ziya-ozturkler-turkiye-cumhuriyetinin-lefkosa-buyukelcisi-ali-murat-basceriyi-kabul-etti\/#breadcrumb","itemListElement":[{"@type":"ListItem","position":1,"name":"Anasayfa","item":"https:\/\/haberkuzey.com\/"},{"@type":"ListItem","position":2,"name":"Ziya \u00d6zt\u00fcrkler, T\u00fcrkiye Cumhuriyeti\u2019nin Lefko\u015fa B\u00fcy\u00fckel\u00e7isi Ali Murat Ba\u015f\u00e7eri\u2019yi kabul etti"}]},{"@type":"WebSite","@id":"https:\/\/haberkuzey.com\/#website","url":"https:\/\/haberkuzey.com\/","name":"Haber Kuzey","description":"Do\u011fru Haberin Adresi","potentialAction":[{"@type":"SearchAction","target":{"@type":"EntryPoint","urlTemplate":"https:\/\/haberkuzey.com\/?s={search_term_string}"},"query-input":{"@type":"PropertyValueSpecification","valueRequired":true,"valueName":"search_term_string"}}],"inLanguage":"tr"},{"@type":"Person","@id":"https:\/\/haberkuzey.com\/#\/schema\/person\/3372109ec735f9333f4fa47ebb9605ca","name":"haberkuzey","image":{"@type":"ImageObject","inLanguage":"tr","@id":"https:\/\/secure.gravatar.com\/avatar\/f5fc875574b1575324358c3b9e6a32b8227aa5b74f3fa22e3cadb63e26fcc39c?s=96&d=mm&r=g","url":"https:\/\/secure.gravatar.com\/avatar\/f5fc875574b1575324358c3b9e6a32b8227aa5b74f3fa22e3cadb63e26fcc39c?s=96&d=mm&r=g","contentUrl":"https:\/\/secure.gravatar.com\/avatar\/f5fc875574b1575324358c3b9e6a32b8227aa5b74f3fa22e3cadb63e26fcc39c?s=96&d=mm&r=g","caption":"haberkuzey"},"sameAs":["https:\/\/haberkuzey.com"],"url":"https:\/\/haberkuzey.com\/index.php\/author\/haberkuzey\/"}]}},"_links":{"self":[{"href":"https:\/\/haberkuzey.com\/index.php\/wp-json\/wp\/v2\/posts\/19892","targetHints":{"allow":["GET"]}}],"collection":[{"href":"https:\/\/haberkuzey.com\/index.php\/wp-json\/wp\/v2\/posts"}],"about":[{"href":"https:\/\/haberkuzey.com\/index.php\/wp-json\/wp\/v2\/types\/post"}],"author":[{"embeddable":true,"href":"https:\/\/haberkuzey.com\/index.php\/wp-json\/wp\/v2\/users\/1"}],"replies":[{"embeddable":true,"href":"https:\/\/haberkuzey.com\/index.php\/wp-json\/wp\/v2\/comments?post=19892"}],"version-history":[{"count":0,"href":"https:\/\/haberkuzey.com\/index.php\/wp-json\/wp\/v2\/posts\/19892\/revisions"}],"wp:featuredmedia":[{"embeddable":true,"href":"https:\/\/haberkuzey.com\/index.php\/wp-json\/wp\/v2\/media\/19893"}],"wp:attachment":[{"href":"https:\/\/haberkuzey.com\/index.php\/wp-json\/wp\/v2\/media?parent=19892"}],"wp:term":[{"taxonomy":"category","embeddable":true,"href":"https:\/\/haberkuzey.com\/index.php\/wp-json\/wp\/v2\/categories?post=19892"},{"taxonomy":"post_tag","embeddable":true,"href":"https:\/\/haberkuzey.com\/index.php\/wp-json\/wp\/v2\/tags?post=19892"}],"curies":[{"name":"wp","href":"https:\/\/api.w.org\/{rel}","templated":true}]}}