{"id":19765,"date":"2025-03-12T19:47:46","date_gmt":"2025-03-12T17:47:46","guid":{"rendered":"https:\/\/haberkuzey.com\/index.php\/2025\/03\/12\/tc-cumhurbaskani-erdoganab-guc-kaybinin-onune-gecmek-istiyorsa-bunu-turkiyenin-tam-uyeligiyle-basarabilir\/"},"modified":"2025-03-12T19:47:46","modified_gmt":"2025-03-12T17:47:46","slug":"tc-cumhurbaskani-erdoganab-guc-kaybinin-onune-gecmek-istiyorsa-bunu-turkiyenin-tam-uyeligiyle-basarabilir","status":"publish","type":"post","link":"https:\/\/haberkuzey.com\/index.php\/2025\/03\/12\/tc-cumhurbaskani-erdoganab-guc-kaybinin-onune-gecmek-istiyorsa-bunu-turkiyenin-tam-uyeligiyle-basarabilir\/","title":{"rendered":"TC Cumhurba\u015fkan\u0131 Erdo\u011fan:AB g\u00fc\u00e7 kayb\u0131n\u0131n \u00f6n\u00fcne ge\u00e7mek istiyorsa bunu T\u00fcrkiye\u2019nin tam \u00fcyeli\u011fiyle ba\u015farabilir"},"content":{"rendered":"<div>\n<div class=\"mariselle-image-container center\">\n                                            <\/div>\n<p>T\u00fcrkiye Cumhurba\u015fkan\u0131 Recep Tayyip Erdo\u011fan, \u201c\u015eunu bug\u00fcn bir kez daha a\u00e7\u0131k\u00e7a s\u00f6ylemek isterim. Avrupa Birli\u011fi, g\u00fc\u00e7 ve irtifa kayb\u0131n\u0131n \u00f6n\u00fcne ge\u00e7mek, hatta tersine \u00e7evirmek istiyorsa bunu ancak T\u00fcrkiye\u2019nin tam \u00fcyeli\u011fi ile ba\u015farabilir.\u201d dedi.<\/p>\n<p>Cumhurba\u015fkan\u0131 Erdo\u011fan, Polonya Ba\u015fbakan\u0131 Donald Tusk ile Cumhurba\u015fkanl\u0131\u011f\u0131 K\u00fclliyesi\u2019ndeki ikili g\u00f6r\u00fc\u015fmenin ard\u0131ndan ortak bas\u0131n toplant\u0131s\u0131 d\u00fczenledi.<\/p>\n<p>Polonya ile 6 asr\u0131 a\u015fan k\u00f6kl\u00fc tarihlerinden ald\u0131klar\u0131 g\u00fc\u00e7le b\u00f6lgeyi ilgilendiren her konuyu a\u00e7\u0131k y\u00fcreklilikle iki m\u00fcttefik ve stratejik ortak olarak ele ald\u0131klar\u0131n\u0131 belirten Erdo\u011fan, Tusk ve heyetiyle yapt\u0131klar\u0131 g\u00f6r\u00fc\u015fmelerde T\u00fcrkiye-Polonya ili\u015fkilerini g\u00fc\u00e7lendirme ve \u00e7e\u015fitlendirme iradelerini teyit ettiklerini s\u00f6yledi.<\/p>\n<p>Bu y\u00f6nde atacaklar\u0131 m\u00fc\u015fterek ad\u0131mlar\u0131 de\u011ferlendirdiklerini ifade eden Erdo\u011fan, ilerleyen d\u00f6nemde Polonya\u2019ya ziyaret ger\u00e7ekle\u015ftirmeyi \u00f6ng\u00f6rd\u00fcklerini belirterek, \u015funlar\u0131 kaydetti:<\/p>\n<p>\u201cTicaret, yat\u0131r\u0131mlar, savunma alan\u0131nda i\u015f birli\u011fi ve be\u015feri ili\u015fkiler ba\u015fl\u0131klar\u0131nda, g\u00fc\u00e7l\u00fc potansiyele sahibiz. Bug\u00fcn bunlar\u0131, kapsaml\u0131 bir \u015fekilde m\u00fctalaa ettik. Ukrayna\u2019daki sava\u015f\u0131n sona erdirilmesine y\u00f6nelik at\u0131labilecek ad\u0131mlar\u0131 g\u00f6r\u00fc\u015fme f\u0131rsat\u0131 bulduk. Avrupa g\u00fcvenli\u011finin gelece\u011fine dair geli\u015fmelerle Suriye ve Filistin dahil b\u00f6lgesel meseleler hakk\u0131nda fikir teatisinde bulunduk. 2024 y\u0131l\u0131nda yakla\u015f\u0131k 12 milyar dolara ula\u015fan ticaret hacmimizi ve kar\u015f\u0131l\u0131kl\u0131 yat\u0131r\u0131mlar\u0131m\u0131z\u0131 daha da ileriye ta\u015f\u0131makta kararl\u0131y\u0131z. Yeni ticaret hacmi hedefi olarak 15 milyar dolar\u0131 tespit ettik. Polonya yurt d\u0131\u015f\u0131 m\u00fcteahhitlik sekt\u00f6r\u00fcm\u00fcz i\u00e7in \u00f6nemli pazarlardan biri. \u015eirketlerimizin \u00fcstlendi\u011fi projelerin say\u0131s\u0131n\u0131n artmas\u0131ndan memnuniyet duydu\u011fumuzu \u00f6zellikle ifade etmek isterim. T\u00fcrkiye ve Polonya NATO\u2019nun Avrupa\u2019daki en b\u00fcy\u00fck iki kara ordusuna komuta eden, ittifak\u0131n do\u011fu ve g\u00fcney kanatlar\u0131nda konumlanan iki kilit m\u00fcttefiktir.\u201d<\/p>\n<p><em>-\u201cAvrupa\u2019da g\u00fcvenli\u011fin gelece\u011fini de de\u011ferlendirdik\u201d<\/em><\/p>\n<p>Cumhurba\u015fkan\u0131 Erdo\u011fan, T\u00fcrkiye ve Polonya\u2019n\u0131n Avrupa\u2019n\u0131n g\u00fcvenlik mimarisinin gelece\u011finde vazge\u00e7ilmez yere sahip olduklar\u0131n\u0131 belirterek, \u201cDostum Tusk ile Avrupa\u2019da g\u00fcvenli\u011fin gelece\u011fini de de\u011ferlendirdik. \u00dclkelerimiz aras\u0131nda h\u0131zla geli\u015fmekte olan savunma sanayi i\u015f birli\u011finin yeni projelerle g\u00fc\u00e7lendirilmesine y\u00f6nelik \u00e7al\u0131\u015fmalara de\u011findik.\u201d diye konu\u015ftu.<\/p>\n<p>\u201cM\u00fcnasebetlerimizin e\u011fitim ve k\u00fclt\u00fcrden bilim ve turizme uzanan geni\u015f bir alanda g\u00fc\u00e7lendirilmesi, dostlu\u011fumuzun gelece\u011fine yap\u0131lm\u0131\u015f m\u00fchim bir yat\u0131r\u0131md\u0131r.\u201d ifadesini kullanan Erdo\u011fan, \u201c\u0130\u015f insanlar\u0131m\u0131z ve \u00f6\u011frencilerimiz ba\u015fta olmak \u00fczere vatanda\u015flar\u0131m\u0131z\u0131n vize sorunlar\u0131n\u0131n \u00e7\u00f6z\u00fclmesine \u00f6nem veriyoruz. Bu konuda de\u011ferli dostumun ilgisine g\u00fcvendi\u011fimi ifade ettim. Bug\u00fcn ayr\u0131ca Polonya\u2019n\u0131n Avrupa Birli\u011fi Konseyi d\u00f6nem ba\u015fkanl\u0131\u011f\u0131 \u00e7er\u00e7evesinde T\u00fcrkiye-Avrupa Birli\u011fi ili\u015fkilerinin yan\u0131 s\u0131ra g\u00fcncel, b\u00f6lgesel ve k\u00fcresel meseleleri ele ald\u0131k.\u201d de\u011ferlendirmesinde bulundu.<\/p>\n<p>Cumhurba\u015fkan\u0131 Erdo\u011fan, \u201cAvrupa Birli\u011fi\u2019ne tam \u00fcyeli\u011fin stratejik hedefimiz oldu\u011funu her vesileyle vurguluyoruz. Avrupa Birli\u011fi ile i\u015f birli\u011fimizi kar\u015f\u0131l\u0131kl\u0131 fayda ve sayg\u0131 temelinde ilerletme arzusunda oldu\u011fumuzu muhataplar\u0131m\u0131zla s\u0131k s\u0131k payla\u015f\u0131yoruz.\u201d dedi.<\/p>\n<p>Mevcut tart\u0131\u015fmalar\u0131n bu i\u015f birli\u011finin ne kadar kritik \u00f6nemde oldu\u011funu bir kez daha g\u00f6sterdi\u011fini bildiren Erdo\u011fan, \u201d \u015eunu bug\u00fcn bir kez daha a\u00e7\u0131k\u00e7a s\u00f6ylemek isterim. Avrupa Birli\u011fi, g\u00fc\u00e7 ve irtifa kayb\u0131n\u0131n \u00f6n\u00fcne ge\u00e7mek hatta tersine \u00e7evirmek istiyorsa bunu ancak T\u00fcrkiye\u2019nin tam \u00fcyeli\u011fi ile ba\u015farabilir.\u201d \u015feklinde konu\u015ftu.<\/p>\n<p><em>-\u201cB\u00f6lgemiz sava\u015fa, \u00e7at\u0131\u015fmaya ve g\u00f6zya\u015f\u0131na doymu\u015ftur\u201d<\/em><\/p>\n<p>Polonya\u2019n\u0131n, T\u00fcrkiye\u2019nin AB \u00fcyelik s\u00fcrecine y\u00f6nelik deste\u011fini art\u0131rarak s\u00fcrd\u00fcrmesine dair beklentisini Tusk\u2019la payla\u015ft\u0131\u011f\u0131n\u0131 dile getiren Erdo\u011fan, s\u00f6zlerini \u015f\u00f6yle s\u00fcrd\u00fcrd\u00fc:<\/p>\n<p>\u201cRusya-Ukrayna Sava\u015f\u0131\u2019ndaki son durum da g\u00fcndemimizin en \u00f6n s\u0131ralar\u0131nda yer ald\u0131. D\u00fcn Amerika ile Ukrayna aras\u0131ndaki g\u00f6r\u00fc\u015fmelerde Ukrayna\u2019n\u0131n ate\u015fkesi kabul etmesini olumlu ve \u00f6nemli buluyoruz. \u015eimdi Rusya\u2019n\u0131n da bu ad\u0131ma yap\u0131c\u0131 \u015fekilde mukabele etmesini temenni ediyoruz. T\u00fcrkiye\u2019nin bu sava\u015fla ilgili tutumu ilk g\u00fcnden beri gayet sarihtir. Daha fazla kan akmamas\u0131n\u0131, her iki kom\u015fumuzun adil bir bar\u0131\u015fla sava\u015f\u0131 sonland\u0131rmas\u0131n\u0131 istiyoruz. Son geli\u015fme Rusya ve Ukrayna\u2019n\u0131n m\u00fczakere masas\u0131na d\u00f6n\u00fc\u015f\u00fcn\u00fc sa\u011flarsa, biz g\u00f6r\u00fc\u015fmelere ev sahipli\u011fi yapmak da dahil, adil ve kal\u0131c\u0131 bir bar\u0131\u015f\u0131n tesisi i\u00e7in her t\u00fcrl\u00fc katk\u0131y\u0131 sunmaya haz\u0131r\u0131z. Daha \u00f6nce de ifade etti\u011fim gibi b\u00f6lgemiz sava\u015fa, \u00e7at\u0131\u015fmaya ve g\u00f6zya\u015f\u0131na doymu\u015ftur. \u00dcmidimiz b\u00f6lgemizin uzun bir s\u00fcredir i\u00e7inde bulundu\u011fu cendereden bir an \u00f6nce \u00e7\u0131kmas\u0131, huzura ve istikrara kavu\u015fmas\u0131d\u0131r. T\u00fcrkiye olarak bunun i\u00e7in \u00e7al\u0131\u015fmaya in\u015fallah devam edece\u011fiz. Ba\u015fbakan Say\u0131n Tusk\u2019un ziyaretinin ikili ve \u00e7ok tarafl\u0131 i\u015f birli\u011fimize katk\u0131da bulunmas\u0131n\u0131 diliyorum.\u201d<\/p>\n<\/p><\/div>\n<p><script async\n                    defer\n                    crossorigin=\"anonymous\"\n                    src=\"https:\/\/connect.facebook.net\/tr_TR\/sdk.js#xfbml=1&#038;version=v3.3\"\n            ><\/script><\/p>\n","protected":false},"excerpt":{"rendered":"<p>T\u00fcrkiye Cumhurba\u015fkan\u0131 Recep Tayyip Erdo\u011fan, \u201c\u015eunu bug\u00fcn bir kez daha a\u00e7\u0131k\u00e7a s\u00f6ylemek isterim. Avrupa Birli\u011fi, g\u00fc\u00e7 ve irtifa kayb\u0131n\u0131n \u00f6n\u00fcne ge\u00e7mek, hatta tersine \u00e7evirmek istiyorsa bunu ancak T\u00fcrkiye\u2019nin tam \u00fcyeli\u011fi ile ba\u015farabilir.\u201d dedi. Cumhurba\u015fkan\u0131 Erdo\u011fan, Polonya Ba\u015fbakan\u0131 Donald Tusk ile Cumhurba\u015fkanl\u0131\u011f\u0131 K\u00fclliyesi\u2019ndeki ikili g\u00f6r\u00fc\u015fmenin ard\u0131ndan ortak bas\u0131n toplant\u0131s\u0131 d\u00fczenledi. Polonya ile 6 asr\u0131 a\u015fan k\u00f6kl\u00fc [&hellip;]<\/p>\n","protected":false},"author":1,"featured_media":16125,"comment_status":"open","ping_status":"open","sticky":false,"template":"","format":"standard","meta":{"jnews-multi-image_gallery":[],"jnews_single_post":[],"jnews_primary_category":[],"footnotes":""},"categories":[2],"tags":[],"class_list":["post-19765","post","type-post","status-publish","format-standard","has-post-thumbnail","hentry","category-dunya"],"yoast_head":"<!-- This site is optimized with the Yoast SEO plugin v27.5 - https:\/\/yoast.com\/product\/yoast-seo-wordpress\/ -->\n<title>TC Cumhurba\u015fkan\u0131 Erdo\u011fan:AB g\u00fc\u00e7 kayb\u0131n\u0131n \u00f6n\u00fcne ge\u00e7mek istiyorsa bunu T\u00fcrkiye\u2019nin tam \u00fcyeli\u011fiyle ba\u015farabilir - Haber Kuzey<\/title>\n<meta name=\"robots\" content=\"index, follow, max-snippet:-1, max-image-preview:large, max-video-preview:-1\" \/>\n<link rel=\"canonical\" href=\"https:\/\/haberkuzey.com\/index.php\/2025\/03\/12\/tc-cumhurbaskani-erdoganab-guc-kaybinin-onune-gecmek-istiyorsa-bunu-turkiyenin-tam-uyeligiyle-basarabilir\/\" \/>\n<meta property=\"og:locale\" content=\"tr_TR\" \/>\n<meta property=\"og:type\" content=\"article\" \/>\n<meta property=\"og:title\" content=\"TC Cumhurba\u015fkan\u0131 Erdo\u011fan:AB g\u00fc\u00e7 kayb\u0131n\u0131n \u00f6n\u00fcne ge\u00e7mek istiyorsa bunu T\u00fcrkiye\u2019nin tam \u00fcyeli\u011fiyle ba\u015farabilir - Haber Kuzey\" \/>\n<meta property=\"og:description\" content=\"T\u00fcrkiye Cumhurba\u015fkan\u0131 Recep Tayyip Erdo\u011fan, \u201c\u015eunu bug\u00fcn bir kez daha a\u00e7\u0131k\u00e7a s\u00f6ylemek isterim. Avrupa Birli\u011fi, g\u00fc\u00e7 ve irtifa kayb\u0131n\u0131n \u00f6n\u00fcne ge\u00e7mek, hatta tersine \u00e7evirmek istiyorsa bunu ancak T\u00fcrkiye\u2019nin tam \u00fcyeli\u011fi ile ba\u015farabilir.\u201d dedi. Cumhurba\u015fkan\u0131 Erdo\u011fan, Polonya Ba\u015fbakan\u0131 Donald Tusk ile Cumhurba\u015fkanl\u0131\u011f\u0131 K\u00fclliyesi\u2019ndeki ikili g\u00f6r\u00fc\u015fmenin ard\u0131ndan ortak bas\u0131n toplant\u0131s\u0131 d\u00fczenledi. Polonya ile 6 asr\u0131 a\u015fan k\u00f6kl\u00fc [&hellip;]\" \/>\n<meta property=\"og:url\" content=\"https:\/\/haberkuzey.com\/index.php\/2025\/03\/12\/tc-cumhurbaskani-erdoganab-guc-kaybinin-onune-gecmek-istiyorsa-bunu-turkiyenin-tam-uyeligiyle-basarabilir\/\" \/>\n<meta property=\"og:site_name\" content=\"Haber Kuzey\" \/>\n<meta property=\"article:published_time\" content=\"2025-03-12T17:47:46+00:00\" \/>\n<meta property=\"og:image\" content=\"https:\/\/brtk.net\/wp-content\/uploads\/2024\/11\/06\/Erdogan-1.jpg?ver=23d91d0df77b09570b3bf5ebb917be3d\" \/>\n<meta name=\"author\" content=\"haberkuzey\" \/>\n<meta name=\"twitter:card\" content=\"summary_large_image\" \/>\n<meta name=\"twitter:label1\" content=\"Yazan:\" \/>\n\t<meta name=\"twitter:data1\" content=\"haberkuzey\" \/>\n\t<meta name=\"twitter:label2\" content=\"Tahmini okuma s\u00fcresi\" \/>\n\t<meta name=\"twitter:data2\" content=\"4 dakika\" \/>\n<script type=\"application\/ld+json\" class=\"yoast-schema-graph\">{\"@context\":\"https:\\\/\\\/schema.org\",\"@graph\":[{\"@type\":\"Article\",\"@id\":\"https:\\\/\\\/haberkuzey.com\\\/index.php\\\/2025\\\/03\\\/12\\\/tc-cumhurbaskani-erdoganab-guc-kaybinin-onune-gecmek-istiyorsa-bunu-turkiyenin-tam-uyeligiyle-basarabilir\\\/#article\",\"isPartOf\":{\"@id\":\"https:\\\/\\\/haberkuzey.com\\\/index.php\\\/2025\\\/03\\\/12\\\/tc-cumhurbaskani-erdoganab-guc-kaybinin-onune-gecmek-istiyorsa-bunu-turkiyenin-tam-uyeligiyle-basarabilir\\\/\"},\"author\":{\"name\":\"haberkuzey\",\"@id\":\"https:\\\/\\\/haberkuzey.com\\\/#\\\/schema\\\/person\\\/3372109ec735f9333f4fa47ebb9605ca\"},\"headline\":\"TC Cumhurba\u015fkan\u0131 Erdo\u011fan:AB g\u00fc\u00e7 kayb\u0131n\u0131n \u00f6n\u00fcne ge\u00e7mek istiyorsa bunu T\u00fcrkiye\u2019nin tam \u00fcyeli\u011fiyle ba\u015farabilir\",\"datePublished\":\"2025-03-12T17:47:46+00:00\",\"mainEntityOfPage\":{\"@id\":\"https:\\\/\\\/haberkuzey.com\\\/index.php\\\/2025\\\/03\\\/12\\\/tc-cumhurbaskani-erdoganab-guc-kaybinin-onune-gecmek-istiyorsa-bunu-turkiyenin-tam-uyeligiyle-basarabilir\\\/\"},\"wordCount\":903,\"commentCount\":0,\"image\":{\"@id\":\"https:\\\/\\\/haberkuzey.com\\\/index.php\\\/2025\\\/03\\\/12\\\/tc-cumhurbaskani-erdoganab-guc-kaybinin-onune-gecmek-istiyorsa-bunu-turkiyenin-tam-uyeligiyle-basarabilir\\\/#primaryimage\"},\"thumbnailUrl\":\"https:\\\/\\\/haberkuzey.com\\\/wp-content\\\/uploads\\\/2025\\\/01\\\/Erdogan-1.jpg\",\"articleSection\":[\"D\u00fcnya\"],\"inLanguage\":\"tr\",\"potentialAction\":[{\"@type\":\"CommentAction\",\"name\":\"Comment\",\"target\":[\"https:\\\/\\\/haberkuzey.com\\\/index.php\\\/2025\\\/03\\\/12\\\/tc-cumhurbaskani-erdoganab-guc-kaybinin-onune-gecmek-istiyorsa-bunu-turkiyenin-tam-uyeligiyle-basarabilir\\\/#respond\"]}]},{\"@type\":\"WebPage\",\"@id\":\"https:\\\/\\\/haberkuzey.com\\\/index.php\\\/2025\\\/03\\\/12\\\/tc-cumhurbaskani-erdoganab-guc-kaybinin-onune-gecmek-istiyorsa-bunu-turkiyenin-tam-uyeligiyle-basarabilir\\\/\",\"url\":\"https:\\\/\\\/haberkuzey.com\\\/index.php\\\/2025\\\/03\\\/12\\\/tc-cumhurbaskani-erdoganab-guc-kaybinin-onune-gecmek-istiyorsa-bunu-turkiyenin-tam-uyeligiyle-basarabilir\\\/\",\"name\":\"TC Cumhurba\u015fkan\u0131 Erdo\u011fan:AB g\u00fc\u00e7 kayb\u0131n\u0131n \u00f6n\u00fcne ge\u00e7mek istiyorsa bunu T\u00fcrkiye\u2019nin tam \u00fcyeli\u011fiyle ba\u015farabilir - Haber Kuzey\",\"isPartOf\":{\"@id\":\"https:\\\/\\\/haberkuzey.com\\\/#website\"},\"primaryImageOfPage\":{\"@id\":\"https:\\\/\\\/haberkuzey.com\\\/index.php\\\/2025\\\/03\\\/12\\\/tc-cumhurbaskani-erdoganab-guc-kaybinin-onune-gecmek-istiyorsa-bunu-turkiyenin-tam-uyeligiyle-basarabilir\\\/#primaryimage\"},\"image\":{\"@id\":\"https:\\\/\\\/haberkuzey.com\\\/index.php\\\/2025\\\/03\\\/12\\\/tc-cumhurbaskani-erdoganab-guc-kaybinin-onune-gecmek-istiyorsa-bunu-turkiyenin-tam-uyeligiyle-basarabilir\\\/#primaryimage\"},\"thumbnailUrl\":\"https:\\\/\\\/haberkuzey.com\\\/wp-content\\\/uploads\\\/2025\\\/01\\\/Erdogan-1.jpg\",\"datePublished\":\"2025-03-12T17:47:46+00:00\",\"author\":{\"@id\":\"https:\\\/\\\/haberkuzey.com\\\/#\\\/schema\\\/person\\\/3372109ec735f9333f4fa47ebb9605ca\"},\"breadcrumb\":{\"@id\":\"https:\\\/\\\/haberkuzey.com\\\/index.php\\\/2025\\\/03\\\/12\\\/tc-cumhurbaskani-erdoganab-guc-kaybinin-onune-gecmek-istiyorsa-bunu-turkiyenin-tam-uyeligiyle-basarabilir\\\/#breadcrumb\"},\"inLanguage\":\"tr\",\"potentialAction\":[{\"@type\":\"ReadAction\",\"target\":[\"https:\\\/\\\/haberkuzey.com\\\/index.php\\\/2025\\\/03\\\/12\\\/tc-cumhurbaskani-erdoganab-guc-kaybinin-onune-gecmek-istiyorsa-bunu-turkiyenin-tam-uyeligiyle-basarabilir\\\/\"]}]},{\"@type\":\"ImageObject\",\"inLanguage\":\"tr\",\"@id\":\"https:\\\/\\\/haberkuzey.com\\\/index.php\\\/2025\\\/03\\\/12\\\/tc-cumhurbaskani-erdoganab-guc-kaybinin-onune-gecmek-istiyorsa-bunu-turkiyenin-tam-uyeligiyle-basarabilir\\\/#primaryimage\",\"url\":\"https:\\\/\\\/haberkuzey.com\\\/wp-content\\\/uploads\\\/2025\\\/01\\\/Erdogan-1.jpg\",\"contentUrl\":\"https:\\\/\\\/haberkuzey.com\\\/wp-content\\\/uploads\\\/2025\\\/01\\\/Erdogan-1.jpg\",\"width\":1600,\"height\":1061},{\"@type\":\"BreadcrumbList\",\"@id\":\"https:\\\/\\\/haberkuzey.com\\\/index.php\\\/2025\\\/03\\\/12\\\/tc-cumhurbaskani-erdoganab-guc-kaybinin-onune-gecmek-istiyorsa-bunu-turkiyenin-tam-uyeligiyle-basarabilir\\\/#breadcrumb\",\"itemListElement\":[{\"@type\":\"ListItem\",\"position\":1,\"name\":\"Anasayfa\",\"item\":\"https:\\\/\\\/haberkuzey.com\\\/\"},{\"@type\":\"ListItem\",\"position\":2,\"name\":\"TC Cumhurba\u015fkan\u0131 Erdo\u011fan:AB g\u00fc\u00e7 kayb\u0131n\u0131n \u00f6n\u00fcne ge\u00e7mek istiyorsa bunu T\u00fcrkiye\u2019nin tam \u00fcyeli\u011fiyle ba\u015farabilir\"}]},{\"@type\":\"WebSite\",\"@id\":\"https:\\\/\\\/haberkuzey.com\\\/#website\",\"url\":\"https:\\\/\\\/haberkuzey.com\\\/\",\"name\":\"Haber Kuzey\",\"description\":\"Do\u011fru Haberin Adresi\",\"potentialAction\":[{\"@type\":\"SearchAction\",\"target\":{\"@type\":\"EntryPoint\",\"urlTemplate\":\"https:\\\/\\\/haberkuzey.com\\\/?s={search_term_string}\"},\"query-input\":{\"@type\":\"PropertyValueSpecification\",\"valueRequired\":true,\"valueName\":\"search_term_string\"}}],\"inLanguage\":\"tr\"},{\"@type\":\"Person\",\"@id\":\"https:\\\/\\\/haberkuzey.com\\\/#\\\/schema\\\/person\\\/3372109ec735f9333f4fa47ebb9605ca\",\"name\":\"haberkuzey\",\"image\":{\"@type\":\"ImageObject\",\"inLanguage\":\"tr\",\"@id\":\"https:\\\/\\\/secure.gravatar.com\\\/avatar\\\/f5fc875574b1575324358c3b9e6a32b8227aa5b74f3fa22e3cadb63e26fcc39c?s=96&d=mm&r=g\",\"url\":\"https:\\\/\\\/secure.gravatar.com\\\/avatar\\\/f5fc875574b1575324358c3b9e6a32b8227aa5b74f3fa22e3cadb63e26fcc39c?s=96&d=mm&r=g\",\"contentUrl\":\"https:\\\/\\\/secure.gravatar.com\\\/avatar\\\/f5fc875574b1575324358c3b9e6a32b8227aa5b74f3fa22e3cadb63e26fcc39c?s=96&d=mm&r=g\",\"caption\":\"haberkuzey\"},\"sameAs\":[\"https:\\\/\\\/haberkuzey.com\"],\"url\":\"https:\\\/\\\/haberkuzey.com\\\/index.php\\\/author\\\/haberkuzey\\\/\"}]}<\/script>\n<!-- \/ Yoast SEO plugin. -->","yoast_head_json":{"title":"TC Cumhurba\u015fkan\u0131 Erdo\u011fan:AB g\u00fc\u00e7 kayb\u0131n\u0131n \u00f6n\u00fcne ge\u00e7mek istiyorsa bunu T\u00fcrkiye\u2019nin tam \u00fcyeli\u011fiyle ba\u015farabilir - Haber Kuzey","robots":{"index":"index","follow":"follow","max-snippet":"max-snippet:-1","max-image-preview":"max-image-preview:large","max-video-preview":"max-video-preview:-1"},"canonical":"https:\/\/haberkuzey.com\/index.php\/2025\/03\/12\/tc-cumhurbaskani-erdoganab-guc-kaybinin-onune-gecmek-istiyorsa-bunu-turkiyenin-tam-uyeligiyle-basarabilir\/","og_locale":"tr_TR","og_type":"article","og_title":"TC Cumhurba\u015fkan\u0131 Erdo\u011fan:AB g\u00fc\u00e7 kayb\u0131n\u0131n \u00f6n\u00fcne ge\u00e7mek istiyorsa bunu T\u00fcrkiye\u2019nin tam \u00fcyeli\u011fiyle ba\u015farabilir - Haber Kuzey","og_description":"T\u00fcrkiye Cumhurba\u015fkan\u0131 Recep Tayyip Erdo\u011fan, \u201c\u015eunu bug\u00fcn bir kez daha a\u00e7\u0131k\u00e7a s\u00f6ylemek isterim. Avrupa Birli\u011fi, g\u00fc\u00e7 ve irtifa kayb\u0131n\u0131n \u00f6n\u00fcne ge\u00e7mek, hatta tersine \u00e7evirmek istiyorsa bunu ancak T\u00fcrkiye\u2019nin tam \u00fcyeli\u011fi ile ba\u015farabilir.\u201d dedi. Cumhurba\u015fkan\u0131 Erdo\u011fan, Polonya Ba\u015fbakan\u0131 Donald Tusk ile Cumhurba\u015fkanl\u0131\u011f\u0131 K\u00fclliyesi\u2019ndeki ikili g\u00f6r\u00fc\u015fmenin ard\u0131ndan ortak bas\u0131n toplant\u0131s\u0131 d\u00fczenledi. Polonya ile 6 asr\u0131 a\u015fan k\u00f6kl\u00fc [&hellip;]","og_url":"https:\/\/haberkuzey.com\/index.php\/2025\/03\/12\/tc-cumhurbaskani-erdoganab-guc-kaybinin-onune-gecmek-istiyorsa-bunu-turkiyenin-tam-uyeligiyle-basarabilir\/","og_site_name":"Haber Kuzey","article_published_time":"2025-03-12T17:47:46+00:00","og_image":[{"url":"https:\/\/brtk.net\/wp-content\/uploads\/2024\/11\/06\/Erdogan-1.jpg?ver=23d91d0df77b09570b3bf5ebb917be3d","type":"","width":"","height":""}],"author":"haberkuzey","twitter_card":"summary_large_image","twitter_misc":{"Yazan:":"haberkuzey","Tahmini okuma s\u00fcresi":"4 dakika"},"schema":{"@context":"https:\/\/schema.org","@graph":[{"@type":"Article","@id":"https:\/\/haberkuzey.com\/index.php\/2025\/03\/12\/tc-cumhurbaskani-erdoganab-guc-kaybinin-onune-gecmek-istiyorsa-bunu-turkiyenin-tam-uyeligiyle-basarabilir\/#article","isPartOf":{"@id":"https:\/\/haberkuzey.com\/index.php\/2025\/03\/12\/tc-cumhurbaskani-erdoganab-guc-kaybinin-onune-gecmek-istiyorsa-bunu-turkiyenin-tam-uyeligiyle-basarabilir\/"},"author":{"name":"haberkuzey","@id":"https:\/\/haberkuzey.com\/#\/schema\/person\/3372109ec735f9333f4fa47ebb9605ca"},"headline":"TC Cumhurba\u015fkan\u0131 Erdo\u011fan:AB g\u00fc\u00e7 kayb\u0131n\u0131n \u00f6n\u00fcne ge\u00e7mek istiyorsa bunu T\u00fcrkiye\u2019nin tam \u00fcyeli\u011fiyle ba\u015farabilir","datePublished":"2025-03-12T17:47:46+00:00","mainEntityOfPage":{"@id":"https:\/\/haberkuzey.com\/index.php\/2025\/03\/12\/tc-cumhurbaskani-erdoganab-guc-kaybinin-onune-gecmek-istiyorsa-bunu-turkiyenin-tam-uyeligiyle-basarabilir\/"},"wordCount":903,"commentCount":0,"image":{"@id":"https:\/\/haberkuzey.com\/index.php\/2025\/03\/12\/tc-cumhurbaskani-erdoganab-guc-kaybinin-onune-gecmek-istiyorsa-bunu-turkiyenin-tam-uyeligiyle-basarabilir\/#primaryimage"},"thumbnailUrl":"https:\/\/haberkuzey.com\/wp-content\/uploads\/2025\/01\/Erdogan-1.jpg","articleSection":["D\u00fcnya"],"inLanguage":"tr","potentialAction":[{"@type":"CommentAction","name":"Comment","target":["https:\/\/haberkuzey.com\/index.php\/2025\/03\/12\/tc-cumhurbaskani-erdoganab-guc-kaybinin-onune-gecmek-istiyorsa-bunu-turkiyenin-tam-uyeligiyle-basarabilir\/#respond"]}]},{"@type":"WebPage","@id":"https:\/\/haberkuzey.com\/index.php\/2025\/03\/12\/tc-cumhurbaskani-erdoganab-guc-kaybinin-onune-gecmek-istiyorsa-bunu-turkiyenin-tam-uyeligiyle-basarabilir\/","url":"https:\/\/haberkuzey.com\/index.php\/2025\/03\/12\/tc-cumhurbaskani-erdoganab-guc-kaybinin-onune-gecmek-istiyorsa-bunu-turkiyenin-tam-uyeligiyle-basarabilir\/","name":"TC Cumhurba\u015fkan\u0131 Erdo\u011fan:AB g\u00fc\u00e7 kayb\u0131n\u0131n \u00f6n\u00fcne ge\u00e7mek istiyorsa bunu T\u00fcrkiye\u2019nin tam \u00fcyeli\u011fiyle ba\u015farabilir - Haber Kuzey","isPartOf":{"@id":"https:\/\/haberkuzey.com\/#website"},"primaryImageOfPage":{"@id":"https:\/\/haberkuzey.com\/index.php\/2025\/03\/12\/tc-cumhurbaskani-erdoganab-guc-kaybinin-onune-gecmek-istiyorsa-bunu-turkiyenin-tam-uyeligiyle-basarabilir\/#primaryimage"},"image":{"@id":"https:\/\/haberkuzey.com\/index.php\/2025\/03\/12\/tc-cumhurbaskani-erdoganab-guc-kaybinin-onune-gecmek-istiyorsa-bunu-turkiyenin-tam-uyeligiyle-basarabilir\/#primaryimage"},"thumbnailUrl":"https:\/\/haberkuzey.com\/wp-content\/uploads\/2025\/01\/Erdogan-1.jpg","datePublished":"2025-03-12T17:47:46+00:00","author":{"@id":"https:\/\/haberkuzey.com\/#\/schema\/person\/3372109ec735f9333f4fa47ebb9605ca"},"breadcrumb":{"@id":"https:\/\/haberkuzey.com\/index.php\/2025\/03\/12\/tc-cumhurbaskani-erdoganab-guc-kaybinin-onune-gecmek-istiyorsa-bunu-turkiyenin-tam-uyeligiyle-basarabilir\/#breadcrumb"},"inLanguage":"tr","potentialAction":[{"@type":"ReadAction","target":["https:\/\/haberkuzey.com\/index.php\/2025\/03\/12\/tc-cumhurbaskani-erdoganab-guc-kaybinin-onune-gecmek-istiyorsa-bunu-turkiyenin-tam-uyeligiyle-basarabilir\/"]}]},{"@type":"ImageObject","inLanguage":"tr","@id":"https:\/\/haberkuzey.com\/index.php\/2025\/03\/12\/tc-cumhurbaskani-erdoganab-guc-kaybinin-onune-gecmek-istiyorsa-bunu-turkiyenin-tam-uyeligiyle-basarabilir\/#primaryimage","url":"https:\/\/haberkuzey.com\/wp-content\/uploads\/2025\/01\/Erdogan-1.jpg","contentUrl":"https:\/\/haberkuzey.com\/wp-content\/uploads\/2025\/01\/Erdogan-1.jpg","width":1600,"height":1061},{"@type":"BreadcrumbList","@id":"https:\/\/haberkuzey.com\/index.php\/2025\/03\/12\/tc-cumhurbaskani-erdoganab-guc-kaybinin-onune-gecmek-istiyorsa-bunu-turkiyenin-tam-uyeligiyle-basarabilir\/#breadcrumb","itemListElement":[{"@type":"ListItem","position":1,"name":"Anasayfa","item":"https:\/\/haberkuzey.com\/"},{"@type":"ListItem","position":2,"name":"TC Cumhurba\u015fkan\u0131 Erdo\u011fan:AB g\u00fc\u00e7 kayb\u0131n\u0131n \u00f6n\u00fcne ge\u00e7mek istiyorsa bunu T\u00fcrkiye\u2019nin tam \u00fcyeli\u011fiyle ba\u015farabilir"}]},{"@type":"WebSite","@id":"https:\/\/haberkuzey.com\/#website","url":"https:\/\/haberkuzey.com\/","name":"Haber Kuzey","description":"Do\u011fru Haberin Adresi","potentialAction":[{"@type":"SearchAction","target":{"@type":"EntryPoint","urlTemplate":"https:\/\/haberkuzey.com\/?s={search_term_string}"},"query-input":{"@type":"PropertyValueSpecification","valueRequired":true,"valueName":"search_term_string"}}],"inLanguage":"tr"},{"@type":"Person","@id":"https:\/\/haberkuzey.com\/#\/schema\/person\/3372109ec735f9333f4fa47ebb9605ca","name":"haberkuzey","image":{"@type":"ImageObject","inLanguage":"tr","@id":"https:\/\/secure.gravatar.com\/avatar\/f5fc875574b1575324358c3b9e6a32b8227aa5b74f3fa22e3cadb63e26fcc39c?s=96&d=mm&r=g","url":"https:\/\/secure.gravatar.com\/avatar\/f5fc875574b1575324358c3b9e6a32b8227aa5b74f3fa22e3cadb63e26fcc39c?s=96&d=mm&r=g","contentUrl":"https:\/\/secure.gravatar.com\/avatar\/f5fc875574b1575324358c3b9e6a32b8227aa5b74f3fa22e3cadb63e26fcc39c?s=96&d=mm&r=g","caption":"haberkuzey"},"sameAs":["https:\/\/haberkuzey.com"],"url":"https:\/\/haberkuzey.com\/index.php\/author\/haberkuzey\/"}]}},"_links":{"self":[{"href":"https:\/\/haberkuzey.com\/index.php\/wp-json\/wp\/v2\/posts\/19765","targetHints":{"allow":["GET"]}}],"collection":[{"href":"https:\/\/haberkuzey.com\/index.php\/wp-json\/wp\/v2\/posts"}],"about":[{"href":"https:\/\/haberkuzey.com\/index.php\/wp-json\/wp\/v2\/types\/post"}],"author":[{"embeddable":true,"href":"https:\/\/haberkuzey.com\/index.php\/wp-json\/wp\/v2\/users\/1"}],"replies":[{"embeddable":true,"href":"https:\/\/haberkuzey.com\/index.php\/wp-json\/wp\/v2\/comments?post=19765"}],"version-history":[{"count":0,"href":"https:\/\/haberkuzey.com\/index.php\/wp-json\/wp\/v2\/posts\/19765\/revisions"}],"wp:featuredmedia":[{"embeddable":true,"href":"https:\/\/haberkuzey.com\/index.php\/wp-json\/wp\/v2\/media\/16125"}],"wp:attachment":[{"href":"https:\/\/haberkuzey.com\/index.php\/wp-json\/wp\/v2\/media?parent=19765"}],"wp:term":[{"taxonomy":"category","embeddable":true,"href":"https:\/\/haberkuzey.com\/index.php\/wp-json\/wp\/v2\/categories?post=19765"},{"taxonomy":"post_tag","embeddable":true,"href":"https:\/\/haberkuzey.com\/index.php\/wp-json\/wp\/v2\/tags?post=19765"}],"curies":[{"name":"wp","href":"https:\/\/api.w.org\/{rel}","templated":true}]}}