{"id":19754,"date":"2025-03-12T19:15:14","date_gmt":"2025-03-12T17:15:14","guid":{"rendered":"https:\/\/haberkuzey.com\/index.php\/2025\/03\/12\/turk-devletleri-teskilatinin-yenilenen-bayragi-nedeniyle-istanbulda-bayrak-cekme-toreni-duzenlendi\/"},"modified":"2025-03-12T19:15:14","modified_gmt":"2025-03-12T17:15:14","slug":"turk-devletleri-teskilatinin-yenilenen-bayragi-nedeniyle-istanbulda-bayrak-cekme-toreni-duzenlendi","status":"publish","type":"post","link":"https:\/\/haberkuzey.com\/index.php\/2025\/03\/12\/turk-devletleri-teskilatinin-yenilenen-bayragi-nedeniyle-istanbulda-bayrak-cekme-toreni-duzenlendi\/","title":{"rendered":"T\u00fcrk Devletleri Te\u015fkilat\u0131n\u0131n yenilenen bayra\u011f\u0131 nedeniyle \u0130stanbul\u2019da bayrak \u00e7ekme t\u00f6reni d\u00fczenlendi"},"content":{"rendered":"<div>\n<div class=\"mariselle-image-container none\">\n                                            <\/div>\n<p>T\u00fcrk Devletleri Te\u015fkilat\u0131n\u0131n (TDT) yenilenen bayra\u011f\u0131na ge\u00e7i\u015fin resmi olarak tamamlanmas\u0131 dolay\u0131s\u0131yla bayrak \u00e7ekme t\u00f6reni d\u00fczenlendi.<\/p>\n<p>\u0130stanbul\u2019daki TDT Sekretaryas\u0131 merkezinin \u00f6n\u00fcnde d\u00fczenlenen t\u00f6rene, TDT Genel Sekreteri B\u00fcy\u00fckel\u00e7i Kuban\u0131\u00e7bek \u00d6m\u00fcraliyev, D\u0131\u015fi\u015fleri Bakan Yard\u0131mc\u0131s\u0131 B\u00fcy\u00fckel\u00e7i Ay\u015fe Berris Ekinci, K\u0131rg\u0131zistan D\u0131\u015fi\u015fleri Bakan Yard\u0131mc\u0131s\u0131 Meder Abakirov, Kazakistan D\u0131\u015fi\u015fleri Bakan Yard\u0131mc\u0131s\u0131 Alibek Bakayev, Azerbaycan D\u0131\u015fi\u015fleri Bakan Yard\u0131mc\u0131s\u0131 Samir \u015eerifov ve \u00d6zbekistan D\u0131\u015fi\u015fleri Bakan Yard\u0131mc\u0131s\u0131 Bab\u00fcr Usmanov kat\u0131ld\u0131.<\/p>\n<p>TDT Genel Sekreteri B\u00fcy\u00fckel\u00e7i \u00d6m\u00fcraliyev, burada yapt\u0131\u011f\u0131 konu\u015fmada, g\u00fcncellenen bayrakta bulunan sekizgenin, y\u00fczy\u0131llard\u0131r s\u00fcregelen T\u00fcrk devlet\u00e7ili\u011fini, birli\u011fini ve g\u00fcc\u00fcn\u00fc temsil etti\u011fini ifade etti.<\/p>\n<p>T\u00fcrk-\u0130slam gelene\u011fine g\u00f6re, sekizgenin bilgeli\u011fin sembol\u00fc oldu\u011funu belirten \u00d6m\u00fcraliyev, \u201cBu bayrak karde\u015fli\u011fimizin g\u00fcc\u00fcn\u00fc, i\u015fbirli\u011fimizin derinli\u011fini ve birlikte in\u015fa etti\u011fimiz parlak gelece\u011fi temsil etmektedir. T\u00fcrk d\u00fcnyas\u0131 genelinde kurumsal kapasitenin artt\u0131r\u0131lmas\u0131 ve i\u015fbirli\u011finin derinle\u015ftirilmesi y\u00f6n\u00fcndeki sars\u0131lmaz kararl\u0131l\u0131\u011f\u0131m\u0131z\u0131n bir g\u00f6stergesidir.\u201d diye konu\u015ftu.<\/p>\n<p>D\u0131\u015fi\u015fleri Bakan Yard\u0131mc\u0131s\u0131 Ekinci ise 6 Kas\u0131m 2024\u2019te K\u0131rg\u0131zistan\u2019\u0131n ba\u015fkenti Bi\u015fkek\u2019te d\u00fczenlenen Devlet Ba\u015fkanlar\u0131 Konseyi 11. Zirvesi\u2019ni \u201cd\u00f6n\u00fcm noktas\u0131\u201d olarak nitelendirerek \u201cZirvede, karde\u015flik ba\u011flar\u0131m\u0131z\u0131 daha da g\u00fc\u00e7lendirecek ve T\u00fcrk d\u00fcnyas\u0131 saf\u0131nda b\u00fct\u00fcnle\u015fme \u00e7abalar\u0131m\u0131z\u0131 derinle\u015ftirecek kararlar al\u0131nd\u0131 ve te\u015fkilat\u0131m\u0131z\u0131n kurumsalla\u015fmas\u0131 y\u00f6n\u00fcnde att\u0131\u011f\u0131 kararl\u0131 ad\u0131mlar\u0131 ortaya koyan belgeler imzaland\u0131.\u201d dedi.<\/p>\n<p>Zirvede, sembolik bak\u0131mdan \u00f6nem ta\u015f\u0131yan kararlardan birinin de \u201cg\u00fcncellenmi\u015f TDT bayra\u011f\u0131n\u0131n kabul edilmesi\u201d oldu\u011funu ifade eden Ekinci, s\u00f6zlerini \u015f\u00f6yle s\u00fcrd\u00fcrd\u00fc:<\/p>\n<p>\u201cBayra\u011f\u0131m\u0131z t\u00fcm \u00fcye devletlerin ve T\u00fcrk halklar\u0131n\u0131n ortak de\u011ferlerini simgeleyecek \u015fekilde g\u00fcncellendi. Zirvede ayn\u0131 zamanda t\u00fcm T\u00fcrk i\u015fbirli\u011fi te\u015fkilatlar\u0131n\u0131n bayraklar\u0131n\u0131n da TDT bayra\u011f\u0131yla uyumlu hale getirilece\u011fi karara ba\u011fland\u0131. \u0130nan\u0131yorum ki, T\u00fcrk halklar\u0131n\u0131 birle\u015ftiren derin tarihi ve k\u00fclt\u00fcrel ba\u011flar\u0131m\u0131z\u0131n sembol\u00fc olan yeni bayra\u011f\u0131m\u0131z TDT \u00e7at\u0131s\u0131 alt\u0131nda tesis etti\u011fimiz g\u00fc\u00e7l\u00fc birlik ve dayan\u0131\u015fmam\u0131z\u0131 daha ileriye ta\u015f\u0131yaca\u011f\u0131m\u0131z yeni d\u00f6nemin ni\u015fanesi olacak.\u201d<\/p>\n<p>Ekinci, \u201cG\u00fcncel bayra\u011f\u0131m\u0131z\u0131n ebedi karde\u015fli\u011fimizi ve m\u00fc\u015fterek gelecek vizyonumuzu simgeler \u015fekilde \u0130stanbul\u2019da, ailemizin siz de\u011ferli fertlerinin kat\u0131l\u0131m\u0131yla g\u00f6ndere \u00e7ekilmesine \u015fahitlik etmekten duydu\u011fum heyecan ve memnuniyeti huzurlar\u0131n\u0131zda bir kez daha vurgulayarak hepinize te\u015fekk\u00fcrlerimi sunuyorum.\u201d ifadelerini kulland\u0131.<\/p>\n<p>K\u0131rg\u0131zistan D\u0131\u015fi\u015fleri Bakan Yard\u0131mc\u0131s\u0131 Abakirov da yeni bayra\u011f\u0131n, T\u00fcrk devletlerinin ortak kimli\u011fini yans\u0131tan ve te\u015fkilata \u00fcye olan \u00fclkeleri temsil eden unsurlar i\u00e7erdi\u011fine dikkati \u00e7ekti.<\/p>\n<p>Abakirov, \u201cBu bayrak, i\u015fbirli\u011fimizin yeni bir b\u00f6l\u00fcm\u00fcn\u00fcn ba\u015flang\u0131c\u0131na i\u015faret etsin. S\u00fcrd\u00fcr\u00fclebilir kalk\u0131nma, b\u00f6lgesel istikrar, t\u00fcm karde\u015flerimizin ve ulusumuzun refah\u0131 i\u00e7in gayretle \u00e7al\u0131\u015fmam\u0131z i\u00e7in bize ilham versin.\u201d dedi.<\/p>\n<p>Konu\u015fmalar\u0131n ard\u0131ndan, TDT Genel Sekreteri \u00d6m\u00fcraliyev ve bakan yard\u0131mc\u0131lar\u0131, g\u00fcncellenen TDT bayra\u011f\u0131n\u0131 g\u00f6ndere \u00e7ekti.<\/p>\n<p>T\u00f6ren, aile foto\u011fraf\u0131 \u00e7ekimiyle son buldu.<\/p>\n<\/p><\/div>\n<p><script async\n                    defer\n                    crossorigin=\"anonymous\"\n                    src=\"https:\/\/connect.facebook.net\/tr_TR\/sdk.js#xfbml=1&#038;version=v3.3\"\n            ><\/script><\/p>\n","protected":false},"excerpt":{"rendered":"<p>T\u00fcrk Devletleri Te\u015fkilat\u0131n\u0131n (TDT) yenilenen bayra\u011f\u0131na ge\u00e7i\u015fin resmi olarak tamamlanmas\u0131 dolay\u0131s\u0131yla bayrak \u00e7ekme t\u00f6reni d\u00fczenlendi. \u0130stanbul\u2019daki TDT Sekretaryas\u0131 merkezinin \u00f6n\u00fcnde d\u00fczenlenen t\u00f6rene, TDT Genel Sekreteri B\u00fcy\u00fckel\u00e7i Kuban\u0131\u00e7bek \u00d6m\u00fcraliyev, D\u0131\u015fi\u015fleri Bakan Yard\u0131mc\u0131s\u0131 B\u00fcy\u00fckel\u00e7i Ay\u015fe Berris Ekinci, K\u0131rg\u0131zistan D\u0131\u015fi\u015fleri Bakan Yard\u0131mc\u0131s\u0131 Meder Abakirov, Kazakistan D\u0131\u015fi\u015fleri Bakan Yard\u0131mc\u0131s\u0131 Alibek Bakayev, Azerbaycan D\u0131\u015fi\u015fleri Bakan Yard\u0131mc\u0131s\u0131 Samir \u015eerifov ve \u00d6zbekistan [&hellip;]<\/p>\n","protected":false},"author":1,"featured_media":19755,"comment_status":"open","ping_status":"open","sticky":false,"template":"","format":"standard","meta":{"jnews-multi-image_gallery":[],"jnews_single_post":[],"jnews_primary_category":[],"footnotes":""},"categories":[2],"tags":[],"class_list":["post-19754","post","type-post","status-publish","format-standard","has-post-thumbnail","hentry","category-dunya"],"yoast_head":"<!-- This site is optimized with the Yoast SEO plugin v27.5 - https:\/\/yoast.com\/product\/yoast-seo-wordpress\/ -->\n<title>T\u00fcrk Devletleri Te\u015fkilat\u0131n\u0131n yenilenen bayra\u011f\u0131 nedeniyle \u0130stanbul\u2019da bayrak \u00e7ekme t\u00f6reni d\u00fczenlendi - Haber Kuzey<\/title>\n<meta name=\"robots\" content=\"index, follow, max-snippet:-1, max-image-preview:large, max-video-preview:-1\" \/>\n<link rel=\"canonical\" href=\"https:\/\/haberkuzey.com\/index.php\/2025\/03\/12\/turk-devletleri-teskilatinin-yenilenen-bayragi-nedeniyle-istanbulda-bayrak-cekme-toreni-duzenlendi\/\" \/>\n<meta property=\"og:locale\" content=\"tr_TR\" \/>\n<meta property=\"og:type\" content=\"article\" \/>\n<meta property=\"og:title\" content=\"T\u00fcrk Devletleri Te\u015fkilat\u0131n\u0131n yenilenen bayra\u011f\u0131 nedeniyle \u0130stanbul\u2019da bayrak \u00e7ekme t\u00f6reni d\u00fczenlendi - Haber Kuzey\" \/>\n<meta property=\"og:description\" content=\"T\u00fcrk Devletleri Te\u015fkilat\u0131n\u0131n (TDT) yenilenen bayra\u011f\u0131na ge\u00e7i\u015fin resmi olarak tamamlanmas\u0131 dolay\u0131s\u0131yla bayrak \u00e7ekme t\u00f6reni d\u00fczenlendi. \u0130stanbul\u2019daki TDT Sekretaryas\u0131 merkezinin \u00f6n\u00fcnde d\u00fczenlenen t\u00f6rene, TDT Genel Sekreteri B\u00fcy\u00fckel\u00e7i Kuban\u0131\u00e7bek \u00d6m\u00fcraliyev, D\u0131\u015fi\u015fleri Bakan Yard\u0131mc\u0131s\u0131 B\u00fcy\u00fckel\u00e7i Ay\u015fe Berris Ekinci, K\u0131rg\u0131zistan D\u0131\u015fi\u015fleri Bakan Yard\u0131mc\u0131s\u0131 Meder Abakirov, Kazakistan D\u0131\u015fi\u015fleri Bakan Yard\u0131mc\u0131s\u0131 Alibek Bakayev, Azerbaycan D\u0131\u015fi\u015fleri Bakan Yard\u0131mc\u0131s\u0131 Samir \u015eerifov ve \u00d6zbekistan [&hellip;]\" \/>\n<meta property=\"og:url\" content=\"https:\/\/haberkuzey.com\/index.php\/2025\/03\/12\/turk-devletleri-teskilatinin-yenilenen-bayragi-nedeniyle-istanbulda-bayrak-cekme-toreni-duzenlendi\/\" \/>\n<meta property=\"og:site_name\" content=\"Haber Kuzey\" \/>\n<meta property=\"article:published_time\" content=\"2025-03-12T17:15:14+00:00\" \/>\n<meta property=\"og:image\" content=\"https:\/\/brtk.net\/wp-content\/uploads\/2025\/03\/12\/1741790085617AA-2021.jpeg?ver=7ce3a336d040f73740b27929823b2424\" \/>\n<meta name=\"author\" content=\"haberkuzey\" \/>\n<meta name=\"twitter:card\" content=\"summary_large_image\" \/>\n<meta name=\"twitter:label1\" content=\"Yazan:\" \/>\n\t<meta name=\"twitter:data1\" content=\"haberkuzey\" \/>\n\t<meta name=\"twitter:label2\" content=\"Tahmini okuma s\u00fcresi\" \/>\n\t<meta name=\"twitter:data2\" content=\"3 dakika\" \/>\n<script type=\"application\/ld+json\" class=\"yoast-schema-graph\">{\"@context\":\"https:\\\/\\\/schema.org\",\"@graph\":[{\"@type\":\"Article\",\"@id\":\"https:\\\/\\\/haberkuzey.com\\\/index.php\\\/2025\\\/03\\\/12\\\/turk-devletleri-teskilatinin-yenilenen-bayragi-nedeniyle-istanbulda-bayrak-cekme-toreni-duzenlendi\\\/#article\",\"isPartOf\":{\"@id\":\"https:\\\/\\\/haberkuzey.com\\\/index.php\\\/2025\\\/03\\\/12\\\/turk-devletleri-teskilatinin-yenilenen-bayragi-nedeniyle-istanbulda-bayrak-cekme-toreni-duzenlendi\\\/\"},\"author\":{\"name\":\"haberkuzey\",\"@id\":\"https:\\\/\\\/haberkuzey.com\\\/#\\\/schema\\\/person\\\/3372109ec735f9333f4fa47ebb9605ca\"},\"headline\":\"T\u00fcrk Devletleri Te\u015fkilat\u0131n\u0131n yenilenen bayra\u011f\u0131 nedeniyle \u0130stanbul\u2019da bayrak \u00e7ekme t\u00f6reni d\u00fczenlendi\",\"datePublished\":\"2025-03-12T17:15:14+00:00\",\"mainEntityOfPage\":{\"@id\":\"https:\\\/\\\/haberkuzey.com\\\/index.php\\\/2025\\\/03\\\/12\\\/turk-devletleri-teskilatinin-yenilenen-bayragi-nedeniyle-istanbulda-bayrak-cekme-toreni-duzenlendi\\\/\"},\"wordCount\":623,\"commentCount\":0,\"image\":{\"@id\":\"https:\\\/\\\/haberkuzey.com\\\/index.php\\\/2025\\\/03\\\/12\\\/turk-devletleri-teskilatinin-yenilenen-bayragi-nedeniyle-istanbulda-bayrak-cekme-toreni-duzenlendi\\\/#primaryimage\"},\"thumbnailUrl\":\"https:\\\/\\\/haberkuzey.com\\\/wp-content\\\/uploads\\\/2025\\\/03\\\/1741790085617AA-2021.jpeg\",\"articleSection\":[\"D\u00fcnya\"],\"inLanguage\":\"tr\",\"potentialAction\":[{\"@type\":\"CommentAction\",\"name\":\"Comment\",\"target\":[\"https:\\\/\\\/haberkuzey.com\\\/index.php\\\/2025\\\/03\\\/12\\\/turk-devletleri-teskilatinin-yenilenen-bayragi-nedeniyle-istanbulda-bayrak-cekme-toreni-duzenlendi\\\/#respond\"]}]},{\"@type\":\"WebPage\",\"@id\":\"https:\\\/\\\/haberkuzey.com\\\/index.php\\\/2025\\\/03\\\/12\\\/turk-devletleri-teskilatinin-yenilenen-bayragi-nedeniyle-istanbulda-bayrak-cekme-toreni-duzenlendi\\\/\",\"url\":\"https:\\\/\\\/haberkuzey.com\\\/index.php\\\/2025\\\/03\\\/12\\\/turk-devletleri-teskilatinin-yenilenen-bayragi-nedeniyle-istanbulda-bayrak-cekme-toreni-duzenlendi\\\/\",\"name\":\"T\u00fcrk Devletleri Te\u015fkilat\u0131n\u0131n yenilenen bayra\u011f\u0131 nedeniyle \u0130stanbul\u2019da bayrak \u00e7ekme t\u00f6reni d\u00fczenlendi - Haber Kuzey\",\"isPartOf\":{\"@id\":\"https:\\\/\\\/haberkuzey.com\\\/#website\"},\"primaryImageOfPage\":{\"@id\":\"https:\\\/\\\/haberkuzey.com\\\/index.php\\\/2025\\\/03\\\/12\\\/turk-devletleri-teskilatinin-yenilenen-bayragi-nedeniyle-istanbulda-bayrak-cekme-toreni-duzenlendi\\\/#primaryimage\"},\"image\":{\"@id\":\"https:\\\/\\\/haberkuzey.com\\\/index.php\\\/2025\\\/03\\\/12\\\/turk-devletleri-teskilatinin-yenilenen-bayragi-nedeniyle-istanbulda-bayrak-cekme-toreni-duzenlendi\\\/#primaryimage\"},\"thumbnailUrl\":\"https:\\\/\\\/haberkuzey.com\\\/wp-content\\\/uploads\\\/2025\\\/03\\\/1741790085617AA-2021.jpeg\",\"datePublished\":\"2025-03-12T17:15:14+00:00\",\"author\":{\"@id\":\"https:\\\/\\\/haberkuzey.com\\\/#\\\/schema\\\/person\\\/3372109ec735f9333f4fa47ebb9605ca\"},\"breadcrumb\":{\"@id\":\"https:\\\/\\\/haberkuzey.com\\\/index.php\\\/2025\\\/03\\\/12\\\/turk-devletleri-teskilatinin-yenilenen-bayragi-nedeniyle-istanbulda-bayrak-cekme-toreni-duzenlendi\\\/#breadcrumb\"},\"inLanguage\":\"tr\",\"potentialAction\":[{\"@type\":\"ReadAction\",\"target\":[\"https:\\\/\\\/haberkuzey.com\\\/index.php\\\/2025\\\/03\\\/12\\\/turk-devletleri-teskilatinin-yenilenen-bayragi-nedeniyle-istanbulda-bayrak-cekme-toreni-duzenlendi\\\/\"]}]},{\"@type\":\"ImageObject\",\"inLanguage\":\"tr\",\"@id\":\"https:\\\/\\\/haberkuzey.com\\\/index.php\\\/2025\\\/03\\\/12\\\/turk-devletleri-teskilatinin-yenilenen-bayragi-nedeniyle-istanbulda-bayrak-cekme-toreni-duzenlendi\\\/#primaryimage\",\"url\":\"https:\\\/\\\/haberkuzey.com\\\/wp-content\\\/uploads\\\/2025\\\/03\\\/1741790085617AA-2021.jpeg\",\"contentUrl\":\"https:\\\/\\\/haberkuzey.com\\\/wp-content\\\/uploads\\\/2025\\\/03\\\/1741790085617AA-2021.jpeg\",\"width\":930,\"height\":620},{\"@type\":\"BreadcrumbList\",\"@id\":\"https:\\\/\\\/haberkuzey.com\\\/index.php\\\/2025\\\/03\\\/12\\\/turk-devletleri-teskilatinin-yenilenen-bayragi-nedeniyle-istanbulda-bayrak-cekme-toreni-duzenlendi\\\/#breadcrumb\",\"itemListElement\":[{\"@type\":\"ListItem\",\"position\":1,\"name\":\"Anasayfa\",\"item\":\"https:\\\/\\\/haberkuzey.com\\\/\"},{\"@type\":\"ListItem\",\"position\":2,\"name\":\"T\u00fcrk Devletleri Te\u015fkilat\u0131n\u0131n yenilenen bayra\u011f\u0131 nedeniyle \u0130stanbul\u2019da bayrak \u00e7ekme t\u00f6reni d\u00fczenlendi\"}]},{\"@type\":\"WebSite\",\"@id\":\"https:\\\/\\\/haberkuzey.com\\\/#website\",\"url\":\"https:\\\/\\\/haberkuzey.com\\\/\",\"name\":\"Haber Kuzey\",\"description\":\"Do\u011fru Haberin Adresi\",\"potentialAction\":[{\"@type\":\"SearchAction\",\"target\":{\"@type\":\"EntryPoint\",\"urlTemplate\":\"https:\\\/\\\/haberkuzey.com\\\/?s={search_term_string}\"},\"query-input\":{\"@type\":\"PropertyValueSpecification\",\"valueRequired\":true,\"valueName\":\"search_term_string\"}}],\"inLanguage\":\"tr\"},{\"@type\":\"Person\",\"@id\":\"https:\\\/\\\/haberkuzey.com\\\/#\\\/schema\\\/person\\\/3372109ec735f9333f4fa47ebb9605ca\",\"name\":\"haberkuzey\",\"image\":{\"@type\":\"ImageObject\",\"inLanguage\":\"tr\",\"@id\":\"https:\\\/\\\/secure.gravatar.com\\\/avatar\\\/f5fc875574b1575324358c3b9e6a32b8227aa5b74f3fa22e3cadb63e26fcc39c?s=96&d=mm&r=g\",\"url\":\"https:\\\/\\\/secure.gravatar.com\\\/avatar\\\/f5fc875574b1575324358c3b9e6a32b8227aa5b74f3fa22e3cadb63e26fcc39c?s=96&d=mm&r=g\",\"contentUrl\":\"https:\\\/\\\/secure.gravatar.com\\\/avatar\\\/f5fc875574b1575324358c3b9e6a32b8227aa5b74f3fa22e3cadb63e26fcc39c?s=96&d=mm&r=g\",\"caption\":\"haberkuzey\"},\"sameAs\":[\"https:\\\/\\\/haberkuzey.com\"],\"url\":\"https:\\\/\\\/haberkuzey.com\\\/index.php\\\/author\\\/haberkuzey\\\/\"}]}<\/script>\n<!-- \/ Yoast SEO plugin. -->","yoast_head_json":{"title":"T\u00fcrk Devletleri Te\u015fkilat\u0131n\u0131n yenilenen bayra\u011f\u0131 nedeniyle \u0130stanbul\u2019da bayrak \u00e7ekme t\u00f6reni d\u00fczenlendi - Haber Kuzey","robots":{"index":"index","follow":"follow","max-snippet":"max-snippet:-1","max-image-preview":"max-image-preview:large","max-video-preview":"max-video-preview:-1"},"canonical":"https:\/\/haberkuzey.com\/index.php\/2025\/03\/12\/turk-devletleri-teskilatinin-yenilenen-bayragi-nedeniyle-istanbulda-bayrak-cekme-toreni-duzenlendi\/","og_locale":"tr_TR","og_type":"article","og_title":"T\u00fcrk Devletleri Te\u015fkilat\u0131n\u0131n yenilenen bayra\u011f\u0131 nedeniyle \u0130stanbul\u2019da bayrak \u00e7ekme t\u00f6reni d\u00fczenlendi - Haber Kuzey","og_description":"T\u00fcrk Devletleri Te\u015fkilat\u0131n\u0131n (TDT) yenilenen bayra\u011f\u0131na ge\u00e7i\u015fin resmi olarak tamamlanmas\u0131 dolay\u0131s\u0131yla bayrak \u00e7ekme t\u00f6reni d\u00fczenlendi. \u0130stanbul\u2019daki TDT Sekretaryas\u0131 merkezinin \u00f6n\u00fcnde d\u00fczenlenen t\u00f6rene, TDT Genel Sekreteri B\u00fcy\u00fckel\u00e7i Kuban\u0131\u00e7bek \u00d6m\u00fcraliyev, D\u0131\u015fi\u015fleri Bakan Yard\u0131mc\u0131s\u0131 B\u00fcy\u00fckel\u00e7i Ay\u015fe Berris Ekinci, K\u0131rg\u0131zistan D\u0131\u015fi\u015fleri Bakan Yard\u0131mc\u0131s\u0131 Meder Abakirov, Kazakistan D\u0131\u015fi\u015fleri Bakan Yard\u0131mc\u0131s\u0131 Alibek Bakayev, Azerbaycan D\u0131\u015fi\u015fleri Bakan Yard\u0131mc\u0131s\u0131 Samir \u015eerifov ve \u00d6zbekistan [&hellip;]","og_url":"https:\/\/haberkuzey.com\/index.php\/2025\/03\/12\/turk-devletleri-teskilatinin-yenilenen-bayragi-nedeniyle-istanbulda-bayrak-cekme-toreni-duzenlendi\/","og_site_name":"Haber Kuzey","article_published_time":"2025-03-12T17:15:14+00:00","og_image":[{"url":"https:\/\/brtk.net\/wp-content\/uploads\/2025\/03\/12\/1741790085617AA-2021.jpeg?ver=7ce3a336d040f73740b27929823b2424","type":"","width":"","height":""}],"author":"haberkuzey","twitter_card":"summary_large_image","twitter_misc":{"Yazan:":"haberkuzey","Tahmini okuma s\u00fcresi":"3 dakika"},"schema":{"@context":"https:\/\/schema.org","@graph":[{"@type":"Article","@id":"https:\/\/haberkuzey.com\/index.php\/2025\/03\/12\/turk-devletleri-teskilatinin-yenilenen-bayragi-nedeniyle-istanbulda-bayrak-cekme-toreni-duzenlendi\/#article","isPartOf":{"@id":"https:\/\/haberkuzey.com\/index.php\/2025\/03\/12\/turk-devletleri-teskilatinin-yenilenen-bayragi-nedeniyle-istanbulda-bayrak-cekme-toreni-duzenlendi\/"},"author":{"name":"haberkuzey","@id":"https:\/\/haberkuzey.com\/#\/schema\/person\/3372109ec735f9333f4fa47ebb9605ca"},"headline":"T\u00fcrk Devletleri Te\u015fkilat\u0131n\u0131n yenilenen bayra\u011f\u0131 nedeniyle \u0130stanbul\u2019da bayrak \u00e7ekme t\u00f6reni d\u00fczenlendi","datePublished":"2025-03-12T17:15:14+00:00","mainEntityOfPage":{"@id":"https:\/\/haberkuzey.com\/index.php\/2025\/03\/12\/turk-devletleri-teskilatinin-yenilenen-bayragi-nedeniyle-istanbulda-bayrak-cekme-toreni-duzenlendi\/"},"wordCount":623,"commentCount":0,"image":{"@id":"https:\/\/haberkuzey.com\/index.php\/2025\/03\/12\/turk-devletleri-teskilatinin-yenilenen-bayragi-nedeniyle-istanbulda-bayrak-cekme-toreni-duzenlendi\/#primaryimage"},"thumbnailUrl":"https:\/\/haberkuzey.com\/wp-content\/uploads\/2025\/03\/1741790085617AA-2021.jpeg","articleSection":["D\u00fcnya"],"inLanguage":"tr","potentialAction":[{"@type":"CommentAction","name":"Comment","target":["https:\/\/haberkuzey.com\/index.php\/2025\/03\/12\/turk-devletleri-teskilatinin-yenilenen-bayragi-nedeniyle-istanbulda-bayrak-cekme-toreni-duzenlendi\/#respond"]}]},{"@type":"WebPage","@id":"https:\/\/haberkuzey.com\/index.php\/2025\/03\/12\/turk-devletleri-teskilatinin-yenilenen-bayragi-nedeniyle-istanbulda-bayrak-cekme-toreni-duzenlendi\/","url":"https:\/\/haberkuzey.com\/index.php\/2025\/03\/12\/turk-devletleri-teskilatinin-yenilenen-bayragi-nedeniyle-istanbulda-bayrak-cekme-toreni-duzenlendi\/","name":"T\u00fcrk Devletleri Te\u015fkilat\u0131n\u0131n yenilenen bayra\u011f\u0131 nedeniyle \u0130stanbul\u2019da bayrak \u00e7ekme t\u00f6reni d\u00fczenlendi - Haber Kuzey","isPartOf":{"@id":"https:\/\/haberkuzey.com\/#website"},"primaryImageOfPage":{"@id":"https:\/\/haberkuzey.com\/index.php\/2025\/03\/12\/turk-devletleri-teskilatinin-yenilenen-bayragi-nedeniyle-istanbulda-bayrak-cekme-toreni-duzenlendi\/#primaryimage"},"image":{"@id":"https:\/\/haberkuzey.com\/index.php\/2025\/03\/12\/turk-devletleri-teskilatinin-yenilenen-bayragi-nedeniyle-istanbulda-bayrak-cekme-toreni-duzenlendi\/#primaryimage"},"thumbnailUrl":"https:\/\/haberkuzey.com\/wp-content\/uploads\/2025\/03\/1741790085617AA-2021.jpeg","datePublished":"2025-03-12T17:15:14+00:00","author":{"@id":"https:\/\/haberkuzey.com\/#\/schema\/person\/3372109ec735f9333f4fa47ebb9605ca"},"breadcrumb":{"@id":"https:\/\/haberkuzey.com\/index.php\/2025\/03\/12\/turk-devletleri-teskilatinin-yenilenen-bayragi-nedeniyle-istanbulda-bayrak-cekme-toreni-duzenlendi\/#breadcrumb"},"inLanguage":"tr","potentialAction":[{"@type":"ReadAction","target":["https:\/\/haberkuzey.com\/index.php\/2025\/03\/12\/turk-devletleri-teskilatinin-yenilenen-bayragi-nedeniyle-istanbulda-bayrak-cekme-toreni-duzenlendi\/"]}]},{"@type":"ImageObject","inLanguage":"tr","@id":"https:\/\/haberkuzey.com\/index.php\/2025\/03\/12\/turk-devletleri-teskilatinin-yenilenen-bayragi-nedeniyle-istanbulda-bayrak-cekme-toreni-duzenlendi\/#primaryimage","url":"https:\/\/haberkuzey.com\/wp-content\/uploads\/2025\/03\/1741790085617AA-2021.jpeg","contentUrl":"https:\/\/haberkuzey.com\/wp-content\/uploads\/2025\/03\/1741790085617AA-2021.jpeg","width":930,"height":620},{"@type":"BreadcrumbList","@id":"https:\/\/haberkuzey.com\/index.php\/2025\/03\/12\/turk-devletleri-teskilatinin-yenilenen-bayragi-nedeniyle-istanbulda-bayrak-cekme-toreni-duzenlendi\/#breadcrumb","itemListElement":[{"@type":"ListItem","position":1,"name":"Anasayfa","item":"https:\/\/haberkuzey.com\/"},{"@type":"ListItem","position":2,"name":"T\u00fcrk Devletleri Te\u015fkilat\u0131n\u0131n yenilenen bayra\u011f\u0131 nedeniyle \u0130stanbul\u2019da bayrak \u00e7ekme t\u00f6reni d\u00fczenlendi"}]},{"@type":"WebSite","@id":"https:\/\/haberkuzey.com\/#website","url":"https:\/\/haberkuzey.com\/","name":"Haber Kuzey","description":"Do\u011fru Haberin Adresi","potentialAction":[{"@type":"SearchAction","target":{"@type":"EntryPoint","urlTemplate":"https:\/\/haberkuzey.com\/?s={search_term_string}"},"query-input":{"@type":"PropertyValueSpecification","valueRequired":true,"valueName":"search_term_string"}}],"inLanguage":"tr"},{"@type":"Person","@id":"https:\/\/haberkuzey.com\/#\/schema\/person\/3372109ec735f9333f4fa47ebb9605ca","name":"haberkuzey","image":{"@type":"ImageObject","inLanguage":"tr","@id":"https:\/\/secure.gravatar.com\/avatar\/f5fc875574b1575324358c3b9e6a32b8227aa5b74f3fa22e3cadb63e26fcc39c?s=96&d=mm&r=g","url":"https:\/\/secure.gravatar.com\/avatar\/f5fc875574b1575324358c3b9e6a32b8227aa5b74f3fa22e3cadb63e26fcc39c?s=96&d=mm&r=g","contentUrl":"https:\/\/secure.gravatar.com\/avatar\/f5fc875574b1575324358c3b9e6a32b8227aa5b74f3fa22e3cadb63e26fcc39c?s=96&d=mm&r=g","caption":"haberkuzey"},"sameAs":["https:\/\/haberkuzey.com"],"url":"https:\/\/haberkuzey.com\/index.php\/author\/haberkuzey\/"}]}},"_links":{"self":[{"href":"https:\/\/haberkuzey.com\/index.php\/wp-json\/wp\/v2\/posts\/19754","targetHints":{"allow":["GET"]}}],"collection":[{"href":"https:\/\/haberkuzey.com\/index.php\/wp-json\/wp\/v2\/posts"}],"about":[{"href":"https:\/\/haberkuzey.com\/index.php\/wp-json\/wp\/v2\/types\/post"}],"author":[{"embeddable":true,"href":"https:\/\/haberkuzey.com\/index.php\/wp-json\/wp\/v2\/users\/1"}],"replies":[{"embeddable":true,"href":"https:\/\/haberkuzey.com\/index.php\/wp-json\/wp\/v2\/comments?post=19754"}],"version-history":[{"count":0,"href":"https:\/\/haberkuzey.com\/index.php\/wp-json\/wp\/v2\/posts\/19754\/revisions"}],"wp:featuredmedia":[{"embeddable":true,"href":"https:\/\/haberkuzey.com\/index.php\/wp-json\/wp\/v2\/media\/19755"}],"wp:attachment":[{"href":"https:\/\/haberkuzey.com\/index.php\/wp-json\/wp\/v2\/media?parent=19754"}],"wp:term":[{"taxonomy":"category","embeddable":true,"href":"https:\/\/haberkuzey.com\/index.php\/wp-json\/wp\/v2\/categories?post=19754"},{"taxonomy":"post_tag","embeddable":true,"href":"https:\/\/haberkuzey.com\/index.php\/wp-json\/wp\/v2\/tags?post=19754"}],"curies":[{"name":"wp","href":"https:\/\/api.w.org\/{rel}","templated":true}]}}