{"id":19651,"date":"2025-03-11T13:37:23","date_gmt":"2025-03-11T11:37:23","guid":{"rendered":"https:\/\/haberkuzey.com\/index.php\/2025\/03\/11\/cumhurbaskani-tatar-ydpnin-iftar-yemegine-katildicenevrede-iki-devletli-cozum-siyasetini-anlatacagim\/"},"modified":"2025-03-11T13:37:23","modified_gmt":"2025-03-11T11:37:23","slug":"cumhurbaskani-tatar-ydpnin-iftar-yemegine-katildicenevrede-iki-devletli-cozum-siyasetini-anlatacagim","status":"publish","type":"post","link":"https:\/\/haberkuzey.com\/index.php\/2025\/03\/11\/cumhurbaskani-tatar-ydpnin-iftar-yemegine-katildicenevrede-iki-devletli-cozum-siyasetini-anlatacagim\/","title":{"rendered":"Cumhurba\u015fkan\u0131 Tatar, YDP\u2019nin iftar yeme\u011fine kat\u0131ld\u0131:\u201cCenevre\u2019de iki devletli \u00e7\u00f6z\u00fcm siyasetini anlataca\u011f\u0131m\u201d"},"content":{"rendered":"<div>\n<div class=\"mariselle-image-container center\">\n                                            <\/div>\n<p>Cumhurba\u015fkan\u0131 Ersin Tatar, Yeniden Do\u011fu\u015f Partisi\u2019nin (YDP) d\u00fczenledi\u011fi iftar yeme\u011fine kat\u0131ld\u0131.<\/p>\n<p>Acapulco Otel\u2019de d\u00fczenlenen iftar yeme\u011finde konu\u015fan Cumhurba\u015fkan\u0131 Ersin Tatar, m\u00fcbarek ramazan ay\u0131nda bir araya gelmenin, iftar sofras\u0131n\u0131 payla\u015fman\u0131n, birlik ve beraberli\u011fi s\u00fcrd\u00fcrebilmenin \u00f6nemine dikkat \u00e7ekti.<\/p>\n<p>Cumhurba\u015fkanl\u0131\u011f\u0131\u2019ndan verilen bilgiye g\u00f6re, K\u0131br\u0131s T\u00fcrk\u00fc\u2019n\u00fcn \u0130slam d\u00fcnyas\u0131n\u0131n bir par\u00e7as\u0131 oldu\u011funu belirten Cumhurba\u015fkan\u0131 Tatar, \u201cT\u00fcrkiye, vatan, millet ve bayrak sevgisi bizi birbirimize ba\u011fl\u0131yor. Devleti g\u00fc\u00e7lendirmek ve T\u00fcrk milletine yak\u0131\u015f\u0131r hay\u0131rl\u0131 evlatlar yeti\u015ftirmek i\u00e7in Do\u011fu Akdeniz\u2019de ba\u011f\u0131ms\u0131z bir T\u00fcrk devleti olan Kuzey K\u0131br\u0131s T\u00fcrk Cumhuriyeti\u2019nde m\u00fccadele veriliyor.\u201d dedi.<\/p>\n<p>\u0130ftar yeme\u011fine yap\u0131lan davetten dolay\u0131 YDP Genel Ba\u015fkan\u0131 Erhan Ar\u0131kl\u0131\u2019ya te\u015fekk\u00fcr eden Cumhurba\u015fkan\u0131 Tatar, YDP\u2019nin verdi\u011fi destekle Cumhurba\u015fkan\u0131 se\u00e7ildi\u011fini ifade etti.<\/p>\n<p>Cumhurba\u015fkan\u0131 g\u00f6revine geldikten sonra iki devletli \u00e7\u00f6z\u00fcm siyasetini g\u00fcndeme getirdi\u011fini, T\u00fcrkiye ile ili\u015fkileri en \u00fcst noktaya ta\u015f\u0131d\u0131\u011f\u0131n\u0131 ve geli\u015ftirdi\u011fini anlatan Tatar, T\u00fcrkiye\u2019nin bir\u00e7ok yerinde toplant\u0131lara ve etkinliklere kat\u0131ld\u0131\u011f\u0131n\u0131, T\u00fcrkiye ile ba\u011flar\u0131n g\u00fc\u00e7lenmesini sa\u011flad\u0131\u011f\u0131n\u0131 kaydetti.<\/p>\n<p>Anavatan T\u00fcrkiye Cumhuriyeti\u2019ni her zaman K\u0131br\u0131s T\u00fcrk\u00fc\u2019n\u00fcn yan\u0131nda oldu\u011funu dile getiren Tatar, d\u00fcnyay\u0131 etkileyen pandemi, krizler ve 6 \u015eubat depremine ra\u011fmen T\u00fcrkiye Cumhuriyeti\u2019nin deste\u011fiyle \u00fclkede ekonomik geli\u015fmeler ya\u015fand\u0131\u011f\u0131n\u0131 ve refah\u0131n artt\u0131\u011f\u0131n\u0131 vurgulad\u0131.<\/p>\n<p>T\u00fcrkiye Cumhuriyeti Cumhurba\u015fkan\u0131 Recep Tayyip Erdo\u011fan\u2019n\u0131n \u00f6nderli\u011finde T\u00fcrkiye Cumhuriyeti\u2019nin K\u0131br\u0131s T\u00fcrk\u00fc\u2019n\u00fcn yeni siyasetine destek verdi\u011fine i\u015faret eden Tatar, Birle\u015fmi\u015f Milletler Genel Kurul toplant\u0131lar\u0131nda T\u00fcrkiye Cumhurba\u015fkan\u0131 Erdo\u011fan\u2019\u0131n K\u0131br\u0131s\u2019ta 2 ayr\u0131 devletten, K\u0131br\u0131s T\u00fcrk\u00fc\u2019ne uygulanan ambargolar\u0131n kald\u0131r\u0131lmas\u0131ndan ve Kuzey K\u0131br\u0131s T\u00fcrk Cumhuriyeti\u2019nin tan\u0131nmas\u0131ndan bahsetti\u011fine dikkat \u00e7ekti<\/p>\n<p><strong>-\u201c4 bu\u00e7uk y\u0131l i\u00e7inde Kuzey K\u0131br\u0131s T\u00fcrk Cumhuriyeti\u2019nin g\u00f6r\u00fcn\u00fcrl\u00fc\u011f\u00fc artt\u0131\u201d<\/strong><\/p>\n<p>Cumhurba\u015fkan\u0131 Tatar, 4 bu\u00e7uk y\u0131l i\u00e7inde Kuzey K\u0131br\u0131s T\u00fcrk Cumhuriyeti\u2019nin g\u00f6r\u00fcn\u00fcrl\u00fc\u011f\u00fcn\u00fcn artt\u0131\u011f\u0131n\u0131, uluslararas\u0131 camian\u0131n K\u0131br\u0131s\u2019ta iki ayr\u0131 devlet, halk ve demokrasi oldu\u011funu daha \u00e7ok g\u00f6rd\u00fc\u011f\u00fcn\u00fc kaydetti.<\/p>\n<p>Kuzey K\u0131br\u0131s T\u00fcrk Cumhuriyeti\u2019nin milli siyasetin gere\u011fi olarak ya\u015famas\u0131 ve ya\u015fat\u0131lmas\u0131 gerekti\u011fini ifade eden Tatar, yeni milli siyasetin kurumsalla\u015ft\u0131\u011f\u0131n\u0131 ve federasyon defterinin kapand\u0131\u011f\u0131n\u0131, Cenevre\u2019de 17-18 Mart\u2019ta ger\u00e7ekle\u015ftirilecek gayriresmi toplant\u0131da ifade edece\u011fini vurgulad\u0131.<\/p>\n<p>Federasyon temelinde \u00e7\u00f6z\u00fcm\u00fcn tehlikelerinden bahseden Cumhurba\u015fkan\u0131 Tatar, T\u00fcrkiye\u2019nin bulunmad\u0131\u011f\u0131 Avrupa Birli\u011fi\u2019nde, \u2018s\u0131f\u0131r asker ve s\u0131f\u0131r garanti\u2019 ile K\u0131br\u0131s T\u00fcrk\u00fc ile T\u00fcrkiye aras\u0131ndaki ba\u011flar\u0131n kopart\u0131laca\u011f\u0131n\u0131 ve K\u0131br\u0131s T\u00fcrk\u00fc\u2019n\u00fcn yaln\u0131zla\u015ft\u0131r\u0131larak asimile edilece\u011fini s\u00f6yledi.<\/p>\n<p>K\u0131br\u0131s\u2019ta yarat\u0131lan bar\u0131\u015f, huzur ve g\u00fcven ortam\u0131 i\u00e7in iki devletli \u00e7\u00f6z\u00fcm siyasetini daha \u00f6nce ger\u00e7ekle\u015ftirdi\u011fi toplant\u0131larda muhataplar\u0131na ve BM Genel Sekreteri\u2019ne anlatt\u0131\u011f\u0131na i\u015faret eden Tatar, Cenevre\u2019de ger\u00e7ekle\u015ftirilecek gayriresmi toplant\u0131da tekrar anlataca\u011f\u0131na dikkat \u00e7ekti.<\/p>\n<p>D\u00fcnyada ya\u015fanan \u00e7at\u0131\u015fmalarda insanlar\u0131n zor \u015fartlarda hayatta kalma m\u00fccadelesi verdi\u011fini belirten Tatar, Kuzey K\u0131br\u0131s T\u00fcrk Cumhuriyeti\u2019nde ise halk\u0131n, bar\u0131\u015f ve huzur i\u00e7inde ya\u015fayarak, dini g\u00f6revlerini yerine getirebildi\u011fini ve d\u00fcnya nimetlerinden yararland\u0131\u011f\u0131n\u0131 ifade etti.<\/p>\n<p>Gelecek ku\u015faklara m\u00fcreffeh yar\u0131nlar b\u0131rakmak i\u00e7in devlet ve ana vatan T\u00fcrkiye sevgisinin yan\u0131 s\u0131ra birlik ve beraberli\u011fin \u00f6nemine i\u015faret eden Cumhurba\u015fkan\u0131 Tatar, milli ve manevi de\u011ferlerin gelecek ku\u015faklara aktar\u0131lmas\u0131 gerekti\u011fini kaydetti.<\/p>\n<\/p><\/div>\n<p><script async\n                    defer\n                    crossorigin=\"anonymous\"\n                    src=\"https:\/\/connect.facebook.net\/tr_TR\/sdk.js#xfbml=1&#038;version=v3.3\"\n            ><\/script><\/p>\n","protected":false},"excerpt":{"rendered":"<p>Cumhurba\u015fkan\u0131 Ersin Tatar, Yeniden Do\u011fu\u015f Partisi\u2019nin (YDP) d\u00fczenledi\u011fi iftar yeme\u011fine kat\u0131ld\u0131. Acapulco Otel\u2019de d\u00fczenlenen iftar yeme\u011finde konu\u015fan Cumhurba\u015fkan\u0131 Ersin Tatar, m\u00fcbarek ramazan ay\u0131nda bir araya gelmenin, iftar sofras\u0131n\u0131 payla\u015fman\u0131n, birlik ve beraberli\u011fi s\u00fcrd\u00fcrebilmenin \u00f6nemine dikkat \u00e7ekti. Cumhurba\u015fkanl\u0131\u011f\u0131\u2019ndan verilen bilgiye g\u00f6re, K\u0131br\u0131s T\u00fcrk\u00fc\u2019n\u00fcn \u0130slam d\u00fcnyas\u0131n\u0131n bir par\u00e7as\u0131 oldu\u011funu belirten Cumhurba\u015fkan\u0131 Tatar, \u201cT\u00fcrkiye, vatan, millet ve bayrak [&hellip;]<\/p>\n","protected":false},"author":1,"featured_media":19652,"comment_status":"open","ping_status":"open","sticky":false,"template":"","format":"standard","meta":{"jnews-multi-image_gallery":[],"jnews_single_post":[],"jnews_primary_category":[],"footnotes":""},"categories":[1],"tags":[],"class_list":["post-19651","post","type-post","status-publish","format-standard","has-post-thumbnail","hentry","category-kibris"],"yoast_head":"<!-- This site is optimized with the Yoast SEO plugin v27.5 - https:\/\/yoast.com\/product\/yoast-seo-wordpress\/ -->\n<title>Cumhurba\u015fkan\u0131 Tatar, YDP\u2019nin iftar yeme\u011fine kat\u0131ld\u0131:\u201cCenevre\u2019de iki devletli \u00e7\u00f6z\u00fcm siyasetini anlataca\u011f\u0131m\u201d - Haber Kuzey<\/title>\n<meta name=\"robots\" content=\"index, follow, max-snippet:-1, max-image-preview:large, max-video-preview:-1\" \/>\n<link rel=\"canonical\" href=\"https:\/\/haberkuzey.com\/index.php\/2025\/03\/11\/cumhurbaskani-tatar-ydpnin-iftar-yemegine-katildicenevrede-iki-devletli-cozum-siyasetini-anlatacagim\/\" \/>\n<meta property=\"og:locale\" content=\"tr_TR\" \/>\n<meta property=\"og:type\" content=\"article\" \/>\n<meta property=\"og:title\" content=\"Cumhurba\u015fkan\u0131 Tatar, YDP\u2019nin iftar yeme\u011fine kat\u0131ld\u0131:\u201cCenevre\u2019de iki devletli \u00e7\u00f6z\u00fcm siyasetini anlataca\u011f\u0131m\u201d - Haber Kuzey\" \/>\n<meta property=\"og:description\" content=\"Cumhurba\u015fkan\u0131 Ersin Tatar, Yeniden Do\u011fu\u015f Partisi\u2019nin (YDP) d\u00fczenledi\u011fi iftar yeme\u011fine kat\u0131ld\u0131. Acapulco Otel\u2019de d\u00fczenlenen iftar yeme\u011finde konu\u015fan Cumhurba\u015fkan\u0131 Ersin Tatar, m\u00fcbarek ramazan ay\u0131nda bir araya gelmenin, iftar sofras\u0131n\u0131 payla\u015fman\u0131n, birlik ve beraberli\u011fi s\u00fcrd\u00fcrebilmenin \u00f6nemine dikkat \u00e7ekti. Cumhurba\u015fkanl\u0131\u011f\u0131\u2019ndan verilen bilgiye g\u00f6re, K\u0131br\u0131s T\u00fcrk\u00fc\u2019n\u00fcn \u0130slam d\u00fcnyas\u0131n\u0131n bir par\u00e7as\u0131 oldu\u011funu belirten Cumhurba\u015fkan\u0131 Tatar, \u201cT\u00fcrkiye, vatan, millet ve bayrak [&hellip;]\" \/>\n<meta property=\"og:url\" content=\"https:\/\/haberkuzey.com\/index.php\/2025\/03\/11\/cumhurbaskani-tatar-ydpnin-iftar-yemegine-katildicenevrede-iki-devletli-cozum-siyasetini-anlatacagim\/\" \/>\n<meta property=\"og:site_name\" content=\"Haber Kuzey\" \/>\n<meta property=\"article:published_time\" content=\"2025-03-11T11:37:23+00:00\" \/>\n<meta property=\"og:image\" content=\"https:\/\/brtk.net\/wp-content\/uploads\/2025\/03\/11\/assdkaslskda.jpeg?ver=06fea59dc10d9983e1ae1fdf2aeb2f78\" \/>\n<meta name=\"author\" content=\"haberkuzey\" \/>\n<meta name=\"twitter:card\" content=\"summary_large_image\" \/>\n<meta name=\"twitter:label1\" content=\"Yazan:\" \/>\n\t<meta name=\"twitter:data1\" content=\"haberkuzey\" \/>\n\t<meta name=\"twitter:label2\" content=\"Tahmini okuma s\u00fcresi\" \/>\n\t<meta name=\"twitter:data2\" content=\"3 dakika\" \/>\n<script type=\"application\/ld+json\" class=\"yoast-schema-graph\">{\"@context\":\"https:\\\/\\\/schema.org\",\"@graph\":[{\"@type\":\"Article\",\"@id\":\"https:\\\/\\\/haberkuzey.com\\\/index.php\\\/2025\\\/03\\\/11\\\/cumhurbaskani-tatar-ydpnin-iftar-yemegine-katildicenevrede-iki-devletli-cozum-siyasetini-anlatacagim\\\/#article\",\"isPartOf\":{\"@id\":\"https:\\\/\\\/haberkuzey.com\\\/index.php\\\/2025\\\/03\\\/11\\\/cumhurbaskani-tatar-ydpnin-iftar-yemegine-katildicenevrede-iki-devletli-cozum-siyasetini-anlatacagim\\\/\"},\"author\":{\"name\":\"haberkuzey\",\"@id\":\"https:\\\/\\\/haberkuzey.com\\\/#\\\/schema\\\/person\\\/3372109ec735f9333f4fa47ebb9605ca\"},\"headline\":\"Cumhurba\u015fkan\u0131 Tatar, YDP\u2019nin iftar yeme\u011fine kat\u0131ld\u0131:\u201cCenevre\u2019de iki devletli \u00e7\u00f6z\u00fcm siyasetini anlataca\u011f\u0131m\u201d\",\"datePublished\":\"2025-03-11T11:37:23+00:00\",\"mainEntityOfPage\":{\"@id\":\"https:\\\/\\\/haberkuzey.com\\\/index.php\\\/2025\\\/03\\\/11\\\/cumhurbaskani-tatar-ydpnin-iftar-yemegine-katildicenevrede-iki-devletli-cozum-siyasetini-anlatacagim\\\/\"},\"wordCount\":705,\"commentCount\":0,\"image\":{\"@id\":\"https:\\\/\\\/haberkuzey.com\\\/index.php\\\/2025\\\/03\\\/11\\\/cumhurbaskani-tatar-ydpnin-iftar-yemegine-katildicenevrede-iki-devletli-cozum-siyasetini-anlatacagim\\\/#primaryimage\"},\"thumbnailUrl\":\"https:\\\/\\\/haberkuzey.com\\\/wp-content\\\/uploads\\\/2025\\\/03\\\/assdkaslskda.jpeg\",\"articleSection\":[\"K\u0131br\u0131s\"],\"inLanguage\":\"tr\",\"potentialAction\":[{\"@type\":\"CommentAction\",\"name\":\"Comment\",\"target\":[\"https:\\\/\\\/haberkuzey.com\\\/index.php\\\/2025\\\/03\\\/11\\\/cumhurbaskani-tatar-ydpnin-iftar-yemegine-katildicenevrede-iki-devletli-cozum-siyasetini-anlatacagim\\\/#respond\"]}]},{\"@type\":\"WebPage\",\"@id\":\"https:\\\/\\\/haberkuzey.com\\\/index.php\\\/2025\\\/03\\\/11\\\/cumhurbaskani-tatar-ydpnin-iftar-yemegine-katildicenevrede-iki-devletli-cozum-siyasetini-anlatacagim\\\/\",\"url\":\"https:\\\/\\\/haberkuzey.com\\\/index.php\\\/2025\\\/03\\\/11\\\/cumhurbaskani-tatar-ydpnin-iftar-yemegine-katildicenevrede-iki-devletli-cozum-siyasetini-anlatacagim\\\/\",\"name\":\"Cumhurba\u015fkan\u0131 Tatar, YDP\u2019nin iftar yeme\u011fine kat\u0131ld\u0131:\u201cCenevre\u2019de iki devletli \u00e7\u00f6z\u00fcm siyasetini anlataca\u011f\u0131m\u201d - Haber Kuzey\",\"isPartOf\":{\"@id\":\"https:\\\/\\\/haberkuzey.com\\\/#website\"},\"primaryImageOfPage\":{\"@id\":\"https:\\\/\\\/haberkuzey.com\\\/index.php\\\/2025\\\/03\\\/11\\\/cumhurbaskani-tatar-ydpnin-iftar-yemegine-katildicenevrede-iki-devletli-cozum-siyasetini-anlatacagim\\\/#primaryimage\"},\"image\":{\"@id\":\"https:\\\/\\\/haberkuzey.com\\\/index.php\\\/2025\\\/03\\\/11\\\/cumhurbaskani-tatar-ydpnin-iftar-yemegine-katildicenevrede-iki-devletli-cozum-siyasetini-anlatacagim\\\/#primaryimage\"},\"thumbnailUrl\":\"https:\\\/\\\/haberkuzey.com\\\/wp-content\\\/uploads\\\/2025\\\/03\\\/assdkaslskda.jpeg\",\"datePublished\":\"2025-03-11T11:37:23+00:00\",\"author\":{\"@id\":\"https:\\\/\\\/haberkuzey.com\\\/#\\\/schema\\\/person\\\/3372109ec735f9333f4fa47ebb9605ca\"},\"breadcrumb\":{\"@id\":\"https:\\\/\\\/haberkuzey.com\\\/index.php\\\/2025\\\/03\\\/11\\\/cumhurbaskani-tatar-ydpnin-iftar-yemegine-katildicenevrede-iki-devletli-cozum-siyasetini-anlatacagim\\\/#breadcrumb\"},\"inLanguage\":\"tr\",\"potentialAction\":[{\"@type\":\"ReadAction\",\"target\":[\"https:\\\/\\\/haberkuzey.com\\\/index.php\\\/2025\\\/03\\\/11\\\/cumhurbaskani-tatar-ydpnin-iftar-yemegine-katildicenevrede-iki-devletli-cozum-siyasetini-anlatacagim\\\/\"]}]},{\"@type\":\"ImageObject\",\"inLanguage\":\"tr\",\"@id\":\"https:\\\/\\\/haberkuzey.com\\\/index.php\\\/2025\\\/03\\\/11\\\/cumhurbaskani-tatar-ydpnin-iftar-yemegine-katildicenevrede-iki-devletli-cozum-siyasetini-anlatacagim\\\/#primaryimage\",\"url\":\"https:\\\/\\\/haberkuzey.com\\\/wp-content\\\/uploads\\\/2025\\\/03\\\/assdkaslskda.jpeg\",\"contentUrl\":\"https:\\\/\\\/haberkuzey.com\\\/wp-content\\\/uploads\\\/2025\\\/03\\\/assdkaslskda.jpeg\",\"width\":2560,\"height\":1198},{\"@type\":\"BreadcrumbList\",\"@id\":\"https:\\\/\\\/haberkuzey.com\\\/index.php\\\/2025\\\/03\\\/11\\\/cumhurbaskani-tatar-ydpnin-iftar-yemegine-katildicenevrede-iki-devletli-cozum-siyasetini-anlatacagim\\\/#breadcrumb\",\"itemListElement\":[{\"@type\":\"ListItem\",\"position\":1,\"name\":\"Anasayfa\",\"item\":\"https:\\\/\\\/haberkuzey.com\\\/\"},{\"@type\":\"ListItem\",\"position\":2,\"name\":\"Cumhurba\u015fkan\u0131 Tatar, YDP\u2019nin iftar yeme\u011fine kat\u0131ld\u0131:\u201cCenevre\u2019de iki devletli \u00e7\u00f6z\u00fcm siyasetini anlataca\u011f\u0131m\u201d\"}]},{\"@type\":\"WebSite\",\"@id\":\"https:\\\/\\\/haberkuzey.com\\\/#website\",\"url\":\"https:\\\/\\\/haberkuzey.com\\\/\",\"name\":\"Haber Kuzey\",\"description\":\"Do\u011fru Haberin Adresi\",\"potentialAction\":[{\"@type\":\"SearchAction\",\"target\":{\"@type\":\"EntryPoint\",\"urlTemplate\":\"https:\\\/\\\/haberkuzey.com\\\/?s={search_term_string}\"},\"query-input\":{\"@type\":\"PropertyValueSpecification\",\"valueRequired\":true,\"valueName\":\"search_term_string\"}}],\"inLanguage\":\"tr\"},{\"@type\":\"Person\",\"@id\":\"https:\\\/\\\/haberkuzey.com\\\/#\\\/schema\\\/person\\\/3372109ec735f9333f4fa47ebb9605ca\",\"name\":\"haberkuzey\",\"image\":{\"@type\":\"ImageObject\",\"inLanguage\":\"tr\",\"@id\":\"https:\\\/\\\/secure.gravatar.com\\\/avatar\\\/f5fc875574b1575324358c3b9e6a32b8227aa5b74f3fa22e3cadb63e26fcc39c?s=96&d=mm&r=g\",\"url\":\"https:\\\/\\\/secure.gravatar.com\\\/avatar\\\/f5fc875574b1575324358c3b9e6a32b8227aa5b74f3fa22e3cadb63e26fcc39c?s=96&d=mm&r=g\",\"contentUrl\":\"https:\\\/\\\/secure.gravatar.com\\\/avatar\\\/f5fc875574b1575324358c3b9e6a32b8227aa5b74f3fa22e3cadb63e26fcc39c?s=96&d=mm&r=g\",\"caption\":\"haberkuzey\"},\"sameAs\":[\"https:\\\/\\\/haberkuzey.com\"],\"url\":\"https:\\\/\\\/haberkuzey.com\\\/index.php\\\/author\\\/haberkuzey\\\/\"}]}<\/script>\n<!-- \/ Yoast SEO plugin. -->","yoast_head_json":{"title":"Cumhurba\u015fkan\u0131 Tatar, YDP\u2019nin iftar yeme\u011fine kat\u0131ld\u0131:\u201cCenevre\u2019de iki devletli \u00e7\u00f6z\u00fcm siyasetini anlataca\u011f\u0131m\u201d - Haber Kuzey","robots":{"index":"index","follow":"follow","max-snippet":"max-snippet:-1","max-image-preview":"max-image-preview:large","max-video-preview":"max-video-preview:-1"},"canonical":"https:\/\/haberkuzey.com\/index.php\/2025\/03\/11\/cumhurbaskani-tatar-ydpnin-iftar-yemegine-katildicenevrede-iki-devletli-cozum-siyasetini-anlatacagim\/","og_locale":"tr_TR","og_type":"article","og_title":"Cumhurba\u015fkan\u0131 Tatar, YDP\u2019nin iftar yeme\u011fine kat\u0131ld\u0131:\u201cCenevre\u2019de iki devletli \u00e7\u00f6z\u00fcm siyasetini anlataca\u011f\u0131m\u201d - Haber Kuzey","og_description":"Cumhurba\u015fkan\u0131 Ersin Tatar, Yeniden Do\u011fu\u015f Partisi\u2019nin (YDP) d\u00fczenledi\u011fi iftar yeme\u011fine kat\u0131ld\u0131. Acapulco Otel\u2019de d\u00fczenlenen iftar yeme\u011finde konu\u015fan Cumhurba\u015fkan\u0131 Ersin Tatar, m\u00fcbarek ramazan ay\u0131nda bir araya gelmenin, iftar sofras\u0131n\u0131 payla\u015fman\u0131n, birlik ve beraberli\u011fi s\u00fcrd\u00fcrebilmenin \u00f6nemine dikkat \u00e7ekti. Cumhurba\u015fkanl\u0131\u011f\u0131\u2019ndan verilen bilgiye g\u00f6re, K\u0131br\u0131s T\u00fcrk\u00fc\u2019n\u00fcn \u0130slam d\u00fcnyas\u0131n\u0131n bir par\u00e7as\u0131 oldu\u011funu belirten Cumhurba\u015fkan\u0131 Tatar, \u201cT\u00fcrkiye, vatan, millet ve bayrak [&hellip;]","og_url":"https:\/\/haberkuzey.com\/index.php\/2025\/03\/11\/cumhurbaskani-tatar-ydpnin-iftar-yemegine-katildicenevrede-iki-devletli-cozum-siyasetini-anlatacagim\/","og_site_name":"Haber Kuzey","article_published_time":"2025-03-11T11:37:23+00:00","og_image":[{"url":"https:\/\/brtk.net\/wp-content\/uploads\/2025\/03\/11\/assdkaslskda.jpeg?ver=06fea59dc10d9983e1ae1fdf2aeb2f78","type":"","width":"","height":""}],"author":"haberkuzey","twitter_card":"summary_large_image","twitter_misc":{"Yazan:":"haberkuzey","Tahmini okuma s\u00fcresi":"3 dakika"},"schema":{"@context":"https:\/\/schema.org","@graph":[{"@type":"Article","@id":"https:\/\/haberkuzey.com\/index.php\/2025\/03\/11\/cumhurbaskani-tatar-ydpnin-iftar-yemegine-katildicenevrede-iki-devletli-cozum-siyasetini-anlatacagim\/#article","isPartOf":{"@id":"https:\/\/haberkuzey.com\/index.php\/2025\/03\/11\/cumhurbaskani-tatar-ydpnin-iftar-yemegine-katildicenevrede-iki-devletli-cozum-siyasetini-anlatacagim\/"},"author":{"name":"haberkuzey","@id":"https:\/\/haberkuzey.com\/#\/schema\/person\/3372109ec735f9333f4fa47ebb9605ca"},"headline":"Cumhurba\u015fkan\u0131 Tatar, YDP\u2019nin iftar yeme\u011fine kat\u0131ld\u0131:\u201cCenevre\u2019de iki devletli \u00e7\u00f6z\u00fcm siyasetini anlataca\u011f\u0131m\u201d","datePublished":"2025-03-11T11:37:23+00:00","mainEntityOfPage":{"@id":"https:\/\/haberkuzey.com\/index.php\/2025\/03\/11\/cumhurbaskani-tatar-ydpnin-iftar-yemegine-katildicenevrede-iki-devletli-cozum-siyasetini-anlatacagim\/"},"wordCount":705,"commentCount":0,"image":{"@id":"https:\/\/haberkuzey.com\/index.php\/2025\/03\/11\/cumhurbaskani-tatar-ydpnin-iftar-yemegine-katildicenevrede-iki-devletli-cozum-siyasetini-anlatacagim\/#primaryimage"},"thumbnailUrl":"https:\/\/haberkuzey.com\/wp-content\/uploads\/2025\/03\/assdkaslskda.jpeg","articleSection":["K\u0131br\u0131s"],"inLanguage":"tr","potentialAction":[{"@type":"CommentAction","name":"Comment","target":["https:\/\/haberkuzey.com\/index.php\/2025\/03\/11\/cumhurbaskani-tatar-ydpnin-iftar-yemegine-katildicenevrede-iki-devletli-cozum-siyasetini-anlatacagim\/#respond"]}]},{"@type":"WebPage","@id":"https:\/\/haberkuzey.com\/index.php\/2025\/03\/11\/cumhurbaskani-tatar-ydpnin-iftar-yemegine-katildicenevrede-iki-devletli-cozum-siyasetini-anlatacagim\/","url":"https:\/\/haberkuzey.com\/index.php\/2025\/03\/11\/cumhurbaskani-tatar-ydpnin-iftar-yemegine-katildicenevrede-iki-devletli-cozum-siyasetini-anlatacagim\/","name":"Cumhurba\u015fkan\u0131 Tatar, YDP\u2019nin iftar yeme\u011fine kat\u0131ld\u0131:\u201cCenevre\u2019de iki devletli \u00e7\u00f6z\u00fcm siyasetini anlataca\u011f\u0131m\u201d - Haber Kuzey","isPartOf":{"@id":"https:\/\/haberkuzey.com\/#website"},"primaryImageOfPage":{"@id":"https:\/\/haberkuzey.com\/index.php\/2025\/03\/11\/cumhurbaskani-tatar-ydpnin-iftar-yemegine-katildicenevrede-iki-devletli-cozum-siyasetini-anlatacagim\/#primaryimage"},"image":{"@id":"https:\/\/haberkuzey.com\/index.php\/2025\/03\/11\/cumhurbaskani-tatar-ydpnin-iftar-yemegine-katildicenevrede-iki-devletli-cozum-siyasetini-anlatacagim\/#primaryimage"},"thumbnailUrl":"https:\/\/haberkuzey.com\/wp-content\/uploads\/2025\/03\/assdkaslskda.jpeg","datePublished":"2025-03-11T11:37:23+00:00","author":{"@id":"https:\/\/haberkuzey.com\/#\/schema\/person\/3372109ec735f9333f4fa47ebb9605ca"},"breadcrumb":{"@id":"https:\/\/haberkuzey.com\/index.php\/2025\/03\/11\/cumhurbaskani-tatar-ydpnin-iftar-yemegine-katildicenevrede-iki-devletli-cozum-siyasetini-anlatacagim\/#breadcrumb"},"inLanguage":"tr","potentialAction":[{"@type":"ReadAction","target":["https:\/\/haberkuzey.com\/index.php\/2025\/03\/11\/cumhurbaskani-tatar-ydpnin-iftar-yemegine-katildicenevrede-iki-devletli-cozum-siyasetini-anlatacagim\/"]}]},{"@type":"ImageObject","inLanguage":"tr","@id":"https:\/\/haberkuzey.com\/index.php\/2025\/03\/11\/cumhurbaskani-tatar-ydpnin-iftar-yemegine-katildicenevrede-iki-devletli-cozum-siyasetini-anlatacagim\/#primaryimage","url":"https:\/\/haberkuzey.com\/wp-content\/uploads\/2025\/03\/assdkaslskda.jpeg","contentUrl":"https:\/\/haberkuzey.com\/wp-content\/uploads\/2025\/03\/assdkaslskda.jpeg","width":2560,"height":1198},{"@type":"BreadcrumbList","@id":"https:\/\/haberkuzey.com\/index.php\/2025\/03\/11\/cumhurbaskani-tatar-ydpnin-iftar-yemegine-katildicenevrede-iki-devletli-cozum-siyasetini-anlatacagim\/#breadcrumb","itemListElement":[{"@type":"ListItem","position":1,"name":"Anasayfa","item":"https:\/\/haberkuzey.com\/"},{"@type":"ListItem","position":2,"name":"Cumhurba\u015fkan\u0131 Tatar, YDP\u2019nin iftar yeme\u011fine kat\u0131ld\u0131:\u201cCenevre\u2019de iki devletli \u00e7\u00f6z\u00fcm siyasetini anlataca\u011f\u0131m\u201d"}]},{"@type":"WebSite","@id":"https:\/\/haberkuzey.com\/#website","url":"https:\/\/haberkuzey.com\/","name":"Haber Kuzey","description":"Do\u011fru Haberin Adresi","potentialAction":[{"@type":"SearchAction","target":{"@type":"EntryPoint","urlTemplate":"https:\/\/haberkuzey.com\/?s={search_term_string}"},"query-input":{"@type":"PropertyValueSpecification","valueRequired":true,"valueName":"search_term_string"}}],"inLanguage":"tr"},{"@type":"Person","@id":"https:\/\/haberkuzey.com\/#\/schema\/person\/3372109ec735f9333f4fa47ebb9605ca","name":"haberkuzey","image":{"@type":"ImageObject","inLanguage":"tr","@id":"https:\/\/secure.gravatar.com\/avatar\/f5fc875574b1575324358c3b9e6a32b8227aa5b74f3fa22e3cadb63e26fcc39c?s=96&d=mm&r=g","url":"https:\/\/secure.gravatar.com\/avatar\/f5fc875574b1575324358c3b9e6a32b8227aa5b74f3fa22e3cadb63e26fcc39c?s=96&d=mm&r=g","contentUrl":"https:\/\/secure.gravatar.com\/avatar\/f5fc875574b1575324358c3b9e6a32b8227aa5b74f3fa22e3cadb63e26fcc39c?s=96&d=mm&r=g","caption":"haberkuzey"},"sameAs":["https:\/\/haberkuzey.com"],"url":"https:\/\/haberkuzey.com\/index.php\/author\/haberkuzey\/"}]}},"_links":{"self":[{"href":"https:\/\/haberkuzey.com\/index.php\/wp-json\/wp\/v2\/posts\/19651","targetHints":{"allow":["GET"]}}],"collection":[{"href":"https:\/\/haberkuzey.com\/index.php\/wp-json\/wp\/v2\/posts"}],"about":[{"href":"https:\/\/haberkuzey.com\/index.php\/wp-json\/wp\/v2\/types\/post"}],"author":[{"embeddable":true,"href":"https:\/\/haberkuzey.com\/index.php\/wp-json\/wp\/v2\/users\/1"}],"replies":[{"embeddable":true,"href":"https:\/\/haberkuzey.com\/index.php\/wp-json\/wp\/v2\/comments?post=19651"}],"version-history":[{"count":0,"href":"https:\/\/haberkuzey.com\/index.php\/wp-json\/wp\/v2\/posts\/19651\/revisions"}],"wp:featuredmedia":[{"embeddable":true,"href":"https:\/\/haberkuzey.com\/index.php\/wp-json\/wp\/v2\/media\/19652"}],"wp:attachment":[{"href":"https:\/\/haberkuzey.com\/index.php\/wp-json\/wp\/v2\/media?parent=19651"}],"wp:term":[{"taxonomy":"category","embeddable":true,"href":"https:\/\/haberkuzey.com\/index.php\/wp-json\/wp\/v2\/categories?post=19651"},{"taxonomy":"post_tag","embeddable":true,"href":"https:\/\/haberkuzey.com\/index.php\/wp-json\/wp\/v2\/tags?post=19651"}],"curies":[{"name":"wp","href":"https:\/\/api.w.org\/{rel}","templated":true}]}}