{"id":19602,"date":"2025-03-10T19:22:24","date_gmt":"2025-03-10T17:22:24","guid":{"rendered":"https:\/\/haberkuzey.com\/index.php\/2025\/03\/10\/tc-cumhurbaskani-erdoganab-ile-tam-uyelik-hedefine-odaklanan-bir-bakis-acisiyla-iliskilerimizi-gelistirmek-istiyoruz\/"},"modified":"2025-03-10T19:22:24","modified_gmt":"2025-03-10T17:22:24","slug":"tc-cumhurbaskani-erdoganab-ile-tam-uyelik-hedefine-odaklanan-bir-bakis-acisiyla-iliskilerimizi-gelistirmek-istiyoruz","status":"publish","type":"post","link":"https:\/\/haberkuzey.com\/index.php\/2025\/03\/10\/tc-cumhurbaskani-erdoganab-ile-tam-uyelik-hedefine-odaklanan-bir-bakis-acisiyla-iliskilerimizi-gelistirmek-istiyoruz\/","title":{"rendered":"TC Cumhurba\u015fkan\u0131 Erdo\u011fan:AB ile tam \u00fcyelik hedefine odaklanan bir bak\u0131\u015f a\u00e7\u0131s\u0131yla ili\u015fkilerimizi geli\u015ftirmek istiyoruz"},"content":{"rendered":"<div>\n<div class=\"mariselle-image-container center\">\n                                            <\/div>\n<p>T\u00fcrkiye Cumhurba\u015fkan\u0131 Recep Tayyip Erdo\u011fan, \u201cT\u00fcrkiye olarak Suriye\u2019nin birli\u011fini, dirli\u011fini, toplumsal bar\u0131\u015f\u0131n\u0131 hedef alan her t\u00fcrl\u00fc sald\u0131r\u0131y\u0131, ter\u00f6r ve tedhi\u015f eylemini en g\u00fc\u00e7l\u00fc bi\u00e7imde lanetliyoruz.\u201d dedi.<\/p>\n<p>Erdo\u011fan, TC Cumhurba\u015fkanl\u0131\u011f\u0131 K\u00fclliyesi\u2019nde, Kabine Toplant\u0131s\u0131\u2019n\u0131n ard\u0131ndan millete seslendi.<\/p>\n<p>Ramazan ay\u0131n\u0131n, orucuyla, mukabelesiyle teravihiyle her ak\u015fam adeta birer muhabbet sofras\u0131na d\u00f6n\u00fc\u015fen iftar sofralar\u0131yla ve daha nice g\u00fczellikleriyle hayat\u0131 tamamen ku\u015fatan bir rahmet ve bereket mevsimi oldu\u011funu s\u00f6yleyen Erdo\u011fan, Dervi\u015f Yunus\u2019un, \u201cSafa geldin izzetle, dahi azim nimetle, m\u00fcminlere rahmetle \u015fehr-i Ramazan merhaba\u201d m\u0131sralar\u0131yla selamlad\u0131\u011f\u0131 ramazan ay\u0131n\u0131n, dayan\u0131\u015fman\u0131n per\u00e7inlendi\u011fi, karde\u015fli\u011fin y\u00fcceltildi\u011fi, payla\u015fman\u0131n lezzetine erildi\u011fi m\u00fcstesna zamanlar oldu\u011funu ifade etti.<\/p>\n<p>TC Cumhurba\u015fkan\u0131 Erdo\u011fan, s\u00f6zlerini \u015f\u00f6yle s\u00fcrd\u00fcrd\u00fc:<\/p>\n<p>\u201cRabb\u2019im, hepimize merhum Sezai Karako\u00e7\u2019un \u2018her y\u0131l \u00e7a\u011fr\u0131ld\u0131\u011f\u0131m\u0131z bir ruh \u015f\u00f6leni\u2019 dedi\u011fi bu m\u00fcbarek g\u00fcnleri hakk\u0131yla idrak ve ihya etmeyi nasip eylesin. Ramazan\u0131n gelmesiyle birlikte g\u00fcnl\u00fck ya\u015fant\u0131m\u0131zda bir hareketlenmenin, aile hayat\u0131m\u0131zda bir kayna\u015fman\u0131n, toplumsal hayat\u0131m\u0131zda payla\u015fma ve yard\u0131mla\u015fma hasletlerinin zirveye \u00e7\u0131kt\u0131\u011f\u0131n\u0131 m\u00fc\u015fahede ediyoruz. Hamdolsun, gerek belediyelerimiz gerek kamu kurumlar\u0131m\u0131z gerek vak\u0131f ve derneklerimiz gerekse hay\u0131rseverlerimiz s\u0131n\u0131rlar\u0131m\u0131z i\u00e7inde ve d\u0131\u015f\u0131nda ramazan\u0131n ruhuna uygun faaliyetler ger\u00e7ekle\u015ftiriyor. T\u00fcrkiye Cumhurba\u015fkan\u0131 olarak ramazan\u0131 \u00fclkemiz ve g\u00f6n\u00fcl co\u011frafyam\u0131zda bir iyilik seferberli\u011fine d\u00f6n\u00fc\u015ft\u00fcren herkesi, siyasi partiyi ay\u0131rmaks\u0131z\u0131n t\u00fcm yerel y\u00f6netimlerimizi, t\u00fcm sivil toplum kurulu\u015flar\u0131m\u0131z\u0131 i\u00e7tenlikle tebrik ediyorum. Rabb\u2019imizin en b\u00fcy\u00fck l\u00fctfu olarak bu ramazan\u0131 ge\u00e7en senelere g\u00f6re daha huzurlu, daha sevin\u00e7li kar\u015f\u0131lad\u0131k. \u00d6yle de idrak ediyoruz.\u201d<\/p>\n<p>-Suriye ve Gazze\u2019de ramazan<\/p>\n<p>Erdo\u011fan, Suriyelilerin 14 y\u0131ll\u0131k zulm\u00fcn ard\u0131ndan ilk kez ramazan ay\u0131n\u0131 \u00fczerlerine bomba ya\u011fma korkusu duymadan ge\u00e7irdiklerine dikkati \u00e7ekti.<\/p>\n<p>Ayn\u0131 \u015fekilde ge\u00e7en ramazan\u0131 \u0130srail\u2019in vah\u015fi sald\u0131r\u0131lar\u0131 alt\u0131nda idrak eden Gazzelilerin, ate\u015fkesin sa\u011flad\u0131\u011f\u0131 k\u0131r\u0131lgan ortamda, y\u0131k\u0131nt\u0131lar\u0131n aras\u0131nda bile olsa, 471 g\u00fcn sonra rahat birer nefes ald\u0131\u011f\u0131n\u0131 vurgulayan Erdo\u011fan, Suriyeli ve Gazzelilere muhabbetlerini ve dayan\u0131\u015fma mesajlar\u0131n\u0131 yollad\u0131.<\/p>\n<p>-\u201cMezhep kavgas\u0131 \u00e7\u0131karmay\u0131 ama\u00e7layan ter\u00f6r eylemlerinde \u015fahit olduk\u201d<\/p>\n<p>Bu ramazan\u0131n T\u00fcrkiye ile birlikte t\u00fcm b\u00f6lgede ve \u00f6tesinde karde\u015fli\u011fe, bar\u0131\u015fa ve huzura vesile olmas\u0131n\u0131 y\u00fcrekten temenni etti\u011fini aktaran Erdo\u011fan, \u015funlar\u0131 kaydetti:<\/p>\n<p>\u201cBiz herkes i\u00e7in bar\u0131\u015f, herkes i\u00e7in istikrar dedik\u00e7e \u0130slam co\u011frafyas\u0131n\u0131n istikrars\u0131zl\u0131\u011f\u0131ndan beslenen g\u00fc\u00e7 odaklar\u0131 da bo\u015f durmuyor. Afrika\u2019dan Asya\u2019ya, Orta Do\u011fu\u2019dan Balkanlar\u2019a kadar bir\u00e7ok yerde kimi zaman etnik, kimi zaman mezhebi, kimi zaman da inan\u00e7 ayr\u0131m\u0131 \u00fczerinden \u00e7at\u0131\u015fma, gerilim ve karga\u015fa \u00e7\u0131kar\u0131lmaya \u00e7al\u0131\u015f\u0131l\u0131yor. Bunun son \u00f6rne\u011fine, kom\u015fumuz Suriye\u2019de, eski resim art\u0131\u011f\u0131 provokat\u00f6rlerin mezhep kavgas\u0131 \u00e7\u0131karmay\u0131 ama\u00e7layan ter\u00f6r eylemlerinde \u015fahit olduk. \u00dclkenin \u00f6zellikle az\u0131nl\u0131klar\u0131n ya\u015fad\u0131\u011f\u0131 b\u00f6lgelerinde patlak veren olaylarda Suriye ordusu mensuplar\u0131n\u0131n yan\u0131 s\u0131ra pek \u00e7ok sivil de hayat\u0131n\u0131 kaybetti. Maalesef bunlar\u0131n aras\u0131nda teravih namaz\u0131ndan \u00e7\u0131karken kalle\u015f\u00e7e \u015fehit edilen karde\u015flerimiz de var. Suriye h\u00fck\u00fcmet g\u00fc\u00e7lerinin etkin m\u00fcdahalesi sayesinde olaylar\u0131n b\u00fcy\u00fck oranda kontrol alt\u0131na al\u0131nd\u0131\u011f\u0131n\u0131 ancak sahadaki durumun ayn\u0131 hassasiyetini halen korudu\u011funu g\u00f6r\u00fcyoruz.<\/p>\n<p>\u015eunu a\u00e7\u0131k a\u00e7\u0131k s\u00f6ylemek isterim; T\u00fcrkiye olarak Suriye\u2019nin birli\u011fini, dirli\u011fini, toplumsal bar\u0131\u015f\u0131n\u0131 hedef alan her t\u00fcrl\u00fc sald\u0131r\u0131y\u0131, ter\u00f6r ve tedhi\u015f eylemini en g\u00fc\u00e7l\u00fc bi\u00e7imde lanetliyoruz. \u00dclkemiz aleyhine herhangi bir geli\u015fmenin olmamas\u0131 i\u00e7in gereken tedbirleri al\u0131yoruz. Ayr\u0131ca gergin havan\u0131n s\u00fcratle geride b\u0131rak\u0131lmas\u0131 i\u00e7in Suriye makamlar\u0131na gerekli telkinlerde bulunuyoruz. Cumhurba\u015fkan\u0131 \u015eara\u2019n\u0131n mutedil ve yat\u0131\u015ft\u0131r\u0131c\u0131 oldu\u011fu kadar, hukuk d\u0131\u015f\u0131na \u00e7\u0131kanlar\u0131n cezaland\u0131r\u0131laca\u011f\u0131na dair kararl\u0131 mesajlar\u0131n\u0131 olumlu kar\u015f\u0131l\u0131yoruz.\u201d<\/p>\n<p>Erdo\u011fan, \u015eara\u2019n\u0131n 8 Aral\u0131k\u2019tan bu yana r\u00f6van\u015fizmin tuza\u011f\u0131na d\u00fc\u015fmeden kucaklay\u0131c\u0131 bir politika izledi\u011fini vurgulayarak, \u201cBunun g\u00fc\u00e7lenerek devam etmesi, Suriye\u2019ye y\u00f6nelik oyunlar\u0131 bozacakt\u0131r. Suriye\u2019nin on y\u0131llard\u0131r hasretini \u00e7ekti\u011fi kal\u0131c\u0131 bar\u0131\u015f ve huzur ortam\u0131na bir an \u00f6nce kavu\u015fmas\u0131n\u0131 samimiyetle arzu ediyoruz. Arap, T\u00fcrkmen, K\u00fcrt, D\u00fcrzi, Nusayri demeden Suriye halk\u0131n\u0131n tamam\u0131n\u0131n basiretli davranarak \u00fclkelerinin par\u00e7alanmas\u0131n\u0131 ve istikrars\u0131zl\u0131k bata\u011f\u0131na s\u00fcr\u00fcklenmesini isteyenlere m\u00fcsaade etmeyece\u011fine inan\u0131yorum.\u201d diye konu\u015ftu.<\/p>\n<p>-\u201cBirbirimize d\u00fc\u015fersek o zaman da bizi kimse koruyamaz\u201d<\/p>\n<p>Binlerce y\u0131ld\u0131r bu co\u011frafyada bir arada, birlikte ya\u015fand\u0131\u011f\u0131na, ayn\u0131 kaderin payla\u015f\u0131ld\u0131\u011f\u0131na i\u015faret eden Erdo\u011fan, \u015fu de\u011ferlendirmelerde bulundu:<\/p>\n<p>\u201c\u0130n\u015fallah, ebediyen burada yan yana ya\u015famaya devam edece\u011fiz. T\u00fcrkler, Araplar, K\u00fcrtler, S\u00fcnniler ve Aleviler olarak birbirimizin hamisiyiz, dostuyuz, kader orta\u011f\u0131y\u0131z. \u015eayet biz tefrikay\u0131 kap\u0131m\u0131za yakla\u015ft\u0131rmazsak M\u00fcsl\u00fcmanlar\u0131n kan\u0131ndan ve g\u00f6z ya\u015f\u0131ndan beslenenler hi\u00e7bir \u015fey yapamaz. Ama birbirimize d\u00fc\u015fersek o zaman da bizi kimse koruyamaz. B\u00f6lgemizde huzura a\u00e7\u0131lan kap\u0131n\u0131n anahtar\u0131 ittihatt\u0131r, vahdettir, ac\u0131m\u0131z\u0131n da sevincimizin de ortak oldu\u011funun \u015fuuruna varmakt\u0131r. Birlik ve beraberli\u011fimiz ne kadar sa\u011flamsa karde\u015flik kalemiz de o derece muhkem, o derece a\u015f\u0131lmaz olacakt\u0131r.\u201d<\/p>\n<p>TC Cumhurba\u015fkan\u0131 Recep Tayyip Erdo\u011fan, \u201cAvrupa Birli\u011fi ile ortak \u00e7\u0131karlar temelinde kar\u015f\u0131l\u0131kl\u0131 sayg\u0131y\u0131 esas alan tam \u00fcyelik hedefine odaklanan bir bak\u0131\u015f a\u00e7\u0131s\u0131yla ili\u015fkilerimizi geli\u015ftirmek istiyoruz. K\u00f6pr\u00fcden \u00f6nce son \u00e7\u0131k\u0131\u015f\u0131n T\u00fcrkiye oldu\u011funu bir kez daha kendilerine hat\u0131rlat\u0131yoruz.\u201d dedi.<\/p>\n<p>\u201cSuriye\u2019deki yang\u0131n\u0131 tam 14 y\u0131ld\u0131r \u00fclkemize s\u0131\u00e7ratmaya \u00e7al\u0131\u015fanlara da \u015funu tekrar hat\u0131rlat\u0131yorum. Biz ne Irak\u2019ta ne Suriye\u2019de ne L\u00fcbnan\u2019da ne de di\u011fer b\u00f6lge \u00fclkelerinde hi\u00e7 kimsenin k\u00f6keniyle, diniyle, mezhebiyle, inanc\u0131yla ilgilenmiyoruz.\u201d ifadesini kullanan Erdo\u011fan, hangi mezhebe mensup olursa olsun hi\u00e7 kimseye farkl\u0131 g\u00f6zle bakmad\u0131klar\u0131n\u0131 belirtti.<\/p>\n<p>T\u00fcm insanlar\u0131 Hazreti Ali\u2019nin buyurdu\u011fu \u00fczere ya dinde karde\u015f ya da yarat\u0131l\u0131\u015fta e\u015fit olarak g\u00f6rd\u00fcklerini vurgulayan Erdo\u011fan, \u015funlar\u0131 s\u00f6yledi:<\/p>\n<p>\u201cHer kim Suriye\u2019ye bakt\u0131\u011f\u0131nda sadece mezhep, me\u015frep, k\u00f6ken g\u00f6r\u00fcyorsa k\u00f6r bir taassuba hapsolmu\u015f demektir. Her kim s\u0131rf me\u015frebinden dolay\u0131 zalime arka \u00e7\u0131k\u0131yorsa insanl\u0131\u011fa dair t\u00fcm de\u011ferlerini kaybetmi\u015f demektir. Biz asla b\u00f6yle olmad\u0131k. Bundan sonra da olmayaca\u011f\u0131z. 1 milyon Suriyeli Baas rejimi taraf\u0131ndan katledilirken, nerede duruyorsak bug\u00fcn de ayn\u0131 yerde dimdik duruyoruz. Ge\u00e7en sene se\u00e7im kazanmak u\u011fruna fa\u015fizmin en ilkel bi\u00e7imi sergilenirken neyi savunuyorsak bug\u00fcn de ayn\u0131 ilkeleri dirayetle savunuyoruz.\u201d<\/p>\n<p>Suriye konusunda kimsenin T\u00fcrkiye\u2019ye vicdan dersi veremeyece\u011fini ifade eden Erdo\u011fan, varil bombalar\u0131yla kimyasal silahlarla masum \u00e7ocuklar \u00f6ld\u00fcr\u00fcl\u00fcrken 14 y\u0131l boyunca susanlar\u0131n bug\u00fcn \u00e7\u0131k\u0131p T\u00fcrkiye\u2019ye hadsizlik edemeyece\u011finin alt\u0131n\u0131 \u00e7izdi.<\/p>\n<p>Erdo\u011fan, \u201cBiz hem Suriye\u2019de hem de Gazze\u2019de karde\u015flik s\u0131nav\u0131m\u0131z\u0131 aln\u0131m\u0131z\u0131n ak\u0131yla vermi\u015f bir h\u00fck\u00fcmetiz. T\u00fcrkiye insani ve ahlaki olarak ne yap\u0131lmas\u0131 gerekiyorsa d\u00fcn oldu\u011fu gibi bug\u00fcn de fazlas\u0131yla yapmaktad\u0131r. Muhalefet en az\u0131ndan b\u00f6yle muhataral\u0131 bir konuda sorumlu davranmal\u0131, fitne ate\u015fine odun ta\u015f\u0131maktan art\u0131k vazge\u00e7melidir.\u201d dedi.<\/p>\n<p>\u201cAlevi canlar\u0131m\u0131z\u0131 k\u0131\u015fk\u0131rtarak siyaset yapmak, i\u00e7 cephemizi sarsmay\u0131 hedef alan bir sabotaj giri\u015fimidir.\u201d diyen Erdo\u011fan, soyk\u0131r\u0131mc\u0131 canilerden medet umman\u0131n kelimenin tam anlam\u0131yla mandac\u0131l\u0131k oldu\u011funu dile getirdi.<\/p>\n<p>Erdo\u011fan, T\u00fcrkiye gibi Suriye\u2019nin de ba\u011f\u0131ms\u0131zl\u0131\u011f\u0131n\u0131 \u015fehit kanlar\u0131yla kazanm\u0131\u015f \u00f6zg\u00fcr bir devlet oldu\u011funa dikkati \u00e7ekerek, eski k\u00f6t\u00fc g\u00fcnlerin hayalini kuranlar\u0131n h\u00fcsrana u\u011frayaca\u011f\u0131n\u0131 s\u00f6yledi.<\/p>\n<p>-\u201cKirli oyunu T\u00fcrkiye\u2019de de sahnelemek isteyenlere f\u0131rsat tan\u0131mayaca\u011f\u0131z\u201d<\/p>\n<p>\u201cT\u00fcrkiye 40 y\u0131ld\u0131r ba\u015f\u0131na bela olan bir musibetten kurtulmaya \u00e7al\u0131\u015f\u0131rken, yeni fay hatlar\u0131 olu\u015fturman\u0131n \u00fclke d\u00fc\u015fmanlar\u0131 d\u0131\u015f\u0131nda kimseye faydas\u0131 olmaz.\u201d de\u011ferlendirmesinde bulunan Erdo\u011fan, \u015funlar\u0131 kaydetti:<\/p>\n<p>\u201cMillet\u00e7e i\u00e7 cephede gedik a\u00e7\u0131lmas\u0131na \u2018eyvallah\u2019 diyemeyiz. Yak\u0131n \u00e7evremizde y\u0131llard\u0131r oynanan kirli oyunu T\u00fcrkiye\u2019de de sahnelemek isteyenlere 14 y\u0131ld\u0131r oldu\u011fu gibi yine f\u0131rsat tan\u0131mayaca\u011f\u0131z. Yeni s\u00fcre\u00e7te kom\u015fumuz Suriye\u2019nin toparlanmas\u0131, toprak b\u00fct\u00fcnl\u00fc\u011f\u00fcn\u00fc ve \u00fcniter yap\u0131s\u0131n\u0131 korumas\u0131, t\u00fcm etnik ve mezhebi unsurlar\u0131yla huzura ermesi i\u00e7in elimizden gelen her t\u00fcrl\u00fc deste\u011fi sunmaya devam edece\u011fiz. \u00dclkemiz topraklar\u0131 \u00fczerinde ameliyat yap\u0131lmas\u0131na nas\u0131l izin vermediysek, Suriye\u2019de de kadastro m\u00fchendisli\u011fine asla r\u0131za g\u00f6stermeyece\u011fiz.\u201d<\/p>\n<p>-\u201cT\u00fcrkiye\u2019nin izledi\u011fi dengeli tutumunun k\u0131ymeti daha iyi anla\u015f\u0131l\u0131yor\u201d<\/p>\n<p>Erdo\u011fan, son kabine toplant\u0131s\u0131ndan bu yana yo\u011fun bir g\u00fcndemle millete kar\u015f\u0131 mesuliyetlerini en g\u00fczel \u015fekilde ifa etmeye \u00e7al\u0131\u015ft\u0131klar\u0131n\u0131 belirterek, \u015fu bilgileri verdi:<\/p>\n<p>\u201c24 \u015eubat\u2019ta \u00dcrd\u00fcn Ha\u015fimi Krall\u0131\u011f\u0131 Veliaht Prensi H\u00fcseyin Bin Abdullah\u2019\u0131 k\u00fclliyemizde misafir ettik. Kuzey Makedonya Ba\u015fbakan\u0131 Say\u0131n Mickoski ve heyetini \u0130stanbul\u2019da misafir ederek \u00fclkelerimiz aras\u0131nda Y\u00fcksek D\u00fczeyli \u0130\u015fbirli\u011fi Konseyi kurulmas\u0131n\u0131 kararla\u015ft\u0131rd\u0131k. Azerbaycan Cumhurba\u015fkan\u0131 Say\u0131n Aliyev\u2019in 5 Mart\u2019taki ziyaretinde I\u011fd\u0131r-Nah\u00e7\u0131van Do\u011falgaz Boru Hatt\u0131\u2019n\u0131n a\u00e7\u0131l\u0131\u015f\u0131n\u0131 ger\u00e7ekle\u015ftirdik. Boru hatt\u0131 sayesinde Nah\u00e7\u0131van\u2019\u0131n do\u011falgaz ihtiyac\u0131n\u0131n tamam\u0131n\u0131 asgari 30 y\u0131l s\u00fcresince kar\u015f\u0131layaca\u011f\u0131z. Ayr\u0131ca \u0130lham karde\u015fimle Ermenistan\u2019la bar\u0131\u015f m\u00fczakereleri ba\u015fta olmak \u00fczere pek \u00e7ok m\u00fchim konuyu isti\u015fare ettik.\u201d<\/p>\n<p>-\u201cRusya\u2019s\u0131z veya Ukrayna\u2019s\u0131z bir bar\u0131\u015f asla kal\u0131c\u0131 olmaz\u201d<\/p>\n<p>Video konferansla kat\u0131ld\u0131\u011f\u0131 AB Fikirda\u015f \u00dclke Liderleri \u00c7evrimi\u00e7i Toplant\u0131s\u0131\u2019nda g\u00fcvenlik ve savunma konular\u0131n\u0131 ele ald\u0131\u011f\u0131n\u0131 an\u0131msatan Erdo\u011fan, son d\u00f6nemde \u00f6zellikle Ukrayna ba\u011flam\u0131nda ya\u015fanan tart\u0131\u015fmalar\u0131n, AB \u00fcyesi \u00fclkelerde endi\u015feyle kar\u015f\u0131land\u0131\u011f\u0131n\u0131n g\u00f6r\u00fcld\u00fc\u011f\u00fcn\u00fc dile getirdi.<\/p>\n<p>Avrupa Birli\u011fi\u2019nin yak\u0131n zamandaki en b\u00fcy\u00fck g\u00fcvenlik s\u0131namalar\u0131ndan birini y\u00f6netmeye \u00e7al\u0131\u015ft\u0131\u011f\u0131 ifade eden Erdo\u011fan, \u015f\u00f6yle devam etti:<\/p>\n<p>\u201cRusya-Ukrayna sava\u015f\u0131nda T\u00fcrkiye\u2019nin ilk g\u00fcnden itibaren izledi\u011fi dengeli, tutarl\u0131 ve ilkeli tutumunun k\u0131ymeti bug\u00fcn daha iyi anla\u015f\u0131l\u0131yor. Rusya\u2019s\u0131z veya Ukrayna\u2019s\u0131z bir bar\u0131\u015f\u0131n asla kal\u0131c\u0131 olmayaca\u011f\u0131n\u0131 her f\u0131rsatta vurguluyoruz. AB ile ortak \u00e7\u0131karlar temelinde kar\u015f\u0131l\u0131kl\u0131 sayg\u0131y\u0131 esas alan tam \u00fcyelik hedefine odaklanan bir bak\u0131\u015f a\u00e7\u0131s\u0131yla ili\u015fkilerimizi geli\u015ftirmek istiyoruz. K\u00f6pr\u00fcden \u00f6nce son \u00e7\u0131k\u0131\u015f\u0131n T\u00fcrkiye oldu\u011funu bir kez daha kendilerine hat\u0131rlat\u0131yoruz. Avrupal\u0131 dostlar\u0131m\u0131z\u0131n yeniden \u015fekillenen d\u00fcnyada yeni T\u00fcrkiye\u2019nin rol\u00fcn\u00fc kavramalar\u0131, stratejilerini de buna g\u00f6re belirlemeleri temennimizdir. Bu anlay\u0131\u015f birli\u011fi tesis edildikten sonra T\u00fcrkiye ile Avrupa aras\u0131ndaki m\u00fcnasebetlerin her alanda h\u0131zla serpilece\u011fine inan\u0131yorum.\u201d<\/p>\n<p>TC Cumhurba\u015fkan\u0131 Recep Tayyip Erdo\u011fan, \u201c\u2018Ter\u00f6rs\u00fcz T\u00fcrkiye\u2019 hedefimiz t\u00fcm unsurlar\u0131yla ger\u00e7ekle\u015fti\u011finde 85 milyon olarak k\u00fcresel rekabette \u00e7ok b\u00fcy\u00fck avantaj elde edece\u011fiz.\u201d dedi.<\/p>\n<p>\u0130ki haftal\u0131k d\u00f6nemde yabanc\u0131 kabullerin yan\u0131 s\u0131ra iftar programlar\u0131yla da milletle bulu\u015fmaya devam ettiklerini belirten Erdo\u011fan, \u015fehit ailelerinden T\u00fcrkiye\u2019deki b\u00fcy\u00fck el\u00e7ilere ve yabanc\u0131 misyon temsilcilerine, polis, jandarma, sahil g\u00fcvenlik ve g\u00fcvenlik korucular\u0131ndan esnaf ve sanatkarlara pek \u00e7ok kesimle iftarlar vesilesiyle bir araya geldiklerini s\u00f6yledi.<\/p>\n<p>Erdo\u011fan, 8 Mart D\u00fcnya Kad\u0131nlar G\u00fcn\u00fc m\u00fcnasebetiyle \u0130stanbul\u2019da d\u00fczenlenen iftar program\u0131nda han\u0131mlarla da son 22 y\u0131l\u0131n muhasebesini yapt\u0131klar\u0131n\u0131 belirtti.<\/p>\n<p>TC Cumhurba\u015fkan\u0131 Erdo\u011fan, ihdas edilen Kad\u0131n\u0131n G\u00fc\u00e7lenmesi Koordinasyon Kurulu ve il koordinasyon kurullar\u0131n\u0131n \u00f6nemli bir ihtiyac\u0131 giderece\u011fi kanaatinde oldu\u011funu ifade ederek, \u201cKad\u0131nlar\u0131 bir vitrin s\u00fcs\u00fc veya siyasi \u015fov malzemesi olarak g\u00f6renlere inat, han\u0131m karde\u015flerimizi her alanda destekleyip te\u015fvik etmeyi, kad\u0131nlar\u0131n yan\u0131nda olmay\u0131 bundan sonra da \u00e7ok g\u00fc\u00e7l\u00fc bir \u015fekilde s\u00fcrd\u00fcrece\u011fiz.\u201d diye konu\u015ftu.<\/p>\n<p>-\u201cBu y\u0131l daha da g\u00fc\u00e7l\u00fc bir b\u00fcy\u00fcme sergileyece\u011fiz\u201d<\/p>\n<p>Ekonomide umut verici haberler ald\u0131klar\u0131n\u0131 vurgulayan Erdo\u011fan, \u201c2024\u2019te y\u00fczde 3,2\u2019lik b\u00fcy\u00fcmeyle G20 \u00fclkeleri aras\u0131nda d\u00f6rd\u00fcnc\u00fc s\u0131raya yerle\u015ftik. Milli gelirimiz 1,3 trilyon dolar\u0131, ki\u015fi ba\u015f\u0131 gelirimiz ise 15 bin dolar\u0131 ge\u00e7ti. Yat\u0131r\u0131mlar ve ihracat\u0131n r\u00fczgar\u0131n\u0131 arkam\u0131za alarak bu y\u0131l daha da g\u00fc\u00e7l\u00fc bir b\u00fcy\u00fcme sergileyece\u011fiz. Merkez Bankam\u0131z\u0131n rezervleri 165 milyar dolar\u0131 a\u015ft\u0131. 6 \u015eubat depremlerinin yaralar\u0131n\u0131 sarmak i\u00e7in harcad\u0131\u011f\u0131m\u0131z 75 milyar dolara ra\u011fmen b\u00fct\u00e7e a\u00e7\u0131\u011f\u0131nda s\u0131k\u0131nt\u0131l\u0131 bir durumla kar\u015f\u0131la\u015fmad\u0131k. Hatta bu alanda geli\u015fmekte olan \u00fclkelerden bile daha iyi konumday\u0131z. Ge\u00e7ti\u011fimiz y\u0131l cari a\u00e7\u0131\u011f\u0131m\u0131z\u0131 milli gelirimizin binde sekizine indirdik. Bor\u00e7 y\u00fck\u00fcm\u00fcz hafifledi. Risk primimiz d\u00fc\u015ft\u00fc.\u201d a\u00e7\u0131klamas\u0131nda bulundu.<\/p>\n<p>Reel sekt\u00f6r\u00fcn ekonomiye olan\u0131 g\u00fcveninin y\u00fckselmeye ba\u015flad\u0131\u011f\u0131n\u0131, sanayide \u00e7arklar\u0131n d\u00f6nd\u00fc\u011f\u00fcn\u00fc, istihdam oranlar\u0131n\u0131n y\u00fckseldi\u011fini aktaran Erdo\u011fan, May\u0131s 2023\u2019ten beri 1 milyondan fazla yeni istihdam olu\u015fturduklar\u0131n\u0131 s\u00f6yledi.<\/p>\n<p>Erkeklerde i\u015fsizlik oran\u0131n\u0131n y\u00fczde 6,5 ile tarihin en d\u00fc\u015f\u00fck seviyesine indi\u011fini belirten Erdo\u011fan, \u201cEnflasyonla m\u00fccadelede de \u00f6nemli mesafe ald\u0131k. \u015eubat ay\u0131nda enflasyon y\u00fczde 39\u2019a geriledi. Enflasyondaki d\u00fc\u015f\u00fc\u015f \u00f6zellikle y\u0131l\u0131n geri kalan\u0131nda da devam edecek. Ge\u00e7mi\u015f h\u00fck\u00fcmetler d\u00f6nemimizde ba\u015fard\u0131\u011f\u0131m\u0131z gibi in\u015fallah enflasyonu yine tek haneli rakamlara indirece\u011fiz. Enflasyondaki d\u00fc\u015f\u00fc\u015f h\u0131zland\u0131k\u00e7a vatanda\u015flar\u0131m\u0131z\u0131n al\u0131m g\u00fcc\u00fc de artacakt\u0131r.\u201d ifadelerini kulland\u0131.<\/p>\n<p>Hem do\u011fum yard\u0131mlar\u0131n\u0131n hem de emeklilerin bayram ikramiyeleriyle ilgili tekliflerin bug\u00fcn AK Parti Grubu taraf\u0131ndan Meclis Ba\u015fkanl\u0131\u011f\u0131na sunuldu\u011funu an\u0131msatan Erdo\u011fan, \u015funlar\u0131 kaydetti:<\/p>\n<p>\u201cGe\u00e7mi\u015fte \u00fclkemize a\u011f\u0131r faturalar \u00f6deten pop\u00fclizme tevess\u00fcl etmeden bu s\u00fcreci ba\u015far\u0131yla y\u00f6netece\u011fiz. Biz muhalefetten farkl\u0131 olarak kendimizi de\u011fil, milletimizi d\u00fc\u015f\u00fcn\u00fcyoruz. Sadece bug\u00fcn\u00fc de\u011fil \u00fclkemizin yar\u0131nlar\u0131n\u0131 da in\u015fa ediyoruz. Gelece\u011fin b\u00fcy\u00fck ve g\u00fc\u00e7l\u00fc T\u00fcrkiye\u2019sinin siluetini olu\u015fturuyoruz. \u00d6n\u00fcm\u00fczde a\u015fmam\u0131z gereken engeller bulundu\u011funun fark\u0131nday\u0131z. Allah\u2019\u0131n yard\u0131m\u0131, milletimizin de deste\u011fiyle in\u015fallah bunlar\u0131n da mutlaka \u00fcstesinden gelece\u011fiz.\u201d<\/p>\n<p>-\u201cBalyozu en sert vuranlar ise sistemin banileridir\u201d<\/p>\n<p>TC Cumhurba\u015fkan\u0131 Erdo\u011fan, \u201cTer\u00f6rs\u00fcz T\u00fcrkiye\u201d ifadesinde v\u00fccut bulan hedeflere s\u00fcratle ula\u015fmak i\u00e7in yo\u011fun bir gayret i\u00e7erisinde olduklar\u0131n\u0131 vurgulad\u0131.<\/p>\n<p>\u201c40 y\u0131ld\u0131r milletimizin fertleri aras\u0131nda kandan ve ac\u0131dan bir duvar \u00f6ren ter\u00f6r musibetinin ortadan kalkmas\u0131 i\u00e7in \u00e7ok hassas \u00e7al\u0131\u015fmalar y\u00fcr\u00fct\u00fcyoruz.\u201d diyen Erdo\u011fan, ama\u00e7lar\u0131n\u0131n b\u00f6lgede ve d\u00fcnyada yeni bir denklem kurulurken, T\u00fcrkiye\u2019yi buna en iyi \u015fekilde haz\u0131rlamak oldu\u011funu belirtti.<\/p>\n<p>D\u0131\u015f politikada son haftalarda ya\u015fanan tart\u0131\u015fmalar\u0131n art\u0131k hi\u00e7bir \u015feyin eskisi gibi devam etmeyece\u011fini g\u00f6sterdi\u011fine dikkati \u00e7eken Erdo\u011fan, \u015f\u00f6yle devam etti:<\/p>\n<p>\u201cDaha a\u00e7\u0131k bir ifadeyle kural ve hukuk temelli oldu\u011fu iddia edilen k\u00fcresel temelli sistem \u00e7\u00f6k\u00fc\u015f evresine girmi\u015ftir. Uluslararas\u0131 nizama balyozu en sert vuranlar ise sistemin banileridir. Filistin, L\u00fcbnan ve Ukrayna ba\u015fta olmak \u00fczere d\u00fcnyan\u0131n bir\u00e7ok b\u00f6lgesinde sars\u0131nt\u0131n\u0131n seslerini hepimiz duymaktay\u0131z. Hemen herkes art\u0131k geri d\u00f6n\u00fc\u015f\u00fc olmayan bir yola girildi\u011fini kabul ve ikrar ediyor. Eski sistemden \u00e7\u0131kar sa\u011flayanlar\u0131n kayg\u0131s\u0131n\u0131n temel sebebi i\u015fte budur. Biz de t\u00fcm stratejilerimizi buna g\u00f6re \u015fekillendiriyoruz. Gelecek asr\u0131m\u0131z\u0131n nas\u0131l olaca\u011f\u0131n\u0131 belirleyecek yeni m\u00fccadele d\u00f6nemine her a\u00e7\u0131dan idmanl\u0131 girmeyi hedefliyoruz. S\u0131rt\u0131m\u0131zdaki y\u00fcklerden kurtulmu\u015f aya\u011f\u0131m\u0131zdaki prangalar\u0131 par\u00e7alam\u0131\u015f bir \u015fekilde yeni d\u00f6nemi kar\u015f\u0131lamak niyetindeyiz. \u2018Ter\u00f6rs\u00fcz T\u00fcrkiye\u2019 hedefimiz t\u00fcm unsurlar\u0131yla ger\u00e7ekle\u015fti\u011finde 85 milyon olarak k\u00fcresel rekabette \u00e7ok b\u00fcy\u00fck avantaj elde edece\u011fiz. Ne yap\u0131yorsak i\u015fte bu vizyonla yap\u0131yoruz. Hangi ad\u0131m\u0131 at\u0131yorsak bir an \u00f6nce bu hedefe varmak i\u00e7in at\u0131yoruz.\u201d<\/p>\n<\/p><\/div>\n<p><script async\n                    defer\n                    crossorigin=\"anonymous\"\n                    src=\"https:\/\/connect.facebook.net\/tr_TR\/sdk.js#xfbml=1&#038;version=v3.3\"\n            ><\/script><\/p>\n","protected":false},"excerpt":{"rendered":"<p>T\u00fcrkiye Cumhurba\u015fkan\u0131 Recep Tayyip Erdo\u011fan, \u201cT\u00fcrkiye olarak Suriye\u2019nin birli\u011fini, dirli\u011fini, toplumsal bar\u0131\u015f\u0131n\u0131 hedef alan her t\u00fcrl\u00fc sald\u0131r\u0131y\u0131, ter\u00f6r ve tedhi\u015f eylemini en g\u00fc\u00e7l\u00fc bi\u00e7imde lanetliyoruz.\u201d dedi. Erdo\u011fan, TC Cumhurba\u015fkanl\u0131\u011f\u0131 K\u00fclliyesi\u2019nde, Kabine Toplant\u0131s\u0131\u2019n\u0131n ard\u0131ndan millete seslendi. Ramazan ay\u0131n\u0131n, orucuyla, mukabelesiyle teravihiyle her ak\u015fam adeta birer muhabbet sofras\u0131na d\u00f6n\u00fc\u015fen iftar sofralar\u0131yla ve daha nice g\u00fczellikleriyle hayat\u0131 tamamen [&hellip;]<\/p>\n","protected":false},"author":1,"featured_media":19603,"comment_status":"open","ping_status":"open","sticky":false,"template":"","format":"standard","meta":{"jnews-multi-image_gallery":[],"jnews_single_post":[],"jnews_primary_category":[],"footnotes":""},"categories":[2],"tags":[],"class_list":["post-19602","post","type-post","status-publish","format-standard","has-post-thumbnail","hentry","category-dunya"],"yoast_head":"<!-- This site is optimized with the Yoast SEO plugin v27.5 - https:\/\/yoast.com\/product\/yoast-seo-wordpress\/ -->\n<title>TC Cumhurba\u015fkan\u0131 Erdo\u011fan:AB ile tam \u00fcyelik hedefine odaklanan bir bak\u0131\u015f a\u00e7\u0131s\u0131yla ili\u015fkilerimizi geli\u015ftirmek istiyoruz - Haber Kuzey<\/title>\n<meta name=\"robots\" content=\"index, follow, max-snippet:-1, max-image-preview:large, max-video-preview:-1\" \/>\n<link rel=\"canonical\" href=\"https:\/\/haberkuzey.com\/index.php\/2025\/03\/10\/tc-cumhurbaskani-erdoganab-ile-tam-uyelik-hedefine-odaklanan-bir-bakis-acisiyla-iliskilerimizi-gelistirmek-istiyoruz\/\" \/>\n<meta property=\"og:locale\" content=\"tr_TR\" \/>\n<meta property=\"og:type\" content=\"article\" \/>\n<meta property=\"og:title\" content=\"TC Cumhurba\u015fkan\u0131 Erdo\u011fan:AB ile tam \u00fcyelik hedefine odaklanan bir bak\u0131\u015f a\u00e7\u0131s\u0131yla ili\u015fkilerimizi geli\u015ftirmek istiyoruz - Haber Kuzey\" \/>\n<meta property=\"og:description\" content=\"T\u00fcrkiye Cumhurba\u015fkan\u0131 Recep Tayyip Erdo\u011fan, \u201cT\u00fcrkiye olarak Suriye\u2019nin birli\u011fini, dirli\u011fini, toplumsal bar\u0131\u015f\u0131n\u0131 hedef alan her t\u00fcrl\u00fc sald\u0131r\u0131y\u0131, ter\u00f6r ve tedhi\u015f eylemini en g\u00fc\u00e7l\u00fc bi\u00e7imde lanetliyoruz.\u201d dedi. Erdo\u011fan, TC Cumhurba\u015fkanl\u0131\u011f\u0131 K\u00fclliyesi\u2019nde, Kabine Toplant\u0131s\u0131\u2019n\u0131n ard\u0131ndan millete seslendi. Ramazan ay\u0131n\u0131n, orucuyla, mukabelesiyle teravihiyle her ak\u015fam adeta birer muhabbet sofras\u0131na d\u00f6n\u00fc\u015fen iftar sofralar\u0131yla ve daha nice g\u00fczellikleriyle hayat\u0131 tamamen [&hellip;]\" \/>\n<meta property=\"og:url\" content=\"https:\/\/haberkuzey.com\/index.php\/2025\/03\/10\/tc-cumhurbaskani-erdoganab-ile-tam-uyelik-hedefine-odaklanan-bir-bakis-acisiyla-iliskilerimizi-gelistirmek-istiyoruz\/\" \/>\n<meta property=\"og:site_name\" content=\"Haber Kuzey\" \/>\n<meta property=\"article:published_time\" content=\"2025-03-10T17:22:24+00:00\" \/>\n<meta property=\"og:image\" content=\"https:\/\/brtk.net\/wp-content\/uploads\/2025\/03\/10\/1741625539914Ekran-goruntusu-2025-03-10-185154.png?ver=ab199d0fbf0612ccd499d37dbc1e4a0f\" \/>\n<meta name=\"author\" content=\"haberkuzey\" \/>\n<meta name=\"twitter:card\" content=\"summary_large_image\" \/>\n<meta name=\"twitter:label1\" content=\"Yazan:\" \/>\n\t<meta name=\"twitter:data1\" content=\"haberkuzey\" \/>\n\t<meta name=\"twitter:label2\" content=\"Tahmini okuma s\u00fcresi\" \/>\n\t<meta name=\"twitter:data2\" content=\"14 dakika\" \/>\n<script type=\"application\/ld+json\" class=\"yoast-schema-graph\">{\"@context\":\"https:\\\/\\\/schema.org\",\"@graph\":[{\"@type\":\"Article\",\"@id\":\"https:\\\/\\\/haberkuzey.com\\\/index.php\\\/2025\\\/03\\\/10\\\/tc-cumhurbaskani-erdoganab-ile-tam-uyelik-hedefine-odaklanan-bir-bakis-acisiyla-iliskilerimizi-gelistirmek-istiyoruz\\\/#article\",\"isPartOf\":{\"@id\":\"https:\\\/\\\/haberkuzey.com\\\/index.php\\\/2025\\\/03\\\/10\\\/tc-cumhurbaskani-erdoganab-ile-tam-uyelik-hedefine-odaklanan-bir-bakis-acisiyla-iliskilerimizi-gelistirmek-istiyoruz\\\/\"},\"author\":{\"name\":\"haberkuzey\",\"@id\":\"https:\\\/\\\/haberkuzey.com\\\/#\\\/schema\\\/person\\\/3372109ec735f9333f4fa47ebb9605ca\"},\"headline\":\"TC Cumhurba\u015fkan\u0131 Erdo\u011fan:AB ile tam \u00fcyelik hedefine odaklanan bir bak\u0131\u015f a\u00e7\u0131s\u0131yla ili\u015fkilerimizi geli\u015ftirmek istiyoruz\",\"datePublished\":\"2025-03-10T17:22:24+00:00\",\"mainEntityOfPage\":{\"@id\":\"https:\\\/\\\/haberkuzey.com\\\/index.php\\\/2025\\\/03\\\/10\\\/tc-cumhurbaskani-erdoganab-ile-tam-uyelik-hedefine-odaklanan-bir-bakis-acisiyla-iliskilerimizi-gelistirmek-istiyoruz\\\/\"},\"wordCount\":2896,\"commentCount\":0,\"image\":{\"@id\":\"https:\\\/\\\/haberkuzey.com\\\/index.php\\\/2025\\\/03\\\/10\\\/tc-cumhurbaskani-erdoganab-ile-tam-uyelik-hedefine-odaklanan-bir-bakis-acisiyla-iliskilerimizi-gelistirmek-istiyoruz\\\/#primaryimage\"},\"thumbnailUrl\":\"https:\\\/\\\/haberkuzey.com\\\/wp-content\\\/uploads\\\/2025\\\/03\\\/1741625539914Ekran-goruntusu-2025-03-10-185154.png\",\"articleSection\":[\"D\u00fcnya\"],\"inLanguage\":\"tr\",\"potentialAction\":[{\"@type\":\"CommentAction\",\"name\":\"Comment\",\"target\":[\"https:\\\/\\\/haberkuzey.com\\\/index.php\\\/2025\\\/03\\\/10\\\/tc-cumhurbaskani-erdoganab-ile-tam-uyelik-hedefine-odaklanan-bir-bakis-acisiyla-iliskilerimizi-gelistirmek-istiyoruz\\\/#respond\"]}]},{\"@type\":\"WebPage\",\"@id\":\"https:\\\/\\\/haberkuzey.com\\\/index.php\\\/2025\\\/03\\\/10\\\/tc-cumhurbaskani-erdoganab-ile-tam-uyelik-hedefine-odaklanan-bir-bakis-acisiyla-iliskilerimizi-gelistirmek-istiyoruz\\\/\",\"url\":\"https:\\\/\\\/haberkuzey.com\\\/index.php\\\/2025\\\/03\\\/10\\\/tc-cumhurbaskani-erdoganab-ile-tam-uyelik-hedefine-odaklanan-bir-bakis-acisiyla-iliskilerimizi-gelistirmek-istiyoruz\\\/\",\"name\":\"TC Cumhurba\u015fkan\u0131 Erdo\u011fan:AB ile tam \u00fcyelik hedefine odaklanan bir bak\u0131\u015f a\u00e7\u0131s\u0131yla ili\u015fkilerimizi geli\u015ftirmek istiyoruz - Haber Kuzey\",\"isPartOf\":{\"@id\":\"https:\\\/\\\/haberkuzey.com\\\/#website\"},\"primaryImageOfPage\":{\"@id\":\"https:\\\/\\\/haberkuzey.com\\\/index.php\\\/2025\\\/03\\\/10\\\/tc-cumhurbaskani-erdoganab-ile-tam-uyelik-hedefine-odaklanan-bir-bakis-acisiyla-iliskilerimizi-gelistirmek-istiyoruz\\\/#primaryimage\"},\"image\":{\"@id\":\"https:\\\/\\\/haberkuzey.com\\\/index.php\\\/2025\\\/03\\\/10\\\/tc-cumhurbaskani-erdoganab-ile-tam-uyelik-hedefine-odaklanan-bir-bakis-acisiyla-iliskilerimizi-gelistirmek-istiyoruz\\\/#primaryimage\"},\"thumbnailUrl\":\"https:\\\/\\\/haberkuzey.com\\\/wp-content\\\/uploads\\\/2025\\\/03\\\/1741625539914Ekran-goruntusu-2025-03-10-185154.png\",\"datePublished\":\"2025-03-10T17:22:24+00:00\",\"author\":{\"@id\":\"https:\\\/\\\/haberkuzey.com\\\/#\\\/schema\\\/person\\\/3372109ec735f9333f4fa47ebb9605ca\"},\"breadcrumb\":{\"@id\":\"https:\\\/\\\/haberkuzey.com\\\/index.php\\\/2025\\\/03\\\/10\\\/tc-cumhurbaskani-erdoganab-ile-tam-uyelik-hedefine-odaklanan-bir-bakis-acisiyla-iliskilerimizi-gelistirmek-istiyoruz\\\/#breadcrumb\"},\"inLanguage\":\"tr\",\"potentialAction\":[{\"@type\":\"ReadAction\",\"target\":[\"https:\\\/\\\/haberkuzey.com\\\/index.php\\\/2025\\\/03\\\/10\\\/tc-cumhurbaskani-erdoganab-ile-tam-uyelik-hedefine-odaklanan-bir-bakis-acisiyla-iliskilerimizi-gelistirmek-istiyoruz\\\/\"]}]},{\"@type\":\"ImageObject\",\"inLanguage\":\"tr\",\"@id\":\"https:\\\/\\\/haberkuzey.com\\\/index.php\\\/2025\\\/03\\\/10\\\/tc-cumhurbaskani-erdoganab-ile-tam-uyelik-hedefine-odaklanan-bir-bakis-acisiyla-iliskilerimizi-gelistirmek-istiyoruz\\\/#primaryimage\",\"url\":\"https:\\\/\\\/haberkuzey.com\\\/wp-content\\\/uploads\\\/2025\\\/03\\\/1741625539914Ekran-goruntusu-2025-03-10-185154.png\",\"contentUrl\":\"https:\\\/\\\/haberkuzey.com\\\/wp-content\\\/uploads\\\/2025\\\/03\\\/1741625539914Ekran-goruntusu-2025-03-10-185154.png\",\"width\":1133,\"height\":624},{\"@type\":\"BreadcrumbList\",\"@id\":\"https:\\\/\\\/haberkuzey.com\\\/index.php\\\/2025\\\/03\\\/10\\\/tc-cumhurbaskani-erdoganab-ile-tam-uyelik-hedefine-odaklanan-bir-bakis-acisiyla-iliskilerimizi-gelistirmek-istiyoruz\\\/#breadcrumb\",\"itemListElement\":[{\"@type\":\"ListItem\",\"position\":1,\"name\":\"Anasayfa\",\"item\":\"https:\\\/\\\/haberkuzey.com\\\/\"},{\"@type\":\"ListItem\",\"position\":2,\"name\":\"TC Cumhurba\u015fkan\u0131 Erdo\u011fan:AB ile tam \u00fcyelik hedefine odaklanan bir bak\u0131\u015f a\u00e7\u0131s\u0131yla ili\u015fkilerimizi geli\u015ftirmek istiyoruz\"}]},{\"@type\":\"WebSite\",\"@id\":\"https:\\\/\\\/haberkuzey.com\\\/#website\",\"url\":\"https:\\\/\\\/haberkuzey.com\\\/\",\"name\":\"Haber Kuzey\",\"description\":\"Do\u011fru Haberin Adresi\",\"potentialAction\":[{\"@type\":\"SearchAction\",\"target\":{\"@type\":\"EntryPoint\",\"urlTemplate\":\"https:\\\/\\\/haberkuzey.com\\\/?s={search_term_string}\"},\"query-input\":{\"@type\":\"PropertyValueSpecification\",\"valueRequired\":true,\"valueName\":\"search_term_string\"}}],\"inLanguage\":\"tr\"},{\"@type\":\"Person\",\"@id\":\"https:\\\/\\\/haberkuzey.com\\\/#\\\/schema\\\/person\\\/3372109ec735f9333f4fa47ebb9605ca\",\"name\":\"haberkuzey\",\"image\":{\"@type\":\"ImageObject\",\"inLanguage\":\"tr\",\"@id\":\"https:\\\/\\\/secure.gravatar.com\\\/avatar\\\/f5fc875574b1575324358c3b9e6a32b8227aa5b74f3fa22e3cadb63e26fcc39c?s=96&d=mm&r=g\",\"url\":\"https:\\\/\\\/secure.gravatar.com\\\/avatar\\\/f5fc875574b1575324358c3b9e6a32b8227aa5b74f3fa22e3cadb63e26fcc39c?s=96&d=mm&r=g\",\"contentUrl\":\"https:\\\/\\\/secure.gravatar.com\\\/avatar\\\/f5fc875574b1575324358c3b9e6a32b8227aa5b74f3fa22e3cadb63e26fcc39c?s=96&d=mm&r=g\",\"caption\":\"haberkuzey\"},\"sameAs\":[\"https:\\\/\\\/haberkuzey.com\"],\"url\":\"https:\\\/\\\/haberkuzey.com\\\/index.php\\\/author\\\/haberkuzey\\\/\"}]}<\/script>\n<!-- \/ Yoast SEO plugin. -->","yoast_head_json":{"title":"TC Cumhurba\u015fkan\u0131 Erdo\u011fan:AB ile tam \u00fcyelik hedefine odaklanan bir bak\u0131\u015f a\u00e7\u0131s\u0131yla ili\u015fkilerimizi geli\u015ftirmek istiyoruz - Haber Kuzey","robots":{"index":"index","follow":"follow","max-snippet":"max-snippet:-1","max-image-preview":"max-image-preview:large","max-video-preview":"max-video-preview:-1"},"canonical":"https:\/\/haberkuzey.com\/index.php\/2025\/03\/10\/tc-cumhurbaskani-erdoganab-ile-tam-uyelik-hedefine-odaklanan-bir-bakis-acisiyla-iliskilerimizi-gelistirmek-istiyoruz\/","og_locale":"tr_TR","og_type":"article","og_title":"TC Cumhurba\u015fkan\u0131 Erdo\u011fan:AB ile tam \u00fcyelik hedefine odaklanan bir bak\u0131\u015f a\u00e7\u0131s\u0131yla ili\u015fkilerimizi geli\u015ftirmek istiyoruz - Haber Kuzey","og_description":"T\u00fcrkiye Cumhurba\u015fkan\u0131 Recep Tayyip Erdo\u011fan, \u201cT\u00fcrkiye olarak Suriye\u2019nin birli\u011fini, dirli\u011fini, toplumsal bar\u0131\u015f\u0131n\u0131 hedef alan her t\u00fcrl\u00fc sald\u0131r\u0131y\u0131, ter\u00f6r ve tedhi\u015f eylemini en g\u00fc\u00e7l\u00fc bi\u00e7imde lanetliyoruz.\u201d dedi. Erdo\u011fan, TC Cumhurba\u015fkanl\u0131\u011f\u0131 K\u00fclliyesi\u2019nde, Kabine Toplant\u0131s\u0131\u2019n\u0131n ard\u0131ndan millete seslendi. Ramazan ay\u0131n\u0131n, orucuyla, mukabelesiyle teravihiyle her ak\u015fam adeta birer muhabbet sofras\u0131na d\u00f6n\u00fc\u015fen iftar sofralar\u0131yla ve daha nice g\u00fczellikleriyle hayat\u0131 tamamen [&hellip;]","og_url":"https:\/\/haberkuzey.com\/index.php\/2025\/03\/10\/tc-cumhurbaskani-erdoganab-ile-tam-uyelik-hedefine-odaklanan-bir-bakis-acisiyla-iliskilerimizi-gelistirmek-istiyoruz\/","og_site_name":"Haber Kuzey","article_published_time":"2025-03-10T17:22:24+00:00","og_image":[{"url":"https:\/\/brtk.net\/wp-content\/uploads\/2025\/03\/10\/1741625539914Ekran-goruntusu-2025-03-10-185154.png?ver=ab199d0fbf0612ccd499d37dbc1e4a0f","type":"","width":"","height":""}],"author":"haberkuzey","twitter_card":"summary_large_image","twitter_misc":{"Yazan:":"haberkuzey","Tahmini okuma s\u00fcresi":"14 dakika"},"schema":{"@context":"https:\/\/schema.org","@graph":[{"@type":"Article","@id":"https:\/\/haberkuzey.com\/index.php\/2025\/03\/10\/tc-cumhurbaskani-erdoganab-ile-tam-uyelik-hedefine-odaklanan-bir-bakis-acisiyla-iliskilerimizi-gelistirmek-istiyoruz\/#article","isPartOf":{"@id":"https:\/\/haberkuzey.com\/index.php\/2025\/03\/10\/tc-cumhurbaskani-erdoganab-ile-tam-uyelik-hedefine-odaklanan-bir-bakis-acisiyla-iliskilerimizi-gelistirmek-istiyoruz\/"},"author":{"name":"haberkuzey","@id":"https:\/\/haberkuzey.com\/#\/schema\/person\/3372109ec735f9333f4fa47ebb9605ca"},"headline":"TC Cumhurba\u015fkan\u0131 Erdo\u011fan:AB ile tam \u00fcyelik hedefine odaklanan bir bak\u0131\u015f a\u00e7\u0131s\u0131yla ili\u015fkilerimizi geli\u015ftirmek istiyoruz","datePublished":"2025-03-10T17:22:24+00:00","mainEntityOfPage":{"@id":"https:\/\/haberkuzey.com\/index.php\/2025\/03\/10\/tc-cumhurbaskani-erdoganab-ile-tam-uyelik-hedefine-odaklanan-bir-bakis-acisiyla-iliskilerimizi-gelistirmek-istiyoruz\/"},"wordCount":2896,"commentCount":0,"image":{"@id":"https:\/\/haberkuzey.com\/index.php\/2025\/03\/10\/tc-cumhurbaskani-erdoganab-ile-tam-uyelik-hedefine-odaklanan-bir-bakis-acisiyla-iliskilerimizi-gelistirmek-istiyoruz\/#primaryimage"},"thumbnailUrl":"https:\/\/haberkuzey.com\/wp-content\/uploads\/2025\/03\/1741625539914Ekran-goruntusu-2025-03-10-185154.png","articleSection":["D\u00fcnya"],"inLanguage":"tr","potentialAction":[{"@type":"CommentAction","name":"Comment","target":["https:\/\/haberkuzey.com\/index.php\/2025\/03\/10\/tc-cumhurbaskani-erdoganab-ile-tam-uyelik-hedefine-odaklanan-bir-bakis-acisiyla-iliskilerimizi-gelistirmek-istiyoruz\/#respond"]}]},{"@type":"WebPage","@id":"https:\/\/haberkuzey.com\/index.php\/2025\/03\/10\/tc-cumhurbaskani-erdoganab-ile-tam-uyelik-hedefine-odaklanan-bir-bakis-acisiyla-iliskilerimizi-gelistirmek-istiyoruz\/","url":"https:\/\/haberkuzey.com\/index.php\/2025\/03\/10\/tc-cumhurbaskani-erdoganab-ile-tam-uyelik-hedefine-odaklanan-bir-bakis-acisiyla-iliskilerimizi-gelistirmek-istiyoruz\/","name":"TC Cumhurba\u015fkan\u0131 Erdo\u011fan:AB ile tam \u00fcyelik hedefine odaklanan bir bak\u0131\u015f a\u00e7\u0131s\u0131yla ili\u015fkilerimizi geli\u015ftirmek istiyoruz - Haber Kuzey","isPartOf":{"@id":"https:\/\/haberkuzey.com\/#website"},"primaryImageOfPage":{"@id":"https:\/\/haberkuzey.com\/index.php\/2025\/03\/10\/tc-cumhurbaskani-erdoganab-ile-tam-uyelik-hedefine-odaklanan-bir-bakis-acisiyla-iliskilerimizi-gelistirmek-istiyoruz\/#primaryimage"},"image":{"@id":"https:\/\/haberkuzey.com\/index.php\/2025\/03\/10\/tc-cumhurbaskani-erdoganab-ile-tam-uyelik-hedefine-odaklanan-bir-bakis-acisiyla-iliskilerimizi-gelistirmek-istiyoruz\/#primaryimage"},"thumbnailUrl":"https:\/\/haberkuzey.com\/wp-content\/uploads\/2025\/03\/1741625539914Ekran-goruntusu-2025-03-10-185154.png","datePublished":"2025-03-10T17:22:24+00:00","author":{"@id":"https:\/\/haberkuzey.com\/#\/schema\/person\/3372109ec735f9333f4fa47ebb9605ca"},"breadcrumb":{"@id":"https:\/\/haberkuzey.com\/index.php\/2025\/03\/10\/tc-cumhurbaskani-erdoganab-ile-tam-uyelik-hedefine-odaklanan-bir-bakis-acisiyla-iliskilerimizi-gelistirmek-istiyoruz\/#breadcrumb"},"inLanguage":"tr","potentialAction":[{"@type":"ReadAction","target":["https:\/\/haberkuzey.com\/index.php\/2025\/03\/10\/tc-cumhurbaskani-erdoganab-ile-tam-uyelik-hedefine-odaklanan-bir-bakis-acisiyla-iliskilerimizi-gelistirmek-istiyoruz\/"]}]},{"@type":"ImageObject","inLanguage":"tr","@id":"https:\/\/haberkuzey.com\/index.php\/2025\/03\/10\/tc-cumhurbaskani-erdoganab-ile-tam-uyelik-hedefine-odaklanan-bir-bakis-acisiyla-iliskilerimizi-gelistirmek-istiyoruz\/#primaryimage","url":"https:\/\/haberkuzey.com\/wp-content\/uploads\/2025\/03\/1741625539914Ekran-goruntusu-2025-03-10-185154.png","contentUrl":"https:\/\/haberkuzey.com\/wp-content\/uploads\/2025\/03\/1741625539914Ekran-goruntusu-2025-03-10-185154.png","width":1133,"height":624},{"@type":"BreadcrumbList","@id":"https:\/\/haberkuzey.com\/index.php\/2025\/03\/10\/tc-cumhurbaskani-erdoganab-ile-tam-uyelik-hedefine-odaklanan-bir-bakis-acisiyla-iliskilerimizi-gelistirmek-istiyoruz\/#breadcrumb","itemListElement":[{"@type":"ListItem","position":1,"name":"Anasayfa","item":"https:\/\/haberkuzey.com\/"},{"@type":"ListItem","position":2,"name":"TC Cumhurba\u015fkan\u0131 Erdo\u011fan:AB ile tam \u00fcyelik hedefine odaklanan bir bak\u0131\u015f a\u00e7\u0131s\u0131yla ili\u015fkilerimizi geli\u015ftirmek istiyoruz"}]},{"@type":"WebSite","@id":"https:\/\/haberkuzey.com\/#website","url":"https:\/\/haberkuzey.com\/","name":"Haber Kuzey","description":"Do\u011fru Haberin Adresi","potentialAction":[{"@type":"SearchAction","target":{"@type":"EntryPoint","urlTemplate":"https:\/\/haberkuzey.com\/?s={search_term_string}"},"query-input":{"@type":"PropertyValueSpecification","valueRequired":true,"valueName":"search_term_string"}}],"inLanguage":"tr"},{"@type":"Person","@id":"https:\/\/haberkuzey.com\/#\/schema\/person\/3372109ec735f9333f4fa47ebb9605ca","name":"haberkuzey","image":{"@type":"ImageObject","inLanguage":"tr","@id":"https:\/\/secure.gravatar.com\/avatar\/f5fc875574b1575324358c3b9e6a32b8227aa5b74f3fa22e3cadb63e26fcc39c?s=96&d=mm&r=g","url":"https:\/\/secure.gravatar.com\/avatar\/f5fc875574b1575324358c3b9e6a32b8227aa5b74f3fa22e3cadb63e26fcc39c?s=96&d=mm&r=g","contentUrl":"https:\/\/secure.gravatar.com\/avatar\/f5fc875574b1575324358c3b9e6a32b8227aa5b74f3fa22e3cadb63e26fcc39c?s=96&d=mm&r=g","caption":"haberkuzey"},"sameAs":["https:\/\/haberkuzey.com"],"url":"https:\/\/haberkuzey.com\/index.php\/author\/haberkuzey\/"}]}},"_links":{"self":[{"href":"https:\/\/haberkuzey.com\/index.php\/wp-json\/wp\/v2\/posts\/19602","targetHints":{"allow":["GET"]}}],"collection":[{"href":"https:\/\/haberkuzey.com\/index.php\/wp-json\/wp\/v2\/posts"}],"about":[{"href":"https:\/\/haberkuzey.com\/index.php\/wp-json\/wp\/v2\/types\/post"}],"author":[{"embeddable":true,"href":"https:\/\/haberkuzey.com\/index.php\/wp-json\/wp\/v2\/users\/1"}],"replies":[{"embeddable":true,"href":"https:\/\/haberkuzey.com\/index.php\/wp-json\/wp\/v2\/comments?post=19602"}],"version-history":[{"count":0,"href":"https:\/\/haberkuzey.com\/index.php\/wp-json\/wp\/v2\/posts\/19602\/revisions"}],"wp:featuredmedia":[{"embeddable":true,"href":"https:\/\/haberkuzey.com\/index.php\/wp-json\/wp\/v2\/media\/19603"}],"wp:attachment":[{"href":"https:\/\/haberkuzey.com\/index.php\/wp-json\/wp\/v2\/media?parent=19602"}],"wp:term":[{"taxonomy":"category","embeddable":true,"href":"https:\/\/haberkuzey.com\/index.php\/wp-json\/wp\/v2\/categories?post=19602"},{"taxonomy":"post_tag","embeddable":true,"href":"https:\/\/haberkuzey.com\/index.php\/wp-json\/wp\/v2\/tags?post=19602"}],"curies":[{"name":"wp","href":"https:\/\/api.w.org\/{rel}","templated":true}]}}