{"id":19559,"date":"2025-03-10T12:33:40","date_gmt":"2025-03-10T10:33:40","guid":{"rendered":"https:\/\/haberkuzey.com\/index.php\/2025\/03\/10\/urdunde-besli-guvenlik-zirvesine-katilan-hakan-fidandan-suriye-ve-filistin-mesajlari\/"},"modified":"2025-03-10T12:33:40","modified_gmt":"2025-03-10T10:33:40","slug":"urdunde-besli-guvenlik-zirvesine-katilan-hakan-fidandan-suriye-ve-filistin-mesajlari","status":"publish","type":"post","link":"https:\/\/haberkuzey.com\/index.php\/2025\/03\/10\/urdunde-besli-guvenlik-zirvesine-katilan-hakan-fidandan-suriye-ve-filistin-mesajlari\/","title":{"rendered":"\u00dcrd\u00fcn\u2019de Be\u015fli G\u00fcvenlik Zirvesi\u2019ne kat\u0131lan Hakan Fidan\u2019dan Suriye ve Filistin mesajlar\u0131"},"content":{"rendered":"<div>\n<div class=\"mariselle-image-container center\">\n                                            <\/div>\n<p>T\u00fcrkiye D\u0131\u015fi\u015fleri Bakan\u0131 Hakan Fidan, \u201c(Suriye\u2019de ya\u015fanan) Hadiseleri, herhangi bir mezhebe ya da dini gruba mal etmeye \u00e7al\u0131\u015fmak do\u011fru de\u011fildir. Ya\u015fanan gerginliklerin mezhep \u00e7at\u0131\u015fmas\u0131na d\u00f6n\u00fc\u015fmesini ama\u00e7layan provokasyonlara kar\u015f\u0131, itidal ve sa\u011fduyu i\u00e7inde hareket edilmesi b\u00fcy\u00fck \u00f6nem ta\u015f\u0131maktad\u0131r.\u201d ifadesini kulland\u0131.<\/p>\n<p>Fidan, X sosyal medya hesab\u0131ndan yapt\u0131\u011f\u0131 payla\u015f\u0131mda, \u00dcrd\u00fcn, Irak, Suriye ve L\u00fcbnan ile \u00dcrd\u00fcn\u2019\u00fcn ev sahipli\u011finde tarihi nitelikte bir toplant\u0131 ger\u00e7ekle\u015ftirdiklerini belirtti.<\/p>\n<p>B\u00f6lgenin kronik sorunlar\u0131na ortak \u00e7\u00f6z\u00fcmler \u00fcretmek ve b\u00f6lgesel inisiyatif almak amac\u0131yla bir araya geldiklerini kaydeden Fidan, toplant\u0131da, ba\u015fta ter\u00f6rle m\u00fccadele olmak \u00fczere Suriye\u2019nin istikrar\u0131n\u0131 yak\u0131ndan ilgilendiren konular\u0131 detayl\u0131ca ele ald\u0131klar\u0131n\u0131 aktard\u0131.<\/p>\n<p>Hakan Fidan, Suriye\u2019de yeni kurulan h\u00fck\u00fcmete her y\u00f6n\u00fcyle yard\u0131mc\u0131 olma, istikrar sa\u011flay\u0131c\u0131 b\u00fct\u00fcn faaliyetleri destekleme konusunda hemfikir olduklar\u0131n\u0131n alt\u0131n\u0131 \u00e7izdi.<\/p>\n<p>\u201c\u0130srail\u2019in b\u00f6lgedeki yay\u0131lmac\u0131 politikalar\u0131na kar\u015f\u0131 durmak ve Filistin meselesini kal\u0131c\u0131 \u00e7\u00f6z\u00fcme kavu\u015fturmak i\u00e7in sorumluluk almak zorunday\u0131z. Gazze, Filistin topra\u011f\u0131d\u0131r ve \u00f6yle kalacakt\u0131r\u201d ifadesini kullanan Fidan, Filistinlilerin ana yurtlar\u0131ndan zorla g\u00f6\u00e7 ettirilmesine y\u00f6nelik s\u00f6ylem ve ad\u0131mlar\u0131n ba\u015far\u0131s\u0131zl\u0131\u011fa mahkum oldu\u011funu kaydetti.<\/p>\n<p>Fidan, toplant\u0131da ter\u00f6r \u00f6rg\u00fct\u00fc DEA\u015e\u2019a kar\u015f\u0131 m\u00fc\u015fterek operasyon ve istihbarat mekanizmas\u0131 kurulmas\u0131na y\u00f6nelik karar ald\u0131klar\u0131n\u0131 an\u0131msatarak, taraflar\u0131n uzman ekiplerinin s\u00fcreci detayland\u0131rarak h\u0131zla hayata ge\u00e7irece\u011fini belirtti.<\/p>\n<p>\u201cBirlikte hareket etti\u011fimiz s\u00fcrece, b\u00f6lgesel bar\u0131\u015fa ve g\u00fcvenli\u011fe daha g\u00fc\u00e7l\u00fc katk\u0131lar sa\u011flayaca\u011f\u0131z. Bug\u00fcnk\u00fc Be\u015fli G\u00fcvenlik Zirvesi, bu y\u00f6nde at\u0131lm\u0131\u015f \u00e7ok \u00f6nemli bir ad\u0131md\u0131r\u201d g\u00f6r\u00fc\u015f\u00fcne yer veren Fidan, bir sonraki toplant\u0131n\u0131n T\u00fcrkiye\u2019nin ev sahipli\u011finde yap\u0131laca\u011f\u0131n\u0131 hat\u0131rlatt\u0131.<\/p>\n<p>Son g\u00fcnlerde baz\u0131 \u00e7evrelerin, Suriye\u2019de istikrars\u0131zl\u0131k olu\u015fturmak amac\u0131yla toplumsal fay hatlar\u0131n\u0131 harekete ge\u00e7irme \u00e7abalar\u0131n\u0131n g\u00f6zlemlendi\u011fine dikkati \u00e7eken Fidan, \u015funlar\u0131 kaydetti:<\/p>\n<p>\u201cHadiseleri, herhangi bir mezhebe ya da dini gruba mal etmeye \u00e7al\u0131\u015fmak do\u011fru de\u011fildir. Ya\u015fanan gerginliklerin mezhep \u00e7at\u0131\u015fmas\u0131na d\u00f6n\u00fc\u015fmesini ama\u00e7layan provokasyonlara kar\u015f\u0131, itidal ve sa\u011fduyu i\u00e7inde hareket edilmesi b\u00fcy\u00fck \u00f6nem ta\u015f\u0131maktad\u0131r.\u201d<\/p>\n<\/p><\/div>\n<p><script async\n                    defer\n                    crossorigin=\"anonymous\"\n                    src=\"https:\/\/connect.facebook.net\/tr_TR\/sdk.js#xfbml=1&#038;version=v3.3\"\n            ><\/script><\/p>\n","protected":false},"excerpt":{"rendered":"<p>T\u00fcrkiye D\u0131\u015fi\u015fleri Bakan\u0131 Hakan Fidan, \u201c(Suriye\u2019de ya\u015fanan) Hadiseleri, herhangi bir mezhebe ya da dini gruba mal etmeye \u00e7al\u0131\u015fmak do\u011fru de\u011fildir. Ya\u015fanan gerginliklerin mezhep \u00e7at\u0131\u015fmas\u0131na d\u00f6n\u00fc\u015fmesini ama\u00e7layan provokasyonlara kar\u015f\u0131, itidal ve sa\u011fduyu i\u00e7inde hareket edilmesi b\u00fcy\u00fck \u00f6nem ta\u015f\u0131maktad\u0131r.\u201d ifadesini kulland\u0131. Fidan, X sosyal medya hesab\u0131ndan yapt\u0131\u011f\u0131 payla\u015f\u0131mda, \u00dcrd\u00fcn, Irak, Suriye ve L\u00fcbnan ile \u00dcrd\u00fcn\u2019\u00fcn ev sahipli\u011finde [&hellip;]<\/p>\n","protected":false},"author":1,"featured_media":19560,"comment_status":"open","ping_status":"open","sticky":false,"template":"","format":"standard","meta":{"jnews-multi-image_gallery":[],"jnews_single_post":[],"jnews_primary_category":[],"footnotes":""},"categories":[2],"tags":[],"class_list":["post-19559","post","type-post","status-publish","format-standard","has-post-thumbnail","hentry","category-dunya"],"yoast_head":"<!-- This site is optimized with the Yoast SEO plugin v27.5 - https:\/\/yoast.com\/product\/yoast-seo-wordpress\/ -->\n<title>\u00dcrd\u00fcn\u2019de Be\u015fli G\u00fcvenlik Zirvesi\u2019ne kat\u0131lan Hakan Fidan\u2019dan Suriye ve Filistin mesajlar\u0131 - Haber Kuzey<\/title>\n<meta name=\"robots\" content=\"index, follow, max-snippet:-1, max-image-preview:large, max-video-preview:-1\" \/>\n<link rel=\"canonical\" href=\"https:\/\/haberkuzey.com\/index.php\/2025\/03\/10\/urdunde-besli-guvenlik-zirvesine-katilan-hakan-fidandan-suriye-ve-filistin-mesajlari\/\" \/>\n<meta property=\"og:locale\" content=\"tr_TR\" \/>\n<meta property=\"og:type\" content=\"article\" \/>\n<meta property=\"og:title\" content=\"\u00dcrd\u00fcn\u2019de Be\u015fli G\u00fcvenlik Zirvesi\u2019ne kat\u0131lan Hakan Fidan\u2019dan Suriye ve Filistin mesajlar\u0131 - Haber Kuzey\" \/>\n<meta property=\"og:description\" content=\"T\u00fcrkiye D\u0131\u015fi\u015fleri Bakan\u0131 Hakan Fidan, \u201c(Suriye\u2019de ya\u015fanan) Hadiseleri, herhangi bir mezhebe ya da dini gruba mal etmeye \u00e7al\u0131\u015fmak do\u011fru de\u011fildir. Ya\u015fanan gerginliklerin mezhep \u00e7at\u0131\u015fmas\u0131na d\u00f6n\u00fc\u015fmesini ama\u00e7layan provokasyonlara kar\u015f\u0131, itidal ve sa\u011fduyu i\u00e7inde hareket edilmesi b\u00fcy\u00fck \u00f6nem ta\u015f\u0131maktad\u0131r.\u201d ifadesini kulland\u0131. Fidan, X sosyal medya hesab\u0131ndan yapt\u0131\u011f\u0131 payla\u015f\u0131mda, \u00dcrd\u00fcn, Irak, Suriye ve L\u00fcbnan ile \u00dcrd\u00fcn\u2019\u00fcn ev sahipli\u011finde [&hellip;]\" \/>\n<meta property=\"og:url\" content=\"https:\/\/haberkuzey.com\/index.php\/2025\/03\/10\/urdunde-besli-guvenlik-zirvesine-katilan-hakan-fidandan-suriye-ve-filistin-mesajlari\/\" \/>\n<meta property=\"og:site_name\" content=\"Haber Kuzey\" \/>\n<meta property=\"article:published_time\" content=\"2025-03-10T10:33:40+00:00\" \/>\n<meta property=\"og:image\" content=\"https:\/\/brtk.net\/wp-content\/uploads\/2025\/03\/10\/1741592164941thumbs_b_c_fe8287cd0f0d291a62ba5f6a3519012d.jpg?ver=bb9ca967d7d9e433232e7b20350bf29f\" \/>\n<meta name=\"author\" content=\"haberkuzey\" \/>\n<meta name=\"twitter:card\" content=\"summary_large_image\" \/>\n<meta name=\"twitter:label1\" content=\"Yazan:\" \/>\n\t<meta name=\"twitter:data1\" content=\"haberkuzey\" \/>\n\t<meta name=\"twitter:label2\" content=\"Tahmini okuma s\u00fcresi\" \/>\n\t<meta name=\"twitter:data2\" content=\"2 dakika\" \/>\n<script type=\"application\/ld+json\" class=\"yoast-schema-graph\">{\"@context\":\"https:\\\/\\\/schema.org\",\"@graph\":[{\"@type\":\"Article\",\"@id\":\"https:\\\/\\\/haberkuzey.com\\\/index.php\\\/2025\\\/03\\\/10\\\/urdunde-besli-guvenlik-zirvesine-katilan-hakan-fidandan-suriye-ve-filistin-mesajlari\\\/#article\",\"isPartOf\":{\"@id\":\"https:\\\/\\\/haberkuzey.com\\\/index.php\\\/2025\\\/03\\\/10\\\/urdunde-besli-guvenlik-zirvesine-katilan-hakan-fidandan-suriye-ve-filistin-mesajlari\\\/\"},\"author\":{\"name\":\"haberkuzey\",\"@id\":\"https:\\\/\\\/haberkuzey.com\\\/#\\\/schema\\\/person\\\/3372109ec735f9333f4fa47ebb9605ca\"},\"headline\":\"\u00dcrd\u00fcn\u2019de Be\u015fli G\u00fcvenlik Zirvesi\u2019ne kat\u0131lan Hakan Fidan\u2019dan Suriye ve Filistin mesajlar\u0131\",\"datePublished\":\"2025-03-10T10:33:40+00:00\",\"mainEntityOfPage\":{\"@id\":\"https:\\\/\\\/haberkuzey.com\\\/index.php\\\/2025\\\/03\\\/10\\\/urdunde-besli-guvenlik-zirvesine-katilan-hakan-fidandan-suriye-ve-filistin-mesajlari\\\/\"},\"wordCount\":428,\"commentCount\":0,\"image\":{\"@id\":\"https:\\\/\\\/haberkuzey.com\\\/index.php\\\/2025\\\/03\\\/10\\\/urdunde-besli-guvenlik-zirvesine-katilan-hakan-fidandan-suriye-ve-filistin-mesajlari\\\/#primaryimage\"},\"thumbnailUrl\":\"https:\\\/\\\/haberkuzey.com\\\/wp-content\\\/uploads\\\/2025\\\/03\\\/1741592164941thumbs_b_c_fe8287cd0f0d291a62ba5f6a3519012d.jpg\",\"articleSection\":[\"D\u00fcnya\"],\"inLanguage\":\"tr\",\"potentialAction\":[{\"@type\":\"CommentAction\",\"name\":\"Comment\",\"target\":[\"https:\\\/\\\/haberkuzey.com\\\/index.php\\\/2025\\\/03\\\/10\\\/urdunde-besli-guvenlik-zirvesine-katilan-hakan-fidandan-suriye-ve-filistin-mesajlari\\\/#respond\"]}]},{\"@type\":\"WebPage\",\"@id\":\"https:\\\/\\\/haberkuzey.com\\\/index.php\\\/2025\\\/03\\\/10\\\/urdunde-besli-guvenlik-zirvesine-katilan-hakan-fidandan-suriye-ve-filistin-mesajlari\\\/\",\"url\":\"https:\\\/\\\/haberkuzey.com\\\/index.php\\\/2025\\\/03\\\/10\\\/urdunde-besli-guvenlik-zirvesine-katilan-hakan-fidandan-suriye-ve-filistin-mesajlari\\\/\",\"name\":\"\u00dcrd\u00fcn\u2019de Be\u015fli G\u00fcvenlik Zirvesi\u2019ne kat\u0131lan Hakan Fidan\u2019dan Suriye ve Filistin mesajlar\u0131 - Haber Kuzey\",\"isPartOf\":{\"@id\":\"https:\\\/\\\/haberkuzey.com\\\/#website\"},\"primaryImageOfPage\":{\"@id\":\"https:\\\/\\\/haberkuzey.com\\\/index.php\\\/2025\\\/03\\\/10\\\/urdunde-besli-guvenlik-zirvesine-katilan-hakan-fidandan-suriye-ve-filistin-mesajlari\\\/#primaryimage\"},\"image\":{\"@id\":\"https:\\\/\\\/haberkuzey.com\\\/index.php\\\/2025\\\/03\\\/10\\\/urdunde-besli-guvenlik-zirvesine-katilan-hakan-fidandan-suriye-ve-filistin-mesajlari\\\/#primaryimage\"},\"thumbnailUrl\":\"https:\\\/\\\/haberkuzey.com\\\/wp-content\\\/uploads\\\/2025\\\/03\\\/1741592164941thumbs_b_c_fe8287cd0f0d291a62ba5f6a3519012d.jpg\",\"datePublished\":\"2025-03-10T10:33:40+00:00\",\"author\":{\"@id\":\"https:\\\/\\\/haberkuzey.com\\\/#\\\/schema\\\/person\\\/3372109ec735f9333f4fa47ebb9605ca\"},\"breadcrumb\":{\"@id\":\"https:\\\/\\\/haberkuzey.com\\\/index.php\\\/2025\\\/03\\\/10\\\/urdunde-besli-guvenlik-zirvesine-katilan-hakan-fidandan-suriye-ve-filistin-mesajlari\\\/#breadcrumb\"},\"inLanguage\":\"tr\",\"potentialAction\":[{\"@type\":\"ReadAction\",\"target\":[\"https:\\\/\\\/haberkuzey.com\\\/index.php\\\/2025\\\/03\\\/10\\\/urdunde-besli-guvenlik-zirvesine-katilan-hakan-fidandan-suriye-ve-filistin-mesajlari\\\/\"]}]},{\"@type\":\"ImageObject\",\"inLanguage\":\"tr\",\"@id\":\"https:\\\/\\\/haberkuzey.com\\\/index.php\\\/2025\\\/03\\\/10\\\/urdunde-besli-guvenlik-zirvesine-katilan-hakan-fidandan-suriye-ve-filistin-mesajlari\\\/#primaryimage\",\"url\":\"https:\\\/\\\/haberkuzey.com\\\/wp-content\\\/uploads\\\/2025\\\/03\\\/1741592164941thumbs_b_c_fe8287cd0f0d291a62ba5f6a3519012d.jpg\",\"contentUrl\":\"https:\\\/\\\/haberkuzey.com\\\/wp-content\\\/uploads\\\/2025\\\/03\\\/1741592164941thumbs_b_c_fe8287cd0f0d291a62ba5f6a3519012d.jpg\",\"width\":864,\"height\":486},{\"@type\":\"BreadcrumbList\",\"@id\":\"https:\\\/\\\/haberkuzey.com\\\/index.php\\\/2025\\\/03\\\/10\\\/urdunde-besli-guvenlik-zirvesine-katilan-hakan-fidandan-suriye-ve-filistin-mesajlari\\\/#breadcrumb\",\"itemListElement\":[{\"@type\":\"ListItem\",\"position\":1,\"name\":\"Anasayfa\",\"item\":\"https:\\\/\\\/haberkuzey.com\\\/\"},{\"@type\":\"ListItem\",\"position\":2,\"name\":\"\u00dcrd\u00fcn\u2019de Be\u015fli G\u00fcvenlik Zirvesi\u2019ne kat\u0131lan Hakan Fidan\u2019dan Suriye ve Filistin mesajlar\u0131\"}]},{\"@type\":\"WebSite\",\"@id\":\"https:\\\/\\\/haberkuzey.com\\\/#website\",\"url\":\"https:\\\/\\\/haberkuzey.com\\\/\",\"name\":\"Haber Kuzey\",\"description\":\"Do\u011fru Haberin Adresi\",\"potentialAction\":[{\"@type\":\"SearchAction\",\"target\":{\"@type\":\"EntryPoint\",\"urlTemplate\":\"https:\\\/\\\/haberkuzey.com\\\/?s={search_term_string}\"},\"query-input\":{\"@type\":\"PropertyValueSpecification\",\"valueRequired\":true,\"valueName\":\"search_term_string\"}}],\"inLanguage\":\"tr\"},{\"@type\":\"Person\",\"@id\":\"https:\\\/\\\/haberkuzey.com\\\/#\\\/schema\\\/person\\\/3372109ec735f9333f4fa47ebb9605ca\",\"name\":\"haberkuzey\",\"image\":{\"@type\":\"ImageObject\",\"inLanguage\":\"tr\",\"@id\":\"https:\\\/\\\/secure.gravatar.com\\\/avatar\\\/f5fc875574b1575324358c3b9e6a32b8227aa5b74f3fa22e3cadb63e26fcc39c?s=96&d=mm&r=g\",\"url\":\"https:\\\/\\\/secure.gravatar.com\\\/avatar\\\/f5fc875574b1575324358c3b9e6a32b8227aa5b74f3fa22e3cadb63e26fcc39c?s=96&d=mm&r=g\",\"contentUrl\":\"https:\\\/\\\/secure.gravatar.com\\\/avatar\\\/f5fc875574b1575324358c3b9e6a32b8227aa5b74f3fa22e3cadb63e26fcc39c?s=96&d=mm&r=g\",\"caption\":\"haberkuzey\"},\"sameAs\":[\"https:\\\/\\\/haberkuzey.com\"],\"url\":\"https:\\\/\\\/haberkuzey.com\\\/index.php\\\/author\\\/haberkuzey\\\/\"}]}<\/script>\n<!-- \/ Yoast SEO plugin. -->","yoast_head_json":{"title":"\u00dcrd\u00fcn\u2019de Be\u015fli G\u00fcvenlik Zirvesi\u2019ne kat\u0131lan Hakan Fidan\u2019dan Suriye ve Filistin mesajlar\u0131 - Haber Kuzey","robots":{"index":"index","follow":"follow","max-snippet":"max-snippet:-1","max-image-preview":"max-image-preview:large","max-video-preview":"max-video-preview:-1"},"canonical":"https:\/\/haberkuzey.com\/index.php\/2025\/03\/10\/urdunde-besli-guvenlik-zirvesine-katilan-hakan-fidandan-suriye-ve-filistin-mesajlari\/","og_locale":"tr_TR","og_type":"article","og_title":"\u00dcrd\u00fcn\u2019de Be\u015fli G\u00fcvenlik Zirvesi\u2019ne kat\u0131lan Hakan Fidan\u2019dan Suriye ve Filistin mesajlar\u0131 - Haber Kuzey","og_description":"T\u00fcrkiye D\u0131\u015fi\u015fleri Bakan\u0131 Hakan Fidan, \u201c(Suriye\u2019de ya\u015fanan) Hadiseleri, herhangi bir mezhebe ya da dini gruba mal etmeye \u00e7al\u0131\u015fmak do\u011fru de\u011fildir. Ya\u015fanan gerginliklerin mezhep \u00e7at\u0131\u015fmas\u0131na d\u00f6n\u00fc\u015fmesini ama\u00e7layan provokasyonlara kar\u015f\u0131, itidal ve sa\u011fduyu i\u00e7inde hareket edilmesi b\u00fcy\u00fck \u00f6nem ta\u015f\u0131maktad\u0131r.\u201d ifadesini kulland\u0131. Fidan, X sosyal medya hesab\u0131ndan yapt\u0131\u011f\u0131 payla\u015f\u0131mda, \u00dcrd\u00fcn, Irak, Suriye ve L\u00fcbnan ile \u00dcrd\u00fcn\u2019\u00fcn ev sahipli\u011finde [&hellip;]","og_url":"https:\/\/haberkuzey.com\/index.php\/2025\/03\/10\/urdunde-besli-guvenlik-zirvesine-katilan-hakan-fidandan-suriye-ve-filistin-mesajlari\/","og_site_name":"Haber Kuzey","article_published_time":"2025-03-10T10:33:40+00:00","og_image":[{"url":"https:\/\/brtk.net\/wp-content\/uploads\/2025\/03\/10\/1741592164941thumbs_b_c_fe8287cd0f0d291a62ba5f6a3519012d.jpg?ver=bb9ca967d7d9e433232e7b20350bf29f","type":"","width":"","height":""}],"author":"haberkuzey","twitter_card":"summary_large_image","twitter_misc":{"Yazan:":"haberkuzey","Tahmini okuma s\u00fcresi":"2 dakika"},"schema":{"@context":"https:\/\/schema.org","@graph":[{"@type":"Article","@id":"https:\/\/haberkuzey.com\/index.php\/2025\/03\/10\/urdunde-besli-guvenlik-zirvesine-katilan-hakan-fidandan-suriye-ve-filistin-mesajlari\/#article","isPartOf":{"@id":"https:\/\/haberkuzey.com\/index.php\/2025\/03\/10\/urdunde-besli-guvenlik-zirvesine-katilan-hakan-fidandan-suriye-ve-filistin-mesajlari\/"},"author":{"name":"haberkuzey","@id":"https:\/\/haberkuzey.com\/#\/schema\/person\/3372109ec735f9333f4fa47ebb9605ca"},"headline":"\u00dcrd\u00fcn\u2019de Be\u015fli G\u00fcvenlik Zirvesi\u2019ne kat\u0131lan Hakan Fidan\u2019dan Suriye ve Filistin mesajlar\u0131","datePublished":"2025-03-10T10:33:40+00:00","mainEntityOfPage":{"@id":"https:\/\/haberkuzey.com\/index.php\/2025\/03\/10\/urdunde-besli-guvenlik-zirvesine-katilan-hakan-fidandan-suriye-ve-filistin-mesajlari\/"},"wordCount":428,"commentCount":0,"image":{"@id":"https:\/\/haberkuzey.com\/index.php\/2025\/03\/10\/urdunde-besli-guvenlik-zirvesine-katilan-hakan-fidandan-suriye-ve-filistin-mesajlari\/#primaryimage"},"thumbnailUrl":"https:\/\/haberkuzey.com\/wp-content\/uploads\/2025\/03\/1741592164941thumbs_b_c_fe8287cd0f0d291a62ba5f6a3519012d.jpg","articleSection":["D\u00fcnya"],"inLanguage":"tr","potentialAction":[{"@type":"CommentAction","name":"Comment","target":["https:\/\/haberkuzey.com\/index.php\/2025\/03\/10\/urdunde-besli-guvenlik-zirvesine-katilan-hakan-fidandan-suriye-ve-filistin-mesajlari\/#respond"]}]},{"@type":"WebPage","@id":"https:\/\/haberkuzey.com\/index.php\/2025\/03\/10\/urdunde-besli-guvenlik-zirvesine-katilan-hakan-fidandan-suriye-ve-filistin-mesajlari\/","url":"https:\/\/haberkuzey.com\/index.php\/2025\/03\/10\/urdunde-besli-guvenlik-zirvesine-katilan-hakan-fidandan-suriye-ve-filistin-mesajlari\/","name":"\u00dcrd\u00fcn\u2019de Be\u015fli G\u00fcvenlik Zirvesi\u2019ne kat\u0131lan Hakan Fidan\u2019dan Suriye ve Filistin mesajlar\u0131 - Haber Kuzey","isPartOf":{"@id":"https:\/\/haberkuzey.com\/#website"},"primaryImageOfPage":{"@id":"https:\/\/haberkuzey.com\/index.php\/2025\/03\/10\/urdunde-besli-guvenlik-zirvesine-katilan-hakan-fidandan-suriye-ve-filistin-mesajlari\/#primaryimage"},"image":{"@id":"https:\/\/haberkuzey.com\/index.php\/2025\/03\/10\/urdunde-besli-guvenlik-zirvesine-katilan-hakan-fidandan-suriye-ve-filistin-mesajlari\/#primaryimage"},"thumbnailUrl":"https:\/\/haberkuzey.com\/wp-content\/uploads\/2025\/03\/1741592164941thumbs_b_c_fe8287cd0f0d291a62ba5f6a3519012d.jpg","datePublished":"2025-03-10T10:33:40+00:00","author":{"@id":"https:\/\/haberkuzey.com\/#\/schema\/person\/3372109ec735f9333f4fa47ebb9605ca"},"breadcrumb":{"@id":"https:\/\/haberkuzey.com\/index.php\/2025\/03\/10\/urdunde-besli-guvenlik-zirvesine-katilan-hakan-fidandan-suriye-ve-filistin-mesajlari\/#breadcrumb"},"inLanguage":"tr","potentialAction":[{"@type":"ReadAction","target":["https:\/\/haberkuzey.com\/index.php\/2025\/03\/10\/urdunde-besli-guvenlik-zirvesine-katilan-hakan-fidandan-suriye-ve-filistin-mesajlari\/"]}]},{"@type":"ImageObject","inLanguage":"tr","@id":"https:\/\/haberkuzey.com\/index.php\/2025\/03\/10\/urdunde-besli-guvenlik-zirvesine-katilan-hakan-fidandan-suriye-ve-filistin-mesajlari\/#primaryimage","url":"https:\/\/haberkuzey.com\/wp-content\/uploads\/2025\/03\/1741592164941thumbs_b_c_fe8287cd0f0d291a62ba5f6a3519012d.jpg","contentUrl":"https:\/\/haberkuzey.com\/wp-content\/uploads\/2025\/03\/1741592164941thumbs_b_c_fe8287cd0f0d291a62ba5f6a3519012d.jpg","width":864,"height":486},{"@type":"BreadcrumbList","@id":"https:\/\/haberkuzey.com\/index.php\/2025\/03\/10\/urdunde-besli-guvenlik-zirvesine-katilan-hakan-fidandan-suriye-ve-filistin-mesajlari\/#breadcrumb","itemListElement":[{"@type":"ListItem","position":1,"name":"Anasayfa","item":"https:\/\/haberkuzey.com\/"},{"@type":"ListItem","position":2,"name":"\u00dcrd\u00fcn\u2019de Be\u015fli G\u00fcvenlik Zirvesi\u2019ne kat\u0131lan Hakan Fidan\u2019dan Suriye ve Filistin mesajlar\u0131"}]},{"@type":"WebSite","@id":"https:\/\/haberkuzey.com\/#website","url":"https:\/\/haberkuzey.com\/","name":"Haber Kuzey","description":"Do\u011fru Haberin Adresi","potentialAction":[{"@type":"SearchAction","target":{"@type":"EntryPoint","urlTemplate":"https:\/\/haberkuzey.com\/?s={search_term_string}"},"query-input":{"@type":"PropertyValueSpecification","valueRequired":true,"valueName":"search_term_string"}}],"inLanguage":"tr"},{"@type":"Person","@id":"https:\/\/haberkuzey.com\/#\/schema\/person\/3372109ec735f9333f4fa47ebb9605ca","name":"haberkuzey","image":{"@type":"ImageObject","inLanguage":"tr","@id":"https:\/\/secure.gravatar.com\/avatar\/f5fc875574b1575324358c3b9e6a32b8227aa5b74f3fa22e3cadb63e26fcc39c?s=96&d=mm&r=g","url":"https:\/\/secure.gravatar.com\/avatar\/f5fc875574b1575324358c3b9e6a32b8227aa5b74f3fa22e3cadb63e26fcc39c?s=96&d=mm&r=g","contentUrl":"https:\/\/secure.gravatar.com\/avatar\/f5fc875574b1575324358c3b9e6a32b8227aa5b74f3fa22e3cadb63e26fcc39c?s=96&d=mm&r=g","caption":"haberkuzey"},"sameAs":["https:\/\/haberkuzey.com"],"url":"https:\/\/haberkuzey.com\/index.php\/author\/haberkuzey\/"}]}},"_links":{"self":[{"href":"https:\/\/haberkuzey.com\/index.php\/wp-json\/wp\/v2\/posts\/19559","targetHints":{"allow":["GET"]}}],"collection":[{"href":"https:\/\/haberkuzey.com\/index.php\/wp-json\/wp\/v2\/posts"}],"about":[{"href":"https:\/\/haberkuzey.com\/index.php\/wp-json\/wp\/v2\/types\/post"}],"author":[{"embeddable":true,"href":"https:\/\/haberkuzey.com\/index.php\/wp-json\/wp\/v2\/users\/1"}],"replies":[{"embeddable":true,"href":"https:\/\/haberkuzey.com\/index.php\/wp-json\/wp\/v2\/comments?post=19559"}],"version-history":[{"count":0,"href":"https:\/\/haberkuzey.com\/index.php\/wp-json\/wp\/v2\/posts\/19559\/revisions"}],"wp:featuredmedia":[{"embeddable":true,"href":"https:\/\/haberkuzey.com\/index.php\/wp-json\/wp\/v2\/media\/19560"}],"wp:attachment":[{"href":"https:\/\/haberkuzey.com\/index.php\/wp-json\/wp\/v2\/media?parent=19559"}],"wp:term":[{"taxonomy":"category","embeddable":true,"href":"https:\/\/haberkuzey.com\/index.php\/wp-json\/wp\/v2\/categories?post=19559"},{"taxonomy":"post_tag","embeddable":true,"href":"https:\/\/haberkuzey.com\/index.php\/wp-json\/wp\/v2\/tags?post=19559"}],"curies":[{"name":"wp","href":"https:\/\/api.w.org\/{rel}","templated":true}]}}