{"id":1954,"date":"2024-05-10T11:15:54","date_gmt":"2024-05-10T08:15:54","guid":{"rendered":"https:\/\/haberkuzey.com\/index.php\/2024\/05\/10\/abd-hukumeti-israilin-abd-silahlarini-kullanma-sartlarini-ihlal-etmedigini-savunuyor\/"},"modified":"2024-05-10T11:15:54","modified_gmt":"2024-05-10T08:15:54","slug":"abd-hukumeti-israilin-abd-silahlarini-kullanma-sartlarini-ihlal-etmedigini-savunuyor","status":"publish","type":"post","link":"https:\/\/haberkuzey.com\/index.php\/2024\/05\/10\/abd-hukumeti-israilin-abd-silahlarini-kullanma-sartlarini-ihlal-etmedigini-savunuyor\/","title":{"rendered":"ABD h\u00fck\u00fcmeti, \u0130srail&#039;in ABD silahlar\u0131n\u0131 kullanma \u015fartlar\u0131n\u0131 ihlal etmedi\u011fini savunuyor"},"content":{"rendered":"<p><\/p>\n<div>\n<p>&#13;<br \/>\n\tABD&#8217;de yay\u0131n yapan &#8220;Axios&#8221; haber sitesinin \u00fc\u00e7 ABD&#8217;li yetkiliye dayand\u0131rd\u0131\u011f\u0131 habere g\u00f6re, Bakan Blinken&#8217;in bug\u00fcn Kongre&#8217;ye \u0130srail&#8217;in Gazze&#8217;deki sald\u0131r\u0131lar\u0131na ili\u015fkin rapor sunmas\u0131 \u00f6ng\u00f6r\u00fcl\u00fcyor.<\/p>\n<p>&#13;<br \/>\n\tABD&#8217;nin silah sevkiyat\u0131n\u0131 durdurma y\u00f6n\u00fcnde ald\u0131\u011f\u0131 karar, <a href=\"https:\/\/www.trthaber.com\/etiket\/israil\/\" target=\"_blank\" rel=\"noopener\">\u0130srail<\/a> taraf\u0131nda yo\u011fun ele\u015ftirilere neden olurken, ABD&#8217;li yetkililer, Blinken&#8217;\u0131n &#8220;son derece ele\u015ftirel raporunda&#8221; \u0130srail&#8217;in uluslararas\u0131 hukuka uyup uymad\u0131\u011f\u0131 ve Gazze&#8217;ye insani yard\u0131m\u0131 k\u0131s\u0131tlay\u0131p k\u0131s\u0131tlamad\u0131\u011f\u0131 de\u011ferlendirmelerine yer verildi\u011fini aktard\u0131.<\/p>\n<p>&#13;<br \/>\n\tYetkililer, ayr\u0131ca Tel Aviv y\u00f6netiminin 7 Ekim&#8217;den bu yana Gazze&#8217;deki sald\u0131r\u0131lar\u0131ndaki ihlallerin <a href=\"https:\/\/www.trthaber.com\/etiket\/abd\/\" target=\"_blank\" rel=\"noopener\">ABD<\/a> D\u0131\u015fi\u015fleri Bakanl\u0131\u011f\u0131nda en sert i\u00e7 tart\u0131\u015fmalar\u0131 ate\u015fledi\u011fini belirtti.<\/p>\n<p>&#13;<br \/>\n\tABD&#8217;li yetkililer, ABD Orta Do\u011fu \u0130nsani Meselelerden Sorumlu \u00d6zel Temsilcisi David Satterfield ve ABD&#8217;nin \u0130srail B\u00fcy\u00fckel\u00e7isi Jacob J. Lew&#8217;in ge\u00e7en haftalarda Blinken&#8217;e \u0130srail&#8217;in Gazze&#8217;deki sava\u015fta uluslararas\u0131 hukuku ihlal etmedi\u011fini iddia eden bir not g\u00f6nderdiklerini s\u00f6yledi.<\/p>\n<p>&#13;<br \/>\n\tLew ve Satterfield&#8217;\u0131n Blinken&#8217;e \u0130srail&#8217;in insani yard\u0131m\u0131 engellemedi\u011fini raporla belgelemesini \u00f6nerdi\u011fini aktaran yetkililer, \u0130srail&#8217;in ge\u00e7mi\u015fte insani yard\u0131m\u0131 k\u0131s\u0131tlad\u0131\u011f\u0131n\u0131 ve yard\u0131m\u0131n Gazze&#8217;ye ula\u015fmas\u0131n\u0131 engelledi\u011fini ancak ABD Ba\u015fkan\u0131 Joe Biden&#8217;\u0131n \u0130srail Ba\u015fbakan\u0131 Binyamin Netanyahu&#8217;ya &#8220;\u00fcltimatom vermesinin&#8221; ard\u0131ndan nisan ay\u0131ndan bu yana politikan\u0131n de\u011fi\u015fti\u011fini aktard\u0131.<\/p>\n<p>&#13;<br \/>\n\tABD&#8217;li yetkililer, Blinken&#8217;in raporunda \u0130srail&#8217;in Gazze&#8217;deki sald\u0131r\u0131lar\u0131nda bir dizi olay\u0131n listelenece\u011fi ve \u0130srail&#8217;in uluslararas\u0131 hukuku ihlal etti\u011fi konusunda ciddi endi\u015felerin dile getirilece\u011fini ifade etti.<\/p>\n<p>&#13;<br \/>\n\tAncak yetkililer, Blinken&#8217;in raporunda \u0130srail&#8217;in uluslararas\u0131 hukuku ihlal etti\u011fi sonucuna var\u0131lmad\u0131\u011f\u0131na dikkati \u00e7ekti.<\/p>\n<p>&#13;<br \/>\n\t\u200b\u200b\u200b\u200b\u200b\u200b\u200b\u00dcst d\u00fczey bir ABD&#8217;li yetkili ise Blinken&#8217;in raporunun Lew ve Satterfield&#8217;in \u00f6nerilerini benimsedi\u011fini savundu.<\/p>\n<p>&#13;<br \/>\n\t<strong>ABD silahlar\u0131n\u0131n sivllere kar\u015f\u0131 kullan\u0131lmas\u0131<\/strong><\/p>\n<p>&#13;<br \/>\n\t\u0130srail&#8217;in ABD silahlar\u0131yla Gazze&#8217;de uluslararas\u0131 hukuku ihlal etti\u011fi tart\u0131\u015fmalar\u0131 hem uluslararas\u0131 kamuoyu hem Amerikan b\u00fcrokrasisi ve medyas\u0131n\u0131n g\u00fcndeminden d\u00fc\u015fm\u00fcyor.<\/p>\n<p>&#13;<br \/>\n\t\u200b\u200b\u200b\u200b\u200b\u200b\u200bUluslararas\u0131 Af \u00d6rg\u00fct\u00fcn\u00fcn nisan ay\u0131nda payla\u015ft\u0131\u011f\u0131 raporda yakla\u015f\u0131k 35 bin ki\u015finin \u00f6ld\u00fcr\u00fcld\u00fc\u011f\u00fc Gazze&#8217;de \u0130srail&#8217;in Filistinli sivillere kar\u015f\u0131 ABD silahlar\u0131 kulland\u0131\u011f\u0131 kaydedilmi\u015fti.<\/p>\n<p>&#13;<br \/>\n\t\u00d6te yandan, ABD Kongresi&#8217;nde Demokrat Partili 88 \u00fcye, \u0130srail&#8217;in Filistinli sivillere y\u00f6nelik insani yard\u0131mlar\u0131 kasten engelledi\u011fine dair inand\u0131r\u0131c\u0131 iddialar bulundu\u011funu belirterek, Biden&#8217;a ABD yasalar\u0131na g\u00f6re \u0130srail&#8217;e yap\u0131lan yard\u0131mlar\u0131 yeniden g\u00f6zden ge\u00e7irme \u00e7a\u011fr\u0131s\u0131nda bulunmu\u015ftu.<\/p>\n<\/p><\/div>\n","protected":false},"excerpt":{"rendered":"<p>&#13; ABD&#8217;de yay\u0131n yapan &#8220;Axios&#8221; haber sitesinin \u00fc\u00e7 ABD&#8217;li yetkiliye dayand\u0131rd\u0131\u011f\u0131 habere g\u00f6re, Bakan Blinken&#8217;in bug\u00fcn Kongre&#8217;ye \u0130srail&#8217;in Gazze&#8217;deki sald\u0131r\u0131lar\u0131na ili\u015fkin rapor sunmas\u0131 \u00f6ng\u00f6r\u00fcl\u00fcyor. &#13; ABD&#8217;nin silah sevkiyat\u0131n\u0131 durdurma y\u00f6n\u00fcnde ald\u0131\u011f\u0131 karar, \u0130srail taraf\u0131nda yo\u011fun ele\u015ftirilere neden olurken, ABD&#8217;li yetkililer, Blinken&#8217;\u0131n &#8220;son derece ele\u015ftirel raporunda&#8221; \u0130srail&#8217;in uluslararas\u0131 hukuka uyup uymad\u0131\u011f\u0131 ve Gazze&#8217;ye insani yard\u0131m\u0131 k\u0131s\u0131tlay\u0131p [&hellip;]<\/p>\n","protected":false},"author":1,"featured_media":1955,"comment_status":"open","ping_status":"open","sticky":false,"template":"","format":"standard","meta":{"jnews-multi-image_gallery":[],"jnews_single_post":[],"jnews_primary_category":[],"footnotes":""},"categories":[],"tags":[],"class_list":["post-1954","post","type-post","status-publish","format-standard","has-post-thumbnail","hentry"],"yoast_head":"<!-- This site is optimized with the Yoast SEO plugin v27.5 - https:\/\/yoast.com\/product\/yoast-seo-wordpress\/ -->\n<title>ABD h\u00fck\u00fcmeti, \u0130srail&#039;in ABD silahlar\u0131n\u0131 kullanma \u015fartlar\u0131n\u0131 ihlal etmedi\u011fini savunuyor - Haber Kuzey<\/title>\n<meta name=\"robots\" content=\"index, follow, max-snippet:-1, max-image-preview:large, max-video-preview:-1\" \/>\n<link rel=\"canonical\" href=\"https:\/\/haberkuzey.com\/index.php\/2024\/05\/10\/abd-hukumeti-israilin-abd-silahlarini-kullanma-sartlarini-ihlal-etmedigini-savunuyor\/\" \/>\n<meta property=\"og:locale\" content=\"tr_TR\" \/>\n<meta property=\"og:type\" content=\"article\" \/>\n<meta property=\"og:title\" content=\"ABD h\u00fck\u00fcmeti, \u0130srail&#039;in ABD silahlar\u0131n\u0131 kullanma \u015fartlar\u0131n\u0131 ihlal etmedi\u011fini savunuyor - Haber Kuzey\" \/>\n<meta property=\"og:description\" content=\"&#013; ABD&#8217;de yay\u0131n yapan &#8220;Axios&#8221; haber sitesinin \u00fc\u00e7 ABD&#8217;li yetkiliye dayand\u0131rd\u0131\u011f\u0131 habere g\u00f6re, Bakan Blinken&#8217;in bug\u00fcn Kongre&#8217;ye \u0130srail&#8217;in Gazze&#8217;deki sald\u0131r\u0131lar\u0131na ili\u015fkin rapor sunmas\u0131 \u00f6ng\u00f6r\u00fcl\u00fcyor. &#013; ABD&#8217;nin silah sevkiyat\u0131n\u0131 durdurma y\u00f6n\u00fcnde ald\u0131\u011f\u0131 karar, \u0130srail taraf\u0131nda yo\u011fun ele\u015ftirilere neden olurken, ABD&#8217;li yetkililer, Blinken&#8217;\u0131n &#8220;son derece ele\u015ftirel raporunda&#8221; \u0130srail&#8217;in uluslararas\u0131 hukuka uyup uymad\u0131\u011f\u0131 ve Gazze&#8217;ye insani yard\u0131m\u0131 k\u0131s\u0131tlay\u0131p [&hellip;]\" \/>\n<meta property=\"og:url\" content=\"https:\/\/haberkuzey.com\/index.php\/2024\/05\/10\/abd-hukumeti-israilin-abd-silahlarini-kullanma-sartlarini-ihlal-etmedigini-savunuyor\/\" \/>\n<meta property=\"og:site_name\" content=\"Haber Kuzey\" \/>\n<meta property=\"article:published_time\" content=\"2024-05-10T08:15:54+00:00\" \/>\n<meta property=\"og:image\" content=\"https:\/\/trthaberstatic.cdn.wp.trt.com.tr\/resimler\/2138000\/blinken-aa-2138257.jpg\" \/>\n<meta name=\"author\" content=\"haberkuzey\" \/>\n<meta name=\"twitter:card\" content=\"summary_large_image\" \/>\n<meta name=\"twitter:label1\" content=\"Yazan:\" \/>\n\t<meta name=\"twitter:data1\" content=\"haberkuzey\" \/>\n\t<meta name=\"twitter:label2\" content=\"Tahmini okuma s\u00fcresi\" \/>\n\t<meta name=\"twitter:data2\" content=\"2 dakika\" \/>\n<script type=\"application\/ld+json\" class=\"yoast-schema-graph\">{\"@context\":\"https:\\\/\\\/schema.org\",\"@graph\":[{\"@type\":\"Article\",\"@id\":\"https:\\\/\\\/haberkuzey.com\\\/index.php\\\/2024\\\/05\\\/10\\\/abd-hukumeti-israilin-abd-silahlarini-kullanma-sartlarini-ihlal-etmedigini-savunuyor\\\/#article\",\"isPartOf\":{\"@id\":\"https:\\\/\\\/haberkuzey.com\\\/index.php\\\/2024\\\/05\\\/10\\\/abd-hukumeti-israilin-abd-silahlarini-kullanma-sartlarini-ihlal-etmedigini-savunuyor\\\/\"},\"author\":{\"name\":\"haberkuzey\",\"@id\":\"https:\\\/\\\/haberkuzey.com\\\/#\\\/schema\\\/person\\\/3372109ec735f9333f4fa47ebb9605ca\"},\"headline\":\"ABD h\u00fck\u00fcmeti, \u0130srail&#039;in ABD silahlar\u0131n\u0131 kullanma \u015fartlar\u0131n\u0131 ihlal etmedi\u011fini savunuyor\",\"datePublished\":\"2024-05-10T08:15:54+00:00\",\"mainEntityOfPage\":{\"@id\":\"https:\\\/\\\/haberkuzey.com\\\/index.php\\\/2024\\\/05\\\/10\\\/abd-hukumeti-israilin-abd-silahlarini-kullanma-sartlarini-ihlal-etmedigini-savunuyor\\\/\"},\"wordCount\":460,\"commentCount\":0,\"image\":{\"@id\":\"https:\\\/\\\/haberkuzey.com\\\/index.php\\\/2024\\\/05\\\/10\\\/abd-hukumeti-israilin-abd-silahlarini-kullanma-sartlarini-ihlal-etmedigini-savunuyor\\\/#primaryimage\"},\"thumbnailUrl\":\"https:\\\/\\\/haberkuzey.com\\\/wp-content\\\/uploads\\\/2024\\\/05\\\/blinken-aa-2138257.jpg\",\"inLanguage\":\"tr\",\"potentialAction\":[{\"@type\":\"CommentAction\",\"name\":\"Comment\",\"target\":[\"https:\\\/\\\/haberkuzey.com\\\/index.php\\\/2024\\\/05\\\/10\\\/abd-hukumeti-israilin-abd-silahlarini-kullanma-sartlarini-ihlal-etmedigini-savunuyor\\\/#respond\"]}]},{\"@type\":\"WebPage\",\"@id\":\"https:\\\/\\\/haberkuzey.com\\\/index.php\\\/2024\\\/05\\\/10\\\/abd-hukumeti-israilin-abd-silahlarini-kullanma-sartlarini-ihlal-etmedigini-savunuyor\\\/\",\"url\":\"https:\\\/\\\/haberkuzey.com\\\/index.php\\\/2024\\\/05\\\/10\\\/abd-hukumeti-israilin-abd-silahlarini-kullanma-sartlarini-ihlal-etmedigini-savunuyor\\\/\",\"name\":\"ABD h\u00fck\u00fcmeti, \u0130srail&#039;in ABD silahlar\u0131n\u0131 kullanma \u015fartlar\u0131n\u0131 ihlal etmedi\u011fini savunuyor - Haber Kuzey\",\"isPartOf\":{\"@id\":\"https:\\\/\\\/haberkuzey.com\\\/#website\"},\"primaryImageOfPage\":{\"@id\":\"https:\\\/\\\/haberkuzey.com\\\/index.php\\\/2024\\\/05\\\/10\\\/abd-hukumeti-israilin-abd-silahlarini-kullanma-sartlarini-ihlal-etmedigini-savunuyor\\\/#primaryimage\"},\"image\":{\"@id\":\"https:\\\/\\\/haberkuzey.com\\\/index.php\\\/2024\\\/05\\\/10\\\/abd-hukumeti-israilin-abd-silahlarini-kullanma-sartlarini-ihlal-etmedigini-savunuyor\\\/#primaryimage\"},\"thumbnailUrl\":\"https:\\\/\\\/haberkuzey.com\\\/wp-content\\\/uploads\\\/2024\\\/05\\\/blinken-aa-2138257.jpg\",\"datePublished\":\"2024-05-10T08:15:54+00:00\",\"author\":{\"@id\":\"https:\\\/\\\/haberkuzey.com\\\/#\\\/schema\\\/person\\\/3372109ec735f9333f4fa47ebb9605ca\"},\"breadcrumb\":{\"@id\":\"https:\\\/\\\/haberkuzey.com\\\/index.php\\\/2024\\\/05\\\/10\\\/abd-hukumeti-israilin-abd-silahlarini-kullanma-sartlarini-ihlal-etmedigini-savunuyor\\\/#breadcrumb\"},\"inLanguage\":\"tr\",\"potentialAction\":[{\"@type\":\"ReadAction\",\"target\":[\"https:\\\/\\\/haberkuzey.com\\\/index.php\\\/2024\\\/05\\\/10\\\/abd-hukumeti-israilin-abd-silahlarini-kullanma-sartlarini-ihlal-etmedigini-savunuyor\\\/\"]}]},{\"@type\":\"ImageObject\",\"inLanguage\":\"tr\",\"@id\":\"https:\\\/\\\/haberkuzey.com\\\/index.php\\\/2024\\\/05\\\/10\\\/abd-hukumeti-israilin-abd-silahlarini-kullanma-sartlarini-ihlal-etmedigini-savunuyor\\\/#primaryimage\",\"url\":\"https:\\\/\\\/haberkuzey.com\\\/wp-content\\\/uploads\\\/2024\\\/05\\\/blinken-aa-2138257.jpg\",\"contentUrl\":\"https:\\\/\\\/haberkuzey.com\\\/wp-content\\\/uploads\\\/2024\\\/05\\\/blinken-aa-2138257.jpg\",\"width\":1280,\"height\":720},{\"@type\":\"BreadcrumbList\",\"@id\":\"https:\\\/\\\/haberkuzey.com\\\/index.php\\\/2024\\\/05\\\/10\\\/abd-hukumeti-israilin-abd-silahlarini-kullanma-sartlarini-ihlal-etmedigini-savunuyor\\\/#breadcrumb\",\"itemListElement\":[{\"@type\":\"ListItem\",\"position\":1,\"name\":\"Anasayfa\",\"item\":\"https:\\\/\\\/haberkuzey.com\\\/\"},{\"@type\":\"ListItem\",\"position\":2,\"name\":\"ABD h\u00fck\u00fcmeti, \u0130srail&#039;in ABD silahlar\u0131n\u0131 kullanma \u015fartlar\u0131n\u0131 ihlal etmedi\u011fini savunuyor\"}]},{\"@type\":\"WebSite\",\"@id\":\"https:\\\/\\\/haberkuzey.com\\\/#website\",\"url\":\"https:\\\/\\\/haberkuzey.com\\\/\",\"name\":\"Haber Kuzey\",\"description\":\"Do\u011fru Haberin Adresi\",\"potentialAction\":[{\"@type\":\"SearchAction\",\"target\":{\"@type\":\"EntryPoint\",\"urlTemplate\":\"https:\\\/\\\/haberkuzey.com\\\/?s={search_term_string}\"},\"query-input\":{\"@type\":\"PropertyValueSpecification\",\"valueRequired\":true,\"valueName\":\"search_term_string\"}}],\"inLanguage\":\"tr\"},{\"@type\":\"Person\",\"@id\":\"https:\\\/\\\/haberkuzey.com\\\/#\\\/schema\\\/person\\\/3372109ec735f9333f4fa47ebb9605ca\",\"name\":\"haberkuzey\",\"image\":{\"@type\":\"ImageObject\",\"inLanguage\":\"tr\",\"@id\":\"https:\\\/\\\/secure.gravatar.com\\\/avatar\\\/f5fc875574b1575324358c3b9e6a32b8227aa5b74f3fa22e3cadb63e26fcc39c?s=96&d=mm&r=g\",\"url\":\"https:\\\/\\\/secure.gravatar.com\\\/avatar\\\/f5fc875574b1575324358c3b9e6a32b8227aa5b74f3fa22e3cadb63e26fcc39c?s=96&d=mm&r=g\",\"contentUrl\":\"https:\\\/\\\/secure.gravatar.com\\\/avatar\\\/f5fc875574b1575324358c3b9e6a32b8227aa5b74f3fa22e3cadb63e26fcc39c?s=96&d=mm&r=g\",\"caption\":\"haberkuzey\"},\"sameAs\":[\"https:\\\/\\\/haberkuzey.com\"],\"url\":\"https:\\\/\\\/haberkuzey.com\\\/index.php\\\/author\\\/haberkuzey\\\/\"}]}<\/script>\n<!-- \/ Yoast SEO plugin. -->","yoast_head_json":{"title":"ABD h\u00fck\u00fcmeti, \u0130srail&#039;in ABD silahlar\u0131n\u0131 kullanma \u015fartlar\u0131n\u0131 ihlal etmedi\u011fini savunuyor - Haber Kuzey","robots":{"index":"index","follow":"follow","max-snippet":"max-snippet:-1","max-image-preview":"max-image-preview:large","max-video-preview":"max-video-preview:-1"},"canonical":"https:\/\/haberkuzey.com\/index.php\/2024\/05\/10\/abd-hukumeti-israilin-abd-silahlarini-kullanma-sartlarini-ihlal-etmedigini-savunuyor\/","og_locale":"tr_TR","og_type":"article","og_title":"ABD h\u00fck\u00fcmeti, \u0130srail&#039;in ABD silahlar\u0131n\u0131 kullanma \u015fartlar\u0131n\u0131 ihlal etmedi\u011fini savunuyor - Haber Kuzey","og_description":"&#13; ABD&#8217;de yay\u0131n yapan &#8220;Axios&#8221; haber sitesinin \u00fc\u00e7 ABD&#8217;li yetkiliye dayand\u0131rd\u0131\u011f\u0131 habere g\u00f6re, Bakan Blinken&#8217;in bug\u00fcn Kongre&#8217;ye \u0130srail&#8217;in Gazze&#8217;deki sald\u0131r\u0131lar\u0131na ili\u015fkin rapor sunmas\u0131 \u00f6ng\u00f6r\u00fcl\u00fcyor. &#13; ABD&#8217;nin silah sevkiyat\u0131n\u0131 durdurma y\u00f6n\u00fcnde ald\u0131\u011f\u0131 karar, \u0130srail taraf\u0131nda yo\u011fun ele\u015ftirilere neden olurken, ABD&#8217;li yetkililer, Blinken&#8217;\u0131n &#8220;son derece ele\u015ftirel raporunda&#8221; \u0130srail&#8217;in uluslararas\u0131 hukuka uyup uymad\u0131\u011f\u0131 ve Gazze&#8217;ye insani yard\u0131m\u0131 k\u0131s\u0131tlay\u0131p [&hellip;]","og_url":"https:\/\/haberkuzey.com\/index.php\/2024\/05\/10\/abd-hukumeti-israilin-abd-silahlarini-kullanma-sartlarini-ihlal-etmedigini-savunuyor\/","og_site_name":"Haber Kuzey","article_published_time":"2024-05-10T08:15:54+00:00","og_image":[{"url":"https:\/\/trthaberstatic.cdn.wp.trt.com.tr\/resimler\/2138000\/blinken-aa-2138257.jpg","type":"","width":"","height":""}],"author":"haberkuzey","twitter_card":"summary_large_image","twitter_misc":{"Yazan:":"haberkuzey","Tahmini okuma s\u00fcresi":"2 dakika"},"schema":{"@context":"https:\/\/schema.org","@graph":[{"@type":"Article","@id":"https:\/\/haberkuzey.com\/index.php\/2024\/05\/10\/abd-hukumeti-israilin-abd-silahlarini-kullanma-sartlarini-ihlal-etmedigini-savunuyor\/#article","isPartOf":{"@id":"https:\/\/haberkuzey.com\/index.php\/2024\/05\/10\/abd-hukumeti-israilin-abd-silahlarini-kullanma-sartlarini-ihlal-etmedigini-savunuyor\/"},"author":{"name":"haberkuzey","@id":"https:\/\/haberkuzey.com\/#\/schema\/person\/3372109ec735f9333f4fa47ebb9605ca"},"headline":"ABD h\u00fck\u00fcmeti, \u0130srail&#039;in ABD silahlar\u0131n\u0131 kullanma \u015fartlar\u0131n\u0131 ihlal etmedi\u011fini savunuyor","datePublished":"2024-05-10T08:15:54+00:00","mainEntityOfPage":{"@id":"https:\/\/haberkuzey.com\/index.php\/2024\/05\/10\/abd-hukumeti-israilin-abd-silahlarini-kullanma-sartlarini-ihlal-etmedigini-savunuyor\/"},"wordCount":460,"commentCount":0,"image":{"@id":"https:\/\/haberkuzey.com\/index.php\/2024\/05\/10\/abd-hukumeti-israilin-abd-silahlarini-kullanma-sartlarini-ihlal-etmedigini-savunuyor\/#primaryimage"},"thumbnailUrl":"https:\/\/haberkuzey.com\/wp-content\/uploads\/2024\/05\/blinken-aa-2138257.jpg","inLanguage":"tr","potentialAction":[{"@type":"CommentAction","name":"Comment","target":["https:\/\/haberkuzey.com\/index.php\/2024\/05\/10\/abd-hukumeti-israilin-abd-silahlarini-kullanma-sartlarini-ihlal-etmedigini-savunuyor\/#respond"]}]},{"@type":"WebPage","@id":"https:\/\/haberkuzey.com\/index.php\/2024\/05\/10\/abd-hukumeti-israilin-abd-silahlarini-kullanma-sartlarini-ihlal-etmedigini-savunuyor\/","url":"https:\/\/haberkuzey.com\/index.php\/2024\/05\/10\/abd-hukumeti-israilin-abd-silahlarini-kullanma-sartlarini-ihlal-etmedigini-savunuyor\/","name":"ABD h\u00fck\u00fcmeti, \u0130srail&#039;in ABD silahlar\u0131n\u0131 kullanma \u015fartlar\u0131n\u0131 ihlal etmedi\u011fini savunuyor - Haber Kuzey","isPartOf":{"@id":"https:\/\/haberkuzey.com\/#website"},"primaryImageOfPage":{"@id":"https:\/\/haberkuzey.com\/index.php\/2024\/05\/10\/abd-hukumeti-israilin-abd-silahlarini-kullanma-sartlarini-ihlal-etmedigini-savunuyor\/#primaryimage"},"image":{"@id":"https:\/\/haberkuzey.com\/index.php\/2024\/05\/10\/abd-hukumeti-israilin-abd-silahlarini-kullanma-sartlarini-ihlal-etmedigini-savunuyor\/#primaryimage"},"thumbnailUrl":"https:\/\/haberkuzey.com\/wp-content\/uploads\/2024\/05\/blinken-aa-2138257.jpg","datePublished":"2024-05-10T08:15:54+00:00","author":{"@id":"https:\/\/haberkuzey.com\/#\/schema\/person\/3372109ec735f9333f4fa47ebb9605ca"},"breadcrumb":{"@id":"https:\/\/haberkuzey.com\/index.php\/2024\/05\/10\/abd-hukumeti-israilin-abd-silahlarini-kullanma-sartlarini-ihlal-etmedigini-savunuyor\/#breadcrumb"},"inLanguage":"tr","potentialAction":[{"@type":"ReadAction","target":["https:\/\/haberkuzey.com\/index.php\/2024\/05\/10\/abd-hukumeti-israilin-abd-silahlarini-kullanma-sartlarini-ihlal-etmedigini-savunuyor\/"]}]},{"@type":"ImageObject","inLanguage":"tr","@id":"https:\/\/haberkuzey.com\/index.php\/2024\/05\/10\/abd-hukumeti-israilin-abd-silahlarini-kullanma-sartlarini-ihlal-etmedigini-savunuyor\/#primaryimage","url":"https:\/\/haberkuzey.com\/wp-content\/uploads\/2024\/05\/blinken-aa-2138257.jpg","contentUrl":"https:\/\/haberkuzey.com\/wp-content\/uploads\/2024\/05\/blinken-aa-2138257.jpg","width":1280,"height":720},{"@type":"BreadcrumbList","@id":"https:\/\/haberkuzey.com\/index.php\/2024\/05\/10\/abd-hukumeti-israilin-abd-silahlarini-kullanma-sartlarini-ihlal-etmedigini-savunuyor\/#breadcrumb","itemListElement":[{"@type":"ListItem","position":1,"name":"Anasayfa","item":"https:\/\/haberkuzey.com\/"},{"@type":"ListItem","position":2,"name":"ABD h\u00fck\u00fcmeti, \u0130srail&#039;in ABD silahlar\u0131n\u0131 kullanma \u015fartlar\u0131n\u0131 ihlal etmedi\u011fini savunuyor"}]},{"@type":"WebSite","@id":"https:\/\/haberkuzey.com\/#website","url":"https:\/\/haberkuzey.com\/","name":"Haber Kuzey","description":"Do\u011fru Haberin Adresi","potentialAction":[{"@type":"SearchAction","target":{"@type":"EntryPoint","urlTemplate":"https:\/\/haberkuzey.com\/?s={search_term_string}"},"query-input":{"@type":"PropertyValueSpecification","valueRequired":true,"valueName":"search_term_string"}}],"inLanguage":"tr"},{"@type":"Person","@id":"https:\/\/haberkuzey.com\/#\/schema\/person\/3372109ec735f9333f4fa47ebb9605ca","name":"haberkuzey","image":{"@type":"ImageObject","inLanguage":"tr","@id":"https:\/\/secure.gravatar.com\/avatar\/f5fc875574b1575324358c3b9e6a32b8227aa5b74f3fa22e3cadb63e26fcc39c?s=96&d=mm&r=g","url":"https:\/\/secure.gravatar.com\/avatar\/f5fc875574b1575324358c3b9e6a32b8227aa5b74f3fa22e3cadb63e26fcc39c?s=96&d=mm&r=g","contentUrl":"https:\/\/secure.gravatar.com\/avatar\/f5fc875574b1575324358c3b9e6a32b8227aa5b74f3fa22e3cadb63e26fcc39c?s=96&d=mm&r=g","caption":"haberkuzey"},"sameAs":["https:\/\/haberkuzey.com"],"url":"https:\/\/haberkuzey.com\/index.php\/author\/haberkuzey\/"}]}},"_links":{"self":[{"href":"https:\/\/haberkuzey.com\/index.php\/wp-json\/wp\/v2\/posts\/1954","targetHints":{"allow":["GET"]}}],"collection":[{"href":"https:\/\/haberkuzey.com\/index.php\/wp-json\/wp\/v2\/posts"}],"about":[{"href":"https:\/\/haberkuzey.com\/index.php\/wp-json\/wp\/v2\/types\/post"}],"author":[{"embeddable":true,"href":"https:\/\/haberkuzey.com\/index.php\/wp-json\/wp\/v2\/users\/1"}],"replies":[{"embeddable":true,"href":"https:\/\/haberkuzey.com\/index.php\/wp-json\/wp\/v2\/comments?post=1954"}],"version-history":[{"count":0,"href":"https:\/\/haberkuzey.com\/index.php\/wp-json\/wp\/v2\/posts\/1954\/revisions"}],"wp:featuredmedia":[{"embeddable":true,"href":"https:\/\/haberkuzey.com\/index.php\/wp-json\/wp\/v2\/media\/1955"}],"wp:attachment":[{"href":"https:\/\/haberkuzey.com\/index.php\/wp-json\/wp\/v2\/media?parent=1954"}],"wp:term":[{"taxonomy":"category","embeddable":true,"href":"https:\/\/haberkuzey.com\/index.php\/wp-json\/wp\/v2\/categories?post=1954"},{"taxonomy":"post_tag","embeddable":true,"href":"https:\/\/haberkuzey.com\/index.php\/wp-json\/wp\/v2\/tags?post=1954"}],"curies":[{"name":"wp","href":"https:\/\/api.w.org\/{rel}","templated":true}]}}