{"id":19522,"date":"2025-03-09T17:33:04","date_gmt":"2025-03-09T15:33:04","guid":{"rendered":"https:\/\/haberkuzey.com\/index.php\/2025\/03\/09\/cumhurbaskani-tatardan-irsen-kucuk-icin-anma-mesaji\/"},"modified":"2025-03-09T17:33:04","modified_gmt":"2025-03-09T15:33:04","slug":"cumhurbaskani-tatardan-irsen-kucuk-icin-anma-mesaji","status":"publish","type":"post","link":"https:\/\/haberkuzey.com\/index.php\/2025\/03\/09\/cumhurbaskani-tatardan-irsen-kucuk-icin-anma-mesaji\/","title":{"rendered":"Cumhurba\u015fkan\u0131 Tatar\u2019dan, \u0130rsen K\u00fc\u00e7\u00fck i\u00e7in anma mesaj\u0131"},"content":{"rendered":"<div>\n<div class=\"mariselle-image-container none\">\n                                            <\/div>\n<p>\u00a0Cumhurba\u015fkan\u0131 Ersin Tatar,\u00a0merhum Ba\u015fbakan \u0130rsen K\u00fc\u00e7\u00fck\u2019\u00fcn \u201cK\u0131br\u0131s T\u00fcrk halk\u0131na b\u00fcy\u00fck katk\u0131larda bulunan bir devlet adam\u0131 oldu\u011funu\u201d ifade etti.<\/p>\n<p>Cumhurba\u015fkan\u0131 Ersin Tatar, eski Ba\u015fbakan \u0130rsen K\u00fc\u00e7\u00fck\u2019\u00fcn vefat\u0131n\u0131n 6. y\u0131l d\u00f6n\u00fcm\u00fc dolay\u0131s\u0131yla anma mesaj\u0131 yay\u0131mlad\u0131.<\/p>\n<p>Cumhurba\u015fkan\u0131 Tatar\u2019\u0131n mesaj\u0131nda \u015fu ifadelere yer verildi:<\/p>\n<p>\u201cKuzey K\u0131br\u0131s T\u00fcrk Cumhuriyeti\u2019nin \u00f6nemli devlet adamlar\u0131ndan Say\u0131n \u0130rsen K\u00fc\u00e7\u00fck\u2019\u00fcn aram\u0131zdan ayr\u0131l\u0131\u015f\u0131n\u0131n 6. y\u0131l d\u00f6n\u00fcm\u00fcnde onu derin bir sayg\u0131 ve \u00f6zlemle an\u0131yoruz.<\/p>\n<p>\u0130rsen K\u00fc\u00e7\u00fck, ya\u015fam\u0131 boyunca \u00fclkesine olan sevgisi ve hizmet azmiyle hat\u0131rlanacak bir lider olarak, K\u0131br\u0131s T\u00fcrk halk\u0131na milletvekili, bakan ve ba\u015fbakan olarak b\u00fcy\u00fck katk\u0131larda bulunmu\u015ftur. \u0130nsanlara olan yak\u0131nl\u0131\u011f\u0131n\u0131 ve m\u00fctevaz\u0131 ki\u015fili\u011fini daima hat\u0131rlayaca\u011f\u0131z.<\/p>\n<p>\u0130rsen K\u00fc\u00e7\u00fck\u2019\u00fc sayg\u0131 ve rahmetle anarken, ailesine ve sevenlerine bir kez daha ba\u015fsa\u011fl\u0131\u011f\u0131 diliyorum. Ruhu \u015fad, mek\u00e2n\u0131 cennet olsun.\u201d<\/p>\n<\/p><\/div>\n<p><script async\n                    defer\n                    crossorigin=\"anonymous\"\n                    src=\"https:\/\/connect.facebook.net\/tr_TR\/sdk.js#xfbml=1&#038;version=v3.3\"\n            ><\/script><\/p>\n","protected":false},"excerpt":{"rendered":"<p>\u00a0Cumhurba\u015fkan\u0131 Ersin Tatar,\u00a0merhum Ba\u015fbakan \u0130rsen K\u00fc\u00e7\u00fck\u2019\u00fcn \u201cK\u0131br\u0131s T\u00fcrk halk\u0131na b\u00fcy\u00fck katk\u0131larda bulunan bir devlet adam\u0131 oldu\u011funu\u201d ifade etti. Cumhurba\u015fkan\u0131 Ersin Tatar, eski Ba\u015fbakan \u0130rsen K\u00fc\u00e7\u00fck\u2019\u00fcn vefat\u0131n\u0131n 6. y\u0131l d\u00f6n\u00fcm\u00fc dolay\u0131s\u0131yla anma mesaj\u0131 yay\u0131mlad\u0131. Cumhurba\u015fkan\u0131 Tatar\u2019\u0131n mesaj\u0131nda \u015fu ifadelere yer verildi: \u201cKuzey K\u0131br\u0131s T\u00fcrk Cumhuriyeti\u2019nin \u00f6nemli devlet adamlar\u0131ndan Say\u0131n \u0130rsen K\u00fc\u00e7\u00fck\u2019\u00fcn aram\u0131zdan ayr\u0131l\u0131\u015f\u0131n\u0131n 6. y\u0131l d\u00f6n\u00fcm\u00fcnde [&hellip;]<\/p>\n","protected":false},"author":1,"featured_media":19523,"comment_status":"open","ping_status":"open","sticky":false,"template":"","format":"standard","meta":{"jnews-multi-image_gallery":[],"jnews_single_post":[],"jnews_primary_category":[],"footnotes":""},"categories":[1],"tags":[],"class_list":["post-19522","post","type-post","status-publish","format-standard","has-post-thumbnail","hentry","category-kibris"],"yoast_head":"<!-- This site is optimized with the Yoast SEO plugin v27.5 - https:\/\/yoast.com\/product\/yoast-seo-wordpress\/ -->\n<title>Cumhurba\u015fkan\u0131 Tatar\u2019dan, \u0130rsen K\u00fc\u00e7\u00fck i\u00e7in anma mesaj\u0131 - Haber Kuzey<\/title>\n<meta name=\"robots\" content=\"index, follow, max-snippet:-1, max-image-preview:large, max-video-preview:-1\" \/>\n<link rel=\"canonical\" href=\"https:\/\/haberkuzey.com\/index.php\/2025\/03\/09\/cumhurbaskani-tatardan-irsen-kucuk-icin-anma-mesaji\/\" \/>\n<meta property=\"og:locale\" content=\"tr_TR\" \/>\n<meta property=\"og:type\" content=\"article\" \/>\n<meta property=\"og:title\" content=\"Cumhurba\u015fkan\u0131 Tatar\u2019dan, \u0130rsen K\u00fc\u00e7\u00fck i\u00e7in anma mesaj\u0131 - Haber Kuzey\" \/>\n<meta property=\"og:description\" content=\"\u00a0Cumhurba\u015fkan\u0131 Ersin Tatar,\u00a0merhum Ba\u015fbakan \u0130rsen K\u00fc\u00e7\u00fck\u2019\u00fcn \u201cK\u0131br\u0131s T\u00fcrk halk\u0131na b\u00fcy\u00fck katk\u0131larda bulunan bir devlet adam\u0131 oldu\u011funu\u201d ifade etti. Cumhurba\u015fkan\u0131 Ersin Tatar, eski Ba\u015fbakan \u0130rsen K\u00fc\u00e7\u00fck\u2019\u00fcn vefat\u0131n\u0131n 6. y\u0131l d\u00f6n\u00fcm\u00fc dolay\u0131s\u0131yla anma mesaj\u0131 yay\u0131mlad\u0131. Cumhurba\u015fkan\u0131 Tatar\u2019\u0131n mesaj\u0131nda \u015fu ifadelere yer verildi: \u201cKuzey K\u0131br\u0131s T\u00fcrk Cumhuriyeti\u2019nin \u00f6nemli devlet adamlar\u0131ndan Say\u0131n \u0130rsen K\u00fc\u00e7\u00fck\u2019\u00fcn aram\u0131zdan ayr\u0131l\u0131\u015f\u0131n\u0131n 6. y\u0131l d\u00f6n\u00fcm\u00fcnde [&hellip;]\" \/>\n<meta property=\"og:url\" content=\"https:\/\/haberkuzey.com\/index.php\/2025\/03\/09\/cumhurbaskani-tatardan-irsen-kucuk-icin-anma-mesaji\/\" \/>\n<meta property=\"og:site_name\" content=\"Haber Kuzey\" \/>\n<meta property=\"article:published_time\" content=\"2025-03-09T15:33:04+00:00\" \/>\n<meta property=\"og:image\" content=\"https:\/\/brtk.net\/wp-content\/uploads\/2025\/03\/05\/CB_ERSIN_TATAR-1.jpeg?ver=8ae7961dfd504209824b8ecd0fcc07f8\" \/>\n<meta name=\"author\" content=\"haberkuzey\" \/>\n<meta name=\"twitter:card\" content=\"summary_large_image\" \/>\n<meta name=\"twitter:label1\" content=\"Yazan:\" \/>\n\t<meta name=\"twitter:data1\" content=\"haberkuzey\" \/>\n\t<meta name=\"twitter:label2\" content=\"Tahmini okuma s\u00fcresi\" \/>\n\t<meta name=\"twitter:data2\" content=\"1 dakika\" \/>\n<script type=\"application\/ld+json\" class=\"yoast-schema-graph\">{\"@context\":\"https:\\\/\\\/schema.org\",\"@graph\":[{\"@type\":\"Article\",\"@id\":\"https:\\\/\\\/haberkuzey.com\\\/index.php\\\/2025\\\/03\\\/09\\\/cumhurbaskani-tatardan-irsen-kucuk-icin-anma-mesaji\\\/#article\",\"isPartOf\":{\"@id\":\"https:\\\/\\\/haberkuzey.com\\\/index.php\\\/2025\\\/03\\\/09\\\/cumhurbaskani-tatardan-irsen-kucuk-icin-anma-mesaji\\\/\"},\"author\":{\"name\":\"haberkuzey\",\"@id\":\"https:\\\/\\\/haberkuzey.com\\\/#\\\/schema\\\/person\\\/3372109ec735f9333f4fa47ebb9605ca\"},\"headline\":\"Cumhurba\u015fkan\u0131 Tatar\u2019dan, \u0130rsen K\u00fc\u00e7\u00fck i\u00e7in anma mesaj\u0131\",\"datePublished\":\"2025-03-09T15:33:04+00:00\",\"mainEntityOfPage\":{\"@id\":\"https:\\\/\\\/haberkuzey.com\\\/index.php\\\/2025\\\/03\\\/09\\\/cumhurbaskani-tatardan-irsen-kucuk-icin-anma-mesaji\\\/\"},\"wordCount\":191,\"commentCount\":0,\"image\":{\"@id\":\"https:\\\/\\\/haberkuzey.com\\\/index.php\\\/2025\\\/03\\\/09\\\/cumhurbaskani-tatardan-irsen-kucuk-icin-anma-mesaji\\\/#primaryimage\"},\"thumbnailUrl\":\"https:\\\/\\\/haberkuzey.com\\\/wp-content\\\/uploads\\\/2025\\\/03\\\/CB_ERSIN_TATAR-1.jpeg\",\"articleSection\":[\"K\u0131br\u0131s\"],\"inLanguage\":\"tr\",\"potentialAction\":[{\"@type\":\"CommentAction\",\"name\":\"Comment\",\"target\":[\"https:\\\/\\\/haberkuzey.com\\\/index.php\\\/2025\\\/03\\\/09\\\/cumhurbaskani-tatardan-irsen-kucuk-icin-anma-mesaji\\\/#respond\"]}]},{\"@type\":\"WebPage\",\"@id\":\"https:\\\/\\\/haberkuzey.com\\\/index.php\\\/2025\\\/03\\\/09\\\/cumhurbaskani-tatardan-irsen-kucuk-icin-anma-mesaji\\\/\",\"url\":\"https:\\\/\\\/haberkuzey.com\\\/index.php\\\/2025\\\/03\\\/09\\\/cumhurbaskani-tatardan-irsen-kucuk-icin-anma-mesaji\\\/\",\"name\":\"Cumhurba\u015fkan\u0131 Tatar\u2019dan, \u0130rsen K\u00fc\u00e7\u00fck i\u00e7in anma mesaj\u0131 - Haber Kuzey\",\"isPartOf\":{\"@id\":\"https:\\\/\\\/haberkuzey.com\\\/#website\"},\"primaryImageOfPage\":{\"@id\":\"https:\\\/\\\/haberkuzey.com\\\/index.php\\\/2025\\\/03\\\/09\\\/cumhurbaskani-tatardan-irsen-kucuk-icin-anma-mesaji\\\/#primaryimage\"},\"image\":{\"@id\":\"https:\\\/\\\/haberkuzey.com\\\/index.php\\\/2025\\\/03\\\/09\\\/cumhurbaskani-tatardan-irsen-kucuk-icin-anma-mesaji\\\/#primaryimage\"},\"thumbnailUrl\":\"https:\\\/\\\/haberkuzey.com\\\/wp-content\\\/uploads\\\/2025\\\/03\\\/CB_ERSIN_TATAR-1.jpeg\",\"datePublished\":\"2025-03-09T15:33:04+00:00\",\"author\":{\"@id\":\"https:\\\/\\\/haberkuzey.com\\\/#\\\/schema\\\/person\\\/3372109ec735f9333f4fa47ebb9605ca\"},\"breadcrumb\":{\"@id\":\"https:\\\/\\\/haberkuzey.com\\\/index.php\\\/2025\\\/03\\\/09\\\/cumhurbaskani-tatardan-irsen-kucuk-icin-anma-mesaji\\\/#breadcrumb\"},\"inLanguage\":\"tr\",\"potentialAction\":[{\"@type\":\"ReadAction\",\"target\":[\"https:\\\/\\\/haberkuzey.com\\\/index.php\\\/2025\\\/03\\\/09\\\/cumhurbaskani-tatardan-irsen-kucuk-icin-anma-mesaji\\\/\"]}]},{\"@type\":\"ImageObject\",\"inLanguage\":\"tr\",\"@id\":\"https:\\\/\\\/haberkuzey.com\\\/index.php\\\/2025\\\/03\\\/09\\\/cumhurbaskani-tatardan-irsen-kucuk-icin-anma-mesaji\\\/#primaryimage\",\"url\":\"https:\\\/\\\/haberkuzey.com\\\/wp-content\\\/uploads\\\/2025\\\/03\\\/CB_ERSIN_TATAR-1.jpeg\",\"contentUrl\":\"https:\\\/\\\/haberkuzey.com\\\/wp-content\\\/uploads\\\/2025\\\/03\\\/CB_ERSIN_TATAR-1.jpeg\",\"width\":1600,\"height\":1066},{\"@type\":\"BreadcrumbList\",\"@id\":\"https:\\\/\\\/haberkuzey.com\\\/index.php\\\/2025\\\/03\\\/09\\\/cumhurbaskani-tatardan-irsen-kucuk-icin-anma-mesaji\\\/#breadcrumb\",\"itemListElement\":[{\"@type\":\"ListItem\",\"position\":1,\"name\":\"Anasayfa\",\"item\":\"https:\\\/\\\/haberkuzey.com\\\/\"},{\"@type\":\"ListItem\",\"position\":2,\"name\":\"Cumhurba\u015fkan\u0131 Tatar\u2019dan, \u0130rsen K\u00fc\u00e7\u00fck i\u00e7in anma mesaj\u0131\"}]},{\"@type\":\"WebSite\",\"@id\":\"https:\\\/\\\/haberkuzey.com\\\/#website\",\"url\":\"https:\\\/\\\/haberkuzey.com\\\/\",\"name\":\"Haber Kuzey\",\"description\":\"Do\u011fru Haberin Adresi\",\"potentialAction\":[{\"@type\":\"SearchAction\",\"target\":{\"@type\":\"EntryPoint\",\"urlTemplate\":\"https:\\\/\\\/haberkuzey.com\\\/?s={search_term_string}\"},\"query-input\":{\"@type\":\"PropertyValueSpecification\",\"valueRequired\":true,\"valueName\":\"search_term_string\"}}],\"inLanguage\":\"tr\"},{\"@type\":\"Person\",\"@id\":\"https:\\\/\\\/haberkuzey.com\\\/#\\\/schema\\\/person\\\/3372109ec735f9333f4fa47ebb9605ca\",\"name\":\"haberkuzey\",\"image\":{\"@type\":\"ImageObject\",\"inLanguage\":\"tr\",\"@id\":\"https:\\\/\\\/secure.gravatar.com\\\/avatar\\\/f5fc875574b1575324358c3b9e6a32b8227aa5b74f3fa22e3cadb63e26fcc39c?s=96&d=mm&r=g\",\"url\":\"https:\\\/\\\/secure.gravatar.com\\\/avatar\\\/f5fc875574b1575324358c3b9e6a32b8227aa5b74f3fa22e3cadb63e26fcc39c?s=96&d=mm&r=g\",\"contentUrl\":\"https:\\\/\\\/secure.gravatar.com\\\/avatar\\\/f5fc875574b1575324358c3b9e6a32b8227aa5b74f3fa22e3cadb63e26fcc39c?s=96&d=mm&r=g\",\"caption\":\"haberkuzey\"},\"sameAs\":[\"https:\\\/\\\/haberkuzey.com\"],\"url\":\"https:\\\/\\\/haberkuzey.com\\\/index.php\\\/author\\\/haberkuzey\\\/\"}]}<\/script>\n<!-- \/ Yoast SEO plugin. -->","yoast_head_json":{"title":"Cumhurba\u015fkan\u0131 Tatar\u2019dan, \u0130rsen K\u00fc\u00e7\u00fck i\u00e7in anma mesaj\u0131 - Haber Kuzey","robots":{"index":"index","follow":"follow","max-snippet":"max-snippet:-1","max-image-preview":"max-image-preview:large","max-video-preview":"max-video-preview:-1"},"canonical":"https:\/\/haberkuzey.com\/index.php\/2025\/03\/09\/cumhurbaskani-tatardan-irsen-kucuk-icin-anma-mesaji\/","og_locale":"tr_TR","og_type":"article","og_title":"Cumhurba\u015fkan\u0131 Tatar\u2019dan, \u0130rsen K\u00fc\u00e7\u00fck i\u00e7in anma mesaj\u0131 - Haber Kuzey","og_description":"\u00a0Cumhurba\u015fkan\u0131 Ersin Tatar,\u00a0merhum Ba\u015fbakan \u0130rsen K\u00fc\u00e7\u00fck\u2019\u00fcn \u201cK\u0131br\u0131s T\u00fcrk halk\u0131na b\u00fcy\u00fck katk\u0131larda bulunan bir devlet adam\u0131 oldu\u011funu\u201d ifade etti. Cumhurba\u015fkan\u0131 Ersin Tatar, eski Ba\u015fbakan \u0130rsen K\u00fc\u00e7\u00fck\u2019\u00fcn vefat\u0131n\u0131n 6. y\u0131l d\u00f6n\u00fcm\u00fc dolay\u0131s\u0131yla anma mesaj\u0131 yay\u0131mlad\u0131. Cumhurba\u015fkan\u0131 Tatar\u2019\u0131n mesaj\u0131nda \u015fu ifadelere yer verildi: \u201cKuzey K\u0131br\u0131s T\u00fcrk Cumhuriyeti\u2019nin \u00f6nemli devlet adamlar\u0131ndan Say\u0131n \u0130rsen K\u00fc\u00e7\u00fck\u2019\u00fcn aram\u0131zdan ayr\u0131l\u0131\u015f\u0131n\u0131n 6. y\u0131l d\u00f6n\u00fcm\u00fcnde [&hellip;]","og_url":"https:\/\/haberkuzey.com\/index.php\/2025\/03\/09\/cumhurbaskani-tatardan-irsen-kucuk-icin-anma-mesaji\/","og_site_name":"Haber Kuzey","article_published_time":"2025-03-09T15:33:04+00:00","og_image":[{"url":"https:\/\/brtk.net\/wp-content\/uploads\/2025\/03\/05\/CB_ERSIN_TATAR-1.jpeg?ver=8ae7961dfd504209824b8ecd0fcc07f8","type":"","width":"","height":""}],"author":"haberkuzey","twitter_card":"summary_large_image","twitter_misc":{"Yazan:":"haberkuzey","Tahmini okuma s\u00fcresi":"1 dakika"},"schema":{"@context":"https:\/\/schema.org","@graph":[{"@type":"Article","@id":"https:\/\/haberkuzey.com\/index.php\/2025\/03\/09\/cumhurbaskani-tatardan-irsen-kucuk-icin-anma-mesaji\/#article","isPartOf":{"@id":"https:\/\/haberkuzey.com\/index.php\/2025\/03\/09\/cumhurbaskani-tatardan-irsen-kucuk-icin-anma-mesaji\/"},"author":{"name":"haberkuzey","@id":"https:\/\/haberkuzey.com\/#\/schema\/person\/3372109ec735f9333f4fa47ebb9605ca"},"headline":"Cumhurba\u015fkan\u0131 Tatar\u2019dan, \u0130rsen K\u00fc\u00e7\u00fck i\u00e7in anma mesaj\u0131","datePublished":"2025-03-09T15:33:04+00:00","mainEntityOfPage":{"@id":"https:\/\/haberkuzey.com\/index.php\/2025\/03\/09\/cumhurbaskani-tatardan-irsen-kucuk-icin-anma-mesaji\/"},"wordCount":191,"commentCount":0,"image":{"@id":"https:\/\/haberkuzey.com\/index.php\/2025\/03\/09\/cumhurbaskani-tatardan-irsen-kucuk-icin-anma-mesaji\/#primaryimage"},"thumbnailUrl":"https:\/\/haberkuzey.com\/wp-content\/uploads\/2025\/03\/CB_ERSIN_TATAR-1.jpeg","articleSection":["K\u0131br\u0131s"],"inLanguage":"tr","potentialAction":[{"@type":"CommentAction","name":"Comment","target":["https:\/\/haberkuzey.com\/index.php\/2025\/03\/09\/cumhurbaskani-tatardan-irsen-kucuk-icin-anma-mesaji\/#respond"]}]},{"@type":"WebPage","@id":"https:\/\/haberkuzey.com\/index.php\/2025\/03\/09\/cumhurbaskani-tatardan-irsen-kucuk-icin-anma-mesaji\/","url":"https:\/\/haberkuzey.com\/index.php\/2025\/03\/09\/cumhurbaskani-tatardan-irsen-kucuk-icin-anma-mesaji\/","name":"Cumhurba\u015fkan\u0131 Tatar\u2019dan, \u0130rsen K\u00fc\u00e7\u00fck i\u00e7in anma mesaj\u0131 - Haber Kuzey","isPartOf":{"@id":"https:\/\/haberkuzey.com\/#website"},"primaryImageOfPage":{"@id":"https:\/\/haberkuzey.com\/index.php\/2025\/03\/09\/cumhurbaskani-tatardan-irsen-kucuk-icin-anma-mesaji\/#primaryimage"},"image":{"@id":"https:\/\/haberkuzey.com\/index.php\/2025\/03\/09\/cumhurbaskani-tatardan-irsen-kucuk-icin-anma-mesaji\/#primaryimage"},"thumbnailUrl":"https:\/\/haberkuzey.com\/wp-content\/uploads\/2025\/03\/CB_ERSIN_TATAR-1.jpeg","datePublished":"2025-03-09T15:33:04+00:00","author":{"@id":"https:\/\/haberkuzey.com\/#\/schema\/person\/3372109ec735f9333f4fa47ebb9605ca"},"breadcrumb":{"@id":"https:\/\/haberkuzey.com\/index.php\/2025\/03\/09\/cumhurbaskani-tatardan-irsen-kucuk-icin-anma-mesaji\/#breadcrumb"},"inLanguage":"tr","potentialAction":[{"@type":"ReadAction","target":["https:\/\/haberkuzey.com\/index.php\/2025\/03\/09\/cumhurbaskani-tatardan-irsen-kucuk-icin-anma-mesaji\/"]}]},{"@type":"ImageObject","inLanguage":"tr","@id":"https:\/\/haberkuzey.com\/index.php\/2025\/03\/09\/cumhurbaskani-tatardan-irsen-kucuk-icin-anma-mesaji\/#primaryimage","url":"https:\/\/haberkuzey.com\/wp-content\/uploads\/2025\/03\/CB_ERSIN_TATAR-1.jpeg","contentUrl":"https:\/\/haberkuzey.com\/wp-content\/uploads\/2025\/03\/CB_ERSIN_TATAR-1.jpeg","width":1600,"height":1066},{"@type":"BreadcrumbList","@id":"https:\/\/haberkuzey.com\/index.php\/2025\/03\/09\/cumhurbaskani-tatardan-irsen-kucuk-icin-anma-mesaji\/#breadcrumb","itemListElement":[{"@type":"ListItem","position":1,"name":"Anasayfa","item":"https:\/\/haberkuzey.com\/"},{"@type":"ListItem","position":2,"name":"Cumhurba\u015fkan\u0131 Tatar\u2019dan, \u0130rsen K\u00fc\u00e7\u00fck i\u00e7in anma mesaj\u0131"}]},{"@type":"WebSite","@id":"https:\/\/haberkuzey.com\/#website","url":"https:\/\/haberkuzey.com\/","name":"Haber Kuzey","description":"Do\u011fru Haberin Adresi","potentialAction":[{"@type":"SearchAction","target":{"@type":"EntryPoint","urlTemplate":"https:\/\/haberkuzey.com\/?s={search_term_string}"},"query-input":{"@type":"PropertyValueSpecification","valueRequired":true,"valueName":"search_term_string"}}],"inLanguage":"tr"},{"@type":"Person","@id":"https:\/\/haberkuzey.com\/#\/schema\/person\/3372109ec735f9333f4fa47ebb9605ca","name":"haberkuzey","image":{"@type":"ImageObject","inLanguage":"tr","@id":"https:\/\/secure.gravatar.com\/avatar\/f5fc875574b1575324358c3b9e6a32b8227aa5b74f3fa22e3cadb63e26fcc39c?s=96&d=mm&r=g","url":"https:\/\/secure.gravatar.com\/avatar\/f5fc875574b1575324358c3b9e6a32b8227aa5b74f3fa22e3cadb63e26fcc39c?s=96&d=mm&r=g","contentUrl":"https:\/\/secure.gravatar.com\/avatar\/f5fc875574b1575324358c3b9e6a32b8227aa5b74f3fa22e3cadb63e26fcc39c?s=96&d=mm&r=g","caption":"haberkuzey"},"sameAs":["https:\/\/haberkuzey.com"],"url":"https:\/\/haberkuzey.com\/index.php\/author\/haberkuzey\/"}]}},"_links":{"self":[{"href":"https:\/\/haberkuzey.com\/index.php\/wp-json\/wp\/v2\/posts\/19522","targetHints":{"allow":["GET"]}}],"collection":[{"href":"https:\/\/haberkuzey.com\/index.php\/wp-json\/wp\/v2\/posts"}],"about":[{"href":"https:\/\/haberkuzey.com\/index.php\/wp-json\/wp\/v2\/types\/post"}],"author":[{"embeddable":true,"href":"https:\/\/haberkuzey.com\/index.php\/wp-json\/wp\/v2\/users\/1"}],"replies":[{"embeddable":true,"href":"https:\/\/haberkuzey.com\/index.php\/wp-json\/wp\/v2\/comments?post=19522"}],"version-history":[{"count":0,"href":"https:\/\/haberkuzey.com\/index.php\/wp-json\/wp\/v2\/posts\/19522\/revisions"}],"wp:featuredmedia":[{"embeddable":true,"href":"https:\/\/haberkuzey.com\/index.php\/wp-json\/wp\/v2\/media\/19523"}],"wp:attachment":[{"href":"https:\/\/haberkuzey.com\/index.php\/wp-json\/wp\/v2\/media?parent=19522"}],"wp:term":[{"taxonomy":"category","embeddable":true,"href":"https:\/\/haberkuzey.com\/index.php\/wp-json\/wp\/v2\/categories?post=19522"},{"taxonomy":"post_tag","embeddable":true,"href":"https:\/\/haberkuzey.com\/index.php\/wp-json\/wp\/v2\/tags?post=19522"}],"curies":[{"name":"wp","href":"https:\/\/api.w.org\/{rel}","templated":true}]}}