{"id":19520,"date":"2025-03-09T17:31:41","date_gmt":"2025-03-09T15:31:41","guid":{"rendered":"https:\/\/haberkuzey.com\/index.php\/2025\/03\/09\/cevdet-yilmazdan-suriyede-yasanan-olaylara-iliskin-aciklama\/"},"modified":"2025-03-09T17:31:41","modified_gmt":"2025-03-09T15:31:41","slug":"cevdet-yilmazdan-suriyede-yasanan-olaylara-iliskin-aciklama","status":"publish","type":"post","link":"https:\/\/haberkuzey.com\/index.php\/2025\/03\/09\/cevdet-yilmazdan-suriyede-yasanan-olaylara-iliskin-aciklama\/","title":{"rendered":"Cevdet Y\u0131lmaz\u2019dan Suriye\u2019de ya\u015fanan olaylara ili\u015fkin a\u00e7\u0131klama"},"content":{"rendered":"<div>\n<div class=\"mariselle-image-container none\">\n                                            <\/div>\n<p>T\u00fcrkiye Cumhurba\u015fkan\u0131 Yard\u0131mc\u0131s\u0131 Cevdet Y\u0131lmaz, \u201cEski rejim kal\u0131nt\u0131lar\u0131 da hukuk d\u0131\u015f\u0131 hareket eden her t\u00fcrl\u00fc olu\u015fum da kapsay\u0131c\u0131 bir siyasi yap\u0131 y\u00f6n\u00fcnde Suriye\u2019nin tarihi d\u00f6n\u00fc\u015f\u00fcm\u00fcne set \u00e7ekemeyecektir.\u201d ifadelerini kulland\u0131.<\/p>\n<p>Y\u0131lmaz, sosyal medya hesab\u0131ndan yapt\u0131\u011f\u0131 a\u00e7\u0131klamada, son g\u00fcnlerde Suriye\u2019de ya\u015fanan olaylar\u0131n herkesi \u00fczd\u00fc\u011f\u00fcn\u00fc belirtti.<\/p>\n<p>Suriye halk\u0131n\u0131 etnik ve mezhebi kimlikler \u00fczerinden \u00e7at\u0131\u015ft\u0131rma ve istikrar\u0131n\u0131 bozma gayreti i\u00e7inde olanlar\u0131n ba\u015far\u0131l\u0131 olamayaca\u011f\u0131n\u0131 vurgulayan Y\u0131lmaz, \u015funlar\u0131 kaydetti:<\/p>\n<p>\u201cEski rejim kal\u0131nt\u0131lar\u0131 da hukuk d\u0131\u015f\u0131 hareket eden her t\u00fcrl\u00fc olu\u015fum da kapsay\u0131c\u0131 bir siyasi yap\u0131 y\u00f6n\u00fcnde Suriye\u2019nin tarihi d\u00f6n\u00fc\u015f\u00fcm\u00fcne set \u00e7ekemeyecektir. Suriye \u00fczerinden \u00fclkemizde mezhepler aras\u0131 provokasyon yapma \u00e7abalar\u0131 da milletimizin feraseti ve devletimizin g\u00fcc\u00fc kar\u015f\u0131s\u0131nda kaybetmeye mahkumdur. T\u00fcrkiye Cumhuriyeti olarak kom\u015fumuz Suriye\u2019nin farkl\u0131 dinden, mezhepten ve etnik kimlikten t\u00fcm vatanda\u015flar\u0131n\u0131n g\u00fcvenli\u011fini, birli\u011fini ve haklar\u0131n\u0131 savunmaya devam edece\u011fiz.<\/p>\n<p>Birlik i\u00e7inde istikrarl\u0131 ve m\u00fcreffeh bir Suriye, karde\u015fane temennimiz oldu\u011fu kadar \u00fclkemizin milli menfaatlerinin de gere\u011fidir. Suriye h\u00fck\u00fcmeti ve kurumlar\u0131 g\u00fc\u00e7lendik\u00e7e, kom\u015fumuz Suriye\u2019nin istikrar\u0131 da g\u00fc\u00e7lenmi\u015f olacakt\u0131r. Suriye\u2019de ya\u015fanan hadiselerde d\u0131\u015far\u0131da su\u00e7lu arayanlar varsa, kimlerin istikrars\u0131z ve g\u00fc\u00e7s\u00fcz bir Suriye istedi\u011fine bakmalar\u0131 yeterli olacakt\u0131r.\u201d<\/p>\n<\/p><\/div>\n<p><script async\n                    defer\n                    crossorigin=\"anonymous\"\n                    src=\"https:\/\/connect.facebook.net\/tr_TR\/sdk.js#xfbml=1&#038;version=v3.3\"\n            ><\/script><\/p>\n","protected":false},"excerpt":{"rendered":"<p>T\u00fcrkiye Cumhurba\u015fkan\u0131 Yard\u0131mc\u0131s\u0131 Cevdet Y\u0131lmaz, \u201cEski rejim kal\u0131nt\u0131lar\u0131 da hukuk d\u0131\u015f\u0131 hareket eden her t\u00fcrl\u00fc olu\u015fum da kapsay\u0131c\u0131 bir siyasi yap\u0131 y\u00f6n\u00fcnde Suriye\u2019nin tarihi d\u00f6n\u00fc\u015f\u00fcm\u00fcne set \u00e7ekemeyecektir.\u201d ifadelerini kulland\u0131. Y\u0131lmaz, sosyal medya hesab\u0131ndan yapt\u0131\u011f\u0131 a\u00e7\u0131klamada, son g\u00fcnlerde Suriye\u2019de ya\u015fanan olaylar\u0131n herkesi \u00fczd\u00fc\u011f\u00fcn\u00fc belirtti. Suriye halk\u0131n\u0131 etnik ve mezhebi kimlikler \u00fczerinden \u00e7at\u0131\u015ft\u0131rma ve istikrar\u0131n\u0131 bozma gayreti [&hellip;]<\/p>\n","protected":false},"author":1,"featured_media":19521,"comment_status":"open","ping_status":"open","sticky":false,"template":"","format":"standard","meta":{"jnews-multi-image_gallery":[],"jnews_single_post":[],"jnews_primary_category":[],"footnotes":""},"categories":[2],"tags":[],"class_list":["post-19520","post","type-post","status-publish","format-standard","has-post-thumbnail","hentry","category-dunya"],"yoast_head":"<!-- This site is optimized with the Yoast SEO plugin v27.5 - https:\/\/yoast.com\/product\/yoast-seo-wordpress\/ -->\n<title>Cevdet Y\u0131lmaz\u2019dan Suriye\u2019de ya\u015fanan olaylara ili\u015fkin a\u00e7\u0131klama - Haber Kuzey<\/title>\n<meta name=\"robots\" content=\"index, follow, max-snippet:-1, max-image-preview:large, max-video-preview:-1\" \/>\n<link rel=\"canonical\" href=\"https:\/\/haberkuzey.com\/index.php\/2025\/03\/09\/cevdet-yilmazdan-suriyede-yasanan-olaylara-iliskin-aciklama\/\" \/>\n<meta property=\"og:locale\" content=\"tr_TR\" \/>\n<meta property=\"og:type\" content=\"article\" \/>\n<meta property=\"og:title\" content=\"Cevdet Y\u0131lmaz\u2019dan Suriye\u2019de ya\u015fanan olaylara ili\u015fkin a\u00e7\u0131klama - Haber Kuzey\" \/>\n<meta property=\"og:description\" content=\"T\u00fcrkiye Cumhurba\u015fkan\u0131 Yard\u0131mc\u0131s\u0131 Cevdet Y\u0131lmaz, \u201cEski rejim kal\u0131nt\u0131lar\u0131 da hukuk d\u0131\u015f\u0131 hareket eden her t\u00fcrl\u00fc olu\u015fum da kapsay\u0131c\u0131 bir siyasi yap\u0131 y\u00f6n\u00fcnde Suriye\u2019nin tarihi d\u00f6n\u00fc\u015f\u00fcm\u00fcne set \u00e7ekemeyecektir.\u201d ifadelerini kulland\u0131. Y\u0131lmaz, sosyal medya hesab\u0131ndan yapt\u0131\u011f\u0131 a\u00e7\u0131klamada, son g\u00fcnlerde Suriye\u2019de ya\u015fanan olaylar\u0131n herkesi \u00fczd\u00fc\u011f\u00fcn\u00fc belirtti. Suriye halk\u0131n\u0131 etnik ve mezhebi kimlikler \u00fczerinden \u00e7at\u0131\u015ft\u0131rma ve istikrar\u0131n\u0131 bozma gayreti [&hellip;]\" \/>\n<meta property=\"og:url\" content=\"https:\/\/haberkuzey.com\/index.php\/2025\/03\/09\/cevdet-yilmazdan-suriyede-yasanan-olaylara-iliskin-aciklama\/\" \/>\n<meta property=\"og:site_name\" content=\"Haber Kuzey\" \/>\n<meta property=\"article:published_time\" content=\"2025-03-09T15:31:41+00:00\" \/>\n<meta property=\"og:image\" content=\"https:\/\/brtk.net\/wp-content\/uploads\/2025\/03\/09\/CEVDETYILMAZ.jpg?ver=18ef53765db7267746239c8ea1705a83\" \/>\n<meta name=\"author\" content=\"haberkuzey\" \/>\n<meta name=\"twitter:card\" content=\"summary_large_image\" \/>\n<meta name=\"twitter:label1\" content=\"Yazan:\" \/>\n\t<meta name=\"twitter:data1\" content=\"haberkuzey\" \/>\n\t<meta name=\"twitter:label2\" content=\"Tahmini okuma s\u00fcresi\" \/>\n\t<meta name=\"twitter:data2\" content=\"1 dakika\" \/>\n<script type=\"application\/ld+json\" class=\"yoast-schema-graph\">{\"@context\":\"https:\\\/\\\/schema.org\",\"@graph\":[{\"@type\":\"Article\",\"@id\":\"https:\\\/\\\/haberkuzey.com\\\/index.php\\\/2025\\\/03\\\/09\\\/cevdet-yilmazdan-suriyede-yasanan-olaylara-iliskin-aciklama\\\/#article\",\"isPartOf\":{\"@id\":\"https:\\\/\\\/haberkuzey.com\\\/index.php\\\/2025\\\/03\\\/09\\\/cevdet-yilmazdan-suriyede-yasanan-olaylara-iliskin-aciklama\\\/\"},\"author\":{\"name\":\"haberkuzey\",\"@id\":\"https:\\\/\\\/haberkuzey.com\\\/#\\\/schema\\\/person\\\/3372109ec735f9333f4fa47ebb9605ca\"},\"headline\":\"Cevdet Y\u0131lmaz\u2019dan Suriye\u2019de ya\u015fanan olaylara ili\u015fkin a\u00e7\u0131klama\",\"datePublished\":\"2025-03-09T15:31:41+00:00\",\"mainEntityOfPage\":{\"@id\":\"https:\\\/\\\/haberkuzey.com\\\/index.php\\\/2025\\\/03\\\/09\\\/cevdet-yilmazdan-suriyede-yasanan-olaylara-iliskin-aciklama\\\/\"},\"wordCount\":262,\"commentCount\":0,\"image\":{\"@id\":\"https:\\\/\\\/haberkuzey.com\\\/index.php\\\/2025\\\/03\\\/09\\\/cevdet-yilmazdan-suriyede-yasanan-olaylara-iliskin-aciklama\\\/#primaryimage\"},\"thumbnailUrl\":\"https:\\\/\\\/haberkuzey.com\\\/wp-content\\\/uploads\\\/2025\\\/03\\\/CEVDETYILMAZ.jpg\",\"articleSection\":[\"D\u00fcnya\"],\"inLanguage\":\"tr\",\"potentialAction\":[{\"@type\":\"CommentAction\",\"name\":\"Comment\",\"target\":[\"https:\\\/\\\/haberkuzey.com\\\/index.php\\\/2025\\\/03\\\/09\\\/cevdet-yilmazdan-suriyede-yasanan-olaylara-iliskin-aciklama\\\/#respond\"]}]},{\"@type\":\"WebPage\",\"@id\":\"https:\\\/\\\/haberkuzey.com\\\/index.php\\\/2025\\\/03\\\/09\\\/cevdet-yilmazdan-suriyede-yasanan-olaylara-iliskin-aciklama\\\/\",\"url\":\"https:\\\/\\\/haberkuzey.com\\\/index.php\\\/2025\\\/03\\\/09\\\/cevdet-yilmazdan-suriyede-yasanan-olaylara-iliskin-aciklama\\\/\",\"name\":\"Cevdet Y\u0131lmaz\u2019dan Suriye\u2019de ya\u015fanan olaylara ili\u015fkin a\u00e7\u0131klama - Haber Kuzey\",\"isPartOf\":{\"@id\":\"https:\\\/\\\/haberkuzey.com\\\/#website\"},\"primaryImageOfPage\":{\"@id\":\"https:\\\/\\\/haberkuzey.com\\\/index.php\\\/2025\\\/03\\\/09\\\/cevdet-yilmazdan-suriyede-yasanan-olaylara-iliskin-aciklama\\\/#primaryimage\"},\"image\":{\"@id\":\"https:\\\/\\\/haberkuzey.com\\\/index.php\\\/2025\\\/03\\\/09\\\/cevdet-yilmazdan-suriyede-yasanan-olaylara-iliskin-aciklama\\\/#primaryimage\"},\"thumbnailUrl\":\"https:\\\/\\\/haberkuzey.com\\\/wp-content\\\/uploads\\\/2025\\\/03\\\/CEVDETYILMAZ.jpg\",\"datePublished\":\"2025-03-09T15:31:41+00:00\",\"author\":{\"@id\":\"https:\\\/\\\/haberkuzey.com\\\/#\\\/schema\\\/person\\\/3372109ec735f9333f4fa47ebb9605ca\"},\"breadcrumb\":{\"@id\":\"https:\\\/\\\/haberkuzey.com\\\/index.php\\\/2025\\\/03\\\/09\\\/cevdet-yilmazdan-suriyede-yasanan-olaylara-iliskin-aciklama\\\/#breadcrumb\"},\"inLanguage\":\"tr\",\"potentialAction\":[{\"@type\":\"ReadAction\",\"target\":[\"https:\\\/\\\/haberkuzey.com\\\/index.php\\\/2025\\\/03\\\/09\\\/cevdet-yilmazdan-suriyede-yasanan-olaylara-iliskin-aciklama\\\/\"]}]},{\"@type\":\"ImageObject\",\"inLanguage\":\"tr\",\"@id\":\"https:\\\/\\\/haberkuzey.com\\\/index.php\\\/2025\\\/03\\\/09\\\/cevdet-yilmazdan-suriyede-yasanan-olaylara-iliskin-aciklama\\\/#primaryimage\",\"url\":\"https:\\\/\\\/haberkuzey.com\\\/wp-content\\\/uploads\\\/2025\\\/03\\\/CEVDETYILMAZ.jpg\",\"contentUrl\":\"https:\\\/\\\/haberkuzey.com\\\/wp-content\\\/uploads\\\/2025\\\/03\\\/CEVDETYILMAZ.jpg\",\"width\":864,\"height\":486},{\"@type\":\"BreadcrumbList\",\"@id\":\"https:\\\/\\\/haberkuzey.com\\\/index.php\\\/2025\\\/03\\\/09\\\/cevdet-yilmazdan-suriyede-yasanan-olaylara-iliskin-aciklama\\\/#breadcrumb\",\"itemListElement\":[{\"@type\":\"ListItem\",\"position\":1,\"name\":\"Anasayfa\",\"item\":\"https:\\\/\\\/haberkuzey.com\\\/\"},{\"@type\":\"ListItem\",\"position\":2,\"name\":\"Cevdet Y\u0131lmaz\u2019dan Suriye\u2019de ya\u015fanan olaylara ili\u015fkin a\u00e7\u0131klama\"}]},{\"@type\":\"WebSite\",\"@id\":\"https:\\\/\\\/haberkuzey.com\\\/#website\",\"url\":\"https:\\\/\\\/haberkuzey.com\\\/\",\"name\":\"Haber Kuzey\",\"description\":\"Do\u011fru Haberin Adresi\",\"potentialAction\":[{\"@type\":\"SearchAction\",\"target\":{\"@type\":\"EntryPoint\",\"urlTemplate\":\"https:\\\/\\\/haberkuzey.com\\\/?s={search_term_string}\"},\"query-input\":{\"@type\":\"PropertyValueSpecification\",\"valueRequired\":true,\"valueName\":\"search_term_string\"}}],\"inLanguage\":\"tr\"},{\"@type\":\"Person\",\"@id\":\"https:\\\/\\\/haberkuzey.com\\\/#\\\/schema\\\/person\\\/3372109ec735f9333f4fa47ebb9605ca\",\"name\":\"haberkuzey\",\"image\":{\"@type\":\"ImageObject\",\"inLanguage\":\"tr\",\"@id\":\"https:\\\/\\\/secure.gravatar.com\\\/avatar\\\/f5fc875574b1575324358c3b9e6a32b8227aa5b74f3fa22e3cadb63e26fcc39c?s=96&d=mm&r=g\",\"url\":\"https:\\\/\\\/secure.gravatar.com\\\/avatar\\\/f5fc875574b1575324358c3b9e6a32b8227aa5b74f3fa22e3cadb63e26fcc39c?s=96&d=mm&r=g\",\"contentUrl\":\"https:\\\/\\\/secure.gravatar.com\\\/avatar\\\/f5fc875574b1575324358c3b9e6a32b8227aa5b74f3fa22e3cadb63e26fcc39c?s=96&d=mm&r=g\",\"caption\":\"haberkuzey\"},\"sameAs\":[\"https:\\\/\\\/haberkuzey.com\"],\"url\":\"https:\\\/\\\/haberkuzey.com\\\/index.php\\\/author\\\/haberkuzey\\\/\"}]}<\/script>\n<!-- \/ Yoast SEO plugin. -->","yoast_head_json":{"title":"Cevdet Y\u0131lmaz\u2019dan Suriye\u2019de ya\u015fanan olaylara ili\u015fkin a\u00e7\u0131klama - Haber Kuzey","robots":{"index":"index","follow":"follow","max-snippet":"max-snippet:-1","max-image-preview":"max-image-preview:large","max-video-preview":"max-video-preview:-1"},"canonical":"https:\/\/haberkuzey.com\/index.php\/2025\/03\/09\/cevdet-yilmazdan-suriyede-yasanan-olaylara-iliskin-aciklama\/","og_locale":"tr_TR","og_type":"article","og_title":"Cevdet Y\u0131lmaz\u2019dan Suriye\u2019de ya\u015fanan olaylara ili\u015fkin a\u00e7\u0131klama - Haber Kuzey","og_description":"T\u00fcrkiye Cumhurba\u015fkan\u0131 Yard\u0131mc\u0131s\u0131 Cevdet Y\u0131lmaz, \u201cEski rejim kal\u0131nt\u0131lar\u0131 da hukuk d\u0131\u015f\u0131 hareket eden her t\u00fcrl\u00fc olu\u015fum da kapsay\u0131c\u0131 bir siyasi yap\u0131 y\u00f6n\u00fcnde Suriye\u2019nin tarihi d\u00f6n\u00fc\u015f\u00fcm\u00fcne set \u00e7ekemeyecektir.\u201d ifadelerini kulland\u0131. Y\u0131lmaz, sosyal medya hesab\u0131ndan yapt\u0131\u011f\u0131 a\u00e7\u0131klamada, son g\u00fcnlerde Suriye\u2019de ya\u015fanan olaylar\u0131n herkesi \u00fczd\u00fc\u011f\u00fcn\u00fc belirtti. Suriye halk\u0131n\u0131 etnik ve mezhebi kimlikler \u00fczerinden \u00e7at\u0131\u015ft\u0131rma ve istikrar\u0131n\u0131 bozma gayreti [&hellip;]","og_url":"https:\/\/haberkuzey.com\/index.php\/2025\/03\/09\/cevdet-yilmazdan-suriyede-yasanan-olaylara-iliskin-aciklama\/","og_site_name":"Haber Kuzey","article_published_time":"2025-03-09T15:31:41+00:00","og_image":[{"url":"https:\/\/brtk.net\/wp-content\/uploads\/2025\/03\/09\/CEVDETYILMAZ.jpg?ver=18ef53765db7267746239c8ea1705a83","type":"","width":"","height":""}],"author":"haberkuzey","twitter_card":"summary_large_image","twitter_misc":{"Yazan:":"haberkuzey","Tahmini okuma s\u00fcresi":"1 dakika"},"schema":{"@context":"https:\/\/schema.org","@graph":[{"@type":"Article","@id":"https:\/\/haberkuzey.com\/index.php\/2025\/03\/09\/cevdet-yilmazdan-suriyede-yasanan-olaylara-iliskin-aciklama\/#article","isPartOf":{"@id":"https:\/\/haberkuzey.com\/index.php\/2025\/03\/09\/cevdet-yilmazdan-suriyede-yasanan-olaylara-iliskin-aciklama\/"},"author":{"name":"haberkuzey","@id":"https:\/\/haberkuzey.com\/#\/schema\/person\/3372109ec735f9333f4fa47ebb9605ca"},"headline":"Cevdet Y\u0131lmaz\u2019dan Suriye\u2019de ya\u015fanan olaylara ili\u015fkin a\u00e7\u0131klama","datePublished":"2025-03-09T15:31:41+00:00","mainEntityOfPage":{"@id":"https:\/\/haberkuzey.com\/index.php\/2025\/03\/09\/cevdet-yilmazdan-suriyede-yasanan-olaylara-iliskin-aciklama\/"},"wordCount":262,"commentCount":0,"image":{"@id":"https:\/\/haberkuzey.com\/index.php\/2025\/03\/09\/cevdet-yilmazdan-suriyede-yasanan-olaylara-iliskin-aciklama\/#primaryimage"},"thumbnailUrl":"https:\/\/haberkuzey.com\/wp-content\/uploads\/2025\/03\/CEVDETYILMAZ.jpg","articleSection":["D\u00fcnya"],"inLanguage":"tr","potentialAction":[{"@type":"CommentAction","name":"Comment","target":["https:\/\/haberkuzey.com\/index.php\/2025\/03\/09\/cevdet-yilmazdan-suriyede-yasanan-olaylara-iliskin-aciklama\/#respond"]}]},{"@type":"WebPage","@id":"https:\/\/haberkuzey.com\/index.php\/2025\/03\/09\/cevdet-yilmazdan-suriyede-yasanan-olaylara-iliskin-aciklama\/","url":"https:\/\/haberkuzey.com\/index.php\/2025\/03\/09\/cevdet-yilmazdan-suriyede-yasanan-olaylara-iliskin-aciklama\/","name":"Cevdet Y\u0131lmaz\u2019dan Suriye\u2019de ya\u015fanan olaylara ili\u015fkin a\u00e7\u0131klama - Haber Kuzey","isPartOf":{"@id":"https:\/\/haberkuzey.com\/#website"},"primaryImageOfPage":{"@id":"https:\/\/haberkuzey.com\/index.php\/2025\/03\/09\/cevdet-yilmazdan-suriyede-yasanan-olaylara-iliskin-aciklama\/#primaryimage"},"image":{"@id":"https:\/\/haberkuzey.com\/index.php\/2025\/03\/09\/cevdet-yilmazdan-suriyede-yasanan-olaylara-iliskin-aciklama\/#primaryimage"},"thumbnailUrl":"https:\/\/haberkuzey.com\/wp-content\/uploads\/2025\/03\/CEVDETYILMAZ.jpg","datePublished":"2025-03-09T15:31:41+00:00","author":{"@id":"https:\/\/haberkuzey.com\/#\/schema\/person\/3372109ec735f9333f4fa47ebb9605ca"},"breadcrumb":{"@id":"https:\/\/haberkuzey.com\/index.php\/2025\/03\/09\/cevdet-yilmazdan-suriyede-yasanan-olaylara-iliskin-aciklama\/#breadcrumb"},"inLanguage":"tr","potentialAction":[{"@type":"ReadAction","target":["https:\/\/haberkuzey.com\/index.php\/2025\/03\/09\/cevdet-yilmazdan-suriyede-yasanan-olaylara-iliskin-aciklama\/"]}]},{"@type":"ImageObject","inLanguage":"tr","@id":"https:\/\/haberkuzey.com\/index.php\/2025\/03\/09\/cevdet-yilmazdan-suriyede-yasanan-olaylara-iliskin-aciklama\/#primaryimage","url":"https:\/\/haberkuzey.com\/wp-content\/uploads\/2025\/03\/CEVDETYILMAZ.jpg","contentUrl":"https:\/\/haberkuzey.com\/wp-content\/uploads\/2025\/03\/CEVDETYILMAZ.jpg","width":864,"height":486},{"@type":"BreadcrumbList","@id":"https:\/\/haberkuzey.com\/index.php\/2025\/03\/09\/cevdet-yilmazdan-suriyede-yasanan-olaylara-iliskin-aciklama\/#breadcrumb","itemListElement":[{"@type":"ListItem","position":1,"name":"Anasayfa","item":"https:\/\/haberkuzey.com\/"},{"@type":"ListItem","position":2,"name":"Cevdet Y\u0131lmaz\u2019dan Suriye\u2019de ya\u015fanan olaylara ili\u015fkin a\u00e7\u0131klama"}]},{"@type":"WebSite","@id":"https:\/\/haberkuzey.com\/#website","url":"https:\/\/haberkuzey.com\/","name":"Haber Kuzey","description":"Do\u011fru Haberin Adresi","potentialAction":[{"@type":"SearchAction","target":{"@type":"EntryPoint","urlTemplate":"https:\/\/haberkuzey.com\/?s={search_term_string}"},"query-input":{"@type":"PropertyValueSpecification","valueRequired":true,"valueName":"search_term_string"}}],"inLanguage":"tr"},{"@type":"Person","@id":"https:\/\/haberkuzey.com\/#\/schema\/person\/3372109ec735f9333f4fa47ebb9605ca","name":"haberkuzey","image":{"@type":"ImageObject","inLanguage":"tr","@id":"https:\/\/secure.gravatar.com\/avatar\/f5fc875574b1575324358c3b9e6a32b8227aa5b74f3fa22e3cadb63e26fcc39c?s=96&d=mm&r=g","url":"https:\/\/secure.gravatar.com\/avatar\/f5fc875574b1575324358c3b9e6a32b8227aa5b74f3fa22e3cadb63e26fcc39c?s=96&d=mm&r=g","contentUrl":"https:\/\/secure.gravatar.com\/avatar\/f5fc875574b1575324358c3b9e6a32b8227aa5b74f3fa22e3cadb63e26fcc39c?s=96&d=mm&r=g","caption":"haberkuzey"},"sameAs":["https:\/\/haberkuzey.com"],"url":"https:\/\/haberkuzey.com\/index.php\/author\/haberkuzey\/"}]}},"_links":{"self":[{"href":"https:\/\/haberkuzey.com\/index.php\/wp-json\/wp\/v2\/posts\/19520","targetHints":{"allow":["GET"]}}],"collection":[{"href":"https:\/\/haberkuzey.com\/index.php\/wp-json\/wp\/v2\/posts"}],"about":[{"href":"https:\/\/haberkuzey.com\/index.php\/wp-json\/wp\/v2\/types\/post"}],"author":[{"embeddable":true,"href":"https:\/\/haberkuzey.com\/index.php\/wp-json\/wp\/v2\/users\/1"}],"replies":[{"embeddable":true,"href":"https:\/\/haberkuzey.com\/index.php\/wp-json\/wp\/v2\/comments?post=19520"}],"version-history":[{"count":0,"href":"https:\/\/haberkuzey.com\/index.php\/wp-json\/wp\/v2\/posts\/19520\/revisions"}],"wp:featuredmedia":[{"embeddable":true,"href":"https:\/\/haberkuzey.com\/index.php\/wp-json\/wp\/v2\/media\/19521"}],"wp:attachment":[{"href":"https:\/\/haberkuzey.com\/index.php\/wp-json\/wp\/v2\/media?parent=19520"}],"wp:term":[{"taxonomy":"category","embeddable":true,"href":"https:\/\/haberkuzey.com\/index.php\/wp-json\/wp\/v2\/categories?post=19520"},{"taxonomy":"post_tag","embeddable":true,"href":"https:\/\/haberkuzey.com\/index.php\/wp-json\/wp\/v2\/tags?post=19520"}],"curies":[{"name":"wp","href":"https:\/\/api.w.org\/{rel}","templated":true}]}}