{"id":19516,"date":"2025-03-09T14:47:42","date_gmt":"2025-03-09T12:47:42","guid":{"rendered":"https:\/\/haberkuzey.com\/index.php\/2025\/03\/09\/yunus-emre-enstitusunde-8-mart-dunya-kadinlar-gunu-sanat-edebiyat-ve-dayanisma-bulusmasi\/"},"modified":"2025-03-09T14:47:42","modified_gmt":"2025-03-09T12:47:42","slug":"yunus-emre-enstitusunde-8-mart-dunya-kadinlar-gunu-sanat-edebiyat-ve-dayanisma-bulusmasi","status":"publish","type":"post","link":"https:\/\/haberkuzey.com\/index.php\/2025\/03\/09\/yunus-emre-enstitusunde-8-mart-dunya-kadinlar-gunu-sanat-edebiyat-ve-dayanisma-bulusmasi\/","title":{"rendered":"Yunus Emre Enstit\u00fcs\u00fc\u2019nde 8 Mart D\u00fcnya Kad\u0131nlar G\u00fcn\u00fc: Sanat, Edebiyat ve Dayan\u0131\u015fma Bulu\u015fmas\u0131"},"content":{"rendered":"<div>\n<div class=\"mariselle-image-container none\">\n                                            <\/div>\n<p>T\u00fcrkiye\u2019nin Lefko\u015fa B\u00fcy\u00fckel\u00e7ili\u011fi E\u011fitim M\u00fc\u015favirli\u011fi, T\u00fcrkiye Cumhuriyeti Gen\u00e7lik ve Spor Bakanl\u0131\u011f\u0131 KKTC Koordinat\u00f6rl\u00fc\u011f\u00fc, Lefko\u015fa Yunus Emre Enstit\u00fcs\u00fc, Lefkara Dergisi ve Damla Derne\u011fi i\u015f birli\u011fiyle, 8 Mart D\u00fcnya Kad\u0131nlar G\u00fcn\u00fc\u2019ne \u00f6zel bir etkinlik d\u00fczenlendi.<\/p>\n<p>Seramik sanat\u00e7\u0131s\u0131 Leman Cankat taraf\u0131ndan ger\u00e7ekle\u015ftirilen kad\u0131nlara \u00f6zel seramik at\u00f6lyesi, kat\u0131l\u0131mc\u0131lara sanat\u0131n iyile\u015ftirici ve birle\u015ftirici g\u00fcc\u00fcn\u00fc deneyimleme f\u0131rsat\u0131 sundu. Workshopun ard\u0131ndan kad\u0131nlar, sanat\u0131n ve edebiyat\u0131n bulu\u015fturdu\u011fu iftar sofras\u0131nda bir araya geldi.<\/p>\n<p>Gecenin en \u00f6zel anlar\u0131ndan biri de \u015eeniz Ak\u015fahinler\u2019in \u015fiir dinletisi oldu.<\/p>\n<p>Sanat\u0131n, edebiyat\u0131n ve payla\u015f\u0131m\u0131n \u00f6n planda oldu\u011fu bu anlaml\u0131 bulu\u015fma, kad\u0131n dayan\u0131\u015fmas\u0131n\u0131 ve yarat\u0131c\u0131l\u0131\u011f\u0131n\u0131 kutlayan bir etkinlik olarak be\u011feni toplad\u0131.<\/p>\n<\/p><\/div>\n<p><script async\n                    defer\n                    crossorigin=\"anonymous\"\n                    src=\"https:\/\/connect.facebook.net\/tr_TR\/sdk.js#xfbml=1&#038;version=v3.3\"\n            ><\/script><\/p>\n","protected":false},"excerpt":{"rendered":"<p>T\u00fcrkiye\u2019nin Lefko\u015fa B\u00fcy\u00fckel\u00e7ili\u011fi E\u011fitim M\u00fc\u015favirli\u011fi, T\u00fcrkiye Cumhuriyeti Gen\u00e7lik ve Spor Bakanl\u0131\u011f\u0131 KKTC Koordinat\u00f6rl\u00fc\u011f\u00fc, Lefko\u015fa Yunus Emre Enstit\u00fcs\u00fc, Lefkara Dergisi ve Damla Derne\u011fi i\u015f birli\u011fiyle, 8 Mart D\u00fcnya Kad\u0131nlar G\u00fcn\u00fc\u2019ne \u00f6zel bir etkinlik d\u00fczenlendi. Seramik sanat\u00e7\u0131s\u0131 Leman Cankat taraf\u0131ndan ger\u00e7ekle\u015ftirilen kad\u0131nlara \u00f6zel seramik at\u00f6lyesi, kat\u0131l\u0131mc\u0131lara sanat\u0131n iyile\u015ftirici ve birle\u015ftirici g\u00fcc\u00fcn\u00fc deneyimleme f\u0131rsat\u0131 sundu. Workshopun ard\u0131ndan kad\u0131nlar, [&hellip;]<\/p>\n","protected":false},"author":1,"featured_media":19517,"comment_status":"open","ping_status":"open","sticky":false,"template":"","format":"standard","meta":{"jnews-multi-image_gallery":[],"jnews_single_post":[],"jnews_primary_category":[],"footnotes":""},"categories":[5],"tags":[],"class_list":["post-19516","post","type-post","status-publish","format-standard","has-post-thumbnail","hentry","category-turkiye"],"yoast_head":"<!-- This site is optimized with the Yoast SEO plugin v27.5 - https:\/\/yoast.com\/product\/yoast-seo-wordpress\/ -->\n<title>Yunus Emre Enstit\u00fcs\u00fc\u2019nde 8 Mart D\u00fcnya Kad\u0131nlar G\u00fcn\u00fc: Sanat, Edebiyat ve Dayan\u0131\u015fma Bulu\u015fmas\u0131 - Haber Kuzey<\/title>\n<meta name=\"robots\" content=\"index, follow, max-snippet:-1, max-image-preview:large, max-video-preview:-1\" \/>\n<link rel=\"canonical\" href=\"https:\/\/haberkuzey.com\/index.php\/2025\/03\/09\/yunus-emre-enstitusunde-8-mart-dunya-kadinlar-gunu-sanat-edebiyat-ve-dayanisma-bulusmasi\/\" \/>\n<meta property=\"og:locale\" content=\"tr_TR\" \/>\n<meta property=\"og:type\" content=\"article\" \/>\n<meta property=\"og:title\" content=\"Yunus Emre Enstit\u00fcs\u00fc\u2019nde 8 Mart D\u00fcnya Kad\u0131nlar G\u00fcn\u00fc: Sanat, Edebiyat ve Dayan\u0131\u015fma Bulu\u015fmas\u0131 - Haber Kuzey\" \/>\n<meta property=\"og:description\" content=\"T\u00fcrkiye\u2019nin Lefko\u015fa B\u00fcy\u00fckel\u00e7ili\u011fi E\u011fitim M\u00fc\u015favirli\u011fi, T\u00fcrkiye Cumhuriyeti Gen\u00e7lik ve Spor Bakanl\u0131\u011f\u0131 KKTC Koordinat\u00f6rl\u00fc\u011f\u00fc, Lefko\u015fa Yunus Emre Enstit\u00fcs\u00fc, Lefkara Dergisi ve Damla Derne\u011fi i\u015f birli\u011fiyle, 8 Mart D\u00fcnya Kad\u0131nlar G\u00fcn\u00fc\u2019ne \u00f6zel bir etkinlik d\u00fczenlendi. Seramik sanat\u00e7\u0131s\u0131 Leman Cankat taraf\u0131ndan ger\u00e7ekle\u015ftirilen kad\u0131nlara \u00f6zel seramik at\u00f6lyesi, kat\u0131l\u0131mc\u0131lara sanat\u0131n iyile\u015ftirici ve birle\u015ftirici g\u00fcc\u00fcn\u00fc deneyimleme f\u0131rsat\u0131 sundu. Workshopun ard\u0131ndan kad\u0131nlar, [&hellip;]\" \/>\n<meta property=\"og:url\" content=\"https:\/\/haberkuzey.com\/index.php\/2025\/03\/09\/yunus-emre-enstitusunde-8-mart-dunya-kadinlar-gunu-sanat-edebiyat-ve-dayanisma-bulusmasi\/\" \/>\n<meta property=\"og:site_name\" content=\"Haber Kuzey\" \/>\n<meta property=\"article:published_time\" content=\"2025-03-09T12:47:42+00:00\" \/>\n<meta property=\"og:image\" content=\"https:\/\/brtk.net\/wp-content\/uploads\/2025\/03\/09\/1741516305051yunus-3.jpg?ver=07757ed2ef1c68e5f2e3d5a93d7468f1\" \/>\n<meta name=\"author\" content=\"haberkuzey\" \/>\n<meta name=\"twitter:card\" content=\"summary_large_image\" \/>\n<meta name=\"twitter:label1\" content=\"Yazan:\" \/>\n\t<meta name=\"twitter:data1\" content=\"haberkuzey\" \/>\n\t<meta name=\"twitter:label2\" content=\"Tahmini okuma s\u00fcresi\" \/>\n\t<meta name=\"twitter:data2\" content=\"1 dakika\" \/>\n<script type=\"application\/ld+json\" class=\"yoast-schema-graph\">{\"@context\":\"https:\\\/\\\/schema.org\",\"@graph\":[{\"@type\":\"Article\",\"@id\":\"https:\\\/\\\/haberkuzey.com\\\/index.php\\\/2025\\\/03\\\/09\\\/yunus-emre-enstitusunde-8-mart-dunya-kadinlar-gunu-sanat-edebiyat-ve-dayanisma-bulusmasi\\\/#article\",\"isPartOf\":{\"@id\":\"https:\\\/\\\/haberkuzey.com\\\/index.php\\\/2025\\\/03\\\/09\\\/yunus-emre-enstitusunde-8-mart-dunya-kadinlar-gunu-sanat-edebiyat-ve-dayanisma-bulusmasi\\\/\"},\"author\":{\"name\":\"haberkuzey\",\"@id\":\"https:\\\/\\\/haberkuzey.com\\\/#\\\/schema\\\/person\\\/3372109ec735f9333f4fa47ebb9605ca\"},\"headline\":\"Yunus Emre Enstit\u00fcs\u00fc\u2019nde 8 Mart D\u00fcnya Kad\u0131nlar G\u00fcn\u00fc: Sanat, Edebiyat ve Dayan\u0131\u015fma Bulu\u015fmas\u0131\",\"datePublished\":\"2025-03-09T12:47:42+00:00\",\"mainEntityOfPage\":{\"@id\":\"https:\\\/\\\/haberkuzey.com\\\/index.php\\\/2025\\\/03\\\/09\\\/yunus-emre-enstitusunde-8-mart-dunya-kadinlar-gunu-sanat-edebiyat-ve-dayanisma-bulusmasi\\\/\"},\"wordCount\":173,\"commentCount\":0,\"image\":{\"@id\":\"https:\\\/\\\/haberkuzey.com\\\/index.php\\\/2025\\\/03\\\/09\\\/yunus-emre-enstitusunde-8-mart-dunya-kadinlar-gunu-sanat-edebiyat-ve-dayanisma-bulusmasi\\\/#primaryimage\"},\"thumbnailUrl\":\"https:\\\/\\\/haberkuzey.com\\\/wp-content\\\/uploads\\\/2025\\\/03\\\/1741516305051yunus-3.jpg\",\"articleSection\":[\"T\u00fcrkiye\"],\"inLanguage\":\"tr\",\"potentialAction\":[{\"@type\":\"CommentAction\",\"name\":\"Comment\",\"target\":[\"https:\\\/\\\/haberkuzey.com\\\/index.php\\\/2025\\\/03\\\/09\\\/yunus-emre-enstitusunde-8-mart-dunya-kadinlar-gunu-sanat-edebiyat-ve-dayanisma-bulusmasi\\\/#respond\"]}]},{\"@type\":\"WebPage\",\"@id\":\"https:\\\/\\\/haberkuzey.com\\\/index.php\\\/2025\\\/03\\\/09\\\/yunus-emre-enstitusunde-8-mart-dunya-kadinlar-gunu-sanat-edebiyat-ve-dayanisma-bulusmasi\\\/\",\"url\":\"https:\\\/\\\/haberkuzey.com\\\/index.php\\\/2025\\\/03\\\/09\\\/yunus-emre-enstitusunde-8-mart-dunya-kadinlar-gunu-sanat-edebiyat-ve-dayanisma-bulusmasi\\\/\",\"name\":\"Yunus Emre Enstit\u00fcs\u00fc\u2019nde 8 Mart D\u00fcnya Kad\u0131nlar G\u00fcn\u00fc: Sanat, Edebiyat ve Dayan\u0131\u015fma Bulu\u015fmas\u0131 - Haber Kuzey\",\"isPartOf\":{\"@id\":\"https:\\\/\\\/haberkuzey.com\\\/#website\"},\"primaryImageOfPage\":{\"@id\":\"https:\\\/\\\/haberkuzey.com\\\/index.php\\\/2025\\\/03\\\/09\\\/yunus-emre-enstitusunde-8-mart-dunya-kadinlar-gunu-sanat-edebiyat-ve-dayanisma-bulusmasi\\\/#primaryimage\"},\"image\":{\"@id\":\"https:\\\/\\\/haberkuzey.com\\\/index.php\\\/2025\\\/03\\\/09\\\/yunus-emre-enstitusunde-8-mart-dunya-kadinlar-gunu-sanat-edebiyat-ve-dayanisma-bulusmasi\\\/#primaryimage\"},\"thumbnailUrl\":\"https:\\\/\\\/haberkuzey.com\\\/wp-content\\\/uploads\\\/2025\\\/03\\\/1741516305051yunus-3.jpg\",\"datePublished\":\"2025-03-09T12:47:42+00:00\",\"author\":{\"@id\":\"https:\\\/\\\/haberkuzey.com\\\/#\\\/schema\\\/person\\\/3372109ec735f9333f4fa47ebb9605ca\"},\"breadcrumb\":{\"@id\":\"https:\\\/\\\/haberkuzey.com\\\/index.php\\\/2025\\\/03\\\/09\\\/yunus-emre-enstitusunde-8-mart-dunya-kadinlar-gunu-sanat-edebiyat-ve-dayanisma-bulusmasi\\\/#breadcrumb\"},\"inLanguage\":\"tr\",\"potentialAction\":[{\"@type\":\"ReadAction\",\"target\":[\"https:\\\/\\\/haberkuzey.com\\\/index.php\\\/2025\\\/03\\\/09\\\/yunus-emre-enstitusunde-8-mart-dunya-kadinlar-gunu-sanat-edebiyat-ve-dayanisma-bulusmasi\\\/\"]}]},{\"@type\":\"ImageObject\",\"inLanguage\":\"tr\",\"@id\":\"https:\\\/\\\/haberkuzey.com\\\/index.php\\\/2025\\\/03\\\/09\\\/yunus-emre-enstitusunde-8-mart-dunya-kadinlar-gunu-sanat-edebiyat-ve-dayanisma-bulusmasi\\\/#primaryimage\",\"url\":\"https:\\\/\\\/haberkuzey.com\\\/wp-content\\\/uploads\\\/2025\\\/03\\\/1741516305051yunus-3.jpg\",\"contentUrl\":\"https:\\\/\\\/haberkuzey.com\\\/wp-content\\\/uploads\\\/2025\\\/03\\\/1741516305051yunus-3.jpg\",\"width\":1280,\"height\":960},{\"@type\":\"BreadcrumbList\",\"@id\":\"https:\\\/\\\/haberkuzey.com\\\/index.php\\\/2025\\\/03\\\/09\\\/yunus-emre-enstitusunde-8-mart-dunya-kadinlar-gunu-sanat-edebiyat-ve-dayanisma-bulusmasi\\\/#breadcrumb\",\"itemListElement\":[{\"@type\":\"ListItem\",\"position\":1,\"name\":\"Anasayfa\",\"item\":\"https:\\\/\\\/haberkuzey.com\\\/\"},{\"@type\":\"ListItem\",\"position\":2,\"name\":\"Yunus Emre Enstit\u00fcs\u00fc\u2019nde 8 Mart D\u00fcnya Kad\u0131nlar G\u00fcn\u00fc: Sanat, Edebiyat ve Dayan\u0131\u015fma Bulu\u015fmas\u0131\"}]},{\"@type\":\"WebSite\",\"@id\":\"https:\\\/\\\/haberkuzey.com\\\/#website\",\"url\":\"https:\\\/\\\/haberkuzey.com\\\/\",\"name\":\"Haber Kuzey\",\"description\":\"Do\u011fru Haberin Adresi\",\"potentialAction\":[{\"@type\":\"SearchAction\",\"target\":{\"@type\":\"EntryPoint\",\"urlTemplate\":\"https:\\\/\\\/haberkuzey.com\\\/?s={search_term_string}\"},\"query-input\":{\"@type\":\"PropertyValueSpecification\",\"valueRequired\":true,\"valueName\":\"search_term_string\"}}],\"inLanguage\":\"tr\"},{\"@type\":\"Person\",\"@id\":\"https:\\\/\\\/haberkuzey.com\\\/#\\\/schema\\\/person\\\/3372109ec735f9333f4fa47ebb9605ca\",\"name\":\"haberkuzey\",\"image\":{\"@type\":\"ImageObject\",\"inLanguage\":\"tr\",\"@id\":\"https:\\\/\\\/secure.gravatar.com\\\/avatar\\\/f5fc875574b1575324358c3b9e6a32b8227aa5b74f3fa22e3cadb63e26fcc39c?s=96&d=mm&r=g\",\"url\":\"https:\\\/\\\/secure.gravatar.com\\\/avatar\\\/f5fc875574b1575324358c3b9e6a32b8227aa5b74f3fa22e3cadb63e26fcc39c?s=96&d=mm&r=g\",\"contentUrl\":\"https:\\\/\\\/secure.gravatar.com\\\/avatar\\\/f5fc875574b1575324358c3b9e6a32b8227aa5b74f3fa22e3cadb63e26fcc39c?s=96&d=mm&r=g\",\"caption\":\"haberkuzey\"},\"sameAs\":[\"https:\\\/\\\/haberkuzey.com\"],\"url\":\"https:\\\/\\\/haberkuzey.com\\\/index.php\\\/author\\\/haberkuzey\\\/\"}]}<\/script>\n<!-- \/ Yoast SEO plugin. -->","yoast_head_json":{"title":"Yunus Emre Enstit\u00fcs\u00fc\u2019nde 8 Mart D\u00fcnya Kad\u0131nlar G\u00fcn\u00fc: Sanat, Edebiyat ve Dayan\u0131\u015fma Bulu\u015fmas\u0131 - Haber Kuzey","robots":{"index":"index","follow":"follow","max-snippet":"max-snippet:-1","max-image-preview":"max-image-preview:large","max-video-preview":"max-video-preview:-1"},"canonical":"https:\/\/haberkuzey.com\/index.php\/2025\/03\/09\/yunus-emre-enstitusunde-8-mart-dunya-kadinlar-gunu-sanat-edebiyat-ve-dayanisma-bulusmasi\/","og_locale":"tr_TR","og_type":"article","og_title":"Yunus Emre Enstit\u00fcs\u00fc\u2019nde 8 Mart D\u00fcnya Kad\u0131nlar G\u00fcn\u00fc: Sanat, Edebiyat ve Dayan\u0131\u015fma Bulu\u015fmas\u0131 - Haber Kuzey","og_description":"T\u00fcrkiye\u2019nin Lefko\u015fa B\u00fcy\u00fckel\u00e7ili\u011fi E\u011fitim M\u00fc\u015favirli\u011fi, T\u00fcrkiye Cumhuriyeti Gen\u00e7lik ve Spor Bakanl\u0131\u011f\u0131 KKTC Koordinat\u00f6rl\u00fc\u011f\u00fc, Lefko\u015fa Yunus Emre Enstit\u00fcs\u00fc, Lefkara Dergisi ve Damla Derne\u011fi i\u015f birli\u011fiyle, 8 Mart D\u00fcnya Kad\u0131nlar G\u00fcn\u00fc\u2019ne \u00f6zel bir etkinlik d\u00fczenlendi. Seramik sanat\u00e7\u0131s\u0131 Leman Cankat taraf\u0131ndan ger\u00e7ekle\u015ftirilen kad\u0131nlara \u00f6zel seramik at\u00f6lyesi, kat\u0131l\u0131mc\u0131lara sanat\u0131n iyile\u015ftirici ve birle\u015ftirici g\u00fcc\u00fcn\u00fc deneyimleme f\u0131rsat\u0131 sundu. Workshopun ard\u0131ndan kad\u0131nlar, [&hellip;]","og_url":"https:\/\/haberkuzey.com\/index.php\/2025\/03\/09\/yunus-emre-enstitusunde-8-mart-dunya-kadinlar-gunu-sanat-edebiyat-ve-dayanisma-bulusmasi\/","og_site_name":"Haber Kuzey","article_published_time":"2025-03-09T12:47:42+00:00","og_image":[{"url":"https:\/\/brtk.net\/wp-content\/uploads\/2025\/03\/09\/1741516305051yunus-3.jpg?ver=07757ed2ef1c68e5f2e3d5a93d7468f1","type":"","width":"","height":""}],"author":"haberkuzey","twitter_card":"summary_large_image","twitter_misc":{"Yazan:":"haberkuzey","Tahmini okuma s\u00fcresi":"1 dakika"},"schema":{"@context":"https:\/\/schema.org","@graph":[{"@type":"Article","@id":"https:\/\/haberkuzey.com\/index.php\/2025\/03\/09\/yunus-emre-enstitusunde-8-mart-dunya-kadinlar-gunu-sanat-edebiyat-ve-dayanisma-bulusmasi\/#article","isPartOf":{"@id":"https:\/\/haberkuzey.com\/index.php\/2025\/03\/09\/yunus-emre-enstitusunde-8-mart-dunya-kadinlar-gunu-sanat-edebiyat-ve-dayanisma-bulusmasi\/"},"author":{"name":"haberkuzey","@id":"https:\/\/haberkuzey.com\/#\/schema\/person\/3372109ec735f9333f4fa47ebb9605ca"},"headline":"Yunus Emre Enstit\u00fcs\u00fc\u2019nde 8 Mart D\u00fcnya Kad\u0131nlar G\u00fcn\u00fc: Sanat, Edebiyat ve Dayan\u0131\u015fma Bulu\u015fmas\u0131","datePublished":"2025-03-09T12:47:42+00:00","mainEntityOfPage":{"@id":"https:\/\/haberkuzey.com\/index.php\/2025\/03\/09\/yunus-emre-enstitusunde-8-mart-dunya-kadinlar-gunu-sanat-edebiyat-ve-dayanisma-bulusmasi\/"},"wordCount":173,"commentCount":0,"image":{"@id":"https:\/\/haberkuzey.com\/index.php\/2025\/03\/09\/yunus-emre-enstitusunde-8-mart-dunya-kadinlar-gunu-sanat-edebiyat-ve-dayanisma-bulusmasi\/#primaryimage"},"thumbnailUrl":"https:\/\/haberkuzey.com\/wp-content\/uploads\/2025\/03\/1741516305051yunus-3.jpg","articleSection":["T\u00fcrkiye"],"inLanguage":"tr","potentialAction":[{"@type":"CommentAction","name":"Comment","target":["https:\/\/haberkuzey.com\/index.php\/2025\/03\/09\/yunus-emre-enstitusunde-8-mart-dunya-kadinlar-gunu-sanat-edebiyat-ve-dayanisma-bulusmasi\/#respond"]}]},{"@type":"WebPage","@id":"https:\/\/haberkuzey.com\/index.php\/2025\/03\/09\/yunus-emre-enstitusunde-8-mart-dunya-kadinlar-gunu-sanat-edebiyat-ve-dayanisma-bulusmasi\/","url":"https:\/\/haberkuzey.com\/index.php\/2025\/03\/09\/yunus-emre-enstitusunde-8-mart-dunya-kadinlar-gunu-sanat-edebiyat-ve-dayanisma-bulusmasi\/","name":"Yunus Emre Enstit\u00fcs\u00fc\u2019nde 8 Mart D\u00fcnya Kad\u0131nlar G\u00fcn\u00fc: Sanat, Edebiyat ve Dayan\u0131\u015fma Bulu\u015fmas\u0131 - Haber Kuzey","isPartOf":{"@id":"https:\/\/haberkuzey.com\/#website"},"primaryImageOfPage":{"@id":"https:\/\/haberkuzey.com\/index.php\/2025\/03\/09\/yunus-emre-enstitusunde-8-mart-dunya-kadinlar-gunu-sanat-edebiyat-ve-dayanisma-bulusmasi\/#primaryimage"},"image":{"@id":"https:\/\/haberkuzey.com\/index.php\/2025\/03\/09\/yunus-emre-enstitusunde-8-mart-dunya-kadinlar-gunu-sanat-edebiyat-ve-dayanisma-bulusmasi\/#primaryimage"},"thumbnailUrl":"https:\/\/haberkuzey.com\/wp-content\/uploads\/2025\/03\/1741516305051yunus-3.jpg","datePublished":"2025-03-09T12:47:42+00:00","author":{"@id":"https:\/\/haberkuzey.com\/#\/schema\/person\/3372109ec735f9333f4fa47ebb9605ca"},"breadcrumb":{"@id":"https:\/\/haberkuzey.com\/index.php\/2025\/03\/09\/yunus-emre-enstitusunde-8-mart-dunya-kadinlar-gunu-sanat-edebiyat-ve-dayanisma-bulusmasi\/#breadcrumb"},"inLanguage":"tr","potentialAction":[{"@type":"ReadAction","target":["https:\/\/haberkuzey.com\/index.php\/2025\/03\/09\/yunus-emre-enstitusunde-8-mart-dunya-kadinlar-gunu-sanat-edebiyat-ve-dayanisma-bulusmasi\/"]}]},{"@type":"ImageObject","inLanguage":"tr","@id":"https:\/\/haberkuzey.com\/index.php\/2025\/03\/09\/yunus-emre-enstitusunde-8-mart-dunya-kadinlar-gunu-sanat-edebiyat-ve-dayanisma-bulusmasi\/#primaryimage","url":"https:\/\/haberkuzey.com\/wp-content\/uploads\/2025\/03\/1741516305051yunus-3.jpg","contentUrl":"https:\/\/haberkuzey.com\/wp-content\/uploads\/2025\/03\/1741516305051yunus-3.jpg","width":1280,"height":960},{"@type":"BreadcrumbList","@id":"https:\/\/haberkuzey.com\/index.php\/2025\/03\/09\/yunus-emre-enstitusunde-8-mart-dunya-kadinlar-gunu-sanat-edebiyat-ve-dayanisma-bulusmasi\/#breadcrumb","itemListElement":[{"@type":"ListItem","position":1,"name":"Anasayfa","item":"https:\/\/haberkuzey.com\/"},{"@type":"ListItem","position":2,"name":"Yunus Emre Enstit\u00fcs\u00fc\u2019nde 8 Mart D\u00fcnya Kad\u0131nlar G\u00fcn\u00fc: Sanat, Edebiyat ve Dayan\u0131\u015fma Bulu\u015fmas\u0131"}]},{"@type":"WebSite","@id":"https:\/\/haberkuzey.com\/#website","url":"https:\/\/haberkuzey.com\/","name":"Haber Kuzey","description":"Do\u011fru Haberin Adresi","potentialAction":[{"@type":"SearchAction","target":{"@type":"EntryPoint","urlTemplate":"https:\/\/haberkuzey.com\/?s={search_term_string}"},"query-input":{"@type":"PropertyValueSpecification","valueRequired":true,"valueName":"search_term_string"}}],"inLanguage":"tr"},{"@type":"Person","@id":"https:\/\/haberkuzey.com\/#\/schema\/person\/3372109ec735f9333f4fa47ebb9605ca","name":"haberkuzey","image":{"@type":"ImageObject","inLanguage":"tr","@id":"https:\/\/secure.gravatar.com\/avatar\/f5fc875574b1575324358c3b9e6a32b8227aa5b74f3fa22e3cadb63e26fcc39c?s=96&d=mm&r=g","url":"https:\/\/secure.gravatar.com\/avatar\/f5fc875574b1575324358c3b9e6a32b8227aa5b74f3fa22e3cadb63e26fcc39c?s=96&d=mm&r=g","contentUrl":"https:\/\/secure.gravatar.com\/avatar\/f5fc875574b1575324358c3b9e6a32b8227aa5b74f3fa22e3cadb63e26fcc39c?s=96&d=mm&r=g","caption":"haberkuzey"},"sameAs":["https:\/\/haberkuzey.com"],"url":"https:\/\/haberkuzey.com\/index.php\/author\/haberkuzey\/"}]}},"_links":{"self":[{"href":"https:\/\/haberkuzey.com\/index.php\/wp-json\/wp\/v2\/posts\/19516","targetHints":{"allow":["GET"]}}],"collection":[{"href":"https:\/\/haberkuzey.com\/index.php\/wp-json\/wp\/v2\/posts"}],"about":[{"href":"https:\/\/haberkuzey.com\/index.php\/wp-json\/wp\/v2\/types\/post"}],"author":[{"embeddable":true,"href":"https:\/\/haberkuzey.com\/index.php\/wp-json\/wp\/v2\/users\/1"}],"replies":[{"embeddable":true,"href":"https:\/\/haberkuzey.com\/index.php\/wp-json\/wp\/v2\/comments?post=19516"}],"version-history":[{"count":0,"href":"https:\/\/haberkuzey.com\/index.php\/wp-json\/wp\/v2\/posts\/19516\/revisions"}],"wp:featuredmedia":[{"embeddable":true,"href":"https:\/\/haberkuzey.com\/index.php\/wp-json\/wp\/v2\/media\/19517"}],"wp:attachment":[{"href":"https:\/\/haberkuzey.com\/index.php\/wp-json\/wp\/v2\/media?parent=19516"}],"wp:term":[{"taxonomy":"category","embeddable":true,"href":"https:\/\/haberkuzey.com\/index.php\/wp-json\/wp\/v2\/categories?post=19516"},{"taxonomy":"post_tag","embeddable":true,"href":"https:\/\/haberkuzey.com\/index.php\/wp-json\/wp\/v2\/tags?post=19516"}],"curies":[{"name":"wp","href":"https:\/\/api.w.org\/{rel}","templated":true}]}}