{"id":1944,"date":"2024-05-10T10:10:58","date_gmt":"2024-05-10T07:10:58","guid":{"rendered":"https:\/\/haberkuzey.com\/index.php\/2024\/05\/10\/cagdas-muzik-dernegi-tsm-korosu-6-uluslararasi-tsm-korolar-festivaline-katilacak\/"},"modified":"2024-05-10T10:10:58","modified_gmt":"2024-05-10T07:10:58","slug":"cagdas-muzik-dernegi-tsm-korosu-6-uluslararasi-tsm-korolar-festivaline-katilacak","status":"publish","type":"post","link":"https:\/\/haberkuzey.com\/index.php\/2024\/05\/10\/cagdas-muzik-dernegi-tsm-korosu-6-uluslararasi-tsm-korolar-festivaline-katilacak\/","title":{"rendered":"\u00c7a\u011fda\u015f M\u00fczik Derne\u011fi TSM Korosu, 6. Uluslararas\u0131 TSM Korolar Festivali\u2019ne kat\u0131lacak"},"content":{"rendered":"<div>\n<div class=\"mariselle-image-container center\">\n                                            <\/div>\n<p>\u00c7a\u011fda\u015f M\u00fczik Derne\u011fi TSM Korosu 14 \u2013 19 May\u0131s tarihlerinde M\u0131s\u0131r\u2019\u0131n \u015earm El-\u015eeyh \u015fehrinde d\u00fczenlenecek 6. Uluslararas\u0131 TSM Korolar Festivali\u2019ne kat\u0131lacak.<\/p>\n<p>Dernek\u2019ten verilen bilgiye g\u00f6re, 35 ki\u015fiden olu\u015fan kafile, Dernek Ba\u015fkan\u0131 ve Koro \u015eefi Ersin T\u00fcnay y\u00f6netiminde sahne alacak.<\/p>\n<\/p><\/div>\n<p><script async\n                    defer\n                    crossorigin=\"anonymous\"\n                    src=\"https:\/\/connect.facebook.net\/tr_TR\/sdk.js#xfbml=1&#038;version=v3.3\"\n            ><\/script><\/p>\n","protected":false},"excerpt":{"rendered":"<p>\u00c7a\u011fda\u015f M\u00fczik Derne\u011fi TSM Korosu 14 \u2013 19 May\u0131s tarihlerinde M\u0131s\u0131r\u2019\u0131n \u015earm El-\u015eeyh \u015fehrinde d\u00fczenlenecek 6. Uluslararas\u0131 TSM Korolar Festivali\u2019ne kat\u0131lacak. Dernek\u2019ten verilen bilgiye g\u00f6re, 35 ki\u015fiden olu\u015fan kafile, Dernek Ba\u015fkan\u0131 ve Koro \u015eefi Ersin T\u00fcnay y\u00f6netiminde sahne alacak.<\/p>\n","protected":false},"author":1,"featured_media":1945,"comment_status":"open","ping_status":"open","sticky":false,"template":"","format":"standard","meta":{"jnews-multi-image_gallery":[],"jnews_single_post":[],"jnews_primary_category":[],"footnotes":""},"categories":[5],"tags":[],"class_list":["post-1944","post","type-post","status-publish","format-standard","has-post-thumbnail","hentry","category-turkiye"],"yoast_head":"<!-- This site is optimized with the Yoast SEO plugin v27.5 - https:\/\/yoast.com\/product\/yoast-seo-wordpress\/ -->\n<title>\u00c7a\u011fda\u015f M\u00fczik Derne\u011fi TSM Korosu, 6. Uluslararas\u0131 TSM Korolar Festivali\u2019ne kat\u0131lacak - Haber Kuzey<\/title>\n<meta name=\"robots\" content=\"index, follow, max-snippet:-1, max-image-preview:large, max-video-preview:-1\" \/>\n<link rel=\"canonical\" href=\"https:\/\/haberkuzey.com\/index.php\/2024\/05\/10\/cagdas-muzik-dernegi-tsm-korosu-6-uluslararasi-tsm-korolar-festivaline-katilacak\/\" \/>\n<meta property=\"og:locale\" content=\"tr_TR\" \/>\n<meta property=\"og:type\" content=\"article\" \/>\n<meta property=\"og:title\" content=\"\u00c7a\u011fda\u015f M\u00fczik Derne\u011fi TSM Korosu, 6. Uluslararas\u0131 TSM Korolar Festivali\u2019ne kat\u0131lacak - Haber Kuzey\" \/>\n<meta property=\"og:description\" content=\"\u00c7a\u011fda\u015f M\u00fczik Derne\u011fi TSM Korosu 14 \u2013 19 May\u0131s tarihlerinde M\u0131s\u0131r\u2019\u0131n \u015earm El-\u015eeyh \u015fehrinde d\u00fczenlenecek 6. Uluslararas\u0131 TSM Korolar Festivali\u2019ne kat\u0131lacak. Dernek\u2019ten verilen bilgiye g\u00f6re, 35 ki\u015fiden olu\u015fan kafile, Dernek Ba\u015fkan\u0131 ve Koro \u015eefi Ersin T\u00fcnay y\u00f6netiminde sahne alacak.\" \/>\n<meta property=\"og:url\" content=\"https:\/\/haberkuzey.com\/index.php\/2024\/05\/10\/cagdas-muzik-dernegi-tsm-korosu-6-uluslararasi-tsm-korolar-festivaline-katilacak\/\" \/>\n<meta property=\"og:site_name\" content=\"Haber Kuzey\" \/>\n<meta property=\"article:published_time\" content=\"2024-05-10T07:10:58+00:00\" \/>\n<meta property=\"og:image\" content=\"https:\/\/brtk.net\/wp-content\/uploads\/2024\/05\/10\/Cagdas-Muzik-Dernegi-TSM-Korosu.jpg?ver=eb4573b040ab1c8b7789fe71365a1a33\" \/>\n<meta name=\"author\" content=\"haberkuzey\" \/>\n<meta name=\"twitter:card\" content=\"summary_large_image\" \/>\n<meta name=\"twitter:label1\" content=\"Yazan:\" \/>\n\t<meta name=\"twitter:data1\" content=\"haberkuzey\" \/>\n<script type=\"application\/ld+json\" class=\"yoast-schema-graph\">{\"@context\":\"https:\\\/\\\/schema.org\",\"@graph\":[{\"@type\":\"Article\",\"@id\":\"https:\\\/\\\/haberkuzey.com\\\/index.php\\\/2024\\\/05\\\/10\\\/cagdas-muzik-dernegi-tsm-korosu-6-uluslararasi-tsm-korolar-festivaline-katilacak\\\/#article\",\"isPartOf\":{\"@id\":\"https:\\\/\\\/haberkuzey.com\\\/index.php\\\/2024\\\/05\\\/10\\\/cagdas-muzik-dernegi-tsm-korosu-6-uluslararasi-tsm-korolar-festivaline-katilacak\\\/\"},\"author\":{\"name\":\"haberkuzey\",\"@id\":\"https:\\\/\\\/haberkuzey.com\\\/#\\\/schema\\\/person\\\/3372109ec735f9333f4fa47ebb9605ca\"},\"headline\":\"\u00c7a\u011fda\u015f M\u00fczik Derne\u011fi TSM Korosu, 6. Uluslararas\u0131 TSM Korolar Festivali\u2019ne kat\u0131lacak\",\"datePublished\":\"2024-05-10T07:10:58+00:00\",\"mainEntityOfPage\":{\"@id\":\"https:\\\/\\\/haberkuzey.com\\\/index.php\\\/2024\\\/05\\\/10\\\/cagdas-muzik-dernegi-tsm-korosu-6-uluslararasi-tsm-korolar-festivaline-katilacak\\\/\"},\"wordCount\":67,\"commentCount\":0,\"image\":{\"@id\":\"https:\\\/\\\/haberkuzey.com\\\/index.php\\\/2024\\\/05\\\/10\\\/cagdas-muzik-dernegi-tsm-korosu-6-uluslararasi-tsm-korolar-festivaline-katilacak\\\/#primaryimage\"},\"thumbnailUrl\":\"https:\\\/\\\/haberkuzey.com\\\/wp-content\\\/uploads\\\/2024\\\/05\\\/Cagdas-Muzik-Dernegi-TSM-Korosu.jpg\",\"articleSection\":[\"T\u00fcrkiye\"],\"inLanguage\":\"tr\",\"potentialAction\":[{\"@type\":\"CommentAction\",\"name\":\"Comment\",\"target\":[\"https:\\\/\\\/haberkuzey.com\\\/index.php\\\/2024\\\/05\\\/10\\\/cagdas-muzik-dernegi-tsm-korosu-6-uluslararasi-tsm-korolar-festivaline-katilacak\\\/#respond\"]}]},{\"@type\":\"WebPage\",\"@id\":\"https:\\\/\\\/haberkuzey.com\\\/index.php\\\/2024\\\/05\\\/10\\\/cagdas-muzik-dernegi-tsm-korosu-6-uluslararasi-tsm-korolar-festivaline-katilacak\\\/\",\"url\":\"https:\\\/\\\/haberkuzey.com\\\/index.php\\\/2024\\\/05\\\/10\\\/cagdas-muzik-dernegi-tsm-korosu-6-uluslararasi-tsm-korolar-festivaline-katilacak\\\/\",\"name\":\"\u00c7a\u011fda\u015f M\u00fczik Derne\u011fi TSM Korosu, 6. Uluslararas\u0131 TSM Korolar Festivali\u2019ne kat\u0131lacak - Haber Kuzey\",\"isPartOf\":{\"@id\":\"https:\\\/\\\/haberkuzey.com\\\/#website\"},\"primaryImageOfPage\":{\"@id\":\"https:\\\/\\\/haberkuzey.com\\\/index.php\\\/2024\\\/05\\\/10\\\/cagdas-muzik-dernegi-tsm-korosu-6-uluslararasi-tsm-korolar-festivaline-katilacak\\\/#primaryimage\"},\"image\":{\"@id\":\"https:\\\/\\\/haberkuzey.com\\\/index.php\\\/2024\\\/05\\\/10\\\/cagdas-muzik-dernegi-tsm-korosu-6-uluslararasi-tsm-korolar-festivaline-katilacak\\\/#primaryimage\"},\"thumbnailUrl\":\"https:\\\/\\\/haberkuzey.com\\\/wp-content\\\/uploads\\\/2024\\\/05\\\/Cagdas-Muzik-Dernegi-TSM-Korosu.jpg\",\"datePublished\":\"2024-05-10T07:10:58+00:00\",\"author\":{\"@id\":\"https:\\\/\\\/haberkuzey.com\\\/#\\\/schema\\\/person\\\/3372109ec735f9333f4fa47ebb9605ca\"},\"breadcrumb\":{\"@id\":\"https:\\\/\\\/haberkuzey.com\\\/index.php\\\/2024\\\/05\\\/10\\\/cagdas-muzik-dernegi-tsm-korosu-6-uluslararasi-tsm-korolar-festivaline-katilacak\\\/#breadcrumb\"},\"inLanguage\":\"tr\",\"potentialAction\":[{\"@type\":\"ReadAction\",\"target\":[\"https:\\\/\\\/haberkuzey.com\\\/index.php\\\/2024\\\/05\\\/10\\\/cagdas-muzik-dernegi-tsm-korosu-6-uluslararasi-tsm-korolar-festivaline-katilacak\\\/\"]}]},{\"@type\":\"ImageObject\",\"inLanguage\":\"tr\",\"@id\":\"https:\\\/\\\/haberkuzey.com\\\/index.php\\\/2024\\\/05\\\/10\\\/cagdas-muzik-dernegi-tsm-korosu-6-uluslararasi-tsm-korolar-festivaline-katilacak\\\/#primaryimage\",\"url\":\"https:\\\/\\\/haberkuzey.com\\\/wp-content\\\/uploads\\\/2024\\\/05\\\/Cagdas-Muzik-Dernegi-TSM-Korosu.jpg\",\"contentUrl\":\"https:\\\/\\\/haberkuzey.com\\\/wp-content\\\/uploads\\\/2024\\\/05\\\/Cagdas-Muzik-Dernegi-TSM-Korosu.jpg\",\"width\":2048,\"height\":1154},{\"@type\":\"BreadcrumbList\",\"@id\":\"https:\\\/\\\/haberkuzey.com\\\/index.php\\\/2024\\\/05\\\/10\\\/cagdas-muzik-dernegi-tsm-korosu-6-uluslararasi-tsm-korolar-festivaline-katilacak\\\/#breadcrumb\",\"itemListElement\":[{\"@type\":\"ListItem\",\"position\":1,\"name\":\"Anasayfa\",\"item\":\"https:\\\/\\\/haberkuzey.com\\\/\"},{\"@type\":\"ListItem\",\"position\":2,\"name\":\"\u00c7a\u011fda\u015f M\u00fczik Derne\u011fi TSM Korosu, 6. Uluslararas\u0131 TSM Korolar Festivali\u2019ne kat\u0131lacak\"}]},{\"@type\":\"WebSite\",\"@id\":\"https:\\\/\\\/haberkuzey.com\\\/#website\",\"url\":\"https:\\\/\\\/haberkuzey.com\\\/\",\"name\":\"Haber Kuzey\",\"description\":\"Do\u011fru Haberin Adresi\",\"potentialAction\":[{\"@type\":\"SearchAction\",\"target\":{\"@type\":\"EntryPoint\",\"urlTemplate\":\"https:\\\/\\\/haberkuzey.com\\\/?s={search_term_string}\"},\"query-input\":{\"@type\":\"PropertyValueSpecification\",\"valueRequired\":true,\"valueName\":\"search_term_string\"}}],\"inLanguage\":\"tr\"},{\"@type\":\"Person\",\"@id\":\"https:\\\/\\\/haberkuzey.com\\\/#\\\/schema\\\/person\\\/3372109ec735f9333f4fa47ebb9605ca\",\"name\":\"haberkuzey\",\"image\":{\"@type\":\"ImageObject\",\"inLanguage\":\"tr\",\"@id\":\"https:\\\/\\\/secure.gravatar.com\\\/avatar\\\/f5fc875574b1575324358c3b9e6a32b8227aa5b74f3fa22e3cadb63e26fcc39c?s=96&d=mm&r=g\",\"url\":\"https:\\\/\\\/secure.gravatar.com\\\/avatar\\\/f5fc875574b1575324358c3b9e6a32b8227aa5b74f3fa22e3cadb63e26fcc39c?s=96&d=mm&r=g\",\"contentUrl\":\"https:\\\/\\\/secure.gravatar.com\\\/avatar\\\/f5fc875574b1575324358c3b9e6a32b8227aa5b74f3fa22e3cadb63e26fcc39c?s=96&d=mm&r=g\",\"caption\":\"haberkuzey\"},\"sameAs\":[\"https:\\\/\\\/haberkuzey.com\"],\"url\":\"https:\\\/\\\/haberkuzey.com\\\/index.php\\\/author\\\/haberkuzey\\\/\"}]}<\/script>\n<!-- \/ Yoast SEO plugin. -->","yoast_head_json":{"title":"\u00c7a\u011fda\u015f M\u00fczik Derne\u011fi TSM Korosu, 6. Uluslararas\u0131 TSM Korolar Festivali\u2019ne kat\u0131lacak - Haber Kuzey","robots":{"index":"index","follow":"follow","max-snippet":"max-snippet:-1","max-image-preview":"max-image-preview:large","max-video-preview":"max-video-preview:-1"},"canonical":"https:\/\/haberkuzey.com\/index.php\/2024\/05\/10\/cagdas-muzik-dernegi-tsm-korosu-6-uluslararasi-tsm-korolar-festivaline-katilacak\/","og_locale":"tr_TR","og_type":"article","og_title":"\u00c7a\u011fda\u015f M\u00fczik Derne\u011fi TSM Korosu, 6. Uluslararas\u0131 TSM Korolar Festivali\u2019ne kat\u0131lacak - Haber Kuzey","og_description":"\u00c7a\u011fda\u015f M\u00fczik Derne\u011fi TSM Korosu 14 \u2013 19 May\u0131s tarihlerinde M\u0131s\u0131r\u2019\u0131n \u015earm El-\u015eeyh \u015fehrinde d\u00fczenlenecek 6. Uluslararas\u0131 TSM Korolar Festivali\u2019ne kat\u0131lacak. Dernek\u2019ten verilen bilgiye g\u00f6re, 35 ki\u015fiden olu\u015fan kafile, Dernek Ba\u015fkan\u0131 ve Koro \u015eefi Ersin T\u00fcnay y\u00f6netiminde sahne alacak.","og_url":"https:\/\/haberkuzey.com\/index.php\/2024\/05\/10\/cagdas-muzik-dernegi-tsm-korosu-6-uluslararasi-tsm-korolar-festivaline-katilacak\/","og_site_name":"Haber Kuzey","article_published_time":"2024-05-10T07:10:58+00:00","og_image":[{"url":"https:\/\/brtk.net\/wp-content\/uploads\/2024\/05\/10\/Cagdas-Muzik-Dernegi-TSM-Korosu.jpg?ver=eb4573b040ab1c8b7789fe71365a1a33","type":"","width":"","height":""}],"author":"haberkuzey","twitter_card":"summary_large_image","twitter_misc":{"Yazan:":"haberkuzey"},"schema":{"@context":"https:\/\/schema.org","@graph":[{"@type":"Article","@id":"https:\/\/haberkuzey.com\/index.php\/2024\/05\/10\/cagdas-muzik-dernegi-tsm-korosu-6-uluslararasi-tsm-korolar-festivaline-katilacak\/#article","isPartOf":{"@id":"https:\/\/haberkuzey.com\/index.php\/2024\/05\/10\/cagdas-muzik-dernegi-tsm-korosu-6-uluslararasi-tsm-korolar-festivaline-katilacak\/"},"author":{"name":"haberkuzey","@id":"https:\/\/haberkuzey.com\/#\/schema\/person\/3372109ec735f9333f4fa47ebb9605ca"},"headline":"\u00c7a\u011fda\u015f M\u00fczik Derne\u011fi TSM Korosu, 6. Uluslararas\u0131 TSM Korolar Festivali\u2019ne kat\u0131lacak","datePublished":"2024-05-10T07:10:58+00:00","mainEntityOfPage":{"@id":"https:\/\/haberkuzey.com\/index.php\/2024\/05\/10\/cagdas-muzik-dernegi-tsm-korosu-6-uluslararasi-tsm-korolar-festivaline-katilacak\/"},"wordCount":67,"commentCount":0,"image":{"@id":"https:\/\/haberkuzey.com\/index.php\/2024\/05\/10\/cagdas-muzik-dernegi-tsm-korosu-6-uluslararasi-tsm-korolar-festivaline-katilacak\/#primaryimage"},"thumbnailUrl":"https:\/\/haberkuzey.com\/wp-content\/uploads\/2024\/05\/Cagdas-Muzik-Dernegi-TSM-Korosu.jpg","articleSection":["T\u00fcrkiye"],"inLanguage":"tr","potentialAction":[{"@type":"CommentAction","name":"Comment","target":["https:\/\/haberkuzey.com\/index.php\/2024\/05\/10\/cagdas-muzik-dernegi-tsm-korosu-6-uluslararasi-tsm-korolar-festivaline-katilacak\/#respond"]}]},{"@type":"WebPage","@id":"https:\/\/haberkuzey.com\/index.php\/2024\/05\/10\/cagdas-muzik-dernegi-tsm-korosu-6-uluslararasi-tsm-korolar-festivaline-katilacak\/","url":"https:\/\/haberkuzey.com\/index.php\/2024\/05\/10\/cagdas-muzik-dernegi-tsm-korosu-6-uluslararasi-tsm-korolar-festivaline-katilacak\/","name":"\u00c7a\u011fda\u015f M\u00fczik Derne\u011fi TSM Korosu, 6. Uluslararas\u0131 TSM Korolar Festivali\u2019ne kat\u0131lacak - Haber Kuzey","isPartOf":{"@id":"https:\/\/haberkuzey.com\/#website"},"primaryImageOfPage":{"@id":"https:\/\/haberkuzey.com\/index.php\/2024\/05\/10\/cagdas-muzik-dernegi-tsm-korosu-6-uluslararasi-tsm-korolar-festivaline-katilacak\/#primaryimage"},"image":{"@id":"https:\/\/haberkuzey.com\/index.php\/2024\/05\/10\/cagdas-muzik-dernegi-tsm-korosu-6-uluslararasi-tsm-korolar-festivaline-katilacak\/#primaryimage"},"thumbnailUrl":"https:\/\/haberkuzey.com\/wp-content\/uploads\/2024\/05\/Cagdas-Muzik-Dernegi-TSM-Korosu.jpg","datePublished":"2024-05-10T07:10:58+00:00","author":{"@id":"https:\/\/haberkuzey.com\/#\/schema\/person\/3372109ec735f9333f4fa47ebb9605ca"},"breadcrumb":{"@id":"https:\/\/haberkuzey.com\/index.php\/2024\/05\/10\/cagdas-muzik-dernegi-tsm-korosu-6-uluslararasi-tsm-korolar-festivaline-katilacak\/#breadcrumb"},"inLanguage":"tr","potentialAction":[{"@type":"ReadAction","target":["https:\/\/haberkuzey.com\/index.php\/2024\/05\/10\/cagdas-muzik-dernegi-tsm-korosu-6-uluslararasi-tsm-korolar-festivaline-katilacak\/"]}]},{"@type":"ImageObject","inLanguage":"tr","@id":"https:\/\/haberkuzey.com\/index.php\/2024\/05\/10\/cagdas-muzik-dernegi-tsm-korosu-6-uluslararasi-tsm-korolar-festivaline-katilacak\/#primaryimage","url":"https:\/\/haberkuzey.com\/wp-content\/uploads\/2024\/05\/Cagdas-Muzik-Dernegi-TSM-Korosu.jpg","contentUrl":"https:\/\/haberkuzey.com\/wp-content\/uploads\/2024\/05\/Cagdas-Muzik-Dernegi-TSM-Korosu.jpg","width":2048,"height":1154},{"@type":"BreadcrumbList","@id":"https:\/\/haberkuzey.com\/index.php\/2024\/05\/10\/cagdas-muzik-dernegi-tsm-korosu-6-uluslararasi-tsm-korolar-festivaline-katilacak\/#breadcrumb","itemListElement":[{"@type":"ListItem","position":1,"name":"Anasayfa","item":"https:\/\/haberkuzey.com\/"},{"@type":"ListItem","position":2,"name":"\u00c7a\u011fda\u015f M\u00fczik Derne\u011fi TSM Korosu, 6. Uluslararas\u0131 TSM Korolar Festivali\u2019ne kat\u0131lacak"}]},{"@type":"WebSite","@id":"https:\/\/haberkuzey.com\/#website","url":"https:\/\/haberkuzey.com\/","name":"Haber Kuzey","description":"Do\u011fru Haberin Adresi","potentialAction":[{"@type":"SearchAction","target":{"@type":"EntryPoint","urlTemplate":"https:\/\/haberkuzey.com\/?s={search_term_string}"},"query-input":{"@type":"PropertyValueSpecification","valueRequired":true,"valueName":"search_term_string"}}],"inLanguage":"tr"},{"@type":"Person","@id":"https:\/\/haberkuzey.com\/#\/schema\/person\/3372109ec735f9333f4fa47ebb9605ca","name":"haberkuzey","image":{"@type":"ImageObject","inLanguage":"tr","@id":"https:\/\/secure.gravatar.com\/avatar\/f5fc875574b1575324358c3b9e6a32b8227aa5b74f3fa22e3cadb63e26fcc39c?s=96&d=mm&r=g","url":"https:\/\/secure.gravatar.com\/avatar\/f5fc875574b1575324358c3b9e6a32b8227aa5b74f3fa22e3cadb63e26fcc39c?s=96&d=mm&r=g","contentUrl":"https:\/\/secure.gravatar.com\/avatar\/f5fc875574b1575324358c3b9e6a32b8227aa5b74f3fa22e3cadb63e26fcc39c?s=96&d=mm&r=g","caption":"haberkuzey"},"sameAs":["https:\/\/haberkuzey.com"],"url":"https:\/\/haberkuzey.com\/index.php\/author\/haberkuzey\/"}]}},"_links":{"self":[{"href":"https:\/\/haberkuzey.com\/index.php\/wp-json\/wp\/v2\/posts\/1944","targetHints":{"allow":["GET"]}}],"collection":[{"href":"https:\/\/haberkuzey.com\/index.php\/wp-json\/wp\/v2\/posts"}],"about":[{"href":"https:\/\/haberkuzey.com\/index.php\/wp-json\/wp\/v2\/types\/post"}],"author":[{"embeddable":true,"href":"https:\/\/haberkuzey.com\/index.php\/wp-json\/wp\/v2\/users\/1"}],"replies":[{"embeddable":true,"href":"https:\/\/haberkuzey.com\/index.php\/wp-json\/wp\/v2\/comments?post=1944"}],"version-history":[{"count":0,"href":"https:\/\/haberkuzey.com\/index.php\/wp-json\/wp\/v2\/posts\/1944\/revisions"}],"wp:featuredmedia":[{"embeddable":true,"href":"https:\/\/haberkuzey.com\/index.php\/wp-json\/wp\/v2\/media\/1945"}],"wp:attachment":[{"href":"https:\/\/haberkuzey.com\/index.php\/wp-json\/wp\/v2\/media?parent=1944"}],"wp:term":[{"taxonomy":"category","embeddable":true,"href":"https:\/\/haberkuzey.com\/index.php\/wp-json\/wp\/v2\/categories?post=1944"},{"taxonomy":"post_tag","embeddable":true,"href":"https:\/\/haberkuzey.com\/index.php\/wp-json\/wp\/v2\/tags?post=1944"}],"curies":[{"name":"wp","href":"https:\/\/api.w.org\/{rel}","templated":true}]}}