{"id":19421,"date":"2025-03-07T18:33:11","date_gmt":"2025-03-07T16:33:11","guid":{"rendered":"https:\/\/haberkuzey.com\/index.php\/2025\/03\/07\/polis-genel-muduru-kuni-pgm-bolum-mudurluklerinde-calisan-kadin-polis-mensuplari-ile-bir-araya-geldi\/"},"modified":"2025-03-07T18:33:11","modified_gmt":"2025-03-07T16:33:11","slug":"polis-genel-muduru-kuni-pgm-bolum-mudurluklerinde-calisan-kadin-polis-mensuplari-ile-bir-araya-geldi","status":"publish","type":"post","link":"https:\/\/haberkuzey.com\/index.php\/2025\/03\/07\/polis-genel-muduru-kuni-pgm-bolum-mudurluklerinde-calisan-kadin-polis-mensuplari-ile-bir-araya-geldi\/","title":{"rendered":"Polis Genel M\u00fcd\u00fcr\u00fc Kuni, PGM-B\u00f6l\u00fcm M\u00fcd\u00fcrl\u00fckleri\u2019nde \u00e7al\u0131\u015fan kad\u0131n polis mensuplar\u0131 ile bir araya geldi"},"content":{"rendered":"<div>\n<div class=\"mariselle-image-container center\">\n                                            <\/div>\n<p>8 Mart D\u00fcnya Emek\u00e7i Kad\u0131nlar G\u00fcn\u00fc nedeniyle Polis Genel M\u00fcd\u00fcr\u00fc (PGM) Kas\u0131m Kuni, Polis Genel M\u00fcd\u00fcr I\u2019inci Yard\u0131mc\u0131s\u0131 Ali Adal\u0131er ve Polis Genel M\u00fcd\u00fcr II\u2019inci Yard\u0131mc\u0131s\u0131 Kaan Resa Sa\u00e7ar ile birlikte PGM B\u00f6l\u00fcm M\u00fcd\u00fcrl\u00fcklerinde \u00e7al\u0131\u015fan kad\u0131n polis mensuplar\u0131yla bir araya gelerek, Kad\u0131nlar G\u00fcn\u00fc\u2019n\u00fc kutlad\u0131. <\/p>\n<p>Polis Genel M\u00fcd\u00fcr\u00fc Kuni,kad\u0131n polis mensuplar\u0131na hitap ederek, kad\u0131n\u0131n toplumdaki yeri ve \u00f6nemine de\u011finirken, Polis Te\u015fkilat\u0131\u2019n\u0131n ayr\u0131lmaz bir par\u00e7as\u0131 olan kad\u0131n polis mensuplar\u0131n\u0131n zaman mevhumu g\u00f6zetmeksizin \u00fcstlenmi\u015f olduklar\u0131 zorlu g\u00f6revlerde, g\u00f6sterdikleri \u00f6zveri ve fedakarl\u0131ktan dolay\u0131 kendilerine te\u015fekk\u00fcr etti ve g\u00f6revlerinde ba\u015far\u0131lar diledi.<\/p>\n<p>Konu\u015fman\u0131n ard\u0131ndan Kad\u0131nlar G\u00fcn\u00fc\u2019ne \u00f6zel olarak al\u0131nan hediyeler, Polis Genel M\u00fcd\u00fcr\u00fc ve Yard\u0131mc\u0131lar\u0131 taraf\u0131ndan kad\u0131n polis mensuplar\u0131na takdim edildi ve an\u0131 foto\u011fraf\u0131 \u00e7ekildi.<\/p>\n<\/p><\/div>\n<p><script async\n                    defer\n                    crossorigin=\"anonymous\"\n                    src=\"https:\/\/connect.facebook.net\/tr_TR\/sdk.js#xfbml=1&#038;version=v3.3\"\n            ><\/script><\/p>\n","protected":false},"excerpt":{"rendered":"<p>8 Mart D\u00fcnya Emek\u00e7i Kad\u0131nlar G\u00fcn\u00fc nedeniyle Polis Genel M\u00fcd\u00fcr\u00fc (PGM) Kas\u0131m Kuni, Polis Genel M\u00fcd\u00fcr I\u2019inci Yard\u0131mc\u0131s\u0131 Ali Adal\u0131er ve Polis Genel M\u00fcd\u00fcr II\u2019inci Yard\u0131mc\u0131s\u0131 Kaan Resa Sa\u00e7ar ile birlikte PGM B\u00f6l\u00fcm M\u00fcd\u00fcrl\u00fcklerinde \u00e7al\u0131\u015fan kad\u0131n polis mensuplar\u0131yla bir araya gelerek, Kad\u0131nlar G\u00fcn\u00fc\u2019n\u00fc kutlad\u0131. Polis Genel M\u00fcd\u00fcr\u00fc Kuni,kad\u0131n polis mensuplar\u0131na hitap ederek, kad\u0131n\u0131n toplumdaki yeri [&hellip;]<\/p>\n","protected":false},"author":1,"featured_media":19422,"comment_status":"open","ping_status":"open","sticky":false,"template":"","format":"standard","meta":{"jnews-multi-image_gallery":[],"jnews_single_post":[],"jnews_primary_category":[],"footnotes":""},"categories":[1],"tags":[],"class_list":["post-19421","post","type-post","status-publish","format-standard","has-post-thumbnail","hentry","category-kibris"],"yoast_head":"<!-- This site is optimized with the Yoast SEO plugin v27.5 - https:\/\/yoast.com\/product\/yoast-seo-wordpress\/ -->\n<title>Polis Genel M\u00fcd\u00fcr\u00fc Kuni, PGM-B\u00f6l\u00fcm M\u00fcd\u00fcrl\u00fckleri\u2019nde \u00e7al\u0131\u015fan kad\u0131n polis mensuplar\u0131 ile bir araya geldi - Haber Kuzey<\/title>\n<meta name=\"robots\" content=\"index, follow, max-snippet:-1, max-image-preview:large, max-video-preview:-1\" \/>\n<link rel=\"canonical\" href=\"https:\/\/haberkuzey.com\/index.php\/2025\/03\/07\/polis-genel-muduru-kuni-pgm-bolum-mudurluklerinde-calisan-kadin-polis-mensuplari-ile-bir-araya-geldi\/\" \/>\n<meta property=\"og:locale\" content=\"tr_TR\" \/>\n<meta property=\"og:type\" content=\"article\" \/>\n<meta property=\"og:title\" content=\"Polis Genel M\u00fcd\u00fcr\u00fc Kuni, PGM-B\u00f6l\u00fcm M\u00fcd\u00fcrl\u00fckleri\u2019nde \u00e7al\u0131\u015fan kad\u0131n polis mensuplar\u0131 ile bir araya geldi - Haber Kuzey\" \/>\n<meta property=\"og:description\" content=\"8 Mart D\u00fcnya Emek\u00e7i Kad\u0131nlar G\u00fcn\u00fc nedeniyle Polis Genel M\u00fcd\u00fcr\u00fc (PGM) Kas\u0131m Kuni, Polis Genel M\u00fcd\u00fcr I\u2019inci Yard\u0131mc\u0131s\u0131 Ali Adal\u0131er ve Polis Genel M\u00fcd\u00fcr II\u2019inci Yard\u0131mc\u0131s\u0131 Kaan Resa Sa\u00e7ar ile birlikte PGM B\u00f6l\u00fcm M\u00fcd\u00fcrl\u00fcklerinde \u00e7al\u0131\u015fan kad\u0131n polis mensuplar\u0131yla bir araya gelerek, Kad\u0131nlar G\u00fcn\u00fc\u2019n\u00fc kutlad\u0131. Polis Genel M\u00fcd\u00fcr\u00fc Kuni,kad\u0131n polis mensuplar\u0131na hitap ederek, kad\u0131n\u0131n toplumdaki yeri [&hellip;]\" \/>\n<meta property=\"og:url\" content=\"https:\/\/haberkuzey.com\/index.php\/2025\/03\/07\/polis-genel-muduru-kuni-pgm-bolum-mudurluklerinde-calisan-kadin-polis-mensuplari-ile-bir-araya-geldi\/\" \/>\n<meta property=\"og:site_name\" content=\"Haber Kuzey\" \/>\n<meta property=\"article:published_time\" content=\"2025-03-07T16:33:11+00:00\" \/>\n<meta property=\"og:image\" content=\"https:\/\/brtk.net\/wp-content\/uploads\/2025\/03\/07\/482250512_633653582735964_2361021016800185024_n.jpg?ver=4d56fd6f94f1c74c554c91052576c8d3\" \/>\n<meta name=\"author\" content=\"haberkuzey\" \/>\n<meta name=\"twitter:card\" content=\"summary_large_image\" \/>\n<meta name=\"twitter:label1\" content=\"Yazan:\" \/>\n\t<meta name=\"twitter:data1\" content=\"haberkuzey\" \/>\n\t<meta name=\"twitter:label2\" content=\"Tahmini okuma s\u00fcresi\" \/>\n\t<meta name=\"twitter:data2\" content=\"1 dakika\" \/>\n<script type=\"application\/ld+json\" class=\"yoast-schema-graph\">{\"@context\":\"https:\\\/\\\/schema.org\",\"@graph\":[{\"@type\":\"Article\",\"@id\":\"https:\\\/\\\/haberkuzey.com\\\/index.php\\\/2025\\\/03\\\/07\\\/polis-genel-muduru-kuni-pgm-bolum-mudurluklerinde-calisan-kadin-polis-mensuplari-ile-bir-araya-geldi\\\/#article\",\"isPartOf\":{\"@id\":\"https:\\\/\\\/haberkuzey.com\\\/index.php\\\/2025\\\/03\\\/07\\\/polis-genel-muduru-kuni-pgm-bolum-mudurluklerinde-calisan-kadin-polis-mensuplari-ile-bir-araya-geldi\\\/\"},\"author\":{\"name\":\"haberkuzey\",\"@id\":\"https:\\\/\\\/haberkuzey.com\\\/#\\\/schema\\\/person\\\/3372109ec735f9333f4fa47ebb9605ca\"},\"headline\":\"Polis Genel M\u00fcd\u00fcr\u00fc Kuni, PGM-B\u00f6l\u00fcm M\u00fcd\u00fcrl\u00fckleri\u2019nde \u00e7al\u0131\u015fan kad\u0131n polis mensuplar\u0131 ile bir araya geldi\",\"datePublished\":\"2025-03-07T16:33:11+00:00\",\"mainEntityOfPage\":{\"@id\":\"https:\\\/\\\/haberkuzey.com\\\/index.php\\\/2025\\\/03\\\/07\\\/polis-genel-muduru-kuni-pgm-bolum-mudurluklerinde-calisan-kadin-polis-mensuplari-ile-bir-araya-geldi\\\/\"},\"wordCount\":202,\"commentCount\":0,\"image\":{\"@id\":\"https:\\\/\\\/haberkuzey.com\\\/index.php\\\/2025\\\/03\\\/07\\\/polis-genel-muduru-kuni-pgm-bolum-mudurluklerinde-calisan-kadin-polis-mensuplari-ile-bir-araya-geldi\\\/#primaryimage\"},\"thumbnailUrl\":\"https:\\\/\\\/haberkuzey.com\\\/wp-content\\\/uploads\\\/2025\\\/03\\\/482250512_633653582735964_2361021016800185024_n.jpg\",\"articleSection\":[\"K\u0131br\u0131s\"],\"inLanguage\":\"tr\",\"potentialAction\":[{\"@type\":\"CommentAction\",\"name\":\"Comment\",\"target\":[\"https:\\\/\\\/haberkuzey.com\\\/index.php\\\/2025\\\/03\\\/07\\\/polis-genel-muduru-kuni-pgm-bolum-mudurluklerinde-calisan-kadin-polis-mensuplari-ile-bir-araya-geldi\\\/#respond\"]}]},{\"@type\":\"WebPage\",\"@id\":\"https:\\\/\\\/haberkuzey.com\\\/index.php\\\/2025\\\/03\\\/07\\\/polis-genel-muduru-kuni-pgm-bolum-mudurluklerinde-calisan-kadin-polis-mensuplari-ile-bir-araya-geldi\\\/\",\"url\":\"https:\\\/\\\/haberkuzey.com\\\/index.php\\\/2025\\\/03\\\/07\\\/polis-genel-muduru-kuni-pgm-bolum-mudurluklerinde-calisan-kadin-polis-mensuplari-ile-bir-araya-geldi\\\/\",\"name\":\"Polis Genel M\u00fcd\u00fcr\u00fc Kuni, PGM-B\u00f6l\u00fcm M\u00fcd\u00fcrl\u00fckleri\u2019nde \u00e7al\u0131\u015fan kad\u0131n polis mensuplar\u0131 ile bir araya geldi - Haber Kuzey\",\"isPartOf\":{\"@id\":\"https:\\\/\\\/haberkuzey.com\\\/#website\"},\"primaryImageOfPage\":{\"@id\":\"https:\\\/\\\/haberkuzey.com\\\/index.php\\\/2025\\\/03\\\/07\\\/polis-genel-muduru-kuni-pgm-bolum-mudurluklerinde-calisan-kadin-polis-mensuplari-ile-bir-araya-geldi\\\/#primaryimage\"},\"image\":{\"@id\":\"https:\\\/\\\/haberkuzey.com\\\/index.php\\\/2025\\\/03\\\/07\\\/polis-genel-muduru-kuni-pgm-bolum-mudurluklerinde-calisan-kadin-polis-mensuplari-ile-bir-araya-geldi\\\/#primaryimage\"},\"thumbnailUrl\":\"https:\\\/\\\/haberkuzey.com\\\/wp-content\\\/uploads\\\/2025\\\/03\\\/482250512_633653582735964_2361021016800185024_n.jpg\",\"datePublished\":\"2025-03-07T16:33:11+00:00\",\"author\":{\"@id\":\"https:\\\/\\\/haberkuzey.com\\\/#\\\/schema\\\/person\\\/3372109ec735f9333f4fa47ebb9605ca\"},\"breadcrumb\":{\"@id\":\"https:\\\/\\\/haberkuzey.com\\\/index.php\\\/2025\\\/03\\\/07\\\/polis-genel-muduru-kuni-pgm-bolum-mudurluklerinde-calisan-kadin-polis-mensuplari-ile-bir-araya-geldi\\\/#breadcrumb\"},\"inLanguage\":\"tr\",\"potentialAction\":[{\"@type\":\"ReadAction\",\"target\":[\"https:\\\/\\\/haberkuzey.com\\\/index.php\\\/2025\\\/03\\\/07\\\/polis-genel-muduru-kuni-pgm-bolum-mudurluklerinde-calisan-kadin-polis-mensuplari-ile-bir-araya-geldi\\\/\"]}]},{\"@type\":\"ImageObject\",\"inLanguage\":\"tr\",\"@id\":\"https:\\\/\\\/haberkuzey.com\\\/index.php\\\/2025\\\/03\\\/07\\\/polis-genel-muduru-kuni-pgm-bolum-mudurluklerinde-calisan-kadin-polis-mensuplari-ile-bir-araya-geldi\\\/#primaryimage\",\"url\":\"https:\\\/\\\/haberkuzey.com\\\/wp-content\\\/uploads\\\/2025\\\/03\\\/482250512_633653582735964_2361021016800185024_n.jpg\",\"contentUrl\":\"https:\\\/\\\/haberkuzey.com\\\/wp-content\\\/uploads\\\/2025\\\/03\\\/482250512_633653582735964_2361021016800185024_n.jpg\",\"width\":960,\"height\":595},{\"@type\":\"BreadcrumbList\",\"@id\":\"https:\\\/\\\/haberkuzey.com\\\/index.php\\\/2025\\\/03\\\/07\\\/polis-genel-muduru-kuni-pgm-bolum-mudurluklerinde-calisan-kadin-polis-mensuplari-ile-bir-araya-geldi\\\/#breadcrumb\",\"itemListElement\":[{\"@type\":\"ListItem\",\"position\":1,\"name\":\"Anasayfa\",\"item\":\"https:\\\/\\\/haberkuzey.com\\\/\"},{\"@type\":\"ListItem\",\"position\":2,\"name\":\"Polis Genel M\u00fcd\u00fcr\u00fc Kuni, PGM-B\u00f6l\u00fcm M\u00fcd\u00fcrl\u00fckleri\u2019nde \u00e7al\u0131\u015fan kad\u0131n polis mensuplar\u0131 ile bir araya geldi\"}]},{\"@type\":\"WebSite\",\"@id\":\"https:\\\/\\\/haberkuzey.com\\\/#website\",\"url\":\"https:\\\/\\\/haberkuzey.com\\\/\",\"name\":\"Haber Kuzey\",\"description\":\"Do\u011fru Haberin Adresi\",\"potentialAction\":[{\"@type\":\"SearchAction\",\"target\":{\"@type\":\"EntryPoint\",\"urlTemplate\":\"https:\\\/\\\/haberkuzey.com\\\/?s={search_term_string}\"},\"query-input\":{\"@type\":\"PropertyValueSpecification\",\"valueRequired\":true,\"valueName\":\"search_term_string\"}}],\"inLanguage\":\"tr\"},{\"@type\":\"Person\",\"@id\":\"https:\\\/\\\/haberkuzey.com\\\/#\\\/schema\\\/person\\\/3372109ec735f9333f4fa47ebb9605ca\",\"name\":\"haberkuzey\",\"image\":{\"@type\":\"ImageObject\",\"inLanguage\":\"tr\",\"@id\":\"https:\\\/\\\/secure.gravatar.com\\\/avatar\\\/f5fc875574b1575324358c3b9e6a32b8227aa5b74f3fa22e3cadb63e26fcc39c?s=96&d=mm&r=g\",\"url\":\"https:\\\/\\\/secure.gravatar.com\\\/avatar\\\/f5fc875574b1575324358c3b9e6a32b8227aa5b74f3fa22e3cadb63e26fcc39c?s=96&d=mm&r=g\",\"contentUrl\":\"https:\\\/\\\/secure.gravatar.com\\\/avatar\\\/f5fc875574b1575324358c3b9e6a32b8227aa5b74f3fa22e3cadb63e26fcc39c?s=96&d=mm&r=g\",\"caption\":\"haberkuzey\"},\"sameAs\":[\"https:\\\/\\\/haberkuzey.com\"],\"url\":\"https:\\\/\\\/haberkuzey.com\\\/index.php\\\/author\\\/haberkuzey\\\/\"}]}<\/script>\n<!-- \/ Yoast SEO plugin. -->","yoast_head_json":{"title":"Polis Genel M\u00fcd\u00fcr\u00fc Kuni, PGM-B\u00f6l\u00fcm M\u00fcd\u00fcrl\u00fckleri\u2019nde \u00e7al\u0131\u015fan kad\u0131n polis mensuplar\u0131 ile bir araya geldi - Haber Kuzey","robots":{"index":"index","follow":"follow","max-snippet":"max-snippet:-1","max-image-preview":"max-image-preview:large","max-video-preview":"max-video-preview:-1"},"canonical":"https:\/\/haberkuzey.com\/index.php\/2025\/03\/07\/polis-genel-muduru-kuni-pgm-bolum-mudurluklerinde-calisan-kadin-polis-mensuplari-ile-bir-araya-geldi\/","og_locale":"tr_TR","og_type":"article","og_title":"Polis Genel M\u00fcd\u00fcr\u00fc Kuni, PGM-B\u00f6l\u00fcm M\u00fcd\u00fcrl\u00fckleri\u2019nde \u00e7al\u0131\u015fan kad\u0131n polis mensuplar\u0131 ile bir araya geldi - Haber Kuzey","og_description":"8 Mart D\u00fcnya Emek\u00e7i Kad\u0131nlar G\u00fcn\u00fc nedeniyle Polis Genel M\u00fcd\u00fcr\u00fc (PGM) Kas\u0131m Kuni, Polis Genel M\u00fcd\u00fcr I\u2019inci Yard\u0131mc\u0131s\u0131 Ali Adal\u0131er ve Polis Genel M\u00fcd\u00fcr II\u2019inci Yard\u0131mc\u0131s\u0131 Kaan Resa Sa\u00e7ar ile birlikte PGM B\u00f6l\u00fcm M\u00fcd\u00fcrl\u00fcklerinde \u00e7al\u0131\u015fan kad\u0131n polis mensuplar\u0131yla bir araya gelerek, Kad\u0131nlar G\u00fcn\u00fc\u2019n\u00fc kutlad\u0131. Polis Genel M\u00fcd\u00fcr\u00fc Kuni,kad\u0131n polis mensuplar\u0131na hitap ederek, kad\u0131n\u0131n toplumdaki yeri [&hellip;]","og_url":"https:\/\/haberkuzey.com\/index.php\/2025\/03\/07\/polis-genel-muduru-kuni-pgm-bolum-mudurluklerinde-calisan-kadin-polis-mensuplari-ile-bir-araya-geldi\/","og_site_name":"Haber Kuzey","article_published_time":"2025-03-07T16:33:11+00:00","og_image":[{"url":"https:\/\/brtk.net\/wp-content\/uploads\/2025\/03\/07\/482250512_633653582735964_2361021016800185024_n.jpg?ver=4d56fd6f94f1c74c554c91052576c8d3","type":"","width":"","height":""}],"author":"haberkuzey","twitter_card":"summary_large_image","twitter_misc":{"Yazan:":"haberkuzey","Tahmini okuma s\u00fcresi":"1 dakika"},"schema":{"@context":"https:\/\/schema.org","@graph":[{"@type":"Article","@id":"https:\/\/haberkuzey.com\/index.php\/2025\/03\/07\/polis-genel-muduru-kuni-pgm-bolum-mudurluklerinde-calisan-kadin-polis-mensuplari-ile-bir-araya-geldi\/#article","isPartOf":{"@id":"https:\/\/haberkuzey.com\/index.php\/2025\/03\/07\/polis-genel-muduru-kuni-pgm-bolum-mudurluklerinde-calisan-kadin-polis-mensuplari-ile-bir-araya-geldi\/"},"author":{"name":"haberkuzey","@id":"https:\/\/haberkuzey.com\/#\/schema\/person\/3372109ec735f9333f4fa47ebb9605ca"},"headline":"Polis Genel M\u00fcd\u00fcr\u00fc Kuni, PGM-B\u00f6l\u00fcm M\u00fcd\u00fcrl\u00fckleri\u2019nde \u00e7al\u0131\u015fan kad\u0131n polis mensuplar\u0131 ile bir araya geldi","datePublished":"2025-03-07T16:33:11+00:00","mainEntityOfPage":{"@id":"https:\/\/haberkuzey.com\/index.php\/2025\/03\/07\/polis-genel-muduru-kuni-pgm-bolum-mudurluklerinde-calisan-kadin-polis-mensuplari-ile-bir-araya-geldi\/"},"wordCount":202,"commentCount":0,"image":{"@id":"https:\/\/haberkuzey.com\/index.php\/2025\/03\/07\/polis-genel-muduru-kuni-pgm-bolum-mudurluklerinde-calisan-kadin-polis-mensuplari-ile-bir-araya-geldi\/#primaryimage"},"thumbnailUrl":"https:\/\/haberkuzey.com\/wp-content\/uploads\/2025\/03\/482250512_633653582735964_2361021016800185024_n.jpg","articleSection":["K\u0131br\u0131s"],"inLanguage":"tr","potentialAction":[{"@type":"CommentAction","name":"Comment","target":["https:\/\/haberkuzey.com\/index.php\/2025\/03\/07\/polis-genel-muduru-kuni-pgm-bolum-mudurluklerinde-calisan-kadin-polis-mensuplari-ile-bir-araya-geldi\/#respond"]}]},{"@type":"WebPage","@id":"https:\/\/haberkuzey.com\/index.php\/2025\/03\/07\/polis-genel-muduru-kuni-pgm-bolum-mudurluklerinde-calisan-kadin-polis-mensuplari-ile-bir-araya-geldi\/","url":"https:\/\/haberkuzey.com\/index.php\/2025\/03\/07\/polis-genel-muduru-kuni-pgm-bolum-mudurluklerinde-calisan-kadin-polis-mensuplari-ile-bir-araya-geldi\/","name":"Polis Genel M\u00fcd\u00fcr\u00fc Kuni, PGM-B\u00f6l\u00fcm M\u00fcd\u00fcrl\u00fckleri\u2019nde \u00e7al\u0131\u015fan kad\u0131n polis mensuplar\u0131 ile bir araya geldi - Haber Kuzey","isPartOf":{"@id":"https:\/\/haberkuzey.com\/#website"},"primaryImageOfPage":{"@id":"https:\/\/haberkuzey.com\/index.php\/2025\/03\/07\/polis-genel-muduru-kuni-pgm-bolum-mudurluklerinde-calisan-kadin-polis-mensuplari-ile-bir-araya-geldi\/#primaryimage"},"image":{"@id":"https:\/\/haberkuzey.com\/index.php\/2025\/03\/07\/polis-genel-muduru-kuni-pgm-bolum-mudurluklerinde-calisan-kadin-polis-mensuplari-ile-bir-araya-geldi\/#primaryimage"},"thumbnailUrl":"https:\/\/haberkuzey.com\/wp-content\/uploads\/2025\/03\/482250512_633653582735964_2361021016800185024_n.jpg","datePublished":"2025-03-07T16:33:11+00:00","author":{"@id":"https:\/\/haberkuzey.com\/#\/schema\/person\/3372109ec735f9333f4fa47ebb9605ca"},"breadcrumb":{"@id":"https:\/\/haberkuzey.com\/index.php\/2025\/03\/07\/polis-genel-muduru-kuni-pgm-bolum-mudurluklerinde-calisan-kadin-polis-mensuplari-ile-bir-araya-geldi\/#breadcrumb"},"inLanguage":"tr","potentialAction":[{"@type":"ReadAction","target":["https:\/\/haberkuzey.com\/index.php\/2025\/03\/07\/polis-genel-muduru-kuni-pgm-bolum-mudurluklerinde-calisan-kadin-polis-mensuplari-ile-bir-araya-geldi\/"]}]},{"@type":"ImageObject","inLanguage":"tr","@id":"https:\/\/haberkuzey.com\/index.php\/2025\/03\/07\/polis-genel-muduru-kuni-pgm-bolum-mudurluklerinde-calisan-kadin-polis-mensuplari-ile-bir-araya-geldi\/#primaryimage","url":"https:\/\/haberkuzey.com\/wp-content\/uploads\/2025\/03\/482250512_633653582735964_2361021016800185024_n.jpg","contentUrl":"https:\/\/haberkuzey.com\/wp-content\/uploads\/2025\/03\/482250512_633653582735964_2361021016800185024_n.jpg","width":960,"height":595},{"@type":"BreadcrumbList","@id":"https:\/\/haberkuzey.com\/index.php\/2025\/03\/07\/polis-genel-muduru-kuni-pgm-bolum-mudurluklerinde-calisan-kadin-polis-mensuplari-ile-bir-araya-geldi\/#breadcrumb","itemListElement":[{"@type":"ListItem","position":1,"name":"Anasayfa","item":"https:\/\/haberkuzey.com\/"},{"@type":"ListItem","position":2,"name":"Polis Genel M\u00fcd\u00fcr\u00fc Kuni, PGM-B\u00f6l\u00fcm M\u00fcd\u00fcrl\u00fckleri\u2019nde \u00e7al\u0131\u015fan kad\u0131n polis mensuplar\u0131 ile bir araya geldi"}]},{"@type":"WebSite","@id":"https:\/\/haberkuzey.com\/#website","url":"https:\/\/haberkuzey.com\/","name":"Haber Kuzey","description":"Do\u011fru Haberin Adresi","potentialAction":[{"@type":"SearchAction","target":{"@type":"EntryPoint","urlTemplate":"https:\/\/haberkuzey.com\/?s={search_term_string}"},"query-input":{"@type":"PropertyValueSpecification","valueRequired":true,"valueName":"search_term_string"}}],"inLanguage":"tr"},{"@type":"Person","@id":"https:\/\/haberkuzey.com\/#\/schema\/person\/3372109ec735f9333f4fa47ebb9605ca","name":"haberkuzey","image":{"@type":"ImageObject","inLanguage":"tr","@id":"https:\/\/secure.gravatar.com\/avatar\/f5fc875574b1575324358c3b9e6a32b8227aa5b74f3fa22e3cadb63e26fcc39c?s=96&d=mm&r=g","url":"https:\/\/secure.gravatar.com\/avatar\/f5fc875574b1575324358c3b9e6a32b8227aa5b74f3fa22e3cadb63e26fcc39c?s=96&d=mm&r=g","contentUrl":"https:\/\/secure.gravatar.com\/avatar\/f5fc875574b1575324358c3b9e6a32b8227aa5b74f3fa22e3cadb63e26fcc39c?s=96&d=mm&r=g","caption":"haberkuzey"},"sameAs":["https:\/\/haberkuzey.com"],"url":"https:\/\/haberkuzey.com\/index.php\/author\/haberkuzey\/"}]}},"_links":{"self":[{"href":"https:\/\/haberkuzey.com\/index.php\/wp-json\/wp\/v2\/posts\/19421","targetHints":{"allow":["GET"]}}],"collection":[{"href":"https:\/\/haberkuzey.com\/index.php\/wp-json\/wp\/v2\/posts"}],"about":[{"href":"https:\/\/haberkuzey.com\/index.php\/wp-json\/wp\/v2\/types\/post"}],"author":[{"embeddable":true,"href":"https:\/\/haberkuzey.com\/index.php\/wp-json\/wp\/v2\/users\/1"}],"replies":[{"embeddable":true,"href":"https:\/\/haberkuzey.com\/index.php\/wp-json\/wp\/v2\/comments?post=19421"}],"version-history":[{"count":0,"href":"https:\/\/haberkuzey.com\/index.php\/wp-json\/wp\/v2\/posts\/19421\/revisions"}],"wp:featuredmedia":[{"embeddable":true,"href":"https:\/\/haberkuzey.com\/index.php\/wp-json\/wp\/v2\/media\/19422"}],"wp:attachment":[{"href":"https:\/\/haberkuzey.com\/index.php\/wp-json\/wp\/v2\/media?parent=19421"}],"wp:term":[{"taxonomy":"category","embeddable":true,"href":"https:\/\/haberkuzey.com\/index.php\/wp-json\/wp\/v2\/categories?post=19421"},{"taxonomy":"post_tag","embeddable":true,"href":"https:\/\/haberkuzey.com\/index.php\/wp-json\/wp\/v2\/tags?post=19421"}],"curies":[{"name":"wp","href":"https:\/\/api.w.org\/{rel}","templated":true}]}}