{"id":19395,"date":"2025-03-07T16:27:07","date_gmt":"2025-03-07T14:27:07","guid":{"rendered":"https:\/\/haberkuzey.com\/index.php\/2025\/03\/07\/erdogan-abye-tam-uyelik-hedefimizi-muhafaza-ediyoruz\/"},"modified":"2025-03-07T16:27:07","modified_gmt":"2025-03-07T14:27:07","slug":"erdogan-abye-tam-uyelik-hedefimizi-muhafaza-ediyoruz","status":"publish","type":"post","link":"https:\/\/haberkuzey.com\/index.php\/2025\/03\/07\/erdogan-abye-tam-uyelik-hedefimizi-muhafaza-ediyoruz\/","title":{"rendered":"Erdo\u011fan: \u201cAB\u2019ye tam \u00fcyelik hedefimizi muhafaza ediyoruz\u201d"},"content":{"rendered":"<div>\n<div class=\"mariselle-image-container center\">\n                                            <\/div>\n<p>\nT\u00fcrkiye Cumhurba\u015fkan\u0131 Recep Tayyip Erdo\u011fan,  \u201cAvrupa Birli\u011fi\u2019ne tam \u00fcyelik hedefimizi muhafaza ediyoruz. AB\u2019nin de art\u0131k stratejik ve vizyoner tutum benimsemesini, \u00fcyelik m\u00fczakerelerimizin canland\u0131r\u0131lmas\u0131n\u0131 bekliyoruz.\u201d dedi. <\/p>\n<p>Avrupa Birli\u011fi\u2019nin (AB) d\u00fczenledi\u011fi Fikirda\u015f \u00dclke Liderleri \u00c7evrimi\u00e7i Toplant\u0131s\u0131\u2019na Vahdettin K\u00f6\u015fk\u00fc\u2019nden kat\u0131lan Cumhurba\u015fkan\u0131 Erdo\u011fan, burada yapt\u0131\u011f\u0131 konu\u015fmada, T\u00fcrkiye olarak ilk g\u00fcnden itibaren sava\u015f\u0131n diyalog yoluyla sonland\u0131r\u0131lmas\u0131 i\u00e7in \u00e7ok yo\u011fun ve samimi \u00e7aba harcad\u0131klar\u0131n\u0131 belirtti.<\/p>\n<p>Adil bir bar\u0131\u015f\u0131n kaybedeninin olmayaca\u011f\u0131n\u0131 her f\u0131rsatta a\u00e7\u0131k\u00e7a ifade ettiklerini kaydeden Cumhurba\u015fkan\u0131 Erdo\u011fan, \u201cBunu yaparken stratejik orta\u011f\u0131m\u0131z olan Ukrayna\u2019n\u0131n toprak b\u00fct\u00fcnl\u00fc\u011f\u00fcne ve ba\u011f\u0131ms\u0131zl\u0131\u011f\u0131na da g\u00fc\u00e7l\u00fc destek verdik. Bug\u00fcn de adil, kal\u0131c\u0131 ve onurlu bir bar\u0131\u015f i\u00e7in sava\u015fan iki taraf\u0131n da masada olacaklar\u0131 sa\u011flam bir diplomatik zeminin \u00f6nemine dikkat \u00e7ekiyoruz. Bir an \u00f6nce ate\u015fkes sa\u011flanmas\u0131 ve taraflar aras\u0131nda g\u00fcven art\u0131r\u0131c\u0131 \u00f6nlem olarak havada ve denizde sald\u0131r\u0131lar\u0131n durdurulmas\u0131 fikrini destekliyoruz.\u201d diye konu\u015ftu.<\/p>\n<p>\u2013 \u201cUnutmayal\u0131m ki Avrupa g\u00fcvenli\u011fi sadece birli\u011fe \u00fcye \u00fclkelerin meselesi de\u011fildir\u201d<\/p>\n<p>Erdo\u011fan, Karadeniz\u2019de seyr\u00fcsefer emniyetini garanti edecek bir mutabakata var\u0131lmas\u0131na y\u00f6nelik \u00e7abalar\u0131n da bu yakla\u015f\u0131mla \u00f6rt\u00fc\u015ft\u00fc\u011f\u00fcn\u00fc dile getirerek \u201cTabii burada \u015funu da ifade etmek durumunday\u0131m. Gerek savunma sanayimizin Ukrayna\u2019ya deste\u011fi gerek sava\u015f \u015fartlar\u0131na ra\u011fmen \u00fclkeyi terk etmeyen \u00f6zel sekt\u00f6r\u00fcm\u00fcz\u00fcn katk\u0131lar\u0131 ortadayken AB\u2019nin savunma \u00fcr\u00fcnleri tedariki ve yeniden imar programlar\u0131n\u0131n d\u0131\u015f\u0131nda tutulmam\u0131z\u0131n izah\u0131n\u0131n olmad\u0131\u011f\u0131na inan\u0131yoruz. AB\u2019nin bu tutumunu tadil etmesi ortak \u00e7\u0131karlar\u0131m\u0131z\u0131n bir gere\u011fidir. Unutmayal\u0131m ki Avrupa g\u00fcvenli\u011fi sadece birli\u011fe \u00fcye \u00fclkelerin meselesi de\u011fildir. Avrupal\u0131 m\u00fcttefiklerin t\u00fcm\u00fcn\u00fc ilgilendiren bir konudur.\u201d ifadelerini kulland\u0131.<\/p>\n<p>Birle\u015fik Krall\u0131k\u2019\u0131n ev sahipli\u011finde 2 Mart\u2019ta d\u00fczenlenen Liderler Zirvesi gibi bug\u00fcnk\u00fc toplant\u0131y\u0131 da Avrupa\u2019n\u0131n g\u00fcvenli\u011fine ger\u00e7ek\u00e7i ve kapsaml\u0131 bir yakla\u015f\u0131m\u0131n tezah\u00fcr\u00fc olarak g\u00f6rmek istediklerini kaydeden Cumhurba\u015fkan\u0131 Erdo\u011fan, s\u00f6zlerini \u015f\u00f6yle s\u00fcrd\u00fcrd\u00fc:<\/p>\n<p>\u201cAvrupa g\u00fcvenli\u011fine dair t\u00fcm ad\u0131mlar\u0131n T\u00fcrkiye\u2019yle birlikte planlanmas\u0131n\u0131n m\u00fc\u015fterek menfaatimize olaca\u011f\u0131 kanaatindeyiz. T\u00fcm bu gayretlerde transatlantik ba\u011f\u0131n azami \u00f6l\u00e7\u00fcde korunmas\u0131 ve m\u00fcttefikimiz Amerika\u2019n\u0131n g\u00fc\u00e7l\u00fc deste\u011finin al\u0131nmas\u0131 da \u015f\u00fcphesiz \u00f6nemlidir. \u0130leri teknolojiye sahip savunma sanayimiz g\u00fc\u00e7lendirilmeye \u00e7al\u0131\u015f\u0131lan savunma alan\u0131na katk\u0131 sunmaya haz\u0131rd\u0131r. Birlik b\u00fcnyesindeki Avrupa savunma sanayi program\u0131n\u0131n t\u00fcm Avrupal\u0131 m\u00fcttefiklere a\u00e7\u0131k olmas\u0131n\u0131n gerekti\u011fini d\u00fc\u015f\u00fcn\u00fcyorum. Ukrayna\u2019n\u0131n yeniden in\u015fas\u0131 ve aya\u011fa kald\u0131r\u0131lmas\u0131n\u0131 ama\u00e7layan Avrupa bar\u0131\u015f arac\u0131 gibi mekanizmalara da dahil olmam\u0131z m\u00fchimdir.\u201d<\/p>\n<p>Erdo\u011fan, kar\u015f\u0131 kar\u015f\u0131ya bulunduklar\u0131 s\u0131namalar\u0131n, Avrupa\u2019n\u0131n ekonomik g\u00fcvenli\u011fi ve savunmas\u0131nda, T\u00fcrkiye ile AB aras\u0131ndaki m\u00fcnasebetlerin ne denli kritik oldu\u011funu bir kez daha ortaya koydu\u011funu belirtti.<\/p>\n<p>\u201cT\u00fcrkiye, Avrupa Birli\u011fi ili\u015fkilerinde uzun vadeli, stratejik bir bak\u0131\u015f a\u00e7\u0131s\u0131yla hareket etmek her iki taraf\u0131n da menfaatinedir.\u201d diyen Erdo\u011fan, \u015funlar\u0131 kaydetti:<\/p>\n<p>\u201cBiz tam \u00fcyelik hedefimizi \u00e7ok g\u00fc\u00e7l\u00fc bi\u00e7imde muhafaza ediyoruz. Birli\u011fin de art\u0131k stratejik ve vizyoner bir tutum benimsemesini, dolay\u0131s\u0131yla \u00fcyelik m\u00fczakerelerimizin bir an \u00f6nce canland\u0131r\u0131lmas\u0131n\u0131 bekliyoruz. \u00dcmit ediyorum ki t\u00fcm y\u00fcksek d\u00fczeyli toplant\u0131lar\u0131 da en k\u0131sa zamanda birlikte ger\u00e7ekle\u015ftiririz. S\u00f6zlerime son verirken Ukrayna\u2019da adil, kal\u0131c\u0131 ve onurlu bir bar\u0131\u015f\u0131n tesisi i\u00e7in m\u00fczakere s\u00fcrecine ev sahipli\u011fi de yapmak dahil, her t\u00fcrl\u00fc katk\u0131y\u0131 yapmaya haz\u0131r oldu\u011fumuzun alt\u0131n\u0131 \u00e7iziyorum. Bu d\u00fc\u015f\u00fcncelerle toplant\u0131m\u0131z\u0131n bar\u0131\u015f ve istikrar yolunda hay\u0131rl\u0131 neticeler getirmesini temenni ediyorum.\u201d<\/p>\n<p>Toplant\u0131da, \u0130ngiltere Ba\u015fbakan\u0131 Keir Starmer, Kanada Ba\u015fbakan\u0131 Justin Trudeau, Norve\u00e7 Ba\u015fbakan\u0131 Jonas Gahr Store, \u0130zlanda Ba\u015fbakan\u0131 Kristrun Mjoll Frostadottir, AB Konseyi Ba\u015fkan\u0131 Antonio Costa, AB Komisyonu Ba\u015fkan\u0131 Ursula von der Leyen ve AB D\u0131\u015f \u0130li\u015fkiler ve G\u00fcvenlik Politikas\u0131 Y\u00fcksek Temsilcisi ve Avrupa Komisyonu Ba\u015fkan Yard\u0131mc\u0131s\u0131 Kaja Kallas yer ald\u0131.<\/p>\n<\/p><\/div>\n<p><script async\n                    defer\n                    crossorigin=\"anonymous\"\n                    src=\"https:\/\/connect.facebook.net\/tr_TR\/sdk.js#xfbml=1&#038;version=v3.3\"\n            ><\/script><\/p>\n","protected":false},"excerpt":{"rendered":"<p>T\u00fcrkiye Cumhurba\u015fkan\u0131 Recep Tayyip Erdo\u011fan, \u201cAvrupa Birli\u011fi\u2019ne tam \u00fcyelik hedefimizi muhafaza ediyoruz. AB\u2019nin de art\u0131k stratejik ve vizyoner tutum benimsemesini, \u00fcyelik m\u00fczakerelerimizin canland\u0131r\u0131lmas\u0131n\u0131 bekliyoruz.\u201d dedi. Avrupa Birli\u011fi\u2019nin (AB) d\u00fczenledi\u011fi Fikirda\u015f \u00dclke Liderleri \u00c7evrimi\u00e7i Toplant\u0131s\u0131\u2019na Vahdettin K\u00f6\u015fk\u00fc\u2019nden kat\u0131lan Cumhurba\u015fkan\u0131 Erdo\u011fan, burada yapt\u0131\u011f\u0131 konu\u015fmada, T\u00fcrkiye olarak ilk g\u00fcnden itibaren sava\u015f\u0131n diyalog yoluyla sonland\u0131r\u0131lmas\u0131 i\u00e7in \u00e7ok yo\u011fun ve [&hellip;]<\/p>\n","protected":false},"author":1,"featured_media":19396,"comment_status":"open","ping_status":"open","sticky":false,"template":"","format":"standard","meta":{"jnews-multi-image_gallery":[],"jnews_single_post":[],"jnews_primary_category":[],"footnotes":""},"categories":[2],"tags":[],"class_list":["post-19395","post","type-post","status-publish","format-standard","has-post-thumbnail","hentry","category-dunya"],"yoast_head":"<!-- This site is optimized with the Yoast SEO plugin v27.5 - https:\/\/yoast.com\/product\/yoast-seo-wordpress\/ -->\n<title>Erdo\u011fan: \u201cAB\u2019ye tam \u00fcyelik hedefimizi muhafaza ediyoruz\u201d - Haber Kuzey<\/title>\n<meta name=\"robots\" content=\"index, follow, max-snippet:-1, max-image-preview:large, max-video-preview:-1\" \/>\n<link rel=\"canonical\" href=\"https:\/\/haberkuzey.com\/index.php\/2025\/03\/07\/erdogan-abye-tam-uyelik-hedefimizi-muhafaza-ediyoruz\/\" \/>\n<meta property=\"og:locale\" content=\"tr_TR\" \/>\n<meta property=\"og:type\" content=\"article\" \/>\n<meta property=\"og:title\" content=\"Erdo\u011fan: \u201cAB\u2019ye tam \u00fcyelik hedefimizi muhafaza ediyoruz\u201d - Haber Kuzey\" \/>\n<meta property=\"og:description\" content=\"T\u00fcrkiye Cumhurba\u015fkan\u0131 Recep Tayyip Erdo\u011fan, \u201cAvrupa Birli\u011fi\u2019ne tam \u00fcyelik hedefimizi muhafaza ediyoruz. AB\u2019nin de art\u0131k stratejik ve vizyoner tutum benimsemesini, \u00fcyelik m\u00fczakerelerimizin canland\u0131r\u0131lmas\u0131n\u0131 bekliyoruz.\u201d dedi. Avrupa Birli\u011fi\u2019nin (AB) d\u00fczenledi\u011fi Fikirda\u015f \u00dclke Liderleri \u00c7evrimi\u00e7i Toplant\u0131s\u0131\u2019na Vahdettin K\u00f6\u015fk\u00fc\u2019nden kat\u0131lan Cumhurba\u015fkan\u0131 Erdo\u011fan, burada yapt\u0131\u011f\u0131 konu\u015fmada, T\u00fcrkiye olarak ilk g\u00fcnden itibaren sava\u015f\u0131n diyalog yoluyla sonland\u0131r\u0131lmas\u0131 i\u00e7in \u00e7ok yo\u011fun ve [&hellip;]\" \/>\n<meta property=\"og:url\" content=\"https:\/\/haberkuzey.com\/index.php\/2025\/03\/07\/erdogan-abye-tam-uyelik-hedefimizi-muhafaza-ediyoruz\/\" \/>\n<meta property=\"og:site_name\" content=\"Haber Kuzey\" \/>\n<meta property=\"article:published_time\" content=\"2025-03-07T14:27:07+00:00\" \/>\n<meta property=\"og:image\" content=\"https:\/\/brtk.net\/wp-content\/uploads\/2025\/03\/07\/1741350779152thumbs_b_c_9878572148add870a69f2e348f7d5152.jpg?ver=e1749c2be0c680806452eb8ede74212d\" \/>\n<meta name=\"author\" content=\"haberkuzey\" \/>\n<meta name=\"twitter:card\" content=\"summary_large_image\" \/>\n<meta name=\"twitter:label1\" content=\"Yazan:\" \/>\n\t<meta name=\"twitter:data1\" content=\"haberkuzey\" \/>\n\t<meta name=\"twitter:label2\" content=\"Tahmini okuma s\u00fcresi\" \/>\n\t<meta name=\"twitter:data2\" content=\"4 dakika\" \/>\n<script type=\"application\/ld+json\" class=\"yoast-schema-graph\">{\"@context\":\"https:\\\/\\\/schema.org\",\"@graph\":[{\"@type\":\"Article\",\"@id\":\"https:\\\/\\\/haberkuzey.com\\\/index.php\\\/2025\\\/03\\\/07\\\/erdogan-abye-tam-uyelik-hedefimizi-muhafaza-ediyoruz\\\/#article\",\"isPartOf\":{\"@id\":\"https:\\\/\\\/haberkuzey.com\\\/index.php\\\/2025\\\/03\\\/07\\\/erdogan-abye-tam-uyelik-hedefimizi-muhafaza-ediyoruz\\\/\"},\"author\":{\"name\":\"haberkuzey\",\"@id\":\"https:\\\/\\\/haberkuzey.com\\\/#\\\/schema\\\/person\\\/3372109ec735f9333f4fa47ebb9605ca\"},\"headline\":\"Erdo\u011fan: \u201cAB\u2019ye tam \u00fcyelik hedefimizi muhafaza ediyoruz\u201d\",\"datePublished\":\"2025-03-07T14:27:07+00:00\",\"mainEntityOfPage\":{\"@id\":\"https:\\\/\\\/haberkuzey.com\\\/index.php\\\/2025\\\/03\\\/07\\\/erdogan-abye-tam-uyelik-hedefimizi-muhafaza-ediyoruz\\\/\"},\"wordCount\":753,\"commentCount\":0,\"image\":{\"@id\":\"https:\\\/\\\/haberkuzey.com\\\/index.php\\\/2025\\\/03\\\/07\\\/erdogan-abye-tam-uyelik-hedefimizi-muhafaza-ediyoruz\\\/#primaryimage\"},\"thumbnailUrl\":\"https:\\\/\\\/haberkuzey.com\\\/wp-content\\\/uploads\\\/2025\\\/03\\\/1741350779152thumbs_b_c_9878572148add870a69f2e348f7d5152.jpg\",\"articleSection\":[\"D\u00fcnya\"],\"inLanguage\":\"tr\",\"potentialAction\":[{\"@type\":\"CommentAction\",\"name\":\"Comment\",\"target\":[\"https:\\\/\\\/haberkuzey.com\\\/index.php\\\/2025\\\/03\\\/07\\\/erdogan-abye-tam-uyelik-hedefimizi-muhafaza-ediyoruz\\\/#respond\"]}]},{\"@type\":\"WebPage\",\"@id\":\"https:\\\/\\\/haberkuzey.com\\\/index.php\\\/2025\\\/03\\\/07\\\/erdogan-abye-tam-uyelik-hedefimizi-muhafaza-ediyoruz\\\/\",\"url\":\"https:\\\/\\\/haberkuzey.com\\\/index.php\\\/2025\\\/03\\\/07\\\/erdogan-abye-tam-uyelik-hedefimizi-muhafaza-ediyoruz\\\/\",\"name\":\"Erdo\u011fan: \u201cAB\u2019ye tam \u00fcyelik hedefimizi muhafaza ediyoruz\u201d - Haber Kuzey\",\"isPartOf\":{\"@id\":\"https:\\\/\\\/haberkuzey.com\\\/#website\"},\"primaryImageOfPage\":{\"@id\":\"https:\\\/\\\/haberkuzey.com\\\/index.php\\\/2025\\\/03\\\/07\\\/erdogan-abye-tam-uyelik-hedefimizi-muhafaza-ediyoruz\\\/#primaryimage\"},\"image\":{\"@id\":\"https:\\\/\\\/haberkuzey.com\\\/index.php\\\/2025\\\/03\\\/07\\\/erdogan-abye-tam-uyelik-hedefimizi-muhafaza-ediyoruz\\\/#primaryimage\"},\"thumbnailUrl\":\"https:\\\/\\\/haberkuzey.com\\\/wp-content\\\/uploads\\\/2025\\\/03\\\/1741350779152thumbs_b_c_9878572148add870a69f2e348f7d5152.jpg\",\"datePublished\":\"2025-03-07T14:27:07+00:00\",\"author\":{\"@id\":\"https:\\\/\\\/haberkuzey.com\\\/#\\\/schema\\\/person\\\/3372109ec735f9333f4fa47ebb9605ca\"},\"breadcrumb\":{\"@id\":\"https:\\\/\\\/haberkuzey.com\\\/index.php\\\/2025\\\/03\\\/07\\\/erdogan-abye-tam-uyelik-hedefimizi-muhafaza-ediyoruz\\\/#breadcrumb\"},\"inLanguage\":\"tr\",\"potentialAction\":[{\"@type\":\"ReadAction\",\"target\":[\"https:\\\/\\\/haberkuzey.com\\\/index.php\\\/2025\\\/03\\\/07\\\/erdogan-abye-tam-uyelik-hedefimizi-muhafaza-ediyoruz\\\/\"]}]},{\"@type\":\"ImageObject\",\"inLanguage\":\"tr\",\"@id\":\"https:\\\/\\\/haberkuzey.com\\\/index.php\\\/2025\\\/03\\\/07\\\/erdogan-abye-tam-uyelik-hedefimizi-muhafaza-ediyoruz\\\/#primaryimage\",\"url\":\"https:\\\/\\\/haberkuzey.com\\\/wp-content\\\/uploads\\\/2025\\\/03\\\/1741350779152thumbs_b_c_9878572148add870a69f2e348f7d5152.jpg\",\"contentUrl\":\"https:\\\/\\\/haberkuzey.com\\\/wp-content\\\/uploads\\\/2025\\\/03\\\/1741350779152thumbs_b_c_9878572148add870a69f2e348f7d5152.jpg\",\"width\":864,\"height\":486},{\"@type\":\"BreadcrumbList\",\"@id\":\"https:\\\/\\\/haberkuzey.com\\\/index.php\\\/2025\\\/03\\\/07\\\/erdogan-abye-tam-uyelik-hedefimizi-muhafaza-ediyoruz\\\/#breadcrumb\",\"itemListElement\":[{\"@type\":\"ListItem\",\"position\":1,\"name\":\"Anasayfa\",\"item\":\"https:\\\/\\\/haberkuzey.com\\\/\"},{\"@type\":\"ListItem\",\"position\":2,\"name\":\"Erdo\u011fan: \u201cAB\u2019ye tam \u00fcyelik hedefimizi muhafaza ediyoruz\u201d\"}]},{\"@type\":\"WebSite\",\"@id\":\"https:\\\/\\\/haberkuzey.com\\\/#website\",\"url\":\"https:\\\/\\\/haberkuzey.com\\\/\",\"name\":\"Haber Kuzey\",\"description\":\"Do\u011fru Haberin Adresi\",\"potentialAction\":[{\"@type\":\"SearchAction\",\"target\":{\"@type\":\"EntryPoint\",\"urlTemplate\":\"https:\\\/\\\/haberkuzey.com\\\/?s={search_term_string}\"},\"query-input\":{\"@type\":\"PropertyValueSpecification\",\"valueRequired\":true,\"valueName\":\"search_term_string\"}}],\"inLanguage\":\"tr\"},{\"@type\":\"Person\",\"@id\":\"https:\\\/\\\/haberkuzey.com\\\/#\\\/schema\\\/person\\\/3372109ec735f9333f4fa47ebb9605ca\",\"name\":\"haberkuzey\",\"image\":{\"@type\":\"ImageObject\",\"inLanguage\":\"tr\",\"@id\":\"https:\\\/\\\/secure.gravatar.com\\\/avatar\\\/f5fc875574b1575324358c3b9e6a32b8227aa5b74f3fa22e3cadb63e26fcc39c?s=96&d=mm&r=g\",\"url\":\"https:\\\/\\\/secure.gravatar.com\\\/avatar\\\/f5fc875574b1575324358c3b9e6a32b8227aa5b74f3fa22e3cadb63e26fcc39c?s=96&d=mm&r=g\",\"contentUrl\":\"https:\\\/\\\/secure.gravatar.com\\\/avatar\\\/f5fc875574b1575324358c3b9e6a32b8227aa5b74f3fa22e3cadb63e26fcc39c?s=96&d=mm&r=g\",\"caption\":\"haberkuzey\"},\"sameAs\":[\"https:\\\/\\\/haberkuzey.com\"],\"url\":\"https:\\\/\\\/haberkuzey.com\\\/index.php\\\/author\\\/haberkuzey\\\/\"}]}<\/script>\n<!-- \/ Yoast SEO plugin. -->","yoast_head_json":{"title":"Erdo\u011fan: \u201cAB\u2019ye tam \u00fcyelik hedefimizi muhafaza ediyoruz\u201d - Haber Kuzey","robots":{"index":"index","follow":"follow","max-snippet":"max-snippet:-1","max-image-preview":"max-image-preview:large","max-video-preview":"max-video-preview:-1"},"canonical":"https:\/\/haberkuzey.com\/index.php\/2025\/03\/07\/erdogan-abye-tam-uyelik-hedefimizi-muhafaza-ediyoruz\/","og_locale":"tr_TR","og_type":"article","og_title":"Erdo\u011fan: \u201cAB\u2019ye tam \u00fcyelik hedefimizi muhafaza ediyoruz\u201d - Haber Kuzey","og_description":"T\u00fcrkiye Cumhurba\u015fkan\u0131 Recep Tayyip Erdo\u011fan, \u201cAvrupa Birli\u011fi\u2019ne tam \u00fcyelik hedefimizi muhafaza ediyoruz. AB\u2019nin de art\u0131k stratejik ve vizyoner tutum benimsemesini, \u00fcyelik m\u00fczakerelerimizin canland\u0131r\u0131lmas\u0131n\u0131 bekliyoruz.\u201d dedi. Avrupa Birli\u011fi\u2019nin (AB) d\u00fczenledi\u011fi Fikirda\u015f \u00dclke Liderleri \u00c7evrimi\u00e7i Toplant\u0131s\u0131\u2019na Vahdettin K\u00f6\u015fk\u00fc\u2019nden kat\u0131lan Cumhurba\u015fkan\u0131 Erdo\u011fan, burada yapt\u0131\u011f\u0131 konu\u015fmada, T\u00fcrkiye olarak ilk g\u00fcnden itibaren sava\u015f\u0131n diyalog yoluyla sonland\u0131r\u0131lmas\u0131 i\u00e7in \u00e7ok yo\u011fun ve [&hellip;]","og_url":"https:\/\/haberkuzey.com\/index.php\/2025\/03\/07\/erdogan-abye-tam-uyelik-hedefimizi-muhafaza-ediyoruz\/","og_site_name":"Haber Kuzey","article_published_time":"2025-03-07T14:27:07+00:00","og_image":[{"url":"https:\/\/brtk.net\/wp-content\/uploads\/2025\/03\/07\/1741350779152thumbs_b_c_9878572148add870a69f2e348f7d5152.jpg?ver=e1749c2be0c680806452eb8ede74212d","type":"","width":"","height":""}],"author":"haberkuzey","twitter_card":"summary_large_image","twitter_misc":{"Yazan:":"haberkuzey","Tahmini okuma s\u00fcresi":"4 dakika"},"schema":{"@context":"https:\/\/schema.org","@graph":[{"@type":"Article","@id":"https:\/\/haberkuzey.com\/index.php\/2025\/03\/07\/erdogan-abye-tam-uyelik-hedefimizi-muhafaza-ediyoruz\/#article","isPartOf":{"@id":"https:\/\/haberkuzey.com\/index.php\/2025\/03\/07\/erdogan-abye-tam-uyelik-hedefimizi-muhafaza-ediyoruz\/"},"author":{"name":"haberkuzey","@id":"https:\/\/haberkuzey.com\/#\/schema\/person\/3372109ec735f9333f4fa47ebb9605ca"},"headline":"Erdo\u011fan: \u201cAB\u2019ye tam \u00fcyelik hedefimizi muhafaza ediyoruz\u201d","datePublished":"2025-03-07T14:27:07+00:00","mainEntityOfPage":{"@id":"https:\/\/haberkuzey.com\/index.php\/2025\/03\/07\/erdogan-abye-tam-uyelik-hedefimizi-muhafaza-ediyoruz\/"},"wordCount":753,"commentCount":0,"image":{"@id":"https:\/\/haberkuzey.com\/index.php\/2025\/03\/07\/erdogan-abye-tam-uyelik-hedefimizi-muhafaza-ediyoruz\/#primaryimage"},"thumbnailUrl":"https:\/\/haberkuzey.com\/wp-content\/uploads\/2025\/03\/1741350779152thumbs_b_c_9878572148add870a69f2e348f7d5152.jpg","articleSection":["D\u00fcnya"],"inLanguage":"tr","potentialAction":[{"@type":"CommentAction","name":"Comment","target":["https:\/\/haberkuzey.com\/index.php\/2025\/03\/07\/erdogan-abye-tam-uyelik-hedefimizi-muhafaza-ediyoruz\/#respond"]}]},{"@type":"WebPage","@id":"https:\/\/haberkuzey.com\/index.php\/2025\/03\/07\/erdogan-abye-tam-uyelik-hedefimizi-muhafaza-ediyoruz\/","url":"https:\/\/haberkuzey.com\/index.php\/2025\/03\/07\/erdogan-abye-tam-uyelik-hedefimizi-muhafaza-ediyoruz\/","name":"Erdo\u011fan: \u201cAB\u2019ye tam \u00fcyelik hedefimizi muhafaza ediyoruz\u201d - Haber Kuzey","isPartOf":{"@id":"https:\/\/haberkuzey.com\/#website"},"primaryImageOfPage":{"@id":"https:\/\/haberkuzey.com\/index.php\/2025\/03\/07\/erdogan-abye-tam-uyelik-hedefimizi-muhafaza-ediyoruz\/#primaryimage"},"image":{"@id":"https:\/\/haberkuzey.com\/index.php\/2025\/03\/07\/erdogan-abye-tam-uyelik-hedefimizi-muhafaza-ediyoruz\/#primaryimage"},"thumbnailUrl":"https:\/\/haberkuzey.com\/wp-content\/uploads\/2025\/03\/1741350779152thumbs_b_c_9878572148add870a69f2e348f7d5152.jpg","datePublished":"2025-03-07T14:27:07+00:00","author":{"@id":"https:\/\/haberkuzey.com\/#\/schema\/person\/3372109ec735f9333f4fa47ebb9605ca"},"breadcrumb":{"@id":"https:\/\/haberkuzey.com\/index.php\/2025\/03\/07\/erdogan-abye-tam-uyelik-hedefimizi-muhafaza-ediyoruz\/#breadcrumb"},"inLanguage":"tr","potentialAction":[{"@type":"ReadAction","target":["https:\/\/haberkuzey.com\/index.php\/2025\/03\/07\/erdogan-abye-tam-uyelik-hedefimizi-muhafaza-ediyoruz\/"]}]},{"@type":"ImageObject","inLanguage":"tr","@id":"https:\/\/haberkuzey.com\/index.php\/2025\/03\/07\/erdogan-abye-tam-uyelik-hedefimizi-muhafaza-ediyoruz\/#primaryimage","url":"https:\/\/haberkuzey.com\/wp-content\/uploads\/2025\/03\/1741350779152thumbs_b_c_9878572148add870a69f2e348f7d5152.jpg","contentUrl":"https:\/\/haberkuzey.com\/wp-content\/uploads\/2025\/03\/1741350779152thumbs_b_c_9878572148add870a69f2e348f7d5152.jpg","width":864,"height":486},{"@type":"BreadcrumbList","@id":"https:\/\/haberkuzey.com\/index.php\/2025\/03\/07\/erdogan-abye-tam-uyelik-hedefimizi-muhafaza-ediyoruz\/#breadcrumb","itemListElement":[{"@type":"ListItem","position":1,"name":"Anasayfa","item":"https:\/\/haberkuzey.com\/"},{"@type":"ListItem","position":2,"name":"Erdo\u011fan: \u201cAB\u2019ye tam \u00fcyelik hedefimizi muhafaza ediyoruz\u201d"}]},{"@type":"WebSite","@id":"https:\/\/haberkuzey.com\/#website","url":"https:\/\/haberkuzey.com\/","name":"Haber Kuzey","description":"Do\u011fru Haberin Adresi","potentialAction":[{"@type":"SearchAction","target":{"@type":"EntryPoint","urlTemplate":"https:\/\/haberkuzey.com\/?s={search_term_string}"},"query-input":{"@type":"PropertyValueSpecification","valueRequired":true,"valueName":"search_term_string"}}],"inLanguage":"tr"},{"@type":"Person","@id":"https:\/\/haberkuzey.com\/#\/schema\/person\/3372109ec735f9333f4fa47ebb9605ca","name":"haberkuzey","image":{"@type":"ImageObject","inLanguage":"tr","@id":"https:\/\/secure.gravatar.com\/avatar\/f5fc875574b1575324358c3b9e6a32b8227aa5b74f3fa22e3cadb63e26fcc39c?s=96&d=mm&r=g","url":"https:\/\/secure.gravatar.com\/avatar\/f5fc875574b1575324358c3b9e6a32b8227aa5b74f3fa22e3cadb63e26fcc39c?s=96&d=mm&r=g","contentUrl":"https:\/\/secure.gravatar.com\/avatar\/f5fc875574b1575324358c3b9e6a32b8227aa5b74f3fa22e3cadb63e26fcc39c?s=96&d=mm&r=g","caption":"haberkuzey"},"sameAs":["https:\/\/haberkuzey.com"],"url":"https:\/\/haberkuzey.com\/index.php\/author\/haberkuzey\/"}]}},"_links":{"self":[{"href":"https:\/\/haberkuzey.com\/index.php\/wp-json\/wp\/v2\/posts\/19395","targetHints":{"allow":["GET"]}}],"collection":[{"href":"https:\/\/haberkuzey.com\/index.php\/wp-json\/wp\/v2\/posts"}],"about":[{"href":"https:\/\/haberkuzey.com\/index.php\/wp-json\/wp\/v2\/types\/post"}],"author":[{"embeddable":true,"href":"https:\/\/haberkuzey.com\/index.php\/wp-json\/wp\/v2\/users\/1"}],"replies":[{"embeddable":true,"href":"https:\/\/haberkuzey.com\/index.php\/wp-json\/wp\/v2\/comments?post=19395"}],"version-history":[{"count":0,"href":"https:\/\/haberkuzey.com\/index.php\/wp-json\/wp\/v2\/posts\/19395\/revisions"}],"wp:featuredmedia":[{"embeddable":true,"href":"https:\/\/haberkuzey.com\/index.php\/wp-json\/wp\/v2\/media\/19396"}],"wp:attachment":[{"href":"https:\/\/haberkuzey.com\/index.php\/wp-json\/wp\/v2\/media?parent=19395"}],"wp:term":[{"taxonomy":"category","embeddable":true,"href":"https:\/\/haberkuzey.com\/index.php\/wp-json\/wp\/v2\/categories?post=19395"},{"taxonomy":"post_tag","embeddable":true,"href":"https:\/\/haberkuzey.com\/index.php\/wp-json\/wp\/v2\/tags?post=19395"}],"curies":[{"name":"wp","href":"https:\/\/api.w.org\/{rel}","templated":true}]}}