{"id":19304,"date":"2025-03-06T13:44:20","date_gmt":"2025-03-06T11:44:20","guid":{"rendered":"https:\/\/haberkuzey.com\/index.php\/2025\/03\/06\/ataoglu-turizm-yolcu-sayisi-ve-bilet-fiyatlari-konusunda-aciklamalar-yapti\/"},"modified":"2025-03-06T13:44:20","modified_gmt":"2025-03-06T11:44:20","slug":"ataoglu-turizm-yolcu-sayisi-ve-bilet-fiyatlari-konusunda-aciklamalar-yapti","status":"publish","type":"post","link":"https:\/\/haberkuzey.com\/index.php\/2025\/03\/06\/ataoglu-turizm-yolcu-sayisi-ve-bilet-fiyatlari-konusunda-aciklamalar-yapti\/","title":{"rendered":"Atao\u011flu turizm yolcu say\u0131s\u0131 ve bilet fiyatlar\u0131 konusunda a\u00e7\u0131klamalar yapt\u0131"},"content":{"rendered":"<div>\n<div class=\"mariselle-image-container center\">\n                                            <\/div>\n<p>KKTC Turizmi, ITB Berlin Fuar\u0131\u2019nda tan\u0131t\u0131l\u0131yor. Ba\u015fbakan \u00dcnal \u00dcstel ile Berlin\u2019de bulunan Ba\u015fbakan Yard\u0131mc\u0131s\u0131, Turizm K\u00fclt\u00fcr, Gen\u00e7lik ve \u00c7evre Bakan\u0131 Fikri Atao\u011flu BRT\u2019de yay\u0131nlanan \u2018Buras\u0131 \u00d6nemli\u2019 program\u0131na telefonla ba\u011flanarak Levent Kutay\u2019\u0131n sorular\u0131n\u0131 yan\u0131tlad\u0131.<\/p>\n<p>KKTC turizminin son zamanlarda tan\u0131t\u0131m destinasyonlar\u0131n\u0131 art\u0131rd\u0131\u011f\u0131na dikkati \u00e7eken Atao\u011flu, Londra Turizm Fuar\u0131 ve Berlin ITB Fuar\u0131\u2019n\u0131n, KKTC turizminin y\u00f6netimi ve pazar pay\u0131n\u0131n KKTC turizmine kazand\u0131r\u0131lmas\u0131 a\u00e7\u0131s\u0131ndan \u00f6nem arz etti\u011fini ifade etti.<\/p>\n<p>Ankara\u2019ya ger\u00e7ekle\u015ftirilecek olan ziyarette KKTC turizminin de ele al\u0131naca\u011f\u0131n\u0131 belirten Bakan Atao\u011flu, bilet fiyatlar\u0131n\u0131n ucuzlat\u0131lmas\u0131 i\u00e7in de giri\u015fimde bulunduklar\u0131n\u0131 ve konunun netle\u015fmesinin ard\u0131ndan geli\u015fmelerin payla\u015f\u0131laca\u011f\u0131n\u0131 kaydetti.<\/p>\n<p>\u00a0<\/p>\n<p>\u00a0<\/p>\n<div class=\"jeg_video_container jeg_video_content\"><iframe loading=\"lazy\" title=\"Buras\u0131 \u00d6nemli + 50+1 06.03.2025\" width=\"500\" height=\"281\" src=\"https:\/\/www.youtube.com\/embed\/4FDbrKzOLvg?feature=oembed\" frameborder=\"0\" allow=\"accelerometer; autoplay; clipboard-write; encrypted-media; gyroscope; picture-in-picture; web-share\" referrerpolicy=\"strict-origin-when-cross-origin\" allowfullscreen><\/iframe><\/div><\/div>\n<p><script async\n                    defer\n                    crossorigin=\"anonymous\"\n                    src=\"https:\/\/connect.facebook.net\/tr_TR\/sdk.js#xfbml=1&#038;version=v3.3\"\n            ><\/script><\/p>\n","protected":false},"excerpt":{"rendered":"<p>KKTC Turizmi, ITB Berlin Fuar\u0131\u2019nda tan\u0131t\u0131l\u0131yor. Ba\u015fbakan \u00dcnal \u00dcstel ile Berlin\u2019de bulunan Ba\u015fbakan Yard\u0131mc\u0131s\u0131, Turizm K\u00fclt\u00fcr, Gen\u00e7lik ve \u00c7evre Bakan\u0131 Fikri Atao\u011flu BRT\u2019de yay\u0131nlanan \u2018Buras\u0131 \u00d6nemli\u2019 program\u0131na telefonla ba\u011flanarak Levent Kutay\u2019\u0131n sorular\u0131n\u0131 yan\u0131tlad\u0131. KKTC turizminin son zamanlarda tan\u0131t\u0131m destinasyonlar\u0131n\u0131 art\u0131rd\u0131\u011f\u0131na dikkati \u00e7eken Atao\u011flu, Londra Turizm Fuar\u0131 ve Berlin ITB Fuar\u0131\u2019n\u0131n, KKTC turizminin y\u00f6netimi ve pazar [&hellip;]<\/p>\n","protected":false},"author":1,"featured_media":10745,"comment_status":"open","ping_status":"open","sticky":false,"template":"","format":"standard","meta":{"jnews-multi-image_gallery":[],"jnews_single_post":[],"jnews_primary_category":[],"footnotes":""},"categories":[1],"tags":[],"class_list":["post-19304","post","type-post","status-publish","format-standard","has-post-thumbnail","hentry","category-kibris"],"yoast_head":"<!-- This site is optimized with the Yoast SEO plugin v27.5 - https:\/\/yoast.com\/product\/yoast-seo-wordpress\/ -->\n<title>Atao\u011flu turizm yolcu say\u0131s\u0131 ve bilet fiyatlar\u0131 konusunda a\u00e7\u0131klamalar yapt\u0131 - Haber Kuzey<\/title>\n<meta name=\"robots\" content=\"index, follow, max-snippet:-1, max-image-preview:large, max-video-preview:-1\" \/>\n<link rel=\"canonical\" href=\"https:\/\/haberkuzey.com\/index.php\/2025\/03\/06\/ataoglu-turizm-yolcu-sayisi-ve-bilet-fiyatlari-konusunda-aciklamalar-yapti\/\" \/>\n<meta property=\"og:locale\" content=\"tr_TR\" \/>\n<meta property=\"og:type\" content=\"article\" \/>\n<meta property=\"og:title\" content=\"Atao\u011flu turizm yolcu say\u0131s\u0131 ve bilet fiyatlar\u0131 konusunda a\u00e7\u0131klamalar yapt\u0131 - Haber Kuzey\" \/>\n<meta property=\"og:description\" content=\"KKTC Turizmi, ITB Berlin Fuar\u0131\u2019nda tan\u0131t\u0131l\u0131yor. Ba\u015fbakan \u00dcnal \u00dcstel ile Berlin\u2019de bulunan Ba\u015fbakan Yard\u0131mc\u0131s\u0131, Turizm K\u00fclt\u00fcr, Gen\u00e7lik ve \u00c7evre Bakan\u0131 Fikri Atao\u011flu BRT\u2019de yay\u0131nlanan \u2018Buras\u0131 \u00d6nemli\u2019 program\u0131na telefonla ba\u011flanarak Levent Kutay\u2019\u0131n sorular\u0131n\u0131 yan\u0131tlad\u0131. KKTC turizminin son zamanlarda tan\u0131t\u0131m destinasyonlar\u0131n\u0131 art\u0131rd\u0131\u011f\u0131na dikkati \u00e7eken Atao\u011flu, Londra Turizm Fuar\u0131 ve Berlin ITB Fuar\u0131\u2019n\u0131n, KKTC turizminin y\u00f6netimi ve pazar [&hellip;]\" \/>\n<meta property=\"og:url\" content=\"https:\/\/haberkuzey.com\/index.php\/2025\/03\/06\/ataoglu-turizm-yolcu-sayisi-ve-bilet-fiyatlari-konusunda-aciklamalar-yapti\/\" \/>\n<meta property=\"og:site_name\" content=\"Haber Kuzey\" \/>\n<meta property=\"article:published_time\" content=\"2025-03-06T11:44:20+00:00\" \/>\n<meta property=\"og:image\" content=\"https:\/\/brtk.net\/wp-content\/uploads\/2023\/10\/03\/fikri-ataoglu.jpg?ver=f7e5b07ceb1239d838afd443f3636214\" \/>\n<meta name=\"author\" content=\"haberkuzey\" \/>\n<meta name=\"twitter:card\" content=\"summary_large_image\" \/>\n<meta name=\"twitter:label1\" content=\"Yazan:\" \/>\n\t<meta name=\"twitter:data1\" content=\"haberkuzey\" \/>\n\t<meta name=\"twitter:label2\" content=\"Tahmini okuma s\u00fcresi\" \/>\n\t<meta name=\"twitter:data2\" content=\"1 dakika\" \/>\n<script type=\"application\/ld+json\" class=\"yoast-schema-graph\">{\"@context\":\"https:\\\/\\\/schema.org\",\"@graph\":[{\"@type\":\"Article\",\"@id\":\"https:\\\/\\\/haberkuzey.com\\\/index.php\\\/2025\\\/03\\\/06\\\/ataoglu-turizm-yolcu-sayisi-ve-bilet-fiyatlari-konusunda-aciklamalar-yapti\\\/#article\",\"isPartOf\":{\"@id\":\"https:\\\/\\\/haberkuzey.com\\\/index.php\\\/2025\\\/03\\\/06\\\/ataoglu-turizm-yolcu-sayisi-ve-bilet-fiyatlari-konusunda-aciklamalar-yapti\\\/\"},\"author\":{\"name\":\"haberkuzey\",\"@id\":\"https:\\\/\\\/haberkuzey.com\\\/#\\\/schema\\\/person\\\/3372109ec735f9333f4fa47ebb9605ca\"},\"headline\":\"Atao\u011flu turizm yolcu say\u0131s\u0131 ve bilet fiyatlar\u0131 konusunda a\u00e7\u0131klamalar yapt\u0131\",\"datePublished\":\"2025-03-06T11:44:20+00:00\",\"mainEntityOfPage\":{\"@id\":\"https:\\\/\\\/haberkuzey.com\\\/index.php\\\/2025\\\/03\\\/06\\\/ataoglu-turizm-yolcu-sayisi-ve-bilet-fiyatlari-konusunda-aciklamalar-yapti\\\/\"},\"wordCount\":166,\"commentCount\":0,\"image\":{\"@id\":\"https:\\\/\\\/haberkuzey.com\\\/index.php\\\/2025\\\/03\\\/06\\\/ataoglu-turizm-yolcu-sayisi-ve-bilet-fiyatlari-konusunda-aciklamalar-yapti\\\/#primaryimage\"},\"thumbnailUrl\":\"https:\\\/\\\/haberkuzey.com\\\/wp-content\\\/uploads\\\/2024\\\/10\\\/fikri-ataoglu1.jpg\",\"articleSection\":[\"K\u0131br\u0131s\"],\"inLanguage\":\"tr\",\"potentialAction\":[{\"@type\":\"CommentAction\",\"name\":\"Comment\",\"target\":[\"https:\\\/\\\/haberkuzey.com\\\/index.php\\\/2025\\\/03\\\/06\\\/ataoglu-turizm-yolcu-sayisi-ve-bilet-fiyatlari-konusunda-aciklamalar-yapti\\\/#respond\"]}]},{\"@type\":\"WebPage\",\"@id\":\"https:\\\/\\\/haberkuzey.com\\\/index.php\\\/2025\\\/03\\\/06\\\/ataoglu-turizm-yolcu-sayisi-ve-bilet-fiyatlari-konusunda-aciklamalar-yapti\\\/\",\"url\":\"https:\\\/\\\/haberkuzey.com\\\/index.php\\\/2025\\\/03\\\/06\\\/ataoglu-turizm-yolcu-sayisi-ve-bilet-fiyatlari-konusunda-aciklamalar-yapti\\\/\",\"name\":\"Atao\u011flu turizm yolcu say\u0131s\u0131 ve bilet fiyatlar\u0131 konusunda a\u00e7\u0131klamalar yapt\u0131 - Haber Kuzey\",\"isPartOf\":{\"@id\":\"https:\\\/\\\/haberkuzey.com\\\/#website\"},\"primaryImageOfPage\":{\"@id\":\"https:\\\/\\\/haberkuzey.com\\\/index.php\\\/2025\\\/03\\\/06\\\/ataoglu-turizm-yolcu-sayisi-ve-bilet-fiyatlari-konusunda-aciklamalar-yapti\\\/#primaryimage\"},\"image\":{\"@id\":\"https:\\\/\\\/haberkuzey.com\\\/index.php\\\/2025\\\/03\\\/06\\\/ataoglu-turizm-yolcu-sayisi-ve-bilet-fiyatlari-konusunda-aciklamalar-yapti\\\/#primaryimage\"},\"thumbnailUrl\":\"https:\\\/\\\/haberkuzey.com\\\/wp-content\\\/uploads\\\/2024\\\/10\\\/fikri-ataoglu1.jpg\",\"datePublished\":\"2025-03-06T11:44:20+00:00\",\"author\":{\"@id\":\"https:\\\/\\\/haberkuzey.com\\\/#\\\/schema\\\/person\\\/3372109ec735f9333f4fa47ebb9605ca\"},\"breadcrumb\":{\"@id\":\"https:\\\/\\\/haberkuzey.com\\\/index.php\\\/2025\\\/03\\\/06\\\/ataoglu-turizm-yolcu-sayisi-ve-bilet-fiyatlari-konusunda-aciklamalar-yapti\\\/#breadcrumb\"},\"inLanguage\":\"tr\",\"potentialAction\":[{\"@type\":\"ReadAction\",\"target\":[\"https:\\\/\\\/haberkuzey.com\\\/index.php\\\/2025\\\/03\\\/06\\\/ataoglu-turizm-yolcu-sayisi-ve-bilet-fiyatlari-konusunda-aciklamalar-yapti\\\/\"]}]},{\"@type\":\"ImageObject\",\"inLanguage\":\"tr\",\"@id\":\"https:\\\/\\\/haberkuzey.com\\\/index.php\\\/2025\\\/03\\\/06\\\/ataoglu-turizm-yolcu-sayisi-ve-bilet-fiyatlari-konusunda-aciklamalar-yapti\\\/#primaryimage\",\"url\":\"https:\\\/\\\/haberkuzey.com\\\/wp-content\\\/uploads\\\/2024\\\/10\\\/fikri-ataoglu1.jpg\",\"contentUrl\":\"https:\\\/\\\/haberkuzey.com\\\/wp-content\\\/uploads\\\/2024\\\/10\\\/fikri-ataoglu1.jpg\",\"width\":360,\"height\":270},{\"@type\":\"BreadcrumbList\",\"@id\":\"https:\\\/\\\/haberkuzey.com\\\/index.php\\\/2025\\\/03\\\/06\\\/ataoglu-turizm-yolcu-sayisi-ve-bilet-fiyatlari-konusunda-aciklamalar-yapti\\\/#breadcrumb\",\"itemListElement\":[{\"@type\":\"ListItem\",\"position\":1,\"name\":\"Anasayfa\",\"item\":\"https:\\\/\\\/haberkuzey.com\\\/\"},{\"@type\":\"ListItem\",\"position\":2,\"name\":\"Atao\u011flu turizm yolcu say\u0131s\u0131 ve bilet fiyatlar\u0131 konusunda a\u00e7\u0131klamalar yapt\u0131\"}]},{\"@type\":\"WebSite\",\"@id\":\"https:\\\/\\\/haberkuzey.com\\\/#website\",\"url\":\"https:\\\/\\\/haberkuzey.com\\\/\",\"name\":\"Haber Kuzey\",\"description\":\"Do\u011fru Haberin Adresi\",\"potentialAction\":[{\"@type\":\"SearchAction\",\"target\":{\"@type\":\"EntryPoint\",\"urlTemplate\":\"https:\\\/\\\/haberkuzey.com\\\/?s={search_term_string}\"},\"query-input\":{\"@type\":\"PropertyValueSpecification\",\"valueRequired\":true,\"valueName\":\"search_term_string\"}}],\"inLanguage\":\"tr\"},{\"@type\":\"Person\",\"@id\":\"https:\\\/\\\/haberkuzey.com\\\/#\\\/schema\\\/person\\\/3372109ec735f9333f4fa47ebb9605ca\",\"name\":\"haberkuzey\",\"image\":{\"@type\":\"ImageObject\",\"inLanguage\":\"tr\",\"@id\":\"https:\\\/\\\/secure.gravatar.com\\\/avatar\\\/f5fc875574b1575324358c3b9e6a32b8227aa5b74f3fa22e3cadb63e26fcc39c?s=96&d=mm&r=g\",\"url\":\"https:\\\/\\\/secure.gravatar.com\\\/avatar\\\/f5fc875574b1575324358c3b9e6a32b8227aa5b74f3fa22e3cadb63e26fcc39c?s=96&d=mm&r=g\",\"contentUrl\":\"https:\\\/\\\/secure.gravatar.com\\\/avatar\\\/f5fc875574b1575324358c3b9e6a32b8227aa5b74f3fa22e3cadb63e26fcc39c?s=96&d=mm&r=g\",\"caption\":\"haberkuzey\"},\"sameAs\":[\"https:\\\/\\\/haberkuzey.com\"],\"url\":\"https:\\\/\\\/haberkuzey.com\\\/index.php\\\/author\\\/haberkuzey\\\/\"}]}<\/script>\n<!-- \/ Yoast SEO plugin. -->","yoast_head_json":{"title":"Atao\u011flu turizm yolcu say\u0131s\u0131 ve bilet fiyatlar\u0131 konusunda a\u00e7\u0131klamalar yapt\u0131 - Haber Kuzey","robots":{"index":"index","follow":"follow","max-snippet":"max-snippet:-1","max-image-preview":"max-image-preview:large","max-video-preview":"max-video-preview:-1"},"canonical":"https:\/\/haberkuzey.com\/index.php\/2025\/03\/06\/ataoglu-turizm-yolcu-sayisi-ve-bilet-fiyatlari-konusunda-aciklamalar-yapti\/","og_locale":"tr_TR","og_type":"article","og_title":"Atao\u011flu turizm yolcu say\u0131s\u0131 ve bilet fiyatlar\u0131 konusunda a\u00e7\u0131klamalar yapt\u0131 - Haber Kuzey","og_description":"KKTC Turizmi, ITB Berlin Fuar\u0131\u2019nda tan\u0131t\u0131l\u0131yor. Ba\u015fbakan \u00dcnal \u00dcstel ile Berlin\u2019de bulunan Ba\u015fbakan Yard\u0131mc\u0131s\u0131, Turizm K\u00fclt\u00fcr, Gen\u00e7lik ve \u00c7evre Bakan\u0131 Fikri Atao\u011flu BRT\u2019de yay\u0131nlanan \u2018Buras\u0131 \u00d6nemli\u2019 program\u0131na telefonla ba\u011flanarak Levent Kutay\u2019\u0131n sorular\u0131n\u0131 yan\u0131tlad\u0131. KKTC turizminin son zamanlarda tan\u0131t\u0131m destinasyonlar\u0131n\u0131 art\u0131rd\u0131\u011f\u0131na dikkati \u00e7eken Atao\u011flu, Londra Turizm Fuar\u0131 ve Berlin ITB Fuar\u0131\u2019n\u0131n, KKTC turizminin y\u00f6netimi ve pazar [&hellip;]","og_url":"https:\/\/haberkuzey.com\/index.php\/2025\/03\/06\/ataoglu-turizm-yolcu-sayisi-ve-bilet-fiyatlari-konusunda-aciklamalar-yapti\/","og_site_name":"Haber Kuzey","article_published_time":"2025-03-06T11:44:20+00:00","og_image":[{"url":"https:\/\/brtk.net\/wp-content\/uploads\/2023\/10\/03\/fikri-ataoglu.jpg?ver=f7e5b07ceb1239d838afd443f3636214","type":"","width":"","height":""}],"author":"haberkuzey","twitter_card":"summary_large_image","twitter_misc":{"Yazan:":"haberkuzey","Tahmini okuma s\u00fcresi":"1 dakika"},"schema":{"@context":"https:\/\/schema.org","@graph":[{"@type":"Article","@id":"https:\/\/haberkuzey.com\/index.php\/2025\/03\/06\/ataoglu-turizm-yolcu-sayisi-ve-bilet-fiyatlari-konusunda-aciklamalar-yapti\/#article","isPartOf":{"@id":"https:\/\/haberkuzey.com\/index.php\/2025\/03\/06\/ataoglu-turizm-yolcu-sayisi-ve-bilet-fiyatlari-konusunda-aciklamalar-yapti\/"},"author":{"name":"haberkuzey","@id":"https:\/\/haberkuzey.com\/#\/schema\/person\/3372109ec735f9333f4fa47ebb9605ca"},"headline":"Atao\u011flu turizm yolcu say\u0131s\u0131 ve bilet fiyatlar\u0131 konusunda a\u00e7\u0131klamalar yapt\u0131","datePublished":"2025-03-06T11:44:20+00:00","mainEntityOfPage":{"@id":"https:\/\/haberkuzey.com\/index.php\/2025\/03\/06\/ataoglu-turizm-yolcu-sayisi-ve-bilet-fiyatlari-konusunda-aciklamalar-yapti\/"},"wordCount":166,"commentCount":0,"image":{"@id":"https:\/\/haberkuzey.com\/index.php\/2025\/03\/06\/ataoglu-turizm-yolcu-sayisi-ve-bilet-fiyatlari-konusunda-aciklamalar-yapti\/#primaryimage"},"thumbnailUrl":"https:\/\/haberkuzey.com\/wp-content\/uploads\/2024\/10\/fikri-ataoglu1.jpg","articleSection":["K\u0131br\u0131s"],"inLanguage":"tr","potentialAction":[{"@type":"CommentAction","name":"Comment","target":["https:\/\/haberkuzey.com\/index.php\/2025\/03\/06\/ataoglu-turizm-yolcu-sayisi-ve-bilet-fiyatlari-konusunda-aciklamalar-yapti\/#respond"]}]},{"@type":"WebPage","@id":"https:\/\/haberkuzey.com\/index.php\/2025\/03\/06\/ataoglu-turizm-yolcu-sayisi-ve-bilet-fiyatlari-konusunda-aciklamalar-yapti\/","url":"https:\/\/haberkuzey.com\/index.php\/2025\/03\/06\/ataoglu-turizm-yolcu-sayisi-ve-bilet-fiyatlari-konusunda-aciklamalar-yapti\/","name":"Atao\u011flu turizm yolcu say\u0131s\u0131 ve bilet fiyatlar\u0131 konusunda a\u00e7\u0131klamalar yapt\u0131 - Haber Kuzey","isPartOf":{"@id":"https:\/\/haberkuzey.com\/#website"},"primaryImageOfPage":{"@id":"https:\/\/haberkuzey.com\/index.php\/2025\/03\/06\/ataoglu-turizm-yolcu-sayisi-ve-bilet-fiyatlari-konusunda-aciklamalar-yapti\/#primaryimage"},"image":{"@id":"https:\/\/haberkuzey.com\/index.php\/2025\/03\/06\/ataoglu-turizm-yolcu-sayisi-ve-bilet-fiyatlari-konusunda-aciklamalar-yapti\/#primaryimage"},"thumbnailUrl":"https:\/\/haberkuzey.com\/wp-content\/uploads\/2024\/10\/fikri-ataoglu1.jpg","datePublished":"2025-03-06T11:44:20+00:00","author":{"@id":"https:\/\/haberkuzey.com\/#\/schema\/person\/3372109ec735f9333f4fa47ebb9605ca"},"breadcrumb":{"@id":"https:\/\/haberkuzey.com\/index.php\/2025\/03\/06\/ataoglu-turizm-yolcu-sayisi-ve-bilet-fiyatlari-konusunda-aciklamalar-yapti\/#breadcrumb"},"inLanguage":"tr","potentialAction":[{"@type":"ReadAction","target":["https:\/\/haberkuzey.com\/index.php\/2025\/03\/06\/ataoglu-turizm-yolcu-sayisi-ve-bilet-fiyatlari-konusunda-aciklamalar-yapti\/"]}]},{"@type":"ImageObject","inLanguage":"tr","@id":"https:\/\/haberkuzey.com\/index.php\/2025\/03\/06\/ataoglu-turizm-yolcu-sayisi-ve-bilet-fiyatlari-konusunda-aciklamalar-yapti\/#primaryimage","url":"https:\/\/haberkuzey.com\/wp-content\/uploads\/2024\/10\/fikri-ataoglu1.jpg","contentUrl":"https:\/\/haberkuzey.com\/wp-content\/uploads\/2024\/10\/fikri-ataoglu1.jpg","width":360,"height":270},{"@type":"BreadcrumbList","@id":"https:\/\/haberkuzey.com\/index.php\/2025\/03\/06\/ataoglu-turizm-yolcu-sayisi-ve-bilet-fiyatlari-konusunda-aciklamalar-yapti\/#breadcrumb","itemListElement":[{"@type":"ListItem","position":1,"name":"Anasayfa","item":"https:\/\/haberkuzey.com\/"},{"@type":"ListItem","position":2,"name":"Atao\u011flu turizm yolcu say\u0131s\u0131 ve bilet fiyatlar\u0131 konusunda a\u00e7\u0131klamalar yapt\u0131"}]},{"@type":"WebSite","@id":"https:\/\/haberkuzey.com\/#website","url":"https:\/\/haberkuzey.com\/","name":"Haber Kuzey","description":"Do\u011fru Haberin Adresi","potentialAction":[{"@type":"SearchAction","target":{"@type":"EntryPoint","urlTemplate":"https:\/\/haberkuzey.com\/?s={search_term_string}"},"query-input":{"@type":"PropertyValueSpecification","valueRequired":true,"valueName":"search_term_string"}}],"inLanguage":"tr"},{"@type":"Person","@id":"https:\/\/haberkuzey.com\/#\/schema\/person\/3372109ec735f9333f4fa47ebb9605ca","name":"haberkuzey","image":{"@type":"ImageObject","inLanguage":"tr","@id":"https:\/\/secure.gravatar.com\/avatar\/f5fc875574b1575324358c3b9e6a32b8227aa5b74f3fa22e3cadb63e26fcc39c?s=96&d=mm&r=g","url":"https:\/\/secure.gravatar.com\/avatar\/f5fc875574b1575324358c3b9e6a32b8227aa5b74f3fa22e3cadb63e26fcc39c?s=96&d=mm&r=g","contentUrl":"https:\/\/secure.gravatar.com\/avatar\/f5fc875574b1575324358c3b9e6a32b8227aa5b74f3fa22e3cadb63e26fcc39c?s=96&d=mm&r=g","caption":"haberkuzey"},"sameAs":["https:\/\/haberkuzey.com"],"url":"https:\/\/haberkuzey.com\/index.php\/author\/haberkuzey\/"}]}},"_links":{"self":[{"href":"https:\/\/haberkuzey.com\/index.php\/wp-json\/wp\/v2\/posts\/19304","targetHints":{"allow":["GET"]}}],"collection":[{"href":"https:\/\/haberkuzey.com\/index.php\/wp-json\/wp\/v2\/posts"}],"about":[{"href":"https:\/\/haberkuzey.com\/index.php\/wp-json\/wp\/v2\/types\/post"}],"author":[{"embeddable":true,"href":"https:\/\/haberkuzey.com\/index.php\/wp-json\/wp\/v2\/users\/1"}],"replies":[{"embeddable":true,"href":"https:\/\/haberkuzey.com\/index.php\/wp-json\/wp\/v2\/comments?post=19304"}],"version-history":[{"count":0,"href":"https:\/\/haberkuzey.com\/index.php\/wp-json\/wp\/v2\/posts\/19304\/revisions"}],"wp:featuredmedia":[{"embeddable":true,"href":"https:\/\/haberkuzey.com\/index.php\/wp-json\/wp\/v2\/media\/10745"}],"wp:attachment":[{"href":"https:\/\/haberkuzey.com\/index.php\/wp-json\/wp\/v2\/media?parent=19304"}],"wp:term":[{"taxonomy":"category","embeddable":true,"href":"https:\/\/haberkuzey.com\/index.php\/wp-json\/wp\/v2\/categories?post=19304"},{"taxonomy":"post_tag","embeddable":true,"href":"https:\/\/haberkuzey.com\/index.php\/wp-json\/wp\/v2\/tags?post=19304"}],"curies":[{"name":"wp","href":"https:\/\/api.w.org\/{rel}","templated":true}]}}