{"id":19299,"date":"2025-03-06T13:14:24","date_gmt":"2025-03-06T11:14:24","guid":{"rendered":"https:\/\/haberkuzey.com\/index.php\/2025\/03\/06\/kktc-cumhurbaskanligi-1-deprem-konferansi-basladikarakayabilimi-ve-adaleti-rehber-edinerek-insan-hayatina-deger-veren-bir-anlayisla-saglam-yapilar-guvenli-sehirler-insa\/"},"modified":"2025-03-06T13:14:24","modified_gmt":"2025-03-06T11:14:24","slug":"kktc-cumhurbaskanligi-1-deprem-konferansi-basladikarakayabilimi-ve-adaleti-rehber-edinerek-insan-hayatina-deger-veren-bir-anlayisla-saglam-yapilar-guvenli-sehirler-insa","status":"publish","type":"post","link":"https:\/\/haberkuzey.com\/index.php\/2025\/03\/06\/kktc-cumhurbaskanligi-1-deprem-konferansi-basladikarakayabilimi-ve-adaleti-rehber-edinerek-insan-hayatina-deger-veren-bir-anlayisla-saglam-yapilar-guvenli-sehirler-insa\/","title":{"rendered":"\u201cKKTC Cumhurba\u015fkanl\u0131\u011f\u0131 1. Deprem Konferans\u0131\u201d ba\u015flad\u0131\u2026Karakaya:Bilimi ve adaleti rehber edinerek, insan hayat\u0131na de\u011fer veren bir anlay\u0131\u015fla sa\u011flam yap\u0131lar, g\u00fcvenli \u015fehirler in\u015fa edilmeli"},"content":{"rendered":"<div>\n<div class=\"mariselle-image-container center\">\n                                            <\/div>\n<p>\n\u015eampiyon Melekleri Ya\u015fatma Derne\u011fi Ba\u015fkan\u0131 Ru\u015fen Y\u00fccesoylu Karakaya, \u00fclkede bilimi ve adaleti rehber edinerek, insan hayat\u0131na de\u011fer veren bir anlay\u0131\u015fla sa\u011flam yap\u0131lar, g\u00fcvenli \u015fehirler in\u015fa edilmesi gerekti\u011fini vurgulad\u0131.<\/p>\n<p>\u201c\u0130hmallerin bedelini masumlar \u00f6demesin\u201d diyen Karakaya, \u00fclkede yap\u0131 g\u00fcvenli\u011fi, denetim mekanizmalar\u0131 ve e\u011fitim konusunda k\u00f6kl\u00fc de\u011fi\u015fiklikler yap\u0131lmas\u0131n\u0131n \u00f6nemine i\u015faret etti.<\/p>\n<p>1. KKTC Cumhurba\u015fkanl\u0131\u011f\u0131 Deprem Konferans\u0131\u2019n\u0131n a\u00e7\u0131l\u0131\u015f\u0131nda konu\u015fan Karakaya, \u201cBug\u00fcn burada, ac\u0131lar\u0131m\u0131z\u0131 unutmamak ve gelece\u011fimizi daha sa\u011flam temeller \u00fczerine in\u015fa etmek i\u00e7in topland\u0131k. Hepimizin ortak bir amac\u0131 var; 6 \u015eubat depremlerinin yaratt\u0131\u011f\u0131 y\u0131k\u0131m\u0131 anlamak, bu y\u0131k\u0131m\u0131n sadece bir do\u011fa olay\u0131 olmad\u0131\u011f\u0131n\u0131, ihmalin, denetimsizli\u011fin, bilimden uzak kararlar\u0131n bir sonucu oldu\u011funu anlatmak ve bir daha b\u00f6yle felaketlerin ya\u015fanmamas\u0131 i\u00e7in \u00e7\u00f6z\u00fcmler \u00fcretmek.\u201d dedi.<\/p>\n<div class=\"mariselle-image-container center\">\n                <img decoding=\"async\" width=\"2048\" height=\"1367\" class=\"lazy-image\" alt=\"\" sizes=\"(max-width: 2048px) 100vw, 2048px\" src=\"https:\/\/brtk.net\/wp-content\/uploads\/2025\/03\/06\/karakaya-rusen.jpeg?ver=924f36a42c2efca01bad515da8e6e472\" srcset=\"https:\/\/brtk.net\/wp-content\/uploads\/2025\/03\/06\/karakaya-rusen.jpeg?ver=924f36a42c2efca01bad515da8e6e472 2048w, https:\/\/brtk.net\/wp-content\/uploads\/2025\/03\/06\/karakaya-rusen-300x200.jpeg?ver=fcb677cfda4758300839ec243814686b 300w, https:\/\/brtk.net\/wp-content\/uploads\/2025\/03\/06\/karakaya-rusen-1024x684.jpeg?ver=fcb677cfda4758300839ec243814686b 1024w, https:\/\/brtk.net\/wp-content\/uploads\/2025\/03\/06\/karakaya-rusen-768x513.jpeg?ver=fcb677cfda4758300839ec243814686b 768w, https:\/\/brtk.net\/wp-content\/uploads\/2025\/03\/06\/karakaya-rusen-1536x1025.jpeg?ver=b6c901e56165593b3c4877b48362b663 1536w\"\/>                            <\/div>\n<p><strong> -\u00c7ocuklar\u0131m\u0131z\u0131 otel denilen beton tabutta kaybettik\u2026Bina 17 saniyede \u00e7\u00f6kt\u00fc\u2026<\/strong><\/p>\n<p> \u015eampiyon Melekleri Ya\u015fatma Derne\u011fi olarak, bu felaketin en a\u011f\u0131r bedelini \u00f6deyen aileler olduklar\u0131n\u0131, sevdiklerini, evlatlar\u0131n\u0131, \u00f6\u011fretmenleri, dostlar\u0131n\u0131 bir depremde de\u011fil, rant u\u011fruna, insan hayat\u0131n\u0131 hi\u00e7e sayan sorumsuzluklar nedeniyle kaybettiklerini vurgulayan Karakaya, \u015f\u00f6yle konu\u015ftu:<\/p>\n<p>\u201c\u00c7ocuklar\u0131m\u0131z\u0131, Grand \u0130sias Otel denilen beton tabutta kaybettik. O bina, sadece 17 saniyede \u00e7\u00f6kt\u00fc. 17 saniyede, 72 can\u0131m\u0131z bizden kopar\u0131ld\u0131. O otel, bir mezara d\u00f6n\u00fc\u015fmemeliydi. E\u011fer bilimden uzakla\u015f\u0131lmasayd\u0131, e\u011fer denetim mekanizmalar\u0131 \u00e7al\u0131\u015fsayd\u0131, e\u011fer vicdan ve sorumluluk duygusu a\u011f\u0131r bassayd\u0131, \u00e7ocuklar\u0131m\u0131z hala hayatta olacakt\u0131.\u201d<\/p>\n<p><strong> \u2013 \u201cAdalet m\u00fccadelesi bir mecburiyettir\u201d<\/strong><\/p>\n<p>Adalet m\u00fccadelesinin bir mecburiyet oldu\u011funu s\u00f6yleyen Karakaya, \u201cBizler, kaybettiklerimizi geri getiremeyiz ama onlar\u0131n hat\u0131ras\u0131na sahip \u00e7\u0131kmak, adaletin yerini bulmas\u0131 i\u00e7in m\u00fccadele etmek ve bir daha b\u00f6yle ac\u0131lar ya\u015fanmas\u0131n diye \u00e7al\u0131\u015fmak bizim en b\u00fcy\u00fck sorumlulu\u011fumuzdur. Sorumlular\u0131n en a\u011f\u0131r cezalar\u0131 almas\u0131 i\u00e7in hukuk m\u00fccadelesini s\u00fcrd\u00fcrece\u011fiz.\u201d dedi.<\/p>\n<p>Verdikleri adalet m\u00fccadelesinin sadece \u015eampiyon Melekler i\u00e7in olmad\u0131\u011f\u0131n\u0131 vurgulayan Karakaya, \u201cDavam\u0131z, bir daha hi\u00e7 kimsenin bu \u015fekilde can vermemesi i\u00e7in y\u00fcr\u00fct\u00fclen toplumsal bir dava.\u201d \u015feklinde konu\u015ftu.<\/p>\n<p><em> \u2013 \u201c\u0130hmallerin bedelini masumlar \u00f6demesin\u201d<\/em><\/p>\n<p>Bu konferans\u0131n bir fark\u0131ndal\u0131k \u00e7a\u011fr\u0131s\u0131 oldu\u011funu ifade eden Ru\u015fen Y\u00fccesoylu Karakaya, konu\u015fmas\u0131na s\u00f6yle devam etti:<\/p>\n<p>\u201c\u0130hmallerin bedelini masumlar \u00f6demesin. Hep birlikte bilimden sapmadan, insan hayat\u0131n\u0131 en de\u011ferli varl\u0131k kabul ederek, yap\u0131 g\u00fcvenli\u011fi, denetim mekanizmalar\u0131 ve e\u011fitim konusunda k\u00f6kl\u00fc de\u011fi\u015fiklikler yapmak zorunday\u0131z.\u201d<\/p>\n<p> \u015eampiyon Melekleri Ya\u015fatma Derne\u011fi\u2019nin \u00e7ocuklar\u0131n\u0131n ad\u0131n\u0131 sadece adalet m\u00fccadelesiyle de\u011fil, e\u011fitim projeleriyle de ya\u015fatt\u0131\u011f\u0131na i\u015faret eden Karakaya, \u201cE\u011fitime yap\u0131lan yat\u0131r\u0131m, ihmalin yerine bilimin, vicdans\u0131zl\u0131\u011f\u0131n yerine sorumluluk duygusunun ge\u00e7mesini sa\u011flar. Bu y\u00fczden burslar veriyor, okul projeleri geli\u015ftiriyoruz. \u00c7\u00fcnk\u00fc \u00e7ocuklar\u0131m\u0131z\u0131 cehaletin, bilgisizli\u011fin ve denetimsizli\u011fin \u00f6ld\u00fcrd\u00fc\u011f\u00fcn\u00fc biliyoruz.\u201d dedi.<\/p>\n<p><em> \u2013 \u201cBu felaketi unutmayal\u0131m ve unutturmayal\u0131m. \u00c7\u00fcnk\u00fc unutulan her ac\u0131, yeni ac\u0131lar\u0131n kap\u0131s\u0131n\u0131 aralar\u201d<\/em><\/p>\n<p>Karakaya konu\u015fmas\u0131n\u0131 \u015f\u00f6yle s\u00fcrd\u00fcrd\u00fc:<\/p>\n<p>\u201cBug\u00fcn burada bulunan her birinize \u00e7a\u011fr\u0131da bulunuyoruz; haf\u0131zalar\u0131m\u0131z\u0131 diri tutal\u0131m, bu felaketi unutmayal\u0131m ve unutturmayal\u0131m. \u00c7\u00fcnk\u00fc unutulan her ac\u0131, yeni ac\u0131lar\u0131n kap\u0131s\u0131n\u0131 aralar. Bilimi ve adaleti rehber edinerek, bu \u00fclkede sa\u011flam yap\u0131lar, g\u00fcvenli \u015fehirler ve insan hayat\u0131na de\u011fer veren bir anlay\u0131\u015f in\u015fa etmeliyiz. Bizler, adalet yerini bulana ve kaybettiklerimizin an\u0131lar\u0131 e\u011fitimle, bilimle ve dayan\u0131\u015fmayla ya\u015fat\u0131lana kadar m\u00fccadele etmeye devam edece\u011fiz. \u015eampiyon Meleklerimize s\u00f6z\u00fcm\u00fcz var.\u201d<\/p>\n<p>Ru\u015fen Y\u00fccesoylu Karakaya, konferans\u0131 d\u00fczenleyen Cumhurba\u015fkanl\u0131\u011f\u0131 Deprem Komitesi\u2019ne, konferansta eme\u011fi ge\u00e7en ve kendileriyle ayn\u0131 duyarl\u0131l\u0131\u011f\u0131 payla\u015fan herkese te\u015fekk\u00fcr de etti. <\/p>\n<div class=\"mariselle-image-container center\">\n                <img decoding=\"async\" width=\"2048\" height=\"1367\" class=\"lazy-image\" alt=\"\" sizes=\"(max-width: 2048px) 100vw, 2048px\" src=\"https:\/\/brtk.net\/wp-content\/uploads\/2025\/03\/06\/cevdet-atalare.jpeg?ver=571fa36b5f91aff27153f50578365622\" srcset=\"https:\/\/brtk.net\/wp-content\/uploads\/2025\/03\/06\/cevdet-atalare.jpeg?ver=571fa36b5f91aff27153f50578365622 2048w, https:\/\/brtk.net\/wp-content\/uploads\/2025\/03\/06\/cevdet-atalare-300x200.jpeg?ver=571fa36b5f91aff27153f50578365622 300w, https:\/\/brtk.net\/wp-content\/uploads\/2025\/03\/06\/cevdet-atalare-1024x684.jpeg?ver=e6e14f5cb83c9173b21976a178aa7117 1024w, https:\/\/brtk.net\/wp-content\/uploads\/2025\/03\/06\/cevdet-atalare-768x513.jpeg?ver=e6e14f5cb83c9173b21976a178aa7117 768w, https:\/\/brtk.net\/wp-content\/uploads\/2025\/03\/06\/cevdet-atalare-1536x1025.jpeg?ver=b65c6ac0a124dcc5ea099f2235522aee 1536w\"\/>                            <\/div>\n<p>-Atalar: \u201cKuzey K\u0131br\u0131s T\u00fcrk Cumhuriyeti bir deprem \u00fclkesidir.\u201d<\/p>\n<p>Konferans\u0131n a\u00e7\u0131l\u0131\u015f\u0131nda konu\u015fan Cumhurba\u015fkanl\u0131\u011f\u0131 Deprem Komitesi Ba\u015fkan\u0131 Profes\u00f6r Dr. Cavit Atalar ise  \u201cKuzey K\u0131br\u0131s T\u00fcrk Cumhuriyeti bir deprem \u00fclkesidir. Bu depremin afete d\u00f6n\u00fc\u015fmemesi i\u00e7in el birli\u011fiyle \u00e7al\u0131\u015fmam\u0131z laz\u0131m. Yap\u0131lar\u0131m\u0131z\u0131 ona g\u00f6re yapmam\u0131z laz\u0131m.\u201d dedi. <\/p>\n<p>Konferans\u0131n d\u00fczenlenmesinde sadece Cumhurba\u015fkanl\u0131\u011f\u0131 Deprem Komitesi \u00fcyelerinin yer almad\u0131\u011f\u0131n\u0131 kaydeden Atalar, etkinlikte \u201cT\u00fcrkiye\u2019den gelen \u00e7ok de\u011ferli hocalar\u0131m\u0131z, kurum temsilcileri, \u00fcniversitelerimiz, ba\u015fta birlik ba\u015fkan\u0131 olmak \u00fczere K\u0131br\u0131s T\u00fcrk M\u00fchendis ve Mimar Odalar\u0131 Birli\u011fi\u2019ne ba\u011fl\u0131 odalar, belediyeler ve herkesin \u00e7ok b\u00fcy\u00fck katk\u0131s\u0131 vard\u0131r.\u201d ifadesine yer verdi.<\/p>\n<p>Konferans\u0131n d\u00fczenlenmesinde  Sivil Savunma Te\u015fkilat Ba\u015fkanl\u0131\u011f\u0131, Kuzey K\u0131br\u0131s T\u00fcrk K\u0131z\u0131lay\u0131, Uluslararas\u0131 \u00dcniversiteler Arama Kurtarma Konseyi\u2019ne ba\u011fl\u0131 \u00fcniversiteler ve di\u011fer kurulu\u015flar\u0131n da \u00e7ok b\u00fcy\u00fck katk\u0131lar\u0131 oldu\u011funu vurgulayan Atalar, \u201c\u00dcmit ederim ki iki g\u00fcn\u00fcn sonunda hep birlikte yapt\u0131\u011f\u0131m\u0131z \u00e7al\u0131\u015fmalar\u0131 daha fazla ve daha iyi bir \u015fekilde y\u00fcr\u00fct\u00fcr\u00fcz.\u201d dedi.<\/p>\n<p>Prof. Dr. Atalar konu\u015fmas\u0131nda T\u00fcrkiye\u2019den gelerek, katk\u0131 koyan hoca ve uzmanlara da te\u015fekk\u00fcr ederek, daha \u00f6nceki y\u0131llarda da yine ayn\u0131 salonda bir\u00e7ok kez konferans d\u00fczenlediklerini ve bu konferanslar sayesinde \u00e7al\u0131\u015fmalar\u0131 y\u00fcr\u00fctt\u00fcklerini kaydetti.<\/p>\n<p>Cumhurba\u015fkanl\u0131\u011f\u0131 Deprem Komitesi\u2019ni kurarak kendilerine bu f\u0131rsat\u0131 veren Cumhurba\u015fkan\u0131 Tatar\u2019a da te\u015fekk\u00fcr eden Atalar,  Sivil Savunma Te\u015fkilat Ba\u015fkanl\u0131\u011f\u0131, Kuzey K\u0131br\u0131s T\u00fcrk K\u0131z\u0131lay\u0131 ve Uluslararas\u0131 \u00dcniversiteler Arama Kurtarma Konseyi\u2019ne ba\u011fl\u0131 \u00fcniversiteler ve di\u011fer derneklerin giri\u015fte stant a\u00e7arak, halk\u0131 bilgilendireceklerini dile getirdi.<\/p>\n<\/p><\/div>\n<p><script async\n                    defer\n                    crossorigin=\"anonymous\"\n                    src=\"https:\/\/connect.facebook.net\/tr_TR\/sdk.js#xfbml=1&#038;version=v3.3\"\n            ><\/script><\/p>\n","protected":false},"excerpt":{"rendered":"<p>\u015eampiyon Melekleri Ya\u015fatma Derne\u011fi Ba\u015fkan\u0131 Ru\u015fen Y\u00fccesoylu Karakaya, \u00fclkede bilimi ve adaleti rehber edinerek, insan hayat\u0131na de\u011fer veren bir anlay\u0131\u015fla sa\u011flam yap\u0131lar, g\u00fcvenli \u015fehirler in\u015fa edilmesi gerekti\u011fini vurgulad\u0131. \u201c\u0130hmallerin bedelini masumlar \u00f6demesin\u201d diyen Karakaya, \u00fclkede yap\u0131 g\u00fcvenli\u011fi, denetim mekanizmalar\u0131 ve e\u011fitim konusunda k\u00f6kl\u00fc de\u011fi\u015fiklikler yap\u0131lmas\u0131n\u0131n \u00f6nemine i\u015faret etti. 1. KKTC Cumhurba\u015fkanl\u0131\u011f\u0131 Deprem Konferans\u0131\u2019n\u0131n a\u00e7\u0131l\u0131\u015f\u0131nda konu\u015fan [&hellip;]<\/p>\n","protected":false},"author":1,"featured_media":19300,"comment_status":"open","ping_status":"open","sticky":false,"template":"","format":"standard","meta":{"jnews-multi-image_gallery":[],"jnews_single_post":[],"jnews_primary_category":[],"footnotes":""},"categories":[1],"tags":[],"class_list":["post-19299","post","type-post","status-publish","format-standard","has-post-thumbnail","hentry","category-kibris"],"yoast_head":"<!-- This site is optimized with the Yoast SEO plugin v27.5 - https:\/\/yoast.com\/product\/yoast-seo-wordpress\/ -->\n<title>\u201cKKTC Cumhurba\u015fkanl\u0131\u011f\u0131 1. Deprem Konferans\u0131\u201d ba\u015flad\u0131\u2026Karakaya:Bilimi ve adaleti rehber edinerek, insan hayat\u0131na de\u011fer veren bir anlay\u0131\u015fla sa\u011flam yap\u0131lar, g\u00fcvenli \u015fehirler in\u015fa edilmeli - Haber Kuzey<\/title>\n<meta name=\"robots\" content=\"index, follow, max-snippet:-1, max-image-preview:large, max-video-preview:-1\" \/>\n<link rel=\"canonical\" href=\"https:\/\/haberkuzey.com\/index.php\/2025\/03\/06\/kktc-cumhurbaskanligi-1-deprem-konferansi-basladikarakayabilimi-ve-adaleti-rehber-edinerek-insan-hayatina-deger-veren-bir-anlayisla-saglam-yapilar-guvenli-sehirler-insa\/\" \/>\n<meta property=\"og:locale\" content=\"tr_TR\" \/>\n<meta property=\"og:type\" content=\"article\" \/>\n<meta property=\"og:title\" content=\"\u201cKKTC Cumhurba\u015fkanl\u0131\u011f\u0131 1. Deprem Konferans\u0131\u201d ba\u015flad\u0131\u2026Karakaya:Bilimi ve adaleti rehber edinerek, insan hayat\u0131na de\u011fer veren bir anlay\u0131\u015fla sa\u011flam yap\u0131lar, g\u00fcvenli \u015fehirler in\u015fa edilmeli - Haber Kuzey\" \/>\n<meta property=\"og:description\" content=\"\u015eampiyon Melekleri Ya\u015fatma Derne\u011fi Ba\u015fkan\u0131 Ru\u015fen Y\u00fccesoylu Karakaya, \u00fclkede bilimi ve adaleti rehber edinerek, insan hayat\u0131na de\u011fer veren bir anlay\u0131\u015fla sa\u011flam yap\u0131lar, g\u00fcvenli \u015fehirler in\u015fa edilmesi gerekti\u011fini vurgulad\u0131. \u201c\u0130hmallerin bedelini masumlar \u00f6demesin\u201d diyen Karakaya, \u00fclkede yap\u0131 g\u00fcvenli\u011fi, denetim mekanizmalar\u0131 ve e\u011fitim konusunda k\u00f6kl\u00fc de\u011fi\u015fiklikler yap\u0131lmas\u0131n\u0131n \u00f6nemine i\u015faret etti. 1. KKTC Cumhurba\u015fkanl\u0131\u011f\u0131 Deprem Konferans\u0131\u2019n\u0131n a\u00e7\u0131l\u0131\u015f\u0131nda konu\u015fan [&hellip;]\" \/>\n<meta property=\"og:url\" content=\"https:\/\/haberkuzey.com\/index.php\/2025\/03\/06\/kktc-cumhurbaskanligi-1-deprem-konferansi-basladikarakayabilimi-ve-adaleti-rehber-edinerek-insan-hayatina-deger-veren-bir-anlayisla-saglam-yapilar-guvenli-sehirler-insa\/\" \/>\n<meta property=\"og:site_name\" content=\"Haber Kuzey\" \/>\n<meta property=\"article:published_time\" content=\"2025-03-06T11:14:24+00:00\" \/>\n<meta property=\"og:image\" content=\"https:\/\/brtk.net\/wp-content\/uploads\/2025\/03\/06\/02198301.jpeg?ver=cee8b89fd6a276c6a6c61f0baab093eb\" \/>\n<meta name=\"author\" content=\"haberkuzey\" \/>\n<meta name=\"twitter:card\" content=\"summary_large_image\" \/>\n<meta name=\"twitter:label1\" content=\"Yazan:\" \/>\n\t<meta name=\"twitter:data1\" content=\"haberkuzey\" \/>\n\t<meta name=\"twitter:label2\" content=\"Tahmini okuma s\u00fcresi\" \/>\n\t<meta name=\"twitter:data2\" content=\"5 dakika\" \/>\n<script type=\"application\/ld+json\" class=\"yoast-schema-graph\">{\"@context\":\"https:\\\/\\\/schema.org\",\"@graph\":[{\"@type\":\"Article\",\"@id\":\"https:\\\/\\\/haberkuzey.com\\\/index.php\\\/2025\\\/03\\\/06\\\/kktc-cumhurbaskanligi-1-deprem-konferansi-basladikarakayabilimi-ve-adaleti-rehber-edinerek-insan-hayatina-deger-veren-bir-anlayisla-saglam-yapilar-guvenli-sehirler-insa\\\/#article\",\"isPartOf\":{\"@id\":\"https:\\\/\\\/haberkuzey.com\\\/index.php\\\/2025\\\/03\\\/06\\\/kktc-cumhurbaskanligi-1-deprem-konferansi-basladikarakayabilimi-ve-adaleti-rehber-edinerek-insan-hayatina-deger-veren-bir-anlayisla-saglam-yapilar-guvenli-sehirler-insa\\\/\"},\"author\":{\"name\":\"haberkuzey\",\"@id\":\"https:\\\/\\\/haberkuzey.com\\\/#\\\/schema\\\/person\\\/3372109ec735f9333f4fa47ebb9605ca\"},\"headline\":\"\u201cKKTC Cumhurba\u015fkanl\u0131\u011f\u0131 1. Deprem Konferans\u0131\u201d ba\u015flad\u0131\u2026Karakaya:Bilimi ve adaleti rehber edinerek, insan hayat\u0131na de\u011fer veren bir anlay\u0131\u015fla sa\u011flam yap\u0131lar, g\u00fcvenli \u015fehirler in\u015fa edilmeli\",\"datePublished\":\"2025-03-06T11:14:24+00:00\",\"mainEntityOfPage\":{\"@id\":\"https:\\\/\\\/haberkuzey.com\\\/index.php\\\/2025\\\/03\\\/06\\\/kktc-cumhurbaskanligi-1-deprem-konferansi-basladikarakayabilimi-ve-adaleti-rehber-edinerek-insan-hayatina-deger-veren-bir-anlayisla-saglam-yapilar-guvenli-sehirler-insa\\\/\"},\"wordCount\":1008,\"commentCount\":0,\"image\":{\"@id\":\"https:\\\/\\\/haberkuzey.com\\\/index.php\\\/2025\\\/03\\\/06\\\/kktc-cumhurbaskanligi-1-deprem-konferansi-basladikarakayabilimi-ve-adaleti-rehber-edinerek-insan-hayatina-deger-veren-bir-anlayisla-saglam-yapilar-guvenli-sehirler-insa\\\/#primaryimage\"},\"thumbnailUrl\":\"https:\\\/\\\/haberkuzey.com\\\/wp-content\\\/uploads\\\/2025\\\/03\\\/karakaya-rusen.jpeg\",\"articleSection\":[\"K\u0131br\u0131s\"],\"inLanguage\":\"tr\",\"potentialAction\":[{\"@type\":\"CommentAction\",\"name\":\"Comment\",\"target\":[\"https:\\\/\\\/haberkuzey.com\\\/index.php\\\/2025\\\/03\\\/06\\\/kktc-cumhurbaskanligi-1-deprem-konferansi-basladikarakayabilimi-ve-adaleti-rehber-edinerek-insan-hayatina-deger-veren-bir-anlayisla-saglam-yapilar-guvenli-sehirler-insa\\\/#respond\"]}]},{\"@type\":\"WebPage\",\"@id\":\"https:\\\/\\\/haberkuzey.com\\\/index.php\\\/2025\\\/03\\\/06\\\/kktc-cumhurbaskanligi-1-deprem-konferansi-basladikarakayabilimi-ve-adaleti-rehber-edinerek-insan-hayatina-deger-veren-bir-anlayisla-saglam-yapilar-guvenli-sehirler-insa\\\/\",\"url\":\"https:\\\/\\\/haberkuzey.com\\\/index.php\\\/2025\\\/03\\\/06\\\/kktc-cumhurbaskanligi-1-deprem-konferansi-basladikarakayabilimi-ve-adaleti-rehber-edinerek-insan-hayatina-deger-veren-bir-anlayisla-saglam-yapilar-guvenli-sehirler-insa\\\/\",\"name\":\"\u201cKKTC Cumhurba\u015fkanl\u0131\u011f\u0131 1. Deprem Konferans\u0131\u201d ba\u015flad\u0131\u2026Karakaya:Bilimi ve adaleti rehber edinerek, insan hayat\u0131na de\u011fer veren bir anlay\u0131\u015fla sa\u011flam yap\u0131lar, g\u00fcvenli \u015fehirler in\u015fa edilmeli - Haber Kuzey\",\"isPartOf\":{\"@id\":\"https:\\\/\\\/haberkuzey.com\\\/#website\"},\"primaryImageOfPage\":{\"@id\":\"https:\\\/\\\/haberkuzey.com\\\/index.php\\\/2025\\\/03\\\/06\\\/kktc-cumhurbaskanligi-1-deprem-konferansi-basladikarakayabilimi-ve-adaleti-rehber-edinerek-insan-hayatina-deger-veren-bir-anlayisla-saglam-yapilar-guvenli-sehirler-insa\\\/#primaryimage\"},\"image\":{\"@id\":\"https:\\\/\\\/haberkuzey.com\\\/index.php\\\/2025\\\/03\\\/06\\\/kktc-cumhurbaskanligi-1-deprem-konferansi-basladikarakayabilimi-ve-adaleti-rehber-edinerek-insan-hayatina-deger-veren-bir-anlayisla-saglam-yapilar-guvenli-sehirler-insa\\\/#primaryimage\"},\"thumbnailUrl\":\"https:\\\/\\\/haberkuzey.com\\\/wp-content\\\/uploads\\\/2025\\\/03\\\/karakaya-rusen.jpeg\",\"datePublished\":\"2025-03-06T11:14:24+00:00\",\"author\":{\"@id\":\"https:\\\/\\\/haberkuzey.com\\\/#\\\/schema\\\/person\\\/3372109ec735f9333f4fa47ebb9605ca\"},\"breadcrumb\":{\"@id\":\"https:\\\/\\\/haberkuzey.com\\\/index.php\\\/2025\\\/03\\\/06\\\/kktc-cumhurbaskanligi-1-deprem-konferansi-basladikarakayabilimi-ve-adaleti-rehber-edinerek-insan-hayatina-deger-veren-bir-anlayisla-saglam-yapilar-guvenli-sehirler-insa\\\/#breadcrumb\"},\"inLanguage\":\"tr\",\"potentialAction\":[{\"@type\":\"ReadAction\",\"target\":[\"https:\\\/\\\/haberkuzey.com\\\/index.php\\\/2025\\\/03\\\/06\\\/kktc-cumhurbaskanligi-1-deprem-konferansi-basladikarakayabilimi-ve-adaleti-rehber-edinerek-insan-hayatina-deger-veren-bir-anlayisla-saglam-yapilar-guvenli-sehirler-insa\\\/\"]}]},{\"@type\":\"ImageObject\",\"inLanguage\":\"tr\",\"@id\":\"https:\\\/\\\/haberkuzey.com\\\/index.php\\\/2025\\\/03\\\/06\\\/kktc-cumhurbaskanligi-1-deprem-konferansi-basladikarakayabilimi-ve-adaleti-rehber-edinerek-insan-hayatina-deger-veren-bir-anlayisla-saglam-yapilar-guvenli-sehirler-insa\\\/#primaryimage\",\"url\":\"https:\\\/\\\/haberkuzey.com\\\/wp-content\\\/uploads\\\/2025\\\/03\\\/karakaya-rusen.jpeg\",\"contentUrl\":\"https:\\\/\\\/haberkuzey.com\\\/wp-content\\\/uploads\\\/2025\\\/03\\\/karakaya-rusen.jpeg\",\"width\":2048,\"height\":1367},{\"@type\":\"BreadcrumbList\",\"@id\":\"https:\\\/\\\/haberkuzey.com\\\/index.php\\\/2025\\\/03\\\/06\\\/kktc-cumhurbaskanligi-1-deprem-konferansi-basladikarakayabilimi-ve-adaleti-rehber-edinerek-insan-hayatina-deger-veren-bir-anlayisla-saglam-yapilar-guvenli-sehirler-insa\\\/#breadcrumb\",\"itemListElement\":[{\"@type\":\"ListItem\",\"position\":1,\"name\":\"Anasayfa\",\"item\":\"https:\\\/\\\/haberkuzey.com\\\/\"},{\"@type\":\"ListItem\",\"position\":2,\"name\":\"\u201cKKTC Cumhurba\u015fkanl\u0131\u011f\u0131 1. Deprem Konferans\u0131\u201d ba\u015flad\u0131\u2026Karakaya:Bilimi ve adaleti rehber edinerek, insan hayat\u0131na de\u011fer veren bir anlay\u0131\u015fla sa\u011flam yap\u0131lar, g\u00fcvenli \u015fehirler in\u015fa edilmeli\"}]},{\"@type\":\"WebSite\",\"@id\":\"https:\\\/\\\/haberkuzey.com\\\/#website\",\"url\":\"https:\\\/\\\/haberkuzey.com\\\/\",\"name\":\"Haber Kuzey\",\"description\":\"Do\u011fru Haberin Adresi\",\"potentialAction\":[{\"@type\":\"SearchAction\",\"target\":{\"@type\":\"EntryPoint\",\"urlTemplate\":\"https:\\\/\\\/haberkuzey.com\\\/?s={search_term_string}\"},\"query-input\":{\"@type\":\"PropertyValueSpecification\",\"valueRequired\":true,\"valueName\":\"search_term_string\"}}],\"inLanguage\":\"tr\"},{\"@type\":\"Person\",\"@id\":\"https:\\\/\\\/haberkuzey.com\\\/#\\\/schema\\\/person\\\/3372109ec735f9333f4fa47ebb9605ca\",\"name\":\"haberkuzey\",\"image\":{\"@type\":\"ImageObject\",\"inLanguage\":\"tr\",\"@id\":\"https:\\\/\\\/secure.gravatar.com\\\/avatar\\\/f5fc875574b1575324358c3b9e6a32b8227aa5b74f3fa22e3cadb63e26fcc39c?s=96&d=mm&r=g\",\"url\":\"https:\\\/\\\/secure.gravatar.com\\\/avatar\\\/f5fc875574b1575324358c3b9e6a32b8227aa5b74f3fa22e3cadb63e26fcc39c?s=96&d=mm&r=g\",\"contentUrl\":\"https:\\\/\\\/secure.gravatar.com\\\/avatar\\\/f5fc875574b1575324358c3b9e6a32b8227aa5b74f3fa22e3cadb63e26fcc39c?s=96&d=mm&r=g\",\"caption\":\"haberkuzey\"},\"sameAs\":[\"https:\\\/\\\/haberkuzey.com\"],\"url\":\"https:\\\/\\\/haberkuzey.com\\\/index.php\\\/author\\\/haberkuzey\\\/\"}]}<\/script>\n<!-- \/ Yoast SEO plugin. -->","yoast_head_json":{"title":"\u201cKKTC Cumhurba\u015fkanl\u0131\u011f\u0131 1. Deprem Konferans\u0131\u201d ba\u015flad\u0131\u2026Karakaya:Bilimi ve adaleti rehber edinerek, insan hayat\u0131na de\u011fer veren bir anlay\u0131\u015fla sa\u011flam yap\u0131lar, g\u00fcvenli \u015fehirler in\u015fa edilmeli - Haber Kuzey","robots":{"index":"index","follow":"follow","max-snippet":"max-snippet:-1","max-image-preview":"max-image-preview:large","max-video-preview":"max-video-preview:-1"},"canonical":"https:\/\/haberkuzey.com\/index.php\/2025\/03\/06\/kktc-cumhurbaskanligi-1-deprem-konferansi-basladikarakayabilimi-ve-adaleti-rehber-edinerek-insan-hayatina-deger-veren-bir-anlayisla-saglam-yapilar-guvenli-sehirler-insa\/","og_locale":"tr_TR","og_type":"article","og_title":"\u201cKKTC Cumhurba\u015fkanl\u0131\u011f\u0131 1. Deprem Konferans\u0131\u201d ba\u015flad\u0131\u2026Karakaya:Bilimi ve adaleti rehber edinerek, insan hayat\u0131na de\u011fer veren bir anlay\u0131\u015fla sa\u011flam yap\u0131lar, g\u00fcvenli \u015fehirler in\u015fa edilmeli - Haber Kuzey","og_description":"\u015eampiyon Melekleri Ya\u015fatma Derne\u011fi Ba\u015fkan\u0131 Ru\u015fen Y\u00fccesoylu Karakaya, \u00fclkede bilimi ve adaleti rehber edinerek, insan hayat\u0131na de\u011fer veren bir anlay\u0131\u015fla sa\u011flam yap\u0131lar, g\u00fcvenli \u015fehirler in\u015fa edilmesi gerekti\u011fini vurgulad\u0131. \u201c\u0130hmallerin bedelini masumlar \u00f6demesin\u201d diyen Karakaya, \u00fclkede yap\u0131 g\u00fcvenli\u011fi, denetim mekanizmalar\u0131 ve e\u011fitim konusunda k\u00f6kl\u00fc de\u011fi\u015fiklikler yap\u0131lmas\u0131n\u0131n \u00f6nemine i\u015faret etti. 1. KKTC Cumhurba\u015fkanl\u0131\u011f\u0131 Deprem Konferans\u0131\u2019n\u0131n a\u00e7\u0131l\u0131\u015f\u0131nda konu\u015fan [&hellip;]","og_url":"https:\/\/haberkuzey.com\/index.php\/2025\/03\/06\/kktc-cumhurbaskanligi-1-deprem-konferansi-basladikarakayabilimi-ve-adaleti-rehber-edinerek-insan-hayatina-deger-veren-bir-anlayisla-saglam-yapilar-guvenli-sehirler-insa\/","og_site_name":"Haber Kuzey","article_published_time":"2025-03-06T11:14:24+00:00","og_image":[{"url":"https:\/\/brtk.net\/wp-content\/uploads\/2025\/03\/06\/02198301.jpeg?ver=cee8b89fd6a276c6a6c61f0baab093eb","type":"","width":"","height":""}],"author":"haberkuzey","twitter_card":"summary_large_image","twitter_misc":{"Yazan:":"haberkuzey","Tahmini okuma s\u00fcresi":"5 dakika"},"schema":{"@context":"https:\/\/schema.org","@graph":[{"@type":"Article","@id":"https:\/\/haberkuzey.com\/index.php\/2025\/03\/06\/kktc-cumhurbaskanligi-1-deprem-konferansi-basladikarakayabilimi-ve-adaleti-rehber-edinerek-insan-hayatina-deger-veren-bir-anlayisla-saglam-yapilar-guvenli-sehirler-insa\/#article","isPartOf":{"@id":"https:\/\/haberkuzey.com\/index.php\/2025\/03\/06\/kktc-cumhurbaskanligi-1-deprem-konferansi-basladikarakayabilimi-ve-adaleti-rehber-edinerek-insan-hayatina-deger-veren-bir-anlayisla-saglam-yapilar-guvenli-sehirler-insa\/"},"author":{"name":"haberkuzey","@id":"https:\/\/haberkuzey.com\/#\/schema\/person\/3372109ec735f9333f4fa47ebb9605ca"},"headline":"\u201cKKTC Cumhurba\u015fkanl\u0131\u011f\u0131 1. Deprem Konferans\u0131\u201d ba\u015flad\u0131\u2026Karakaya:Bilimi ve adaleti rehber edinerek, insan hayat\u0131na de\u011fer veren bir anlay\u0131\u015fla sa\u011flam yap\u0131lar, g\u00fcvenli \u015fehirler in\u015fa edilmeli","datePublished":"2025-03-06T11:14:24+00:00","mainEntityOfPage":{"@id":"https:\/\/haberkuzey.com\/index.php\/2025\/03\/06\/kktc-cumhurbaskanligi-1-deprem-konferansi-basladikarakayabilimi-ve-adaleti-rehber-edinerek-insan-hayatina-deger-veren-bir-anlayisla-saglam-yapilar-guvenli-sehirler-insa\/"},"wordCount":1008,"commentCount":0,"image":{"@id":"https:\/\/haberkuzey.com\/index.php\/2025\/03\/06\/kktc-cumhurbaskanligi-1-deprem-konferansi-basladikarakayabilimi-ve-adaleti-rehber-edinerek-insan-hayatina-deger-veren-bir-anlayisla-saglam-yapilar-guvenli-sehirler-insa\/#primaryimage"},"thumbnailUrl":"https:\/\/haberkuzey.com\/wp-content\/uploads\/2025\/03\/karakaya-rusen.jpeg","articleSection":["K\u0131br\u0131s"],"inLanguage":"tr","potentialAction":[{"@type":"CommentAction","name":"Comment","target":["https:\/\/haberkuzey.com\/index.php\/2025\/03\/06\/kktc-cumhurbaskanligi-1-deprem-konferansi-basladikarakayabilimi-ve-adaleti-rehber-edinerek-insan-hayatina-deger-veren-bir-anlayisla-saglam-yapilar-guvenli-sehirler-insa\/#respond"]}]},{"@type":"WebPage","@id":"https:\/\/haberkuzey.com\/index.php\/2025\/03\/06\/kktc-cumhurbaskanligi-1-deprem-konferansi-basladikarakayabilimi-ve-adaleti-rehber-edinerek-insan-hayatina-deger-veren-bir-anlayisla-saglam-yapilar-guvenli-sehirler-insa\/","url":"https:\/\/haberkuzey.com\/index.php\/2025\/03\/06\/kktc-cumhurbaskanligi-1-deprem-konferansi-basladikarakayabilimi-ve-adaleti-rehber-edinerek-insan-hayatina-deger-veren-bir-anlayisla-saglam-yapilar-guvenli-sehirler-insa\/","name":"\u201cKKTC Cumhurba\u015fkanl\u0131\u011f\u0131 1. Deprem Konferans\u0131\u201d ba\u015flad\u0131\u2026Karakaya:Bilimi ve adaleti rehber edinerek, insan hayat\u0131na de\u011fer veren bir anlay\u0131\u015fla sa\u011flam yap\u0131lar, g\u00fcvenli \u015fehirler in\u015fa edilmeli - Haber Kuzey","isPartOf":{"@id":"https:\/\/haberkuzey.com\/#website"},"primaryImageOfPage":{"@id":"https:\/\/haberkuzey.com\/index.php\/2025\/03\/06\/kktc-cumhurbaskanligi-1-deprem-konferansi-basladikarakayabilimi-ve-adaleti-rehber-edinerek-insan-hayatina-deger-veren-bir-anlayisla-saglam-yapilar-guvenli-sehirler-insa\/#primaryimage"},"image":{"@id":"https:\/\/haberkuzey.com\/index.php\/2025\/03\/06\/kktc-cumhurbaskanligi-1-deprem-konferansi-basladikarakayabilimi-ve-adaleti-rehber-edinerek-insan-hayatina-deger-veren-bir-anlayisla-saglam-yapilar-guvenli-sehirler-insa\/#primaryimage"},"thumbnailUrl":"https:\/\/haberkuzey.com\/wp-content\/uploads\/2025\/03\/karakaya-rusen.jpeg","datePublished":"2025-03-06T11:14:24+00:00","author":{"@id":"https:\/\/haberkuzey.com\/#\/schema\/person\/3372109ec735f9333f4fa47ebb9605ca"},"breadcrumb":{"@id":"https:\/\/haberkuzey.com\/index.php\/2025\/03\/06\/kktc-cumhurbaskanligi-1-deprem-konferansi-basladikarakayabilimi-ve-adaleti-rehber-edinerek-insan-hayatina-deger-veren-bir-anlayisla-saglam-yapilar-guvenli-sehirler-insa\/#breadcrumb"},"inLanguage":"tr","potentialAction":[{"@type":"ReadAction","target":["https:\/\/haberkuzey.com\/index.php\/2025\/03\/06\/kktc-cumhurbaskanligi-1-deprem-konferansi-basladikarakayabilimi-ve-adaleti-rehber-edinerek-insan-hayatina-deger-veren-bir-anlayisla-saglam-yapilar-guvenli-sehirler-insa\/"]}]},{"@type":"ImageObject","inLanguage":"tr","@id":"https:\/\/haberkuzey.com\/index.php\/2025\/03\/06\/kktc-cumhurbaskanligi-1-deprem-konferansi-basladikarakayabilimi-ve-adaleti-rehber-edinerek-insan-hayatina-deger-veren-bir-anlayisla-saglam-yapilar-guvenli-sehirler-insa\/#primaryimage","url":"https:\/\/haberkuzey.com\/wp-content\/uploads\/2025\/03\/karakaya-rusen.jpeg","contentUrl":"https:\/\/haberkuzey.com\/wp-content\/uploads\/2025\/03\/karakaya-rusen.jpeg","width":2048,"height":1367},{"@type":"BreadcrumbList","@id":"https:\/\/haberkuzey.com\/index.php\/2025\/03\/06\/kktc-cumhurbaskanligi-1-deprem-konferansi-basladikarakayabilimi-ve-adaleti-rehber-edinerek-insan-hayatina-deger-veren-bir-anlayisla-saglam-yapilar-guvenli-sehirler-insa\/#breadcrumb","itemListElement":[{"@type":"ListItem","position":1,"name":"Anasayfa","item":"https:\/\/haberkuzey.com\/"},{"@type":"ListItem","position":2,"name":"\u201cKKTC Cumhurba\u015fkanl\u0131\u011f\u0131 1. Deprem Konferans\u0131\u201d ba\u015flad\u0131\u2026Karakaya:Bilimi ve adaleti rehber edinerek, insan hayat\u0131na de\u011fer veren bir anlay\u0131\u015fla sa\u011flam yap\u0131lar, g\u00fcvenli \u015fehirler in\u015fa edilmeli"}]},{"@type":"WebSite","@id":"https:\/\/haberkuzey.com\/#website","url":"https:\/\/haberkuzey.com\/","name":"Haber Kuzey","description":"Do\u011fru Haberin Adresi","potentialAction":[{"@type":"SearchAction","target":{"@type":"EntryPoint","urlTemplate":"https:\/\/haberkuzey.com\/?s={search_term_string}"},"query-input":{"@type":"PropertyValueSpecification","valueRequired":true,"valueName":"search_term_string"}}],"inLanguage":"tr"},{"@type":"Person","@id":"https:\/\/haberkuzey.com\/#\/schema\/person\/3372109ec735f9333f4fa47ebb9605ca","name":"haberkuzey","image":{"@type":"ImageObject","inLanguage":"tr","@id":"https:\/\/secure.gravatar.com\/avatar\/f5fc875574b1575324358c3b9e6a32b8227aa5b74f3fa22e3cadb63e26fcc39c?s=96&d=mm&r=g","url":"https:\/\/secure.gravatar.com\/avatar\/f5fc875574b1575324358c3b9e6a32b8227aa5b74f3fa22e3cadb63e26fcc39c?s=96&d=mm&r=g","contentUrl":"https:\/\/secure.gravatar.com\/avatar\/f5fc875574b1575324358c3b9e6a32b8227aa5b74f3fa22e3cadb63e26fcc39c?s=96&d=mm&r=g","caption":"haberkuzey"},"sameAs":["https:\/\/haberkuzey.com"],"url":"https:\/\/haberkuzey.com\/index.php\/author\/haberkuzey\/"}]}},"_links":{"self":[{"href":"https:\/\/haberkuzey.com\/index.php\/wp-json\/wp\/v2\/posts\/19299","targetHints":{"allow":["GET"]}}],"collection":[{"href":"https:\/\/haberkuzey.com\/index.php\/wp-json\/wp\/v2\/posts"}],"about":[{"href":"https:\/\/haberkuzey.com\/index.php\/wp-json\/wp\/v2\/types\/post"}],"author":[{"embeddable":true,"href":"https:\/\/haberkuzey.com\/index.php\/wp-json\/wp\/v2\/users\/1"}],"replies":[{"embeddable":true,"href":"https:\/\/haberkuzey.com\/index.php\/wp-json\/wp\/v2\/comments?post=19299"}],"version-history":[{"count":0,"href":"https:\/\/haberkuzey.com\/index.php\/wp-json\/wp\/v2\/posts\/19299\/revisions"}],"wp:featuredmedia":[{"embeddable":true,"href":"https:\/\/haberkuzey.com\/index.php\/wp-json\/wp\/v2\/media\/19300"}],"wp:attachment":[{"href":"https:\/\/haberkuzey.com\/index.php\/wp-json\/wp\/v2\/media?parent=19299"}],"wp:term":[{"taxonomy":"category","embeddable":true,"href":"https:\/\/haberkuzey.com\/index.php\/wp-json\/wp\/v2\/categories?post=19299"},{"taxonomy":"post_tag","embeddable":true,"href":"https:\/\/haberkuzey.com\/index.php\/wp-json\/wp\/v2\/tags?post=19299"}],"curies":[{"name":"wp","href":"https:\/\/api.w.org\/{rel}","templated":true}]}}