{"id":19274,"date":"2025-03-05T20:29:21","date_gmt":"2025-03-05T18:29:21","guid":{"rendered":"https:\/\/haberkuzey.com\/index.php\/2025\/03\/05\/igdir-nahcivan-dogal-gaz-boru-hatti-acildierdogan-turkiye-ve-azerbaycan-barisin-tarafindadir\/"},"modified":"2025-03-05T20:29:21","modified_gmt":"2025-03-05T18:29:21","slug":"igdir-nahcivan-dogal-gaz-boru-hatti-acildierdogan-turkiye-ve-azerbaycan-barisin-tarafindadir","status":"publish","type":"post","link":"https:\/\/haberkuzey.com\/index.php\/2025\/03\/05\/igdir-nahcivan-dogal-gaz-boru-hatti-acildierdogan-turkiye-ve-azerbaycan-barisin-tarafindadir\/","title":{"rendered":"I\u011fd\u0131r-Nah\u00e7\u0131van do\u011fal gaz boru hatt\u0131 a\u00e7\u0131ld\u0131\u2026Erdo\u011fan: T\u00fcrkiye ve Azerbaycan bar\u0131\u015f\u0131n taraf\u0131ndad\u0131r"},"content":{"rendered":"<div>\n<div class=\"mariselle-image-container center\">\n                                            <\/div>\n<p>I\u011fd\u0131r-Nah\u00e7\u0131van Do\u011fal Gaz Boru Hatt\u0131\u2019n\u0131 hizmete a\u00e7\u0131ld\u0131.<\/p>\n<p>T\u00fcrkiye Cumhurba\u015fkan\u0131 Recep Tayyip Erdo\u011fan ve Azerbaycan Cumhurba\u015fkan\u0131 \u0130lham Aliyev, Cumhurba\u015fkanl\u0131\u011f\u0131 K\u00fclliyesi\u2019nde, canl\u0131 ba\u011flant\u0131yla I\u011fd\u0131r-Nah\u00e7\u0131van Do\u011fal Gaz Boru Hatt\u0131 A\u00e7\u0131l\u0131\u015f T\u00f6reni\u2019ne kat\u0131ld\u0131.<\/p>\n<p>Azerbaycan Cumhurba\u015fkan\u0131 Aliyev burada yapt\u0131\u011f\u0131 konu\u015fmada, Bak\u00fc-Tiflis-Ceyhan, Bak\u00fc-Tiflis-Erzurum ve TANAP gibi petrol ve do\u011fal gaz boru hatlar\u0131 projelerinin sadece iki \u00fclkeyi birle\u015ftirmedi\u011fini ayn\u0131 zamanda Avrasya\u2019n\u0131n enerji haritas\u0131n\u0131 de\u011fi\u015ftirdi\u011fini s\u00f6yledi.<\/p>\n<p>\u0130lham Aliyev, T\u00fcrkiye ile Azerbaycan aras\u0131ndaki birlik ve karde\u015fli\u011fin T\u00fcrk d\u00fcnyas\u0131na b\u00fcy\u00fck katk\u0131lar sundu\u011funa dikkati \u00e7ekti.<\/p>\n<p>Aliyev, \u201cT\u00fcrk d\u00fcnyas\u0131n\u0131n birle\u015fmesinde Say\u0131n Erdo\u011fan\u2019\u0131n \u00e7ok b\u00fcy\u00fck rol\u00fc var. Onun liderli\u011finde hem T\u00fcrkiye\u2019de b\u00fcy\u00fck ba\u015far\u0131lar elde edildi hem de T\u00fcrk d\u00fcnyas\u0131n\u0131n daha da s\u0131k\u0131 birle\u015fmesi i\u00e7in yeni f\u0131rsatlar olu\u015ftu. Azerbaycan da her zaman T\u00fcrk d\u00fcnyas\u0131n\u0131n birle\u015fmesine b\u00fcy\u00fck \u00f6nem veriyordu ve bu birli\u011fi sa\u011flamak, ebedi k\u0131lmak ve ili\u015fkileri ortak tarih ve ortak \u00e7\u0131karlar \u00fczerinde kurmak i\u00e7in hi\u00e7bir \u00e7abadan ka\u00e7\u0131nm\u0131yordu\u201d dedi.<\/p>\n<p>T\u00fcrkiye Cumhurba\u015fkan\u0131 Erdo\u011fan da, I\u011fd\u0131r-Nah\u00e7\u0131van Do\u011fal Gaz Boru Hatt\u0131\u2019n\u0131n, enerji alan\u0131ndaki daha \u00f6nceki stratejik giri\u015fimlerini tamamlayaca\u011f\u0131n\u0131 vurgulad\u0131.<\/p>\n<p>Erdo\u011fan, bu alanda stratejik projeleri devreye alma konusunda Azerbaycan ile tam bir uyum i\u00e7inde olduklar\u0131n\u0131 belirtti.<\/p>\n<p>T\u00fcrkiye ve Azerbaycan\u2019\u0131n, bar\u0131\u015f\u0131n, huzurun ve refah\u0131n taraf\u0131nda olduklar\u0131na dikkati \u00e7eken Erdo\u011fan, \u201cB\u00f6lgemizde sadece bar\u0131\u015f istiyoruz, i\u015fbirli\u011fi istiyoruz, hep beraber kalk\u0131nal\u0131m istiyoruz. Bu ama\u00e7la \u015fimdiye kadar bir\u00e7ok ad\u0131m att\u0131k. \u0130n\u015fallah bundan sonra da b\u00f6lgesel bar\u0131\u015fa, refaha ve huzura y\u00f6nelik her t\u00fcrl\u00fc projeyi birlikte hayata ge\u00e7irmekte kararl\u0131y\u0131z\u201d dedi.<\/p>\n<p>Cumhurba\u015fkan\u0131 Erdo\u011fan, i\u015fbirli\u011finin T\u00fcrkiye-Azerbaycan karde\u015fli\u011fini daha da g\u00fc\u00e7lendirece\u011fine inand\u0131\u011f\u0131n\u0131 belirtti. <\/p>\n<p>Erdo\u011fan, 6 \u015eubat depremleri ba\u015fta olmak \u00fczere en zor g\u00fcnlerimizde nas\u0131l can Azerbaycan\u2019\u0131 yan\u0131m\u0131zda bulduysak, biz de karde\u015flerimizin ihtiya\u00e7 duydu\u011fu her anda yanlar\u0131nda olaca\u011f\u0131z\u201d dedi.<\/p>\n<p>A\u00e7\u0131l\u0131\u015ftan sonra T\u00fcrkiye Cumhurba\u015fkan\u0131 Erdo\u011fan ve Azerbaycan Cumhurba\u015fkan\u0131 Aliyev, ba\u015f ba\u015fa g\u00f6r\u00fc\u015fmeye ge\u00e7ti.<\/p>\n<\/p><\/div>\n<p><script async\n                    defer\n                    crossorigin=\"anonymous\"\n                    src=\"https:\/\/connect.facebook.net\/tr_TR\/sdk.js#xfbml=1&#038;version=v3.3\"\n            ><\/script><\/p>\n","protected":false},"excerpt":{"rendered":"<p>I\u011fd\u0131r-Nah\u00e7\u0131van Do\u011fal Gaz Boru Hatt\u0131\u2019n\u0131 hizmete a\u00e7\u0131ld\u0131. T\u00fcrkiye Cumhurba\u015fkan\u0131 Recep Tayyip Erdo\u011fan ve Azerbaycan Cumhurba\u015fkan\u0131 \u0130lham Aliyev, Cumhurba\u015fkanl\u0131\u011f\u0131 K\u00fclliyesi\u2019nde, canl\u0131 ba\u011flant\u0131yla I\u011fd\u0131r-Nah\u00e7\u0131van Do\u011fal Gaz Boru Hatt\u0131 A\u00e7\u0131l\u0131\u015f T\u00f6reni\u2019ne kat\u0131ld\u0131. Azerbaycan Cumhurba\u015fkan\u0131 Aliyev burada yapt\u0131\u011f\u0131 konu\u015fmada, Bak\u00fc-Tiflis-Ceyhan, Bak\u00fc-Tiflis-Erzurum ve TANAP gibi petrol ve do\u011fal gaz boru hatlar\u0131 projelerinin sadece iki \u00fclkeyi birle\u015ftirmedi\u011fini ayn\u0131 zamanda Avrasya\u2019n\u0131n enerji [&hellip;]<\/p>\n","protected":false},"author":1,"featured_media":19275,"comment_status":"open","ping_status":"open","sticky":false,"template":"","format":"standard","meta":{"jnews-multi-image_gallery":[],"jnews_single_post":[],"jnews_primary_category":[],"footnotes":""},"categories":[2],"tags":[],"class_list":["post-19274","post","type-post","status-publish","format-standard","has-post-thumbnail","hentry","category-dunya"],"yoast_head":"<!-- This site is optimized with the Yoast SEO plugin v27.5 - https:\/\/yoast.com\/product\/yoast-seo-wordpress\/ -->\n<title>I\u011fd\u0131r-Nah\u00e7\u0131van do\u011fal gaz boru hatt\u0131 a\u00e7\u0131ld\u0131\u2026Erdo\u011fan: T\u00fcrkiye ve Azerbaycan bar\u0131\u015f\u0131n taraf\u0131ndad\u0131r - Haber Kuzey<\/title>\n<meta name=\"robots\" content=\"index, follow, max-snippet:-1, max-image-preview:large, max-video-preview:-1\" \/>\n<link rel=\"canonical\" href=\"https:\/\/haberkuzey.com\/index.php\/2025\/03\/05\/igdir-nahcivan-dogal-gaz-boru-hatti-acildierdogan-turkiye-ve-azerbaycan-barisin-tarafindadir\/\" \/>\n<meta property=\"og:locale\" content=\"tr_TR\" \/>\n<meta property=\"og:type\" content=\"article\" \/>\n<meta property=\"og:title\" content=\"I\u011fd\u0131r-Nah\u00e7\u0131van do\u011fal gaz boru hatt\u0131 a\u00e7\u0131ld\u0131\u2026Erdo\u011fan: T\u00fcrkiye ve Azerbaycan bar\u0131\u015f\u0131n taraf\u0131ndad\u0131r - Haber Kuzey\" \/>\n<meta property=\"og:description\" content=\"I\u011fd\u0131r-Nah\u00e7\u0131van Do\u011fal Gaz Boru Hatt\u0131\u2019n\u0131 hizmete a\u00e7\u0131ld\u0131. T\u00fcrkiye Cumhurba\u015fkan\u0131 Recep Tayyip Erdo\u011fan ve Azerbaycan Cumhurba\u015fkan\u0131 \u0130lham Aliyev, Cumhurba\u015fkanl\u0131\u011f\u0131 K\u00fclliyesi\u2019nde, canl\u0131 ba\u011flant\u0131yla I\u011fd\u0131r-Nah\u00e7\u0131van Do\u011fal Gaz Boru Hatt\u0131 A\u00e7\u0131l\u0131\u015f T\u00f6reni\u2019ne kat\u0131ld\u0131. Azerbaycan Cumhurba\u015fkan\u0131 Aliyev burada yapt\u0131\u011f\u0131 konu\u015fmada, Bak\u00fc-Tiflis-Ceyhan, Bak\u00fc-Tiflis-Erzurum ve TANAP gibi petrol ve do\u011fal gaz boru hatlar\u0131 projelerinin sadece iki \u00fclkeyi birle\u015ftirmedi\u011fini ayn\u0131 zamanda Avrasya\u2019n\u0131n enerji [&hellip;]\" \/>\n<meta property=\"og:url\" content=\"https:\/\/haberkuzey.com\/index.php\/2025\/03\/05\/igdir-nahcivan-dogal-gaz-boru-hatti-acildierdogan-turkiye-ve-azerbaycan-barisin-tarafindadir\/\" \/>\n<meta property=\"og:site_name\" content=\"Haber Kuzey\" \/>\n<meta property=\"article:published_time\" content=\"2025-03-05T18:29:21+00:00\" \/>\n<meta property=\"og:image\" content=\"https:\/\/brtk.net\/wp-content\/uploads\/2025\/03\/05\/Screenshot_20250305_204114_TRT-Haber-1.jpg?ver=c79233754955f22fc44e2d74fd9a5e99\" \/>\n<meta name=\"author\" content=\"haberkuzey\" \/>\n<meta name=\"twitter:card\" content=\"summary_large_image\" \/>\n<meta name=\"twitter:label1\" content=\"Yazan:\" \/>\n\t<meta name=\"twitter:data1\" content=\"haberkuzey\" \/>\n\t<meta name=\"twitter:label2\" content=\"Tahmini okuma s\u00fcresi\" \/>\n\t<meta name=\"twitter:data2\" content=\"2 dakika\" \/>\n<script type=\"application\/ld+json\" class=\"yoast-schema-graph\">{\"@context\":\"https:\\\/\\\/schema.org\",\"@graph\":[{\"@type\":\"Article\",\"@id\":\"https:\\\/\\\/haberkuzey.com\\\/index.php\\\/2025\\\/03\\\/05\\\/igdir-nahcivan-dogal-gaz-boru-hatti-acildierdogan-turkiye-ve-azerbaycan-barisin-tarafindadir\\\/#article\",\"isPartOf\":{\"@id\":\"https:\\\/\\\/haberkuzey.com\\\/index.php\\\/2025\\\/03\\\/05\\\/igdir-nahcivan-dogal-gaz-boru-hatti-acildierdogan-turkiye-ve-azerbaycan-barisin-tarafindadir\\\/\"},\"author\":{\"name\":\"haberkuzey\",\"@id\":\"https:\\\/\\\/haberkuzey.com\\\/#\\\/schema\\\/person\\\/3372109ec735f9333f4fa47ebb9605ca\"},\"headline\":\"I\u011fd\u0131r-Nah\u00e7\u0131van do\u011fal gaz boru hatt\u0131 a\u00e7\u0131ld\u0131\u2026Erdo\u011fan: T\u00fcrkiye ve Azerbaycan bar\u0131\u015f\u0131n taraf\u0131ndad\u0131r\",\"datePublished\":\"2025-03-05T18:29:21+00:00\",\"mainEntityOfPage\":{\"@id\":\"https:\\\/\\\/haberkuzey.com\\\/index.php\\\/2025\\\/03\\\/05\\\/igdir-nahcivan-dogal-gaz-boru-hatti-acildierdogan-turkiye-ve-azerbaycan-barisin-tarafindadir\\\/\"},\"wordCount\":441,\"commentCount\":0,\"image\":{\"@id\":\"https:\\\/\\\/haberkuzey.com\\\/index.php\\\/2025\\\/03\\\/05\\\/igdir-nahcivan-dogal-gaz-boru-hatti-acildierdogan-turkiye-ve-azerbaycan-barisin-tarafindadir\\\/#primaryimage\"},\"thumbnailUrl\":\"https:\\\/\\\/haberkuzey.com\\\/wp-content\\\/uploads\\\/2025\\\/03\\\/Screenshot_20250305_204114_TRT-Haber.jpg\",\"articleSection\":[\"D\u00fcnya\"],\"inLanguage\":\"tr\",\"potentialAction\":[{\"@type\":\"CommentAction\",\"name\":\"Comment\",\"target\":[\"https:\\\/\\\/haberkuzey.com\\\/index.php\\\/2025\\\/03\\\/05\\\/igdir-nahcivan-dogal-gaz-boru-hatti-acildierdogan-turkiye-ve-azerbaycan-barisin-tarafindadir\\\/#respond\"]}]},{\"@type\":\"WebPage\",\"@id\":\"https:\\\/\\\/haberkuzey.com\\\/index.php\\\/2025\\\/03\\\/05\\\/igdir-nahcivan-dogal-gaz-boru-hatti-acildierdogan-turkiye-ve-azerbaycan-barisin-tarafindadir\\\/\",\"url\":\"https:\\\/\\\/haberkuzey.com\\\/index.php\\\/2025\\\/03\\\/05\\\/igdir-nahcivan-dogal-gaz-boru-hatti-acildierdogan-turkiye-ve-azerbaycan-barisin-tarafindadir\\\/\",\"name\":\"I\u011fd\u0131r-Nah\u00e7\u0131van do\u011fal gaz boru hatt\u0131 a\u00e7\u0131ld\u0131\u2026Erdo\u011fan: T\u00fcrkiye ve Azerbaycan bar\u0131\u015f\u0131n taraf\u0131ndad\u0131r - Haber Kuzey\",\"isPartOf\":{\"@id\":\"https:\\\/\\\/haberkuzey.com\\\/#website\"},\"primaryImageOfPage\":{\"@id\":\"https:\\\/\\\/haberkuzey.com\\\/index.php\\\/2025\\\/03\\\/05\\\/igdir-nahcivan-dogal-gaz-boru-hatti-acildierdogan-turkiye-ve-azerbaycan-barisin-tarafindadir\\\/#primaryimage\"},\"image\":{\"@id\":\"https:\\\/\\\/haberkuzey.com\\\/index.php\\\/2025\\\/03\\\/05\\\/igdir-nahcivan-dogal-gaz-boru-hatti-acildierdogan-turkiye-ve-azerbaycan-barisin-tarafindadir\\\/#primaryimage\"},\"thumbnailUrl\":\"https:\\\/\\\/haberkuzey.com\\\/wp-content\\\/uploads\\\/2025\\\/03\\\/Screenshot_20250305_204114_TRT-Haber.jpg\",\"datePublished\":\"2025-03-05T18:29:21+00:00\",\"author\":{\"@id\":\"https:\\\/\\\/haberkuzey.com\\\/#\\\/schema\\\/person\\\/3372109ec735f9333f4fa47ebb9605ca\"},\"breadcrumb\":{\"@id\":\"https:\\\/\\\/haberkuzey.com\\\/index.php\\\/2025\\\/03\\\/05\\\/igdir-nahcivan-dogal-gaz-boru-hatti-acildierdogan-turkiye-ve-azerbaycan-barisin-tarafindadir\\\/#breadcrumb\"},\"inLanguage\":\"tr\",\"potentialAction\":[{\"@type\":\"ReadAction\",\"target\":[\"https:\\\/\\\/haberkuzey.com\\\/index.php\\\/2025\\\/03\\\/05\\\/igdir-nahcivan-dogal-gaz-boru-hatti-acildierdogan-turkiye-ve-azerbaycan-barisin-tarafindadir\\\/\"]}]},{\"@type\":\"ImageObject\",\"inLanguage\":\"tr\",\"@id\":\"https:\\\/\\\/haberkuzey.com\\\/index.php\\\/2025\\\/03\\\/05\\\/igdir-nahcivan-dogal-gaz-boru-hatti-acildierdogan-turkiye-ve-azerbaycan-barisin-tarafindadir\\\/#primaryimage\",\"url\":\"https:\\\/\\\/haberkuzey.com\\\/wp-content\\\/uploads\\\/2025\\\/03\\\/Screenshot_20250305_204114_TRT-Haber.jpg\",\"contentUrl\":\"https:\\\/\\\/haberkuzey.com\\\/wp-content\\\/uploads\\\/2025\\\/03\\\/Screenshot_20250305_204114_TRT-Haber.jpg\",\"width\":981,\"height\":554},{\"@type\":\"BreadcrumbList\",\"@id\":\"https:\\\/\\\/haberkuzey.com\\\/index.php\\\/2025\\\/03\\\/05\\\/igdir-nahcivan-dogal-gaz-boru-hatti-acildierdogan-turkiye-ve-azerbaycan-barisin-tarafindadir\\\/#breadcrumb\",\"itemListElement\":[{\"@type\":\"ListItem\",\"position\":1,\"name\":\"Anasayfa\",\"item\":\"https:\\\/\\\/haberkuzey.com\\\/\"},{\"@type\":\"ListItem\",\"position\":2,\"name\":\"I\u011fd\u0131r-Nah\u00e7\u0131van do\u011fal gaz boru hatt\u0131 a\u00e7\u0131ld\u0131\u2026Erdo\u011fan: T\u00fcrkiye ve Azerbaycan bar\u0131\u015f\u0131n taraf\u0131ndad\u0131r\"}]},{\"@type\":\"WebSite\",\"@id\":\"https:\\\/\\\/haberkuzey.com\\\/#website\",\"url\":\"https:\\\/\\\/haberkuzey.com\\\/\",\"name\":\"Haber Kuzey\",\"description\":\"Do\u011fru Haberin Adresi\",\"potentialAction\":[{\"@type\":\"SearchAction\",\"target\":{\"@type\":\"EntryPoint\",\"urlTemplate\":\"https:\\\/\\\/haberkuzey.com\\\/?s={search_term_string}\"},\"query-input\":{\"@type\":\"PropertyValueSpecification\",\"valueRequired\":true,\"valueName\":\"search_term_string\"}}],\"inLanguage\":\"tr\"},{\"@type\":\"Person\",\"@id\":\"https:\\\/\\\/haberkuzey.com\\\/#\\\/schema\\\/person\\\/3372109ec735f9333f4fa47ebb9605ca\",\"name\":\"haberkuzey\",\"image\":{\"@type\":\"ImageObject\",\"inLanguage\":\"tr\",\"@id\":\"https:\\\/\\\/secure.gravatar.com\\\/avatar\\\/f5fc875574b1575324358c3b9e6a32b8227aa5b74f3fa22e3cadb63e26fcc39c?s=96&d=mm&r=g\",\"url\":\"https:\\\/\\\/secure.gravatar.com\\\/avatar\\\/f5fc875574b1575324358c3b9e6a32b8227aa5b74f3fa22e3cadb63e26fcc39c?s=96&d=mm&r=g\",\"contentUrl\":\"https:\\\/\\\/secure.gravatar.com\\\/avatar\\\/f5fc875574b1575324358c3b9e6a32b8227aa5b74f3fa22e3cadb63e26fcc39c?s=96&d=mm&r=g\",\"caption\":\"haberkuzey\"},\"sameAs\":[\"https:\\\/\\\/haberkuzey.com\"],\"url\":\"https:\\\/\\\/haberkuzey.com\\\/index.php\\\/author\\\/haberkuzey\\\/\"}]}<\/script>\n<!-- \/ Yoast SEO plugin. -->","yoast_head_json":{"title":"I\u011fd\u0131r-Nah\u00e7\u0131van do\u011fal gaz boru hatt\u0131 a\u00e7\u0131ld\u0131\u2026Erdo\u011fan: T\u00fcrkiye ve Azerbaycan bar\u0131\u015f\u0131n taraf\u0131ndad\u0131r - Haber Kuzey","robots":{"index":"index","follow":"follow","max-snippet":"max-snippet:-1","max-image-preview":"max-image-preview:large","max-video-preview":"max-video-preview:-1"},"canonical":"https:\/\/haberkuzey.com\/index.php\/2025\/03\/05\/igdir-nahcivan-dogal-gaz-boru-hatti-acildierdogan-turkiye-ve-azerbaycan-barisin-tarafindadir\/","og_locale":"tr_TR","og_type":"article","og_title":"I\u011fd\u0131r-Nah\u00e7\u0131van do\u011fal gaz boru hatt\u0131 a\u00e7\u0131ld\u0131\u2026Erdo\u011fan: T\u00fcrkiye ve Azerbaycan bar\u0131\u015f\u0131n taraf\u0131ndad\u0131r - Haber Kuzey","og_description":"I\u011fd\u0131r-Nah\u00e7\u0131van Do\u011fal Gaz Boru Hatt\u0131\u2019n\u0131 hizmete a\u00e7\u0131ld\u0131. T\u00fcrkiye Cumhurba\u015fkan\u0131 Recep Tayyip Erdo\u011fan ve Azerbaycan Cumhurba\u015fkan\u0131 \u0130lham Aliyev, Cumhurba\u015fkanl\u0131\u011f\u0131 K\u00fclliyesi\u2019nde, canl\u0131 ba\u011flant\u0131yla I\u011fd\u0131r-Nah\u00e7\u0131van Do\u011fal Gaz Boru Hatt\u0131 A\u00e7\u0131l\u0131\u015f T\u00f6reni\u2019ne kat\u0131ld\u0131. Azerbaycan Cumhurba\u015fkan\u0131 Aliyev burada yapt\u0131\u011f\u0131 konu\u015fmada, Bak\u00fc-Tiflis-Ceyhan, Bak\u00fc-Tiflis-Erzurum ve TANAP gibi petrol ve do\u011fal gaz boru hatlar\u0131 projelerinin sadece iki \u00fclkeyi birle\u015ftirmedi\u011fini ayn\u0131 zamanda Avrasya\u2019n\u0131n enerji [&hellip;]","og_url":"https:\/\/haberkuzey.com\/index.php\/2025\/03\/05\/igdir-nahcivan-dogal-gaz-boru-hatti-acildierdogan-turkiye-ve-azerbaycan-barisin-tarafindadir\/","og_site_name":"Haber Kuzey","article_published_time":"2025-03-05T18:29:21+00:00","og_image":[{"url":"https:\/\/brtk.net\/wp-content\/uploads\/2025\/03\/05\/Screenshot_20250305_204114_TRT-Haber-1.jpg?ver=c79233754955f22fc44e2d74fd9a5e99","type":"","width":"","height":""}],"author":"haberkuzey","twitter_card":"summary_large_image","twitter_misc":{"Yazan:":"haberkuzey","Tahmini okuma s\u00fcresi":"2 dakika"},"schema":{"@context":"https:\/\/schema.org","@graph":[{"@type":"Article","@id":"https:\/\/haberkuzey.com\/index.php\/2025\/03\/05\/igdir-nahcivan-dogal-gaz-boru-hatti-acildierdogan-turkiye-ve-azerbaycan-barisin-tarafindadir\/#article","isPartOf":{"@id":"https:\/\/haberkuzey.com\/index.php\/2025\/03\/05\/igdir-nahcivan-dogal-gaz-boru-hatti-acildierdogan-turkiye-ve-azerbaycan-barisin-tarafindadir\/"},"author":{"name":"haberkuzey","@id":"https:\/\/haberkuzey.com\/#\/schema\/person\/3372109ec735f9333f4fa47ebb9605ca"},"headline":"I\u011fd\u0131r-Nah\u00e7\u0131van do\u011fal gaz boru hatt\u0131 a\u00e7\u0131ld\u0131\u2026Erdo\u011fan: T\u00fcrkiye ve Azerbaycan bar\u0131\u015f\u0131n taraf\u0131ndad\u0131r","datePublished":"2025-03-05T18:29:21+00:00","mainEntityOfPage":{"@id":"https:\/\/haberkuzey.com\/index.php\/2025\/03\/05\/igdir-nahcivan-dogal-gaz-boru-hatti-acildierdogan-turkiye-ve-azerbaycan-barisin-tarafindadir\/"},"wordCount":441,"commentCount":0,"image":{"@id":"https:\/\/haberkuzey.com\/index.php\/2025\/03\/05\/igdir-nahcivan-dogal-gaz-boru-hatti-acildierdogan-turkiye-ve-azerbaycan-barisin-tarafindadir\/#primaryimage"},"thumbnailUrl":"https:\/\/haberkuzey.com\/wp-content\/uploads\/2025\/03\/Screenshot_20250305_204114_TRT-Haber.jpg","articleSection":["D\u00fcnya"],"inLanguage":"tr","potentialAction":[{"@type":"CommentAction","name":"Comment","target":["https:\/\/haberkuzey.com\/index.php\/2025\/03\/05\/igdir-nahcivan-dogal-gaz-boru-hatti-acildierdogan-turkiye-ve-azerbaycan-barisin-tarafindadir\/#respond"]}]},{"@type":"WebPage","@id":"https:\/\/haberkuzey.com\/index.php\/2025\/03\/05\/igdir-nahcivan-dogal-gaz-boru-hatti-acildierdogan-turkiye-ve-azerbaycan-barisin-tarafindadir\/","url":"https:\/\/haberkuzey.com\/index.php\/2025\/03\/05\/igdir-nahcivan-dogal-gaz-boru-hatti-acildierdogan-turkiye-ve-azerbaycan-barisin-tarafindadir\/","name":"I\u011fd\u0131r-Nah\u00e7\u0131van do\u011fal gaz boru hatt\u0131 a\u00e7\u0131ld\u0131\u2026Erdo\u011fan: T\u00fcrkiye ve Azerbaycan bar\u0131\u015f\u0131n taraf\u0131ndad\u0131r - Haber Kuzey","isPartOf":{"@id":"https:\/\/haberkuzey.com\/#website"},"primaryImageOfPage":{"@id":"https:\/\/haberkuzey.com\/index.php\/2025\/03\/05\/igdir-nahcivan-dogal-gaz-boru-hatti-acildierdogan-turkiye-ve-azerbaycan-barisin-tarafindadir\/#primaryimage"},"image":{"@id":"https:\/\/haberkuzey.com\/index.php\/2025\/03\/05\/igdir-nahcivan-dogal-gaz-boru-hatti-acildierdogan-turkiye-ve-azerbaycan-barisin-tarafindadir\/#primaryimage"},"thumbnailUrl":"https:\/\/haberkuzey.com\/wp-content\/uploads\/2025\/03\/Screenshot_20250305_204114_TRT-Haber.jpg","datePublished":"2025-03-05T18:29:21+00:00","author":{"@id":"https:\/\/haberkuzey.com\/#\/schema\/person\/3372109ec735f9333f4fa47ebb9605ca"},"breadcrumb":{"@id":"https:\/\/haberkuzey.com\/index.php\/2025\/03\/05\/igdir-nahcivan-dogal-gaz-boru-hatti-acildierdogan-turkiye-ve-azerbaycan-barisin-tarafindadir\/#breadcrumb"},"inLanguage":"tr","potentialAction":[{"@type":"ReadAction","target":["https:\/\/haberkuzey.com\/index.php\/2025\/03\/05\/igdir-nahcivan-dogal-gaz-boru-hatti-acildierdogan-turkiye-ve-azerbaycan-barisin-tarafindadir\/"]}]},{"@type":"ImageObject","inLanguage":"tr","@id":"https:\/\/haberkuzey.com\/index.php\/2025\/03\/05\/igdir-nahcivan-dogal-gaz-boru-hatti-acildierdogan-turkiye-ve-azerbaycan-barisin-tarafindadir\/#primaryimage","url":"https:\/\/haberkuzey.com\/wp-content\/uploads\/2025\/03\/Screenshot_20250305_204114_TRT-Haber.jpg","contentUrl":"https:\/\/haberkuzey.com\/wp-content\/uploads\/2025\/03\/Screenshot_20250305_204114_TRT-Haber.jpg","width":981,"height":554},{"@type":"BreadcrumbList","@id":"https:\/\/haberkuzey.com\/index.php\/2025\/03\/05\/igdir-nahcivan-dogal-gaz-boru-hatti-acildierdogan-turkiye-ve-azerbaycan-barisin-tarafindadir\/#breadcrumb","itemListElement":[{"@type":"ListItem","position":1,"name":"Anasayfa","item":"https:\/\/haberkuzey.com\/"},{"@type":"ListItem","position":2,"name":"I\u011fd\u0131r-Nah\u00e7\u0131van do\u011fal gaz boru hatt\u0131 a\u00e7\u0131ld\u0131\u2026Erdo\u011fan: T\u00fcrkiye ve Azerbaycan bar\u0131\u015f\u0131n taraf\u0131ndad\u0131r"}]},{"@type":"WebSite","@id":"https:\/\/haberkuzey.com\/#website","url":"https:\/\/haberkuzey.com\/","name":"Haber Kuzey","description":"Do\u011fru Haberin Adresi","potentialAction":[{"@type":"SearchAction","target":{"@type":"EntryPoint","urlTemplate":"https:\/\/haberkuzey.com\/?s={search_term_string}"},"query-input":{"@type":"PropertyValueSpecification","valueRequired":true,"valueName":"search_term_string"}}],"inLanguage":"tr"},{"@type":"Person","@id":"https:\/\/haberkuzey.com\/#\/schema\/person\/3372109ec735f9333f4fa47ebb9605ca","name":"haberkuzey","image":{"@type":"ImageObject","inLanguage":"tr","@id":"https:\/\/secure.gravatar.com\/avatar\/f5fc875574b1575324358c3b9e6a32b8227aa5b74f3fa22e3cadb63e26fcc39c?s=96&d=mm&r=g","url":"https:\/\/secure.gravatar.com\/avatar\/f5fc875574b1575324358c3b9e6a32b8227aa5b74f3fa22e3cadb63e26fcc39c?s=96&d=mm&r=g","contentUrl":"https:\/\/secure.gravatar.com\/avatar\/f5fc875574b1575324358c3b9e6a32b8227aa5b74f3fa22e3cadb63e26fcc39c?s=96&d=mm&r=g","caption":"haberkuzey"},"sameAs":["https:\/\/haberkuzey.com"],"url":"https:\/\/haberkuzey.com\/index.php\/author\/haberkuzey\/"}]}},"_links":{"self":[{"href":"https:\/\/haberkuzey.com\/index.php\/wp-json\/wp\/v2\/posts\/19274","targetHints":{"allow":["GET"]}}],"collection":[{"href":"https:\/\/haberkuzey.com\/index.php\/wp-json\/wp\/v2\/posts"}],"about":[{"href":"https:\/\/haberkuzey.com\/index.php\/wp-json\/wp\/v2\/types\/post"}],"author":[{"embeddable":true,"href":"https:\/\/haberkuzey.com\/index.php\/wp-json\/wp\/v2\/users\/1"}],"replies":[{"embeddable":true,"href":"https:\/\/haberkuzey.com\/index.php\/wp-json\/wp\/v2\/comments?post=19274"}],"version-history":[{"count":0,"href":"https:\/\/haberkuzey.com\/index.php\/wp-json\/wp\/v2\/posts\/19274\/revisions"}],"wp:featuredmedia":[{"embeddable":true,"href":"https:\/\/haberkuzey.com\/index.php\/wp-json\/wp\/v2\/media\/19275"}],"wp:attachment":[{"href":"https:\/\/haberkuzey.com\/index.php\/wp-json\/wp\/v2\/media?parent=19274"}],"wp:term":[{"taxonomy":"category","embeddable":true,"href":"https:\/\/haberkuzey.com\/index.php\/wp-json\/wp\/v2\/categories?post=19274"},{"taxonomy":"post_tag","embeddable":true,"href":"https:\/\/haberkuzey.com\/index.php\/wp-json\/wp\/v2\/tags?post=19274"}],"curies":[{"name":"wp","href":"https:\/\/api.w.org\/{rel}","templated":true}]}}