{"id":1924,"date":"2024-05-10T03:07:53","date_gmt":"2024-05-10T00:07:53","guid":{"rendered":"https:\/\/haberkuzey.com\/index.php\/2024\/05\/10\/tiktoktan-yapay-zeka-adimi-yapay-zekayla-uretilmis-icerikler-etiketlenecek\/"},"modified":"2024-05-10T03:07:53","modified_gmt":"2024-05-10T00:07:53","slug":"tiktoktan-yapay-zeka-adimi-yapay-zekayla-uretilmis-icerikler-etiketlenecek","status":"publish","type":"post","link":"https:\/\/haberkuzey.com\/index.php\/2024\/05\/10\/tiktoktan-yapay-zeka-adimi-yapay-zekayla-uretilmis-icerikler-etiketlenecek\/","title":{"rendered":"TikTok&#039;tan yapay zeka ad\u0131m\u0131: Yapay zekayla \u00fcretilmi\u015f i\u00e7erikler etiketlenecek"},"content":{"rendered":"<p><\/p>\n<div>\n<p>&#13;<br \/>\n\tTikTok&#8217;tan yap\u0131lan yaz\u0131l\u0131 a\u00e7\u0131klamada, dijital i\u00e7eri\u011fin yapay zekayla \u00fcretildi\u011finin fark\u0131nda olmayan kullan\u0131c\u0131lar\u0131n yanl\u0131\u015f y\u00f6nlendirilmesini \u00f6nlemek amac\u0131yla, uygulaman\u0131n kendi b\u00fcnyesinde kullan\u0131ma sundu\u011fu filtrelerdeki gibi platforma y\u00fcklenen i\u00e7eri\u011fin de etiketlenece\u011fi bildirildi.<\/p>\n<p>&#13;<br \/>\n\tA\u00e7\u0131klamada, platforma y\u00fcklenen foto\u011fraf ve video i\u00e7eri\u011fine <a href=\"https:\/\/www.trthaber.com\/etiket\/meta\/\" target=\"_blank\" rel=\"noopener\">meta<\/a> veri ili\u015ftirilerek yapay zekayla \u00fcretildi\u011fi saptanan i\u00e7eriklerin etiketlenece\u011fi ve gelecekte ses dosyalar\u0131n\u0131n da bu ama\u00e7la taranaca\u011f\u0131 kaydedildi.<\/p>\n<p>&#13;<br \/>\n\tB\u00f6ylelikle TikTok&#8217;un <a href=\"https:\/\/www.trthaber.com\/etiket\/yapay-zeka\/\" target=\"_blank\" rel=\"noopener\">yapay zeka<\/a> i\u00e7eri\u011fini etiketleyen ilk video payla\u015f\u0131m platformu oldu\u011fu vurgulanan a\u00e7\u0131klamada, Adobe, Arm, Intel, <a href=\"https:\/\/www.trthaber.com\/etiket\/microsoft\/\" target=\"_blank\" rel=\"noopener\">Microsoft<\/a> ve Truepic firmalar\u0131n\u0131n i\u015fbirli\u011fiyle olu\u015fturulan \u0130\u00e7erik Kan\u0131tlama ve Orijinallik Koalisyonunun (C2PA) &#8220;i\u00e7erik <a href=\"https:\/\/www.trthaber.com\/etiket\/kimlik\/\" target=\"_blank\" rel=\"noopener\">kimlik<\/a> bilgileri&#8221; teknolojisini kullanaca\u011f\u0131 belirtildi.<\/p>\n<p>&#13;<br \/>\n\t&#8220;Yapay Zeka Alan\u0131nda Ortakl\u0131k (PAI)&#8221; adl\u0131 sivil toplum kurulu\u015funun Yapay Zeka ve <a href=\"https:\/\/www.trthaber.com\/etiket\/medya\/\" target=\"_blank\" rel=\"noopener\">Medya<\/a> Entegrasyonu Ba\u015fkan\u0131 Claire Leibowicz, filigran tekniklerine k\u0131yasla &#8220;i\u00e7erik kimlik bilgileri&#8221; teknolojisinin \u015feffafl\u0131\u011fa daha \u00e7ok katk\u0131 sa\u011flad\u0131\u011f\u0131 de\u011ferlendirmesinde bulundu.<\/p>\n<p>&#13;<br \/>\n\t<a href=\"https:\/\/www.trthaber.com\/etiket\/tiktok\/\" target=\"_blank\" rel=\"noopener\">TikTok<\/a> uygulama kullan\u0131m ko\u015fullar\u0131, bir y\u0131l\u0131 a\u015fk\u0131n s\u00fcredir kullan\u0131c\u0131lar\u0131n\u0131n platforma y\u00fckledi\u011fi ger\u00e7ek\u00e7i yapay zeka i\u00e7eriklerinin etiketlenmesini gerektiriyordu.<\/p>\n<p>&#13;<br \/>\n\tGe\u00e7en y\u0131l yap\u0131lan a\u00e7\u0131klamalarda Meta, yapay zeka ara\u00e7lar\u0131 taraf\u0131ndan \u00fcretilen g\u00f6rsellerin, gelecekteki s\u00fcr\u00fcmlerde ise video ve seslerin tan\u0131mlanmas\u0131n\u0131 kolayla\u015ft\u0131racak teknik standartlar\u0131n belirlenmesi i\u00e7in sekt\u00f6r ortaklar\u0131yla \u00e7al\u0131\u015ft\u0131\u011f\u0131n\u0131, <a href=\"https:\/\/www.trthaber.com\/etiket\/google\/\" target=\"_blank\" rel=\"noopener\">Google<\/a> da <a href=\"https:\/\/www.trthaber.com\/etiket\/youtube\/\" target=\"_blank\" rel=\"noopener\">YouTube<\/a> ve di\u011fer platformlar\u0131na yapay zeka etiketlerinin eklenece\u011fini duyurmu\u015ftu.<\/p>\n<\/p><\/div>\n","protected":false},"excerpt":{"rendered":"<p>&#13; TikTok&#8217;tan yap\u0131lan yaz\u0131l\u0131 a\u00e7\u0131klamada, dijital i\u00e7eri\u011fin yapay zekayla \u00fcretildi\u011finin fark\u0131nda olmayan kullan\u0131c\u0131lar\u0131n yanl\u0131\u015f y\u00f6nlendirilmesini \u00f6nlemek amac\u0131yla, uygulaman\u0131n kendi b\u00fcnyesinde kullan\u0131ma sundu\u011fu filtrelerdeki gibi platforma y\u00fcklenen i\u00e7eri\u011fin de etiketlenece\u011fi bildirildi. &#13; A\u00e7\u0131klamada, platforma y\u00fcklenen foto\u011fraf ve video i\u00e7eri\u011fine meta veri ili\u015ftirilerek yapay zekayla \u00fcretildi\u011fi saptanan i\u00e7eriklerin etiketlenece\u011fi ve gelecekte ses dosyalar\u0131n\u0131n da bu ama\u00e7la taranaca\u011f\u0131 [&hellip;]<\/p>\n","protected":false},"author":1,"featured_media":1925,"comment_status":"open","ping_status":"open","sticky":false,"template":"","format":"standard","meta":{"jnews-multi-image_gallery":[],"jnews_single_post":[],"jnews_primary_category":[],"footnotes":""},"categories":[],"tags":[],"class_list":["post-1924","post","type-post","status-publish","format-standard","has-post-thumbnail","hentry"],"yoast_head":"<!-- This site is optimized with the Yoast SEO plugin v27.5 - https:\/\/yoast.com\/product\/yoast-seo-wordpress\/ -->\n<title>TikTok&#039;tan yapay zeka ad\u0131m\u0131: Yapay zekayla \u00fcretilmi\u015f i\u00e7erikler etiketlenecek - Haber Kuzey<\/title>\n<meta name=\"robots\" content=\"index, follow, max-snippet:-1, max-image-preview:large, max-video-preview:-1\" \/>\n<link rel=\"canonical\" href=\"https:\/\/haberkuzey.com\/index.php\/2024\/05\/10\/tiktoktan-yapay-zeka-adimi-yapay-zekayla-uretilmis-icerikler-etiketlenecek\/\" \/>\n<meta property=\"og:locale\" content=\"tr_TR\" \/>\n<meta property=\"og:type\" content=\"article\" \/>\n<meta property=\"og:title\" content=\"TikTok&#039;tan yapay zeka ad\u0131m\u0131: Yapay zekayla \u00fcretilmi\u015f i\u00e7erikler etiketlenecek - Haber Kuzey\" \/>\n<meta property=\"og:description\" content=\"&#013; TikTok&#8217;tan yap\u0131lan yaz\u0131l\u0131 a\u00e7\u0131klamada, dijital i\u00e7eri\u011fin yapay zekayla \u00fcretildi\u011finin fark\u0131nda olmayan kullan\u0131c\u0131lar\u0131n yanl\u0131\u015f y\u00f6nlendirilmesini \u00f6nlemek amac\u0131yla, uygulaman\u0131n kendi b\u00fcnyesinde kullan\u0131ma sundu\u011fu filtrelerdeki gibi platforma y\u00fcklenen i\u00e7eri\u011fin de etiketlenece\u011fi bildirildi. &#013; A\u00e7\u0131klamada, platforma y\u00fcklenen foto\u011fraf ve video i\u00e7eri\u011fine meta veri ili\u015ftirilerek yapay zekayla \u00fcretildi\u011fi saptanan i\u00e7eriklerin etiketlenece\u011fi ve gelecekte ses dosyalar\u0131n\u0131n da bu ama\u00e7la taranaca\u011f\u0131 [&hellip;]\" \/>\n<meta property=\"og:url\" content=\"https:\/\/haberkuzey.com\/index.php\/2024\/05\/10\/tiktoktan-yapay-zeka-adimi-yapay-zekayla-uretilmis-icerikler-etiketlenecek\/\" \/>\n<meta property=\"og:site_name\" content=\"Haber Kuzey\" \/>\n<meta property=\"article:published_time\" content=\"2024-05-10T00:07:53+00:00\" \/>\n<meta property=\"og:image\" content=\"https:\/\/trthaberstatic.cdn.wp.trt.com.tr\/resimler\/2006000\/tiktok-ap-2007148.jpg\" \/>\n<meta name=\"author\" content=\"haberkuzey\" \/>\n<meta name=\"twitter:card\" content=\"summary_large_image\" \/>\n<meta name=\"twitter:label1\" content=\"Yazan:\" \/>\n\t<meta name=\"twitter:data1\" content=\"haberkuzey\" \/>\n\t<meta name=\"twitter:label2\" content=\"Tahmini okuma s\u00fcresi\" \/>\n\t<meta name=\"twitter:data2\" content=\"1 dakika\" \/>\n<script type=\"application\/ld+json\" class=\"yoast-schema-graph\">{\"@context\":\"https:\\\/\\\/schema.org\",\"@graph\":[{\"@type\":\"Article\",\"@id\":\"https:\\\/\\\/haberkuzey.com\\\/index.php\\\/2024\\\/05\\\/10\\\/tiktoktan-yapay-zeka-adimi-yapay-zekayla-uretilmis-icerikler-etiketlenecek\\\/#article\",\"isPartOf\":{\"@id\":\"https:\\\/\\\/haberkuzey.com\\\/index.php\\\/2024\\\/05\\\/10\\\/tiktoktan-yapay-zeka-adimi-yapay-zekayla-uretilmis-icerikler-etiketlenecek\\\/\"},\"author\":{\"name\":\"haberkuzey\",\"@id\":\"https:\\\/\\\/haberkuzey.com\\\/#\\\/schema\\\/person\\\/3372109ec735f9333f4fa47ebb9605ca\"},\"headline\":\"TikTok&#039;tan yapay zeka ad\u0131m\u0131: Yapay zekayla \u00fcretilmi\u015f i\u00e7erikler etiketlenecek\",\"datePublished\":\"2024-05-10T00:07:53+00:00\",\"mainEntityOfPage\":{\"@id\":\"https:\\\/\\\/haberkuzey.com\\\/index.php\\\/2024\\\/05\\\/10\\\/tiktoktan-yapay-zeka-adimi-yapay-zekayla-uretilmis-icerikler-etiketlenecek\\\/\"},\"wordCount\":280,\"commentCount\":0,\"image\":{\"@id\":\"https:\\\/\\\/haberkuzey.com\\\/index.php\\\/2024\\\/05\\\/10\\\/tiktoktan-yapay-zeka-adimi-yapay-zekayla-uretilmis-icerikler-etiketlenecek\\\/#primaryimage\"},\"thumbnailUrl\":\"https:\\\/\\\/haberkuzey.com\\\/wp-content\\\/uploads\\\/2024\\\/05\\\/tiktok-ap-2007148.jpg\",\"inLanguage\":\"tr\",\"potentialAction\":[{\"@type\":\"CommentAction\",\"name\":\"Comment\",\"target\":[\"https:\\\/\\\/haberkuzey.com\\\/index.php\\\/2024\\\/05\\\/10\\\/tiktoktan-yapay-zeka-adimi-yapay-zekayla-uretilmis-icerikler-etiketlenecek\\\/#respond\"]}]},{\"@type\":\"WebPage\",\"@id\":\"https:\\\/\\\/haberkuzey.com\\\/index.php\\\/2024\\\/05\\\/10\\\/tiktoktan-yapay-zeka-adimi-yapay-zekayla-uretilmis-icerikler-etiketlenecek\\\/\",\"url\":\"https:\\\/\\\/haberkuzey.com\\\/index.php\\\/2024\\\/05\\\/10\\\/tiktoktan-yapay-zeka-adimi-yapay-zekayla-uretilmis-icerikler-etiketlenecek\\\/\",\"name\":\"TikTok&#039;tan yapay zeka ad\u0131m\u0131: Yapay zekayla \u00fcretilmi\u015f i\u00e7erikler etiketlenecek - Haber Kuzey\",\"isPartOf\":{\"@id\":\"https:\\\/\\\/haberkuzey.com\\\/#website\"},\"primaryImageOfPage\":{\"@id\":\"https:\\\/\\\/haberkuzey.com\\\/index.php\\\/2024\\\/05\\\/10\\\/tiktoktan-yapay-zeka-adimi-yapay-zekayla-uretilmis-icerikler-etiketlenecek\\\/#primaryimage\"},\"image\":{\"@id\":\"https:\\\/\\\/haberkuzey.com\\\/index.php\\\/2024\\\/05\\\/10\\\/tiktoktan-yapay-zeka-adimi-yapay-zekayla-uretilmis-icerikler-etiketlenecek\\\/#primaryimage\"},\"thumbnailUrl\":\"https:\\\/\\\/haberkuzey.com\\\/wp-content\\\/uploads\\\/2024\\\/05\\\/tiktok-ap-2007148.jpg\",\"datePublished\":\"2024-05-10T00:07:53+00:00\",\"author\":{\"@id\":\"https:\\\/\\\/haberkuzey.com\\\/#\\\/schema\\\/person\\\/3372109ec735f9333f4fa47ebb9605ca\"},\"breadcrumb\":{\"@id\":\"https:\\\/\\\/haberkuzey.com\\\/index.php\\\/2024\\\/05\\\/10\\\/tiktoktan-yapay-zeka-adimi-yapay-zekayla-uretilmis-icerikler-etiketlenecek\\\/#breadcrumb\"},\"inLanguage\":\"tr\",\"potentialAction\":[{\"@type\":\"ReadAction\",\"target\":[\"https:\\\/\\\/haberkuzey.com\\\/index.php\\\/2024\\\/05\\\/10\\\/tiktoktan-yapay-zeka-adimi-yapay-zekayla-uretilmis-icerikler-etiketlenecek\\\/\"]}]},{\"@type\":\"ImageObject\",\"inLanguage\":\"tr\",\"@id\":\"https:\\\/\\\/haberkuzey.com\\\/index.php\\\/2024\\\/05\\\/10\\\/tiktoktan-yapay-zeka-adimi-yapay-zekayla-uretilmis-icerikler-etiketlenecek\\\/#primaryimage\",\"url\":\"https:\\\/\\\/haberkuzey.com\\\/wp-content\\\/uploads\\\/2024\\\/05\\\/tiktok-ap-2007148.jpg\",\"contentUrl\":\"https:\\\/\\\/haberkuzey.com\\\/wp-content\\\/uploads\\\/2024\\\/05\\\/tiktok-ap-2007148.jpg\",\"width\":1280,\"height\":720},{\"@type\":\"BreadcrumbList\",\"@id\":\"https:\\\/\\\/haberkuzey.com\\\/index.php\\\/2024\\\/05\\\/10\\\/tiktoktan-yapay-zeka-adimi-yapay-zekayla-uretilmis-icerikler-etiketlenecek\\\/#breadcrumb\",\"itemListElement\":[{\"@type\":\"ListItem\",\"position\":1,\"name\":\"Anasayfa\",\"item\":\"https:\\\/\\\/haberkuzey.com\\\/\"},{\"@type\":\"ListItem\",\"position\":2,\"name\":\"TikTok&#039;tan yapay zeka ad\u0131m\u0131: Yapay zekayla \u00fcretilmi\u015f i\u00e7erikler etiketlenecek\"}]},{\"@type\":\"WebSite\",\"@id\":\"https:\\\/\\\/haberkuzey.com\\\/#website\",\"url\":\"https:\\\/\\\/haberkuzey.com\\\/\",\"name\":\"Haber Kuzey\",\"description\":\"Do\u011fru Haberin Adresi\",\"potentialAction\":[{\"@type\":\"SearchAction\",\"target\":{\"@type\":\"EntryPoint\",\"urlTemplate\":\"https:\\\/\\\/haberkuzey.com\\\/?s={search_term_string}\"},\"query-input\":{\"@type\":\"PropertyValueSpecification\",\"valueRequired\":true,\"valueName\":\"search_term_string\"}}],\"inLanguage\":\"tr\"},{\"@type\":\"Person\",\"@id\":\"https:\\\/\\\/haberkuzey.com\\\/#\\\/schema\\\/person\\\/3372109ec735f9333f4fa47ebb9605ca\",\"name\":\"haberkuzey\",\"image\":{\"@type\":\"ImageObject\",\"inLanguage\":\"tr\",\"@id\":\"https:\\\/\\\/secure.gravatar.com\\\/avatar\\\/f5fc875574b1575324358c3b9e6a32b8227aa5b74f3fa22e3cadb63e26fcc39c?s=96&d=mm&r=g\",\"url\":\"https:\\\/\\\/secure.gravatar.com\\\/avatar\\\/f5fc875574b1575324358c3b9e6a32b8227aa5b74f3fa22e3cadb63e26fcc39c?s=96&d=mm&r=g\",\"contentUrl\":\"https:\\\/\\\/secure.gravatar.com\\\/avatar\\\/f5fc875574b1575324358c3b9e6a32b8227aa5b74f3fa22e3cadb63e26fcc39c?s=96&d=mm&r=g\",\"caption\":\"haberkuzey\"},\"sameAs\":[\"https:\\\/\\\/haberkuzey.com\"],\"url\":\"https:\\\/\\\/haberkuzey.com\\\/index.php\\\/author\\\/haberkuzey\\\/\"}]}<\/script>\n<!-- \/ Yoast SEO plugin. -->","yoast_head_json":{"title":"TikTok&#039;tan yapay zeka ad\u0131m\u0131: Yapay zekayla \u00fcretilmi\u015f i\u00e7erikler etiketlenecek - Haber Kuzey","robots":{"index":"index","follow":"follow","max-snippet":"max-snippet:-1","max-image-preview":"max-image-preview:large","max-video-preview":"max-video-preview:-1"},"canonical":"https:\/\/haberkuzey.com\/index.php\/2024\/05\/10\/tiktoktan-yapay-zeka-adimi-yapay-zekayla-uretilmis-icerikler-etiketlenecek\/","og_locale":"tr_TR","og_type":"article","og_title":"TikTok&#039;tan yapay zeka ad\u0131m\u0131: Yapay zekayla \u00fcretilmi\u015f i\u00e7erikler etiketlenecek - Haber Kuzey","og_description":"&#13; TikTok&#8217;tan yap\u0131lan yaz\u0131l\u0131 a\u00e7\u0131klamada, dijital i\u00e7eri\u011fin yapay zekayla \u00fcretildi\u011finin fark\u0131nda olmayan kullan\u0131c\u0131lar\u0131n yanl\u0131\u015f y\u00f6nlendirilmesini \u00f6nlemek amac\u0131yla, uygulaman\u0131n kendi b\u00fcnyesinde kullan\u0131ma sundu\u011fu filtrelerdeki gibi platforma y\u00fcklenen i\u00e7eri\u011fin de etiketlenece\u011fi bildirildi. &#13; A\u00e7\u0131klamada, platforma y\u00fcklenen foto\u011fraf ve video i\u00e7eri\u011fine meta veri ili\u015ftirilerek yapay zekayla \u00fcretildi\u011fi saptanan i\u00e7eriklerin etiketlenece\u011fi ve gelecekte ses dosyalar\u0131n\u0131n da bu ama\u00e7la taranaca\u011f\u0131 [&hellip;]","og_url":"https:\/\/haberkuzey.com\/index.php\/2024\/05\/10\/tiktoktan-yapay-zeka-adimi-yapay-zekayla-uretilmis-icerikler-etiketlenecek\/","og_site_name":"Haber Kuzey","article_published_time":"2024-05-10T00:07:53+00:00","og_image":[{"url":"https:\/\/trthaberstatic.cdn.wp.trt.com.tr\/resimler\/2006000\/tiktok-ap-2007148.jpg","type":"","width":"","height":""}],"author":"haberkuzey","twitter_card":"summary_large_image","twitter_misc":{"Yazan:":"haberkuzey","Tahmini okuma s\u00fcresi":"1 dakika"},"schema":{"@context":"https:\/\/schema.org","@graph":[{"@type":"Article","@id":"https:\/\/haberkuzey.com\/index.php\/2024\/05\/10\/tiktoktan-yapay-zeka-adimi-yapay-zekayla-uretilmis-icerikler-etiketlenecek\/#article","isPartOf":{"@id":"https:\/\/haberkuzey.com\/index.php\/2024\/05\/10\/tiktoktan-yapay-zeka-adimi-yapay-zekayla-uretilmis-icerikler-etiketlenecek\/"},"author":{"name":"haberkuzey","@id":"https:\/\/haberkuzey.com\/#\/schema\/person\/3372109ec735f9333f4fa47ebb9605ca"},"headline":"TikTok&#039;tan yapay zeka ad\u0131m\u0131: Yapay zekayla \u00fcretilmi\u015f i\u00e7erikler etiketlenecek","datePublished":"2024-05-10T00:07:53+00:00","mainEntityOfPage":{"@id":"https:\/\/haberkuzey.com\/index.php\/2024\/05\/10\/tiktoktan-yapay-zeka-adimi-yapay-zekayla-uretilmis-icerikler-etiketlenecek\/"},"wordCount":280,"commentCount":0,"image":{"@id":"https:\/\/haberkuzey.com\/index.php\/2024\/05\/10\/tiktoktan-yapay-zeka-adimi-yapay-zekayla-uretilmis-icerikler-etiketlenecek\/#primaryimage"},"thumbnailUrl":"https:\/\/haberkuzey.com\/wp-content\/uploads\/2024\/05\/tiktok-ap-2007148.jpg","inLanguage":"tr","potentialAction":[{"@type":"CommentAction","name":"Comment","target":["https:\/\/haberkuzey.com\/index.php\/2024\/05\/10\/tiktoktan-yapay-zeka-adimi-yapay-zekayla-uretilmis-icerikler-etiketlenecek\/#respond"]}]},{"@type":"WebPage","@id":"https:\/\/haberkuzey.com\/index.php\/2024\/05\/10\/tiktoktan-yapay-zeka-adimi-yapay-zekayla-uretilmis-icerikler-etiketlenecek\/","url":"https:\/\/haberkuzey.com\/index.php\/2024\/05\/10\/tiktoktan-yapay-zeka-adimi-yapay-zekayla-uretilmis-icerikler-etiketlenecek\/","name":"TikTok&#039;tan yapay zeka ad\u0131m\u0131: Yapay zekayla \u00fcretilmi\u015f i\u00e7erikler etiketlenecek - Haber Kuzey","isPartOf":{"@id":"https:\/\/haberkuzey.com\/#website"},"primaryImageOfPage":{"@id":"https:\/\/haberkuzey.com\/index.php\/2024\/05\/10\/tiktoktan-yapay-zeka-adimi-yapay-zekayla-uretilmis-icerikler-etiketlenecek\/#primaryimage"},"image":{"@id":"https:\/\/haberkuzey.com\/index.php\/2024\/05\/10\/tiktoktan-yapay-zeka-adimi-yapay-zekayla-uretilmis-icerikler-etiketlenecek\/#primaryimage"},"thumbnailUrl":"https:\/\/haberkuzey.com\/wp-content\/uploads\/2024\/05\/tiktok-ap-2007148.jpg","datePublished":"2024-05-10T00:07:53+00:00","author":{"@id":"https:\/\/haberkuzey.com\/#\/schema\/person\/3372109ec735f9333f4fa47ebb9605ca"},"breadcrumb":{"@id":"https:\/\/haberkuzey.com\/index.php\/2024\/05\/10\/tiktoktan-yapay-zeka-adimi-yapay-zekayla-uretilmis-icerikler-etiketlenecek\/#breadcrumb"},"inLanguage":"tr","potentialAction":[{"@type":"ReadAction","target":["https:\/\/haberkuzey.com\/index.php\/2024\/05\/10\/tiktoktan-yapay-zeka-adimi-yapay-zekayla-uretilmis-icerikler-etiketlenecek\/"]}]},{"@type":"ImageObject","inLanguage":"tr","@id":"https:\/\/haberkuzey.com\/index.php\/2024\/05\/10\/tiktoktan-yapay-zeka-adimi-yapay-zekayla-uretilmis-icerikler-etiketlenecek\/#primaryimage","url":"https:\/\/haberkuzey.com\/wp-content\/uploads\/2024\/05\/tiktok-ap-2007148.jpg","contentUrl":"https:\/\/haberkuzey.com\/wp-content\/uploads\/2024\/05\/tiktok-ap-2007148.jpg","width":1280,"height":720},{"@type":"BreadcrumbList","@id":"https:\/\/haberkuzey.com\/index.php\/2024\/05\/10\/tiktoktan-yapay-zeka-adimi-yapay-zekayla-uretilmis-icerikler-etiketlenecek\/#breadcrumb","itemListElement":[{"@type":"ListItem","position":1,"name":"Anasayfa","item":"https:\/\/haberkuzey.com\/"},{"@type":"ListItem","position":2,"name":"TikTok&#039;tan yapay zeka ad\u0131m\u0131: Yapay zekayla \u00fcretilmi\u015f i\u00e7erikler etiketlenecek"}]},{"@type":"WebSite","@id":"https:\/\/haberkuzey.com\/#website","url":"https:\/\/haberkuzey.com\/","name":"Haber Kuzey","description":"Do\u011fru Haberin Adresi","potentialAction":[{"@type":"SearchAction","target":{"@type":"EntryPoint","urlTemplate":"https:\/\/haberkuzey.com\/?s={search_term_string}"},"query-input":{"@type":"PropertyValueSpecification","valueRequired":true,"valueName":"search_term_string"}}],"inLanguage":"tr"},{"@type":"Person","@id":"https:\/\/haberkuzey.com\/#\/schema\/person\/3372109ec735f9333f4fa47ebb9605ca","name":"haberkuzey","image":{"@type":"ImageObject","inLanguage":"tr","@id":"https:\/\/secure.gravatar.com\/avatar\/f5fc875574b1575324358c3b9e6a32b8227aa5b74f3fa22e3cadb63e26fcc39c?s=96&d=mm&r=g","url":"https:\/\/secure.gravatar.com\/avatar\/f5fc875574b1575324358c3b9e6a32b8227aa5b74f3fa22e3cadb63e26fcc39c?s=96&d=mm&r=g","contentUrl":"https:\/\/secure.gravatar.com\/avatar\/f5fc875574b1575324358c3b9e6a32b8227aa5b74f3fa22e3cadb63e26fcc39c?s=96&d=mm&r=g","caption":"haberkuzey"},"sameAs":["https:\/\/haberkuzey.com"],"url":"https:\/\/haberkuzey.com\/index.php\/author\/haberkuzey\/"}]}},"_links":{"self":[{"href":"https:\/\/haberkuzey.com\/index.php\/wp-json\/wp\/v2\/posts\/1924","targetHints":{"allow":["GET"]}}],"collection":[{"href":"https:\/\/haberkuzey.com\/index.php\/wp-json\/wp\/v2\/posts"}],"about":[{"href":"https:\/\/haberkuzey.com\/index.php\/wp-json\/wp\/v2\/types\/post"}],"author":[{"embeddable":true,"href":"https:\/\/haberkuzey.com\/index.php\/wp-json\/wp\/v2\/users\/1"}],"replies":[{"embeddable":true,"href":"https:\/\/haberkuzey.com\/index.php\/wp-json\/wp\/v2\/comments?post=1924"}],"version-history":[{"count":0,"href":"https:\/\/haberkuzey.com\/index.php\/wp-json\/wp\/v2\/posts\/1924\/revisions"}],"wp:featuredmedia":[{"embeddable":true,"href":"https:\/\/haberkuzey.com\/index.php\/wp-json\/wp\/v2\/media\/1925"}],"wp:attachment":[{"href":"https:\/\/haberkuzey.com\/index.php\/wp-json\/wp\/v2\/media?parent=1924"}],"wp:term":[{"taxonomy":"category","embeddable":true,"href":"https:\/\/haberkuzey.com\/index.php\/wp-json\/wp\/v2\/categories?post=1924"},{"taxonomy":"post_tag","embeddable":true,"href":"https:\/\/haberkuzey.com\/index.php\/wp-json\/wp\/v2\/tags?post=1924"}],"curies":[{"name":"wp","href":"https:\/\/api.w.org\/{rel}","templated":true}]}}